{"id":105315,"date":"2017-05-23T04:00:58","date_gmt":"2017-05-23T02:00:58","guid":{"rendered":"http:\/\/vincentiens.org\/?p=105315"},"modified":"2017-05-23T04:00:58","modified_gmt":"2017-05-23T02:00:58","slug":"louise-de-marillac-lettre-0037-a-monsieur-labbe-de-vaux","status":"publish","type":"post","link":"https:\/\/vincentians.com\/fr\/louise-de-marillac-lettre-0037-a-monsieur-labbe-de-vaux\/","title":{"rendered":"Louise de Marillac, Lettre 0037: \u00e0 Monsieur l&rsquo;abb\u00e9 de Vaux"},"content":{"rendered":"<p align=\"center\">(\u00e0 Paris)<\/p>\n<p align=\"right\">22 avril (1641).<\/p>\n<p>Monsieur,<\/p>\n<p>A l&rsquo;heure m\u00eame que j&rsquo;ai re\u00e7u celle que vous m&rsquo;avez fait l&rsquo;honneur de m&rsquo;\u00e9crire, j&rsquo;avais pr\u00e9sente en l&rsquo;esprit une instruction que j&rsquo;ai re\u00e7ue de votre charit\u00e9, ce qui me confirme \u00e0 la pens\u00e9e que je vous t\u00e9moignai la derni\u00e8re fois que j&rsquo;eus l&rsquo;honneur de vous voir, vous parlant au sujet de votre lettre ; ce qui fait, Monsieur, que, puisque vous le voulez, j&rsquo;\u00e9crirai pour mercredi \u00e0 nos S\u0153urs et laisserai le nom en blanc, afin qu&rsquo;il plaise \u00e0 notre bon Dieu faire conna\u00eetre celle qu&rsquo;il veut de nos s\u0153urs C\u00e9cile ou Madeleine<span id='easy-footnote-1-105315' class='easy-footnote-margin-adjust'><\/span><span class='easy-footnote'><a href='https:\/\/vincentians.com\/fr\/louise-de-marillac-lettre-0037-a-monsieur-labbe-de-vaux\/#easy-footnote-bottom-1-105315' title='C\u00e9cile Angiboust ou Madeleine Mongert. C&amp;rsquo;est cette derni\u00e8re qui sera choisie pour remplacer \u00c9lisabeth Martin partie se reposer.'><sup>1<\/sup><\/a><\/span> qui occupe la place de notre ch\u00e8re S\u0153ur Elisabeth de qui la s\u00e9paration m&rsquo;attendrit le c\u0153ur v\u00e9ritablement. le la crois une bonne et vraie servante de Dieu. Votre charit\u00e9 prendra donc la peine s&rsquo;il lui pla\u00eet, de remplir ce nom. Je m&rsquo;\u00e9tonne de ce que ces bons messieurs ne m&rsquo;ont rien mand\u00e9 de l&rsquo;\u00e9tat de sa maladie, en m&rsquo;envoyant les papiers de l&rsquo;\u00e9tablissement que j&rsquo;ai re\u00e7us la semaine pass\u00e9e, ce qui me faisait douter que vous fussiez retourn\u00e9, ne vous ayant pas \u00e9t\u00e9 adress\u00e9s. Dieu veuille que les sujets qui vous arr\u00eatent en ces quartiers r\u00e9ussissent \u00e0 sa gloire. Je serais bien f\u00e2ch\u00e9e, Monsieur, de vous faire perdre du temps qui vous est si cher; il me suffit d&rsquo;avoir la connaissance que Dieu m&rsquo;a donn\u00e9e de votre charit\u00e9 pour m&rsquo;assurer que vous l&rsquo;exercez pour les besoins de celle qui est vraiment, en l&rsquo;amour de J\u00e9sus Crucifi\u00e9, Monsieur, Votre plus petite et tr\u00e8s ob\u00e9issante fille, et servante.<\/p>\n","protected":false},"excerpt":{"rendered":"<p>(\u00e0 Paris) 22 avril (1641). Monsieur, A l&rsquo;heure m\u00eame que j&rsquo;ai re\u00e7u celle que vous m&rsquo;avez fait l&rsquo;honneur de m&rsquo;\u00e9crire, j&rsquo;avais pr\u00e9sente en l&rsquo;esprit une instruction que j&rsquo;ai re\u00e7ue de votre charit\u00e9, ce qui me &#8230; <a href=\"https:\/\/vincentians.com\/fr\/louise-de-marillac-lettre-0037-a-monsieur-labbe-de-vaux\/\" class=\"more-link\">Read More<\/a><\/p>\n","protected":false},"author":4,"featured_media":189777,"comment_status":"open","ping_status":"open","sticky":false,"template":"","format":"standard","meta":{"jetpack_post_was_ever_published":false,"_jetpack_newsletter_access":"","_jetpack_dont_email_post_to_subs":false,"_jetpack_newsletter_tier_id":0,"_jetpack_memberships_contains_paywalled_content":false,"_jetpack_memberships_contains_paid_content":false,"footnotes":"","jetpack_publicize_message":"","jetpack_publicize_feature_enabled":true,"jetpack_social_post_already_shared":true,"jetpack_social_options":{"image_generator_settings":{"template":"highway","default_image_id":0,"font":"","enabled":false},"version":2}},"categories":[121],"tags":[],"class_list":["post-105315","post","type-post","status-publish","format-standard","has-post-thumbnail","hentry","category-ecrits-de-louise-de-marillac"],"yoast_head":"<!-- This site is optimized with the Yoast SEO plugin v26.3 - https:\/\/yoast.com\/wordpress\/plugins\/seo\/ -->\n<title>Louise de Marillac, Lettre 0037: \u00e0 Monsieur l&#039;abb\u00e9 de Vaux - Nous Sommes Vincentiens<\/title>\n<meta name=\"robots\" content=\"index, follow, max-snippet:-1, max-image-preview:large, max-video-preview:-1\" \/>\n<link rel=\"canonical\" href=\"https:\/\/vincentians.com\/fr\/louise-de-marillac-lettre-0037-a-monsieur-labbe-de-vaux\/\" \/>\n<meta property=\"og:locale\" content=\"fr_FR\" \/>\n<meta property=\"og:type\" content=\"article\" \/>\n<meta property=\"og:title\" content=\"Louise de Marillac, Lettre 0037: \u00e0 Monsieur l&#039;abb\u00e9 de Vaux - Nous Sommes Vincentiens\" \/>\n<meta property=\"og:description\" content=\"(\u00e0 Paris) 22 avril (1641). Monsieur, A l&rsquo;heure m\u00eame que j&rsquo;ai re\u00e7u celle que vous m&rsquo;avez fait l&rsquo;honneur de m&rsquo;\u00e9crire, j&rsquo;avais pr\u00e9sente en l&rsquo;esprit une instruction que j&rsquo;ai re\u00e7ue de votre charit\u00e9, ce qui me ... Read More\" \/>\n<meta property=\"og:url\" content=\"https:\/\/vincentians.com\/fr\/louise-de-marillac-lettre-0037-a-monsieur-labbe-de-vaux\/\" \/>\n<meta property=\"og:site_name\" content=\"Nous Sommes Vincentiens\" \/>\n<meta property=\"article:publisher\" content=\"https:\/\/www.facebook.com\/WeAreVincentians\/\" \/>\n<meta property=\"article:author\" content=\"https:\/\/www.facebook.com\/JavierChento\" \/>\n<meta property=\"article:published_time\" content=\"2017-05-23T02:00:58+00:00\" \/>\n<meta property=\"og:image\" content=\"https:\/\/i0.wp.com\/vincentians.com\/fr\/wp-content\/uploads\/sites\/10\/2016\/07\/cartas-luisa-de-marillac.jpg?fit=1200%2C630&ssl=1\" \/>\n\t<meta property=\"og:image:width\" content=\"1200\" \/>\n\t<meta property=\"og:image:height\" content=\"630\" \/>\n\t<meta property=\"og:image:type\" content=\"image\/jpeg\" \/>\n<meta name=\"author\" content=\"Francisco Javier Fern\u00e1ndez Chento\" \/>\n<meta name=\"twitter:card\" content=\"summary_large_image\" \/>\n<meta name=\"twitter:creator\" content=\"@https:\/\/twitter.com\/javierchento\" \/>\n<meta name=\"twitter:site\" content=\"@WeVincentians\" \/>\n<meta name=\"twitter:label1\" content=\"\u00c9crit par\" \/>\n\t<meta name=\"twitter:data1\" content=\"Francisco Javier Fern\u00e1ndez Chento\" \/>\n\t<meta name=\"twitter:label2\" content=\"Dur\u00e9e de lecture estim\u00e9e\" \/>\n\t<meta name=\"twitter:data2\" content=\"2 minutes\" \/>\n<script type=\"application\/ld+json\" class=\"yoast-schema-graph\">{\"@context\":\"https:\/\/schema.org\",\"@graph\":[{\"@type\":\"WebPage\",\"@id\":\"https:\/\/vincentians.com\/fr\/louise-de-marillac-lettre-0037-a-monsieur-labbe-de-vaux\/\",\"url\":\"https:\/\/vincentians.com\/fr\/louise-de-marillac-lettre-0037-a-monsieur-labbe-de-vaux\/\",\"name\":\"Louise de Marillac, Lettre 0037: \u00e0 Monsieur l'abb\u00e9 de Vaux - Nous Sommes Vincentiens\",\"isPartOf\":{\"@id\":\"https:\/\/vincentians.com\/fr\/#website\"},\"primaryImageOfPage\":{\"@id\":\"https:\/\/vincentians.com\/fr\/louise-de-marillac-lettre-0037-a-monsieur-labbe-de-vaux\/#primaryimage\"},\"image\":{\"@id\":\"https:\/\/vincentians.com\/fr\/louise-de-marillac-lettre-0037-a-monsieur-labbe-de-vaux\/#primaryimage\"},\"thumbnailUrl\":\"https:\/\/i0.wp.com\/vincentians.com\/fr\/wp-content\/uploads\/sites\/10\/2016\/07\/cartas-luisa-de-marillac.jpg?fit=1200%2C630&ssl=1\",\"datePublished\":\"2017-05-23T02:00:58+00:00\",\"author\":{\"@id\":\"https:\/\/vincentians.com\/fr\/#\/schema\/person\/9623ef4d9aa3b2dfb8c061f1499288f2\"},\"breadcrumb\":{\"@id\":\"https:\/\/vincentians.com\/fr\/louise-de-marillac-lettre-0037-a-monsieur-labbe-de-vaux\/#breadcrumb\"},\"inLanguage\":\"fr-FR\",\"potentialAction\":[{\"@type\":\"ReadAction\",\"target\":[\"https:\/\/vincentians.com\/fr\/louise-de-marillac-lettre-0037-a-monsieur-labbe-de-vaux\/\"]}]},{\"@type\":\"ImageObject\",\"inLanguage\":\"fr-FR\",\"@id\":\"https:\/\/vincentians.com\/fr\/louise-de-marillac-lettre-0037-a-monsieur-labbe-de-vaux\/#primaryimage\",\"url\":\"https:\/\/i0.wp.com\/vincentians.com\/fr\/wp-content\/uploads\/sites\/10\/2016\/07\/cartas-luisa-de-marillac.jpg?fit=1200%2C630&ssl=1\",\"contentUrl\":\"https:\/\/i0.wp.com\/vincentians.com\/fr\/wp-content\/uploads\/sites\/10\/2016\/07\/cartas-luisa-de-marillac.jpg?fit=1200%2C630&ssl=1\",\"width\":1200,\"height\":630},{\"@type\":\"BreadcrumbList\",\"@id\":\"https:\/\/vincentians.com\/fr\/louise-de-marillac-lettre-0037-a-monsieur-labbe-de-vaux\/#breadcrumb\",\"itemListElement\":[{\"@type\":\"ListItem\",\"position\":1,\"name\":\"Portada\",\"item\":\"https:\/\/vincentians.com\/fr\/\"},{\"@type\":\"ListItem\",\"position\":2,\"name\":\"Louise de Marillac, Lettre 0037: \u00e0 Monsieur l&rsquo;abb\u00e9 de Vaux\"}]},{\"@type\":\"WebSite\",\"@id\":\"https:\/\/vincentians.com\/fr\/#website\",\"url\":\"https:\/\/vincentians.com\/fr\/\",\"name\":\"Nous Sommes Vincentiens\",\"description\":\"Know more to serve more\",\"potentialAction\":[{\"@type\":\"SearchAction\",\"target\":{\"@type\":\"EntryPoint\",\"urlTemplate\":\"https:\/\/vincentians.com\/fr\/?s={search_term_string}\"},\"query-input\":{\"@type\":\"PropertyValueSpecification\",\"valueRequired\":true,\"valueName\":\"search_term_string\"}}],\"inLanguage\":\"fr-FR\"},{\"@type\":\"Person\",\"@id\":\"https:\/\/vincentians.com\/fr\/#\/schema\/person\/9623ef4d9aa3b2dfb8c061f1499288f2\",\"name\":\"Francisco Javier Fern\u00e1ndez Chento\",\"image\":{\"@type\":\"ImageObject\",\"inLanguage\":\"fr-FR\",\"@id\":\"https:\/\/vincentians.com\/fr\/#\/schema\/person\/image\/\",\"url\":\"https:\/\/secure.gravatar.com\/avatar\/497d5cde87b4c3d097d0315953521681ba2cd523ee66e5077c3711f7021e65de?s=96&d=mm&r=g\",\"contentUrl\":\"https:\/\/secure.gravatar.com\/avatar\/497d5cde87b4c3d097d0315953521681ba2cd523ee66e5077c3711f7021e65de?s=96&d=mm&r=g\",\"caption\":\"Francisco Javier Fern\u00e1ndez Chento\"},\"description\":\"Director General y cofundador de La Red de Formaci\u00f3n Vicenciana. Javier es laico vicenciano, afiliado a la Congregaci\u00f3n de la Misi\u00f3n y miembro del Equipo de Misiones Populares de la provincia can\u00f3nica de Zaragoza (Espa\u00f1a) de la Congregaci\u00f3n de la Misi\u00f3n. Graduado en la Universidad Oberta de Catalunya con cuatro grados (Asistente de direcci\u00f3n, Gesti\u00f3n Administrativa, Recursos Humanos y Contabilidad Avanzada). Bil\u00edng\u00fce Espa\u00f1ol\/Ingl\u00e9s. gestiona y mantiene varias p\u00e1ginas web cristianas y vicencianas, incluida including La Red de Formaci\u00f3n Vicenciana, de la que es cofundador. Actualmente es responsable del \u00e1rea de Espa\u00f1ol de .famvin, la Red de Noticias de la Familia Vicenciana. Tambi\u00e9n es m\u00fasico cat\u00f3lico y ha editado varios discos. Es Director General y cofundador de Trovador, una reconocida compa\u00f1\u00eda discogr\u00e1fica critiana de Espa\u00f1a. Trabaja en las Tecnolog\u00edas de la Informaci\u00f3n, ofreciendo servicios de alojamiento, dise\u00f1o y mantenimiento Web, as\u00ed como asesoramiento, formaci\u00f3n y soluciones inform\u00e1ticas, gesti\u00f3n documental y digitalizaci\u00f3n de textos, edici\u00f3n y maquetaci\u00f3n de libros, revistas, flyers, etc.\",\"sameAs\":[\"http:\/\/chento.org\",\"https:\/\/www.facebook.com\/JavierChento\",\"https:\/\/x.com\/https:\/\/twitter.com\/javierchento\"],\"url\":\"https:\/\/vincentians.com\/fr\/author\/chento\/\"}]}<\/script>\n<!-- \/ Yoast SEO plugin. -->","yoast_head_json":{"title":"Louise de Marillac, Lettre 0037: \u00e0 Monsieur l'abb\u00e9 de Vaux - Nous Sommes Vincentiens","robots":{"index":"index","follow":"follow","max-snippet":"max-snippet:-1","max-image-preview":"max-image-preview:large","max-video-preview":"max-video-preview:-1"},"canonical":"https:\/\/vincentians.com\/fr\/louise-de-marillac-lettre-0037-a-monsieur-labbe-de-vaux\/","og_locale":"fr_FR","og_type":"article","og_title":"Louise de Marillac, Lettre 0037: \u00e0 Monsieur l'abb\u00e9 de Vaux - Nous Sommes Vincentiens","og_description":"(\u00e0 Paris) 22 avril (1641). Monsieur, A l&rsquo;heure m\u00eame que j&rsquo;ai re\u00e7u celle que vous m&rsquo;avez fait l&rsquo;honneur de m&rsquo;\u00e9crire, j&rsquo;avais pr\u00e9sente en l&rsquo;esprit une instruction que j&rsquo;ai re\u00e7ue de votre charit\u00e9, ce qui me ... Read More","og_url":"https:\/\/vincentians.com\/fr\/louise-de-marillac-lettre-0037-a-monsieur-labbe-de-vaux\/","og_site_name":"Nous Sommes Vincentiens","article_publisher":"https:\/\/www.facebook.com\/WeAreVincentians\/","article_author":"https:\/\/www.facebook.com\/JavierChento","article_published_time":"2017-05-23T02:00:58+00:00","og_image":[{"width":1200,"height":630,"url":"https:\/\/i0.wp.com\/vincentians.com\/fr\/wp-content\/uploads\/sites\/10\/2016\/07\/cartas-luisa-de-marillac.jpg?fit=1200%2C630&ssl=1","type":"image\/jpeg"}],"author":"Francisco Javier Fern\u00e1ndez Chento","twitter_card":"summary_large_image","twitter_creator":"@https:\/\/twitter.com\/javierchento","twitter_site":"@WeVincentians","twitter_misc":{"\u00c9crit par":"Francisco Javier Fern\u00e1ndez Chento","Dur\u00e9e de lecture estim\u00e9e":"2 minutes"},"schema":{"@context":"https:\/\/schema.org","@graph":[{"@type":"WebPage","@id":"https:\/\/vincentians.com\/fr\/louise-de-marillac-lettre-0037-a-monsieur-labbe-de-vaux\/","url":"https:\/\/vincentians.com\/fr\/louise-de-marillac-lettre-0037-a-monsieur-labbe-de-vaux\/","name":"Louise de Marillac, Lettre 0037: \u00e0 Monsieur l'abb\u00e9 de Vaux - Nous Sommes Vincentiens","isPartOf":{"@id":"https:\/\/vincentians.com\/fr\/#website"},"primaryImageOfPage":{"@id":"https:\/\/vincentians.com\/fr\/louise-de-marillac-lettre-0037-a-monsieur-labbe-de-vaux\/#primaryimage"},"image":{"@id":"https:\/\/vincentians.com\/fr\/louise-de-marillac-lettre-0037-a-monsieur-labbe-de-vaux\/#primaryimage"},"thumbnailUrl":"https:\/\/i0.wp.com\/vincentians.com\/fr\/wp-content\/uploads\/sites\/10\/2016\/07\/cartas-luisa-de-marillac.jpg?fit=1200%2C630&ssl=1","datePublished":"2017-05-23T02:00:58+00:00","author":{"@id":"https:\/\/vincentians.com\/fr\/#\/schema\/person\/9623ef4d9aa3b2dfb8c061f1499288f2"},"breadcrumb":{"@id":"https:\/\/vincentians.com\/fr\/louise-de-marillac-lettre-0037-a-monsieur-labbe-de-vaux\/#breadcrumb"},"inLanguage":"fr-FR","potentialAction":[{"@type":"ReadAction","target":["https:\/\/vincentians.com\/fr\/louise-de-marillac-lettre-0037-a-monsieur-labbe-de-vaux\/"]}]},{"@type":"ImageObject","inLanguage":"fr-FR","@id":"https:\/\/vincentians.com\/fr\/louise-de-marillac-lettre-0037-a-monsieur-labbe-de-vaux\/#primaryimage","url":"https:\/\/i0.wp.com\/vincentians.com\/fr\/wp-content\/uploads\/sites\/10\/2016\/07\/cartas-luisa-de-marillac.jpg?fit=1200%2C630&ssl=1","contentUrl":"https:\/\/i0.wp.com\/vincentians.com\/fr\/wp-content\/uploads\/sites\/10\/2016\/07\/cartas-luisa-de-marillac.jpg?fit=1200%2C630&ssl=1","width":1200,"height":630},{"@type":"BreadcrumbList","@id":"https:\/\/vincentians.com\/fr\/louise-de-marillac-lettre-0037-a-monsieur-labbe-de-vaux\/#breadcrumb","itemListElement":[{"@type":"ListItem","position":1,"name":"Portada","item":"https:\/\/vincentians.com\/fr\/"},{"@type":"ListItem","position":2,"name":"Louise de Marillac, Lettre 0037: \u00e0 Monsieur l&rsquo;abb\u00e9 de Vaux"}]},{"@type":"WebSite","@id":"https:\/\/vincentians.com\/fr\/#website","url":"https:\/\/vincentians.com\/fr\/","name":"Nous Sommes Vincentiens","description":"Know more to serve more","potentialAction":[{"@type":"SearchAction","target":{"@type":"EntryPoint","urlTemplate":"https:\/\/vincentians.com\/fr\/?s={search_term_string}"},"query-input":{"@type":"PropertyValueSpecification","valueRequired":true,"valueName":"search_term_string"}}],"inLanguage":"fr-FR"},{"@type":"Person","@id":"https:\/\/vincentians.com\/fr\/#\/schema\/person\/9623ef4d9aa3b2dfb8c061f1499288f2","name":"Francisco Javier Fern\u00e1ndez Chento","image":{"@type":"ImageObject","inLanguage":"fr-FR","@id":"https:\/\/vincentians.com\/fr\/#\/schema\/person\/image\/","url":"https:\/\/secure.gravatar.com\/avatar\/497d5cde87b4c3d097d0315953521681ba2cd523ee66e5077c3711f7021e65de?s=96&d=mm&r=g","contentUrl":"https:\/\/secure.gravatar.com\/avatar\/497d5cde87b4c3d097d0315953521681ba2cd523ee66e5077c3711f7021e65de?s=96&d=mm&r=g","caption":"Francisco Javier Fern\u00e1ndez Chento"},"description":"Director General y cofundador de La Red de Formaci\u00f3n Vicenciana. Javier es laico vicenciano, afiliado a la Congregaci\u00f3n de la Misi\u00f3n y miembro del Equipo de Misiones Populares de la provincia can\u00f3nica de Zaragoza (Espa\u00f1a) de la Congregaci\u00f3n de la Misi\u00f3n. Graduado en la Universidad Oberta de Catalunya con cuatro grados (Asistente de direcci\u00f3n, Gesti\u00f3n Administrativa, Recursos Humanos y Contabilidad Avanzada). Bil\u00edng\u00fce Espa\u00f1ol\/Ingl\u00e9s. gestiona y mantiene varias p\u00e1ginas web cristianas y vicencianas, incluida including La Red de Formaci\u00f3n Vicenciana, de la que es cofundador. Actualmente es responsable del \u00e1rea de Espa\u00f1ol de .famvin, la Red de Noticias de la Familia Vicenciana. Tambi\u00e9n es m\u00fasico cat\u00f3lico y ha editado varios discos. Es Director General y cofundador de Trovador, una reconocida compa\u00f1\u00eda discogr\u00e1fica critiana de Espa\u00f1a. Trabaja en las Tecnolog\u00edas de la Informaci\u00f3n, ofreciendo servicios de alojamiento, dise\u00f1o y mantenimiento Web, as\u00ed como asesoramiento, formaci\u00f3n y soluciones inform\u00e1ticas, gesti\u00f3n documental y digitalizaci\u00f3n de textos, edici\u00f3n y maquetaci\u00f3n de libros, revistas, flyers, etc.","sameAs":["http:\/\/chento.org","https:\/\/www.facebook.com\/JavierChento","https:\/\/x.com\/https:\/\/twitter.com\/javierchento"],"url":"https:\/\/vincentians.com\/fr\/author\/chento\/"}]}},"jetpack_publicize_connections":[],"jetpack_featured_media_url":"https:\/\/i0.wp.com\/vincentians.com\/fr\/wp-content\/uploads\/sites\/10\/2016\/07\/cartas-luisa-de-marillac.jpg?fit=1200%2C630&ssl=1","jetpack_sharing_enabled":true,"jetpack_shortlink":"https:\/\/wp.me\/p7ETMP-roD","jetpack-related-posts":[{"id":105307,"url":"https:\/\/vincentians.com\/fr\/louise-de-marillac-lettre-0108-a-monsieur-labbe-de-vaux\/","url_meta":{"origin":105315,"position":0},"title":"Louise de Marillac, Lettre 0108: \u00e0 Monsieur l&rsquo;abb\u00e9 de Vaux","author":"Francisco Javier Fern\u00e1ndez Chento","date":"14\/03\/2017","format":false,"excerpt":"Ce 19 septembre (1640). Monsieur, C'est avec sujet, si vous vous plaignez de ma paresse qui m'a, en apparence, tenue si longtemps sans vous remercier, tr\u00e8s humblement de toutes les peines que votre charit\u00e9 prend pour nos filles. Je ne sais comme quoi je laissai passer le jour du message\u2026","rel":"","context":"Dans &quot;\u00c9crits de Louise de Marillac&quot;","block_context":{"text":"\u00c9crits de Louise de Marillac","link":"https:\/\/vincentians.com\/fr\/category\/ecrits-de-louise-de-marillac\/"},"img":{"alt_text":"","src":"https:\/\/i0.wp.com\/vincentians.com\/fr\/wp-content\/uploads\/sites\/10\/2016\/07\/cartas-luisa-de-marillac.jpg?fit=1200%2C630&ssl=1&resize=350%2C200","width":350,"height":200,"srcset":"https:\/\/i0.wp.com\/vincentians.com\/fr\/wp-content\/uploads\/sites\/10\/2016\/07\/cartas-luisa-de-marillac.jpg?fit=1200%2C630&ssl=1&resize=350%2C200 1x, https:\/\/i0.wp.com\/vincentians.com\/fr\/wp-content\/uploads\/sites\/10\/2016\/07\/cartas-luisa-de-marillac.jpg?fit=1200%2C630&ssl=1&resize=525%2C300 1.5x, https:\/\/i0.wp.com\/vincentians.com\/fr\/wp-content\/uploads\/sites\/10\/2016\/07\/cartas-luisa-de-marillac.jpg?fit=1200%2C630&ssl=1&resize=700%2C400 2x, https:\/\/i0.wp.com\/vincentians.com\/fr\/wp-content\/uploads\/sites\/10\/2016\/07\/cartas-luisa-de-marillac.jpg?fit=1200%2C630&ssl=1&resize=1050%2C600 3x"},"classes":[]},{"id":105311,"url":"https:\/\/vincentians.com\/fr\/louise-de-marillac-lettre-0057-a-monsieur-labbe-de-vaux\/","url_meta":{"origin":105315,"position":1},"title":"Louise de Marillac, Lettre 0057: \u00e0 Monsieur l&rsquo;abb\u00e9 de Vaux","author":"Francisco Javier Fern\u00e1ndez Chento","date":"25\/04\/2017","format":false,"excerpt":"(\u00e0 Angers) Ce 28 janvier 1641. Monsieur, Je vous rends gr\u00e2ces tr\u00e8s humbles de la peine que votre charit\u00e9 a prise de me mander* des nouvelles de nos S\u0153urs, m'avertissant de leurs d\u00e9fauts. Ce m'est un des plus grands t\u00e9moignages que je puisse recevoir que vous faites l'honneur d'aimer notre\u2026","rel":"","context":"Dans &quot;\u00c9crits de Louise de Marillac&quot;","block_context":{"text":"\u00c9crits de Louise de Marillac","link":"https:\/\/vincentians.com\/fr\/category\/ecrits-de-louise-de-marillac\/"},"img":{"alt_text":"","src":"https:\/\/i0.wp.com\/vincentians.com\/fr\/wp-content\/uploads\/sites\/10\/2016\/07\/cartas-luisa-de-marillac.jpg?fit=1200%2C630&ssl=1&resize=350%2C200","width":350,"height":200,"srcset":"https:\/\/i0.wp.com\/vincentians.com\/fr\/wp-content\/uploads\/sites\/10\/2016\/07\/cartas-luisa-de-marillac.jpg?fit=1200%2C630&ssl=1&resize=350%2C200 1x, https:\/\/i0.wp.com\/vincentians.com\/fr\/wp-content\/uploads\/sites\/10\/2016\/07\/cartas-luisa-de-marillac.jpg?fit=1200%2C630&ssl=1&resize=525%2C300 1.5x, https:\/\/i0.wp.com\/vincentians.com\/fr\/wp-content\/uploads\/sites\/10\/2016\/07\/cartas-luisa-de-marillac.jpg?fit=1200%2C630&ssl=1&resize=700%2C400 2x, https:\/\/i0.wp.com\/vincentians.com\/fr\/wp-content\/uploads\/sites\/10\/2016\/07\/cartas-luisa-de-marillac.jpg?fit=1200%2C630&ssl=1&resize=1050%2C600 3x"},"classes":[]},{"id":104759,"url":"https:\/\/vincentians.com\/fr\/louise-de-marillac-lettre-0021-monsieur-labbe-de-vaux\/","url_meta":{"origin":105315,"position":2},"title":"Louise de Marillac, Lettre 0021: Monsieur l&rsquo;abb\u00e9 de Vaux","author":"Francisco Javier Fern\u00e1ndez Chento","date":"27\/12\/2016","format":false,"excerpt":"\u00e0 Angers Paris, ce 26 mai 1640. Monsieur, L'extr\u00e9mit\u00e9 de mon mal m'oblige de me servir de la main d'autrui pour vous rendre mille gr\u00e2ces de l'honneur que vous m'avez fait par vos deux derni\u00e8res, et pour me recommander \u00e0 vos bonnes pri\u00e8res, en ayant grand besoin dans le danger\u2026","rel":"","context":"Dans &quot;\u00c9crits de Louise de Marillac&quot;","block_context":{"text":"\u00c9crits de Louise de Marillac","link":"https:\/\/vincentians.com\/fr\/category\/ecrits-de-louise-de-marillac\/"},"img":{"alt_text":"","src":"https:\/\/i0.wp.com\/vincentians.com\/fr\/wp-content\/uploads\/sites\/10\/2016\/07\/cartas-luisa-de-marillac.jpg?fit=1200%2C630&ssl=1&resize=350%2C200","width":350,"height":200,"srcset":"https:\/\/i0.wp.com\/vincentians.com\/fr\/wp-content\/uploads\/sites\/10\/2016\/07\/cartas-luisa-de-marillac.jpg?fit=1200%2C630&ssl=1&resize=350%2C200 1x, https:\/\/i0.wp.com\/vincentians.com\/fr\/wp-content\/uploads\/sites\/10\/2016\/07\/cartas-luisa-de-marillac.jpg?fit=1200%2C630&ssl=1&resize=525%2C300 1.5x, https:\/\/i0.wp.com\/vincentians.com\/fr\/wp-content\/uploads\/sites\/10\/2016\/07\/cartas-luisa-de-marillac.jpg?fit=1200%2C630&ssl=1&resize=700%2C400 2x, https:\/\/i0.wp.com\/vincentians.com\/fr\/wp-content\/uploads\/sites\/10\/2016\/07\/cartas-luisa-de-marillac.jpg?fit=1200%2C630&ssl=1&resize=1050%2C600 3x"},"classes":[]},{"id":105319,"url":"https:\/\/vincentians.com\/fr\/louise-de-marillac-lettre-0030-a-monsieur-labbe-de-vaux\/","url_meta":{"origin":105315,"position":3},"title":"Louise de Marillac, Lettre 0030: \u00e0 Monsieur l&rsquo;abb\u00e9 de Vaux","author":"Francisco Javier Fern\u00e1ndez Chento","date":"28\/03\/2017","format":false,"excerpt":"De la maison des Enfants Trouv\u00e9s, ce 3 octobre 1640. Monsieur, Je suis bien f\u00e2ch\u00e9e que ma S\u0153ur Turgis ait laiss\u00e9 cette bonne fille je lui avais mand\u00e9 ne se pas arr\u00eater aux frais du voyage, s'il n'y avait que cela \u00e0 redire et qu'il se pr\u00e9sente occasion de l'envoyer,\u2026","rel":"","context":"Dans &quot;\u00c9crits de Louise de Marillac&quot;","block_context":{"text":"\u00c9crits de Louise de Marillac","link":"https:\/\/vincentians.com\/fr\/category\/ecrits-de-louise-de-marillac\/"},"img":{"alt_text":"","src":"https:\/\/i0.wp.com\/vincentians.com\/fr\/wp-content\/uploads\/sites\/10\/2016\/07\/cartas-luisa-de-marillac.jpg?fit=1200%2C630&ssl=1&resize=350%2C200","width":350,"height":200,"srcset":"https:\/\/i0.wp.com\/vincentians.com\/fr\/wp-content\/uploads\/sites\/10\/2016\/07\/cartas-luisa-de-marillac.jpg?fit=1200%2C630&ssl=1&resize=350%2C200 1x, https:\/\/i0.wp.com\/vincentians.com\/fr\/wp-content\/uploads\/sites\/10\/2016\/07\/cartas-luisa-de-marillac.jpg?fit=1200%2C630&ssl=1&resize=525%2C300 1.5x, https:\/\/i0.wp.com\/vincentians.com\/fr\/wp-content\/uploads\/sites\/10\/2016\/07\/cartas-luisa-de-marillac.jpg?fit=1200%2C630&ssl=1&resize=700%2C400 2x, https:\/\/i0.wp.com\/vincentians.com\/fr\/wp-content\/uploads\/sites\/10\/2016\/07\/cartas-luisa-de-marillac.jpg?fit=1200%2C630&ssl=1&resize=1050%2C600 3x"},"classes":[]},{"id":104754,"url":"https:\/\/vincentians.com\/fr\/louise-de-marillac-lettre-0029-a-monsieur-labbe-de-vaux\/","url_meta":{"origin":105315,"position":4},"title":"Louise de Marillac, Lettre 0029: \u00e0 Monsieur l&rsquo;abb\u00e9 de Vaux","author":"Francisco Javier Fern\u00e1ndez Chento","date":"24\/01\/2017","format":false,"excerpt":"(\u00e0 Angers) Ce 9 juillet 1640. Monsieur, Le peu d'\u00e9loignement qu'il y a de La Chapelle \u00e0 Paris a fait que j'ai re\u00e7u deux lettres, que vous avez pris la peine de m'\u00e9crire depuis votre petit voyage, dont je vous remercie tr\u00e8s humblement. Je prends la libert\u00e9, Monsieur, de vous\u2026","rel":"","context":"Dans &quot;\u00c9crits de Louise de Marillac&quot;","block_context":{"text":"\u00c9crits de Louise de Marillac","link":"https:\/\/vincentians.com\/fr\/category\/ecrits-de-louise-de-marillac\/"},"img":{"alt_text":"","src":"https:\/\/i0.wp.com\/vincentians.com\/fr\/wp-content\/uploads\/sites\/10\/2016\/07\/cartas-luisa-de-marillac.jpg?fit=1200%2C630&ssl=1&resize=350%2C200","width":350,"height":200,"srcset":"https:\/\/i0.wp.com\/vincentians.com\/fr\/wp-content\/uploads\/sites\/10\/2016\/07\/cartas-luisa-de-marillac.jpg?fit=1200%2C630&ssl=1&resize=350%2C200 1x, https:\/\/i0.wp.com\/vincentians.com\/fr\/wp-content\/uploads\/sites\/10\/2016\/07\/cartas-luisa-de-marillac.jpg?fit=1200%2C630&ssl=1&resize=525%2C300 1.5x, https:\/\/i0.wp.com\/vincentians.com\/fr\/wp-content\/uploads\/sites\/10\/2016\/07\/cartas-luisa-de-marillac.jpg?fit=1200%2C630&ssl=1&resize=700%2C400 2x, https:\/\/i0.wp.com\/vincentians.com\/fr\/wp-content\/uploads\/sites\/10\/2016\/07\/cartas-luisa-de-marillac.jpg?fit=1200%2C630&ssl=1&resize=1050%2C600 3x"},"classes":[]},{"id":104758,"url":"https:\/\/vincentians.com\/fr\/louise-de-marillac-lettre-0022-a-monsieur-labbe-de-vaux\/","url_meta":{"origin":105315,"position":5},"title":"Louise de Marillac, Lettre 0022: \u00e0 Monsieur l&rsquo;abb\u00e9 de Vaux","author":"Francisco Javier Fern\u00e1ndez Chento","date":"03\/01\/2017","format":false,"excerpt":"\u00e0 Angers 29 mai 1640. Monsieur, Un mot seulement de tr\u00e8s humbles remerciements, pour toutes les charit\u00e9s que vous faites \u00e0 nos filles et que vous me mandez. Dieu en soit votre r\u00e9compense \u00e9ternellement. Je suis bien en soin de notre pauvre S\u0153ur Elisabeth. Je ne sais, si ce n'est\u2026","rel":"","context":"Dans &quot;\u00c9crits de Louise de Marillac&quot;","block_context":{"text":"\u00c9crits de Louise de Marillac","link":"https:\/\/vincentians.com\/fr\/category\/ecrits-de-louise-de-marillac\/"},"img":{"alt_text":"","src":"https:\/\/i0.wp.com\/vincentians.com\/fr\/wp-content\/uploads\/sites\/10\/2016\/07\/cartas-luisa-de-marillac.jpg?fit=1200%2C630&ssl=1&resize=350%2C200","width":350,"height":200,"srcset":"https:\/\/i0.wp.com\/vincentians.com\/fr\/wp-content\/uploads\/sites\/10\/2016\/07\/cartas-luisa-de-marillac.jpg?fit=1200%2C630&ssl=1&resize=350%2C200 1x, https:\/\/i0.wp.com\/vincentians.com\/fr\/wp-content\/uploads\/sites\/10\/2016\/07\/cartas-luisa-de-marillac.jpg?fit=1200%2C630&ssl=1&resize=525%2C300 1.5x, https:\/\/i0.wp.com\/vincentians.com\/fr\/wp-content\/uploads\/sites\/10\/2016\/07\/cartas-luisa-de-marillac.jpg?fit=1200%2C630&ssl=1&resize=700%2C400 2x, https:\/\/i0.wp.com\/vincentians.com\/fr\/wp-content\/uploads\/sites\/10\/2016\/07\/cartas-luisa-de-marillac.jpg?fit=1200%2C630&ssl=1&resize=1050%2C600 3x"},"classes":[]}],"_links":{"self":[{"href":"https:\/\/vincentians.com\/fr\/wp-json\/wp\/v2\/posts\/105315","targetHints":{"allow":["GET"]}}],"collection":[{"href":"https:\/\/vincentians.com\/fr\/wp-json\/wp\/v2\/posts"}],"about":[{"href":"https:\/\/vincentians.com\/fr\/wp-json\/wp\/v2\/types\/post"}],"author":[{"embeddable":true,"href":"https:\/\/vincentians.com\/fr\/wp-json\/wp\/v2\/users\/4"}],"replies":[{"embeddable":true,"href":"https:\/\/vincentians.com\/fr\/wp-json\/wp\/v2\/comments?post=105315"}],"version-history":[{"count":0,"href":"https:\/\/vincentians.com\/fr\/wp-json\/wp\/v2\/posts\/105315\/revisions"}],"wp:featuredmedia":[{"embeddable":true,"href":"https:\/\/vincentians.com\/fr\/wp-json\/wp\/v2\/media\/189777"}],"wp:attachment":[{"href":"https:\/\/vincentians.com\/fr\/wp-json\/wp\/v2\/media?parent=105315"}],"wp:term":[{"taxonomy":"category","embeddable":true,"href":"https:\/\/vincentians.com\/fr\/wp-json\/wp\/v2\/categories?post=105315"},{"taxonomy":"post_tag","embeddable":true,"href":"https:\/\/vincentians.com\/fr\/wp-json\/wp\/v2\/tags?post=105315"}],"curies":[{"name":"wp","href":"https:\/\/api.w.org\/{rel}","templated":true}]}}