{"id":105046,"date":"2017-04-16T04:00:58","date_gmt":"2017-04-16T02:00:58","guid":{"rendered":"http:\/\/vincentiens.org\/?p=105046"},"modified":"2016-08-11T21:53:03","modified_gmt":"2016-08-11T19:53:03","slug":"jean-gabriel-perboyre-lettre-041-a-son-cousin-gabriel-a-montdidier","status":"publish","type":"post","link":"https:\/\/vincentians.com\/fr\/jean-gabriel-perboyre-lettre-041-a-son-cousin-gabriel-a-montdidier\/","title":{"rendered":"Jean-Gabriel Perboyre, Lettre 041. A son Cousin Gabriel, \u00e0 Montdidier"},"content":{"rendered":"<p>Mon tr\u00e8s cher cousin<span id='easy-footnote-1-105046' class='easy-footnote-margin-adjust'><\/span><span class='easy-footnote'><a href='https:\/\/vincentians.com\/fr\/jean-gabriel-perboyre-lettre-041-a-son-cousin-gabriel-a-montdidier\/#easy-footnote-bottom-1-105046' title='&lt;b&gt;Lettre 41.&lt;\/b&gt; \u2014 Maison-M\u00e8re, original 32.'><sup>1<\/sup><\/a><\/span>,<\/p>\n<p>La gr\u00e2ce de N. S. soit toujours avec nous.<\/p>\n<p>Enfin voici venir les r\u00e9ponses aux questions que vous m\u2019avez adress\u00e9es.<\/p>\n<p>1\u00b0 La permission du sup\u00e9rieur local vous suffit pour que vous soyez bien et d\u00fbment autoris\u00e9 \u00e0 employer vos honoraires de messes \u00e0 la bonne \u0153uvre \u00e0 laquelle vous les consacrez. Ainsi l\u2019a d\u00e9cid\u00e9 M.\u00a0le G\u00e9n\u00e9ral. Toutefois vous savez que la permission de disposer des honoraires n\u2019emporte pas celle exig\u00e9e par l\u2019article 11 de l\u2019explication du v\u0153u de pauvret\u00e9, pour pouvoir les retenir chez soi, etc. Celle-ci doit \u00eatre expresse, et le sup\u00e9rieur local peut l\u2019accorder. Ainsi a d\u00e9cid\u00e9 M.\u00a0le G\u00e9n\u00e9ral, qui n\u2019abandonne les honoraires aux confr\u00e8res, dans sa derni\u00e8re circulaire, que <i>positis ponendis, <\/i>c\u2019est-\u00e0-dire en supposant toutes les permissions particuli\u00e8res pr\u00e9c\u00e9demment requises.<\/p>\n<p>2\u00b0 Tous les confr\u00e8res pr\u00eatres sont oblig\u00e9s \u00e0 titre de justice de dire une messe pour tous les confr\u00e8res d\u00e9funts de la Congr\u00e9gation. L\u2019Assembl\u00e9e g\u00e9n\u00e9rale de 1668 statua d\u2019une mani\u00e8re pr\u00e9ceptive que tous les pr\u00eatres de la Congr\u00e9gation diraient cette messe. M.\u00a0Cayla<span id='easy-footnote-2-105046' class='easy-footnote-margin-adjust'><\/span><span class='easy-footnote'><a href='https:\/\/vincentians.com\/fr\/jean-gabriel-perboyre-lettre-041-a-son-cousin-gabriel-a-montdidier\/#easy-footnote-bottom-2-105046' title='Cayla de la Garde (Jean-F\u00e9lix), C.M., pr\u00eatre, n\u00e9 \u00e0 Rodez le 19 f\u00e9vrier 1734\u00a0; re\u00e7u au s\u00e9minaire \u00e0 Cahors le 18 octobre 1749\u00a0; y a fait les v\u0153ux le 20 octobre 1751\u00a0; nomm\u00e9 directeur au grand s\u00e9minaire de Montauban. Elu d\u00e9l\u00e9gu\u00e9 \u00e0 l&amp;rsquo;Assembl\u00e9e g\u00e9n\u00e9rale de 1788 et \u00e9lu X\u00b0 sup\u00e9rieur g\u00e9n\u00e9ral par cette assembl\u00e9e. D\u00e9c\u00e9d\u00e9 \u00e0 Rome le 12 f\u00e9vrier 1800. (P. Coste, &lt;i&gt;op. cit.&lt;\/i&gt;, p.\u00a0121).'><sup>2<\/sup><\/a><\/span>, dans sa circulaire de 1788, d\u00e9clare n\u2019accorder la permission de disposer des honoraires qu\u2019\u00e0 condition qu\u2019on rendra les suffrages ordinaires \u00e0 nos morts. M.\u00a0le G\u00e9n\u00e9ral m\u2019a dit que cette disposition de la circulaire de M.\u00a0Cayla \u00e9tait toujours en vigueur et qu\u2019il n\u2019entendait pas la r\u00e9voquer. Ainsi un confr\u00e8re qui serait infid\u00e8le sur le point en question, non seulement se rendrait coupable envers les confr\u00e8res d\u00e9funts et les sup\u00e9rieurs, mais encore serait injuste envers la Congr\u00e9gation, \u00e0 laquelle il volerait tous les honoraires qu\u2019il s\u2019approprierait, parce qu\u2019il n\u2019aurait pas rempli la condition \u00e0 laquelle ils sont accord\u00e9s.<\/p>\n<p>3\u00b0 La susdite obligation s\u2019\u00e9tend sans restriction au cas de la circulaire de l\u2019an pass\u00e9. Le n\u00e9crologe qu\u2019elle renferme sans exception d\u2019aucun Polonais, \u00e9tait adress\u00e9 \u00e0 tous les confr\u00e8res qui \u00e9taient pr\u00eatres \u00e0 cette \u00e9poque. Ainsi a d\u00e9cid\u00e9 M.\u00a0le G\u00e9n\u00e9ral. Si vous n\u2019\u00eates pas bien en r\u00e8gle sur tout ce qui pr\u00e9c\u00e8de, il ne vous reste donc qu\u2019\u00e0 vous y mettre, en .acquittant les messes arri\u00e9r\u00e9es\u00a0: le tr\u00e8s Honor\u00e9 P\u00e8re ne croit pas pouvoir dispenser en cela. Pour que vous soyez un peu moins charg\u00e9, je vous tiens quitte des 23 Fr. que j\u2019avais avanc\u00e9s \u00e0 votre s\u0153ur\u00a0; je vous prie de ne plus y penser.<\/p>\n<p>4\u00b0 L\u2019Assembl\u00e9e de 1688 exhorte aussi les pr\u00eatres de la maison o\u00f9 un confr\u00e8re mourra, \u00e0 dire deux messes de plus pour lui, si les obligations des fondations le permettent. Elle d\u00e9cr\u00e8te encore qu\u2019\u00e0 l\u2019avenir chacun de nos pr\u00eatres c\u00e9l\u00e9brera, autant que possible, une fois par mois le Saint-Sacrifice de la messe pour nos d\u00e9funts en g\u00e9n\u00e9ral (traduit textuellement de la 4<sup>e<\/sup> session). M.\u00a0le Sup\u00e9rieur, sans bien se prononcer sur la nature de l\u2019obligation dans ces deux derniers cas, ne pense pas que vous deviez revenir sur le pass\u00e9. Oh\u00a0! si nos pauvres confr\u00e8res d\u00e9funts pouvaient nous d\u00e9puter un avocat, comme ils nous feraient rappeler cette divine maxime\u00a0: <i>in qu\u00e2 mensur\u00e2 mensi fueritis, remetietur vobis.<\/i><\/p>\n<p>5\u00b0 Quant \u00e0 la messe qui se dit tous les mois pour la conservation de l\u2019esprit primitif de la Congr\u00e9gation, voici ce qui en est. D\u2019apr\u00e8s le v\u0153u et l\u2019avis de l\u2019Assembl\u00e9e g\u00e9n\u00e9rale, M.\u00a0Alm\u00e9ras<span id='easy-footnote-3-105046' class='easy-footnote-margin-adjust'><\/span><span class='easy-footnote'><a href='https:\/\/vincentians.com\/fr\/jean-gabriel-perboyre-lettre-041-a-son-cousin-gabriel-a-montdidier\/#easy-footnote-bottom-3-105046' title='Alm\u00e9ras (Ren\u00e9), C.M., pr\u00eatre, n\u00e9 \u00e0 Paris le 5 avril 1613\u00a0; re\u00e7u au s\u00e9minaire \u00e0 Paris le 25 d\u00e9cembre 1637\u00a0; y a fait les v\u0153ux le 25 f\u00e9vrier 1640\u00a0; d\u00e9c\u00e9d\u00e9 \u00e0 Paris le 2 septembre 1672. ii&lt;sup&gt;e&lt;\/sup&gt; Sup\u00e9rieur g\u00e9n\u00e9ral. (P. Coste, &lt;i&gt;op. cit.&lt;\/i&gt;, p. 16).'><sup>3<\/sup><\/a><\/span>, dans une circulaire de 1668, recommanda, sans toutefois l\u2019imposer, cette messe, ou une communion pour ceux qui ne sont pas pr\u00eatres. Ceci n\u2019emporte pas, il est vrai, une obligation rigoureuse\u00a0; mais c\u2019est l\u00e0 une pratique si belle, si utile, si respectable par son origine et par l\u2019usage qui l\u2019a consacr\u00e9e qu\u2019on a bien de la peine \u00e0 concevoir qu\u2019un bon missionnaire l\u2019omette sans graves raisons. Je vous le demande, cher cousin, n\u2019est-il pas aussi convenable de consacrer une seule messe \u00e0 obtenir un esprit, auquel se rattachent tous nos int\u00e9r\u00eats pr\u00e9sents et futurs et duquel d\u00e9pend un bien incalculable pour la Religion, que d\u2019en consacrer 20 ou 30 \u00e0 op\u00e9rer un bien individuel en faveur d\u2019un parent ou d\u2019un \u00e9tranger\u00a0? etc., etc., et quand la Congr\u00e9gation ne nous redemande qu\u2019une si minime partie de ce qu\u2019elle&#8230; pouvons-nous<span id='easy-footnote-4-105046' class='easy-footnote-margin-adjust'><\/span><span class='easy-footnote'><a href='https:\/\/vincentians.com\/fr\/jean-gabriel-perboyre-lettre-041-a-son-cousin-gabriel-a-montdidier\/#easy-footnote-bottom-4-105046' title='Cette phrase pourrait se compl\u00e9ter comme suit\u00a0: \u00ab\u00a0quand la Congr\u00e9gation ne nous redemande qu\u2019une si minime partie de ce qu\u2019elle nous a si largement donn\u00e9, pouvons-nous le lui refuser\u00a0?\u00a0\u00bb'><sup>4<\/sup><\/a><\/span> !&#8230;<\/p>\n<p>6\u00b0 M.\u00a0Vicart<span id='easy-footnote-5-105046' class='easy-footnote-margin-adjust'><\/span><span class='easy-footnote'><a href='https:\/\/vincentians.com\/fr\/jean-gabriel-perboyre-lettre-041-a-son-cousin-gabriel-a-montdidier\/#easy-footnote-bottom-5-105046' title='Vicart (Narcisse-Eug\u00e8ne), C.M., pr\u00eatre, n\u00e9 \u00e0 Doullens, dioc\u00e8se d\u2019Amiens, le 8 juin 1806\u00a0; re\u00e7u au s\u00e9minaire \u00e0 Paris le 25 janvier 1831\u00a0; fit les v\u0153ux \u00e0 Montdidier le 25 avril 1833\u00a0; d\u00e9c\u00e9d\u00e9 \u00e0 Montdidier le 13 avril 1849.'><sup>5<\/sup><\/a><\/span> peut signer sans scrupule la formule que je vous ai envoy\u00e9e. Vous l\u2019avez sign\u00e9e vous-m\u00eame, ainsi que tous ceux qui ont fait les v\u0153ux ici. Pour l\u2019uniformit\u00e9, il faut que ceux qui les font en province la souscrivent, parce que leur d\u00e9claration est annex\u00e9e au grand registre. Ceci au reste ne fait rien \u00e0 la validit\u00e9 des v\u0153ux. Sans avoir lu les Brefs d\u2019Alexandre\u00a0VII et de Cl\u00e9ment\u00a0X, M.\u00a0Vicart en conna\u00eet le contenu, puisqu\u2019ils se r\u00e9duisent \u00e0 expliquer notre v\u0153u de pauvret\u00e9 et dire que le Pape et le Sup\u00e9rieur g\u00e9n\u00e9ral peuvent seuls dispenser de nos v\u0153ux. Ainsi, il dira avec v\u00e9rit\u00e9\u00a0: <i>a me prob\u00e8 intellecta.<\/i><\/p>\n<p>Je vous envoie avec ces lettres un exemplaire des Constitutions, que M.\u00a0Odin aura la bont\u00e9 de vous remettre. C\u2019est un excellent confr\u00e8re, missionnaire en Am\u00e9rique. Il nous a beaucoup \u00e9difi\u00e9s et int\u00e9ress\u00e9s de toutes mani\u00e8res. Il va voir nos maisons de Picardie, montrez-lui toutes vos beaut\u00e9s, il vous montrera celles des sauvages\u00a0; surtout t\u00e2chez de lui procurer des secours pour l\u2019Am\u00e9rique. La nuit derni\u00e8re, le pauvre M.\u00a0Logerot<span id='easy-footnote-6-105046' class='easy-footnote-margin-adjust'><\/span><span class='easy-footnote'><a href='https:\/\/vincentians.com\/fr\/jean-gabriel-perboyre-lettre-041-a-son-cousin-gabriel-a-montdidier\/#easy-footnote-bottom-6-105046' title='Logerot (Jean-Baptiste), C.M., pr\u00eatre, n\u00e9 \u00e0 Villeroy, dioc\u00e8se de Langres, le 21 d\u00e9cembre 1762\u00a0; re\u00e7u au s\u00e9minaire \u00e0 Paris le 14 d\u00e9cembre 1779\u00a0; y a fait les v\u0153ux le 18 d\u00e9cembre 1781\u00a0; d\u00e9c\u00e9d\u00e9 \u00e0 Paris le 28 d\u00e9cembre 1833. (P. Coste, &lt;i&gt;op. cit.&lt;\/i&gt;, p. 391).'><sup>6<\/sup><\/a><\/span> est tomb\u00e9 de son lit et a \u00e9t\u00e9 trouv\u00e9 baign\u00e9 dans son sang. On l\u2019a saign\u00e9 et l\u2019on ignore si sa chute n\u2019aura pas de suites f\u00e2cheuses. Veuillez m\u2019acquitter aupr\u00e8s de tous vos Messieurs, et me croire en N. S.<\/p>\n<p>votre tr\u00e8s affectionn\u00e9 et d\u00e9vou\u00e9 cousin.<\/p>\n<p>J.G. Perboyre ind. p. d. l. m.<\/p>\n<p>Paris, le 19 d\u00e9cembre 1833.<\/p>\n","protected":false},"excerpt":{"rendered":"<p>Mon tr\u00e8s cher cousin, La gr\u00e2ce de N. S. soit toujours avec nous. Enfin voici venir les r\u00e9ponses aux questions que vous m\u2019avez adress\u00e9es. 1\u00b0 La permission du sup\u00e9rieur local vous suffit pour que vous &#8230; <a href=\"https:\/\/vincentians.com\/fr\/jean-gabriel-perboyre-lettre-041-a-son-cousin-gabriel-a-montdidier\/\" class=\"more-link\">Read More<\/a><\/p>\n","protected":false},"author":4,"featured_media":189778,"comment_status":"open","ping_status":"open","sticky":false,"template":"","format":"standard","meta":{"jetpack_post_was_ever_published":false,"_jetpack_newsletter_access":"","_jetpack_dont_email_post_to_subs":false,"_jetpack_newsletter_tier_id":0,"_jetpack_memberships_contains_paywalled_content":false,"_jetpack_memberships_contains_paid_content":false,"footnotes":"","jetpack_publicize_message":"","jetpack_publicize_feature_enabled":true,"jetpack_social_post_already_shared":true,"jetpack_social_options":{"image_generator_settings":{"template":"highway","default_image_id":0,"font":"","enabled":false},"version":2}},"categories":[114],"tags":[],"class_list":["post-105046","post","type-post","status-publish","format-standard","has-post-thumbnail","hentry","category-ecrits-de-jean-gabriel-perboyre"],"yoast_head":"<!-- This site is optimized with the Yoast SEO plugin v26.3 - https:\/\/yoast.com\/wordpress\/plugins\/seo\/ -->\n<title>Jean-Gabriel Perboyre, Lettre 041. A son Cousin Gabriel, \u00e0 Montdidier - Nous Sommes Vincentiens<\/title>\n<meta name=\"robots\" content=\"index, follow, max-snippet:-1, max-image-preview:large, max-video-preview:-1\" \/>\n<link rel=\"canonical\" href=\"https:\/\/vincentians.com\/fr\/jean-gabriel-perboyre-lettre-041-a-son-cousin-gabriel-a-montdidier\/\" \/>\n<meta property=\"og:locale\" content=\"fr_FR\" \/>\n<meta property=\"og:type\" content=\"article\" \/>\n<meta property=\"og:title\" content=\"Jean-Gabriel Perboyre, Lettre 041. A son Cousin Gabriel, \u00e0 Montdidier - Nous Sommes Vincentiens\" \/>\n<meta property=\"og:description\" content=\"Mon tr\u00e8s cher cousin, La gr\u00e2ce de N. S. soit toujours avec nous. Enfin voici venir les r\u00e9ponses aux questions que vous m\u2019avez adress\u00e9es. 1\u00b0 La permission du sup\u00e9rieur local vous suffit pour que vous ... Read More\" \/>\n<meta property=\"og:url\" content=\"https:\/\/vincentians.com\/fr\/jean-gabriel-perboyre-lettre-041-a-son-cousin-gabriel-a-montdidier\/\" \/>\n<meta property=\"og:site_name\" content=\"Nous Sommes Vincentiens\" \/>\n<meta property=\"article:publisher\" content=\"https:\/\/www.facebook.com\/WeAreVincentians\/\" \/>\n<meta property=\"article:author\" content=\"https:\/\/www.facebook.com\/JavierChento\" \/>\n<meta property=\"article:published_time\" content=\"2017-04-16T02:00:58+00:00\" \/>\n<meta property=\"og:image\" content=\"https:\/\/i0.wp.com\/vincentians.com\/fr\/wp-content\/uploads\/sites\/10\/2016\/07\/cartas-perboyre.jpg?fit=1200%2C630&ssl=1\" \/>\n\t<meta property=\"og:image:width\" content=\"1200\" \/>\n\t<meta property=\"og:image:height\" content=\"630\" \/>\n\t<meta property=\"og:image:type\" content=\"image\/jpeg\" \/>\n<meta name=\"author\" content=\"Francisco Javier Fern\u00e1ndez Chento\" \/>\n<meta name=\"twitter:card\" content=\"summary_large_image\" \/>\n<meta name=\"twitter:creator\" content=\"@https:\/\/twitter.com\/javierchento\" \/>\n<meta name=\"twitter:site\" content=\"@WeVincentians\" \/>\n<meta name=\"twitter:label1\" content=\"\u00c9crit par\" \/>\n\t<meta name=\"twitter:data1\" content=\"Francisco Javier Fern\u00e1ndez Chento\" \/>\n\t<meta name=\"twitter:label2\" content=\"Dur\u00e9e de lecture estim\u00e9e\" \/>\n\t<meta name=\"twitter:data2\" content=\"6 minutes\" \/>\n<script type=\"application\/ld+json\" class=\"yoast-schema-graph\">{\"@context\":\"https:\/\/schema.org\",\"@graph\":[{\"@type\":\"WebPage\",\"@id\":\"https:\/\/vincentians.com\/fr\/jean-gabriel-perboyre-lettre-041-a-son-cousin-gabriel-a-montdidier\/\",\"url\":\"https:\/\/vincentians.com\/fr\/jean-gabriel-perboyre-lettre-041-a-son-cousin-gabriel-a-montdidier\/\",\"name\":\"Jean-Gabriel Perboyre, Lettre 041. A son Cousin Gabriel, \u00e0 Montdidier - Nous Sommes Vincentiens\",\"isPartOf\":{\"@id\":\"http:\/\/vincentians.com\/fr\/#website\"},\"primaryImageOfPage\":{\"@id\":\"https:\/\/vincentians.com\/fr\/jean-gabriel-perboyre-lettre-041-a-son-cousin-gabriel-a-montdidier\/#primaryimage\"},\"image\":{\"@id\":\"https:\/\/vincentians.com\/fr\/jean-gabriel-perboyre-lettre-041-a-son-cousin-gabriel-a-montdidier\/#primaryimage\"},\"thumbnailUrl\":\"https:\/\/i0.wp.com\/vincentians.com\/fr\/wp-content\/uploads\/sites\/10\/2016\/07\/cartas-perboyre.jpg?fit=1200%2C630&ssl=1\",\"datePublished\":\"2017-04-16T02:00:58+00:00\",\"author\":{\"@id\":\"http:\/\/vincentians.com\/fr\/#\/schema\/person\/9623ef4d9aa3b2dfb8c061f1499288f2\"},\"breadcrumb\":{\"@id\":\"https:\/\/vincentians.com\/fr\/jean-gabriel-perboyre-lettre-041-a-son-cousin-gabriel-a-montdidier\/#breadcrumb\"},\"inLanguage\":\"fr-FR\",\"potentialAction\":[{\"@type\":\"ReadAction\",\"target\":[\"https:\/\/vincentians.com\/fr\/jean-gabriel-perboyre-lettre-041-a-son-cousin-gabriel-a-montdidier\/\"]}]},{\"@type\":\"ImageObject\",\"inLanguage\":\"fr-FR\",\"@id\":\"https:\/\/vincentians.com\/fr\/jean-gabriel-perboyre-lettre-041-a-son-cousin-gabriel-a-montdidier\/#primaryimage\",\"url\":\"https:\/\/i0.wp.com\/vincentians.com\/fr\/wp-content\/uploads\/sites\/10\/2016\/07\/cartas-perboyre.jpg?fit=1200%2C630&ssl=1\",\"contentUrl\":\"https:\/\/i0.wp.com\/vincentians.com\/fr\/wp-content\/uploads\/sites\/10\/2016\/07\/cartas-perboyre.jpg?fit=1200%2C630&ssl=1\",\"width\":1200,\"height\":630},{\"@type\":\"BreadcrumbList\",\"@id\":\"https:\/\/vincentians.com\/fr\/jean-gabriel-perboyre-lettre-041-a-son-cousin-gabriel-a-montdidier\/#breadcrumb\",\"itemListElement\":[{\"@type\":\"ListItem\",\"position\":1,\"name\":\"Portada\",\"item\":\"http:\/\/vincentians.com\/fr\/\"},{\"@type\":\"ListItem\",\"position\":2,\"name\":\"Jean-Gabriel Perboyre, Lettre 041. A son Cousin Gabriel, \u00e0 Montdidier\"}]},{\"@type\":\"WebSite\",\"@id\":\"http:\/\/vincentians.com\/fr\/#website\",\"url\":\"http:\/\/vincentians.com\/fr\/\",\"name\":\"Nous Sommes Vincentiens\",\"description\":\"Know more to serve more\",\"potentialAction\":[{\"@type\":\"SearchAction\",\"target\":{\"@type\":\"EntryPoint\",\"urlTemplate\":\"http:\/\/vincentians.com\/fr\/?s={search_term_string}\"},\"query-input\":{\"@type\":\"PropertyValueSpecification\",\"valueRequired\":true,\"valueName\":\"search_term_string\"}}],\"inLanguage\":\"fr-FR\"},{\"@type\":\"Person\",\"@id\":\"http:\/\/vincentians.com\/fr\/#\/schema\/person\/9623ef4d9aa3b2dfb8c061f1499288f2\",\"name\":\"Francisco Javier Fern\u00e1ndez Chento\",\"image\":{\"@type\":\"ImageObject\",\"inLanguage\":\"fr-FR\",\"@id\":\"http:\/\/vincentians.com\/fr\/#\/schema\/person\/image\/\",\"url\":\"https:\/\/secure.gravatar.com\/avatar\/497d5cde87b4c3d097d0315953521681ba2cd523ee66e5077c3711f7021e65de?s=96&d=mm&r=g\",\"contentUrl\":\"https:\/\/secure.gravatar.com\/avatar\/497d5cde87b4c3d097d0315953521681ba2cd523ee66e5077c3711f7021e65de?s=96&d=mm&r=g\",\"caption\":\"Francisco Javier Fern\u00e1ndez Chento\"},\"description\":\"Director General y cofundador de La Red de Formaci\u00f3n Vicenciana. Javier es laico vicenciano, afiliado a la Congregaci\u00f3n de la Misi\u00f3n y miembro del Equipo de Misiones Populares de la provincia can\u00f3nica de Zaragoza (Espa\u00f1a) de la Congregaci\u00f3n de la Misi\u00f3n. Graduado en la Universidad Oberta de Catalunya con cuatro grados (Asistente de direcci\u00f3n, Gesti\u00f3n Administrativa, Recursos Humanos y Contabilidad Avanzada). Bil\u00edng\u00fce Espa\u00f1ol\/Ingl\u00e9s. gestiona y mantiene varias p\u00e1ginas web cristianas y vicencianas, incluida including La Red de Formaci\u00f3n Vicenciana, de la que es cofundador. Actualmente es responsable del \u00e1rea de Espa\u00f1ol de .famvin, la Red de Noticias de la Familia Vicenciana. Tambi\u00e9n es m\u00fasico cat\u00f3lico y ha editado varios discos. Es Director General y cofundador de Trovador, una reconocida compa\u00f1\u00eda discogr\u00e1fica critiana de Espa\u00f1a. Trabaja en las Tecnolog\u00edas de la Informaci\u00f3n, ofreciendo servicios de alojamiento, dise\u00f1o y mantenimiento Web, as\u00ed como asesoramiento, formaci\u00f3n y soluciones inform\u00e1ticas, gesti\u00f3n documental y digitalizaci\u00f3n de textos, edici\u00f3n y maquetaci\u00f3n de libros, revistas, flyers, etc.\",\"sameAs\":[\"http:\/\/chento.org\",\"https:\/\/www.facebook.com\/JavierChento\",\"https:\/\/x.com\/https:\/\/twitter.com\/javierchento\"],\"url\":\"https:\/\/vincentians.com\/fr\/author\/chento\/\"}]}<\/script>\n<!-- \/ Yoast SEO plugin. -->","yoast_head_json":{"title":"Jean-Gabriel Perboyre, Lettre 041. A son Cousin Gabriel, \u00e0 Montdidier - Nous Sommes Vincentiens","robots":{"index":"index","follow":"follow","max-snippet":"max-snippet:-1","max-image-preview":"max-image-preview:large","max-video-preview":"max-video-preview:-1"},"canonical":"https:\/\/vincentians.com\/fr\/jean-gabriel-perboyre-lettre-041-a-son-cousin-gabriel-a-montdidier\/","og_locale":"fr_FR","og_type":"article","og_title":"Jean-Gabriel Perboyre, Lettre 041. A son Cousin Gabriel, \u00e0 Montdidier - Nous Sommes Vincentiens","og_description":"Mon tr\u00e8s cher cousin, La gr\u00e2ce de N. S. soit toujours avec nous. Enfin voici venir les r\u00e9ponses aux questions que vous m\u2019avez adress\u00e9es. 1\u00b0 La permission du sup\u00e9rieur local vous suffit pour que vous ... Read More","og_url":"https:\/\/vincentians.com\/fr\/jean-gabriel-perboyre-lettre-041-a-son-cousin-gabriel-a-montdidier\/","og_site_name":"Nous Sommes Vincentiens","article_publisher":"https:\/\/www.facebook.com\/WeAreVincentians\/","article_author":"https:\/\/www.facebook.com\/JavierChento","article_published_time":"2017-04-16T02:00:58+00:00","og_image":[{"width":1200,"height":630,"url":"https:\/\/i0.wp.com\/vincentians.com\/fr\/wp-content\/uploads\/sites\/10\/2016\/07\/cartas-perboyre.jpg?fit=1200%2C630&ssl=1","type":"image\/jpeg"}],"author":"Francisco Javier Fern\u00e1ndez Chento","twitter_card":"summary_large_image","twitter_creator":"@https:\/\/twitter.com\/javierchento","twitter_site":"@WeVincentians","twitter_misc":{"\u00c9crit par":"Francisco Javier Fern\u00e1ndez Chento","Dur\u00e9e de lecture estim\u00e9e":"6 minutes"},"schema":{"@context":"https:\/\/schema.org","@graph":[{"@type":"WebPage","@id":"https:\/\/vincentians.com\/fr\/jean-gabriel-perboyre-lettre-041-a-son-cousin-gabriel-a-montdidier\/","url":"https:\/\/vincentians.com\/fr\/jean-gabriel-perboyre-lettre-041-a-son-cousin-gabriel-a-montdidier\/","name":"Jean-Gabriel Perboyre, Lettre 041. A son Cousin Gabriel, \u00e0 Montdidier - Nous Sommes Vincentiens","isPartOf":{"@id":"http:\/\/vincentians.com\/fr\/#website"},"primaryImageOfPage":{"@id":"https:\/\/vincentians.com\/fr\/jean-gabriel-perboyre-lettre-041-a-son-cousin-gabriel-a-montdidier\/#primaryimage"},"image":{"@id":"https:\/\/vincentians.com\/fr\/jean-gabriel-perboyre-lettre-041-a-son-cousin-gabriel-a-montdidier\/#primaryimage"},"thumbnailUrl":"https:\/\/i0.wp.com\/vincentians.com\/fr\/wp-content\/uploads\/sites\/10\/2016\/07\/cartas-perboyre.jpg?fit=1200%2C630&ssl=1","datePublished":"2017-04-16T02:00:58+00:00","author":{"@id":"http:\/\/vincentians.com\/fr\/#\/schema\/person\/9623ef4d9aa3b2dfb8c061f1499288f2"},"breadcrumb":{"@id":"https:\/\/vincentians.com\/fr\/jean-gabriel-perboyre-lettre-041-a-son-cousin-gabriel-a-montdidier\/#breadcrumb"},"inLanguage":"fr-FR","potentialAction":[{"@type":"ReadAction","target":["https:\/\/vincentians.com\/fr\/jean-gabriel-perboyre-lettre-041-a-son-cousin-gabriel-a-montdidier\/"]}]},{"@type":"ImageObject","inLanguage":"fr-FR","@id":"https:\/\/vincentians.com\/fr\/jean-gabriel-perboyre-lettre-041-a-son-cousin-gabriel-a-montdidier\/#primaryimage","url":"https:\/\/i0.wp.com\/vincentians.com\/fr\/wp-content\/uploads\/sites\/10\/2016\/07\/cartas-perboyre.jpg?fit=1200%2C630&ssl=1","contentUrl":"https:\/\/i0.wp.com\/vincentians.com\/fr\/wp-content\/uploads\/sites\/10\/2016\/07\/cartas-perboyre.jpg?fit=1200%2C630&ssl=1","width":1200,"height":630},{"@type":"BreadcrumbList","@id":"https:\/\/vincentians.com\/fr\/jean-gabriel-perboyre-lettre-041-a-son-cousin-gabriel-a-montdidier\/#breadcrumb","itemListElement":[{"@type":"ListItem","position":1,"name":"Portada","item":"http:\/\/vincentians.com\/fr\/"},{"@type":"ListItem","position":2,"name":"Jean-Gabriel Perboyre, Lettre 041. A son Cousin Gabriel, \u00e0 Montdidier"}]},{"@type":"WebSite","@id":"http:\/\/vincentians.com\/fr\/#website","url":"http:\/\/vincentians.com\/fr\/","name":"Nous Sommes Vincentiens","description":"Know more to serve more","potentialAction":[{"@type":"SearchAction","target":{"@type":"EntryPoint","urlTemplate":"http:\/\/vincentians.com\/fr\/?s={search_term_string}"},"query-input":{"@type":"PropertyValueSpecification","valueRequired":true,"valueName":"search_term_string"}}],"inLanguage":"fr-FR"},{"@type":"Person","@id":"http:\/\/vincentians.com\/fr\/#\/schema\/person\/9623ef4d9aa3b2dfb8c061f1499288f2","name":"Francisco Javier Fern\u00e1ndez Chento","image":{"@type":"ImageObject","inLanguage":"fr-FR","@id":"http:\/\/vincentians.com\/fr\/#\/schema\/person\/image\/","url":"https:\/\/secure.gravatar.com\/avatar\/497d5cde87b4c3d097d0315953521681ba2cd523ee66e5077c3711f7021e65de?s=96&d=mm&r=g","contentUrl":"https:\/\/secure.gravatar.com\/avatar\/497d5cde87b4c3d097d0315953521681ba2cd523ee66e5077c3711f7021e65de?s=96&d=mm&r=g","caption":"Francisco Javier Fern\u00e1ndez Chento"},"description":"Director General y cofundador de La Red de Formaci\u00f3n Vicenciana. Javier es laico vicenciano, afiliado a la Congregaci\u00f3n de la Misi\u00f3n y miembro del Equipo de Misiones Populares de la provincia can\u00f3nica de Zaragoza (Espa\u00f1a) de la Congregaci\u00f3n de la Misi\u00f3n. Graduado en la Universidad Oberta de Catalunya con cuatro grados (Asistente de direcci\u00f3n, Gesti\u00f3n Administrativa, Recursos Humanos y Contabilidad Avanzada). Bil\u00edng\u00fce Espa\u00f1ol\/Ingl\u00e9s. gestiona y mantiene varias p\u00e1ginas web cristianas y vicencianas, incluida including La Red de Formaci\u00f3n Vicenciana, de la que es cofundador. Actualmente es responsable del \u00e1rea de Espa\u00f1ol de .famvin, la Red de Noticias de la Familia Vicenciana. Tambi\u00e9n es m\u00fasico cat\u00f3lico y ha editado varios discos. Es Director General y cofundador de Trovador, una reconocida compa\u00f1\u00eda discogr\u00e1fica critiana de Espa\u00f1a. Trabaja en las Tecnolog\u00edas de la Informaci\u00f3n, ofreciendo servicios de alojamiento, dise\u00f1o y mantenimiento Web, as\u00ed como asesoramiento, formaci\u00f3n y soluciones inform\u00e1ticas, gesti\u00f3n documental y digitalizaci\u00f3n de textos, edici\u00f3n y maquetaci\u00f3n de libros, revistas, flyers, etc.","sameAs":["http:\/\/chento.org","https:\/\/www.facebook.com\/JavierChento","https:\/\/x.com\/https:\/\/twitter.com\/javierchento"],"url":"https:\/\/vincentians.com\/fr\/author\/chento\/"}]}},"jetpack_publicize_connections":[],"jetpack_featured_media_url":"https:\/\/i0.wp.com\/vincentians.com\/fr\/wp-content\/uploads\/sites\/10\/2016\/07\/cartas-perboyre.jpg?fit=1200%2C630&ssl=1","jetpack_sharing_enabled":true,"jetpack_shortlink":"https:\/\/wp.me\/p7ETMP-rki","jetpack-related-posts":[{"id":105044,"url":"https:\/\/vincentians.com\/fr\/jean-gabriel-perboyre-lettre-039-a-son-oncle-a-montauban\/","url_meta":{"origin":105046,"position":0},"title":"Jean-Gabriel Perboyre, Lettre 039. A son Oncle, \u00e0 Montauban","author":"Francisco Javier Fern\u00e1ndez Chento","date":"02\/04\/2017","format":false,"excerpt":"Mon tr\u00e8s cher oncle, J\u2019ai un peu diff\u00e9r\u00e9 de r\u00e9pondre \u00e0 votre derni\u00e8re lettre, parce que je ne voulais pas seulement vous annoncer l\u2019arriv\u00e9e de M.\u00a0Deljougla, mais encore la d\u00e9termination qu\u2019il aurait prise apr\u00e8s avoir pass\u00e9 par la retraite. Sa vocation n\u2019\u00e9tait fond\u00e9e sur rien de solide et de surnaturel\u00a0:\u2026","rel":"","context":"Dans &quot;\u00c9crits de Jean-Gabriel Perboyre&quot;","block_context":{"text":"\u00c9crits de Jean-Gabriel Perboyre","link":"https:\/\/vincentians.com\/fr\/category\/ecrits-de-jean-gabriel-perboyre\/"},"img":{"alt_text":"","src":"https:\/\/i0.wp.com\/vincentians.com\/fr\/wp-content\/uploads\/sites\/10\/2016\/07\/cartas-perboyre.jpg?fit=1200%2C630&ssl=1&resize=350%2C200","width":350,"height":200,"srcset":"https:\/\/i0.wp.com\/vincentians.com\/fr\/wp-content\/uploads\/sites\/10\/2016\/07\/cartas-perboyre.jpg?fit=1200%2C630&ssl=1&resize=350%2C200 1x, https:\/\/i0.wp.com\/vincentians.com\/fr\/wp-content\/uploads\/sites\/10\/2016\/07\/cartas-perboyre.jpg?fit=1200%2C630&ssl=1&resize=525%2C300 1.5x, https:\/\/i0.wp.com\/vincentians.com\/fr\/wp-content\/uploads\/sites\/10\/2016\/07\/cartas-perboyre.jpg?fit=1200%2C630&ssl=1&resize=700%2C400 2x, https:\/\/i0.wp.com\/vincentians.com\/fr\/wp-content\/uploads\/sites\/10\/2016\/07\/cartas-perboyre.jpg?fit=1200%2C630&ssl=1&resize=1050%2C600 3x"},"classes":[]},{"id":105353,"url":"https:\/\/vincentians.com\/fr\/jean-gabriel-perboyre-lettre-044-a-son-oncle-a-montauban\/","url_meta":{"origin":105046,"position":1},"title":"Jean-Gabriel Perboyre, Lettre 044. A son Oncle, \u00e0 Montauban","author":"Francisco Javier Fern\u00e1ndez Chento","date":"07\/05\/2017","format":false,"excerpt":"Mon tr\u00e8s cher oncle, Apr\u00e8s avoir pr\u00e9sent\u00e9 \u00e0 M.\u00a0le G\u00e9n\u00e9ral vos respects et vos remerciements, je lui ai expos\u00e9 votre d\u00e9sir d\u2019avoir la permission de manger avec nos s\u0153urs quand vous allez chez elles pour 1es confesser. J\u2019ai t\u00e2ch\u00e9 de bien plaider votre cause\u00a0; cependant je n\u2019ai pu la gagner.\u2026","rel":"","context":"Dans &quot;\u00c9crits de Jean-Gabriel Perboyre&quot;","block_context":{"text":"\u00c9crits de Jean-Gabriel Perboyre","link":"https:\/\/vincentians.com\/fr\/category\/ecrits-de-jean-gabriel-perboyre\/"},"img":{"alt_text":"","src":"https:\/\/i0.wp.com\/vincentians.com\/fr\/wp-content\/uploads\/sites\/10\/2016\/07\/cartas-perboyre.jpg?fit=1200%2C630&ssl=1&resize=350%2C200","width":350,"height":200,"srcset":"https:\/\/i0.wp.com\/vincentians.com\/fr\/wp-content\/uploads\/sites\/10\/2016\/07\/cartas-perboyre.jpg?fit=1200%2C630&ssl=1&resize=350%2C200 1x, https:\/\/i0.wp.com\/vincentians.com\/fr\/wp-content\/uploads\/sites\/10\/2016\/07\/cartas-perboyre.jpg?fit=1200%2C630&ssl=1&resize=525%2C300 1.5x, https:\/\/i0.wp.com\/vincentians.com\/fr\/wp-content\/uploads\/sites\/10\/2016\/07\/cartas-perboyre.jpg?fit=1200%2C630&ssl=1&resize=700%2C400 2x, https:\/\/i0.wp.com\/vincentians.com\/fr\/wp-content\/uploads\/sites\/10\/2016\/07\/cartas-perboyre.jpg?fit=1200%2C630&ssl=1&resize=1050%2C600 3x"},"classes":[]},{"id":104472,"url":"https:\/\/vincentians.com\/fr\/jean-gabriel-perboyre-lettre-033-a-son-oncle-a-montauban\/","url_meta":{"origin":105046,"position":2},"title":"Jean-Gabriel Perboyre, Lettre 033. A son Oncle, \u00e0 Montauban","author":"Francisco Javier Fern\u00e1ndez Chento","date":"19\/02\/2017","format":false,"excerpt":"Mon tr\u00e8s cher oncle, J\u2019ai trop diff\u00e9r\u00e9 de vous donner la r\u00e9ponse que vous attendiez. Je ne chercherai point d\u2019excuses parce que je n\u2019en trouverais pas de bonnes. Apollonie est arriv\u00e9e heureusement avec ses deux compagnes. Elles m\u2019ont charg\u00e9 de vous l\u2019annoncer parce qu\u2019elles ne peuvent pas vous \u00e9crire encore.\u2026","rel":"","context":"Dans &quot;\u00c9crits de Jean-Gabriel Perboyre&quot;","block_context":{"text":"\u00c9crits de Jean-Gabriel Perboyre","link":"https:\/\/vincentians.com\/fr\/category\/ecrits-de-jean-gabriel-perboyre\/"},"img":{"alt_text":"","src":"https:\/\/i0.wp.com\/vincentians.com\/fr\/wp-content\/uploads\/sites\/10\/2016\/07\/cartas-perboyre.jpg?fit=1200%2C630&ssl=1&resize=350%2C200","width":350,"height":200,"srcset":"https:\/\/i0.wp.com\/vincentians.com\/fr\/wp-content\/uploads\/sites\/10\/2016\/07\/cartas-perboyre.jpg?fit=1200%2C630&ssl=1&resize=350%2C200 1x, https:\/\/i0.wp.com\/vincentians.com\/fr\/wp-content\/uploads\/sites\/10\/2016\/07\/cartas-perboyre.jpg?fit=1200%2C630&ssl=1&resize=525%2C300 1.5x, https:\/\/i0.wp.com\/vincentians.com\/fr\/wp-content\/uploads\/sites\/10\/2016\/07\/cartas-perboyre.jpg?fit=1200%2C630&ssl=1&resize=700%2C400 2x, https:\/\/i0.wp.com\/vincentians.com\/fr\/wp-content\/uploads\/sites\/10\/2016\/07\/cartas-perboyre.jpg?fit=1200%2C630&ssl=1&resize=1050%2C600 3x"},"classes":[]},{"id":104479,"url":"https:\/\/vincentians.com\/fr\/jean-gabriel-perboyre-lettre-027-a-son-cousin-a-montgesty\/","url_meta":{"origin":105046,"position":3},"title":"Jean-Gabriel Perboyre, Lettre 027. A son Cousin, \u00e0 Montgesty","author":"Francisco Javier Fern\u00e1ndez Chento","date":"08\/01\/2017","format":false,"excerpt":"Mon cher cousin, Vos lettres m\u2019ont fait un bien sensible plaisir. Je vous en remercie comme d\u2019autant de cadeaux. Je regrette que mes occupations ne m\u2019aient pas permis de vous r\u00e9pondre plus t\u00f4t et plus souvent. Maintenant nous sommes en vacances\u00a0; j\u2019allais vous \u00e9crire par la poste, si je n\u2019avais\u2026","rel":"","context":"Dans &quot;\u00c9crits de Jean-Gabriel Perboyre&quot;","block_context":{"text":"\u00c9crits de Jean-Gabriel Perboyre","link":"https:\/\/vincentians.com\/fr\/category\/ecrits-de-jean-gabriel-perboyre\/"},"img":{"alt_text":"","src":"https:\/\/i0.wp.com\/vincentians.com\/fr\/wp-content\/uploads\/sites\/10\/2016\/07\/cartas-perboyre.jpg?fit=1200%2C630&ssl=1&resize=350%2C200","width":350,"height":200,"srcset":"https:\/\/i0.wp.com\/vincentians.com\/fr\/wp-content\/uploads\/sites\/10\/2016\/07\/cartas-perboyre.jpg?fit=1200%2C630&ssl=1&resize=350%2C200 1x, https:\/\/i0.wp.com\/vincentians.com\/fr\/wp-content\/uploads\/sites\/10\/2016\/07\/cartas-perboyre.jpg?fit=1200%2C630&ssl=1&resize=525%2C300 1.5x, https:\/\/i0.wp.com\/vincentians.com\/fr\/wp-content\/uploads\/sites\/10\/2016\/07\/cartas-perboyre.jpg?fit=1200%2C630&ssl=1&resize=700%2C400 2x, https:\/\/i0.wp.com\/vincentians.com\/fr\/wp-content\/uploads\/sites\/10\/2016\/07\/cartas-perboyre.jpg?fit=1200%2C630&ssl=1&resize=1050%2C600 3x"},"classes":[]},{"id":105040,"url":"https:\/\/vincentians.com\/fr\/jean-gabriel-perboyre-lettre-035-a-son-cousin-a-montgesty\/","url_meta":{"origin":105046,"position":4},"title":"Jean-Gabriel Perboyre, Lettre 035. A son Cousin, \u00e0 Montgesty","author":"Francisco Javier Fern\u00e1ndez Chento","date":"05\/03\/2017","format":false,"excerpt":"[1833] Mon tr\u00e8s cher cousin, J\u2019ai re\u00e7u votre lettre avec plaisir, mais je regrette que vous ne me parliez pas de votre sant\u00e9. J\u2019ai appris qu\u2019elle \u00e9tait en tr\u00e8s mauvais \u00e9tat. Il me tarde de savoir si vous allez mieux. T\u00e2chez de vous soigner de mani\u00e8re \u00e0 vous bien r\u00e9tablir.\u2026","rel":"","context":"Dans &quot;\u00c9crits de Jean-Gabriel Perboyre&quot;","block_context":{"text":"\u00c9crits de Jean-Gabriel Perboyre","link":"https:\/\/vincentians.com\/fr\/category\/ecrits-de-jean-gabriel-perboyre\/"},"img":{"alt_text":"","src":"https:\/\/i0.wp.com\/vincentians.com\/fr\/wp-content\/uploads\/sites\/10\/2016\/07\/cartas-perboyre.jpg?fit=1200%2C630&ssl=1&resize=350%2C200","width":350,"height":200,"srcset":"https:\/\/i0.wp.com\/vincentians.com\/fr\/wp-content\/uploads\/sites\/10\/2016\/07\/cartas-perboyre.jpg?fit=1200%2C630&ssl=1&resize=350%2C200 1x, https:\/\/i0.wp.com\/vincentians.com\/fr\/wp-content\/uploads\/sites\/10\/2016\/07\/cartas-perboyre.jpg?fit=1200%2C630&ssl=1&resize=525%2C300 1.5x, https:\/\/i0.wp.com\/vincentians.com\/fr\/wp-content\/uploads\/sites\/10\/2016\/07\/cartas-perboyre.jpg?fit=1200%2C630&ssl=1&resize=700%2C400 2x, https:\/\/i0.wp.com\/vincentians.com\/fr\/wp-content\/uploads\/sites\/10\/2016\/07\/cartas-perboyre.jpg?fit=1200%2C630&ssl=1&resize=1050%2C600 3x"},"classes":[]},{"id":107171,"url":"https:\/\/vincentians.com\/fr\/jean-gabriel-perboyre-lettre-048-a-son-oncle-a-montauban\/","url_meta":{"origin":105046,"position":5},"title":"Jean-Gabriel Perboyre, Lettre 048. A son Oncle, \u00e0 Montauban","author":"Francisco Javier Fern\u00e1ndez Chento","date":"04\/06\/2017","format":false,"excerpt":"Paris, le 20 mai 1834. Mon tr\u00e8s cher oncle, Votre derni\u00e8re lettre pour mon cousin Gabriel doit \u00eatre arriv\u00e9e ce matin \u00e0 sa destination. M.\u00a0Gratacap a bien voulu se donner la peine de venir me voir aussit\u00f4t apr\u00e8s son arriv\u00e9e et m\u2019honorer plusieurs fois de ses visites. Comme c\u2019est aujourd\u2019hui\u2026","rel":"","context":"Dans &quot;\u00c9crits de Jean-Gabriel Perboyre&quot;","block_context":{"text":"\u00c9crits de Jean-Gabriel Perboyre","link":"https:\/\/vincentians.com\/fr\/category\/ecrits-de-jean-gabriel-perboyre\/"},"img":{"alt_text":"","src":"https:\/\/i0.wp.com\/vincentians.com\/fr\/wp-content\/uploads\/sites\/10\/2016\/07\/cartas-perboyre.jpg?fit=1200%2C630&ssl=1&resize=350%2C200","width":350,"height":200,"srcset":"https:\/\/i0.wp.com\/vincentians.com\/fr\/wp-content\/uploads\/sites\/10\/2016\/07\/cartas-perboyre.jpg?fit=1200%2C630&ssl=1&resize=350%2C200 1x, https:\/\/i0.wp.com\/vincentians.com\/fr\/wp-content\/uploads\/sites\/10\/2016\/07\/cartas-perboyre.jpg?fit=1200%2C630&ssl=1&resize=525%2C300 1.5x, https:\/\/i0.wp.com\/vincentians.com\/fr\/wp-content\/uploads\/sites\/10\/2016\/07\/cartas-perboyre.jpg?fit=1200%2C630&ssl=1&resize=700%2C400 2x, https:\/\/i0.wp.com\/vincentians.com\/fr\/wp-content\/uploads\/sites\/10\/2016\/07\/cartas-perboyre.jpg?fit=1200%2C630&ssl=1&resize=1050%2C600 3x"},"classes":[]}],"_links":{"self":[{"href":"https:\/\/vincentians.com\/fr\/wp-json\/wp\/v2\/posts\/105046","targetHints":{"allow":["GET"]}}],"collection":[{"href":"https:\/\/vincentians.com\/fr\/wp-json\/wp\/v2\/posts"}],"about":[{"href":"https:\/\/vincentians.com\/fr\/wp-json\/wp\/v2\/types\/post"}],"author":[{"embeddable":true,"href":"https:\/\/vincentians.com\/fr\/wp-json\/wp\/v2\/users\/4"}],"replies":[{"embeddable":true,"href":"https:\/\/vincentians.com\/fr\/wp-json\/wp\/v2\/comments?post=105046"}],"version-history":[{"count":0,"href":"https:\/\/vincentians.com\/fr\/wp-json\/wp\/v2\/posts\/105046\/revisions"}],"wp:featuredmedia":[{"embeddable":true,"href":"https:\/\/vincentians.com\/fr\/wp-json\/wp\/v2\/media\/189778"}],"wp:attachment":[{"href":"https:\/\/vincentians.com\/fr\/wp-json\/wp\/v2\/media?parent=105046"}],"wp:term":[{"taxonomy":"category","embeddable":true,"href":"https:\/\/vincentians.com\/fr\/wp-json\/wp\/v2\/categories?post=105046"},{"taxonomy":"post_tag","embeddable":true,"href":"https:\/\/vincentians.com\/fr\/wp-json\/wp\/v2\/tags?post=105046"}],"curies":[{"name":"wp","href":"https:\/\/api.w.org\/{rel}","templated":true}]}}