{"id":105045,"date":"2017-04-09T04:00:58","date_gmt":"2017-04-09T02:00:58","guid":{"rendered":"http:\/\/vincentiens.org\/?p=105045"},"modified":"2016-08-11T21:53:00","modified_gmt":"2016-08-11T19:53:00","slug":"jean-gabriel-perboyre-lettre-040-a-son-oncle-a-montauban","status":"publish","type":"post","link":"https:\/\/vincentians.com\/fr\/jean-gabriel-perboyre-lettre-040-a-son-oncle-a-montauban\/","title":{"rendered":"Jean-Gabriel Perboyre, Lettre 040. A son Oncle, \u00e0 Montauban"},"content":{"rendered":"<p>Paris, le 14 d\u00e9cembre 1833.<\/p>\n<p>Mon tr\u00e8s cher oncle,<\/p>\n<p>J\u2019ai parl\u00e9 de votre affaire \u00e0 la sup\u00e9rieure g\u00e9n\u00e9rale des S\u0153urs, en pr\u00e9sence de M.\u00a0Richenet<span id='easy-footnote-1-105045' class='easy-footnote-margin-adjust'><\/span><span class='easy-footnote'><a href='https:\/\/vincentians.com\/fr\/jean-gabriel-perboyre-lettre-040-a-son-oncle-a-montauban\/#easy-footnote-bottom-1-105045' title='Richenet ( Jean-Fran\u00e7ois), C.M., Pr\u00eatre, n\u00e9 au Petit-Noir, alors au dioc\u00e8se de Besan\u00e7on, le 4 septembre 1759\u00a0; re\u00e7u au s\u00e9minaire \u00e0 Paris le 22 mai 1781\u00a0; il y fit les v\u0153ux le 23 mai 1783. Arriv\u00e9 \u00e0 Macao le 16 f\u00e9vrier 1801\u00a0; destin\u00e9 \u00e0 P\u00e9kin, il attendit vainement cinq ans pour pouvoir s\u2019y rendre\u00a0; fut ensuite charg\u00e9 de la procure de la mission de P\u00e9kin \u00e0 Canton. En 1815 il rentra en France\u00a0; dans la suite il devint assistant du Sup\u00e9rieur G\u00e9n\u00e9ral. D\u00e9c\u00e9d\u00e9 \u00e0 Paris le 19 juillet 1836.'><sup>1<\/sup><\/a><\/span>, Directeur g\u00e9n\u00e9ral des Filles de la Charit\u00e9. On ne refuse pas la Mis\u00e9ricorde de Montauban, mais on ne peut pas s\u2019en charger avant un an\u00a0: plusieurs \u00e9tablissements qu\u2019on vient de prendre absorberont jusque l\u00e0 tous les sujets disponibles\u00a0; une nombreuse colonie a \u00e9t\u00e9 envoy\u00e9e derni\u00e8rement en Sardaigne. On esp\u00e8re que dans un an environ, on sera \u00e0 m\u00eame de fournir l\u2019\u00e9tablissement que Montauban d\u00e9sire leur confier. Ainsi la ville peut agir en cons\u00e9quence, c\u2019est-\u00e0-dire tout pr\u00e9parer pour cette \u00e9poque. Voici les principales choses n\u00e9cessaires\u00a0: chaque s\u0153ur doit avoir une pension annuelle de 500 Fr.\u00a0; il faut qu\u2019il y ait des fonds fixes pour les pauvres. Enfin il faut aux S\u0153urs une maison convenable o\u00f9 elles puissent avoir une pharmacie, une petite chapelle, un dortoir, une salle de travail, une salle ou cour pour recevoir les pauvres, s\u2019il y a distribution de soupes \u00e9conomiques. La maison doit \u00eatre meubl\u00e9e et plac\u00e9e vers le centre de la ville et le plus pr\u00e8s possible d\u2019une \u00e9glise, par ex. de la Cath\u00e9drale ou de Saint-Jacques. Pour tout cela et le reste il n\u2019y a qu\u2019\u00e0 s\u2019entendre avec la s\u0153ur Pujols qui serait autoris\u00e9e \u00e0 agir au nom de la Communaut\u00e9.<\/p>\n<p>En attendant que vous receviez la circulaire du premier de l\u2019an, qui est sous presse, je vous en fais passer une adress\u00e9e seulement aux confr\u00e8res fran\u00e7ais.<\/p>\n<p>M.\u00a0le G\u00e9n\u00e9ral, qui se porte assez bien, vous offre mille honn\u00eatet\u00e9s. Tous les autres Messieurs m\u2019ont \u00e9galement charg\u00e9 de vous pr\u00e9senter leurs souvenirs et leurs respects.<\/p>\n<p>M.\u00a0Boullangier<span id='easy-footnote-2-105045' class='easy-footnote-margin-adjust'><\/span><span class='easy-footnote'><a href='https:\/\/vincentians.com\/fr\/jean-gabriel-perboyre-lettre-040-a-son-oncle-a-montauban\/#easy-footnote-bottom-2-105045' title='Boullangier, voir Lettre 9, note 1, p. 15.'><sup>2<\/sup><\/a><\/span> a \u00e9t\u00e9 aux portes la mort. On lui a administr\u00e9 les derniers sacrements\u00a0; je lui ai r\u00e9cit\u00e9 la pri\u00e8re des agonisants\u00a0; le chirurgien avait prononc\u00e9 qu\u2019il n\u2019y avait plus de ressource\u00a0; il l\u2019avait abandonn\u00e9 apr\u00e8s l\u2019avoir embrass\u00e9 en signe de derniers adieux. Mais voil\u00e0 qu\u2019au milieu des crises les plus affreuses, lorsqu\u2019on ne s\u2019attendait plus qu\u2019\u00e0 le voir expirer d\u2019un moment \u00e0 l\u2019autre, M.\u00a0Aladel lui donna la m\u00e9daille miraculeuse<span id='easy-footnote-3-105045' class='easy-footnote-margin-adjust'><\/span><span class='easy-footnote'><a href='https:\/\/vincentians.com\/fr\/jean-gabriel-perboyre-lettre-040-a-son-oncle-a-montauban\/#easy-footnote-bottom-3-105045' title='C\u2019est la M\u00e9daille miraculeuse, r\u00e9v\u00e9l\u00e9e le 27 novembre 1830 \u00e0 sainte Catherine Labour\u00e9, Fille de la Charit\u00e9.'><sup>3<\/sup><\/a><\/span>de l\u2019Immacul\u00e9e Conception, qu\u2019il re\u00e7ut avec la plus grande d\u00e9votion en la mettant sur son c\u0153ur. D\u00e8s lors, ses cruelles douleurs disparurent presque enti\u00e8rement\u00a0; la hernie monstrueuse que l\u2019art et les longs efforts du chirurgien n\u2019avaient pu r\u00e9duire, se ramollit et rentra comme d\u2019elle-m\u00eame. Notre docteur a vu comme un vrai miracle dans cette gu\u00e9rison\u00a0; tous les m\u00e9decins de Paris y ont vu un ph\u00e9nom\u00e8ne inou\u00ef et naturellement inexplicable. Le r\u00e9cit de cette gu\u00e9rison a op\u00e9r\u00e9 une conversion bien marquante d\u2019un vieux p\u00e9cheur.<\/p>\n<p>La m\u00e9daille dont je vous ai parl\u00e9 est celle qui en 1830, fut r\u00e9v\u00e9l\u00e9e par la Sainte Vierge \u00e0 une s\u00e9minariste des S\u0153urs de la Charit\u00e9. Il s\u2019est d\u00e9j\u00e0 r\u00e9pandu par milliers de ces m\u00e9dailles dans toutes les parties de la France et en Belgique\u00a0; elles op\u00e8rent de nombreux miracles, gu\u00e9risons, conversions. Je vous en enverrai quelques-unes \u00e0 la premi\u00e8re occasion.<\/p>\n<p>Nous, avons ici, en ce moment, un de nos missionnaires d\u2019Am\u00e9rique, M.\u00a0Odin<span id='easy-footnote-4-105045' class='easy-footnote-margin-adjust'><\/span><span class='easy-footnote'><a href='https:\/\/vincentians.com\/fr\/jean-gabriel-perboyre-lettre-040-a-son-oncle-a-montauban\/#easy-footnote-bottom-4-105045' title='Odin (Jean-Marie), C.M., \u00e9v\u00eaque, n\u00e9 \u00e0 Hauteville, paroisse d\u2019Ambierle, dioc\u00e8se de Lyon, le 25 f\u00e9vrier 1800\u00a0; missionnaire aux Etats-Unis\u00a0; re\u00e7u au s\u00e9minaire le 8 novembre 1822\u00a0; ordonn\u00e9 pr\u00eatre le 4 mai 1823\u00a0; sacr\u00e9 \u00e9v\u00eaque de Claudiopolis et vic. ap. du Texas le 6 mars 1842\u00a0; \u00e9v\u00eaque de Galveston en 1847\u00a0; le 15 f\u00e9vrier 1862 archev\u00eaque de la Nouvelle-Orl\u00e9ans\u00a0; d\u00e9c\u00e9d\u00e9 le 25 mai 1870.'><sup>4<\/sup><\/a><\/span>. Il fait un voyage \u00e0 Rome. Il demande \u00e0 grands cris des ouvriers pour recueillir une abondante moisson parmi les protestants et les sauvages.<\/p>\n<p>Je n\u2019ai pas vu M.\u00a0Deljougla depuis plus de huit jours. La derni\u00e8re fois que je l\u2019ai vu, il se proposait de repartir incessamment, ne recevant rien de ce qu\u2019il lui fallait pour entrer \u00e0 Saint-Sulpice. Nous venons d\u2019admettre au s\u00e9minaire un de mes anciens \u00e9l\u00e8ves de Saint-Flour. Mon fr\u00e8re se porte bien\u00a0; ma s\u0153ur a eu une l\u00e9g\u00e8re indisposition. Tous les deux vous prient d\u2019agr\u00e9er leurs respects.<\/p>\n<p>Ma S\u0153ur Pellet qui vient de recevoir l\u2019habit a \u00e9t\u00e9 plac\u00e9e \u00e0 Jouarre. Les m\u00e8res du s\u00e9minaire sont bien contentes des deux autres Montalbanaises, surtout de la S\u0153ur Mas<span id='easy-footnote-5-105045' class='easy-footnote-margin-adjust'><\/span><span class='easy-footnote'><a href='https:\/\/vincentians.com\/fr\/jean-gabriel-perboyre-lettre-040-a-son-oncle-a-montauban\/#easy-footnote-bottom-5-105045' title='S\u0153ur Jeanne Mas, Fille de la Charit\u00e9, d\u00e9c\u00e9d\u00e9e le 15 mars 1875, \u00e0 l\u2019\u00e2ge de 66 ans et 41 de vocation.'><sup>5<\/sup><\/a><\/span>. Veuillez pr\u00e9senter mes respects \u00e0 MM.\u00a0Gratacap et Capmeils, aux MM.\u00a0du S\u00e9minaire et aux autres eccl\u00e9siastiques de ma connaissance, \u00e0 nos s\u0153urs, \u00e0 mes cousines et \u00e0 M.\u00a0Ligougne.<\/p>\n<p>Je suis avec le plus inviolable attachement, mon tr\u00e8s cher oncle, votre tr\u00e8s respectueux neveu.<\/p>\n<p>J.G. Perboyre ind. p. d. l. m.<\/p>\n","protected":false},"excerpt":{"rendered":"<p>Paris, le 14 d\u00e9cembre 1833. Mon tr\u00e8s cher oncle, J\u2019ai parl\u00e9 de votre affaire \u00e0 la sup\u00e9rieure g\u00e9n\u00e9rale des S\u0153urs, en pr\u00e9sence de M.\u00a0Richenet, Directeur g\u00e9n\u00e9ral des Filles de la Charit\u00e9. On ne refuse pas &#8230; <a href=\"https:\/\/vincentians.com\/fr\/jean-gabriel-perboyre-lettre-040-a-son-oncle-a-montauban\/\" class=\"more-link\">Read More<\/a><\/p>\n","protected":false},"author":4,"featured_media":189778,"comment_status":"open","ping_status":"open","sticky":false,"template":"","format":"standard","meta":{"jetpack_post_was_ever_published":false,"_jetpack_newsletter_access":"","_jetpack_dont_email_post_to_subs":false,"_jetpack_newsletter_tier_id":0,"_jetpack_memberships_contains_paywalled_content":false,"_jetpack_memberships_contains_paid_content":false,"footnotes":"","jetpack_publicize_message":"","jetpack_publicize_feature_enabled":true,"jetpack_social_post_already_shared":true,"jetpack_social_options":{"image_generator_settings":{"template":"highway","default_image_id":0,"font":"","enabled":false},"version":2}},"categories":[114],"tags":[],"class_list":["post-105045","post","type-post","status-publish","format-standard","has-post-thumbnail","hentry","category-ecrits-de-jean-gabriel-perboyre"],"yoast_head":"<!-- This site is optimized with the Yoast SEO plugin v26.3 - https:\/\/yoast.com\/wordpress\/plugins\/seo\/ -->\n<title>Jean-Gabriel Perboyre, Lettre 040. A son Oncle, \u00e0 Montauban - Nous Sommes Vincentiens<\/title>\n<meta name=\"robots\" content=\"index, follow, max-snippet:-1, max-image-preview:large, max-video-preview:-1\" \/>\n<link rel=\"canonical\" href=\"https:\/\/vincentians.com\/fr\/jean-gabriel-perboyre-lettre-040-a-son-oncle-a-montauban\/\" \/>\n<meta property=\"og:locale\" content=\"fr_FR\" \/>\n<meta property=\"og:type\" content=\"article\" \/>\n<meta property=\"og:title\" content=\"Jean-Gabriel Perboyre, Lettre 040. A son Oncle, \u00e0 Montauban - Nous Sommes Vincentiens\" \/>\n<meta property=\"og:description\" content=\"Paris, le 14 d\u00e9cembre 1833. Mon tr\u00e8s cher oncle, J\u2019ai parl\u00e9 de votre affaire \u00e0 la sup\u00e9rieure g\u00e9n\u00e9rale des S\u0153urs, en pr\u00e9sence de M.\u00a0Richenet, Directeur g\u00e9n\u00e9ral des Filles de la Charit\u00e9. On ne refuse pas ... Read More\" \/>\n<meta property=\"og:url\" content=\"https:\/\/vincentians.com\/fr\/jean-gabriel-perboyre-lettre-040-a-son-oncle-a-montauban\/\" \/>\n<meta property=\"og:site_name\" content=\"Nous Sommes Vincentiens\" \/>\n<meta property=\"article:publisher\" content=\"https:\/\/www.facebook.com\/WeAreVincentians\/\" \/>\n<meta property=\"article:author\" content=\"https:\/\/www.facebook.com\/JavierChento\" \/>\n<meta property=\"article:published_time\" content=\"2017-04-09T02:00:58+00:00\" \/>\n<meta property=\"og:image\" content=\"https:\/\/i0.wp.com\/vincentians.com\/fr\/wp-content\/uploads\/sites\/10\/2016\/07\/cartas-perboyre.jpg?fit=1200%2C630&ssl=1\" \/>\n\t<meta property=\"og:image:width\" content=\"1200\" \/>\n\t<meta property=\"og:image:height\" content=\"630\" \/>\n\t<meta property=\"og:image:type\" content=\"image\/jpeg\" \/>\n<meta name=\"author\" content=\"Francisco Javier Fern\u00e1ndez Chento\" \/>\n<meta name=\"twitter:card\" content=\"summary_large_image\" \/>\n<meta name=\"twitter:creator\" content=\"@https:\/\/twitter.com\/javierchento\" \/>\n<meta name=\"twitter:site\" content=\"@WeVincentians\" \/>\n<meta name=\"twitter:label1\" content=\"\u00c9crit par\" \/>\n\t<meta name=\"twitter:data1\" content=\"Francisco Javier Fern\u00e1ndez Chento\" \/>\n\t<meta name=\"twitter:label2\" content=\"Dur\u00e9e de lecture estim\u00e9e\" \/>\n\t<meta name=\"twitter:data2\" content=\"5 minutes\" \/>\n<script type=\"application\/ld+json\" class=\"yoast-schema-graph\">{\"@context\":\"https:\/\/schema.org\",\"@graph\":[{\"@type\":\"WebPage\",\"@id\":\"https:\/\/vincentians.com\/fr\/jean-gabriel-perboyre-lettre-040-a-son-oncle-a-montauban\/\",\"url\":\"https:\/\/vincentians.com\/fr\/jean-gabriel-perboyre-lettre-040-a-son-oncle-a-montauban\/\",\"name\":\"Jean-Gabriel Perboyre, Lettre 040. A son Oncle, \u00e0 Montauban - Nous Sommes Vincentiens\",\"isPartOf\":{\"@id\":\"http:\/\/vincentians.com\/fr\/#website\"},\"primaryImageOfPage\":{\"@id\":\"https:\/\/vincentians.com\/fr\/jean-gabriel-perboyre-lettre-040-a-son-oncle-a-montauban\/#primaryimage\"},\"image\":{\"@id\":\"https:\/\/vincentians.com\/fr\/jean-gabriel-perboyre-lettre-040-a-son-oncle-a-montauban\/#primaryimage\"},\"thumbnailUrl\":\"https:\/\/i0.wp.com\/vincentians.com\/fr\/wp-content\/uploads\/sites\/10\/2016\/07\/cartas-perboyre.jpg?fit=1200%2C630&ssl=1\",\"datePublished\":\"2017-04-09T02:00:58+00:00\",\"author\":{\"@id\":\"http:\/\/vincentians.com\/fr\/#\/schema\/person\/9623ef4d9aa3b2dfb8c061f1499288f2\"},\"breadcrumb\":{\"@id\":\"https:\/\/vincentians.com\/fr\/jean-gabriel-perboyre-lettre-040-a-son-oncle-a-montauban\/#breadcrumb\"},\"inLanguage\":\"fr-FR\",\"potentialAction\":[{\"@type\":\"ReadAction\",\"target\":[\"https:\/\/vincentians.com\/fr\/jean-gabriel-perboyre-lettre-040-a-son-oncle-a-montauban\/\"]}]},{\"@type\":\"ImageObject\",\"inLanguage\":\"fr-FR\",\"@id\":\"https:\/\/vincentians.com\/fr\/jean-gabriel-perboyre-lettre-040-a-son-oncle-a-montauban\/#primaryimage\",\"url\":\"https:\/\/i0.wp.com\/vincentians.com\/fr\/wp-content\/uploads\/sites\/10\/2016\/07\/cartas-perboyre.jpg?fit=1200%2C630&ssl=1\",\"contentUrl\":\"https:\/\/i0.wp.com\/vincentians.com\/fr\/wp-content\/uploads\/sites\/10\/2016\/07\/cartas-perboyre.jpg?fit=1200%2C630&ssl=1\",\"width\":1200,\"height\":630},{\"@type\":\"BreadcrumbList\",\"@id\":\"https:\/\/vincentians.com\/fr\/jean-gabriel-perboyre-lettre-040-a-son-oncle-a-montauban\/#breadcrumb\",\"itemListElement\":[{\"@type\":\"ListItem\",\"position\":1,\"name\":\"Portada\",\"item\":\"http:\/\/vincentians.com\/fr\/\"},{\"@type\":\"ListItem\",\"position\":2,\"name\":\"Jean-Gabriel Perboyre, Lettre 040. A son Oncle, \u00e0 Montauban\"}]},{\"@type\":\"WebSite\",\"@id\":\"http:\/\/vincentians.com\/fr\/#website\",\"url\":\"http:\/\/vincentians.com\/fr\/\",\"name\":\"Nous Sommes Vincentiens\",\"description\":\"Know more to serve more\",\"potentialAction\":[{\"@type\":\"SearchAction\",\"target\":{\"@type\":\"EntryPoint\",\"urlTemplate\":\"http:\/\/vincentians.com\/fr\/?s={search_term_string}\"},\"query-input\":{\"@type\":\"PropertyValueSpecification\",\"valueRequired\":true,\"valueName\":\"search_term_string\"}}],\"inLanguage\":\"fr-FR\"},{\"@type\":\"Person\",\"@id\":\"http:\/\/vincentians.com\/fr\/#\/schema\/person\/9623ef4d9aa3b2dfb8c061f1499288f2\",\"name\":\"Francisco Javier Fern\u00e1ndez Chento\",\"image\":{\"@type\":\"ImageObject\",\"inLanguage\":\"fr-FR\",\"@id\":\"http:\/\/vincentians.com\/fr\/#\/schema\/person\/image\/\",\"url\":\"https:\/\/secure.gravatar.com\/avatar\/497d5cde87b4c3d097d0315953521681ba2cd523ee66e5077c3711f7021e65de?s=96&d=mm&r=g\",\"contentUrl\":\"https:\/\/secure.gravatar.com\/avatar\/497d5cde87b4c3d097d0315953521681ba2cd523ee66e5077c3711f7021e65de?s=96&d=mm&r=g\",\"caption\":\"Francisco Javier Fern\u00e1ndez Chento\"},\"description\":\"Director General y cofundador de La Red de Formaci\u00f3n Vicenciana. Javier es laico vicenciano, afiliado a la Congregaci\u00f3n de la Misi\u00f3n y miembro del Equipo de Misiones Populares de la provincia can\u00f3nica de Zaragoza (Espa\u00f1a) de la Congregaci\u00f3n de la Misi\u00f3n. Graduado en la Universidad Oberta de Catalunya con cuatro grados (Asistente de direcci\u00f3n, Gesti\u00f3n Administrativa, Recursos Humanos y Contabilidad Avanzada). Bil\u00edng\u00fce Espa\u00f1ol\/Ingl\u00e9s. gestiona y mantiene varias p\u00e1ginas web cristianas y vicencianas, incluida including La Red de Formaci\u00f3n Vicenciana, de la que es cofundador. Actualmente es responsable del \u00e1rea de Espa\u00f1ol de .famvin, la Red de Noticias de la Familia Vicenciana. Tambi\u00e9n es m\u00fasico cat\u00f3lico y ha editado varios discos. Es Director General y cofundador de Trovador, una reconocida compa\u00f1\u00eda discogr\u00e1fica critiana de Espa\u00f1a. Trabaja en las Tecnolog\u00edas de la Informaci\u00f3n, ofreciendo servicios de alojamiento, dise\u00f1o y mantenimiento Web, as\u00ed como asesoramiento, formaci\u00f3n y soluciones inform\u00e1ticas, gesti\u00f3n documental y digitalizaci\u00f3n de textos, edici\u00f3n y maquetaci\u00f3n de libros, revistas, flyers, etc.\",\"sameAs\":[\"http:\/\/chento.org\",\"https:\/\/www.facebook.com\/JavierChento\",\"https:\/\/x.com\/https:\/\/twitter.com\/javierchento\"],\"url\":\"https:\/\/vincentians.com\/fr\/author\/chento\/\"}]}<\/script>\n<!-- \/ Yoast SEO plugin. -->","yoast_head_json":{"title":"Jean-Gabriel Perboyre, Lettre 040. A son Oncle, \u00e0 Montauban - Nous Sommes Vincentiens","robots":{"index":"index","follow":"follow","max-snippet":"max-snippet:-1","max-image-preview":"max-image-preview:large","max-video-preview":"max-video-preview:-1"},"canonical":"https:\/\/vincentians.com\/fr\/jean-gabriel-perboyre-lettre-040-a-son-oncle-a-montauban\/","og_locale":"fr_FR","og_type":"article","og_title":"Jean-Gabriel Perboyre, Lettre 040. A son Oncle, \u00e0 Montauban - Nous Sommes Vincentiens","og_description":"Paris, le 14 d\u00e9cembre 1833. Mon tr\u00e8s cher oncle, J\u2019ai parl\u00e9 de votre affaire \u00e0 la sup\u00e9rieure g\u00e9n\u00e9rale des S\u0153urs, en pr\u00e9sence de M.\u00a0Richenet, Directeur g\u00e9n\u00e9ral des Filles de la Charit\u00e9. On ne refuse pas ... Read More","og_url":"https:\/\/vincentians.com\/fr\/jean-gabriel-perboyre-lettre-040-a-son-oncle-a-montauban\/","og_site_name":"Nous Sommes Vincentiens","article_publisher":"https:\/\/www.facebook.com\/WeAreVincentians\/","article_author":"https:\/\/www.facebook.com\/JavierChento","article_published_time":"2017-04-09T02:00:58+00:00","og_image":[{"width":1200,"height":630,"url":"https:\/\/i0.wp.com\/vincentians.com\/fr\/wp-content\/uploads\/sites\/10\/2016\/07\/cartas-perboyre.jpg?fit=1200%2C630&ssl=1","type":"image\/jpeg"}],"author":"Francisco Javier Fern\u00e1ndez Chento","twitter_card":"summary_large_image","twitter_creator":"@https:\/\/twitter.com\/javierchento","twitter_site":"@WeVincentians","twitter_misc":{"\u00c9crit par":"Francisco Javier Fern\u00e1ndez Chento","Dur\u00e9e de lecture estim\u00e9e":"5 minutes"},"schema":{"@context":"https:\/\/schema.org","@graph":[{"@type":"WebPage","@id":"https:\/\/vincentians.com\/fr\/jean-gabriel-perboyre-lettre-040-a-son-oncle-a-montauban\/","url":"https:\/\/vincentians.com\/fr\/jean-gabriel-perboyre-lettre-040-a-son-oncle-a-montauban\/","name":"Jean-Gabriel Perboyre, Lettre 040. A son Oncle, \u00e0 Montauban - Nous Sommes Vincentiens","isPartOf":{"@id":"http:\/\/vincentians.com\/fr\/#website"},"primaryImageOfPage":{"@id":"https:\/\/vincentians.com\/fr\/jean-gabriel-perboyre-lettre-040-a-son-oncle-a-montauban\/#primaryimage"},"image":{"@id":"https:\/\/vincentians.com\/fr\/jean-gabriel-perboyre-lettre-040-a-son-oncle-a-montauban\/#primaryimage"},"thumbnailUrl":"https:\/\/i0.wp.com\/vincentians.com\/fr\/wp-content\/uploads\/sites\/10\/2016\/07\/cartas-perboyre.jpg?fit=1200%2C630&ssl=1","datePublished":"2017-04-09T02:00:58+00:00","author":{"@id":"http:\/\/vincentians.com\/fr\/#\/schema\/person\/9623ef4d9aa3b2dfb8c061f1499288f2"},"breadcrumb":{"@id":"https:\/\/vincentians.com\/fr\/jean-gabriel-perboyre-lettre-040-a-son-oncle-a-montauban\/#breadcrumb"},"inLanguage":"fr-FR","potentialAction":[{"@type":"ReadAction","target":["https:\/\/vincentians.com\/fr\/jean-gabriel-perboyre-lettre-040-a-son-oncle-a-montauban\/"]}]},{"@type":"ImageObject","inLanguage":"fr-FR","@id":"https:\/\/vincentians.com\/fr\/jean-gabriel-perboyre-lettre-040-a-son-oncle-a-montauban\/#primaryimage","url":"https:\/\/i0.wp.com\/vincentians.com\/fr\/wp-content\/uploads\/sites\/10\/2016\/07\/cartas-perboyre.jpg?fit=1200%2C630&ssl=1","contentUrl":"https:\/\/i0.wp.com\/vincentians.com\/fr\/wp-content\/uploads\/sites\/10\/2016\/07\/cartas-perboyre.jpg?fit=1200%2C630&ssl=1","width":1200,"height":630},{"@type":"BreadcrumbList","@id":"https:\/\/vincentians.com\/fr\/jean-gabriel-perboyre-lettre-040-a-son-oncle-a-montauban\/#breadcrumb","itemListElement":[{"@type":"ListItem","position":1,"name":"Portada","item":"http:\/\/vincentians.com\/fr\/"},{"@type":"ListItem","position":2,"name":"Jean-Gabriel Perboyre, Lettre 040. A son Oncle, \u00e0 Montauban"}]},{"@type":"WebSite","@id":"http:\/\/vincentians.com\/fr\/#website","url":"http:\/\/vincentians.com\/fr\/","name":"Nous Sommes Vincentiens","description":"Know more to serve more","potentialAction":[{"@type":"SearchAction","target":{"@type":"EntryPoint","urlTemplate":"http:\/\/vincentians.com\/fr\/?s={search_term_string}"},"query-input":{"@type":"PropertyValueSpecification","valueRequired":true,"valueName":"search_term_string"}}],"inLanguage":"fr-FR"},{"@type":"Person","@id":"http:\/\/vincentians.com\/fr\/#\/schema\/person\/9623ef4d9aa3b2dfb8c061f1499288f2","name":"Francisco Javier Fern\u00e1ndez Chento","image":{"@type":"ImageObject","inLanguage":"fr-FR","@id":"http:\/\/vincentians.com\/fr\/#\/schema\/person\/image\/","url":"https:\/\/secure.gravatar.com\/avatar\/497d5cde87b4c3d097d0315953521681ba2cd523ee66e5077c3711f7021e65de?s=96&d=mm&r=g","contentUrl":"https:\/\/secure.gravatar.com\/avatar\/497d5cde87b4c3d097d0315953521681ba2cd523ee66e5077c3711f7021e65de?s=96&d=mm&r=g","caption":"Francisco Javier Fern\u00e1ndez Chento"},"description":"Director General y cofundador de La Red de Formaci\u00f3n Vicenciana. Javier es laico vicenciano, afiliado a la Congregaci\u00f3n de la Misi\u00f3n y miembro del Equipo de Misiones Populares de la provincia can\u00f3nica de Zaragoza (Espa\u00f1a) de la Congregaci\u00f3n de la Misi\u00f3n. Graduado en la Universidad Oberta de Catalunya con cuatro grados (Asistente de direcci\u00f3n, Gesti\u00f3n Administrativa, Recursos Humanos y Contabilidad Avanzada). Bil\u00edng\u00fce Espa\u00f1ol\/Ingl\u00e9s. gestiona y mantiene varias p\u00e1ginas web cristianas y vicencianas, incluida including La Red de Formaci\u00f3n Vicenciana, de la que es cofundador. Actualmente es responsable del \u00e1rea de Espa\u00f1ol de .famvin, la Red de Noticias de la Familia Vicenciana. Tambi\u00e9n es m\u00fasico cat\u00f3lico y ha editado varios discos. Es Director General y cofundador de Trovador, una reconocida compa\u00f1\u00eda discogr\u00e1fica critiana de Espa\u00f1a. Trabaja en las Tecnolog\u00edas de la Informaci\u00f3n, ofreciendo servicios de alojamiento, dise\u00f1o y mantenimiento Web, as\u00ed como asesoramiento, formaci\u00f3n y soluciones inform\u00e1ticas, gesti\u00f3n documental y digitalizaci\u00f3n de textos, edici\u00f3n y maquetaci\u00f3n de libros, revistas, flyers, etc.","sameAs":["http:\/\/chento.org","https:\/\/www.facebook.com\/JavierChento","https:\/\/x.com\/https:\/\/twitter.com\/javierchento"],"url":"https:\/\/vincentians.com\/fr\/author\/chento\/"}]}},"jetpack_publicize_connections":[],"jetpack_featured_media_url":"https:\/\/i0.wp.com\/vincentians.com\/fr\/wp-content\/uploads\/sites\/10\/2016\/07\/cartas-perboyre.jpg?fit=1200%2C630&ssl=1","jetpack_sharing_enabled":true,"jetpack_shortlink":"https:\/\/wp.me\/p7ETMP-rkh","jetpack-related-posts":[{"id":104472,"url":"https:\/\/vincentians.com\/fr\/jean-gabriel-perboyre-lettre-033-a-son-oncle-a-montauban\/","url_meta":{"origin":105045,"position":0},"title":"Jean-Gabriel Perboyre, Lettre 033. A son Oncle, \u00e0 Montauban","author":"Francisco Javier Fern\u00e1ndez Chento","date":"19\/02\/2017","format":false,"excerpt":"Mon tr\u00e8s cher oncle, J\u2019ai trop diff\u00e9r\u00e9 de vous donner la r\u00e9ponse que vous attendiez. Je ne chercherai point d\u2019excuses parce que je n\u2019en trouverais pas de bonnes. Apollonie est arriv\u00e9e heureusement avec ses deux compagnes. Elles m\u2019ont charg\u00e9 de vous l\u2019annoncer parce qu\u2019elles ne peuvent pas vous \u00e9crire encore.\u2026","rel":"","context":"Dans &quot;\u00c9crits de Jean-Gabriel Perboyre&quot;","block_context":{"text":"\u00c9crits de Jean-Gabriel Perboyre","link":"https:\/\/vincentians.com\/fr\/category\/ecrits-de-jean-gabriel-perboyre\/"},"img":{"alt_text":"","src":"https:\/\/i0.wp.com\/vincentians.com\/fr\/wp-content\/uploads\/sites\/10\/2016\/07\/cartas-perboyre.jpg?fit=1200%2C630&ssl=1&resize=350%2C200","width":350,"height":200,"srcset":"https:\/\/i0.wp.com\/vincentians.com\/fr\/wp-content\/uploads\/sites\/10\/2016\/07\/cartas-perboyre.jpg?fit=1200%2C630&ssl=1&resize=350%2C200 1x, https:\/\/i0.wp.com\/vincentians.com\/fr\/wp-content\/uploads\/sites\/10\/2016\/07\/cartas-perboyre.jpg?fit=1200%2C630&ssl=1&resize=525%2C300 1.5x, https:\/\/i0.wp.com\/vincentians.com\/fr\/wp-content\/uploads\/sites\/10\/2016\/07\/cartas-perboyre.jpg?fit=1200%2C630&ssl=1&resize=700%2C400 2x, https:\/\/i0.wp.com\/vincentians.com\/fr\/wp-content\/uploads\/sites\/10\/2016\/07\/cartas-perboyre.jpg?fit=1200%2C630&ssl=1&resize=1050%2C600 3x"},"classes":[]},{"id":105043,"url":"https:\/\/vincentians.com\/fr\/jean-gabriel-perboyre-lettre-038-a-son-oncle-a-montauban\/","url_meta":{"origin":105045,"position":1},"title":"Jean-Gabriel Perboyre, Lettre 038. A son Oncle, \u00e0 Montauban","author":"Francisco Javier Fern\u00e1ndez Chento","date":"26\/03\/2017","format":false,"excerpt":"Paris, le 23 ao\u00fbt 1833 Mon tr\u00e8s cher oncle, Il y a plus d\u2019un mois que je m\u2019\u00e9tais propos\u00e9 de vous \u00e9crire mais j\u2019ai diff\u00e9r\u00e9 jusqu\u2019\u00e0 ce moment pour profiter de l\u2019occasion que m\u2019offre M.\u00a0le sup\u00e9rieur du s\u00e9minaire de Montauban. M.\u00a0Tuffeau a bien voulu passer chez nous en arrivant \u00e0\u2026","rel":"","context":"Dans &quot;\u00c9crits de Jean-Gabriel Perboyre&quot;","block_context":{"text":"\u00c9crits de Jean-Gabriel Perboyre","link":"https:\/\/vincentians.com\/fr\/category\/ecrits-de-jean-gabriel-perboyre\/"},"img":{"alt_text":"","src":"https:\/\/i0.wp.com\/vincentians.com\/fr\/wp-content\/uploads\/sites\/10\/2016\/07\/cartas-perboyre.jpg?fit=1200%2C630&ssl=1&resize=350%2C200","width":350,"height":200,"srcset":"https:\/\/i0.wp.com\/vincentians.com\/fr\/wp-content\/uploads\/sites\/10\/2016\/07\/cartas-perboyre.jpg?fit=1200%2C630&ssl=1&resize=350%2C200 1x, https:\/\/i0.wp.com\/vincentians.com\/fr\/wp-content\/uploads\/sites\/10\/2016\/07\/cartas-perboyre.jpg?fit=1200%2C630&ssl=1&resize=525%2C300 1.5x, https:\/\/i0.wp.com\/vincentians.com\/fr\/wp-content\/uploads\/sites\/10\/2016\/07\/cartas-perboyre.jpg?fit=1200%2C630&ssl=1&resize=700%2C400 2x, https:\/\/i0.wp.com\/vincentians.com\/fr\/wp-content\/uploads\/sites\/10\/2016\/07\/cartas-perboyre.jpg?fit=1200%2C630&ssl=1&resize=1050%2C600 3x"},"classes":[]},{"id":105214,"url":"https:\/\/vincentians.com\/fr\/jean-francois-richenet\/","url_meta":{"origin":105045,"position":2},"title":"Jean-Fran\u00e7ois Richenet","author":"Francisco Javier Fern\u00e1ndez Chento","date":"03\/01\/2013","format":false,"excerpt":"Pr\u00eatre. N\u00e9 au Petit-Noir, dioc\u00e8se de Besan\u00e7on (France), le 4 septembre 1759 ; re\u00e7u au s\u00e9minaire \u00e0 Paris le 22 mai 1781 ; il y fit les v\u0153ux le 23 mai 1783. Arriv\u00e9 \u00e0 Macao \u6fb3\u95e8 le 16 f\u00e9vrier 1801. Destin\u00e9 \u00e0 Pekin\u5317\u4eac, il attendit vainement cinq ans pour pouvoir\u2026","rel":"","context":"Dans &quot;Biographies Lazaristes&quot;","block_context":{"text":"Biographies Lazaristes","link":"https:\/\/vincentians.com\/fr\/category\/biographies-lazaristes\/"},"img":{"alt_text":"","src":"https:\/\/i0.wp.com\/vincentians.com\/fr\/wp-content\/uploads\/sites\/10\/2016\/08\/bio-congregation-of-the-mission.jpg?fit=1200%2C630&ssl=1&resize=350%2C200","width":350,"height":200,"srcset":"https:\/\/i0.wp.com\/vincentians.com\/fr\/wp-content\/uploads\/sites\/10\/2016\/08\/bio-congregation-of-the-mission.jpg?fit=1200%2C630&ssl=1&resize=350%2C200 1x, https:\/\/i0.wp.com\/vincentians.com\/fr\/wp-content\/uploads\/sites\/10\/2016\/08\/bio-congregation-of-the-mission.jpg?fit=1200%2C630&ssl=1&resize=525%2C300 1.5x, https:\/\/i0.wp.com\/vincentians.com\/fr\/wp-content\/uploads\/sites\/10\/2016\/08\/bio-congregation-of-the-mission.jpg?fit=1200%2C630&ssl=1&resize=700%2C400 2x, https:\/\/i0.wp.com\/vincentians.com\/fr\/wp-content\/uploads\/sites\/10\/2016\/08\/bio-congregation-of-the-mission.jpg?fit=1200%2C630&ssl=1&resize=1050%2C600 3x"},"classes":[]},{"id":105044,"url":"https:\/\/vincentians.com\/fr\/jean-gabriel-perboyre-lettre-039-a-son-oncle-a-montauban\/","url_meta":{"origin":105045,"position":3},"title":"Jean-Gabriel Perboyre, Lettre 039. A son Oncle, \u00e0 Montauban","author":"Francisco Javier Fern\u00e1ndez Chento","date":"02\/04\/2017","format":false,"excerpt":"Mon tr\u00e8s cher oncle, J\u2019ai un peu diff\u00e9r\u00e9 de r\u00e9pondre \u00e0 votre derni\u00e8re lettre, parce que je ne voulais pas seulement vous annoncer l\u2019arriv\u00e9e de M.\u00a0Deljougla, mais encore la d\u00e9termination qu\u2019il aurait prise apr\u00e8s avoir pass\u00e9 par la retraite. Sa vocation n\u2019\u00e9tait fond\u00e9e sur rien de solide et de surnaturel\u00a0:\u2026","rel":"","context":"Dans &quot;\u00c9crits de Jean-Gabriel Perboyre&quot;","block_context":{"text":"\u00c9crits de Jean-Gabriel Perboyre","link":"https:\/\/vincentians.com\/fr\/category\/ecrits-de-jean-gabriel-perboyre\/"},"img":{"alt_text":"","src":"https:\/\/i0.wp.com\/vincentians.com\/fr\/wp-content\/uploads\/sites\/10\/2016\/07\/cartas-perboyre.jpg?fit=1200%2C630&ssl=1&resize=350%2C200","width":350,"height":200,"srcset":"https:\/\/i0.wp.com\/vincentians.com\/fr\/wp-content\/uploads\/sites\/10\/2016\/07\/cartas-perboyre.jpg?fit=1200%2C630&ssl=1&resize=350%2C200 1x, https:\/\/i0.wp.com\/vincentians.com\/fr\/wp-content\/uploads\/sites\/10\/2016\/07\/cartas-perboyre.jpg?fit=1200%2C630&ssl=1&resize=525%2C300 1.5x, https:\/\/i0.wp.com\/vincentians.com\/fr\/wp-content\/uploads\/sites\/10\/2016\/07\/cartas-perboyre.jpg?fit=1200%2C630&ssl=1&resize=700%2C400 2x, https:\/\/i0.wp.com\/vincentians.com\/fr\/wp-content\/uploads\/sites\/10\/2016\/07\/cartas-perboyre.jpg?fit=1200%2C630&ssl=1&resize=1050%2C600 3x"},"classes":[]},{"id":105355,"url":"https:\/\/vincentians.com\/fr\/jean-gabriel-perboyre-lettre-046-a-son-oncle-a-montauban\/","url_meta":{"origin":105045,"position":4},"title":"Jean-Gabriel Perboyre, Lettre 046. A son Oncle, \u00e0 Montauban","author":"Francisco Javier Fern\u00e1ndez Chento","date":"21\/05\/2017","format":false,"excerpt":"Mon tr\u00e8s cher oncle , Je puis vous annoncer aujourd\u2019hui une nouvelle que vous attendiez depuis quelque temps et qui vous fera plaisir\u00a0: ma s\u0153ur Antoinette a pris hier le saint habit. Vous pouvez juger si elle est contente, et ses fr\u00e8res aussi. Nous esp\u00e9rons, mon tr\u00e8s cher oncle, que\u2026","rel":"","context":"Dans &quot;\u00c9crits de Jean-Gabriel Perboyre&quot;","block_context":{"text":"\u00c9crits de Jean-Gabriel Perboyre","link":"https:\/\/vincentians.com\/fr\/category\/ecrits-de-jean-gabriel-perboyre\/"},"img":{"alt_text":"","src":"https:\/\/i0.wp.com\/vincentians.com\/fr\/wp-content\/uploads\/sites\/10\/2016\/07\/cartas-perboyre.jpg?fit=1200%2C630&ssl=1&resize=350%2C200","width":350,"height":200,"srcset":"https:\/\/i0.wp.com\/vincentians.com\/fr\/wp-content\/uploads\/sites\/10\/2016\/07\/cartas-perboyre.jpg?fit=1200%2C630&ssl=1&resize=350%2C200 1x, https:\/\/i0.wp.com\/vincentians.com\/fr\/wp-content\/uploads\/sites\/10\/2016\/07\/cartas-perboyre.jpg?fit=1200%2C630&ssl=1&resize=525%2C300 1.5x, https:\/\/i0.wp.com\/vincentians.com\/fr\/wp-content\/uploads\/sites\/10\/2016\/07\/cartas-perboyre.jpg?fit=1200%2C630&ssl=1&resize=700%2C400 2x, https:\/\/i0.wp.com\/vincentians.com\/fr\/wp-content\/uploads\/sites\/10\/2016\/07\/cartas-perboyre.jpg?fit=1200%2C630&ssl=1&resize=1050%2C600 3x"},"classes":[]},{"id":107171,"url":"https:\/\/vincentians.com\/fr\/jean-gabriel-perboyre-lettre-048-a-son-oncle-a-montauban\/","url_meta":{"origin":105045,"position":5},"title":"Jean-Gabriel Perboyre, Lettre 048. A son Oncle, \u00e0 Montauban","author":"Francisco Javier Fern\u00e1ndez Chento","date":"04\/06\/2017","format":false,"excerpt":"Paris, le 20 mai 1834. Mon tr\u00e8s cher oncle, Votre derni\u00e8re lettre pour mon cousin Gabriel doit \u00eatre arriv\u00e9e ce matin \u00e0 sa destination. M.\u00a0Gratacap a bien voulu se donner la peine de venir me voir aussit\u00f4t apr\u00e8s son arriv\u00e9e et m\u2019honorer plusieurs fois de ses visites. Comme c\u2019est aujourd\u2019hui\u2026","rel":"","context":"Dans &quot;\u00c9crits de Jean-Gabriel Perboyre&quot;","block_context":{"text":"\u00c9crits de Jean-Gabriel Perboyre","link":"https:\/\/vincentians.com\/fr\/category\/ecrits-de-jean-gabriel-perboyre\/"},"img":{"alt_text":"","src":"https:\/\/i0.wp.com\/vincentians.com\/fr\/wp-content\/uploads\/sites\/10\/2016\/07\/cartas-perboyre.jpg?fit=1200%2C630&ssl=1&resize=350%2C200","width":350,"height":200,"srcset":"https:\/\/i0.wp.com\/vincentians.com\/fr\/wp-content\/uploads\/sites\/10\/2016\/07\/cartas-perboyre.jpg?fit=1200%2C630&ssl=1&resize=350%2C200 1x, https:\/\/i0.wp.com\/vincentians.com\/fr\/wp-content\/uploads\/sites\/10\/2016\/07\/cartas-perboyre.jpg?fit=1200%2C630&ssl=1&resize=525%2C300 1.5x, https:\/\/i0.wp.com\/vincentians.com\/fr\/wp-content\/uploads\/sites\/10\/2016\/07\/cartas-perboyre.jpg?fit=1200%2C630&ssl=1&resize=700%2C400 2x, https:\/\/i0.wp.com\/vincentians.com\/fr\/wp-content\/uploads\/sites\/10\/2016\/07\/cartas-perboyre.jpg?fit=1200%2C630&ssl=1&resize=1050%2C600 3x"},"classes":[]}],"_links":{"self":[{"href":"https:\/\/vincentians.com\/fr\/wp-json\/wp\/v2\/posts\/105045","targetHints":{"allow":["GET"]}}],"collection":[{"href":"https:\/\/vincentians.com\/fr\/wp-json\/wp\/v2\/posts"}],"about":[{"href":"https:\/\/vincentians.com\/fr\/wp-json\/wp\/v2\/types\/post"}],"author":[{"embeddable":true,"href":"https:\/\/vincentians.com\/fr\/wp-json\/wp\/v2\/users\/4"}],"replies":[{"embeddable":true,"href":"https:\/\/vincentians.com\/fr\/wp-json\/wp\/v2\/comments?post=105045"}],"version-history":[{"count":0,"href":"https:\/\/vincentians.com\/fr\/wp-json\/wp\/v2\/posts\/105045\/revisions"}],"wp:featuredmedia":[{"embeddable":true,"href":"https:\/\/vincentians.com\/fr\/wp-json\/wp\/v2\/media\/189778"}],"wp:attachment":[{"href":"https:\/\/vincentians.com\/fr\/wp-json\/wp\/v2\/media?parent=105045"}],"wp:term":[{"taxonomy":"category","embeddable":true,"href":"https:\/\/vincentians.com\/fr\/wp-json\/wp\/v2\/categories?post=105045"},{"taxonomy":"post_tag","embeddable":true,"href":"https:\/\/vincentians.com\/fr\/wp-json\/wp\/v2\/tags?post=105045"}],"curies":[{"name":"wp","href":"https:\/\/api.w.org\/{rel}","templated":true}]}}