{"id":104562,"date":"2016-07-18T04:00:57","date_gmt":"2016-07-18T02:00:57","guid":{"rendered":"http:\/\/vincentiens.org\/vincent-de-paul-lettre-1-a-monsieur-de-comet-2\/"},"modified":"2016-07-18T04:00:57","modified_gmt":"2016-07-18T02:00:57","slug":"vincent-de-paul-lettre-0003-a-sa-mere-a-pouy","status":"publish","type":"post","link":"https:\/\/vincentians.com\/fr\/vincent-de-paul-lettre-0003-a-sa-mere-a-pouy\/","title":{"rendered":"Vincent de Paul, Lettre 0003. A Sa M\u00e8re, A Pouy"},"content":{"rendered":"<p>L&rsquo;assurance<span id='easy-footnote-1-104562' class='easy-footnote-margin-adjust'><\/span><span class='easy-footnote'><a href='https:\/\/vincentians.com\/fr\/vincent-de-paul-lettre-0003-a-sa-mere-a-pouy\/#easy-footnote-bottom-1-104562' title='&lt;strong&gt;Lettre 3. &lt;\/strong&gt;\u00ad Reg. I, f\u00b0 1. Le copiste note que l&amp;rsquo;original \u00e9tait en entier de la main du saint.&lt;br \/&gt;\nAujourd&amp;rsquo;hui Saint-Vincent-de-Paul (Landes). C&amp;rsquo;est dans ce petit village, \u00e0 6 kilom\u00e8tres de Dax, que saint Vincent est n\u00e9. Un vaste ensemble de b\u00e2timents, comprenant hospice, orphelinats, ateliers et s\u00e9minaire, marque l&amp;rsquo;endroit o\u00f9 il vint au monde. '><sup>1<\/sup><\/a><\/span> que Monsieur de Saint-Martin<span id='easy-footnote-2-104562' class='easy-footnote-margin-adjust'><\/span><span class='easy-footnote'><a href='https:\/\/vincentians.com\/fr\/vincent-de-paul-lettre-0003-a-sa-mere-a-pouy\/#easy-footnote-bottom-2-104562' title='Probablement Jean de Saint-Martin, \u00e9poux de Catherine de Comet, fr\u00e8re du chanoine de Saint-Martin et juge de Pouy. M. de Comet le jeune \u00e9tait mort, semble-t-il, avant 1610. '><sup>2<\/sup><\/a><\/span> m&rsquo;a donn\u00e9e de votre bon portement m&rsquo;a autant r\u00e9joui que le s\u00e9jour qu&rsquo;il me faut encore faire en cette ville<span id='easy-footnote-3-104562' class='easy-footnote-margin-adjust'><\/span><span class='easy-footnote'><a href='https:\/\/vincentians.com\/fr\/vincent-de-paul-lettre-0003-a-sa-mere-a-pouy\/#easy-footnote-bottom-3-104562' title='D&amp;rsquo;apr\u00e8s Abelly &lt;em&gt;(op. cit.&lt;\/em&gt;, t. I, chap. V, au d\u00e9but, p. 20), saint Vincent serait venu de Rome \u00e0 Paris vers la fin de 1608, envoy\u00e9 vers Henri IV par le cardinal d&amp;rsquo;Ossat. Aucun document de l&amp;rsquo;\u00e9poque ne parle de cette mission secr\u00e8te, et il est s\u00fbr que le cardinal d&amp;rsquo;Ossat n&amp;rsquo;y fut pour rien, puisqu&amp;rsquo;il \u00e9tait mort le 13 mars 1604. '><sup>3<\/sup><\/a><\/span> pour recouvrer l&rsquo;occasion de mon avancement (que mes d\u00e9sastres m&rsquo;ont ravi) me rend f\u00e2ch\u00e9 pour ne vous pouvoir aller rendre les services que je vous dois ; mais j&rsquo;esp\u00e8re tant en la gr\u00e2ce de Dieu qu&rsquo;il b\u00e9nira mon labeur et qu&rsquo;il me donnera bient\u00f4t le moyen de faire une honn\u00eate retraite<span id='easy-footnote-4-104562' class='easy-footnote-margin-adjust'><\/span><span class='easy-footnote'><a href='https:\/\/vincentians.com\/fr\/vincent-de-paul-lettre-0003-a-sa-mere-a-pouy\/#easy-footnote-bottom-4-104562' title='Saint Vincent eut, le 17 mai, le b\u00e9n\u00e9fice qu&amp;rsquo;il attendait. Nous donnerons en son lieu le contrat fait \u00e0 cette occasion. '><sup>4<\/sup><\/a><\/span>, pour employer le reste de mes jours aupr\u00e8s de vous<span id='easy-footnote-5-104562' class='easy-footnote-margin-adjust'><\/span><span class='easy-footnote'><a href='https:\/\/vincentians.com\/fr\/vincent-de-paul-lettre-0003-a-sa-mere-a-pouy\/#easy-footnote-bottom-5-104562' title='Comme ce langage diff\u00e8re de celui que saint Vincent tiendra plus tard quand il aura pris davantage contact avec les \u00e2mes, vu leurs besoins, senti leurs souffrances, entendu leur appel ! '><sup>5<\/sup><\/a><\/span>. J&rsquo;ai dit l&rsquo;\u00e9tat de mes affaires \u00e0 Monsieur de Saint-Martin, qui m&rsquo;a t\u00e9moign\u00e9 qu&rsquo;il voulait succ\u00e9der \u00e0 la bienveillance et \u00e0 l&rsquo;affection qu&rsquo;il a plu \u00e0 Monsieur de Comet nous porter. Je l&rsquo;ai suppli\u00e9 de vous communiquer le tout. J&rsquo;eusse bien d\u00e9sir\u00e9 savoir l&rsquo;\u00e9tat des affaires de la maison et si tous mes fr\u00e8res et soeurs<span id='easy-footnote-6-104562' class='easy-footnote-margin-adjust'><\/span><span class='easy-footnote'><a href='https:\/\/vincentians.com\/fr\/vincent-de-paul-lettre-0003-a-sa-mere-a-pouy\/#easy-footnote-bottom-6-104562' title='Nous savons par Abelly &lt;em&gt;(op. cit., &lt;\/em&gt;t. II, chap. Il, au d\u00e9but, p. 7) que Vincent de Paul \u00e9tait le troisi\u00e8me enfant d&amp;rsquo;une famille comprenant quatre gar\u00e7ons et deux filles. Dans un acte notari\u00e9, du 4 septembre 1626 sign\u00e9 Vincent Depaul, il est question de \u00abBernard et Gayon Depaul, fr\u00e8res dudit sieur Vincent Depaul\u00bb ce dernier \u00abson fr\u00e8re second\u00bb de Marie Depaul, sa soeur, femme de Gr\u00e9goire\u00bb, et d&amp;rsquo;une autre \u00abMarie Depaul, sa s\u0153ur\u00bb, veuve de \u00abJehan de Paillole\u00bb. Un document, du 12 mai 1631, publi\u00e9 dans la &lt;em&gt;Revue de Gascogne (1905, p. 354-357)&lt;\/em&gt;, nous parle de \u00abPierre Depaul, dit de Leschine\u00bb, fils de \u00abfeu Jehan Depaul)\u00bb. Si nous comparons une lettre de M. Lostalot, du 25 septembre 1682 (Arch. des pr\u00eatres de la Mission), avec les registres de catholicit\u00e9, nous sommes amen\u00e9s \u00e0 cette conclusion que Pierre de Paul \u00e9tait neveu du saint, et par suite que son p\u00e8re en \u00e9tait le fr\u00e8re. Jean n&amp;rsquo;est pas nomm\u00e9 dans l&amp;rsquo;acte de 1626, parce qu&amp;rsquo;il \u00e9tait mort \u00e0 cette date. Jean, Bernard, Gayon, Marie et une autre Marie, tels seraient donc les noms des fr\u00e8res et soeurs de saint Vincent ; mais rien ne nous dit dans quel ordre il faut les placer. '><sup>6<\/sup><\/a><\/span> et le reste de nos autres parents et amis se portent bien, et notamment si mon fr\u00e8re Gayon est mari\u00e9 et \u00e0 qui, d&rsquo;ailleurs, comment vont les affaires de ma s\u0153ur Marie, de Paillole<span id='easy-footnote-7-104562' class='easy-footnote-margin-adjust'><\/span><span class='easy-footnote'><a href='https:\/\/vincentians.com\/fr\/vincent-de-paul-lettre-0003-a-sa-mere-a-pouy\/#easy-footnote-bottom-7-104562' title='Paillole est le nom de la maison qu&amp;rsquo;habitait la soeur du saint. Cette maison \u00e9tait pr\u00e8s de l&amp;rsquo;\u00e9glise, l\u00e0 o\u00f9 se trouve aujourd&amp;rsquo;hui celle qui porte le m\u00eame nom. '><sup>7<\/sup><\/a><\/span>, et si elle vit toujours et fait une m\u00eame maison avec son beau-fr\u00e8re Bertrand. Quant \u00e0 mon autre s\u0153ur, j&rsquo;estime qu&rsquo;elle ne peut \u00eatre qu&rsquo;\u00e0 son aise, tant qu&rsquo;il plaira \u00e0 Dieu la tenir accompagn\u00e9e. Je d\u00e9sirerais aussi que mon fr\u00e8re f\u00eet \u00e9tudier quelqu&rsquo;un de mes neveux<span id='easy-footnote-8-104562' class='easy-footnote-margin-adjust'><\/span><span class='easy-footnote'><a href='https:\/\/vincentians.com\/fr\/vincent-de-paul-lettre-0003-a-sa-mere-a-pouy\/#easy-footnote-bottom-8-104562' title='Un des neveux de saint Vincent \u00e9tudia et devint pr\u00eatre. Nous lisons, en effet, dans un registre des pr\u00e9bendiers de Capbreton (Landes) : \u00abM. Fran\u00e7ois Depaul, pr\u00eatre, pr\u00e9bendier de Capbreton en la place de M.Jean de Ponteils, d\u00e9c\u00e9da le 8 juin 1678 ; il \u00e9tait de Pouy, proche d&amp;rsquo;Acqs, et neveu de M. Vincent, pr\u00eatre, fondateur de la congr\u00e9gation des pr\u00eatres de la Mission.\u00bb (Arch. de M. l&amp;rsquo;abb\u00e9 Gabarra, cur\u00e9 de Capbreton). '><sup>8<\/sup><\/a><\/span>. Mes infortunes et le peu de service que j&rsquo;ai encore pu faire \u00e0 la maison lui en pourront possible \u00f4ter la volont\u00e9 ; mais qu&rsquo;il se repr\u00e9sente que l&rsquo;infortune pr\u00e9sente pr\u00e9suppose un bonheur \u00e0 l&rsquo;avenir.<\/p>\n<p>C&rsquo;est tout, ma m\u00e8re, ce que je vous puis dire par la pr\u00e9sente, fors que je vous supplie pr\u00e9senter mes humbles recommandations \u00e0 tous mes fr\u00e8res et s\u0153urs et \u00e0 tous nos autres parents et amis, et que je prie Dieu sans cesse pour votre sant\u00e9 et pour la prosp\u00e9rit\u00e9 de la maison, comme celui qui vous est et vous sera, ma m\u00e8re, le plus humble, le plus ob\u00e9issant et serviable fils et serviteur.<\/p>\n<p align=\"right\">DEPAUL<\/p>\n<p>Je vous supplie pr\u00e9senter mes humbles recommandations \u00e0 tous mes fr\u00e8res et soeurs et \u00e0 tous nos parents et amis, et notamment \u00e0 B\u00e9tan.<\/p>\n","protected":false},"excerpt":{"rendered":"<p>L&rsquo;assurance que Monsieur de Saint-Martin m&rsquo;a donn\u00e9e de votre bon portement m&rsquo;a autant r\u00e9joui que le s\u00e9jour qu&rsquo;il me faut encore faire en cette ville pour recouvrer l&rsquo;occasion de mon avancement (que mes d\u00e9sastres m&rsquo;ont &#8230; <a href=\"https:\/\/vincentians.com\/fr\/vincent-de-paul-lettre-0003-a-sa-mere-a-pouy\/\" class=\"more-link\">Read More<\/a><\/p>\n","protected":false},"author":4,"featured_media":189779,"comment_status":"open","ping_status":"open","sticky":false,"template":"","format":"standard","meta":{"jetpack_post_was_ever_published":false,"_jetpack_newsletter_access":"","_jetpack_dont_email_post_to_subs":false,"_jetpack_newsletter_tier_id":0,"_jetpack_memberships_contains_paywalled_content":false,"_jetpack_memberships_contains_paid_content":false,"footnotes":"","jetpack_publicize_message":"","jetpack_publicize_feature_enabled":true,"jetpack_social_post_already_shared":true,"jetpack_social_options":{"image_generator_settings":{"template":"highway","default_image_id":0,"font":"","enabled":false},"version":2}},"categories":[116],"tags":[],"class_list":["post-104562","post","type-post","status-publish","format-standard","has-post-thumbnail","hentry","category-ecrits-de-vincent-de-paul"],"yoast_head":"<!-- This site is optimized with the Yoast SEO plugin v26.3 - https:\/\/yoast.com\/wordpress\/plugins\/seo\/ -->\n<title>Vincent de Paul, Lettre 0003. A Sa M\u00e8re, A Pouy - Nous Sommes Vincentiens<\/title>\n<meta name=\"robots\" content=\"index, follow, max-snippet:-1, max-image-preview:large, max-video-preview:-1\" \/>\n<link rel=\"canonical\" href=\"https:\/\/vincentians.com\/fr\/vincent-de-paul-lettre-0003-a-sa-mere-a-pouy\/\" \/>\n<meta property=\"og:locale\" content=\"fr_FR\" \/>\n<meta property=\"og:type\" content=\"article\" \/>\n<meta property=\"og:title\" content=\"Vincent de Paul, Lettre 0003. A Sa M\u00e8re, A Pouy - Nous Sommes Vincentiens\" \/>\n<meta property=\"og:description\" content=\"L&rsquo;assurance que Monsieur de Saint-Martin m&rsquo;a donn\u00e9e de votre bon portement m&rsquo;a autant r\u00e9joui que le s\u00e9jour qu&rsquo;il me faut encore faire en cette ville pour recouvrer l&rsquo;occasion de mon avancement (que mes d\u00e9sastres m&rsquo;ont ... Read More\" \/>\n<meta property=\"og:url\" content=\"https:\/\/vincentians.com\/fr\/vincent-de-paul-lettre-0003-a-sa-mere-a-pouy\/\" \/>\n<meta property=\"og:site_name\" content=\"Nous Sommes Vincentiens\" \/>\n<meta property=\"article:publisher\" content=\"https:\/\/www.facebook.com\/WeAreVincentians\/\" \/>\n<meta property=\"article:author\" content=\"https:\/\/www.facebook.com\/JavierChento\" \/>\n<meta property=\"article:published_time\" content=\"2016-07-18T02:00:57+00:00\" \/>\n<meta property=\"og:image\" content=\"https:\/\/i0.wp.com\/vincentians.com\/fr\/wp-content\/uploads\/sites\/10\/2016\/07\/cartas-vicente-de-paul.jpg?fit=1200%2C630&ssl=1\" \/>\n\t<meta property=\"og:image:width\" content=\"1200\" \/>\n\t<meta property=\"og:image:height\" content=\"630\" \/>\n\t<meta property=\"og:image:type\" content=\"image\/jpeg\" \/>\n<meta name=\"author\" content=\"Francisco Javier Fern\u00e1ndez Chento\" \/>\n<meta name=\"twitter:card\" content=\"summary_large_image\" \/>\n<meta name=\"twitter:creator\" content=\"@https:\/\/twitter.com\/javierchento\" \/>\n<meta name=\"twitter:site\" content=\"@WeVincentians\" \/>\n<meta name=\"twitter:label1\" content=\"\u00c9crit par\" \/>\n\t<meta name=\"twitter:data1\" content=\"Francisco Javier Fern\u00e1ndez Chento\" \/>\n\t<meta name=\"twitter:label2\" content=\"Dur\u00e9e de lecture estim\u00e9e\" \/>\n\t<meta name=\"twitter:data2\" content=\"5 minutes\" \/>\n<script type=\"application\/ld+json\" class=\"yoast-schema-graph\">{\"@context\":\"https:\/\/schema.org\",\"@graph\":[{\"@type\":\"WebPage\",\"@id\":\"https:\/\/vincentians.com\/fr\/vincent-de-paul-lettre-0003-a-sa-mere-a-pouy\/\",\"url\":\"https:\/\/vincentians.com\/fr\/vincent-de-paul-lettre-0003-a-sa-mere-a-pouy\/\",\"name\":\"Vincent de Paul, Lettre 0003. A Sa M\u00e8re, A Pouy - Nous Sommes Vincentiens\",\"isPartOf\":{\"@id\":\"https:\/\/vincentians.com\/fr\/#website\"},\"primaryImageOfPage\":{\"@id\":\"https:\/\/vincentians.com\/fr\/vincent-de-paul-lettre-0003-a-sa-mere-a-pouy\/#primaryimage\"},\"image\":{\"@id\":\"https:\/\/vincentians.com\/fr\/vincent-de-paul-lettre-0003-a-sa-mere-a-pouy\/#primaryimage\"},\"thumbnailUrl\":\"https:\/\/i0.wp.com\/vincentians.com\/fr\/wp-content\/uploads\/sites\/10\/2016\/07\/cartas-vicente-de-paul.jpg?fit=1200%2C630&ssl=1\",\"datePublished\":\"2016-07-18T02:00:57+00:00\",\"author\":{\"@id\":\"https:\/\/vincentians.com\/fr\/#\/schema\/person\/9623ef4d9aa3b2dfb8c061f1499288f2\"},\"breadcrumb\":{\"@id\":\"https:\/\/vincentians.com\/fr\/vincent-de-paul-lettre-0003-a-sa-mere-a-pouy\/#breadcrumb\"},\"inLanguage\":\"fr-FR\",\"potentialAction\":[{\"@type\":\"ReadAction\",\"target\":[\"https:\/\/vincentians.com\/fr\/vincent-de-paul-lettre-0003-a-sa-mere-a-pouy\/\"]}]},{\"@type\":\"ImageObject\",\"inLanguage\":\"fr-FR\",\"@id\":\"https:\/\/vincentians.com\/fr\/vincent-de-paul-lettre-0003-a-sa-mere-a-pouy\/#primaryimage\",\"url\":\"https:\/\/i0.wp.com\/vincentians.com\/fr\/wp-content\/uploads\/sites\/10\/2016\/07\/cartas-vicente-de-paul.jpg?fit=1200%2C630&ssl=1\",\"contentUrl\":\"https:\/\/i0.wp.com\/vincentians.com\/fr\/wp-content\/uploads\/sites\/10\/2016\/07\/cartas-vicente-de-paul.jpg?fit=1200%2C630&ssl=1\",\"width\":1200,\"height\":630},{\"@type\":\"BreadcrumbList\",\"@id\":\"https:\/\/vincentians.com\/fr\/vincent-de-paul-lettre-0003-a-sa-mere-a-pouy\/#breadcrumb\",\"itemListElement\":[{\"@type\":\"ListItem\",\"position\":1,\"name\":\"Portada\",\"item\":\"https:\/\/vincentians.com\/fr\/\"},{\"@type\":\"ListItem\",\"position\":2,\"name\":\"Vincent de Paul, Lettre 0003. A Sa M\u00e8re, A Pouy\"}]},{\"@type\":\"WebSite\",\"@id\":\"https:\/\/vincentians.com\/fr\/#website\",\"url\":\"https:\/\/vincentians.com\/fr\/\",\"name\":\"Nous Sommes Vincentiens\",\"description\":\"Know more to serve more\",\"potentialAction\":[{\"@type\":\"SearchAction\",\"target\":{\"@type\":\"EntryPoint\",\"urlTemplate\":\"https:\/\/vincentians.com\/fr\/?s={search_term_string}\"},\"query-input\":{\"@type\":\"PropertyValueSpecification\",\"valueRequired\":true,\"valueName\":\"search_term_string\"}}],\"inLanguage\":\"fr-FR\"},{\"@type\":\"Person\",\"@id\":\"https:\/\/vincentians.com\/fr\/#\/schema\/person\/9623ef4d9aa3b2dfb8c061f1499288f2\",\"name\":\"Francisco Javier Fern\u00e1ndez Chento\",\"image\":{\"@type\":\"ImageObject\",\"inLanguage\":\"fr-FR\",\"@id\":\"https:\/\/vincentians.com\/fr\/#\/schema\/person\/image\/\",\"url\":\"https:\/\/secure.gravatar.com\/avatar\/497d5cde87b4c3d097d0315953521681ba2cd523ee66e5077c3711f7021e65de?s=96&d=mm&r=g\",\"contentUrl\":\"https:\/\/secure.gravatar.com\/avatar\/497d5cde87b4c3d097d0315953521681ba2cd523ee66e5077c3711f7021e65de?s=96&d=mm&r=g\",\"caption\":\"Francisco Javier Fern\u00e1ndez Chento\"},\"description\":\"Director General y cofundador de La Red de Formaci\u00f3n Vicenciana. Javier es laico vicenciano, afiliado a la Congregaci\u00f3n de la Misi\u00f3n y miembro del Equipo de Misiones Populares de la provincia can\u00f3nica de Zaragoza (Espa\u00f1a) de la Congregaci\u00f3n de la Misi\u00f3n. Graduado en la Universidad Oberta de Catalunya con cuatro grados (Asistente de direcci\u00f3n, Gesti\u00f3n Administrativa, Recursos Humanos y Contabilidad Avanzada). Bil\u00edng\u00fce Espa\u00f1ol\/Ingl\u00e9s. gestiona y mantiene varias p\u00e1ginas web cristianas y vicencianas, incluida including La Red de Formaci\u00f3n Vicenciana, de la que es cofundador. Actualmente es responsable del \u00e1rea de Espa\u00f1ol de .famvin, la Red de Noticias de la Familia Vicenciana. Tambi\u00e9n es m\u00fasico cat\u00f3lico y ha editado varios discos. Es Director General y cofundador de Trovador, una reconocida compa\u00f1\u00eda discogr\u00e1fica critiana de Espa\u00f1a. Trabaja en las Tecnolog\u00edas de la Informaci\u00f3n, ofreciendo servicios de alojamiento, dise\u00f1o y mantenimiento Web, as\u00ed como asesoramiento, formaci\u00f3n y soluciones inform\u00e1ticas, gesti\u00f3n documental y digitalizaci\u00f3n de textos, edici\u00f3n y maquetaci\u00f3n de libros, revistas, flyers, etc.\",\"sameAs\":[\"http:\/\/chento.org\",\"https:\/\/www.facebook.com\/JavierChento\",\"https:\/\/x.com\/https:\/\/twitter.com\/javierchento\"],\"url\":\"https:\/\/vincentians.com\/fr\/author\/chento\/\"}]}<\/script>\n<!-- \/ Yoast SEO plugin. -->","yoast_head_json":{"title":"Vincent de Paul, Lettre 0003. A Sa M\u00e8re, A Pouy - Nous Sommes Vincentiens","robots":{"index":"index","follow":"follow","max-snippet":"max-snippet:-1","max-image-preview":"max-image-preview:large","max-video-preview":"max-video-preview:-1"},"canonical":"https:\/\/vincentians.com\/fr\/vincent-de-paul-lettre-0003-a-sa-mere-a-pouy\/","og_locale":"fr_FR","og_type":"article","og_title":"Vincent de Paul, Lettre 0003. A Sa M\u00e8re, A Pouy - Nous Sommes Vincentiens","og_description":"L&rsquo;assurance que Monsieur de Saint-Martin m&rsquo;a donn\u00e9e de votre bon portement m&rsquo;a autant r\u00e9joui que le s\u00e9jour qu&rsquo;il me faut encore faire en cette ville pour recouvrer l&rsquo;occasion de mon avancement (que mes d\u00e9sastres m&rsquo;ont ... Read More","og_url":"https:\/\/vincentians.com\/fr\/vincent-de-paul-lettre-0003-a-sa-mere-a-pouy\/","og_site_name":"Nous Sommes Vincentiens","article_publisher":"https:\/\/www.facebook.com\/WeAreVincentians\/","article_author":"https:\/\/www.facebook.com\/JavierChento","article_published_time":"2016-07-18T02:00:57+00:00","og_image":[{"width":1200,"height":630,"url":"https:\/\/i0.wp.com\/vincentians.com\/fr\/wp-content\/uploads\/sites\/10\/2016\/07\/cartas-vicente-de-paul.jpg?fit=1200%2C630&ssl=1","type":"image\/jpeg"}],"author":"Francisco Javier Fern\u00e1ndez Chento","twitter_card":"summary_large_image","twitter_creator":"@https:\/\/twitter.com\/javierchento","twitter_site":"@WeVincentians","twitter_misc":{"\u00c9crit par":"Francisco Javier Fern\u00e1ndez Chento","Dur\u00e9e de lecture estim\u00e9e":"5 minutes"},"schema":{"@context":"https:\/\/schema.org","@graph":[{"@type":"WebPage","@id":"https:\/\/vincentians.com\/fr\/vincent-de-paul-lettre-0003-a-sa-mere-a-pouy\/","url":"https:\/\/vincentians.com\/fr\/vincent-de-paul-lettre-0003-a-sa-mere-a-pouy\/","name":"Vincent de Paul, Lettre 0003. A Sa M\u00e8re, A Pouy - Nous Sommes Vincentiens","isPartOf":{"@id":"https:\/\/vincentians.com\/fr\/#website"},"primaryImageOfPage":{"@id":"https:\/\/vincentians.com\/fr\/vincent-de-paul-lettre-0003-a-sa-mere-a-pouy\/#primaryimage"},"image":{"@id":"https:\/\/vincentians.com\/fr\/vincent-de-paul-lettre-0003-a-sa-mere-a-pouy\/#primaryimage"},"thumbnailUrl":"https:\/\/i0.wp.com\/vincentians.com\/fr\/wp-content\/uploads\/sites\/10\/2016\/07\/cartas-vicente-de-paul.jpg?fit=1200%2C630&ssl=1","datePublished":"2016-07-18T02:00:57+00:00","author":{"@id":"https:\/\/vincentians.com\/fr\/#\/schema\/person\/9623ef4d9aa3b2dfb8c061f1499288f2"},"breadcrumb":{"@id":"https:\/\/vincentians.com\/fr\/vincent-de-paul-lettre-0003-a-sa-mere-a-pouy\/#breadcrumb"},"inLanguage":"fr-FR","potentialAction":[{"@type":"ReadAction","target":["https:\/\/vincentians.com\/fr\/vincent-de-paul-lettre-0003-a-sa-mere-a-pouy\/"]}]},{"@type":"ImageObject","inLanguage":"fr-FR","@id":"https:\/\/vincentians.com\/fr\/vincent-de-paul-lettre-0003-a-sa-mere-a-pouy\/#primaryimage","url":"https:\/\/i0.wp.com\/vincentians.com\/fr\/wp-content\/uploads\/sites\/10\/2016\/07\/cartas-vicente-de-paul.jpg?fit=1200%2C630&ssl=1","contentUrl":"https:\/\/i0.wp.com\/vincentians.com\/fr\/wp-content\/uploads\/sites\/10\/2016\/07\/cartas-vicente-de-paul.jpg?fit=1200%2C630&ssl=1","width":1200,"height":630},{"@type":"BreadcrumbList","@id":"https:\/\/vincentians.com\/fr\/vincent-de-paul-lettre-0003-a-sa-mere-a-pouy\/#breadcrumb","itemListElement":[{"@type":"ListItem","position":1,"name":"Portada","item":"https:\/\/vincentians.com\/fr\/"},{"@type":"ListItem","position":2,"name":"Vincent de Paul, Lettre 0003. A Sa M\u00e8re, A Pouy"}]},{"@type":"WebSite","@id":"https:\/\/vincentians.com\/fr\/#website","url":"https:\/\/vincentians.com\/fr\/","name":"Nous Sommes Vincentiens","description":"Know more to serve more","potentialAction":[{"@type":"SearchAction","target":{"@type":"EntryPoint","urlTemplate":"https:\/\/vincentians.com\/fr\/?s={search_term_string}"},"query-input":{"@type":"PropertyValueSpecification","valueRequired":true,"valueName":"search_term_string"}}],"inLanguage":"fr-FR"},{"@type":"Person","@id":"https:\/\/vincentians.com\/fr\/#\/schema\/person\/9623ef4d9aa3b2dfb8c061f1499288f2","name":"Francisco Javier Fern\u00e1ndez Chento","image":{"@type":"ImageObject","inLanguage":"fr-FR","@id":"https:\/\/vincentians.com\/fr\/#\/schema\/person\/image\/","url":"https:\/\/secure.gravatar.com\/avatar\/497d5cde87b4c3d097d0315953521681ba2cd523ee66e5077c3711f7021e65de?s=96&d=mm&r=g","contentUrl":"https:\/\/secure.gravatar.com\/avatar\/497d5cde87b4c3d097d0315953521681ba2cd523ee66e5077c3711f7021e65de?s=96&d=mm&r=g","caption":"Francisco Javier Fern\u00e1ndez Chento"},"description":"Director General y cofundador de La Red de Formaci\u00f3n Vicenciana. Javier es laico vicenciano, afiliado a la Congregaci\u00f3n de la Misi\u00f3n y miembro del Equipo de Misiones Populares de la provincia can\u00f3nica de Zaragoza (Espa\u00f1a) de la Congregaci\u00f3n de la Misi\u00f3n. Graduado en la Universidad Oberta de Catalunya con cuatro grados (Asistente de direcci\u00f3n, Gesti\u00f3n Administrativa, Recursos Humanos y Contabilidad Avanzada). Bil\u00edng\u00fce Espa\u00f1ol\/Ingl\u00e9s. gestiona y mantiene varias p\u00e1ginas web cristianas y vicencianas, incluida including La Red de Formaci\u00f3n Vicenciana, de la que es cofundador. Actualmente es responsable del \u00e1rea de Espa\u00f1ol de .famvin, la Red de Noticias de la Familia Vicenciana. Tambi\u00e9n es m\u00fasico cat\u00f3lico y ha editado varios discos. Es Director General y cofundador de Trovador, una reconocida compa\u00f1\u00eda discogr\u00e1fica critiana de Espa\u00f1a. Trabaja en las Tecnolog\u00edas de la Informaci\u00f3n, ofreciendo servicios de alojamiento, dise\u00f1o y mantenimiento Web, as\u00ed como asesoramiento, formaci\u00f3n y soluciones inform\u00e1ticas, gesti\u00f3n documental y digitalizaci\u00f3n de textos, edici\u00f3n y maquetaci\u00f3n de libros, revistas, flyers, etc.","sameAs":["http:\/\/chento.org","https:\/\/www.facebook.com\/JavierChento","https:\/\/x.com\/https:\/\/twitter.com\/javierchento"],"url":"https:\/\/vincentians.com\/fr\/author\/chento\/"}]}},"jetpack_publicize_connections":[],"jetpack_featured_media_url":"https:\/\/i0.wp.com\/vincentians.com\/fr\/wp-content\/uploads\/sites\/10\/2016\/07\/cartas-vicente-de-paul.jpg?fit=1200%2C630&ssl=1","jetpack_sharing_enabled":true,"jetpack_shortlink":"https:\/\/wp.me\/p7ETMP-rcu","jetpack-related-posts":[{"id":52020,"url":"https:\/\/vincentians.com\/fr\/saint-vincent-de-paul-et-sa-mission-sociale-i-la-vocation-1\/","url_meta":{"origin":104562,"position":0},"title":"Saint Vincent De Paul Et Sa Mission Sociale. I &#8211; La vocation (1)","author":"Francisco Javier Fern\u00e1ndez Chento","date":"18\/12\/2014","format":false,"excerpt":"L\u2019HOMME ET L\u2019\u0152UVRE \u2014 Le seizi\u00e8me si\u00e8cle et le protestantisme en France. \u2014 Ravages caus\u00e9s par les guerres de religion. \u2014 Changements dans la soci\u00e9t\u00e9. \u2014 Accroissement de la mis\u00e8re. \u2014 L\u2019\u0153uvre nouvelle de la Charit\u00e9. \u2014 Saint Vincent de Paul. \u2014 Sa mission. \u2014 Naissance et premi\u00e8res ann\u00e9es. \u2014\u2026","rel":"","context":"Dans &quot;Vincent de Paul&quot;","block_context":{"text":"Vincent de Paul","link":"https:\/\/vincentians.com\/fr\/category\/the-vincentian-family\/founders\/vincent-de-paul\/"},"img":{"alt_text":"","src":"https:\/\/i0.wp.com\/vincentians.com\/fr\/wp-content\/uploads\/sites\/10\/2016\/07\/vincent-et-sa-action-sociale.jpg?fit=1160%2C630&ssl=1&resize=350%2C200","width":350,"height":200,"srcset":"https:\/\/i0.wp.com\/vincentians.com\/fr\/wp-content\/uploads\/sites\/10\/2016\/07\/vincent-et-sa-action-sociale.jpg?fit=1160%2C630&ssl=1&resize=350%2C200 1x, https:\/\/i0.wp.com\/vincentians.com\/fr\/wp-content\/uploads\/sites\/10\/2016\/07\/vincent-et-sa-action-sociale.jpg?fit=1160%2C630&ssl=1&resize=525%2C300 1.5x, https:\/\/i0.wp.com\/vincentians.com\/fr\/wp-content\/uploads\/sites\/10\/2016\/07\/vincent-et-sa-action-sociale.jpg?fit=1160%2C630&ssl=1&resize=700%2C400 2x, https:\/\/i0.wp.com\/vincentians.com\/fr\/wp-content\/uploads\/sites\/10\/2016\/07\/vincent-et-sa-action-sociale.jpg?fit=1160%2C630&ssl=1&resize=1050%2C600 3x"},"classes":[]},{"id":190723,"url":"https:\/\/vincentians.com\/fr\/saint-vincent-paul-biographie-03-projets-et-infortunes\/","url_meta":{"origin":104562,"position":1},"title":"Saint Vincent de Paul, biographie 03 &#8211; Projets et infortunes","author":"Francisco Javier Fern\u00e1ndez Chento","date":"23\/12\/2016","format":false,"excerpt":"Deuxi\u00e8me Partie : Les ann\u00e9es de P\u00e8lerinage et d\u2019Apprentissage (1600-1617) Chapitre 3\u00a0:\u00a0 Projets et infortunes Le premier projet \u00c0 peine avait-il re\u00e7u le sacerdoce que Vincent parut arriver aussi \u00e0 ce qu\u2019il avait tant d\u00e9sir\u00e9 : un office eccl\u00e9siastique r\u00e9mun\u00e9r\u00e9. C\u2019\u00e9tait le premier projet concret parmi tous ceux qu\u2019il \u00e9chafaudera\u2026","rel":"","context":"Dans &quot;Vincent de Paul&quot;","block_context":{"text":"Vincent de Paul","link":"https:\/\/vincentians.com\/fr\/category\/the-vincentian-family\/founders\/vincent-de-paul\/"},"img":{"alt_text":"","src":"https:\/\/i0.wp.com\/vincentians.com\/fr\/wp-content\/uploads\/sites\/10\/2016\/07\/Saint-Vincent-de-Paul-a-biography.jpg?fit=1200%2C630&ssl=1&resize=350%2C200","width":350,"height":200,"srcset":"https:\/\/i0.wp.com\/vincentians.com\/fr\/wp-content\/uploads\/sites\/10\/2016\/07\/Saint-Vincent-de-Paul-a-biography.jpg?fit=1200%2C630&ssl=1&resize=350%2C200 1x, https:\/\/i0.wp.com\/vincentians.com\/fr\/wp-content\/uploads\/sites\/10\/2016\/07\/Saint-Vincent-de-Paul-a-biography.jpg?fit=1200%2C630&ssl=1&resize=525%2C300 1.5x, https:\/\/i0.wp.com\/vincentians.com\/fr\/wp-content\/uploads\/sites\/10\/2016\/07\/Saint-Vincent-de-Paul-a-biography.jpg?fit=1200%2C630&ssl=1&resize=700%2C400 2x, https:\/\/i0.wp.com\/vincentians.com\/fr\/wp-content\/uploads\/sites\/10\/2016\/07\/Saint-Vincent-de-Paul-a-biography.jpg?fit=1200%2C630&ssl=1&resize=1050%2C600 3x"},"classes":[]},{"id":190721,"url":"https:\/\/vincentians.com\/fr\/saint-vincent-paul-biographie-01-une-enfance-paysanne\/","url_meta":{"origin":104562,"position":2},"title":"Saint Vincent de Paul, biographie 01 &#8211; Une enfance paysanne","author":"Francisco Javier Fern\u00e1ndez Chento","date":"21\/12\/2016","format":false,"excerpt":"Premi\u00e8re partie : Une enfance sans histoire (1581-1600) Chapitre 1er : Une enfance paysanne L\u2019\u00e9tape la plus mal connue de la vie de Vincent de Paul est son enfance comme celle de beaucoup d\u2019autres personnages c\u00e9l\u00e8bres. Qui aurait pu avoir int\u00e9r\u00eat \u00e0 consigner pour l\u2019histoire les all\u00e9es et venues d\u2019un\u2026","rel":"","context":"Dans &quot;Vincent de Paul&quot;","block_context":{"text":"Vincent de Paul","link":"https:\/\/vincentians.com\/fr\/category\/the-vincentian-family\/founders\/vincent-de-paul\/"},"img":{"alt_text":"","src":"https:\/\/i0.wp.com\/vincentians.com\/fr\/wp-content\/uploads\/sites\/10\/2016\/07\/Saint-Vincent-de-Paul-a-biography.jpg?fit=1200%2C630&ssl=1&resize=350%2C200","width":350,"height":200,"srcset":"https:\/\/i0.wp.com\/vincentians.com\/fr\/wp-content\/uploads\/sites\/10\/2016\/07\/Saint-Vincent-de-Paul-a-biography.jpg?fit=1200%2C630&ssl=1&resize=350%2C200 1x, https:\/\/i0.wp.com\/vincentians.com\/fr\/wp-content\/uploads\/sites\/10\/2016\/07\/Saint-Vincent-de-Paul-a-biography.jpg?fit=1200%2C630&ssl=1&resize=525%2C300 1.5x, https:\/\/i0.wp.com\/vincentians.com\/fr\/wp-content\/uploads\/sites\/10\/2016\/07\/Saint-Vincent-de-Paul-a-biography.jpg?fit=1200%2C630&ssl=1&resize=700%2C400 2x, https:\/\/i0.wp.com\/vincentians.com\/fr\/wp-content\/uploads\/sites\/10\/2016\/07\/Saint-Vincent-de-Paul-a-biography.jpg?fit=1200%2C630&ssl=1&resize=1050%2C600 3x"},"classes":[]},{"id":42759,"url":"https:\/\/vincentians.com\/fr\/saint-vincent-de-paul-maitre-doraison-chapitre-premier\/","url_meta":{"origin":104562,"position":3},"title":"Saint Vincent De Paul, Ma\u00eetre d\u2019Oraison. Chapitre I","author":"Francisco Javier Fern\u00e1ndez Chento","date":"11\/05\/2015","format":false,"excerpt":"Chapitre premier Ce qu\u2019est L\u2019oraison au point de vue psychique Psychologue de premier ordre, comme son contemporain et ami Fran\u00e7ois de Sales, saint Vincent de Paul ne se m\u00e9prend sur la nature psychique de l\u2019oraison mentale. Sous ses formes multiples et \u00e0 ses divers degr\u00e9s, cette derni\u00e8re est \u00e0 ses\u2026","rel":"","context":"Dans &quot;Vincent de Paul&quot;","block_context":{"text":"Vincent de Paul","link":"https:\/\/vincentians.com\/fr\/category\/the-vincentian-family\/founders\/vincent-de-paul\/"},"img":{"alt_text":"","src":"https:\/\/i0.wp.com\/vincentians.com\/fr\/wp-content\/uploads\/sites\/10\/2016\/07\/vincent-maitre-d-oraison.jpg?fit=1200%2C630&ssl=1&resize=350%2C200","width":350,"height":200,"srcset":"https:\/\/i0.wp.com\/vincentians.com\/fr\/wp-content\/uploads\/sites\/10\/2016\/07\/vincent-maitre-d-oraison.jpg?fit=1200%2C630&ssl=1&resize=350%2C200 1x, https:\/\/i0.wp.com\/vincentians.com\/fr\/wp-content\/uploads\/sites\/10\/2016\/07\/vincent-maitre-d-oraison.jpg?fit=1200%2C630&ssl=1&resize=525%2C300 1.5x, https:\/\/i0.wp.com\/vincentians.com\/fr\/wp-content\/uploads\/sites\/10\/2016\/07\/vincent-maitre-d-oraison.jpg?fit=1200%2C630&ssl=1&resize=700%2C400 2x, https:\/\/i0.wp.com\/vincentians.com\/fr\/wp-content\/uploads\/sites\/10\/2016\/07\/vincent-maitre-d-oraison.jpg?fit=1200%2C630&ssl=1&resize=1050%2C600 3x"},"classes":[]},{"id":74152,"url":"https:\/\/vincentians.com\/fr\/fernand-portal-fils-de-saint-vincent-de-paul\/","url_meta":{"origin":104562,"position":4},"title":"Fernand Portal, Fils de Saint Vincent de Paul","author":"Francisco Javier Fern\u00e1ndez Chento","date":"20\/02\/2015","format":false,"excerpt":"\u00abCelui que vous voyez devant vous est un pr\u00eatre fran\u00e7ais, humble fils de saint Vincent de Paul\u00bb. C'est ainsi que Fernand Portal se pr\u00e9sentait, le 13 juillet 1896, \u00e0 Londres, devant une assembl\u00e9e compos\u00e9e en majeure partie de pr\u00eatres anglicans. En mettant ainsi en avant sa carte d'identit\u00e9 vincentienne, recourait-il\u2026","rel":"","context":"Dans &quot;Biographies Lazaristes&quot;","block_context":{"text":"Biographies Lazaristes","link":"https:\/\/vincentians.com\/fr\/category\/biographies-lazaristes\/"},"img":{"alt_text":"","src":"https:\/\/i0.wp.com\/vincentians.com\/fr\/wp-content\/uploads\/sites\/10\/2016\/08\/bio-congregation-of-the-mission.jpg?fit=1200%2C630&ssl=1&resize=350%2C200","width":350,"height":200,"srcset":"https:\/\/i0.wp.com\/vincentians.com\/fr\/wp-content\/uploads\/sites\/10\/2016\/08\/bio-congregation-of-the-mission.jpg?fit=1200%2C630&ssl=1&resize=350%2C200 1x, https:\/\/i0.wp.com\/vincentians.com\/fr\/wp-content\/uploads\/sites\/10\/2016\/08\/bio-congregation-of-the-mission.jpg?fit=1200%2C630&ssl=1&resize=525%2C300 1.5x, https:\/\/i0.wp.com\/vincentians.com\/fr\/wp-content\/uploads\/sites\/10\/2016\/08\/bio-congregation-of-the-mission.jpg?fit=1200%2C630&ssl=1&resize=700%2C400 2x, https:\/\/i0.wp.com\/vincentians.com\/fr\/wp-content\/uploads\/sites\/10\/2016\/08\/bio-congregation-of-the-mission.jpg?fit=1200%2C630&ssl=1&resize=1050%2C600 3x"},"classes":[]},{"id":38477,"url":"https:\/\/vincentians.com\/fr\/le-directeur-provincial-animateur-des-filles-de-la-charite\/","url_meta":{"origin":104562,"position":5},"title":"Le Directeur Provincial \u201canimateur\u201d des Filles de la Charit\u00e9","author":"Francisco Javier Fern\u00e1ndez Chento","date":"03\/10\/2012","format":false,"excerpt":"Dans les Constitutions des Filles de la Charit\u00e9, nous trouvons \u00e0 l\u2019article 3.38: le Directeur Provincial est un pr\u00eatre de la Congr\u00e9gation de la Mission, nomm\u00e9 par le Sup\u00e9rieur G\u00e9n\u00e9ral; \u201cil partage avec la Visitatrice et son Conseil la responsabilit\u00e9 de promouvoir l\u2019esprit vincentien dans la Province\u201d Missionnaire, le directeur\u2026","rel":"","context":"Dans &quot;Congr\u00e9gation de la Mission&quot;","block_context":{"text":"Congr\u00e9gation de la Mission","link":"https:\/\/vincentians.com\/fr\/category\/congregation-de-la-mission\/"},"img":{"alt_text":"","src":"https:\/\/i0.wp.com\/vincentiens.org\/wp-content\/uploads\/2011\/05\/filles_charite-228x300.jpg?resize=350%2C200","width":350,"height":200},"classes":[]}],"_links":{"self":[{"href":"https:\/\/vincentians.com\/fr\/wp-json\/wp\/v2\/posts\/104562","targetHints":{"allow":["GET"]}}],"collection":[{"href":"https:\/\/vincentians.com\/fr\/wp-json\/wp\/v2\/posts"}],"about":[{"href":"https:\/\/vincentians.com\/fr\/wp-json\/wp\/v2\/types\/post"}],"author":[{"embeddable":true,"href":"https:\/\/vincentians.com\/fr\/wp-json\/wp\/v2\/users\/4"}],"replies":[{"embeddable":true,"href":"https:\/\/vincentians.com\/fr\/wp-json\/wp\/v2\/comments?post=104562"}],"version-history":[{"count":0,"href":"https:\/\/vincentians.com\/fr\/wp-json\/wp\/v2\/posts\/104562\/revisions"}],"wp:featuredmedia":[{"embeddable":true,"href":"https:\/\/vincentians.com\/fr\/wp-json\/wp\/v2\/media\/189779"}],"wp:attachment":[{"href":"https:\/\/vincentians.com\/fr\/wp-json\/wp\/v2\/media?parent=104562"}],"wp:term":[{"taxonomy":"category","embeddable":true,"href":"https:\/\/vincentians.com\/fr\/wp-json\/wp\/v2\/categories?post=104562"},{"taxonomy":"post_tag","embeddable":true,"href":"https:\/\/vincentians.com\/fr\/wp-json\/wp\/v2\/tags?post=104562"}],"curies":[{"name":"wp","href":"https:\/\/api.w.org\/{rel}","templated":true}]}}