{"id":104527,"date":"2016-08-02T04:00:58","date_gmt":"2016-08-02T02:00:58","guid":{"rendered":"http:\/\/vincentiens.org\/?p=104527"},"modified":"2016-08-02T04:00:58","modified_gmt":"2016-08-02T02:00:58","slug":"louise-de-marillac-lettre-0004-a-monsieur-vincent","status":"publish","type":"post","link":"https:\/\/vincentians.com\/fr\/louise-de-marillac-lettre-0004-a-monsieur-vincent\/","title":{"rendered":"Louise de Marillac, Lettre 0004: \u00e0 Monsieur Vincent"},"content":{"rendered":"<p>Ce 4 septembre (vers 1635)<\/p>\n<p>Monsieur,<\/p>\n<p>Je vous renvoie le r\u00e8glement de Saint-Sauveur, je ne l&rsquo;avais pas vu, il me semble que le commencement fait d\u00e9pendre toute la confr\u00e9rie de Monsieur le Cur\u00e9, je ne sais si cela serait \u00e0 propos; bien est-il vrai que Messieurs les Cur\u00e9s de Beauvais en seraient bien contents, mais cela les porterait incontinent \u00e0 ne vouloir plus que personne e\u00fbt la connaissance de ce qui se passerait \u00e0 chaque Confr\u00e9rie. Je crois pourtant, Monsieur, qu&rsquo;il est n\u00e9cessaire que les offici\u00e8res leur communiquent de la r\u00e9ception des malades, au moins leur disent ceux qu&rsquo;elles recevront qu&rsquo;il soit port\u00e9 dans le r\u00e8glement que les voix seront collig\u00e9es* par eux, pour l&rsquo;\u00e9lection, et que la tr\u00e9sori\u00e8re rendra ses comptes en sa pr\u00e9sence, sans du tout parler de Monsieur le Grand-Vicaire, comme il \u00e9tait port\u00e9 dans le r\u00e8glement, et que le nombre des dames soit pr\u00e9cis\u00e9; que les places vacantes seront remplies de celles que la Compagnie agr\u00e9era et apr\u00e8s pr\u00e9sent\u00e9es \u00e0 Messieurs les Cur\u00e9s pour leur r\u00e9ception et recevoir leur b\u00e9n\u00e9diction.<\/p>\n<p>Pour procureur, je ne sais s&rsquo;il serait facile d&rsquo;en mettre un \u00e0 chaque Confr\u00e9rie, car jamais elles ne s&rsquo;en retireront \u00e0 faire \u00e9crire les qu\u00eates par lui, pour dresser les comptes je crois que les femmes le pourront elles-m\u00eames. Il ne reste plus rien \u00e0 faire pour le procureur, sinon faire ex\u00e9cuter les legs, si aucun il y en avait, au profit des Confr\u00e9ries et en ce cas il y a apparence qu&rsquo;un seul pourrait suffire pour toutes, j&rsquo;entends seulement, Monsieur, pour Beauvais, car pour Liancourt le r\u00e8glement ordinaire est bon- principalement ce qui recommande l&rsquo;amiti\u00e9 entr&rsquo;elles et les plus amples<span id='easy-footnote-1-104527' class='easy-footnote-margin-adjust'><\/span><span class='easy-footnote'><a href='https:\/\/vincentians.com\/fr\/louise-de-marillac-lettre-0004-a-monsieur-vincent\/#easy-footnote-bottom-1-104527' title='Il manque sans doute un mot: plus amples pr\u00e9cisions.'><sup>1<\/sup><\/a><\/span>, \u00e0 cause des exercices tant du soir, du matin, que du souvenir de la pr\u00e9sence de Dieu (pendant) la journ\u00e9e; et aussi, Monsieur, que les places vacantes soient remplies en la mani\u00e8re ci-dessus. Il y a partout de bons procureurs.<\/p>\n<p>Vous aviserez, s&rsquo;il vous pla\u00eet, Monsieur, si vous ferez alors quelque article particulier pour cet officier qui demande avec tant d&rsquo;instance d&rsquo;\u00eatre admis pour procurer le bien de la Confr\u00e9rie. Et s&rsquo;il sera port\u00e9 par le r\u00e8glement qu&rsquo;il y aura deux filles nomm\u00e9es par Madame de Liancourt<span id='easy-footnote-2-104527' class='easy-footnote-margin-adjust'><\/span><span class='easy-footnote'><a href='https:\/\/vincentians.com\/fr\/louise-de-marillac-lettre-0004-a-monsieur-vincent\/#easy-footnote-bottom-2-104527' title='Madame la duchesse de Liancourt, n\u00e9e Jeanne de Schomberg (1600 1674); dame de la charit\u00e9, \u00e9tablit la confr\u00e9rie de la Charit\u00e9 en ses domaines.'><sup>2<\/sup><\/a><\/span> pour \u00eatre gardes des malades lesquelles habiteront dans le logis que ma dite Dame donne \u00e0 cet effet, lesquelles seront oblig\u00e9es \u00e0 faire, et porter les m\u00e9dicaments, tant aux malades de Liancourt, que La Bruy\u00e8re, Cauffry et Rantigny, ayant soin de visiter les dits malades au moins deux fois la semaine et faire tout ce qui sera port\u00e9 par l&rsquo;\u00e9tablissement et fondation qui sera fait en ce sujet. La qu\u00eate se fait, en ces lieux, les dimanches aux maisons et les bonnes f\u00eates aux \u00e9glises<\/p>\n<p>les procureurs tiennent un livre et \u00e9crivent les recettes de chaque qu\u00eate, comme aussi la tr\u00e9sori\u00e8re pareillement. Les coffres ne sont qu&rsquo;\u00e0 deux serrures. Je pense qu&rsquo;il faut dire que les dites gardes seront du corps de la Confr\u00e9rie.<\/p>\n<p>Je crois, Monsieur, qu&rsquo;il sera tr\u00e8s \u00e0 propos que dans chaque coffre il y ait un registre comme celui que je vous ai laiss\u00e9, afin que tout ce qui se passera dans la Confr\u00e9rie y soit trouv\u00e9. En t\u00eate du livre je pense qu&rsquo;il faut y \u00e9crire l&rsquo;\u00e9tablissement, ensuite le r\u00e8glement, puis le nom des s\u0153urs, puis l&rsquo;\u00e9lection du procureur et des offici\u00e8res et suivant apr\u00e8s, on pourra mettre les nouvelles \u00e9lections.<\/p>\n<p>Vers la moiti\u00e9 du livre marquer qu&rsquo;il faut \u00e9crire les noms des s\u0153urs qui d\u00e9c\u00e9deront et de celles qui se mettront \u00e0 leur place, et de l&rsquo;autre c\u00f4t\u00e9 du livre les legs pieux et dons extraordinaires, et en un autre endroit les meubles qui sont appartenant aux pauvres. Le livre que j&rsquo;ai apport\u00e9 est celui de La Bruy\u00e8re, \u00e0 cause que l&rsquo;\u00e9tablissement \u00e9tait enti\u00e8rement sign\u00e9.<\/p>\n<p>Je crois qu&rsquo;il faut que la Sup\u00e9rieure tienne un livre o\u00f9 elle fasse \u00e9crire le nom des pauvres malades, le jour de leur r\u00e9ception et de leur mort ou celui que la charit\u00e9 laisse de les assister.<\/p>\n<p>Si vous ne m&rsquo;aviez command\u00e9, Monsieur, de faire ce m\u00e9moire je n&rsquo;y eusse os\u00e9 penser. Je ne sais comme quoi j&rsquo;ai tant retard\u00e9, si non, que c&rsquo;est que je sens bien que mon esprit se ralentit fort pour le bien, tant pour l&rsquo;autrui que pour le particulier de mes exercices.<\/p>\n<p>La bonne S\u0153ur Jeanne de Saint-Benoit (3?) vient de m&rsquo;amener trois filles de Colombe, de bien bonne fa\u00e7on qui ont grand d\u00e9sir de servir les pauvres, partout o\u00f9 on les voudra envoyer. Je crois qu&rsquo;elles vous iront trouver un de ces jours, j&rsquo;ai bien du regret d&rsquo;avoir perdu la journ\u00e9e que votre charit\u00e9 me voulait donner; je crois qu&rsquo;il y a de ma faute. J&rsquo;aurais un grand besoin d&rsquo;avoir quelques jours pour penser un peu \u00e0 moi pour quelque renouvellement. Je crois Monsieur, que quand il faudra travailler pour l&rsquo;exercice de la Charit\u00e9 \u00e0 Saint-Laurent<span id='easy-footnote-3-104527' class='easy-footnote-margin-adjust'><\/span><span class='easy-footnote'><a href='https:\/\/vincentians.com\/fr\/louise-de-marillac-lettre-0004-a-monsieur-vincent\/#easy-footnote-bottom-3-104527' title='Paroisses de Paris.'><sup>3<\/sup><\/a><\/span>, si vous me voulez faire l&rsquo;honneur de m&rsquo;y employer, qu&rsquo;il sera n\u00e9cessaire que j&rsquo;y s\u00e9journe quelques jours, je me pourrais servir de cette occasion si vous le trouvez \u00e0 propos ; mais pour l&rsquo;amour de Dieu, Monsieur, demandez que sa mis\u00e9ricorde vous fasse conna\u00eetre mes besoins, autrement je croirai qu&rsquo;il me veut tout \u00e0 fait abandonner, puisqu&rsquo;il permet que vous ayez ce sentiment.<\/p>\n<p>Je vous envoie le m\u00e9moire de ce qui fut fait en chaque Assembl\u00e9e de Beauvais. Je crois qu&rsquo;il sera bon que le r\u00e8glement que vous ferez dresser soit pour Saint-Sauveur 3 et l&rsquo;envoyant mander * qu&rsquo;elle le baille* aux autres pour copier.<\/p>\n<p>Si vous voulez prendre la peine de revoir la lettre que je vous envoyai de Liancourt, vous y trouverez peut-\u00eatre quelque chose de plus que je ne vous mande. Pardonnez-moi s&rsquo;il vous pla\u00eet le mauvais ordre que je tiens, je voudrais presque m&rsquo;excuser sur mon peu de m\u00e9moire, mais vous savez telle que je suis et que je serai toujours, Monsieur.<\/p>\n<p>Votre tr\u00e8s humble fille et tr\u00e8s oblig\u00e9e servante<\/p>\n<p>P.S.\u2014Les qu\u00eates se font \u00e0 Beauvais tous les lundis, mais je crois qu&rsquo;il serait \u00e0 propos de faire qu\u00eater les bonnes f\u00eates \u00e0 l&rsquo;\u00e9glise. Je pense que faisant l&rsquo;\u00e9tablissement incontinent* que la Mission, que Monseigneur de Beauvais y veut faire faire, qu&rsquo;il sera facile d&rsquo;obtenir tout ce qu&rsquo;on pourra d\u00e9sirer pour le bien de la Confr\u00e9rie. Je ne me suis point occup\u00e9e de proposer cette qu\u00eate.<\/p>\n","protected":false},"excerpt":{"rendered":"<p>Ce 4 septembre (vers 1635) Monsieur, Je vous renvoie le r\u00e8glement de Saint-Sauveur, je ne l&rsquo;avais pas vu, il me semble que le commencement fait d\u00e9pendre toute la confr\u00e9rie de Monsieur le Cur\u00e9, je ne &#8230; <a href=\"https:\/\/vincentians.com\/fr\/louise-de-marillac-lettre-0004-a-monsieur-vincent\/\" class=\"more-link\">Read More<\/a><\/p>\n","protected":false},"author":4,"featured_media":189777,"comment_status":"open","ping_status":"open","sticky":false,"template":"","format":"standard","meta":{"jetpack_post_was_ever_published":false,"_jetpack_newsletter_access":"","_jetpack_dont_email_post_to_subs":false,"_jetpack_newsletter_tier_id":0,"_jetpack_memberships_contains_paywalled_content":false,"_jetpack_memberships_contains_paid_content":false,"footnotes":"","jetpack_publicize_message":"","jetpack_publicize_feature_enabled":true,"jetpack_social_post_already_shared":true,"jetpack_social_options":{"image_generator_settings":{"template":"highway","default_image_id":0,"font":"","enabled":false},"version":2}},"categories":[121],"tags":[],"class_list":["post-104527","post","type-post","status-publish","format-standard","has-post-thumbnail","hentry","category-ecrits-de-louise-de-marillac"],"yoast_head":"<!-- This site is optimized with the Yoast SEO plugin v26.3 - https:\/\/yoast.com\/wordpress\/plugins\/seo\/ -->\n<title>Louise de Marillac, Lettre 0004: \u00e0 Monsieur Vincent - Nous Sommes Vincentiens<\/title>\n<meta name=\"robots\" content=\"index, follow, max-snippet:-1, max-image-preview:large, max-video-preview:-1\" \/>\n<link rel=\"canonical\" href=\"https:\/\/vincentians.com\/fr\/louise-de-marillac-lettre-0004-a-monsieur-vincent\/\" \/>\n<meta property=\"og:locale\" content=\"fr_FR\" \/>\n<meta property=\"og:type\" content=\"article\" \/>\n<meta property=\"og:title\" content=\"Louise de Marillac, Lettre 0004: \u00e0 Monsieur Vincent - Nous Sommes Vincentiens\" \/>\n<meta property=\"og:description\" content=\"Ce 4 septembre (vers 1635) Monsieur, Je vous renvoie le r\u00e8glement de Saint-Sauveur, je ne l&rsquo;avais pas vu, il me semble que le commencement fait d\u00e9pendre toute la confr\u00e9rie de Monsieur le Cur\u00e9, je ne ... Read More\" \/>\n<meta property=\"og:url\" content=\"https:\/\/vincentians.com\/fr\/louise-de-marillac-lettre-0004-a-monsieur-vincent\/\" \/>\n<meta property=\"og:site_name\" content=\"Nous Sommes Vincentiens\" \/>\n<meta property=\"article:publisher\" content=\"https:\/\/www.facebook.com\/WeAreVincentians\/\" \/>\n<meta property=\"article:author\" content=\"https:\/\/www.facebook.com\/JavierChento\" \/>\n<meta property=\"article:published_time\" content=\"2016-08-02T02:00:58+00:00\" \/>\n<meta property=\"og:image\" content=\"https:\/\/i0.wp.com\/vincentians.com\/fr\/wp-content\/uploads\/sites\/10\/2016\/07\/cartas-luisa-de-marillac.jpg?fit=1200%2C630&ssl=1\" \/>\n\t<meta property=\"og:image:width\" content=\"1200\" \/>\n\t<meta property=\"og:image:height\" content=\"630\" \/>\n\t<meta property=\"og:image:type\" content=\"image\/jpeg\" \/>\n<meta name=\"author\" content=\"Francisco Javier Fern\u00e1ndez Chento\" \/>\n<meta name=\"twitter:card\" content=\"summary_large_image\" \/>\n<meta name=\"twitter:creator\" content=\"@https:\/\/twitter.com\/javierchento\" \/>\n<meta name=\"twitter:site\" content=\"@WeVincentians\" \/>\n<meta name=\"twitter:label1\" content=\"\u00c9crit par\" \/>\n\t<meta name=\"twitter:data1\" content=\"Francisco Javier Fern\u00e1ndez Chento\" \/>\n\t<meta name=\"twitter:label2\" content=\"Dur\u00e9e de lecture estim\u00e9e\" \/>\n\t<meta name=\"twitter:data2\" content=\"6 minutes\" \/>\n<script type=\"application\/ld+json\" class=\"yoast-schema-graph\">{\"@context\":\"https:\/\/schema.org\",\"@graph\":[{\"@type\":\"WebPage\",\"@id\":\"https:\/\/vincentians.com\/fr\/louise-de-marillac-lettre-0004-a-monsieur-vincent\/\",\"url\":\"https:\/\/vincentians.com\/fr\/louise-de-marillac-lettre-0004-a-monsieur-vincent\/\",\"name\":\"Louise de Marillac, Lettre 0004: \u00e0 Monsieur Vincent - Nous Sommes Vincentiens\",\"isPartOf\":{\"@id\":\"https:\/\/vincentians.com\/fr\/#website\"},\"primaryImageOfPage\":{\"@id\":\"https:\/\/vincentians.com\/fr\/louise-de-marillac-lettre-0004-a-monsieur-vincent\/#primaryimage\"},\"image\":{\"@id\":\"https:\/\/vincentians.com\/fr\/louise-de-marillac-lettre-0004-a-monsieur-vincent\/#primaryimage\"},\"thumbnailUrl\":\"https:\/\/i0.wp.com\/vincentians.com\/fr\/wp-content\/uploads\/sites\/10\/2016\/07\/cartas-luisa-de-marillac.jpg?fit=1200%2C630&ssl=1\",\"datePublished\":\"2016-08-02T02:00:58+00:00\",\"author\":{\"@id\":\"https:\/\/vincentians.com\/fr\/#\/schema\/person\/9623ef4d9aa3b2dfb8c061f1499288f2\"},\"breadcrumb\":{\"@id\":\"https:\/\/vincentians.com\/fr\/louise-de-marillac-lettre-0004-a-monsieur-vincent\/#breadcrumb\"},\"inLanguage\":\"fr-FR\",\"potentialAction\":[{\"@type\":\"ReadAction\",\"target\":[\"https:\/\/vincentians.com\/fr\/louise-de-marillac-lettre-0004-a-monsieur-vincent\/\"]}]},{\"@type\":\"ImageObject\",\"inLanguage\":\"fr-FR\",\"@id\":\"https:\/\/vincentians.com\/fr\/louise-de-marillac-lettre-0004-a-monsieur-vincent\/#primaryimage\",\"url\":\"https:\/\/i0.wp.com\/vincentians.com\/fr\/wp-content\/uploads\/sites\/10\/2016\/07\/cartas-luisa-de-marillac.jpg?fit=1200%2C630&ssl=1\",\"contentUrl\":\"https:\/\/i0.wp.com\/vincentians.com\/fr\/wp-content\/uploads\/sites\/10\/2016\/07\/cartas-luisa-de-marillac.jpg?fit=1200%2C630&ssl=1\",\"width\":1200,\"height\":630},{\"@type\":\"BreadcrumbList\",\"@id\":\"https:\/\/vincentians.com\/fr\/louise-de-marillac-lettre-0004-a-monsieur-vincent\/#breadcrumb\",\"itemListElement\":[{\"@type\":\"ListItem\",\"position\":1,\"name\":\"Portada\",\"item\":\"https:\/\/vincentians.com\/fr\/\"},{\"@type\":\"ListItem\",\"position\":2,\"name\":\"Louise de Marillac, Lettre 0004: \u00e0 Monsieur Vincent\"}]},{\"@type\":\"WebSite\",\"@id\":\"https:\/\/vincentians.com\/fr\/#website\",\"url\":\"https:\/\/vincentians.com\/fr\/\",\"name\":\"Nous Sommes Vincentiens\",\"description\":\"Know more to serve more\",\"potentialAction\":[{\"@type\":\"SearchAction\",\"target\":{\"@type\":\"EntryPoint\",\"urlTemplate\":\"https:\/\/vincentians.com\/fr\/?s={search_term_string}\"},\"query-input\":{\"@type\":\"PropertyValueSpecification\",\"valueRequired\":true,\"valueName\":\"search_term_string\"}}],\"inLanguage\":\"fr-FR\"},{\"@type\":\"Person\",\"@id\":\"https:\/\/vincentians.com\/fr\/#\/schema\/person\/9623ef4d9aa3b2dfb8c061f1499288f2\",\"name\":\"Francisco Javier Fern\u00e1ndez Chento\",\"image\":{\"@type\":\"ImageObject\",\"inLanguage\":\"fr-FR\",\"@id\":\"https:\/\/vincentians.com\/fr\/#\/schema\/person\/image\/\",\"url\":\"https:\/\/secure.gravatar.com\/avatar\/497d5cde87b4c3d097d0315953521681ba2cd523ee66e5077c3711f7021e65de?s=96&d=mm&r=g\",\"contentUrl\":\"https:\/\/secure.gravatar.com\/avatar\/497d5cde87b4c3d097d0315953521681ba2cd523ee66e5077c3711f7021e65de?s=96&d=mm&r=g\",\"caption\":\"Francisco Javier Fern\u00e1ndez Chento\"},\"description\":\"Director General y cofundador de La Red de Formaci\u00f3n Vicenciana. Javier es laico vicenciano, afiliado a la Congregaci\u00f3n de la Misi\u00f3n y miembro del Equipo de Misiones Populares de la provincia can\u00f3nica de Zaragoza (Espa\u00f1a) de la Congregaci\u00f3n de la Misi\u00f3n. Graduado en la Universidad Oberta de Catalunya con cuatro grados (Asistente de direcci\u00f3n, Gesti\u00f3n Administrativa, Recursos Humanos y Contabilidad Avanzada). Bil\u00edng\u00fce Espa\u00f1ol\/Ingl\u00e9s. gestiona y mantiene varias p\u00e1ginas web cristianas y vicencianas, incluida including La Red de Formaci\u00f3n Vicenciana, de la que es cofundador. Actualmente es responsable del \u00e1rea de Espa\u00f1ol de .famvin, la Red de Noticias de la Familia Vicenciana. Tambi\u00e9n es m\u00fasico cat\u00f3lico y ha editado varios discos. Es Director General y cofundador de Trovador, una reconocida compa\u00f1\u00eda discogr\u00e1fica critiana de Espa\u00f1a. Trabaja en las Tecnolog\u00edas de la Informaci\u00f3n, ofreciendo servicios de alojamiento, dise\u00f1o y mantenimiento Web, as\u00ed como asesoramiento, formaci\u00f3n y soluciones inform\u00e1ticas, gesti\u00f3n documental y digitalizaci\u00f3n de textos, edici\u00f3n y maquetaci\u00f3n de libros, revistas, flyers, etc.\",\"sameAs\":[\"http:\/\/chento.org\",\"https:\/\/www.facebook.com\/JavierChento\",\"https:\/\/x.com\/https:\/\/twitter.com\/javierchento\"],\"url\":\"https:\/\/vincentians.com\/fr\/author\/chento\/\"}]}<\/script>\n<!-- \/ Yoast SEO plugin. -->","yoast_head_json":{"title":"Louise de Marillac, Lettre 0004: \u00e0 Monsieur Vincent - Nous Sommes Vincentiens","robots":{"index":"index","follow":"follow","max-snippet":"max-snippet:-1","max-image-preview":"max-image-preview:large","max-video-preview":"max-video-preview:-1"},"canonical":"https:\/\/vincentians.com\/fr\/louise-de-marillac-lettre-0004-a-monsieur-vincent\/","og_locale":"fr_FR","og_type":"article","og_title":"Louise de Marillac, Lettre 0004: \u00e0 Monsieur Vincent - Nous Sommes Vincentiens","og_description":"Ce 4 septembre (vers 1635) Monsieur, Je vous renvoie le r\u00e8glement de Saint-Sauveur, je ne l&rsquo;avais pas vu, il me semble que le commencement fait d\u00e9pendre toute la confr\u00e9rie de Monsieur le Cur\u00e9, je ne ... Read More","og_url":"https:\/\/vincentians.com\/fr\/louise-de-marillac-lettre-0004-a-monsieur-vincent\/","og_site_name":"Nous Sommes Vincentiens","article_publisher":"https:\/\/www.facebook.com\/WeAreVincentians\/","article_author":"https:\/\/www.facebook.com\/JavierChento","article_published_time":"2016-08-02T02:00:58+00:00","og_image":[{"width":1200,"height":630,"url":"https:\/\/i0.wp.com\/vincentians.com\/fr\/wp-content\/uploads\/sites\/10\/2016\/07\/cartas-luisa-de-marillac.jpg?fit=1200%2C630&ssl=1","type":"image\/jpeg"}],"author":"Francisco Javier Fern\u00e1ndez Chento","twitter_card":"summary_large_image","twitter_creator":"@https:\/\/twitter.com\/javierchento","twitter_site":"@WeVincentians","twitter_misc":{"\u00c9crit par":"Francisco Javier Fern\u00e1ndez Chento","Dur\u00e9e de lecture estim\u00e9e":"6 minutes"},"schema":{"@context":"https:\/\/schema.org","@graph":[{"@type":"WebPage","@id":"https:\/\/vincentians.com\/fr\/louise-de-marillac-lettre-0004-a-monsieur-vincent\/","url":"https:\/\/vincentians.com\/fr\/louise-de-marillac-lettre-0004-a-monsieur-vincent\/","name":"Louise de Marillac, Lettre 0004: \u00e0 Monsieur Vincent - Nous Sommes Vincentiens","isPartOf":{"@id":"https:\/\/vincentians.com\/fr\/#website"},"primaryImageOfPage":{"@id":"https:\/\/vincentians.com\/fr\/louise-de-marillac-lettre-0004-a-monsieur-vincent\/#primaryimage"},"image":{"@id":"https:\/\/vincentians.com\/fr\/louise-de-marillac-lettre-0004-a-monsieur-vincent\/#primaryimage"},"thumbnailUrl":"https:\/\/i0.wp.com\/vincentians.com\/fr\/wp-content\/uploads\/sites\/10\/2016\/07\/cartas-luisa-de-marillac.jpg?fit=1200%2C630&ssl=1","datePublished":"2016-08-02T02:00:58+00:00","author":{"@id":"https:\/\/vincentians.com\/fr\/#\/schema\/person\/9623ef4d9aa3b2dfb8c061f1499288f2"},"breadcrumb":{"@id":"https:\/\/vincentians.com\/fr\/louise-de-marillac-lettre-0004-a-monsieur-vincent\/#breadcrumb"},"inLanguage":"fr-FR","potentialAction":[{"@type":"ReadAction","target":["https:\/\/vincentians.com\/fr\/louise-de-marillac-lettre-0004-a-monsieur-vincent\/"]}]},{"@type":"ImageObject","inLanguage":"fr-FR","@id":"https:\/\/vincentians.com\/fr\/louise-de-marillac-lettre-0004-a-monsieur-vincent\/#primaryimage","url":"https:\/\/i0.wp.com\/vincentians.com\/fr\/wp-content\/uploads\/sites\/10\/2016\/07\/cartas-luisa-de-marillac.jpg?fit=1200%2C630&ssl=1","contentUrl":"https:\/\/i0.wp.com\/vincentians.com\/fr\/wp-content\/uploads\/sites\/10\/2016\/07\/cartas-luisa-de-marillac.jpg?fit=1200%2C630&ssl=1","width":1200,"height":630},{"@type":"BreadcrumbList","@id":"https:\/\/vincentians.com\/fr\/louise-de-marillac-lettre-0004-a-monsieur-vincent\/#breadcrumb","itemListElement":[{"@type":"ListItem","position":1,"name":"Portada","item":"https:\/\/vincentians.com\/fr\/"},{"@type":"ListItem","position":2,"name":"Louise de Marillac, Lettre 0004: \u00e0 Monsieur Vincent"}]},{"@type":"WebSite","@id":"https:\/\/vincentians.com\/fr\/#website","url":"https:\/\/vincentians.com\/fr\/","name":"Nous Sommes Vincentiens","description":"Know more to serve more","potentialAction":[{"@type":"SearchAction","target":{"@type":"EntryPoint","urlTemplate":"https:\/\/vincentians.com\/fr\/?s={search_term_string}"},"query-input":{"@type":"PropertyValueSpecification","valueRequired":true,"valueName":"search_term_string"}}],"inLanguage":"fr-FR"},{"@type":"Person","@id":"https:\/\/vincentians.com\/fr\/#\/schema\/person\/9623ef4d9aa3b2dfb8c061f1499288f2","name":"Francisco Javier Fern\u00e1ndez Chento","image":{"@type":"ImageObject","inLanguage":"fr-FR","@id":"https:\/\/vincentians.com\/fr\/#\/schema\/person\/image\/","url":"https:\/\/secure.gravatar.com\/avatar\/497d5cde87b4c3d097d0315953521681ba2cd523ee66e5077c3711f7021e65de?s=96&d=mm&r=g","contentUrl":"https:\/\/secure.gravatar.com\/avatar\/497d5cde87b4c3d097d0315953521681ba2cd523ee66e5077c3711f7021e65de?s=96&d=mm&r=g","caption":"Francisco Javier Fern\u00e1ndez Chento"},"description":"Director General y cofundador de La Red de Formaci\u00f3n Vicenciana. Javier es laico vicenciano, afiliado a la Congregaci\u00f3n de la Misi\u00f3n y miembro del Equipo de Misiones Populares de la provincia can\u00f3nica de Zaragoza (Espa\u00f1a) de la Congregaci\u00f3n de la Misi\u00f3n. Graduado en la Universidad Oberta de Catalunya con cuatro grados (Asistente de direcci\u00f3n, Gesti\u00f3n Administrativa, Recursos Humanos y Contabilidad Avanzada). Bil\u00edng\u00fce Espa\u00f1ol\/Ingl\u00e9s. gestiona y mantiene varias p\u00e1ginas web cristianas y vicencianas, incluida including La Red de Formaci\u00f3n Vicenciana, de la que es cofundador. Actualmente es responsable del \u00e1rea de Espa\u00f1ol de .famvin, la Red de Noticias de la Familia Vicenciana. Tambi\u00e9n es m\u00fasico cat\u00f3lico y ha editado varios discos. Es Director General y cofundador de Trovador, una reconocida compa\u00f1\u00eda discogr\u00e1fica critiana de Espa\u00f1a. Trabaja en las Tecnolog\u00edas de la Informaci\u00f3n, ofreciendo servicios de alojamiento, dise\u00f1o y mantenimiento Web, as\u00ed como asesoramiento, formaci\u00f3n y soluciones inform\u00e1ticas, gesti\u00f3n documental y digitalizaci\u00f3n de textos, edici\u00f3n y maquetaci\u00f3n de libros, revistas, flyers, etc.","sameAs":["http:\/\/chento.org","https:\/\/www.facebook.com\/JavierChento","https:\/\/x.com\/https:\/\/twitter.com\/javierchento"],"url":"https:\/\/vincentians.com\/fr\/author\/chento\/"}]}},"jetpack_publicize_connections":[],"jetpack_featured_media_url":"https:\/\/i0.wp.com\/vincentians.com\/fr\/wp-content\/uploads\/sites\/10\/2016\/07\/cartas-luisa-de-marillac.jpg?fit=1200%2C630&ssl=1","jetpack_sharing_enabled":true,"jetpack_shortlink":"https:\/\/wp.me\/p7ETMP-rbV","jetpack-related-posts":[{"id":104530,"url":"https:\/\/vincentians.com\/fr\/louise-de-marillac-lettre-0006-a-monsieur-vincent\/","url_meta":{"origin":104527,"position":0},"title":"Louise de Marillac, Lettre 0006: \u00e0 Monsieur Vincent","author":"Francisco Javier Fern\u00e1ndez Chento","date":"23\/08\/2016","format":false,"excerpt":"d\u00e9cembre 1636 Monsieur, Madame de Beaufort m'a mand\u00e9 que voici le temps, le plus propre pour travailler \u00e0 l'\u00e9tablissement de la Charit\u00e9 de Saint-Etienne, et que Monsieur le Cur\u00e9 le d\u00e9sire fort; et pour ce sujet a trouv\u00e9 bon qu'elle, et une autre Dame, fissent la qu\u00eate ces f\u00eates- ce\u2026","rel":"","context":"Dans &quot;\u00c9crits de Louise de Marillac&quot;","block_context":{"text":"\u00c9crits de Louise de Marillac","link":"https:\/\/vincentians.com\/fr\/category\/ecrits-de-louise-de-marillac\/"},"img":{"alt_text":"","src":"https:\/\/i0.wp.com\/vincentians.com\/fr\/wp-content\/uploads\/sites\/10\/2016\/07\/cartas-luisa-de-marillac.jpg?fit=1200%2C630&ssl=1&resize=350%2C200","width":350,"height":200,"srcset":"https:\/\/i0.wp.com\/vincentians.com\/fr\/wp-content\/uploads\/sites\/10\/2016\/07\/cartas-luisa-de-marillac.jpg?fit=1200%2C630&ssl=1&resize=350%2C200 1x, https:\/\/i0.wp.com\/vincentians.com\/fr\/wp-content\/uploads\/sites\/10\/2016\/07\/cartas-luisa-de-marillac.jpg?fit=1200%2C630&ssl=1&resize=525%2C300 1.5x, https:\/\/i0.wp.com\/vincentians.com\/fr\/wp-content\/uploads\/sites\/10\/2016\/07\/cartas-luisa-de-marillac.jpg?fit=1200%2C630&ssl=1&resize=700%2C400 2x, https:\/\/i0.wp.com\/vincentians.com\/fr\/wp-content\/uploads\/sites\/10\/2016\/07\/cartas-luisa-de-marillac.jpg?fit=1200%2C630&ssl=1&resize=1050%2C600 3x"},"classes":[]},{"id":38477,"url":"https:\/\/vincentians.com\/fr\/le-directeur-provincial-animateur-des-filles-de-la-charite\/","url_meta":{"origin":104527,"position":1},"title":"Le Directeur Provincial \u201canimateur\u201d des Filles de la Charit\u00e9","author":"Francisco Javier Fern\u00e1ndez Chento","date":"03\/10\/2012","format":false,"excerpt":"Dans les Constitutions des Filles de la Charit\u00e9, nous trouvons \u00e0 l\u2019article 3.38: le Directeur Provincial est un pr\u00eatre de la Congr\u00e9gation de la Mission, nomm\u00e9 par le Sup\u00e9rieur G\u00e9n\u00e9ral; \u201cil partage avec la Visitatrice et son Conseil la responsabilit\u00e9 de promouvoir l\u2019esprit vincentien dans la Province\u201d Missionnaire, le directeur\u2026","rel":"","context":"Dans &quot;Congr\u00e9gation de la Mission&quot;","block_context":{"text":"Congr\u00e9gation de la Mission","link":"https:\/\/vincentians.com\/fr\/category\/congregation-de-la-mission\/"},"img":{"alt_text":"","src":"https:\/\/i0.wp.com\/vincentiens.org\/wp-content\/uploads\/2011\/05\/filles_charite-228x300.jpg?resize=350%2C200","width":350,"height":200},"classes":[]},{"id":105016,"url":"https:\/\/vincentians.com\/fr\/saint-vincent-de-paul-et-sainte-louise-de-marillac-leurs-relations-dapres-leur-correspondance-chapitre-ii\/","url_meta":{"origin":104527,"position":2},"title":"Saint Vincent de Paul et sainte Louise de Marillac, leurs relations d&rsquo;apr\u00e8s leur correspondance. Chapitre II","author":"Francisco Javier Fern\u00e1ndez Chento","date":"17\/05\/2015","format":false,"excerpt":"Actes De Charit\u00e9 Demand\u00e9s A La P\u00e9nitente. - Louise De Marillac Et Les Confr\u00e9ries De La Charit\u00e9. - Naissance Et Orga- Nisation De La Compagnie Des Filles De La Charit\u00e9. - Rapports Avec Le Clerg\u00e9. - Activit\u00e9 De La Compagnie. - Le Gouverne- Ment Des S\u0153urs. - Leur Formation. -\u2026","rel":"","context":"Dans &quot;Au temps de Vincent de Paul&quot;","block_context":{"text":"Au temps de Vincent de Paul","link":"https:\/\/vincentians.com\/fr\/category\/au-temps-de-vincent-de-paul\/"},"img":{"alt_text":"","src":"https:\/\/i0.wp.com\/vincentiens.org\/wp-content\/uploads\/2012\/12\/vincent_louise-300x231.jpg?resize=350%2C200","width":350,"height":200},"classes":[]},{"id":104759,"url":"https:\/\/vincentians.com\/fr\/louise-de-marillac-lettre-0021-monsieur-labbe-de-vaux\/","url_meta":{"origin":104527,"position":3},"title":"Louise de Marillac, Lettre 0021: Monsieur l&rsquo;abb\u00e9 de Vaux","author":"Francisco Javier Fern\u00e1ndez Chento","date":"27\/12\/2016","format":false,"excerpt":"\u00e0 Angers Paris, ce 26 mai 1640. Monsieur, L'extr\u00e9mit\u00e9 de mon mal m'oblige de me servir de la main d'autrui pour vous rendre mille gr\u00e2ces de l'honneur que vous m'avez fait par vos deux derni\u00e8res, et pour me recommander \u00e0 vos bonnes pri\u00e8res, en ayant grand besoin dans le danger\u2026","rel":"","context":"Dans &quot;\u00c9crits de Louise de Marillac&quot;","block_context":{"text":"\u00c9crits de Louise de Marillac","link":"https:\/\/vincentians.com\/fr\/category\/ecrits-de-louise-de-marillac\/"},"img":{"alt_text":"","src":"https:\/\/i0.wp.com\/vincentians.com\/fr\/wp-content\/uploads\/sites\/10\/2016\/07\/cartas-luisa-de-marillac.jpg?fit=1200%2C630&ssl=1&resize=350%2C200","width":350,"height":200,"srcset":"https:\/\/i0.wp.com\/vincentians.com\/fr\/wp-content\/uploads\/sites\/10\/2016\/07\/cartas-luisa-de-marillac.jpg?fit=1200%2C630&ssl=1&resize=350%2C200 1x, https:\/\/i0.wp.com\/vincentians.com\/fr\/wp-content\/uploads\/sites\/10\/2016\/07\/cartas-luisa-de-marillac.jpg?fit=1200%2C630&ssl=1&resize=525%2C300 1.5x, https:\/\/i0.wp.com\/vincentians.com\/fr\/wp-content\/uploads\/sites\/10\/2016\/07\/cartas-luisa-de-marillac.jpg?fit=1200%2C630&ssl=1&resize=700%2C400 2x, https:\/\/i0.wp.com\/vincentians.com\/fr\/wp-content\/uploads\/sites\/10\/2016\/07\/cartas-luisa-de-marillac.jpg?fit=1200%2C630&ssl=1&resize=1050%2C600 3x"},"classes":[]},{"id":104557,"url":"https:\/\/vincentians.com\/fr\/louise-de-marillac-fondatrice\/","url_meta":{"origin":104527,"position":4},"title":"Louise de Marillac, fondatrice","author":"Francisco Javier Fern\u00e1ndez Chento","date":"31\/10\/2012","format":false,"excerpt":"Parlant de l'origine de la Compagnie, Monsieur Vincent aimait \u00e0 dire aux Soeurs au cours des Conf\u00e9rences : \"Je n'y pensais pas, Mademoiselle n'y pensait pas, ni Monsieur Portail.\" Et Vincent de Paul expliquait aux Soeurs que Dieu seul est l'auteur de la Compagnie. Mais pour accomplir son oeuvre, Dieu\u2026","rel":"","context":"Dans &quot;Louise de Marillac&quot;","block_context":{"text":"Louise de Marillac","link":"https:\/\/vincentians.com\/fr\/category\/the-vincentian-family\/founders\/louise-de-marillac\/"},"img":{"alt_text":"","src":"https:\/\/i0.wp.com\/vincentiens.org\/wp-content\/uploads\/2012\/10\/louise_de_marillac-235x300.jpg?resize=350%2C200","width":350,"height":200},"classes":[]},{"id":105086,"url":"https:\/\/vincentians.com\/fr\/louise-de-marillac-lettre-0106-a-monsieur-labbe-de-vaux\/","url_meta":{"origin":104527,"position":5},"title":"Louise de Marillac, Lettre 0106: \u00e0 Monsieur l&rsquo;abb\u00e9 de Vaux","author":"Francisco Javier Fern\u00e1ndez Chento","date":"28\/02\/2017","format":false,"excerpt":"Ce 29 ao\u00fbt (1640). Monsieur, Dieu soit b\u00e9ni d'avoir arr\u00eat\u00e9 les murmurateurs pour tant de temps qu'il lui plaira. Si vous pensiez, Monsieur, que de parler des articles que ces Monsieurs eux-m\u00eames ont d\u00e9sir\u00e9s et propos\u00e9s, cela excit\u00e2t encore quelques soup\u00e7ons au nom de Dieu, n'en parlez pas. Je crois\u2026","rel":"","context":"Dans &quot;\u00c9crits de Louise de Marillac&quot;","block_context":{"text":"\u00c9crits de Louise de Marillac","link":"https:\/\/vincentians.com\/fr\/category\/ecrits-de-louise-de-marillac\/"},"img":{"alt_text":"","src":"https:\/\/i0.wp.com\/vincentians.com\/fr\/wp-content\/uploads\/sites\/10\/2016\/07\/cartas-luisa-de-marillac.jpg?fit=1200%2C630&ssl=1&resize=350%2C200","width":350,"height":200,"srcset":"https:\/\/i0.wp.com\/vincentians.com\/fr\/wp-content\/uploads\/sites\/10\/2016\/07\/cartas-luisa-de-marillac.jpg?fit=1200%2C630&ssl=1&resize=350%2C200 1x, https:\/\/i0.wp.com\/vincentians.com\/fr\/wp-content\/uploads\/sites\/10\/2016\/07\/cartas-luisa-de-marillac.jpg?fit=1200%2C630&ssl=1&resize=525%2C300 1.5x, https:\/\/i0.wp.com\/vincentians.com\/fr\/wp-content\/uploads\/sites\/10\/2016\/07\/cartas-luisa-de-marillac.jpg?fit=1200%2C630&ssl=1&resize=700%2C400 2x, https:\/\/i0.wp.com\/vincentians.com\/fr\/wp-content\/uploads\/sites\/10\/2016\/07\/cartas-luisa-de-marillac.jpg?fit=1200%2C630&ssl=1&resize=1050%2C600 3x"},"classes":[]}],"_links":{"self":[{"href":"https:\/\/vincentians.com\/fr\/wp-json\/wp\/v2\/posts\/104527","targetHints":{"allow":["GET"]}}],"collection":[{"href":"https:\/\/vincentians.com\/fr\/wp-json\/wp\/v2\/posts"}],"about":[{"href":"https:\/\/vincentians.com\/fr\/wp-json\/wp\/v2\/types\/post"}],"author":[{"embeddable":true,"href":"https:\/\/vincentians.com\/fr\/wp-json\/wp\/v2\/users\/4"}],"replies":[{"embeddable":true,"href":"https:\/\/vincentians.com\/fr\/wp-json\/wp\/v2\/comments?post=104527"}],"version-history":[{"count":0,"href":"https:\/\/vincentians.com\/fr\/wp-json\/wp\/v2\/posts\/104527\/revisions"}],"wp:featuredmedia":[{"embeddable":true,"href":"https:\/\/vincentians.com\/fr\/wp-json\/wp\/v2\/media\/189777"}],"wp:attachment":[{"href":"https:\/\/vincentians.com\/fr\/wp-json\/wp\/v2\/media?parent=104527"}],"wp:term":[{"taxonomy":"category","embeddable":true,"href":"https:\/\/vincentians.com\/fr\/wp-json\/wp\/v2\/categories?post=104527"},{"taxonomy":"post_tag","embeddable":true,"href":"https:\/\/vincentians.com\/fr\/wp-json\/wp\/v2\/tags?post=104527"}],"curies":[{"name":"wp","href":"https:\/\/api.w.org\/{rel}","templated":true}]}}