{"id":104526,"date":"2016-12-06T04:00:58","date_gmt":"2016-12-06T03:00:58","guid":{"rendered":"http:\/\/vincentiens.org\/?p=104526"},"modified":"2016-12-06T04:00:58","modified_gmt":"2016-12-06T03:00:58","slug":"louise-de-marillac-lettre-0019-a-monsieur-labbe-de-vaux","status":"publish","type":"post","link":"https:\/\/vincentians.com\/fr\/louise-de-marillac-lettre-0019-a-monsieur-labbe-de-vaux\/","title":{"rendered":"Louise de Marillac, Lettre 0019: \u00e0 Monsieur l&rsquo;abb\u00e9 de Vaux"},"content":{"rendered":"<p>\u00e0 Angers<\/p>\n<p>Ce 3 mai 1640.<\/p>\n<p>Monsieur,<\/p>\n<p>Nous avons grand sujet de louer Dieu qui adoucit ainsi par sa mis\u00e9ricorde les coups de fouet que sa justice nous fait ressentir.<\/p>\n<p>Voil\u00e0 notre S\u0153ur Genevi\u00e8ve<span id='easy-footnote-1-104526' class='easy-footnote-margin-adjust'><\/span><span class='easy-footnote'><a href='https:\/\/vincentians.com\/fr\/louise-de-marillac-lettre-0019-a-monsieur-labbe-de-vaux\/#easy-footnote-bottom-1-104526' title='Genevi\u00e8ve Caillou de Saint-Germain: \u00e0 Angers de mars 1640 \u00e0 fin 1644, \u00e0 la paroisse Saint-Gervais \u00e0 Paris en 1645 et 1646, envoy\u00e9e au Mans en mai 1646. Par suite des difficult\u00e9s de l&amp;rsquo;implantation en cette ville, elle revient \u00e0 Paris (Coste 11. 599). Elle signe l&amp;rsquo;acte d&amp;rsquo;\u00e9rection de la Compagnie le 8 ao\u00fbt 1655.'><sup>1<\/sup><\/a><\/span> mieux: que j&rsquo;aurais \u00e9t\u00e9 en peine si vous vous \u00e9tiez expos\u00e9 davantage ! Je vous supplie pour l&rsquo;amour de Dieu, Monsieur, ne pas souffrir que nos S\u0153urs vous soient si importunes; car, je crains que comme elles voient la grande charit\u00e9 que Dieu vous donne pour elles, qu&rsquo;elles n&rsquo;en abusent, sans crainte de danger, non plus que d&rsquo;elles-m\u00eames. Mais elles ont grand tort si elles veulent celer leur mal au cas que vous, Monsieur, et ces Messieurs leur ordonnent autrement; comme aussi de ne s&rsquo;en pas tenir assez s\u00e9par\u00e9es.<\/p>\n<p>Je ne leur \u00e9cris point ce voyage * afin de ne pas leur \u00f4ter du temps du service de leurs pauvres malades, que je voudrais bien qui ne re\u00e7ut point de dommage, ce qui sera, pourvu qu&rsquo;elles ne soient un peu trop sensibles sur elles-m\u00eames. Vous ne m&rsquo;en mandez toujours que du bien; ne craignez point, Monsieur, je vous supplie de m&rsquo;avertir aussi de leurs d\u00e9fauts .<\/p>\n<p>Je crois que je n&rsquo;avais pas bien entendu ce que vous me mandiez pour Monsieur Vincent au sujet de la Mission. Vous aurez re\u00e7u je m&rsquo;assure, la seconde lettre que je vous ai \u00e9crite \u00e0 ce sujet et vu ses excuses, je loue Dieu d&rsquo;avoir \u00e9lu les deux bonnes personnes que vous me mandez pour P\u00e8res des Pauvres. Mais le bon Monsieur Gardeau<span id='easy-footnote-2-104526' class='easy-footnote-margin-adjust'><\/span><span class='easy-footnote'><a href='https:\/\/vincentians.com\/fr\/louise-de-marillac-lettre-0019-a-monsieur-labbe-de-vaux\/#easy-footnote-bottom-2-104526' title='L&amp;rsquo;un des Administrateurs de l&amp;rsquo;hopital d&amp;rsquo;Angers.'><sup>2<\/sup><\/a><\/span> ne peut-il plus rien ? Je crois que s&rsquo;il ne travaille, que l&rsquo;exp\u00e9dition du trait\u00e9 demeurera au croc<span id='easy-footnote-3-104526' class='easy-footnote-margin-adjust'><\/span><span class='easy-footnote'><a href='https:\/\/vincentians.com\/fr\/louise-de-marillac-lettre-0019-a-monsieur-labbe-de-vaux\/#easy-footnote-bottom-3-104526' title='Demeurer au croc = rester de c\u00f4t\u00e9. Les administrateurs de l&amp;rsquo;h\u00f4pital contestent l&amp;rsquo;article du contrat qui affirme la d\u00e9pendance des S\u0153urs vis-\u00e0-vis du Sup\u00e9rieur G\u00e9n\u00e9ral de la Congr\u00e9gation de la Mission.'><sup>3<\/sup><\/a><\/span>. Il me semble, Monsieur, que ces Messieurs ont grand tort de craindre un \u00e9tablissement de Communaut\u00e9, puisque le pouvoir qu&rsquo;ils se r\u00e9servent et que l&rsquo;on leur donne tr\u00e8s volontiers de les \u00f4ter, les doit assurer d&rsquo;\u00eatre toujours les Ma\u00eetres. Je crois, Monsieur que vous ne manquez pas de recommander toujours aux Filles leur devoir \u00e0 l&rsquo;ob\u00e9issance. Monsieur Vincent vous salue tr\u00e8s humblement; il ne saurait penser \u00e0 votre charit\u00e9 qu&rsquo;avec admiration. J&rsquo;esp\u00e8re que notre bon Dieu vous en donnera la sainte pers\u00e9v\u00e9rance; je le supplie vous inspirer le souvenir de mes besoins en vos saints sacrifices puisque je suis par son saint amour, Monsieur, Votre tr\u00e8s humble fille et servante.<\/p>\n","protected":false},"excerpt":{"rendered":"<p>\u00e0 Angers Ce 3 mai 1640. Monsieur, Nous avons grand sujet de louer Dieu qui adoucit ainsi par sa mis\u00e9ricorde les coups de fouet que sa justice nous fait ressentir. Voil\u00e0 notre S\u0153ur Genevi\u00e8ve mieux: &#8230; <a href=\"https:\/\/vincentians.com\/fr\/louise-de-marillac-lettre-0019-a-monsieur-labbe-de-vaux\/\" class=\"more-link\">Read More<\/a><\/p>\n","protected":false},"author":4,"featured_media":189777,"comment_status":"open","ping_status":"open","sticky":false,"template":"","format":"standard","meta":{"jetpack_post_was_ever_published":false,"_jetpack_newsletter_access":"","_jetpack_dont_email_post_to_subs":false,"_jetpack_newsletter_tier_id":0,"_jetpack_memberships_contains_paywalled_content":false,"_jetpack_memberships_contains_paid_content":false,"footnotes":"","jetpack_publicize_message":"","jetpack_publicize_feature_enabled":true,"jetpack_social_post_already_shared":true,"jetpack_social_options":{"image_generator_settings":{"template":"highway","default_image_id":0,"font":"","enabled":false},"version":2}},"categories":[121],"tags":[],"class_list":["post-104526","post","type-post","status-publish","format-standard","has-post-thumbnail","hentry","category-ecrits-de-louise-de-marillac"],"yoast_head":"<!-- This site is optimized with the Yoast SEO plugin v26.3 - https:\/\/yoast.com\/wordpress\/plugins\/seo\/ -->\n<title>Louise de Marillac, Lettre 0019: \u00e0 Monsieur l&#039;abb\u00e9 de Vaux - Nous Sommes Vincentiens<\/title>\n<meta name=\"robots\" content=\"index, follow, max-snippet:-1, max-image-preview:large, max-video-preview:-1\" \/>\n<link rel=\"canonical\" href=\"https:\/\/vincentians.com\/fr\/louise-de-marillac-lettre-0019-a-monsieur-labbe-de-vaux\/\" \/>\n<meta property=\"og:locale\" content=\"fr_FR\" \/>\n<meta property=\"og:type\" content=\"article\" \/>\n<meta property=\"og:title\" content=\"Louise de Marillac, Lettre 0019: \u00e0 Monsieur l&#039;abb\u00e9 de Vaux - Nous Sommes Vincentiens\" \/>\n<meta property=\"og:description\" content=\"\u00e0 Angers Ce 3 mai 1640. Monsieur, Nous avons grand sujet de louer Dieu qui adoucit ainsi par sa mis\u00e9ricorde les coups de fouet que sa justice nous fait ressentir. Voil\u00e0 notre S\u0153ur Genevi\u00e8ve mieux: ... Read More\" \/>\n<meta property=\"og:url\" content=\"https:\/\/vincentians.com\/fr\/louise-de-marillac-lettre-0019-a-monsieur-labbe-de-vaux\/\" \/>\n<meta property=\"og:site_name\" content=\"Nous Sommes Vincentiens\" \/>\n<meta property=\"article:publisher\" content=\"https:\/\/www.facebook.com\/WeAreVincentians\/\" \/>\n<meta property=\"article:author\" content=\"https:\/\/www.facebook.com\/JavierChento\" \/>\n<meta property=\"article:published_time\" content=\"2016-12-06T03:00:58+00:00\" \/>\n<meta property=\"og:image\" content=\"https:\/\/i0.wp.com\/vincentians.com\/fr\/wp-content\/uploads\/sites\/10\/2016\/07\/cartas-luisa-de-marillac.jpg?fit=1200%2C630&ssl=1\" \/>\n\t<meta property=\"og:image:width\" content=\"1200\" \/>\n\t<meta property=\"og:image:height\" content=\"630\" \/>\n\t<meta property=\"og:image:type\" content=\"image\/jpeg\" \/>\n<meta name=\"author\" content=\"Francisco Javier Fern\u00e1ndez Chento\" \/>\n<meta name=\"twitter:card\" content=\"summary_large_image\" \/>\n<meta name=\"twitter:creator\" content=\"@https:\/\/twitter.com\/javierchento\" \/>\n<meta name=\"twitter:site\" content=\"@WeVincentians\" \/>\n<meta name=\"twitter:label1\" content=\"\u00c9crit par\" \/>\n\t<meta name=\"twitter:data1\" content=\"Francisco Javier Fern\u00e1ndez Chento\" \/>\n\t<meta name=\"twitter:label2\" content=\"Dur\u00e9e de lecture estim\u00e9e\" \/>\n\t<meta name=\"twitter:data2\" content=\"2 minutes\" \/>\n<script type=\"application\/ld+json\" class=\"yoast-schema-graph\">{\"@context\":\"https:\/\/schema.org\",\"@graph\":[{\"@type\":\"WebPage\",\"@id\":\"https:\/\/vincentians.com\/fr\/louise-de-marillac-lettre-0019-a-monsieur-labbe-de-vaux\/\",\"url\":\"https:\/\/vincentians.com\/fr\/louise-de-marillac-lettre-0019-a-monsieur-labbe-de-vaux\/\",\"name\":\"Louise de Marillac, Lettre 0019: \u00e0 Monsieur l'abb\u00e9 de Vaux - Nous Sommes Vincentiens\",\"isPartOf\":{\"@id\":\"https:\/\/vincentians.com\/fr\/#website\"},\"primaryImageOfPage\":{\"@id\":\"https:\/\/vincentians.com\/fr\/louise-de-marillac-lettre-0019-a-monsieur-labbe-de-vaux\/#primaryimage\"},\"image\":{\"@id\":\"https:\/\/vincentians.com\/fr\/louise-de-marillac-lettre-0019-a-monsieur-labbe-de-vaux\/#primaryimage\"},\"thumbnailUrl\":\"https:\/\/i0.wp.com\/vincentians.com\/fr\/wp-content\/uploads\/sites\/10\/2016\/07\/cartas-luisa-de-marillac.jpg?fit=1200%2C630&ssl=1\",\"datePublished\":\"2016-12-06T03:00:58+00:00\",\"author\":{\"@id\":\"https:\/\/vincentians.com\/fr\/#\/schema\/person\/9623ef4d9aa3b2dfb8c061f1499288f2\"},\"breadcrumb\":{\"@id\":\"https:\/\/vincentians.com\/fr\/louise-de-marillac-lettre-0019-a-monsieur-labbe-de-vaux\/#breadcrumb\"},\"inLanguage\":\"fr-FR\",\"potentialAction\":[{\"@type\":\"ReadAction\",\"target\":[\"https:\/\/vincentians.com\/fr\/louise-de-marillac-lettre-0019-a-monsieur-labbe-de-vaux\/\"]}]},{\"@type\":\"ImageObject\",\"inLanguage\":\"fr-FR\",\"@id\":\"https:\/\/vincentians.com\/fr\/louise-de-marillac-lettre-0019-a-monsieur-labbe-de-vaux\/#primaryimage\",\"url\":\"https:\/\/i0.wp.com\/vincentians.com\/fr\/wp-content\/uploads\/sites\/10\/2016\/07\/cartas-luisa-de-marillac.jpg?fit=1200%2C630&ssl=1\",\"contentUrl\":\"https:\/\/i0.wp.com\/vincentians.com\/fr\/wp-content\/uploads\/sites\/10\/2016\/07\/cartas-luisa-de-marillac.jpg?fit=1200%2C630&ssl=1\",\"width\":1200,\"height\":630},{\"@type\":\"BreadcrumbList\",\"@id\":\"https:\/\/vincentians.com\/fr\/louise-de-marillac-lettre-0019-a-monsieur-labbe-de-vaux\/#breadcrumb\",\"itemListElement\":[{\"@type\":\"ListItem\",\"position\":1,\"name\":\"Portada\",\"item\":\"https:\/\/vincentians.com\/fr\/\"},{\"@type\":\"ListItem\",\"position\":2,\"name\":\"Louise de Marillac, Lettre 0019: \u00e0 Monsieur l&rsquo;abb\u00e9 de Vaux\"}]},{\"@type\":\"WebSite\",\"@id\":\"https:\/\/vincentians.com\/fr\/#website\",\"url\":\"https:\/\/vincentians.com\/fr\/\",\"name\":\"Nous Sommes Vincentiens\",\"description\":\"Know more to serve more\",\"potentialAction\":[{\"@type\":\"SearchAction\",\"target\":{\"@type\":\"EntryPoint\",\"urlTemplate\":\"https:\/\/vincentians.com\/fr\/?s={search_term_string}\"},\"query-input\":{\"@type\":\"PropertyValueSpecification\",\"valueRequired\":true,\"valueName\":\"search_term_string\"}}],\"inLanguage\":\"fr-FR\"},{\"@type\":\"Person\",\"@id\":\"https:\/\/vincentians.com\/fr\/#\/schema\/person\/9623ef4d9aa3b2dfb8c061f1499288f2\",\"name\":\"Francisco Javier Fern\u00e1ndez Chento\",\"image\":{\"@type\":\"ImageObject\",\"inLanguage\":\"fr-FR\",\"@id\":\"https:\/\/vincentians.com\/fr\/#\/schema\/person\/image\/\",\"url\":\"https:\/\/secure.gravatar.com\/avatar\/497d5cde87b4c3d097d0315953521681ba2cd523ee66e5077c3711f7021e65de?s=96&d=mm&r=g\",\"contentUrl\":\"https:\/\/secure.gravatar.com\/avatar\/497d5cde87b4c3d097d0315953521681ba2cd523ee66e5077c3711f7021e65de?s=96&d=mm&r=g\",\"caption\":\"Francisco Javier Fern\u00e1ndez Chento\"},\"description\":\"Director General y cofundador de La Red de Formaci\u00f3n Vicenciana. Javier es laico vicenciano, afiliado a la Congregaci\u00f3n de la Misi\u00f3n y miembro del Equipo de Misiones Populares de la provincia can\u00f3nica de Zaragoza (Espa\u00f1a) de la Congregaci\u00f3n de la Misi\u00f3n. Graduado en la Universidad Oberta de Catalunya con cuatro grados (Asistente de direcci\u00f3n, Gesti\u00f3n Administrativa, Recursos Humanos y Contabilidad Avanzada). Bil\u00edng\u00fce Espa\u00f1ol\/Ingl\u00e9s. gestiona y mantiene varias p\u00e1ginas web cristianas y vicencianas, incluida including La Red de Formaci\u00f3n Vicenciana, de la que es cofundador. Actualmente es responsable del \u00e1rea de Espa\u00f1ol de .famvin, la Red de Noticias de la Familia Vicenciana. Tambi\u00e9n es m\u00fasico cat\u00f3lico y ha editado varios discos. Es Director General y cofundador de Trovador, una reconocida compa\u00f1\u00eda discogr\u00e1fica critiana de Espa\u00f1a. Trabaja en las Tecnolog\u00edas de la Informaci\u00f3n, ofreciendo servicios de alojamiento, dise\u00f1o y mantenimiento Web, as\u00ed como asesoramiento, formaci\u00f3n y soluciones inform\u00e1ticas, gesti\u00f3n documental y digitalizaci\u00f3n de textos, edici\u00f3n y maquetaci\u00f3n de libros, revistas, flyers, etc.\",\"sameAs\":[\"http:\/\/chento.org\",\"https:\/\/www.facebook.com\/JavierChento\",\"https:\/\/x.com\/https:\/\/twitter.com\/javierchento\"],\"url\":\"https:\/\/vincentians.com\/fr\/author\/chento\/\"}]}<\/script>\n<!-- \/ Yoast SEO plugin. -->","yoast_head_json":{"title":"Louise de Marillac, Lettre 0019: \u00e0 Monsieur l'abb\u00e9 de Vaux - Nous Sommes Vincentiens","robots":{"index":"index","follow":"follow","max-snippet":"max-snippet:-1","max-image-preview":"max-image-preview:large","max-video-preview":"max-video-preview:-1"},"canonical":"https:\/\/vincentians.com\/fr\/louise-de-marillac-lettre-0019-a-monsieur-labbe-de-vaux\/","og_locale":"fr_FR","og_type":"article","og_title":"Louise de Marillac, Lettre 0019: \u00e0 Monsieur l'abb\u00e9 de Vaux - Nous Sommes Vincentiens","og_description":"\u00e0 Angers Ce 3 mai 1640. Monsieur, Nous avons grand sujet de louer Dieu qui adoucit ainsi par sa mis\u00e9ricorde les coups de fouet que sa justice nous fait ressentir. Voil\u00e0 notre S\u0153ur Genevi\u00e8ve mieux: ... Read More","og_url":"https:\/\/vincentians.com\/fr\/louise-de-marillac-lettre-0019-a-monsieur-labbe-de-vaux\/","og_site_name":"Nous Sommes Vincentiens","article_publisher":"https:\/\/www.facebook.com\/WeAreVincentians\/","article_author":"https:\/\/www.facebook.com\/JavierChento","article_published_time":"2016-12-06T03:00:58+00:00","og_image":[{"width":1200,"height":630,"url":"https:\/\/i0.wp.com\/vincentians.com\/fr\/wp-content\/uploads\/sites\/10\/2016\/07\/cartas-luisa-de-marillac.jpg?fit=1200%2C630&ssl=1","type":"image\/jpeg"}],"author":"Francisco Javier Fern\u00e1ndez Chento","twitter_card":"summary_large_image","twitter_creator":"@https:\/\/twitter.com\/javierchento","twitter_site":"@WeVincentians","twitter_misc":{"\u00c9crit par":"Francisco Javier Fern\u00e1ndez Chento","Dur\u00e9e de lecture estim\u00e9e":"2 minutes"},"schema":{"@context":"https:\/\/schema.org","@graph":[{"@type":"WebPage","@id":"https:\/\/vincentians.com\/fr\/louise-de-marillac-lettre-0019-a-monsieur-labbe-de-vaux\/","url":"https:\/\/vincentians.com\/fr\/louise-de-marillac-lettre-0019-a-monsieur-labbe-de-vaux\/","name":"Louise de Marillac, Lettre 0019: \u00e0 Monsieur l'abb\u00e9 de Vaux - Nous Sommes Vincentiens","isPartOf":{"@id":"https:\/\/vincentians.com\/fr\/#website"},"primaryImageOfPage":{"@id":"https:\/\/vincentians.com\/fr\/louise-de-marillac-lettre-0019-a-monsieur-labbe-de-vaux\/#primaryimage"},"image":{"@id":"https:\/\/vincentians.com\/fr\/louise-de-marillac-lettre-0019-a-monsieur-labbe-de-vaux\/#primaryimage"},"thumbnailUrl":"https:\/\/i0.wp.com\/vincentians.com\/fr\/wp-content\/uploads\/sites\/10\/2016\/07\/cartas-luisa-de-marillac.jpg?fit=1200%2C630&ssl=1","datePublished":"2016-12-06T03:00:58+00:00","author":{"@id":"https:\/\/vincentians.com\/fr\/#\/schema\/person\/9623ef4d9aa3b2dfb8c061f1499288f2"},"breadcrumb":{"@id":"https:\/\/vincentians.com\/fr\/louise-de-marillac-lettre-0019-a-monsieur-labbe-de-vaux\/#breadcrumb"},"inLanguage":"fr-FR","potentialAction":[{"@type":"ReadAction","target":["https:\/\/vincentians.com\/fr\/louise-de-marillac-lettre-0019-a-monsieur-labbe-de-vaux\/"]}]},{"@type":"ImageObject","inLanguage":"fr-FR","@id":"https:\/\/vincentians.com\/fr\/louise-de-marillac-lettre-0019-a-monsieur-labbe-de-vaux\/#primaryimage","url":"https:\/\/i0.wp.com\/vincentians.com\/fr\/wp-content\/uploads\/sites\/10\/2016\/07\/cartas-luisa-de-marillac.jpg?fit=1200%2C630&ssl=1","contentUrl":"https:\/\/i0.wp.com\/vincentians.com\/fr\/wp-content\/uploads\/sites\/10\/2016\/07\/cartas-luisa-de-marillac.jpg?fit=1200%2C630&ssl=1","width":1200,"height":630},{"@type":"BreadcrumbList","@id":"https:\/\/vincentians.com\/fr\/louise-de-marillac-lettre-0019-a-monsieur-labbe-de-vaux\/#breadcrumb","itemListElement":[{"@type":"ListItem","position":1,"name":"Portada","item":"https:\/\/vincentians.com\/fr\/"},{"@type":"ListItem","position":2,"name":"Louise de Marillac, Lettre 0019: \u00e0 Monsieur l&rsquo;abb\u00e9 de Vaux"}]},{"@type":"WebSite","@id":"https:\/\/vincentians.com\/fr\/#website","url":"https:\/\/vincentians.com\/fr\/","name":"Nous Sommes Vincentiens","description":"Know more to serve more","potentialAction":[{"@type":"SearchAction","target":{"@type":"EntryPoint","urlTemplate":"https:\/\/vincentians.com\/fr\/?s={search_term_string}"},"query-input":{"@type":"PropertyValueSpecification","valueRequired":true,"valueName":"search_term_string"}}],"inLanguage":"fr-FR"},{"@type":"Person","@id":"https:\/\/vincentians.com\/fr\/#\/schema\/person\/9623ef4d9aa3b2dfb8c061f1499288f2","name":"Francisco Javier Fern\u00e1ndez Chento","image":{"@type":"ImageObject","inLanguage":"fr-FR","@id":"https:\/\/vincentians.com\/fr\/#\/schema\/person\/image\/","url":"https:\/\/secure.gravatar.com\/avatar\/497d5cde87b4c3d097d0315953521681ba2cd523ee66e5077c3711f7021e65de?s=96&d=mm&r=g","contentUrl":"https:\/\/secure.gravatar.com\/avatar\/497d5cde87b4c3d097d0315953521681ba2cd523ee66e5077c3711f7021e65de?s=96&d=mm&r=g","caption":"Francisco Javier Fern\u00e1ndez Chento"},"description":"Director General y cofundador de La Red de Formaci\u00f3n Vicenciana. Javier es laico vicenciano, afiliado a la Congregaci\u00f3n de la Misi\u00f3n y miembro del Equipo de Misiones Populares de la provincia can\u00f3nica de Zaragoza (Espa\u00f1a) de la Congregaci\u00f3n de la Misi\u00f3n. Graduado en la Universidad Oberta de Catalunya con cuatro grados (Asistente de direcci\u00f3n, Gesti\u00f3n Administrativa, Recursos Humanos y Contabilidad Avanzada). Bil\u00edng\u00fce Espa\u00f1ol\/Ingl\u00e9s. gestiona y mantiene varias p\u00e1ginas web cristianas y vicencianas, incluida including La Red de Formaci\u00f3n Vicenciana, de la que es cofundador. Actualmente es responsable del \u00e1rea de Espa\u00f1ol de .famvin, la Red de Noticias de la Familia Vicenciana. Tambi\u00e9n es m\u00fasico cat\u00f3lico y ha editado varios discos. Es Director General y cofundador de Trovador, una reconocida compa\u00f1\u00eda discogr\u00e1fica critiana de Espa\u00f1a. Trabaja en las Tecnolog\u00edas de la Informaci\u00f3n, ofreciendo servicios de alojamiento, dise\u00f1o y mantenimiento Web, as\u00ed como asesoramiento, formaci\u00f3n y soluciones inform\u00e1ticas, gesti\u00f3n documental y digitalizaci\u00f3n de textos, edici\u00f3n y maquetaci\u00f3n de libros, revistas, flyers, etc.","sameAs":["http:\/\/chento.org","https:\/\/www.facebook.com\/JavierChento","https:\/\/x.com\/https:\/\/twitter.com\/javierchento"],"url":"https:\/\/vincentians.com\/fr\/author\/chento\/"}]}},"jetpack_publicize_connections":[],"jetpack_featured_media_url":"https:\/\/i0.wp.com\/vincentians.com\/fr\/wp-content\/uploads\/sites\/10\/2016\/07\/cartas-luisa-de-marillac.jpg?fit=1200%2C630&ssl=1","jetpack_sharing_enabled":true,"jetpack_shortlink":"https:\/\/wp.me\/p7ETMP-rbU","jetpack-related-posts":[{"id":104758,"url":"https:\/\/vincentians.com\/fr\/louise-de-marillac-lettre-0022-a-monsieur-labbe-de-vaux\/","url_meta":{"origin":104526,"position":0},"title":"Louise de Marillac, Lettre 0022: \u00e0 Monsieur l&rsquo;abb\u00e9 de Vaux","author":"Francisco Javier Fern\u00e1ndez Chento","date":"03\/01\/2017","format":false,"excerpt":"\u00e0 Angers 29 mai 1640. Monsieur, Un mot seulement de tr\u00e8s humbles remerciements, pour toutes les charit\u00e9s que vous faites \u00e0 nos filles et que vous me mandez. Dieu en soit votre r\u00e9compense \u00e9ternellement. Je suis bien en soin de notre pauvre S\u0153ur Elisabeth. Je ne sais, si ce n'est\u2026","rel":"","context":"Dans &quot;\u00c9crits de Louise de Marillac&quot;","block_context":{"text":"\u00c9crits de Louise de Marillac","link":"https:\/\/vincentians.com\/fr\/category\/ecrits-de-louise-de-marillac\/"},"img":{"alt_text":"","src":"https:\/\/i0.wp.com\/vincentians.com\/fr\/wp-content\/uploads\/sites\/10\/2016\/07\/cartas-luisa-de-marillac.jpg?fit=1200%2C630&ssl=1&resize=350%2C200","width":350,"height":200,"srcset":"https:\/\/i0.wp.com\/vincentians.com\/fr\/wp-content\/uploads\/sites\/10\/2016\/07\/cartas-luisa-de-marillac.jpg?fit=1200%2C630&ssl=1&resize=350%2C200 1x, https:\/\/i0.wp.com\/vincentians.com\/fr\/wp-content\/uploads\/sites\/10\/2016\/07\/cartas-luisa-de-marillac.jpg?fit=1200%2C630&ssl=1&resize=525%2C300 1.5x, https:\/\/i0.wp.com\/vincentians.com\/fr\/wp-content\/uploads\/sites\/10\/2016\/07\/cartas-luisa-de-marillac.jpg?fit=1200%2C630&ssl=1&resize=700%2C400 2x, https:\/\/i0.wp.com\/vincentians.com\/fr\/wp-content\/uploads\/sites\/10\/2016\/07\/cartas-luisa-de-marillac.jpg?fit=1200%2C630&ssl=1&resize=1050%2C600 3x"},"classes":[]},{"id":104756,"url":"https:\/\/vincentians.com\/fr\/louise-de-marillac-lettre-0028-a-monsieur-vincent\/","url_meta":{"origin":104526,"position":1},"title":"Louise de Marillac, Lettre 0028: (\u00e0 Monsieur Vincent)","author":"Francisco Javier Fern\u00e1ndez Chento","date":"17\/01\/2017","format":false,"excerpt":"(1640.) Je supplie tr\u00e8s humblement votre charit\u00e9 prendre la peine nous mander * si ce sera pour demain, apr\u00e8s-d\u00eener, que j 'avertirais nos quatre S\u0153urs. Je me suis oubli\u00e9e de vous proposer notre S\u0153ur Anne de Saint-Paul de qui, je crois, il faut m\u00e9nager l'esprit, et notre S\u0153ur Genevi\u00e8ve de\u2026","rel":"","context":"Dans &quot;\u00c9crits de Louise de Marillac&quot;","block_context":{"text":"\u00c9crits de Louise de Marillac","link":"https:\/\/vincentians.com\/fr\/category\/ecrits-de-louise-de-marillac\/"},"img":{"alt_text":"","src":"https:\/\/i0.wp.com\/vincentians.com\/fr\/wp-content\/uploads\/sites\/10\/2016\/07\/cartas-luisa-de-marillac.jpg?fit=1200%2C630&ssl=1&resize=350%2C200","width":350,"height":200,"srcset":"https:\/\/i0.wp.com\/vincentians.com\/fr\/wp-content\/uploads\/sites\/10\/2016\/07\/cartas-luisa-de-marillac.jpg?fit=1200%2C630&ssl=1&resize=350%2C200 1x, https:\/\/i0.wp.com\/vincentians.com\/fr\/wp-content\/uploads\/sites\/10\/2016\/07\/cartas-luisa-de-marillac.jpg?fit=1200%2C630&ssl=1&resize=525%2C300 1.5x, https:\/\/i0.wp.com\/vincentians.com\/fr\/wp-content\/uploads\/sites\/10\/2016\/07\/cartas-luisa-de-marillac.jpg?fit=1200%2C630&ssl=1&resize=700%2C400 2x, https:\/\/i0.wp.com\/vincentians.com\/fr\/wp-content\/uploads\/sites\/10\/2016\/07\/cartas-luisa-de-marillac.jpg?fit=1200%2C630&ssl=1&resize=1050%2C600 3x"},"classes":[]},{"id":105319,"url":"https:\/\/vincentians.com\/fr\/louise-de-marillac-lettre-0030-a-monsieur-labbe-de-vaux\/","url_meta":{"origin":104526,"position":2},"title":"Louise de Marillac, Lettre 0030: \u00e0 Monsieur l&rsquo;abb\u00e9 de Vaux","author":"Francisco Javier Fern\u00e1ndez Chento","date":"28\/03\/2017","format":false,"excerpt":"De la maison des Enfants Trouv\u00e9s, ce 3 octobre 1640. Monsieur, Je suis bien f\u00e2ch\u00e9e que ma S\u0153ur Turgis ait laiss\u00e9 cette bonne fille je lui avais mand\u00e9 ne se pas arr\u00eater aux frais du voyage, s'il n'y avait que cela \u00e0 redire et qu'il se pr\u00e9sente occasion de l'envoyer,\u2026","rel":"","context":"Dans &quot;\u00c9crits de Louise de Marillac&quot;","block_context":{"text":"\u00c9crits de Louise de Marillac","link":"https:\/\/vincentians.com\/fr\/category\/ecrits-de-louise-de-marillac\/"},"img":{"alt_text":"","src":"https:\/\/i0.wp.com\/vincentians.com\/fr\/wp-content\/uploads\/sites\/10\/2016\/07\/cartas-luisa-de-marillac.jpg?fit=1200%2C630&ssl=1&resize=350%2C200","width":350,"height":200,"srcset":"https:\/\/i0.wp.com\/vincentians.com\/fr\/wp-content\/uploads\/sites\/10\/2016\/07\/cartas-luisa-de-marillac.jpg?fit=1200%2C630&ssl=1&resize=350%2C200 1x, https:\/\/i0.wp.com\/vincentians.com\/fr\/wp-content\/uploads\/sites\/10\/2016\/07\/cartas-luisa-de-marillac.jpg?fit=1200%2C630&ssl=1&resize=525%2C300 1.5x, https:\/\/i0.wp.com\/vincentians.com\/fr\/wp-content\/uploads\/sites\/10\/2016\/07\/cartas-luisa-de-marillac.jpg?fit=1200%2C630&ssl=1&resize=700%2C400 2x, https:\/\/i0.wp.com\/vincentians.com\/fr\/wp-content\/uploads\/sites\/10\/2016\/07\/cartas-luisa-de-marillac.jpg?fit=1200%2C630&ssl=1&resize=1050%2C600 3x"},"classes":[]},{"id":104752,"url":"https:\/\/vincentians.com\/fr\/louise-de-marillac-lettre-0044-a-monsieur-labbe-de-vaux\/","url_meta":{"origin":104526,"position":3},"title":"Louise de Marillac, Lettre 0044: \u00e0 Monsieur l&rsquo;abb\u00e9 de Vaux","author":"Francisco Javier Fern\u00e1ndez Chento","date":"20\/12\/2016","format":false,"excerpt":"\u00e0 Angers Archidiacre et Chanoine en l'Eglise de Paris, en la Cit\u00e9. (mai 1640). Monsieur, Une fi\u00e8vre dont je suis travaill\u00e9e depuis quinze jours, avec d'assez f\u00e2cheux accidents, m'emp\u00eache de me donner l'honneur de vous \u00e9crire de ma main, pour vous remercier tr\u00e8s humblement du grand soin que votre charit\u00e9\u2026","rel":"","context":"Dans &quot;\u00c9crits de Louise de Marillac&quot;","block_context":{"text":"\u00c9crits de Louise de Marillac","link":"https:\/\/vincentians.com\/fr\/category\/ecrits-de-louise-de-marillac\/"},"img":{"alt_text":"","src":"https:\/\/i0.wp.com\/vincentians.com\/fr\/wp-content\/uploads\/sites\/10\/2016\/07\/cartas-luisa-de-marillac.jpg?fit=1200%2C630&ssl=1&resize=350%2C200","width":350,"height":200,"srcset":"https:\/\/i0.wp.com\/vincentians.com\/fr\/wp-content\/uploads\/sites\/10\/2016\/07\/cartas-luisa-de-marillac.jpg?fit=1200%2C630&ssl=1&resize=350%2C200 1x, https:\/\/i0.wp.com\/vincentians.com\/fr\/wp-content\/uploads\/sites\/10\/2016\/07\/cartas-luisa-de-marillac.jpg?fit=1200%2C630&ssl=1&resize=525%2C300 1.5x, https:\/\/i0.wp.com\/vincentians.com\/fr\/wp-content\/uploads\/sites\/10\/2016\/07\/cartas-luisa-de-marillac.jpg?fit=1200%2C630&ssl=1&resize=700%2C400 2x, https:\/\/i0.wp.com\/vincentians.com\/fr\/wp-content\/uploads\/sites\/10\/2016\/07\/cartas-luisa-de-marillac.jpg?fit=1200%2C630&ssl=1&resize=1050%2C600 3x"},"classes":[]},{"id":105311,"url":"https:\/\/vincentians.com\/fr\/louise-de-marillac-lettre-0057-a-monsieur-labbe-de-vaux\/","url_meta":{"origin":104526,"position":4},"title":"Louise de Marillac, Lettre 0057: \u00e0 Monsieur l&rsquo;abb\u00e9 de Vaux","author":"Francisco Javier Fern\u00e1ndez Chento","date":"25\/04\/2017","format":false,"excerpt":"(\u00e0 Angers) Ce 28 janvier 1641. Monsieur, Je vous rends gr\u00e2ces tr\u00e8s humbles de la peine que votre charit\u00e9 a prise de me mander* des nouvelles de nos S\u0153urs, m'avertissant de leurs d\u00e9fauts. Ce m'est un des plus grands t\u00e9moignages que je puisse recevoir que vous faites l'honneur d'aimer notre\u2026","rel":"","context":"Dans &quot;\u00c9crits de Louise de Marillac&quot;","block_context":{"text":"\u00c9crits de Louise de Marillac","link":"https:\/\/vincentians.com\/fr\/category\/ecrits-de-louise-de-marillac\/"},"img":{"alt_text":"","src":"https:\/\/i0.wp.com\/vincentians.com\/fr\/wp-content\/uploads\/sites\/10\/2016\/07\/cartas-luisa-de-marillac.jpg?fit=1200%2C630&ssl=1&resize=350%2C200","width":350,"height":200,"srcset":"https:\/\/i0.wp.com\/vincentians.com\/fr\/wp-content\/uploads\/sites\/10\/2016\/07\/cartas-luisa-de-marillac.jpg?fit=1200%2C630&ssl=1&resize=350%2C200 1x, https:\/\/i0.wp.com\/vincentians.com\/fr\/wp-content\/uploads\/sites\/10\/2016\/07\/cartas-luisa-de-marillac.jpg?fit=1200%2C630&ssl=1&resize=525%2C300 1.5x, https:\/\/i0.wp.com\/vincentians.com\/fr\/wp-content\/uploads\/sites\/10\/2016\/07\/cartas-luisa-de-marillac.jpg?fit=1200%2C630&ssl=1&resize=700%2C400 2x, https:\/\/i0.wp.com\/vincentians.com\/fr\/wp-content\/uploads\/sites\/10\/2016\/07\/cartas-luisa-de-marillac.jpg?fit=1200%2C630&ssl=1&resize=1050%2C600 3x"},"classes":[]},{"id":104534,"url":"https:\/\/vincentians.com\/fr\/louise-de-marillac-lettre-0012-a-monsieur-labbe-de-vaux\/","url_meta":{"origin":104526,"position":5},"title":"Louise de Marillac, Lettre 0012: \u00e0 Monsieur l&rsquo;abb\u00e9 de Vaux","author":"Francisco Javier Fern\u00e1ndez Chento","date":"18\/10\/2016","format":false,"excerpt":"(\u00e0 Angers) Ce vendredi (1640). Monsieur Notre bonne femme est toute dispos\u00e9e \u00e0 faire ce qu'il vous plaira et, si je ne me trompe, elle vous rendra bon service. Je lui ai propose toutes les conditions n\u00e9cessaires pour cela qu'elle trouve faciles. Elle m'a dit que, depuis qu'elle a servi\u2026","rel":"","context":"Dans &quot;\u00c9crits de Louise de Marillac&quot;","block_context":{"text":"\u00c9crits de Louise de Marillac","link":"https:\/\/vincentians.com\/fr\/category\/ecrits-de-louise-de-marillac\/"},"img":{"alt_text":"","src":"https:\/\/i0.wp.com\/vincentians.com\/fr\/wp-content\/uploads\/sites\/10\/2016\/07\/cartas-luisa-de-marillac.jpg?fit=1200%2C630&ssl=1&resize=350%2C200","width":350,"height":200,"srcset":"https:\/\/i0.wp.com\/vincentians.com\/fr\/wp-content\/uploads\/sites\/10\/2016\/07\/cartas-luisa-de-marillac.jpg?fit=1200%2C630&ssl=1&resize=350%2C200 1x, https:\/\/i0.wp.com\/vincentians.com\/fr\/wp-content\/uploads\/sites\/10\/2016\/07\/cartas-luisa-de-marillac.jpg?fit=1200%2C630&ssl=1&resize=525%2C300 1.5x, https:\/\/i0.wp.com\/vincentians.com\/fr\/wp-content\/uploads\/sites\/10\/2016\/07\/cartas-luisa-de-marillac.jpg?fit=1200%2C630&ssl=1&resize=700%2C400 2x, https:\/\/i0.wp.com\/vincentians.com\/fr\/wp-content\/uploads\/sites\/10\/2016\/07\/cartas-luisa-de-marillac.jpg?fit=1200%2C630&ssl=1&resize=1050%2C600 3x"},"classes":[]}],"_links":{"self":[{"href":"https:\/\/vincentians.com\/fr\/wp-json\/wp\/v2\/posts\/104526","targetHints":{"allow":["GET"]}}],"collection":[{"href":"https:\/\/vincentians.com\/fr\/wp-json\/wp\/v2\/posts"}],"about":[{"href":"https:\/\/vincentians.com\/fr\/wp-json\/wp\/v2\/types\/post"}],"author":[{"embeddable":true,"href":"https:\/\/vincentians.com\/fr\/wp-json\/wp\/v2\/users\/4"}],"replies":[{"embeddable":true,"href":"https:\/\/vincentians.com\/fr\/wp-json\/wp\/v2\/comments?post=104526"}],"version-history":[{"count":0,"href":"https:\/\/vincentians.com\/fr\/wp-json\/wp\/v2\/posts\/104526\/revisions"}],"wp:featuredmedia":[{"embeddable":true,"href":"https:\/\/vincentians.com\/fr\/wp-json\/wp\/v2\/media\/189777"}],"wp:attachment":[{"href":"https:\/\/vincentians.com\/fr\/wp-json\/wp\/v2\/media?parent=104526"}],"wp:term":[{"taxonomy":"category","embeddable":true,"href":"https:\/\/vincentians.com\/fr\/wp-json\/wp\/v2\/categories?post=104526"},{"taxonomy":"post_tag","embeddable":true,"href":"https:\/\/vincentians.com\/fr\/wp-json\/wp\/v2\/tags?post=104526"}],"curies":[{"name":"wp","href":"https:\/\/api.w.org\/{rel}","templated":true}]}}