{"id":104524,"date":"2016-11-15T04:00:58","date_gmt":"2016-11-15T03:00:58","guid":{"rendered":"http:\/\/vincentiens.org\/?p=104524"},"modified":"2016-11-15T04:00:58","modified_gmt":"2016-11-15T03:00:58","slug":"louise-de-marillac-lettre-0016-a-monsieur-labbe-de-vaux","status":"publish","type":"post","link":"https:\/\/vincentians.com\/fr\/louise-de-marillac-lettre-0016-a-monsieur-labbe-de-vaux\/","title":{"rendered":"Louise de Marillac, Lettre 0016: \u00e0 Monsieur l&rsquo;abb\u00e9 de Vaux"},"content":{"rendered":"<p>De La Chapelle, 23 mars 1640.<\/p>\n<p>Monsieur,<\/p>\n<p>Pardonnez-moi, s&rsquo;il vous pla\u00eet, si je suis tant importune \u00e0 votre charit\u00e9. Je m&rsquo;\u00e9tais promis de savoir de vos nouvelles toutes les semaines, par votre moyen ou de quelqu&rsquo;autre, et comme je vois, cela me manque, je prends la libert\u00e9 d&rsquo;interrompre les saintes occupations de votre charit\u00e9, pour vous supplier tr\u00e8s humblement me vouloir apprendre l&rsquo;\u00e9tat des petites affaires de l&rsquo;\u00e9tablissement de nos filles, dont je suis un peu en peine, \u00e0 cause que je ne devais venir sans cette exp\u00e9dition. Je suis si sujette \u00e0 faire des fautes que cela ne me devrait pas \u00e9tonner, esp\u00e9rant, comme je ne suis bonne \u00e0 rien, que Dieu peut, et veut bien souvent, tirer sa gloire des personnes de ma sorte, pour faire conna\u00eetre que sa puissance n&rsquo;a aucun besoin de ses cr\u00e9atures pour l&rsquo;ex\u00e9cution de ses desseins. J&rsquo;esp\u00e8re, Dieu aidant, Monsieur, que les trois filles<span id='easy-footnote-1-104524' class='easy-footnote-margin-adjust'><\/span><span class='easy-footnote'><a href='https:\/\/vincentians.com\/fr\/louise-de-marillac-lettre-0016-a-monsieur-labbe-de-vaux\/#easy-footnote-bottom-1-104524' title=' Genevi\u00e8ve Caillou (voir p. 29), Marie-Marthe Trumeau (voir p. 75) et Madeleine Mongert (voir p. 46).'><sup>1<\/sup><\/a><\/span> que j&rsquo;ai promises partiront mardi, sans faute. J&rsquo;ai \u00e9t\u00e9 plus de temps que je ne pensais \u00e0 les envoyer, c&rsquo;est la peine que nous avons eue \u00e0 les \u00f4ter du lieu o\u00f9 elles \u00e9taient, vous assurant, Monsieur, que c&rsquo;est l&rsquo;\u00e9lite de notre reste \u00e0 quelqu&rsquo;une pr\u00e8s qui nous est tr\u00e8s n\u00e9cessaire. Je croirais faire faute de les recommander \u00e0 votre charit\u00e9: j&rsquo;ai tant de sujets de croire que notre bon Dieu lui a commis la conduite de cette affaire. Seulement, Monsieur, j&rsquo;ai une tr\u00e8s humble supplication \u00e0 vous faire de me pardonner les manquements que je fais dans la nourriture de ces bonnes filles, et de me faire la charit\u00e9 de m&rsquo;en avertir, afin que me corrigeant vous ayez moins de peine \u00e0 celles qui iront apr\u00e8s.<\/p>\n<p>Je ne sais si par mes pr\u00e9c\u00e9dentes je vous ai pr\u00e9sent\u00e9 les tr\u00e8s humbles saluts de Monsieur Vincent, je suppl\u00e9erai par celle-ci, que je finis, vous suppliant tr\u00e8s humblement m&rsquo;honorer de la continuation de votre saint souvenir dans la cr\u00e9ance que je suis en l&rsquo;amour de J\u00e9sus Crucifi\u00e9, Monsieur, votre tr\u00e8s humble fille et tr\u00e8s ob\u00e9issante servante.<\/p>\n","protected":false},"excerpt":{"rendered":"<p>De La Chapelle, 23 mars 1640. Monsieur, Pardonnez-moi, s&rsquo;il vous pla\u00eet, si je suis tant importune \u00e0 votre charit\u00e9. Je m&rsquo;\u00e9tais promis de savoir de vos nouvelles toutes les semaines, par votre moyen ou de &#8230; <a href=\"https:\/\/vincentians.com\/fr\/louise-de-marillac-lettre-0016-a-monsieur-labbe-de-vaux\/\" class=\"more-link\">Read More<\/a><\/p>\n","protected":false},"author":4,"featured_media":189777,"comment_status":"open","ping_status":"open","sticky":false,"template":"","format":"standard","meta":{"jetpack_post_was_ever_published":false,"_jetpack_newsletter_access":"","_jetpack_dont_email_post_to_subs":false,"_jetpack_newsletter_tier_id":0,"_jetpack_memberships_contains_paywalled_content":false,"_jetpack_memberships_contains_paid_content":false,"footnotes":"","jetpack_publicize_message":"","jetpack_publicize_feature_enabled":true,"jetpack_social_post_already_shared":true,"jetpack_social_options":{"image_generator_settings":{"template":"highway","default_image_id":0,"font":"","enabled":false},"version":2}},"categories":[121],"tags":[],"class_list":["post-104524","post","type-post","status-publish","format-standard","has-post-thumbnail","hentry","category-ecrits-de-louise-de-marillac"],"yoast_head":"<!-- This site is optimized with the Yoast SEO plugin v26.3 - https:\/\/yoast.com\/wordpress\/plugins\/seo\/ -->\n<title>Louise de Marillac, Lettre 0016: \u00e0 Monsieur l&#039;abb\u00e9 de Vaux - Nous Sommes Vincentiens<\/title>\n<meta name=\"robots\" content=\"index, follow, max-snippet:-1, max-image-preview:large, max-video-preview:-1\" \/>\n<link rel=\"canonical\" href=\"https:\/\/vincentians.com\/fr\/louise-de-marillac-lettre-0016-a-monsieur-labbe-de-vaux\/\" \/>\n<meta property=\"og:locale\" content=\"fr_FR\" \/>\n<meta property=\"og:type\" content=\"article\" \/>\n<meta property=\"og:title\" content=\"Louise de Marillac, Lettre 0016: \u00e0 Monsieur l&#039;abb\u00e9 de Vaux - Nous Sommes Vincentiens\" \/>\n<meta property=\"og:description\" content=\"De La Chapelle, 23 mars 1640. Monsieur, Pardonnez-moi, s&rsquo;il vous pla\u00eet, si je suis tant importune \u00e0 votre charit\u00e9. Je m&rsquo;\u00e9tais promis de savoir de vos nouvelles toutes les semaines, par votre moyen ou de ... Read More\" \/>\n<meta property=\"og:url\" content=\"https:\/\/vincentians.com\/fr\/louise-de-marillac-lettre-0016-a-monsieur-labbe-de-vaux\/\" \/>\n<meta property=\"og:site_name\" content=\"Nous Sommes Vincentiens\" \/>\n<meta property=\"article:publisher\" content=\"https:\/\/www.facebook.com\/WeAreVincentians\/\" \/>\n<meta property=\"article:author\" content=\"https:\/\/www.facebook.com\/JavierChento\" \/>\n<meta property=\"article:published_time\" content=\"2016-11-15T03:00:58+00:00\" \/>\n<meta property=\"og:image\" content=\"https:\/\/i0.wp.com\/vincentians.com\/fr\/wp-content\/uploads\/sites\/10\/2016\/07\/cartas-luisa-de-marillac.jpg?fit=1200%2C630&ssl=1\" \/>\n\t<meta property=\"og:image:width\" content=\"1200\" \/>\n\t<meta property=\"og:image:height\" content=\"630\" \/>\n\t<meta property=\"og:image:type\" content=\"image\/jpeg\" \/>\n<meta name=\"author\" content=\"Francisco Javier Fern\u00e1ndez Chento\" \/>\n<meta name=\"twitter:card\" content=\"summary_large_image\" \/>\n<meta name=\"twitter:creator\" content=\"@https:\/\/twitter.com\/javierchento\" \/>\n<meta name=\"twitter:site\" content=\"@WeVincentians\" \/>\n<meta name=\"twitter:label1\" content=\"\u00c9crit par\" \/>\n\t<meta name=\"twitter:data1\" content=\"Francisco Javier Fern\u00e1ndez Chento\" \/>\n\t<meta name=\"twitter:label2\" content=\"Dur\u00e9e de lecture estim\u00e9e\" \/>\n\t<meta name=\"twitter:data2\" content=\"2 minutes\" \/>\n<script type=\"application\/ld+json\" class=\"yoast-schema-graph\">{\"@context\":\"https:\/\/schema.org\",\"@graph\":[{\"@type\":\"WebPage\",\"@id\":\"https:\/\/vincentians.com\/fr\/louise-de-marillac-lettre-0016-a-monsieur-labbe-de-vaux\/\",\"url\":\"https:\/\/vincentians.com\/fr\/louise-de-marillac-lettre-0016-a-monsieur-labbe-de-vaux\/\",\"name\":\"Louise de Marillac, Lettre 0016: \u00e0 Monsieur l'abb\u00e9 de Vaux - Nous Sommes Vincentiens\",\"isPartOf\":{\"@id\":\"https:\/\/vincentians.com\/fr\/#website\"},\"primaryImageOfPage\":{\"@id\":\"https:\/\/vincentians.com\/fr\/louise-de-marillac-lettre-0016-a-monsieur-labbe-de-vaux\/#primaryimage\"},\"image\":{\"@id\":\"https:\/\/vincentians.com\/fr\/louise-de-marillac-lettre-0016-a-monsieur-labbe-de-vaux\/#primaryimage\"},\"thumbnailUrl\":\"https:\/\/i0.wp.com\/vincentians.com\/fr\/wp-content\/uploads\/sites\/10\/2016\/07\/cartas-luisa-de-marillac.jpg?fit=1200%2C630&ssl=1\",\"datePublished\":\"2016-11-15T03:00:58+00:00\",\"author\":{\"@id\":\"https:\/\/vincentians.com\/fr\/#\/schema\/person\/9623ef4d9aa3b2dfb8c061f1499288f2\"},\"breadcrumb\":{\"@id\":\"https:\/\/vincentians.com\/fr\/louise-de-marillac-lettre-0016-a-monsieur-labbe-de-vaux\/#breadcrumb\"},\"inLanguage\":\"fr-FR\",\"potentialAction\":[{\"@type\":\"ReadAction\",\"target\":[\"https:\/\/vincentians.com\/fr\/louise-de-marillac-lettre-0016-a-monsieur-labbe-de-vaux\/\"]}]},{\"@type\":\"ImageObject\",\"inLanguage\":\"fr-FR\",\"@id\":\"https:\/\/vincentians.com\/fr\/louise-de-marillac-lettre-0016-a-monsieur-labbe-de-vaux\/#primaryimage\",\"url\":\"https:\/\/i0.wp.com\/vincentians.com\/fr\/wp-content\/uploads\/sites\/10\/2016\/07\/cartas-luisa-de-marillac.jpg?fit=1200%2C630&ssl=1\",\"contentUrl\":\"https:\/\/i0.wp.com\/vincentians.com\/fr\/wp-content\/uploads\/sites\/10\/2016\/07\/cartas-luisa-de-marillac.jpg?fit=1200%2C630&ssl=1\",\"width\":1200,\"height\":630},{\"@type\":\"BreadcrumbList\",\"@id\":\"https:\/\/vincentians.com\/fr\/louise-de-marillac-lettre-0016-a-monsieur-labbe-de-vaux\/#breadcrumb\",\"itemListElement\":[{\"@type\":\"ListItem\",\"position\":1,\"name\":\"Portada\",\"item\":\"https:\/\/vincentians.com\/fr\/\"},{\"@type\":\"ListItem\",\"position\":2,\"name\":\"Louise de Marillac, Lettre 0016: \u00e0 Monsieur l&rsquo;abb\u00e9 de Vaux\"}]},{\"@type\":\"WebSite\",\"@id\":\"https:\/\/vincentians.com\/fr\/#website\",\"url\":\"https:\/\/vincentians.com\/fr\/\",\"name\":\"Nous Sommes Vincentiens\",\"description\":\"Know more to serve more\",\"potentialAction\":[{\"@type\":\"SearchAction\",\"target\":{\"@type\":\"EntryPoint\",\"urlTemplate\":\"https:\/\/vincentians.com\/fr\/?s={search_term_string}\"},\"query-input\":{\"@type\":\"PropertyValueSpecification\",\"valueRequired\":true,\"valueName\":\"search_term_string\"}}],\"inLanguage\":\"fr-FR\"},{\"@type\":\"Person\",\"@id\":\"https:\/\/vincentians.com\/fr\/#\/schema\/person\/9623ef4d9aa3b2dfb8c061f1499288f2\",\"name\":\"Francisco Javier Fern\u00e1ndez Chento\",\"image\":{\"@type\":\"ImageObject\",\"inLanguage\":\"fr-FR\",\"@id\":\"https:\/\/vincentians.com\/fr\/#\/schema\/person\/image\/\",\"url\":\"https:\/\/secure.gravatar.com\/avatar\/497d5cde87b4c3d097d0315953521681ba2cd523ee66e5077c3711f7021e65de?s=96&d=mm&r=g\",\"contentUrl\":\"https:\/\/secure.gravatar.com\/avatar\/497d5cde87b4c3d097d0315953521681ba2cd523ee66e5077c3711f7021e65de?s=96&d=mm&r=g\",\"caption\":\"Francisco Javier Fern\u00e1ndez Chento\"},\"description\":\"Director General y cofundador de La Red de Formaci\u00f3n Vicenciana. Javier es laico vicenciano, afiliado a la Congregaci\u00f3n de la Misi\u00f3n y miembro del Equipo de Misiones Populares de la provincia can\u00f3nica de Zaragoza (Espa\u00f1a) de la Congregaci\u00f3n de la Misi\u00f3n. Graduado en la Universidad Oberta de Catalunya con cuatro grados (Asistente de direcci\u00f3n, Gesti\u00f3n Administrativa, Recursos Humanos y Contabilidad Avanzada). Bil\u00edng\u00fce Espa\u00f1ol\/Ingl\u00e9s. gestiona y mantiene varias p\u00e1ginas web cristianas y vicencianas, incluida including La Red de Formaci\u00f3n Vicenciana, de la que es cofundador. Actualmente es responsable del \u00e1rea de Espa\u00f1ol de .famvin, la Red de Noticias de la Familia Vicenciana. Tambi\u00e9n es m\u00fasico cat\u00f3lico y ha editado varios discos. Es Director General y cofundador de Trovador, una reconocida compa\u00f1\u00eda discogr\u00e1fica critiana de Espa\u00f1a. Trabaja en las Tecnolog\u00edas de la Informaci\u00f3n, ofreciendo servicios de alojamiento, dise\u00f1o y mantenimiento Web, as\u00ed como asesoramiento, formaci\u00f3n y soluciones inform\u00e1ticas, gesti\u00f3n documental y digitalizaci\u00f3n de textos, edici\u00f3n y maquetaci\u00f3n de libros, revistas, flyers, etc.\",\"sameAs\":[\"http:\/\/chento.org\",\"https:\/\/www.facebook.com\/JavierChento\",\"https:\/\/x.com\/https:\/\/twitter.com\/javierchento\"],\"url\":\"https:\/\/vincentians.com\/fr\/author\/chento\/\"}]}<\/script>\n<!-- \/ Yoast SEO plugin. -->","yoast_head_json":{"title":"Louise de Marillac, Lettre 0016: \u00e0 Monsieur l'abb\u00e9 de Vaux - Nous Sommes Vincentiens","robots":{"index":"index","follow":"follow","max-snippet":"max-snippet:-1","max-image-preview":"max-image-preview:large","max-video-preview":"max-video-preview:-1"},"canonical":"https:\/\/vincentians.com\/fr\/louise-de-marillac-lettre-0016-a-monsieur-labbe-de-vaux\/","og_locale":"fr_FR","og_type":"article","og_title":"Louise de Marillac, Lettre 0016: \u00e0 Monsieur l'abb\u00e9 de Vaux - Nous Sommes Vincentiens","og_description":"De La Chapelle, 23 mars 1640. Monsieur, Pardonnez-moi, s&rsquo;il vous pla\u00eet, si je suis tant importune \u00e0 votre charit\u00e9. Je m&rsquo;\u00e9tais promis de savoir de vos nouvelles toutes les semaines, par votre moyen ou de ... Read More","og_url":"https:\/\/vincentians.com\/fr\/louise-de-marillac-lettre-0016-a-monsieur-labbe-de-vaux\/","og_site_name":"Nous Sommes Vincentiens","article_publisher":"https:\/\/www.facebook.com\/WeAreVincentians\/","article_author":"https:\/\/www.facebook.com\/JavierChento","article_published_time":"2016-11-15T03:00:58+00:00","og_image":[{"width":1200,"height":630,"url":"https:\/\/i0.wp.com\/vincentians.com\/fr\/wp-content\/uploads\/sites\/10\/2016\/07\/cartas-luisa-de-marillac.jpg?fit=1200%2C630&ssl=1","type":"image\/jpeg"}],"author":"Francisco Javier Fern\u00e1ndez Chento","twitter_card":"summary_large_image","twitter_creator":"@https:\/\/twitter.com\/javierchento","twitter_site":"@WeVincentians","twitter_misc":{"\u00c9crit par":"Francisco Javier Fern\u00e1ndez Chento","Dur\u00e9e de lecture estim\u00e9e":"2 minutes"},"schema":{"@context":"https:\/\/schema.org","@graph":[{"@type":"WebPage","@id":"https:\/\/vincentians.com\/fr\/louise-de-marillac-lettre-0016-a-monsieur-labbe-de-vaux\/","url":"https:\/\/vincentians.com\/fr\/louise-de-marillac-lettre-0016-a-monsieur-labbe-de-vaux\/","name":"Louise de Marillac, Lettre 0016: \u00e0 Monsieur l'abb\u00e9 de Vaux - Nous Sommes Vincentiens","isPartOf":{"@id":"https:\/\/vincentians.com\/fr\/#website"},"primaryImageOfPage":{"@id":"https:\/\/vincentians.com\/fr\/louise-de-marillac-lettre-0016-a-monsieur-labbe-de-vaux\/#primaryimage"},"image":{"@id":"https:\/\/vincentians.com\/fr\/louise-de-marillac-lettre-0016-a-monsieur-labbe-de-vaux\/#primaryimage"},"thumbnailUrl":"https:\/\/i0.wp.com\/vincentians.com\/fr\/wp-content\/uploads\/sites\/10\/2016\/07\/cartas-luisa-de-marillac.jpg?fit=1200%2C630&ssl=1","datePublished":"2016-11-15T03:00:58+00:00","author":{"@id":"https:\/\/vincentians.com\/fr\/#\/schema\/person\/9623ef4d9aa3b2dfb8c061f1499288f2"},"breadcrumb":{"@id":"https:\/\/vincentians.com\/fr\/louise-de-marillac-lettre-0016-a-monsieur-labbe-de-vaux\/#breadcrumb"},"inLanguage":"fr-FR","potentialAction":[{"@type":"ReadAction","target":["https:\/\/vincentians.com\/fr\/louise-de-marillac-lettre-0016-a-monsieur-labbe-de-vaux\/"]}]},{"@type":"ImageObject","inLanguage":"fr-FR","@id":"https:\/\/vincentians.com\/fr\/louise-de-marillac-lettre-0016-a-monsieur-labbe-de-vaux\/#primaryimage","url":"https:\/\/i0.wp.com\/vincentians.com\/fr\/wp-content\/uploads\/sites\/10\/2016\/07\/cartas-luisa-de-marillac.jpg?fit=1200%2C630&ssl=1","contentUrl":"https:\/\/i0.wp.com\/vincentians.com\/fr\/wp-content\/uploads\/sites\/10\/2016\/07\/cartas-luisa-de-marillac.jpg?fit=1200%2C630&ssl=1","width":1200,"height":630},{"@type":"BreadcrumbList","@id":"https:\/\/vincentians.com\/fr\/louise-de-marillac-lettre-0016-a-monsieur-labbe-de-vaux\/#breadcrumb","itemListElement":[{"@type":"ListItem","position":1,"name":"Portada","item":"https:\/\/vincentians.com\/fr\/"},{"@type":"ListItem","position":2,"name":"Louise de Marillac, Lettre 0016: \u00e0 Monsieur l&rsquo;abb\u00e9 de Vaux"}]},{"@type":"WebSite","@id":"https:\/\/vincentians.com\/fr\/#website","url":"https:\/\/vincentians.com\/fr\/","name":"Nous Sommes Vincentiens","description":"Know more to serve more","potentialAction":[{"@type":"SearchAction","target":{"@type":"EntryPoint","urlTemplate":"https:\/\/vincentians.com\/fr\/?s={search_term_string}"},"query-input":{"@type":"PropertyValueSpecification","valueRequired":true,"valueName":"search_term_string"}}],"inLanguage":"fr-FR"},{"@type":"Person","@id":"https:\/\/vincentians.com\/fr\/#\/schema\/person\/9623ef4d9aa3b2dfb8c061f1499288f2","name":"Francisco Javier Fern\u00e1ndez Chento","image":{"@type":"ImageObject","inLanguage":"fr-FR","@id":"https:\/\/vincentians.com\/fr\/#\/schema\/person\/image\/","url":"https:\/\/secure.gravatar.com\/avatar\/497d5cde87b4c3d097d0315953521681ba2cd523ee66e5077c3711f7021e65de?s=96&d=mm&r=g","contentUrl":"https:\/\/secure.gravatar.com\/avatar\/497d5cde87b4c3d097d0315953521681ba2cd523ee66e5077c3711f7021e65de?s=96&d=mm&r=g","caption":"Francisco Javier Fern\u00e1ndez Chento"},"description":"Director General y cofundador de La Red de Formaci\u00f3n Vicenciana. Javier es laico vicenciano, afiliado a la Congregaci\u00f3n de la Misi\u00f3n y miembro del Equipo de Misiones Populares de la provincia can\u00f3nica de Zaragoza (Espa\u00f1a) de la Congregaci\u00f3n de la Misi\u00f3n. Graduado en la Universidad Oberta de Catalunya con cuatro grados (Asistente de direcci\u00f3n, Gesti\u00f3n Administrativa, Recursos Humanos y Contabilidad Avanzada). Bil\u00edng\u00fce Espa\u00f1ol\/Ingl\u00e9s. gestiona y mantiene varias p\u00e1ginas web cristianas y vicencianas, incluida including La Red de Formaci\u00f3n Vicenciana, de la que es cofundador. Actualmente es responsable del \u00e1rea de Espa\u00f1ol de .famvin, la Red de Noticias de la Familia Vicenciana. Tambi\u00e9n es m\u00fasico cat\u00f3lico y ha editado varios discos. Es Director General y cofundador de Trovador, una reconocida compa\u00f1\u00eda discogr\u00e1fica critiana de Espa\u00f1a. Trabaja en las Tecnolog\u00edas de la Informaci\u00f3n, ofreciendo servicios de alojamiento, dise\u00f1o y mantenimiento Web, as\u00ed como asesoramiento, formaci\u00f3n y soluciones inform\u00e1ticas, gesti\u00f3n documental y digitalizaci\u00f3n de textos, edici\u00f3n y maquetaci\u00f3n de libros, revistas, flyers, etc.","sameAs":["http:\/\/chento.org","https:\/\/www.facebook.com\/JavierChento","https:\/\/x.com\/https:\/\/twitter.com\/javierchento"],"url":"https:\/\/vincentians.com\/fr\/author\/chento\/"}]}},"jetpack_publicize_connections":[],"jetpack_featured_media_url":"https:\/\/i0.wp.com\/vincentians.com\/fr\/wp-content\/uploads\/sites\/10\/2016\/07\/cartas-luisa-de-marillac.jpg?fit=1200%2C630&ssl=1","jetpack_sharing_enabled":true,"jetpack_shortlink":"https:\/\/wp.me\/p7ETMP-rbS","jetpack-related-posts":[{"id":38477,"url":"https:\/\/vincentians.com\/fr\/le-directeur-provincial-animateur-des-filles-de-la-charite\/","url_meta":{"origin":104524,"position":0},"title":"Le Directeur Provincial \u201canimateur\u201d des Filles de la Charit\u00e9","author":"Francisco Javier Fern\u00e1ndez Chento","date":"03\/10\/2012","format":false,"excerpt":"Dans les Constitutions des Filles de la Charit\u00e9, nous trouvons \u00e0 l\u2019article 3.38: le Directeur Provincial est un pr\u00eatre de la Congr\u00e9gation de la Mission, nomm\u00e9 par le Sup\u00e9rieur G\u00e9n\u00e9ral; \u201cil partage avec la Visitatrice et son Conseil la responsabilit\u00e9 de promouvoir l\u2019esprit vincentien dans la Province\u201d Missionnaire, le directeur\u2026","rel":"","context":"Dans &quot;Congr\u00e9gation de la Mission&quot;","block_context":{"text":"Congr\u00e9gation de la Mission","link":"https:\/\/vincentians.com\/fr\/category\/congregation-de-la-mission\/"},"img":{"alt_text":"","src":"https:\/\/i0.wp.com\/vincentiens.org\/wp-content\/uploads\/2011\/05\/filles_charite-228x300.jpg?resize=350%2C200","width":350,"height":200},"classes":[]},{"id":38183,"url":"https:\/\/vincentians.com\/fr\/sainte-louise-et-saint-vincent\/","url_meta":{"origin":104524,"position":1},"title":"Sainte Louise et Saint Vincent","author":"Francisco Javier Fern\u00e1ndez Chento","date":"01\/10\/2012","format":false,"excerpt":"Comme chaque ann\u00e9e d\u00e9sormais, la f\u00eate, de Saint Vincent de Paul est c\u00e9l\u00e9br\u00e9e sur trois journ\u00e9es cons\u00e9cutives au berceau. L'Eucharistie de cette ann\u00e9e a \u00e9t\u00e9 c\u00e9l\u00e9br\u00e9e par Mgr Sarrab\u00e8re, anim\u00e9e par le P. Christian Laboure. De nombreux amis entouraient \"les r\u00e9sidants\" dont une d\u00e9l\u00e9gation volontaire de 120 jeunes gens du\u2026","rel":"","context":"Dans &quot;Formation Vincentienne&quot;","block_context":{"text":"Formation Vincentienne","link":"https:\/\/vincentians.com\/fr\/category\/formation-vincentienne\/"},"img":{"alt_text":"","src":"https:\/\/i0.wp.com\/vincentiens.org\/wp-content\/uploads\/2011\/05\/StainedGlassStVincentLouise-140x300.jpg?resize=350%2C200","width":350,"height":200},"classes":[]},{"id":104531,"url":"https:\/\/vincentians.com\/fr\/louise-de-marillac-lettre-0026-a-monsieur-vincent\/","url_meta":{"origin":104524,"position":2},"title":"Louise de Marillac, Lettre 0026: \u00e0 Monsieur Vincent","author":"Francisco Javier Fern\u00e1ndez Chento","date":"06\/09\/2016","format":false,"excerpt":"Ce 2 juillet (vers 1638). Monsieur, L'on me vient de dire qu'il y a de la contagion dans la Maison o\u00f9 logent les filles de l'H\u00f4tel-Dieu. Je vous supplie me mander si il les en faut \u00f4ter; ou si, les y laissant, il faut avertir les Dames de n'y pas\u2026","rel":"","context":"Dans &quot;\u00c9crits de Louise de Marillac&quot;","block_context":{"text":"\u00c9crits de Louise de Marillac","link":"https:\/\/vincentians.com\/fr\/category\/ecrits-de-louise-de-marillac\/"},"img":{"alt_text":"","src":"https:\/\/i0.wp.com\/vincentians.com\/fr\/wp-content\/uploads\/sites\/10\/2016\/07\/cartas-luisa-de-marillac.jpg?fit=1200%2C630&ssl=1&resize=350%2C200","width":350,"height":200,"srcset":"https:\/\/i0.wp.com\/vincentians.com\/fr\/wp-content\/uploads\/sites\/10\/2016\/07\/cartas-luisa-de-marillac.jpg?fit=1200%2C630&ssl=1&resize=350%2C200 1x, https:\/\/i0.wp.com\/vincentians.com\/fr\/wp-content\/uploads\/sites\/10\/2016\/07\/cartas-luisa-de-marillac.jpg?fit=1200%2C630&ssl=1&resize=525%2C300 1.5x, https:\/\/i0.wp.com\/vincentians.com\/fr\/wp-content\/uploads\/sites\/10\/2016\/07\/cartas-luisa-de-marillac.jpg?fit=1200%2C630&ssl=1&resize=700%2C400 2x, https:\/\/i0.wp.com\/vincentians.com\/fr\/wp-content\/uploads\/sites\/10\/2016\/07\/cartas-luisa-de-marillac.jpg?fit=1200%2C630&ssl=1&resize=1050%2C600 3x"},"classes":[]},{"id":104534,"url":"https:\/\/vincentians.com\/fr\/louise-de-marillac-lettre-0012-a-monsieur-labbe-de-vaux\/","url_meta":{"origin":104524,"position":3},"title":"Louise de Marillac, Lettre 0012: \u00e0 Monsieur l&rsquo;abb\u00e9 de Vaux","author":"Francisco Javier Fern\u00e1ndez Chento","date":"18\/10\/2016","format":false,"excerpt":"(\u00e0 Angers) Ce vendredi (1640). Monsieur Notre bonne femme est toute dispos\u00e9e \u00e0 faire ce qu'il vous plaira et, si je ne me trompe, elle vous rendra bon service. Je lui ai propose toutes les conditions n\u00e9cessaires pour cela qu'elle trouve faciles. Elle m'a dit que, depuis qu'elle a servi\u2026","rel":"","context":"Dans &quot;\u00c9crits de Louise de Marillac&quot;","block_context":{"text":"\u00c9crits de Louise de Marillac","link":"https:\/\/vincentians.com\/fr\/category\/ecrits-de-louise-de-marillac\/"},"img":{"alt_text":"","src":"https:\/\/i0.wp.com\/vincentians.com\/fr\/wp-content\/uploads\/sites\/10\/2016\/07\/cartas-luisa-de-marillac.jpg?fit=1200%2C630&ssl=1&resize=350%2C200","width":350,"height":200,"srcset":"https:\/\/i0.wp.com\/vincentians.com\/fr\/wp-content\/uploads\/sites\/10\/2016\/07\/cartas-luisa-de-marillac.jpg?fit=1200%2C630&ssl=1&resize=350%2C200 1x, https:\/\/i0.wp.com\/vincentians.com\/fr\/wp-content\/uploads\/sites\/10\/2016\/07\/cartas-luisa-de-marillac.jpg?fit=1200%2C630&ssl=1&resize=525%2C300 1.5x, https:\/\/i0.wp.com\/vincentians.com\/fr\/wp-content\/uploads\/sites\/10\/2016\/07\/cartas-luisa-de-marillac.jpg?fit=1200%2C630&ssl=1&resize=700%2C400 2x, https:\/\/i0.wp.com\/vincentians.com\/fr\/wp-content\/uploads\/sites\/10\/2016\/07\/cartas-luisa-de-marillac.jpg?fit=1200%2C630&ssl=1&resize=1050%2C600 3x"},"classes":[]},{"id":104535,"url":"https:\/\/vincentians.com\/fr\/louise-de-marillac-lettre-0014-a-monsieur-labbe-de-vaux\/","url_meta":{"origin":104524,"position":4},"title":"Louise de Marillac, Lettre 0014: \u00e0 Monsieur l&rsquo;abb\u00e9 de Vaux","author":"Francisco Javier Fern\u00e1ndez Chento","date":"01\/11\/2016","format":false,"excerpt":"\u00e0 Angers de Saint Martin, ce 24 f\u00e9vrier 1640. Monsieur, Votre charit\u00e9 a encore voulu acqu\u00e9rir sur moi ce surcro\u00eet d'obligation de vous \u00eatre incommod\u00e9 de votre laquais pour me donner cette consolation, il me vient bien en l'esprit de vous en remercier et de tous les autres bienfaits que\u2026","rel":"","context":"Dans &quot;\u00c9crits de Louise de Marillac&quot;","block_context":{"text":"\u00c9crits de Louise de Marillac","link":"https:\/\/vincentians.com\/fr\/category\/ecrits-de-louise-de-marillac\/"},"img":{"alt_text":"","src":"https:\/\/i0.wp.com\/vincentians.com\/fr\/wp-content\/uploads\/sites\/10\/2016\/07\/cartas-luisa-de-marillac.jpg?fit=1200%2C630&ssl=1&resize=350%2C200","width":350,"height":200,"srcset":"https:\/\/i0.wp.com\/vincentians.com\/fr\/wp-content\/uploads\/sites\/10\/2016\/07\/cartas-luisa-de-marillac.jpg?fit=1200%2C630&ssl=1&resize=350%2C200 1x, https:\/\/i0.wp.com\/vincentians.com\/fr\/wp-content\/uploads\/sites\/10\/2016\/07\/cartas-luisa-de-marillac.jpg?fit=1200%2C630&ssl=1&resize=525%2C300 1.5x, https:\/\/i0.wp.com\/vincentians.com\/fr\/wp-content\/uploads\/sites\/10\/2016\/07\/cartas-luisa-de-marillac.jpg?fit=1200%2C630&ssl=1&resize=700%2C400 2x, https:\/\/i0.wp.com\/vincentians.com\/fr\/wp-content\/uploads\/sites\/10\/2016\/07\/cartas-luisa-de-marillac.jpg?fit=1200%2C630&ssl=1&resize=1050%2C600 3x"},"classes":[]},{"id":104525,"url":"https:\/\/vincentians.com\/fr\/louise-de-marillac-lettre-0017-a-monsieur-labbe-de-vaux\/","url_meta":{"origin":104524,"position":5},"title":"Louise de Marillac, Lettre 0017: \u00e0 Monsieur l&rsquo;abb\u00e9 de Vaux","author":"Francisco Javier Fern\u00e1ndez Chento","date":"22\/11\/2016","format":false,"excerpt":"\u00e0 Angers Ce 24 mars 1640. Monsieur, Je viens de recevoir toutes les nouvelles que votre charit\u00e9 a pris la peine me mander, elles touchent un peu mon sentiment ; mais Dieu aidant, la volont\u00e9 se rangera \u00e0 celle de Dieu, aux \u00e9v\u00e9nements qu'il lui plaira arriver. Ne serait-il point\u2026","rel":"","context":"Dans &quot;\u00c9crits de Louise de Marillac&quot;","block_context":{"text":"\u00c9crits de Louise de Marillac","link":"https:\/\/vincentians.com\/fr\/category\/ecrits-de-louise-de-marillac\/"},"img":{"alt_text":"","src":"https:\/\/i0.wp.com\/vincentians.com\/fr\/wp-content\/uploads\/sites\/10\/2016\/07\/cartas-luisa-de-marillac.jpg?fit=1200%2C630&ssl=1&resize=350%2C200","width":350,"height":200,"srcset":"https:\/\/i0.wp.com\/vincentians.com\/fr\/wp-content\/uploads\/sites\/10\/2016\/07\/cartas-luisa-de-marillac.jpg?fit=1200%2C630&ssl=1&resize=350%2C200 1x, https:\/\/i0.wp.com\/vincentians.com\/fr\/wp-content\/uploads\/sites\/10\/2016\/07\/cartas-luisa-de-marillac.jpg?fit=1200%2C630&ssl=1&resize=525%2C300 1.5x, https:\/\/i0.wp.com\/vincentians.com\/fr\/wp-content\/uploads\/sites\/10\/2016\/07\/cartas-luisa-de-marillac.jpg?fit=1200%2C630&ssl=1&resize=700%2C400 2x, https:\/\/i0.wp.com\/vincentians.com\/fr\/wp-content\/uploads\/sites\/10\/2016\/07\/cartas-luisa-de-marillac.jpg?fit=1200%2C630&ssl=1&resize=1050%2C600 3x"},"classes":[]}],"_links":{"self":[{"href":"https:\/\/vincentians.com\/fr\/wp-json\/wp\/v2\/posts\/104524","targetHints":{"allow":["GET"]}}],"collection":[{"href":"https:\/\/vincentians.com\/fr\/wp-json\/wp\/v2\/posts"}],"about":[{"href":"https:\/\/vincentians.com\/fr\/wp-json\/wp\/v2\/types\/post"}],"author":[{"embeddable":true,"href":"https:\/\/vincentians.com\/fr\/wp-json\/wp\/v2\/users\/4"}],"replies":[{"embeddable":true,"href":"https:\/\/vincentians.com\/fr\/wp-json\/wp\/v2\/comments?post=104524"}],"version-history":[{"count":0,"href":"https:\/\/vincentians.com\/fr\/wp-json\/wp\/v2\/posts\/104524\/revisions"}],"wp:featuredmedia":[{"embeddable":true,"href":"https:\/\/vincentians.com\/fr\/wp-json\/wp\/v2\/media\/189777"}],"wp:attachment":[{"href":"https:\/\/vincentians.com\/fr\/wp-json\/wp\/v2\/media?parent=104524"}],"wp:term":[{"taxonomy":"category","embeddable":true,"href":"https:\/\/vincentians.com\/fr\/wp-json\/wp\/v2\/categories?post=104524"},{"taxonomy":"post_tag","embeddable":true,"href":"https:\/\/vincentians.com\/fr\/wp-json\/wp\/v2\/tags?post=104524"}],"curies":[{"name":"wp","href":"https:\/\/api.w.org\/{rel}","templated":true}]}}