{"id":104473,"date":"2016-11-20T04:00:58","date_gmt":"2016-11-20T03:00:58","guid":{"rendered":"http:\/\/vincentiens.org\/?p=104473"},"modified":"2016-08-11T21:52:10","modified_gmt":"2016-08-11T19:52:10","slug":"jean-gabriel-perboyre-lettre-020-a-son-frere-louis-a-paris","status":"publish","type":"post","link":"https:\/\/vincentians.com\/fr\/jean-gabriel-perboyre-lettre-020-a-son-frere-louis-a-paris\/","title":{"rendered":"Jean-Gabriel Perboyre, Lettre 020. A son Fr\u00e8re Louis, \u00e0 Paris"},"content":{"rendered":"<p>Saint-Flour, le 24 f\u00e9vrier 1830.<\/p>\n<p>Mon tr\u00e8s cher fr\u00e8re et confr\u00e8re,<\/p>\n<p>La gr\u00e2ce de N. S. soit toujours avec nous.<\/p>\n<p>O la belle journ\u00e9e\u00a0! Ce matin, apr\u00e8s la c\u00e9r\u00e9monie des cendres, trois personnes que j\u2019aime \u00e9galement et dont chacune m\u2019est aussi ch\u00e8re que ma propre vie, sont entr\u00e9es dans le m\u00eame instant dans ma chambre, L\u2019heureuse rencontre de ces trois voyageurs, qui pour la premi\u00e8re fois se trouvaient ensemble chez moi, m\u2019a caus\u00e9 encore plus de plaisir que de surprise. Leur compagnie m\u2019a charm\u00e9 autant de temps que j\u2019ai pu en donner \u00e0 leur visite. Que ne pouviez-vous \u00eatre t\u00e9moin de ma joie et la partager\u00a0!<\/p>\n<p>Ces trois personnes vous sont parfaitement connues. La premi\u00e8re venait de Paris, la seconde de Montdidier et la troisi\u00e8me du Puech. C\u2019\u00e9taient mes trois jeunes fr\u00e8res qui me saluaient et m\u2019embrassaient \u00e0 qui mieux mieux. J\u2019ai re\u00e7u \u00e0 la fois de la m\u00eame main, trois lettres sign\u00e9es\u00a0: Louis, Jacques&#8230; Antoine Perboyre.<\/p>\n<p>Pour le coup c\u2019est par trop de bonheur. Je n\u2019ai pu m\u2019emp\u00eacher de remercier vos bons anges qui s\u2019\u00e9taient sans doute concert\u00e9s pour me procurer une telle satisfaction. En vous \u00e9crivant, je vous dirai donc que Jacques et Antoine se portent bien. Je dirai \u00e0 Jacques que Louis et Antoine se portent, le premier comme un prince, et le second comme un moine.<\/p>\n<p>J\u2019annoncerai \u00e0 Antoine que Louis et Jacques le d\u00e9fient de se mieux porter qu\u2019eux. Je les assurerai tous que je les aime autant qu\u2019ils puissent m\u2019aimer. Nous sommes bien unis, soyons-le ad majorem gloriam Dei. Puissions-nous l\u2019\u00eatre encore plus \u00e0 tout jamais dans le ciel\u00a0!<\/p>\n<p>J\u2019ai re\u00e7u aussi derni\u00e8rement une lettre de mon oncle de Montauban\u00a0; il se porte bien maintenant et para\u00eet assez content de son pensionnat. Quant \u00e0 celui de Saint-Flour, il commence \u00e0 \u00eatre florissant\u00a0: il est nombreux\u00a0; le bon esprit, la r\u00e9gularit\u00e9, la pi\u00e9t\u00e9, l\u2019application des \u00e9l\u00e8ves nous donnent vraiment de la satisfaction.<\/p>\n<p>Notre nouvel \u00e9v\u00eaque, que vous avez vu \u00e0 Paris, nous a d\u00e9j\u00e0 honor\u00e9s d\u2019une visite\u00a0; il ne tiendra pas \u00e0 lui que l\u2019\u00e9tablissement ne prosp\u00e8re de plus en plus.<\/p>\n<p>Vous m\u2019avez fait un crime de ce que, dans ma derni\u00e8re lettre, je ne vous ai rien dit de nos confr\u00e8res du grand s\u00e9minaire et de ce que, ordinairement, je ne vous donne pas assez de renseignements. Le premier point me paraissait inutile\u00a0; ces Messieurs \u00e9crivant \u00e0 Paris plus souvent que moi. Pour le second, je croyais devoir m\u2019en abstenir par d\u00e9licatesse, pour ne pas empi\u00e9ter sur les droits d\u2019autrui, M.\u00a0Grappin \u00e9tant charg\u00e9 de rendre compte des deux maisons, Vous faites bien d\u2019assister \u00e0 la classe de morale. Th\u00e9saurisez maintenant, munissez-vous de toutes les connaissances th\u00e9ologiques dont vous pouvez avoir besoin dans la suite\u00a0; car vous n\u2019aurez pas la facilit\u00e9 de les acqu\u00e9rir si vous allez dans les missions \u00e9trang\u00e8res, et vous n\u2019en aurez pas le temps, s\u2019il vous arrive jamais d\u2019avoir un poste tel que le mien.<\/p>\n<p>Si l\u2019on pouvait se recommander aux \u00e9tudes, comme aux pri\u00e8res de quelqu\u2019un, je demanderai d\u2019avoir quelque part aux v\u00f4tres\u00a0; car mon esprit s\u2019abrutit de jour en jour\u00a0; bient\u00f4t il sera tout mat\u00e9riel et enti\u00e8rement nul pour toute fonction intellectuelle, Vous pouvez m\u2019obtenir du moins de l\u2019Esprit qui \u00e9claire tout homme venant en ce monde, les lumi\u00e8res dont j\u2019ai besoin pour bien remplir mes devoirs.<\/p>\n<p>Tous les confr\u00e8res de Saint-Flour se portent assez bien. On est en g\u00e9n\u00e9ral content d\u2019eux. Je les salue de temps en temps\u00a0; je ne les vois qu\u2019en passant.<\/p>\n<p>Dans une de vos lettres vous aviez mis <em>le contraire<\/em> pour <em>au contraire<\/em>\u00a0; c\u2019\u00e9tait une faute\u00a0: la premi\u00e8re locution n\u2019est qu\u2019un substantif, la seconde est un adverbe. Puisque vous r\u00e9clamez mes le\u00e7ons, en voil\u00e0 une. Toutefois ne craignez pas que je m\u2019amuse \u00e0 \u00e9piloguer sur tout ce que vous m\u2019\u00e9crivez. Seulement \u00e9crivez-moi souvent, et excusez-moi, si je ne puis vous toujours r\u00e9pondre.<\/p>\n<p>Veuillez m\u2019acquitter aupr\u00e8s de tout le monde de la dette du respect ou de celle de l\u2019amiti\u00e9.<\/p>\n<p>Votre tr\u00e8s affectionn\u00e9 fr\u00e8re,<\/p>\n<p>J.G. Perboyre ind. p. d. l. m.<\/p>\n<p>Saint-Flour, le 11 mars 1830.<\/p>\n<p>Pour que vous puissiez accorder les 2 dates de cette lettre, je dois vous dire qu\u2019\u00e0 peine je l\u2019avais commenc\u00e9e que j\u2019ai \u00e9t\u00e9 oblig\u00e9 de l\u2019interrompre et de la laisser reposer pendant 15 jours. Vous voyez par l\u00e0 combien j\u2019ai peu de temps libre pour vous \u00e9crire. Priez pour moi\u00a0!<\/p>\n","protected":false},"excerpt":{"rendered":"<p>Saint-Flour, le 24 f\u00e9vrier 1830. Mon tr\u00e8s cher fr\u00e8re et confr\u00e8re, La gr\u00e2ce de N. S. soit toujours avec nous. O la belle journ\u00e9e\u00a0! Ce matin, apr\u00e8s la c\u00e9r\u00e9monie des cendres, trois personnes que j\u2019aime &#8230; <a href=\"https:\/\/vincentians.com\/fr\/jean-gabriel-perboyre-lettre-020-a-son-frere-louis-a-paris\/\" class=\"more-link\">Read More<\/a><\/p>\n","protected":false},"author":4,"featured_media":189778,"comment_status":"open","ping_status":"open","sticky":false,"template":"","format":"standard","meta":{"jetpack_post_was_ever_published":false,"_jetpack_newsletter_access":"","_jetpack_dont_email_post_to_subs":false,"_jetpack_newsletter_tier_id":0,"_jetpack_memberships_contains_paywalled_content":false,"_jetpack_memberships_contains_paid_content":false,"footnotes":"","jetpack_publicize_message":"","jetpack_publicize_feature_enabled":true,"jetpack_social_post_already_shared":true,"jetpack_social_options":{"image_generator_settings":{"template":"highway","default_image_id":0,"font":"","enabled":false},"version":2}},"categories":[114],"tags":[],"class_list":["post-104473","post","type-post","status-publish","format-standard","has-post-thumbnail","hentry","category-ecrits-de-jean-gabriel-perboyre"],"yoast_head":"<!-- This site is optimized with the Yoast SEO plugin v26.3 - https:\/\/yoast.com\/wordpress\/plugins\/seo\/ -->\n<title>Jean-Gabriel Perboyre, Lettre 020. A son Fr\u00e8re Louis, \u00e0 Paris - Nous Sommes Vincentiens<\/title>\n<meta name=\"robots\" content=\"index, follow, max-snippet:-1, max-image-preview:large, max-video-preview:-1\" \/>\n<link rel=\"canonical\" href=\"https:\/\/vincentians.com\/fr\/jean-gabriel-perboyre-lettre-020-a-son-frere-louis-a-paris\/\" \/>\n<meta property=\"og:locale\" content=\"fr_FR\" \/>\n<meta property=\"og:type\" content=\"article\" \/>\n<meta property=\"og:title\" content=\"Jean-Gabriel Perboyre, Lettre 020. A son Fr\u00e8re Louis, \u00e0 Paris - Nous Sommes Vincentiens\" \/>\n<meta property=\"og:description\" content=\"Saint-Flour, le 24 f\u00e9vrier 1830. Mon tr\u00e8s cher fr\u00e8re et confr\u00e8re, La gr\u00e2ce de N. S. soit toujours avec nous. O la belle journ\u00e9e\u00a0! Ce matin, apr\u00e8s la c\u00e9r\u00e9monie des cendres, trois personnes que j\u2019aime ... Read More\" \/>\n<meta property=\"og:url\" content=\"https:\/\/vincentians.com\/fr\/jean-gabriel-perboyre-lettre-020-a-son-frere-louis-a-paris\/\" \/>\n<meta property=\"og:site_name\" content=\"Nous Sommes Vincentiens\" \/>\n<meta property=\"article:publisher\" content=\"https:\/\/www.facebook.com\/WeAreVincentians\/\" \/>\n<meta property=\"article:author\" content=\"https:\/\/www.facebook.com\/JavierChento\" \/>\n<meta property=\"article:published_time\" content=\"2016-11-20T03:00:58+00:00\" \/>\n<meta property=\"og:image\" content=\"https:\/\/i0.wp.com\/vincentians.com\/fr\/wp-content\/uploads\/sites\/10\/2016\/07\/cartas-perboyre.jpg?fit=1200%2C630&ssl=1\" \/>\n\t<meta property=\"og:image:width\" content=\"1200\" \/>\n\t<meta property=\"og:image:height\" content=\"630\" \/>\n\t<meta property=\"og:image:type\" content=\"image\/jpeg\" \/>\n<meta name=\"author\" content=\"Francisco Javier Fern\u00e1ndez Chento\" \/>\n<meta name=\"twitter:card\" content=\"summary_large_image\" \/>\n<meta name=\"twitter:creator\" content=\"@https:\/\/twitter.com\/javierchento\" \/>\n<meta name=\"twitter:site\" content=\"@WeVincentians\" \/>\n<meta name=\"twitter:label1\" content=\"\u00c9crit par\" \/>\n\t<meta name=\"twitter:data1\" content=\"Francisco Javier Fern\u00e1ndez Chento\" \/>\n\t<meta name=\"twitter:label2\" content=\"Dur\u00e9e de lecture estim\u00e9e\" \/>\n\t<meta name=\"twitter:data2\" content=\"4 minutes\" \/>\n<script type=\"application\/ld+json\" class=\"yoast-schema-graph\">{\"@context\":\"https:\/\/schema.org\",\"@graph\":[{\"@type\":\"WebPage\",\"@id\":\"https:\/\/vincentians.com\/fr\/jean-gabriel-perboyre-lettre-020-a-son-frere-louis-a-paris\/\",\"url\":\"https:\/\/vincentians.com\/fr\/jean-gabriel-perboyre-lettre-020-a-son-frere-louis-a-paris\/\",\"name\":\"Jean-Gabriel Perboyre, Lettre 020. A son Fr\u00e8re Louis, \u00e0 Paris - Nous Sommes Vincentiens\",\"isPartOf\":{\"@id\":\"http:\/\/vincentians.com\/fr\/#website\"},\"primaryImageOfPage\":{\"@id\":\"https:\/\/vincentians.com\/fr\/jean-gabriel-perboyre-lettre-020-a-son-frere-louis-a-paris\/#primaryimage\"},\"image\":{\"@id\":\"https:\/\/vincentians.com\/fr\/jean-gabriel-perboyre-lettre-020-a-son-frere-louis-a-paris\/#primaryimage\"},\"thumbnailUrl\":\"https:\/\/i0.wp.com\/vincentians.com\/fr\/wp-content\/uploads\/sites\/10\/2016\/07\/cartas-perboyre.jpg?fit=1200%2C630&ssl=1\",\"datePublished\":\"2016-11-20T03:00:58+00:00\",\"author\":{\"@id\":\"http:\/\/vincentians.com\/fr\/#\/schema\/person\/9623ef4d9aa3b2dfb8c061f1499288f2\"},\"breadcrumb\":{\"@id\":\"https:\/\/vincentians.com\/fr\/jean-gabriel-perboyre-lettre-020-a-son-frere-louis-a-paris\/#breadcrumb\"},\"inLanguage\":\"fr-FR\",\"potentialAction\":[{\"@type\":\"ReadAction\",\"target\":[\"https:\/\/vincentians.com\/fr\/jean-gabriel-perboyre-lettre-020-a-son-frere-louis-a-paris\/\"]}]},{\"@type\":\"ImageObject\",\"inLanguage\":\"fr-FR\",\"@id\":\"https:\/\/vincentians.com\/fr\/jean-gabriel-perboyre-lettre-020-a-son-frere-louis-a-paris\/#primaryimage\",\"url\":\"https:\/\/i0.wp.com\/vincentians.com\/fr\/wp-content\/uploads\/sites\/10\/2016\/07\/cartas-perboyre.jpg?fit=1200%2C630&ssl=1\",\"contentUrl\":\"https:\/\/i0.wp.com\/vincentians.com\/fr\/wp-content\/uploads\/sites\/10\/2016\/07\/cartas-perboyre.jpg?fit=1200%2C630&ssl=1\",\"width\":1200,\"height\":630},{\"@type\":\"BreadcrumbList\",\"@id\":\"https:\/\/vincentians.com\/fr\/jean-gabriel-perboyre-lettre-020-a-son-frere-louis-a-paris\/#breadcrumb\",\"itemListElement\":[{\"@type\":\"ListItem\",\"position\":1,\"name\":\"Portada\",\"item\":\"http:\/\/vincentians.com\/fr\/\"},{\"@type\":\"ListItem\",\"position\":2,\"name\":\"Jean-Gabriel Perboyre, Lettre 020. A son Fr\u00e8re Louis, \u00e0 Paris\"}]},{\"@type\":\"WebSite\",\"@id\":\"http:\/\/vincentians.com\/fr\/#website\",\"url\":\"http:\/\/vincentians.com\/fr\/\",\"name\":\"Nous Sommes Vincentiens\",\"description\":\"Know more to serve more\",\"potentialAction\":[{\"@type\":\"SearchAction\",\"target\":{\"@type\":\"EntryPoint\",\"urlTemplate\":\"http:\/\/vincentians.com\/fr\/?s={search_term_string}\"},\"query-input\":{\"@type\":\"PropertyValueSpecification\",\"valueRequired\":true,\"valueName\":\"search_term_string\"}}],\"inLanguage\":\"fr-FR\"},{\"@type\":\"Person\",\"@id\":\"http:\/\/vincentians.com\/fr\/#\/schema\/person\/9623ef4d9aa3b2dfb8c061f1499288f2\",\"name\":\"Francisco Javier Fern\u00e1ndez Chento\",\"image\":{\"@type\":\"ImageObject\",\"inLanguage\":\"fr-FR\",\"@id\":\"http:\/\/vincentians.com\/fr\/#\/schema\/person\/image\/\",\"url\":\"https:\/\/secure.gravatar.com\/avatar\/497d5cde87b4c3d097d0315953521681ba2cd523ee66e5077c3711f7021e65de?s=96&d=mm&r=g\",\"contentUrl\":\"https:\/\/secure.gravatar.com\/avatar\/497d5cde87b4c3d097d0315953521681ba2cd523ee66e5077c3711f7021e65de?s=96&d=mm&r=g\",\"caption\":\"Francisco Javier Fern\u00e1ndez Chento\"},\"description\":\"Director General y cofundador de La Red de Formaci\u00f3n Vicenciana. Javier es laico vicenciano, afiliado a la Congregaci\u00f3n de la Misi\u00f3n y miembro del Equipo de Misiones Populares de la provincia can\u00f3nica de Zaragoza (Espa\u00f1a) de la Congregaci\u00f3n de la Misi\u00f3n. Graduado en la Universidad Oberta de Catalunya con cuatro grados (Asistente de direcci\u00f3n, Gesti\u00f3n Administrativa, Recursos Humanos y Contabilidad Avanzada). Bil\u00edng\u00fce Espa\u00f1ol\/Ingl\u00e9s. gestiona y mantiene varias p\u00e1ginas web cristianas y vicencianas, incluida including La Red de Formaci\u00f3n Vicenciana, de la que es cofundador. Actualmente es responsable del \u00e1rea de Espa\u00f1ol de .famvin, la Red de Noticias de la Familia Vicenciana. Tambi\u00e9n es m\u00fasico cat\u00f3lico y ha editado varios discos. Es Director General y cofundador de Trovador, una reconocida compa\u00f1\u00eda discogr\u00e1fica critiana de Espa\u00f1a. Trabaja en las Tecnolog\u00edas de la Informaci\u00f3n, ofreciendo servicios de alojamiento, dise\u00f1o y mantenimiento Web, as\u00ed como asesoramiento, formaci\u00f3n y soluciones inform\u00e1ticas, gesti\u00f3n documental y digitalizaci\u00f3n de textos, edici\u00f3n y maquetaci\u00f3n de libros, revistas, flyers, etc.\",\"sameAs\":[\"http:\/\/chento.org\",\"https:\/\/www.facebook.com\/JavierChento\",\"https:\/\/x.com\/https:\/\/twitter.com\/javierchento\"],\"url\":\"https:\/\/vincentians.com\/fr\/author\/chento\/\"}]}<\/script>\n<!-- \/ Yoast SEO plugin. -->","yoast_head_json":{"title":"Jean-Gabriel Perboyre, Lettre 020. A son Fr\u00e8re Louis, \u00e0 Paris - Nous Sommes Vincentiens","robots":{"index":"index","follow":"follow","max-snippet":"max-snippet:-1","max-image-preview":"max-image-preview:large","max-video-preview":"max-video-preview:-1"},"canonical":"https:\/\/vincentians.com\/fr\/jean-gabriel-perboyre-lettre-020-a-son-frere-louis-a-paris\/","og_locale":"fr_FR","og_type":"article","og_title":"Jean-Gabriel Perboyre, Lettre 020. A son Fr\u00e8re Louis, \u00e0 Paris - Nous Sommes Vincentiens","og_description":"Saint-Flour, le 24 f\u00e9vrier 1830. Mon tr\u00e8s cher fr\u00e8re et confr\u00e8re, La gr\u00e2ce de N. S. soit toujours avec nous. O la belle journ\u00e9e\u00a0! Ce matin, apr\u00e8s la c\u00e9r\u00e9monie des cendres, trois personnes que j\u2019aime ... Read More","og_url":"https:\/\/vincentians.com\/fr\/jean-gabriel-perboyre-lettre-020-a-son-frere-louis-a-paris\/","og_site_name":"Nous Sommes Vincentiens","article_publisher":"https:\/\/www.facebook.com\/WeAreVincentians\/","article_author":"https:\/\/www.facebook.com\/JavierChento","article_published_time":"2016-11-20T03:00:58+00:00","og_image":[{"width":1200,"height":630,"url":"https:\/\/i0.wp.com\/vincentians.com\/fr\/wp-content\/uploads\/sites\/10\/2016\/07\/cartas-perboyre.jpg?fit=1200%2C630&ssl=1","type":"image\/jpeg"}],"author":"Francisco Javier Fern\u00e1ndez Chento","twitter_card":"summary_large_image","twitter_creator":"@https:\/\/twitter.com\/javierchento","twitter_site":"@WeVincentians","twitter_misc":{"\u00c9crit par":"Francisco Javier Fern\u00e1ndez Chento","Dur\u00e9e de lecture estim\u00e9e":"4 minutes"},"schema":{"@context":"https:\/\/schema.org","@graph":[{"@type":"WebPage","@id":"https:\/\/vincentians.com\/fr\/jean-gabriel-perboyre-lettre-020-a-son-frere-louis-a-paris\/","url":"https:\/\/vincentians.com\/fr\/jean-gabriel-perboyre-lettre-020-a-son-frere-louis-a-paris\/","name":"Jean-Gabriel Perboyre, Lettre 020. A son Fr\u00e8re Louis, \u00e0 Paris - Nous Sommes Vincentiens","isPartOf":{"@id":"http:\/\/vincentians.com\/fr\/#website"},"primaryImageOfPage":{"@id":"https:\/\/vincentians.com\/fr\/jean-gabriel-perboyre-lettre-020-a-son-frere-louis-a-paris\/#primaryimage"},"image":{"@id":"https:\/\/vincentians.com\/fr\/jean-gabriel-perboyre-lettre-020-a-son-frere-louis-a-paris\/#primaryimage"},"thumbnailUrl":"https:\/\/i0.wp.com\/vincentians.com\/fr\/wp-content\/uploads\/sites\/10\/2016\/07\/cartas-perboyre.jpg?fit=1200%2C630&ssl=1","datePublished":"2016-11-20T03:00:58+00:00","author":{"@id":"http:\/\/vincentians.com\/fr\/#\/schema\/person\/9623ef4d9aa3b2dfb8c061f1499288f2"},"breadcrumb":{"@id":"https:\/\/vincentians.com\/fr\/jean-gabriel-perboyre-lettre-020-a-son-frere-louis-a-paris\/#breadcrumb"},"inLanguage":"fr-FR","potentialAction":[{"@type":"ReadAction","target":["https:\/\/vincentians.com\/fr\/jean-gabriel-perboyre-lettre-020-a-son-frere-louis-a-paris\/"]}]},{"@type":"ImageObject","inLanguage":"fr-FR","@id":"https:\/\/vincentians.com\/fr\/jean-gabriel-perboyre-lettre-020-a-son-frere-louis-a-paris\/#primaryimage","url":"https:\/\/i0.wp.com\/vincentians.com\/fr\/wp-content\/uploads\/sites\/10\/2016\/07\/cartas-perboyre.jpg?fit=1200%2C630&ssl=1","contentUrl":"https:\/\/i0.wp.com\/vincentians.com\/fr\/wp-content\/uploads\/sites\/10\/2016\/07\/cartas-perboyre.jpg?fit=1200%2C630&ssl=1","width":1200,"height":630},{"@type":"BreadcrumbList","@id":"https:\/\/vincentians.com\/fr\/jean-gabriel-perboyre-lettre-020-a-son-frere-louis-a-paris\/#breadcrumb","itemListElement":[{"@type":"ListItem","position":1,"name":"Portada","item":"http:\/\/vincentians.com\/fr\/"},{"@type":"ListItem","position":2,"name":"Jean-Gabriel Perboyre, Lettre 020. A son Fr\u00e8re Louis, \u00e0 Paris"}]},{"@type":"WebSite","@id":"http:\/\/vincentians.com\/fr\/#website","url":"http:\/\/vincentians.com\/fr\/","name":"Nous Sommes Vincentiens","description":"Know more to serve more","potentialAction":[{"@type":"SearchAction","target":{"@type":"EntryPoint","urlTemplate":"http:\/\/vincentians.com\/fr\/?s={search_term_string}"},"query-input":{"@type":"PropertyValueSpecification","valueRequired":true,"valueName":"search_term_string"}}],"inLanguage":"fr-FR"},{"@type":"Person","@id":"http:\/\/vincentians.com\/fr\/#\/schema\/person\/9623ef4d9aa3b2dfb8c061f1499288f2","name":"Francisco Javier Fern\u00e1ndez Chento","image":{"@type":"ImageObject","inLanguage":"fr-FR","@id":"http:\/\/vincentians.com\/fr\/#\/schema\/person\/image\/","url":"https:\/\/secure.gravatar.com\/avatar\/497d5cde87b4c3d097d0315953521681ba2cd523ee66e5077c3711f7021e65de?s=96&d=mm&r=g","contentUrl":"https:\/\/secure.gravatar.com\/avatar\/497d5cde87b4c3d097d0315953521681ba2cd523ee66e5077c3711f7021e65de?s=96&d=mm&r=g","caption":"Francisco Javier Fern\u00e1ndez Chento"},"description":"Director General y cofundador de La Red de Formaci\u00f3n Vicenciana. Javier es laico vicenciano, afiliado a la Congregaci\u00f3n de la Misi\u00f3n y miembro del Equipo de Misiones Populares de la provincia can\u00f3nica de Zaragoza (Espa\u00f1a) de la Congregaci\u00f3n de la Misi\u00f3n. Graduado en la Universidad Oberta de Catalunya con cuatro grados (Asistente de direcci\u00f3n, Gesti\u00f3n Administrativa, Recursos Humanos y Contabilidad Avanzada). Bil\u00edng\u00fce Espa\u00f1ol\/Ingl\u00e9s. gestiona y mantiene varias p\u00e1ginas web cristianas y vicencianas, incluida including La Red de Formaci\u00f3n Vicenciana, de la que es cofundador. Actualmente es responsable del \u00e1rea de Espa\u00f1ol de .famvin, la Red de Noticias de la Familia Vicenciana. Tambi\u00e9n es m\u00fasico cat\u00f3lico y ha editado varios discos. Es Director General y cofundador de Trovador, una reconocida compa\u00f1\u00eda discogr\u00e1fica critiana de Espa\u00f1a. Trabaja en las Tecnolog\u00edas de la Informaci\u00f3n, ofreciendo servicios de alojamiento, dise\u00f1o y mantenimiento Web, as\u00ed como asesoramiento, formaci\u00f3n y soluciones inform\u00e1ticas, gesti\u00f3n documental y digitalizaci\u00f3n de textos, edici\u00f3n y maquetaci\u00f3n de libros, revistas, flyers, etc.","sameAs":["http:\/\/chento.org","https:\/\/www.facebook.com\/JavierChento","https:\/\/x.com\/https:\/\/twitter.com\/javierchento"],"url":"https:\/\/vincentians.com\/fr\/author\/chento\/"}]}},"jetpack_publicize_connections":[],"jetpack_featured_media_url":"https:\/\/i0.wp.com\/vincentians.com\/fr\/wp-content\/uploads\/sites\/10\/2016\/07\/cartas-perboyre.jpg?fit=1200%2C630&ssl=1","jetpack_sharing_enabled":true,"jetpack_shortlink":"https:\/\/wp.me\/p7ETMP-rb3","jetpack-related-posts":[{"id":104425,"url":"https:\/\/vincentians.com\/fr\/jean-gabriel-perboyre-lettre-016-a-son-frere-louis-a-paris\/","url_meta":{"origin":104473,"position":0},"title":"Jean-Gabriel Perboyre, Lettre 016. A son Fr\u00e8re Louis, \u00e0 Paris","author":"Francisco Javier Fern\u00e1ndez Chento","date":"23\/10\/2016","format":false,"excerpt":"Cahors, le 22 septembre 1828 Mon tr\u00e8s cher fr\u00e8re, La gr\u00e2ce de N. S. soit toujours avec nous. Apr\u00e8s avoir pass\u00e9 quinze jours au s\u00e9minaire de Cahors, o\u00f9 j\u2019ai fait ma retraite, et, trois ou quatre jours aupr\u00e8s de nos parents, o\u00f9 bien des personnes m\u2019ont demand\u00e9 de vos nouvelles\u2026","rel":"","context":"Dans &quot;\u00c9crits de Jean-Gabriel Perboyre&quot;","block_context":{"text":"\u00c9crits de Jean-Gabriel Perboyre","link":"https:\/\/vincentians.com\/fr\/category\/ecrits-de-jean-gabriel-perboyre\/"},"img":{"alt_text":"","src":"https:\/\/i0.wp.com\/vincentians.com\/fr\/wp-content\/uploads\/sites\/10\/2016\/07\/cartas-perboyre.jpg?fit=1200%2C630&ssl=1&resize=350%2C200","width":350,"height":200,"srcset":"https:\/\/i0.wp.com\/vincentians.com\/fr\/wp-content\/uploads\/sites\/10\/2016\/07\/cartas-perboyre.jpg?fit=1200%2C630&ssl=1&resize=350%2C200 1x, https:\/\/i0.wp.com\/vincentians.com\/fr\/wp-content\/uploads\/sites\/10\/2016\/07\/cartas-perboyre.jpg?fit=1200%2C630&ssl=1&resize=525%2C300 1.5x, https:\/\/i0.wp.com\/vincentians.com\/fr\/wp-content\/uploads\/sites\/10\/2016\/07\/cartas-perboyre.jpg?fit=1200%2C630&ssl=1&resize=700%2C400 2x, https:\/\/i0.wp.com\/vincentians.com\/fr\/wp-content\/uploads\/sites\/10\/2016\/07\/cartas-perboyre.jpg?fit=1200%2C630&ssl=1&resize=1050%2C600 3x"},"classes":[]},{"id":107177,"url":"https:\/\/vincentians.com\/fr\/jean-gabriel-perboyre-lettre-054-a-son-frere-antoine-au-puech\/","url_meta":{"origin":104473,"position":1},"title":"Jean-Gabriel Perboyre, Lettre 054. A son Fr\u00e8re Antoine, au Puech","author":"Francisco Javier Fern\u00e1ndez Chento","date":"16\/07\/2017","format":false,"excerpt":"Paris rue de S\u00e8vres n\u00b095 le 20 janvier 1835 Mon tr\u00e8s cher fr\u00e8re, La gr\u00e2ce de N. S. soit toujours avec nous. Je profite d\u2019une occasion que je rencontre pour vous donner de nos nouvelles. Nous nous portons fort bien tous les trois, Dieu merci. Nous vous souhaitons la bonne\u2026","rel":"","context":"Dans &quot;\u00c9crits de Jean-Gabriel Perboyre&quot;","block_context":{"text":"\u00c9crits de Jean-Gabriel Perboyre","link":"https:\/\/vincentians.com\/fr\/category\/ecrits-de-jean-gabriel-perboyre\/"},"img":{"alt_text":"","src":"https:\/\/i0.wp.com\/vincentians.com\/fr\/wp-content\/uploads\/sites\/10\/2016\/07\/cartas-perboyre.jpg?fit=1200%2C630&ssl=1&resize=350%2C200","width":350,"height":200,"srcset":"https:\/\/i0.wp.com\/vincentians.com\/fr\/wp-content\/uploads\/sites\/10\/2016\/07\/cartas-perboyre.jpg?fit=1200%2C630&ssl=1&resize=350%2C200 1x, https:\/\/i0.wp.com\/vincentians.com\/fr\/wp-content\/uploads\/sites\/10\/2016\/07\/cartas-perboyre.jpg?fit=1200%2C630&ssl=1&resize=525%2C300 1.5x, https:\/\/i0.wp.com\/vincentians.com\/fr\/wp-content\/uploads\/sites\/10\/2016\/07\/cartas-perboyre.jpg?fit=1200%2C630&ssl=1&resize=700%2C400 2x, https:\/\/i0.wp.com\/vincentians.com\/fr\/wp-content\/uploads\/sites\/10\/2016\/07\/cartas-perboyre.jpg?fit=1200%2C630&ssl=1&resize=1050%2C600 3x"},"classes":[]},{"id":107242,"url":"https:\/\/vincentians.com\/fr\/jean-gabriel-perboyre-lettre-066-frere-jacques-paris\/","url_meta":{"origin":104473,"position":2},"title":"Jean-Gabriel Perboyre, Lettre 066. A son Fr\u00e8re Jacques, \u00e0 Paris","author":"Francisco Javier Fern\u00e1ndez Chento","date":"08\/10\/2017","format":false,"excerpt":"Macao, le 14 Septembre 1835. Mon tr\u00e8s cher fr\u00e8re, La gr\u00e2ce de N. S. soit toujours avec nous. N\u2019ayant qu\u2019un instant pour \u00e9crire, r\u00e9signez-vous \u00e0 n\u2019avoir que deux lignes pour cette fois. Ne vous suffit-il pas d\u2019apprendre que depuis que je vous ai \u00e9crit de Batavia, le Bon Dieu a\u2026","rel":"","context":"Dans &quot;\u00c9crits de Jean-Gabriel Perboyre&quot;","block_context":{"text":"\u00c9crits de Jean-Gabriel Perboyre","link":"https:\/\/vincentians.com\/fr\/category\/ecrits-de-jean-gabriel-perboyre\/"},"img":{"alt_text":"","src":"https:\/\/i0.wp.com\/vincentians.com\/fr\/wp-content\/uploads\/sites\/10\/2016\/07\/cartas-perboyre.jpg?fit=1200%2C630&ssl=1&resize=350%2C200","width":350,"height":200,"srcset":"https:\/\/i0.wp.com\/vincentians.com\/fr\/wp-content\/uploads\/sites\/10\/2016\/07\/cartas-perboyre.jpg?fit=1200%2C630&ssl=1&resize=350%2C200 1x, https:\/\/i0.wp.com\/vincentians.com\/fr\/wp-content\/uploads\/sites\/10\/2016\/07\/cartas-perboyre.jpg?fit=1200%2C630&ssl=1&resize=525%2C300 1.5x, https:\/\/i0.wp.com\/vincentians.com\/fr\/wp-content\/uploads\/sites\/10\/2016\/07\/cartas-perboyre.jpg?fit=1200%2C630&ssl=1&resize=700%2C400 2x, https:\/\/i0.wp.com\/vincentians.com\/fr\/wp-content\/uploads\/sites\/10\/2016\/07\/cartas-perboyre.jpg?fit=1200%2C630&ssl=1&resize=1050%2C600 3x"},"classes":[]},{"id":105041,"url":"https:\/\/vincentians.com\/fr\/jean-gabriel-perboyre-lettre-036-a-son-frere-antoine-a-catus\/","url_meta":{"origin":104473,"position":3},"title":"Jean-Gabriel Perboyre, Lettre 036. A son Fr\u00e8re Antoine, \u00e0 Catus","author":"Francisco Javier Fern\u00e1ndez Chento","date":"12\/03\/2017","format":false,"excerpt":"Mon tr\u00e8s cher fr\u00e8re, Il vous tardera d\u2019apprendre comment notre s\u0153ur se sera tir\u00e9e de son long voyage. Je viens vous annoncer qu\u2019elle s\u2019en est tir\u00e9e \u00e0 merveille. Elle est arriv\u00e9e \u00e0 Paris samedi huit juin. Pendant toute la route M.\u00a0l\u2019abb\u00e9 Montagne a \u00e9t\u00e9 plein d\u2019attentions pour elle et elle\u2026","rel":"","context":"Dans &quot;\u00c9crits de Jean-Gabriel Perboyre&quot;","block_context":{"text":"\u00c9crits de Jean-Gabriel Perboyre","link":"https:\/\/vincentians.com\/fr\/category\/ecrits-de-jean-gabriel-perboyre\/"},"img":{"alt_text":"","src":"https:\/\/i0.wp.com\/vincentians.com\/fr\/wp-content\/uploads\/sites\/10\/2016\/07\/cartas-perboyre.jpg?fit=1200%2C630&ssl=1&resize=350%2C200","width":350,"height":200,"srcset":"https:\/\/i0.wp.com\/vincentians.com\/fr\/wp-content\/uploads\/sites\/10\/2016\/07\/cartas-perboyre.jpg?fit=1200%2C630&ssl=1&resize=350%2C200 1x, https:\/\/i0.wp.com\/vincentians.com\/fr\/wp-content\/uploads\/sites\/10\/2016\/07\/cartas-perboyre.jpg?fit=1200%2C630&ssl=1&resize=525%2C300 1.5x, https:\/\/i0.wp.com\/vincentians.com\/fr\/wp-content\/uploads\/sites\/10\/2016\/07\/cartas-perboyre.jpg?fit=1200%2C630&ssl=1&resize=700%2C400 2x, https:\/\/i0.wp.com\/vincentians.com\/fr\/wp-content\/uploads\/sites\/10\/2016\/07\/cartas-perboyre.jpg?fit=1200%2C630&ssl=1&resize=1050%2C600 3x"},"classes":[]},{"id":105038,"url":"https:\/\/vincentians.com\/fr\/jean-gabriel-perboyre-lettre-034-a-son-frere-antoine-au-puech\/","url_meta":{"origin":104473,"position":4},"title":"Jean-Gabriel Perboyre, Lettre 034. A son Fr\u00e8re Antoine, au Puech","author":"Francisco Javier Fern\u00e1ndez Chento","date":"26\/02\/2017","format":false,"excerpt":"Paris, 23 mars 1833. Mon tr\u00e8s cher fr\u00e8re, On dirait que vous boudez, tant on a de peine \u00e0 vous arracher une lettre. Voyons, \u00e9crivez-moi quelques mots. Dites-moi si vous avez tir\u00e9 au sort, si vous y \u00eates tomb\u00e9 ou non, quel parti vous avez pris pour ne pas devenir\u2026","rel":"","context":"Dans &quot;\u00c9crits de Jean-Gabriel Perboyre&quot;","block_context":{"text":"\u00c9crits de Jean-Gabriel Perboyre","link":"https:\/\/vincentians.com\/fr\/category\/ecrits-de-jean-gabriel-perboyre\/"},"img":{"alt_text":"","src":"https:\/\/i0.wp.com\/vincentians.com\/fr\/wp-content\/uploads\/sites\/10\/2016\/07\/cartas-perboyre.jpg?fit=1200%2C630&ssl=1&resize=350%2C200","width":350,"height":200,"srcset":"https:\/\/i0.wp.com\/vincentians.com\/fr\/wp-content\/uploads\/sites\/10\/2016\/07\/cartas-perboyre.jpg?fit=1200%2C630&ssl=1&resize=350%2C200 1x, https:\/\/i0.wp.com\/vincentians.com\/fr\/wp-content\/uploads\/sites\/10\/2016\/07\/cartas-perboyre.jpg?fit=1200%2C630&ssl=1&resize=525%2C300 1.5x, https:\/\/i0.wp.com\/vincentians.com\/fr\/wp-content\/uploads\/sites\/10\/2016\/07\/cartas-perboyre.jpg?fit=1200%2C630&ssl=1&resize=700%2C400 2x, https:\/\/i0.wp.com\/vincentians.com\/fr\/wp-content\/uploads\/sites\/10\/2016\/07\/cartas-perboyre.jpg?fit=1200%2C630&ssl=1&resize=1050%2C600 3x"},"classes":[]},{"id":190686,"url":"https:\/\/vincentians.com\/fr\/jean-gabriel-perboyre-lettre-071-frere-jacques-paris\/","url_meta":{"origin":104473,"position":5},"title":"Jean-Gabriel Perboyre, Lettre 071. A son Fr\u00e8re Jacques, \u00e0 Paris","author":"Francisco Javier Fern\u00e1ndez Chento","date":"12\/11\/2017","format":false,"excerpt":"[Macao, 21 d\u00e9cembre 1835] [Mon tr\u00e8s cher Fr\u00e8re,] Il faut que je me h\u00e2te de vous donner de mes nouvelles, pour ne pas vous en priver pendant trop longtemps. Aujourd\u2019hui je m\u2019embarque pour me rendre dans l\u2019int\u00e9rieur de la Chine, o\u00f9 je n\u2019aurai r\u00e9guli\u00e8rement des occasions pour Macao, et, par\u2026","rel":"","context":"Dans &quot;\u00c9crits de Jean-Gabriel Perboyre&quot;","block_context":{"text":"\u00c9crits de Jean-Gabriel Perboyre","link":"https:\/\/vincentians.com\/fr\/category\/ecrits-de-jean-gabriel-perboyre\/"},"img":{"alt_text":"","src":"https:\/\/i0.wp.com\/vincentians.com\/fr\/wp-content\/uploads\/sites\/10\/2016\/07\/cartas-perboyre.jpg?fit=1200%2C630&ssl=1&resize=350%2C200","width":350,"height":200,"srcset":"https:\/\/i0.wp.com\/vincentians.com\/fr\/wp-content\/uploads\/sites\/10\/2016\/07\/cartas-perboyre.jpg?fit=1200%2C630&ssl=1&resize=350%2C200 1x, https:\/\/i0.wp.com\/vincentians.com\/fr\/wp-content\/uploads\/sites\/10\/2016\/07\/cartas-perboyre.jpg?fit=1200%2C630&ssl=1&resize=525%2C300 1.5x, https:\/\/i0.wp.com\/vincentians.com\/fr\/wp-content\/uploads\/sites\/10\/2016\/07\/cartas-perboyre.jpg?fit=1200%2C630&ssl=1&resize=700%2C400 2x, https:\/\/i0.wp.com\/vincentians.com\/fr\/wp-content\/uploads\/sites\/10\/2016\/07\/cartas-perboyre.jpg?fit=1200%2C630&ssl=1&resize=1050%2C600 3x"},"classes":[]}],"_links":{"self":[{"href":"https:\/\/vincentians.com\/fr\/wp-json\/wp\/v2\/posts\/104473","targetHints":{"allow":["GET"]}}],"collection":[{"href":"https:\/\/vincentians.com\/fr\/wp-json\/wp\/v2\/posts"}],"about":[{"href":"https:\/\/vincentians.com\/fr\/wp-json\/wp\/v2\/types\/post"}],"author":[{"embeddable":true,"href":"https:\/\/vincentians.com\/fr\/wp-json\/wp\/v2\/users\/4"}],"replies":[{"embeddable":true,"href":"https:\/\/vincentians.com\/fr\/wp-json\/wp\/v2\/comments?post=104473"}],"version-history":[{"count":0,"href":"https:\/\/vincentians.com\/fr\/wp-json\/wp\/v2\/posts\/104473\/revisions"}],"wp:featuredmedia":[{"embeddable":true,"href":"https:\/\/vincentians.com\/fr\/wp-json\/wp\/v2\/media\/189778"}],"wp:attachment":[{"href":"https:\/\/vincentians.com\/fr\/wp-json\/wp\/v2\/media?parent=104473"}],"wp:term":[{"taxonomy":"category","embeddable":true,"href":"https:\/\/vincentians.com\/fr\/wp-json\/wp\/v2\/categories?post=104473"},{"taxonomy":"post_tag","embeddable":true,"href":"https:\/\/vincentians.com\/fr\/wp-json\/wp\/v2\/tags?post=104473"}],"curies":[{"name":"wp","href":"https:\/\/api.w.org\/{rel}","templated":true}]}}