{"id":104470,"date":"2017-02-05T04:00:58","date_gmt":"2017-02-05T03:00:58","guid":{"rendered":"http:\/\/vincentiens.org\/?p=104470"},"modified":"2016-08-11T21:52:38","modified_gmt":"2016-08-11T19:52:38","slug":"jean-gabriel-perboyre-lettre-031-a-son-frere-jacques-a-montdidier","status":"publish","type":"post","link":"https:\/\/vincentians.com\/fr\/jean-gabriel-perboyre-lettre-031-a-son-frere-jacques-a-montdidier\/","title":{"rendered":"Jean-Gabriel Perboyre, Lettre 031. A son Fr\u00e8re Jacques, \u00e0 Montdidier"},"content":{"rendered":"<p>Saint-Flour, le 23 f\u00e9vrier 1832.<\/p>\n<p>Mon cher fr\u00e8re,<\/p>\n<p>Quels tristes moments n\u2019ai-je pas pass\u00e9s depuis que j\u2019ai re\u00e7u votre derni\u00e8re lettre\u00a0! Jugez de ma douleur par celle que vous avez \u00e9prouv\u00e9e vous-m\u00eame \u00e0 la nouvelle de la mort de Louis. Pouvions-nous perdre rien de plus cher, de plus aimable\u00a0? C\u2019\u00e9tait un ange que Dieu nous avait donn\u00e9 dans ce fr\u00e8re. Aussi a-t-il voulu le d\u00e9rober de bonne heure \u00e0 la terre. Que notre affliction ne nous absorbe pas cependant tout entiers. Que notre \u00e2me d\u00e9sol\u00e9e se tourne vers Dieu, pour chercher en lui les v\u00e9ritables consolations. Confessons que le Seigneur est tout bon et tout mis\u00e9ricordieux. Il a combl\u00e9 Louis de gr\u00e2ces pendant sa courte vie et lui a accord\u00e9 le bonheur de mourir de la mort des saints. Que sa fin est belle aux yeux de la foi\u00a0! En \u00e9change de cette triste vie qu\u2019il a si g\u00e9n\u00e9reusement sacrifi\u00e9e pour J. C., il jouit d\u2019une vie divine, \u00e9ternelle. Celui qui l\u2019assure est la V\u00e9rit\u00e9 ainsi que la R\u00e9surrection et la Vie. Quoique nous ayons la douce confiance que notre fr\u00e8re est d\u00e9j\u00e0 au sein de la gloire, ne cessons de faire monter vers le tr\u00f4ne de la gr\u00e2ce nos humbles suffrages\u00a0; ils nous reviendront toujours chang\u00e9s en b\u00e9n\u00e9dictions c\u00e9lestes. Nous avons fait aujourd\u2019hui au grand S\u00e9minaire un service fun\u00e8bre avec toute la solennit\u00e9 possible. J\u2019ai re\u00e7u derni\u00e8rement une lettre de l\u2019oncle de Montauban, et quelque temps auparavant une autre de notre s\u0153ur Antoinette. Il para\u00eet que nos parents, se portent bien. Je viens de leur \u00e9crire. J\u2019ai des reproches \u00e0 vous faire, mon cher fr\u00e8re\u00a0; vous ne m\u2019\u00e9crivez pas assez souvent. Vous ne voulez peut-\u00eatre pas faire tr\u00eave avec les m\u00e9ditations philosophiques. Eh bien\u00a0! envoyez-moi des dissertations en guise de lettres. Par l\u00e0, sans sortir de votre \u00e9l\u00e9ment, vous communiquerez encore avec les vivants. Vous voil\u00e0 lanc\u00e9, me dites-vous, dans l\u2019immense r\u00e9gion de l\u2019infini\u00a0; bon courage, vous n\u2019\u00e9puiserez pas la mati\u00e8re. T\u00e2chez d\u2019\u00e9viter un \u00e9cueil que rencontrent souvent les \u00e9tudiants en philosophie\u00a0; en s\u2019accoutumant \u00e0 parler de Dieu avec une libert\u00e9 peu respectueuse, ils affaiblissent insensiblement en eux les sentiments religieux que doit inspirer l\u2019id\u00e9e de cette adorable Majest\u00e9\u00a0; la foi en souffre, la pi\u00e9t\u00e9 aussi. L\u2019humilit\u00e9 et la pri\u00e8re procurent plus de connaissance de Dieu que de superbes raisonnements. Il faut travailler de toutes les mani\u00e8res \u00e0 cro\u00eetre de plus en plus dans cette connaissance\u00a0; <em>non cessamus pro vobis orantes et postulantes ut impleamini agnitione voluntatis ejus, in omni sapientia et intellectu spiritali&#8230; crescentes in scientia<\/em> Dei<span id='easy-footnote-1-104470' class='easy-footnote-margin-adjust'><\/span><span class='easy-footnote'><a href='https:\/\/vincentians.com\/fr\/jean-gabriel-perboyre-lettre-031-a-son-frere-jacques-a-montdidier\/#easy-footnote-bottom-1-104470' title='\u00ab\u00a0Nous ne cessons de prier pour vous et de demander que vous soyez remplis de la connaissance de sa volont\u00e9 en toute sagesse et toute intelligence spirituelle&amp;#8230;, croissant dans la science de Dieu\u00a0\u00bb. (Col. 1, 9-10).'><sup>1<\/sup><\/a><\/span>.<\/p>\n<p>Je vous embrasse bien affectueusement, mon cher fr\u00e8re\u00a0; recommandez-moi \u00e0 la Sainte Vierge.<\/p>\n<p>J.G. Perboyre ind. p. d. l. m.<\/p>\n","protected":false},"excerpt":{"rendered":"<p>Saint-Flour, le 23 f\u00e9vrier 1832. Mon cher fr\u00e8re, Quels tristes moments n\u2019ai-je pas pass\u00e9s depuis que j\u2019ai re\u00e7u votre derni\u00e8re lettre\u00a0! Jugez de ma douleur par celle que vous avez \u00e9prouv\u00e9e vous-m\u00eame \u00e0 la nouvelle &#8230; <a href=\"https:\/\/vincentians.com\/fr\/jean-gabriel-perboyre-lettre-031-a-son-frere-jacques-a-montdidier\/\" class=\"more-link\">Read More<\/a><\/p>\n","protected":false},"author":4,"featured_media":189778,"comment_status":"open","ping_status":"open","sticky":false,"template":"","format":"standard","meta":{"jetpack_post_was_ever_published":false,"_jetpack_newsletter_access":"","_jetpack_dont_email_post_to_subs":false,"_jetpack_newsletter_tier_id":0,"_jetpack_memberships_contains_paywalled_content":false,"_jetpack_memberships_contains_paid_content":false,"footnotes":"","jetpack_publicize_message":"","jetpack_publicize_feature_enabled":true,"jetpack_social_post_already_shared":true,"jetpack_social_options":{"image_generator_settings":{"template":"highway","default_image_id":0,"font":"","enabled":false},"version":2}},"categories":[114],"tags":[],"class_list":["post-104470","post","type-post","status-publish","format-standard","has-post-thumbnail","hentry","category-ecrits-de-jean-gabriel-perboyre"],"yoast_head":"<!-- This site is optimized with the Yoast SEO plugin v26.3 - https:\/\/yoast.com\/wordpress\/plugins\/seo\/ -->\n<title>Jean-Gabriel Perboyre, Lettre 031. A son Fr\u00e8re Jacques, \u00e0 Montdidier - Nous Sommes Vincentiens<\/title>\n<meta name=\"robots\" content=\"index, follow, max-snippet:-1, max-image-preview:large, max-video-preview:-1\" \/>\n<link rel=\"canonical\" href=\"https:\/\/vincentians.com\/fr\/jean-gabriel-perboyre-lettre-031-a-son-frere-jacques-a-montdidier\/\" \/>\n<meta property=\"og:locale\" content=\"fr_FR\" \/>\n<meta property=\"og:type\" content=\"article\" \/>\n<meta property=\"og:title\" content=\"Jean-Gabriel Perboyre, Lettre 031. A son Fr\u00e8re Jacques, \u00e0 Montdidier - Nous Sommes Vincentiens\" \/>\n<meta property=\"og:description\" content=\"Saint-Flour, le 23 f\u00e9vrier 1832. Mon cher fr\u00e8re, Quels tristes moments n\u2019ai-je pas pass\u00e9s depuis que j\u2019ai re\u00e7u votre derni\u00e8re lettre\u00a0! Jugez de ma douleur par celle que vous avez \u00e9prouv\u00e9e vous-m\u00eame \u00e0 la nouvelle ... Read More\" \/>\n<meta property=\"og:url\" content=\"https:\/\/vincentians.com\/fr\/jean-gabriel-perboyre-lettre-031-a-son-frere-jacques-a-montdidier\/\" \/>\n<meta property=\"og:site_name\" content=\"Nous Sommes Vincentiens\" \/>\n<meta property=\"article:publisher\" content=\"https:\/\/www.facebook.com\/WeAreVincentians\/\" \/>\n<meta property=\"article:author\" content=\"https:\/\/www.facebook.com\/JavierChento\" \/>\n<meta property=\"article:published_time\" content=\"2017-02-05T03:00:58+00:00\" \/>\n<meta property=\"og:image\" content=\"https:\/\/i0.wp.com\/vincentians.com\/fr\/wp-content\/uploads\/sites\/10\/2016\/07\/cartas-perboyre.jpg?fit=1200%2C630&ssl=1\" \/>\n\t<meta property=\"og:image:width\" content=\"1200\" \/>\n\t<meta property=\"og:image:height\" content=\"630\" \/>\n\t<meta property=\"og:image:type\" content=\"image\/jpeg\" \/>\n<meta name=\"author\" content=\"Francisco Javier Fern\u00e1ndez Chento\" \/>\n<meta name=\"twitter:card\" content=\"summary_large_image\" \/>\n<meta name=\"twitter:creator\" content=\"@https:\/\/twitter.com\/javierchento\" \/>\n<meta name=\"twitter:site\" content=\"@WeVincentians\" \/>\n<meta name=\"twitter:label1\" content=\"\u00c9crit par\" \/>\n\t<meta name=\"twitter:data1\" content=\"Francisco Javier Fern\u00e1ndez Chento\" \/>\n\t<meta name=\"twitter:label2\" content=\"Dur\u00e9e de lecture estim\u00e9e\" \/>\n\t<meta name=\"twitter:data2\" content=\"3 minutes\" \/>\n<script type=\"application\/ld+json\" class=\"yoast-schema-graph\">{\"@context\":\"https:\/\/schema.org\",\"@graph\":[{\"@type\":\"WebPage\",\"@id\":\"https:\/\/vincentians.com\/fr\/jean-gabriel-perboyre-lettre-031-a-son-frere-jacques-a-montdidier\/\",\"url\":\"https:\/\/vincentians.com\/fr\/jean-gabriel-perboyre-lettre-031-a-son-frere-jacques-a-montdidier\/\",\"name\":\"Jean-Gabriel Perboyre, Lettre 031. A son Fr\u00e8re Jacques, \u00e0 Montdidier - Nous Sommes Vincentiens\",\"isPartOf\":{\"@id\":\"http:\/\/vincentians.com\/fr\/#website\"},\"primaryImageOfPage\":{\"@id\":\"https:\/\/vincentians.com\/fr\/jean-gabriel-perboyre-lettre-031-a-son-frere-jacques-a-montdidier\/#primaryimage\"},\"image\":{\"@id\":\"https:\/\/vincentians.com\/fr\/jean-gabriel-perboyre-lettre-031-a-son-frere-jacques-a-montdidier\/#primaryimage\"},\"thumbnailUrl\":\"https:\/\/i0.wp.com\/vincentians.com\/fr\/wp-content\/uploads\/sites\/10\/2016\/07\/cartas-perboyre.jpg?fit=1200%2C630&ssl=1\",\"datePublished\":\"2017-02-05T03:00:58+00:00\",\"author\":{\"@id\":\"http:\/\/vincentians.com\/fr\/#\/schema\/person\/9623ef4d9aa3b2dfb8c061f1499288f2\"},\"breadcrumb\":{\"@id\":\"https:\/\/vincentians.com\/fr\/jean-gabriel-perboyre-lettre-031-a-son-frere-jacques-a-montdidier\/#breadcrumb\"},\"inLanguage\":\"fr-FR\",\"potentialAction\":[{\"@type\":\"ReadAction\",\"target\":[\"https:\/\/vincentians.com\/fr\/jean-gabriel-perboyre-lettre-031-a-son-frere-jacques-a-montdidier\/\"]}]},{\"@type\":\"ImageObject\",\"inLanguage\":\"fr-FR\",\"@id\":\"https:\/\/vincentians.com\/fr\/jean-gabriel-perboyre-lettre-031-a-son-frere-jacques-a-montdidier\/#primaryimage\",\"url\":\"https:\/\/i0.wp.com\/vincentians.com\/fr\/wp-content\/uploads\/sites\/10\/2016\/07\/cartas-perboyre.jpg?fit=1200%2C630&ssl=1\",\"contentUrl\":\"https:\/\/i0.wp.com\/vincentians.com\/fr\/wp-content\/uploads\/sites\/10\/2016\/07\/cartas-perboyre.jpg?fit=1200%2C630&ssl=1\",\"width\":1200,\"height\":630},{\"@type\":\"BreadcrumbList\",\"@id\":\"https:\/\/vincentians.com\/fr\/jean-gabriel-perboyre-lettre-031-a-son-frere-jacques-a-montdidier\/#breadcrumb\",\"itemListElement\":[{\"@type\":\"ListItem\",\"position\":1,\"name\":\"Portada\",\"item\":\"http:\/\/vincentians.com\/fr\/\"},{\"@type\":\"ListItem\",\"position\":2,\"name\":\"Jean-Gabriel Perboyre, Lettre 031. A son Fr\u00e8re Jacques, \u00e0 Montdidier\"}]},{\"@type\":\"WebSite\",\"@id\":\"http:\/\/vincentians.com\/fr\/#website\",\"url\":\"http:\/\/vincentians.com\/fr\/\",\"name\":\"Nous Sommes Vincentiens\",\"description\":\"Know more to serve more\",\"potentialAction\":[{\"@type\":\"SearchAction\",\"target\":{\"@type\":\"EntryPoint\",\"urlTemplate\":\"http:\/\/vincentians.com\/fr\/?s={search_term_string}\"},\"query-input\":{\"@type\":\"PropertyValueSpecification\",\"valueRequired\":true,\"valueName\":\"search_term_string\"}}],\"inLanguage\":\"fr-FR\"},{\"@type\":\"Person\",\"@id\":\"http:\/\/vincentians.com\/fr\/#\/schema\/person\/9623ef4d9aa3b2dfb8c061f1499288f2\",\"name\":\"Francisco Javier Fern\u00e1ndez Chento\",\"image\":{\"@type\":\"ImageObject\",\"inLanguage\":\"fr-FR\",\"@id\":\"http:\/\/vincentians.com\/fr\/#\/schema\/person\/image\/\",\"url\":\"https:\/\/secure.gravatar.com\/avatar\/497d5cde87b4c3d097d0315953521681ba2cd523ee66e5077c3711f7021e65de?s=96&d=mm&r=g\",\"contentUrl\":\"https:\/\/secure.gravatar.com\/avatar\/497d5cde87b4c3d097d0315953521681ba2cd523ee66e5077c3711f7021e65de?s=96&d=mm&r=g\",\"caption\":\"Francisco Javier Fern\u00e1ndez Chento\"},\"description\":\"Director General y cofundador de La Red de Formaci\u00f3n Vicenciana. Javier es laico vicenciano, afiliado a la Congregaci\u00f3n de la Misi\u00f3n y miembro del Equipo de Misiones Populares de la provincia can\u00f3nica de Zaragoza (Espa\u00f1a) de la Congregaci\u00f3n de la Misi\u00f3n. Graduado en la Universidad Oberta de Catalunya con cuatro grados (Asistente de direcci\u00f3n, Gesti\u00f3n Administrativa, Recursos Humanos y Contabilidad Avanzada). Bil\u00edng\u00fce Espa\u00f1ol\/Ingl\u00e9s. gestiona y mantiene varias p\u00e1ginas web cristianas y vicencianas, incluida including La Red de Formaci\u00f3n Vicenciana, de la que es cofundador. Actualmente es responsable del \u00e1rea de Espa\u00f1ol de .famvin, la Red de Noticias de la Familia Vicenciana. Tambi\u00e9n es m\u00fasico cat\u00f3lico y ha editado varios discos. Es Director General y cofundador de Trovador, una reconocida compa\u00f1\u00eda discogr\u00e1fica critiana de Espa\u00f1a. Trabaja en las Tecnolog\u00edas de la Informaci\u00f3n, ofreciendo servicios de alojamiento, dise\u00f1o y mantenimiento Web, as\u00ed como asesoramiento, formaci\u00f3n y soluciones inform\u00e1ticas, gesti\u00f3n documental y digitalizaci\u00f3n de textos, edici\u00f3n y maquetaci\u00f3n de libros, revistas, flyers, etc.\",\"sameAs\":[\"http:\/\/chento.org\",\"https:\/\/www.facebook.com\/JavierChento\",\"https:\/\/x.com\/https:\/\/twitter.com\/javierchento\"],\"url\":\"https:\/\/vincentians.com\/fr\/author\/chento\/\"}]}<\/script>\n<!-- \/ Yoast SEO plugin. -->","yoast_head_json":{"title":"Jean-Gabriel Perboyre, Lettre 031. A son Fr\u00e8re Jacques, \u00e0 Montdidier - Nous Sommes Vincentiens","robots":{"index":"index","follow":"follow","max-snippet":"max-snippet:-1","max-image-preview":"max-image-preview:large","max-video-preview":"max-video-preview:-1"},"canonical":"https:\/\/vincentians.com\/fr\/jean-gabriel-perboyre-lettre-031-a-son-frere-jacques-a-montdidier\/","og_locale":"fr_FR","og_type":"article","og_title":"Jean-Gabriel Perboyre, Lettre 031. A son Fr\u00e8re Jacques, \u00e0 Montdidier - Nous Sommes Vincentiens","og_description":"Saint-Flour, le 23 f\u00e9vrier 1832. Mon cher fr\u00e8re, Quels tristes moments n\u2019ai-je pas pass\u00e9s depuis que j\u2019ai re\u00e7u votre derni\u00e8re lettre\u00a0! Jugez de ma douleur par celle que vous avez \u00e9prouv\u00e9e vous-m\u00eame \u00e0 la nouvelle ... Read More","og_url":"https:\/\/vincentians.com\/fr\/jean-gabriel-perboyre-lettre-031-a-son-frere-jacques-a-montdidier\/","og_site_name":"Nous Sommes Vincentiens","article_publisher":"https:\/\/www.facebook.com\/WeAreVincentians\/","article_author":"https:\/\/www.facebook.com\/JavierChento","article_published_time":"2017-02-05T03:00:58+00:00","og_image":[{"width":1200,"height":630,"url":"https:\/\/i0.wp.com\/vincentians.com\/fr\/wp-content\/uploads\/sites\/10\/2016\/07\/cartas-perboyre.jpg?fit=1200%2C630&ssl=1","type":"image\/jpeg"}],"author":"Francisco Javier Fern\u00e1ndez Chento","twitter_card":"summary_large_image","twitter_creator":"@https:\/\/twitter.com\/javierchento","twitter_site":"@WeVincentians","twitter_misc":{"\u00c9crit par":"Francisco Javier Fern\u00e1ndez Chento","Dur\u00e9e de lecture estim\u00e9e":"3 minutes"},"schema":{"@context":"https:\/\/schema.org","@graph":[{"@type":"WebPage","@id":"https:\/\/vincentians.com\/fr\/jean-gabriel-perboyre-lettre-031-a-son-frere-jacques-a-montdidier\/","url":"https:\/\/vincentians.com\/fr\/jean-gabriel-perboyre-lettre-031-a-son-frere-jacques-a-montdidier\/","name":"Jean-Gabriel Perboyre, Lettre 031. A son Fr\u00e8re Jacques, \u00e0 Montdidier - Nous Sommes Vincentiens","isPartOf":{"@id":"http:\/\/vincentians.com\/fr\/#website"},"primaryImageOfPage":{"@id":"https:\/\/vincentians.com\/fr\/jean-gabriel-perboyre-lettre-031-a-son-frere-jacques-a-montdidier\/#primaryimage"},"image":{"@id":"https:\/\/vincentians.com\/fr\/jean-gabriel-perboyre-lettre-031-a-son-frere-jacques-a-montdidier\/#primaryimage"},"thumbnailUrl":"https:\/\/i0.wp.com\/vincentians.com\/fr\/wp-content\/uploads\/sites\/10\/2016\/07\/cartas-perboyre.jpg?fit=1200%2C630&ssl=1","datePublished":"2017-02-05T03:00:58+00:00","author":{"@id":"http:\/\/vincentians.com\/fr\/#\/schema\/person\/9623ef4d9aa3b2dfb8c061f1499288f2"},"breadcrumb":{"@id":"https:\/\/vincentians.com\/fr\/jean-gabriel-perboyre-lettre-031-a-son-frere-jacques-a-montdidier\/#breadcrumb"},"inLanguage":"fr-FR","potentialAction":[{"@type":"ReadAction","target":["https:\/\/vincentians.com\/fr\/jean-gabriel-perboyre-lettre-031-a-son-frere-jacques-a-montdidier\/"]}]},{"@type":"ImageObject","inLanguage":"fr-FR","@id":"https:\/\/vincentians.com\/fr\/jean-gabriel-perboyre-lettre-031-a-son-frere-jacques-a-montdidier\/#primaryimage","url":"https:\/\/i0.wp.com\/vincentians.com\/fr\/wp-content\/uploads\/sites\/10\/2016\/07\/cartas-perboyre.jpg?fit=1200%2C630&ssl=1","contentUrl":"https:\/\/i0.wp.com\/vincentians.com\/fr\/wp-content\/uploads\/sites\/10\/2016\/07\/cartas-perboyre.jpg?fit=1200%2C630&ssl=1","width":1200,"height":630},{"@type":"BreadcrumbList","@id":"https:\/\/vincentians.com\/fr\/jean-gabriel-perboyre-lettre-031-a-son-frere-jacques-a-montdidier\/#breadcrumb","itemListElement":[{"@type":"ListItem","position":1,"name":"Portada","item":"http:\/\/vincentians.com\/fr\/"},{"@type":"ListItem","position":2,"name":"Jean-Gabriel Perboyre, Lettre 031. A son Fr\u00e8re Jacques, \u00e0 Montdidier"}]},{"@type":"WebSite","@id":"http:\/\/vincentians.com\/fr\/#website","url":"http:\/\/vincentians.com\/fr\/","name":"Nous Sommes Vincentiens","description":"Know more to serve more","potentialAction":[{"@type":"SearchAction","target":{"@type":"EntryPoint","urlTemplate":"http:\/\/vincentians.com\/fr\/?s={search_term_string}"},"query-input":{"@type":"PropertyValueSpecification","valueRequired":true,"valueName":"search_term_string"}}],"inLanguage":"fr-FR"},{"@type":"Person","@id":"http:\/\/vincentians.com\/fr\/#\/schema\/person\/9623ef4d9aa3b2dfb8c061f1499288f2","name":"Francisco Javier Fern\u00e1ndez Chento","image":{"@type":"ImageObject","inLanguage":"fr-FR","@id":"http:\/\/vincentians.com\/fr\/#\/schema\/person\/image\/","url":"https:\/\/secure.gravatar.com\/avatar\/497d5cde87b4c3d097d0315953521681ba2cd523ee66e5077c3711f7021e65de?s=96&d=mm&r=g","contentUrl":"https:\/\/secure.gravatar.com\/avatar\/497d5cde87b4c3d097d0315953521681ba2cd523ee66e5077c3711f7021e65de?s=96&d=mm&r=g","caption":"Francisco Javier Fern\u00e1ndez Chento"},"description":"Director General y cofundador de La Red de Formaci\u00f3n Vicenciana. Javier es laico vicenciano, afiliado a la Congregaci\u00f3n de la Misi\u00f3n y miembro del Equipo de Misiones Populares de la provincia can\u00f3nica de Zaragoza (Espa\u00f1a) de la Congregaci\u00f3n de la Misi\u00f3n. Graduado en la Universidad Oberta de Catalunya con cuatro grados (Asistente de direcci\u00f3n, Gesti\u00f3n Administrativa, Recursos Humanos y Contabilidad Avanzada). Bil\u00edng\u00fce Espa\u00f1ol\/Ingl\u00e9s. gestiona y mantiene varias p\u00e1ginas web cristianas y vicencianas, incluida including La Red de Formaci\u00f3n Vicenciana, de la que es cofundador. Actualmente es responsable del \u00e1rea de Espa\u00f1ol de .famvin, la Red de Noticias de la Familia Vicenciana. Tambi\u00e9n es m\u00fasico cat\u00f3lico y ha editado varios discos. Es Director General y cofundador de Trovador, una reconocida compa\u00f1\u00eda discogr\u00e1fica critiana de Espa\u00f1a. Trabaja en las Tecnolog\u00edas de la Informaci\u00f3n, ofreciendo servicios de alojamiento, dise\u00f1o y mantenimiento Web, as\u00ed como asesoramiento, formaci\u00f3n y soluciones inform\u00e1ticas, gesti\u00f3n documental y digitalizaci\u00f3n de textos, edici\u00f3n y maquetaci\u00f3n de libros, revistas, flyers, etc.","sameAs":["http:\/\/chento.org","https:\/\/www.facebook.com\/JavierChento","https:\/\/x.com\/https:\/\/twitter.com\/javierchento"],"url":"https:\/\/vincentians.com\/fr\/author\/chento\/"}]}},"jetpack_publicize_connections":[],"jetpack_featured_media_url":"https:\/\/i0.wp.com\/vincentians.com\/fr\/wp-content\/uploads\/sites\/10\/2016\/07\/cartas-perboyre.jpg?fit=1200%2C630&ssl=1","jetpack_sharing_enabled":true,"jetpack_shortlink":"https:\/\/wp.me\/p7ETMP-rb0","jetpack-related-posts":[{"id":104468,"url":"https:\/\/vincentians.com\/fr\/jean-gabriel-perboyre-lettre-029-a-son-pere-et-a-sa-mere\/","url_meta":{"origin":104470,"position":0},"title":"Jean-Gabriel Perboyre, Lettre 029. A son P\u00e8re et \u00e0 sa M\u00e8re","author":"Francisco Javier Fern\u00e1ndez Chento","date":"22\/01\/2017","format":false,"excerpt":"Saint-Flour, 15 f\u00e9vrier 1832 Mon cher P\u00e8re et ma ch\u00e8re M\u00e8re, M\u00ealons nos pleurs, unissons nos pri\u00e8res\u00a0: notre cher Louis n\u2019est plus\u00a0! Quelle douloureuse nouvelle pour vous, pour moi, pour toute la famille\u00a0! Lorsque l\u2019ann\u00e9e derni\u00e8re, il quitta la France, nos \u00e2mes se trouv\u00e8rent accabl\u00e9es par le poids du sacrifice\u2026","rel":"","context":"Dans &quot;\u00c9crits de Jean-Gabriel Perboyre&quot;","block_context":{"text":"\u00c9crits de Jean-Gabriel Perboyre","link":"https:\/\/vincentians.com\/fr\/category\/ecrits-de-jean-gabriel-perboyre\/"},"img":{"alt_text":"","src":"https:\/\/i0.wp.com\/vincentians.com\/fr\/wp-content\/uploads\/sites\/10\/2016\/07\/cartas-perboyre.jpg?fit=1200%2C630&ssl=1&resize=350%2C200","width":350,"height":200,"srcset":"https:\/\/i0.wp.com\/vincentians.com\/fr\/wp-content\/uploads\/sites\/10\/2016\/07\/cartas-perboyre.jpg?fit=1200%2C630&ssl=1&resize=350%2C200 1x, https:\/\/i0.wp.com\/vincentians.com\/fr\/wp-content\/uploads\/sites\/10\/2016\/07\/cartas-perboyre.jpg?fit=1200%2C630&ssl=1&resize=525%2C300 1.5x, https:\/\/i0.wp.com\/vincentians.com\/fr\/wp-content\/uploads\/sites\/10\/2016\/07\/cartas-perboyre.jpg?fit=1200%2C630&ssl=1&resize=700%2C400 2x, https:\/\/i0.wp.com\/vincentians.com\/fr\/wp-content\/uploads\/sites\/10\/2016\/07\/cartas-perboyre.jpg?fit=1200%2C630&ssl=1&resize=1050%2C600 3x"},"classes":[]},{"id":107177,"url":"https:\/\/vincentians.com\/fr\/jean-gabriel-perboyre-lettre-054-a-son-frere-antoine-au-puech\/","url_meta":{"origin":104470,"position":1},"title":"Jean-Gabriel Perboyre, Lettre 054. A son Fr\u00e8re Antoine, au Puech","author":"Francisco Javier Fern\u00e1ndez Chento","date":"16\/07\/2017","format":false,"excerpt":"Paris rue de S\u00e8vres n\u00b095 le 20 janvier 1835 Mon tr\u00e8s cher fr\u00e8re, La gr\u00e2ce de N. S. soit toujours avec nous. Je profite d\u2019une occasion que je rencontre pour vous donner de nos nouvelles. Nous nous portons fort bien tous les trois, Dieu merci. Nous vous souhaitons la bonne\u2026","rel":"","context":"Dans &quot;\u00c9crits de Jean-Gabriel Perboyre&quot;","block_context":{"text":"\u00c9crits de Jean-Gabriel Perboyre","link":"https:\/\/vincentians.com\/fr\/category\/ecrits-de-jean-gabriel-perboyre\/"},"img":{"alt_text":"","src":"https:\/\/i0.wp.com\/vincentians.com\/fr\/wp-content\/uploads\/sites\/10\/2016\/07\/cartas-perboyre.jpg?fit=1200%2C630&ssl=1&resize=350%2C200","width":350,"height":200,"srcset":"https:\/\/i0.wp.com\/vincentians.com\/fr\/wp-content\/uploads\/sites\/10\/2016\/07\/cartas-perboyre.jpg?fit=1200%2C630&ssl=1&resize=350%2C200 1x, https:\/\/i0.wp.com\/vincentians.com\/fr\/wp-content\/uploads\/sites\/10\/2016\/07\/cartas-perboyre.jpg?fit=1200%2C630&ssl=1&resize=525%2C300 1.5x, https:\/\/i0.wp.com\/vincentians.com\/fr\/wp-content\/uploads\/sites\/10\/2016\/07\/cartas-perboyre.jpg?fit=1200%2C630&ssl=1&resize=700%2C400 2x, https:\/\/i0.wp.com\/vincentians.com\/fr\/wp-content\/uploads\/sites\/10\/2016\/07\/cartas-perboyre.jpg?fit=1200%2C630&ssl=1&resize=1050%2C600 3x"},"classes":[]},{"id":105038,"url":"https:\/\/vincentians.com\/fr\/jean-gabriel-perboyre-lettre-034-a-son-frere-antoine-au-puech\/","url_meta":{"origin":104470,"position":2},"title":"Jean-Gabriel Perboyre, Lettre 034. A son Fr\u00e8re Antoine, au Puech","author":"Francisco Javier Fern\u00e1ndez Chento","date":"26\/02\/2017","format":false,"excerpt":"Paris, 23 mars 1833. Mon tr\u00e8s cher fr\u00e8re, On dirait que vous boudez, tant on a de peine \u00e0 vous arracher une lettre. Voyons, \u00e9crivez-moi quelques mots. Dites-moi si vous avez tir\u00e9 au sort, si vous y \u00eates tomb\u00e9 ou non, quel parti vous avez pris pour ne pas devenir\u2026","rel":"","context":"Dans &quot;\u00c9crits de Jean-Gabriel Perboyre&quot;","block_context":{"text":"\u00c9crits de Jean-Gabriel Perboyre","link":"https:\/\/vincentians.com\/fr\/category\/ecrits-de-jean-gabriel-perboyre\/"},"img":{"alt_text":"","src":"https:\/\/i0.wp.com\/vincentians.com\/fr\/wp-content\/uploads\/sites\/10\/2016\/07\/cartas-perboyre.jpg?fit=1200%2C630&ssl=1&resize=350%2C200","width":350,"height":200,"srcset":"https:\/\/i0.wp.com\/vincentians.com\/fr\/wp-content\/uploads\/sites\/10\/2016\/07\/cartas-perboyre.jpg?fit=1200%2C630&ssl=1&resize=350%2C200 1x, https:\/\/i0.wp.com\/vincentians.com\/fr\/wp-content\/uploads\/sites\/10\/2016\/07\/cartas-perboyre.jpg?fit=1200%2C630&ssl=1&resize=525%2C300 1.5x, https:\/\/i0.wp.com\/vincentians.com\/fr\/wp-content\/uploads\/sites\/10\/2016\/07\/cartas-perboyre.jpg?fit=1200%2C630&ssl=1&resize=700%2C400 2x, https:\/\/i0.wp.com\/vincentians.com\/fr\/wp-content\/uploads\/sites\/10\/2016\/07\/cartas-perboyre.jpg?fit=1200%2C630&ssl=1&resize=1050%2C600 3x"},"classes":[]},{"id":107243,"url":"https:\/\/vincentians.com\/fr\/jean-gabriel-perboyre-lettre-065-a-son-frere-antoine-au-puech\/","url_meta":{"origin":104470,"position":3},"title":"Jean-Gabriel Perboyre, Lettre 065. A son Fr\u00e8re Antoine, au Puech","author":"Francisco Javier Fern\u00e1ndez Chento","date":"01\/10\/2017","format":false,"excerpt":"Macao, le 13 septembre 1835. Mon tr\u00e8s cher fr\u00e8re, La gr\u00e2ce de N. S. soit toujours avec nous. La lettre que j\u2019\u00e9crivis \u00e0 Papa de Java vous apprenait que j\u2019\u00e9tais d\u00e9j\u00e0 parvenu plus loin que notre bon fr\u00e8re Louis, Dieu ne m\u2019ayant pas jug\u00e9 digne du Ciel comme lui. Celle-ci\u2026","rel":"","context":"Dans &quot;\u00c9crits de Jean-Gabriel Perboyre&quot;","block_context":{"text":"\u00c9crits de Jean-Gabriel Perboyre","link":"https:\/\/vincentians.com\/fr\/category\/ecrits-de-jean-gabriel-perboyre\/"},"img":{"alt_text":"","src":"https:\/\/i0.wp.com\/vincentians.com\/fr\/wp-content\/uploads\/sites\/10\/2016\/07\/cartas-perboyre.jpg?fit=1200%2C630&ssl=1&resize=350%2C200","width":350,"height":200,"srcset":"https:\/\/i0.wp.com\/vincentians.com\/fr\/wp-content\/uploads\/sites\/10\/2016\/07\/cartas-perboyre.jpg?fit=1200%2C630&ssl=1&resize=350%2C200 1x, https:\/\/i0.wp.com\/vincentians.com\/fr\/wp-content\/uploads\/sites\/10\/2016\/07\/cartas-perboyre.jpg?fit=1200%2C630&ssl=1&resize=525%2C300 1.5x, https:\/\/i0.wp.com\/vincentians.com\/fr\/wp-content\/uploads\/sites\/10\/2016\/07\/cartas-perboyre.jpg?fit=1200%2C630&ssl=1&resize=700%2C400 2x, https:\/\/i0.wp.com\/vincentians.com\/fr\/wp-content\/uploads\/sites\/10\/2016\/07\/cartas-perboyre.jpg?fit=1200%2C630&ssl=1&resize=1050%2C600 3x"},"classes":[]},{"id":105352,"url":"https:\/\/vincentians.com\/fr\/jean-gabriel-perboyre-lettre-043-a-son-frere-antoine-au-puech\/","url_meta":{"origin":104470,"position":4},"title":"Jean-Gabriel Perboyre, Lettre 043. A son Fr\u00e8re Antoine, au Puech","author":"Francisco Javier Fern\u00e1ndez Chento","date":"30\/04\/2017","format":false,"excerpt":"Mon tr\u00e8s cher fr\u00e8re, Je viens de recevoir votre lettre du 9 janvier et j\u2019apprends avec une bien vive peine la maladie de notre pauvre p\u00e8re. Je ne suis plus \u00e9tonn\u00e9 ni f\u00e2ch\u00e9 que vous ayez pour cette raison diff\u00e9r\u00e9 de mettre notre s\u0153ur au couvent. Je ne doute pas\u2026","rel":"","context":"Dans &quot;\u00c9crits de Jean-Gabriel Perboyre&quot;","block_context":{"text":"\u00c9crits de Jean-Gabriel Perboyre","link":"https:\/\/vincentians.com\/fr\/category\/ecrits-de-jean-gabriel-perboyre\/"},"img":{"alt_text":"","src":"https:\/\/i0.wp.com\/vincentians.com\/fr\/wp-content\/uploads\/sites\/10\/2016\/07\/cartas-perboyre.jpg?fit=1200%2C630&ssl=1&resize=350%2C200","width":350,"height":200,"srcset":"https:\/\/i0.wp.com\/vincentians.com\/fr\/wp-content\/uploads\/sites\/10\/2016\/07\/cartas-perboyre.jpg?fit=1200%2C630&ssl=1&resize=350%2C200 1x, https:\/\/i0.wp.com\/vincentians.com\/fr\/wp-content\/uploads\/sites\/10\/2016\/07\/cartas-perboyre.jpg?fit=1200%2C630&ssl=1&resize=525%2C300 1.5x, https:\/\/i0.wp.com\/vincentians.com\/fr\/wp-content\/uploads\/sites\/10\/2016\/07\/cartas-perboyre.jpg?fit=1200%2C630&ssl=1&resize=700%2C400 2x, https:\/\/i0.wp.com\/vincentians.com\/fr\/wp-content\/uploads\/sites\/10\/2016\/07\/cartas-perboyre.jpg?fit=1200%2C630&ssl=1&resize=1050%2C600 3x"},"classes":[]},{"id":104423,"url":"https:\/\/vincentians.com\/fr\/jean-gabriel-perboyre-lettre-014-a-son-frere-louis-a-paris\/","url_meta":{"origin":104470,"position":5},"title":"Jean-Gabriel Perboyre, Lettre 014. A son Fr\u00e8re Louis, \u00e0 Paris","author":"Francisco Javier Fern\u00e1ndez Chento","date":"09\/10\/2016","format":false,"excerpt":"Saint-Flour, le 16 ao\u00fbt 1828. Non, Mon tr\u00e8s cher fr\u00e8re, vous n\u2019aviez pas besoin d\u2019user de d\u00e9tours pour me proposer la bonne \u0153uvre dont il est question dans votre derni\u00e8re lettre. Si mon d\u00e9sint\u00e9ressement n\u2019\u00e9tait jamais soumis \u00e0 de plus fortes \u00e9preuves, mon m\u00e9rite ne serait pas grand de ce\u2026","rel":"","context":"Dans &quot;\u00c9crits de Jean-Gabriel Perboyre&quot;","block_context":{"text":"\u00c9crits de Jean-Gabriel Perboyre","link":"https:\/\/vincentians.com\/fr\/category\/ecrits-de-jean-gabriel-perboyre\/"},"img":{"alt_text":"","src":"https:\/\/i0.wp.com\/vincentians.com\/fr\/wp-content\/uploads\/sites\/10\/2016\/07\/cartas-perboyre.jpg?fit=1200%2C630&ssl=1&resize=350%2C200","width":350,"height":200,"srcset":"https:\/\/i0.wp.com\/vincentians.com\/fr\/wp-content\/uploads\/sites\/10\/2016\/07\/cartas-perboyre.jpg?fit=1200%2C630&ssl=1&resize=350%2C200 1x, https:\/\/i0.wp.com\/vincentians.com\/fr\/wp-content\/uploads\/sites\/10\/2016\/07\/cartas-perboyre.jpg?fit=1200%2C630&ssl=1&resize=525%2C300 1.5x, https:\/\/i0.wp.com\/vincentians.com\/fr\/wp-content\/uploads\/sites\/10\/2016\/07\/cartas-perboyre.jpg?fit=1200%2C630&ssl=1&resize=700%2C400 2x, https:\/\/i0.wp.com\/vincentians.com\/fr\/wp-content\/uploads\/sites\/10\/2016\/07\/cartas-perboyre.jpg?fit=1200%2C630&ssl=1&resize=1050%2C600 3x"},"classes":[]}],"_links":{"self":[{"href":"https:\/\/vincentians.com\/fr\/wp-json\/wp\/v2\/posts\/104470","targetHints":{"allow":["GET"]}}],"collection":[{"href":"https:\/\/vincentians.com\/fr\/wp-json\/wp\/v2\/posts"}],"about":[{"href":"https:\/\/vincentians.com\/fr\/wp-json\/wp\/v2\/types\/post"}],"author":[{"embeddable":true,"href":"https:\/\/vincentians.com\/fr\/wp-json\/wp\/v2\/users\/4"}],"replies":[{"embeddable":true,"href":"https:\/\/vincentians.com\/fr\/wp-json\/wp\/v2\/comments?post=104470"}],"version-history":[{"count":0,"href":"https:\/\/vincentians.com\/fr\/wp-json\/wp\/v2\/posts\/104470\/revisions"}],"wp:featuredmedia":[{"embeddable":true,"href":"https:\/\/vincentians.com\/fr\/wp-json\/wp\/v2\/media\/189778"}],"wp:attachment":[{"href":"https:\/\/vincentians.com\/fr\/wp-json\/wp\/v2\/media?parent=104470"}],"wp:term":[{"taxonomy":"category","embeddable":true,"href":"https:\/\/vincentians.com\/fr\/wp-json\/wp\/v2\/categories?post=104470"},{"taxonomy":"post_tag","embeddable":true,"href":"https:\/\/vincentians.com\/fr\/wp-json\/wp\/v2\/tags?post=104470"}],"curies":[{"name":"wp","href":"https:\/\/api.w.org\/{rel}","templated":true}]}}