{"id":104467,"date":"2017-01-15T04:00:58","date_gmt":"2017-01-15T03:00:58","guid":{"rendered":"http:\/\/vincentiens.org\/?p=104467"},"modified":"2016-08-11T21:52:29","modified_gmt":"2016-08-11T19:52:29","slug":"jean-gabriel-perboyre-lettre-028-a-son-cousin-m-caviole-cure-de-jussies-canton-de-catus","status":"publish","type":"post","link":"https:\/\/vincentians.com\/fr\/jean-gabriel-perboyre-lettre-028-a-son-cousin-m-caviole-cure-de-jussies-canton-de-catus\/","title":{"rendered":"Jean-Gabriel Perboyre, Lettre 028. A son Cousin M. Caviole, cur\u00e9 de Jussies, canton de Catus"},"content":{"rendered":"[Saint-Flour, le 20 janvier 1832]\n<p>Mon tr\u00e8s cher cousin,<\/p>\n<p>Nos jours s\u2019\u00e9coulent avec tant de rapidit\u00e9 que, sans que je m\u2019en sois aper\u00e7u, la nouvelle ann\u00e9e a commenc\u00e9 \u00e0 vieillir. Nous voil\u00e0 au 20 janvier et je ne vous ai pas transmis l\u2019expression de mes v\u0153ux. Vite, pr\u00e9venons au moins le 21\u00a0; appelons au secours la m\u00e9thode des enfants\u00a0: ouvrons quelque livre o\u00f9 l\u2019ouvrage se trouve tout fait. Pr\u00e9cis\u00e9ment, voici mes v\u0153ux\u00a0; les voici \u00e9crits depuis 18 si\u00e8cles. Vous voudrez bien, mon cher cousin, en faveur de leur anciennet\u00e9, excuser la fra\u00eeche date de ma tardive lettre\u00a0:<\/p>\n<p>\u00ab\u00a0<em>Deus autem meus impleat omne desiderium vestrum, secundum divitias suas, in gloria in Christo Jesu.<\/em> (ad Philipp. c. 4, v.\u00a019)<span id='easy-footnote-1-104467' class='easy-footnote-margin-adjust'><\/span><span class='easy-footnote'><a href='https:\/\/vincentians.com\/fr\/jean-gabriel-perboyre-lettre-028-a-son-cousin-m-caviole-cure-de-jussies-canton-de-catus\/#easy-footnote-bottom-1-104467' title='\u00ab\u00a0Et mon Dieu pourvoira \u00e0 tous vos besoins, selon sa richesse, avec gloire, dans le Christ J\u00e9sus\u00a0\u00bb (Phil. IV, 19).'><sup>1<\/sup><\/a><\/span> \u00bb.<\/p>\n<p>Ces sentiments que le Saint-Esprit inspirait \u00e0 saint Paul pour tous les chr\u00e9tiens, il les a depuis longtemps grav\u00e9s dans mon c\u0153ur pour vous. Je me garderai bien de souiller la saintet\u00e9 de ce souhait divin, en y ajoutant rien d\u2019humain. Je sais que vous en faites de semblables pour moi, et j\u2019ai d\u2019autant plus lieu de m\u2019en r\u00e9jouir que vous les adressez \u00e0 Dieu au moment o\u00f9 vous tenez entre vos mains Celui par lequel tout bien nous arrive. <em>Sta promissis<\/em>.<\/p>\n<p>Quand vous verrez M.\u00a0le cur\u00e9 de Catus, veuillez lui offrir mes souhaits de bonne ann\u00e9e avec l\u2019hommage de mon respectueux attachement.<\/p>\n<p>Je me porte mieux que quand nous nous sommes vus aux vacances. Il ne m\u2019a pas \u00e9t\u00e9 possible de changer de poste. Quoique le principal du coll\u00e8ge de Saint-Flour ait ouvert un nouveau pensionnat, le n\u00f4tre est plus nombreux que jamais, et le r\u00e9sultat de la concurrence est tout en notre faveur aux yeux des amis et des ennemis. Malheureusement nos enfants sont forc\u00e9s de fr\u00e9quenter les classes du coll\u00e8ge o\u00f9 ils voient tous les jours les turpitudes les plus abominables. H\u00e9las\u00a0!<\/p>\n<p>Cependant ils sont pleins de pi\u00e9t\u00e9 et anim\u00e9s du meilleur esprit\u00a0; ce que je regarde comme un vrai miracle dans l\u2019ordre de la gr\u00e2ce, \u00e9tant expos\u00e9s comme ils sont aux plus terribles dangers. Mon Dieu, ayez piti\u00e9 de nous et accordez-nous la libert\u00e9 d\u2019enseignement.<\/p>\n<p>Notre oncle de Montauban vient de m\u2019\u00e9crire qu\u2019il s\u2019est \u00e9lev\u00e9 un grand orage contre nos Messieurs de Cahors, \u00e0 cause des opinions Lamennaisiennes. J\u2019ai quelque peine \u00e0 le croire, soit parce que sa grande aversion pour M.\u00a0de La Mennais<span id='easy-footnote-2-104467' class='easy-footnote-margin-adjust'><\/span><span class='easy-footnote'><a href='https:\/\/vincentians.com\/fr\/jean-gabriel-perboyre-lettre-028-a-son-cousin-m-caviole-cure-de-jussies-canton-de-catus\/#easy-footnote-bottom-2-104467' title='\u00c9tant sup\u00e9rieur \u00e0 Saint-Flour, le saint avait adopt\u00e9 le syst\u00e8me de l\u2019abb\u00e9 de Lamennais, parce qu\u2019il le croyait propre \u00e0 contribuer au bien de l\u2019\u00c9glise. \u00ab\u00a0M.\u00a0Perboyre donna dans les id\u00e9es de Lamennais, disait un savant et pieux pr\u00e9lat qui, \u00e0 cette \u00e9poque, \u00e9tait tr\u00e8s li\u00e9 avec lui\u00a0: mais il le fit en saint, et il se trompa comme les saints, quand il leur arrive de se tromper.\u00a0\u00bb Il soutenait ses sentiments sous les yeux de l\u2019\u00e9v\u00eaque de Saint-Flour, qui, loin de le trouver mauvais, aimait \u00e0 s\u2019entretenir avec lui sur ces mati\u00e8res. Lorsqu\u2019il eut appris que ces doctrines avaient \u00e9t\u00e9 d\u00e9f\u00e9r\u00e9es \u00e0 la cour de Rome, il cessa d\u2019en parler, disant qu\u2019il fallait attendre, et que Rome mettrait fin \u00e0 toutes les incertitudes par le jugement qu\u2019elle prononcerait. Nous savons m\u00eame, de source certaine, que, quelque temps avant que l\u2019abb\u00e9 de Lamennais e\u00fbt \u00e9t\u00e9 frapp\u00e9 par le Pape, Dieu lui avait fait conna\u00eetre dans son oraison tout ce qu\u2019il y avait de faux dans ces doctrines. Par suite de cette connaissance, il avait dit \u00e0 un eccl\u00e9siastique qu\u2019elles seraient condamn\u00e9es\u00a0; il lui avait m\u00eame indiqu\u00e9 les motifs sur lesquels se fonderait le Souverain-Pontife. Plus tard ce pr\u00eatre, ayant lu l\u2019encyclique de Gr\u00e9goire XVI, fut saisi d\u2019un profond \u00e9tonnement lorsqu\u2019il y trouva toutes les raisons qui lui avaient \u00e9t\u00e9 donn\u00e9es par le serviteur de Dieu.&lt;\/p&gt;\n&lt;p&gt;D\u00e8s que M.\u00a0Perboyre connut la sentence fulmin\u00e9e contre les doctrines de Lamennais, il y souscrivit de c\u0153ur et d\u2019esprit, et il en b\u00e9nit le Seigneur. Comme quelques pr\u00eatres pr\u00e9tendaient que cette condamnation ne portait pas sur Lamennais, il travailla fortement \u00e0 les \u00e9clairer, et leur dit que ce qu\u2019ils avaient de mieux \u00e0 faire, c\u2019\u00e9tait de rejeter enti\u00e8rement tout ce que le Souverain-Pontife avait rejet\u00e9. D\u2019autres pr\u00eatres \u00e9taient choqu\u00e9s de certaines expressions de l\u2019encyclique\u00a0; il leur semblait que Lamennais et ses partisans y \u00e9taient trait\u00e9s un peu durement, et ils lui en t\u00e9moignaient leur surprise\u00a0; mais il s\u2019empressa de leur montrer combien ils avaient tort, et termina par ces mots\u00a0: \u00ab\u00a0Prions Dieu qu\u2019il nous pr\u00e9serve de jamais trouver \u00e0 redire aux paroles du Souverain-Pontife\u00a0; c\u2019est \u00e0 lui que J\u00e9sus-Christ \u00e0 dit\u00a0: &lt;em&gt;Vous \u00eates Pierre, et sur cette pierre j\u2019\u00e9tablirai mon \u00c9glise et les portes de l\u2019enfer ne pr\u00e9vaudront pas contre elle.&lt;\/em&gt; Recevons les paroles du Saint-P\u00e8re comme nous recevrions les paroles m\u00eames de J\u00e9sus-Christ\u00a0; car c\u2019est J\u00e9sus-Christ lui-m\u00eame qui parle par sa bouche, et si ce divin Sauveur en parlant de ses disciples nous a dit\u00a0: Qui vous \u00e9coute, m\u2019\u00e9coute, et qui vous m\u00e9prise, me m\u00e9prise, \u00e0 combien plus forte raison le m\u00e9priserions-nous, si nous ne recevions pas avec respect et avec humilit\u00e9, les paroles de celui qui est son image vivante sur la terre.\u00a0\u00bb (Cf. Vauris, &lt;em&gt;op. cit.&lt;\/em&gt; p. 289).'><sup>2<\/sup><\/a><\/span> aurait bien pu le faire tomber dans l\u2019exag\u00e9ration, soit parce que nos confr\u00e8res sont tr\u00e8s r\u00e9serv\u00e9s \u00e0 cet \u00e9gard. Et comment poursuivrait-on des hommes qui ne croient avoir que les opinions du Saint-Si\u00e8ge, et qui y tiennent dans leur c\u0153ur jusqu\u2019\u00e0 ce que le Saint-Si\u00e8ge ait prononc\u00e9 qu\u2019ils se trompent. Vous \u00eates bien \u00e0 port\u00e9e de conna\u00eetre la v\u00e9rit\u00e9, allant souvent \u00e0 Cahors. Voudriez-vous me dire ce qu\u2019il en est\u00a0?<\/p>\n<p>J\u2019ai lu les deux premiers num\u00e9ros de la Gazette du Clerg\u00e9. Elle se rapproche beaucoup de l\u2019Avenir pour le fond des doctrines, mais elle est plus mod\u00e9r\u00e9e et plus douce dans les formes, et lui est bien inf\u00e9rieure sous le rapport du talent de la r\u00e9daction. Je vous apprendrai que les c\u00e9l\u00e8bres p\u00e8lerins sont arriv\u00e9s \u00e0 Rome. Ils y passeront un mois avant de se pr\u00e9senter devant le Pape, pour voir en attendant quel est l\u2019air du bureau. M.\u00a0de La Mennais a \u00e9t\u00e9 tr\u00e8s fatigu\u00e9 du voyage. D\u00e8s que le l\u00e9gat de Florence le sut arriv\u00e9 dans cette ville, il s\u2019empressa de l\u2019inviter \u00e0 d\u00eener, et il le re\u00e7ut de la mani\u00e8re la plus brillante au milieu des convives les plus distingu\u00e9s. Vous apprendrez avec plaisir que l\u2019auteur de l\u2019Essai sur l\u2019indiff\u00e9rence a compos\u00e9 un essai sur la philosophie catholique, qui, dit-on, \u00e9clipsera tous ses autres ouvrages. Mais avant de le faire para\u00eetre, il veut vider la querelle de l\u2019Avenir. Pendant la suspension du journal, M.\u00a0l\u2019abb\u00e9 Gerbet s\u2019occupera \u00e0 donner des le\u00e7ons publiques de philosophie, mais dans le grand genre. Ses conf\u00e9rences seront imprim\u00e9es et on pourra s\u2019y abonner. MM.\u00a0de Coux et d\u2019Auls-Dumesnil donneront des le\u00e7ons d\u2019\u00e9conomie politique et de litt\u00e9rature. Je dois vous ennuyer, mon tr\u00e8s cher cousin, par mon long bavardage. Je vous laisse donc \u00e0 vos saintes occupations. Je me recommande de nouveau \u00e0 vos saints Sacrifices, et vous prie d\u2019agr\u00e9er les sentiments de respect et d\u2019amiti\u00e9 avec lesquels je serai toujours.<\/p>\n<p>Votre tr\u00e8s humble et tr\u00e8s ob\u00e9issant serviteur,<\/p>\n<p>J.G. Perboyre ind. p. d. l. m.<\/p>\n","protected":false},"excerpt":{"rendered":"<p>[Saint-Flour, le 20 janvier 1832] Mon tr\u00e8s cher cousin, Nos jours s\u2019\u00e9coulent avec tant de rapidit\u00e9 que, sans que je m\u2019en sois aper\u00e7u, la nouvelle ann\u00e9e a commenc\u00e9 \u00e0 vieillir. Nous voil\u00e0 au 20 janvier &#8230; <a href=\"https:\/\/vincentians.com\/fr\/jean-gabriel-perboyre-lettre-028-a-son-cousin-m-caviole-cure-de-jussies-canton-de-catus\/\" class=\"more-link\">Read More<\/a><\/p>\n","protected":false},"author":4,"featured_media":189778,"comment_status":"open","ping_status":"open","sticky":false,"template":"","format":"standard","meta":{"jetpack_post_was_ever_published":false,"_jetpack_newsletter_access":"","_jetpack_dont_email_post_to_subs":false,"_jetpack_newsletter_tier_id":0,"_jetpack_memberships_contains_paywalled_content":false,"_jetpack_memberships_contains_paid_content":false,"footnotes":"","jetpack_publicize_message":"","jetpack_publicize_feature_enabled":true,"jetpack_social_post_already_shared":true,"jetpack_social_options":{"image_generator_settings":{"template":"highway","default_image_id":0,"font":"","enabled":false},"version":2}},"categories":[114],"tags":[],"class_list":["post-104467","post","type-post","status-publish","format-standard","has-post-thumbnail","hentry","category-ecrits-de-jean-gabriel-perboyre"],"yoast_head":"<!-- This site is optimized with the Yoast SEO plugin v26.3 - https:\/\/yoast.com\/wordpress\/plugins\/seo\/ -->\n<title>Jean-Gabriel Perboyre, Lettre 028. A son Cousin M. Caviole, cur\u00e9 de Jussies, canton de Catus - Nous Sommes Vincentiens<\/title>\n<meta name=\"robots\" content=\"index, follow, max-snippet:-1, max-image-preview:large, max-video-preview:-1\" \/>\n<link rel=\"canonical\" href=\"https:\/\/vincentians.com\/fr\/jean-gabriel-perboyre-lettre-028-a-son-cousin-m-caviole-cure-de-jussies-canton-de-catus\/\" \/>\n<meta property=\"og:locale\" content=\"fr_FR\" \/>\n<meta property=\"og:type\" content=\"article\" \/>\n<meta property=\"og:title\" content=\"Jean-Gabriel Perboyre, Lettre 028. A son Cousin M. Caviole, cur\u00e9 de Jussies, canton de Catus - Nous Sommes Vincentiens\" \/>\n<meta property=\"og:description\" content=\"[Saint-Flour, le 20 janvier 1832] Mon tr\u00e8s cher cousin, Nos jours s\u2019\u00e9coulent avec tant de rapidit\u00e9 que, sans que je m\u2019en sois aper\u00e7u, la nouvelle ann\u00e9e a commenc\u00e9 \u00e0 vieillir. Nous voil\u00e0 au 20 janvier ... Read More\" \/>\n<meta property=\"og:url\" content=\"https:\/\/vincentians.com\/fr\/jean-gabriel-perboyre-lettre-028-a-son-cousin-m-caviole-cure-de-jussies-canton-de-catus\/\" \/>\n<meta property=\"og:site_name\" content=\"Nous Sommes Vincentiens\" \/>\n<meta property=\"article:publisher\" content=\"https:\/\/www.facebook.com\/WeAreVincentians\/\" \/>\n<meta property=\"article:author\" content=\"https:\/\/www.facebook.com\/JavierChento\" \/>\n<meta property=\"article:published_time\" content=\"2017-01-15T03:00:58+00:00\" \/>\n<meta property=\"og:image\" content=\"https:\/\/i0.wp.com\/vincentians.com\/fr\/wp-content\/uploads\/sites\/10\/2016\/07\/cartas-perboyre.jpg?fit=1200%2C630&ssl=1\" \/>\n\t<meta property=\"og:image:width\" content=\"1200\" \/>\n\t<meta property=\"og:image:height\" content=\"630\" \/>\n\t<meta property=\"og:image:type\" content=\"image\/jpeg\" \/>\n<meta name=\"author\" content=\"Francisco Javier Fern\u00e1ndez Chento\" \/>\n<meta name=\"twitter:card\" content=\"summary_large_image\" \/>\n<meta name=\"twitter:creator\" content=\"@https:\/\/twitter.com\/javierchento\" \/>\n<meta name=\"twitter:site\" content=\"@WeVincentians\" \/>\n<meta name=\"twitter:label1\" content=\"\u00c9crit par\" \/>\n\t<meta name=\"twitter:data1\" content=\"Francisco Javier Fern\u00e1ndez Chento\" \/>\n\t<meta name=\"twitter:label2\" content=\"Dur\u00e9e de lecture estim\u00e9e\" \/>\n\t<meta name=\"twitter:data2\" content=\"7 minutes\" \/>\n<script type=\"application\/ld+json\" class=\"yoast-schema-graph\">{\"@context\":\"https:\/\/schema.org\",\"@graph\":[{\"@type\":\"WebPage\",\"@id\":\"https:\/\/vincentians.com\/fr\/jean-gabriel-perboyre-lettre-028-a-son-cousin-m-caviole-cure-de-jussies-canton-de-catus\/\",\"url\":\"https:\/\/vincentians.com\/fr\/jean-gabriel-perboyre-lettre-028-a-son-cousin-m-caviole-cure-de-jussies-canton-de-catus\/\",\"name\":\"Jean-Gabriel Perboyre, Lettre 028. A son Cousin M. Caviole, cur\u00e9 de Jussies, canton de Catus - Nous Sommes Vincentiens\",\"isPartOf\":{\"@id\":\"http:\/\/vincentians.com\/fr\/#website\"},\"primaryImageOfPage\":{\"@id\":\"https:\/\/vincentians.com\/fr\/jean-gabriel-perboyre-lettre-028-a-son-cousin-m-caviole-cure-de-jussies-canton-de-catus\/#primaryimage\"},\"image\":{\"@id\":\"https:\/\/vincentians.com\/fr\/jean-gabriel-perboyre-lettre-028-a-son-cousin-m-caviole-cure-de-jussies-canton-de-catus\/#primaryimage\"},\"thumbnailUrl\":\"https:\/\/i0.wp.com\/vincentians.com\/fr\/wp-content\/uploads\/sites\/10\/2016\/07\/cartas-perboyre.jpg?fit=1200%2C630&ssl=1\",\"datePublished\":\"2017-01-15T03:00:58+00:00\",\"author\":{\"@id\":\"http:\/\/vincentians.com\/fr\/#\/schema\/person\/9623ef4d9aa3b2dfb8c061f1499288f2\"},\"breadcrumb\":{\"@id\":\"https:\/\/vincentians.com\/fr\/jean-gabriel-perboyre-lettre-028-a-son-cousin-m-caviole-cure-de-jussies-canton-de-catus\/#breadcrumb\"},\"inLanguage\":\"fr-FR\",\"potentialAction\":[{\"@type\":\"ReadAction\",\"target\":[\"https:\/\/vincentians.com\/fr\/jean-gabriel-perboyre-lettre-028-a-son-cousin-m-caviole-cure-de-jussies-canton-de-catus\/\"]}]},{\"@type\":\"ImageObject\",\"inLanguage\":\"fr-FR\",\"@id\":\"https:\/\/vincentians.com\/fr\/jean-gabriel-perboyre-lettre-028-a-son-cousin-m-caviole-cure-de-jussies-canton-de-catus\/#primaryimage\",\"url\":\"https:\/\/i0.wp.com\/vincentians.com\/fr\/wp-content\/uploads\/sites\/10\/2016\/07\/cartas-perboyre.jpg?fit=1200%2C630&ssl=1\",\"contentUrl\":\"https:\/\/i0.wp.com\/vincentians.com\/fr\/wp-content\/uploads\/sites\/10\/2016\/07\/cartas-perboyre.jpg?fit=1200%2C630&ssl=1\",\"width\":1200,\"height\":630},{\"@type\":\"BreadcrumbList\",\"@id\":\"https:\/\/vincentians.com\/fr\/jean-gabriel-perboyre-lettre-028-a-son-cousin-m-caviole-cure-de-jussies-canton-de-catus\/#breadcrumb\",\"itemListElement\":[{\"@type\":\"ListItem\",\"position\":1,\"name\":\"Portada\",\"item\":\"http:\/\/vincentians.com\/fr\/\"},{\"@type\":\"ListItem\",\"position\":2,\"name\":\"Jean-Gabriel Perboyre, Lettre 028. A son Cousin M. Caviole, cur\u00e9 de Jussies, canton de Catus\"}]},{\"@type\":\"WebSite\",\"@id\":\"http:\/\/vincentians.com\/fr\/#website\",\"url\":\"http:\/\/vincentians.com\/fr\/\",\"name\":\"Nous Sommes Vincentiens\",\"description\":\"Know more to serve more\",\"potentialAction\":[{\"@type\":\"SearchAction\",\"target\":{\"@type\":\"EntryPoint\",\"urlTemplate\":\"http:\/\/vincentians.com\/fr\/?s={search_term_string}\"},\"query-input\":{\"@type\":\"PropertyValueSpecification\",\"valueRequired\":true,\"valueName\":\"search_term_string\"}}],\"inLanguage\":\"fr-FR\"},{\"@type\":\"Person\",\"@id\":\"http:\/\/vincentians.com\/fr\/#\/schema\/person\/9623ef4d9aa3b2dfb8c061f1499288f2\",\"name\":\"Francisco Javier Fern\u00e1ndez Chento\",\"image\":{\"@type\":\"ImageObject\",\"inLanguage\":\"fr-FR\",\"@id\":\"http:\/\/vincentians.com\/fr\/#\/schema\/person\/image\/\",\"url\":\"https:\/\/secure.gravatar.com\/avatar\/497d5cde87b4c3d097d0315953521681ba2cd523ee66e5077c3711f7021e65de?s=96&d=mm&r=g\",\"contentUrl\":\"https:\/\/secure.gravatar.com\/avatar\/497d5cde87b4c3d097d0315953521681ba2cd523ee66e5077c3711f7021e65de?s=96&d=mm&r=g\",\"caption\":\"Francisco Javier Fern\u00e1ndez Chento\"},\"description\":\"Director General y cofundador de La Red de Formaci\u00f3n Vicenciana. Javier es laico vicenciano, afiliado a la Congregaci\u00f3n de la Misi\u00f3n y miembro del Equipo de Misiones Populares de la provincia can\u00f3nica de Zaragoza (Espa\u00f1a) de la Congregaci\u00f3n de la Misi\u00f3n. Graduado en la Universidad Oberta de Catalunya con cuatro grados (Asistente de direcci\u00f3n, Gesti\u00f3n Administrativa, Recursos Humanos y Contabilidad Avanzada). Bil\u00edng\u00fce Espa\u00f1ol\/Ingl\u00e9s. gestiona y mantiene varias p\u00e1ginas web cristianas y vicencianas, incluida including La Red de Formaci\u00f3n Vicenciana, de la que es cofundador. Actualmente es responsable del \u00e1rea de Espa\u00f1ol de .famvin, la Red de Noticias de la Familia Vicenciana. Tambi\u00e9n es m\u00fasico cat\u00f3lico y ha editado varios discos. Es Director General y cofundador de Trovador, una reconocida compa\u00f1\u00eda discogr\u00e1fica critiana de Espa\u00f1a. Trabaja en las Tecnolog\u00edas de la Informaci\u00f3n, ofreciendo servicios de alojamiento, dise\u00f1o y mantenimiento Web, as\u00ed como asesoramiento, formaci\u00f3n y soluciones inform\u00e1ticas, gesti\u00f3n documental y digitalizaci\u00f3n de textos, edici\u00f3n y maquetaci\u00f3n de libros, revistas, flyers, etc.\",\"sameAs\":[\"http:\/\/chento.org\",\"https:\/\/www.facebook.com\/JavierChento\",\"https:\/\/x.com\/https:\/\/twitter.com\/javierchento\"],\"url\":\"https:\/\/vincentians.com\/fr\/author\/chento\/\"}]}<\/script>\n<!-- \/ Yoast SEO plugin. -->","yoast_head_json":{"title":"Jean-Gabriel Perboyre, Lettre 028. A son Cousin M. Caviole, cur\u00e9 de Jussies, canton de Catus - Nous Sommes Vincentiens","robots":{"index":"index","follow":"follow","max-snippet":"max-snippet:-1","max-image-preview":"max-image-preview:large","max-video-preview":"max-video-preview:-1"},"canonical":"https:\/\/vincentians.com\/fr\/jean-gabriel-perboyre-lettre-028-a-son-cousin-m-caviole-cure-de-jussies-canton-de-catus\/","og_locale":"fr_FR","og_type":"article","og_title":"Jean-Gabriel Perboyre, Lettre 028. A son Cousin M. Caviole, cur\u00e9 de Jussies, canton de Catus - Nous Sommes Vincentiens","og_description":"[Saint-Flour, le 20 janvier 1832] Mon tr\u00e8s cher cousin, Nos jours s\u2019\u00e9coulent avec tant de rapidit\u00e9 que, sans que je m\u2019en sois aper\u00e7u, la nouvelle ann\u00e9e a commenc\u00e9 \u00e0 vieillir. Nous voil\u00e0 au 20 janvier ... Read More","og_url":"https:\/\/vincentians.com\/fr\/jean-gabriel-perboyre-lettre-028-a-son-cousin-m-caviole-cure-de-jussies-canton-de-catus\/","og_site_name":"Nous Sommes Vincentiens","article_publisher":"https:\/\/www.facebook.com\/WeAreVincentians\/","article_author":"https:\/\/www.facebook.com\/JavierChento","article_published_time":"2017-01-15T03:00:58+00:00","og_image":[{"width":1200,"height":630,"url":"https:\/\/i0.wp.com\/vincentians.com\/fr\/wp-content\/uploads\/sites\/10\/2016\/07\/cartas-perboyre.jpg?fit=1200%2C630&ssl=1","type":"image\/jpeg"}],"author":"Francisco Javier Fern\u00e1ndez Chento","twitter_card":"summary_large_image","twitter_creator":"@https:\/\/twitter.com\/javierchento","twitter_site":"@WeVincentians","twitter_misc":{"\u00c9crit par":"Francisco Javier Fern\u00e1ndez Chento","Dur\u00e9e de lecture estim\u00e9e":"7 minutes"},"schema":{"@context":"https:\/\/schema.org","@graph":[{"@type":"WebPage","@id":"https:\/\/vincentians.com\/fr\/jean-gabriel-perboyre-lettre-028-a-son-cousin-m-caviole-cure-de-jussies-canton-de-catus\/","url":"https:\/\/vincentians.com\/fr\/jean-gabriel-perboyre-lettre-028-a-son-cousin-m-caviole-cure-de-jussies-canton-de-catus\/","name":"Jean-Gabriel Perboyre, Lettre 028. A son Cousin M. Caviole, cur\u00e9 de Jussies, canton de Catus - Nous Sommes Vincentiens","isPartOf":{"@id":"http:\/\/vincentians.com\/fr\/#website"},"primaryImageOfPage":{"@id":"https:\/\/vincentians.com\/fr\/jean-gabriel-perboyre-lettre-028-a-son-cousin-m-caviole-cure-de-jussies-canton-de-catus\/#primaryimage"},"image":{"@id":"https:\/\/vincentians.com\/fr\/jean-gabriel-perboyre-lettre-028-a-son-cousin-m-caviole-cure-de-jussies-canton-de-catus\/#primaryimage"},"thumbnailUrl":"https:\/\/i0.wp.com\/vincentians.com\/fr\/wp-content\/uploads\/sites\/10\/2016\/07\/cartas-perboyre.jpg?fit=1200%2C630&ssl=1","datePublished":"2017-01-15T03:00:58+00:00","author":{"@id":"http:\/\/vincentians.com\/fr\/#\/schema\/person\/9623ef4d9aa3b2dfb8c061f1499288f2"},"breadcrumb":{"@id":"https:\/\/vincentians.com\/fr\/jean-gabriel-perboyre-lettre-028-a-son-cousin-m-caviole-cure-de-jussies-canton-de-catus\/#breadcrumb"},"inLanguage":"fr-FR","potentialAction":[{"@type":"ReadAction","target":["https:\/\/vincentians.com\/fr\/jean-gabriel-perboyre-lettre-028-a-son-cousin-m-caviole-cure-de-jussies-canton-de-catus\/"]}]},{"@type":"ImageObject","inLanguage":"fr-FR","@id":"https:\/\/vincentians.com\/fr\/jean-gabriel-perboyre-lettre-028-a-son-cousin-m-caviole-cure-de-jussies-canton-de-catus\/#primaryimage","url":"https:\/\/i0.wp.com\/vincentians.com\/fr\/wp-content\/uploads\/sites\/10\/2016\/07\/cartas-perboyre.jpg?fit=1200%2C630&ssl=1","contentUrl":"https:\/\/i0.wp.com\/vincentians.com\/fr\/wp-content\/uploads\/sites\/10\/2016\/07\/cartas-perboyre.jpg?fit=1200%2C630&ssl=1","width":1200,"height":630},{"@type":"BreadcrumbList","@id":"https:\/\/vincentians.com\/fr\/jean-gabriel-perboyre-lettre-028-a-son-cousin-m-caviole-cure-de-jussies-canton-de-catus\/#breadcrumb","itemListElement":[{"@type":"ListItem","position":1,"name":"Portada","item":"http:\/\/vincentians.com\/fr\/"},{"@type":"ListItem","position":2,"name":"Jean-Gabriel Perboyre, Lettre 028. A son Cousin M. Caviole, cur\u00e9 de Jussies, canton de Catus"}]},{"@type":"WebSite","@id":"http:\/\/vincentians.com\/fr\/#website","url":"http:\/\/vincentians.com\/fr\/","name":"Nous Sommes Vincentiens","description":"Know more to serve more","potentialAction":[{"@type":"SearchAction","target":{"@type":"EntryPoint","urlTemplate":"http:\/\/vincentians.com\/fr\/?s={search_term_string}"},"query-input":{"@type":"PropertyValueSpecification","valueRequired":true,"valueName":"search_term_string"}}],"inLanguage":"fr-FR"},{"@type":"Person","@id":"http:\/\/vincentians.com\/fr\/#\/schema\/person\/9623ef4d9aa3b2dfb8c061f1499288f2","name":"Francisco Javier Fern\u00e1ndez Chento","image":{"@type":"ImageObject","inLanguage":"fr-FR","@id":"http:\/\/vincentians.com\/fr\/#\/schema\/person\/image\/","url":"https:\/\/secure.gravatar.com\/avatar\/497d5cde87b4c3d097d0315953521681ba2cd523ee66e5077c3711f7021e65de?s=96&d=mm&r=g","contentUrl":"https:\/\/secure.gravatar.com\/avatar\/497d5cde87b4c3d097d0315953521681ba2cd523ee66e5077c3711f7021e65de?s=96&d=mm&r=g","caption":"Francisco Javier Fern\u00e1ndez Chento"},"description":"Director General y cofundador de La Red de Formaci\u00f3n Vicenciana. Javier es laico vicenciano, afiliado a la Congregaci\u00f3n de la Misi\u00f3n y miembro del Equipo de Misiones Populares de la provincia can\u00f3nica de Zaragoza (Espa\u00f1a) de la Congregaci\u00f3n de la Misi\u00f3n. Graduado en la Universidad Oberta de Catalunya con cuatro grados (Asistente de direcci\u00f3n, Gesti\u00f3n Administrativa, Recursos Humanos y Contabilidad Avanzada). Bil\u00edng\u00fce Espa\u00f1ol\/Ingl\u00e9s. gestiona y mantiene varias p\u00e1ginas web cristianas y vicencianas, incluida including La Red de Formaci\u00f3n Vicenciana, de la que es cofundador. Actualmente es responsable del \u00e1rea de Espa\u00f1ol de .famvin, la Red de Noticias de la Familia Vicenciana. Tambi\u00e9n es m\u00fasico cat\u00f3lico y ha editado varios discos. Es Director General y cofundador de Trovador, una reconocida compa\u00f1\u00eda discogr\u00e1fica critiana de Espa\u00f1a. Trabaja en las Tecnolog\u00edas de la Informaci\u00f3n, ofreciendo servicios de alojamiento, dise\u00f1o y mantenimiento Web, as\u00ed como asesoramiento, formaci\u00f3n y soluciones inform\u00e1ticas, gesti\u00f3n documental y digitalizaci\u00f3n de textos, edici\u00f3n y maquetaci\u00f3n de libros, revistas, flyers, etc.","sameAs":["http:\/\/chento.org","https:\/\/www.facebook.com\/JavierChento","https:\/\/x.com\/https:\/\/twitter.com\/javierchento"],"url":"https:\/\/vincentians.com\/fr\/author\/chento\/"}]}},"jetpack_publicize_connections":[],"jetpack_featured_media_url":"https:\/\/i0.wp.com\/vincentians.com\/fr\/wp-content\/uploads\/sites\/10\/2016\/07\/cartas-perboyre.jpg?fit=1200%2C630&ssl=1","jetpack_sharing_enabled":true,"jetpack_shortlink":"https:\/\/wp.me\/p7ETMP-raX","jetpack-related-posts":[{"id":107178,"url":"https:\/\/vincentians.com\/fr\/jean-gabriel-perboyre-lettre-053-a-son-oncle-a-montauban\/","url_meta":{"origin":104467,"position":0},"title":"Jean-Gabriel Perboyre, Lettre 053. A son Oncle, \u00e0 Montauban","author":"Francisco Javier Fern\u00e1ndez Chento","date":"09\/07\/2017","format":false,"excerpt":"Paris, le 3 janvier 1835. Mon tr\u00e8s cher oncle, Il y a quelques jours que je vous ai exp\u00e9di\u00e9 sous bande, par la poste, la circulaire de la nouvelle ann\u00e9e. Je pense que vous l\u2019aurez re\u00e7ue. J\u2019ai bien regrett\u00e9 de n\u2019avoir pas pu l\u2019accompagner d\u2019une lettre pour vous exprimer mes\u2026","rel":"","context":"Dans &quot;\u00c9crits de Jean-Gabriel Perboyre&quot;","block_context":{"text":"\u00c9crits de Jean-Gabriel Perboyre","link":"https:\/\/vincentians.com\/fr\/category\/ecrits-de-jean-gabriel-perboyre\/"},"img":{"alt_text":"","src":"https:\/\/i0.wp.com\/vincentians.com\/fr\/wp-content\/uploads\/sites\/10\/2016\/07\/cartas-perboyre.jpg?fit=1200%2C630&ssl=1&resize=350%2C200","width":350,"height":200,"srcset":"https:\/\/i0.wp.com\/vincentians.com\/fr\/wp-content\/uploads\/sites\/10\/2016\/07\/cartas-perboyre.jpg?fit=1200%2C630&ssl=1&resize=350%2C200 1x, https:\/\/i0.wp.com\/vincentians.com\/fr\/wp-content\/uploads\/sites\/10\/2016\/07\/cartas-perboyre.jpg?fit=1200%2C630&ssl=1&resize=525%2C300 1.5x, https:\/\/i0.wp.com\/vincentians.com\/fr\/wp-content\/uploads\/sites\/10\/2016\/07\/cartas-perboyre.jpg?fit=1200%2C630&ssl=1&resize=700%2C400 2x, https:\/\/i0.wp.com\/vincentians.com\/fr\/wp-content\/uploads\/sites\/10\/2016\/07\/cartas-perboyre.jpg?fit=1200%2C630&ssl=1&resize=1050%2C600 3x"},"classes":[]},{"id":105040,"url":"https:\/\/vincentians.com\/fr\/jean-gabriel-perboyre-lettre-035-a-son-cousin-a-montgesty\/","url_meta":{"origin":104467,"position":1},"title":"Jean-Gabriel Perboyre, Lettre 035. A son Cousin, \u00e0 Montgesty","author":"Francisco Javier Fern\u00e1ndez Chento","date":"05\/03\/2017","format":false,"excerpt":"[1833] Mon tr\u00e8s cher cousin, J\u2019ai re\u00e7u votre lettre avec plaisir, mais je regrette que vous ne me parliez pas de votre sant\u00e9. J\u2019ai appris qu\u2019elle \u00e9tait en tr\u00e8s mauvais \u00e9tat. Il me tarde de savoir si vous allez mieux. T\u00e2chez de vous soigner de mani\u00e8re \u00e0 vous bien r\u00e9tablir.\u2026","rel":"","context":"Dans &quot;\u00c9crits de Jean-Gabriel Perboyre&quot;","block_context":{"text":"\u00c9crits de Jean-Gabriel Perboyre","link":"https:\/\/vincentians.com\/fr\/category\/ecrits-de-jean-gabriel-perboyre\/"},"img":{"alt_text":"","src":"https:\/\/i0.wp.com\/vincentians.com\/fr\/wp-content\/uploads\/sites\/10\/2016\/07\/cartas-perboyre.jpg?fit=1200%2C630&ssl=1&resize=350%2C200","width":350,"height":200,"srcset":"https:\/\/i0.wp.com\/vincentians.com\/fr\/wp-content\/uploads\/sites\/10\/2016\/07\/cartas-perboyre.jpg?fit=1200%2C630&ssl=1&resize=350%2C200 1x, https:\/\/i0.wp.com\/vincentians.com\/fr\/wp-content\/uploads\/sites\/10\/2016\/07\/cartas-perboyre.jpg?fit=1200%2C630&ssl=1&resize=525%2C300 1.5x, https:\/\/i0.wp.com\/vincentians.com\/fr\/wp-content\/uploads\/sites\/10\/2016\/07\/cartas-perboyre.jpg?fit=1200%2C630&ssl=1&resize=700%2C400 2x, https:\/\/i0.wp.com\/vincentians.com\/fr\/wp-content\/uploads\/sites\/10\/2016\/07\/cartas-perboyre.jpg?fit=1200%2C630&ssl=1&resize=1050%2C600 3x"},"classes":[]},{"id":104418,"url":"https:\/\/vincentians.com\/fr\/jean-gabriel-perboyre-lettre-009-a-son-frere-louis\/","url_meta":{"origin":104467,"position":2},"title":"Jean-Gabriel Perboyre, Lettre 009. A son Fr\u00e8re Louis","author":"Francisco Javier Fern\u00e1ndez Chento","date":"04\/09\/2016","format":false,"excerpt":"Saint-Flour, le 31 octobre 1827 Mon tr\u00e8s cher fr\u00e8re, La gr\u00e2ce de N. S. soit toujours avec nous. Le d\u00e9part de M.\u00a0Trippier m\u2019offre l\u2019occasion la plus favorable pour r\u00e9pondre \u00e0 votre derni\u00e8re lettre\u00a0; mais tous ses [soucis] dont il me laisse h\u00e9ritier ne me permettent pas de m\u2019entretenir longtemps avec\u2026","rel":"","context":"Dans &quot;\u00c9crits de Jean-Gabriel Perboyre&quot;","block_context":{"text":"\u00c9crits de Jean-Gabriel Perboyre","link":"https:\/\/vincentians.com\/fr\/category\/ecrits-de-jean-gabriel-perboyre\/"},"img":{"alt_text":"","src":"https:\/\/i0.wp.com\/vincentians.com\/fr\/wp-content\/uploads\/sites\/10\/2016\/07\/cartas-perboyre.jpg?fit=1200%2C630&ssl=1&resize=350%2C200","width":350,"height":200,"srcset":"https:\/\/i0.wp.com\/vincentians.com\/fr\/wp-content\/uploads\/sites\/10\/2016\/07\/cartas-perboyre.jpg?fit=1200%2C630&ssl=1&resize=350%2C200 1x, https:\/\/i0.wp.com\/vincentians.com\/fr\/wp-content\/uploads\/sites\/10\/2016\/07\/cartas-perboyre.jpg?fit=1200%2C630&ssl=1&resize=525%2C300 1.5x, https:\/\/i0.wp.com\/vincentians.com\/fr\/wp-content\/uploads\/sites\/10\/2016\/07\/cartas-perboyre.jpg?fit=1200%2C630&ssl=1&resize=700%2C400 2x, https:\/\/i0.wp.com\/vincentians.com\/fr\/wp-content\/uploads\/sites\/10\/2016\/07\/cartas-perboyre.jpg?fit=1200%2C630&ssl=1&resize=1050%2C600 3x"},"classes":[]},{"id":104479,"url":"https:\/\/vincentians.com\/fr\/jean-gabriel-perboyre-lettre-027-a-son-cousin-a-montgesty\/","url_meta":{"origin":104467,"position":3},"title":"Jean-Gabriel Perboyre, Lettre 027. A son Cousin, \u00e0 Montgesty","author":"Francisco Javier Fern\u00e1ndez Chento","date":"08\/01\/2017","format":false,"excerpt":"Mon cher cousin, Vos lettres m\u2019ont fait un bien sensible plaisir. Je vous en remercie comme d\u2019autant de cadeaux. Je regrette que mes occupations ne m\u2019aient pas permis de vous r\u00e9pondre plus t\u00f4t et plus souvent. Maintenant nous sommes en vacances\u00a0; j\u2019allais vous \u00e9crire par la poste, si je n\u2019avais\u2026","rel":"","context":"Dans &quot;\u00c9crits de Jean-Gabriel Perboyre&quot;","block_context":{"text":"\u00c9crits de Jean-Gabriel Perboyre","link":"https:\/\/vincentians.com\/fr\/category\/ecrits-de-jean-gabriel-perboyre\/"},"img":{"alt_text":"","src":"https:\/\/i0.wp.com\/vincentians.com\/fr\/wp-content\/uploads\/sites\/10\/2016\/07\/cartas-perboyre.jpg?fit=1200%2C630&ssl=1&resize=350%2C200","width":350,"height":200,"srcset":"https:\/\/i0.wp.com\/vincentians.com\/fr\/wp-content\/uploads\/sites\/10\/2016\/07\/cartas-perboyre.jpg?fit=1200%2C630&ssl=1&resize=350%2C200 1x, https:\/\/i0.wp.com\/vincentians.com\/fr\/wp-content\/uploads\/sites\/10\/2016\/07\/cartas-perboyre.jpg?fit=1200%2C630&ssl=1&resize=525%2C300 1.5x, https:\/\/i0.wp.com\/vincentians.com\/fr\/wp-content\/uploads\/sites\/10\/2016\/07\/cartas-perboyre.jpg?fit=1200%2C630&ssl=1&resize=700%2C400 2x, https:\/\/i0.wp.com\/vincentians.com\/fr\/wp-content\/uploads\/sites\/10\/2016\/07\/cartas-perboyre.jpg?fit=1200%2C630&ssl=1&resize=1050%2C600 3x"},"classes":[]},{"id":107242,"url":"https:\/\/vincentians.com\/fr\/jean-gabriel-perboyre-lettre-066-frere-jacques-paris\/","url_meta":{"origin":104467,"position":4},"title":"Jean-Gabriel Perboyre, Lettre 066. A son Fr\u00e8re Jacques, \u00e0 Paris","author":"Francisco Javier Fern\u00e1ndez Chento","date":"08\/10\/2017","format":false,"excerpt":"Macao, le 14 Septembre 1835. Mon tr\u00e8s cher fr\u00e8re, La gr\u00e2ce de N. S. soit toujours avec nous. N\u2019ayant qu\u2019un instant pour \u00e9crire, r\u00e9signez-vous \u00e0 n\u2019avoir que deux lignes pour cette fois. Ne vous suffit-il pas d\u2019apprendre que depuis que je vous ai \u00e9crit de Batavia, le Bon Dieu a\u2026","rel":"","context":"Dans &quot;\u00c9crits de Jean-Gabriel Perboyre&quot;","block_context":{"text":"\u00c9crits de Jean-Gabriel Perboyre","link":"https:\/\/vincentians.com\/fr\/category\/ecrits-de-jean-gabriel-perboyre\/"},"img":{"alt_text":"","src":"https:\/\/i0.wp.com\/vincentians.com\/fr\/wp-content\/uploads\/sites\/10\/2016\/07\/cartas-perboyre.jpg?fit=1200%2C630&ssl=1&resize=350%2C200","width":350,"height":200,"srcset":"https:\/\/i0.wp.com\/vincentians.com\/fr\/wp-content\/uploads\/sites\/10\/2016\/07\/cartas-perboyre.jpg?fit=1200%2C630&ssl=1&resize=350%2C200 1x, https:\/\/i0.wp.com\/vincentians.com\/fr\/wp-content\/uploads\/sites\/10\/2016\/07\/cartas-perboyre.jpg?fit=1200%2C630&ssl=1&resize=525%2C300 1.5x, https:\/\/i0.wp.com\/vincentians.com\/fr\/wp-content\/uploads\/sites\/10\/2016\/07\/cartas-perboyre.jpg?fit=1200%2C630&ssl=1&resize=700%2C400 2x, https:\/\/i0.wp.com\/vincentians.com\/fr\/wp-content\/uploads\/sites\/10\/2016\/07\/cartas-perboyre.jpg?fit=1200%2C630&ssl=1&resize=1050%2C600 3x"},"classes":[]},{"id":105351,"url":"https:\/\/vincentians.com\/fr\/jean-gabriel-perboyre-lettre-042-a-son-pere\/","url_meta":{"origin":104467,"position":5},"title":"Jean-Gabriel Perboyre, Lettre 042. A son P\u00e8re","author":"Francisco Javier Fern\u00e1ndez Chento","date":"23\/04\/2017","format":false,"excerpt":"Mon tr\u00e8s cher p\u00e8re, Mon cousin Cadet, vient de m\u2019\u00e9crire de Cahors, m\u2019a appris que vous vous portiez tous assez bien \u00e0 la maison. J\u2019en remercie le Seigneur et je le prie de vouloir bien vous conserver votre sant\u00e9 et vos forces. Je le supplie surtout, au commencement de cette\u2026","rel":"","context":"Dans &quot;\u00c9crits de Jean-Gabriel Perboyre&quot;","block_context":{"text":"\u00c9crits de Jean-Gabriel Perboyre","link":"https:\/\/vincentians.com\/fr\/category\/ecrits-de-jean-gabriel-perboyre\/"},"img":{"alt_text":"","src":"https:\/\/i0.wp.com\/vincentians.com\/fr\/wp-content\/uploads\/sites\/10\/2016\/07\/cartas-perboyre.jpg?fit=1200%2C630&ssl=1&resize=350%2C200","width":350,"height":200,"srcset":"https:\/\/i0.wp.com\/vincentians.com\/fr\/wp-content\/uploads\/sites\/10\/2016\/07\/cartas-perboyre.jpg?fit=1200%2C630&ssl=1&resize=350%2C200 1x, https:\/\/i0.wp.com\/vincentians.com\/fr\/wp-content\/uploads\/sites\/10\/2016\/07\/cartas-perboyre.jpg?fit=1200%2C630&ssl=1&resize=525%2C300 1.5x, https:\/\/i0.wp.com\/vincentians.com\/fr\/wp-content\/uploads\/sites\/10\/2016\/07\/cartas-perboyre.jpg?fit=1200%2C630&ssl=1&resize=700%2C400 2x, https:\/\/i0.wp.com\/vincentians.com\/fr\/wp-content\/uploads\/sites\/10\/2016\/07\/cartas-perboyre.jpg?fit=1200%2C630&ssl=1&resize=1050%2C600 3x"},"classes":[]}],"_links":{"self":[{"href":"https:\/\/vincentians.com\/fr\/wp-json\/wp\/v2\/posts\/104467","targetHints":{"allow":["GET"]}}],"collection":[{"href":"https:\/\/vincentians.com\/fr\/wp-json\/wp\/v2\/posts"}],"about":[{"href":"https:\/\/vincentians.com\/fr\/wp-json\/wp\/v2\/types\/post"}],"author":[{"embeddable":true,"href":"https:\/\/vincentians.com\/fr\/wp-json\/wp\/v2\/users\/4"}],"replies":[{"embeddable":true,"href":"https:\/\/vincentians.com\/fr\/wp-json\/wp\/v2\/comments?post=104467"}],"version-history":[{"count":0,"href":"https:\/\/vincentians.com\/fr\/wp-json\/wp\/v2\/posts\/104467\/revisions"}],"wp:featuredmedia":[{"embeddable":true,"href":"https:\/\/vincentians.com\/fr\/wp-json\/wp\/v2\/media\/189778"}],"wp:attachment":[{"href":"https:\/\/vincentians.com\/fr\/wp-json\/wp\/v2\/media?parent=104467"}],"wp:term":[{"taxonomy":"category","embeddable":true,"href":"https:\/\/vincentians.com\/fr\/wp-json\/wp\/v2\/categories?post=104467"},{"taxonomy":"post_tag","embeddable":true,"href":"https:\/\/vincentians.com\/fr\/wp-json\/wp\/v2\/tags?post=104467"}],"curies":[{"name":"wp","href":"https:\/\/api.w.org\/{rel}","templated":true}]}}