{"id":104428,"date":"2016-08-11T04:00:58","date_gmt":"2016-08-11T02:00:58","guid":{"rendered":"http:\/\/vincentiens.org\/?p=104428"},"modified":"2016-08-11T04:00:58","modified_gmt":"2016-08-11T02:00:58","slug":"jean-gabriel-perboyre-lettre-006-a-son-pere","status":"publish","type":"post","link":"https:\/\/vincentians.com\/fr\/jean-gabriel-perboyre-lettre-006-a-son-pere\/","title":{"rendered":"Jean-Gabriel Perboyre, Lettre 006. A son P\u00e8re"},"content":{"rendered":"<p>Saint-Flour, le 2 novembre 1826.<\/p>\n<p>Mon tr\u00e8s cher p\u00e8re.<\/p>\n<p>Je ne suis plus \u00e9loign\u00e9 de vous que d\u2019une trentaine de lieues\u00a0: j\u2019ai \u00e9t\u00e9 envoy\u00e9 \u00e0 Saint-Flour o\u00f9 je suis professeur de th\u00e9ologie au grand s\u00e9minaire.<\/p>\n<p>Je suis tr\u00e8s content de ma nouvelle destination. Il para\u00eet que le climat de l\u2019Auvergne ne me sera pas moins favorable que celui de la Picardie\u00a0: ma sant\u00e9 ne peut \u00eatre mieux. Il y a environ trois semaines que je suis arriv\u00e9 ici\u00a0; des occupations importantes ne m\u2019ont pas laiss\u00e9 un seul moment pour vous \u00e9crire plus t\u00f4t\u00a0: j\u2019esp\u00e8re que je serai l\u2019objet de votre indulgence comme je l\u2019ai [\u00e9t\u00e9] d\u00e9j\u00e0 tant de fois.<\/p>\n<p>J\u2019ai \u00e9t\u00e9 ordonn\u00e9 le 23 septembre<span id='easy-footnote-1-104428' class='easy-footnote-margin-adjust'><\/span><span class='easy-footnote'><a href='https:\/\/vincentians.com\/fr\/jean-gabriel-perboyre-lettre-006-a-son-pere\/#easy-footnote-bottom-1-104428' title='Toutes les vies du saint, \u00e0 partir de Vauris en 1853, donnent comme date de son ordination sacerdotale, le 23 septembre 1825\u00a0; toutes font erreur, la v\u00e9ritable date est le 23 &lt;em&gt;septembre&lt;\/em&gt; &lt;em&gt;1826&lt;\/em&gt;, comme en font foi les deux lettres qu\u2019il \u00e9crivit \u00e0 son P\u00e8re, le 24 ao\u00fbt 1826 et la pr\u00e9sente. De ce fait, il ressort qu\u2019il faut augmenter son s\u00e9jour \u00e0 Montdidier d\u2019une ann\u00e9e, et diminuer celui \u00e0 Saint-Flour de la m\u00eame dur\u00e9e.'><sup>1<\/sup><\/a><\/span>, comme je vous l\u2019avais annonc\u00e9, Toutes les fois que j\u2019ai eu le bonheur d\u2019offrir le saint sacrifice, je n\u2019ai jamais manqu\u00e9, mon tr\u00e8s cher p\u00e8re, de vous recommander \u00e0 Dieu d\u2019une mani\u00e8re toute particuli\u00e8re, ainsi que ma tr\u00e8s ch\u00e8re m\u00e8re, mes fr\u00e8res, mes s\u0153urs et tous mes parents\u00a0; j\u2019ai dit plusieurs fois la sainte messe pour ma pauvre s\u0153ur Mariette, je l\u2019ai dite aussi pour mes autres parents morts. Ce que j\u2019ai fait jusqu\u2019ici, je me propose de le faire toute ma vie.<\/p>\n<p>Lorsque je suis parti de Paris, j\u2019ai laiss\u00e9 mon fr\u00e8re Louis assez bien portant, sa sant\u00e9 se fortifie tous les jours et ne laisse presque plus rien \u00e0 d\u00e9sirer pour un parfait r\u00e9tablissement\u00a0; il est toujours tr\u00e8s content.<\/p>\n<p>Vous auriez souhait\u00e9 bien vivement, mon tr\u00e8s cher p\u00e8re, que je fusse all\u00e9 vous voir cette ann\u00e9e, et le moment o\u00f9 j\u2019aurais pu vous embrasser aurait rempli le v\u0153u le plus ardent de mon c\u0153ur\u00a0; mais cela a \u00e9t\u00e9 absolument impossible\u00a0: ces vacances, si je puis leur donner ce nom, j\u2019ai \u00e9t\u00e9 plus occup\u00e9 que je n\u2019aie jamais \u00e9t\u00e9 dans le courant de l\u2019ann\u00e9e. J\u2019esp\u00e8re que l\u2019ann\u00e9e prochaine j\u2019irai faire un tour chez vous, \u00e0 moins que la Providence n\u2019en dispose autrement.<\/p>\n<p>J\u2019ai \u00e0 vous rendre des actions de gr\u00e2ces pour avoir bien voulu vous int\u00e9resser pour moi aupr\u00e8s de Dieu, lors de mon ordination\u00a0; je r\u00e9clame encore de votre bont\u00e9 paternelle pour le pr\u00e9sent et l\u2019avenir, le secours de vos bonnes pri\u00e8res\u00a0: j\u2019en ai tant de besoin\u00a0! mes obligations sont si grandes et si difficiles \u00e0 remplir\u00a0! J\u2019ai appris par M.\u00a0l\u2019abb\u00e9 Gizard que tout allait bien chez vous, j\u2019en b\u00e9nis le Seigneur et je le prie de continuer \u00e0 vous combler de ses faveurs.<\/p>\n<p>Veuillez, mon tr\u00e8s cher p\u00e8re, assurer tous mes parents de mon sinc\u00e8re attachement. Je vous embrasse ainsi que ma tendre m\u00e8re, p\u00e9n\u00e9tr\u00e9 de tous les sentiments de la pi\u00e9t\u00e9 filiale avec lesquels je suis pour la vie.<\/p>\n<p>Votre tr\u00e8s soumis et respectueux fils<\/p>\n<p>J.G. Perboyre pr\u00eatre de la mission.<\/p>\n","protected":false},"excerpt":{"rendered":"<p>Saint-Flour, le 2 novembre 1826. Mon tr\u00e8s cher p\u00e8re. Je ne suis plus \u00e9loign\u00e9 de vous que d\u2019une trentaine de lieues\u00a0: j\u2019ai \u00e9t\u00e9 envoy\u00e9 \u00e0 Saint-Flour o\u00f9 je suis professeur de th\u00e9ologie au grand s\u00e9minaire. &#8230; <a href=\"https:\/\/vincentians.com\/fr\/jean-gabriel-perboyre-lettre-006-a-son-pere\/\" class=\"more-link\">Read More<\/a><\/p>\n","protected":false},"author":4,"featured_media":189778,"comment_status":"open","ping_status":"open","sticky":false,"template":"","format":"standard","meta":{"jetpack_post_was_ever_published":false,"_jetpack_newsletter_access":"","_jetpack_dont_email_post_to_subs":false,"_jetpack_newsletter_tier_id":0,"_jetpack_memberships_contains_paywalled_content":false,"_jetpack_memberships_contains_paid_content":false,"footnotes":"","jetpack_publicize_message":"","jetpack_publicize_feature_enabled":true,"jetpack_social_post_already_shared":true,"jetpack_social_options":{"image_generator_settings":{"template":"highway","default_image_id":0,"font":"","enabled":false},"version":2}},"categories":[114],"tags":[],"class_list":["post-104428","post","type-post","status-publish","format-standard","has-post-thumbnail","hentry","category-ecrits-de-jean-gabriel-perboyre"],"yoast_head":"<!-- This site is optimized with the Yoast SEO plugin v26.3 - https:\/\/yoast.com\/wordpress\/plugins\/seo\/ -->\n<title>Jean-Gabriel Perboyre, Lettre 006. A son P\u00e8re - Nous Sommes Vincentiens<\/title>\n<meta name=\"robots\" content=\"index, follow, max-snippet:-1, max-image-preview:large, max-video-preview:-1\" \/>\n<link rel=\"canonical\" href=\"http:\/\/vincentians.com\/fr\/jean-gabriel-perboyre-lettre-006-a-son-pere\/\" \/>\n<meta property=\"og:locale\" content=\"fr_FR\" \/>\n<meta property=\"og:type\" content=\"article\" \/>\n<meta property=\"og:title\" content=\"Jean-Gabriel Perboyre, Lettre 006. A son P\u00e8re - Nous Sommes Vincentiens\" \/>\n<meta property=\"og:description\" content=\"Saint-Flour, le 2 novembre 1826. Mon tr\u00e8s cher p\u00e8re. Je ne suis plus \u00e9loign\u00e9 de vous que d\u2019une trentaine de lieues\u00a0: j\u2019ai \u00e9t\u00e9 envoy\u00e9 \u00e0 Saint-Flour o\u00f9 je suis professeur de th\u00e9ologie au grand s\u00e9minaire. ... Read More\" \/>\n<meta property=\"og:url\" content=\"http:\/\/vincentians.com\/fr\/jean-gabriel-perboyre-lettre-006-a-son-pere\/\" \/>\n<meta property=\"og:site_name\" content=\"Nous Sommes Vincentiens\" \/>\n<meta property=\"article:publisher\" content=\"https:\/\/www.facebook.com\/WeAreVincentians\/\" \/>\n<meta property=\"article:author\" content=\"https:\/\/www.facebook.com\/JavierChento\" \/>\n<meta property=\"article:published_time\" content=\"2016-08-11T02:00:58+00:00\" \/>\n<meta property=\"og:image\" content=\"https:\/\/i0.wp.com\/vincentians.com\/fr\/wp-content\/uploads\/sites\/10\/2016\/07\/cartas-perboyre.jpg?fit=1200%2C630\" \/>\n\t<meta property=\"og:image:width\" content=\"1200\" \/>\n\t<meta property=\"og:image:height\" content=\"630\" \/>\n\t<meta property=\"og:image:type\" content=\"image\/jpeg\" \/>\n<meta name=\"author\" content=\"Francisco Javier Fern\u00e1ndez Chento\" \/>\n<meta name=\"twitter:card\" content=\"summary_large_image\" \/>\n<meta name=\"twitter:creator\" content=\"@https:\/\/twitter.com\/javierchento\" \/>\n<meta name=\"twitter:site\" content=\"@WeVincentians\" \/>\n<meta name=\"twitter:label1\" content=\"\u00c9crit par\" \/>\n\t<meta name=\"twitter:data1\" content=\"Francisco Javier Fern\u00e1ndez Chento\" \/>\n\t<meta name=\"twitter:label2\" content=\"Dur\u00e9e de lecture estim\u00e9e\" \/>\n\t<meta name=\"twitter:data2\" content=\"3 minutes\" \/>\n<script type=\"application\/ld+json\" class=\"yoast-schema-graph\">{\"@context\":\"https:\/\/schema.org\",\"@graph\":[{\"@type\":\"WebPage\",\"@id\":\"http:\/\/vincentians.com\/fr\/jean-gabriel-perboyre-lettre-006-a-son-pere\/\",\"url\":\"http:\/\/vincentians.com\/fr\/jean-gabriel-perboyre-lettre-006-a-son-pere\/\",\"name\":\"Jean-Gabriel Perboyre, Lettre 006. A son P\u00e8re - Nous Sommes Vincentiens\",\"isPartOf\":{\"@id\":\"http:\/\/vincentians.com\/fr\/#website\"},\"primaryImageOfPage\":{\"@id\":\"http:\/\/vincentians.com\/fr\/jean-gabriel-perboyre-lettre-006-a-son-pere\/#primaryimage\"},\"image\":{\"@id\":\"http:\/\/vincentians.com\/fr\/jean-gabriel-perboyre-lettre-006-a-son-pere\/#primaryimage\"},\"thumbnailUrl\":\"https:\/\/i0.wp.com\/vincentians.com\/fr\/wp-content\/uploads\/sites\/10\/2016\/07\/cartas-perboyre.jpg?fit=1200%2C630&ssl=1\",\"datePublished\":\"2016-08-11T02:00:58+00:00\",\"author\":{\"@id\":\"http:\/\/vincentians.com\/fr\/#\/schema\/person\/9623ef4d9aa3b2dfb8c061f1499288f2\"},\"breadcrumb\":{\"@id\":\"http:\/\/vincentians.com\/fr\/jean-gabriel-perboyre-lettre-006-a-son-pere\/#breadcrumb\"},\"inLanguage\":\"fr-FR\",\"potentialAction\":[{\"@type\":\"ReadAction\",\"target\":[\"http:\/\/vincentians.com\/fr\/jean-gabriel-perboyre-lettre-006-a-son-pere\/\"]}]},{\"@type\":\"ImageObject\",\"inLanguage\":\"fr-FR\",\"@id\":\"http:\/\/vincentians.com\/fr\/jean-gabriel-perboyre-lettre-006-a-son-pere\/#primaryimage\",\"url\":\"https:\/\/i0.wp.com\/vincentians.com\/fr\/wp-content\/uploads\/sites\/10\/2016\/07\/cartas-perboyre.jpg?fit=1200%2C630&ssl=1\",\"contentUrl\":\"https:\/\/i0.wp.com\/vincentians.com\/fr\/wp-content\/uploads\/sites\/10\/2016\/07\/cartas-perboyre.jpg?fit=1200%2C630&ssl=1\",\"width\":1200,\"height\":630},{\"@type\":\"BreadcrumbList\",\"@id\":\"http:\/\/vincentians.com\/fr\/jean-gabriel-perboyre-lettre-006-a-son-pere\/#breadcrumb\",\"itemListElement\":[{\"@type\":\"ListItem\",\"position\":1,\"name\":\"Portada\",\"item\":\"http:\/\/vincentians.com\/fr\/\"},{\"@type\":\"ListItem\",\"position\":2,\"name\":\"Jean-Gabriel Perboyre, Lettre 006. A son P\u00e8re\"}]},{\"@type\":\"WebSite\",\"@id\":\"http:\/\/vincentians.com\/fr\/#website\",\"url\":\"http:\/\/vincentians.com\/fr\/\",\"name\":\"Nous Sommes Vincentiens\",\"description\":\"Know more to serve more\",\"potentialAction\":[{\"@type\":\"SearchAction\",\"target\":{\"@type\":\"EntryPoint\",\"urlTemplate\":\"http:\/\/vincentians.com\/fr\/?s={search_term_string}\"},\"query-input\":{\"@type\":\"PropertyValueSpecification\",\"valueRequired\":true,\"valueName\":\"search_term_string\"}}],\"inLanguage\":\"fr-FR\"},{\"@type\":\"Person\",\"@id\":\"http:\/\/vincentians.com\/fr\/#\/schema\/person\/9623ef4d9aa3b2dfb8c061f1499288f2\",\"name\":\"Francisco Javier Fern\u00e1ndez Chento\",\"image\":{\"@type\":\"ImageObject\",\"inLanguage\":\"fr-FR\",\"@id\":\"http:\/\/vincentians.com\/fr\/#\/schema\/person\/image\/\",\"url\":\"https:\/\/secure.gravatar.com\/avatar\/497d5cde87b4c3d097d0315953521681ba2cd523ee66e5077c3711f7021e65de?s=96&d=mm&r=g\",\"contentUrl\":\"https:\/\/secure.gravatar.com\/avatar\/497d5cde87b4c3d097d0315953521681ba2cd523ee66e5077c3711f7021e65de?s=96&d=mm&r=g\",\"caption\":\"Francisco Javier Fern\u00e1ndez Chento\"},\"description\":\"Director General y cofundador de La Red de Formaci\u00f3n Vicenciana. Javier es laico vicenciano, afiliado a la Congregaci\u00f3n de la Misi\u00f3n y miembro del Equipo de Misiones Populares de la provincia can\u00f3nica de Zaragoza (Espa\u00f1a) de la Congregaci\u00f3n de la Misi\u00f3n. Graduado en la Universidad Oberta de Catalunya con cuatro grados (Asistente de direcci\u00f3n, Gesti\u00f3n Administrativa, Recursos Humanos y Contabilidad Avanzada). Bil\u00edng\u00fce Espa\u00f1ol\/Ingl\u00e9s. gestiona y mantiene varias p\u00e1ginas web cristianas y vicencianas, incluida including La Red de Formaci\u00f3n Vicenciana, de la que es cofundador. Actualmente es responsable del \u00e1rea de Espa\u00f1ol de .famvin, la Red de Noticias de la Familia Vicenciana. Tambi\u00e9n es m\u00fasico cat\u00f3lico y ha editado varios discos. Es Director General y cofundador de Trovador, una reconocida compa\u00f1\u00eda discogr\u00e1fica critiana de Espa\u00f1a. Trabaja en las Tecnolog\u00edas de la Informaci\u00f3n, ofreciendo servicios de alojamiento, dise\u00f1o y mantenimiento Web, as\u00ed como asesoramiento, formaci\u00f3n y soluciones inform\u00e1ticas, gesti\u00f3n documental y digitalizaci\u00f3n de textos, edici\u00f3n y maquetaci\u00f3n de libros, revistas, flyers, etc.\",\"sameAs\":[\"http:\/\/chento.org\",\"https:\/\/www.facebook.com\/JavierChento\",\"https:\/\/x.com\/https:\/\/twitter.com\/javierchento\"],\"url\":\"https:\/\/vincentians.com\/fr\/author\/chento\/\"}]}<\/script>\n<!-- \/ Yoast SEO plugin. -->","yoast_head_json":{"title":"Jean-Gabriel Perboyre, Lettre 006. A son P\u00e8re - Nous Sommes Vincentiens","robots":{"index":"index","follow":"follow","max-snippet":"max-snippet:-1","max-image-preview":"max-image-preview:large","max-video-preview":"max-video-preview:-1"},"canonical":"http:\/\/vincentians.com\/fr\/jean-gabriel-perboyre-lettre-006-a-son-pere\/","og_locale":"fr_FR","og_type":"article","og_title":"Jean-Gabriel Perboyre, Lettre 006. A son P\u00e8re - Nous Sommes Vincentiens","og_description":"Saint-Flour, le 2 novembre 1826. Mon tr\u00e8s cher p\u00e8re. Je ne suis plus \u00e9loign\u00e9 de vous que d\u2019une trentaine de lieues\u00a0: j\u2019ai \u00e9t\u00e9 envoy\u00e9 \u00e0 Saint-Flour o\u00f9 je suis professeur de th\u00e9ologie au grand s\u00e9minaire. ... Read More","og_url":"http:\/\/vincentians.com\/fr\/jean-gabriel-perboyre-lettre-006-a-son-pere\/","og_site_name":"Nous Sommes Vincentiens","article_publisher":"https:\/\/www.facebook.com\/WeAreVincentians\/","article_author":"https:\/\/www.facebook.com\/JavierChento","article_published_time":"2016-08-11T02:00:58+00:00","og_image":[{"width":1200,"height":630,"url":"https:\/\/i0.wp.com\/vincentians.com\/fr\/wp-content\/uploads\/sites\/10\/2016\/07\/cartas-perboyre.jpg?fit=1200%2C630","type":"image\/jpeg"}],"author":"Francisco Javier Fern\u00e1ndez Chento","twitter_card":"summary_large_image","twitter_creator":"@https:\/\/twitter.com\/javierchento","twitter_site":"@WeVincentians","twitter_misc":{"\u00c9crit par":"Francisco Javier Fern\u00e1ndez Chento","Dur\u00e9e de lecture estim\u00e9e":"3 minutes"},"schema":{"@context":"https:\/\/schema.org","@graph":[{"@type":"WebPage","@id":"http:\/\/vincentians.com\/fr\/jean-gabriel-perboyre-lettre-006-a-son-pere\/","url":"http:\/\/vincentians.com\/fr\/jean-gabriel-perboyre-lettre-006-a-son-pere\/","name":"Jean-Gabriel Perboyre, Lettre 006. A son P\u00e8re - Nous Sommes Vincentiens","isPartOf":{"@id":"http:\/\/vincentians.com\/fr\/#website"},"primaryImageOfPage":{"@id":"http:\/\/vincentians.com\/fr\/jean-gabriel-perboyre-lettre-006-a-son-pere\/#primaryimage"},"image":{"@id":"http:\/\/vincentians.com\/fr\/jean-gabriel-perboyre-lettre-006-a-son-pere\/#primaryimage"},"thumbnailUrl":"https:\/\/i0.wp.com\/vincentians.com\/fr\/wp-content\/uploads\/sites\/10\/2016\/07\/cartas-perboyre.jpg?fit=1200%2C630&ssl=1","datePublished":"2016-08-11T02:00:58+00:00","author":{"@id":"http:\/\/vincentians.com\/fr\/#\/schema\/person\/9623ef4d9aa3b2dfb8c061f1499288f2"},"breadcrumb":{"@id":"http:\/\/vincentians.com\/fr\/jean-gabriel-perboyre-lettre-006-a-son-pere\/#breadcrumb"},"inLanguage":"fr-FR","potentialAction":[{"@type":"ReadAction","target":["http:\/\/vincentians.com\/fr\/jean-gabriel-perboyre-lettre-006-a-son-pere\/"]}]},{"@type":"ImageObject","inLanguage":"fr-FR","@id":"http:\/\/vincentians.com\/fr\/jean-gabriel-perboyre-lettre-006-a-son-pere\/#primaryimage","url":"https:\/\/i0.wp.com\/vincentians.com\/fr\/wp-content\/uploads\/sites\/10\/2016\/07\/cartas-perboyre.jpg?fit=1200%2C630&ssl=1","contentUrl":"https:\/\/i0.wp.com\/vincentians.com\/fr\/wp-content\/uploads\/sites\/10\/2016\/07\/cartas-perboyre.jpg?fit=1200%2C630&ssl=1","width":1200,"height":630},{"@type":"BreadcrumbList","@id":"http:\/\/vincentians.com\/fr\/jean-gabriel-perboyre-lettre-006-a-son-pere\/#breadcrumb","itemListElement":[{"@type":"ListItem","position":1,"name":"Portada","item":"http:\/\/vincentians.com\/fr\/"},{"@type":"ListItem","position":2,"name":"Jean-Gabriel Perboyre, Lettre 006. A son P\u00e8re"}]},{"@type":"WebSite","@id":"http:\/\/vincentians.com\/fr\/#website","url":"http:\/\/vincentians.com\/fr\/","name":"Nous Sommes Vincentiens","description":"Know more to serve more","potentialAction":[{"@type":"SearchAction","target":{"@type":"EntryPoint","urlTemplate":"http:\/\/vincentians.com\/fr\/?s={search_term_string}"},"query-input":{"@type":"PropertyValueSpecification","valueRequired":true,"valueName":"search_term_string"}}],"inLanguage":"fr-FR"},{"@type":"Person","@id":"http:\/\/vincentians.com\/fr\/#\/schema\/person\/9623ef4d9aa3b2dfb8c061f1499288f2","name":"Francisco Javier Fern\u00e1ndez Chento","image":{"@type":"ImageObject","inLanguage":"fr-FR","@id":"http:\/\/vincentians.com\/fr\/#\/schema\/person\/image\/","url":"https:\/\/secure.gravatar.com\/avatar\/497d5cde87b4c3d097d0315953521681ba2cd523ee66e5077c3711f7021e65de?s=96&d=mm&r=g","contentUrl":"https:\/\/secure.gravatar.com\/avatar\/497d5cde87b4c3d097d0315953521681ba2cd523ee66e5077c3711f7021e65de?s=96&d=mm&r=g","caption":"Francisco Javier Fern\u00e1ndez Chento"},"description":"Director General y cofundador de La Red de Formaci\u00f3n Vicenciana. Javier es laico vicenciano, afiliado a la Congregaci\u00f3n de la Misi\u00f3n y miembro del Equipo de Misiones Populares de la provincia can\u00f3nica de Zaragoza (Espa\u00f1a) de la Congregaci\u00f3n de la Misi\u00f3n. Graduado en la Universidad Oberta de Catalunya con cuatro grados (Asistente de direcci\u00f3n, Gesti\u00f3n Administrativa, Recursos Humanos y Contabilidad Avanzada). Bil\u00edng\u00fce Espa\u00f1ol\/Ingl\u00e9s. gestiona y mantiene varias p\u00e1ginas web cristianas y vicencianas, incluida including La Red de Formaci\u00f3n Vicenciana, de la que es cofundador. Actualmente es responsable del \u00e1rea de Espa\u00f1ol de .famvin, la Red de Noticias de la Familia Vicenciana. Tambi\u00e9n es m\u00fasico cat\u00f3lico y ha editado varios discos. Es Director General y cofundador de Trovador, una reconocida compa\u00f1\u00eda discogr\u00e1fica critiana de Espa\u00f1a. Trabaja en las Tecnolog\u00edas de la Informaci\u00f3n, ofreciendo servicios de alojamiento, dise\u00f1o y mantenimiento Web, as\u00ed como asesoramiento, formaci\u00f3n y soluciones inform\u00e1ticas, gesti\u00f3n documental y digitalizaci\u00f3n de textos, edici\u00f3n y maquetaci\u00f3n de libros, revistas, flyers, etc.","sameAs":["http:\/\/chento.org","https:\/\/www.facebook.com\/JavierChento","https:\/\/x.com\/https:\/\/twitter.com\/javierchento"],"url":"https:\/\/vincentians.com\/fr\/author\/chento\/"}]}},"jetpack_publicize_connections":[],"jetpack_featured_media_url":"https:\/\/i0.wp.com\/vincentians.com\/fr\/wp-content\/uploads\/sites\/10\/2016\/07\/cartas-perboyre.jpg?fit=1200%2C630&ssl=1","jetpack_sharing_enabled":true,"jetpack_shortlink":"https:\/\/wp.me\/p7ETMP-rak","jetpack-related-posts":[{"id":104479,"url":"https:\/\/vincentians.com\/fr\/jean-gabriel-perboyre-lettre-027-a-son-cousin-a-montgesty\/","url_meta":{"origin":104428,"position":0},"title":"Jean-Gabriel Perboyre, Lettre 027. A son Cousin, \u00e0 Montgesty","author":"Francisco Javier Fern\u00e1ndez Chento","date":"08\/01\/2017","format":false,"excerpt":"Mon cher cousin, Vos lettres m\u2019ont fait un bien sensible plaisir. Je vous en remercie comme d\u2019autant de cadeaux. Je regrette que mes occupations ne m\u2019aient pas permis de vous r\u00e9pondre plus t\u00f4t et plus souvent. Maintenant nous sommes en vacances\u00a0; j\u2019allais vous \u00e9crire par la poste, si je n\u2019avais\u2026","rel":"","context":"Dans &quot;\u00c9crits de Jean-Gabriel Perboyre&quot;","block_context":{"text":"\u00c9crits de Jean-Gabriel Perboyre","link":"https:\/\/vincentians.com\/fr\/category\/ecrits-de-jean-gabriel-perboyre\/"},"img":{"alt_text":"","src":"https:\/\/i0.wp.com\/vincentians.com\/fr\/wp-content\/uploads\/sites\/10\/2016\/07\/cartas-perboyre.jpg?fit=1200%2C630&ssl=1&resize=350%2C200","width":350,"height":200,"srcset":"https:\/\/i0.wp.com\/vincentians.com\/fr\/wp-content\/uploads\/sites\/10\/2016\/07\/cartas-perboyre.jpg?fit=1200%2C630&ssl=1&resize=350%2C200 1x, https:\/\/i0.wp.com\/vincentians.com\/fr\/wp-content\/uploads\/sites\/10\/2016\/07\/cartas-perboyre.jpg?fit=1200%2C630&ssl=1&resize=525%2C300 1.5x, https:\/\/i0.wp.com\/vincentians.com\/fr\/wp-content\/uploads\/sites\/10\/2016\/07\/cartas-perboyre.jpg?fit=1200%2C630&ssl=1&resize=700%2C400 2x, https:\/\/i0.wp.com\/vincentians.com\/fr\/wp-content\/uploads\/sites\/10\/2016\/07\/cartas-perboyre.jpg?fit=1200%2C630&ssl=1&resize=1050%2C600 3x"},"classes":[]},{"id":107174,"url":"https:\/\/vincentians.com\/fr\/jean-gabriel-perboyre-lettre-051-a-un-pretre-de-saint-flour\/","url_meta":{"origin":104428,"position":1},"title":"Jean-Gabriel Perboyre, Lettre 051. A un Pr\u00eatre de Saint-Flour","author":"Francisco Javier Fern\u00e1ndez Chento","date":"25\/06\/2017","format":false,"excerpt":"[entre ao\u00fbt 1832 et mars 1835] Mon cher Monsieur, En attendant que votre fr\u00e8re vous \u00e9crive lui-m\u00eame, je m\u2019empresse de vous annoncer qu\u2019il est arriv\u00e9 aujourd\u2019hui bien portant et bien content. Son voyage ne l\u2019a pas fatigu\u00e9. Je ne puis vous exprimer avec quel plaisir j\u2019ai embrass\u00e9 ce cher enfant\u00a0:\u2026","rel":"","context":"Dans &quot;\u00c9crits de Jean-Gabriel Perboyre&quot;","block_context":{"text":"\u00c9crits de Jean-Gabriel Perboyre","link":"https:\/\/vincentians.com\/fr\/category\/ecrits-de-jean-gabriel-perboyre\/"},"img":{"alt_text":"","src":"https:\/\/i0.wp.com\/vincentians.com\/fr\/wp-content\/uploads\/sites\/10\/2016\/07\/cartas-perboyre.jpg?fit=1200%2C630&ssl=1&resize=350%2C200","width":350,"height":200,"srcset":"https:\/\/i0.wp.com\/vincentians.com\/fr\/wp-content\/uploads\/sites\/10\/2016\/07\/cartas-perboyre.jpg?fit=1200%2C630&ssl=1&resize=350%2C200 1x, https:\/\/i0.wp.com\/vincentians.com\/fr\/wp-content\/uploads\/sites\/10\/2016\/07\/cartas-perboyre.jpg?fit=1200%2C630&ssl=1&resize=525%2C300 1.5x, https:\/\/i0.wp.com\/vincentians.com\/fr\/wp-content\/uploads\/sites\/10\/2016\/07\/cartas-perboyre.jpg?fit=1200%2C630&ssl=1&resize=700%2C400 2x, https:\/\/i0.wp.com\/vincentians.com\/fr\/wp-content\/uploads\/sites\/10\/2016\/07\/cartas-perboyre.jpg?fit=1200%2C630&ssl=1&resize=1050%2C600 3x"},"classes":[]},{"id":104416,"url":"https:\/\/vincentians.com\/fr\/jean-gabriel-perboyre-lettre-007-a-son-pere\/","url_meta":{"origin":104428,"position":2},"title":"Jean-Gabriel Perboyre, Lettre 007. A son P\u00e8re","author":"Francisco Javier Fern\u00e1ndez Chento","date":"21\/08\/2016","format":false,"excerpt":"Saint-Flour, le 14 juillet 1827. Mon tr\u00e8s cher p\u00e8re, Votre lettre m\u2019a procur\u00e9 le plus grand plaisir\u00a0; il y a longtemps que je d\u00e9sirais recevoir de vos nouvelles. Je vais profiter de la m\u00eame occasion pour vous donner des miennes. Pendant toute cette ann\u00e9e je me suis tr\u00e8s bien port\u00e9.\u2026","rel":"","context":"Dans &quot;\u00c9crits de Jean-Gabriel Perboyre&quot;","block_context":{"text":"\u00c9crits de Jean-Gabriel Perboyre","link":"https:\/\/vincentians.com\/fr\/category\/ecrits-de-jean-gabriel-perboyre\/"},"img":{"alt_text":"","src":"https:\/\/i0.wp.com\/vincentians.com\/fr\/wp-content\/uploads\/sites\/10\/2016\/07\/cartas-perboyre.jpg?fit=1200%2C630&ssl=1&resize=350%2C200","width":350,"height":200,"srcset":"https:\/\/i0.wp.com\/vincentians.com\/fr\/wp-content\/uploads\/sites\/10\/2016\/07\/cartas-perboyre.jpg?fit=1200%2C630&ssl=1&resize=350%2C200 1x, https:\/\/i0.wp.com\/vincentians.com\/fr\/wp-content\/uploads\/sites\/10\/2016\/07\/cartas-perboyre.jpg?fit=1200%2C630&ssl=1&resize=525%2C300 1.5x, https:\/\/i0.wp.com\/vincentians.com\/fr\/wp-content\/uploads\/sites\/10\/2016\/07\/cartas-perboyre.jpg?fit=1200%2C630&ssl=1&resize=700%2C400 2x, https:\/\/i0.wp.com\/vincentians.com\/fr\/wp-content\/uploads\/sites\/10\/2016\/07\/cartas-perboyre.jpg?fit=1200%2C630&ssl=1&resize=1050%2C600 3x"},"classes":[]},{"id":104476,"url":"https:\/\/vincentians.com\/fr\/jean-gabriel-perboyre-lettre-021-a-son-frere-louis-a-paris\/","url_meta":{"origin":104428,"position":3},"title":"Jean-Gabriel Perboyre, Lettre 021. A son Fr\u00e8re Louis, \u00e0 Paris","author":"Francisco Javier Fern\u00e1ndez Chento","date":"27\/11\/2016","format":false,"excerpt":"Mon tr\u00e8s cher fr\u00e8re, Vous allez revoir M.\u00a0Chanson qui n\u2019avait quitt\u00e9 Paris que pour vous faire une bonne recrue d\u2019Auvergnats. Plus tard nous vous enverrons un de ses fr\u00e8res qui est encore en cinqui\u00e8me\u00a0; il est le plus fort de sa classe. Il para\u00eet que vous recevrez la quintessence des\u2026","rel":"","context":"Dans &quot;\u00c9crits de Jean-Gabriel Perboyre&quot;","block_context":{"text":"\u00c9crits de Jean-Gabriel Perboyre","link":"https:\/\/vincentians.com\/fr\/category\/ecrits-de-jean-gabriel-perboyre\/"},"img":{"alt_text":"","src":"https:\/\/i0.wp.com\/vincentians.com\/fr\/wp-content\/uploads\/sites\/10\/2016\/07\/cartas-perboyre.jpg?fit=1200%2C630&ssl=1&resize=350%2C200","width":350,"height":200,"srcset":"https:\/\/i0.wp.com\/vincentians.com\/fr\/wp-content\/uploads\/sites\/10\/2016\/07\/cartas-perboyre.jpg?fit=1200%2C630&ssl=1&resize=350%2C200 1x, https:\/\/i0.wp.com\/vincentians.com\/fr\/wp-content\/uploads\/sites\/10\/2016\/07\/cartas-perboyre.jpg?fit=1200%2C630&ssl=1&resize=525%2C300 1.5x, https:\/\/i0.wp.com\/vincentians.com\/fr\/wp-content\/uploads\/sites\/10\/2016\/07\/cartas-perboyre.jpg?fit=1200%2C630&ssl=1&resize=700%2C400 2x, https:\/\/i0.wp.com\/vincentians.com\/fr\/wp-content\/uploads\/sites\/10\/2016\/07\/cartas-perboyre.jpg?fit=1200%2C630&ssl=1&resize=1050%2C600 3x"},"classes":[]},{"id":107683,"url":"https:\/\/vincentians.com\/fr\/une-semence-deternite-saint-jean-gabriel-perboyre-pretre-la-mission-martyr-premier-saint-chine-18-fin\/","url_meta":{"origin":104428,"position":4},"title":"Une Semence d&rsquo;Eternit\u00e9 : Saint Jean-Gabriel Perboyre : Pr\u00eatre de la Mission, Martyr, Premier Saint de Chine (18 &#8211; Fin)","author":"Francisco Javier Fern\u00e1ndez Chento","date":"21\/08\/2016","format":false,"excerpt":"Annexes \"Le sang des martyrs est la semence des chr\u00e9tiens\" (TERTULLIEN) La Chine, immense terre qui a vu le sang de nombreux martyrs de la foi, a \u00e9t\u00e9 particuli\u00e8rement ensemenc\u00e9e par celui des Filles de la Charit\u00e9 et des Lazaristes. Il est important pour nous de ne pas isoler le\u2026","rel":"","context":"Dans &quot;Jean-Gabriel Perboyre&quot;","block_context":{"text":"Jean-Gabriel Perboyre","link":"https:\/\/vincentians.com\/fr\/category\/jean-gabriel-perboyre\/"},"img":{"alt_text":"","src":"https:\/\/i0.wp.com\/vincentians.com\/fr\/wp-content\/uploads\/sites\/10\/2016\/01\/John-Gabriel-Perboyre.jpg?fit=1200%2C630&ssl=1&resize=350%2C200","width":350,"height":200,"srcset":"https:\/\/i0.wp.com\/vincentians.com\/fr\/wp-content\/uploads\/sites\/10\/2016\/01\/John-Gabriel-Perboyre.jpg?fit=1200%2C630&ssl=1&resize=350%2C200 1x, https:\/\/i0.wp.com\/vincentians.com\/fr\/wp-content\/uploads\/sites\/10\/2016\/01\/John-Gabriel-Perboyre.jpg?fit=1200%2C630&ssl=1&resize=525%2C300 1.5x, https:\/\/i0.wp.com\/vincentians.com\/fr\/wp-content\/uploads\/sites\/10\/2016\/01\/John-Gabriel-Perboyre.jpg?fit=1200%2C630&ssl=1&resize=700%2C400 2x, https:\/\/i0.wp.com\/vincentians.com\/fr\/wp-content\/uploads\/sites\/10\/2016\/01\/John-Gabriel-Perboyre.jpg?fit=1200%2C630&ssl=1&resize=1050%2C600 3x"},"classes":[]},{"id":104418,"url":"https:\/\/vincentians.com\/fr\/jean-gabriel-perboyre-lettre-009-a-son-frere-louis\/","url_meta":{"origin":104428,"position":5},"title":"Jean-Gabriel Perboyre, Lettre 009. A son Fr\u00e8re Louis","author":"Francisco Javier Fern\u00e1ndez Chento","date":"04\/09\/2016","format":false,"excerpt":"Saint-Flour, le 31 octobre 1827 Mon tr\u00e8s cher fr\u00e8re, La gr\u00e2ce de N. S. soit toujours avec nous. Le d\u00e9part de M.\u00a0Trippier m\u2019offre l\u2019occasion la plus favorable pour r\u00e9pondre \u00e0 votre derni\u00e8re lettre\u00a0; mais tous ses [soucis] dont il me laisse h\u00e9ritier ne me permettent pas de m\u2019entretenir longtemps avec\u2026","rel":"","context":"Dans &quot;\u00c9crits de Jean-Gabriel Perboyre&quot;","block_context":{"text":"\u00c9crits de Jean-Gabriel Perboyre","link":"https:\/\/vincentians.com\/fr\/category\/ecrits-de-jean-gabriel-perboyre\/"},"img":{"alt_text":"","src":"https:\/\/i0.wp.com\/vincentians.com\/fr\/wp-content\/uploads\/sites\/10\/2016\/07\/cartas-perboyre.jpg?fit=1200%2C630&ssl=1&resize=350%2C200","width":350,"height":200,"srcset":"https:\/\/i0.wp.com\/vincentians.com\/fr\/wp-content\/uploads\/sites\/10\/2016\/07\/cartas-perboyre.jpg?fit=1200%2C630&ssl=1&resize=350%2C200 1x, https:\/\/i0.wp.com\/vincentians.com\/fr\/wp-content\/uploads\/sites\/10\/2016\/07\/cartas-perboyre.jpg?fit=1200%2C630&ssl=1&resize=525%2C300 1.5x, https:\/\/i0.wp.com\/vincentians.com\/fr\/wp-content\/uploads\/sites\/10\/2016\/07\/cartas-perboyre.jpg?fit=1200%2C630&ssl=1&resize=700%2C400 2x, https:\/\/i0.wp.com\/vincentians.com\/fr\/wp-content\/uploads\/sites\/10\/2016\/07\/cartas-perboyre.jpg?fit=1200%2C630&ssl=1&resize=1050%2C600 3x"},"classes":[]}],"_links":{"self":[{"href":"https:\/\/vincentians.com\/fr\/wp-json\/wp\/v2\/posts\/104428","targetHints":{"allow":["GET"]}}],"collection":[{"href":"https:\/\/vincentians.com\/fr\/wp-json\/wp\/v2\/posts"}],"about":[{"href":"https:\/\/vincentians.com\/fr\/wp-json\/wp\/v2\/types\/post"}],"author":[{"embeddable":true,"href":"https:\/\/vincentians.com\/fr\/wp-json\/wp\/v2\/users\/4"}],"replies":[{"embeddable":true,"href":"https:\/\/vincentians.com\/fr\/wp-json\/wp\/v2\/comments?post=104428"}],"version-history":[{"count":0,"href":"https:\/\/vincentians.com\/fr\/wp-json\/wp\/v2\/posts\/104428\/revisions"}],"wp:featuredmedia":[{"embeddable":true,"href":"https:\/\/vincentians.com\/fr\/wp-json\/wp\/v2\/media\/189778"}],"wp:attachment":[{"href":"https:\/\/vincentians.com\/fr\/wp-json\/wp\/v2\/media?parent=104428"}],"wp:term":[{"taxonomy":"category","embeddable":true,"href":"https:\/\/vincentians.com\/fr\/wp-json\/wp\/v2\/categories?post=104428"},{"taxonomy":"post_tag","embeddable":true,"href":"https:\/\/vincentians.com\/fr\/wp-json\/wp\/v2\/tags?post=104428"}],"curies":[{"name":"wp","href":"https:\/\/api.w.org\/{rel}","templated":true}]}}