{"id":104418,"date":"2016-09-04T04:00:58","date_gmt":"2016-09-04T02:00:58","guid":{"rendered":"http:\/\/vincentiens.org\/?p=104418"},"modified":"2016-08-11T21:51:39","modified_gmt":"2016-08-11T19:51:39","slug":"jean-gabriel-perboyre-lettre-009-a-son-frere-louis","status":"publish","type":"post","link":"https:\/\/vincentians.com\/fr\/jean-gabriel-perboyre-lettre-009-a-son-frere-louis\/","title":{"rendered":"Jean-Gabriel Perboyre, Lettre 009. A son Fr\u00e8re Louis"},"content":{"rendered":"<p>Saint-Flour, le 31 octobre 1827<\/p>\n<p>Mon tr\u00e8s cher fr\u00e8re,<\/p>\n<p>La gr\u00e2ce de N. S. soit toujours avec nous.<\/p>\n<p>Le d\u00e9part de M.\u00a0Trippier<span id='easy-footnote-1-104418' class='easy-footnote-margin-adjust'><\/span><span class='easy-footnote'><a href='https:\/\/vincentians.com\/fr\/jean-gabriel-perboyre-lettre-009-a-son-frere-louis\/#easy-footnote-bottom-1-104418' title='Trippier (Jean-Fran\u00e7ois), C.M., pr\u00eatre, n\u00e9 \u00e0 Ailly-le-Haut-Clocher, dioc\u00e8se d\u2019Amiens, le 2 septembre 1795, re\u00e7u au s\u00e9minaire le 18 juillet 1818, fit les v\u0153ux le 11 octobre 1820. Fondateur de la pension eccl\u00e9siastique de Saint-Flour. Rentr\u00e9 dans son dioc\u00e8se d\u2019origine le 22 f\u00e9vrier 1841.'><sup>1<\/sup><\/a><\/span> m\u2019offre l\u2019occasion la plus favorable pour r\u00e9pondre \u00e0 votre derni\u00e8re lettre\u00a0; mais tous ses [soucis] dont il me laisse h\u00e9ritier ne me permettent pas de m\u2019entretenir longtemps avec vous. Car quoi que vous en disiez je suis encore sup\u00e9rieur du petit s\u00e9minaire\u00a0; mais une sup\u00e9riorit\u00e9 qui a fait perdre la vocation \u00e0 M.\u00a0Granier et qui a \u00e9t\u00e9 sur le point de la faire perdre aussi \u00e0 M.\u00a0Berthulot, n\u2019est pas tr\u00e8s propre, avouez-le \u00e0 m\u2019enfler moi-m\u00eame pas plus qu\u2019\u00e0 exciter l\u2019envie ou \u00e0 donner de l\u2019ombrage \u00e0 personne. Ainsi je serai plut\u00f4t suffoqu\u00e9 par la fum\u00e9e de l\u2019honneur que je n\u2019en serai enivr\u00e9. Vous pouvez me croire en s\u00fbret\u00e9 de ce c\u00f4t\u00e9 l\u00e0. Combien je me trouve bas dans mon \u00e9l\u00e9vation\u00a0! Combien je me trouve indigent dans mon opulence\u00a0! H\u00e2tez-vous de venir \u00e0 mon secours\u00a0; interc\u00e9dez pour moi aupr\u00e8s de Celui qui de rien fait tout.<\/p>\n<p>J\u2019ai besoin de beaucoup de patience, de courage, de sagesse\u00a0; priez le Seigneur qu\u2019il me les accorde.<\/p>\n<p>La nouvelle de vos v\u0153ux m\u2019a fait un plaisir extr\u00eame, il me tardait de la recevoir \u00e9crite de votre main. Dites \u00e0 notre tr\u00e8s cher cousin Gabriel et \u00e0 mes chers Montdidi\u00e9riens que je les f\u00e9licite, l\u2019un d\u2019avoir \u00e9t\u00e9 trouv\u00e9 digne d\u2019\u00eatre choisi pour soin de s\u00e9minaire, et les autres de ce qu\u2019ils ont vou\u00e9 leurs personnes \u00e0 Saint Vincent.<\/p>\n<p>Faites agr\u00e9er \u00e0 M.\u00a0Boullangier<span id='easy-footnote-2-104418' class='easy-footnote-margin-adjust'><\/span><span class='easy-footnote'><a href='https:\/\/vincentians.com\/fr\/jean-gabriel-perboyre-lettre-009-a-son-frere-louis\/#easy-footnote-bottom-2-104418' title='Boullangier (Joseph-Mansuet), C.M., pr\u00eatre, n\u00e9 \u00e0 Fontenay-le-Ch\u00e2teau, dioc\u00e8se de Besan\u00e7on, le 30 ao\u00fbt 1758, re\u00e7u au s\u00e9minaire \u00e0 Paris le 2 janvier 1779, y a fait les v\u0153ux le 10 f\u00e9vrier 1781, d\u00e9c\u00e9d\u00e9 \u00e0 Paris le 1er d\u00e9cembre 1843. (Coste, &lt;em&gt;Catalogue&lt;\/em&gt; &lt;em&gt;du&lt;\/em&gt; &lt;em&gt;Personnel&lt;\/em&gt;&amp;#8230; p. 83).'><sup>2<\/sup><\/a><\/span> l\u2019assurance de ma parfaite reconnaissance pour son bon souvenir et les paroles aimables, qu\u2019il a bien voulu ajouter dans votre lettre.<\/p>\n<p>Vous d\u00e9sirez quelques nouvelles\u00a0; en voici\u00a0: Au Puech et aux environs tout va bien, je l\u2019ai vu\u00a0; on me l\u2019a \u00e9crit depuis\u00a0; je n\u2019y ai pass\u00e9 qu\u2019une dizaine de jours, \u00e0 Cahors trois, \u00e0 Montauban une douzaine, \u00e0 Toulouse un, \u00e0 Carcassonne ou \u00e0 Montolieu 4 ou 5. Partout j\u2019ai eu beaucoup d\u2019agr\u00e9ment et pris beaucoup de sant\u00e9. Mon voyage a \u00e9t\u00e9 long quoique court en dur\u00e9e, utile, agr\u00e9able, peu dispendieux. Enfin je suis arriv\u00e9 \u00e0 Saint-Flour au moment du brouhaha que je n\u2019ai ni le temps ni l\u2019envie de vous d\u00e9peindre. Je ne vous parlerai pas non plus de diverses phases de ma mani\u00e8re d\u2019\u00eatre qui se sont si rapidement succ\u00e9d\u00e9es depuis cette \u00e9poque. Promu au pouvoir, j\u2019en suis d\u00e9chu et cependant m\u2019y revoil\u00e0\u00a0; on pourrait faire sur tout cela des trag\u00e9dies, voire m\u00eame un po\u00e8me \u00e9pique, mais il faut attendre jusqu\u2019\u00e0 la fin.<\/p>\n<p>Ma filleule<span id='easy-footnote-3-104418' class='easy-footnote-margin-adjust'><\/span><span class='easy-footnote'><a href='https:\/\/vincentians.com\/fr\/jean-gabriel-perboyre-lettre-009-a-son-frere-louis\/#easy-footnote-bottom-3-104418' title='La filleule du saint, \u00e9tait sa s\u0153ur Antoinette.'><sup>3<\/sup><\/a><\/span> est plac\u00e9e \u00e0 Montauban chez Madame Elisabeth. Notre cousin Cadet du fond de la ville ira probablement cette ann\u00e9e au petit s\u00e9minaire de Montauban.<\/p>\n<p>M.\u00a0L. C. viendra sans doute nous joindre \u00e0 Saint-Flour.<\/p>\n<p>Mon oncle m\u2019\u00e9crit qu\u2019il est tr\u00e8s content des confr\u00e8res qui lui ont \u00e9t\u00e9 donn\u00e9s. Il est enchant\u00e9 de M.\u00a0Tardieu que je lui ai procur\u00e9.<\/p>\n<p>A un autre jour le reste, il est pr\u00e8s de onze heures du soir, Tout \u00e0 vous en N. S.<\/p>\n<p>J.G. Perboyre ind. p. d. l. m.<\/p>\n<p>M.\u00a0Trippier emporte les regrets et l\u2019estime du dioc\u00e8se except\u00e9 peut-\u00eatre de quelques personnes dont la malveillance encore l\u2019honore. Pour moi, je n\u2019avais jamais [\u00e9t\u00e9] aussi sensible \u00e0 la s\u00e9paration d\u2019un confr\u00e8re.<\/p>\n","protected":false},"excerpt":{"rendered":"<p>Saint-Flour, le 31 octobre 1827 Mon tr\u00e8s cher fr\u00e8re, La gr\u00e2ce de N. S. soit toujours avec nous. Le d\u00e9part de M.\u00a0Trippier m\u2019offre l\u2019occasion la plus favorable pour r\u00e9pondre \u00e0 votre derni\u00e8re lettre\u00a0; mais tous &#8230; <a href=\"https:\/\/vincentians.com\/fr\/jean-gabriel-perboyre-lettre-009-a-son-frere-louis\/\" class=\"more-link\">Read More<\/a><\/p>\n","protected":false},"author":4,"featured_media":189778,"comment_status":"open","ping_status":"open","sticky":false,"template":"","format":"standard","meta":{"jetpack_post_was_ever_published":false,"_jetpack_newsletter_access":"","_jetpack_dont_email_post_to_subs":false,"_jetpack_newsletter_tier_id":0,"_jetpack_memberships_contains_paywalled_content":false,"_jetpack_memberships_contains_paid_content":false,"footnotes":"","jetpack_publicize_message":"","jetpack_publicize_feature_enabled":true,"jetpack_social_post_already_shared":true,"jetpack_social_options":{"image_generator_settings":{"template":"highway","default_image_id":0,"font":"","enabled":false},"version":2}},"categories":[114],"tags":[],"class_list":["post-104418","post","type-post","status-publish","format-standard","has-post-thumbnail","hentry","category-ecrits-de-jean-gabriel-perboyre"],"yoast_head":"<!-- This site is optimized with the Yoast SEO plugin v26.3 - https:\/\/yoast.com\/wordpress\/plugins\/seo\/ -->\n<title>Jean-Gabriel Perboyre, Lettre 009. A son Fr\u00e8re Louis - Nous Sommes Vincentiens<\/title>\n<meta name=\"robots\" content=\"index, follow, max-snippet:-1, max-image-preview:large, max-video-preview:-1\" \/>\n<link rel=\"canonical\" href=\"https:\/\/vincentians.com\/fr\/jean-gabriel-perboyre-lettre-009-a-son-frere-louis\/\" \/>\n<meta property=\"og:locale\" content=\"fr_FR\" \/>\n<meta property=\"og:type\" content=\"article\" \/>\n<meta property=\"og:title\" content=\"Jean-Gabriel Perboyre, Lettre 009. A son Fr\u00e8re Louis - Nous Sommes Vincentiens\" \/>\n<meta property=\"og:description\" content=\"Saint-Flour, le 31 octobre 1827 Mon tr\u00e8s cher fr\u00e8re, La gr\u00e2ce de N. S. soit toujours avec nous. Le d\u00e9part de M.\u00a0Trippier m\u2019offre l\u2019occasion la plus favorable pour r\u00e9pondre \u00e0 votre derni\u00e8re lettre\u00a0; mais tous ... Read More\" \/>\n<meta property=\"og:url\" content=\"https:\/\/vincentians.com\/fr\/jean-gabriel-perboyre-lettre-009-a-son-frere-louis\/\" \/>\n<meta property=\"og:site_name\" content=\"Nous Sommes Vincentiens\" \/>\n<meta property=\"article:publisher\" content=\"https:\/\/www.facebook.com\/WeAreVincentians\/\" \/>\n<meta property=\"article:author\" content=\"https:\/\/www.facebook.com\/JavierChento\" \/>\n<meta property=\"article:published_time\" content=\"2016-09-04T02:00:58+00:00\" \/>\n<meta property=\"og:image\" content=\"https:\/\/i0.wp.com\/vincentians.com\/fr\/wp-content\/uploads\/sites\/10\/2016\/07\/cartas-perboyre.jpg?fit=1200%2C630&ssl=1\" \/>\n\t<meta property=\"og:image:width\" content=\"1200\" \/>\n\t<meta property=\"og:image:height\" content=\"630\" \/>\n\t<meta property=\"og:image:type\" content=\"image\/jpeg\" \/>\n<meta name=\"author\" content=\"Francisco Javier Fern\u00e1ndez Chento\" \/>\n<meta name=\"twitter:card\" content=\"summary_large_image\" \/>\n<meta name=\"twitter:creator\" content=\"@https:\/\/twitter.com\/javierchento\" \/>\n<meta name=\"twitter:site\" content=\"@WeVincentians\" \/>\n<meta name=\"twitter:label1\" content=\"\u00c9crit par\" \/>\n\t<meta name=\"twitter:data1\" content=\"Francisco Javier Fern\u00e1ndez Chento\" \/>\n\t<meta name=\"twitter:label2\" content=\"Dur\u00e9e de lecture estim\u00e9e\" \/>\n\t<meta name=\"twitter:data2\" content=\"4 minutes\" \/>\n<script type=\"application\/ld+json\" class=\"yoast-schema-graph\">{\"@context\":\"https:\/\/schema.org\",\"@graph\":[{\"@type\":\"WebPage\",\"@id\":\"https:\/\/vincentians.com\/fr\/jean-gabriel-perboyre-lettre-009-a-son-frere-louis\/\",\"url\":\"https:\/\/vincentians.com\/fr\/jean-gabriel-perboyre-lettre-009-a-son-frere-louis\/\",\"name\":\"Jean-Gabriel Perboyre, Lettre 009. A son Fr\u00e8re Louis - Nous Sommes Vincentiens\",\"isPartOf\":{\"@id\":\"http:\/\/vincentians.com\/fr\/#website\"},\"primaryImageOfPage\":{\"@id\":\"https:\/\/vincentians.com\/fr\/jean-gabriel-perboyre-lettre-009-a-son-frere-louis\/#primaryimage\"},\"image\":{\"@id\":\"https:\/\/vincentians.com\/fr\/jean-gabriel-perboyre-lettre-009-a-son-frere-louis\/#primaryimage\"},\"thumbnailUrl\":\"https:\/\/i0.wp.com\/vincentians.com\/fr\/wp-content\/uploads\/sites\/10\/2016\/07\/cartas-perboyre.jpg?fit=1200%2C630&ssl=1\",\"datePublished\":\"2016-09-04T02:00:58+00:00\",\"author\":{\"@id\":\"http:\/\/vincentians.com\/fr\/#\/schema\/person\/9623ef4d9aa3b2dfb8c061f1499288f2\"},\"breadcrumb\":{\"@id\":\"https:\/\/vincentians.com\/fr\/jean-gabriel-perboyre-lettre-009-a-son-frere-louis\/#breadcrumb\"},\"inLanguage\":\"fr-FR\",\"potentialAction\":[{\"@type\":\"ReadAction\",\"target\":[\"https:\/\/vincentians.com\/fr\/jean-gabriel-perboyre-lettre-009-a-son-frere-louis\/\"]}]},{\"@type\":\"ImageObject\",\"inLanguage\":\"fr-FR\",\"@id\":\"https:\/\/vincentians.com\/fr\/jean-gabriel-perboyre-lettre-009-a-son-frere-louis\/#primaryimage\",\"url\":\"https:\/\/i0.wp.com\/vincentians.com\/fr\/wp-content\/uploads\/sites\/10\/2016\/07\/cartas-perboyre.jpg?fit=1200%2C630&ssl=1\",\"contentUrl\":\"https:\/\/i0.wp.com\/vincentians.com\/fr\/wp-content\/uploads\/sites\/10\/2016\/07\/cartas-perboyre.jpg?fit=1200%2C630&ssl=1\",\"width\":1200,\"height\":630},{\"@type\":\"BreadcrumbList\",\"@id\":\"https:\/\/vincentians.com\/fr\/jean-gabriel-perboyre-lettre-009-a-son-frere-louis\/#breadcrumb\",\"itemListElement\":[{\"@type\":\"ListItem\",\"position\":1,\"name\":\"Portada\",\"item\":\"http:\/\/vincentians.com\/fr\/\"},{\"@type\":\"ListItem\",\"position\":2,\"name\":\"Jean-Gabriel Perboyre, Lettre 009. A son Fr\u00e8re Louis\"}]},{\"@type\":\"WebSite\",\"@id\":\"http:\/\/vincentians.com\/fr\/#website\",\"url\":\"http:\/\/vincentians.com\/fr\/\",\"name\":\"Nous Sommes Vincentiens\",\"description\":\"Know more to serve more\",\"potentialAction\":[{\"@type\":\"SearchAction\",\"target\":{\"@type\":\"EntryPoint\",\"urlTemplate\":\"http:\/\/vincentians.com\/fr\/?s={search_term_string}\"},\"query-input\":{\"@type\":\"PropertyValueSpecification\",\"valueRequired\":true,\"valueName\":\"search_term_string\"}}],\"inLanguage\":\"fr-FR\"},{\"@type\":\"Person\",\"@id\":\"http:\/\/vincentians.com\/fr\/#\/schema\/person\/9623ef4d9aa3b2dfb8c061f1499288f2\",\"name\":\"Francisco Javier Fern\u00e1ndez Chento\",\"image\":{\"@type\":\"ImageObject\",\"inLanguage\":\"fr-FR\",\"@id\":\"http:\/\/vincentians.com\/fr\/#\/schema\/person\/image\/\",\"url\":\"https:\/\/secure.gravatar.com\/avatar\/497d5cde87b4c3d097d0315953521681ba2cd523ee66e5077c3711f7021e65de?s=96&d=mm&r=g\",\"contentUrl\":\"https:\/\/secure.gravatar.com\/avatar\/497d5cde87b4c3d097d0315953521681ba2cd523ee66e5077c3711f7021e65de?s=96&d=mm&r=g\",\"caption\":\"Francisco Javier Fern\u00e1ndez Chento\"},\"description\":\"Director General y cofundador de La Red de Formaci\u00f3n Vicenciana. Javier es laico vicenciano, afiliado a la Congregaci\u00f3n de la Misi\u00f3n y miembro del Equipo de Misiones Populares de la provincia can\u00f3nica de Zaragoza (Espa\u00f1a) de la Congregaci\u00f3n de la Misi\u00f3n. Graduado en la Universidad Oberta de Catalunya con cuatro grados (Asistente de direcci\u00f3n, Gesti\u00f3n Administrativa, Recursos Humanos y Contabilidad Avanzada). Bil\u00edng\u00fce Espa\u00f1ol\/Ingl\u00e9s. gestiona y mantiene varias p\u00e1ginas web cristianas y vicencianas, incluida including La Red de Formaci\u00f3n Vicenciana, de la que es cofundador. Actualmente es responsable del \u00e1rea de Espa\u00f1ol de .famvin, la Red de Noticias de la Familia Vicenciana. Tambi\u00e9n es m\u00fasico cat\u00f3lico y ha editado varios discos. Es Director General y cofundador de Trovador, una reconocida compa\u00f1\u00eda discogr\u00e1fica critiana de Espa\u00f1a. Trabaja en las Tecnolog\u00edas de la Informaci\u00f3n, ofreciendo servicios de alojamiento, dise\u00f1o y mantenimiento Web, as\u00ed como asesoramiento, formaci\u00f3n y soluciones inform\u00e1ticas, gesti\u00f3n documental y digitalizaci\u00f3n de textos, edici\u00f3n y maquetaci\u00f3n de libros, revistas, flyers, etc.\",\"sameAs\":[\"http:\/\/chento.org\",\"https:\/\/www.facebook.com\/JavierChento\",\"https:\/\/x.com\/https:\/\/twitter.com\/javierchento\"],\"url\":\"https:\/\/vincentians.com\/fr\/author\/chento\/\"}]}<\/script>\n<!-- \/ Yoast SEO plugin. -->","yoast_head_json":{"title":"Jean-Gabriel Perboyre, Lettre 009. A son Fr\u00e8re Louis - Nous Sommes Vincentiens","robots":{"index":"index","follow":"follow","max-snippet":"max-snippet:-1","max-image-preview":"max-image-preview:large","max-video-preview":"max-video-preview:-1"},"canonical":"https:\/\/vincentians.com\/fr\/jean-gabriel-perboyre-lettre-009-a-son-frere-louis\/","og_locale":"fr_FR","og_type":"article","og_title":"Jean-Gabriel Perboyre, Lettre 009. A son Fr\u00e8re Louis - Nous Sommes Vincentiens","og_description":"Saint-Flour, le 31 octobre 1827 Mon tr\u00e8s cher fr\u00e8re, La gr\u00e2ce de N. S. soit toujours avec nous. Le d\u00e9part de M.\u00a0Trippier m\u2019offre l\u2019occasion la plus favorable pour r\u00e9pondre \u00e0 votre derni\u00e8re lettre\u00a0; mais tous ... Read More","og_url":"https:\/\/vincentians.com\/fr\/jean-gabriel-perboyre-lettre-009-a-son-frere-louis\/","og_site_name":"Nous Sommes Vincentiens","article_publisher":"https:\/\/www.facebook.com\/WeAreVincentians\/","article_author":"https:\/\/www.facebook.com\/JavierChento","article_published_time":"2016-09-04T02:00:58+00:00","og_image":[{"width":1200,"height":630,"url":"https:\/\/i0.wp.com\/vincentians.com\/fr\/wp-content\/uploads\/sites\/10\/2016\/07\/cartas-perboyre.jpg?fit=1200%2C630&ssl=1","type":"image\/jpeg"}],"author":"Francisco Javier Fern\u00e1ndez Chento","twitter_card":"summary_large_image","twitter_creator":"@https:\/\/twitter.com\/javierchento","twitter_site":"@WeVincentians","twitter_misc":{"\u00c9crit par":"Francisco Javier Fern\u00e1ndez Chento","Dur\u00e9e de lecture estim\u00e9e":"4 minutes"},"schema":{"@context":"https:\/\/schema.org","@graph":[{"@type":"WebPage","@id":"https:\/\/vincentians.com\/fr\/jean-gabriel-perboyre-lettre-009-a-son-frere-louis\/","url":"https:\/\/vincentians.com\/fr\/jean-gabriel-perboyre-lettre-009-a-son-frere-louis\/","name":"Jean-Gabriel Perboyre, Lettre 009. A son Fr\u00e8re Louis - Nous Sommes Vincentiens","isPartOf":{"@id":"http:\/\/vincentians.com\/fr\/#website"},"primaryImageOfPage":{"@id":"https:\/\/vincentians.com\/fr\/jean-gabriel-perboyre-lettre-009-a-son-frere-louis\/#primaryimage"},"image":{"@id":"https:\/\/vincentians.com\/fr\/jean-gabriel-perboyre-lettre-009-a-son-frere-louis\/#primaryimage"},"thumbnailUrl":"https:\/\/i0.wp.com\/vincentians.com\/fr\/wp-content\/uploads\/sites\/10\/2016\/07\/cartas-perboyre.jpg?fit=1200%2C630&ssl=1","datePublished":"2016-09-04T02:00:58+00:00","author":{"@id":"http:\/\/vincentians.com\/fr\/#\/schema\/person\/9623ef4d9aa3b2dfb8c061f1499288f2"},"breadcrumb":{"@id":"https:\/\/vincentians.com\/fr\/jean-gabriel-perboyre-lettre-009-a-son-frere-louis\/#breadcrumb"},"inLanguage":"fr-FR","potentialAction":[{"@type":"ReadAction","target":["https:\/\/vincentians.com\/fr\/jean-gabriel-perboyre-lettre-009-a-son-frere-louis\/"]}]},{"@type":"ImageObject","inLanguage":"fr-FR","@id":"https:\/\/vincentians.com\/fr\/jean-gabriel-perboyre-lettre-009-a-son-frere-louis\/#primaryimage","url":"https:\/\/i0.wp.com\/vincentians.com\/fr\/wp-content\/uploads\/sites\/10\/2016\/07\/cartas-perboyre.jpg?fit=1200%2C630&ssl=1","contentUrl":"https:\/\/i0.wp.com\/vincentians.com\/fr\/wp-content\/uploads\/sites\/10\/2016\/07\/cartas-perboyre.jpg?fit=1200%2C630&ssl=1","width":1200,"height":630},{"@type":"BreadcrumbList","@id":"https:\/\/vincentians.com\/fr\/jean-gabriel-perboyre-lettre-009-a-son-frere-louis\/#breadcrumb","itemListElement":[{"@type":"ListItem","position":1,"name":"Portada","item":"http:\/\/vincentians.com\/fr\/"},{"@type":"ListItem","position":2,"name":"Jean-Gabriel Perboyre, Lettre 009. A son Fr\u00e8re Louis"}]},{"@type":"WebSite","@id":"http:\/\/vincentians.com\/fr\/#website","url":"http:\/\/vincentians.com\/fr\/","name":"Nous Sommes Vincentiens","description":"Know more to serve more","potentialAction":[{"@type":"SearchAction","target":{"@type":"EntryPoint","urlTemplate":"http:\/\/vincentians.com\/fr\/?s={search_term_string}"},"query-input":{"@type":"PropertyValueSpecification","valueRequired":true,"valueName":"search_term_string"}}],"inLanguage":"fr-FR"},{"@type":"Person","@id":"http:\/\/vincentians.com\/fr\/#\/schema\/person\/9623ef4d9aa3b2dfb8c061f1499288f2","name":"Francisco Javier Fern\u00e1ndez Chento","image":{"@type":"ImageObject","inLanguage":"fr-FR","@id":"http:\/\/vincentians.com\/fr\/#\/schema\/person\/image\/","url":"https:\/\/secure.gravatar.com\/avatar\/497d5cde87b4c3d097d0315953521681ba2cd523ee66e5077c3711f7021e65de?s=96&d=mm&r=g","contentUrl":"https:\/\/secure.gravatar.com\/avatar\/497d5cde87b4c3d097d0315953521681ba2cd523ee66e5077c3711f7021e65de?s=96&d=mm&r=g","caption":"Francisco Javier Fern\u00e1ndez Chento"},"description":"Director General y cofundador de La Red de Formaci\u00f3n Vicenciana. Javier es laico vicenciano, afiliado a la Congregaci\u00f3n de la Misi\u00f3n y miembro del Equipo de Misiones Populares de la provincia can\u00f3nica de Zaragoza (Espa\u00f1a) de la Congregaci\u00f3n de la Misi\u00f3n. Graduado en la Universidad Oberta de Catalunya con cuatro grados (Asistente de direcci\u00f3n, Gesti\u00f3n Administrativa, Recursos Humanos y Contabilidad Avanzada). Bil\u00edng\u00fce Espa\u00f1ol\/Ingl\u00e9s. gestiona y mantiene varias p\u00e1ginas web cristianas y vicencianas, incluida including La Red de Formaci\u00f3n Vicenciana, de la que es cofundador. Actualmente es responsable del \u00e1rea de Espa\u00f1ol de .famvin, la Red de Noticias de la Familia Vicenciana. Tambi\u00e9n es m\u00fasico cat\u00f3lico y ha editado varios discos. Es Director General y cofundador de Trovador, una reconocida compa\u00f1\u00eda discogr\u00e1fica critiana de Espa\u00f1a. Trabaja en las Tecnolog\u00edas de la Informaci\u00f3n, ofreciendo servicios de alojamiento, dise\u00f1o y mantenimiento Web, as\u00ed como asesoramiento, formaci\u00f3n y soluciones inform\u00e1ticas, gesti\u00f3n documental y digitalizaci\u00f3n de textos, edici\u00f3n y maquetaci\u00f3n de libros, revistas, flyers, etc.","sameAs":["http:\/\/chento.org","https:\/\/www.facebook.com\/JavierChento","https:\/\/x.com\/https:\/\/twitter.com\/javierchento"],"url":"https:\/\/vincentians.com\/fr\/author\/chento\/"}]}},"jetpack_publicize_connections":[],"jetpack_featured_media_url":"https:\/\/i0.wp.com\/vincentians.com\/fr\/wp-content\/uploads\/sites\/10\/2016\/07\/cartas-perboyre.jpg?fit=1200%2C630&ssl=1","jetpack_sharing_enabled":true,"jetpack_shortlink":"https:\/\/wp.me\/p7ETMP-raa","jetpack-related-posts":[{"id":104476,"url":"https:\/\/vincentians.com\/fr\/jean-gabriel-perboyre-lettre-021-a-son-frere-louis-a-paris\/","url_meta":{"origin":104418,"position":0},"title":"Jean-Gabriel Perboyre, Lettre 021. A son Fr\u00e8re Louis, \u00e0 Paris","author":"Francisco Javier Fern\u00e1ndez Chento","date":"27\/11\/2016","format":false,"excerpt":"Mon tr\u00e8s cher fr\u00e8re, Vous allez revoir M.\u00a0Chanson qui n\u2019avait quitt\u00e9 Paris que pour vous faire une bonne recrue d\u2019Auvergnats. Plus tard nous vous enverrons un de ses fr\u00e8res qui est encore en cinqui\u00e8me\u00a0; il est le plus fort de sa classe. Il para\u00eet que vous recevrez la quintessence des\u2026","rel":"","context":"Dans &quot;\u00c9crits de Jean-Gabriel Perboyre&quot;","block_context":{"text":"\u00c9crits de Jean-Gabriel Perboyre","link":"https:\/\/vincentians.com\/fr\/category\/ecrits-de-jean-gabriel-perboyre\/"},"img":{"alt_text":"","src":"https:\/\/i0.wp.com\/vincentians.com\/fr\/wp-content\/uploads\/sites\/10\/2016\/07\/cartas-perboyre.jpg?fit=1200%2C630&ssl=1&resize=350%2C200","width":350,"height":200,"srcset":"https:\/\/i0.wp.com\/vincentians.com\/fr\/wp-content\/uploads\/sites\/10\/2016\/07\/cartas-perboyre.jpg?fit=1200%2C630&ssl=1&resize=350%2C200 1x, https:\/\/i0.wp.com\/vincentians.com\/fr\/wp-content\/uploads\/sites\/10\/2016\/07\/cartas-perboyre.jpg?fit=1200%2C630&ssl=1&resize=525%2C300 1.5x, https:\/\/i0.wp.com\/vincentians.com\/fr\/wp-content\/uploads\/sites\/10\/2016\/07\/cartas-perboyre.jpg?fit=1200%2C630&ssl=1&resize=700%2C400 2x, https:\/\/i0.wp.com\/vincentians.com\/fr\/wp-content\/uploads\/sites\/10\/2016\/07\/cartas-perboyre.jpg?fit=1200%2C630&ssl=1&resize=1050%2C600 3x"},"classes":[]},{"id":107174,"url":"https:\/\/vincentians.com\/fr\/jean-gabriel-perboyre-lettre-051-a-un-pretre-de-saint-flour\/","url_meta":{"origin":104418,"position":1},"title":"Jean-Gabriel Perboyre, Lettre 051. A un Pr\u00eatre de Saint-Flour","author":"Francisco Javier Fern\u00e1ndez Chento","date":"25\/06\/2017","format":false,"excerpt":"[entre ao\u00fbt 1832 et mars 1835] Mon cher Monsieur, En attendant que votre fr\u00e8re vous \u00e9crive lui-m\u00eame, je m\u2019empresse de vous annoncer qu\u2019il est arriv\u00e9 aujourd\u2019hui bien portant et bien content. Son voyage ne l\u2019a pas fatigu\u00e9. Je ne puis vous exprimer avec quel plaisir j\u2019ai embrass\u00e9 ce cher enfant\u00a0:\u2026","rel":"","context":"Dans &quot;\u00c9crits de Jean-Gabriel Perboyre&quot;","block_context":{"text":"\u00c9crits de Jean-Gabriel Perboyre","link":"https:\/\/vincentians.com\/fr\/category\/ecrits-de-jean-gabriel-perboyre\/"},"img":{"alt_text":"","src":"https:\/\/i0.wp.com\/vincentians.com\/fr\/wp-content\/uploads\/sites\/10\/2016\/07\/cartas-perboyre.jpg?fit=1200%2C630&ssl=1&resize=350%2C200","width":350,"height":200,"srcset":"https:\/\/i0.wp.com\/vincentians.com\/fr\/wp-content\/uploads\/sites\/10\/2016\/07\/cartas-perboyre.jpg?fit=1200%2C630&ssl=1&resize=350%2C200 1x, https:\/\/i0.wp.com\/vincentians.com\/fr\/wp-content\/uploads\/sites\/10\/2016\/07\/cartas-perboyre.jpg?fit=1200%2C630&ssl=1&resize=525%2C300 1.5x, https:\/\/i0.wp.com\/vincentians.com\/fr\/wp-content\/uploads\/sites\/10\/2016\/07\/cartas-perboyre.jpg?fit=1200%2C630&ssl=1&resize=700%2C400 2x, https:\/\/i0.wp.com\/vincentians.com\/fr\/wp-content\/uploads\/sites\/10\/2016\/07\/cartas-perboyre.jpg?fit=1200%2C630&ssl=1&resize=1050%2C600 3x"},"classes":[]},{"id":104424,"url":"https:\/\/vincentians.com\/fr\/jean-gabriel-perboyre-lettre-015-a-son-frere-jacques-a-montauban\/","url_meta":{"origin":104418,"position":2},"title":"Jean-Gabriel Perboyre, Lettre 015. A son Fr\u00e8re Jacques, \u00e0 Montauban","author":"Francisco Javier Fern\u00e1ndez Chento","date":"16\/10\/2016","format":false,"excerpt":"Saint-Flour, 17 ao\u00fbt 1828. Vos v\u0153ux sont exauc\u00e9s, mon cher fr\u00e8re, vous irez l\u2019ann\u00e9e prochaine \u00e0 Montdidier, pourvu que notre cher oncle ne s\u2019y oppose, ce que je suis bien loin de penser. Songez donc \u00e0 pr\u00e9parer votre trousseau. Il faudrait partir au plus tard vers la mi-septembre. Si vous\u2026","rel":"","context":"Dans &quot;\u00c9crits de Jean-Gabriel Perboyre&quot;","block_context":{"text":"\u00c9crits de Jean-Gabriel Perboyre","link":"https:\/\/vincentians.com\/fr\/category\/ecrits-de-jean-gabriel-perboyre\/"},"img":{"alt_text":"","src":"https:\/\/i0.wp.com\/vincentians.com\/fr\/wp-content\/uploads\/sites\/10\/2016\/07\/cartas-perboyre.jpg?fit=1200%2C630&ssl=1&resize=350%2C200","width":350,"height":200,"srcset":"https:\/\/i0.wp.com\/vincentians.com\/fr\/wp-content\/uploads\/sites\/10\/2016\/07\/cartas-perboyre.jpg?fit=1200%2C630&ssl=1&resize=350%2C200 1x, https:\/\/i0.wp.com\/vincentians.com\/fr\/wp-content\/uploads\/sites\/10\/2016\/07\/cartas-perboyre.jpg?fit=1200%2C630&ssl=1&resize=525%2C300 1.5x, https:\/\/i0.wp.com\/vincentians.com\/fr\/wp-content\/uploads\/sites\/10\/2016\/07\/cartas-perboyre.jpg?fit=1200%2C630&ssl=1&resize=700%2C400 2x, https:\/\/i0.wp.com\/vincentians.com\/fr\/wp-content\/uploads\/sites\/10\/2016\/07\/cartas-perboyre.jpg?fit=1200%2C630&ssl=1&resize=1050%2C600 3x"},"classes":[]},{"id":104417,"url":"https:\/\/vincentians.com\/fr\/jean-gabriel-perboyre-lettre-008-a-son-frere-louis\/","url_meta":{"origin":104418,"position":3},"title":"Jean-Gabriel Perboyre, Lettre 008. A son Fr\u00e8re Louis","author":"Francisco Javier Fern\u00e1ndez Chento","date":"28\/08\/2016","format":false,"excerpt":"Montauban, le 2 septembre 1827. Mon tr\u00e8s cher fr\u00e8re, La gr\u00e2ce de N. S. soit toujours avec nous. Je trouve tant d\u2019occasions pour vous \u00e9crire ces jours-ci, que je serais inexcusable en ne le faisant pas\u00a0: aujourd\u2019hui c\u2019est un jeune protestant converti qui part pour Saint-Sulpice\u00a0; demain c\u2019est M.\u00a0Gratacap qui\u2026","rel":"","context":"Dans &quot;\u00c9crits de Jean-Gabriel Perboyre&quot;","block_context":{"text":"\u00c9crits de Jean-Gabriel Perboyre","link":"https:\/\/vincentians.com\/fr\/category\/ecrits-de-jean-gabriel-perboyre\/"},"img":{"alt_text":"","src":"https:\/\/i0.wp.com\/vincentians.com\/fr\/wp-content\/uploads\/sites\/10\/2016\/07\/cartas-perboyre.jpg?fit=1200%2C630&ssl=1&resize=350%2C200","width":350,"height":200,"srcset":"https:\/\/i0.wp.com\/vincentians.com\/fr\/wp-content\/uploads\/sites\/10\/2016\/07\/cartas-perboyre.jpg?fit=1200%2C630&ssl=1&resize=350%2C200 1x, https:\/\/i0.wp.com\/vincentians.com\/fr\/wp-content\/uploads\/sites\/10\/2016\/07\/cartas-perboyre.jpg?fit=1200%2C630&ssl=1&resize=525%2C300 1.5x, https:\/\/i0.wp.com\/vincentians.com\/fr\/wp-content\/uploads\/sites\/10\/2016\/07\/cartas-perboyre.jpg?fit=1200%2C630&ssl=1&resize=700%2C400 2x, https:\/\/i0.wp.com\/vincentians.com\/fr\/wp-content\/uploads\/sites\/10\/2016\/07\/cartas-perboyre.jpg?fit=1200%2C630&ssl=1&resize=1050%2C600 3x"},"classes":[]},{"id":104422,"url":"https:\/\/vincentians.com\/fr\/jean-gabriel-perboyre-lettre-013-a-son-frere-antoine-a-mongesty\/","url_meta":{"origin":104418,"position":4},"title":"Jean-Gabriel Perboyre, Lettre 013. A son Fr\u00e8re Antoine, \u00e0 Mongesty","author":"Francisco Javier Fern\u00e1ndez Chento","date":"02\/10\/2016","format":false,"excerpt":"Saint-Flour, le 19 juillet 1828. Je vous dirai, mon tr\u00e8s cher fr\u00e8re, que j\u2019ai \u00e9t\u00e9 tr\u00e8s content de votre lettre\u00a0; je n\u2019y ai remarqu\u00e9 que quelques fautes d\u2019orthographe que je vous pardonne bien volontiers. J\u2019userai toujours d\u2019indulgence pour vos lettres\u00a0; \u00e9crivez-m\u2019en souvent. Quant \u00e0 l\u2019invitation que vous me faites au\u2026","rel":"","context":"Dans &quot;\u00c9crits de Jean-Gabriel Perboyre&quot;","block_context":{"text":"\u00c9crits de Jean-Gabriel Perboyre","link":"https:\/\/vincentians.com\/fr\/category\/ecrits-de-jean-gabriel-perboyre\/"},"img":{"alt_text":"","src":"https:\/\/i0.wp.com\/vincentians.com\/fr\/wp-content\/uploads\/sites\/10\/2016\/07\/cartas-perboyre.jpg?fit=1200%2C630&ssl=1&resize=350%2C200","width":350,"height":200,"srcset":"https:\/\/i0.wp.com\/vincentians.com\/fr\/wp-content\/uploads\/sites\/10\/2016\/07\/cartas-perboyre.jpg?fit=1200%2C630&ssl=1&resize=350%2C200 1x, https:\/\/i0.wp.com\/vincentians.com\/fr\/wp-content\/uploads\/sites\/10\/2016\/07\/cartas-perboyre.jpg?fit=1200%2C630&ssl=1&resize=525%2C300 1.5x, https:\/\/i0.wp.com\/vincentians.com\/fr\/wp-content\/uploads\/sites\/10\/2016\/07\/cartas-perboyre.jpg?fit=1200%2C630&ssl=1&resize=700%2C400 2x, https:\/\/i0.wp.com\/vincentians.com\/fr\/wp-content\/uploads\/sites\/10\/2016\/07\/cartas-perboyre.jpg?fit=1200%2C630&ssl=1&resize=1050%2C600 3x"},"classes":[]},{"id":104425,"url":"https:\/\/vincentians.com\/fr\/jean-gabriel-perboyre-lettre-016-a-son-frere-louis-a-paris\/","url_meta":{"origin":104418,"position":5},"title":"Jean-Gabriel Perboyre, Lettre 016. A son Fr\u00e8re Louis, \u00e0 Paris","author":"Francisco Javier Fern\u00e1ndez Chento","date":"23\/10\/2016","format":false,"excerpt":"Cahors, le 22 septembre 1828 Mon tr\u00e8s cher fr\u00e8re, La gr\u00e2ce de N. S. soit toujours avec nous. Apr\u00e8s avoir pass\u00e9 quinze jours au s\u00e9minaire de Cahors, o\u00f9 j\u2019ai fait ma retraite, et, trois ou quatre jours aupr\u00e8s de nos parents, o\u00f9 bien des personnes m\u2019ont demand\u00e9 de vos nouvelles\u2026","rel":"","context":"Dans &quot;\u00c9crits de Jean-Gabriel Perboyre&quot;","block_context":{"text":"\u00c9crits de Jean-Gabriel Perboyre","link":"https:\/\/vincentians.com\/fr\/category\/ecrits-de-jean-gabriel-perboyre\/"},"img":{"alt_text":"","src":"https:\/\/i0.wp.com\/vincentians.com\/fr\/wp-content\/uploads\/sites\/10\/2016\/07\/cartas-perboyre.jpg?fit=1200%2C630&ssl=1&resize=350%2C200","width":350,"height":200,"srcset":"https:\/\/i0.wp.com\/vincentians.com\/fr\/wp-content\/uploads\/sites\/10\/2016\/07\/cartas-perboyre.jpg?fit=1200%2C630&ssl=1&resize=350%2C200 1x, https:\/\/i0.wp.com\/vincentians.com\/fr\/wp-content\/uploads\/sites\/10\/2016\/07\/cartas-perboyre.jpg?fit=1200%2C630&ssl=1&resize=525%2C300 1.5x, https:\/\/i0.wp.com\/vincentians.com\/fr\/wp-content\/uploads\/sites\/10\/2016\/07\/cartas-perboyre.jpg?fit=1200%2C630&ssl=1&resize=700%2C400 2x, https:\/\/i0.wp.com\/vincentians.com\/fr\/wp-content\/uploads\/sites\/10\/2016\/07\/cartas-perboyre.jpg?fit=1200%2C630&ssl=1&resize=1050%2C600 3x"},"classes":[]}],"_links":{"self":[{"href":"https:\/\/vincentians.com\/fr\/wp-json\/wp\/v2\/posts\/104418","targetHints":{"allow":["GET"]}}],"collection":[{"href":"https:\/\/vincentians.com\/fr\/wp-json\/wp\/v2\/posts"}],"about":[{"href":"https:\/\/vincentians.com\/fr\/wp-json\/wp\/v2\/types\/post"}],"author":[{"embeddable":true,"href":"https:\/\/vincentians.com\/fr\/wp-json\/wp\/v2\/users\/4"}],"replies":[{"embeddable":true,"href":"https:\/\/vincentians.com\/fr\/wp-json\/wp\/v2\/comments?post=104418"}],"version-history":[{"count":0,"href":"https:\/\/vincentians.com\/fr\/wp-json\/wp\/v2\/posts\/104418\/revisions"}],"wp:featuredmedia":[{"embeddable":true,"href":"https:\/\/vincentians.com\/fr\/wp-json\/wp\/v2\/media\/189778"}],"wp:attachment":[{"href":"https:\/\/vincentians.com\/fr\/wp-json\/wp\/v2\/media?parent=104418"}],"wp:term":[{"taxonomy":"category","embeddable":true,"href":"https:\/\/vincentians.com\/fr\/wp-json\/wp\/v2\/categories?post=104418"},{"taxonomy":"post_tag","embeddable":true,"href":"https:\/\/vincentians.com\/fr\/wp-json\/wp\/v2\/tags?post=104418"}],"curies":[{"name":"wp","href":"https:\/\/api.w.org\/{rel}","templated":true}]}}