{"id":104417,"date":"2016-08-28T04:00:58","date_gmt":"2016-08-28T02:00:58","guid":{"rendered":"http:\/\/vincentiens.org\/?p=104417"},"modified":"2016-08-11T21:51:30","modified_gmt":"2016-08-11T19:51:30","slug":"jean-gabriel-perboyre-lettre-008-a-son-frere-louis","status":"publish","type":"post","link":"https:\/\/vincentians.com\/fr\/jean-gabriel-perboyre-lettre-008-a-son-frere-louis\/","title":{"rendered":"Jean-Gabriel Perboyre, Lettre 008. A son Fr\u00e8re Louis"},"content":{"rendered":"<p>Montauban, le 2 septembre 1827.<\/p>\n<p>Mon tr\u00e8s cher fr\u00e8re,<\/p>\n<p>La gr\u00e2ce de N. S. soit toujours avec nous.<\/p>\n<p>Je trouve tant d\u2019occasions pour vous \u00e9crire ces jours-ci, que je serais inexcusable en ne le faisant pas\u00a0: aujourd\u2019hui c\u2019est un jeune protestant converti qui part pour Saint-Sulpice\u00a0; demain c\u2019est M.\u00a0Gratacap qui passe par le courrier\u00a0; il se rend \u00e0 Paris\u00a0; il ira sans doute vous voir.<\/p>\n<p>Je suis arriv\u00e9 \u00e0 Montauban, dimanche au soir 26 ao\u00fbt\u00a0; le 28, j\u2019ai mis une heure \u00e0 me d\u00e9barrasser d\u2019un pan\u00e9gyrique de S. Augustin que les Ursulines m\u2019avaient jet\u00e9 sur le dos. Lundi, 27, j\u2019ai assist\u00e9 au petit s\u00e9minaire \u00e0 l\u2019une des plus belles distributions de prix que j\u2019eusse encore vues\u00a0; certainement pour la musique, je n\u2019avais rien entendu de mieux ni \u00e0 Montdidier ni \u00e0 Saint-Acheul. Monseigneur a \u00e9t\u00e9 enchant\u00e9 de cette brillante c\u00e9r\u00e9monie\u00a0; surtout il a \u00e9t\u00e9 pleinement satisfait des compositions que les Rh\u00e9toriciens y ont lues. Jacou<span id='easy-footnote-1-104417' class='easy-footnote-margin-adjust'><\/span><span class='easy-footnote'><a href='https:\/\/vincentians.com\/fr\/jean-gabriel-perboyre-lettre-008-a-son-frere-louis\/#easy-footnote-bottom-1-104417' title='Jacou, nom familier de Jacques, troisi\u00e8me fr\u00e8re du saint.'><sup>1<\/sup><\/a><\/span> vous marque, je pense, les prix que lui et nos cousins ont remport\u00e9s. Ne vous mettez pas en peine sur ma sant\u00e9\u00a0: vous ne sauriez vous imaginer comme je me refais vite\u00a0; mon oncle, les dames Ursulines chez lesquelles je vais dire la messe tous les jours, ont tant de soin de moi\u00a0!<\/p>\n<p>Je partirai dans le courant de la semaine avec nos fr\u00e8res pour Cahors\u00a0; et apr\u00e8s avoir pass\u00e9 une quinzaine dans la famille, je songerai \u00e0 m\u2019acheminer vers les montagnes d\u2019Auvergne.<\/p>\n<p>Mon oncle a eu une petite indisposition, il est par-faitement remis. Dans ce pays-ci, on s\u2019attend universellement que M.\u00a0Brioude<span id='easy-footnote-2-104417' class='easy-footnote-margin-adjust'><\/span><span class='easy-footnote'><a href='https:\/\/vincentians.com\/fr\/jean-gabriel-perboyre-lettre-008-a-son-frere-louis\/#easy-footnote-bottom-2-104417' title='Brioude (Jean), C.M., pr\u00eatre, n\u00e9 \u00e0 Tourniac, dioc\u00e8se de Saint-Flour, le 17 mars 1791, re\u00e7u au s\u00e9minaire \u00e0 Paris le 11 juin 1818, fit les v\u0153ux le 25 ao\u00fbt 1820, fut ordonn\u00e9 pr\u00eatre le 25 mars 1815. Sup\u00e9rieur des Grands s\u00e9minaires de Vannes et d\u2019Amiens, Visiteur, d\u00e9c\u00e9d\u00e9 \u00e0 Paris le 24 septembre 1881.'><sup>2<\/sup><\/a><\/span> sera sup\u00e9rieur \u00e0 Cahors, on le regarde comme un homme du premier m\u00e9rite, ce qui n\u2019est pas une nouvelle pour vous. Mon oncle a demand\u00e9 M.\u00a0Touvre<span id='easy-footnote-3-104417' class='easy-footnote-margin-adjust'><\/span><span class='easy-footnote'><a href='https:\/\/vincentians.com\/fr\/jean-gabriel-perboyre-lettre-008-a-son-frere-louis\/#easy-footnote-bottom-3-104417' title='Touvre (Barth\u00e9lemy), C.M., pr\u00eatre, n\u00e9 \u00e0 Metz le 2 d\u00e9cembre 1799, re\u00e7u au s\u00e9minaire \u00e0 Paris le 10 octobre 1820, fit les v\u0153ux le 18 octobre 1822, d\u00e9c\u00e9d\u00e9 \u00e0 Vienne (Autriche) le 9 mai 1880.'><sup>3<\/sup><\/a><\/span> ou M.\u00a0Baudrez<span id='easy-footnote-4-104417' class='easy-footnote-margin-adjust'><\/span><span class='easy-footnote'><a href='https:\/\/vincentians.com\/fr\/jean-gabriel-perboyre-lettre-008-a-son-frere-louis\/#easy-footnote-bottom-4-104417' title='Baudrez (Amand-Thomas), C.M., pr\u00eatre, n\u00e9 \u00e0 Sailly-en-Ar, dioc\u00e8se d\u2019Amiens, le 17 d\u00e9cembre 1800, re\u00e7u au s\u00e9minaire le 30 ao\u00fbt 1824, fit les v\u0153ux le 31 ao\u00fbt 1826, d\u00e9c\u00e9d\u00e9 \u00e0 Paris le 21 juillet 1854.'><sup>4<\/sup><\/a><\/span> pour son petit s\u00e9minaire\u00a0: il serait bien \u00e0 d\u00e9sirer qu\u2019on lui accord\u00e2t l\u2019un ou l\u2019autre.<\/p>\n<p>Il serait inutile de vous dire combien il est content de voir enfin se r\u00e9aliser un de ses v\u0153ux les plus ardents.<\/p>\n<p>MM.\u00a0Barbier<span id='easy-footnote-5-104417' class='easy-footnote-margin-adjust'><\/span><span class='easy-footnote'><a href='https:\/\/vincentians.com\/fr\/jean-gabriel-perboyre-lettre-008-a-son-frere-louis\/#easy-footnote-bottom-5-104417' title='Barbier (Fran\u00e7ois), C.M., pr\u00eatre, n\u00e9 \u00e0 Aronas, dioc\u00e8se de Saint-Claude, le 1 octobre 1798, re\u00e7u au s\u00e9minaire le 15 novembre 1824, fit les v\u0153ux le 16 novembre 1826, d\u00e9c\u00e9d\u00e9 aux Barrens (Etats-Unis) le 10 septembre 1869.'><sup>5<\/sup><\/a><\/span> et Leguenec<span id='easy-footnote-6-104417' class='easy-footnote-margin-adjust'><\/span><span class='easy-footnote'><a href='https:\/\/vincentians.com\/fr\/jean-gabriel-perboyre-lettre-008-a-son-frere-louis\/#easy-footnote-bottom-6-104417' title='Le Guennec (Fran\u00e7ois), C.M., pr\u00eatre, n\u00e9 \u00e0 Brech-Pluviguer, dioc\u00e8se de Vannes, le 18 octobre 1800, re\u00e7u au s\u00e9minaire \u00e0 Paris le 5 f\u00e9vrier 1825\u00a0; fit les v\u0153ux \u00e0 Montauban le 11 l\u00e9vrier 1827\u00a0; d\u00e9c\u00e9d\u00e9 \u00e0 Paris le 10 janvier 1880.'><sup>6<\/sup><\/a><\/span>, et ma cousine Sainte-Claire m\u2019ont charg\u00e9 de les rappeler \u00e0 votre souvenir ainsi qu\u2019\u00e0 celui de M.\u00a0Gabriel<span id='easy-footnote-7-104417' class='easy-footnote-margin-adjust'><\/span><span class='easy-footnote'><a href='https:\/\/vincentians.com\/fr\/jean-gabriel-perboyre-lettre-008-a-son-frere-louis\/#easy-footnote-bottom-7-104417' title='Gabriel Perboyre, C.M., pr\u00eatre, cousin du saint, n\u00e9 \u00e0 Catus, dioc\u00e8se de Cahors, le 25 janvier 1808, re\u00e7u au s\u00e9minaire le 23 juin 1827, fit les v\u0153ux le 24 juin 1829. Assistant et procureur \u00e0 la Maison-M\u00e8re. Archiviste \u00e9m\u00e9rite auquel la Congr\u00e9gation de la Mission doit une s\u00e9rie de M\u00e9moires ant\u00e9rieurs \u00e0 la R\u00e9volution fran\u00e7aise. Mort sup\u00e9rieur \u00e0 Montolieu le 17 mai 1880.'><sup>7<\/sup><\/a><\/span> que j\u2019embrasse aussi pour ma part <em>ex lotis<\/em> <em>praecordiis<\/em>.<\/p>\n<p>Pr\u00e9sentez mes tr\u00e8s humbles et tr\u00e8s respectueux hommages \u00e0 notre tr\u00e8s honor\u00e9 P\u00e8re.<\/p>\n<p>Je vous serais oblig\u00e9 aussi, si vous pouviez offrir mes respects \u00e0 ceux de ces Messieurs que j\u2019ai l\u2019honneur de conna\u00eetre, et mes amiti\u00e9s \u00e0 ces charmants confr\u00e8res avec lesquels vous vivez.<\/p>\n<p>Adieu, mon cher fr\u00e8re,<\/p>\n<p>soyez s\u00fbr que je serai au Puech comme je l\u2019ai \u00e9t\u00e9 \u00e0 Montauban, le fid\u00e8le interpr\u00e8te de vos sentiments.<\/p>\n<p>Tout \u00e0 vous en N. S.<\/p>\n<p>J.G. Perboyre ind. p<sup>tre<\/sup> d. l. m.<\/p>\n<p><em>Suscription<\/em>\u00a0: A Monsieur Louis Perboyre, \u00e0 Paris rue de S\u00e8vres 95 \u2014 Seine.<\/p>\n","protected":false},"excerpt":{"rendered":"<p>Montauban, le 2 septembre 1827. Mon tr\u00e8s cher fr\u00e8re, La gr\u00e2ce de N. S. soit toujours avec nous. Je trouve tant d\u2019occasions pour vous \u00e9crire ces jours-ci, que je serais inexcusable en ne le faisant &#8230; <a href=\"https:\/\/vincentians.com\/fr\/jean-gabriel-perboyre-lettre-008-a-son-frere-louis\/\" class=\"more-link\">Read More<\/a><\/p>\n","protected":false},"author":4,"featured_media":189778,"comment_status":"open","ping_status":"open","sticky":false,"template":"","format":"standard","meta":{"jetpack_post_was_ever_published":false,"_jetpack_newsletter_access":"","_jetpack_dont_email_post_to_subs":false,"_jetpack_newsletter_tier_id":0,"_jetpack_memberships_contains_paywalled_content":false,"_jetpack_memberships_contains_paid_content":false,"footnotes":"","jetpack_publicize_message":"","jetpack_publicize_feature_enabled":true,"jetpack_social_post_already_shared":true,"jetpack_social_options":{"image_generator_settings":{"template":"highway","default_image_id":0,"font":"","enabled":false},"version":2}},"categories":[114],"tags":[],"class_list":["post-104417","post","type-post","status-publish","format-standard","has-post-thumbnail","hentry","category-ecrits-de-jean-gabriel-perboyre"],"yoast_head":"<!-- This site is optimized with the Yoast SEO plugin v26.3 - https:\/\/yoast.com\/wordpress\/plugins\/seo\/ -->\n<title>Jean-Gabriel Perboyre, Lettre 008. A son Fr\u00e8re Louis - Nous Sommes Vincentiens<\/title>\n<meta name=\"robots\" content=\"index, follow, max-snippet:-1, max-image-preview:large, max-video-preview:-1\" \/>\n<link rel=\"canonical\" href=\"http:\/\/vincentians.com\/fr\/jean-gabriel-perboyre-lettre-008-a-son-frere-louis\/\" \/>\n<meta property=\"og:locale\" content=\"fr_FR\" \/>\n<meta property=\"og:type\" content=\"article\" \/>\n<meta property=\"og:title\" content=\"Jean-Gabriel Perboyre, Lettre 008. A son Fr\u00e8re Louis - Nous Sommes Vincentiens\" \/>\n<meta property=\"og:description\" content=\"Montauban, le 2 septembre 1827. Mon tr\u00e8s cher fr\u00e8re, La gr\u00e2ce de N. S. soit toujours avec nous. Je trouve tant d\u2019occasions pour vous \u00e9crire ces jours-ci, que je serais inexcusable en ne le faisant ... Read More\" \/>\n<meta property=\"og:url\" content=\"http:\/\/vincentians.com\/fr\/jean-gabriel-perboyre-lettre-008-a-son-frere-louis\/\" \/>\n<meta property=\"og:site_name\" content=\"Nous Sommes Vincentiens\" \/>\n<meta property=\"article:publisher\" content=\"https:\/\/www.facebook.com\/WeAreVincentians\/\" \/>\n<meta property=\"article:author\" content=\"https:\/\/www.facebook.com\/JavierChento\" \/>\n<meta property=\"article:published_time\" content=\"2016-08-28T02:00:58+00:00\" \/>\n<meta property=\"og:image\" content=\"https:\/\/i0.wp.com\/vincentians.com\/fr\/wp-content\/uploads\/sites\/10\/2016\/07\/cartas-perboyre.jpg?fit=1200%2C630\" \/>\n\t<meta property=\"og:image:width\" content=\"1200\" \/>\n\t<meta property=\"og:image:height\" content=\"630\" \/>\n\t<meta property=\"og:image:type\" content=\"image\/jpeg\" \/>\n<meta name=\"author\" content=\"Francisco Javier Fern\u00e1ndez Chento\" \/>\n<meta name=\"twitter:card\" content=\"summary_large_image\" \/>\n<meta name=\"twitter:creator\" content=\"@https:\/\/twitter.com\/javierchento\" \/>\n<meta name=\"twitter:site\" content=\"@WeVincentians\" \/>\n<meta name=\"twitter:label1\" content=\"\u00c9crit par\" \/>\n\t<meta name=\"twitter:data1\" content=\"Francisco Javier Fern\u00e1ndez Chento\" \/>\n\t<meta name=\"twitter:label2\" content=\"Dur\u00e9e de lecture estim\u00e9e\" \/>\n\t<meta name=\"twitter:data2\" content=\"4 minutes\" \/>\n<script type=\"application\/ld+json\" class=\"yoast-schema-graph\">{\"@context\":\"https:\/\/schema.org\",\"@graph\":[{\"@type\":\"WebPage\",\"@id\":\"http:\/\/vincentians.com\/fr\/jean-gabriel-perboyre-lettre-008-a-son-frere-louis\/\",\"url\":\"http:\/\/vincentians.com\/fr\/jean-gabriel-perboyre-lettre-008-a-son-frere-louis\/\",\"name\":\"Jean-Gabriel Perboyre, Lettre 008. A son Fr\u00e8re Louis - Nous Sommes Vincentiens\",\"isPartOf\":{\"@id\":\"http:\/\/vincentians.com\/fr\/#website\"},\"primaryImageOfPage\":{\"@id\":\"http:\/\/vincentians.com\/fr\/jean-gabriel-perboyre-lettre-008-a-son-frere-louis\/#primaryimage\"},\"image\":{\"@id\":\"http:\/\/vincentians.com\/fr\/jean-gabriel-perboyre-lettre-008-a-son-frere-louis\/#primaryimage\"},\"thumbnailUrl\":\"https:\/\/i0.wp.com\/vincentians.com\/fr\/wp-content\/uploads\/sites\/10\/2016\/07\/cartas-perboyre.jpg?fit=1200%2C630&ssl=1\",\"datePublished\":\"2016-08-28T02:00:58+00:00\",\"author\":{\"@id\":\"http:\/\/vincentians.com\/fr\/#\/schema\/person\/9623ef4d9aa3b2dfb8c061f1499288f2\"},\"breadcrumb\":{\"@id\":\"http:\/\/vincentians.com\/fr\/jean-gabriel-perboyre-lettre-008-a-son-frere-louis\/#breadcrumb\"},\"inLanguage\":\"fr-FR\",\"potentialAction\":[{\"@type\":\"ReadAction\",\"target\":[\"http:\/\/vincentians.com\/fr\/jean-gabriel-perboyre-lettre-008-a-son-frere-louis\/\"]}]},{\"@type\":\"ImageObject\",\"inLanguage\":\"fr-FR\",\"@id\":\"http:\/\/vincentians.com\/fr\/jean-gabriel-perboyre-lettre-008-a-son-frere-louis\/#primaryimage\",\"url\":\"https:\/\/i0.wp.com\/vincentians.com\/fr\/wp-content\/uploads\/sites\/10\/2016\/07\/cartas-perboyre.jpg?fit=1200%2C630&ssl=1\",\"contentUrl\":\"https:\/\/i0.wp.com\/vincentians.com\/fr\/wp-content\/uploads\/sites\/10\/2016\/07\/cartas-perboyre.jpg?fit=1200%2C630&ssl=1\",\"width\":1200,\"height\":630},{\"@type\":\"BreadcrumbList\",\"@id\":\"http:\/\/vincentians.com\/fr\/jean-gabriel-perboyre-lettre-008-a-son-frere-louis\/#breadcrumb\",\"itemListElement\":[{\"@type\":\"ListItem\",\"position\":1,\"name\":\"Portada\",\"item\":\"http:\/\/vincentians.com\/fr\/\"},{\"@type\":\"ListItem\",\"position\":2,\"name\":\"Jean-Gabriel Perboyre, Lettre 008. A son Fr\u00e8re Louis\"}]},{\"@type\":\"WebSite\",\"@id\":\"http:\/\/vincentians.com\/fr\/#website\",\"url\":\"http:\/\/vincentians.com\/fr\/\",\"name\":\"Nous Sommes Vincentiens\",\"description\":\"Know more to serve more\",\"potentialAction\":[{\"@type\":\"SearchAction\",\"target\":{\"@type\":\"EntryPoint\",\"urlTemplate\":\"http:\/\/vincentians.com\/fr\/?s={search_term_string}\"},\"query-input\":{\"@type\":\"PropertyValueSpecification\",\"valueRequired\":true,\"valueName\":\"search_term_string\"}}],\"inLanguage\":\"fr-FR\"},{\"@type\":\"Person\",\"@id\":\"http:\/\/vincentians.com\/fr\/#\/schema\/person\/9623ef4d9aa3b2dfb8c061f1499288f2\",\"name\":\"Francisco Javier Fern\u00e1ndez Chento\",\"image\":{\"@type\":\"ImageObject\",\"inLanguage\":\"fr-FR\",\"@id\":\"http:\/\/vincentians.com\/fr\/#\/schema\/person\/image\/\",\"url\":\"https:\/\/secure.gravatar.com\/avatar\/497d5cde87b4c3d097d0315953521681ba2cd523ee66e5077c3711f7021e65de?s=96&d=mm&r=g\",\"contentUrl\":\"https:\/\/secure.gravatar.com\/avatar\/497d5cde87b4c3d097d0315953521681ba2cd523ee66e5077c3711f7021e65de?s=96&d=mm&r=g\",\"caption\":\"Francisco Javier Fern\u00e1ndez Chento\"},\"description\":\"Director General y cofundador de La Red de Formaci\u00f3n Vicenciana. Javier es laico vicenciano, afiliado a la Congregaci\u00f3n de la Misi\u00f3n y miembro del Equipo de Misiones Populares de la provincia can\u00f3nica de Zaragoza (Espa\u00f1a) de la Congregaci\u00f3n de la Misi\u00f3n. Graduado en la Universidad Oberta de Catalunya con cuatro grados (Asistente de direcci\u00f3n, Gesti\u00f3n Administrativa, Recursos Humanos y Contabilidad Avanzada). Bil\u00edng\u00fce Espa\u00f1ol\/Ingl\u00e9s. gestiona y mantiene varias p\u00e1ginas web cristianas y vicencianas, incluida including La Red de Formaci\u00f3n Vicenciana, de la que es cofundador. Actualmente es responsable del \u00e1rea de Espa\u00f1ol de .famvin, la Red de Noticias de la Familia Vicenciana. Tambi\u00e9n es m\u00fasico cat\u00f3lico y ha editado varios discos. Es Director General y cofundador de Trovador, una reconocida compa\u00f1\u00eda discogr\u00e1fica critiana de Espa\u00f1a. Trabaja en las Tecnolog\u00edas de la Informaci\u00f3n, ofreciendo servicios de alojamiento, dise\u00f1o y mantenimiento Web, as\u00ed como asesoramiento, formaci\u00f3n y soluciones inform\u00e1ticas, gesti\u00f3n documental y digitalizaci\u00f3n de textos, edici\u00f3n y maquetaci\u00f3n de libros, revistas, flyers, etc.\",\"sameAs\":[\"http:\/\/chento.org\",\"https:\/\/www.facebook.com\/JavierChento\",\"https:\/\/x.com\/https:\/\/twitter.com\/javierchento\"],\"url\":\"https:\/\/vincentians.com\/fr\/author\/chento\/\"}]}<\/script>\n<!-- \/ Yoast SEO plugin. -->","yoast_head_json":{"title":"Jean-Gabriel Perboyre, Lettre 008. A son Fr\u00e8re Louis - Nous Sommes Vincentiens","robots":{"index":"index","follow":"follow","max-snippet":"max-snippet:-1","max-image-preview":"max-image-preview:large","max-video-preview":"max-video-preview:-1"},"canonical":"http:\/\/vincentians.com\/fr\/jean-gabriel-perboyre-lettre-008-a-son-frere-louis\/","og_locale":"fr_FR","og_type":"article","og_title":"Jean-Gabriel Perboyre, Lettre 008. A son Fr\u00e8re Louis - Nous Sommes Vincentiens","og_description":"Montauban, le 2 septembre 1827. Mon tr\u00e8s cher fr\u00e8re, La gr\u00e2ce de N. S. soit toujours avec nous. Je trouve tant d\u2019occasions pour vous \u00e9crire ces jours-ci, que je serais inexcusable en ne le faisant ... Read More","og_url":"http:\/\/vincentians.com\/fr\/jean-gabriel-perboyre-lettre-008-a-son-frere-louis\/","og_site_name":"Nous Sommes Vincentiens","article_publisher":"https:\/\/www.facebook.com\/WeAreVincentians\/","article_author":"https:\/\/www.facebook.com\/JavierChento","article_published_time":"2016-08-28T02:00:58+00:00","og_image":[{"width":1200,"height":630,"url":"https:\/\/i0.wp.com\/vincentians.com\/fr\/wp-content\/uploads\/sites\/10\/2016\/07\/cartas-perboyre.jpg?fit=1200%2C630","type":"image\/jpeg"}],"author":"Francisco Javier Fern\u00e1ndez Chento","twitter_card":"summary_large_image","twitter_creator":"@https:\/\/twitter.com\/javierchento","twitter_site":"@WeVincentians","twitter_misc":{"\u00c9crit par":"Francisco Javier Fern\u00e1ndez Chento","Dur\u00e9e de lecture estim\u00e9e":"4 minutes"},"schema":{"@context":"https:\/\/schema.org","@graph":[{"@type":"WebPage","@id":"http:\/\/vincentians.com\/fr\/jean-gabriel-perboyre-lettre-008-a-son-frere-louis\/","url":"http:\/\/vincentians.com\/fr\/jean-gabriel-perboyre-lettre-008-a-son-frere-louis\/","name":"Jean-Gabriel Perboyre, Lettre 008. A son Fr\u00e8re Louis - Nous Sommes Vincentiens","isPartOf":{"@id":"http:\/\/vincentians.com\/fr\/#website"},"primaryImageOfPage":{"@id":"http:\/\/vincentians.com\/fr\/jean-gabriel-perboyre-lettre-008-a-son-frere-louis\/#primaryimage"},"image":{"@id":"http:\/\/vincentians.com\/fr\/jean-gabriel-perboyre-lettre-008-a-son-frere-louis\/#primaryimage"},"thumbnailUrl":"https:\/\/i0.wp.com\/vincentians.com\/fr\/wp-content\/uploads\/sites\/10\/2016\/07\/cartas-perboyre.jpg?fit=1200%2C630&ssl=1","datePublished":"2016-08-28T02:00:58+00:00","author":{"@id":"http:\/\/vincentians.com\/fr\/#\/schema\/person\/9623ef4d9aa3b2dfb8c061f1499288f2"},"breadcrumb":{"@id":"http:\/\/vincentians.com\/fr\/jean-gabriel-perboyre-lettre-008-a-son-frere-louis\/#breadcrumb"},"inLanguage":"fr-FR","potentialAction":[{"@type":"ReadAction","target":["http:\/\/vincentians.com\/fr\/jean-gabriel-perboyre-lettre-008-a-son-frere-louis\/"]}]},{"@type":"ImageObject","inLanguage":"fr-FR","@id":"http:\/\/vincentians.com\/fr\/jean-gabriel-perboyre-lettre-008-a-son-frere-louis\/#primaryimage","url":"https:\/\/i0.wp.com\/vincentians.com\/fr\/wp-content\/uploads\/sites\/10\/2016\/07\/cartas-perboyre.jpg?fit=1200%2C630&ssl=1","contentUrl":"https:\/\/i0.wp.com\/vincentians.com\/fr\/wp-content\/uploads\/sites\/10\/2016\/07\/cartas-perboyre.jpg?fit=1200%2C630&ssl=1","width":1200,"height":630},{"@type":"BreadcrumbList","@id":"http:\/\/vincentians.com\/fr\/jean-gabriel-perboyre-lettre-008-a-son-frere-louis\/#breadcrumb","itemListElement":[{"@type":"ListItem","position":1,"name":"Portada","item":"http:\/\/vincentians.com\/fr\/"},{"@type":"ListItem","position":2,"name":"Jean-Gabriel Perboyre, Lettre 008. A son Fr\u00e8re Louis"}]},{"@type":"WebSite","@id":"http:\/\/vincentians.com\/fr\/#website","url":"http:\/\/vincentians.com\/fr\/","name":"Nous Sommes Vincentiens","description":"Know more to serve more","potentialAction":[{"@type":"SearchAction","target":{"@type":"EntryPoint","urlTemplate":"http:\/\/vincentians.com\/fr\/?s={search_term_string}"},"query-input":{"@type":"PropertyValueSpecification","valueRequired":true,"valueName":"search_term_string"}}],"inLanguage":"fr-FR"},{"@type":"Person","@id":"http:\/\/vincentians.com\/fr\/#\/schema\/person\/9623ef4d9aa3b2dfb8c061f1499288f2","name":"Francisco Javier Fern\u00e1ndez Chento","image":{"@type":"ImageObject","inLanguage":"fr-FR","@id":"http:\/\/vincentians.com\/fr\/#\/schema\/person\/image\/","url":"https:\/\/secure.gravatar.com\/avatar\/497d5cde87b4c3d097d0315953521681ba2cd523ee66e5077c3711f7021e65de?s=96&d=mm&r=g","contentUrl":"https:\/\/secure.gravatar.com\/avatar\/497d5cde87b4c3d097d0315953521681ba2cd523ee66e5077c3711f7021e65de?s=96&d=mm&r=g","caption":"Francisco Javier Fern\u00e1ndez Chento"},"description":"Director General y cofundador de La Red de Formaci\u00f3n Vicenciana. Javier es laico vicenciano, afiliado a la Congregaci\u00f3n de la Misi\u00f3n y miembro del Equipo de Misiones Populares de la provincia can\u00f3nica de Zaragoza (Espa\u00f1a) de la Congregaci\u00f3n de la Misi\u00f3n. Graduado en la Universidad Oberta de Catalunya con cuatro grados (Asistente de direcci\u00f3n, Gesti\u00f3n Administrativa, Recursos Humanos y Contabilidad Avanzada). Bil\u00edng\u00fce Espa\u00f1ol\/Ingl\u00e9s. gestiona y mantiene varias p\u00e1ginas web cristianas y vicencianas, incluida including La Red de Formaci\u00f3n Vicenciana, de la que es cofundador. Actualmente es responsable del \u00e1rea de Espa\u00f1ol de .famvin, la Red de Noticias de la Familia Vicenciana. Tambi\u00e9n es m\u00fasico cat\u00f3lico y ha editado varios discos. Es Director General y cofundador de Trovador, una reconocida compa\u00f1\u00eda discogr\u00e1fica critiana de Espa\u00f1a. Trabaja en las Tecnolog\u00edas de la Informaci\u00f3n, ofreciendo servicios de alojamiento, dise\u00f1o y mantenimiento Web, as\u00ed como asesoramiento, formaci\u00f3n y soluciones inform\u00e1ticas, gesti\u00f3n documental y digitalizaci\u00f3n de textos, edici\u00f3n y maquetaci\u00f3n de libros, revistas, flyers, etc.","sameAs":["http:\/\/chento.org","https:\/\/www.facebook.com\/JavierChento","https:\/\/x.com\/https:\/\/twitter.com\/javierchento"],"url":"https:\/\/vincentians.com\/fr\/author\/chento\/"}]}},"jetpack_publicize_connections":[],"jetpack_featured_media_url":"https:\/\/i0.wp.com\/vincentians.com\/fr\/wp-content\/uploads\/sites\/10\/2016\/07\/cartas-perboyre.jpg?fit=1200%2C630&ssl=1","jetpack_sharing_enabled":true,"jetpack_shortlink":"https:\/\/wp.me\/p7ETMP-ra9","jetpack-related-posts":[{"id":104472,"url":"https:\/\/vincentians.com\/fr\/jean-gabriel-perboyre-lettre-033-a-son-oncle-a-montauban\/","url_meta":{"origin":104417,"position":0},"title":"Jean-Gabriel Perboyre, Lettre 033. A son Oncle, \u00e0 Montauban","author":"Francisco Javier Fern\u00e1ndez Chento","date":"19\/02\/2017","format":false,"excerpt":"Mon tr\u00e8s cher oncle, J\u2019ai trop diff\u00e9r\u00e9 de vous donner la r\u00e9ponse que vous attendiez. Je ne chercherai point d\u2019excuses parce que je n\u2019en trouverais pas de bonnes. Apollonie est arriv\u00e9e heureusement avec ses deux compagnes. Elles m\u2019ont charg\u00e9 de vous l\u2019annoncer parce qu\u2019elles ne peuvent pas vous \u00e9crire encore.\u2026","rel":"","context":"Dans &quot;\u00c9crits de Jean-Gabriel Perboyre&quot;","block_context":{"text":"\u00c9crits de Jean-Gabriel Perboyre","link":"https:\/\/vincentians.com\/fr\/category\/ecrits-de-jean-gabriel-perboyre\/"},"img":{"alt_text":"","src":"https:\/\/i0.wp.com\/vincentians.com\/fr\/wp-content\/uploads\/sites\/10\/2016\/07\/cartas-perboyre.jpg?fit=1200%2C630&ssl=1&resize=350%2C200","width":350,"height":200,"srcset":"https:\/\/i0.wp.com\/vincentians.com\/fr\/wp-content\/uploads\/sites\/10\/2016\/07\/cartas-perboyre.jpg?fit=1200%2C630&ssl=1&resize=350%2C200 1x, https:\/\/i0.wp.com\/vincentians.com\/fr\/wp-content\/uploads\/sites\/10\/2016\/07\/cartas-perboyre.jpg?fit=1200%2C630&ssl=1&resize=525%2C300 1.5x, https:\/\/i0.wp.com\/vincentians.com\/fr\/wp-content\/uploads\/sites\/10\/2016\/07\/cartas-perboyre.jpg?fit=1200%2C630&ssl=1&resize=700%2C400 2x, https:\/\/i0.wp.com\/vincentians.com\/fr\/wp-content\/uploads\/sites\/10\/2016\/07\/cartas-perboyre.jpg?fit=1200%2C630&ssl=1&resize=1050%2C600 3x"},"classes":[]},{"id":104263,"url":"https:\/\/vincentians.com\/fr\/jean-gabriel-perboyre-lettre-001-a-son-pere\/","url_meta":{"origin":104417,"position":1},"title":"Jean-Gabriel Perboyre, Lettre 001. A son P\u00e8re","author":"Francisco Javier Fern\u00e1ndez Chento","date":"07\/07\/2016","format":false,"excerpt":"Montauban, 9 mai 1817. Mon cher p\u00e8re, Il y a d\u00e9j\u00e0 longtemps que je n\u2019ai pas re\u00e7u de vos nouvelles, il me tarde de savoir si vous jouissez tous d\u2019une bonne sant\u00e9. Je voulais vous \u00e9crire, mais comme je n\u2019ai jamais fait de lettres, ni m\u00eame lu, je n\u2019osais pas\u2026","rel":"","context":"Dans &quot;\u00c9crits de Jean-Gabriel Perboyre&quot;","block_context":{"text":"\u00c9crits de Jean-Gabriel Perboyre","link":"https:\/\/vincentians.com\/fr\/category\/ecrits-de-jean-gabriel-perboyre\/"},"img":{"alt_text":"","src":"https:\/\/i0.wp.com\/vincentians.com\/fr\/wp-content\/uploads\/sites\/10\/2016\/07\/cartas-perboyre.jpg?fit=1200%2C630&ssl=1&resize=350%2C200","width":350,"height":200,"srcset":"https:\/\/i0.wp.com\/vincentians.com\/fr\/wp-content\/uploads\/sites\/10\/2016\/07\/cartas-perboyre.jpg?fit=1200%2C630&ssl=1&resize=350%2C200 1x, https:\/\/i0.wp.com\/vincentians.com\/fr\/wp-content\/uploads\/sites\/10\/2016\/07\/cartas-perboyre.jpg?fit=1200%2C630&ssl=1&resize=525%2C300 1.5x, https:\/\/i0.wp.com\/vincentians.com\/fr\/wp-content\/uploads\/sites\/10\/2016\/07\/cartas-perboyre.jpg?fit=1200%2C630&ssl=1&resize=700%2C400 2x, https:\/\/i0.wp.com\/vincentians.com\/fr\/wp-content\/uploads\/sites\/10\/2016\/07\/cartas-perboyre.jpg?fit=1200%2C630&ssl=1&resize=1050%2C600 3x"},"classes":[]},{"id":104424,"url":"https:\/\/vincentians.com\/fr\/jean-gabriel-perboyre-lettre-015-a-son-frere-jacques-a-montauban\/","url_meta":{"origin":104417,"position":2},"title":"Jean-Gabriel Perboyre, Lettre 015. A son Fr\u00e8re Jacques, \u00e0 Montauban","author":"Francisco Javier Fern\u00e1ndez Chento","date":"16\/10\/2016","format":false,"excerpt":"Saint-Flour, 17 ao\u00fbt 1828. Vos v\u0153ux sont exauc\u00e9s, mon cher fr\u00e8re, vous irez l\u2019ann\u00e9e prochaine \u00e0 Montdidier, pourvu que notre cher oncle ne s\u2019y oppose, ce que je suis bien loin de penser. Songez donc \u00e0 pr\u00e9parer votre trousseau. Il faudrait partir au plus tard vers la mi-septembre. Si vous\u2026","rel":"","context":"Dans &quot;\u00c9crits de Jean-Gabriel Perboyre&quot;","block_context":{"text":"\u00c9crits de Jean-Gabriel Perboyre","link":"https:\/\/vincentians.com\/fr\/category\/ecrits-de-jean-gabriel-perboyre\/"},"img":{"alt_text":"","src":"https:\/\/i0.wp.com\/vincentians.com\/fr\/wp-content\/uploads\/sites\/10\/2016\/07\/cartas-perboyre.jpg?fit=1200%2C630&ssl=1&resize=350%2C200","width":350,"height":200,"srcset":"https:\/\/i0.wp.com\/vincentians.com\/fr\/wp-content\/uploads\/sites\/10\/2016\/07\/cartas-perboyre.jpg?fit=1200%2C630&ssl=1&resize=350%2C200 1x, https:\/\/i0.wp.com\/vincentians.com\/fr\/wp-content\/uploads\/sites\/10\/2016\/07\/cartas-perboyre.jpg?fit=1200%2C630&ssl=1&resize=525%2C300 1.5x, https:\/\/i0.wp.com\/vincentians.com\/fr\/wp-content\/uploads\/sites\/10\/2016\/07\/cartas-perboyre.jpg?fit=1200%2C630&ssl=1&resize=700%2C400 2x, https:\/\/i0.wp.com\/vincentians.com\/fr\/wp-content\/uploads\/sites\/10\/2016\/07\/cartas-perboyre.jpg?fit=1200%2C630&ssl=1&resize=1050%2C600 3x"},"classes":[]},{"id":105044,"url":"https:\/\/vincentians.com\/fr\/jean-gabriel-perboyre-lettre-039-a-son-oncle-a-montauban\/","url_meta":{"origin":104417,"position":3},"title":"Jean-Gabriel Perboyre, Lettre 039. A son Oncle, \u00e0 Montauban","author":"Francisco Javier Fern\u00e1ndez Chento","date":"02\/04\/2017","format":false,"excerpt":"Mon tr\u00e8s cher oncle, J\u2019ai un peu diff\u00e9r\u00e9 de r\u00e9pondre \u00e0 votre derni\u00e8re lettre, parce que je ne voulais pas seulement vous annoncer l\u2019arriv\u00e9e de M.\u00a0Deljougla, mais encore la d\u00e9termination qu\u2019il aurait prise apr\u00e8s avoir pass\u00e9 par la retraite. Sa vocation n\u2019\u00e9tait fond\u00e9e sur rien de solide et de surnaturel\u00a0:\u2026","rel":"","context":"Dans &quot;\u00c9crits de Jean-Gabriel Perboyre&quot;","block_context":{"text":"\u00c9crits de Jean-Gabriel Perboyre","link":"https:\/\/vincentians.com\/fr\/category\/ecrits-de-jean-gabriel-perboyre\/"},"img":{"alt_text":"","src":"https:\/\/i0.wp.com\/vincentians.com\/fr\/wp-content\/uploads\/sites\/10\/2016\/07\/cartas-perboyre.jpg?fit=1200%2C630&ssl=1&resize=350%2C200","width":350,"height":200,"srcset":"https:\/\/i0.wp.com\/vincentians.com\/fr\/wp-content\/uploads\/sites\/10\/2016\/07\/cartas-perboyre.jpg?fit=1200%2C630&ssl=1&resize=350%2C200 1x, https:\/\/i0.wp.com\/vincentians.com\/fr\/wp-content\/uploads\/sites\/10\/2016\/07\/cartas-perboyre.jpg?fit=1200%2C630&ssl=1&resize=525%2C300 1.5x, https:\/\/i0.wp.com\/vincentians.com\/fr\/wp-content\/uploads\/sites\/10\/2016\/07\/cartas-perboyre.jpg?fit=1200%2C630&ssl=1&resize=700%2C400 2x, https:\/\/i0.wp.com\/vincentians.com\/fr\/wp-content\/uploads\/sites\/10\/2016\/07\/cartas-perboyre.jpg?fit=1200%2C630&ssl=1&resize=1050%2C600 3x"},"classes":[]},{"id":107178,"url":"https:\/\/vincentians.com\/fr\/jean-gabriel-perboyre-lettre-053-a-son-oncle-a-montauban\/","url_meta":{"origin":104417,"position":4},"title":"Jean-Gabriel Perboyre, Lettre 053. A son Oncle, \u00e0 Montauban","author":"Francisco Javier Fern\u00e1ndez Chento","date":"09\/07\/2017","format":false,"excerpt":"Paris, le 3 janvier 1835. Mon tr\u00e8s cher oncle, Il y a quelques jours que je vous ai exp\u00e9di\u00e9 sous bande, par la poste, la circulaire de la nouvelle ann\u00e9e. Je pense que vous l\u2019aurez re\u00e7ue. J\u2019ai bien regrett\u00e9 de n\u2019avoir pas pu l\u2019accompagner d\u2019une lettre pour vous exprimer mes\u2026","rel":"","context":"Dans &quot;\u00c9crits de Jean-Gabriel Perboyre&quot;","block_context":{"text":"\u00c9crits de Jean-Gabriel Perboyre","link":"https:\/\/vincentians.com\/fr\/category\/ecrits-de-jean-gabriel-perboyre\/"},"img":{"alt_text":"","src":"https:\/\/i0.wp.com\/vincentians.com\/fr\/wp-content\/uploads\/sites\/10\/2016\/07\/cartas-perboyre.jpg?fit=1200%2C630&ssl=1&resize=350%2C200","width":350,"height":200,"srcset":"https:\/\/i0.wp.com\/vincentians.com\/fr\/wp-content\/uploads\/sites\/10\/2016\/07\/cartas-perboyre.jpg?fit=1200%2C630&ssl=1&resize=350%2C200 1x, https:\/\/i0.wp.com\/vincentians.com\/fr\/wp-content\/uploads\/sites\/10\/2016\/07\/cartas-perboyre.jpg?fit=1200%2C630&ssl=1&resize=525%2C300 1.5x, https:\/\/i0.wp.com\/vincentians.com\/fr\/wp-content\/uploads\/sites\/10\/2016\/07\/cartas-perboyre.jpg?fit=1200%2C630&ssl=1&resize=700%2C400 2x, https:\/\/i0.wp.com\/vincentians.com\/fr\/wp-content\/uploads\/sites\/10\/2016\/07\/cartas-perboyre.jpg?fit=1200%2C630&ssl=1&resize=1050%2C600 3x"},"classes":[]},{"id":107692,"url":"https:\/\/vincentians.com\/fr\/une-semence-deternite-saint-jean-gabriel-perboyre-pretre-de-la-mission-martyr-premier-saint-de-chine-03\/","url_meta":{"origin":104417,"position":5},"title":"Une Semence d&rsquo;Eternit\u00e9 : Saint Jean-Gabriel Perboyre : Pr\u00eatre de la Mission, Martyr, Premier Saint de Chine (03)","author":"Francisco Javier Fern\u00e1ndez Chento","date":"06\/08\/2016","format":false,"excerpt":"2. Les germes d'un appel Jean-Gabriel a un oncle pr\u00eatre. Toute la famille en est fi\u00e8re. Il est le fr\u00e8re a\u00een\u00e9 de Pierre. Jacques Perboyre, \"l'oncle Jacques\", comme on l'appelle, est pr\u00eatre de la Congr\u00e9gation de la Mission. En son temps, il fut plac\u00e9 au s\u00e9minaire d'Albi comme professeur mais\u2026","rel":"","context":"Dans &quot;Jean-Gabriel Perboyre&quot;","block_context":{"text":"Jean-Gabriel Perboyre","link":"https:\/\/vincentians.com\/fr\/category\/jean-gabriel-perboyre\/"},"img":{"alt_text":"","src":"https:\/\/i0.wp.com\/vincentians.com\/fr\/wp-content\/uploads\/sites\/10\/2016\/01\/John-Gabriel-Perboyre.jpg?fit=1200%2C630&ssl=1&resize=350%2C200","width":350,"height":200,"srcset":"https:\/\/i0.wp.com\/vincentians.com\/fr\/wp-content\/uploads\/sites\/10\/2016\/01\/John-Gabriel-Perboyre.jpg?fit=1200%2C630&ssl=1&resize=350%2C200 1x, https:\/\/i0.wp.com\/vincentians.com\/fr\/wp-content\/uploads\/sites\/10\/2016\/01\/John-Gabriel-Perboyre.jpg?fit=1200%2C630&ssl=1&resize=525%2C300 1.5x, https:\/\/i0.wp.com\/vincentians.com\/fr\/wp-content\/uploads\/sites\/10\/2016\/01\/John-Gabriel-Perboyre.jpg?fit=1200%2C630&ssl=1&resize=700%2C400 2x, https:\/\/i0.wp.com\/vincentians.com\/fr\/wp-content\/uploads\/sites\/10\/2016\/01\/John-Gabriel-Perboyre.jpg?fit=1200%2C630&ssl=1&resize=1050%2C600 3x"},"classes":[]}],"_links":{"self":[{"href":"https:\/\/vincentians.com\/fr\/wp-json\/wp\/v2\/posts\/104417","targetHints":{"allow":["GET"]}}],"collection":[{"href":"https:\/\/vincentians.com\/fr\/wp-json\/wp\/v2\/posts"}],"about":[{"href":"https:\/\/vincentians.com\/fr\/wp-json\/wp\/v2\/types\/post"}],"author":[{"embeddable":true,"href":"https:\/\/vincentians.com\/fr\/wp-json\/wp\/v2\/users\/4"}],"replies":[{"embeddable":true,"href":"https:\/\/vincentians.com\/fr\/wp-json\/wp\/v2\/comments?post=104417"}],"version-history":[{"count":0,"href":"https:\/\/vincentians.com\/fr\/wp-json\/wp\/v2\/posts\/104417\/revisions"}],"wp:featuredmedia":[{"embeddable":true,"href":"https:\/\/vincentians.com\/fr\/wp-json\/wp\/v2\/media\/189778"}],"wp:attachment":[{"href":"https:\/\/vincentians.com\/fr\/wp-json\/wp\/v2\/media?parent=104417"}],"wp:term":[{"taxonomy":"category","embeddable":true,"href":"https:\/\/vincentians.com\/fr\/wp-json\/wp\/v2\/categories?post=104417"},{"taxonomy":"post_tag","embeddable":true,"href":"https:\/\/vincentians.com\/fr\/wp-json\/wp\/v2\/tags?post=104417"}],"curies":[{"name":"wp","href":"https:\/\/api.w.org\/{rel}","templated":true}]}}