{"id":104416,"date":"2016-08-21T04:00:58","date_gmt":"2016-08-21T02:00:58","guid":{"rendered":"http:\/\/vincentiens.org\/?p=104416"},"modified":"2016-08-11T21:51:27","modified_gmt":"2016-08-11T19:51:27","slug":"jean-gabriel-perboyre-lettre-007-a-son-pere","status":"publish","type":"post","link":"https:\/\/vincentians.com\/fr\/jean-gabriel-perboyre-lettre-007-a-son-pere\/","title":{"rendered":"Jean-Gabriel Perboyre, Lettre 007. A son P\u00e8re"},"content":{"rendered":"<p>Saint-Flour, le 14 juillet 1827.<\/p>\n<p>Mon tr\u00e8s cher p\u00e8re,<\/p>\n<p>Votre lettre m\u2019a procur\u00e9 le plus grand plaisir\u00a0; il y a longtemps que je d\u00e9sirais recevoir de vos nouvelles. Je vais profiter de la m\u00eame occasion pour vous donner des miennes. Pendant toute cette ann\u00e9e je me suis tr\u00e8s bien port\u00e9. Dans ce moment-ci quoique je ne sois pas malade je me sens tr\u00e8s fatigu\u00e9\u00a0; mais je fais ma derni\u00e8re classe aujourd\u2019hui\u00a0; nos s\u00e9minaristes sortiront la semaine prochaine. J\u2019ai d\u00e9j\u00e0 \u00e9crit \u00e0 Paris pour demander la permission d\u2019aller vous voir. J\u2019esp\u00e8re qu\u2019elle ne me sera pas refus\u00e9e. Je ne pourrai gu\u00e8re partir de Saint-Flour avant le 10 ao\u00fbt, attendu qu\u2019il doit y avoir une retraite pastorale dans le s\u00e9minaire, vers la fin de ce mois. Je me propose de me rendre d\u2019abord \u00e0 Montauban\u00a0; apr\u00e8s la distribution des prix, nous irons chez vous, mon fr\u00e8re et moi\u00a0; nous vous avertirons assez t\u00f4t.<\/p>\n<p>Je ne vois pas grande apparence \u00e0 ce que votre vin soit plac\u00e9 par ici\u00a0; on le trouve fort bon, mais le transport offre trop de difficult\u00e9s.<\/p>\n<p>En attendant que nous puissions nous voir et nous embrasser, veuillez agr\u00e9er, mon tr\u00e8s cher p\u00e8re, l\u2019hommage des sentiments respectueux avec lesquels je suis.<\/p>\n<p>Votre tr\u00e8s ob\u00e9issant et tr\u00e8s d\u00e9vou\u00e9 fils,<\/p>\n<p>J.G. Perboyre, i. p. d. l. m.<span id='easy-footnote-1-104416' class='easy-footnote-margin-adjust'><\/span><span class='easy-footnote'><a href='https:\/\/vincentians.com\/fr\/jean-gabriel-perboyre-lettre-007-a-son-pere\/#easy-footnote-bottom-1-104416' title='Abr\u00e9viation alors coutumi\u00e8re\u00a0: &lt;strong&gt;i&lt;\/strong&gt;ndigne &lt;strong&gt;p&lt;\/strong&gt;r\u00eatre de la &lt;strong&gt;m&lt;\/strong&gt;ission.'><sup>1<\/sup><\/a><\/span>\n<p>Si je termine cette lettre sans donner \u00e0 ma tr\u00e8s ch\u00e8re m\u00e8re aucun t\u00e9moignage de pi\u00e9t\u00e9 filiale, ce n\u2019est pas que je l\u2019oublie, mais je sais que vous lui interpr\u00e8terez parfaitement mes sentiments.<br \/>\nMes respects \u00e0 tous mes parents.<\/p>\n","protected":false},"excerpt":{"rendered":"<p>Saint-Flour, le 14 juillet 1827. Mon tr\u00e8s cher p\u00e8re, Votre lettre m\u2019a procur\u00e9 le plus grand plaisir\u00a0; il y a longtemps que je d\u00e9sirais recevoir de vos nouvelles. Je vais profiter de la m\u00eame occasion &#8230; <a href=\"https:\/\/vincentians.com\/fr\/jean-gabriel-perboyre-lettre-007-a-son-pere\/\" class=\"more-link\">Read More<\/a><\/p>\n","protected":false},"author":4,"featured_media":189778,"comment_status":"open","ping_status":"open","sticky":false,"template":"","format":"standard","meta":{"jetpack_post_was_ever_published":false,"_jetpack_newsletter_access":"","_jetpack_dont_email_post_to_subs":false,"_jetpack_newsletter_tier_id":0,"_jetpack_memberships_contains_paywalled_content":false,"_jetpack_memberships_contains_paid_content":false,"footnotes":"","jetpack_publicize_message":"","jetpack_publicize_feature_enabled":true,"jetpack_social_post_already_shared":true,"jetpack_social_options":{"image_generator_settings":{"template":"highway","default_image_id":0,"font":"","enabled":false},"version":2}},"categories":[114],"tags":[],"class_list":["post-104416","post","type-post","status-publish","format-standard","has-post-thumbnail","hentry","category-ecrits-de-jean-gabriel-perboyre"],"yoast_head":"<!-- This site is optimized with the Yoast SEO plugin v26.3 - https:\/\/yoast.com\/wordpress\/plugins\/seo\/ -->\n<title>Jean-Gabriel Perboyre, Lettre 007. A son P\u00e8re - Nous Sommes Vincentiens<\/title>\n<meta name=\"robots\" content=\"index, follow, max-snippet:-1, max-image-preview:large, max-video-preview:-1\" \/>\n<link rel=\"canonical\" href=\"https:\/\/vincentians.com\/fr\/jean-gabriel-perboyre-lettre-007-a-son-pere\/\" \/>\n<meta property=\"og:locale\" content=\"fr_FR\" \/>\n<meta property=\"og:type\" content=\"article\" \/>\n<meta property=\"og:title\" content=\"Jean-Gabriel Perboyre, Lettre 007. A son P\u00e8re - Nous Sommes Vincentiens\" \/>\n<meta property=\"og:description\" content=\"Saint-Flour, le 14 juillet 1827. Mon tr\u00e8s cher p\u00e8re, Votre lettre m\u2019a procur\u00e9 le plus grand plaisir\u00a0; il y a longtemps que je d\u00e9sirais recevoir de vos nouvelles. Je vais profiter de la m\u00eame occasion ... Read More\" \/>\n<meta property=\"og:url\" content=\"https:\/\/vincentians.com\/fr\/jean-gabriel-perboyre-lettre-007-a-son-pere\/\" \/>\n<meta property=\"og:site_name\" content=\"Nous Sommes Vincentiens\" \/>\n<meta property=\"article:publisher\" content=\"https:\/\/www.facebook.com\/WeAreVincentians\/\" \/>\n<meta property=\"article:author\" content=\"https:\/\/www.facebook.com\/JavierChento\" \/>\n<meta property=\"article:published_time\" content=\"2016-08-21T02:00:58+00:00\" \/>\n<meta property=\"og:image\" content=\"https:\/\/i0.wp.com\/vincentians.com\/fr\/wp-content\/uploads\/sites\/10\/2016\/07\/cartas-perboyre.jpg?fit=1200%2C630&ssl=1\" \/>\n\t<meta property=\"og:image:width\" content=\"1200\" \/>\n\t<meta property=\"og:image:height\" content=\"630\" \/>\n\t<meta property=\"og:image:type\" content=\"image\/jpeg\" \/>\n<meta name=\"author\" content=\"Francisco Javier Fern\u00e1ndez Chento\" \/>\n<meta name=\"twitter:card\" content=\"summary_large_image\" \/>\n<meta name=\"twitter:creator\" content=\"@https:\/\/twitter.com\/javierchento\" \/>\n<meta name=\"twitter:site\" content=\"@WeVincentians\" \/>\n<meta name=\"twitter:label1\" content=\"\u00c9crit par\" \/>\n\t<meta name=\"twitter:data1\" content=\"Francisco Javier Fern\u00e1ndez Chento\" \/>\n\t<meta name=\"twitter:label2\" content=\"Dur\u00e9e de lecture estim\u00e9e\" \/>\n\t<meta name=\"twitter:data2\" content=\"2 minutes\" \/>\n<script type=\"application\/ld+json\" class=\"yoast-schema-graph\">{\"@context\":\"https:\/\/schema.org\",\"@graph\":[{\"@type\":\"WebPage\",\"@id\":\"https:\/\/vincentians.com\/fr\/jean-gabriel-perboyre-lettre-007-a-son-pere\/\",\"url\":\"https:\/\/vincentians.com\/fr\/jean-gabriel-perboyre-lettre-007-a-son-pere\/\",\"name\":\"Jean-Gabriel Perboyre, Lettre 007. A son P\u00e8re - Nous Sommes Vincentiens\",\"isPartOf\":{\"@id\":\"http:\/\/vincentians.com\/fr\/#website\"},\"primaryImageOfPage\":{\"@id\":\"https:\/\/vincentians.com\/fr\/jean-gabriel-perboyre-lettre-007-a-son-pere\/#primaryimage\"},\"image\":{\"@id\":\"https:\/\/vincentians.com\/fr\/jean-gabriel-perboyre-lettre-007-a-son-pere\/#primaryimage\"},\"thumbnailUrl\":\"https:\/\/i0.wp.com\/vincentians.com\/fr\/wp-content\/uploads\/sites\/10\/2016\/07\/cartas-perboyre.jpg?fit=1200%2C630&ssl=1\",\"datePublished\":\"2016-08-21T02:00:58+00:00\",\"author\":{\"@id\":\"http:\/\/vincentians.com\/fr\/#\/schema\/person\/9623ef4d9aa3b2dfb8c061f1499288f2\"},\"breadcrumb\":{\"@id\":\"https:\/\/vincentians.com\/fr\/jean-gabriel-perboyre-lettre-007-a-son-pere\/#breadcrumb\"},\"inLanguage\":\"fr-FR\",\"potentialAction\":[{\"@type\":\"ReadAction\",\"target\":[\"https:\/\/vincentians.com\/fr\/jean-gabriel-perboyre-lettre-007-a-son-pere\/\"]}]},{\"@type\":\"ImageObject\",\"inLanguage\":\"fr-FR\",\"@id\":\"https:\/\/vincentians.com\/fr\/jean-gabriel-perboyre-lettre-007-a-son-pere\/#primaryimage\",\"url\":\"https:\/\/i0.wp.com\/vincentians.com\/fr\/wp-content\/uploads\/sites\/10\/2016\/07\/cartas-perboyre.jpg?fit=1200%2C630&ssl=1\",\"contentUrl\":\"https:\/\/i0.wp.com\/vincentians.com\/fr\/wp-content\/uploads\/sites\/10\/2016\/07\/cartas-perboyre.jpg?fit=1200%2C630&ssl=1\",\"width\":1200,\"height\":630},{\"@type\":\"BreadcrumbList\",\"@id\":\"https:\/\/vincentians.com\/fr\/jean-gabriel-perboyre-lettre-007-a-son-pere\/#breadcrumb\",\"itemListElement\":[{\"@type\":\"ListItem\",\"position\":1,\"name\":\"Portada\",\"item\":\"http:\/\/vincentians.com\/fr\/\"},{\"@type\":\"ListItem\",\"position\":2,\"name\":\"Jean-Gabriel Perboyre, Lettre 007. A son P\u00e8re\"}]},{\"@type\":\"WebSite\",\"@id\":\"http:\/\/vincentians.com\/fr\/#website\",\"url\":\"http:\/\/vincentians.com\/fr\/\",\"name\":\"Nous Sommes Vincentiens\",\"description\":\"Know more to serve more\",\"potentialAction\":[{\"@type\":\"SearchAction\",\"target\":{\"@type\":\"EntryPoint\",\"urlTemplate\":\"http:\/\/vincentians.com\/fr\/?s={search_term_string}\"},\"query-input\":{\"@type\":\"PropertyValueSpecification\",\"valueRequired\":true,\"valueName\":\"search_term_string\"}}],\"inLanguage\":\"fr-FR\"},{\"@type\":\"Person\",\"@id\":\"http:\/\/vincentians.com\/fr\/#\/schema\/person\/9623ef4d9aa3b2dfb8c061f1499288f2\",\"name\":\"Francisco Javier Fern\u00e1ndez Chento\",\"image\":{\"@type\":\"ImageObject\",\"inLanguage\":\"fr-FR\",\"@id\":\"http:\/\/vincentians.com\/fr\/#\/schema\/person\/image\/\",\"url\":\"https:\/\/secure.gravatar.com\/avatar\/497d5cde87b4c3d097d0315953521681ba2cd523ee66e5077c3711f7021e65de?s=96&d=mm&r=g\",\"contentUrl\":\"https:\/\/secure.gravatar.com\/avatar\/497d5cde87b4c3d097d0315953521681ba2cd523ee66e5077c3711f7021e65de?s=96&d=mm&r=g\",\"caption\":\"Francisco Javier Fern\u00e1ndez Chento\"},\"description\":\"Director General y cofundador de La Red de Formaci\u00f3n Vicenciana. Javier es laico vicenciano, afiliado a la Congregaci\u00f3n de la Misi\u00f3n y miembro del Equipo de Misiones Populares de la provincia can\u00f3nica de Zaragoza (Espa\u00f1a) de la Congregaci\u00f3n de la Misi\u00f3n. Graduado en la Universidad Oberta de Catalunya con cuatro grados (Asistente de direcci\u00f3n, Gesti\u00f3n Administrativa, Recursos Humanos y Contabilidad Avanzada). Bil\u00edng\u00fce Espa\u00f1ol\/Ingl\u00e9s. gestiona y mantiene varias p\u00e1ginas web cristianas y vicencianas, incluida including La Red de Formaci\u00f3n Vicenciana, de la que es cofundador. Actualmente es responsable del \u00e1rea de Espa\u00f1ol de .famvin, la Red de Noticias de la Familia Vicenciana. Tambi\u00e9n es m\u00fasico cat\u00f3lico y ha editado varios discos. Es Director General y cofundador de Trovador, una reconocida compa\u00f1\u00eda discogr\u00e1fica critiana de Espa\u00f1a. Trabaja en las Tecnolog\u00edas de la Informaci\u00f3n, ofreciendo servicios de alojamiento, dise\u00f1o y mantenimiento Web, as\u00ed como asesoramiento, formaci\u00f3n y soluciones inform\u00e1ticas, gesti\u00f3n documental y digitalizaci\u00f3n de textos, edici\u00f3n y maquetaci\u00f3n de libros, revistas, flyers, etc.\",\"sameAs\":[\"http:\/\/chento.org\",\"https:\/\/www.facebook.com\/JavierChento\",\"https:\/\/x.com\/https:\/\/twitter.com\/javierchento\"],\"url\":\"https:\/\/vincentians.com\/fr\/author\/chento\/\"}]}<\/script>\n<!-- \/ Yoast SEO plugin. -->","yoast_head_json":{"title":"Jean-Gabriel Perboyre, Lettre 007. A son P\u00e8re - Nous Sommes Vincentiens","robots":{"index":"index","follow":"follow","max-snippet":"max-snippet:-1","max-image-preview":"max-image-preview:large","max-video-preview":"max-video-preview:-1"},"canonical":"https:\/\/vincentians.com\/fr\/jean-gabriel-perboyre-lettre-007-a-son-pere\/","og_locale":"fr_FR","og_type":"article","og_title":"Jean-Gabriel Perboyre, Lettre 007. A son P\u00e8re - Nous Sommes Vincentiens","og_description":"Saint-Flour, le 14 juillet 1827. Mon tr\u00e8s cher p\u00e8re, Votre lettre m\u2019a procur\u00e9 le plus grand plaisir\u00a0; il y a longtemps que je d\u00e9sirais recevoir de vos nouvelles. Je vais profiter de la m\u00eame occasion ... Read More","og_url":"https:\/\/vincentians.com\/fr\/jean-gabriel-perboyre-lettre-007-a-son-pere\/","og_site_name":"Nous Sommes Vincentiens","article_publisher":"https:\/\/www.facebook.com\/WeAreVincentians\/","article_author":"https:\/\/www.facebook.com\/JavierChento","article_published_time":"2016-08-21T02:00:58+00:00","og_image":[{"width":1200,"height":630,"url":"https:\/\/i0.wp.com\/vincentians.com\/fr\/wp-content\/uploads\/sites\/10\/2016\/07\/cartas-perboyre.jpg?fit=1200%2C630&ssl=1","type":"image\/jpeg"}],"author":"Francisco Javier Fern\u00e1ndez Chento","twitter_card":"summary_large_image","twitter_creator":"@https:\/\/twitter.com\/javierchento","twitter_site":"@WeVincentians","twitter_misc":{"\u00c9crit par":"Francisco Javier Fern\u00e1ndez Chento","Dur\u00e9e de lecture estim\u00e9e":"2 minutes"},"schema":{"@context":"https:\/\/schema.org","@graph":[{"@type":"WebPage","@id":"https:\/\/vincentians.com\/fr\/jean-gabriel-perboyre-lettre-007-a-son-pere\/","url":"https:\/\/vincentians.com\/fr\/jean-gabriel-perboyre-lettre-007-a-son-pere\/","name":"Jean-Gabriel Perboyre, Lettre 007. A son P\u00e8re - Nous Sommes Vincentiens","isPartOf":{"@id":"http:\/\/vincentians.com\/fr\/#website"},"primaryImageOfPage":{"@id":"https:\/\/vincentians.com\/fr\/jean-gabriel-perboyre-lettre-007-a-son-pere\/#primaryimage"},"image":{"@id":"https:\/\/vincentians.com\/fr\/jean-gabriel-perboyre-lettre-007-a-son-pere\/#primaryimage"},"thumbnailUrl":"https:\/\/i0.wp.com\/vincentians.com\/fr\/wp-content\/uploads\/sites\/10\/2016\/07\/cartas-perboyre.jpg?fit=1200%2C630&ssl=1","datePublished":"2016-08-21T02:00:58+00:00","author":{"@id":"http:\/\/vincentians.com\/fr\/#\/schema\/person\/9623ef4d9aa3b2dfb8c061f1499288f2"},"breadcrumb":{"@id":"https:\/\/vincentians.com\/fr\/jean-gabriel-perboyre-lettre-007-a-son-pere\/#breadcrumb"},"inLanguage":"fr-FR","potentialAction":[{"@type":"ReadAction","target":["https:\/\/vincentians.com\/fr\/jean-gabriel-perboyre-lettre-007-a-son-pere\/"]}]},{"@type":"ImageObject","inLanguage":"fr-FR","@id":"https:\/\/vincentians.com\/fr\/jean-gabriel-perboyre-lettre-007-a-son-pere\/#primaryimage","url":"https:\/\/i0.wp.com\/vincentians.com\/fr\/wp-content\/uploads\/sites\/10\/2016\/07\/cartas-perboyre.jpg?fit=1200%2C630&ssl=1","contentUrl":"https:\/\/i0.wp.com\/vincentians.com\/fr\/wp-content\/uploads\/sites\/10\/2016\/07\/cartas-perboyre.jpg?fit=1200%2C630&ssl=1","width":1200,"height":630},{"@type":"BreadcrumbList","@id":"https:\/\/vincentians.com\/fr\/jean-gabriel-perboyre-lettre-007-a-son-pere\/#breadcrumb","itemListElement":[{"@type":"ListItem","position":1,"name":"Portada","item":"http:\/\/vincentians.com\/fr\/"},{"@type":"ListItem","position":2,"name":"Jean-Gabriel Perboyre, Lettre 007. A son P\u00e8re"}]},{"@type":"WebSite","@id":"http:\/\/vincentians.com\/fr\/#website","url":"http:\/\/vincentians.com\/fr\/","name":"Nous Sommes Vincentiens","description":"Know more to serve more","potentialAction":[{"@type":"SearchAction","target":{"@type":"EntryPoint","urlTemplate":"http:\/\/vincentians.com\/fr\/?s={search_term_string}"},"query-input":{"@type":"PropertyValueSpecification","valueRequired":true,"valueName":"search_term_string"}}],"inLanguage":"fr-FR"},{"@type":"Person","@id":"http:\/\/vincentians.com\/fr\/#\/schema\/person\/9623ef4d9aa3b2dfb8c061f1499288f2","name":"Francisco Javier Fern\u00e1ndez Chento","image":{"@type":"ImageObject","inLanguage":"fr-FR","@id":"http:\/\/vincentians.com\/fr\/#\/schema\/person\/image\/","url":"https:\/\/secure.gravatar.com\/avatar\/497d5cde87b4c3d097d0315953521681ba2cd523ee66e5077c3711f7021e65de?s=96&d=mm&r=g","contentUrl":"https:\/\/secure.gravatar.com\/avatar\/497d5cde87b4c3d097d0315953521681ba2cd523ee66e5077c3711f7021e65de?s=96&d=mm&r=g","caption":"Francisco Javier Fern\u00e1ndez Chento"},"description":"Director General y cofundador de La Red de Formaci\u00f3n Vicenciana. Javier es laico vicenciano, afiliado a la Congregaci\u00f3n de la Misi\u00f3n y miembro del Equipo de Misiones Populares de la provincia can\u00f3nica de Zaragoza (Espa\u00f1a) de la Congregaci\u00f3n de la Misi\u00f3n. Graduado en la Universidad Oberta de Catalunya con cuatro grados (Asistente de direcci\u00f3n, Gesti\u00f3n Administrativa, Recursos Humanos y Contabilidad Avanzada). Bil\u00edng\u00fce Espa\u00f1ol\/Ingl\u00e9s. gestiona y mantiene varias p\u00e1ginas web cristianas y vicencianas, incluida including La Red de Formaci\u00f3n Vicenciana, de la que es cofundador. Actualmente es responsable del \u00e1rea de Espa\u00f1ol de .famvin, la Red de Noticias de la Familia Vicenciana. Tambi\u00e9n es m\u00fasico cat\u00f3lico y ha editado varios discos. Es Director General y cofundador de Trovador, una reconocida compa\u00f1\u00eda discogr\u00e1fica critiana de Espa\u00f1a. Trabaja en las Tecnolog\u00edas de la Informaci\u00f3n, ofreciendo servicios de alojamiento, dise\u00f1o y mantenimiento Web, as\u00ed como asesoramiento, formaci\u00f3n y soluciones inform\u00e1ticas, gesti\u00f3n documental y digitalizaci\u00f3n de textos, edici\u00f3n y maquetaci\u00f3n de libros, revistas, flyers, etc.","sameAs":["http:\/\/chento.org","https:\/\/www.facebook.com\/JavierChento","https:\/\/x.com\/https:\/\/twitter.com\/javierchento"],"url":"https:\/\/vincentians.com\/fr\/author\/chento\/"}]}},"jetpack_publicize_connections":[],"jetpack_featured_media_url":"https:\/\/i0.wp.com\/vincentians.com\/fr\/wp-content\/uploads\/sites\/10\/2016\/07\/cartas-perboyre.jpg?fit=1200%2C630&ssl=1","jetpack_sharing_enabled":true,"jetpack_shortlink":"https:\/\/wp.me\/p7ETMP-ra8","jetpack-related-posts":[{"id":107174,"url":"https:\/\/vincentians.com\/fr\/jean-gabriel-perboyre-lettre-051-a-un-pretre-de-saint-flour\/","url_meta":{"origin":104416,"position":0},"title":"Jean-Gabriel Perboyre, Lettre 051. A un Pr\u00eatre de Saint-Flour","author":"Francisco Javier Fern\u00e1ndez Chento","date":"25\/06\/2017","format":false,"excerpt":"[entre ao\u00fbt 1832 et mars 1835] Mon cher Monsieur, En attendant que votre fr\u00e8re vous \u00e9crive lui-m\u00eame, je m\u2019empresse de vous annoncer qu\u2019il est arriv\u00e9 aujourd\u2019hui bien portant et bien content. Son voyage ne l\u2019a pas fatigu\u00e9. Je ne puis vous exprimer avec quel plaisir j\u2019ai embrass\u00e9 ce cher enfant\u00a0:\u2026","rel":"","context":"Dans &quot;\u00c9crits de Jean-Gabriel Perboyre&quot;","block_context":{"text":"\u00c9crits de Jean-Gabriel Perboyre","link":"https:\/\/vincentians.com\/fr\/category\/ecrits-de-jean-gabriel-perboyre\/"},"img":{"alt_text":"","src":"https:\/\/i0.wp.com\/vincentians.com\/fr\/wp-content\/uploads\/sites\/10\/2016\/07\/cartas-perboyre.jpg?fit=1200%2C630&ssl=1&resize=350%2C200","width":350,"height":200,"srcset":"https:\/\/i0.wp.com\/vincentians.com\/fr\/wp-content\/uploads\/sites\/10\/2016\/07\/cartas-perboyre.jpg?fit=1200%2C630&ssl=1&resize=350%2C200 1x, https:\/\/i0.wp.com\/vincentians.com\/fr\/wp-content\/uploads\/sites\/10\/2016\/07\/cartas-perboyre.jpg?fit=1200%2C630&ssl=1&resize=525%2C300 1.5x, https:\/\/i0.wp.com\/vincentians.com\/fr\/wp-content\/uploads\/sites\/10\/2016\/07\/cartas-perboyre.jpg?fit=1200%2C630&ssl=1&resize=700%2C400 2x, https:\/\/i0.wp.com\/vincentians.com\/fr\/wp-content\/uploads\/sites\/10\/2016\/07\/cartas-perboyre.jpg?fit=1200%2C630&ssl=1&resize=1050%2C600 3x"},"classes":[]},{"id":104479,"url":"https:\/\/vincentians.com\/fr\/jean-gabriel-perboyre-lettre-027-a-son-cousin-a-montgesty\/","url_meta":{"origin":104416,"position":1},"title":"Jean-Gabriel Perboyre, Lettre 027. A son Cousin, \u00e0 Montgesty","author":"Francisco Javier Fern\u00e1ndez Chento","date":"08\/01\/2017","format":false,"excerpt":"Mon cher cousin, Vos lettres m\u2019ont fait un bien sensible plaisir. Je vous en remercie comme d\u2019autant de cadeaux. Je regrette que mes occupations ne m\u2019aient pas permis de vous r\u00e9pondre plus t\u00f4t et plus souvent. Maintenant nous sommes en vacances\u00a0; j\u2019allais vous \u00e9crire par la poste, si je n\u2019avais\u2026","rel":"","context":"Dans &quot;\u00c9crits de Jean-Gabriel Perboyre&quot;","block_context":{"text":"\u00c9crits de Jean-Gabriel Perboyre","link":"https:\/\/vincentians.com\/fr\/category\/ecrits-de-jean-gabriel-perboyre\/"},"img":{"alt_text":"","src":"https:\/\/i0.wp.com\/vincentians.com\/fr\/wp-content\/uploads\/sites\/10\/2016\/07\/cartas-perboyre.jpg?fit=1200%2C630&ssl=1&resize=350%2C200","width":350,"height":200,"srcset":"https:\/\/i0.wp.com\/vincentians.com\/fr\/wp-content\/uploads\/sites\/10\/2016\/07\/cartas-perboyre.jpg?fit=1200%2C630&ssl=1&resize=350%2C200 1x, https:\/\/i0.wp.com\/vincentians.com\/fr\/wp-content\/uploads\/sites\/10\/2016\/07\/cartas-perboyre.jpg?fit=1200%2C630&ssl=1&resize=525%2C300 1.5x, https:\/\/i0.wp.com\/vincentians.com\/fr\/wp-content\/uploads\/sites\/10\/2016\/07\/cartas-perboyre.jpg?fit=1200%2C630&ssl=1&resize=700%2C400 2x, https:\/\/i0.wp.com\/vincentians.com\/fr\/wp-content\/uploads\/sites\/10\/2016\/07\/cartas-perboyre.jpg?fit=1200%2C630&ssl=1&resize=1050%2C600 3x"},"classes":[]},{"id":104428,"url":"https:\/\/vincentians.com\/fr\/jean-gabriel-perboyre-lettre-006-a-son-pere\/","url_meta":{"origin":104416,"position":2},"title":"Jean-Gabriel Perboyre, Lettre 006. A son P\u00e8re","author":"Francisco Javier Fern\u00e1ndez Chento","date":"11\/08\/2016","format":false,"excerpt":"Saint-Flour, le 2 novembre 1826. Mon tr\u00e8s cher p\u00e8re. Je ne suis plus \u00e9loign\u00e9 de vous que d\u2019une trentaine de lieues\u00a0: j\u2019ai \u00e9t\u00e9 envoy\u00e9 \u00e0 Saint-Flour o\u00f9 je suis professeur de th\u00e9ologie au grand s\u00e9minaire. Je suis tr\u00e8s content de ma nouvelle destination. Il para\u00eet que le climat de l\u2019Auvergne\u2026","rel":"","context":"Dans &quot;\u00c9crits de Jean-Gabriel Perboyre&quot;","block_context":{"text":"\u00c9crits de Jean-Gabriel Perboyre","link":"https:\/\/vincentians.com\/fr\/category\/ecrits-de-jean-gabriel-perboyre\/"},"img":{"alt_text":"","src":"https:\/\/i0.wp.com\/vincentians.com\/fr\/wp-content\/uploads\/sites\/10\/2016\/07\/cartas-perboyre.jpg?fit=1200%2C630&ssl=1&resize=350%2C200","width":350,"height":200,"srcset":"https:\/\/i0.wp.com\/vincentians.com\/fr\/wp-content\/uploads\/sites\/10\/2016\/07\/cartas-perboyre.jpg?fit=1200%2C630&ssl=1&resize=350%2C200 1x, https:\/\/i0.wp.com\/vincentians.com\/fr\/wp-content\/uploads\/sites\/10\/2016\/07\/cartas-perboyre.jpg?fit=1200%2C630&ssl=1&resize=525%2C300 1.5x, https:\/\/i0.wp.com\/vincentians.com\/fr\/wp-content\/uploads\/sites\/10\/2016\/07\/cartas-perboyre.jpg?fit=1200%2C630&ssl=1&resize=700%2C400 2x, https:\/\/i0.wp.com\/vincentians.com\/fr\/wp-content\/uploads\/sites\/10\/2016\/07\/cartas-perboyre.jpg?fit=1200%2C630&ssl=1&resize=1050%2C600 3x"},"classes":[]},{"id":104475,"url":"https:\/\/vincentians.com\/fr\/jean-gabriel-perboyre-lettre-018-a-son-pere\/","url_meta":{"origin":104416,"position":3},"title":"Jean-Gabriel Perboyre, Lettre 018. A son P\u00e8re","author":"Francisco Javier Fern\u00e1ndez Chento","date":"06\/11\/2016","format":false,"excerpt":"Mon tr\u00e8s cher p\u00e8re, Quoique je sois tr\u00e8s press\u00e9 dans ce moment, je profiterai de l\u2019occasion que m\u2019offre M.\u00a0Durand pour vous \u00e9crire deux mots. Je vous annoncerai d\u2019abord que je n\u2019irai pas vous voir cette ann\u00e9e, \u00e0 moins que je ne doive partir pour Paris, comme on vous l\u2019a dit.\u2026","rel":"","context":"Dans &quot;\u00c9crits de Jean-Gabriel Perboyre&quot;","block_context":{"text":"\u00c9crits de Jean-Gabriel Perboyre","link":"https:\/\/vincentians.com\/fr\/category\/ecrits-de-jean-gabriel-perboyre\/"},"img":{"alt_text":"","src":"https:\/\/i0.wp.com\/vincentians.com\/fr\/wp-content\/uploads\/sites\/10\/2016\/07\/cartas-perboyre.jpg?fit=1200%2C630&ssl=1&resize=350%2C200","width":350,"height":200,"srcset":"https:\/\/i0.wp.com\/vincentians.com\/fr\/wp-content\/uploads\/sites\/10\/2016\/07\/cartas-perboyre.jpg?fit=1200%2C630&ssl=1&resize=350%2C200 1x, https:\/\/i0.wp.com\/vincentians.com\/fr\/wp-content\/uploads\/sites\/10\/2016\/07\/cartas-perboyre.jpg?fit=1200%2C630&ssl=1&resize=525%2C300 1.5x, https:\/\/i0.wp.com\/vincentians.com\/fr\/wp-content\/uploads\/sites\/10\/2016\/07\/cartas-perboyre.jpg?fit=1200%2C630&ssl=1&resize=700%2C400 2x, https:\/\/i0.wp.com\/vincentians.com\/fr\/wp-content\/uploads\/sites\/10\/2016\/07\/cartas-perboyre.jpg?fit=1200%2C630&ssl=1&resize=1050%2C600 3x"},"classes":[]},{"id":104422,"url":"https:\/\/vincentians.com\/fr\/jean-gabriel-perboyre-lettre-013-a-son-frere-antoine-a-mongesty\/","url_meta":{"origin":104416,"position":4},"title":"Jean-Gabriel Perboyre, Lettre 013. A son Fr\u00e8re Antoine, \u00e0 Mongesty","author":"Francisco Javier Fern\u00e1ndez Chento","date":"02\/10\/2016","format":false,"excerpt":"Saint-Flour, le 19 juillet 1828. Je vous dirai, mon tr\u00e8s cher fr\u00e8re, que j\u2019ai \u00e9t\u00e9 tr\u00e8s content de votre lettre\u00a0; je n\u2019y ai remarqu\u00e9 que quelques fautes d\u2019orthographe que je vous pardonne bien volontiers. J\u2019userai toujours d\u2019indulgence pour vos lettres\u00a0; \u00e9crivez-m\u2019en souvent. Quant \u00e0 l\u2019invitation que vous me faites au\u2026","rel":"","context":"Dans &quot;\u00c9crits de Jean-Gabriel Perboyre&quot;","block_context":{"text":"\u00c9crits de Jean-Gabriel Perboyre","link":"https:\/\/vincentians.com\/fr\/category\/ecrits-de-jean-gabriel-perboyre\/"},"img":{"alt_text":"","src":"https:\/\/i0.wp.com\/vincentians.com\/fr\/wp-content\/uploads\/sites\/10\/2016\/07\/cartas-perboyre.jpg?fit=1200%2C630&ssl=1&resize=350%2C200","width":350,"height":200,"srcset":"https:\/\/i0.wp.com\/vincentians.com\/fr\/wp-content\/uploads\/sites\/10\/2016\/07\/cartas-perboyre.jpg?fit=1200%2C630&ssl=1&resize=350%2C200 1x, https:\/\/i0.wp.com\/vincentians.com\/fr\/wp-content\/uploads\/sites\/10\/2016\/07\/cartas-perboyre.jpg?fit=1200%2C630&ssl=1&resize=525%2C300 1.5x, https:\/\/i0.wp.com\/vincentians.com\/fr\/wp-content\/uploads\/sites\/10\/2016\/07\/cartas-perboyre.jpg?fit=1200%2C630&ssl=1&resize=700%2C400 2x, https:\/\/i0.wp.com\/vincentians.com\/fr\/wp-content\/uploads\/sites\/10\/2016\/07\/cartas-perboyre.jpg?fit=1200%2C630&ssl=1&resize=1050%2C600 3x"},"classes":[]},{"id":104476,"url":"https:\/\/vincentians.com\/fr\/jean-gabriel-perboyre-lettre-021-a-son-frere-louis-a-paris\/","url_meta":{"origin":104416,"position":5},"title":"Jean-Gabriel Perboyre, Lettre 021. A son Fr\u00e8re Louis, \u00e0 Paris","author":"Francisco Javier Fern\u00e1ndez Chento","date":"27\/11\/2016","format":false,"excerpt":"Mon tr\u00e8s cher fr\u00e8re, Vous allez revoir M.\u00a0Chanson qui n\u2019avait quitt\u00e9 Paris que pour vous faire une bonne recrue d\u2019Auvergnats. Plus tard nous vous enverrons un de ses fr\u00e8res qui est encore en cinqui\u00e8me\u00a0; il est le plus fort de sa classe. Il para\u00eet que vous recevrez la quintessence des\u2026","rel":"","context":"Dans &quot;\u00c9crits de Jean-Gabriel Perboyre&quot;","block_context":{"text":"\u00c9crits de Jean-Gabriel Perboyre","link":"https:\/\/vincentians.com\/fr\/category\/ecrits-de-jean-gabriel-perboyre\/"},"img":{"alt_text":"","src":"https:\/\/i0.wp.com\/vincentians.com\/fr\/wp-content\/uploads\/sites\/10\/2016\/07\/cartas-perboyre.jpg?fit=1200%2C630&ssl=1&resize=350%2C200","width":350,"height":200,"srcset":"https:\/\/i0.wp.com\/vincentians.com\/fr\/wp-content\/uploads\/sites\/10\/2016\/07\/cartas-perboyre.jpg?fit=1200%2C630&ssl=1&resize=350%2C200 1x, https:\/\/i0.wp.com\/vincentians.com\/fr\/wp-content\/uploads\/sites\/10\/2016\/07\/cartas-perboyre.jpg?fit=1200%2C630&ssl=1&resize=525%2C300 1.5x, https:\/\/i0.wp.com\/vincentians.com\/fr\/wp-content\/uploads\/sites\/10\/2016\/07\/cartas-perboyre.jpg?fit=1200%2C630&ssl=1&resize=700%2C400 2x, https:\/\/i0.wp.com\/vincentians.com\/fr\/wp-content\/uploads\/sites\/10\/2016\/07\/cartas-perboyre.jpg?fit=1200%2C630&ssl=1&resize=1050%2C600 3x"},"classes":[]}],"_links":{"self":[{"href":"https:\/\/vincentians.com\/fr\/wp-json\/wp\/v2\/posts\/104416","targetHints":{"allow":["GET"]}}],"collection":[{"href":"https:\/\/vincentians.com\/fr\/wp-json\/wp\/v2\/posts"}],"about":[{"href":"https:\/\/vincentians.com\/fr\/wp-json\/wp\/v2\/types\/post"}],"author":[{"embeddable":true,"href":"https:\/\/vincentians.com\/fr\/wp-json\/wp\/v2\/users\/4"}],"replies":[{"embeddable":true,"href":"https:\/\/vincentians.com\/fr\/wp-json\/wp\/v2\/comments?post=104416"}],"version-history":[{"count":0,"href":"https:\/\/vincentians.com\/fr\/wp-json\/wp\/v2\/posts\/104416\/revisions"}],"wp:featuredmedia":[{"embeddable":true,"href":"https:\/\/vincentians.com\/fr\/wp-json\/wp\/v2\/media\/189778"}],"wp:attachment":[{"href":"https:\/\/vincentians.com\/fr\/wp-json\/wp\/v2\/media?parent=104416"}],"wp:term":[{"taxonomy":"category","embeddable":true,"href":"https:\/\/vincentians.com\/fr\/wp-json\/wp\/v2\/categories?post=104416"},{"taxonomy":"post_tag","embeddable":true,"href":"https:\/\/vincentians.com\/fr\/wp-json\/wp\/v2\/tags?post=104416"}],"curies":[{"name":"wp","href":"https:\/\/api.w.org\/{rel}","templated":true}]}}