{"id":98951,"date":"2015-04-10T02:37:50","date_gmt":"2015-04-10T00:37:50","guid":{"rendered":"http:\/\/somos.vicencianos.org\/?p=98951"},"modified":"2016-07-26T16:58:15","modified_gmt":"2016-07-26T14:58:15","slug":"el-jansenismo","status":"publish","type":"post","link":"https:\/\/vincentians.com\/es\/el-jansenismo\/","title":{"rendered":"El jansenismo"},"content":{"rendered":"<p><a href=\"https:\/\/i0.wp.com\/vicencianos.org\/wp-content\/2012\/08\/jansenio.jpg\"><img data-recalc-dims=\"1\" loading=\"lazy\" decoding=\"async\" class=\"alignright size-medium wp-image-98953\" title=\"jansenio\" src=\"https:\/\/i0.wp.com\/vicencianos.org\/wp-content\/2012\/08\/jansenio-258x300.jpg?resize=258%2C300\" alt=\"\" width=\"258\" height=\"300\" \/><\/a>El sabio holand\u00e9s Cornelio Jansen, en lat\u00edn Jansenius, obispo de Ypr\u00e9s, dej\u00f3 a su muerte, en 1638, una obra sobre la teolog\u00eda de san Agust\u00edn, en la que ense\u00f1aba que la naturaleza humana hab\u00eda quedado totalmente pervertida por el pecado original y que la gracia divina operaba de un modo irresistible, doctrinas que se aproximaban peligrosamente al calvinismo.<\/p>\n<p>El libro fue condenado en 1642 por Urbano VIII. Encontr\u00f3, empero, muchos defensores. Siempre ha habido gente que en teolog\u00eda creen que lo m\u00e1s elevado es lo m\u00e1s verdadero, y que en la moral lo m\u00e1s r\u00edgido es lo mejor. Y es natural que tal gente abundara en una \u00e9poca de gran tensi\u00f3n espiritual, como la que sin disputa atravesaba Francia en el siglo XVII. Los jansenistas no ten\u00edan la menor intenci\u00f3n de separarse de la Iglesia; es m\u00e1s, eran exageradamente eclesi\u00e1sticos. Su prop\u00f3sito era reformar, la Iglesia.<\/p>\n<p>Su centro era el convento de monjas cistercienses de Port Royal, dirigido por la virtuosa abadesa Ang\u00e9lica Arnault (\u2020 1661). El hermano de Ang\u00e9lica, Antonio Arnault, doctor de la Sorbona (\u2020 1694), era el caudillo espiritual del movimiento. En 1643 public\u00f3 un libro, que pronto se hizo famoso, Sobre la comuni\u00f3n frecuente, en el que se exageraban hasta tal punto los requisitos para la recepci\u00f3n de la comuni\u00f3n, que entre los janse\u00adnistas lleg\u00f3 a tenerse por m\u00e1s perfecto abstenerse de la eucarist\u00eda por puro respeto ante ella.<\/p>\n<p>Entre la teor\u00eda fundamental de Jansenio, de que el hombre no puede resistir a la gracia divina, y el extremado rigorismo que los jansenistas profesaban en el ascetismo y la moral, no existe ninguna conexi\u00f3n l\u00f3gica necesaria, sino m\u00e1s bien una relaci\u00f3n psicol\u00f3gica, advertible ya en el hecho de que ambas doctrinas, la moral y la teor\u00eda de la gracia jansenistas, estaban dirigidas contra los jesuitas. Pasaron al campo jansenista todos los que sent\u00edan antipat\u00eda por la Compa\u00f1\u00eda de Jes\u00fas. El famoso Blas Pascal, en sus Cartas provinciales, que a pesar de todas las censuras fueron le\u00eddas en toda Europa, acu\u00f1\u00f3 el t\u00f3pico del laxismo jesu\u00edtico, con el que caus\u00f3 un gran da\u00f1o al prestigio de la orden.<\/p>\n<p>Combatir a los extremistas fan\u00e1ticos ha sido siempre una tarea muy desagradable; as\u00ed la lucha contra los jansenistas se revel\u00f3 muy dif\u00edcil desde un principio. San Vicente de Pa\u00fal, que como experto pastor de almas conoc\u00eda con toda precisi\u00f3n los desfavorables efectos del jansenismo, obtuvo que ochenta y ocho obispos franceses presentaran el asunto a la consideraci\u00f3n de Inocencio X.<\/p>\n<p>En 1653 el papa conden\u00f3 cinco proposiciones dogm\u00e1ticas en las que se resum\u00eda la doctrina de Jansenio. Los jansenistas alegaron que las proposiciones eran realmente her\u00e9ticas, pero que Jansenio jam\u00e1s las hab\u00eda sostenido. Una sumisi\u00f3n a medias no tuvo efecto hasta dos pontificados despu\u00e9s, bajo Clemente IX: fue la llamada \u00abpaz Clementina\u00bb, que los jansenistas se inclinaban a interpretar como una aprobaci\u00f3n de su postura. Los \u00e1nimos volvieron a excitarse cuando Clemente XI, en su bula Unigenitus (1713), conden\u00f3 las doctrinas de Quesnel, un jansenista franc\u00e9s emigrado a los Pa\u00edses Bajos. La aceptaci\u00f3n o no aceptaci\u00f3n de la bula Unigenitus fue la se\u00f1al distintiva por la que se conoc\u00eda a los jansenistas y a los cat\u00f3licos. Sin embargo, el jansenismo desde entonces no ces\u00f3 de retroceder.<\/p>\n<p>El \u00faltimo obispo que hab\u00eda favorecido a\u00fan abiertamente la causa de los jasenistas, el cardenal Noailles de Par\u00eds, se someti\u00f3 antes de su muerte en 1729. Las religiosas de Port Royal, que ya en 1669 se hab\u00edan atra\u00eddo el entredicho, fueron al final excomulgadas (1707), y su convento demolido por orden del gobierno. En Holanda existe a\u00fan hoy una comunidad jansenista que cuenta unos miles de almas; desde hace tiempo est\u00e1n separados de la Iglesia cat\u00f3lica, pero la ordenaci\u00f3n de sus obispos y sacerdotes es v\u00e1lida.<\/p>\n<p>Como herej\u00eda dogm\u00e1tica, el jansenismo no cont\u00f3 nunca con muchos partidarios, y a\u00fan menor fue el n\u00famero de los que por su causa se separaron de la Iglesia. En cambio, ejerci\u00f3 una influencia muy extensa en las formas de la piedad y de la asc\u00e9tica. Muchas de sus extremosas exigencias se han perpetuado durante largo tiempo y hasta el siglo XIX no han sido reducidas a su medida recta y prudente: tales las referentes a la dignidad de la profesi\u00f3n sacerdotal, a la recepci\u00f3n de los sacramentos, a la incondicional obediencia al director espiritual privado, a la separaci\u00f3n del puro amor de Dios del motivo de la esperanza.<\/p>\n","protected":false},"excerpt":{"rendered":"<p>El sabio holand\u00e9s Cornelio Jansen, en lat\u00edn Jansenius, obispo de Ypr\u00e9s, dej\u00f3 a su muerte, en 1638, una obra sobre la teolog\u00eda de san Agust\u00edn, en la que ense\u00f1aba que la naturaleza humana hab\u00eda quedado &#8230; <a href=\"https:\/\/vincentians.com\/es\/el-jansenismo\/\" class=\"more-link\">Read More<\/a><\/p>\n","protected":false},"author":4,"featured_media":98953,"comment_status":"open","ping_status":"open","sticky":false,"template":"","format":"standard","meta":{"jetpack_post_was_ever_published":false,"_jetpack_newsletter_access":"","_jetpack_dont_email_post_to_subs":false,"_jetpack_newsletter_tier_id":0,"_jetpack_memberships_contains_paywalled_content":false,"_jetpack_memberships_contains_paid_content":false,"footnotes":"","jetpack_publicize_message":"","jetpack_publicize_feature_enabled":true,"jetpack_social_post_already_shared":true,"jetpack_social_options":{"image_generator_settings":{"template":"highway","default_image_id":0,"font":"","enabled":false},"version":2}},"categories":[17],"tags":[129],"class_list":["post-98951","post","type-post","status-publish","format-standard","has-post-thumbnail","hentry","category-en-tiempos-de-vicente-de-paul","tag-urbano-viii"],"yoast_head":"<!-- This site is optimized with the Yoast SEO plugin v26.3 - https:\/\/yoast.com\/wordpress\/plugins\/seo\/ -->\n<title>El jansenismo - Somos Vicencianos<\/title>\n<meta name=\"robots\" content=\"index, follow, max-snippet:-1, max-image-preview:large, max-video-preview:-1\" \/>\n<link rel=\"canonical\" href=\"https:\/\/vincentians.com\/es\/el-jansenismo\/\" \/>\n<meta property=\"og:locale\" content=\"es_ES\" \/>\n<meta property=\"og:type\" content=\"article\" \/>\n<meta property=\"og:title\" content=\"El jansenismo - Somos Vicencianos\" \/>\n<meta property=\"og:description\" content=\"El sabio holand\u00e9s Cornelio Jansen, en lat\u00edn Jansenius, obispo de Ypr\u00e9s, dej\u00f3 a su muerte, en 1638, una obra sobre la teolog\u00eda de san Agust\u00edn, en la que ense\u00f1aba que la naturaleza humana hab\u00eda quedado ... Read More\" \/>\n<meta property=\"og:url\" content=\"https:\/\/vincentians.com\/es\/el-jansenismo\/\" \/>\n<meta property=\"og:site_name\" content=\"Somos Vicencianos\" \/>\n<meta property=\"article:publisher\" content=\"https:\/\/www.facebook.com\/WeAreVincentians\/\" \/>\n<meta property=\"article:author\" content=\"https:\/\/www.facebook.com\/JavierChento\" \/>\n<meta property=\"article:published_time\" content=\"2015-04-10T00:37:50+00:00\" \/>\n<meta property=\"article:modified_time\" content=\"2016-07-26T14:58:15+00:00\" \/>\n<meta name=\"author\" content=\"Francisco Javier Fern\u00e1ndez Chento\" \/>\n<meta name=\"twitter:card\" content=\"summary_large_image\" \/>\n<meta name=\"twitter:creator\" content=\"@https:\/\/twitter.com\/javierchento\" \/>\n<meta name=\"twitter:site\" content=\"@WeVincentians\" \/>\n<meta name=\"twitter:label1\" content=\"Escrito por\" \/>\n\t<meta name=\"twitter:data1\" content=\"Francisco Javier Fern\u00e1ndez Chento\" \/>\n\t<meta name=\"twitter:label2\" content=\"Tiempo de lectura\" \/>\n\t<meta name=\"twitter:data2\" content=\"4 minutos\" \/>\n<script type=\"application\/ld+json\" class=\"yoast-schema-graph\">{\"@context\":\"https:\/\/schema.org\",\"@graph\":[{\"@type\":\"Article\",\"@id\":\"https:\/\/vincentians.com\/es\/el-jansenismo\/#article\",\"isPartOf\":{\"@id\":\"https:\/\/vincentians.com\/es\/el-jansenismo\/\"},\"author\":{\"name\":\"Francisco Javier Fern\u00e1ndez Chento\",\"@id\":\"http:\/\/vincentians.com\/es\/#\/schema\/person\/9623ef4d9aa3b2dfb8c061f1499288f2\"},\"headline\":\"El jansenismo\",\"datePublished\":\"2015-04-10T00:37:50+00:00\",\"dateModified\":\"2016-07-26T14:58:15+00:00\",\"mainEntityOfPage\":{\"@id\":\"https:\/\/vincentians.com\/es\/el-jansenismo\/\"},\"wordCount\":801,\"commentCount\":1,\"publisher\":{\"@id\":\"http:\/\/vincentians.com\/es\/#organization\"},\"image\":{\"@id\":\"https:\/\/vincentians.com\/es\/el-jansenismo\/#primaryimage\"},\"thumbnailUrl\":\"\",\"keywords\":[\"Urbano VIII\"],\"articleSection\":[\"En tiempos de Vicente de Pa\u00fal\"],\"inLanguage\":\"es\",\"potentialAction\":[{\"@type\":\"CommentAction\",\"name\":\"Comment\",\"target\":[\"https:\/\/vincentians.com\/es\/el-jansenismo\/#respond\"]}]},{\"@type\":\"WebPage\",\"@id\":\"https:\/\/vincentians.com\/es\/el-jansenismo\/\",\"url\":\"https:\/\/vincentians.com\/es\/el-jansenismo\/\",\"name\":\"El jansenismo - Somos Vicencianos\",\"isPartOf\":{\"@id\":\"http:\/\/vincentians.com\/es\/#website\"},\"primaryImageOfPage\":{\"@id\":\"https:\/\/vincentians.com\/es\/el-jansenismo\/#primaryimage\"},\"image\":{\"@id\":\"https:\/\/vincentians.com\/es\/el-jansenismo\/#primaryimage\"},\"thumbnailUrl\":\"\",\"datePublished\":\"2015-04-10T00:37:50+00:00\",\"dateModified\":\"2016-07-26T14:58:15+00:00\",\"breadcrumb\":{\"@id\":\"https:\/\/vincentians.com\/es\/el-jansenismo\/#breadcrumb\"},\"inLanguage\":\"es\",\"potentialAction\":[{\"@type\":\"ReadAction\",\"target\":[\"https:\/\/vincentians.com\/es\/el-jansenismo\/\"]}]},{\"@type\":\"ImageObject\",\"inLanguage\":\"es\",\"@id\":\"https:\/\/vincentians.com\/es\/el-jansenismo\/#primaryimage\",\"url\":\"\",\"contentUrl\":\"\"},{\"@type\":\"BreadcrumbList\",\"@id\":\"https:\/\/vincentians.com\/es\/el-jansenismo\/#breadcrumb\",\"itemListElement\":[{\"@type\":\"ListItem\",\"position\":1,\"name\":\"Portada\",\"item\":\"http:\/\/vincentians.com\/es\/\"},{\"@type\":\"ListItem\",\"position\":2,\"name\":\"El jansenismo\"}]},{\"@type\":\"WebSite\",\"@id\":\"http:\/\/vincentians.com\/es\/#website\",\"url\":\"http:\/\/vincentians.com\/es\/\",\"name\":\"Somos Vicencianos\",\"description\":\"Know more to serve more\",\"publisher\":{\"@id\":\"http:\/\/vincentians.com\/es\/#organization\"},\"potentialAction\":[{\"@type\":\"SearchAction\",\"target\":{\"@type\":\"EntryPoint\",\"urlTemplate\":\"http:\/\/vincentians.com\/es\/?s={search_term_string}\"},\"query-input\":{\"@type\":\"PropertyValueSpecification\",\"valueRequired\":true,\"valueName\":\"search_term_string\"}}],\"inLanguage\":\"es\"},{\"@type\":\"Organization\",\"@id\":\"http:\/\/vincentians.com\/es\/#organization\",\"name\":\"The Vincentian Network\",\"url\":\"http:\/\/vincentians.com\/es\/\",\"logo\":{\"@type\":\"ImageObject\",\"inLanguage\":\"es\",\"@id\":\"http:\/\/vincentians.com\/es\/#\/schema\/logo\/image\/\",\"url\":\"https:\/\/i1.wp.com\/vincentians.com\/es\/wp-content\/uploads\/sites\/11\/2016\/06\/Vincentian-Network-logo-big.png?fit=778%2C778\",\"contentUrl\":\"https:\/\/i1.wp.com\/vincentians.com\/es\/wp-content\/uploads\/sites\/11\/2016\/06\/Vincentian-Network-logo-big.png?fit=778%2C778\",\"width\":778,\"height\":778,\"caption\":\"The Vincentian Network\"},\"image\":{\"@id\":\"http:\/\/vincentians.com\/es\/#\/schema\/logo\/image\/\"},\"sameAs\":[\"https:\/\/www.facebook.com\/WeAreVincentians\/\",\"https:\/\/x.com\/WeVincentians\"]},{\"@type\":\"Person\",\"@id\":\"http:\/\/vincentians.com\/es\/#\/schema\/person\/9623ef4d9aa3b2dfb8c061f1499288f2\",\"name\":\"Francisco Javier Fern\u00e1ndez Chento\",\"image\":{\"@type\":\"ImageObject\",\"inLanguage\":\"es\",\"@id\":\"http:\/\/vincentians.com\/es\/#\/schema\/person\/image\/\",\"url\":\"https:\/\/secure.gravatar.com\/avatar\/497d5cde87b4c3d097d0315953521681ba2cd523ee66e5077c3711f7021e65de?s=96&d=mm&r=g\",\"contentUrl\":\"https:\/\/secure.gravatar.com\/avatar\/497d5cde87b4c3d097d0315953521681ba2cd523ee66e5077c3711f7021e65de?s=96&d=mm&r=g\",\"caption\":\"Francisco Javier Fern\u00e1ndez Chento\"},\"description\":\"Director General y cofundador de La Red de Formaci\u00f3n Vicenciana. Javier es laico vicenciano, afiliado a la Congregaci\u00f3n de la Misi\u00f3n y miembro del Equipo de Misiones Populares de la provincia can\u00f3nica de Zaragoza (Espa\u00f1a) de la Congregaci\u00f3n de la Misi\u00f3n. Graduado en la Universidad Oberta de Catalunya con cuatro grados (Asistente de direcci\u00f3n, Gesti\u00f3n Administrativa, Recursos Humanos y Contabilidad Avanzada). Bil\u00edng\u00fce Espa\u00f1ol\/Ingl\u00e9s. gestiona y mantiene varias p\u00e1ginas web cristianas y vicencianas, incluida including La Red de Formaci\u00f3n Vicenciana, de la que es cofundador. Actualmente es responsable del \u00e1rea de Espa\u00f1ol de .famvin, la Red de Noticias de la Familia Vicenciana. Tambi\u00e9n es m\u00fasico cat\u00f3lico y ha editado varios discos. Es Director General y cofundador de Trovador, una reconocida compa\u00f1\u00eda discogr\u00e1fica critiana de Espa\u00f1a. Trabaja en las Tecnolog\u00edas de la Informaci\u00f3n, ofreciendo servicios de alojamiento, dise\u00f1o y mantenimiento Web, as\u00ed como asesoramiento, formaci\u00f3n y soluciones inform\u00e1ticas, gesti\u00f3n documental y digitalizaci\u00f3n de textos, edici\u00f3n y maquetaci\u00f3n de libros, revistas, flyers, etc.\",\"sameAs\":[\"http:\/\/chento.org\",\"https:\/\/www.facebook.com\/JavierChento\",\"https:\/\/x.com\/https:\/\/twitter.com\/javierchento\"],\"url\":\"https:\/\/vincentians.com\/es\/author\/chento\/\"}]}<\/script>\n<!-- \/ Yoast SEO plugin. -->","yoast_head_json":{"title":"El jansenismo - Somos Vicencianos","robots":{"index":"index","follow":"follow","max-snippet":"max-snippet:-1","max-image-preview":"max-image-preview:large","max-video-preview":"max-video-preview:-1"},"canonical":"https:\/\/vincentians.com\/es\/el-jansenismo\/","og_locale":"es_ES","og_type":"article","og_title":"El jansenismo - Somos Vicencianos","og_description":"El sabio holand\u00e9s Cornelio Jansen, en lat\u00edn Jansenius, obispo de Ypr\u00e9s, dej\u00f3 a su muerte, en 1638, una obra sobre la teolog\u00eda de san Agust\u00edn, en la que ense\u00f1aba que la naturaleza humana hab\u00eda quedado ... Read More","og_url":"https:\/\/vincentians.com\/es\/el-jansenismo\/","og_site_name":"Somos Vicencianos","article_publisher":"https:\/\/www.facebook.com\/WeAreVincentians\/","article_author":"https:\/\/www.facebook.com\/JavierChento","article_published_time":"2015-04-10T00:37:50+00:00","article_modified_time":"2016-07-26T14:58:15+00:00","author":"Francisco Javier Fern\u00e1ndez Chento","twitter_card":"summary_large_image","twitter_creator":"@https:\/\/twitter.com\/javierchento","twitter_site":"@WeVincentians","twitter_misc":{"Escrito por":"Francisco Javier Fern\u00e1ndez Chento","Tiempo de lectura":"4 minutos"},"schema":{"@context":"https:\/\/schema.org","@graph":[{"@type":"Article","@id":"https:\/\/vincentians.com\/es\/el-jansenismo\/#article","isPartOf":{"@id":"https:\/\/vincentians.com\/es\/el-jansenismo\/"},"author":{"name":"Francisco Javier Fern\u00e1ndez Chento","@id":"http:\/\/vincentians.com\/es\/#\/schema\/person\/9623ef4d9aa3b2dfb8c061f1499288f2"},"headline":"El jansenismo","datePublished":"2015-04-10T00:37:50+00:00","dateModified":"2016-07-26T14:58:15+00:00","mainEntityOfPage":{"@id":"https:\/\/vincentians.com\/es\/el-jansenismo\/"},"wordCount":801,"commentCount":1,"publisher":{"@id":"http:\/\/vincentians.com\/es\/#organization"},"image":{"@id":"https:\/\/vincentians.com\/es\/el-jansenismo\/#primaryimage"},"thumbnailUrl":"","keywords":["Urbano VIII"],"articleSection":["En tiempos de Vicente de Pa\u00fal"],"inLanguage":"es","potentialAction":[{"@type":"CommentAction","name":"Comment","target":["https:\/\/vincentians.com\/es\/el-jansenismo\/#respond"]}]},{"@type":"WebPage","@id":"https:\/\/vincentians.com\/es\/el-jansenismo\/","url":"https:\/\/vincentians.com\/es\/el-jansenismo\/","name":"El jansenismo - Somos Vicencianos","isPartOf":{"@id":"http:\/\/vincentians.com\/es\/#website"},"primaryImageOfPage":{"@id":"https:\/\/vincentians.com\/es\/el-jansenismo\/#primaryimage"},"image":{"@id":"https:\/\/vincentians.com\/es\/el-jansenismo\/#primaryimage"},"thumbnailUrl":"","datePublished":"2015-04-10T00:37:50+00:00","dateModified":"2016-07-26T14:58:15+00:00","breadcrumb":{"@id":"https:\/\/vincentians.com\/es\/el-jansenismo\/#breadcrumb"},"inLanguage":"es","potentialAction":[{"@type":"ReadAction","target":["https:\/\/vincentians.com\/es\/el-jansenismo\/"]}]},{"@type":"ImageObject","inLanguage":"es","@id":"https:\/\/vincentians.com\/es\/el-jansenismo\/#primaryimage","url":"","contentUrl":""},{"@type":"BreadcrumbList","@id":"https:\/\/vincentians.com\/es\/el-jansenismo\/#breadcrumb","itemListElement":[{"@type":"ListItem","position":1,"name":"Portada","item":"http:\/\/vincentians.com\/es\/"},{"@type":"ListItem","position":2,"name":"El jansenismo"}]},{"@type":"WebSite","@id":"http:\/\/vincentians.com\/es\/#website","url":"http:\/\/vincentians.com\/es\/","name":"Somos Vicencianos","description":"Know more to serve more","publisher":{"@id":"http:\/\/vincentians.com\/es\/#organization"},"potentialAction":[{"@type":"SearchAction","target":{"@type":"EntryPoint","urlTemplate":"http:\/\/vincentians.com\/es\/?s={search_term_string}"},"query-input":{"@type":"PropertyValueSpecification","valueRequired":true,"valueName":"search_term_string"}}],"inLanguage":"es"},{"@type":"Organization","@id":"http:\/\/vincentians.com\/es\/#organization","name":"The Vincentian Network","url":"http:\/\/vincentians.com\/es\/","logo":{"@type":"ImageObject","inLanguage":"es","@id":"http:\/\/vincentians.com\/es\/#\/schema\/logo\/image\/","url":"https:\/\/i1.wp.com\/vincentians.com\/es\/wp-content\/uploads\/sites\/11\/2016\/06\/Vincentian-Network-logo-big.png?fit=778%2C778","contentUrl":"https:\/\/i1.wp.com\/vincentians.com\/es\/wp-content\/uploads\/sites\/11\/2016\/06\/Vincentian-Network-logo-big.png?fit=778%2C778","width":778,"height":778,"caption":"The Vincentian Network"},"image":{"@id":"http:\/\/vincentians.com\/es\/#\/schema\/logo\/image\/"},"sameAs":["https:\/\/www.facebook.com\/WeAreVincentians\/","https:\/\/x.com\/WeVincentians"]},{"@type":"Person","@id":"http:\/\/vincentians.com\/es\/#\/schema\/person\/9623ef4d9aa3b2dfb8c061f1499288f2","name":"Francisco Javier Fern\u00e1ndez Chento","image":{"@type":"ImageObject","inLanguage":"es","@id":"http:\/\/vincentians.com\/es\/#\/schema\/person\/image\/","url":"https:\/\/secure.gravatar.com\/avatar\/497d5cde87b4c3d097d0315953521681ba2cd523ee66e5077c3711f7021e65de?s=96&d=mm&r=g","contentUrl":"https:\/\/secure.gravatar.com\/avatar\/497d5cde87b4c3d097d0315953521681ba2cd523ee66e5077c3711f7021e65de?s=96&d=mm&r=g","caption":"Francisco Javier Fern\u00e1ndez Chento"},"description":"Director General y cofundador de La Red de Formaci\u00f3n Vicenciana. Javier es laico vicenciano, afiliado a la Congregaci\u00f3n de la Misi\u00f3n y miembro del Equipo de Misiones Populares de la provincia can\u00f3nica de Zaragoza (Espa\u00f1a) de la Congregaci\u00f3n de la Misi\u00f3n. Graduado en la Universidad Oberta de Catalunya con cuatro grados (Asistente de direcci\u00f3n, Gesti\u00f3n Administrativa, Recursos Humanos y Contabilidad Avanzada). Bil\u00edng\u00fce Espa\u00f1ol\/Ingl\u00e9s. gestiona y mantiene varias p\u00e1ginas web cristianas y vicencianas, incluida including La Red de Formaci\u00f3n Vicenciana, de la que es cofundador. Actualmente es responsable del \u00e1rea de Espa\u00f1ol de .famvin, la Red de Noticias de la Familia Vicenciana. Tambi\u00e9n es m\u00fasico cat\u00f3lico y ha editado varios discos. Es Director General y cofundador de Trovador, una reconocida compa\u00f1\u00eda discogr\u00e1fica critiana de Espa\u00f1a. Trabaja en las Tecnolog\u00edas de la Informaci\u00f3n, ofreciendo servicios de alojamiento, dise\u00f1o y mantenimiento Web, as\u00ed como asesoramiento, formaci\u00f3n y soluciones inform\u00e1ticas, gesti\u00f3n documental y digitalizaci\u00f3n de textos, edici\u00f3n y maquetaci\u00f3n de libros, revistas, flyers, etc.","sameAs":["http:\/\/chento.org","https:\/\/www.facebook.com\/JavierChento","https:\/\/x.com\/https:\/\/twitter.com\/javierchento"],"url":"https:\/\/vincentians.com\/es\/author\/chento\/"}]}},"jetpack_publicize_connections":[],"jetpack_featured_media_url":"","jetpack_sharing_enabled":true,"jetpack_shortlink":"https:\/\/wp.me\/p7ETMF-pJZ","jetpack-related-posts":[{"id":119750,"url":"https:\/\/vincentians.com\/es\/el-senor-vicente-relee-su-vida-hombres-de-oracion\/","url_meta":{"origin":98951,"position":0},"title":"El Se\u00f1or Vicente relee su vida: Hombres de oraci\u00f3n","author":"Francisco Javier Fern\u00e1ndez Chento","date":"06\/05\/2013","format":false,"excerpt":"En medio de tantas ocupaciones, he puesto todo el inter\u00e9s en seguir fiel al estudio, especialmente en teolog\u00eda. Hubo en particular que hacer frente a las teor\u00edas de Ba\u00efus despu\u00e9s de Jansenio y Arnaud. En efecto, en 1637 yo hab\u00eda tenido que adoptar postura, pero fue sobre todo a partir\u2026","rel":"","context":"En \u00abVicente de Pa\u00fal\u00bb","block_context":{"text":"Vicente de Pa\u00fal","link":"https:\/\/vincentians.com\/es\/category\/la-familia-vicenciana\/fundadores\/vicente-de-paul\/"},"img":{"alt_text":"","src":"","width":0,"height":0},"classes":[]},{"id":149455,"url":"https:\/\/vincentians.com\/es\/corrientes-espirituales-en-francia-del-siglo-xvii\/","url_meta":{"origin":98951,"position":1},"title":"Corrientes Espirituales en Francia del Siglo XVII","author":"Francisco Javier Fern\u00e1ndez Chento","date":"24\/05\/2015","format":false,"excerpt":"En la Francia del siglo XVII las corrientes espirituales reaccionan a las posturas filos\u00f3ficas y espirituales del Renacimiento, las cuales tienden a exaltar a la persona humana. Entre los principales expositores y que influyeron en el pensamiento de San Vicente de Pa\u00fal, se encuentra tres grandes maestros espirituales de la\u2026","rel":"","context":"En \u00abEn tiempos de Vicente de Pa\u00fal\u00bb","block_context":{"text":"En tiempos de Vicente de Pa\u00fal","link":"https:\/\/vincentians.com\/es\/category\/historia-de-la-familia-vicenciana\/en-tiempos-de-vicente-de-paul\/"},"img":{"alt_text":"Francisco_de_Zurbaran","src":"https:\/\/i0.wp.com\/vicencianos.org\/wp-content\/2015\/05\/Francisco_de_Zurbaran-300x242.jpg?resize=350%2C200","width":350,"height":200},"classes":[]},{"id":121553,"url":"https:\/\/vincentians.com\/es\/el-siglo-xvii-frances\/","url_meta":{"origin":98951,"position":2},"title":"El siglo XVII franc\u00e9s","author":"Francisco Javier Fern\u00e1ndez Chento","date":"21\/04\/2022","format":false,"excerpt":"El siglo XVII fue un gran siglo franc\u00e9s, tambi\u00e9n en el orden religioso. Francia, aliada de los protestantes de cara al exterior, pas\u00f3 en su pol\u00edtica interna desde la tolerancia acordada por el Edicto de Nantes a la estricta unidad cat\u00f3\u00adlica. El Cristianismo franc\u00e9s, pese a las sombras jansenis\u00adtas, dio\u2026","rel":"","context":"En \u00abEn tiempos de Vicente de Pa\u00fal\u00bb","block_context":{"text":"En tiempos de Vicente de Pa\u00fal","link":"https:\/\/vincentians.com\/es\/category\/historia-de-la-familia-vicenciana\/en-tiempos-de-vicente-de-paul\/"},"img":{"alt_text":"","src":"https:\/\/i0.wp.com\/vincentians.com\/es\/wp-content\/uploads\/sites\/11\/2013\/04\/p.jpg?fit=550%2C289&ssl=1&resize=350%2C200","width":350,"height":200,"srcset":"https:\/\/i0.wp.com\/vincentians.com\/es\/wp-content\/uploads\/sites\/11\/2013\/04\/p.jpg?fit=550%2C289&ssl=1&resize=350%2C200 1x, https:\/\/i0.wp.com\/vincentians.com\/es\/wp-content\/uploads\/sites\/11\/2013\/04\/p.jpg?fit=550%2C289&ssl=1&resize=525%2C300 1.5x"},"classes":[]},{"id":107897,"url":"https:\/\/vincentians.com\/es\/san-vicente-de-paul-su-vida-su-tiempo-sus-obras-su-influencia-libro-5-capitulo-1\/","url_meta":{"origin":98951,"position":3},"title":"San Vicente de Pa\u00fal. Su vida, su tiempo; sus obras, su influencia. Libro 5, cap\u00edtulo 1","author":"Francisco Javier Fern\u00e1ndez Chento","date":"14\/01\/2015","format":false,"excerpt":"Libro V: San Vicente de Pa\u00fal y el Jansenismo Cap\u00edtulo Primero: Origen y comienzos del Jansenismo. I. Cuestiones de la gracia hasta el Augustinus. Antes de entrar en este gran debate, es necesario estudiar su historia, naturaleza y lengua. Y antes que nada expliquemos esta palabra de gracia, este gran\u2026","rel":"","context":"En \u00abVicente de Pa\u00fal\u00bb","block_context":{"text":"Vicente de Pa\u00fal","link":"https:\/\/vincentians.com\/es\/category\/la-familia-vicenciana\/fundadores\/vicente-de-paul\/"},"img":{"alt_text":"","src":"","width":0,"height":0},"classes":[]},{"id":404702,"url":"https:\/\/vincentians.com\/es\/san-vicente-de-paul-o-la-clarividente-oposicion-al-jansenismo-iii\/","url_meta":{"origin":98951,"position":4},"title":"San Vicente de Pa\u00fal o la clarividente oposici\u00f3n al jansenismo (III)","author":"Mitxel Olabu\u00e9naga","date":"16\/06\/2023","format":false,"excerpt":"PUBLICACI\u00d3N DEL AUGUSTINUS DE JANSENIO Y REACCI\u00d3N DE VICENTE DE PA\u00daL En honor a la verdad, el jansenismo pretend\u00eda una vuelta a la Iglesia primitiva, tratando de purificar la fe cat\u00f3lica, intensificar la vida cristiana y restaurar la idea de Providencia. La obra fun\u00addamental del jansenismo, el Augustinus, comenzada en\u2026","rel":"","context":"En \u00abFormaci\u00f3n Vicenciana\u00bb","block_context":{"text":"Formaci\u00f3n Vicenciana","link":"https:\/\/vincentians.com\/es\/category\/formacion-vicenciana\/"},"img":{"alt_text":"","src":"https:\/\/i0.wp.com\/vincentians.com\/es\/wp-content\/uploads\/sites\/11\/2013\/04\/Hijas-de-la-Caridad-4.jpg?fit=640%2C426&ssl=1&resize=350%2C200","width":350,"height":200,"srcset":"https:\/\/i0.wp.com\/vincentians.com\/es\/wp-content\/uploads\/sites\/11\/2013\/04\/Hijas-de-la-Caridad-4.jpg?fit=640%2C426&ssl=1&resize=350%2C200 1x, https:\/\/i0.wp.com\/vincentians.com\/es\/wp-content\/uploads\/sites\/11\/2013\/04\/Hijas-de-la-Caridad-4.jpg?fit=640%2C426&ssl=1&resize=525%2C300 1.5x"},"classes":[]},{"id":125151,"url":"https:\/\/vincentians.com\/es\/servir-a-los-pobres\/","url_meta":{"origin":98951,"position":5},"title":"Servir a los pobres","author":"Francisco Javier Fern\u00e1ndez Chento","date":"30\/11\/2013","format":false,"excerpt":"Es el comienzo del siglo XVII en Francia, donde ha de actuar Vicente de Pa\u00fal, un hervidero de ideas, de pasiones religiosas y pol\u00edticas, de ensayos doctrinales y organizados. El cardenal B\u00e9rulle introduce en Francia las carmelitas, funda la Congregaci\u00f3n del Oratorio para formar una selecci\u00f3n de sacerdotes, y \"naturaliza\"\u2026","rel":"","context":"En \u00abFormaci\u00f3n Vicenciana\u00bb","block_context":{"text":"Formaci\u00f3n Vicenciana","link":"https:\/\/vincentians.com\/es\/category\/formacion-vicenciana\/"},"img":{"alt_text":"SANV","src":"https:\/\/i0.wp.com\/vicencianos.org\/wp-content\/2013\/11\/SANV.jpg?resize=350%2C200","width":350,"height":200},"classes":[]}],"_links":{"self":[{"href":"https:\/\/vincentians.com\/es\/wp-json\/wp\/v2\/posts\/98951","targetHints":{"allow":["GET"]}}],"collection":[{"href":"https:\/\/vincentians.com\/es\/wp-json\/wp\/v2\/posts"}],"about":[{"href":"https:\/\/vincentians.com\/es\/wp-json\/wp\/v2\/types\/post"}],"author":[{"embeddable":true,"href":"https:\/\/vincentians.com\/es\/wp-json\/wp\/v2\/users\/4"}],"replies":[{"embeddable":true,"href":"https:\/\/vincentians.com\/es\/wp-json\/wp\/v2\/comments?post=98951"}],"version-history":[{"count":0,"href":"https:\/\/vincentians.com\/es\/wp-json\/wp\/v2\/posts\/98951\/revisions"}],"wp:featuredmedia":[{"embeddable":true,"href":"https:\/\/vincentians.com\/es\/wp-json\/"}],"wp:attachment":[{"href":"https:\/\/vincentians.com\/es\/wp-json\/wp\/v2\/media?parent=98951"}],"wp:term":[{"taxonomy":"category","embeddable":true,"href":"https:\/\/vincentians.com\/es\/wp-json\/wp\/v2\/categories?post=98951"},{"taxonomy":"post_tag","embeddable":true,"href":"https:\/\/vincentians.com\/es\/wp-json\/wp\/v2\/tags?post=98951"}],"curies":[{"name":"wp","href":"https:\/\/api.w.org\/{rel}","templated":true}]}}