{"id":96096,"date":"2013-12-04T02:02:13","date_gmt":"2013-12-04T01:02:13","guid":{"rendered":"http:\/\/somos.vicencianos.org\/?p=96096"},"modified":"2016-07-26T19:19:03","modified_gmt":"2016-07-26T17:19:03","slug":"descendencia-espiritual-de-san-vicente-de-paul","status":"publish","type":"post","link":"https:\/\/vincentians.com\/es\/descendencia-espiritual-de-san-vicente-de-paul\/","title":{"rendered":"Descendencia espiritual de San Vicente de Pa\u00fal"},"content":{"rendered":"<p><a href=\"https:\/\/i0.wp.com\/vicencianos.org\/wp-content\/2012\/07\/f26.jpg\"><img data-recalc-dims=\"1\" loading=\"lazy\" decoding=\"async\" class=\"wp-image-96097 alignright\" alt=\"\" src=\"https:\/\/i0.wp.com\/vicencianos.org\/wp-content\/2012\/07\/f26-150x300.jpg?resize=150%2C300\" width=\"150\" height=\"300\" \/><\/a>Entre las comunidades que, en Francia, tienen un lazo pr\u00f3ximo o lejano con las fundaciones de San Vicente de Pa\u00fal, hay que distinguir:<\/p>\n<ol>\n<li>Las que fueron instituidas o se desarrollaron, en sus or\u00edgenes, bajo el m\u00f3vil m\u00e1s o menos directo de San Vicente.\n<ol>\n<li><strong>Las Hijas de la Caridad, <\/strong>instituidas por San Vicente en 1633 en Par\u00eds.<\/li>\n<li><strong>Las Hijas de la Providencia, <\/strong>instituidas por la se\u00f1ora Pollalion, ayudada por San Vicente, que redact\u00f3 las primeras reglas, y luego por el Sr. Le Vachet. Estas religiosas, instituidas en Par\u00eds en 1641, constituyeron el n\u00facleo de la <strong>Comu<\/strong><strong>nidad de la Uni\u00f3n Cristiana, <\/strong>llamada m\u00e1s tarde de Saint-Chaumond, que poste\u00adriormente, en el siglo XIX, se parti\u00f3 en dos ramas: la de Fontenay-le-Comte (Vend\u00e9e) y la de Poitiers (Vienne).<\/li>\n<li><strong>Las Hermanas de Santa In\u00e9s, <\/strong>instituidas por la se\u00f1orita Biscot, en 1636, en Arras. San Vicente se hizo el protector de la comunidad y obtuvo de la Reina Ana de Austria la aprobaci\u00f3n real. Esta comunidad fue absorbida m\u00e1s tarde por las Siervas de Mar\u00eda de Anglet.<\/li>\n<li><strong>Las Agustinas de la Caridad de Nuestra Se\u00f1ora, <\/strong>instituidas en Par\u00eds por la Madre Francisca de la Cruz. Las constituciones, en su forma primitiva, fueron redactadas bajo la direcci\u00f3n de San Vicente y aprobadas por el Papa Urbano VIII en 1628.<\/li>\n<li><strong>Las Hijas de la Cruz de Par\u00eds, <\/strong>instituidas en Par\u00eds en 1640 por la se\u00f1ora Lhuillier de Villeneuve, se\u00f1ora de la Caridad, seg\u00fan los consejos de San Vicente.<\/li>\n<li><strong>Las Hijas de la Cruz de Lavaur, <\/strong>instituidas en 1685 por Mons. Le Gouz de la Berch\u00e9re, obispo de Lavaur, sobre el modelo de las Hijas de la Cruz de Par\u00eds.<\/li>\n<li><strong>Las Religiosas de la Cruz de San Quint\u00edn, <\/strong>instituidas en Roye (Somme), en 1626, por Pierre Gu\u00e9rin, p\u00e1rroco, y Frangoise Wallet. Pierre Gu\u00e9rin estaba en relaci\u00f3n con San Vicente. Estas religiosas estuvieron, durante cierto tiempo, uni\u00addas a las Hijas de la Cruz de la se\u00f1ora Villeneuve.<\/li>\n<li><strong>La Visitaci\u00f3n de Santa Mar\u00eda. <\/strong>Esta orden instituida en Annecy, en 1610, por Francisco de Sales y Juana Chantal. Desde 1622 (antes de la muerte de San Francisco de Sales) a 1660 (poco antes de su muerte), el Sr. Vicente fue director del primer monasterio de la Visitaci\u00f3n, en la di\u00f3cesis de Par\u00eds; posteriormente ser\u00eda director del segundo, luego del tercer monasterio de la di\u00f3cesis. Las Visi\u00adtandinas han conservado una gran devoci\u00f3n a San Vicente, cuyas obras leen.<\/li>\n<li><strong>Las Arrepentidas, <\/strong>instituidas en Par\u00eds, en 1628, bajo la direcci\u00f3n de Jean Dupont, fueron puestas bajo la tutela de las religiosas de la Visitaci\u00f3n, en 1629, siguiendo los consejos de San Vicente.<\/li>\n<li><strong>Las Religiosas de Santa Isabel, <\/strong>instituidas en Par\u00eds. El primer reglamento les fue dado por el P. Faure, superior de los Genovevianos, de acuerdo con el se\u00f1or Vicente y el P. de Condren.<\/li>\n<li><strong>Las Hijas del interior de la Virgen, <\/strong>instituidas en Par\u00eds, en 1660, por la se\u00f1ora de Saujon, uno de cuyos consejeros era San Vicente.<\/li>\n<\/ol>\n<\/li>\n<li>Las que tienen a San Vicente como patr\u00f3n principal o secundario.\n<ol>\n<li><strong>Las Hermanas de la Caridad, <\/strong>llamadas a veces <strong>Hermanas de Todos los <\/strong><strong>Santos, <\/strong>instituidas por el cardenal de Rohan, en 1734, en Saverne (instaladas m\u00e1s tarde en Estrasburgo). Fue en 1755 cuando San Vicente de Pa\u00fal fue adop\u00adtado como patr\u00f3n principal.<\/li>\n<li><strong>Las Hermanas de la Santa Familia de Grillaud, <\/strong>instituidas en 1896 en <strong>Nan\u00ad<\/strong>tes por el sacerdote Jean Marie Laurent.<\/li>\n<li><strong>Las Hermanas de la Congregaci\u00f3n de San Mart\u00edn de Digne, <\/strong>instituidas por el can\u00f3nigo Gariel y la se\u00f1orita Gelinsky. Cuando la se\u00f1orita Gelinsky instituy\u00f3 su comunidad, tom\u00f3 como nombre de religi\u00f3n el de Madre San Vicente <strong>de Pa\u00fal <\/strong>para poner a su comunidad bajo la protecci\u00f3n del Santo. Esta congregaci\u00f3n fue absorbida por el Instituto de Nuestra Se\u00f1ora de Digne.<\/li>\n<li><strong>Las Hermanas de la Misericordia, <\/strong>instituidas en S\u00e9es, en 1823, por el can\u00f3nigo J. Bazin.<\/li>\n<li><strong>Las Hermanas del Sagrado Coraz\u00f3n de Jes\u00fas de Saint-Jacut, <\/strong>instituidas por Angelique Le Sourd, en 1816, en Saint-Jacut (Morbihan).<\/li>\n<li><strong>Las Hermanas de la Providencia, <\/strong>instituidas, en 1826, en Crehen (C\u00f3tes-du\u00adNord) por el sacerdote Guy Homery.<\/li>\n<li><strong>Las Hermanas de la Caridad de Nuestra Se\u00f1ora, <\/strong>llamadas <strong>de Euron, <\/strong>instituidas en 1682 en La Chapelle en Riboul (Mayenne) por la se\u00f1ora Thulard. Las primeras Hermanas tuvieron un per\u00edodo de pr\u00e1cticas en casa de las Hijas de la Caridad de Le Mans. Su regla est\u00e1 inspirada en la de las Hijas de la Caridad, cuyo antiguo vestido han llevado por muy largo tiempo. Sus obras son las mismas.<\/li>\n<li><strong>Las Hijas de la Cruz de Saint-Brieuc<\/strong> (C\u00f3tes-du-Nord).<\/li>\n<li><strong>Las Hijas de la Misericordia de Saint-Brieuc<\/strong>.<\/li>\n<li><strong>Las Hermanas de la Misericordia de Beaulieu, <\/strong>instituidas en Beaulieu (Correre), absorbidas por la Congregaci\u00f3n de la Divina Providencia de Saint-Jean de Bassel.<\/li>\n<li><strong>Hijas de Santa Mar\u00eda de la Presentaci\u00f3n de la Virgen, <\/strong>instituidas en 1827 por el sacerdote Fleury en Broons (C\u00f3tes-du-Nord).<\/li>\n<li><strong>Las Hermanas de la Providencia de Nantes.<\/strong><strong><\/strong><\/li>\n<li><strong>Las Religiosas Franciscanas de San Vicente de Pa\u00fal, <\/strong>instituidas en Voiron (Saboya), absorbidas por las Hermanas de Saint-Marie Postel.<\/li>\n<\/ol>\n<\/li>\n<li>Las que han sido instituidas por lazaristas (sacerdotes de la Misi\u00f3n), hijos de San Vicente.\n<ol>\n<li><strong>Las Hermanas de la Santa Agon\u00eda, <\/strong>instituidas por A. Nicolle, en 1863, en Valfleury (Loire).<\/li>\n<li><strong>Las Hermanas de la Reuni\u00f3n de Burdeos, <\/strong>instituidas en Burdeos por M. Wuillerme et V. Wlechmans.<\/li>\n<li><strong>Las Hermanas de la Santa Familia, <\/strong>instituidas por Cl. Huchon, p\u00e1rroco de Sed\u00e1n.<\/li>\n<li><strong>Las Religiosas del Smo. Sacramento, <\/strong>instituidas en 1715 en Boucieule-Roy (Ardeche) por P. Virge (antiguo sacerdote de la Congregaci\u00f3n de la Misi\u00f3n).<\/li>\n<\/ol>\n<\/li>\n<li>Las que han sido instituidas por antiguas Hijas de la Caridad.\n<ol>\n<li><strong>Las Hermanas de la Caridad bajo la protecci\u00f3n de San Vicente de Pa\u00fal, <\/strong>instituidas en Besanz\u00f3n, en 1800, por Santa Juana Antide Thouret, que hab\u00eda sido Hija de<strong> <\/strong>la Caridad desde 1787 a 1792. Hab\u00eda sido su deseo unir su comunidad de origen con \u00absus hijas\u00bb, pero el obispo de Besanz\u00f3n, Mons. Le Coz, se opuso.<\/li>\n<li><strong>Las Hermanas de la Caridad de Santa Juana Antide Thouret, <\/strong>rama aut\u00f3\u00adnoma de la comunidad precedente (su casa madre est\u00e1 en La Roche-sur-Foron (Alta Saboya).<\/li>\n<li><strong>Las Hermanas de la Caridad de Santa Mar\u00eda, <\/strong>instituidas en Tur\u00edn a consecuencia del cisma producido por Sor Mar\u00eda Clarac, Hija de la Caridad francesa (1817-1887). Sus lazos con la comunidad de origen fueron rotos en 1871, pero Sor Mar\u00eda Clarac conserv\u00f3 el nombre y el h\u00e1bito de las Hijas de la Caridad. Cambiaron de h\u00e1bito y de nombre en 1910, fecha de la primera aprobaci\u00f3n episcopal.<\/li>\n<\/ol>\n<\/li>\n<li>Las que han experimentado, al menos en sus or\u00edgenes, la influencia de las Hijas de la Caridad.\n<ol>\n<li><strong>Hermanas de la Caridad dominicas de la Presentaci\u00f3n de la Santa Virgen <\/strong>llamadas m\u00e1s com\u00fanmente <strong>Hermanas de la Presentaci\u00f3n de Tours, <\/strong>instituida: al fin del siglo XVII en Sainville (Eure et Loir) por el P. Mespoli\u00e9, dominico y Mar\u00eda Poussepin. Esta hab\u00eda tratado, en su juventud, con las Hijas de la Caridad de Dourdan, y su madre era adem\u00e1s Se\u00f1ora de la Caridad. El vestido de las Hermanas fue por mucho tiempo parecido al de las Hijas de la Caridad pero con los colores dominicanos (blanco y negro).<\/li>\n<li><strong>Las Hermanas de la Misericordia, <\/strong>instituidas en 1800, en Burdeos, por Mar\u00eda Teresa Lamoroux, muy devota de San Vicente.<\/li>\n<li><strong>Las Hermanas de la Caridad y del Santo Sacramento de Bourges, <\/strong>instituidas en 1761, en Montoire (Loir et Cher), por el p\u00e1rroco de Montoire, Antonio Moreau, y Michelle del Santo Sacramento. Esta, llegada de Bruselas a Par\u00eds pan entrar en las Hijas de la Caridad, hubo de renunciar a ello a instancias de si hermano. Permaneciendo alg\u00fan tiempo en Par\u00eds, form\u00f3 parte de las Se\u00f1oras de la Caridad.<\/li>\n<li><strong>Las Hijas de la Caridad del Sagrado Coraz\u00f3n de Jes\u00fas, <\/strong>instituidas en 1823 en La Salle de Vihiers (Maine et Loire), por el sacerdote Catroux y Rosa Giet puestas bajo el patrocinio de San Vicente. La superiora de las Hijas de la Caridad del Hospital de Angers ayud\u00f3 poderosamente a la comunidad en sus comienzos. El nombre y el vestido de las Hijas de la Caridad fueron adoptados con intenci\u00f3n desde el origen.<\/li>\n<\/ol>\n<\/li>\n<li>Las que, seg\u00fan su propio testimonio, est\u00e1n ligadas, al menos por el es\u00adp\u00edritu y la espiritualidad, a las Hijas de la Caridad.\n<ol>\n<li><strong>Las Hermanas del Patrocinio de San Jos\u00e9, <\/strong>instituidas en 1885 en el Mont Saint-Ruaudi\u00e9re. El esp\u00edritu de esta comunidad est\u00e1 tomado de San Francisco de Sales y de San Vicente de Pa\u00fal, especialmente por lo que mira a la pr\u00e1ctica de las virtudes de la humildad, de la sencillez y de la caridad.<\/li>\n<li><strong>Las Hermanas de la Caridad de Santa Mar\u00eda La F\u00f3ret, <\/strong>instituidas en e] siglo XVI en Angers. Ellas afirman vivir la espiritualidad de San Francisco de Sales y de San Vicente de Pa\u00fal.<\/li>\n<\/ol>\n<\/li>\n<li>Las que han estado, en sus or\u00edgenes o posteriormente, en relaciones m\u00e1s o menos constantes con Hijos o Hijas de San Vicente.\n<ol>\n<li><strong>Las Hermanas de Santa Clotilde<\/strong>, instituidas en 1821 en Par\u00eds por el P. Rau\u00adzan y la se\u00f1ora Desfontaines. De 1886 a 1901 fue Superiora General la Madre San Vicente de Pa\u00fal, hija del Sr. Bailly, fundador, con Ozanam, de las Conferencias de San Vicente de Pa\u00fal, sobrina de un lazarista (sacerdote de la Congregaci\u00f3n de la Misi\u00f3n) y hermana del P. Vicente de Pa\u00fal Bailly, asuncionista, director de la \u00abCroix\u00bb y de la \u00abBonne Presse\u00bb.<\/li>\n<li><strong>Las Auxiliadoras del Purgatorio, <\/strong>instituidas en 1856, en Par\u00eds, por Eugenia Smet, cuya comunidad, en sus comienzos, estuvo en relaci\u00f3n con los lazaris\u00adtas (sacerdotes de la Misi\u00f3n) de la calle de Sevres y las Hijas de la Caridad de la calle Poulletier, de la calle Oudinot y de la calle del Bac.<\/li>\n<\/ol>\n<\/li>\n<\/ol>\n<p><strong>Descendencia vicenciana en Espa\u00f1a<\/strong><\/p>\n<ol>\n<li><strong>Los Hermanos de la Caridad <\/strong>organizados en 1784 por el P. Nualart, C. M., visitador que fue de la Provincia espa\u00f1ola (1781-1796).<\/li>\n<li><strong>Hermanas Hospitalarias de la Santa Cruz, <\/strong>fundadas por Sor Teresa Cor\u00adt\u00e9s en Barcelona (1790). Sor Teresa Cort\u00e9s fue una de las cinco primeras Hijas de la Caridad espa\u00f1olas.<\/li>\n<li><strong>Hermanas de Nuestra Se\u00f1ora de la Consolaci\u00f3n, <\/strong>fundadas por Sor Rosa Molas y Vallv\u00e9 en Tortosa (1857). Sor Rosa Molas y Vallv\u00e9, beatificada por Pa\u00adblo VI el 8 de mayo de 1977, fue Hija de la Caridad en Reus.<\/li>\n<li><strong>Religiosas de la Sagrada Familia de Urgel, <\/strong>fundadas por Sor Mar\u00eda Ana Jene (1800-1885). El origen de esta comunidad es claramente vicenciano.<\/li>\n<li><strong>Instituto de la Caridad de las Hijas del Inmaculado Coraz\u00f3n de Mar\u00eda, <\/strong>fundado por Mar\u00eda G\u00fcell en Cervera (1899).<\/li>\n<li><strong>Hermanas de la Caridad de Santa Ana, <\/strong>fundadas por la Madre Rafols y el sacerdote Juan Bonal (1804).<\/li>\n<li><strong>Congregaci\u00f3n de las Hijas de la Caridad de San Vicente de Pa\u00fal, <\/strong>fundadas por el sacerdote Antonio Roig, p\u00e1rroco de Felanitx, en Mallorca.<\/li>\n<li><strong>Hermanas de la Cruz, <\/strong>fundadas por Sor Angela de la Cruz (1846-1931). Sor Angela de la Cruz fue Hija de la Caridad destinada por razones de salud a Cuenca, Valencia y Sevilla. Al no recuperar la salud dej\u00f3 la Compa\u00f1\u00eda. Funda las Hermanitas de la Cruz con el prop\u00f3sito de unir la penitencia de los padres del de\u00adsierto y la caridad de San Vicente (cf. Javierre, J. M.: <strong>Madre de los pobres, <\/strong>Ma\u00addrid, 1969).<\/li>\n<\/ol>\n","protected":false},"excerpt":{"rendered":"<p>Entre las comunidades que, en Francia, tienen un lazo pr\u00f3ximo o lejano con las fundaciones de San Vicente de Pa\u00fal, hay que distinguir: Las que fueron instituidas o se desarrollaron, en sus or\u00edgenes, bajo el &#8230; <a href=\"https:\/\/vincentians.com\/es\/descendencia-espiritual-de-san-vicente-de-paul\/\" class=\"more-link\">Read More<\/a><\/p>\n","protected":false},"author":4,"featured_media":96097,"comment_status":"open","ping_status":"open","sticky":false,"template":"","format":"standard","meta":{"jetpack_post_was_ever_published":false,"_jetpack_newsletter_access":"","_jetpack_dont_email_post_to_subs":false,"_jetpack_newsletter_tier_id":0,"_jetpack_memberships_contains_paywalled_content":false,"_jetpack_memberships_contains_paid_content":false,"footnotes":"","jetpack_publicize_message":"","jetpack_publicize_feature_enabled":true,"jetpack_social_post_already_shared":true,"jetpack_social_options":{"image_generator_settings":{"template":"highway","default_image_id":0,"font":"","enabled":false},"version":2}},"categories":[28],"tags":[164,129],"class_list":["post-96096","post","type-post","status-publish","format-standard","has-post-thumbnail","hentry","category-formacion-vicenciana","tag-bailly","tag-urbano-viii"],"yoast_head":"<!-- This site is optimized with the Yoast SEO plugin v26.3 - https:\/\/yoast.com\/wordpress\/plugins\/seo\/ -->\n<title>Descendencia espiritual de San Vicente de Pa\u00fal - Somos Vicencianos<\/title>\n<meta name=\"robots\" content=\"index, follow, max-snippet:-1, max-image-preview:large, max-video-preview:-1\" \/>\n<link rel=\"canonical\" href=\"https:\/\/vincentians.com\/es\/descendencia-espiritual-de-san-vicente-de-paul\/\" \/>\n<meta property=\"og:locale\" content=\"es_ES\" \/>\n<meta property=\"og:type\" content=\"article\" \/>\n<meta property=\"og:title\" content=\"Descendencia espiritual de San Vicente de Pa\u00fal - Somos Vicencianos\" \/>\n<meta property=\"og:description\" content=\"Entre las comunidades que, en Francia, tienen un lazo pr\u00f3ximo o lejano con las fundaciones de San Vicente de Pa\u00fal, hay que distinguir: Las que fueron instituidas o se desarrollaron, en sus or\u00edgenes, bajo el ... Read More\" \/>\n<meta property=\"og:url\" content=\"https:\/\/vincentians.com\/es\/descendencia-espiritual-de-san-vicente-de-paul\/\" \/>\n<meta property=\"og:site_name\" content=\"Somos Vicencianos\" \/>\n<meta property=\"article:publisher\" content=\"https:\/\/www.facebook.com\/WeAreVincentians\/\" \/>\n<meta property=\"article:author\" content=\"https:\/\/www.facebook.com\/JavierChento\" \/>\n<meta property=\"article:published_time\" content=\"2013-12-04T01:02:13+00:00\" \/>\n<meta property=\"article:modified_time\" content=\"2016-07-26T17:19:03+00:00\" \/>\n<meta name=\"author\" content=\"Francisco Javier Fern\u00e1ndez Chento\" \/>\n<meta name=\"twitter:card\" content=\"summary_large_image\" \/>\n<meta name=\"twitter:creator\" content=\"@https:\/\/twitter.com\/javierchento\" \/>\n<meta name=\"twitter:site\" content=\"@WeVincentians\" \/>\n<meta name=\"twitter:label1\" content=\"Escrito por\" \/>\n\t<meta name=\"twitter:data1\" content=\"Francisco Javier Fern\u00e1ndez Chento\" \/>\n\t<meta name=\"twitter:label2\" content=\"Tiempo de lectura\" \/>\n\t<meta name=\"twitter:data2\" content=\"10 minutos\" \/>\n<script type=\"application\/ld+json\" class=\"yoast-schema-graph\">{\"@context\":\"https:\/\/schema.org\",\"@graph\":[{\"@type\":\"Article\",\"@id\":\"https:\/\/vincentians.com\/es\/descendencia-espiritual-de-san-vicente-de-paul\/#article\",\"isPartOf\":{\"@id\":\"https:\/\/vincentians.com\/es\/descendencia-espiritual-de-san-vicente-de-paul\/\"},\"author\":{\"name\":\"Francisco Javier Fern\u00e1ndez Chento\",\"@id\":\"http:\/\/vincentians.com\/es\/#\/schema\/person\/9623ef4d9aa3b2dfb8c061f1499288f2\"},\"headline\":\"Descendencia espiritual de San Vicente de Pa\u00fal\",\"datePublished\":\"2013-12-04T01:02:13+00:00\",\"dateModified\":\"2016-07-26T17:19:03+00:00\",\"mainEntityOfPage\":{\"@id\":\"https:\/\/vincentians.com\/es\/descendencia-espiritual-de-san-vicente-de-paul\/\"},\"wordCount\":1962,\"commentCount\":0,\"publisher\":{\"@id\":\"http:\/\/vincentians.com\/es\/#organization\"},\"image\":{\"@id\":\"https:\/\/vincentians.com\/es\/descendencia-espiritual-de-san-vicente-de-paul\/#primaryimage\"},\"thumbnailUrl\":\"\",\"keywords\":[\"Bailly\",\"Urbano VIII\"],\"articleSection\":[\"Formaci\u00f3n Vicenciana\"],\"inLanguage\":\"es\",\"potentialAction\":[{\"@type\":\"CommentAction\",\"name\":\"Comment\",\"target\":[\"https:\/\/vincentians.com\/es\/descendencia-espiritual-de-san-vicente-de-paul\/#respond\"]}]},{\"@type\":\"WebPage\",\"@id\":\"https:\/\/vincentians.com\/es\/descendencia-espiritual-de-san-vicente-de-paul\/\",\"url\":\"https:\/\/vincentians.com\/es\/descendencia-espiritual-de-san-vicente-de-paul\/\",\"name\":\"Descendencia espiritual de San Vicente de Pa\u00fal - Somos Vicencianos\",\"isPartOf\":{\"@id\":\"http:\/\/vincentians.com\/es\/#website\"},\"primaryImageOfPage\":{\"@id\":\"https:\/\/vincentians.com\/es\/descendencia-espiritual-de-san-vicente-de-paul\/#primaryimage\"},\"image\":{\"@id\":\"https:\/\/vincentians.com\/es\/descendencia-espiritual-de-san-vicente-de-paul\/#primaryimage\"},\"thumbnailUrl\":\"\",\"datePublished\":\"2013-12-04T01:02:13+00:00\",\"dateModified\":\"2016-07-26T17:19:03+00:00\",\"breadcrumb\":{\"@id\":\"https:\/\/vincentians.com\/es\/descendencia-espiritual-de-san-vicente-de-paul\/#breadcrumb\"},\"inLanguage\":\"es\",\"potentialAction\":[{\"@type\":\"ReadAction\",\"target\":[\"https:\/\/vincentians.com\/es\/descendencia-espiritual-de-san-vicente-de-paul\/\"]}]},{\"@type\":\"ImageObject\",\"inLanguage\":\"es\",\"@id\":\"https:\/\/vincentians.com\/es\/descendencia-espiritual-de-san-vicente-de-paul\/#primaryimage\",\"url\":\"\",\"contentUrl\":\"\"},{\"@type\":\"BreadcrumbList\",\"@id\":\"https:\/\/vincentians.com\/es\/descendencia-espiritual-de-san-vicente-de-paul\/#breadcrumb\",\"itemListElement\":[{\"@type\":\"ListItem\",\"position\":1,\"name\":\"Portada\",\"item\":\"http:\/\/vincentians.com\/es\/\"},{\"@type\":\"ListItem\",\"position\":2,\"name\":\"Descendencia espiritual de San Vicente de Pa\u00fal\"}]},{\"@type\":\"WebSite\",\"@id\":\"http:\/\/vincentians.com\/es\/#website\",\"url\":\"http:\/\/vincentians.com\/es\/\",\"name\":\"Somos Vicencianos\",\"description\":\"Know more to serve more\",\"publisher\":{\"@id\":\"http:\/\/vincentians.com\/es\/#organization\"},\"potentialAction\":[{\"@type\":\"SearchAction\",\"target\":{\"@type\":\"EntryPoint\",\"urlTemplate\":\"http:\/\/vincentians.com\/es\/?s={search_term_string}\"},\"query-input\":{\"@type\":\"PropertyValueSpecification\",\"valueRequired\":true,\"valueName\":\"search_term_string\"}}],\"inLanguage\":\"es\"},{\"@type\":\"Organization\",\"@id\":\"http:\/\/vincentians.com\/es\/#organization\",\"name\":\"The Vincentian Network\",\"url\":\"http:\/\/vincentians.com\/es\/\",\"logo\":{\"@type\":\"ImageObject\",\"inLanguage\":\"es\",\"@id\":\"http:\/\/vincentians.com\/es\/#\/schema\/logo\/image\/\",\"url\":\"https:\/\/i1.wp.com\/vincentians.com\/es\/wp-content\/uploads\/sites\/11\/2016\/06\/Vincentian-Network-logo-big.png?fit=778%2C778\",\"contentUrl\":\"https:\/\/i1.wp.com\/vincentians.com\/es\/wp-content\/uploads\/sites\/11\/2016\/06\/Vincentian-Network-logo-big.png?fit=778%2C778\",\"width\":778,\"height\":778,\"caption\":\"The Vincentian Network\"},\"image\":{\"@id\":\"http:\/\/vincentians.com\/es\/#\/schema\/logo\/image\/\"},\"sameAs\":[\"https:\/\/www.facebook.com\/WeAreVincentians\/\",\"https:\/\/x.com\/WeVincentians\"]},{\"@type\":\"Person\",\"@id\":\"http:\/\/vincentians.com\/es\/#\/schema\/person\/9623ef4d9aa3b2dfb8c061f1499288f2\",\"name\":\"Francisco Javier Fern\u00e1ndez Chento\",\"image\":{\"@type\":\"ImageObject\",\"inLanguage\":\"es\",\"@id\":\"http:\/\/vincentians.com\/es\/#\/schema\/person\/image\/\",\"url\":\"https:\/\/secure.gravatar.com\/avatar\/497d5cde87b4c3d097d0315953521681ba2cd523ee66e5077c3711f7021e65de?s=96&d=mm&r=g\",\"contentUrl\":\"https:\/\/secure.gravatar.com\/avatar\/497d5cde87b4c3d097d0315953521681ba2cd523ee66e5077c3711f7021e65de?s=96&d=mm&r=g\",\"caption\":\"Francisco Javier Fern\u00e1ndez Chento\"},\"description\":\"Director General y cofundador de La Red de Formaci\u00f3n Vicenciana. Javier es laico vicenciano, afiliado a la Congregaci\u00f3n de la Misi\u00f3n y miembro del Equipo de Misiones Populares de la provincia can\u00f3nica de Zaragoza (Espa\u00f1a) de la Congregaci\u00f3n de la Misi\u00f3n. Graduado en la Universidad Oberta de Catalunya con cuatro grados (Asistente de direcci\u00f3n, Gesti\u00f3n Administrativa, Recursos Humanos y Contabilidad Avanzada). Bil\u00edng\u00fce Espa\u00f1ol\/Ingl\u00e9s. gestiona y mantiene varias p\u00e1ginas web cristianas y vicencianas, incluida including La Red de Formaci\u00f3n Vicenciana, de la que es cofundador. Actualmente es responsable del \u00e1rea de Espa\u00f1ol de .famvin, la Red de Noticias de la Familia Vicenciana. Tambi\u00e9n es m\u00fasico cat\u00f3lico y ha editado varios discos. Es Director General y cofundador de Trovador, una reconocida compa\u00f1\u00eda discogr\u00e1fica critiana de Espa\u00f1a. Trabaja en las Tecnolog\u00edas de la Informaci\u00f3n, ofreciendo servicios de alojamiento, dise\u00f1o y mantenimiento Web, as\u00ed como asesoramiento, formaci\u00f3n y soluciones inform\u00e1ticas, gesti\u00f3n documental y digitalizaci\u00f3n de textos, edici\u00f3n y maquetaci\u00f3n de libros, revistas, flyers, etc.\",\"sameAs\":[\"http:\/\/chento.org\",\"https:\/\/www.facebook.com\/JavierChento\",\"https:\/\/x.com\/https:\/\/twitter.com\/javierchento\"],\"url\":\"https:\/\/vincentians.com\/es\/author\/chento\/\"}]}<\/script>\n<!-- \/ Yoast SEO plugin. -->","yoast_head_json":{"title":"Descendencia espiritual de San Vicente de Pa\u00fal - Somos Vicencianos","robots":{"index":"index","follow":"follow","max-snippet":"max-snippet:-1","max-image-preview":"max-image-preview:large","max-video-preview":"max-video-preview:-1"},"canonical":"https:\/\/vincentians.com\/es\/descendencia-espiritual-de-san-vicente-de-paul\/","og_locale":"es_ES","og_type":"article","og_title":"Descendencia espiritual de San Vicente de Pa\u00fal - Somos Vicencianos","og_description":"Entre las comunidades que, en Francia, tienen un lazo pr\u00f3ximo o lejano con las fundaciones de San Vicente de Pa\u00fal, hay que distinguir: Las que fueron instituidas o se desarrollaron, en sus or\u00edgenes, bajo el ... Read More","og_url":"https:\/\/vincentians.com\/es\/descendencia-espiritual-de-san-vicente-de-paul\/","og_site_name":"Somos Vicencianos","article_publisher":"https:\/\/www.facebook.com\/WeAreVincentians\/","article_author":"https:\/\/www.facebook.com\/JavierChento","article_published_time":"2013-12-04T01:02:13+00:00","article_modified_time":"2016-07-26T17:19:03+00:00","author":"Francisco Javier Fern\u00e1ndez Chento","twitter_card":"summary_large_image","twitter_creator":"@https:\/\/twitter.com\/javierchento","twitter_site":"@WeVincentians","twitter_misc":{"Escrito por":"Francisco Javier Fern\u00e1ndez Chento","Tiempo de lectura":"10 minutos"},"schema":{"@context":"https:\/\/schema.org","@graph":[{"@type":"Article","@id":"https:\/\/vincentians.com\/es\/descendencia-espiritual-de-san-vicente-de-paul\/#article","isPartOf":{"@id":"https:\/\/vincentians.com\/es\/descendencia-espiritual-de-san-vicente-de-paul\/"},"author":{"name":"Francisco Javier Fern\u00e1ndez Chento","@id":"http:\/\/vincentians.com\/es\/#\/schema\/person\/9623ef4d9aa3b2dfb8c061f1499288f2"},"headline":"Descendencia espiritual de San Vicente de Pa\u00fal","datePublished":"2013-12-04T01:02:13+00:00","dateModified":"2016-07-26T17:19:03+00:00","mainEntityOfPage":{"@id":"https:\/\/vincentians.com\/es\/descendencia-espiritual-de-san-vicente-de-paul\/"},"wordCount":1962,"commentCount":0,"publisher":{"@id":"http:\/\/vincentians.com\/es\/#organization"},"image":{"@id":"https:\/\/vincentians.com\/es\/descendencia-espiritual-de-san-vicente-de-paul\/#primaryimage"},"thumbnailUrl":"","keywords":["Bailly","Urbano VIII"],"articleSection":["Formaci\u00f3n Vicenciana"],"inLanguage":"es","potentialAction":[{"@type":"CommentAction","name":"Comment","target":["https:\/\/vincentians.com\/es\/descendencia-espiritual-de-san-vicente-de-paul\/#respond"]}]},{"@type":"WebPage","@id":"https:\/\/vincentians.com\/es\/descendencia-espiritual-de-san-vicente-de-paul\/","url":"https:\/\/vincentians.com\/es\/descendencia-espiritual-de-san-vicente-de-paul\/","name":"Descendencia espiritual de San Vicente de Pa\u00fal - Somos Vicencianos","isPartOf":{"@id":"http:\/\/vincentians.com\/es\/#website"},"primaryImageOfPage":{"@id":"https:\/\/vincentians.com\/es\/descendencia-espiritual-de-san-vicente-de-paul\/#primaryimage"},"image":{"@id":"https:\/\/vincentians.com\/es\/descendencia-espiritual-de-san-vicente-de-paul\/#primaryimage"},"thumbnailUrl":"","datePublished":"2013-12-04T01:02:13+00:00","dateModified":"2016-07-26T17:19:03+00:00","breadcrumb":{"@id":"https:\/\/vincentians.com\/es\/descendencia-espiritual-de-san-vicente-de-paul\/#breadcrumb"},"inLanguage":"es","potentialAction":[{"@type":"ReadAction","target":["https:\/\/vincentians.com\/es\/descendencia-espiritual-de-san-vicente-de-paul\/"]}]},{"@type":"ImageObject","inLanguage":"es","@id":"https:\/\/vincentians.com\/es\/descendencia-espiritual-de-san-vicente-de-paul\/#primaryimage","url":"","contentUrl":""},{"@type":"BreadcrumbList","@id":"https:\/\/vincentians.com\/es\/descendencia-espiritual-de-san-vicente-de-paul\/#breadcrumb","itemListElement":[{"@type":"ListItem","position":1,"name":"Portada","item":"http:\/\/vincentians.com\/es\/"},{"@type":"ListItem","position":2,"name":"Descendencia espiritual de San Vicente de Pa\u00fal"}]},{"@type":"WebSite","@id":"http:\/\/vincentians.com\/es\/#website","url":"http:\/\/vincentians.com\/es\/","name":"Somos Vicencianos","description":"Know more to serve more","publisher":{"@id":"http:\/\/vincentians.com\/es\/#organization"},"potentialAction":[{"@type":"SearchAction","target":{"@type":"EntryPoint","urlTemplate":"http:\/\/vincentians.com\/es\/?s={search_term_string}"},"query-input":{"@type":"PropertyValueSpecification","valueRequired":true,"valueName":"search_term_string"}}],"inLanguage":"es"},{"@type":"Organization","@id":"http:\/\/vincentians.com\/es\/#organization","name":"The Vincentian Network","url":"http:\/\/vincentians.com\/es\/","logo":{"@type":"ImageObject","inLanguage":"es","@id":"http:\/\/vincentians.com\/es\/#\/schema\/logo\/image\/","url":"https:\/\/i1.wp.com\/vincentians.com\/es\/wp-content\/uploads\/sites\/11\/2016\/06\/Vincentian-Network-logo-big.png?fit=778%2C778","contentUrl":"https:\/\/i1.wp.com\/vincentians.com\/es\/wp-content\/uploads\/sites\/11\/2016\/06\/Vincentian-Network-logo-big.png?fit=778%2C778","width":778,"height":778,"caption":"The Vincentian Network"},"image":{"@id":"http:\/\/vincentians.com\/es\/#\/schema\/logo\/image\/"},"sameAs":["https:\/\/www.facebook.com\/WeAreVincentians\/","https:\/\/x.com\/WeVincentians"]},{"@type":"Person","@id":"http:\/\/vincentians.com\/es\/#\/schema\/person\/9623ef4d9aa3b2dfb8c061f1499288f2","name":"Francisco Javier Fern\u00e1ndez Chento","image":{"@type":"ImageObject","inLanguage":"es","@id":"http:\/\/vincentians.com\/es\/#\/schema\/person\/image\/","url":"https:\/\/secure.gravatar.com\/avatar\/497d5cde87b4c3d097d0315953521681ba2cd523ee66e5077c3711f7021e65de?s=96&d=mm&r=g","contentUrl":"https:\/\/secure.gravatar.com\/avatar\/497d5cde87b4c3d097d0315953521681ba2cd523ee66e5077c3711f7021e65de?s=96&d=mm&r=g","caption":"Francisco Javier Fern\u00e1ndez Chento"},"description":"Director General y cofundador de La Red de Formaci\u00f3n Vicenciana. Javier es laico vicenciano, afiliado a la Congregaci\u00f3n de la Misi\u00f3n y miembro del Equipo de Misiones Populares de la provincia can\u00f3nica de Zaragoza (Espa\u00f1a) de la Congregaci\u00f3n de la Misi\u00f3n. Graduado en la Universidad Oberta de Catalunya con cuatro grados (Asistente de direcci\u00f3n, Gesti\u00f3n Administrativa, Recursos Humanos y Contabilidad Avanzada). Bil\u00edng\u00fce Espa\u00f1ol\/Ingl\u00e9s. gestiona y mantiene varias p\u00e1ginas web cristianas y vicencianas, incluida including La Red de Formaci\u00f3n Vicenciana, de la que es cofundador. Actualmente es responsable del \u00e1rea de Espa\u00f1ol de .famvin, la Red de Noticias de la Familia Vicenciana. Tambi\u00e9n es m\u00fasico cat\u00f3lico y ha editado varios discos. Es Director General y cofundador de Trovador, una reconocida compa\u00f1\u00eda discogr\u00e1fica critiana de Espa\u00f1a. Trabaja en las Tecnolog\u00edas de la Informaci\u00f3n, ofreciendo servicios de alojamiento, dise\u00f1o y mantenimiento Web, as\u00ed como asesoramiento, formaci\u00f3n y soluciones inform\u00e1ticas, gesti\u00f3n documental y digitalizaci\u00f3n de textos, edici\u00f3n y maquetaci\u00f3n de libros, revistas, flyers, etc.","sameAs":["http:\/\/chento.org","https:\/\/www.facebook.com\/JavierChento","https:\/\/x.com\/https:\/\/twitter.com\/javierchento"],"url":"https:\/\/vincentians.com\/es\/author\/chento\/"}]}},"jetpack_publicize_connections":[],"jetpack_featured_media_url":"","jetpack_sharing_enabled":true,"jetpack_shortlink":"https:\/\/wp.me\/p7ETMF-oZW","jetpack-related-posts":[{"id":48635,"url":"https:\/\/vincentians.com\/es\/desarrollo-genealogico-de-la-familia-vicenciana\/","url_meta":{"origin":96096,"position":0},"title":"Desarrollo geneal\u00f3gico de la Familia Vicenciana","author":"Francisco Javier Fern\u00e1ndez Chento","date":"02\/02\/2015","format":false,"excerpt":"Desde 1617 la Familia Vicenciana ha ido creciendo hasta incluir varios centenares de agrupaciones femeninas y masculinas, laicas y religiosas, cat\u00f3licas y no cat\u00f3licas. Este hecho es un testimonio evidente del fuerte impacto que ha producido la vida de un hombre extraordinario, del que se celebrar\u00e1n en el a\u00f1o 2.000\u2026","rel":"","context":"En \u00abFamilia Vicenciana sin categorizar\u00bb","block_context":{"text":"Familia Vicenciana sin categorizar","link":"https:\/\/vincentians.com\/es\/category\/la-familia-vicenciana\/familia-vicenciana-sin-categorizar\/"},"img":{"alt_text":"","src":"https:\/\/i0.wp.com\/vicencianos.org\/wp-content\/2010\/03\/arbol_vicenciano_color1-252x300.jpg?resize=350%2C200","width":350,"height":200},"classes":[]},{"id":130435,"url":"https:\/\/vincentians.com\/es\/las-viejas-caridades-vicencianas-y-las-modernas-conferencias-de-san-vicente-de-paul\/","url_meta":{"origin":96096,"position":1},"title":"Las viejas \u00abCaridades\u00bb y las modernas \u00abConferencias\u00bb","author":"Francisco Javier Fern\u00e1ndez Chento","date":"08\/05\/2014","format":false,"excerpt":"La cuna de las \"Caridades\" No muy lejos de Li\u00f3n, en las rientes y f\u00e9rtiles m\u00e1rgenes del Chalaronne, hay una peque\u00f1a poblaci\u00f3n, denominada Chatini les-Dombes, que en el a\u00f1o de gracia de 1617 acaba de adquirir en su nuevo y joven p\u00e1rroco, un gran tesoro. Tiene 36 a\u00f1os escasos. Llamase\u2026","rel":"","context":"En \u00abHistoria de la Sociedad de san Vicente de Pa\u00fal\u00bb","block_context":{"text":"Historia de la Sociedad de san Vicente de Pa\u00fal","link":"https:\/\/vincentians.com\/es\/category\/historia-de-la-familia-vicenciana\/historia-de-la-sociedad-de-san-vicente-de-paul\/"},"img":{"alt_text":"Retrato de Federico Ozanam en 1852, copia en miniatura del retrato hecho por Janmot Louis (1814-1892), hecha probablemente por el propio pintor.","src":"https:\/\/i0.wp.com\/vicencianos.org\/wp-content\/2014\/01\/Frederic_Ozanam.jpg?resize=350%2C200","width":350,"height":200},"classes":[]},{"id":387343,"url":"https:\/\/vincentians.com\/es\/san-vicente-frente-a-las-realidades-de-su-tiempo\/","url_meta":{"origin":96096,"position":2},"title":"San Vicente frente a las realidades de su tiempo","author":"Francisco Javier Fern\u00e1ndez Chento","date":"24\/05\/2015","format":false,"excerpt":"A pesar de todas las influencias espirituales y la dif\u00edcil situaci\u00f3n de Francia en el Siglo XVII, realmente es el contacto con los pobres, desde la experiencia de la parroquia de Clichy, en las afueras de Par\u00eds, en que Vicente de Pa\u00fal empieza a encontrar el camino de lo que\u2026","rel":"","context":"En \u00abFormaci\u00f3n Vicenciana\u00bb","block_context":{"text":"Formaci\u00f3n Vicenciana","link":"https:\/\/vincentians.com\/es\/category\/formacion-vicenciana\/"},"img":{"alt_text":"san-vicente-de-paul-y-pobres","src":"https:\/\/i0.wp.com\/vicencianos.org\/wp-content\/2014\/04\/san-vicente-de-paul-y-pobres-300x208.jpg?resize=350%2C200","width":350,"height":200},"classes":[]},{"id":387328,"url":"https:\/\/vincentians.com\/es\/en-el-dia-de-la-renovacion-de-las-hijas-de-la-caridad\/","url_meta":{"origin":96096,"position":3},"title":"En el d\u00eda de la Renovaci\u00f3n de las Hijas de la Caridad","author":"Francisco Javier Fern\u00e1ndez Chento","date":"04\/04\/2016","format":false,"excerpt":"En este d\u00eda grande de las Hijas de la Caridad, en el que renuevan su entrega a Dios en el servicio de los pobres, recordamos el milagro permanente de su continuidad como instituci\u00f3n en la Iglesia. Vicente de Pa\u00fal, intuitivo, buen conocedor de la psicolog\u00eda femenina, profeta de su tiempo,\u2026","rel":"","context":"En \u00abHijas de la Caridad\u00bb","block_context":{"text":"Hijas de la Caridad","link":"https:\/\/vincentians.com\/es\/category\/la-familia-vicenciana\/ramas\/hijas-de-la-caridad\/"},"img":{"alt_text":"12928361_10208098168665567_6867590138201601616_n","src":"https:\/\/i0.wp.com\/vicencianos.org\/wp-content\/uploads\/2016\/04\/12928361_10208098168665567_6867590138201601616_n.jpg?resize=350%2C200","width":350,"height":200,"srcset":"https:\/\/i0.wp.com\/vicencianos.org\/wp-content\/uploads\/2016\/04\/12928361_10208098168665567_6867590138201601616_n.jpg?resize=350%2C200 1x, https:\/\/i0.wp.com\/vicencianos.org\/wp-content\/uploads\/2016\/04\/12928361_10208098168665567_6867590138201601616_n.jpg?resize=525%2C300 1.5x, https:\/\/i0.wp.com\/vicencianos.org\/wp-content\/uploads\/2016\/04\/12928361_10208098168665567_6867590138201601616_n.jpg?resize=700%2C400 2x"},"classes":[]},{"id":122934,"url":"https:\/\/vincentians.com\/es\/introduccion-a-la-espiritualidad-vicenciana-laical\/","url_meta":{"origin":96096,"position":4},"title":"Introducci\u00f3n a la espiritualidad vicenciana laical","author":"Francisco Javier Fern\u00e1ndez Chento","date":"24\/06\/2015","format":false,"excerpt":"1. Lo que pretendo De momento, en este trabajo, no pretendo ofre\u00adcer un tratado perfecto y acabado de la espiritua\u00adlidad vicenciana laical, sino m\u00e1s bien asentar unos principios a modo de introducci\u00f3n. El pro\u00adyecto es ofrecer algunos criterios que puedan ayudar al laico vicenciano a vivir su condici\u00f3n de cristiano,\u2026","rel":"","context":"En \u00abEspiritualidad vicenciana\u00bb","block_context":{"text":"Espiritualidad vicenciana","link":"https:\/\/vincentians.com\/es\/category\/espiritualidad\/espiritualidad-vicenciana\/"},"img":{"alt_text":"sanvi_famvi","src":"https:\/\/i0.wp.com\/vicencianos.org\/wp-content\/2010\/12\/sanvi_famvi-300x296.jpg?resize=350%2C200","width":350,"height":200},"classes":[]},{"id":121916,"url":"https:\/\/vincentians.com\/es\/historia-de-los-paules-en-cuba-capitulo-viii-b\/","url_meta":{"origin":96096,"position":5},"title":"Historia de los Pa\u00fales en Cuba: Cap\u00edtulo VIII (B)","author":"Mitxel Olabu\u00e9naga","date":"05\/05\/2013","format":false,"excerpt":"2. La Obra de San Vicente de Pa\u00fal al Servicio del Preso. Las Misiones en las C\u00e1rceles. Las Capillas y las Bibliotecas. Otros Servicios Sociales a los presos. La Obra de San Vicente de Pa\u00fal al Servicio del Preso. La asistencia espiritual y social a los presos por parte de\u2026","rel":"","context":"En \u00abHistoria de la Congregaci\u00f3n de la Misi\u00f3n\u00bb","block_context":{"text":"Historia de la Congregaci\u00f3n de la Misi\u00f3n","link":"https:\/\/vincentians.com\/es\/category\/historia-de-la-familia-vicenciana\/historia-de-la-congregacion-de-la-mision\/"},"img":{"alt_text":"aaa","src":"https:\/\/i0.wp.com\/vicencianos.org\/wp-content\/2013\/05\/aaa.jpg?resize=350%2C200","width":350,"height":200},"classes":[]}],"_links":{"self":[{"href":"https:\/\/vincentians.com\/es\/wp-json\/wp\/v2\/posts\/96096","targetHints":{"allow":["GET"]}}],"collection":[{"href":"https:\/\/vincentians.com\/es\/wp-json\/wp\/v2\/posts"}],"about":[{"href":"https:\/\/vincentians.com\/es\/wp-json\/wp\/v2\/types\/post"}],"author":[{"embeddable":true,"href":"https:\/\/vincentians.com\/es\/wp-json\/wp\/v2\/users\/4"}],"replies":[{"embeddable":true,"href":"https:\/\/vincentians.com\/es\/wp-json\/wp\/v2\/comments?post=96096"}],"version-history":[{"count":0,"href":"https:\/\/vincentians.com\/es\/wp-json\/wp\/v2\/posts\/96096\/revisions"}],"wp:featuredmedia":[{"embeddable":true,"href":"https:\/\/vincentians.com\/es\/wp-json\/"}],"wp:attachment":[{"href":"https:\/\/vincentians.com\/es\/wp-json\/wp\/v2\/media?parent=96096"}],"wp:term":[{"taxonomy":"category","embeddable":true,"href":"https:\/\/vincentians.com\/es\/wp-json\/wp\/v2\/categories?post=96096"},{"taxonomy":"post_tag","embeddable":true,"href":"https:\/\/vincentians.com\/es\/wp-json\/wp\/v2\/tags?post=96096"}],"curies":[{"name":"wp","href":"https:\/\/api.w.org\/{rel}","templated":true}]}}