{"id":95174,"date":"2016-08-18T08:36:35","date_gmt":"2016-08-18T06:36:35","guid":{"rendered":"http:\/\/somos.vicencianos.org\/?p=95174"},"modified":"2016-08-18T09:17:56","modified_gmt":"2016-08-18T07:17:56","slug":"benito-perez-galdos-y-las-hermanas-de-la-caridad-de-san-vicente-de-paul","status":"publish","type":"post","link":"https:\/\/vincentians.com\/es\/benito-perez-galdos-y-las-hermanas-de-la-caridad-de-san-vicente-de-paul\/","title":{"rendered":"Benito P\u00e9rez Gald\u00f3s y las Hermanas de la Caridad de san Vicente de Pa\u00fal"},"content":{"rendered":"<div>\n<p>Desde el a\u00f1o 1790, fecha en que regresan a Espa\u00f1a las seis j\u00f3venes que fueron enviadas a Francia por los padres Nualart y Dur\u00e1n, para que se formaran en el estilo de las Hermanas, se puede afirmar que las Hijas de San Vicente de Pa\u00fal reciben carta de ciudadan\u00eda tanto en la Historia como en la Literatura de nuestro pa\u00eds.<\/p>\n<p>Los pol\u00edticos les dieron un trato de favor, y los literatos las incorpo\u00adran a sus obras, casi un\u00e1nimemente, con el sencillo nombre de Hermanas de la Caridad.<\/p>\n<p>En el a\u00f1o 1795, el Conde de Cabarr\u00fas, que seguramente las conoci\u00f3 durante su destierro en Francia, al reflexionar sobre la reforma sanitaria de Espa\u00f1a, dice: \u00abPara todos estos objetos convendr\u00eda que en cada partido hubiese hospitales dirigidos por otros principios; y en esta parte, nuestros vanos reglamentos nunca reemplazar\u00e1n los institutos sublimes de San Juan de Dios, o de las Hermanas de la Caridad&#8217;.<\/p>\n<p>El Conde de Cabarr\u00fas ha mencionado a los Hermanos de San Juan de Dios. Pues bien, la guerra de la Independencia diezm\u00f3 a estos Hermanos Hospitalarios, y su vac\u00edo fue cubierto r\u00e1pidamente por las Hermanas.<\/p>\n<p>El Concordato de 1851 entre Espa\u00f1a y la Santa Sede concedi\u00f3 un trato de fa\u00advor a las Hermanas. Sin duda que mediaron los buenos oficios del Padre Codina, pero el hecho es que, cuando fueron suprimidas en Espa\u00f1a todas las \u00f3rdenes y congregaciones religiosas, menos unas pocas, entre esas pocas se encuentran las Hermanas y los cl\u00e9rigos de San Vicente de Pa\u00fal.<\/p>\n<p>El texto del Concordato de 1851, art\u00edculo 30, dice as\u00ed: \u00abPara que haya tambi\u00e9n casas religiosas de mujeres en las cuales puedan seguir su vocaci\u00f3n las que sean llamadas a la vida contemplativa y a la activa de la asistencia de los enfermos, en\u00adse\u00f1anza de ni\u00f1as y otras obras y ocupaciones piadosas como \u00fatiles a los pueblos, se conservar\u00e1 el instituto de las Hijas de la Caridad, bajo la direcci\u00f3n de los cl\u00e9ri\u00adgos de San Vicente de Pa\u00fal, procurando el gobierno su fomento\u00bb.<\/p>\n<p>Don Emilio Castelar tiene una novela que lleva por t\u00edtulo \u00abLa Hermana de la Caridad\u00bb, en dos vol\u00famenes. L\u00e1stima que no pueda dar la fecha, ya que la edici\u00f3n antigua que poseo tampoco la lleva.<\/p>\n<p>En el a\u00f1o 1882, tres Hermanas de la Caridad cuidan a Carlos Valera, en Lis\u00adboa. Admirado por el trato exquisito que las Hermanas dispensan al joven, su pa\u00addre, el novelista Juan Valera, escribe a Men\u00e9ndez Pelayo: \u00abOtras de mis observa\u00adciones antipesimistas es lo bueno que es el linaje humano y lo calumniado que est\u00e1 los mis\u00e1ntropos y ascetas. \u00a1Qu\u00e9 Hermanas de la Caridad!&#8217;.<\/p>\n<p>El d\u00eda 8 de octubre de 1931, Fernando de los R\u00edos, en su Discurso a las Cor\u00adtes Constituyentes de la II Rep\u00fablica Espa\u00f1ola, al abordar la cuesti\u00f3n religiosa, dijo: \u00abLa C\u00e1mara tiene que discernir dentro de esa aparente unidad de Ordenes y Congregaciones religiosas. \u00a1No olvidad \u2014y no lo digo por v\u00eda de ejemplo\u2014! que dentro de ella est\u00e1n lo mismo las Hermanas de la Caridad que los Herma\u00adnos de San Juan de Dios, y que ante ellos toda discrepancia dogm\u00e1tica desapa\u00adrece para no ver sino un testimonio de la abnegaci\u00f3n de que es capaz un alma enfervorizada&#8230; Digo, se\u00f1ores, que necesitamos discernir, porque ante ejemplos de esta naturaleza, el problema dogm\u00e1tico desaparece para no quedar sino el com\u00fan divisor humano y el reconocimiento de aquello de que es capaz un alma ferviente por una idea de abnegaci\u00f3n y el valor de las promesas escatol\u00f3gicas. Cabe una pluralidad de posiciones en torno a este problema de Ordenes y Con\u00adgregaciones: o la actitud eliminatoria, o la actitud en virtud de la cual en la Constituci\u00f3n se aplace para una ley especial lo relativo a Congregaciones. Si lo primero, a la C\u00e1mara le digo que medite antes de tomar su resoluci\u00f3n. La Histo\u00adria de Espa\u00f1a tiene un rumbo eliminatorio, desde 1492 con la expulsi\u00f3n de los jud\u00edos, a quienes, en esta primera hora consagrada por la C\u00e1mara a hablar del problema religioso, rindo un tributo de respeto y el homenaje de nuestro desa\u00adgravio&#8217;.<\/p>\n<p>Par terminar con este peque\u00f1o recorrido sobre las Hermanas de la Caridad en la Literatura y Pol\u00edtica espa\u00f1olas, quiero decir que uno de los cuadros de la CasaMisi\u00f3n de Garc\u00eda de Paredes est\u00e1 firmado por Blanca de los R\u00edos, mujer que per\u00adteneci\u00f3 a una de las familias m\u00e1s liberales y cultas de Espa\u00f1a.<\/p>\n<p>\u00bfCu\u00e1ndo conoci\u00f3 Benito P\u00e9rez Gald\u00f3s, el gran novelista de nuestro siglo xix y primeros a\u00f1os del xx, a nuestras Hermanas? No lo s\u00e9, pero aseguro que cuantos curas y monjas profesores de Literatura Espa\u00f1ola hubieran conocido esta faceta habr\u00edan dudado del sambenito de anticlerical con que revistieron al novelista los p\u00e9simos cr\u00edticos de la Compa\u00f1\u00eda de Jes\u00fas y de la Orden Agustina de tiempos pa\u00adsados. \u00bfQui\u00e9n no recuerda el bodrio de \u00abNovelistas buenos y malos\u00bb, del jesuita Ladr\u00f3n de Guevara, por no citar m\u00e1s que un ejemplo?<\/p>\n<p>La Cultura Espa\u00f1ola est\u00e1 empedrada de traumas que \u00fanicamente pueden ser disueltos acudiendo a las fuentes, ya que, a estas alturas, no cabe otra alterna\u00adtiva.<\/p>\n<p>En la novela \u00abTormento\u00bb, obra publicada en 1884, Marcelina Polo, al ente\u00adrarse de que su hermano Pedro, sacerdote y en relaciones con Amparo, ha sido desterrado a Filipinas por el obispo, exclama: \u00abH\u00e1gome la cuenta de que estoy en un convento muy grande, que las calles de Madrid son los claustros, que mi casa es mi celda&#8230; Voy y vengo, entro y salgo, aisladita en medio del mundo, callada entre tanto bullicio\u00bb.<\/p>\n<p>La sospecha o resonancia del texto vicenciano casi se confirma cuando, p\u00e1gi\u00adnas m\u00e1s adelante, Ido del Sagrario, personaje famoso de la novel\u00edstica galdosiana, y refiri\u00e9ndose a Amparo, la amiga del cura Polo, exclama: \u00abEn fin, no le queda m\u00e1s recurso que hacerse hermana de la Caridad&#8230; Esto, sobre ser po\u00e9tico, es un medio de regeneraci\u00f3n&#8230; No te digo nada&#8230; Curar enfermos y heridos en hospita\u00adles y campamentos&#8230; pasar grandes trabajos&#8230; Fig\u00farate si estar\u00e1 guapa con aque\u00adllas tocas blancas\u00bb&#8230;.<\/p>\n<p>Para escribir \u00abLa desheredada\u00bb, 1881, el novelista visit\u00f3 repetidas veces el Manicomio de Legan\u00e9s, y en ella hace uno de los grandes elogios de las Herma\u00adnas: \u00abLa numerosa servidumbre de la casa emprende la faena de limpieza, y estr\u00e9pito de escobazos corre por salas y pasillos, confundi\u00e9ndose con el sacudir de ro\u00adpas, el arrastrar de muebles. A misa llama la campana de la capilla, el director ad\u00administrativo sale de su despacho a inspeccionar los servicios, y las hermanas de la Caridad, alma y sost\u00e9n del asilo, por estar encargadas de su r\u00e9gimen dom\u00e9stico, van y vienen con actividad de madres de familia. Sus faldas azules, azotadas por enormes rosarios; sus blancas tocas aladas, respetables y respetadas como ense\u00f1a de paz, se ven por todas partes, entre el verdor de la huerta, entre los estantes de la botica, en la enorme cocina, cuyos hogares de hierro vomitan lumbre; en la despensa, llena de v\u00edveres, en el lavadero, donde ya saltan los chorros de agua; en el alto secadero que domina la huerta, y en el patio de mujeres, en la regi\u00f3n de las locas, que es el departamento de trabajo m\u00e1s penoso y de las dificultades m\u00e1s te\u00adrribles.<\/p>\n<p>\u00a1Las locas! Estamos en el lugar espeluznante de aquel Limbo enmascarado de mundo. Los hombres inspiran l\u00e1stima y terror; las hijas de Eva inspiran senti\u00admientos de dif\u00edcil determinaci\u00f3n. Su locura es, por lo general, m\u00e1s pac\u00edfica que en nosotros, excepto en ciertos casos patol\u00f3gicos exclusivamente propios de su sexo. Su patio, defendido en la parte del sol por esteras, es un gallinero, donde cacarean hasta 20 \u00f3 30 hembras con murmullo de coqueter\u00eda, de celos, de ch\u00e1chara fr\u00edvola y desacorde que no tiene ni principio, ni t\u00e9rminos claros, ni pausa, ni variedad. Oyese desde lejos cual disputa de cotorras en la soledad de un bosque. Las hay tambi\u00e9n juiciosas. Algunas pensionistas, tratadas con esmero, est\u00e1n tranquilas y calladas en habitaci\u00f3n clara y limpia, ocup\u00e1ndose en coser, bajo la vigilancia y di\u00adrecci\u00f3n de dos hermanas de la Caridad&#8217;.<\/p>\n<p>En \u00abEl amigo Manso\u00bb (1882), novela en la que Gald\u00f3s vierte sus ideas peda\u00adg\u00f3gicas, Pe\u00f1ita, en su discurso en favor de la Beneficencia, cit\u00f3 a \u00ablas Hermanas de la Caridad, con sus tocas blancas\u00bb, entre las glorias de la Humanidad&#8217;.<\/p>\n<p>En el a\u00f1o 1885, y con motivo del c\u00f3lera que se desat\u00f3 en Aranjuez, vuelve a decir: \u00abEl p\u00e1nico ha sido inmenso, y las escenas de desolaci\u00f3n, horrorosas. Durante ocho o diez d\u00edas Aranjuez ha sido un hospital. La cuesti\u00f3n de subsistencias ha venido a complicarse con la sanitaria, produciendo dificultades tales que s\u00f3lo el esp\u00edritu de caridad y los expeditivos recursos de la asociaci\u00f3n han podido ven\u00ad<strong>cer<\/strong>las. Han llegado a faltar m\u00e9dicos y farmac\u00e9uticos, y a\u00fan se han visto diezmadas las valientes filas de las Hermanas de la Caridad, las verdaderas hero\u00ednas de estos f\u00fanebres tiempos. Pero de Madrid han ido facultativos, y la valerosa Orden de San Vicente de Pa\u00fal ha enviado nuevas hero\u00ednas para ocupar el puesto de las que hab\u00edan sucumbido.<\/p>\n<\/div>\n<div>\n<p>La Hermana de la Caridad aparece en la obra galdosiana como sin\u00f3nimo de asistencia al enfermo, consuelo de mujeres encarceladas\u00bb, alma de la Beneficen\u00adcia, como verificaci\u00f3n de la piedad privada y p\u00fablica, directores de Hospitales y Casas de Maternidad.<\/p>\n<p>Lo curioso es que las Hermanas le sirven a P\u00e9rez Gald\u00f3s como referencia vo\u00adcacional. As\u00ed, Guillermina Pacheco, personaje famoso de \u00abFortunata y Jacinta\u00bb, y que no fue otra que la arist\u00f3crata madrile\u00f1a Ernestina Manuel de Villena, dice el novelista que: \u00abno se reconoc\u00eda con bastante paciencia par encerrarse a estar todo el santo d\u00eda bostezando el gori gori, ni para ser soldado en los valientes escuadro\u00adnes de Hermanas de la Caridad\u00bb.<\/p>\n<p>\u00abEsta mujer\u00bb, sigue hablando el novelista, \u00abestaba muy acostumbrada a revol\u00adverse entre enfermos y difuntos, como las Hermanas de la Caridad&#8217;.<\/p>\n<p>De Ler\u00e9, la coprotagonista de la novela \u00abAngel Guerra\u00bb (1890-1891), afirma \u00abque no tiene m\u00e1s ambici\u00f3n que ser hermana de la Caridad\u00bb&#8217;.<\/p>\n<p>Con Ernestina Manuel de Villena, la arist\u00f3crata y trotacalles, que aparece en cientos de p\u00e1ginas de \u00abFortunata y Jacinta\u00bb, las Hermanas de la Caridad y la Fa\u00admilia Vicenciana tienen una fuerte deuda. Adem\u00e1s de fundadora del Asilo de Hu\u00e9rfanos del Sagrado Coraz\u00f3n de Madrid, y de traer a Espa\u00f1a a los Hermanos de Lasalle, trabaj\u00f3 con las Conferencias de San Vicente de Pa\u00fal, organizando, adem\u00e1s de las famosas Cocinas Econ\u00f3micas, para alivio del paro obrero madri\u00adle\u00f1o, as\u00ed como las revolucionarias Tiendas-Asilo, o grandes supermercados para los pobres. Las Hermanas de la actual provincia de Santa Luisa estuvieron muy relacionadas con ella. Su causa de santidad est\u00e1 introducida, y Gald\u00f3s asegura, porque la trat\u00f3 mucho, que fue una gran mujer, honra de Madrid y del siglo xix espa\u00f1ol. El novelista, conmovido por sus milagros sociales, no duda en procla\u00admarla santa, aunque Roma no se haya pronunciado.<\/p>\n<p>Otras noticias sobre las Hermanas ya no tienen tanta importancia como las an\u00adteriores, pero son indicativas del clima social que despertaron en Espa\u00f1a.<\/p>\n<p>Aunque esto no queda claro en la obra galdosiana, pero casi se concluye por el paisaje urban\u00edstico, sin saberlo las Hermanas, colaboraron con la Junta Revolu\u00adcionaria, en 1910, cedi\u00e9ndole un local para sus reuniones\u00bb.<\/p>\n<p>Las imprentas tiraban \u00abprospectos de cuatro tintas en que se pintaban las figu\u00adras altamente conmovedoras, con Hermanas de la Caridad conduciendo mendigos al Asilo ideal con columnas griegas y un sol con la insignia triangular de Je\u00adhov\u00e1&#8230;&#8217;<\/p>\n<p>Esto puede sonar a sarcasmo, pero ya comprobaremos su trascendencia social al comentar la obra \u00abPedro Minio\u00bb.<\/p>\n<p>Las Hermanas se hicieron tan populares que, seg\u00fan comenta Calder\u00f3n, un per\u00adsonaje de \u00abLa inc\u00f3gnita\u00bb (1888-1889), un industrial hab\u00eda ideado \u00abhacer el matute en gran escala por medio de los carros f\u00fanebres, de unos cuantos hombres vesti\u00addos de curas y de unas mujeronas disfrazadas de hermanas de la Caridad\u00bb\u00bb.<\/p>\n<p>Incluso hasta el tocado es sin\u00f3nimo de elegancia. Por eso, Evaristo Feij\u00f3o, realzando el atractivo de Fortunata, la piropea en estos t\u00e9rminos: \u00abY que est\u00e1 usted guap\u00edsima con ese pa\u00f1olito, ya, ya. No se le ven ni el pelo ni las orejas. Parece una hermana de la Caridad\u00bb\u00bb.<\/p>\n<p>Pero es en tres obras de teatro donde destaca P\u00e9rez Gald\u00f3s a las Hermanas.<\/p>\n<p>En \u00abAmor y ciencia\u00bb (1905) traza el novelista una rica semblanza de Sor Elo\u00edsa Mora. En primer lugar, es una Hermana experta en botica; familiarizada con el clorhidrato am\u00f3nico, el suero Roux, el benzoato de cafe\u00edna para inyec\u00adciones, y la tintura de eucaliptus para conseguir una atm\u00f3sfera h\u00fameda y anti\u00ads\u00e9ptica. Ha trabajado durante a\u00f1os en la Farmacia del Hospital de Ni\u00f1os, y est\u00e1 familiarizada con la desgracia y la muerte, pues, como dice: \u00ab\u00bfqui\u00e9n pone puer\u00adtas al campo del morir?\u00bb.<\/p>\n<p>Su sobrina Paulina, de la que est\u00e1 un tanto alejada por haber roto su matrimo\u00adnio con el doctor Guillermo Bruno, y amancebada con el marqu\u00e9s de Abdal\u00e1, la ha llamado a su casa para que asista al peque\u00f1o Crist\u00edn, en peligro de muerte.<\/p>\n<p>El caso es que el \u00fanico que puede operar a Crist\u00edn es el doctor Bruno, pero Paulina se resiste porque odia a su ex-marido y, adem\u00e1s, porque es ateo.<\/p>\n<p>Sor Elo\u00edsa, que ha conocido al doctor Bruno en el Hospital de Ni\u00f1os y en el General de Madrid, aconseja a su sobrina que se ahorre los escr\u00fapulos porque,<\/p>\n<p>no dice, \u00abla ciencia es de Dios\u00bb, \u00aby Dios te env\u00eda la ciencia\u00bb. En consecuencia, \u00abrechazarla ser\u00e1 locura y pecado\u00bb.<\/p>\n<p>Cuando el doctor recuerda a Sor Elo\u00edsa que Paulina lo ha dejado por otro, res\u00adponde la Hermana que, a pesar de la situaci\u00f3n an\u00f3mala, su sobrina ha mejorado con su amante, y aduce esta preciosa lecci\u00f3n: \u00abDios permite que el mal y el bien anden alguna vez por el mundo cogidos del brazo. Con su talento y su bondad, este se\u00f1or ha transformado a Paulina, haciendo de ella una mujer honrada; es de\u00adcir, que ser\u00eda o acabar\u00eda de ser honrada si ella y \u00e9l estuvieran unidos en el santo v\u00ednculo\u00bb.<\/p>\n<p>La Escena X del Acto Segundo es hermosa. Ante las zozobras de si sanar\u00e1 Crist\u00edn, t\u00eda y sobrina mantienen este di\u00e1logo:<\/p>\n<p style=\"padding-left: 30px;\">\u00abElisea.\u2014Ten confianza.<\/p>\n<p style=\"padding-left: 30px;\">Paulina.\u2014(Llorando). \u00bfLa tienes t\u00fa?<\/p>\n<p style=\"padding-left: 30px;\">Elisea.\u2014Tengo confianza y fe.<\/p>\n<p style=\"padding-left: 30px;\">Paulina.\u2014\u00bfCrees que Guillermo salvar\u00e1 a mi hijo?<\/p>\n<p style=\"padding-left: 30px;\">Elisea.\u2014As\u00ed lo creo.<\/p>\n<p style=\"padding-left: 30px;\">Paulina.\u2014\u00bfCrees en su ciencia?<\/p>\n<p style=\"padding-left: 30px;\">Elisea.\u2014Tengo en ella toda la fe que podemos poner en las cosas humanas. Paulina.\u2014\u00bfY conf\u00edas en que mi pobre Crist\u00edn vivir\u00e1?<\/p>\n<p style=\"padding-left: 30px;\">Elisea.\u2014(Como inspirada). S\u00ed.<\/p>\n<p style=\"padding-left: 30px;\">Paulina.\u2014\u00bfQui\u00e9n te lo dice&#8230;, qui\u00e9n te lo asegura?<\/p>\n<p style=\"padding-left: 30px;\">Elisea.\u2014Una voz secreta, lejana: Dios.<\/p>\n<p style=\"padding-left: 30px;\">Paulina.\u2014\u00a1Oh, qu\u00e9 aliento me das! Venga a m\u00ed la fe; venga la esperanza. Elisea.\u2014Para hacerles sitio en tu alma, arroja de ella tus rencores. Paulina.\u2014Arrojar\u00e9 todo lo que pesa en mi pobre alma, fatigada de aborrecer.<\/p>\n<p style=\"padding-left: 30px;\">(Mirando temerosa a la puerta de la derecha). Ya&#8230;<\/p>\n<p style=\"padding-left: 30px;\">Elisea.\u2014Ya&#8230;, s\u00ed.<\/p>\n<p style=\"padding-left: 30px;\">Paulina.\u2014(Con voz queda y medrosa). M\u00e1s all\u00e1 de esa puerta, la ciencia y la muerte forcejean&#8230; \u00bfNo te sobrecoge ese silencio? \u00bfNo oyes en \u00e9l los latidos de nuestros corazones?<\/p>\n<p style=\"padding-left: 30px;\">Elisea.\u2014S\u00ed.<\/p>\n<p style=\"padding-left: 30px;\">Paulina.\u2014\u00bfNo ves, sin ver nada, el acto doloroso?<\/p>\n<p style=\"padding-left: 30px;\">Elisea.\u2014Veo las manos de Dios descender a las manos del hombre.<\/p>\n<p style=\"padding-left: 30px;\">Paulina.\u2014(Arrodill\u00e1ndose ante Elisea y bes\u00e1ndole las manos). \u00a1Oh, santa m\u00eda! Ante ti, conciencia pura, virtud inmaculada, que ahora me pareces la imagen de Dios, pongo mi coraz\u00f3n, pongo mi alma. Seas t\u00fa testigo de esta ofrenda, que es tambi\u00e9n juramento, y obl\u00edgame a cumplir lo que ofrezco y juro. Si el saber hu\u00admano salva de la muerte a mi querido ni\u00f1o, olvidar\u00e9 mis agravios, menores que los de Guillermo, y le estimar\u00e9 y le perdonar\u00e9, aunque \u00e9l a m\u00ed no me perdone ni me estime; creer\u00e9 que m\u00edas son todas las culpas, y suyas todas las perfecciones. Mi gratitud har\u00e1 de \u00e9l el primero y m\u00e1s grande hombre del mundo, aunque \u00e9l a m\u00ed me considere la m\u00e1s indigna de las mujeres.<\/p>\n<p style=\"padding-left: 30px;\">Elisea.\u2014\u00a1Hermosa ofrenda, Paulina! Reciba Dios tu coraz\u00f3n y bend\u00edgalo.<\/p>\n<p style=\"padding-left: 30px;\">Paulina.\u2014(Pose\u00edda s\u00fabitamente de ansiosa curiosidad, mirando a la derecha). <strong>\u00bfY <\/strong>ahora? \u00bfNo habr\u00e1 concluido ya? (Se levanta).<\/p>\n<p style=\"padding-left: 30px;\">Elisea.\u2014No, hija m\u00eda. Ahora empiezan. S\u00f3lo han pasado minutos. Paulina.\u2014Siglos dir\u00e1s.<\/p>\n<p style=\"padding-left: 30px;\">Elisea.\u2014Ten calma&#8230;, no tiembles.<\/p>\n<p style=\"padding-left: 30px;\">Paulina.\u2014(Rehaci\u00e9ndose). \u00a1Si ya soy fuerte! \u00bfNo me ves? (En voz alta y briosa, mirando a la puerta). Hijo m\u00edo, ya tenemos valor&#8230; y esperanza.\u00bb<\/p>\n<p>Seg\u00fan el drama, la operaci\u00f3n es un \u00e9xito. Paulina se reconcilia con su ex-ma\u00adrido, y Sor Elisea, cumplida su misi\u00f3n, se retira a su casa\u00bb.<\/p>\n<p align=\"center\">* * *<\/p>\n<p>Despu\u00e9s de una seria deliberaci\u00f3n, la Junta fundadora del \u00abAsilo de Nuestra Se\u00f1ora de la Indulgencia\u00bb opta por confiar la direcci\u00f3n del centro a las Hermanas de la Caridad, por ser la encarnaci\u00f3n de la modernidad y de la alegr\u00eda, en contra del obscurantismo de los Capuchinos, en quienes hab\u00edan pensado varios miem\u00adbros de la Junta.<\/p>\n<p>Tanto la superiora como Sor Bonifacia y Sor Vicenta son mujeres que conta\u00adgian confianza y alegr\u00eda.<\/p>\n<p>Con relaci\u00f3n al recreo de los residentes, dice la superiora: \u00abEl recreo es aqu\u00ed tan importante como el alimento y el abrigo. Con \u00e9l se procura dar satisfacciones a los que o no las tuvieron nunca o las olvidaron al caer en la extrema pobreza\u00bb.<\/p>\n<p>De acuerdo con este principio, el Centro organiza sesiones de cine, teatro y un peri\u00f3dico, cuyos actores y redactores son los ancianos. Tampoco falta la cafeter\u00eda y, lo m\u00e1s curioso, celebra carnaval una vez por semana.<\/p>\n<p>Las Hermanas, adem\u00e1s de mujeres hermosas y comprensivas con los enamora\u00admientos de los abuelos, son tan realistas que al decir de Sor Bonifacia, hay que saber \u00abdar al altar lo que es del altar y a la mesa lo que es de la mesa\u00bb.<\/p>\n<p>Para el buen funcionamiento del Centro, y con el fin de que los ancianos manejen su dinerillo, las Hermanas han acu\u00f1ado moneda, v\u00e1lida \u00fanicamente en el interior de la casa, y hasta una Caja de Ahorros donde los ancianos abren sus libretas.<\/p>\n<p>Las grandes lecciones que se desprenden de la obra son: 1. Las Hermanas son <strong>el <\/strong>s\u00edmbolo de la modernidad en contra del obscurantismo capuchino. 2. La terapia ocupacional. 3. Abelardo, un hombre inmensamente rico y casado con la cursi de Hortensia, acude al Asilo para visitar a su t\u00edo Pedro Minio, personaje que da t\u00edtulo a la obra (1908), y, al percatarse de lo contento que est\u00e1 su t\u00edo, deja la mitad de sus bienes a su esposa, e ingresa en el \u00abAsilo de Nuestra Se\u00f1ora de la In\u00addulgencia\u00bb.<\/p>\n<p>\u00abSor Simona\u00bb (1915) es una obra de mayor densidad, dentro de la levedad del g\u00e9nero dram\u00e1tico, y m\u00e1s conocida del p\u00fablico vicenciano, aunque no sea m\u00e1s que por el follet\u00edn del padre Gancedo.<\/p>\n<p>Lo cierto es q\u00fae la historia de esta mujer de carne y hueso lleg\u00f3 a Gald\u00f3s, y a Viana se traslad\u00f3 el novelista para recopilar datos.<\/p>\n<p>Sor Simona es la protagonista de la obra y, seg\u00fan el autor, es una mujer de treinta y cinco a cuarenta a\u00f1os, hermosa y dotada por Dios y la naturaleza para hacer curaciones prodigiosas.<\/p>\n<p>Contando dieciocho a\u00f1os, estuvo enamorada de Angel Navarrete, pero el mozo prefiri\u00f3 a Pilar Am\u00e9zaga, hija de los condes de Salvatierra.<\/p>\n<p>Destinada al Hospital de Viana, destruido por un incendio, y donde es muy es\u00adtimada por su virtud y dulzura de car\u00e1cter, un d\u00eda, debido a una enajenaci\u00f3n men\u00adtal, se le mete en la cabeza que es una persona que ha vivido en una \u00e9poca ante\u00adrior a la suya, y se echa del Hospital en busca de la libertad perdida.<\/p>\n<p>Gald\u00f3s se sirve de \u00abSor Simona\u00bb, fundamentalmente, para hacer un canto a la paz, pues la obra transcurre durante la primera guerra mundial, y lo hace seg\u00fan estas ideas motoras:<\/p>\n<p>1.- \u00abNavarra es un pa\u00eds armonioso y tr\u00e1gico\u00bb.<\/p>\n<p>Sor Simona.\u2014Ya les oigo, y oy\u00e9ndoles veo correr la sangre humana. Navarra es un pa\u00eds armonioso y tr\u00e1gico: el pa\u00eds de la m\u00fasica y el pa\u00eds de las guerras; desde que Dios hizo esta tierra, los hombres cantan como \u00e1ngeles y se despedazan como demonios\u00bb.<\/p>\n<p>2.- \u00abQuien dice el amor dice paz\u00bb.<\/p>\n<p>Sor Simona.\u2014\u00a1Matar, matar!&#8230; Vosotros cre\u00e9is que viv\u00eds en un siglo que lla\u00adm\u00e1is diez y nueve, o no s\u00e9 qu\u00e9. Yo digo que vivimos en la Edad Media, grandiosa y terrible edad&#8230; Guerra, santidad, poes\u00eda&#8230; Hijos m\u00edos: como criaturas nacidas en la edad tr\u00e1gica y bella, purificad vuestras almas; mantened siempre limpias vuestras conciencias; socorred al pobre; haced bien a todo ser viviente, sin excluir a los que os aborrecen; perdonad toda ofensa; sea vuestra ley el amor, el amor en todo lugar y en toda ocasi\u00f3n&#8230;, y quien dice el amor dice la paz.<\/p>\n<p>3.- \u00abLa verdadera y \u00fanica patria es la Humanidad\u00bb.<\/p>\n<p>Sor Simona.\u2014\u00bfSab\u00e9is vosotros cu\u00e1l es la verdadera, la \u00fanica patria? Pues la verdadera y \u00fanica Patria es la Humanidad\u00bb.<\/p>\n<p>4.- \u00abBusca la Humanidad en lo peque\u00f1o\u00bb.<\/p>\n<p>Sor Simona.\u2014Busca la Humanidad en lo peque\u00f1o, en lo que est\u00e1 m\u00e1s cerca de ti; en la masa enorme de los humildes, de los desvalidos; en los que no tienen ali\u00admentos, ni ropa, ni hogar\u00bb.<\/p>\n<p>5.- El hombre y la mujer son el Rey.<\/p>\n<p>Sor Simona.\u2014(Riendo). Amigo Sacris: te he confundido, te he trastornado al querer ilustrarte. De las dos primeras palabras de tu tela, Dios y Patria, ya te he dicho mi parecer. Falta decirte lo que pienso del Rey. Pues el Rey eres t\u00fa, el hom\u00adbre; y quien dice el hombre, dice la mujer, el ser humano, que practicando la ley del amor se hace due\u00f1o del mundo. (Sacris, contempl\u00e1ndola alelado, parece no entender lo que oye). Pobre Sacris. No entiendes, \u00bfeh? Practica la ley del amor, la ley de la humanidad, y lo entender\u00e1s\u00bb.<\/p>\n<p>6.- La Caridad est\u00e1 por encima de todo.<\/p>\n<p>Sor Simona.\u2014Le dices a Gaztelu que quiero ver a ese estudiante que han co\u00adgido; que me le traigan para curarle. No es cuesti\u00f3n de guerra, ni de polic\u00eda, ni nada de eso; es cuesti\u00f3n de caridad, de amor al pr\u00f3jimo. \u00bfTe has enterado bien?\u00bb.<\/p>\n<p>Dram\u00e1ticamente, la obra alcanza su techo cuando Sor Simona se entera que un estudiante liberal, Angel Navarrete, natural de La Guardia, ha sido apresado mientras espiaba en el ej\u00e9rcito carlista. Interesada por \u00e9l, manda que se lo traigan, para curar sus heridas, y entonces es cuando nota que el joven es el vivo retrato de su antiguo novio.<\/p>\n<p>Con el fin de que no lo trasladen al Hospital y librarlo del fusilamiento, finge Sor Simona que Angel es hijo de un desliz suyo, y se proclama alfonsina para en\u00adredar m\u00e1s el asunto.<\/p>\n<p>Conducida ante la Junta Militar, afirma su liberalismo y a\u00f1ade que el mensaje que han encontrado en los bolsillos de Angel es el mismo que le dio a ella el ge\u00adneral Mo\u00f1ones.<\/p>\n<\/div>\n<p>Cuando la Junta Militar delibera si fusilar al joven o a Sor Simona, entra en escena el general Ulibarri, t\u00edo de Sor Simona, con la orden de canjear prisioneros: cuatro carlistas por cuatro alfonsinos. Sor Simona y Angel entran en el cupo.<\/p>\n<p>El carlista Sacris, que se ha enamorado de Sor Simona, le ruega que se vaya con \u00e9l, pero Sor Simona le responde que ha decidido consagrarse en Viana al so\u00adcorro de los infelices, pero libremente, pues: \u00abQuiere ser libre, como el soplo di\u00advino que mueve los mundos&#8217;.<\/p>\n<p align=\"center\">* * *<\/p>\n<p>El \u00e9xito dram\u00e1tico de \u00abSor Simona\u00bb fue todo un acontecimiento. Ram\u00f3n P\u00e9rez de Ayala dice que \u00abal finalizar cada uno de los actos de Sor Simona el p\u00fablico rompi\u00f3 en un aplauso f\u00e9rvido, vehemente, desapoderado&#8217;.<\/p>\n<p>Los 300.000 ejemplares vendidos en 1916 acreditan su \u00e9xito y acogida po\u00adpular.<\/p>\n<p>Adem\u00e1s del antibelicismo, pues \u00abSor Simona\u00bb transcurre durante la primera guerra mundial, Joaqu\u00edn Casalduero, uno de los grandes estudiosos de Gald\u00f3s, ve en \u00abSor Simona\u00bb la encarnaci\u00f3n del holocausto \u00abque no se ofrece a Dios en el si\u00adlencio de la clausura, sino en el tumulto del mundo\u00bb\u00bb. Lo cual manifiesta que tanto el autor como el comentarista entendieron muy bien la \u00edndole seglar, seg\u00fan el casticismo castellano, y no secular, seg\u00fan la jerga jur\u00eddica, de las Hermanas de la Caridad.<\/p>\n<p>\u00abAmor y ciencia\u00bb y \u00abPedro Minio\u00bb tambi\u00e9n merecieron la cr\u00edtica de los peri\u00f3\u00addicos del momento, pero con lo dicho creo que ya es suficiente.<\/p>\n","protected":false},"excerpt":{"rendered":"<p>Desde el a\u00f1o 1790, fecha en que regresan a Espa\u00f1a las seis j\u00f3venes que fueron enviadas a Francia por los padres Nualart y Dur\u00e1n, para que se formaran en el estilo de las Hermanas, se &#8230; <a href=\"https:\/\/vincentians.com\/es\/benito-perez-galdos-y-las-hermanas-de-la-caridad-de-san-vicente-de-paul\/\" class=\"more-link\">Read More<\/a><\/p>\n","protected":false},"author":4,"featured_media":399384,"comment_status":"open","ping_status":"open","sticky":false,"template":"","format":"standard","meta":{"jetpack_post_was_ever_published":false,"_jetpack_newsletter_access":"","_jetpack_dont_email_post_to_subs":false,"_jetpack_newsletter_tier_id":0,"_jetpack_memberships_contains_paywalled_content":false,"_jetpack_memberships_contains_paid_content":false,"footnotes":"","jetpack_publicize_message":"","jetpack_publicize_feature_enabled":true,"jetpack_social_post_already_shared":true,"jetpack_social_options":{"image_generator_settings":{"template":"highway","default_image_id":0,"font":"","enabled":false},"version":2}},"categories":[199],"tags":[],"class_list":["post-95174","post","type-post","status-publish","format-standard","has-post-thumbnail","hentry","category-hijas-de-la-caridad"],"yoast_head":"<!-- This site is optimized with the Yoast SEO plugin v26.3 - https:\/\/yoast.com\/wordpress\/plugins\/seo\/ -->\n<title>Benito P\u00e9rez Gald\u00f3s y las Hermanas de la Caridad de san Vicente de Pa\u00fal - Somos Vicencianos<\/title>\n<meta name=\"robots\" content=\"index, follow, max-snippet:-1, max-image-preview:large, max-video-preview:-1\" \/>\n<link rel=\"canonical\" href=\"https:\/\/vincentians.com\/es\/benito-perez-galdos-y-las-hermanas-de-la-caridad-de-san-vicente-de-paul\/\" \/>\n<meta property=\"og:locale\" content=\"es_ES\" \/>\n<meta property=\"og:type\" content=\"article\" \/>\n<meta property=\"og:title\" content=\"Benito P\u00e9rez Gald\u00f3s y las Hermanas de la Caridad de san Vicente de Pa\u00fal - Somos Vicencianos\" \/>\n<meta property=\"og:description\" content=\"Desde el a\u00f1o 1790, fecha en que regresan a Espa\u00f1a las seis j\u00f3venes que fueron enviadas a Francia por los padres Nualart y Dur\u00e1n, para que se formaran en el estilo de las Hermanas, se ... Read More\" \/>\n<meta property=\"og:url\" content=\"https:\/\/vincentians.com\/es\/benito-perez-galdos-y-las-hermanas-de-la-caridad-de-san-vicente-de-paul\/\" \/>\n<meta property=\"og:site_name\" content=\"Somos Vicencianos\" \/>\n<meta property=\"article:publisher\" content=\"https:\/\/www.facebook.com\/WeAreVincentians\/\" \/>\n<meta property=\"article:author\" content=\"https:\/\/www.facebook.com\/JavierChento\" \/>\n<meta property=\"article:published_time\" content=\"2016-08-18T06:36:35+00:00\" \/>\n<meta property=\"article:modified_time\" content=\"2016-08-18T07:17:56+00:00\" \/>\n<meta property=\"og:image\" content=\"https:\/\/i0.wp.com\/vincentians.com\/es\/wp-content\/uploads\/sites\/11\/2016\/08\/benito-perez-galdos.jpg?fit=1200%2C630&ssl=1\" \/>\n\t<meta property=\"og:image:width\" content=\"1200\" \/>\n\t<meta property=\"og:image:height\" content=\"630\" \/>\n\t<meta property=\"og:image:type\" content=\"image\/jpeg\" \/>\n<meta name=\"author\" content=\"Francisco Javier Fern\u00e1ndez Chento\" \/>\n<meta name=\"twitter:card\" content=\"summary_large_image\" \/>\n<meta name=\"twitter:creator\" content=\"@https:\/\/twitter.com\/javierchento\" \/>\n<meta name=\"twitter:site\" content=\"@WeVincentians\" \/>\n<meta name=\"twitter:label1\" content=\"Escrito por\" \/>\n\t<meta name=\"twitter:data1\" content=\"Francisco Javier Fern\u00e1ndez Chento\" \/>\n\t<meta name=\"twitter:label2\" content=\"Tiempo de lectura\" \/>\n\t<meta name=\"twitter:data2\" content=\"22 minutos\" \/>\n<script type=\"application\/ld+json\" class=\"yoast-schema-graph\">{\"@context\":\"https:\/\/schema.org\",\"@graph\":[{\"@type\":\"Article\",\"@id\":\"https:\/\/vincentians.com\/es\/benito-perez-galdos-y-las-hermanas-de-la-caridad-de-san-vicente-de-paul\/#article\",\"isPartOf\":{\"@id\":\"https:\/\/vincentians.com\/es\/benito-perez-galdos-y-las-hermanas-de-la-caridad-de-san-vicente-de-paul\/\"},\"author\":{\"name\":\"Francisco Javier Fern\u00e1ndez Chento\",\"@id\":\"http:\/\/vincentians.com\/es\/#\/schema\/person\/9623ef4d9aa3b2dfb8c061f1499288f2\"},\"headline\":\"Benito P\u00e9rez Gald\u00f3s y las Hermanas de la Caridad de san Vicente de Pa\u00fal\",\"datePublished\":\"2016-08-18T06:36:35+00:00\",\"dateModified\":\"2016-08-18T07:17:56+00:00\",\"mainEntityOfPage\":{\"@id\":\"https:\/\/vincentians.com\/es\/benito-perez-galdos-y-las-hermanas-de-la-caridad-de-san-vicente-de-paul\/\"},\"wordCount\":4366,\"commentCount\":0,\"publisher\":{\"@id\":\"http:\/\/vincentians.com\/es\/#organization\"},\"image\":{\"@id\":\"https:\/\/vincentians.com\/es\/benito-perez-galdos-y-las-hermanas-de-la-caridad-de-san-vicente-de-paul\/#primaryimage\"},\"thumbnailUrl\":\"https:\/\/i0.wp.com\/vincentians.com\/es\/wp-content\/uploads\/sites\/11\/2016\/08\/benito-perez-galdos.jpg?fit=1200%2C630&ssl=1\",\"articleSection\":[\"Hijas de la Caridad\"],\"inLanguage\":\"es\",\"potentialAction\":[{\"@type\":\"CommentAction\",\"name\":\"Comment\",\"target\":[\"https:\/\/vincentians.com\/es\/benito-perez-galdos-y-las-hermanas-de-la-caridad-de-san-vicente-de-paul\/#respond\"]}]},{\"@type\":\"WebPage\",\"@id\":\"https:\/\/vincentians.com\/es\/benito-perez-galdos-y-las-hermanas-de-la-caridad-de-san-vicente-de-paul\/\",\"url\":\"https:\/\/vincentians.com\/es\/benito-perez-galdos-y-las-hermanas-de-la-caridad-de-san-vicente-de-paul\/\",\"name\":\"Benito P\u00e9rez Gald\u00f3s y las Hermanas de la Caridad de san Vicente de Pa\u00fal - Somos Vicencianos\",\"isPartOf\":{\"@id\":\"http:\/\/vincentians.com\/es\/#website\"},\"primaryImageOfPage\":{\"@id\":\"https:\/\/vincentians.com\/es\/benito-perez-galdos-y-las-hermanas-de-la-caridad-de-san-vicente-de-paul\/#primaryimage\"},\"image\":{\"@id\":\"https:\/\/vincentians.com\/es\/benito-perez-galdos-y-las-hermanas-de-la-caridad-de-san-vicente-de-paul\/#primaryimage\"},\"thumbnailUrl\":\"https:\/\/i0.wp.com\/vincentians.com\/es\/wp-content\/uploads\/sites\/11\/2016\/08\/benito-perez-galdos.jpg?fit=1200%2C630&ssl=1\",\"datePublished\":\"2016-08-18T06:36:35+00:00\",\"dateModified\":\"2016-08-18T07:17:56+00:00\",\"breadcrumb\":{\"@id\":\"https:\/\/vincentians.com\/es\/benito-perez-galdos-y-las-hermanas-de-la-caridad-de-san-vicente-de-paul\/#breadcrumb\"},\"inLanguage\":\"es\",\"potentialAction\":[{\"@type\":\"ReadAction\",\"target\":[\"https:\/\/vincentians.com\/es\/benito-perez-galdos-y-las-hermanas-de-la-caridad-de-san-vicente-de-paul\/\"]}]},{\"@type\":\"ImageObject\",\"inLanguage\":\"es\",\"@id\":\"https:\/\/vincentians.com\/es\/benito-perez-galdos-y-las-hermanas-de-la-caridad-de-san-vicente-de-paul\/#primaryimage\",\"url\":\"https:\/\/i0.wp.com\/vincentians.com\/es\/wp-content\/uploads\/sites\/11\/2016\/08\/benito-perez-galdos.jpg?fit=1200%2C630&ssl=1\",\"contentUrl\":\"https:\/\/i0.wp.com\/vincentians.com\/es\/wp-content\/uploads\/sites\/11\/2016\/08\/benito-perez-galdos.jpg?fit=1200%2C630&ssl=1\",\"width\":1200,\"height\":630},{\"@type\":\"BreadcrumbList\",\"@id\":\"https:\/\/vincentians.com\/es\/benito-perez-galdos-y-las-hermanas-de-la-caridad-de-san-vicente-de-paul\/#breadcrumb\",\"itemListElement\":[{\"@type\":\"ListItem\",\"position\":1,\"name\":\"Portada\",\"item\":\"http:\/\/vincentians.com\/es\/\"},{\"@type\":\"ListItem\",\"position\":2,\"name\":\"Benito P\u00e9rez Gald\u00f3s y las Hermanas de la Caridad de san Vicente de Pa\u00fal\"}]},{\"@type\":\"WebSite\",\"@id\":\"http:\/\/vincentians.com\/es\/#website\",\"url\":\"http:\/\/vincentians.com\/es\/\",\"name\":\"Somos Vicencianos\",\"description\":\"Know more to serve more\",\"publisher\":{\"@id\":\"http:\/\/vincentians.com\/es\/#organization\"},\"potentialAction\":[{\"@type\":\"SearchAction\",\"target\":{\"@type\":\"EntryPoint\",\"urlTemplate\":\"http:\/\/vincentians.com\/es\/?s={search_term_string}\"},\"query-input\":{\"@type\":\"PropertyValueSpecification\",\"valueRequired\":true,\"valueName\":\"search_term_string\"}}],\"inLanguage\":\"es\"},{\"@type\":\"Organization\",\"@id\":\"http:\/\/vincentians.com\/es\/#organization\",\"name\":\"The Vincentian Network\",\"url\":\"http:\/\/vincentians.com\/es\/\",\"logo\":{\"@type\":\"ImageObject\",\"inLanguage\":\"es\",\"@id\":\"http:\/\/vincentians.com\/es\/#\/schema\/logo\/image\/\",\"url\":\"https:\/\/i1.wp.com\/vincentians.com\/es\/wp-content\/uploads\/sites\/11\/2016\/06\/Vincentian-Network-logo-big.png?fit=778%2C778\",\"contentUrl\":\"https:\/\/i1.wp.com\/vincentians.com\/es\/wp-content\/uploads\/sites\/11\/2016\/06\/Vincentian-Network-logo-big.png?fit=778%2C778\",\"width\":778,\"height\":778,\"caption\":\"The Vincentian Network\"},\"image\":{\"@id\":\"http:\/\/vincentians.com\/es\/#\/schema\/logo\/image\/\"},\"sameAs\":[\"https:\/\/www.facebook.com\/WeAreVincentians\/\",\"https:\/\/x.com\/WeVincentians\"]},{\"@type\":\"Person\",\"@id\":\"http:\/\/vincentians.com\/es\/#\/schema\/person\/9623ef4d9aa3b2dfb8c061f1499288f2\",\"name\":\"Francisco Javier Fern\u00e1ndez Chento\",\"image\":{\"@type\":\"ImageObject\",\"inLanguage\":\"es\",\"@id\":\"http:\/\/vincentians.com\/es\/#\/schema\/person\/image\/\",\"url\":\"https:\/\/secure.gravatar.com\/avatar\/497d5cde87b4c3d097d0315953521681ba2cd523ee66e5077c3711f7021e65de?s=96&d=mm&r=g\",\"contentUrl\":\"https:\/\/secure.gravatar.com\/avatar\/497d5cde87b4c3d097d0315953521681ba2cd523ee66e5077c3711f7021e65de?s=96&d=mm&r=g\",\"caption\":\"Francisco Javier Fern\u00e1ndez Chento\"},\"description\":\"Director General y cofundador de La Red de Formaci\u00f3n Vicenciana. Javier es laico vicenciano, afiliado a la Congregaci\u00f3n de la Misi\u00f3n y miembro del Equipo de Misiones Populares de la provincia can\u00f3nica de Zaragoza (Espa\u00f1a) de la Congregaci\u00f3n de la Misi\u00f3n. Graduado en la Universidad Oberta de Catalunya con cuatro grados (Asistente de direcci\u00f3n, Gesti\u00f3n Administrativa, Recursos Humanos y Contabilidad Avanzada). Bil\u00edng\u00fce Espa\u00f1ol\/Ingl\u00e9s. gestiona y mantiene varias p\u00e1ginas web cristianas y vicencianas, incluida including La Red de Formaci\u00f3n Vicenciana, de la que es cofundador. Actualmente es responsable del \u00e1rea de Espa\u00f1ol de .famvin, la Red de Noticias de la Familia Vicenciana. Tambi\u00e9n es m\u00fasico cat\u00f3lico y ha editado varios discos. Es Director General y cofundador de Trovador, una reconocida compa\u00f1\u00eda discogr\u00e1fica critiana de Espa\u00f1a. Trabaja en las Tecnolog\u00edas de la Informaci\u00f3n, ofreciendo servicios de alojamiento, dise\u00f1o y mantenimiento Web, as\u00ed como asesoramiento, formaci\u00f3n y soluciones inform\u00e1ticas, gesti\u00f3n documental y digitalizaci\u00f3n de textos, edici\u00f3n y maquetaci\u00f3n de libros, revistas, flyers, etc.\",\"sameAs\":[\"http:\/\/chento.org\",\"https:\/\/www.facebook.com\/JavierChento\",\"https:\/\/x.com\/https:\/\/twitter.com\/javierchento\"],\"url\":\"https:\/\/vincentians.com\/es\/author\/chento\/\"}]}<\/script>\n<!-- \/ Yoast SEO plugin. -->","yoast_head_json":{"title":"Benito P\u00e9rez Gald\u00f3s y las Hermanas de la Caridad de san Vicente de Pa\u00fal - Somos Vicencianos","robots":{"index":"index","follow":"follow","max-snippet":"max-snippet:-1","max-image-preview":"max-image-preview:large","max-video-preview":"max-video-preview:-1"},"canonical":"https:\/\/vincentians.com\/es\/benito-perez-galdos-y-las-hermanas-de-la-caridad-de-san-vicente-de-paul\/","og_locale":"es_ES","og_type":"article","og_title":"Benito P\u00e9rez Gald\u00f3s y las Hermanas de la Caridad de san Vicente de Pa\u00fal - Somos Vicencianos","og_description":"Desde el a\u00f1o 1790, fecha en que regresan a Espa\u00f1a las seis j\u00f3venes que fueron enviadas a Francia por los padres Nualart y Dur\u00e1n, para que se formaran en el estilo de las Hermanas, se ... Read More","og_url":"https:\/\/vincentians.com\/es\/benito-perez-galdos-y-las-hermanas-de-la-caridad-de-san-vicente-de-paul\/","og_site_name":"Somos Vicencianos","article_publisher":"https:\/\/www.facebook.com\/WeAreVincentians\/","article_author":"https:\/\/www.facebook.com\/JavierChento","article_published_time":"2016-08-18T06:36:35+00:00","article_modified_time":"2016-08-18T07:17:56+00:00","og_image":[{"width":1200,"height":630,"url":"https:\/\/i0.wp.com\/vincentians.com\/es\/wp-content\/uploads\/sites\/11\/2016\/08\/benito-perez-galdos.jpg?fit=1200%2C630&ssl=1","type":"image\/jpeg"}],"author":"Francisco Javier Fern\u00e1ndez Chento","twitter_card":"summary_large_image","twitter_creator":"@https:\/\/twitter.com\/javierchento","twitter_site":"@WeVincentians","twitter_misc":{"Escrito por":"Francisco Javier Fern\u00e1ndez Chento","Tiempo de lectura":"22 minutos"},"schema":{"@context":"https:\/\/schema.org","@graph":[{"@type":"Article","@id":"https:\/\/vincentians.com\/es\/benito-perez-galdos-y-las-hermanas-de-la-caridad-de-san-vicente-de-paul\/#article","isPartOf":{"@id":"https:\/\/vincentians.com\/es\/benito-perez-galdos-y-las-hermanas-de-la-caridad-de-san-vicente-de-paul\/"},"author":{"name":"Francisco Javier Fern\u00e1ndez Chento","@id":"http:\/\/vincentians.com\/es\/#\/schema\/person\/9623ef4d9aa3b2dfb8c061f1499288f2"},"headline":"Benito P\u00e9rez Gald\u00f3s y las Hermanas de la Caridad de san Vicente de Pa\u00fal","datePublished":"2016-08-18T06:36:35+00:00","dateModified":"2016-08-18T07:17:56+00:00","mainEntityOfPage":{"@id":"https:\/\/vincentians.com\/es\/benito-perez-galdos-y-las-hermanas-de-la-caridad-de-san-vicente-de-paul\/"},"wordCount":4366,"commentCount":0,"publisher":{"@id":"http:\/\/vincentians.com\/es\/#organization"},"image":{"@id":"https:\/\/vincentians.com\/es\/benito-perez-galdos-y-las-hermanas-de-la-caridad-de-san-vicente-de-paul\/#primaryimage"},"thumbnailUrl":"https:\/\/i0.wp.com\/vincentians.com\/es\/wp-content\/uploads\/sites\/11\/2016\/08\/benito-perez-galdos.jpg?fit=1200%2C630&ssl=1","articleSection":["Hijas de la Caridad"],"inLanguage":"es","potentialAction":[{"@type":"CommentAction","name":"Comment","target":["https:\/\/vincentians.com\/es\/benito-perez-galdos-y-las-hermanas-de-la-caridad-de-san-vicente-de-paul\/#respond"]}]},{"@type":"WebPage","@id":"https:\/\/vincentians.com\/es\/benito-perez-galdos-y-las-hermanas-de-la-caridad-de-san-vicente-de-paul\/","url":"https:\/\/vincentians.com\/es\/benito-perez-galdos-y-las-hermanas-de-la-caridad-de-san-vicente-de-paul\/","name":"Benito P\u00e9rez Gald\u00f3s y las Hermanas de la Caridad de san Vicente de Pa\u00fal - Somos Vicencianos","isPartOf":{"@id":"http:\/\/vincentians.com\/es\/#website"},"primaryImageOfPage":{"@id":"https:\/\/vincentians.com\/es\/benito-perez-galdos-y-las-hermanas-de-la-caridad-de-san-vicente-de-paul\/#primaryimage"},"image":{"@id":"https:\/\/vincentians.com\/es\/benito-perez-galdos-y-las-hermanas-de-la-caridad-de-san-vicente-de-paul\/#primaryimage"},"thumbnailUrl":"https:\/\/i0.wp.com\/vincentians.com\/es\/wp-content\/uploads\/sites\/11\/2016\/08\/benito-perez-galdos.jpg?fit=1200%2C630&ssl=1","datePublished":"2016-08-18T06:36:35+00:00","dateModified":"2016-08-18T07:17:56+00:00","breadcrumb":{"@id":"https:\/\/vincentians.com\/es\/benito-perez-galdos-y-las-hermanas-de-la-caridad-de-san-vicente-de-paul\/#breadcrumb"},"inLanguage":"es","potentialAction":[{"@type":"ReadAction","target":["https:\/\/vincentians.com\/es\/benito-perez-galdos-y-las-hermanas-de-la-caridad-de-san-vicente-de-paul\/"]}]},{"@type":"ImageObject","inLanguage":"es","@id":"https:\/\/vincentians.com\/es\/benito-perez-galdos-y-las-hermanas-de-la-caridad-de-san-vicente-de-paul\/#primaryimage","url":"https:\/\/i0.wp.com\/vincentians.com\/es\/wp-content\/uploads\/sites\/11\/2016\/08\/benito-perez-galdos.jpg?fit=1200%2C630&ssl=1","contentUrl":"https:\/\/i0.wp.com\/vincentians.com\/es\/wp-content\/uploads\/sites\/11\/2016\/08\/benito-perez-galdos.jpg?fit=1200%2C630&ssl=1","width":1200,"height":630},{"@type":"BreadcrumbList","@id":"https:\/\/vincentians.com\/es\/benito-perez-galdos-y-las-hermanas-de-la-caridad-de-san-vicente-de-paul\/#breadcrumb","itemListElement":[{"@type":"ListItem","position":1,"name":"Portada","item":"http:\/\/vincentians.com\/es\/"},{"@type":"ListItem","position":2,"name":"Benito P\u00e9rez Gald\u00f3s y las Hermanas de la Caridad de san Vicente de Pa\u00fal"}]},{"@type":"WebSite","@id":"http:\/\/vincentians.com\/es\/#website","url":"http:\/\/vincentians.com\/es\/","name":"Somos Vicencianos","description":"Know more to serve more","publisher":{"@id":"http:\/\/vincentians.com\/es\/#organization"},"potentialAction":[{"@type":"SearchAction","target":{"@type":"EntryPoint","urlTemplate":"http:\/\/vincentians.com\/es\/?s={search_term_string}"},"query-input":{"@type":"PropertyValueSpecification","valueRequired":true,"valueName":"search_term_string"}}],"inLanguage":"es"},{"@type":"Organization","@id":"http:\/\/vincentians.com\/es\/#organization","name":"The Vincentian Network","url":"http:\/\/vincentians.com\/es\/","logo":{"@type":"ImageObject","inLanguage":"es","@id":"http:\/\/vincentians.com\/es\/#\/schema\/logo\/image\/","url":"https:\/\/i1.wp.com\/vincentians.com\/es\/wp-content\/uploads\/sites\/11\/2016\/06\/Vincentian-Network-logo-big.png?fit=778%2C778","contentUrl":"https:\/\/i1.wp.com\/vincentians.com\/es\/wp-content\/uploads\/sites\/11\/2016\/06\/Vincentian-Network-logo-big.png?fit=778%2C778","width":778,"height":778,"caption":"The Vincentian Network"},"image":{"@id":"http:\/\/vincentians.com\/es\/#\/schema\/logo\/image\/"},"sameAs":["https:\/\/www.facebook.com\/WeAreVincentians\/","https:\/\/x.com\/WeVincentians"]},{"@type":"Person","@id":"http:\/\/vincentians.com\/es\/#\/schema\/person\/9623ef4d9aa3b2dfb8c061f1499288f2","name":"Francisco Javier Fern\u00e1ndez Chento","image":{"@type":"ImageObject","inLanguage":"es","@id":"http:\/\/vincentians.com\/es\/#\/schema\/person\/image\/","url":"https:\/\/secure.gravatar.com\/avatar\/497d5cde87b4c3d097d0315953521681ba2cd523ee66e5077c3711f7021e65de?s=96&d=mm&r=g","contentUrl":"https:\/\/secure.gravatar.com\/avatar\/497d5cde87b4c3d097d0315953521681ba2cd523ee66e5077c3711f7021e65de?s=96&d=mm&r=g","caption":"Francisco Javier Fern\u00e1ndez Chento"},"description":"Director General y cofundador de La Red de Formaci\u00f3n Vicenciana. Javier es laico vicenciano, afiliado a la Congregaci\u00f3n de la Misi\u00f3n y miembro del Equipo de Misiones Populares de la provincia can\u00f3nica de Zaragoza (Espa\u00f1a) de la Congregaci\u00f3n de la Misi\u00f3n. Graduado en la Universidad Oberta de Catalunya con cuatro grados (Asistente de direcci\u00f3n, Gesti\u00f3n Administrativa, Recursos Humanos y Contabilidad Avanzada). Bil\u00edng\u00fce Espa\u00f1ol\/Ingl\u00e9s. gestiona y mantiene varias p\u00e1ginas web cristianas y vicencianas, incluida including La Red de Formaci\u00f3n Vicenciana, de la que es cofundador. Actualmente es responsable del \u00e1rea de Espa\u00f1ol de .famvin, la Red de Noticias de la Familia Vicenciana. Tambi\u00e9n es m\u00fasico cat\u00f3lico y ha editado varios discos. Es Director General y cofundador de Trovador, una reconocida compa\u00f1\u00eda discogr\u00e1fica critiana de Espa\u00f1a. Trabaja en las Tecnolog\u00edas de la Informaci\u00f3n, ofreciendo servicios de alojamiento, dise\u00f1o y mantenimiento Web, as\u00ed como asesoramiento, formaci\u00f3n y soluciones inform\u00e1ticas, gesti\u00f3n documental y digitalizaci\u00f3n de textos, edici\u00f3n y maquetaci\u00f3n de libros, revistas, flyers, etc.","sameAs":["http:\/\/chento.org","https:\/\/www.facebook.com\/JavierChento","https:\/\/x.com\/https:\/\/twitter.com\/javierchento"],"url":"https:\/\/vincentians.com\/es\/author\/chento\/"}]}},"jetpack_publicize_connections":[],"jetpack_featured_media_url":"https:\/\/i0.wp.com\/vincentians.com\/es\/wp-content\/uploads\/sites\/11\/2016\/08\/benito-perez-galdos.jpg?fit=1200%2C630&ssl=1","jetpack_sharing_enabled":true,"jetpack_shortlink":"https:\/\/wp.me\/p7ETMF-oL4","jetpack-related-posts":[{"id":387421,"url":"https:\/\/vincentians.com\/es\/la-provincia-espanola-de-las-hijas-de-la-caridad-xi\/","url_meta":{"origin":95174,"position":0},"title":"La Provincia espa\u00f1ola de las Hijas de la Caridad (XI)","author":"Mitxel Olabu\u00e9naga","date":"26\/05\/2016","format":false,"excerpt":"Fundaci\u00f3n del Real Noviciado en Madrid. El P. Murillo que, como queda dicho, hab\u00eda acompa\u00f1ado a las Hermanas que fueron a la fundaci\u00f3n de la Inclusa de Madrid, nos relata el origen del Real Noviciado de las Hijas de la Caridad, con estas palabras: \"Noticioso el Rey del feliz desempe\u00f1o\u2026","rel":"","context":"En \u00abHistoria de las Hijas de la Caridad\u00bb","block_context":{"text":"Historia de las Hijas de la Caridad","link":"https:\/\/vincentians.com\/es\/category\/historia-de-la-familia-vicenciana\/historia-de-las-hijas-de-la-caridad\/"},"img":{"alt_text":"","src":"https:\/\/i0.wp.com\/vincentians.com\/es\/wp-content\/uploads\/sites\/11\/2016\/07\/hijas-caridad-espanya.jpg?fit=1200%2C630&ssl=1&resize=350%2C200","width":350,"height":200,"srcset":"https:\/\/i0.wp.com\/vincentians.com\/es\/wp-content\/uploads\/sites\/11\/2016\/07\/hijas-caridad-espanya.jpg?fit=1200%2C630&ssl=1&resize=350%2C200 1x, https:\/\/i0.wp.com\/vincentians.com\/es\/wp-content\/uploads\/sites\/11\/2016\/07\/hijas-caridad-espanya.jpg?fit=1200%2C630&ssl=1&resize=525%2C300 1.5x, https:\/\/i0.wp.com\/vincentians.com\/es\/wp-content\/uploads\/sites\/11\/2016\/07\/hijas-caridad-espanya.jpg?fit=1200%2C630&ssl=1&resize=700%2C400 2x, https:\/\/i0.wp.com\/vincentians.com\/es\/wp-content\/uploads\/sites\/11\/2016\/07\/hijas-caridad-espanya.jpg?fit=1200%2C630&ssl=1&resize=1050%2C600 3x"},"classes":[]},{"id":127035,"url":"https:\/\/vincentians.com\/es\/afianzar-la-compania\/","url_meta":{"origin":95174,"position":1},"title":"Afianzar la Compa\u00f1\u00eda","author":"Mitxel Olabu\u00e9naga","date":"23\/01\/2024","format":false,"excerpt":"Los votos Durante el verano de 1640, mientras Luisa organizaba las comunidades de Angers y de los ni\u00f1os abandonados y se preocupaba de los galeotes, no olvidaba avanzar en las es\u00adtructuras de la Compa\u00f1\u00eda. Estaba convencida de que las Hijas de la Caridad formaban bastante m\u00e1s que una simple cofrad\u00eda;\u2026","rel":"","context":"En \u00abHistoria de las Hijas de la Caridad\u00bb","block_context":{"text":"Historia de las Hijas de la Caridad","link":"https:\/\/vincentians.com\/es\/category\/historia-de-la-familia-vicenciana\/historia-de-las-hijas-de-la-caridad\/"},"img":{"alt_text":"","src":"https:\/\/i0.wp.com\/vincentians.com\/es\/wp-content\/uploads\/sites\/11\/2013\/04\/hijas-caridaqd.jpg?fit=1200%2C675&ssl=1&resize=350%2C200","width":350,"height":200,"srcset":"https:\/\/i0.wp.com\/vincentians.com\/es\/wp-content\/uploads\/sites\/11\/2013\/04\/hijas-caridaqd.jpg?fit=1200%2C675&ssl=1&resize=350%2C200 1x, https:\/\/i0.wp.com\/vincentians.com\/es\/wp-content\/uploads\/sites\/11\/2013\/04\/hijas-caridaqd.jpg?fit=1200%2C675&ssl=1&resize=525%2C300 1.5x, https:\/\/i0.wp.com\/vincentians.com\/es\/wp-content\/uploads\/sites\/11\/2013\/04\/hijas-caridaqd.jpg?fit=1200%2C675&ssl=1&resize=700%2C400 2x, https:\/\/i0.wp.com\/vincentians.com\/es\/wp-content\/uploads\/sites\/11\/2013\/04\/hijas-caridaqd.jpg?fit=1200%2C675&ssl=1&resize=1050%2C600 3x"},"classes":[]},{"id":131585,"url":"https:\/\/vincentians.com\/es\/resumen-historico-de-la-compania-de-las-hijas-de-la-caridad-en-espana\/","url_meta":{"origin":95174,"position":2},"title":"RESUMEN HIST\u00d3RICO DE LA COMPA\u00d1\u00cdA DE LAS HIJAS DE LA CARIDAD EN ESPA\u00d1A","author":"Mitxel Olabu\u00e9naga","date":"19\/10\/2014","format":false,"excerpt":"Cuanto m\u00e1s estudio y medito las obras de San Vicente de Pa\u00fal, m\u00e1s grande aparece ante mi vista su grandiosa figura, y me siento cada vez m\u00e1s impulsado a bendecir al Se\u00f1or, que elev\u00f3 a este humilde Sacerdote, haci\u00e9ndole ejemplar vivo y perpetuo de la caridad cristiana. Cuanto m\u00e1s profundizo\u2026","rel":"","context":"En \u00abHistoria de las Hijas de la Caridad\u00bb","block_context":{"text":"Historia de las Hijas de la Caridad","link":"https:\/\/vincentians.com\/es\/category\/historia-de-la-familia-vicenciana\/historia-de-las-hijas-de-la-caridad\/"},"img":{"alt_text":"Hijas2","src":"https:\/\/i0.wp.com\/vicencianos.org\/wp-content\/2014\/03\/Hijas2.gif?resize=350%2C200","width":350,"height":200},"classes":[]},{"id":387553,"url":"https:\/\/vincentians.com\/es\/la-provincia-espanola-de-las-hijas-de-la-caridad-xvi\/","url_meta":{"origin":95174,"position":3},"title":"La Provincia espa\u00f1ola de las Hijas de la Caridad (XVI)","author":"Mitxel Olabu\u00e9naga","date":"10\/06\/2016","format":false,"excerpt":"1.- Las Nuevas Constituciones. Una Real Orden de 22 de enero de 1806 hab\u00eda nombra al Sr. Arzobispo de Toledo superior del Real Noviciado y por Decreto de 14 de febrero ordenaba Su Se\u00f1or\u00eda ce\u00f1ir las Constituciones a su Di\u00f3cesis, como semillero de fundaciones que en ella se pudieran formar\u2026","rel":"","context":"En \u00abHistoria de las Hijas de la Caridad\u00bb","block_context":{"text":"Historia de las Hijas de la Caridad","link":"https:\/\/vincentians.com\/es\/category\/historia-de-la-familia-vicenciana\/historia-de-las-hijas-de-la-caridad\/"},"img":{"alt_text":"","src":"https:\/\/i0.wp.com\/vincentians.com\/es\/wp-content\/uploads\/sites\/11\/2016\/07\/hijas-caridad-espanya.jpg?fit=1200%2C630&ssl=1&resize=350%2C200","width":350,"height":200,"srcset":"https:\/\/i0.wp.com\/vincentians.com\/es\/wp-content\/uploads\/sites\/11\/2016\/07\/hijas-caridad-espanya.jpg?fit=1200%2C630&ssl=1&resize=350%2C200 1x, https:\/\/i0.wp.com\/vincentians.com\/es\/wp-content\/uploads\/sites\/11\/2016\/07\/hijas-caridad-espanya.jpg?fit=1200%2C630&ssl=1&resize=525%2C300 1.5x, https:\/\/i0.wp.com\/vincentians.com\/es\/wp-content\/uploads\/sites\/11\/2016\/07\/hijas-caridad-espanya.jpg?fit=1200%2C630&ssl=1&resize=700%2C400 2x, https:\/\/i0.wp.com\/vincentians.com\/es\/wp-content\/uploads\/sites\/11\/2016\/07\/hijas-caridad-espanya.jpg?fit=1200%2C630&ssl=1&resize=1050%2C600 3x"},"classes":[]},{"id":130023,"url":"https:\/\/vincentians.com\/es\/ultimas-fundaciones-i\/","url_meta":{"origin":95174,"position":4},"title":"\u00daltimas fundaciones (I)","author":"Francisco Javier Fern\u00e1ndez Chento","date":"23\/03\/2014","format":false,"excerpt":"La F\u00e9re A pesar de tantas deficiencias f\u00edsicas, su actividad no disminuye. Su primera actuaci\u00f3n fue en los hospitales militares donde mor\u00edan m\u00e1s que sanaban los temidos soldados. Du\u00adrante todos estos a\u00f1os, los hospitales militares estaban en funci\u00f3n de las guerras y las gue\u00adrras depend\u00edan de la situaci\u00f3n de las\u2026","rel":"","context":"En \u00abFormaci\u00f3n Vicenciana\u00bb","block_context":{"text":"Formaci\u00f3n Vicenciana","link":"https:\/\/vincentians.com\/es\/category\/formacion-vicenciana\/"},"img":{"alt_text":"cartel","src":"https:\/\/i0.wp.com\/vicencianos.org\/wp-content\/2014\/02\/cartel.jpg?resize=350%2C200","width":350,"height":200},"classes":[]},{"id":118024,"url":"https:\/\/vincentians.com\/es\/estampa-en-el-dia-del-cambio-de-habito-1964\/","url_meta":{"origin":95174,"position":5},"title":"Estampa en el d\u00eda del cambio de h\u00e1bito (1964)","author":"Mitxel Olabu\u00e9naga","date":"28\/02\/2013","format":false,"excerpt":"El d\u00eda 20 de septiembre el M. R. P. General envi\u00f3 a todas y cada una de las Hijas de la Caridad una preciosa estampa-fotograf\u00eda de la fachada de la catedral de Estrasburgo y el lema \"Congregavit nos in unum Christi amor\", con un breve mensaje que, traducido al castellano,\u2026","rel":"","context":"En \u00abHistoria de las Hijas de la Caridad\u00bb","block_context":{"text":"Historia de las Hijas de la Caridad","link":"https:\/\/vincentians.com\/es\/category\/historia-de-la-familia-vicenciana\/historia-de-las-hijas-de-la-caridad\/"},"img":{"alt_text":"sor_lorenza_diaz_bolanos","src":"https:\/\/i0.wp.com\/vicencianos.org\/wp-content\/2013\/01\/sor_lorenza_diaz_bolanos.jpg?resize=350%2C200","width":350,"height":200},"classes":[]}],"_links":{"self":[{"href":"https:\/\/vincentians.com\/es\/wp-json\/wp\/v2\/posts\/95174","targetHints":{"allow":["GET"]}}],"collection":[{"href":"https:\/\/vincentians.com\/es\/wp-json\/wp\/v2\/posts"}],"about":[{"href":"https:\/\/vincentians.com\/es\/wp-json\/wp\/v2\/types\/post"}],"author":[{"embeddable":true,"href":"https:\/\/vincentians.com\/es\/wp-json\/wp\/v2\/users\/4"}],"replies":[{"embeddable":true,"href":"https:\/\/vincentians.com\/es\/wp-json\/wp\/v2\/comments?post=95174"}],"version-history":[{"count":0,"href":"https:\/\/vincentians.com\/es\/wp-json\/wp\/v2\/posts\/95174\/revisions"}],"wp:featuredmedia":[{"embeddable":true,"href":"https:\/\/vincentians.com\/es\/wp-json\/wp\/v2\/media\/399384"}],"wp:attachment":[{"href":"https:\/\/vincentians.com\/es\/wp-json\/wp\/v2\/media?parent=95174"}],"wp:term":[{"taxonomy":"category","embeddable":true,"href":"https:\/\/vincentians.com\/es\/wp-json\/wp\/v2\/categories?post=95174"},{"taxonomy":"post_tag","embeddable":true,"href":"https:\/\/vincentians.com\/es\/wp-json\/wp\/v2\/tags?post=95174"}],"curies":[{"name":"wp","href":"https:\/\/api.w.org\/{rel}","templated":true}]}}