{"id":949,"date":"2022-11-15T08:57:35","date_gmt":"2022-11-15T07:57:35","guid":{"rendered":"http:\/\/somos.vicencianos.org\/blog\/?p=949"},"modified":"2022-08-09T21:57:59","modified_gmt":"2022-08-09T19:57:59","slug":"bibliografia-sobre-la-congregacion-de-la-mision-en-espana","status":"publish","type":"post","link":"https:\/\/vincentians.com\/es\/bibliografia-sobre-la-congregacion-de-la-mision-en-espana\/","title":{"rendered":"Bibliograf\u00eda sobre la Congregaci\u00f3n de la Misi\u00f3n en Espa\u00f1a"},"content":{"rendered":"<p>ABAD, N.: \u00abAyamonte. Una parroquia m\u00e1s a cargo de la Congregaci\u00f3n\u00bb. En <em>Anales Madrid<\/em>, 1946, pp. 238-242.<br \/>\nABAITUA, M.: \u00abFundaciones de Ayer. 1774-1974. El pasado de la Provincia de Zaragoza\u00bb. En <em>Anales Madrid<\/em>, 1975, pp. 747-765.<br \/>\nABAITUA, M.: \u00abLos PP. Pa\u00fales en el Seminario de San Pablo (Cuenca)\u00bb. En <em>Bolet\u00edn Provincial de Zaragoza<\/em>, 1975, n\u00ba 5. Tambi\u00e9n en <em>Anales Madrid<\/em>, 1975, pp. 573-577.<br \/>\nABAITUA, M.: \u00abCasas fundadas en la Provincia de Zaragoza a partir de 1969\u00bb. En <em>Anales Madrid<\/em>, 1990, pp. 68ss.<br \/>\nABAITUA, M.: \u00abEl teologado de la Provincia de Zaragoza\u00bb. En <em>Anales Madrid<\/em>, 1990, pp. 16-18.<br \/>\nABELLY, L.: <em>La vie du v\u00e9n\u00e9rable\u00a0 serviteur de Dieu Vincent de Paul, instituteur et premier sup\u00e9rieur g\u00e9n\u00e9ral de la Congr\u00e9gation de la Mission<\/em>.\u00a0 Florentin Lambert, 1664, 3 vv. (Edici\u00f3n castellana \u00abVida del Venerable Siervo de Dios Vicente de Pa\u00fal, Fundador y Primer Superior General De la Congregaci\u00f3n de la Misi\u00f3n\u00bb Trad. de ABAITUA, M., CEME, Salamanca, 1994.<br \/>\n<em>Acta de la Reuni\u00f3n del Superior General y los Consejos de la C.M. de Espa\u00f1a<\/em>. Mecanografiado. Madrid, 1995.<br \/>\nAIRAS, A. y PATO, A.: \u00ab<em>Cincuenta a\u00f1os de la casa C.M. de Salamanca<\/em>\u00ab. En Anales Madrid, 2007, pp. 186-202.<br \/>\nALBENDEA, I.: R. P. Felipe Garc\u00eda Mart\u00ednez: <em>Algunos rasgos biogr\u00e1ficos de una vida ejemplar (1920-1987).<\/em>Madrid: Separata de Anales, 1987.<br \/>\nALMERAS, R.: <em>Compendio del m\u00e9todo de predicar que est\u00e1 en uso en la C.M. \/ compuesto por el Sr. Almeras y enviado por el mismo a todas las casas de dicha Congregaci\u00f3n en diciembre de 1666<\/em>. &#8211; [s.l. : s.n., s.a.].<br \/>\nALONSO, N. y P\u00c9REZ\u00a0 ANGULO, J.: <em>Diccionario de Ciencias eclesi\u00e1sticas<\/em>. Subirana Hermanos, Barcelona, 1890, 10 vv.<br \/>\nALPUENTE, E.: \u00abHistoria de la Casa de la Congregaci\u00f3n de la Misi\u00f3n de Santa Cruz de la Palma\u00bb. En <em>Anales Madrid<\/em>, 1907, pp. 199ss.<br \/>\nALVAREZ G\u00d3MEZ, J.: \u00abCongregacion de la Misi\u00f3n e Hijas de la Caridad\u00bb. Madrid: Publicaciones Claretianas, 1990. &#8211; Se encuentra en \u00ab<em>Historia de la vida religiosa<\/em>. <em>III. Desde la \u00abDevotio moderna\u00bb hasta el Concilio Vaticano II<\/em>\u00ab, pp. 364-377.<br \/>\n<em>\u00abAnales de la Congregaci\u00f3n de la Misi\u00f3n\u00bb<\/em> (1893-1922).\u00a0 C.M., Madrid. 30vv.<br \/>\n<em>\u00abAnales de la Congregaci\u00f3n de la Misi\u00f3n y de las Hijas de la Caridad\u00bb<\/em> (1923-2003). C.M., Madrid.<br \/>\n<em>\u00abAnales de la Congregaci\u00f3n de la Misi\u00f3n De San Vicente Pa\u00fal de la Provincia de Barcelona\u00bb<\/em> (1940-1973). C.M., Barcelona. 34vv.<br \/>\n<em>\u00abAnnales de la Congr\u00e9gation de la Misi\u00f3n\u00bb,<\/em> (1834-1963). C.M., Par\u00eds. 130vv.<br \/>\nANDR\u00c9S-GALLEGO, J.: <em>La pol\u00edtica religiosa en Espa\u00f1a, 1889-1913<\/em>. Editora Nacional, Madrid, 1975.<br \/>\nANDR\u00c9S-GALLEGO, J.: <em>Pensamiento y acci\u00f3n social de la Iglesia en Espa\u00f1a<\/em>. Espasa-Calpe, Madrid, 1984.<br \/>\nANDR\u00c9S-GALLEGO, J. (Coord): <em>Espa\u00f1a siglo XX. Actas<\/em>. Madrid, 1991.<br \/>\nANDR\u00c9S-GALLEGO, J. (Coord): <em>Historia de la historiograf\u00eda espa\u00f1ola<\/em>. Ediciones Encuentro, Madrid, 1999.<br \/>\nANDR\u00c9S-GALLEGO, J. (Ed): <em>La historia de la Iglesia en Espa\u00f1a y el mundo hispano.<\/em> Ucam-Aedos, Murcia, 2001.<br \/>\nAN\u00d3NIMO: \u00abHistoria de la C.M. en Espa\u00f1a\u00bb. En <em>Anales Madrid,<\/em> 1893, pp.372ss. y 524ss.; 1894, pp.312ss.<br \/>\nAN\u00d3NIMO: <em>Breve rese\u00f1a de las fiestas cincuentenarias de la doble familia de San Vicente de Pa\u00fal en Filipinas y de la consagraci\u00f3n de la nueva iglesia erigida con tal motivo en Manila.<\/em> Manila: Santos y Bernal, 1914.<br \/>\nAN\u00d3NIMO: \u00abBreve rese\u00f1a sobre la fundaci\u00f3n del Convento de San Bartolom\u00e9 de la villa de Bellpuig (L\u00e9rida)\u00bb. En <em>Anales Madrid<\/em>, 1899, pp. 520-532.<br \/>\nAN\u00d3NIMO: \u00abLa Casa Central de la Congregaci\u00f3n de la Misi\u00f3n de la Provincia de Espa\u00f1a\u00bb. <em>Anales Madrid<\/em>, 1901, pp. 254-310.<br \/>\nAN\u00d3NIMO: \u00abDatos del Seminario Sacerdotal de la Congregaci\u00f3n de la Misi\u00f3n en Barbastro\u00bb. <em>Anales Madrid<\/em> 1906, pp. 317ss.<br \/>\nAN\u00d3NIMO: \u00abNotas hist\u00f3ricas sobre los varios establecimientos de la Congregaci\u00f3n de la Misi\u00f3n en Portugal\u00bb. En <em>Anales Madrid<\/em>, 1906, pp.252ss., 382ss y 550ss; 1907, pp. 89ss. y\u00a0 242ss.<br \/>\nAN\u00d3NIMO: \u00abHistoria de la fundaci\u00f3n de nuestra casa-misi\u00f3n en Iglesuela del Cid\u00bb. En <em>Anales Madrid<\/em>, 1907, pp.366ss y 526ss; 1908, pp.177ss y 570ss y 1909, pp. 229ss y 401ss.<br \/>\nAN\u00d3NIMO: <em>Breve rese\u00f1a hist\u00f3rica de la labor realizada en estas islas (Filipinas) por la doble familia de San Vicente de Pa\u00fal, 1862-1912<\/em>. Manila, 1912.<br \/>\nAN\u00d3NIMO: \u00abRese\u00f1a hist\u00f3rica de la casa de Paredes de Nava. Palencia\u00bb. En <em>Anales Madrid<\/em>, 1912, pp. 191-212.<br \/>\nAN\u00d3NIMO: \u00abSan Leonardo de Porto Mauricio y los m\u00e9todos de misionar\u00bb. En <em>Anales Barcelona<\/em>, 1942, pp. 162ss.<br \/>\nAN\u00d3NIMO: \u00abNuevo Seminario en Cuttack\u00bb. En <em>Reina de las Misiones<\/em>, 123, pp. 163-164.<br \/>\nAN\u00d3NIMO: \u00abLos PP. Pa\u00fales en Madagascar (1848-1948)\u00bb. En <em>Anales Barcelona<\/em>, 1947-8, pp. 424ss.<br \/>\nAN\u00d3NIMO: <em>Apontamentos para a Hist\u00f3ria da Provincia portuguesa da Congrega\u00e7ao da Missao<\/em>. 8 vv. 1959-1963.<br \/>\nAN\u00d3NIMO: <em>Novena a Nuestra Se\u00f1ora de la Bella: Historia de la ermita y santa imagen. T\u00e1rrega<\/em>. Camps Calmet, 1965.<br \/>\nAN\u00d3NIMO: \u00abComisi\u00f3n para el estudio de la divisi\u00f3n de la Provincia de Madrid\u00bb. En <em>Anales Madrid, <\/em>1968, p. 617.<br \/>\nAN\u00d3NIMO: \u00abLas casas de la Congregaci\u00f3n de la Misi\u00f3n en la ciudad de Barcelona\u00bb. En <em>Anales Barcelona<\/em>\u00ab, 1971, pp. 19-36, 113-130 (se anuncia \u00abcontinuar\u00e1\u00bb que luego no aparece). Es posible que el trabajo sea del P. Jos\u00e9 Barcel\u00f3.<br \/>\nAN\u00d3NIMO: \u00abRecuerdo del P. Lorenzo Sierra Rubio en el centenario de su nacimiento\u00bb. En <em>Anales Madrid<\/em>, 1972, pp. 503ss.<br \/>\nAN\u00d3NIMO: \u00abBreve resumen de la historia de los PP. Pa\u00fales en Honduras\u00bb. En <em>Anales Madrid<\/em>, 1988, pp. 512-527.<br \/>\nAN\u00d3NIMO: \u00abPoetas de la Congregaci\u00f3n de la Misi\u00f3n\u00bb. En <em>Anales Madrid<\/em>, 1998, pp. 119-158.<br \/>\nAN\u00d3NIMO: \u00abLa Di\u00f3cesis de San Pedro Sula\u00bb. En <em>Anales Barcelona<\/em>, 1970, pp. 334-352.<br \/>\nAN\u00d3NIMO: \u00abLista de M\u00e1rtires espa\u00f1oles pertenecientes a la Familia Vicenciana\u00bb. <em>Anales Madrid<\/em>, 1998, pp. 51-60.<br \/>\nAN\u00d3NIMO: \u00abLa Provincia de Barcelona en Estados Unidos de Am\u00e9rica\u00bb En <em>La Provincia de Barcelona en sus cien a\u00f1os<\/em>. CEME, Salamanca, 2006. pp. 307-381.<br \/>\nAN\u00d3NIMO: \u00abLa Provincia de Barcelona en Honduras\u00bb. En <em>La Provincia de Barcelona en sus cien a\u00f1os<\/em>. CEME, Salamanca, 2006, pp. 381-505.<br \/>\nAN\u00d3NIMO: \u00abLa Provincia de Barcelona en el Per\u00fa\u00bb. En <em>La Provincia de Barcelona en sus cien a\u00f1os<\/em>. CEME, Salamanca, 2006, pp. 505-577.<br \/>\nANT\u00d3N, B.: \u00abInauguraci\u00f3n de la casa de Lodosa (Navarra)\u00bb. En <em>Anales Madrid<\/em>, 1914, pp. 221ss.<br \/>\nAOIZ, A.: \u00abCentenario de los Milagros. Orense\u00bb. En <em>Anales Madrid<\/em>, 1969, pp. 220ss.<br \/>\nAPARICIO, J.M.: \u00abRese\u00f1a hist\u00f3rica de la Casa Misi\u00f3n y Colegio Apost\u00f3lico de Teruel\u00bb. En <em>Anales Madrid<\/em>, 1921, pp. 287ss, 404ss y 585ss.<br \/>\nARANGUREN, D.: \u00abCentenario de los Pa\u00fales en Canarias\u00bb. En <em>Anales Madrid,<\/em> 1995, pp. 39ss.<br \/>\nARANGUREN, D.: \u00abUn glorioso Centenario. La Laguna (Tenerife).1899-1999\u00bb. En <em>Anales Madrid<\/em>, 1999, p. 423ss.<br \/>\nARANGUREN, J. L.: <em>Moral y Sociedad. La moral espa\u00f1ola en el siglo XIX.<\/em> Taurus, Madrid, 1981.<br \/>\nARGA\u00d1A, J.L.: <em>Cien a\u00f1os de historia: los PP. Pa\u00fales cumplen un siglo en La Laguna<\/em>. Folleto publicado en 1999.<br \/>\nARMENGOL, M.:<em> Defensa de los Pa\u00fales espa\u00f1oles<\/em>. Barcelona: Pablo Riera, 1856.<br \/>\nARNAIZ, E.: <em>Apuntes para la vida de un celoso misionero, hijo preclaro de San Vicente de Pa\u00fal. (P. Faustino D\u00edez<\/em>).\u00a0 Madrid: Hu\u00e9rfanos, 1891.<br \/>\nARREGUI, A.: <em>Claves\u00a0 evangelizadoras en las Misiones Populares de Vicente de Pa\u00fal y su validez actual<\/em>. Memoria de Licenciatura. Madrid, 1990.\u00a0 (Mecanografiada).<br \/>\nARTOLA, M. (Dir): <em>Historia de Espa\u00f1a Alfaguara<\/em>.\u00a0 Alianza, Madrid, 1973, 7vv.<br \/>\nATIENZA, J.: \u00abLa casa de Ramales\u00bb. En <em>Anales Madrid<\/em>, 1917, pp.267ss y 1918, 214ss.<br \/>\nATIENZA, J.: <em>Biograf\u00eda del Hno. Bernardo Redondo<\/em>. Separata de Anales Madrid, 1934.<br \/>\nBAGUENA, N.: \u00ab\u00bbEl Quinquagesimo aniversario de los PP. Pa\u00fales\u00a0 en el Santuario de Los Milagros (Orense) 1869-1919\u00bb. En <em>Anales Madrid<\/em>, 1920, pp. 41-56.<br \/>\nB\u00c1GUENA, N.: <em>Biograf\u00eda del Se\u00f1or D. Gabriel Juan Pujol, C.M., Superior que fue del Santuario de los Milagros del Monte Medo (Orense).<\/em> Madrid: Cleto Vallinas, 1919.<br \/>\nBARCEL\u00d3, J.: \u00abLos PP. Pa\u00fales y las Hijas de la Caridad en Centroam\u00e9rica\u00bb. En <em>Anales Barcelona<\/em>, 1961-2, pp. 111ss y 170ss.<br \/>\nBARCEL\u00d3, J.: \u00abMisi\u00f3n Honduras. 91 hombres&#8230;: Recuerdo de la obra realizada por 91 Padres Pa\u00fales\u00bb. En\u00a0 <em>Anales de Barcelona<\/em>, 1974, n\u00ba 122.<br \/>\nBARCEL\u00d3, J.: \u00abDoscientos a\u00f1os en Espa\u00f1a de las Hijas de la Caridad\u00bb. En <em>Anales Madrid<\/em>, 1989, pp. 235ss.<br \/>\nBARCEL\u00d3, J.: <em>Las seis primeras Hijas de la Caridad de Espa\u00f1a: Bicentenario de las Hijas de la Caridad en Espa\u00f1a 1790-1990<\/em>. Barcelona: [s.n.], 1990.<br \/>\nBARCEL\u00d3, J.: \u00abLa Compa\u00f1\u00eda en Centroam\u00e9rica\u00bb. En <em>Anales Madrid<\/em>, 1993, pp. 636ss.<br \/>\nBARCEL\u00d3, J.: \u00abLa Congregaci\u00f3n de la Misi\u00f3n (PP. Paulinos) en la costa norte de Honduras. 1996\u00bb. 378 p. Mecanografiado.<br \/>\nBARCELO, J.: \u00abHombres y Ap\u00f3stoles en la Costa Norte Hondure\u00f1a\u00bb. Barcelona, 1999.<br \/>\nBARCEL\u00d3. J.: \u00abCentenario de la divisi\u00f3n de la Provincia espa\u00f1ola de la C.M., 1902-2002\u00bb. En <em>Anales Madrid<\/em>, 2002, pp. 459-467.<br \/>\nBARCEL\u00d3, J.: <em>Francisco Sentjust y de Pag\u00e9s, un gran desconocido<\/em>. CM, Salamanca, 2003.<br \/>\nBARCEL\u00d3, J.: <em>121 mallorquins<\/em>. Mecanografiado. Palma, 2003<br \/>\nBARCEL\u00d3, J.: \u00abTrescientos a\u00f1os de la Congregaci\u00f3n de la Misi\u00f3n en Espa\u00f1a. Fechas significativas de nuestra historia\u00bb. En <em>La Congregaci\u00f3n de la Misi\u00f3n en Espa\u00f1a: 1704-2004<\/em>. CEME, Salamanca, 2005.<br \/>\nBARCEL\u00d3, J.: \u00abTrescientos a\u00f1os de la Congregaci\u00f3n de la Misi\u00f3n en Espa\u00f1a. Qui\u00e9nes intervinieron en la fundaci\u00f3n\u00bb. En <em>Anales Madrid<\/em>, 2004, pp. 252-255.<br \/>\nBARCEL\u00d3, J.: \u00abConversi\u00f3n de Francisco Sentjust y de Pag\u00e9s. \u00bfHubo un cambio notable en su vida?\u00bb. En <em>La Congregaci\u00f3n<\/em><em> de la Misi\u00f3n en Espa\u00f1a: 1704-2004<\/em>. CEME, Salamanca, 2005.<br \/>\nBARCEL\u00d3, J.: \u00abArchivos C.M. en Barcelona y Palma de Mallorca\u00bb. En <em>Anales Madrid<\/em>, 2006, pp. 537-550.<br \/>\nBARCEL\u00d3, J.: \u00abEl Manual de Piadosas Meditaciones\u00bb. En <em>BPB<\/em>, julio-septiembre 2006, p. 20.<br \/>\nBARQU\u00cdN, S.: \u00abLa Parroquia San Vicente de Pa\u00fal (Madrid). Cincuenta a\u00f1os despu\u00e9s\u00bb. En <em>BPM<\/em>, 2005, pp. 12-14<br \/>\nBARQU\u00cdN, S.: <em>La Congregaci\u00f3n de la Misi\u00f3n en Espa\u00f1a hoy. Descripci\u00f3n y reflexi\u00f3n<\/em>. CEME, Salamanca, 2006.<br \/>\nBARRAQUER Y\u00a0 ROVIRALTA, C.: <em>Las casas\u00a0 de religiosos en Catalu\u00f1a durante el primer tercio del siglo XX<\/em>. Imprenta de Fco. Alt\u00e9s, Barcelona 1906, 2vv.<br \/>\nBARRAQUER, B.: <em>Los religiosos en Catalu\u00f1a durante la primera mitad del siglo XIX<\/em>. Barcelona: Francisco J. Alt\u00e9s y Alabart, 1915-1917. &#8211; 4 vv.\u00a0 Los Pa\u00fales en t. I, 1229-1231; t. II, 657-663 y 701; t. IV, 590-604.<br \/>\nBARTOLOM\u00c9, D.: \u00abLa Escuela Apost\u00f3lica de Barcelona en sus \u00faltimos a\u00f1os. 1897-1900\u00bb. En <em>Anales Barcelona<\/em>, 1946, pp.365-373; 1947, pp.32-35.<br \/>\nBARTOLOM\u00c9, D.: \u00abCuna de la Congregaci\u00f3n de la Misi\u00f3n en Espa\u00f1a\u00bb. En <em>Anales Barcelona<\/em>, 1968, pp. 387ss.<br \/>\nBARTOLOM\u00c9, D.: \u00abEvocaci\u00f3n hist\u00f3rica de la Escuela Apost\u00f3lica de Barcelona\u00bb. En <em>Anales Barcelona<\/em>, 1968, pp. 18-23.<br \/>\nBAS\u00cdLICA DE LA MILAGROSA: \u00abRecuerdo de la inauguraci\u00f3n de la Iglesia de San Vicente de Pa\u00fal de Madrid\u00bb. Junio 1904.<br \/>\nBEADE, R.: \u00abAlgunas notas acerca de la fundaci\u00f3n de la casa de la Congregaci\u00f3n de Misi\u00f3n de Orense\u00bb. En <em>Anales Madrid<\/em>, 1904, pp.581-582.<br \/>\nBELMONTE, R.: \u00abMurgu\u00eda, 1888-1988\u00bb. <em>En Anales Madrid<\/em>, 1988, pp. 578ss; 726ss.<br \/>\nBENGOECHEA Y BARRENA, I.: Biograf\u00eda del P. Nicol\u00e1s Arnaiz y Nebreda. San Sebasti\u00e1n: Imp. El Euskara, 1871.<br \/>\nBERTHELOT DU CHESNAY, Ch.: <em>Les Missions de Saint Jean Eudes. <\/em><em>Contribution a l&#8217;histoire des missions en France au XVII-e si\u00e8cle<\/em>. Procure des Eudistes,\u00a0 Paris 1967.<br \/>\nBLANCO, B.: \u00abInauguraci\u00f3n de la casa-misi\u00f3n de \u00c9cija\u00bb. En <em>Anales Madrid<\/em>, 1906, pp. 345ss.<br \/>\nBLANCO, B.: \u00abHistoria de la fundaci\u00f3n de la casa de \u00c9cija\u00bb. En <em>Anales Madrid<\/em>, 1910, pp. 181ss.<br \/>\nBLANCO, M.: \u00abCuando Per\u00fa era Provincia de Barcelona\u00bb. En <em>Anales Madrid<\/em>, 2000, pp. 338-347.<br \/>\n<em>\u00abBolet\u00edn Provincial de la Provincia de Barcelona\u00bb.<\/em> 1970-2006.<br \/>\n<em>\u00abBolet\u00edn Provincial de la Provincia de Madrid\u00bb.<\/em> 1970-2006.<br \/>\n<em>\u00abBolet\u00edn Provincial de la Provincia de Salamanca\u00bb.<\/em> 1970-2006.<br \/>\n<em>\u00abBolet\u00edn Provincial de la Provincia de Zaragoza\u00bb.<\/em> 1970-2006.<br \/>\nBOSCH, L.: \u00abLa Provincia de Barcelona en Per\u00fa\u00bb. En <em>Anales Madrid<\/em>, 1982, pp. 363ss.<br \/>\nBOYERO, M.: \u00abLas Hijas de la Caridad en el Seminario de Hortaleza\u00bb. En <em>Anales Madrid<\/em>, 1989, pp. 499-510 y 638-646.<br \/>\nBRUFAU, J.: \u00abTegucigalpa. \u00daltima cr\u00f3nica del Seminario y primera de la Parroquia de La Milagrosa\u00bb. En <em>Anales Barcelona<\/em>, 1962, pp. 328-342.<br \/>\nBUYS, J.: [Buseo]: Manval de piadosas meditaciones en donde no solo se manifiesta la necessidad que todos tenemos de practicar la Oraci\u00f3n mental; y el modo para hazer los Exercicios Espirituales, sino tambien como se han de practicar todas las virtudes : Es obra de singular provecho, y doctrina para todo estado de Personas, assi Eclesiasticos como seculares y con especialidad para los que tienen cargo de Almas. &#8230; \/ Sacado \u00e1 luz por los Padres de la Casa de la Congregacion de la Mission de esta Excelentissima Ciudad de Barcelona. &#8211; Barcelona: A expensas de Rafael Figver\u00f2, Impressor del Rey nuestro Se\u00f1or, 1709. El curso de Meditaciones de Jan Buys, latinizado como Buseo, fue traducido y adaptado al franc\u00e9s a indicaci\u00f3n de San Vicente por los Padres Alm\u00e9ras o Portail; apenas llegados a Barcelona en 1704 lo tradujeron a su vez al castellano los primeros Pa\u00fales espa\u00f1oles, que lo adoptaron como manual de meditaciones de la comunidad y, sobre todo, de los ordenandos y ejercitantes.<br \/>\nCALLAHAN,\u00a0 Willian: <em>Iglesia, poder\u00a0 y sociedad\u00a0 en Espa\u00f1a, 1750-1874<\/em>. Nerea, Madrid, 1989.<br \/>\nCALLAHAN, William: <em>La Iglesia cat\u00f3lica en Espa\u00f1a (1875-2002).<\/em> Cr\u00edtica, Barna, 2002.<br \/>\nCALZADA, T.: \u00abFiestas de la restauraci\u00f3n de la iglesia Nuestra Se\u00f1ora de la Candelaria de Manat\u00ed, Puerto Rico\u00bb.<br \/>\nCAMACHO, R.: <em>Los Padres Pa\u00fales en la Rep\u00fablica Mejicana (1845-1945).<\/em> Guadalajara, El Estudiante, 1945.<br \/>\nCAMPO, F: <em>Vicentinos en Espa\u00f1a: Introducci\u00f3n de la doble familia de San Vicente de Pa\u00fal en la Pen\u00ednsula Ib\u00e9rica. Estudio privado no destinado al p\u00fablico<\/em>.\u00a0 Estudio privado.<br \/>\nCANDELA, M\u00aa. T.: <em>Federico Ozanan: un seglar comprometido<\/em>. 2\u00aa ed. corregida y aumentada. Madrid: La Milagrosa, 1997.<br \/>\nCARAM\u00c9S, J.: \u00abRequien por la casa de Ordenandos de Badajoz\u00bb. En <em>Anales Madrid,<\/em> 1987, pp. 41ss.<br \/>\nCARBALLO, F.: El santuario de Nuestra Se\u00f1ora de los Milagros del monte Medo, Orense. &#8211; Vigo: Gr\u00e1f. Faro, 1963.<br \/>\nCARBALLO, F.: \u00abBaracaldo, Colegio San Vicente de Pa\u00fal\u00bb. En <em>Anales Madrid<\/em>, 1964, pp. 95ss. y 162ss.<br \/>\nCARBALLO, F.: \u00abRectificaci\u00f3n a la interpretaci\u00f3n historiogr\u00e1fica hisp\u00e1nica de San Vicente de Pa\u00fal.\u00a0 En <em>Semana Vicenciana de Salamanca<\/em> <em>1\u00aa<\/em>, 1972, p. 131-147.<br \/>\nCARBALLO, F.: \u00abLa Congregaci\u00f3n de la Misi\u00f3n en la Ciudad de Orense: 75 a\u00f1os de Ministerio\u00bb. En <em>Anales Madrid<\/em>, 1978, pp.37-42.<br \/>\nCARBALLO, F.: \u00abLos PP. En Villafranca del Bierzo, 1899-1999\u00bb. En <em>Bolet\u00edn Provincial de Salamanca<\/em>, 1999, pp.2531-2533, 2550-2553.<br \/>\nC\u00c1RCEL, V.: <em>Pol\u00edtica eclesial de los gobiernos liberales espa\u00f1oles, 1830-1840<\/em>.\u00a0 Pamplona, 1975.<br \/>\nC\u00c1RCEL, V. (Ed.): <em>La Iglesia en la Espa\u00f1a Contempor\u00e1nea 1808-1975<\/em>. Madrid, 1979.<br \/>\nC\u00c1RCEL, V.: <em>Breve Historia de la Iglesia en Espa\u00f1a<\/em>. Madrid, 2003.<br \/>\nCARDELLAC, N.: \u00abFundaci\u00f3n de la Casa de Teruel\u00bb. En <em>Anales Madrid<\/em>, 1967, pp. 316-324.<br \/>\nCARR\u00c9, A.: \u00abLa Provincia de Barcelona\u00bb. En <em>Anales Madrid,<\/em> 1974, pp. 20-53.<br \/>\n<em>\u00abCatalogue du Personnel de\u00a0 la Congr\u00e9gation de la Mission, depuis l&#8217;origine (1625) jusqu&#8217;a la fin du XVIIIe Si\u00e8cle\u00bb<\/em>. C.M., Paris, 1911.<br \/>\n<em>\u00abCatalogus Provinciarum, Domorum ac Personarum. Congregatio Misi\u00f3n\u00bbs<\/em> (1853-2006).\u00a0 C.M. Roma.<br \/>\nCERRO, J.[seud\u00f3nimo del sacerdote de la C.M. P.Recoder]: <em>Los sacerdotes de la Congregaci\u00f3n de la Misi\u00f3n, conocidos en Espa\u00f1a con el nombre de Pa\u00fales<\/em>. Madrid, 1893.<br \/>\nCIARDI, F.: <em>Los fundadores, hombres de\u00a0 esp\u00edritu<\/em>. Paulinas, Madrid, 1983.<br \/>\nCID, E.: \u00abInforme de la Congregaci\u00f3n en el mundo\u00bb. En <em>Anales Madrid<\/em>, 1976, pp. 26-46.<br \/>\nCIDAD, E.: \u00abEl Colegio de Villafranca del Bierzo\u00bb. En <em>Anales Madrid,<\/em> 1925, p. 26-28.<br \/>\nCLARET, A.M.: <em>Conferencias de San Vicente de Pa\u00fal para los se\u00f1ores eclesi\u00e1sticos con unos reglamentos escritos. <\/em>Barcelona: Lib. Religiosa, 1859. En realidad son una acomodaci\u00f3n del antiguo reglamento de las Conferencias eclesi\u00e1sticas de nuestra casa de Barcelona.<br \/>\nCLAPVI: \u00abBreve resumen de la historia de los Padres Pa\u00fales en Honduras\u00bb. En <em>Anales Madrid<\/em>, 1988, pp. 512ss.<br \/>\nCOJAZZI, Don A.: <em>Ozanam y las Conferencias de San Vicente de Pa\u00fal. 1833-Mayo-1933.<\/em> Versi\u00f3n del italiano por D. Emilio Sanz. Barcelona: Luis Gili, 1934.<br \/>\nCOLEGIOS: Reglas o Constituciones para los Sacerdotes de la C.M. dedicados a los Colegios. &#8211; Santander: Vicente Oria, [s.a.].<br \/>\nCOLEGIOS: Reglamentos de los Colegios de segunda ense\u00f1anza para la C.M. de la Provincia de Espa\u00f1a. &#8211; Madrid: Rivadeneira, 1915.<br \/>\nCOLL, M.: \u00abBreve historia de la Residencia de los Pa\u00fales en Mar\u00eda de Molina-Valencia-\u00ab. En <em>Anales Barcelona<\/em>, 1965-6, pp. 340ss.<br \/>\nCOLL, M.: \u00abBodas de diamante de la fundaci\u00f3n de los Padres Pa\u00fales de la ciudad de Figueras\u00bb. En <em>Anales Barcelona,<\/em> 1969, pp. 114-153.<br \/>\nCOLOMER, J.M. <em>La transici\u00f3n a la democracia. El modelo espa\u00f1ol<\/em>. Barcelona, 1998.<br \/>\nCOMELLAS, E.: \u00abDatos hist\u00f3ricos de la casa de Bellpuig\u00bb. En <em>Anales Madrid,<\/em> 1918, pp. 407-444.<br \/>\nCOMELLAS, E.: \u00abBreve resumen de la Provincia de Barcelona\u00bb. En <em>Germanor<\/em>, agosto 1927, n\u00fam 59.<br \/>\nCOMELLAS. E.: \u00abDatos hist\u00f3ricos de la casa de Bellpuig\u00bb. En <em>Anales Barcelona<\/em>, 1941, pp. 160ss; 1942, pp. 62ss.<br \/>\nCOMELLAS, J. L.: <em>Historia de Espa\u00f1a Moderna y Contempor\u00e1nea (1474-1975)<\/em>.\u00a0 Rialp, Madrid, 1978.<br \/>\n\u00ab<em>Conclusiones y recomendaciones al Informe sobre la problem\u00e1tica ministerial de la C.M<\/em>.\u00bb. (Mecanografiado). DATA, Madrid, 1969.<br \/>\nCONTE, A.: \u00ab<em>Treinta a\u00f1os en tierras salvadore\u00f1as\u00bb.<\/em> 1934. 2 v. (XII, 215, 235 p.).<br \/>\nCONTE, A.: \u00ab<em>Cien a\u00f1os de labores en Centro Am\u00e9rica y Panam\u00e1: Los Padres Paulinos y las Hijas de la Caridad.<\/em>\u00bb Guatemala: Imp. Santa Isabel, 1960.<br \/>\nCORCUERA, C.: \u00ab<em>Cat\u00e1logo General de Espa\u00f1a CM. 1704-1950&#8243;<\/em>. Multicopiado.<br \/>\nCORERA, J.: \u00abEvangelizare pauperibus, maxime ruricolis\u00bb. En <em>Vicente de Pa\u00fal y la Evangelizaci\u00f3n Rural<\/em>. CEME, Salamanca, 1977, pp. 257-273.<br \/>\nCORERA, J.: \u00abLas bases econ\u00f3micas de la comunidad vicenciana\u00bb. En <em>Anales Madrid<\/em>, 1977, pp. 462-484.<br \/>\nCORERA, J.: <em>Diez estudios vicenciano<\/em>s. Salamanca, CEME, 1983.<br \/>\nCORERA, J.: <em>Vida del se\u00f1or Vicente de Pa\u00fal<\/em>. CEME, Salamanca, 1989.<br \/>\nCORERA, J.: \u00abEl Seminario Interno de la Congregaci\u00f3n de la Misi\u00f3n: pasado y futuro\u00bb. En <em>Anales Madrid<\/em>, 1993, pp. 464ss.<br \/>\nCORT\u00c1ZAR, J.L.: \u00abCr\u00f3nica del II Congreso de Misiones parroquiales\u00bb. En <em>Anales Madrid, <\/em>1958, pp. 423-429.<br \/>\nCORT\u00c1ZAR, J.L.: \u00ab150 Aniversario de la fundaci\u00f3n de las Conferencias de San Vicente de Pa\u00fal\u00bb. En <em>Anales Madrid<\/em>, 1984, pp. 48-51.<br \/>\nCOSTE, P.: <em>Saint Vincent de Paul.\u00a0 Correspondence. Entretiens. Documents<\/em>. Paris, 1920-1925, 14 vv. (Traducci\u00f3n castellana en S\u00edgueme, Salamanca, 1972-1986).<br \/>\nCOSTE, P.: <em>Le grand saint\u00a0 du gran\u00a0 si\u00e8cle<\/em>.\u00a0 <em>Monsieur Vincent. <\/em>Paris, 1932, 3vv. (Trad. castellana en CEME, Salamanca, 1992).<br \/>\nCOSTILLA, E.: \u00abLas Hijas de la Caridad en la India\u00bb. En <em>Caminos de Misi\u00f3n<\/em> 33, pp. 7-9.<br \/>\nCRUZ, J. D.: \u00ab<em>Biograf\u00eda del Siervo de Dios Domingo Bueno, Novicio Pa\u00fal<\/em>\u00ab. Salamanca: Imp. Cat\u00f3lica Salmantina, 1918.<br \/>\nCUENCA,\u00a0 J. M.: <em>Relaciones\u00a0 Iglesia y Estado en la Espa\u00f1a Contempor\u00e1nea. Madrid, 1989.<\/em><br \/>\nCUESTA, J.L.: \u00abEl primer Pa\u00fal indio\u00bb. En <em>Reina de las Misiones<\/em>, 189, pp. 8-9.<br \/>\nCUESTA, J.L.: \u00abLa misi\u00f3n del Androy\u00bb. En <em>Anales Madrid<\/em>, 1966, pp. 9ss.<br \/>\nCUESTA, J.L.: \u00ab15 a\u00f1os de misi\u00f3n. Desde el Androy\u00bb. En <em>Anales Madrid<\/em>, 1982, pp. 239-242.<br \/>\nCHAURRONDO, H.: \u00ab<em>Ofrenda de justicia al R. P. Jer\u00f3nimo Vilad\u00e1s y Lamich. 1852-1952&#8243;.<\/em> Habana : Juan Romero, 1952.<br \/>\nCHAURRONDO, H.: \u00ab<em>Recopilaci\u00f3n de datos e informes de la Congregaci\u00f3n de la Misi\u00f3n en la Provincia de las Antillas\u00bb.<\/em> Habana: Iglesia de la Merced, [s.a.].<br \/>\nCHAURRONDO, H.: \u00ab<em>Refugio de desterrados: Tres cap\u00edtulos de la historia de los PP. Pa\u00fales de M\u00e9xico. Cuba, puerto de refugio. Ju\u00e1rez, Carranza y Calles. Siglos XIX y XX\u00bb.<\/em> Habana, 1963. Mecanografiado.<br \/>\nCHAURRONDO, H<em>.: \u00abTrilog\u00eda mercedaria: Tres folletos publicados con ocasi\u00f3n del centenario de los PP. Pa\u00fales en la iglesia de La Merced\u00bb.<\/em> La Habana: [s.n.], 1963.<br \/>\nCHAURRONDO, H.: \u00abEl Centenario de la Congregaci\u00f3n en Cuba\u00bb. En <em>Anales Madrid<\/em>, 1964, pp. 462ss.<br \/>\nCHAURRONDO, H.: <em>\u00abCentenario Padres Pa\u00fales. Iglesia La Merced 1863-1963\u00bb.<\/em> [La Habana: s.n., 1965].<br \/>\nCHAURRONDO, H.: \u00ab<em>Los Padres Pa\u00fales en Las Antillas: Resumen hist\u00f3rico (1925-1962)\u00bb.<\/em>La\u00a0 Habana: Iglesia de La Merced, 1965.<br \/>\nCHAURRONDO, H.: \u00abFuentes para la historia de la Provincia de Cuba o de las Antillas\u00bb. En <em>Anales Madrid<\/em>, 1973, pp. 154-159.<br \/>\n<em>CHICLAYO, COLEGIO:<\/em> <em>\u00abBodas de Plata del Colegio Manuel Prado<\/em>\u00ab. \u2013 Chiclayo, 1973.<br \/>\n<em>CHIHUAHUA<\/em>: <em>\u00abRecuerdo de las Bodas de Oro de los RR. PP. Pa\u00fales en Chihuahua\u00bb. <\/em>Marzo de 1953.<br \/>\nDAMAS DE LA CARIDAD DE\u00a0 ESPA\u00d1A: <em>Estatutos: Estatutos y Reglamento de la ANCSV<\/em>P. Espa\u00f1a. (1982).<br \/>\nDAYD\u00cd, L.: \u00ab<em>Nuestra provincia: Notas para la Historia de las Hijas de la Caridad en Espa\u00f1a. 1856-1920<\/em>\u00ab.<br \/>\nDE DIOS, V.: \u00abLa Familia Vicenciana en M\u00e9xico\u00bb. En <em>Anales Madrid<\/em>, 1992, pp. 161-205.<br \/>\nDE DIOS, V.: \u00ab<em>Historia de la Familia Vicentina en M\u00e9xico (1844-1944)\u00bb.<\/em> Salamanca: CEME, 1993. (Imp. M\u00e9xico: Tipograf\u00edas Editoriales). 2 vv.<br \/>\nDE LA GOZA, R.: <em>\u00abThe contribution of the Congregation of the Mission to the Philippine culture\u00bb<\/em>: A dissertation&#8230; for the Degree Doctor of Philosophy. Manila: Santo Tomas Univ., Faculty of the Graduate School, 1974.<br \/>\nDE LA GOZA, R.: \u00abRese\u00f1a hist\u00f3rica de los padres en Filipinas (1862-1974). En <em>Anales Madrid<\/em>, 1975, pp. 465-478.<br \/>\nDE LA GOZA, R. y CAVANNA, J.: \u00ab<em>Vincentians in the Philippines.1862-1982&#8243;. Manila, 1985.<\/em><br \/>\nDELGADO, J.: \u00abLa Bas\u00edlica (La Milagrosa-Madrid-) tiene una larga historia\u00bb. En <em>Anales Madrid<\/em>, 1967, pp. 364ss.<br \/>\nDELUMEAU, J.: \u00abMisiones al pueblo en el siglo XVIII\u00bb. En <em>Anales Madrid<\/em>, 1988, pp. 661ss.<br \/>\nD\u00cdAZ VARONA, V.: \u00abUna p\u00e1gina vicentina boliviana. Seminario San Crist\u00f3bal-Sucre). En <em>Anales Madrid<\/em>, 1996, pp. 244-245.<br \/>\nD\u00cdEZ MARINA, F.: \u00abEvangelizaci\u00f3n de Filipinas por los PP. Pa\u00fales y las Hijas de la Caridad\u00bb. En <em>Anales Madrid<\/em>, 1997, pp. 525ss.<br \/>\nD\u00cdEZ OBELAR, B.: \u00abLas bodas de plata de la Casa de Granada\u00bb. En <em>Anales Madrid<\/em>, 1952, pp. 445ss y 499ss.<br \/>\nD\u00cdEZ OBELAR, B.: \u00abLigera semblanza de algunas figuras del personal del Colegio de Villafranca\u00bb. En <em>Anales Madrid<\/em>, 1975, pp. 689-698.<\/p>\n<p>D\u00cdEZ OBELAR, B.: \u00abApuntes para la Historia de Villafranca del Bierzo\u00bb. En <em>Anales Madrid<\/em>, 1976, pp. 245-250; 432-437.<br \/>\nD\u00cdEZ OBELAR, B.: \u00abEl templo de San Nicol\u00e1s el Real de Villafranca\u00bb. En <em>Anales Madrid,<\/em> 1977, pp. 525-530<br \/>\n<em>\u00abDirectoire des Missions\u00bb. <\/em>Deuxi\u00e8me \u00c9dition, Par\u00eds, 1896.<br \/>\n<em>\u00abDirectorio (Reglamento) de Misiones de la Congregaci\u00f3n de la Misi\u00f3n\u00bb. <\/em>(Trad. de la Segunda Edici\u00f3n francesa), Imp. de Cleto Vallinas, Madrid, 1924.<br \/>\n<em>\u00abDirectorio (Reglamento) de las Misiones para la Provincia de Espa\u00f1a\u00bb<\/em>. Imp. de M. Araque, Madrid, 1878.<br \/>\n<em>\u00abDirectorio de los Seminarios Menores confiados a los Sacerdotes de la Misi\u00f3n\u00bb.<\/em> M\u00e9xico: Imp. Murgu\u00eda, 1911.<br \/>\n<em>\u00abDirectorio de Seminarios dirigidos por los Sacerdotes de la C.M\u00bb.<\/em> (PP. Pa\u00fales. Prov. de Venezuela). &#8211; Zaragoza: [s.n.], 1953.<br \/>\n<em>\u00abDirectorio de los Seminarios dirijidos [sic] por los Sacerdotes de la C.M\u00bb.<\/em> &#8211; Barquisimeto: La Pastora, [s.a.].<br \/>\n<em>\u00abDirectorio de los Seminarios Mayores confiados a la C.M. Provincia Mexicana\u00bb.<\/em> M. A[guilar]. &#8211; M\u00e9xico: C.M., 1910.<br \/>\n<em>\u00abDirectorio de los Seminarios Mayores Diocesanos\u00bb.<\/em> Padres Vicentinos. Provincia de Colombia. &#8211; Bogot\u00e1: Casa provincial, 1985.<br \/>\nDODIN, A.: <em>San Vicente de Pa\u00fal y la Caridad<\/em>. CEME, Salamanca, 1977.<br \/>\nDODIN, A.: <em>Lecciones sobre vicencianismo<\/em>. CEME, Salamanca, 1978.<br \/>\nDODIN, A.: \u00abLa catequesis en San\u00a0 Vicente de Pa\u00fal\u00bb. En <em>Vicente de Pa\u00fal y la catequesis<\/em>,\u00a0 Salamanca, 1979, pp.\u00a0 19-48.<br \/>\nDOM\u00cdNGUEZ, A.: <em>La\u00a0 Sociedad espa\u00f1ola\u00a0 en\u00a0 el s.XVIII<\/em>.\u00a0 CSIC, Madrid, 1955.<br \/>\nDOM\u00cdNGUEZ, M.: \u00abLos PP. Pa\u00fales en el Seminario de San At\u00f3n-Badajoz\u00bb. En <em>Anales Madrid<\/em>, 1985, pp. 331ss.<br \/>\nDOMINGUEZ, M.: \u00abLabor de los PP. Pa\u00fales en Badajoz en el siglo XIX\u00bb. En <em>Anales Madrid<\/em>, 1986, pp. 609ss.<br \/>\nDOM\u00cdNGUEZ, P.: \u00abLa\u00a0 predicaci\u00f3n en las Misiones Populares dadas por los PP. Pa\u00fales en Espa\u00f1a (1940-1970)\u00bb. En <em>Misiones vicencianas y Evangelizaci\u00f3n del hombre de hoy<\/em>, CEME, Salamanca, 1987, pp. 241-281.<br \/>\nDORR, G.: \u00abVicente de Pa\u00fal y la renovaci\u00f3n catequ\u00e9tica\u00bb. En <em>Anales Madrid<\/em>, 1986, pp. 103ss.<br \/>\nDUARRI, J.B.: \u00abLos Pa\u00fales en Espa\u00f1a\u00bb. En <em>Anales Madrid<\/em>, 1911, pp. 179ss.<br \/>\nDUR\u00c1N, L.: \u00abLa vida en Cuenca\u00bb. En <em>Anales Madrid<\/em>, 1949, pp. 274ss.<br \/>\nECHARTE, JL.: \u00abMisi\u00f3n Vicenciana del Puerto Cortes-Cuyamel\u00bb. En <em>Caminos de Misi\u00f3n<\/em>, 71, pp. 4-7.<br \/>\nECHEVARR\u00cdA, L.: \u00abLa Hermandad Misionera de San Vicente de Pa\u00fal, magn\u00edfica experiencia de colaboraci\u00f3n de ambos cleros\u00bb. En <em>Anales Madrid<\/em> (1956), pp.\u00a0 507-511.<br \/>\nELDUAYEN, A.: \u00abLa evangelizaci\u00f3n de los pobres: las misiones\u00bb. En <em>Anales Madrid<\/em>, 1987, pp. 542ss.<br \/>\nELDUAYEN, A.: \u00abBodas de oro de la Provincia de Per\u00fa (1955-2005). En <em>Anales Madrid<\/em>, 2005, pp. 492-519<br \/>\n<em>\u00abEph\u00e9m\u00e9rides Historiques de la\u00a0 Congr\u00e9gation de la Mission et des Filles de la Charit\u00e9\u00bb<\/em>.Maison M\u00e8re, Paris, 1914.<br \/>\nENR\u00cdQUEZ, A.: \u00abNuevo Visitador de la Provincia de Cuba\u00bb. En <em>Anales Madrid<\/em>, 1986, pp. 146-153.<br \/>\nEQUIPO DE HIJAS DE LA CARIDAD: \u00abLugar y quehacer de las Hijas de la Caridad en las Misiones Populares\u00bb. En <em>Anales Madrid<\/em>, 1993, pp. 622ss.<br \/>\nEQUIPO INTERPROVINCIAL DE MISIONES: \u00abDimensi\u00f3<span style=\"text-decoration: underline\">n<\/span> catequ\u00edstica de las Misiones Populares y del misionero\u00bb. En <em>Vincentiana<\/em>, (1984), pg. 41-43.<br \/>\nEQUIPO DE MISIONES DE ZARAGOZA: \u00abReflexi\u00f3n acerca de las Misiones Populares\u00bb. En <em>Anales Madrid<\/em>, 1984, pp. 88ss.<br \/>\nEQUIPO DE MISIONES POPULARES VICENCIANAS: <em>\u00abMisiones al pueblo: 1984 A\u00f1o jubilar de la Redenci\u00f3n. Segovia, Alpujarras, Almer\u00eda, Bail\u00e9n\u00bb.<\/em> Madrid: Padres Pa\u00fales, 1984.<br \/>\nEQUIPO DE MISIONES POPULARES VICENCIANAS: <em>\u00abCatequesis familiares de las comunidades de caridad. Guiones de iniciaci\u00f3n\u00bb<\/em>. Madrid: PP. Pa\u00fales, [ca. 1985].<br \/>\nEQUIPO DE MISIONES POPULARES VICENCIANAS: <em>\u00abLa misi\u00f3n popular vicenciana : Presentaci\u00f3n general. Cuadernos de misi\u00f3n 1\u00bb<\/em>. Madrid: Secretariado de Misiones Populares Vicencianas, 1993.<br \/>\nEQUIPO DE MISIONES POPULARES VICENCIANAS: <em>\u00abMisiones populares vicencianas : La buena noticia. Catequesis para las comunidades familiares de caridad\u00bb.<\/em> Madrid : Padres Pa\u00fales, 1993.<br \/>\nEQUIPO DE MISIONES POPULARES VICENCIANAS: \u00ab<em>Agenda del Misionero\u00bb<\/em>: Tomo I Madrid: Padres Pa\u00fales, 1993. Mecanografiado.<br \/>\nEQUIPO DE MISIONES POPULARES VICENCIANAS \u00ab<em>Agenda del Misionero\u00bb<\/em>: Tomo II- Madrid: Padres Pa\u00fales, 1993.<br \/>\nEQUIPO DE MISIONES POPULARES VICENCIANAS: <em>\u00abCancionero\u00bb.<\/em> Madrid : Padres Pa\u00fales, 1995.<br \/>\nEQUIPO DE MISIONES POPULARES VICENCIANAS: <em>\u00ab\u00a1Creo, Se\u00f1or!: Catequesis para las comunidades familiares\u00bb<\/em>. Madrid: Padres Pa\u00fales, 1995.<br \/>\nEQUIPO DE MISIONES POPULARES VICENCIANAS: <em>\u00abEste es el camino: Catequesis para las comunidades familiares de caridad\u00bb<\/em>. Padres Pa\u00fales, 1995.<br \/>\nEQUIPO DE MISIONES POPULARES VICENCIANAS: <em>\u00abLa fe que creemos y que celebramos: Gu\u00eda para los encuentros de las comunidades familiares de caridad (\u00daltima semana de Misi\u00f3n)\u00bb<\/em>. Madrid: Padres Pa\u00fales, 1995.<br \/>\nEQUIPO DE MISIONES POPULARES VICENCIANAS: <em>\u00abTriduo pascual\u00bb.<\/em> Madrid : Padres Pa\u00fales, 1995.<br \/>\nEQUIPO DE MISIONES POPULARES VICENCIANAS: <em>\u00ab\u00a1Creo, Se\u00f1or! : Catequesis para las comunidades familiares<\/em>\u00ab. Madrid: Padres Pa\u00fales, 1996.<br \/>\nEQUIPO\u00a0 VICENCIANO INTERPROVINCIAL DE HH. de la C. \u00abLa Escuela Vicenciana\u00bb. En <em>Anales Madrid<\/em>, 1995, pp. 109ss.<br \/>\nEQUIPO VICENCIANA INTERPROVINCIAL DE HH. de la C.: \u00abLas Hijas de la Caridad y su acci\u00f3n social en Espa\u00f1a\u00bb. En <em>Anales Madrid<\/em>, 1996, pp. 103ss.<br \/>\nESCRIBANO, E.: \u00abHistoria de la Casa de Villafranca del Bierzo\u00bb. En <em>Anales Madrid<\/em>, 1909, pp. 73ss y 427ss.<br \/>\nESCRIBANO, E.: \u00abBreve rese\u00f1a o historia de nuestra casa de Los Milagros. 1869-1917\u00bb. En <em>Anales Madrid<\/em>, 1918, pp. 191ss.<br \/>\nESCRIBANO,\u00a0 E.: <em>Predicaci\u00f3n\u00a0 misionera<\/em>.\u00a0 La Milagrosa, Madrid, 1941-1943, 5vv.<br \/>\nESCRIBANO, E.: \u00abCasa-Misi\u00f3n de Palma de Mallorca\u00bb. En <em>Anales Madrid<\/em>, 1945, pp.337ss, 369ss; 1946, 1ss, 41ss, 73ss, 131ss, 161ss, 201ss, 233ss, 265ss, 297ss, 329ss; y 1947, 1ss, 33ss, 65ss, 113ss.<br \/>\nESCRIBANO, E.: \u00abEl Archivo de la Casa Misi\u00f3n de Palma de Mallorca\u00bb. En <em>Anales Barcelona<\/em>, 1945-6, pp. 117ss.<br \/>\nESCUELAS APOST\u00d3LICAS: <em>Reglamento de las Escuelas Apost\u00f3licas de la Congregaci\u00f3n de la Misi\u00f3n: Constituci\u00f3n de las mismas<\/em>. &#8211; Madrid: La Milagrosa, 1941.<br \/>\nESCUELAS APOST\u00d3LICAS: <em>Reglamento del personal directivo de las Escuelas Apost\u00f3licas de la Provincia de Madrid. <\/em>Madrid, Octubre 1935.<br \/>\nESCUELAS APOST\u00d3LICAS: <em>Reglamento de los Seminarios Vicencianos<\/em>. Madrid: C.M., 1958.<br \/>\nESCUELAS APOST\u00d3LICAS: <em>Plan de formaci\u00f3n de las Escuelas Apost\u00f3licas<\/em>. Madrid: C.M., 1984.<br \/>\nESPIAGO, F.: \u00abAnte dos centenarios\u00bb. En <em>Anales Madrid<\/em>, 1962, pp. 542-547. (Referido a la fundaci\u00f3n de \u00c1vila).<br \/>\nESPIAGO, F.: \u00abBodas de oro de la Bas\u00edlica-Parroquia de la Virgen Milagrosa y San Vicente de Pa\u00fal. 1923-1973\u00bb. Madrid: <em>Separata de Anales<\/em>, 1973. &#8211; p. 571-675. Contiene las conferencias y homil\u00edas pronunciadas durante el triduo conmemorativo.<br \/>\nESPIAGO, F.: \u00abBreve rese\u00f1a de las casas pasadas y presentes de la Provincia de Madrid\u00bb. En <em>Anales Madrid<\/em>, 1975, pp. 198-211.<br \/>\nESPIAGO, F.: <em>100 A\u00f1os de Historia. Historia de la Casa Central de la Congregaci\u00f3n de la Misi\u00f3n (PP. Pa\u00fales) de la Provincia de Madrid<\/em>. 1875-1975. Madrid: La Milagrosa, 1976.<br \/>\nESPIAGO, F.: <em>El santo Cristo de Limpias y su santuario. <\/em>Madrid: Tecn. Gr\u00e1ficas, 1983.<br \/>\nESPIAGO, F.: \u00abLa Congregaci\u00f3n de la Misi\u00f3n y sus Santuarios Marianos en Espa\u00f1a\u00bb. En <em>Anales Madrid<\/em>, 1988, pp. 7ss; 84ss; 152ss; 228ss; 309ss.<br \/>\nESPIAGO, F.: <em>La madrile\u00f1a Bas\u00edlica de la Virgen Milagrosa.<\/em> Madrid: Tecnigrafi, 1991.<br \/>\nESPIAGO, F.: <em>Santuarios marianos de la Congregaci\u00f3n de la Misi\u00f3n en Espa\u00f1a<\/em>. Madrid: Tecnigrafi, 1992.<br \/>\nESPIAGO, F.: \u00abLa Iconograf\u00eda de San Vicente de Pa\u00fal en la Casa Central de la Misi\u00f3n de Madrid\u00bb. En <em>Anales Madrid<\/em>, 1993, pp. 511-536.<br \/>\nESPIAGO, F.: <em>A la misi\u00f3n del cielo por el martirio. Sacerdotes y Hermanos Pa\u00fales m\u00e1rtires<\/em>. Madrid, 1995. Vicepostulaci\u00f3n en Espa\u00f1a Padres Pa\u00fales.<br \/>\nESPIAGO, F.: \u00abUna historia nunca contada. La Cripta-Capilla de los Pa\u00fales en Madrid\u00bb. En <em>Anales Madrid<\/em>, 1999, pp. 507-508.<br \/>\nESPIAGO, F.: \u00abCr\u00f3nica de un Centenario. La Bas\u00edlica de la Virgen Milagrosa y de San Vicente de Pa\u00fal en Madrid, ha celebrado sus 100 a\u00f1os\u00bb. En <em>Anales Madrid<\/em>, 2005, pp. 139-156.<br \/>\nESPIAGO, F.: \u00abMemoria viva (guerra civil)\u00bb. En <em>Anales Madrid<\/em>, 2006, pp. 419ss.<br \/>\n<em>\u00abEstatutos y Reglamento de la Asociaci\u00f3n de la Medalla Milagrosa\u00bb. <\/em>Recogidos en el \u00abReglamento de Misiones de 1895\u00bb, pp. 176-198, Madrid, 1924.<br \/>\n<em>\u00abEstatutos (Renovados) de la Asociaci\u00f3n de la Medalla Milagrosa\u00bb<\/em>.Madrid, 1986.<br \/>\n<em>\u00abEstatutos y Reglamento\u00a0 de la A.N.C.S.V.P<\/em>.\u00bb (Asociaci\u00f3n Nacional de Caridad de San Vicente de Pa\u00fal). Madrid, 1988.<br \/>\n<em>\u00abEstatutos de la FEDAP y Reglamentos de los Secretariados de la FEDAP\u00bb<\/em>.Madrid, 1970.<br \/>\n<em>\u00abExtractos de las Circulares de los Superiores Generales acerca de los principales deberes de los Misioneros\u00bb.<\/em> Imp. de San Francisco de Sales, Madrid, 1901.<br \/>\nFEDAP: <em>Apostolado conjunto de los\u00a0 Religiosos Federados. Historia de la FEDAP<\/em>. Madrid, 1969.<br \/>\nFERN\u00c1NDEZ, J.M\u00aa.: \u00abEstado actual de la Misi\u00f3n de los PP. Pa\u00fales en la India\u00bb. En <em>Anales Madrid<\/em>, 1925, pp. 475ss.<br \/>\nFERN\u00c1NDEZ, J.: \u00abFichero de las Provincias y Viceprovincias espa\u00f1olas de Ultramar\u00bb. En <em>Anales Madrid<\/em>, 1952, pp.270ss, 349ss, 438ss, 476ss, 531ss; 1953, pp.32ss, 63ss, 90ss, 143ss, 197ss, 255ss, 355ss.<br \/>\nFERN\u00c1NDEZ, J.: <em>Art\u00edculos de prueba testifical en el Proceso de Beatificaci\u00f3n del siervo de Dios P. Juan Puig Serra. Ante el Tribunal Eclesi\u00e1stico de Gerona<\/em> &#8211; Barcelona: [s.n.], 1961.<br \/>\nFERN\u00c1NDEZ, J.: <em>Art\u00edculos de prueba testifical en el Proceso de Beatificaci\u00f3n del siervo de Dios P. Manuel Binimelis Cabr\u00e9 y de sus compa\u00f1eros P. Luis Berenguer Moratonas, P. Vicente Queralt Lloret, Sor Toribia Marticorena Sola y Sor Dorinda Sotelo Rodr\u00edguez. Ante el Tribunal eclesi\u00e1stico de Barcelona<\/em>.\u00a0 Barcelona: [s.n.], 1961.<br \/>\nFERN\u00c1NDEZ, J.: <em>Asociaciones eclesi\u00e1sticas instituidas y dirigidas por la Congregaci\u00f3n de la Misi\u00f3n.<\/em> Madrid : La Milagrosa, 1962.<br \/>\nFERN\u00c1NDEZ, J.: <em>Art\u00edculos de prueba testifical en el Proceso de Beatificaci\u00f3n del siervo de Dios P. Modesto Churruca Mu\u00f1oz. Ante el Tribunal Eclesi\u00e1stico de San Sebasti\u00e1n<\/em>. Madrid : [s.n.], 1962.<br \/>\nFERN\u00c1NDEZ, J.: <em>Art\u00edculos de prueba testifical en el Proceso de Beatificaci\u00f3n del siervo de Dios P. Ireneo Rodr\u00edguez Gonz\u00e1lez y de sus compa\u00f1eros Gregorio Cerme\u00f1o Barcel\u00f3, Vicente Vilumbrales Fuente y Hno. Narciso Pascual Pascual. Ante el Tribunal Eclesi\u00e1stico de Sig\u00fcenza<\/em>.\u00a0 Madrid: [s.n.], 1962.<br \/>\nFERN\u00c1NDEZ, J.: <em>Art\u00edculos de prueba testifical en el Proceso de Beatificaci\u00f3n del siervo de Dios P. Fortunato Velasco Tobar y de sus compa\u00f1eros P. Leoncio P\u00e9rez Nebreda y Hno. Luis Aguirre Bilbao. Ante el Tribunal Eclesi\u00e1stico de Teruel<\/em>.\u00a0 Madrid : [s.n.], 1963.<br \/>\nFERN\u00c1NDEZ, J.: <em>Vida del siervo de Dios P. Ireneo Rodr\u00edguez, C.M<\/em>. Madrid: [s.n.], 1963.<br \/>\nFERN\u00c1NDEZ, J.: <em>Vida del siervo de Dios P. Manuel Binimelis Cabr\u00e9,CM.<\/em> Barcelona : [s.n.], 1963.<br \/>\nFERN\u00c1NDEZ, J.: <em>Vida del Siervo de Dios P. Gregorio Cerme\u00f1o, C.M<\/em>. Madrid: [s.n.], 1963.<br \/>\nFERN\u00c1NDEZ, J.: <em>Vida del Siervo de Dios P. Modesto Churruca<\/em>. C.M. Madrid: [s.n.], 1963.<br \/>\nFERN\u00c1NDEZ, J.: \u00abLa Hermandad misionera, en marcha\u00bb. En <em>Anales Madrid<\/em>, 1963, pp. 754ss.<br \/>\nFERN\u00c1NDEZ, J.: \u00abEnv\u00edo a Roma del primer resumen de\u00a0 las actividades de la Hermandad Misionera de Espa\u00f1a\u00bb. En<em> Anales Madrid, <\/em>1964, pp. 518-521.<br \/>\nFERN\u00c1NDEZ, J.: <em>Art\u00edculos de prueba testifical en el Proceso de Beatificaci\u00f3n del siervo de Dios Jos\u00e9 Acosta Alem\u00e1n, C.M. y Rev. D. Juan Jos\u00e9 Mart\u00ednez Romero y D. Pedro Jos\u00e9 Rodr\u00edguez Cabrera, Sacerdotes de la Di\u00f3cesis de Cartagena-Murcia ante el Tribunal Eclesi\u00e1stico de Murcia<\/em>. Murcia: [s.n.], 1964.<br \/>\nFERN\u00c1NDEZ, J.: <em>Art\u00edculos de prueba testifical en el Proceso de Beatificaci\u00f3n del siervo de Dios P. Antonio Carman\u00edu Mercader. Ante el Tribunal Eclesi\u00e1stico de Seo de Urgel<\/em>. Barcelona: [s.n.], 1964.<br \/>\nFERN\u00c1NDEZ, J.: <em>Art\u00edculos de prueba testifical en el Proceso de Beatificaci\u00f3n del siervo de Dios P. Pelayo-Jos\u00e9 Granado y de sus compa\u00f1eros Amado Garc\u00eda S\u00e1nchez, Ricardo Atanes Castro, Andr\u00e9s-Avelino Guti\u00e9rrez Moral, Tom\u00e1s Pallar\u00e9s Ib\u00e1\u00f1ez, Vicente Pastor Vicente y del Hno. Salustiano Gonz\u00e1lez Crespo ante el Tribunal Eclesi\u00e1stico de Oviedo<\/em>. Madrid: [s.n.], 1964.<br \/>\nFERN\u00c1NDEZ, J.: <em>Vida del siervo de Dios Hno. Narciso Pascual, C.M<\/em>. Madrid: [s.n.], 1964.<br \/>\nFERN\u00c1NDEZ, J.: <em>Vida del siervo de Dios P. Fortunato Velasco, C.M.<\/em> Madrid: [s.n.], 1964.<br \/>\nFERN\u00c1NDEZ, J.: <em>Vida del siervo de Dios P. Juan Puig Serra, C.M<\/em>. Barcelona: [s.n.], 1964<br \/>\nFERN\u00c1NDEZ, J.: <em>Vida del siervo de Dios P. Luis Berenguer, C.M.<\/em> Barcelona: [s.n.], 1964.<br \/>\nFERN\u00c1NDEZ, J.: <em>Vida del siervo de Dios P. Vicente Queralt, C.M<\/em>. Barcelona: [s.n.], 1964.<br \/>\nFERN\u00c1NDEZ, J.: <em>Vida del siervo de Dios P. Vicente Vilumbrales, C.M.<\/em> Madrid: [s.n.], 1964.<br \/>\nFERN\u00c1NDEZ, J.: <em>Las Conferencias de los martes y la Hermandad Misionera<\/em>. Madrid: La Milagrosa, 1966.<br \/>\nFERN\u00c1NDEZ, J.: \u00abOr\u00edgenes italianos de la Congregaci\u00f3n de la Misi\u00f3n en Espa\u00f1a\u00bb. En <em>Anales Madrid<\/em>, 1974,\u00a0 pp. 8-19.<br \/>\nFERN\u00c1NDEZ H. de MENDOZA, J.: \u00abLa vida en el Colegio San Narciso de Mar\u00edn\u00bb. En <em>Anales Madrid<\/em>, 1964, pp. 431-437.<br \/>\nFERN\u00c1NDEZ H. de MENDOZA, J.: \u00abEstablecimiento de los nuevos misioneros en Puerto Cort\u00e9s (Honduras)\u00bb. En <em>Caminos de Misi\u00f3n<\/em> 41, pp.10-11.<br \/>\nFERNANDO VII, Rey de Espa\u00f1a: <em>Real C\u00e9dula de S.M. de 6 de julio de 1828 estableciendo una Casa de la Congregaci\u00f3n de la Misi\u00f3n de San Vicente de Pa\u00fal en esta corte<\/em>. Madrid: Impr. de Repull\u00e9s, 1828.<br \/>\nFLORENCIO, J.: \u00abLos sucesos de Barcelona en la \u00faltima semana de julio de 1909\u00bb. En <em>Anales Madrid<\/em>, 1910, pp. 23-52.<br \/>\nFLORES AU\u00d1\u00d3N, J.C.: <em>Estudio sobre D. Santiago de Masarnau y Fern\u00e1ndez, fundador y primer presidente de las Conferencias de San Vicente de Pa\u00fal en Espa\u00f1a.<\/em> Madrid : Sociedad de San Vicente de Pa\u00fal, Octubre 1995.<br \/>\nFLORES AU\u00d1\u00d3N, J. C.: <em>La fundaci\u00f3n en Espa\u00f1a de las Conferencias de San Vicente de Pa\u00fal: La figura de Santiago Masarnau<\/em>. Madrid: Separata de XX SIGLOS, VI, 25[1995\/3].<br \/>\nFLORES AU\u00d1\u00d3N, J. C.: <em>\u00abSemblanza biogr\u00e1fica: Santiago Masarnau Fern\u00e1ndez, seglar, Fundador y primer presidente de la Sociedad de San Vicente de Pa\u00fal en Espa\u00f1a (1805-1882)\u00bb.<\/em> Madrid, 1998.<br \/>\nFRANCO, V.: \u00abEn el Centenario de la casa de Teruel\u00bb. En <em>Anales Madrid<\/em>, pp. 467ss.<br \/>\nFUENTE, E.: <em>M\u00e1rtires de Cristo Rey en el Cerro de los \u00c1ngeles<\/em>. Madrid: La Milagrosa, 1940.<br \/>\nFUENTE, E.: <em>Pa\u00fales e Hijas de la Caridad. M\u00e1rtires 1936<\/em><strong>. <\/strong>Ed. La Milagrosa, Madrid 1942.<br \/>\nFUENTE, E.: \u00abLa Misi\u00f3n de Cuttack en la India\u00bb. En <em>Anales Madrid<\/em>, 1976, pp. 194-203.<br \/>\nFUENTE, E.: \u00abNuestro archivo matritense\u00bb. En <em>Anales Madrid<\/em>, 1978, pp. 570-576<br \/>\nG\u00c1LVEZ, J.: <em>Breve relaci\u00f3n de los solemnes cultos con que la Comunidad de Misioneros de San Vicente de Pa\u00fal celebr\u00f3 la terminaci\u00f3n de las obras&#8230; de la iglesia de Nuestra Se\u00f1ora de las Mercedes<\/em>. Habana: [s.n., 1867] (Imp. Vda. de Soler e hijos).<br \/>\nGANCEDO, E.: \u00abLos PP. Pa\u00fales en Filipinas, 1862-1924\u00bb. En <em>Anales Madrid<\/em>, 1924, pp. 326ss.<br \/>\nGARC\u00cdA, A.:\u00bbDin\u00e1mica y contenidos de la misi\u00f3n popular\u00bb. En<em> Misiones Vicencianas y evangelizaci\u00f3n del hombre de hoy<\/em>, CEME, Salamanca, 1987, pp. 77-131.<br \/>\nGARC\u00cdA, E.: \u00abDe nuestra casa de Las Palmas\u00bb. En <em>Anales Madrid,<\/em> 1925, pp. 641ss y 678ss.<br \/>\nGARC\u00cdA, FEDERICO: <em>Parroquia de San Miguel de Miramar: Los PP. Pa\u00fales en M\u00e1laga<\/em>. Presentaci\u00f3n del P. Miguel R. Vita. &#8211; M\u00e1laga: Imp. Rengel, 1993.<br \/>\nGARC\u00cdA, Felipe: \u00ab<em>Ozanam (1813-1853) y la Sociedad de San Vicente de Pa\u00fal. (1833-1983)\u00bb.<\/em> Madrid: S.S.V.P., 1983.<br \/>\nGARC\u00cdA, Felipe: <em>Historia de la Sociedad de San Vicente de Pa\u00fal en Espa\u00f1a<\/em>. Presentaci\u00f3n de Antonio Barnuevo. &#8211; Madrid: Sociedad de San Vicente de Pa\u00fal, 1985.<br \/>\nGARC\u00cdA, Felipe: \u00abLos Padres Pa\u00fales en Hortaleza\u00bb. En <em>Bolet\u00edn Provincial de Madrid<\/em>, 1989, n\u00ba 181.<br \/>\nGARC\u00cdA, J.: \u00abResumen hist\u00f3rico de las Hijas de la Caridad en Espa\u00f1a\u00bb. En <em>Anales Madrid<\/em>, 1904, 339ss.<br \/>\nGARC\u00cdA, L.: \u00abVisi\u00f3n panor\u00e1mica de todas las obras vicencianas en la di\u00f3cesis de M\u00e1laga en el a\u00f1o centenario de la muerte de S. Vicente de Pa\u00fal y Sta. Luisa de Marillac\u00bb. &#8211; M\u00e1laga: <em>N\u00ba extra de \u00abAnhe-los<\/em>\u00ab, 1960.<br \/>\nGARC\u00cdA DE CORT\u00c1ZAR,\u00a0 F.: \u00abLa Iglesia espa\u00f1ola de 1900: pol\u00edtica y econom\u00eda\u00bb.\u00a0 En <em>Letras de Deusto<\/em>, 1980, n.19 pp. 21-61.<br \/>\nGARC\u00cdA DE CORT\u00c1ZAR, F.: \u00abLa Iglesia espa\u00f1ola de la Restauraci\u00f3n: definici\u00f3n de objetivos y pr\u00e1ctica religiosa\u00bb. En <em>Letras de Deusto<\/em>, 1978, Jul-Dic.<br \/>\nGARC\u00cdA VILLOSLADA,\u00a0 R.\u00a0 (Dir.): <em>Historia de\u00a0 la Iglesia en Espa\u00f1a<\/em>. BAC, Madrid, 1979, 5 vv.<br \/>\nGARRIG\u00d3, F.: <em>Threnos lamentables que en las exeqvias f\u00fanebres celebradas por la Conferencia Eclesi\u00e1stica erigida en la casa del santo institvto de la Mission desta Exce-lentissima Ciudad a las tan jvstas como devidas memo-rias de sv Fvndador, Padre y Maestro, el Mvy ilvstre se\u00f1or Don Francisco de Sen-Jvst y Pag\u00e9s&#8230; sacerdote de la Mission y sv primer missio-nista en Espa-\u00f1a, \/<\/em> dixo el Doctor D. Francisco Garrig\u00f3 &#8230; &#8211; Barcelona : Por Francisco Guasch Impressor, en la calle de la Paja, 1708.<br \/>\nGAUD\u00c9, R.: \u00abApuntes para la historia de la casa de Murgu\u00eda\u00bb. En <em>Anales Madrid<\/em>, 1916, pp.54ss.<br \/>\n<em>\u00abGermanor\u00bb<\/em> (1914-1939)<em>. <\/em>(Revista editada, a modo de Anales, por los Estudiantes de la Provincia de Barcelona), Barcelona. 25vv.<br \/>\n<em>Gij\u00f3n:<\/em> <em>La nueva parroquia de la Milagrosa. &#8211; Gij\u00f3n: [s.n.], 1948.<\/em><br \/>\nGIR\u00c1LDEZ, J.S.: <em>Historia de la Congregaci\u00f3n de la Misi\u00f3n en Espa\u00f1a, 1868-1878<\/em>. Tesina de Licenciatura en Teolog\u00eda. Salamanca: Universidad Pontificia, Facultad de Filosof\u00eda, 1967.<br \/>\nGISBERT, F.: \u00abCentenario de los PP. Pa\u00fales en Andujar\u00bb. En <em>Anales Madrid<\/em>, 1980, pp. 458ss.<br \/>\nG\u00d3MEZ, P.J.: \u00abLa nueva Escuela Apost\u00f3lica de Palma\u00bb. En <em>Anales Barcelona,<\/em> 1969, pp. 571-582.<br \/>\nG\u00d3MEZ, P.J.: \u00abEscuela Apost\u00f3lica \u00abLa Misi\u00f3n\u00bb (\u00abCas Jai\u00bb). Cr\u00f3nica de una casa y comunidad que fueron\u00bb. En <em>Anales Barcelona<\/em>, 1972, pp. 246-256.<br \/>\nG\u00d3MEZ, P.J.: \u00abFundaci\u00f3n de la casa misi\u00f3n de Valencia\u00bb. En <em>Anales Madrid<\/em>, 1991, pp. 135ss.<br \/>\nG\u00d3MEZ, P.: Mare de D\u00e9u de Montolivet : Fiestas del cincuentenario de la Parroquia de Monteolivete. Valencia: Parroquia de Ntra. Sra. de Monteolivete, 1991.<br \/>\nG\u00d3MEZ, P.: \u00abMare de D\u00e9u de Montolivet: Cincuentenario de su parroquia (1941-1991)\u00bb. Valencia: Imp. N\u00e1cher, 1993.<br \/>\nG\u00d3MEZ, P.: \u00abUnos misioneros en la costa norte de Honduras\u00bb. En <em>Caminos de Misi\u00f3n<\/em>, 72, pp. 4-14; 73, pp. 7-12 y 21-26; 74. pp. 13-20; 75, pp.13-20.<br \/>\nG\u00d3MEZ, P.: \u00abCien a\u00f1os de los misioneros de la Provincia en la Costa Norte de Honduras\u00bb. En <em>BPB<\/em>, Julio-septiembre de 2006, pp. 21-22.<br \/>\nGONZ\u00c1LEZ, E.: \u00abLa Casa Central de Madrid durante la guerra. 1936-1939\u00bb. En <em>Anales Madrid<\/em>, 1943, pp. 73ss, 97ss, 132ss, 207ss.<br \/>\nGONZ\u00c1LEZ. E.: \u00abEl P. Benito Paradela\u00bb. En <em>Anales Madrid<\/em>, 1943, pp. 252ss.<br \/>\nGONZ\u00c1LEZ, J.: \u00abUn nuevo Estatuto para la CEVIM de Europa y Medio Oriente\u00bb. En <em>Anales Madrid<\/em>, 2005, pp. 228-235<br \/>\nGONZ\u00c1LEZ-ANLEO, J..: \u00abEstudio sociol\u00f3gico de la C. M. en Espa\u00f1a a partir del material de Data\u00bb.\u00a0 En <em>Semana Vicenciana de Salamanca 1\u00aa,<\/em> pp. 173-190.<br \/>\nGRACIA, F.: <em>El Colegio-Seminario de la Pur\u00edsima de Sig\u00fcenza (1877-1899)<\/em>.Tesina de grado. Salamanca: Universidad Pontificia, 1967.<br \/>\nGRACIA, F.: \u00abLos P\u00e1ules en Madagascar\u00bb. En <em>Reina de los Ap\u00f3stoles<\/em> 253, pp. 10-12.<br \/>\nGRACIA, M.: \u00abNuestras casas en Filipinas durante la ocupaci\u00f3n japonesa. 1944-5\u00bb. En <em>Anales Madrid<\/em>, 1946, tomo de Marzo.<br \/>\nGRACIA, M.: <em>Los Padres Pa\u00fales en Filipinas. Volumen I (1846-1902).<\/em> Jaro: Ilo-Ilo, 1957.<br \/>\nGRANDE, G.: \u00abLos Padres Pa\u00fales espa\u00f1oles en Potters Bar\u00bb. En <em>Anales Madrid<\/em>, 1973, pp. 461-163.<br \/>\nGRANDMAISON, G.: \u00abSan Luis de los Franceses en Madrid\u00bb. En <em>Anales Madrid<\/em>, 1897, pp.366-372.<br \/>\nGRAS Y EL\u00cdAS, Fco.: <em>Historia de la ciudad de Reus desde su fundaci\u00f3n hasta nuestros d\u00edas<\/em>. Reus, 1905.<br \/>\nGROZIO, E.: \u00abEl Apostolado hispano en la Provincia del Este de los Estados Unidos\u00bb. En <em>Anales Madrid<\/em>, 2002, pp. 255-261.<br \/>\nGUEMBE, G.: \u00abParroquia de San Agust\u00edn de Melilla\u00bb. En <em>Anales Madrid<\/em>, 1964, pp. 373-382.<br \/>\nGUEMBE, G.: \u00abParroquia de la Oliva de Fuerteventura-Canarias-\u00ab. En <em>Anales Madrid<\/em>, 1978, pp. 192-197.<br \/>\nG\u00dcEMES, V.: \u00abViaje de los primeros pa\u00fales espa\u00f1oles a la India\u00bb. En <em>Anales Madrid,<\/em> 1922, pp. 269ss.<br \/>\nG\u00dcELL, R.: \u00abResumen hist\u00f3rico de la Provincia de Las Antillas\u00bb. En <em>Anales Madrid<\/em>, 1905, pp.481ss.<br \/>\nGUILL\u00c9N y GARC\u00c9S, R.: <em>Biograf\u00eda del R. P. Mariano Garc\u00e9s y Mata, C.M.<\/em> Avila : Ib\u00e1\u00f1ez, 1917.<\/p>\n<p>HERMANDAD MISIONERA DE SVP: <em>Memoria de la 1\u00aa Asamblea Nacional<\/em>. Madrid 1966.<br \/>\nHERMANDAD MISIONERA\u00a0 DE SVP: <em>Manual del Misionero<\/em>. La Milagrosa, Madrid 1964, 4vv.<br \/>\nHERN\u00c1NDEZ, E.: \u00abC\u00f3mo Venezuela lleg\u00f3 a ser Provincia aut\u00f3noma, 1931-1951\u00bb. En <em>Anales Madrid<\/em>, 2002, pp.133-139.<br \/>\nHERN\u00c1NDEZ y FAJARN\u00c9S, A.: \u00ab<em>San Vicente de Pa\u00fal: Su patria, sus estudios en la Universidad de Zaragoza<\/em>\u00ab. Zaragoza: Tip. La Derecha, 1888.<br \/>\nHERN\u00c1NDEZ ZAPATEL, M\u00aa del C.: \u00ab<em>Las Hijas de la Caridad en Espa\u00f1a. 1782-1856 : Documentos<\/em>\u00ab. Salamanca: CEME, 1988.<br \/>\nHERRANZ, M.: \u00abCarta de Londres. La nueva fundaci\u00f3n de Palace Court\u00bb. En <em>Anales Madrid<\/em>, 1964, pp. 233ss.<br \/>\nHERRANZ, J.: <em>El convento franciscano de Arenas de San Pedro<\/em>. Documentos in\u00e9ditos siglos XVI-XIX. Avila: Franciscanos Provincia de Castilla OFM, Instituci\u00f3n gran Duque de Alba, 1998.<br \/>\nHERRERA, J.: <em>De Mariscal de Campo a Hermano de la C.M. Vida del Hermano Felipe Manuel de Bette<\/em>. Madrid: La Milagrosa, 1945.<br \/>\nHERRERA, J.: \u00ab<em>Historia de la Congregaci\u00f3n de la Misi\u00f3n<\/em>\u00ab. Madrid: La Milagrosa, 1949.<br \/>\nHERRERA, J.: <em>Vida del Excelent\u00edsimo Se\u00f1or D. Buenaventura Codina, misionero de San Vicente de Pa\u00fal y obispo de Canarias<\/em>. Madrid: La Milagrosa, 1955.<br \/>\nHERRERA, J.: \u00abConferencia de sacerdotes fundada por los nuestros en Barcelona\u00bb. En <em>Anales Madrid<\/em>, 1958, pp.57ss.<br \/>\nHERRERA, J.: \u00abEn torno a los or\u00edgenes de San Vicente\u00bb. En <em>Anales Madrid<\/em>, 1958, pp. 371ss.<br \/>\nHERRERA, J.: \u00abEl apellido de San Vicente de Pa\u00fal\u00bb. En <em>Anales Madrid<\/em>, 1958, pp. 392ss.<br \/>\nHERRERA, J.: \u00abMisiones y misioneros de anta\u00f1o\u00bb. En <em>Anales Madrid<\/em>, 1959, pp. 230ss.<br \/>\nHERRERA, J.: \u00abCr\u00f3nica inaugural de la nueva apost\u00f3lica de las Rehoyas\u00bb. En <em>Anales Madrid<\/em>, 1960, pp. 144ss<br \/>\nHERRERA, J.: <em>Semblanza del P. Mariano Joaqu\u00edn Maller.<\/em> Madrid: Separata de Anales, 1962.<br \/>\nHERRERA, J.: \u00abSan Vicente de Pa\u00fal y su entronque hisp\u00e1nico\u00bb. En <em>Anales Madrid<\/em>, 1963, pp. 102ss, 151ss., 196ss., 238ss., 301., 511ss., 588ss., 641ss. Tambi\u00e9n en Separata de Anales, 1963. Tambi\u00e9n en <em>Separata Anales<\/em>, 1963.<br \/>\nHERRERA, J.: \u00abLa misi\u00f3n de Sevilla: 31 enero-15 febrero de 1965\u00bb. En <em>Anales Madrid<\/em>, pp. 247ss.<br \/>\nHERRERA, J.: \u00abTres Parroquias misioneras en Las Palmas\u00bb. En <em>Anales Madrid<\/em>, 1972, pp. 167-174.<br \/>\nHERRERA, J.: \u00abCarta del P. Jos\u00e9 Herrera en defensa de sus tesis\u00bb. En <em>Anales Madrid<\/em>, 1973, pp. 123ss, 220ss, 264ss.<br \/>\nHERRERA, J.: \u00ab200 a\u00f1os de Provincia\u00bb. En\u00a0 <em>Anales Madrid,<\/em> 1974, nov.dic. pp. 2-7; 1975, pp.8-17, 131-142.<br \/>\nHERRERA, J.: \u00abProvincia de Puerto Rico. 100 a\u00f1os\u00bb. En <em>Anales Madrid<\/em>, 1975, pp. 291-296<br \/>\nHERRERA\u00a0 NOGAL,\u00a0 A.:\u00a0\u00a0 <em>Cien\u00a0\u00a0 a\u00f1os\u00a0\u00a0 de\u00a0 un\u00a0\u00a0 Seminario. 1892-1992. Tardajos-Burgos<\/em>.\u00a0 La Milagrosa, Madrid 1992.<br \/>\nHERRERA NOGAL, A.: \u00abSaint Vincent\u00b4s Church, Potters Bar\u00bb. En <em>Anales Madrid<\/em>, 1992, pp. 72-74.<br \/>\nHERRERA NOGAL, A.: \u00abCien a\u00f1os del Colegio de Limpias\u00bb. En <em>Anales Madrid,<\/em> 1994, pp. 136-144.<br \/>\nHERRERA NOGAL, A.: \u00abMisiones en Filipinas\u00bb. En <em>Anales Madrid<\/em>, 2003, pp. 121-144.<br \/>\nHORCAJADA, M.: \u00abResumen hist\u00f3rico\u00a0 de la\u00a0 C.M. en Espa\u00f1a\u00bb. En<em> Anales. Madrid<\/em>, 1903, pp. 351ss.<br \/>\nHORCAJADA, M.: <em>Recuerdo de la inauguraci\u00f3n de la Iglesia de San Vicente de Pa\u00fal<\/em>. &#8211; Madrid: [s.n., 1904].<br \/>\nHORCAJADA, M.: \u00abRese\u00f1a hist\u00f3rica de la inauguraci\u00f3n de la Iglesia de San Vicente de\u00a0 Pa\u00fal de Madrid, calle Garc\u00eda de Paredes\u00bb. En <em>Anales Madrid,<\/em> 1904, pp. 525-589.<br \/>\nHORCAJADA, M.: \u00abCuadro de las casas y personal de la Provincia de Espa\u00f1a al estallar la Revoluci\u00f3n de 1868\u00bb. En <em>Anales Madrid<\/em>, 1907, pp. 188-490.<br \/>\nHORCAJADA, M.: \u00abRese\u00f1a hist\u00f3rica de las casas de la Congregaci\u00f3n de la Misi\u00f3n fundadas en Espa\u00f1a desde 1704 hasta nuestros d\u00edas (1915)\u00bb. En <em>Anales C.M. Madrid,<\/em> 1909 pp. 65-73, 195-210, 374-390, 546-574; 1910, pp. 368-410; 1911, pp. 11-38, 348-401; 1913, pp.39-100; 1915, pp. 393-548.<br \/>\nHORCAJADA, M.: \u00abM\u00e1s datos para la\u00a0 Historia de la C.M. en Espa\u00f1a\u00bb. En <em>Anales\u00a0 Madrid,<\/em> 1912, pp. 28 y 36.<br \/>\nHORCAJADA, M.: Rese\u00f1a hist\u00f3rica de la Casa-Misi\u00f3n de Madrid. Madrid: <em>Separata de Anales<\/em> C.M. T. 23, 1915.<br \/>\nHORCAJADA, M.: \u00abAyamonte (Huelva). Origen de nuestra casa\u00bb. En <em>Anales Madrid<\/em>, 1916, pp. 586-599.<br \/>\nIB\u00c1\u00d1EZ, J.: \u00abEn Baracaldo ha salido el sol\u00bb. En <em>Anales Madrid<\/em>, 1958, pp. 528.<br \/>\nIB\u00c1\u00d1EZ, L.: \u00abRese\u00f1a hist\u00f3rica del Colegio y Casa-misi\u00f3n de Alcorisa (Teruel)\u00bb. En <em>Anales Madrid<\/em>, 1914, pp. 241ss.<br \/>\nILLERA, A.: \u00abRelaci\u00f3n de la nueva casa de Las Palmas\u00bb. En <em>Anales Madrid<\/em>, 1895, pp. 366-398.<br \/>\nINDURAIN, J.L.: <em>Apuntes para la Historia de la Comunidad de los PP. Pa\u00fales del Lomo Apolinario de las Palmas de Gran Canaria (1916-1998)<\/em>. Mecanografiado, 1998.<br \/>\nINFANTE, M\u00aa A.: \u00abLlegada de las Hijas de la Caridad a Madrid\u00bb. En <em>Anales Madrid<\/em>, 2001, pp. 39ss.<br \/>\nINFANTE, M\u00aa A.: \u00abLa Congregaci\u00f3n de la Misi\u00f3n y las Hijas de la Caridad en Espa\u00f1a. 1704-2004\u00bb. En <em>La Congregaci\u00f3n<\/em><em> de la Misi\u00f3n en Espa\u00f1a: 1704-2004<\/em>. CEME, Salamanca, 2005.<br \/>\nINFANTE, M\u00aa A.: \u00abArchivo de la Provincia de Madrid-San Vicente\u00bb. En <em>Anales Madrid<\/em>, 2006, pp. 528-537.<br \/>\nIRCIO, A.: \u00abANALES celebra sus bodas de brillante\u00bb. En <em>Anales Madrid<\/em>, 1968, pp. 119ss, 175ss y 293ss.<br \/>\nIRCIO, A.: \u00abInforme general sobre el estado de la Congregaci\u00f3n. Provincia de Madrid\u00bb. En <em>Anales Madrid<\/em>, 1968, pp. 235ss.<br \/>\nIRCIO, A.: \u00abDoloroso Centenario. La Revoluci\u00f3n de Octubre.1868-1968\u00bb. En <em>Anales Madrid<\/em>, 1968, pp. 480ss.<br \/>\nIRCIO, A.: \u00abLa Provincia -de Madrid- hace 50 a\u00f1os\u00bb. En <em>Anales Madrid<\/em>, 1969, pp. 290ss.<br \/>\nIRIBARREN, J\u00a0 (Ed. preparada por): <em>Documentos\u00a0 colectivos del episcopado espa\u00f1ol 1870-1974<\/em>.\u00a0 Madrid, 1974.<br \/>\nJASO, F.: Relaci\u00f3n de los acontecimientos y sucesos que tuvieron lugar en Manila con motivo del asedio y cerco de los americanos e insurrectos. Ceb\u00fa: Seminario, 1898.<br \/>\nJASO, A.: \u00abInauguraci\u00f3n del nuevo Colegio de San Vicente de Pa\u00fal con su Iglesia en la villa de Limpias (Bilbao)\u00bb (sic). En <em>Anales Madrid<\/em>, 1901, pp. 28ss.<br \/>\nJIM\u00c9NEZ, B.: <em>La espiritualidad\u00a0 en el siglo XIX espa\u00f1ol<\/em>. Universidad Pontificia de Salamanca, Madrid, 1974.<br \/>\nJU\u00c1REZ GARC\u00cdA-GASC\u00d3, T.: <em>La misi\u00f3n popular renovada una acci\u00f3n evangelizadora, hoy<\/em>. Memoria de licenciatura en Teolog\u00eda (Especialidad catequ\u00e9tica) Burgos. &#8211; Madrid: Universidad Pontificia de Salamanca, Centro de estudios San D\u00e1maso, 1996.<br \/>\nJULI\u00c1, D.: \u00abLa expansi\u00f3n de la Congregaci\u00f3n de la Misi\u00f3n desde la muerte de Vicente de Pa\u00fal hasta la Revoluci\u00f3n francesa\u00bb. En <em>Anales Madrid<\/em>, 1988, pp. 280ss.; 363ss: 437ss.<br \/>\nJULI\u00c1, S. (Coord.): <em>Rep\u00fablica y guerra en Espa\u00f1a (1931-1939).<\/em> Espasa, Madrid, 2006.<br \/>\nJUNQUERA, P.: <em>\u00abLas Hijas de la Caridad (1802-1830)\u00bb.<\/em> Tomo 1. Madrid, 1996. Sin publicar.<br \/>\nKAPP, V.: \u00abPredicar seg\u00fan el peque\u00f1o m\u00e9todo\u00bb. En <em>Anales Madrid<\/em>, (1983), pp. 549-556.<br \/>\nLABOA, J.M\u00aa.: <em>La larga marcha de la Iglesia.\u00a0 Momentos estelares de la Historia de la Iglesia<\/em>. Biblioteca XX\u00a0 Siglos, Madrid, 1985.<br \/>\nLACORTE, R.: \u00abLa casa de Esplug\u00e1 y la persecuci\u00f3n marxista\u00bb. En <em>Anales Barcelona<\/em>, 1939, pp. 260ss.<br \/>\nLACORTE, R.: <em>El Convento de Bellpuig: Gu\u00eda hist\u00f3rico-art\u00edstica<\/em>. Barcelona: Vilamala, 1949.<br \/>\n<em>La Laguna<\/em><em>: Tercer centenario de la C.M. de S.V.P. y traslaci\u00f3n del cuerpo de San Fortunato, M\u00e1rtir, a la iglesia de los PP. Pa\u00fales (San Agust\u00edn de La Laguna).<\/em> &#8211; La Laguna: [s.n.], 1925.<br \/>\nLANGARICA, P.: \u00abHermandad misionera de San Vicente de Pa\u00fal\u00bb. En <em>Anales Madrid,<\/em> 1965, pp. 733ss.<br \/>\nLEARRETA, A.: Anales <em>de la Congregaci\u00f3n de la Misi\u00f3n y de las Hijas de la Caridad en su Provincia de M\u00e9xico, 1844-1861<\/em>. Madrid, 1995.<br \/>\nLE\u00d3N, M.: \u00abLa Familia Vicenciana, PP. Pa\u00fales e Hijas de la Caridad espa\u00f1oles, en el Caribe: Cuba, Puerto Rico, Rep\u00fablica Dominicana y Venezuela\u00bb. En <em>Anales Madrid<\/em>, 1993, pp. 39ss.; 162ss.<br \/>\nLLORCA, B., GARC\u00cdA-VILLOSLADA, R. y LABOA, J. M\u00aa.: <em>Historia de la Iglesia Cat\u00f3lica<\/em>. BAC, Madrid, 1991, 5vv.<br \/>\nL\u00d3PEZ CEPERO, M.: <em>Estudio sociogr\u00e1fico de la C.M. en su provincia espa\u00f1ola de Madrid (A\u00f1os 1940-1960).<\/em> Memoria de licenciatura. Madrid: Univ. Complutense, Fac. de C. Pol\u00edticas y Sociolog\u00eda, 1961.<br \/>\nL\u00d3PEZ HUIDOBRO, J.: \u00abLa Escuela Apost\u00f3lica de Andujar\u00bb. En <em>Anales Madrid<\/em>, 1950, pp.113ss.<br \/>\nL\u00d3PEZ HUIDOBRO, J.: \u00abNueva Apost\u00f3lica en Salamanca\u00bb. En <em>Anales Madrid<\/em>, 1964, pp. 32-43<br \/>\nL\u00d3PEZ HUIDOBRO, J.: \u00abLa Escuela Apost\u00f3lica de Salamanca\u00bb. En <em>Anales Madrid<\/em>, 1969, pp. 90-100, 128-132 y 185-194.<br \/>\nL\u00d3PEZ HUIDOBRO, J.: \u00abCentenario de los PP. Pa\u00fales en la finca de Garc\u00eda de Paredes\u00bb. En <em>Anales Madrid<\/em>, 1976, pp. 407-431.<br \/>\nLUSARRETA, J.M\u00aa: \u00abAgentes evangelizadores de la misi\u00f3n popular\u00bb. En <em>Anales Madrid<\/em>, 1986, pp. 675ss.<br \/>\nLUSARRETA, J.M\u00aa.: \u00abLas Hijas de la Caridad en las Misiones Populares\u00bb. En <em>Anales Madrid<\/em>, 1987, pp. 557ss.<br \/>\nMADRAZO, H.: \u00abLas Hijas de la Caridad y los PP. Pa\u00fales en la Rep\u00fablica Dominicana\u00bb. En <em>Anales Madrid,<\/em> 1958, pp. 188ss.<br \/>\nMADRAZO, H.: \u00abBreve historia de la Provincia de la Congregaci\u00f3n de la Misi\u00f3n de Puerto Rico\u00bb. En <em>Anales Madrid<\/em> 1978, pp. 605-651.<br \/>\nMADRAZO, H.: Las Hijas de la Caridad y la Congregaci\u00f3n de la Misi\u00f3n en la Rep\u00fablica Dominicana\u00bb. En <em>Anales Madrid<\/em>, 1987, pp. 19-22.<br \/>\nMADRAZO. H.: \u00abHace ciento veinticinco a\u00f1os\u00bb (Puerto Rico). En <em>Anales Madrid<\/em>, 1998, pp. 411-416.<br \/>\n<em>Madrid C.M., Provincia de: Asamblea 1971<\/em>. Madrid: La Milagrosa, 1971 (T\u00e9cnicas Gr\u00e1ficas S.L.).<br \/>\n<em>Madrid C.M., Provincia de: Asamblea 1974.<\/em> Madrid: Curia Provincial de los Padres Pa\u00fales, 1975. Policopiado.<br \/>\n<em>Madrid C.M., Provincia de: Asamblea 1977<\/em>. Provincia de Madrid. 1977. Policopiado.<br \/>\n<em>Madrid C.M., Provincia de: Normas Provinciales \/ Asamblea Provincial 1982<\/em>. &#8211; Madrid: [s.n.], 1982.<br \/>\n<em>Madrid C.M., Provincia de: Normas Provinciales<\/em>. &#8211; Madrid: [s.n.], 1994.<br \/>\nMALONEY, R.: \u00abLa misi\u00f3n popular: una respuesta vicenciana para la nueva evangelizaci\u00f3n\u00bb. En <em>Anales Madrid<\/em>, 1997, pp. 492.<br \/>\nMANGANA, E.: <em>Biograf\u00eda del Colegio Manuel Pardo<\/em>. [Chiclayo: Colegio Manuel Pardo, 1984].<br \/>\nMANZANAL, F.: \u00abZaragoza: la nueva residencia\u00bb. En <em>Anales Madrid<\/em>, 1954, pp. 315-325.<br \/>\nMANZANAL, F.: \u00abGuadalajara: 1924-1926\u00bb. En <em>Anales Madrid<\/em>, 1985, pp. 254-265.<br \/>\nMANZANAL, F.: \u00abMemorias de un misionero. Seminario de Hortaleza 1927-1928\u00bb. En <em>Anales Madrid<\/em>, 1986, pp. 168-183.<br \/>\nMARCOS, A.: <em>De la misi\u00f3n cat\u00f3lica de Cuttack<\/em>. Burgos: S. Rodr\u00edguez, 1951.<br \/>\nMAR\u00cdAS, J.:. (Coord.): <em>25 a\u00f1os de reinado de Juan Carlos I<\/em>. Barcelona, Planeta, 2000.<br \/>\nMAROTO, F.: \u00abLa misi\u00f3n del Androy-herencia vicenciana\u00bb. En Caminos de Misi\u00f3n 76, pp. 15-16;<br \/>\nMARQUINA, T.: <em>Jos\u00e9 Mar\u00eda Alc\u00e1cer, C.M. : un hito de la m\u00fasica religiosa actual (Vida, obra y testimonios).<\/em> Madrid : La Milagrosa, 1996.<br \/>\nMART\u00cdN, I.: <em>Biograf\u00eda del Sr. D. Eladio Arnaiz, Visitador C.M<\/em>. Madrid: Hu\u00e9rfanos del Sgdo. Coraz\u00f3n, 1913.<br \/>\nMART\u00cdNEZ DE PAZOS, J.M.: <em>Historia del c\u00e9lebre Santuario de Nuestra Se\u00f1ora de los Milagros situado en el monte Medo, provincia de Orense, reino de Galicia<\/em>. Santiago: Gaceta de Galicia, 1891.<br \/>\nMAS, N.: \u00abEl Vicariato Apost\u00f3lico de San Pedro Sula (Honduras). 1911-1945\u00bb. En <em>Anales Barcelona<\/em>, 1945, pp. 83-109.<br \/>\nMAS, N.: \u00ab<em>Fundaci\u00f3n de las Hijas de la Caridad en Espa\u00f1a<\/em>\u00ab. Separata de <em>Anales,<\/em> tomos 85 y 86. Madrid, 1958.<br \/>\nMAS, N.: <em>Notas para la Historia de las Hijas de la Caridad en Espa\u00f1a: Tomo II, 1800 \u20131850<\/em>. Salamanca: CEME, 1988.<br \/>\nMASDEU, P.: \u00abEl P. Juli\u00e1n Gonz\u00e1lez de Soto, fundador del Instituto Nacional de Ense\u00f1anza Media de Figueras\u00bb. En <em>Anales Barcelona<\/em>, 1972, pp. 298ss.<br \/>\nMAYORAL, L.: <em>Bodas de plata de la parroquia hispana de La Milagrosa: Album conmemorativo. 1927-1952.<\/em> Nueva York : Parroquia de la Milagrosa, 1952.<br \/>\nMAYORAL, M.: \u00abLos Pa\u00fales en La Orotava (Tenerife)\u00bb. En <em>Anales Madrid<\/em>, 1927, pp. 202-209.<br \/>\nMEJ\u00cdA, D.: \u00abHumildes principios de la Congregaci\u00f3n de la Misi\u00f3n en la Isla de Puerto Rico\u00bb. En <em>Anales Madrid<\/em>, 1923, pp. 251ss, 326ss, 369ss.<br \/>\nMEJ\u00cdA, D.: \u00abDescripci\u00f3n de la Casa central de la provincia de Espa\u00f1a de la Congregaci\u00f3n de la Misi\u00f3n en la calle del Duque de Osuna n\u00fam.5\u00bb. En <em>Anales Madrid<\/em>, 1923, pp. 411- 428.<br \/>\nMELOT, J.: \u00abSan Vicente de Pa\u00fal, misionero\u00bb. En <em>Anales Madrid<\/em>, 1987, pp. 655ss.<br \/>\nMENDOZA, R.: \u00abLa guerra civil en Catalu\u00f1a\u00bb. En <em>Anales Madrid<\/em>, 2006, pp. 426ss.<br \/>\nMEN\u00c9NDEZ, J.: Primer centenario de la fundaci\u00f3n de la Sociedad de San Vicente de Pa\u00fal : Breve compendio hist\u00f3rico.. &#8211; Madrid : Victoriano Su\u00e1rez, 1933.<br \/>\nMENESES, F.: \u00abUna misi\u00f3n permanente en Andaluc\u00eda Oriental\u00bb. En <em>Anales Madrid<\/em>, 1973, pp. 361-364.<br \/>\nMENESES, F.: \u00abLas Hijas de la Caridad en las Misiones vicencianas de Espa\u00f1a\u00bb.\u00a0 En <em>Anales Madrid, <\/em>1983, pp. 661-669.<br \/>\nMENESES, F.: \u00abLas misiones en la Congregaci\u00f3n, tradici\u00f3n y reto\u00bb. En <em>Anales Madrid<\/em>, 1986, pp, 77-94.<br \/>\nMENESES, F.: \u00abHermanos Coadjutores\u00a0 de la\u00a0 C.M. en las misiones (Notas para la Historia misionera de la C.M. en Espa\u00f1a)\u00bb. En <em>Anales Madrid<\/em> 1987, pp. 512-522.<br \/>\nMENESES, F.: \u00abAyer y hoy\u00a0 de las Misiones Vicencianas en Espa\u00f1a\u00bb. En <em>Misiones Vicencianas y evangelizaci\u00f3n del hombre de hoy<\/em>, CEME, Salamanca, 1987, pp. 281-305.<br \/>\nMENESES, F.: \u00abCincuenta a\u00f1os de Misiones rurales en la Di\u00f3cesis de Madrid-Alcal\u00e1. 1893-1943\u00bb. En <em>Anales Madrid,<\/em> 1993, pp. 147-161.<br \/>\nMENESES, F.: \u00abLa Milagrosa en las Misiones Vicencianas de Espa\u00f1a\u00bb. En <em>Anales Madrid<\/em>, 1994, pp. 528ss.<\/p>\n<p>MENESES, F.: <em>Cien a\u00f1os de misiones en Anales (1893-1993).<\/em> Madrid: [s.n.], 1994. Mecanografiado.<br \/>\nMENESES, F.: <em>Las misiones en la Congregaci\u00f3n de la Misi\u00f3n: (dos cursillos a Seminaristas de la C.M.).<\/em> Madrid: [s.n.], 1994. Mecanografiado.<br \/>\nMENESES, F.: <em>Dos experiencias de \u00abMisi\u00f3n permanente\u00bb en Andaluc\u00eda oriental.<\/em> 1996.<br \/>\nMENESES, F.: <em>Misiones en Hispanoam\u00e9rica (memorias misioneras).<\/em> Madrid: [s.n.], 1997. Mecanografiado.<br \/>\nMENESES, F.: <em>Breve historia de JMV en Espa\u00f1a<\/em>. JMV, Madrid, 1997.<br \/>\nMENESES, F.: <em>Pa\u00fales Palentinos (1853-1976).<\/em> Madrid: [s.n.], 1998. Mecanografiado.<br \/>\nMENESES, F.: \u00abD. Santiago Masarnau y los Pa\u00fales e Hijas de la Caridad en Espa\u00f1a\u00bb. En <em>Anales Madrid<\/em>, 1999, pp. 404ss<br \/>\nMENESES, F.: \u00abProyecci\u00f3n misionera ad gentes de la Misi\u00f3n espa\u00f1ola\u00bb. En <em>La Congregaci\u00f3n de la Misi\u00f3n en Espa\u00f1a: 1704-2004<\/em>. CEME, Salamanca, 2005<br \/>\nMEZZADRI, L.: \u00abHistoriograf\u00eda de las Vidas de San Vicente\u00bb. En <em>Anales Madrid, <\/em>1977, pp. 943ss.<br \/>\nMEZZADRI, L.: \u00abC\u00f3mo formar una biblioteca vicenciana\u00bb. En <em>Anales Madrid<\/em>, 1989, pp. 47-52.<br \/>\nMEZZADRI, L.: \u00ab<em>La Misi\u00f3n popolari della C.M. nei secoli XVII-XVII<\/em>\u00bb (2vv.). Roma, 1999.<br \/>\nMEZZADRI, L. y ROM\u00c1N, J. M\u00aa.: <em>Historia\u00a0 de la Congregaci\u00f3n\u00a0 de la Misi\u00f3n (I) Desde la Fundaci\u00f3n hasta el fin del siglo XVIII<\/em>. La Milagrosa, Madrid, 1992.<br \/>\nMISERACHS, A.: \u00abLos cincuenta a\u00f1os de la Casa de Bellpuig\u00bb. <em>Anales Barcelona<\/em>, 1949, pp. 167-176.<br \/>\n<em>Misiones, Cr\u00f3nicas: Folletos varios con descripciones de las misiones de Alcoy, Granada, Liria, Torrente, Valduerna, Valencia<\/em>. &#8211; , 19??.<br \/>\nMOA, P.: <em>El derrumbe de la segunda rep\u00fablica y la guerra civil<\/em>. Ediciones Encuentro, Madrid, 2001.<br \/>\nMONTEROS, G.: \u00abBiograf\u00eda del R. P. Antonio Palau Santaliestra\u00bb. Espluga de Francol\u00ed : Germanor, 1933.<br \/>\nMORGADES, M.: \u00abEl cuadrienio 1936-1940 en la casa de Bellpuig\u00bb. En <em>Anales Barcelona<\/em>, 1940, pp. 195-203.<br \/>\nMORO, J.: \u00abCentenario de los PP. Pa\u00fales en Ceb\u00fa\u00bb. En <em>Anales Madrid,<\/em> 1966, pp. 88ss.<br \/>\nMU\u00d1OZ, J.J.: <em>La Congregaci\u00f3n de la Misi\u00f3n en M\u00e9xico.<\/em> (Mecanografiado). M\u00e9xico, s.f.<br \/>\n<em>Murgu\u00eda: Colegio del Sagrado Coraz\u00f3n de Jes\u00fas. Murgu\u00eda (Alava). Album-Memoria.<\/em> Bilbao: G. Ib\u00e1\u00f1ez, 1924.<br \/>\nMURUZABAL, B.: \u00abDetenci\u00f3n, prisi\u00f3n y trabajos de los Padres y Hermanos de Hortaleza\u00bb. En <em>Anales Madrid,<\/em> 1939, pp. 186ss y 265 ss.<br \/>\nNADAL, J.: <em>La poblaci\u00f3n espa\u00f1ola<\/em>.\u00a0 Ariel, Barna, 1976.<br \/>\nNARANJO, J.: <em>Apuntes para una historia de la Congregaci\u00f3n de la Misi\u00f3n en Colombia<\/em>. Bogot\u00e1, C.M., 1985-86-88. -3 vv-. Policopiado.<br \/>\nNIETO, P.: \u00abM\u00e9jico: 1853-1860\u00bb. En <em>Anales Madrid<\/em>, 1919, pp. 75-100.<br \/>\nNIETO, P.: <em>Historia de la Congregaci\u00f3n de la Misi\u00f3n en M\u00e9jico (1844-1884).<\/em> Madrid: PP. Pa\u00fales, 1920.<br \/>\nNIETO, P.: <em>Historia de las Hijas de la Caridad desde sus or\u00edgenes hasta el siglo XX<\/em>. Madrid: Impr. Regina, 1932. -2 vv-.<br \/>\nNOS, L.: \u00abLa Congregaci\u00f3n de la Misi\u00f3n: 65 a\u00f1os al servicio de los seglares en Espa\u00f1a\u00bb. En <em>Anales Madrid,<\/em> 1996, pp. 357-368.<br \/>\nNOS, L.: \u00abLa Congregaci\u00f3n de la Misi\u00f3n en Espa\u00f1a: 78 a\u00f1os al servicio del clero\u00bb. En <em>Anales Madrid,<\/em> 1997, pp. 426ss.<br \/>\nNOS, L.: \u00abBuenaventura Codina, Sacerdote de la Misi\u00f3n y Obispo de Las Palmas de Gran Canaria\u00bb. En <em>Anales Madrid,<\/em> 2000, pp, 151-163.<br \/>\n\u00ab<em>Notices C.M. en Espa\u00f1ol: Biograf\u00edas de Sacerdotes, Cl\u00e9rigos y Hermanos difuntos de la Congregaci\u00f3n de la Misi\u00f3n. Primera serie: Desde la fundaci\u00f3n de la Compa\u00f1\u00eda hasta el fin del siglo XVIII<\/em>\u00ab. Tomo III. &#8211; Madrid: Hu\u00e9rfanos, 1912.<br \/>\nOJEA, S.: \u00abHermandad misionera de San Vicente de Pa\u00fal\u00bb. En <em>Anales Madrid<\/em>, 1955, pp.9-13.<br \/>\nOLABUENAGA, M.: \u00abMisiones populares dadas por los PP. Pa\u00fales en Espa\u00f1a en los a\u00f1os 1940-1975\u00bb.\u00a0 En <em>Anales Madrid, <\/em>1991, n\u00ba 1 pp. 55-120<br \/>\nOLABUENAGA, M.: \u00abLa C.M. en Espa\u00f1a. Breve s\u00edntesis hist\u00f3rica\u00bb. En <em>XXV Aniversario de la Provincia de Zaragoza<\/em>. Fe y Vida, 1995, pp. 15-47.<br \/>\nOLABUENAGA, M.: \u00abEvoluci\u00f3n de las casas de la Provincia de Zaragoza\u00bb. En <em>XXV Aniversario de la Provincia de Zaragoza<\/em>. Fe y Vida, 1995, pp. 75-93.<br \/>\nOLABUENAGA, M.: \u00abAsambleas Provinciales en la Provincia de Zaragoza: 1970-1994\u00bb. En <em>XXV Aniversario de la Provincia de Zaragoza<\/em>. Fe y Vida, 1995, pp. 189-200.<br \/>\nOLABUENAGA, M.: \u00ab<em>Misiones populares de la C.M. en Espa\u00f1a (1704-1975). Contribuci\u00f3n a la historia social y religiosa de Espa\u00f1a<\/em>\u00ab. Tesis Doctoral sin publicar. Bilbao, 1997.<br \/>\nOLABUENAGA, M.: \u00abMisiones populares de la Provincia de Barcelona, 1717-2002\u00bb. En <em>Anales Madrid<\/em>, 2002, pp. 468ss.<br \/>\nOLABUENAGA, M.: \u00abRasgos b\u00e1sicos de las Misiones populares vicencianas\u00bb. En <em>Anales Madrid<\/em>, 2003, pp. 151ss.<br \/>\nOLABUENAGA, M.: \u00abMisiones populares y Congregaci\u00f3n de la Misi\u00f3n\u00bb. En <em>Anales Madrid<\/em>, 2003, pp.220ss.<br \/>\nOLABUENAGA, M.: \u00abLos Reglamentos de Misiones de la C.M.\u00bb. En <em>Anales Madrid<\/em>, 2003, pp. 359ss.<br \/>\nOLABUENAGA, M.: \u00abLos contenidos de las Misiones populares vicencianas\u00bb. En <em>Anales Madrid<\/em>, 2003, pp. 449ss.<br \/>\nOLABUENAGA, M.: \u00abFuentes documentales para el estudio de las Misiones populares vicencianas\u00bb. En <em>Anales Madrid<\/em>, 2003, pp. 563ss.<br \/>\nOLABUENAGA, M.: (Edit): Diccionario hist\u00f3rico-cronol\u00f3gico vicenciano. En web <em>FAMVIN. org<\/em>. 2003.<br \/>\nOLABUENAGA, M.: \u00abHistoria breve de la C.M. en Espa\u00f1a\u00bb. En <em>web FAMVIN<\/em>.org. 2003.<br \/>\nOLABUENAGA, M.: \u00abLa vida cotidiana en las Misiones Populares: Espa\u00f1a 1704-1975\u00bb. En <em>Anales Madrid<\/em>, 2003, pp. 52ss.<br \/>\nOLABUENAGA, M.: \u00abDos trabajos significativos: las misiones populares y la formaci\u00f3n del clero\u00bb. En <em>La Congregaci\u00f3n<\/em><em> de la Misi\u00f3n en Espa\u00f1a: 1704-2004<\/em>. CEME, Salamanca, 2005.<br \/>\nOLABUENAGA, M.: <em>Historia Abierta de la Congregaci\u00f3n de la Misi\u00f3n en Espa\u00f1a: 1704-2000<\/em>. Barakaldo, 2006. Mecanografiada.<br \/>\nOLABUENAGA, M.: <em>Congregaci\u00f3n de la Misi\u00f3n. Aportaciones hist\u00f3ricas<\/em>. Edici\u00f3n privada. 2007.<br \/>\nOLABUENAGA, M.: \u00abLa Provincia de Zaragoza: 1970-2007\u00bb en <em>Congregaci\u00f3n de la Misi\u00f3n. Aportaciones hist\u00f3ricas<\/em>. Edici\u00f3n privada. 2007<br \/>\nOLABUENAGA, M.: \u00abMisiones Populares en Espa\u00f1a: 1975-2000\u00bb en <em>Congregaci\u00f3n de la Misi\u00f3n. Aportaciones hist\u00f3ricas<\/em>. Edici\u00f3n privada. 2007<br \/>\nOLABUENAGA, M.: \u00abLos Visitadores de las Provincias Espa\u00f1olas: 1774-2000\u00bb en <em>Congregaci\u00f3n de la Misi\u00f3n. Aportaciones hist\u00f3ricas<\/em>. Edici\u00f3n privada. 2007<br \/>\nOLABUENAGA, M.: \u00abLa Congregaci\u00f3n de la Misi\u00f3n en Euskadi y Navarra\u00bb en <em>Congregaci\u00f3n de la Misi\u00f3n. Aportaciones hist\u00f3ricas<\/em>. Edici\u00f3n privada. 2007<br \/>\nOLABUENAGA, M.: \u00abLa acci\u00f3n misionera espa\u00f1ola en el mundo: M\u00e9xico, Cuba, Filipinas, Puerto Rico, Honduras, Per\u00fa, Estados Unidos, India, Venezuela, Madagascar y Mozambique\u00bb en <em>Congregaci\u00f3n de la Misi\u00f3n. Aportaciones hist\u00f3ricas<\/em>. Edici\u00f3n privada. 2007<br \/>\nORCAJO CASADO, A.: \u00abUna gran deuda de gratitud. La Residencia de Zaragoza\u00bb. En <em>Anales Madrid, <\/em>1996, pp.248-259.<br \/>\nORCAJO ORCAJO, A.: \u00abHistoria breve del Convento de San Pablo-Cuenca-\u00ab. En <em>Anales Madrid<\/em>, 1965, pp. 681ss.<br \/>\nORCAJO ORCAJO, A.: \u00ab\u00c1vila en tres tiempos\u00bb. En <em>Anales Madrid,<\/em> 1972, pp. 108-114.<br \/>\nORCAJO ORCAJO, A.: \u00abHistoria de los PP.\u00a0 Pa\u00fales en la Di\u00f3cesis de \u00c1vila\u00bb. En <em>Anales Madrid,<\/em> 1976, pp. 456-552.<br \/>\nORCAJO ORCAJO, A.: \u00abInauguraci\u00f3n de la casa de estudios de teolog\u00eda, en Burgos\u00bb. En <em>Anales Madrid,<\/em> 1977, pp. 145-153.<br \/>\nORCAJO ORCAJO, A.: <em>Al servicio de los pobres.\u00a0 Historia de los PP. Pa\u00fales y de las Hijas de la Caridad en la di\u00f3cesis de Burgos [Espa\u00f1a]<\/em>. Burgos, S. Rodr\u00edguez, 1979.<br \/>\nORCAJO ORCAJO, A.: \u00abAnotaciones a la\u00a0 Historia de los Padres Pa\u00fales en Granada\u00bb.\u00a0 En <em>Anales Madrid, <\/em>1990, pp.668-677.<br \/>\nORCAJO ORCAJO, A.: \u00abEl Estudiantado de la Provincia de Madrid\u00bb. En <em>Anales Madrid<\/em>, 1990, pp. 19-22.<br \/>\nORCAJO ORCAJO, A.: \u00abRese\u00f1a hist\u00f3rica del Centenario de Anales (1893-1993). En <em>Anales Madrid<\/em>, 1993, pp. 18ss.<br \/>\nORCAJO ORCAJO, A.: \u00abRese\u00f1a hist\u00f3rica de la Familia Vicenciana en Valdemoro\u00bb. En <em>Anales Madrid<\/em>, 2001, pp. 297-391 (monogr\u00e1fico).<br \/>\nORCAJO ORCAJO, A.: \u00abRevistas vicencianas de mayor raigambre en Espa\u00f1a\u00bb. En <em>Anales Madrid<\/em>, 2005, pp. 122-139.<br \/>\nORCAJO ORCAJO, A.: \u00abVicente Ferrer y Puig (1721-1789). Primer Visitador de la Congregaci\u00f3n de la Misi\u00f3n\u00bb. En <em>La Congregaci\u00f3n de la Misi\u00f3n en Espa\u00f1a: 1704-2004<\/em>. CEME, Salamanca, 2005.<br \/>\nORCAJO ORCAJO, A.: \u00abJuan Roca (1769-1859): Visitador de la Congregaci\u00f3n de la Misi\u00f3n en Espa\u00f1a\u00bb. En <em>La Congregaci\u00f3n<\/em><em> de la Misi\u00f3n en Espa\u00f1a: 1704-2004<\/em>. CEME, Salamanca, 2005<br \/>\nORCAJO ORCAJO, A.: \u00abArchivo Matritense de la Congregaci\u00f3n de la Misi\u00f3n\u00bb. En <em>Anales Madrid<\/em>, 2006, pp. 520-528.<br \/>\nORTEGA, F<em>.: Diccionario de la cultura en Burgos. Siglo XX.<\/em> Ed. Dossoles, Burgos, 2001.<br \/>\nORTEGA, R.: \u00abEl contenido de la Evangelizaci\u00f3n\u00bb. En <em>Anales Madrid<\/em>, 1979, pp. 55-74.<br \/>\nORTIZ, J.M\u00aa.: \u00abLos Pa\u00fales navarros: breve resumen hist\u00f3rico de ciento noventa a\u00f1os\u00bb. En <em>Anales Madrid<\/em>, 1988, pp. 452ss.<br \/>\nORTIZ, J.: \u00abFecha gloriosa: Hijas de la Caridad en la India\u00bb. En <em>Reina de las Misiones<\/em>, 49, pp. 9-10.<br \/>\nORZANCO, H.: \u00abRese\u00f1a hist\u00f3rica de la Casas-Misi\u00f3n y Escuela Apost\u00f3lica de Tardajos\u00bb. En <em>Anales Madrid<\/em>, 1910, pp. 52ss.<br \/>\nORZANCO, H.: \u00abNuestra situaci\u00f3n en Madrid durante los primeros meses de la revoluci\u00f3n\u00bb. En <em>Anales Madrid,<\/em> 1938, pp. 197ss; 1939, 17ss. y 105ss.<br \/>\nPADR\u00d3S, J.: \u00abPanor\u00e1mica de la primera casa de Espa\u00f1a durante un siglo y cuarto\u00bb. En <em>Anales Barcelona<\/em>, 1959, pp. 357-362; 1960, pp. 411-433, 524-548; 692-703; 1961, pp. 51-55.<br \/>\nPALACIOS ATARD, V. (Colaboraci\u00f3n): <em>Estudios sobre la Espa\u00f1a Liberal<\/em> (Barcelona, 1972).<br \/>\nPALACIOS, H.: Argentina : La Congregaci\u00f3n de la Misi\u00f3n de San Vicente de Pa\u00fal (1859-1880) y Primeros a\u00f1os de las Hijas de la Caridad en el Plata (1859-1870). Buenos Aires : [s.n.], 1983. Mecanografiado.<br \/>\nPALACIOS, H.: Casa de la Misi\u00f3n Padres Vicentinos \u00abLa Uni\u00f3n\u00bb Montevideo, 1884-1988. Horacio S. Palacios. &#8211; [s.l. : s.n., 1992].<br \/>\nPALACIOS, H.: Rese\u00f1a hist\u00f3rica: 350 a\u00f1os de Ntra. Se\u00f1ora de Luj\u00e1n. Buenos Aires : Talleres Gr\u00e1ficos San Francisco, 1980.<br \/>\nPALLAR\u00c9S, T.: \u00abInclusi\u00f3n de la C.M. en el Concordato de 1851. Sus causas, privilegios y consecuencias\u00bb. En <em>Centenario de los PP. Pa\u00fales en Madrid<\/em>, Madrid, 1928 pp. 439-446.<br \/>\nPALLARES, T.: \u00abNotas para la historia de la casa y finca de Hortaleza\u00bb. En <em>Anales Madrid<\/em>, 1929, pp. 526ss.<br \/>\nPALLARES, T.: \u00abAntecedentes acerca de nuestra casa central de Madrid\u00bb. En <em>Anales Madrid<\/em>, 1930, pp. 525ss.<br \/>\nPANO, \u00c1.: \u00abLos primeros votos\u00bb. En <em>Reina de las Misiones<\/em>, 173, pp. 8-9.<br \/>\nPARADELA, B.: Art\u00edculos (6) publicados en el \u00abBolet\u00edn de la Comisi\u00f3n Provincial de monumentos art\u00edsticos e hist\u00f3ricos de Orense\u00bb, n\u00fameros 175, 178, 212, 214, 216, 226, sobre documentos de la Iglesia y monumentos orensanos en el Archivo Hist\u00f3rico Nacional. Orense: 1927, 1928, 1933, 1934, 1936. &#8211; p. 90-92, 164-167, 113-114, 165-166, 218-220, 1-11; 24 cm.<br \/>\nPARADELA, B.: \u00abEl P. Vicente Ferrer, primer Visitador de la Congregaci\u00f3n de la Misi\u00f3n en Espa\u00f1a, y sus escritos\u00bb. En <em>Anales Madrid<\/em>, 1915, pp, 232ss.<br \/>\nPARADELA, B.: <em>Resumen hist\u00f3rico de la Congregaci\u00f3n de la Misi\u00f3n en Espa\u00f1a<\/em>.\u00a0 Madrid, 1923.<br \/>\nPARADELA, B.: \u00abLos Padres Pa\u00fales en el Seminario de San Pablo de Cuenca\u00bb. En <em>Anales Madrid<\/em>, 1923, pp. 508-516.<br \/>\nPARADELA, B.: <em>Los Visitadores de la Congregaci\u00f3n de la Misi\u00f3n y directores de las Hijas de la Caridad en Espa\u00f1a<\/em>. Tomo I. Madrid, 1928.<br \/>\nPARADELA, B. (Director): <em>Centenario de los Padres Pa\u00fales en Madrid. 1828-1928<\/em>.\u00a0 Madrid, 1928.<br \/>\nPARADELA, B.: \u00abCentenario de la casa de Madrid\u00bb, en <em>Anales Madrid<\/em>, 1928, varias p\u00e1ginas.<br \/>\nPARADELA, B.: <em>El P. Hilario Casabosca, C.M. : Notas biogr\u00e1ficas y extracto de alguna de sus cartas a la familia.<\/em> Madrid : Cleto Vallinas, 1929.<br \/>\nPARADELA, B<em>.: El Santuario de Nuestra Se\u00f1ora de los Milagros: (Apuntes hist\u00f3ricos; Novena a la Ssma. Virgen de los Milagros y sumario de las gracias espirituales concedidos a los cofrades de la Hermandad de los Milagros.<\/em> Madrid: Puga, 1929.<br \/>\nPARADELA, B.: \u00abLos Ejercicios espirituales en las casas de la Congregaci\u00f3n de la Misi\u00f3n de Espa\u00f1a desde 1704 a 1835\u00bb. En <em>Anales Madrid<\/em>, 1928, pp. 632ss y 689ss.<br \/>\nPARADELA, B.: \u00abUn pedagogo desconocido. Apuntes biogr\u00e1ficos del P. Juli\u00e1n Gonz\u00e1lez de Soto (1803-1864). En <em>Anales Madrid<\/em>, 1929, pp. 571ss y 700ss; 1930, pp.24ss, 89ss., 136ss, 203ss, 297ss y 344ss.<br \/>\nPARADELA, B.: <em>Colecci\u00f3n de documentos para la historia de la Congregaci\u00f3n de la Misi\u00f3n en Espa\u00f1a. Tomo I (1702-1835).<\/em> Madrid. Imprenta Vallinas, 1931.<br \/>\nPARADELA, B.: \u00abNotas para la bibliograf\u00eda de San Vicente de Pa\u00fal en Espa\u00f1a\u00bb Madrid: <em>Separata de Anales<\/em> C.M., 1931.<br \/>\nPARADELA, B.: \u00abLos PP. Pa\u00fales en Catalu\u00f1a durante la primera mitad del siglo XIX\u00bb. En <em>Anales Madrid<\/em>, 1931, pp. 431ss.<br \/>\nPARADELA, B.: <em>Notas biogr\u00e1ficas de los que han pertenecido a la Congregaci\u00f3n de la Misi\u00f3n en Espa\u00f1a. Tomo I (1696-1835)<\/em>. Madrid, 1935.<br \/>\nPARDO, V.: \u00abLas Comunidades Misioneras se re\u00fanen en Loyola\u00bb. En <em>Anales Madrid,<\/em> 1956, pp. 390-396.<br \/>\nPARDO, V.: \u00abLa Hermandad Misionera de San Vicente de Pa\u00fal en Astorga\u00bb.\u00a0 En <em>Anales Madrid, <\/em>1959, pp.\u00a0 362-364.<br \/>\nPARDO, V.: <em>Pastoral de Misiones Populares<\/em>. Juan Flors, Barcelona, 1966.<br \/>\nPARDO, V.: \u00abLa Parroquia de San Vicente de Pa\u00fal (Madrid)\u00bb. En <em>Anales Madrid<\/em>, 1980, pp.593-599.<br \/>\nPARDO, V.: \u00abCien a\u00f1os de los Pa\u00fales en Burgos\u00bb. En <em>Anales Madrid<\/em>, 1988, pp. 608ss<br \/>\n<em>Parroquia de San Ant\u00f3n: Bodas de Oro 1946-1996. 50 a\u00f1os al servicio de la evangelizaci\u00f3n<\/em>. Congregaci\u00f3n de la Misi\u00f3n (PP. Pa\u00fales). Cartagena: Parroquia de San Ant\u00f3n, 1995.<br \/>\nPAREDES, J. (Coord.): <em>Espa\u00f1a siglo XIX. Actas<\/em>. Madrid, 1991.<br \/>\nPARICHA, C.: \u00abTributo de agradecimiento a los padres espa\u00f1oles de Cuttack\u00bb. En <em>Anales Madrid<\/em>, 1972, pp. 157-160.<br \/>\nPASCUAL, N.: \u00abDocumentos para la historia de la Casa Misi\u00f3n de Palma de Mallorca\u00bb. En <em>Anales Barcelona<\/em>, 1938, pp.81ss; 1939, pp.213ss, 357ss, 489ss; 1940, pp.143ss., 225ss, 300ss.<br \/>\nPASCUAL, N.: \u00abLa Casa Misi\u00f3n de Palma y los misioneros refugiados en ella\u00bb. En <em>Anales Barcelona, <\/em>1939, pp.417ss<em>.<\/em><br \/>\nPASCUAL, N.: <em>Documentos hist\u00f3ricos para la historia de la Casa-Misi\u00f3n de Palma de Mallorca: Primera parte. Or\u00edgenes de la fundaci\u00f3n<\/em>. Barcelona: Pellicer, 1941.<br \/>\nPASCUAL, N.: \u00abAnte los muros ca\u00eddos de la Primera Casa Misi\u00f3n de Espa\u00f1a\u00bb. En <em>Anales Barcelona<\/em>\u00ab, 1942, pp. 48ss.<br \/>\nPASCUAL, N.: \u00abUna aparici\u00f3n de San Severo y nuestra primitiva Iglesia barcelonesa de la calle de Tallers\u00bb. En <em>Anales Barcelona<\/em>, 1942, pp. 61ss.<br \/>\nPASCUAL, N.: \u00abLas viejas caridades vicencianas y las modernas Conferencias de San Vicente de Pa\u00fal\u00bb. En <em>Anales Barcelona<\/em>, 1943, pp. 10ss.<br \/>\nPASCUAL, N.: \u00abUna obra in\u00e9dita sobre nuestra Casa Misi\u00f3n de Barcelona\u00bb. En <em>Anales Barcelona<\/em>, 1945-6, pp. 341ss.<\/p>\n<p>PASCUAL, N.: \u00abCarta al P. Segu\u00ed en referencia a la Casa de Ejercicios de Palma\u00bb. En <em>Anales de Barcelona<\/em>, 1957-8, pp. 228ss.<br \/>\nPASCUAL, N.: \u00abT\u00e9cnica de una misi\u00f3n\u00bb. En <em>Anales Barcelona<\/em>, 1958, pp. 320-335.<br \/>\nPASCUAL, N.: \u00abNuestras misiones de anta\u00f1o. Tres memorables campa\u00f1as en Menor\u00eda durante la segunda mitad del siglo XVIII\u00bb. En <em>Anales Barcelona<\/em>, 1959, pp. 43-83.<br \/>\nPASCUAL, N.: \u00abSan Vicente de Pa\u00fal en Mallorca\u00bb. En <em>Anales Barcelona,<\/em> 1959-60, pp. 243ss.<br \/>\nPASCUAL, N.: <em>San Vicente de Pa\u00fal en Mallorca. Monograf\u00eda hist\u00f3rica<\/em>. Palma, 1960.<br \/>\n<em>Pastoral Parroquial: Directorio de las Parroquias para uso de los Sacerdotes de la Misi\u00f3n.<\/em> &#8211; Barcelona: Jos\u00e9 Vilamala, 1926.<br \/>\n<em>Pastoral Parroquial: Congregaci\u00f3n de la Misi\u00f3n. Provincia de Madrid: L\u00edneas b\u00e1sicas de acci\u00f3n pastoral en las parroquias vicencianas.<\/em> Madrid: [s.n.], 1986.<br \/>\nPEDR\u00d3S, M.: \u00abBreve rese\u00f1a sobre la fundaci\u00f3n del Convento de San Bartolom\u00e9 de Bellpuig (L\u00e9rida)\u00bb. En <em>Anales Barcelona<\/em>, 1941, pp. 89-98.<br \/>\nPEREDA, A.: \u00abParroquias de Rasines y Oj\u00e9bar (Cantabria). En <em>BPM<\/em>, 2005, pg. 9ss<br \/>\nPERELL\u00d3, JM.: \u00abLa casa Misi\u00f3n de Palma de Mallorca\u00bb. En <em>Anales Barcelona<\/em>, 1972, pp. 38-66 y 204-245; 1973, pp. 62-96 y 240-288.<br \/>\nP\u00c9REZ DE GRACIA, M.: \u00abAqu\u00ed Cartagena\u00bb. En <em>Anales Madrid<\/em>, 1958, pp. 167-176.<br \/>\nP\u00c9REZ FLORES, M.: \u00abLa Bula Salvatoris Nostri y la Congregaci\u00f3n de la Misi\u00f3n\u00bb. En <em>Anales Madrid, <\/em>1983, pp. 393-424.<br \/>\nP\u00c9REZ FLORES, M.: \u00abDel Equipo Misionero a la Congregaci\u00f3n de la Misi\u00f3n\u00bb. En <em>Vincentiana <\/em>28 1984, pp. 679-716.<br \/>\nP\u00c9REZ FLORES, M.: \u00abEl hermano en la Congregaci\u00f3n de la Misi\u00f3n\u00bb, en <em>Anales Madrid<\/em>, 1986. pp. 564ss.<br \/>\nP\u00c9REZ FLORES, M.: \u00abDesde el\u00a0 Contrato de Fundaci\u00f3n de la Congregaci\u00f3n de la Misi\u00f3n hasta la Bula Salvatoris Nostri (1625-1633)\u00bb. En <em>Vincentiana<\/em> 31, 1987, pp.\u00a0 667-683.<br \/>\nP\u00c9REZ FLORES, M.: \u00abLa Familia Vicenciana\u00bb. En <em>Anales Madrid<\/em>, 1988, pp. 177.<br \/>\nP\u00c9REZ FLORES, M.: \u00abPrivilegios antiguos y derecho nuevo\u00bb. En <em>Anales Madrid<\/em>, 1991, pp. 5ss.<br \/>\nP\u00c9REZ FLORES, M.: \u00abRecuerdos deshilvanados. Casa de la Congregaci\u00f3n de la Misi\u00f3n en Salamanca\u00bb. En <em>Anales Madrid<\/em>, 1993, pp. 413ss.<br \/>\nP\u00c9REZ FLORES, M.: \u00abJuventudes Marinas Vicencianas. Ahondando en la propia identidad\u00bb. En <em>Anales Madrid<\/em>, 1995, pp. 87ss.<br \/>\nP\u00c9REZ FLORES, M.: <em>Revestirse del Esp\u00edritu de Cristo<\/em>. CEME, Salamanca, 1996.<\/p>\n<p><em>Per\u00fa: 125 a\u00f1os en el Per\u00fa: Hijas de la Caridad y Padres Vicentinos<\/em>. 1858-1983. Per\u00fa C.M. &#8211; , 1984.<br \/>\nPEYROUS, B.: \u00abMissions paroissiales\u00bb. En <em>Dictionnaire de Th\u00e9ologie. <\/em><em>Catholicisme<\/em>,\u00a0 pp.\u00a0 412-427.<br \/>\nPEYROUS, B.: \u00abSan Vicente de Pa\u00fal y la renovaci\u00f3n de las Misiones Parroquiales\u00bb.\u00a0 En <em>Anales Madrid<\/em>, 1983, pp. 617-624.<br \/>\nPIQUER, J.: \u00abLa Escuela Parroquial de la Parroquia de San Pedro de Brooklyn cumple 100 a\u00f1os\u00bb. En <em>Anales Barcelona<\/em>, 1967, pp. 49-62.<br \/>\nPIQUER, M.: \u00abProvincia de Barcelona. Bodas de platino 1902-1980 (Espa\u00f1a)\u00bb. En <em>Anales\u00a0 Barcelona<\/em> (1980) (N\u00ba extra).<br \/>\nPOWELL, Ch.: <em>Espa\u00f1a en democracia, 1975-2000<\/em>.\u00a0 Barcelona, Plaza y Janes, 2001.<br \/>\nPROVINCIA DE BARCELONA: Asamblea Provincial 1971. Cdu 271.77-4. Biblioteca Provincial de Madrid.<br \/>\nPROVINCIA DE BARCELONA: Asamblea Provincial 1982.\u00a0 Cdu 271.77-4 . Biblioteca Provincial de Madrid.<br \/>\nPROVINCIA DE BARCELONA: Asamblea Provincial 1985. Cdu 271.77-4 . Biblioteca Provincial de Madrid.<br \/>\nPROVINCIA DE BARCELONA: Asamblea Provincial 1991. Cdu 271.77-4 . Biblioteca Provincial de Madrid.<br \/>\nPROVINCIA DE BARCELONA: Asamblea Provincial 1997. Cdu 271.77-4 . Biblioteca Provincial de Madrid.<br \/>\nPUEBLA, T.: \u00abCien a\u00f1os de la C.M. en Ponce (1892-1992)\u00bb. En <em>Anales Madrid<\/em>, 1994, pp. 306ss.<br \/>\nQUINTANO, F.: \u00ab\u00bfLa Hija de la Caridad en las Misiones Populares?\u00bb. En <em>Anales Madrid<\/em>, 1993, pp. 362ss.<br \/>\nQUINTERO, S.: <em>Evangelizaci\u00f3n\u00a0 vicenciana entre\u00a0 los pobres\u00a0 de la Espa\u00f1a de hoy<\/em>. Memoria de Licenciatura. Madrid, 1988. (Mecanografiada).<br \/>\nR\u00c1BAGO, M.: <em>Los Pa\u00fales y las Hijas de la Caridad en Filipinas: A prop\u00f3sito de un libro<\/em>. Manila: Santos y Bernal, 1913.<br \/>\nRAM\u00cdREZ, A.: \u00abIndia: los primeros brotes\u00bb. <em>En Reina de las Misiones<\/em>, 94, pp. 86-88.<br \/>\nRAM\u00cdREZ, J.: \u00abUn escritor de la generaci\u00f3n del 98 en Tardajos\u00bb. En <em>Anales Madrid<\/em>, 1977, pp. 683- 693.<br \/>\nRAMIS, J.: \u00abBodas de oro de la Casa de Figueras 1894-1944\u00bb. En <em>Anales Barcelona<\/em>, 1943, pp. 24ss.<br \/>\nRatio Formationis: Congregaci\u00f3n de la Misi\u00f3n. Provincia de Madrid. Plan general de formaci\u00f3n. Madrid : C.M., 1985.<br \/>\nRatio Formationis: \u00abRatio formationis Vincentianae para el Seminario Mayor de la C.M\u00bb &#8211; Roma : Separata de \u00abVincentiana\u00bb N\u00ba 157, 2\/ 1988.<br \/>\nRatio Formationis: \u00abRatio formationis para el Seminario Interno\u00bb. &#8211; Roma : Separata de \u00abVincentiana\u00bb, 3\/ 1983.<br \/>\nRECODER, J.: <em>Los sacerdotes de la Congregaci\u00f3n de la Misi\u00f3n, conocidos en Espa\u00f1a con el nombre de Pa\u00fales: Cuesti\u00f3n de inter\u00e9s y de honor nacional<\/em> \/ Op\u00fasculo escrito por D. Jos\u00e9 de Cerro [Pseud\u00f3nimo]. Madrid: Prudencio Cuartero, 1863.<br \/>\n<em>\u00abRecueil Des Principales Circulaires Des Sup\u00e9rieurs G\u00e9n\u00e9raux<\/em> <em>1625-1874&#8243;.<\/em> Typographie Georges Chamerot, Paris, 1877-1880. 3vv.<br \/>\nREDONDO, F.: Nuestro jubileo martirial. Oviedo: Seminario Metropolitano, 1959.<br \/>\nREDONDO, G.: <em>Historia de la Iglesia en Espa\u00f1a 1931-1939<\/em>. Rialp, Madrid 1993, 2vv.<br \/>\nREGATILLO, E. F.: <em>El Concordato espa\u00f1ol de 1953<\/em>. Santander, 1961.<br \/>\n\u00ab<em>Reglamento de los se\u00f1ores sacerdotes: Reglamento de los se\u00f1ores sacerdotes y cl\u00e9rigos de la conferencia eclesi\u00e1stica establecida en la casa de la Congregaci\u00f3n de la Missi\u00f3n en la ciudad de Barcelona cada quince d\u00edas del a\u00f1o<\/em>\u00ab. &#8211; Barcelona: Mar\u00eda Angela Mart\u00ed, 1764.<br \/>\n\u00ab<em>Reglamento de los Colegios de segunda ense\u00f1anza para la C.M. de la Provincia de Espa\u00f1a<\/em>\u00ab. Madrid : Rivadeneira, 1915.<br \/>\n<em>\u00abReglamento de la Cofrad\u00eda de la Caridad\u00bb.<\/em> Transcrito del original del siglo XVII y recogido en el \u00abReglamento de las Misiones de 1895\u00bb, pp. 169-175, Madrid, 1924.<br \/>\n<em>\u00abReglamento de la Sociedad de San Vicente de Pa\u00fal en Espa\u00f1a\u00bb, <\/em>Madrid, 1975.<br \/>\n\u00abReglamento de los se\u00f1ores sacerdotes y cl\u00e9rigos de la conferencia eclesi\u00e1stica establecida en la casa de la Congregaci\u00f3n de la Missi\u00f3n en la ciudad de Barcelona cada quince d\u00edas del a\u00f1o\u00bb. &#8211; Barcelona : Mar\u00eda Angela Mart\u00ed, 1764. Cdu 254. Biblioteca Provincial de Madrid.<br \/>\n<em>\u00abRelation abr\u00e9g\u00e9e de la vie et la mort des Pr\u00eatres, Clercs et Fr\u00e8res de la Congr\u00e9gation de la Misi\u00f3n\u00bb.<\/em> Nouvelle s\u00e9rie, Adrian Le Clere et autres, Par\u00eds, 1845-1890. 5vv.<br \/>\nRIVAS QUINTAS\u00a0 E.: <em>Historia\u00a0 del Santuario de los Milagros-Orense<\/em>. Orense, 1983.<br \/>\nRIVAS QUINTAS, E.: \u00abLos Pa\u00fales espa\u00f1oles en Inglaterra\u00bb. En <em>Anales Madrid<\/em>, 1990, pp. 475ss.<\/p>\n<p>RIVAS QUINTAS, E.: \u00abEl Santuario de Los Milagros y la ense\u00f1anza\u00bb. En <em>Bolet\u00edn Provincial de Salamanca<\/em>, 1993, pp. 1406-1411.<br \/>\nRIVAS QUINTAS, E.: \u00abCentenario de los PP. Pa\u00fales en Orense. 1902-2002\u00bb. En <em>Anales Madrid<\/em>, 2003, pp. 375-489.<br \/>\nRIVAS VILA, E.: \u00ab\u00bfPor qu\u00e9 vinieron.?. La Iglesia en Espa\u00f1a en el paso del siglo XVII al XVIII\u00bb. En <em>La Congregaci\u00f3n de la Misi\u00f3n en Espa\u00f1a: 1704-2004<\/em>. CEME, Salamanca, 2005<br \/>\nROCA. J.: \u00abBodas de oro de la fundaci\u00f3n de Bellpuig\u00bb. En <em>Anales Barcelona<\/em>, 1949, pp. 161-166.<br \/>\nROCA, J.: \u00abBodas de Oro de la Provincia de Barcelona. Resumen hist\u00f3rico\u00bb. En <em>Anales Barcelona<\/em>, 1951-52, pp. 326ss.<br \/>\nROCA, J.: \u00abEl sencillo m\u00e9todo de San Vicente de Pa\u00fal\u00bb. En <em>Anales Barcelona<\/em>, 1955, pp.\u00a0 187-191.<br \/>\nRODR\u00cdGUEZ, J.: <em>El Padre Adolfo Tobar Mayoral Visitador de los Pa\u00fales<\/em>. Tesis Doctoral. Madrid : Univ. Pont. Comillas, Facultad de Derecho Can\u00f3nico, 1984.<br \/>\nRODR\u00cdGUEZ, M.: <em>La Congregaci\u00f3n<\/em><em> de la Misi\u00f3n en el Per\u00fa. 1858-1990<\/em>. Mecanografiado.<br \/>\nROM\u00c1N, A.: \u00abBerhampur, el primer Santuario de la Reina de las Misiones\u00bb. En <em>Reina de las Misiones<\/em> 83, pp. 101-102.<br \/>\nROM\u00c1N, J. M\u00aa.: \u00abLa C.M. ante la Revoluci\u00f3n liberal en Espa\u00f1a\u00bb. En <em>S.V.de Pa\u00fal. Pervivencia de un Fundador. <\/em>CEME, Salamanca, 1972, pp.151-172.<br \/>\nROM\u00c1N, J. M\u00aa.: El nacimiento de San Vicente de Pa\u00fal : Preguntas en torno a una fecha. Santa Marta de Tormes, Salamanca: CEME. Separata de la 10\u00aa Sem. Vicenciana, 1981.<br \/>\nROM\u00c1N, J. M\u00aa.: <em>San Vicente de Pa\u00fal. (I) Biograf\u00eda<\/em>. BAC, Madrid, 1981.<br \/>\nROM\u00c1N, J.M\u00aa.: \u00abEl nacimiento de San Vicente de Pa\u00fal: preguntas en torno a una fecha\u00bb. En <em>Semana Vicenciana de Salamanca 10\u00aa<\/em>, 1982, pp. 147ss.<br \/>\nROM\u00c1N, J. M\u00aa.: \u00abEl a\u00f1o\u00a0 1617 en la biograf\u00eda\u00a0 de San Vicente de Pa\u00fal\u00bb. En <em>Vincentiana<\/em>, XXVIII, 1984, pp.\u00a0 443-456.<br \/>\nROM\u00c1N, J. M\u00aa.: \u00abHistoria de la\u00a0 Congregaci\u00f3n de la Misi\u00f3n. Ensayo de sistematizaci\u00f3n\u00bb.\u00a0 En <em>Vincentiana<\/em>, XXXI, 1987, pp. 878-884.<br \/>\nROM\u00c1N, J. M\u00aa.: La Congregaci\u00f3n de la Misi\u00f3n (Padres Pa\u00fales). Confer, 1987. Se encuentra en \u00abUna luz multicolor. Institutos Religiosos de Espa\u00f1a\u00bb, p. 212-215.<br \/>\nROM\u00c1N, J.M\u00aa: \u00abLa llegada de las Hijas de la Caridad a Espa\u00f1a y su contexto hist\u00f3rico\u00bb. En <em>Anales Madrid<\/em>, 1990, pp. 292-328.<br \/>\nROM\u00c1N, J.M\u00aa: \u00abLos Pa\u00fales espa\u00f1oles en la misi\u00f3n del cielo\u00bb. En <em>Anales Madrid<\/em>, 1990, pp.537-632.<br \/>\nROM\u00c1N, J.M\u00aa: \u00abNotas para la Bibliograf\u00eda de Santa Luisa de Marillac en castellano\u00bb. En <em>Anales Madrid<\/em>, 1991, pp.171ss.<br \/>\nROM\u00c1N, J. M\u00aa.: \u00abUna p\u00e1gina olvidada\u00a0 de la Historia de la\u00a0 Congregaci\u00f3n. La emigraci\u00f3n lazarista a Espa\u00f1a durante la Revoluci\u00f3n Francesa\u00bb. En <em>Anales Madrid,<\/em> 1993, pp. 374-402.<br \/>\nROM\u00c1N, J. M\u00aa.: Cat\u00e1logo alfab\u00e9tico. Madrid: Casa central de PP. Pa\u00fales, 1993.<br \/>\nROM\u00c1N, J. M\u00aa.: Biblioteca Vicenciana : Cat\u00e1logo sistem\u00e1tico. Madrid: Casa central de PP. Pa\u00fales, 1993.<br \/>\nROM\u00c1N, J,M\u00aa.: \u00abLa secci\u00f3n de antiguos de la Biblioteca de la casa Central de Madrid\u00bb. En <em>Anales Madrid<\/em>, 1995, pp. 395ss.<br \/>\nROM\u00c1N, J. M\u00aa.: Biblioteca Vicenciana : Cat\u00e1logo alfab\u00e9tico. Madrid: Casa central de PP. Pa\u00fales, 1997.<br \/>\nROM\u00c1N, J.M\u00aa.: \u00abHistoria de la Congregaci\u00f3n de la Misi\u00f3n en Espa\u00f1a\u00bb. En <em>Anales Madrid<\/em>, 2004, pp. 151-166 (Cap\u00edtulo 1\u00ba); 239-251 (Cap\u00edtulo 2\u00ba y \u00faltimo).<br \/>\nROMAN, J.M\u00aa.: \u00abLecciones de Historia General de la Congregaci\u00f3n de la Misi\u00f3n\u00bb. En <em>Anales Madrid<\/em> (Separata), 2005, nn. 4-5.<br \/>\nROMO, B.: \u00abCien a\u00f1os de presencia vicentina en M\u00e9xico\u00bb. En <em>Anales Madrid<\/em>, 1994, pp. 302ss.<br \/>\nRUIZ DEL CAMPO, F.: \u00abLa Viceprovincia de Per\u00fa\u00bb. En <em>Anales Madrid<\/em>, 1951, pp. 528-538.<br \/>\nRUIZ DEL CAMPO, F.: \u00abPanor\u00e1mica de la provincia del Per\u00fa\u00bb. En <em>Anales Madrid<\/em> 1966, pp. 81ss.<br \/>\nRUIZ DEL CAMPO, F.: \u00abLa Congregaci\u00f3n de la Misi\u00f3n en Per\u00fa\u00bb. En <em>Anales Madrid<\/em>, 1987, pp. 416-434.<br \/>\nS\u00c1INZ, R.: \u00abLos Pa\u00fales en el Palacio de Datue (Elizondo-Navarra)\u00bb. En <em>BPZ<\/em> 1993, Agosto-Septiembre, pp. 23-24.<br \/>\nS\u00c1INZ, R.: \u00abEvoluci\u00f3n de la Provincia (de Zaragoza) a trav\u00e9s de las Normas Provinciales y L\u00edneas Operativas: 1971-1994\u00bb. En <em>XXV Aniversario de la Provincia de Zaragoza<\/em>. Fe y Vida, 1995, pp. 201-213.<br \/>\nSAIZ, B.: <em>Los Padres Pa\u00fales y las Hijas de la Caridad en Filipinas: Breve rese\u00f1a hist\u00f3rica (1862-1912).<\/em> Manila: Santos y Bernal, 1912.<br \/>\nS\u00c1IZ, B.: \u00abNota sobre la casa de Tardajos\u00bb. En <em>Anales Madrid<\/em>, 1928, pp. 66ss.<br \/>\nS\u00c1IZ, B.: \u00abAd Cleri disciplinam\u00bb. En <em>Anales Madrid<\/em>, 1943, 300ss.<br \/>\n<em>Salamanca C.M., Provincia de Normas Provinciales. &#8211; Congregaci\u00f3n de la Misi\u00f3n. Provincia de Salamanca. V Asambla Provincial<\/em>. &#8211; Salamanca : [s.n.], 1982.<br \/>\n<em>Salamanca C.M., Provincia de Normas Provinciales. &#8211; Congregaci\u00f3n de la Misi\u00f3n. Provincia de Salamanca. VI Asamblea Provincial.<\/em> &#8211; Salamanca: [s.n.], 1985.<br \/>\n<em>Salamanca C.M., Provincia de Normas Provinciales. &#8211; Congregaci\u00f3n de la Misi\u00f3n. Provincia de Salamanca. VIII Asamblea Provincial.<\/em> &#8211; Salamanca: [s.n.], 1991.<br \/>\n<em>Salamanca C.M., Provincia de Normas Provinciales. &#8211; Congregaci\u00f3n de la Misi\u00f3n. Provincia de Salamanca. IX Asamblea Provincial<\/em>. &#8211; Salamanca: [s.n.], 1994.<br \/>\n<em>Salamanca C.M., Provincia de Normas Provinciales. &#8211; Congregaci\u00f3n de la Misi\u00f3n. Provincia de Salamanca. X Asamblea Provincial.<\/em> &#8211; Salamanca: [s.n.], 1997.<br \/>\nSALAMERO, A.: \u00abCentenario de la apost\u00f3lica de Tardajos\u00bb. En <em>Anales Madrid<\/em>, 1992, pp. 77-83.<br \/>\nSALINERO, F.: \u00abNueva evangelizaci\u00f3n en las Parroquias\u00bb. En <em>La Congregaci\u00f3n de la Misi\u00f3n en Espa\u00f1a: 1704-2004<\/em>. CEME, Salamanca, 2005<br \/>\nSALVAD\u00d3, A.: \u00abMercedarias, nuestra Casa-Parroquia de la capital peruana a trav\u00e9s de sus 25 a\u00f1os de vida\u00bb. En <em>Anales Barcelona<\/em>, 1944, pp. 62-84.<br \/>\nSAMPEDRO, F.: \u00abPresencia misionera en Chile\u00bb. En <em>Anales Madrid<\/em>, 2005, pp.153-159<br \/>\nS\u00c1NCHEZ, A.: \u00abNotas biogr\u00e1ficas del R. P. Lorenzo Siera, C.M. en el centenario de su nacimiento\u00bb. Madrid: <em>Separata de Anales<\/em>, t. 80 (1972), p. 503-531.<br \/>\nS\u00c1NCHEZ, E.: <em>De Sig\u00fcenza a Madrid pasando por Guadalajara: (Apuntes para la Historia de la sangrienta y bestial actuaci\u00f3n de la horda roja).<\/em> Sig\u00fcenza: [s.n.], [1938]. En el 2\u00ba t.: Las Hijas de la Caridad son arrojadas del Hospital General de Madrid.<br \/>\nS\u00c1NCHEZ, J.M\u00aa.: \u00abLas semanas Vicencianas de Salamanca\u00bb. En <em>Anales Madrid<\/em>, 1999, pp. 432ss.<br \/>\nSANTAEULARIA,\u00a0 J.: <em>La\u00a0 Casa Seminario\u00a0 de\u00a0 Guissona [Espa\u00f1a]<\/em>. Barcelona, Imatge i Servei, 1988.<br \/>\nSANTAEULARIA, J.: \u00abDocumentos para la\u00a0 Historia de la Casa Seminario de Guissona\u00bb. En <em>Anales Madrid<\/em> (1986), pp. 731ss, 799ss; (1987), pp. 52ss., 130ss., 182ss., 273ss., 375ss., 489ss., 561ss., 628ss., 710ss. y 780ss.<br \/>\nSANTOS, J.: <em>Biograf\u00eda del Sr. D. Aquilino Valdivielso y Mayor.<\/em> Madrid : Hu\u00e9rfanos, 1912.<br \/>\nSANZ, J.: \u00abApuntes para la cr\u00f3nica de la casa de San Pedro Sula\u00bb. En <em>Anales Barcelona<\/em>, 1967, pp. 296-312.<br \/>\nSANZ, R.: \u00abRelaci\u00f3n del primer viaje que hicieron a las Islas Filipinas el a\u00f1o 1862 los Sacerdotes de la Congregaci\u00f3n de la Misi\u00f3n y las Hijas de la Caridad\u00bb. En <em>Anales Madrid<\/em>, 1919, pp. 271-292.<br \/>\nSEBASTI\u00c1N, E.: \u00abRese\u00f1a hist\u00f3rico-parroquial de la Capilla Misi\u00f3n La Monserrate. Brooklyn\u00bb. En <em>Anales Barcelona<\/em>, 1971, pp. 144-154; 1972, pp.70-72 y 313-322.<br \/>\nSEDANO. A.: \u00abNuestra Casa de Pamplona\u00bb. En <em>Anales Madrid,<\/em> 1923, pp. 20-24.<br \/>\nSEGU\u00cd, G.: \u00abLa primera Casa de Ejercicios de Mallorca\u00bb. En <em>Anales Barcelona<\/em>, 1957-8, pp. 147ss. La respuesta a esta informaci\u00f3n (P. Nicol\u00e1s Pascual) est\u00e1 en el mismo tomo pp. 228ss.<br \/>\nSIERRA, L.: \u00abMateriales o datos para el estudio del establecimiento de las Hijas de la Caridad en Espa\u00f1a\u00bb. En <em>Anales Madrid<\/em>, 1927, pp. 457ss.<br \/>\nSOL\u00c1, A.: \u00abMedio siglo de una fundaci\u00f3n\u00bb (Espluga). En <em>Anales Barcelona<\/em>, 1959, pp, 390-397.<br \/>\nSOL\u00c1S, F.: \u00ab75 a\u00f1os de presencia de la Congregaci\u00f3n de la Misi\u00f3n (Pa\u00fales) en Venezuela. En <em>Caminos de Misi\u00f3n<\/em>, marzo 2007, pp. 12-15.<br \/>\nSOLER, A.: \u00abInauguraci\u00f3n de dos nuevos edificios en Figueras\u00bb. En <em>Anales Madrid<\/em>, 1905, pp. 192-194.<br \/>\nSONET, J.: \u00abLa Provincia de Barcelona en los Estados Unidos. 1909-1973\u00bb. En Anales <em>Barcelona<\/em>, 1973, pp. 298-322 (seguir\u00e1).<br \/>\nSONET, J.: \u00abCien a\u00f1os de la casa e Iglesia de los PP. Pa\u00fales en Barcelona\u00bb En <em>Anales Madrid<\/em> 1985, pp. 300-301.<br \/>\nSONET, J.: \u00abProyecci\u00f3n evangelizadora de la Provincia de Barcelona en Am\u00e9rica: 1909-1992\u00bb. En <em>Bolet\u00edn Provincial de Barcelona<\/em>, 1992, n\u00ba.116, 117, 118, 119 y 120.<br \/>\nSONET, J.: \u00abRese\u00f1a hist\u00f3rica\u00a0 de\u00a0 los\u00a0 Anales\u00a0 de\u00a0 la Provincia de Barcelona\u00bb. En <em>Anales Madrid<\/em>, 1993, pp.497-510.<br \/>\nSU\u00c1REZ, H.: \u00abCincuenta a\u00f1os de apostolado en La Orotava\u00bb. En <em>Anales Madrid<\/em>, 1960, pp. 109ss.<br \/>\nSUPERIORES GENERALES C.M.: <em>Circulares de los Superiores Generales desde 1890 traducidas al espa\u00f1ol. &#8211; 1890-1965<\/em>. Publicaci\u00f3n anual.<br \/>\nTABOADA, J.: <em>En las selvas del Ganjam. Los Padres Pa\u00fales en el Indost\u00e1n (1922-1947).<\/em> Editorial Pro FIDES, Madrid, 1948.<br \/>\nTABOADA, J.: \u00abConsagraci\u00f3n episcopal del Exmo y Revmo. Padre Adolfo Tobar\u00bb. En <em>Reina de la Misiones<\/em>, 110, pp. 123 y ss.<br \/>\nTABOADA, J.: \u00abLa figura se\u00f1era del P. Enrique Albiol, C.M. Madrid\u00bb. <em>Separata de Anales<\/em>, 1979.<br \/>\nTABOADA, J.: \u00abPasado, presente y futuro de la Provincia de Venezuela\u00bb. En <em>Anales Madrid<\/em>, 1959, pp. 407-411.<br \/>\nTABOADA, J.: \u00abLa Gran misi\u00f3n de Buenos Aires\u00bb. En <em>Anales Madrid,<\/em> 1960, pp.804-818; 1961, pp. 43-53.<br \/>\nTABOADA, J.: \u00abLogros apost\u00f3licos de los Pa\u00fales en la India\u00bb. En <em>Anales Madrid<\/em>, 1988, pp. 550ss.<br \/>\nTAMAYO, A.: \u00abSan Vicente y las Misiones\u00bb.\u00a0 En <em>CLAPVI <\/em>(1983), pp. 28-43. Tambi\u00e9n en <em>Anales Madrid,<\/em> 1983, pp. 136ss.<\/p>\n<p>TOBAR, J.: \u00abPanor\u00e1mica de la Misi\u00f3n de Cuttack en sus bodas de oro\u00bb. En <em>Anales Madrid<\/em>, 1972, pp. 53-62.<br \/>\nTOBAR, P.: \u00abCarta de la Misi\u00f3n de Cuttack\u00bb. En <em>Reina de las Misiones<\/em>, 181, pp. 3-6.<br \/>\nTORRES, M.: \u00abVida y virtudes del se\u00f1or Francisco Sen-Just y Pag\u00e9s\u00bb. En <em>Anales Madrid<\/em>, 1904, pp. 48ss y 208ss.<br \/>\nTUBEUF, L.: \u00abResumen hist\u00f3rico de la fundaci\u00f3n de San Luis de los Franceses. En <em>Anales Madrid,<\/em> 1906, pp. 337-344.<br \/>\nTUGORES, A.: \u00abNuestra casa de Barcelona y la Revoluci\u00f3n (1936-1939). En <em>Anales Barcelona<\/em>, 1939, pp. 276ss.<br \/>\nTU\u00d1\u00d3N DE LARA, M.\u00a0 (Dir): <em>Historia de Espa\u00f1a<\/em>.\u00a0 Labor, Madrid, 1980, 13 vv.<br \/>\nTUSELL, J. y SOTO, A. (eds.) <em>Historia de la Transici\u00f3n 1975-1986.<\/em> Madrid, Alianza, 1996.<br \/>\nURBANEJA, V.: \u00abEl Estado de Orissa\u00bb. En <em>Caminos de Misi\u00f3n<\/em>, 32, pp. 8-11.<br \/>\nURBANEJA, V.: <em>Datos para la Historia de la Congregaci\u00f3n de la Misi\u00f3n en la India<\/em>. Madrid : [s.n.], 1993.\u00a0 2 vv.<br \/>\nURBANEJA, V.: \u00ab75 a\u00f1os de Vida misionera en la India\u00bb. En <em>Caminos de Misi\u00f3n<\/em>, 69, pp. 4-15.<br \/>\nURBANEJA, V.: \u00ab75 a\u00f1os de servicio a la Iglesia en el Estado de Orissa, India\u00bb. En <em>Anales Madrid<\/em>, 1997, pp. 514.<br \/>\nURBANEJA, V.: \u00abLa Provincia de la India se duplica\u00bb. En <em>Anales Madrid<\/em>, 1998, pp. 221ss.<br \/>\nURBANEJA, V. y JUNQUERA, P.: \u00abPresencia vicenciana en la India\u00bb. En <em>Anales Madrid<\/em>, 1994, pp. 413ss.<br \/>\nVANRELL, J.: \u00abDe Barcelona a Elche\u00bb. En <em>Anales Barcelona<\/em>, 1944, pp. 51-55.<br \/>\nVARGAS, P.: \u00abRese\u00f1a hist\u00f3rica y descripci\u00f3n del templo de Nuestra Se\u00f1ora de la Merced de La Habana\u00bb. En <em>Anales Madrid<\/em>, 1909, pp. 93-116.<br \/>\nVARGAS, P.: \u00abApuntes para la Historia de la Congregaci\u00f3n de la Misi\u00f3n en el Convento de la Merced de La Habana\u00bb. En <em>Anales Madrid<\/em>, 1913, pp. 116ss.<br \/>\nVARGAS, P.: \u00ab<em>Historia de las Hijas de la Caridad de la Provincia espa\u00f1ola<\/em>\u00ab. (Presentado por Corcuera, C. y Junquera, P.). Madrid, 1994. Sin publicar.<br \/>\nV\u00c1ZQUEZ, M.: \u00abM\u00e1s datos para la historia de la Casa de \u00c9cija (Sevilla)\u00bb. En <em>Anales Madrid<\/em>, 1914, pp. 617-631.<br \/>\nVEGA, D.: <em>Biograf\u00eda del P. Faustino Arnao<\/em>. Madrid: La Milagrosa. 1947.<br \/>\n<em>Venezuela<\/em>: \u00abCincuentenario de la Provincia de Venezuela\u00bb. &#8211; Bogot\u00e1: <em>CLAPVI<\/em> &#8211; 35, 1982.<br \/>\n<em>Venezuela:<\/em> Los Padres Pa\u00fales en Venezuela. 1931-1946: Recuerdo conmemorativo. &#8211; Caracas: Grafolit, 1947.<br \/>\nVICARIO, F.: \u00abApuntes para la Historia de la Congregaci\u00f3n de la Misi\u00f3n en la Isla de Puerto Rico\u00bb. En <em>Anales Madrid<\/em>, 1909, pp. 583-626.<br \/>\nVICENS VIVES, J.: <em>Manual de historia econ\u00f3mica de Espa\u00f1a<\/em>. Barcelona, 1959.<br \/>\nVICENS VIVES, J.: <em>Historia social y econ\u00f3mica de Espa\u00f1a y Am\u00e9rica<\/em>. Barcelona, 1972<br \/>\nVIDAURRE, G.: \u00abBreve rese\u00f1a de las misiones de los Padres Vicentinos en la Provincia del Per\u00fa\u00bb. En <em>Anales Madrid<\/em>, 1987, pp. 435-442.<br \/>\nVINCENT DE PAUL, Saint: <em>Correspondence, entretiens, documents<\/em>. \u00c9dition par Pierre Coste. Paris, 1920-1925. 4vv.<br \/>\nVICENTE DE PA\u00daL, San: <em>Obras Completas<\/em>. S\u00edgueme. Salamanca, 1972-1986. 14 vv.<br \/>\nVIDAURRE, G.: \u00abBreve rese\u00f1a de las misiones de los padres vicentinos en la Provincia de Per\u00fa\u00bb. <em>En Anales Madrid<\/em>, 1987, pp. 435ss.<br \/>\nVIGO, C.: \u00abMemoria hist\u00f3rica sobre las obras de la Congregaci\u00f3n de la Misi\u00f3n y de las Hijas de la Caridad en M\u00e9jico\u00bb. En <em>Anales Madrid<\/em>, 1911, pp. 94ss, 227ss y 404ss.<br \/>\nV\u00cdU, J.: <em>\u00bfDe qui\u00e9n es el ex-convento \u00abLos Pa\u00fales?.<\/em> Datos y pruebas recopilados por Jos\u00e9 Mar\u00eda V\u00edu, Concejal del Ayuntamiento de Barbastro. Huesca : Popular, 1934.<br \/>\n<em>Zaragoza:<\/em> <em>Normas Provinciales<\/em>. Asamblea Provincial 1977. &#8211; Zaragoza : [s.n.], 1977.<br \/>\n<em>Zaragoza<\/em>: <em>Normas Provinciales<\/em>. 1982. &#8211; Zaragoza : [s.n.], 1982.<br \/>\n<em>Zaragoza:<\/em> <em>Normas Provinciales<\/em>. 1985 &#8211; Zaragoza : [s.n.], 1985.<br \/>\n<em>Zaragoza:<\/em> <em>Normas Provinciales<\/em>: L\u00edneas operativas. Zaragoza : [s.n.], 1988.<br \/>\n<em>Zaragoza:<\/em> <em>Normas Provinciales:<\/em> L\u00edneas operativas. Zaragoza : [s.n.], 1991.<br \/>\n<em>Zaragoza: Normas Provinciales<\/em>: L\u00edneas operativas. Carta a la Provincia. Zaragoza: [s.n.], 1994.<br \/>\n<em>Zaragoza: Normas Provinciales<\/em>: L\u00edneas operativas. Asamblea 97. Proyecto Provincial 1997-2000. Zaragoza : [s.n.], 1997.<br \/>\nZEDDE, I.: \u00abM\u00e9todos y contenidos de la catequesis en San Vicent de Pa\u00fal\u00bb. En <em>Vicente de Pa\u00fal, evangelizador de los pobres<\/em>, CEME, Salamanca, 1973, pp.155-185.<br \/>\nVV.AA.: <em>Breviario de Predicaci\u00f3n Misionera<\/em>. La Milagrosa, Madrid 1948, 2 vv.<br \/>\nVV.AA: \u00abHistoria de la Casa de La Laguna\u00bb. Con motivo del cincuentenario. En <em>Anales Madrid<\/em>, 1949, 345ss.<br \/>\nVV.AA: \u00abBodas de Oro de la Casa de Bellpuig\u00bb. En <em>Anales Barcelona<\/em> 1949-50, pp. 161ss<br \/>\nVV.AA.: <em>Congreso de Misiones Populares<\/em> (I). Loyola, 1956.<br \/>\nVV.AA.: <em>Situaci\u00f3n de la Familia Vicenciana en Filipinas en el 3er. centenario de la muerte de San Vicente<\/em>. (Album conmemorativo). 1960.<br \/>\nVV.AA.: <em>Congreso de Misiones Parroquiales<\/em> (II). Perpetuo Socorro, Madrid, 1961.<br \/>\nVV.AA.: <em>Manual del Misionero.<\/em> Hermandad Misionera, Ed. La Milagrosa, Madrid, 1964. 4vv.<br \/>\nVV.AA.: <em>Diccionario de\u00a0 Historia\u00a0 Eclesi\u00e1stica de\u00a0 Espa\u00f1a. <\/em>CSIC, Madrid, 1972, 5 vv.<br \/>\nVV.AA.: <em>Las misiones populares, hoy<\/em>. La Milagrosa, Madrid, 1973.<br \/>\nVV.AA: \u00abBodas de oro de la Bas\u00edlica de la Virgen Milagrosa y San Vicente\u00bb. En <em>Anales Madrid<\/em>, 1973, pp. 569ss.<br \/>\nVV.AA.: <em>Misiones Vicencianas y evangelizaci\u00f3n del hombre de hoy<\/em>. CEME, Salamanca, 1987.<br \/>\nVV.AA.: <em>La Iglesia\u00a0 Cat\u00f3lica\u00a0 y la\u00a0 Guerra\u00a0 Civil Espa\u00f1ola<\/em>. Fundaci\u00f3n Friedrich Ebert-Instituto Fe y Secularidad, Madrid, 1990.<br \/>\nVV.AA.: <em>Congregaci\u00f3n de la Misi\u00f3n: XXV Aniversario. Provincia de Zaragoza<\/em>. Introd. Carlos Esparza Huarte. Teruel: Ediciones Fe y Vida, 1995.<br \/>\nVV.AA.: <em>Diccionario de Espiritualidad Vicenciana<\/em>\u00bb Coordinadores: Miguel P. Flores, Benito Mart\u00ednez, Antonino Orcajo, Alberto L\u00f3pez (C.M.). Salamanca: CEME, 1995.<br \/>\nVV.AA.: \u00abFederico Ozanam\u00bb. En <em>Anales Madrid<\/em>, 1996, pp. 309ss.<br \/>\nVV.AA.: \u00abLa originalidad del servicio de las Hijas de la Caridad sanitarias en la Espa\u00f1a moderna y su actualidad\u00bb. En <em>Anales Madrid<\/em>, 1996, pp. 99ss.<br \/>\nVV.AA.: \u00abNuestros poetas\u00bb. En <em>Anales Madrid<\/em>, 1998, 97ss.<br \/>\nVV.AA.: \u00abLa Misi\u00f3n de Honduras\u00bb. En <em>Caminos de Misi\u00f3n<\/em>, 84, pp. 7-14.<br \/>\nVV.AA.: \u00abLa Familia Vicenciana en Espa\u00f1a al comienzo del Tercer Milenio\u00bb. En <em>Anales Madrid<\/em>, 2001, pp. 208ss<br \/>\nVV.AA.: <em>La Congregaci\u00f3n<\/em><em> de la Misi\u00f3n en el Per\u00fa, 1858-1990<\/em>. (Mecanografiado). s.f.<br \/>\nVV.AA.: \u00abCuttack: 80 a\u00f1os de misi\u00f3n vicenciana\u00bb. En <em>Caminos de Misi\u00f3n<\/em> (extra), 91, 2002.<br \/>\nVV.AA.: <em>\u00abLa Congregaci\u00f3n de la Misi\u00f3n en Espa\u00f1a: 1704-2004. Caminos de futuro<\/em>\u00ab. XXX semana de Estudios Vicencianos. CEME, Salamanca,\u00a0 2005<br \/>\nVV. AA.: <em>Cincuenta a\u00f1os de Evangelizaci\u00f3n en Per\u00fa<\/em>. Lima, 2005.<br \/>\nVV.AA.: \u00abCuarenta a\u00f1os de Misi\u00f3n Vicenciana Espa\u00f1ola en Madagascar\u00bb. En <em>Caminos de Misi\u00f3n<\/em> (extra), 109, 2006.<br \/>\nVV.AA.: <em>Congregaci\u00f3n de la Misi\u00f3n. Provincia de Barcelona, en sus cien a\u00f1os<\/em>. CEME, Salamanca, 2006.<\/p>\n","protected":false},"excerpt":{"rendered":"<p>ABAD, N.: \u00abAyamonte. Una parroquia m\u00e1s a cargo de la Congregaci\u00f3n\u00bb. En Anales Madrid, 1946, pp. 238-242. ABAITUA, M.: \u00abFundaciones de Ayer. 1774-1974. El pasado de la Provincia de Zaragoza\u00bb. En Anales Madrid, 1975, pp. &#8230; <a href=\"https:\/\/vincentians.com\/es\/bibliografia-sobre-la-congregacion-de-la-mision-en-espana\/\" class=\"more-link\">Read More<\/a><\/p>\n","protected":false},"author":4,"featured_media":1793,"comment_status":"open","ping_status":"open","sticky":false,"template":"","format":"standard","meta":{"jetpack_post_was_ever_published":false,"_jetpack_newsletter_access":"","_jetpack_dont_email_post_to_subs":false,"_jetpack_newsletter_tier_id":0,"_jetpack_memberships_contains_paywalled_content":false,"_jetpack_memberships_contains_paid_content":false,"footnotes":"","jetpack_publicize_message":"","jetpack_publicize_feature_enabled":true,"jetpack_social_post_already_shared":true,"jetpack_social_options":{"image_generator_settings":{"template":"highway","default_image_id":0,"font":"","enabled":false},"version":2}},"categories":[16],"tags":[218,230,281,144,176,127,188,376],"class_list":["post-949","post","type-post","status-publish","format-standard","has-post-thumbnail","hentry","category-congregacion-de-la-mision","tag-abelly","tag-almeras","tag-ayamonte","tag-lambert","tag-misiones-populares","tag-portail","tag-san-leonardo","tag-semanas-vicencianas"],"yoast_head":"<!-- This site is optimized with the Yoast SEO plugin v26.3 - https:\/\/yoast.com\/wordpress\/plugins\/seo\/ -->\n<title>Bibliograf\u00eda sobre la Congregaci\u00f3n de la Misi\u00f3n en Espa\u00f1a - Somos Vicencianos<\/title>\n<meta name=\"robots\" content=\"index, follow, max-snippet:-1, max-image-preview:large, max-video-preview:-1\" \/>\n<link rel=\"canonical\" href=\"https:\/\/vincentians.com\/es\/bibliografia-sobre-la-congregacion-de-la-mision-en-espana\/\" \/>\n<meta property=\"og:locale\" content=\"es_ES\" \/>\n<meta property=\"og:type\" content=\"article\" \/>\n<meta property=\"og:title\" content=\"Bibliograf\u00eda sobre la Congregaci\u00f3n de la Misi\u00f3n en Espa\u00f1a - Somos Vicencianos\" \/>\n<meta property=\"og:description\" content=\"ABAD, N.: \u00abAyamonte. Una parroquia m\u00e1s a cargo de la Congregaci\u00f3n\u00bb. En Anales Madrid, 1946, pp. 238-242. ABAITUA, M.: \u00abFundaciones de Ayer. 1774-1974. El pasado de la Provincia de Zaragoza\u00bb. En Anales Madrid, 1975, pp. ... Read More\" \/>\n<meta property=\"og:url\" content=\"https:\/\/vincentians.com\/es\/bibliografia-sobre-la-congregacion-de-la-mision-en-espana\/\" \/>\n<meta property=\"og:site_name\" content=\"Somos Vicencianos\" \/>\n<meta property=\"article:publisher\" content=\"https:\/\/www.facebook.com\/WeAreVincentians\/\" \/>\n<meta property=\"article:author\" content=\"https:\/\/www.facebook.com\/JavierChento\" \/>\n<meta property=\"article:published_time\" content=\"2022-11-15T07:57:35+00:00\" \/>\n<meta name=\"author\" content=\"Francisco Javier Fern\u00e1ndez Chento\" \/>\n<meta name=\"twitter:card\" content=\"summary_large_image\" \/>\n<meta name=\"twitter:creator\" content=\"@https:\/\/twitter.com\/javierchento\" \/>\n<meta name=\"twitter:site\" content=\"@WeVincentians\" \/>\n<meta name=\"twitter:label1\" content=\"Escrito por\" \/>\n\t<meta name=\"twitter:data1\" content=\"Francisco Javier Fern\u00e1ndez Chento\" \/>\n\t<meta name=\"twitter:label2\" content=\"Tiempo de lectura\" \/>\n\t<meta name=\"twitter:data2\" content=\"73 minutos\" \/>\n<script type=\"application\/ld+json\" class=\"yoast-schema-graph\">{\"@context\":\"https:\/\/schema.org\",\"@graph\":[{\"@type\":\"Article\",\"@id\":\"https:\/\/vincentians.com\/es\/bibliografia-sobre-la-congregacion-de-la-mision-en-espana\/#article\",\"isPartOf\":{\"@id\":\"https:\/\/vincentians.com\/es\/bibliografia-sobre-la-congregacion-de-la-mision-en-espana\/\"},\"author\":{\"name\":\"Francisco Javier Fern\u00e1ndez Chento\",\"@id\":\"https:\/\/vincentians.com\/es\/#\/schema\/person\/9623ef4d9aa3b2dfb8c061f1499288f2\"},\"headline\":\"Bibliograf\u00eda sobre la Congregaci\u00f3n de la Misi\u00f3n en Espa\u00f1a\",\"datePublished\":\"2022-11-15T07:57:35+00:00\",\"mainEntityOfPage\":{\"@id\":\"https:\/\/vincentians.com\/es\/bibliografia-sobre-la-congregacion-de-la-mision-en-espana\/\"},\"wordCount\":14711,\"commentCount\":0,\"publisher\":{\"@id\":\"https:\/\/vincentians.com\/es\/#organization\"},\"image\":{\"@id\":\"https:\/\/vincentians.com\/es\/bibliografia-sobre-la-congregacion-de-la-mision-en-espana\/#primaryimage\"},\"thumbnailUrl\":\"\",\"keywords\":[\"Abelly\",\"Almer\u00e1s\",\"Ayamonte\",\"Lambert\",\"Misiones Populares\",\"Portail\",\"San Leonardo\",\"Semanas Vicencianas\"],\"articleSection\":[\"Congregaci\u00f3n de la Misi\u00f3n\"],\"inLanguage\":\"es\",\"potentialAction\":[{\"@type\":\"CommentAction\",\"name\":\"Comment\",\"target\":[\"https:\/\/vincentians.com\/es\/bibliografia-sobre-la-congregacion-de-la-mision-en-espana\/#respond\"]}]},{\"@type\":\"WebPage\",\"@id\":\"https:\/\/vincentians.com\/es\/bibliografia-sobre-la-congregacion-de-la-mision-en-espana\/\",\"url\":\"https:\/\/vincentians.com\/es\/bibliografia-sobre-la-congregacion-de-la-mision-en-espana\/\",\"name\":\"Bibliograf\u00eda sobre la Congregaci\u00f3n de la Misi\u00f3n en Espa\u00f1a - Somos Vicencianos\",\"isPartOf\":{\"@id\":\"https:\/\/vincentians.com\/es\/#website\"},\"primaryImageOfPage\":{\"@id\":\"https:\/\/vincentians.com\/es\/bibliografia-sobre-la-congregacion-de-la-mision-en-espana\/#primaryimage\"},\"image\":{\"@id\":\"https:\/\/vincentians.com\/es\/bibliografia-sobre-la-congregacion-de-la-mision-en-espana\/#primaryimage\"},\"thumbnailUrl\":\"\",\"datePublished\":\"2022-11-15T07:57:35+00:00\",\"breadcrumb\":{\"@id\":\"https:\/\/vincentians.com\/es\/bibliografia-sobre-la-congregacion-de-la-mision-en-espana\/#breadcrumb\"},\"inLanguage\":\"es\",\"potentialAction\":[{\"@type\":\"ReadAction\",\"target\":[\"https:\/\/vincentians.com\/es\/bibliografia-sobre-la-congregacion-de-la-mision-en-espana\/\"]}]},{\"@type\":\"ImageObject\",\"inLanguage\":\"es\",\"@id\":\"https:\/\/vincentians.com\/es\/bibliografia-sobre-la-congregacion-de-la-mision-en-espana\/#primaryimage\",\"url\":\"\",\"contentUrl\":\"\"},{\"@type\":\"BreadcrumbList\",\"@id\":\"https:\/\/vincentians.com\/es\/bibliografia-sobre-la-congregacion-de-la-mision-en-espana\/#breadcrumb\",\"itemListElement\":[{\"@type\":\"ListItem\",\"position\":1,\"name\":\"Portada\",\"item\":\"https:\/\/vincentians.com\/es\/\"},{\"@type\":\"ListItem\",\"position\":2,\"name\":\"Bibliograf\u00eda sobre la Congregaci\u00f3n de la Misi\u00f3n en Espa\u00f1a\"}]},{\"@type\":\"WebSite\",\"@id\":\"https:\/\/vincentians.com\/es\/#website\",\"url\":\"https:\/\/vincentians.com\/es\/\",\"name\":\"Somos Vicencianos\",\"description\":\"Know more to serve more\",\"publisher\":{\"@id\":\"https:\/\/vincentians.com\/es\/#organization\"},\"potentialAction\":[{\"@type\":\"SearchAction\",\"target\":{\"@type\":\"EntryPoint\",\"urlTemplate\":\"https:\/\/vincentians.com\/es\/?s={search_term_string}\"},\"query-input\":{\"@type\":\"PropertyValueSpecification\",\"valueRequired\":true,\"valueName\":\"search_term_string\"}}],\"inLanguage\":\"es\"},{\"@type\":\"Organization\",\"@id\":\"https:\/\/vincentians.com\/es\/#organization\",\"name\":\"The Vincentian Network\",\"url\":\"https:\/\/vincentians.com\/es\/\",\"logo\":{\"@type\":\"ImageObject\",\"inLanguage\":\"es\",\"@id\":\"https:\/\/vincentians.com\/es\/#\/schema\/logo\/image\/\",\"url\":\"https:\/\/i1.wp.com\/vincentians.com\/es\/wp-content\/uploads\/sites\/11\/2016\/06\/Vincentian-Network-logo-big.png?fit=778%2C778\",\"contentUrl\":\"https:\/\/i1.wp.com\/vincentians.com\/es\/wp-content\/uploads\/sites\/11\/2016\/06\/Vincentian-Network-logo-big.png?fit=778%2C778\",\"width\":778,\"height\":778,\"caption\":\"The Vincentian Network\"},\"image\":{\"@id\":\"https:\/\/vincentians.com\/es\/#\/schema\/logo\/image\/\"},\"sameAs\":[\"https:\/\/www.facebook.com\/WeAreVincentians\/\",\"https:\/\/x.com\/WeVincentians\"]},{\"@type\":\"Person\",\"@id\":\"https:\/\/vincentians.com\/es\/#\/schema\/person\/9623ef4d9aa3b2dfb8c061f1499288f2\",\"name\":\"Francisco Javier Fern\u00e1ndez Chento\",\"image\":{\"@type\":\"ImageObject\",\"inLanguage\":\"es\",\"@id\":\"https:\/\/vincentians.com\/es\/#\/schema\/person\/image\/\",\"url\":\"https:\/\/secure.gravatar.com\/avatar\/497d5cde87b4c3d097d0315953521681ba2cd523ee66e5077c3711f7021e65de?s=96&d=mm&r=g\",\"contentUrl\":\"https:\/\/secure.gravatar.com\/avatar\/497d5cde87b4c3d097d0315953521681ba2cd523ee66e5077c3711f7021e65de?s=96&d=mm&r=g\",\"caption\":\"Francisco Javier Fern\u00e1ndez Chento\"},\"description\":\"Director General y cofundador de La Red de Formaci\u00f3n Vicenciana. Javier es laico vicenciano, afiliado a la Congregaci\u00f3n de la Misi\u00f3n y miembro del Equipo de Misiones Populares de la provincia can\u00f3nica de Zaragoza (Espa\u00f1a) de la Congregaci\u00f3n de la Misi\u00f3n. Graduado en la Universidad Oberta de Catalunya con cuatro grados (Asistente de direcci\u00f3n, Gesti\u00f3n Administrativa, Recursos Humanos y Contabilidad Avanzada). Bil\u00edng\u00fce Espa\u00f1ol\/Ingl\u00e9s. gestiona y mantiene varias p\u00e1ginas web cristianas y vicencianas, incluida including La Red de Formaci\u00f3n Vicenciana, de la que es cofundador. Actualmente es responsable del \u00e1rea de Espa\u00f1ol de .famvin, la Red de Noticias de la Familia Vicenciana. Tambi\u00e9n es m\u00fasico cat\u00f3lico y ha editado varios discos. Es Director General y cofundador de Trovador, una reconocida compa\u00f1\u00eda discogr\u00e1fica critiana de Espa\u00f1a. Trabaja en las Tecnolog\u00edas de la Informaci\u00f3n, ofreciendo servicios de alojamiento, dise\u00f1o y mantenimiento Web, as\u00ed como asesoramiento, formaci\u00f3n y soluciones inform\u00e1ticas, gesti\u00f3n documental y digitalizaci\u00f3n de textos, edici\u00f3n y maquetaci\u00f3n de libros, revistas, flyers, etc.\",\"sameAs\":[\"http:\/\/chento.org\",\"https:\/\/www.facebook.com\/JavierChento\",\"https:\/\/x.com\/https:\/\/twitter.com\/javierchento\"],\"url\":\"https:\/\/vincentians.com\/es\/author\/chento\/\"}]}<\/script>\n<!-- \/ Yoast SEO plugin. -->","yoast_head_json":{"title":"Bibliograf\u00eda sobre la Congregaci\u00f3n de la Misi\u00f3n en Espa\u00f1a - Somos Vicencianos","robots":{"index":"index","follow":"follow","max-snippet":"max-snippet:-1","max-image-preview":"max-image-preview:large","max-video-preview":"max-video-preview:-1"},"canonical":"https:\/\/vincentians.com\/es\/bibliografia-sobre-la-congregacion-de-la-mision-en-espana\/","og_locale":"es_ES","og_type":"article","og_title":"Bibliograf\u00eda sobre la Congregaci\u00f3n de la Misi\u00f3n en Espa\u00f1a - Somos Vicencianos","og_description":"ABAD, N.: \u00abAyamonte. Una parroquia m\u00e1s a cargo de la Congregaci\u00f3n\u00bb. En Anales Madrid, 1946, pp. 238-242. ABAITUA, M.: \u00abFundaciones de Ayer. 1774-1974. El pasado de la Provincia de Zaragoza\u00bb. En Anales Madrid, 1975, pp. ... Read More","og_url":"https:\/\/vincentians.com\/es\/bibliografia-sobre-la-congregacion-de-la-mision-en-espana\/","og_site_name":"Somos Vicencianos","article_publisher":"https:\/\/www.facebook.com\/WeAreVincentians\/","article_author":"https:\/\/www.facebook.com\/JavierChento","article_published_time":"2022-11-15T07:57:35+00:00","author":"Francisco Javier Fern\u00e1ndez Chento","twitter_card":"summary_large_image","twitter_creator":"@https:\/\/twitter.com\/javierchento","twitter_site":"@WeVincentians","twitter_misc":{"Escrito por":"Francisco Javier Fern\u00e1ndez Chento","Tiempo de lectura":"73 minutos"},"schema":{"@context":"https:\/\/schema.org","@graph":[{"@type":"Article","@id":"https:\/\/vincentians.com\/es\/bibliografia-sobre-la-congregacion-de-la-mision-en-espana\/#article","isPartOf":{"@id":"https:\/\/vincentians.com\/es\/bibliografia-sobre-la-congregacion-de-la-mision-en-espana\/"},"author":{"name":"Francisco Javier Fern\u00e1ndez Chento","@id":"https:\/\/vincentians.com\/es\/#\/schema\/person\/9623ef4d9aa3b2dfb8c061f1499288f2"},"headline":"Bibliograf\u00eda sobre la Congregaci\u00f3n de la Misi\u00f3n en Espa\u00f1a","datePublished":"2022-11-15T07:57:35+00:00","mainEntityOfPage":{"@id":"https:\/\/vincentians.com\/es\/bibliografia-sobre-la-congregacion-de-la-mision-en-espana\/"},"wordCount":14711,"commentCount":0,"publisher":{"@id":"https:\/\/vincentians.com\/es\/#organization"},"image":{"@id":"https:\/\/vincentians.com\/es\/bibliografia-sobre-la-congregacion-de-la-mision-en-espana\/#primaryimage"},"thumbnailUrl":"","keywords":["Abelly","Almer\u00e1s","Ayamonte","Lambert","Misiones Populares","Portail","San Leonardo","Semanas Vicencianas"],"articleSection":["Congregaci\u00f3n de la Misi\u00f3n"],"inLanguage":"es","potentialAction":[{"@type":"CommentAction","name":"Comment","target":["https:\/\/vincentians.com\/es\/bibliografia-sobre-la-congregacion-de-la-mision-en-espana\/#respond"]}]},{"@type":"WebPage","@id":"https:\/\/vincentians.com\/es\/bibliografia-sobre-la-congregacion-de-la-mision-en-espana\/","url":"https:\/\/vincentians.com\/es\/bibliografia-sobre-la-congregacion-de-la-mision-en-espana\/","name":"Bibliograf\u00eda sobre la Congregaci\u00f3n de la Misi\u00f3n en Espa\u00f1a - Somos Vicencianos","isPartOf":{"@id":"https:\/\/vincentians.com\/es\/#website"},"primaryImageOfPage":{"@id":"https:\/\/vincentians.com\/es\/bibliografia-sobre-la-congregacion-de-la-mision-en-espana\/#primaryimage"},"image":{"@id":"https:\/\/vincentians.com\/es\/bibliografia-sobre-la-congregacion-de-la-mision-en-espana\/#primaryimage"},"thumbnailUrl":"","datePublished":"2022-11-15T07:57:35+00:00","breadcrumb":{"@id":"https:\/\/vincentians.com\/es\/bibliografia-sobre-la-congregacion-de-la-mision-en-espana\/#breadcrumb"},"inLanguage":"es","potentialAction":[{"@type":"ReadAction","target":["https:\/\/vincentians.com\/es\/bibliografia-sobre-la-congregacion-de-la-mision-en-espana\/"]}]},{"@type":"ImageObject","inLanguage":"es","@id":"https:\/\/vincentians.com\/es\/bibliografia-sobre-la-congregacion-de-la-mision-en-espana\/#primaryimage","url":"","contentUrl":""},{"@type":"BreadcrumbList","@id":"https:\/\/vincentians.com\/es\/bibliografia-sobre-la-congregacion-de-la-mision-en-espana\/#breadcrumb","itemListElement":[{"@type":"ListItem","position":1,"name":"Portada","item":"https:\/\/vincentians.com\/es\/"},{"@type":"ListItem","position":2,"name":"Bibliograf\u00eda sobre la Congregaci\u00f3n de la Misi\u00f3n en Espa\u00f1a"}]},{"@type":"WebSite","@id":"https:\/\/vincentians.com\/es\/#website","url":"https:\/\/vincentians.com\/es\/","name":"Somos Vicencianos","description":"Know more to serve more","publisher":{"@id":"https:\/\/vincentians.com\/es\/#organization"},"potentialAction":[{"@type":"SearchAction","target":{"@type":"EntryPoint","urlTemplate":"https:\/\/vincentians.com\/es\/?s={search_term_string}"},"query-input":{"@type":"PropertyValueSpecification","valueRequired":true,"valueName":"search_term_string"}}],"inLanguage":"es"},{"@type":"Organization","@id":"https:\/\/vincentians.com\/es\/#organization","name":"The Vincentian Network","url":"https:\/\/vincentians.com\/es\/","logo":{"@type":"ImageObject","inLanguage":"es","@id":"https:\/\/vincentians.com\/es\/#\/schema\/logo\/image\/","url":"https:\/\/i1.wp.com\/vincentians.com\/es\/wp-content\/uploads\/sites\/11\/2016\/06\/Vincentian-Network-logo-big.png?fit=778%2C778","contentUrl":"https:\/\/i1.wp.com\/vincentians.com\/es\/wp-content\/uploads\/sites\/11\/2016\/06\/Vincentian-Network-logo-big.png?fit=778%2C778","width":778,"height":778,"caption":"The Vincentian Network"},"image":{"@id":"https:\/\/vincentians.com\/es\/#\/schema\/logo\/image\/"},"sameAs":["https:\/\/www.facebook.com\/WeAreVincentians\/","https:\/\/x.com\/WeVincentians"]},{"@type":"Person","@id":"https:\/\/vincentians.com\/es\/#\/schema\/person\/9623ef4d9aa3b2dfb8c061f1499288f2","name":"Francisco Javier Fern\u00e1ndez Chento","image":{"@type":"ImageObject","inLanguage":"es","@id":"https:\/\/vincentians.com\/es\/#\/schema\/person\/image\/","url":"https:\/\/secure.gravatar.com\/avatar\/497d5cde87b4c3d097d0315953521681ba2cd523ee66e5077c3711f7021e65de?s=96&d=mm&r=g","contentUrl":"https:\/\/secure.gravatar.com\/avatar\/497d5cde87b4c3d097d0315953521681ba2cd523ee66e5077c3711f7021e65de?s=96&d=mm&r=g","caption":"Francisco Javier Fern\u00e1ndez Chento"},"description":"Director General y cofundador de La Red de Formaci\u00f3n Vicenciana. Javier es laico vicenciano, afiliado a la Congregaci\u00f3n de la Misi\u00f3n y miembro del Equipo de Misiones Populares de la provincia can\u00f3nica de Zaragoza (Espa\u00f1a) de la Congregaci\u00f3n de la Misi\u00f3n. Graduado en la Universidad Oberta de Catalunya con cuatro grados (Asistente de direcci\u00f3n, Gesti\u00f3n Administrativa, Recursos Humanos y Contabilidad Avanzada). Bil\u00edng\u00fce Espa\u00f1ol\/Ingl\u00e9s. gestiona y mantiene varias p\u00e1ginas web cristianas y vicencianas, incluida including La Red de Formaci\u00f3n Vicenciana, de la que es cofundador. Actualmente es responsable del \u00e1rea de Espa\u00f1ol de .famvin, la Red de Noticias de la Familia Vicenciana. Tambi\u00e9n es m\u00fasico cat\u00f3lico y ha editado varios discos. Es Director General y cofundador de Trovador, una reconocida compa\u00f1\u00eda discogr\u00e1fica critiana de Espa\u00f1a. Trabaja en las Tecnolog\u00edas de la Informaci\u00f3n, ofreciendo servicios de alojamiento, dise\u00f1o y mantenimiento Web, as\u00ed como asesoramiento, formaci\u00f3n y soluciones inform\u00e1ticas, gesti\u00f3n documental y digitalizaci\u00f3n de textos, edici\u00f3n y maquetaci\u00f3n de libros, revistas, flyers, etc.","sameAs":["http:\/\/chento.org","https:\/\/www.facebook.com\/JavierChento","https:\/\/x.com\/https:\/\/twitter.com\/javierchento"],"url":"https:\/\/vincentians.com\/es\/author\/chento\/"}]}},"jetpack_publicize_connections":[],"jetpack_featured_media_url":"","jetpack_sharing_enabled":true,"jetpack_shortlink":"https:\/\/wp.me\/p7ETMF-fj","jetpack-related-posts":[{"id":11786,"url":"https:\/\/vincentians.com\/es\/misiones-populares-de-la-c-m-en-espana-1704-1975-parte-3\/","url_meta":{"origin":949,"position":0},"title":"Misiones populares de la C.M. en Espa\u00f1a (1704-1975). Parte 3","author":"Mitxel Olabu\u00e9naga","date":"05\/07\/2011","format":false,"excerpt":"Bibliograf\u00eda 1. Relativa a la C.M., HH. de la C., y Asociaciones Laicales Vicencianas ABAITUA, M.: \"Fundaciones de Ayer. 1774-1974. El pasado de la Provincia de Zaragoza\". En Anales Madrid (1975), pp. 747-765; (1990), pp. 68-73. ABELLY, L.: La vie du v\u00e9n\u00e9rable serviteur de Dieu Vincent de Paul, instituteur et\u2026","rel":"","context":"En \u00abHistoria de la Congregaci\u00f3n de la Misi\u00f3n en Espa\u00f1a\u00bb","block_context":{"text":"Historia de la Congregaci\u00f3n de la Misi\u00f3n en Espa\u00f1a","link":"https:\/\/vincentians.com\/es\/category\/historia-de-la-familia-vicenciana\/historia-de-la-congregacion-de-la-mision-en-espana\/"},"img":{"alt_text":"","src":"https:\/\/i0.wp.com\/vicencianos.org\/wp-content\/2011\/07\/ESCUDOCM-237x300.jpg?resize=350%2C200","width":350,"height":200},"classes":[]},{"id":387074,"url":"https:\/\/vincentians.com\/es\/cuatro-fundaciones-la-alfranca-modelo-de-implantacion\/","url_meta":{"origin":949,"position":1},"title":"Cuatro fundaciones (La Alfranca&#8230;) modelo de implantaci\u00f3n","author":"Mitxel Olabu\u00e9naga","date":"15\/02\/2016","format":false,"excerpt":"Presentamos en unas breves l\u00edneas uno de los temas que hemos tratado en el Seminario de Historia de la CM que desarrollamos en el Estudiantado de Barakaldo. En este caso nos acercamos a cuatro fundaciones-puente (hay algunas otras que pueden ser intuidas). Las denominamos as\u00ed porque en su origen se\u2026","rel":"","context":"En \u00abSin categor\u00eda\u00bb","block_context":{"text":"Sin categor\u00eda","link":"https:\/\/vincentians.com\/es\/category\/sin-categoria\/"},"img":{"alt_text":"LOGO SEMINARIO HISTORIA 2 color","src":"https:\/\/i0.wp.com\/vicencianos.org\/wp-content\/uploads\/2016\/02\/LOGO-SEMINARIO-HISTORIA-2-color-300x300.jpg?resize=350%2C200","width":350,"height":200},"classes":[]},{"id":119814,"url":"https:\/\/vincentians.com\/es\/ayer-y-hoy-de-las-misiones-vicencianas-en-espana-vision-historica-1965-1978\/","url_meta":{"origin":949,"position":2},"title":"Ayer y hoy de las Misiones Vicencianas en Espa\u00f1a. Visi\u00f3n hist\u00f3rica: 1965-1978","author":"Francisco Javier Fern\u00e1ndez Chento","date":"05\/04\/2022","format":false,"excerpt":"El contenido de la presente \"comunicaci\u00f3n\" se circunscribe tan s\u00f3lo a los a\u00f1os que se indican en el ep\u00edgrafe. Por consi\u00adguiente, todos los hechos misioneros que en ella se describan no se remontar\u00e1n, ni por detr\u00e1s ni por delante, a ninguna otra \u00e9poca hist\u00f3rica que no sea la enunciada en\u2026","rel":"","context":"En \u00abMisiones \u00abAd gentes\u00bb\u00bb","block_context":{"text":"Misiones \u00abAd gentes\u00bb","link":"https:\/\/vincentians.com\/es\/category\/servicios-y-ministerios\/misiones-ad-gentes\/"},"img":{"alt_text":"","src":"https:\/\/i0.wp.com\/vincentians.com\/es\/wp-content\/uploads\/sites\/11\/2016\/07\/espiritualidad-vicenciana.jpg?fit=1200%2C630&ssl=1&resize=350%2C200","width":350,"height":200,"srcset":"https:\/\/i0.wp.com\/vincentians.com\/es\/wp-content\/uploads\/sites\/11\/2016\/07\/espiritualidad-vicenciana.jpg?fit=1200%2C630&ssl=1&resize=350%2C200 1x, https:\/\/i0.wp.com\/vincentians.com\/es\/wp-content\/uploads\/sites\/11\/2016\/07\/espiritualidad-vicenciana.jpg?fit=1200%2C630&ssl=1&resize=525%2C300 1.5x, https:\/\/i0.wp.com\/vincentians.com\/es\/wp-content\/uploads\/sites\/11\/2016\/07\/espiritualidad-vicenciana.jpg?fit=1200%2C630&ssl=1&resize=700%2C400 2x, https:\/\/i0.wp.com\/vincentians.com\/es\/wp-content\/uploads\/sites\/11\/2016\/07\/espiritualidad-vicenciana.jpg?fit=1200%2C630&ssl=1&resize=1050%2C600 3x"},"classes":[]},{"id":116006,"url":"https:\/\/vincentians.com\/es\/provincia-de-madrid-circular-numero-1\/","url_meta":{"origin":949,"position":3},"title":"Provincia de Madrid: Circular n\u00famero 1 (1970)","author":"Mitxel Olabu\u00e9naga","date":"23\/07\/2021","format":false,"excerpt":"Madrid, 2 de abril de 1970. Estimando la informaci\u00f3n como un derecho y un deber de la, corresponsablidad que a todos nos ata\u00f1e en la buena marcha de la Provincia \u2014am\u00e9n de los contactos personales, amplios y fre\u00adcuentes, que el P. Visitador se propone mantener con todas las Casas\u2014, es\u2026","rel":"","context":"En \u00abHistoria de la Congregaci\u00f3n de la Misi\u00f3n en Espa\u00f1a\u00bb","block_context":{"text":"Historia de la Congregaci\u00f3n de la Misi\u00f3n en Espa\u00f1a","link":"https:\/\/vincentians.com\/es\/category\/historia-de-la-familia-vicenciana\/historia-de-la-congregacion-de-la-mision-en-espana\/"},"img":{"alt_text":"","src":"https:\/\/i0.wp.com\/vincentians.com\/es\/wp-content\/uploads\/sites\/11\/2016\/09\/identidad.jpg?fit=1200%2C630&ssl=1&resize=350%2C200","width":350,"height":200,"srcset":"https:\/\/i0.wp.com\/vincentians.com\/es\/wp-content\/uploads\/sites\/11\/2016\/09\/identidad.jpg?fit=1200%2C630&ssl=1&resize=350%2C200 1x, https:\/\/i0.wp.com\/vincentians.com\/es\/wp-content\/uploads\/sites\/11\/2016\/09\/identidad.jpg?fit=1200%2C630&ssl=1&resize=525%2C300 1.5x, https:\/\/i0.wp.com\/vincentians.com\/es\/wp-content\/uploads\/sites\/11\/2016\/09\/identidad.jpg?fit=1200%2C630&ssl=1&resize=700%2C400 2x, https:\/\/i0.wp.com\/vincentians.com\/es\/wp-content\/uploads\/sites\/11\/2016\/09\/identidad.jpg?fit=1200%2C630&ssl=1&resize=1050%2C600 3x"},"classes":[]},{"id":115266,"url":"https:\/\/vincentians.com\/es\/anales-direccion-del-p-mauricio-horcajada-1901-22\/","url_meta":{"origin":949,"position":4},"title":"Anales: Direcci\u00f3n del P. Mauricio Horcajada (1901-22)","author":"Mitxel Olabu\u00e9naga","date":"11\/07\/2021","format":false,"excerpt":"Al P. Horcajada le conocieron todos los Padres que pasan un poco de los sesenta, incluido el cronista, que todav\u00eda le tuvo de profesor en el ultimo curso de su carrera. Su ficha nos dice que residi\u00f3 en la Casa Central toda su vida, desde su ingreso en 1880 hasta\u2026","rel":"","context":"En \u00abHistoria de la Congregaci\u00f3n de la Misi\u00f3n\u00bb","block_context":{"text":"Historia de la Congregaci\u00f3n de la Misi\u00f3n","link":"https:\/\/vincentians.com\/es\/category\/historia-de-la-familia-vicenciana\/historia-de-la-congregacion-de-la-mision\/"},"img":{"alt_text":"","src":"https:\/\/i0.wp.com\/vincentians.com\/es\/wp-content\/uploads\/sites\/11\/2016\/09\/ojos-jesucristo.jpg?fit=1200%2C630&ssl=1&resize=350%2C200","width":350,"height":200,"srcset":"https:\/\/i0.wp.com\/vincentians.com\/es\/wp-content\/uploads\/sites\/11\/2016\/09\/ojos-jesucristo.jpg?fit=1200%2C630&ssl=1&resize=350%2C200 1x, https:\/\/i0.wp.com\/vincentians.com\/es\/wp-content\/uploads\/sites\/11\/2016\/09\/ojos-jesucristo.jpg?fit=1200%2C630&ssl=1&resize=525%2C300 1.5x, https:\/\/i0.wp.com\/vincentians.com\/es\/wp-content\/uploads\/sites\/11\/2016\/09\/ojos-jesucristo.jpg?fit=1200%2C630&ssl=1&resize=700%2C400 2x, https:\/\/i0.wp.com\/vincentians.com\/es\/wp-content\/uploads\/sites\/11\/2016\/09\/ojos-jesucristo.jpg?fit=1200%2C630&ssl=1&resize=1050%2C600 3x"},"classes":[]},{"id":43386,"url":"https:\/\/vincentians.com\/es\/historia-abierta-de-la-c-m-en-espana-1704-2000-la-c-m-en-la-espana-de-la-restauracion-1875-1931-capitulo-2\/","url_meta":{"origin":949,"position":5},"title":"Historia abierta de la C.M. en Espa\u00f1a (1704-2000). La C.M. en la Espa\u00f1a de la restauraci\u00f3n (1875-1931). Cap\u00edtulo 2","author":"Mitxel Olabu\u00e9naga","date":"26\/06\/2011","format":false,"excerpt":"2.- La C.M. en la Espa\u00f1a de la Restauraci\u00f3n (1875-1931) 2.1. La Restauraci\u00f3n de la C.M. en Espa\u00f1a (1875-1902) Tras la Restauraci\u00f3n pol\u00edtica de 1875 la Congregaci\u00f3n recuper\u00f3 todas las casas con cierta rapidez: Madrid (1875, nueva instalaci\u00f3n en Garc\u00eda de Paredes), Badajoz (1875), \u00c1vila (1876, trasladada de la antigua\u2026","rel":"","context":"En \u00abHistoria de la Congregaci\u00f3n de la Misi\u00f3n en Espa\u00f1a\u00bb","block_context":{"text":"Historia de la Congregaci\u00f3n de la Misi\u00f3n en Espa\u00f1a","link":"https:\/\/vincentians.com\/es\/category\/historia-de-la-familia-vicenciana\/historia-de-la-congregacion-de-la-mision-en-espana\/"},"img":{"alt_text":"","src":"https:\/\/i0.wp.com\/vicencianos.org\/wp-content\/2011\/05\/logocmotro-216x300.jpg?resize=350%2C200","width":350,"height":200},"classes":[]}],"_links":{"self":[{"href":"https:\/\/vincentians.com\/es\/wp-json\/wp\/v2\/posts\/949","targetHints":{"allow":["GET"]}}],"collection":[{"href":"https:\/\/vincentians.com\/es\/wp-json\/wp\/v2\/posts"}],"about":[{"href":"https:\/\/vincentians.com\/es\/wp-json\/wp\/v2\/types\/post"}],"author":[{"embeddable":true,"href":"https:\/\/vincentians.com\/es\/wp-json\/wp\/v2\/users\/4"}],"replies":[{"embeddable":true,"href":"https:\/\/vincentians.com\/es\/wp-json\/wp\/v2\/comments?post=949"}],"version-history":[{"count":1,"href":"https:\/\/vincentians.com\/es\/wp-json\/wp\/v2\/posts\/949\/revisions"}],"predecessor-version":[{"id":404416,"href":"https:\/\/vincentians.com\/es\/wp-json\/wp\/v2\/posts\/949\/revisions\/404416"}],"wp:featuredmedia":[{"embeddable":true,"href":"https:\/\/vincentians.com\/es\/wp-json\/"}],"wp:attachment":[{"href":"https:\/\/vincentians.com\/es\/wp-json\/wp\/v2\/media?parent=949"}],"wp:term":[{"taxonomy":"category","embeddable":true,"href":"https:\/\/vincentians.com\/es\/wp-json\/wp\/v2\/categories?post=949"},{"taxonomy":"post_tag","embeddable":true,"href":"https:\/\/vincentians.com\/es\/wp-json\/wp\/v2\/tags?post=949"}],"curies":[{"name":"wp","href":"https:\/\/api.w.org\/{rel}","templated":true}]}}