{"id":93896,"date":"2018-03-18T08:58:21","date_gmt":"2018-03-18T07:58:21","guid":{"rendered":"http:\/\/somos.vicencianos.org\/?p=93896"},"modified":"2017-12-31T11:59:57","modified_gmt":"2017-12-31T10:59:57","slug":"la-vocacion-del-vicentino-dentro-de-la-iglesia","status":"publish","type":"post","link":"https:\/\/vincentians.com\/es\/la-vocacion-del-vicentino-dentro-de-la-iglesia\/","title":{"rendered":"La vocaci\u00f3n del vicentino dentro de la Iglesia"},"content":{"rendered":"<p>Publicamos, hoy, en el Bolet\u00edn, un peque\u00f1o resumen, de lo que fue la intervenci\u00f3n de los ponentes, sobre el tema de la Asamblea de Castell\u00f3n. El tema, que sigue pendiente de un estudio en profundidad, se proyect\u00f3 desarrollarlo en tres fases, claramente di\u00adferenciadas: la hist\u00f3rica; que comprend\u00eda el pensamiento de Ozanam y sus compa\u00ad\u00f1eros y los acuerdos de las Asambleas Generales que hab\u00edan decidido la posici\u00f3n oficial de nuestra Sociedad. La segunda fase era la jur\u00eddica en lo referente a la si\u00adtuaci\u00f3n actual en Espa\u00f1a y finalmente se pretend\u00eda exponer y debatir, la convenien\u00adcia y necesidad de la existencia de Socie\u00addades como la nuestra, para los objetivos del Cristianismo.<\/p>\n<p>Lamentablemente, el tiempo del que se dispon\u00eda para la exposici\u00f3n del tema y pa\u00adra las intervenciones de los asamble\u00edstas era insuficiente y como varios Presidentes provinciales se excedieron en el tiempo que ten\u00edan concedido, para informar sobre las actividades de su Consejo, el primer debate, sobre la primera y segunda fase, qued\u00f3 muy reducido. Un reajuste del pro\u00adgrama que se tuvo que hacer a \u00faltima ho\u00adra, impidi\u00f3 que se pudiera exponer a la Asamblea la \u00faltima fase del tema; por lo que los asamble\u00edstas, se fueron con la im\u00adpresi\u00f3n de que, el tema apenas se hab\u00eda planteado.<\/p>\n<p>Por suerte, las intervenciones, primero del Asesor Religioso del Consejo Nacio\u00adnal, Padre Teodoro Barqu\u00edn C.M. y, el do\u00admingo, del Excmo. Sr. Obispo de Caste\u00adll\u00f3n, Dr. Jos\u00e9 M\u00aa Cases (publicadas en los Boletines precedentes) dieron un impor\u00adtante contenido doctrinal a la Asamblea, aunque no fuera en la forma, como estaba, en principio, prevista.<\/p>\n<p>Antes de empezar la exposici\u00f3n, el Pre\u00adsidente Nacional hizo la presentaci\u00f3n de los ponentes. La primera fase, fue expues\u00adta por el Presidente provincial de Barcelo\u00adna y Secretario del Consejo Nacional y la segunda, por Ram\u00f3n M\u00aa de Veciana, vi\u00adcentino, hijo, nieto y padre de vicentinos, Doctor en Derecho y ex catedr\u00e1tico de Derecho Can\u00f3nico, en la Universidad de Barcelona. Su intervenci\u00f3n, fundamental\u00admente t\u00e9cnica, puso de manifiesto, la ne\u00adcesidad de prestar m\u00e1s atenci\u00f3n, a diver\u00adsos aspectos jur\u00eddicos de nuestra Sociedad a lo que, el Presidente Nacional, prometi\u00f3 prestar el m\u00e1ximo inter\u00e9s. Por ser un tema que compete s\u00f3lo a los responsables de los Consejos, no nos ha parecido necesa\u00adrio reproducirlo en este peque\u00f1o resumen.<\/p>\n<p>En el aspecto hist\u00f3rico, la ponencia pre\u00adsent\u00f3 una recopilaci\u00f3n de fragmentos de las cartas de Federico Ozanam, en los que manifiesta sus intenciones para la naciente Sociedad, as\u00ed como, las de sus compa\u00f1e\u00adros y tambi\u00e9n las discrepancias que, desde el primer momento, se pusieron de mani\u00adfiesto.<\/p>\n<p>Ozanam tiene muy claro lo que, los hombres cristianos de su \u00e9poca, deber\u00edan de estar haciendo para regenerar la socie\u00addad civil. Cuando el tiene s\u00f3lo veinti\u00fan a\u00f1os, escribe a su primo Ernesto Falcon\u00adnet, en estos t\u00e9rminos (carta 77): \u00abAhora bien, nosotros somos&#8217; demasiado j\u00f3venes para intervenir en la lucha social. \u00bfPermaneceremos inertes en medio del mundo que sufre y que gime? No, nos est\u00e1 abierta una v\u00eda preparatoria: <em>antes de hacer el <\/em><em>bien p\u00fablico, podemos hacer el bien de algunos; antes de regenerar Francia, po\u00addemos aliviar a alguno de sus pobres. <\/em>As\u00ed quisiera que todos los j\u00f3venes, de cabeza y de coraz\u00f3n, se unieran para alguna obra caritativa, y que se formase por todo el pa\u00eds, una asociaci\u00f3n generosa, para el cui\u00addado de las clases populares&#8230;\u00bb<\/p>\n<p>Cuando Ozanam escribe esto, la Confe\u00adrencia ya tiene un ario de vida y se re\u00fanen bajo la <em>presidencia <\/em>de un sacerdote; pero, el concepto de \u00abavanzadilla\u00bb de la Iglesia ya est\u00e1 en ellos, seg\u00fan se deduce del siguiente p\u00e1rrafo de la carta que manda a Leoncio Curnier, el d\u00eda 23 de Febrero de 1835, refiri\u00e9ndose al abordaje que, los vicentinos hacen a la humanidad doliente, dice:<\/p>\n<p>\u00abQuiz\u00e1 se asuste de nosotros; tratemos de sondear sus llagas y de verter en ellas acei\u00adte, hagamos sonar en sus o\u00eddos palabras de consuelo y de paz; y despu\u00e9s, cuando sus ojos se hayan abierto, pong\u00e1mosle en ma\u00adnos de quienes Dios ha constituido en guar\u00addianes y m\u00e9dicos de las almas, que son tambi\u00e9n, de alguna manera, nuestros hotele\u00adros en el peregrinaje de aqu\u00ed abajo&#8230;\u00bb<\/p>\n<p>Est\u00e1 claro que, en el pensamiento de aquellos j\u00f3venes, hay mucho m\u00e1s que el ha\u00adcer unas limitadas obras de \u00abcaridad\u00bb Hay todo un plan de vida, de vida entregada.<\/p>\n<p>A este proyecto quiere invitar Ozanam a todos los cristianos, as\u00ed lo comunica a Fernando Velay el d\u00eda 25 de mayo de 1835. \u00abEl porvenir es bien sombr\u00edo, el suelo en el que caminamos bien fangoso; es hora de cerrar filas, de darnos la mano y de sostenemos los unos a los otros. Amigos cristianos, estemos unidos, sea\u00admos fuertes, seamos generosos; esforc\u00e9\u00admonos para que el barro donde pisamos, no nos salpique por encima de nuestros pies; que nuestros corazones y nuestras frentes permanezcan puros, y que camine\u00admos por un terreno m\u00e1s elevado, m\u00e1s be\u00adllo, m\u00e1s f\u00e9rtil, y que conduzcamos a \u00e9l, a los que vienen detr\u00e1s de nosotros.<\/p>\n<p>\u00abPerd\u00f3name mi querido Velay, mis puntos de exclamaci\u00f3n, incluso las pro\u00adpias exclamaciones; pero encuentro que entre nosotros los cat\u00f3licos no hay bastan\u00adte energ\u00eda, tampoco bastante uni\u00f3n, y que, permaneciendo as\u00ed, <em>no podremos hacer <\/em><em>nada para mejorar nuestro siglo y nuestro <\/em><em>pa\u00eds. <\/em>Hay que hacer una gran cruzada in\u00adtelectual y moral, y dejar atr\u00e1s las misera\u00adbles querellas de la pol\u00edtica. No hay que tener m\u00e1s que tres palabras sobre la ban\u00addera: Dios, la Iglesia, la Humanidad&#8230;\u00bb<\/p>\n<p>Con el tiempo parece que su idea se va ampliando y as\u00ed, el 8 de agosto de 1837, le dice a Leoncio Curnier (carta 142).<\/p>\n<p>\u00abPor esta raz\u00f3n hemos querido fundar en Par\u00eds nuestra peque\u00f1a Sociedad de San Vi\u00adcente de Pa\u00fal, y por eso, quiz\u00e1, es por lo que el Cielo ha querido bendecirla. T\u00fa ve\u00adr\u00e1s, en la circular que te acompa\u00f1o, que la Sociedad en Par\u00eds dirige a las Conferencias establecidas en Provincias, y esto es lo que estoy encargado de transmitirte. Ver\u00e1s que, bajo los auspicios de nuestro humilde e ilustre Patr\u00f3n, se han reunido ya en la capi\u00adtal 220 j\u00f3venes y que la Obra ha mandado colonias bien lejos: a Roma, Nantes, Ren\u00adnes, Lyon&#8230; Aqu\u00ed en particular, nuestras intenciones prosperan y se realizan: somos m\u00e1s de 30, el dinero no nos falta y la bene\u00advolencia de las autoridades eclesi\u00e1sticas, despu\u00e9s de algunos ligeros nubarrones, se nos ha mostrado en toda su plenitud. <em>Ver\u00e1s <\/em><em>que en Par\u00eds se quiere aglutinar esa fede\u00adraci\u00f3n de hombres de buena voluntad, es\u00adtableciendo entre ellos relaciones regula\u00adres, a fin de que se conozcan, se alienten, se sostengan mutuamente por la fuerza del ejemplo y por la fuerza de la oraci\u00f3n&#8230;\u00bb<\/em><\/p>\n<p>Evidentemente se est\u00e1 haciendo desde la Sociedad, un planteamiento muy liberal por lo que no es de extra\u00f1ar que, unos meses despu\u00e9s (17-5-38) en su nueva car\u00adta al secretaria general, le diga (175):<\/p>\n<p>\u00ab[&#8230;] No hay que hacerse ilusiones, la Sociedad ha encontrado desconfianzas en todas partes. Si en Lyon nunca ha incurri\u00addo en la censura de la autoridad eclesi\u00e1sti\u00adca, si incluso <em>algunos <\/em>venerables sacerdo\u00adtes la han alentado, no ha dejado de ser objeto de vejaciones de muchos seglares, de los grandes bonetes de la ortodoxia&#8230; No podr\u00edas creer las mezquindades, las vi\u00adllan\u00edas, las argucias, las ofrendas que esas gentes, con la mejor fe del mundo, han usado contra nosotros. Los m\u00e1s distingui\u00addos han sido arrastrados por la multitud, y hemos tenido que sufrir mucho, incluso de los que nos quieren&#8230;\u00bb<\/p>\n<p>La posici\u00f3n definitiva de nuestra Socie\u00addad la comunica Ozanam al secretario ge\u00adneral el d\u00eda 11 de agosto de 1838, en estos t\u00e9rminos (carta 182):<\/p>\n<p>\u00abMi querido amigo: En primer lugar debo escribir como Presidente de la So\u00adciedad de San Vicente de Pa\u00fal de Lyon al Secretario General, para darle cuenta de las actividades del Consejo de Direcci\u00f3n. Int\u00e9rprete de varias opiniones que nunca he compartido, debo ser breve para per\u00admanecer imparcial.\u00bb<\/p>\n<p>A continuaci\u00f3n de nuestra \u00faltima asam\u00adblea general del 13 de julio, se manifesta\u00adron diversas inquietudes en el seno de la Sociedad; yo pens\u00e9 que deb\u00eda convocar al Consejo. Algunos miembros se quejaban de que muchos no asist\u00edan a las reuniones religiosas; pensaban que deb\u00eda estimularse la piedad y el esp\u00edritu de fraternidad, para evitar que nuestras Conferencias degene\u00adrasen en oficinas de beneficencia. Otros, por el contrario se alarmaban por algunos actos de protecci\u00f3n eclesi\u00e1stica, que les parec\u00edan usurpaciones y que pod\u00edan asimi\u00adlar la Sociedad a algunas congregaciones religiosas, loables, sin duda, desde todos los puntos de vista, pero totalmente distin\u00adtas en su fin. No faltaban quienes mani\u00adfestaban, a la vez, estas dos clases de aprensiones y <em>reclamaban un conjunto de medidas capaz de dar a nuestra obra un car\u00e1cter al mismo tiempo, profundamente cristiano <\/em>y <em>totalmente laico.<\/em><\/p>\n<p>\u00abEn tres semanas se han celebrado cua\u00adtro reuniones del Consejo y puedo atesti\u00adguar que nunca las ha habido tan serias, tanto por la elecci\u00f3n de los miembros que la compon\u00edan, como por la doble prepara\u00adci\u00f3n de la reflexi\u00f3n y de la oraci\u00f3n, as\u00ed co\u00admo, por la franqueza de las discusiones y por la viva caridad que no ha dejado de reinar en ellas. Sin entrar en el detalle de las alegaciones presentadas por una y otra parte, voy a referirme solamente a las de\u00adcisiones resultantes.\u00bb<\/p>\n<p>\u00abA partir de la pr\u00f3xima asamblea gene\u00adral, la presidencia efectiva de la reuni\u00f3n se\u00adr\u00e1 ejercida, no por el Sr. Cura P\u00e1rroco de San Pedro, sino por el Presidente de la So\u00adciedad. El proceso verbal se expresar\u00e1 en estos t\u00e9rminos: El Sr. Cura honra la reuni\u00f3n con su presencia. Se buscar\u00e1 un local a ser posible entre las dos Parroquias, de San Pe\u00addro y de San Francisco, para evitar el incon\u00adveniente de reunirnos en una sacrist\u00eda.\u00bb<\/p>\n<p>Son ciertamente decisiones hist\u00f3ricas que en las Asambleas generales celebra\u00addas por nuestra Sociedad inmediatamente despu\u00e9s de Dubl\u00edn, quedaron actualizadas al aprobarse el pre\u00e1mbulo de nuestro re\u00adglamento actual.<\/p>\n<p>Qued\u00f3 pendiente de exponer y conse\u00adcuentemente de debatir, en nuestra asam\u00adblea de Castell\u00f3n, el porqu\u00e9 de este perma\u00adnente inter\u00e9s de nuestra Sociedad, de man\u00adtenerse \u00abindependiente de la organizaci\u00f3n clerical\u00bb (pre\u00e1mbulo del reglamento, cap\u00ed\u00adtulo IV). Sus ventajas y sus inconvenientes.<\/p>\n<p>Felizmente, un nuevo documento ponti\u00adficio, la Enc\u00edclica <em>Centesimus annus, <\/em>ha venido a reforzar las tesis defendidas siempre por la mayor\u00eda de miembros de nuestra Sociedad.<\/p>\n<p>Efectivamente; la nueva enc\u00edclica, que fue muy comentada en la Asamblea, tanto por su apretado contenido doctrinal, como por su lenguaje, conciso y pr\u00e1ctico; pone de manifiesto la necesidad de contar con todos los hombre de buena voluntad, para conseguir una serie de objetivos, descritos en la propia enc\u00edclica, que, los cat\u00f3licos solos, no podemos realizar, y estos objeti\u00advos coinciden, en gran parte, con los que Ozanam deseaba realizar en su tiempo.<\/p>\n<p>Concretamente, al final del punto 25 de la Enc\u00edclica, podemos leer: \u00abEl reino de Dios, presente en el mundo sin ser del mundo, ilumina el orden de la sociedad humana, mientras que las energ\u00edas de la gracia lo penetran y vivifican. As\u00ed percibe mejor las exigencias de una sociedad dig\u00adna del hombre; se corrigen las desviacio\u00adnes y se corrobora el \u00e1nimo para obrar el bien. <em>A esta labor de animaci\u00f3n evang\u00e9li\u00adca de las realidades humanas est\u00e1n lla\u00admados, junto con todos los hombres de buena voluntad, todos los cristianos <\/em>y <em>de manera especial los seglares\u00bb.<\/em><\/p>\n<p>En la Sociedad de San Vicente de Pa\u00fal, estamos para ayudarnos, unos a otros, a perfeccionarnos en el amor, para lo cual, previamente, nos hemos de perfeccionar en la justicia y, cuando hablamos de justi\u00adcia, no hemos de pensar en la legalidad vi\u00adgente seg\u00fan las leyes de los hombres, (in\u00adjustas muchas de ellas), sino en los princi\u00adpios de la justicia seg\u00fan Dios, narrados en el Antiguo Testamento, principalmente en el Lev\u00edtico, y que Cristo dej\u00f3 muy claro que no los ven\u00eda a suprimir (Mt 5, 17-20), sino que los ven\u00eda a perfeccionar con el nuevo mandamiento del Amor. La nueva enc\u00edclica dedica muchas p\u00e1ginas a matizar aspectos de esa justicia y por ello la Asamblea acord\u00f3 recomendar a todos los Vicentinos su lectura minuciosa.<\/p>\n<p>Con estos principios de justicia y de amor, hemos de intentar vivir todos los as\u00adpectos de nuestra vida y no solamente no resulta f\u00e1cil, sino que resulta, pr\u00e1cticamen\u00adte, imposible su aplicaci\u00f3n, en muchos as\u00adpectos profesionales, en los que el mundo ha establecido unas reglas de juego incom\u00adpatibles con ellos. De ah\u00ed nace la necesidad de incorporar la problem\u00e1tica de cada una de las actividades profesionales, que cada uno de nosotros tenga, a las actividades de todos los grupos de apoyo para mejorar la vida de cada cristiano y, en nuestro caso, a la vida de la Conferencia, para ayudarnos a hacerlas m\u00e1s justas en un sentido Lev\u00edtico, o aplicando la moderna doctrina social de la Iglesia. Evidentemente estoy proponien\u00addo una aplicaci\u00f3n de las actividades que, en la pr\u00e1ctica ahora realizamos; pero que entra de lleno en el objetivo fundamental de nuestra Sociedad y para poder incorpo\u00adrar plenamente en estas actividades a todos los hombres de buena voluntad que lo de\u00adseen, es por lo que resulta imprescindible nuestra independencia jur\u00eddica de la Igle\u00adsia; porque en este terreno podemos avan\u00adzar mucho todos juntos, independiente\u00admente de los dogmas en que creamos.<\/p>\n<p>No hay ninguna duda en que las res\u00adponsabilidades en materia profesional, po\u00adl\u00edtica o familiar, nos competen exclusiva\u00admente a los seglares y nosotros somos los que hemos de tomar las decisiones, con todos los asesoramientos que creamos ne\u00adcesarios; pero hemos de demostrar nuestra total madurez como cristianos.<\/p>\n<p>Esto es lo que, como ponente, me hu\u00adbiera gustado que debati\u00e9ramos entre to\u00addos en la asamblea de Castell\u00f3n, os dejo aqu\u00ed la constancia de mi punto de vista y espero que tengamos una nueva oportuni\u00addad para hacerlo.<\/p>\n","protected":false},"excerpt":{"rendered":"<p>Publicamos, hoy, en el Bolet\u00edn, un peque\u00f1o resumen, de lo que fue la intervenci\u00f3n de los ponentes, sobre el tema de la Asamblea de Castell\u00f3n. El tema, que sigue pendiente de un estudio en profundidad, &#8230; <a href=\"https:\/\/vincentians.com\/es\/la-vocacion-del-vicentino-dentro-de-la-iglesia\/\" class=\"more-link\">Read More<\/a><\/p>\n","protected":false},"author":4,"featured_media":401235,"comment_status":"open","ping_status":"open","sticky":false,"template":"","format":"standard","meta":{"jetpack_post_was_ever_published":false,"_jetpack_newsletter_access":"","_jetpack_dont_email_post_to_subs":false,"_jetpack_newsletter_tier_id":0,"_jetpack_memberships_contains_paywalled_content":false,"_jetpack_memberships_contains_paid_content":false,"footnotes":"","jetpack_publicize_message":"","jetpack_publicize_feature_enabled":true,"jetpack_social_post_already_shared":true,"jetpack_social_options":{"image_generator_settings":{"template":"highway","default_image_id":0,"font":"","enabled":false},"version":2}},"categories":[28],"tags":[296],"class_list":["post-93896","post","type-post","status-publish","format-standard","has-post-thumbnail","hentry","category-formacion-vicenciana","tag-curnier"],"yoast_head":"<!-- This site is optimized with the Yoast SEO plugin v26.3 - https:\/\/yoast.com\/wordpress\/plugins\/seo\/ -->\n<title>La vocaci\u00f3n del vicentino dentro de la Iglesia - Somos Vicencianos<\/title>\n<meta name=\"robots\" content=\"index, follow, max-snippet:-1, max-image-preview:large, max-video-preview:-1\" \/>\n<link rel=\"canonical\" href=\"https:\/\/vincentians.com\/es\/la-vocacion-del-vicentino-dentro-de-la-iglesia\/\" \/>\n<meta property=\"og:locale\" content=\"es_ES\" \/>\n<meta property=\"og:type\" content=\"article\" \/>\n<meta property=\"og:title\" content=\"La vocaci\u00f3n del vicentino dentro de la Iglesia - Somos Vicencianos\" \/>\n<meta property=\"og:description\" content=\"Publicamos, hoy, en el Bolet\u00edn, un peque\u00f1o resumen, de lo que fue la intervenci\u00f3n de los ponentes, sobre el tema de la Asamblea de Castell\u00f3n. El tema, que sigue pendiente de un estudio en profundidad, ... Read More\" \/>\n<meta property=\"og:url\" content=\"https:\/\/vincentians.com\/es\/la-vocacion-del-vicentino-dentro-de-la-iglesia\/\" \/>\n<meta property=\"og:site_name\" content=\"Somos Vicencianos\" \/>\n<meta property=\"article:publisher\" content=\"https:\/\/www.facebook.com\/WeAreVincentians\/\" \/>\n<meta property=\"article:author\" content=\"https:\/\/www.facebook.com\/JavierChento\" \/>\n<meta property=\"article:published_time\" content=\"2018-03-18T07:58:21+00:00\" \/>\n<meta property=\"og:image\" content=\"https:\/\/i0.wp.com\/vincentians.com\/es\/wp-content\/uploads\/sites\/11\/2016\/09\/Federico-Ozanam-1.jpg?fit=412%2C462&ssl=1\" \/>\n\t<meta property=\"og:image:width\" content=\"412\" \/>\n\t<meta property=\"og:image:height\" content=\"462\" \/>\n\t<meta property=\"og:image:type\" content=\"image\/jpeg\" \/>\n<meta name=\"author\" content=\"Francisco Javier Fern\u00e1ndez Chento\" \/>\n<meta name=\"twitter:card\" content=\"summary_large_image\" \/>\n<meta name=\"twitter:creator\" content=\"@https:\/\/twitter.com\/javierchento\" \/>\n<meta name=\"twitter:site\" content=\"@WeVincentians\" \/>\n<meta name=\"twitter:label1\" content=\"Escrito por\" \/>\n\t<meta name=\"twitter:data1\" content=\"Francisco Javier Fern\u00e1ndez Chento\" \/>\n\t<meta name=\"twitter:label2\" content=\"Tiempo de lectura\" \/>\n\t<meta name=\"twitter:data2\" content=\"12 minutos\" \/>\n<script type=\"application\/ld+json\" class=\"yoast-schema-graph\">{\"@context\":\"https:\/\/schema.org\",\"@graph\":[{\"@type\":\"Article\",\"@id\":\"https:\/\/vincentians.com\/es\/la-vocacion-del-vicentino-dentro-de-la-iglesia\/#article\",\"isPartOf\":{\"@id\":\"https:\/\/vincentians.com\/es\/la-vocacion-del-vicentino-dentro-de-la-iglesia\/\"},\"author\":{\"name\":\"Francisco Javier Fern\u00e1ndez Chento\",\"@id\":\"http:\/\/vincentians.com\/es\/#\/schema\/person\/9623ef4d9aa3b2dfb8c061f1499288f2\"},\"headline\":\"La vocaci\u00f3n del vicentino dentro de la Iglesia\",\"datePublished\":\"2018-03-18T07:58:21+00:00\",\"mainEntityOfPage\":{\"@id\":\"https:\/\/vincentians.com\/es\/la-vocacion-del-vicentino-dentro-de-la-iglesia\/\"},\"wordCount\":2505,\"commentCount\":0,\"publisher\":{\"@id\":\"http:\/\/vincentians.com\/es\/#organization\"},\"image\":{\"@id\":\"https:\/\/vincentians.com\/es\/la-vocacion-del-vicentino-dentro-de-la-iglesia\/#primaryimage\"},\"thumbnailUrl\":\"https:\/\/i0.wp.com\/vincentians.com\/es\/wp-content\/uploads\/sites\/11\/2016\/09\/Federico-Ozanam-1.jpg?fit=412%2C462&ssl=1\",\"keywords\":[\"Curnier\"],\"articleSection\":[\"Formaci\u00f3n Vicenciana\"],\"inLanguage\":\"es\",\"potentialAction\":[{\"@type\":\"CommentAction\",\"name\":\"Comment\",\"target\":[\"https:\/\/vincentians.com\/es\/la-vocacion-del-vicentino-dentro-de-la-iglesia\/#respond\"]}]},{\"@type\":\"WebPage\",\"@id\":\"https:\/\/vincentians.com\/es\/la-vocacion-del-vicentino-dentro-de-la-iglesia\/\",\"url\":\"https:\/\/vincentians.com\/es\/la-vocacion-del-vicentino-dentro-de-la-iglesia\/\",\"name\":\"La vocaci\u00f3n del vicentino dentro de la Iglesia - Somos Vicencianos\",\"isPartOf\":{\"@id\":\"http:\/\/vincentians.com\/es\/#website\"},\"primaryImageOfPage\":{\"@id\":\"https:\/\/vincentians.com\/es\/la-vocacion-del-vicentino-dentro-de-la-iglesia\/#primaryimage\"},\"image\":{\"@id\":\"https:\/\/vincentians.com\/es\/la-vocacion-del-vicentino-dentro-de-la-iglesia\/#primaryimage\"},\"thumbnailUrl\":\"https:\/\/i0.wp.com\/vincentians.com\/es\/wp-content\/uploads\/sites\/11\/2016\/09\/Federico-Ozanam-1.jpg?fit=412%2C462&ssl=1\",\"datePublished\":\"2018-03-18T07:58:21+00:00\",\"breadcrumb\":{\"@id\":\"https:\/\/vincentians.com\/es\/la-vocacion-del-vicentino-dentro-de-la-iglesia\/#breadcrumb\"},\"inLanguage\":\"es\",\"potentialAction\":[{\"@type\":\"ReadAction\",\"target\":[\"https:\/\/vincentians.com\/es\/la-vocacion-del-vicentino-dentro-de-la-iglesia\/\"]}]},{\"@type\":\"ImageObject\",\"inLanguage\":\"es\",\"@id\":\"https:\/\/vincentians.com\/es\/la-vocacion-del-vicentino-dentro-de-la-iglesia\/#primaryimage\",\"url\":\"https:\/\/i0.wp.com\/vincentians.com\/es\/wp-content\/uploads\/sites\/11\/2016\/09\/Federico-Ozanam-1.jpg?fit=412%2C462&ssl=1\",\"contentUrl\":\"https:\/\/i0.wp.com\/vincentians.com\/es\/wp-content\/uploads\/sites\/11\/2016\/09\/Federico-Ozanam-1.jpg?fit=412%2C462&ssl=1\",\"width\":412,\"height\":462},{\"@type\":\"BreadcrumbList\",\"@id\":\"https:\/\/vincentians.com\/es\/la-vocacion-del-vicentino-dentro-de-la-iglesia\/#breadcrumb\",\"itemListElement\":[{\"@type\":\"ListItem\",\"position\":1,\"name\":\"Portada\",\"item\":\"http:\/\/vincentians.com\/es\/\"},{\"@type\":\"ListItem\",\"position\":2,\"name\":\"La vocaci\u00f3n del vicentino dentro de la Iglesia\"}]},{\"@type\":\"WebSite\",\"@id\":\"http:\/\/vincentians.com\/es\/#website\",\"url\":\"http:\/\/vincentians.com\/es\/\",\"name\":\"Somos Vicencianos\",\"description\":\"Know more to serve more\",\"publisher\":{\"@id\":\"http:\/\/vincentians.com\/es\/#organization\"},\"potentialAction\":[{\"@type\":\"SearchAction\",\"target\":{\"@type\":\"EntryPoint\",\"urlTemplate\":\"http:\/\/vincentians.com\/es\/?s={search_term_string}\"},\"query-input\":{\"@type\":\"PropertyValueSpecification\",\"valueRequired\":true,\"valueName\":\"search_term_string\"}}],\"inLanguage\":\"es\"},{\"@type\":\"Organization\",\"@id\":\"http:\/\/vincentians.com\/es\/#organization\",\"name\":\"The Vincentian Network\",\"url\":\"http:\/\/vincentians.com\/es\/\",\"logo\":{\"@type\":\"ImageObject\",\"inLanguage\":\"es\",\"@id\":\"http:\/\/vincentians.com\/es\/#\/schema\/logo\/image\/\",\"url\":\"https:\/\/i1.wp.com\/vincentians.com\/es\/wp-content\/uploads\/sites\/11\/2016\/06\/Vincentian-Network-logo-big.png?fit=778%2C778\",\"contentUrl\":\"https:\/\/i1.wp.com\/vincentians.com\/es\/wp-content\/uploads\/sites\/11\/2016\/06\/Vincentian-Network-logo-big.png?fit=778%2C778\",\"width\":778,\"height\":778,\"caption\":\"The Vincentian Network\"},\"image\":{\"@id\":\"http:\/\/vincentians.com\/es\/#\/schema\/logo\/image\/\"},\"sameAs\":[\"https:\/\/www.facebook.com\/WeAreVincentians\/\",\"https:\/\/x.com\/WeVincentians\"]},{\"@type\":\"Person\",\"@id\":\"http:\/\/vincentians.com\/es\/#\/schema\/person\/9623ef4d9aa3b2dfb8c061f1499288f2\",\"name\":\"Francisco Javier Fern\u00e1ndez Chento\",\"image\":{\"@type\":\"ImageObject\",\"inLanguage\":\"es\",\"@id\":\"http:\/\/vincentians.com\/es\/#\/schema\/person\/image\/\",\"url\":\"https:\/\/secure.gravatar.com\/avatar\/497d5cde87b4c3d097d0315953521681ba2cd523ee66e5077c3711f7021e65de?s=96&d=mm&r=g\",\"contentUrl\":\"https:\/\/secure.gravatar.com\/avatar\/497d5cde87b4c3d097d0315953521681ba2cd523ee66e5077c3711f7021e65de?s=96&d=mm&r=g\",\"caption\":\"Francisco Javier Fern\u00e1ndez Chento\"},\"description\":\"Director General y cofundador de La Red de Formaci\u00f3n Vicenciana. Javier es laico vicenciano, afiliado a la Congregaci\u00f3n de la Misi\u00f3n y miembro del Equipo de Misiones Populares de la provincia can\u00f3nica de Zaragoza (Espa\u00f1a) de la Congregaci\u00f3n de la Misi\u00f3n. Graduado en la Universidad Oberta de Catalunya con cuatro grados (Asistente de direcci\u00f3n, Gesti\u00f3n Administrativa, Recursos Humanos y Contabilidad Avanzada). Bil\u00edng\u00fce Espa\u00f1ol\/Ingl\u00e9s. gestiona y mantiene varias p\u00e1ginas web cristianas y vicencianas, incluida including La Red de Formaci\u00f3n Vicenciana, de la que es cofundador. Actualmente es responsable del \u00e1rea de Espa\u00f1ol de .famvin, la Red de Noticias de la Familia Vicenciana. Tambi\u00e9n es m\u00fasico cat\u00f3lico y ha editado varios discos. Es Director General y cofundador de Trovador, una reconocida compa\u00f1\u00eda discogr\u00e1fica critiana de Espa\u00f1a. Trabaja en las Tecnolog\u00edas de la Informaci\u00f3n, ofreciendo servicios de alojamiento, dise\u00f1o y mantenimiento Web, as\u00ed como asesoramiento, formaci\u00f3n y soluciones inform\u00e1ticas, gesti\u00f3n documental y digitalizaci\u00f3n de textos, edici\u00f3n y maquetaci\u00f3n de libros, revistas, flyers, etc.\",\"sameAs\":[\"http:\/\/chento.org\",\"https:\/\/www.facebook.com\/JavierChento\",\"https:\/\/x.com\/https:\/\/twitter.com\/javierchento\"],\"url\":\"https:\/\/vincentians.com\/es\/author\/chento\/\"}]}<\/script>\n<!-- \/ Yoast SEO plugin. -->","yoast_head_json":{"title":"La vocaci\u00f3n del vicentino dentro de la Iglesia - Somos Vicencianos","robots":{"index":"index","follow":"follow","max-snippet":"max-snippet:-1","max-image-preview":"max-image-preview:large","max-video-preview":"max-video-preview:-1"},"canonical":"https:\/\/vincentians.com\/es\/la-vocacion-del-vicentino-dentro-de-la-iglesia\/","og_locale":"es_ES","og_type":"article","og_title":"La vocaci\u00f3n del vicentino dentro de la Iglesia - Somos Vicencianos","og_description":"Publicamos, hoy, en el Bolet\u00edn, un peque\u00f1o resumen, de lo que fue la intervenci\u00f3n de los ponentes, sobre el tema de la Asamblea de Castell\u00f3n. El tema, que sigue pendiente de un estudio en profundidad, ... Read More","og_url":"https:\/\/vincentians.com\/es\/la-vocacion-del-vicentino-dentro-de-la-iglesia\/","og_site_name":"Somos Vicencianos","article_publisher":"https:\/\/www.facebook.com\/WeAreVincentians\/","article_author":"https:\/\/www.facebook.com\/JavierChento","article_published_time":"2018-03-18T07:58:21+00:00","og_image":[{"width":412,"height":462,"url":"https:\/\/i0.wp.com\/vincentians.com\/es\/wp-content\/uploads\/sites\/11\/2016\/09\/Federico-Ozanam-1.jpg?fit=412%2C462&ssl=1","type":"image\/jpeg"}],"author":"Francisco Javier Fern\u00e1ndez Chento","twitter_card":"summary_large_image","twitter_creator":"@https:\/\/twitter.com\/javierchento","twitter_site":"@WeVincentians","twitter_misc":{"Escrito por":"Francisco Javier Fern\u00e1ndez Chento","Tiempo de lectura":"12 minutos"},"schema":{"@context":"https:\/\/schema.org","@graph":[{"@type":"Article","@id":"https:\/\/vincentians.com\/es\/la-vocacion-del-vicentino-dentro-de-la-iglesia\/#article","isPartOf":{"@id":"https:\/\/vincentians.com\/es\/la-vocacion-del-vicentino-dentro-de-la-iglesia\/"},"author":{"name":"Francisco Javier Fern\u00e1ndez Chento","@id":"http:\/\/vincentians.com\/es\/#\/schema\/person\/9623ef4d9aa3b2dfb8c061f1499288f2"},"headline":"La vocaci\u00f3n del vicentino dentro de la Iglesia","datePublished":"2018-03-18T07:58:21+00:00","mainEntityOfPage":{"@id":"https:\/\/vincentians.com\/es\/la-vocacion-del-vicentino-dentro-de-la-iglesia\/"},"wordCount":2505,"commentCount":0,"publisher":{"@id":"http:\/\/vincentians.com\/es\/#organization"},"image":{"@id":"https:\/\/vincentians.com\/es\/la-vocacion-del-vicentino-dentro-de-la-iglesia\/#primaryimage"},"thumbnailUrl":"https:\/\/i0.wp.com\/vincentians.com\/es\/wp-content\/uploads\/sites\/11\/2016\/09\/Federico-Ozanam-1.jpg?fit=412%2C462&ssl=1","keywords":["Curnier"],"articleSection":["Formaci\u00f3n Vicenciana"],"inLanguage":"es","potentialAction":[{"@type":"CommentAction","name":"Comment","target":["https:\/\/vincentians.com\/es\/la-vocacion-del-vicentino-dentro-de-la-iglesia\/#respond"]}]},{"@type":"WebPage","@id":"https:\/\/vincentians.com\/es\/la-vocacion-del-vicentino-dentro-de-la-iglesia\/","url":"https:\/\/vincentians.com\/es\/la-vocacion-del-vicentino-dentro-de-la-iglesia\/","name":"La vocaci\u00f3n del vicentino dentro de la Iglesia - Somos Vicencianos","isPartOf":{"@id":"http:\/\/vincentians.com\/es\/#website"},"primaryImageOfPage":{"@id":"https:\/\/vincentians.com\/es\/la-vocacion-del-vicentino-dentro-de-la-iglesia\/#primaryimage"},"image":{"@id":"https:\/\/vincentians.com\/es\/la-vocacion-del-vicentino-dentro-de-la-iglesia\/#primaryimage"},"thumbnailUrl":"https:\/\/i0.wp.com\/vincentians.com\/es\/wp-content\/uploads\/sites\/11\/2016\/09\/Federico-Ozanam-1.jpg?fit=412%2C462&ssl=1","datePublished":"2018-03-18T07:58:21+00:00","breadcrumb":{"@id":"https:\/\/vincentians.com\/es\/la-vocacion-del-vicentino-dentro-de-la-iglesia\/#breadcrumb"},"inLanguage":"es","potentialAction":[{"@type":"ReadAction","target":["https:\/\/vincentians.com\/es\/la-vocacion-del-vicentino-dentro-de-la-iglesia\/"]}]},{"@type":"ImageObject","inLanguage":"es","@id":"https:\/\/vincentians.com\/es\/la-vocacion-del-vicentino-dentro-de-la-iglesia\/#primaryimage","url":"https:\/\/i0.wp.com\/vincentians.com\/es\/wp-content\/uploads\/sites\/11\/2016\/09\/Federico-Ozanam-1.jpg?fit=412%2C462&ssl=1","contentUrl":"https:\/\/i0.wp.com\/vincentians.com\/es\/wp-content\/uploads\/sites\/11\/2016\/09\/Federico-Ozanam-1.jpg?fit=412%2C462&ssl=1","width":412,"height":462},{"@type":"BreadcrumbList","@id":"https:\/\/vincentians.com\/es\/la-vocacion-del-vicentino-dentro-de-la-iglesia\/#breadcrumb","itemListElement":[{"@type":"ListItem","position":1,"name":"Portada","item":"http:\/\/vincentians.com\/es\/"},{"@type":"ListItem","position":2,"name":"La vocaci\u00f3n del vicentino dentro de la Iglesia"}]},{"@type":"WebSite","@id":"http:\/\/vincentians.com\/es\/#website","url":"http:\/\/vincentians.com\/es\/","name":"Somos Vicencianos","description":"Know more to serve more","publisher":{"@id":"http:\/\/vincentians.com\/es\/#organization"},"potentialAction":[{"@type":"SearchAction","target":{"@type":"EntryPoint","urlTemplate":"http:\/\/vincentians.com\/es\/?s={search_term_string}"},"query-input":{"@type":"PropertyValueSpecification","valueRequired":true,"valueName":"search_term_string"}}],"inLanguage":"es"},{"@type":"Organization","@id":"http:\/\/vincentians.com\/es\/#organization","name":"The Vincentian Network","url":"http:\/\/vincentians.com\/es\/","logo":{"@type":"ImageObject","inLanguage":"es","@id":"http:\/\/vincentians.com\/es\/#\/schema\/logo\/image\/","url":"https:\/\/i1.wp.com\/vincentians.com\/es\/wp-content\/uploads\/sites\/11\/2016\/06\/Vincentian-Network-logo-big.png?fit=778%2C778","contentUrl":"https:\/\/i1.wp.com\/vincentians.com\/es\/wp-content\/uploads\/sites\/11\/2016\/06\/Vincentian-Network-logo-big.png?fit=778%2C778","width":778,"height":778,"caption":"The Vincentian Network"},"image":{"@id":"http:\/\/vincentians.com\/es\/#\/schema\/logo\/image\/"},"sameAs":["https:\/\/www.facebook.com\/WeAreVincentians\/","https:\/\/x.com\/WeVincentians"]},{"@type":"Person","@id":"http:\/\/vincentians.com\/es\/#\/schema\/person\/9623ef4d9aa3b2dfb8c061f1499288f2","name":"Francisco Javier Fern\u00e1ndez Chento","image":{"@type":"ImageObject","inLanguage":"es","@id":"http:\/\/vincentians.com\/es\/#\/schema\/person\/image\/","url":"https:\/\/secure.gravatar.com\/avatar\/497d5cde87b4c3d097d0315953521681ba2cd523ee66e5077c3711f7021e65de?s=96&d=mm&r=g","contentUrl":"https:\/\/secure.gravatar.com\/avatar\/497d5cde87b4c3d097d0315953521681ba2cd523ee66e5077c3711f7021e65de?s=96&d=mm&r=g","caption":"Francisco Javier Fern\u00e1ndez Chento"},"description":"Director General y cofundador de La Red de Formaci\u00f3n Vicenciana. Javier es laico vicenciano, afiliado a la Congregaci\u00f3n de la Misi\u00f3n y miembro del Equipo de Misiones Populares de la provincia can\u00f3nica de Zaragoza (Espa\u00f1a) de la Congregaci\u00f3n de la Misi\u00f3n. Graduado en la Universidad Oberta de Catalunya con cuatro grados (Asistente de direcci\u00f3n, Gesti\u00f3n Administrativa, Recursos Humanos y Contabilidad Avanzada). Bil\u00edng\u00fce Espa\u00f1ol\/Ingl\u00e9s. gestiona y mantiene varias p\u00e1ginas web cristianas y vicencianas, incluida including La Red de Formaci\u00f3n Vicenciana, de la que es cofundador. Actualmente es responsable del \u00e1rea de Espa\u00f1ol de .famvin, la Red de Noticias de la Familia Vicenciana. Tambi\u00e9n es m\u00fasico cat\u00f3lico y ha editado varios discos. Es Director General y cofundador de Trovador, una reconocida compa\u00f1\u00eda discogr\u00e1fica critiana de Espa\u00f1a. Trabaja en las Tecnolog\u00edas de la Informaci\u00f3n, ofreciendo servicios de alojamiento, dise\u00f1o y mantenimiento Web, as\u00ed como asesoramiento, formaci\u00f3n y soluciones inform\u00e1ticas, gesti\u00f3n documental y digitalizaci\u00f3n de textos, edici\u00f3n y maquetaci\u00f3n de libros, revistas, flyers, etc.","sameAs":["http:\/\/chento.org","https:\/\/www.facebook.com\/JavierChento","https:\/\/x.com\/https:\/\/twitter.com\/javierchento"],"url":"https:\/\/vincentians.com\/es\/author\/chento\/"}]}},"jetpack_publicize_connections":[],"jetpack_featured_media_url":"https:\/\/i0.wp.com\/vincentians.com\/es\/wp-content\/uploads\/sites\/11\/2016\/09\/Federico-Ozanam-1.jpg?fit=412%2C462&ssl=1","jetpack_sharing_enabled":true,"jetpack_shortlink":"https:\/\/wp.me\/p7ETMF-oqs","jetpack-related-posts":[{"id":140032,"url":"https:\/\/vincentians.com\/es\/las-asambleas-generales-en-la-congregacion-de-la-mision-historia-y-resultados\/","url_meta":{"origin":93896,"position":0},"title":"Las Asambleas Generales en la Congregaci\u00f3n de la Misi\u00f3n: Historia y Resultados","author":"Mitxel Olabu\u00e9naga","date":"20\/02\/2015","format":false,"excerpt":"Introducci\u00f3n La autoridad suprema en la Congregaci\u00f3n, su asamblea general, ha sido crucial para su desarrollo y direcci\u00f3n. En su casi cuatro siglos de existencia, la Congregaci\u00f3n ha celebrado cuarenta y uno de estos encuentros, el primero fue en 1661. Vicente mismo, sin embargo, celebr\u00f3 asambleas preliminares en 1642 y\u2026","rel":"","context":"En \u00abHistoria de la Congregaci\u00f3n de la Misi\u00f3n\u00bb","block_context":{"text":"Historia de la Congregaci\u00f3n de la Misi\u00f3n","link":"https:\/\/vincentians.com\/es\/category\/historia-de-la-familia-vicenciana\/historia-de-la-congregacion-de-la-mision\/"},"img":{"alt_text":"logocm","src":"https:\/\/i0.wp.com\/vicencianos.org\/wp-content\/2011\/12\/logocm-245x300.png?resize=350%2C200","width":350,"height":200},"classes":[]},{"id":36849,"url":"https:\/\/vincentians.com\/es\/lucia-roge-asamblea-general-1985\/","url_meta":{"origin":93896,"position":1},"title":"Luc\u00eda Rog\u00e9: Asamblea General (1985)","author":"Francisco Javier Fern\u00e1ndez Chento","date":"07\/05\/2011","format":false,"excerpt":"23 de noviembre de 1984 La petici\u00f3n que la mayor\u00eda de ustedes me dirigen en estos mo\u00admentos es espont\u00e1neamente, h\u00e1blenos de la Asamblea. En efecto, ahora, ya est\u00e1 pr\u00f3xima y nos interesa a todas y a cada una. Hemos vivido la fase preparatoria, Asambleas Dom\u00e9sticas, primero, luego, Asambleas Provinciales. En\u2026","rel":"","context":"En \u00abEscritos de Luc\u00eda Rog\u00e9\u00bb","block_context":{"text":"Escritos de Luc\u00eda Rog\u00e9","link":"https:\/\/vincentians.com\/es\/category\/escritos\/escritos-de-lucia-roge\/"},"img":{"alt_text":"","src":"https:\/\/i0.wp.com\/vincentians.com\/es\/wp-content\/uploads\/sites\/11\/2016\/07\/escritos-lucia-roge.jpg?fit=1200%2C630&ssl=1&resize=350%2C200","width":350,"height":200,"srcset":"https:\/\/i0.wp.com\/vincentians.com\/es\/wp-content\/uploads\/sites\/11\/2016\/07\/escritos-lucia-roge.jpg?fit=1200%2C630&ssl=1&resize=350%2C200 1x, https:\/\/i0.wp.com\/vincentians.com\/es\/wp-content\/uploads\/sites\/11\/2016\/07\/escritos-lucia-roge.jpg?fit=1200%2C630&ssl=1&resize=525%2C300 1.5x, https:\/\/i0.wp.com\/vincentians.com\/es\/wp-content\/uploads\/sites\/11\/2016\/07\/escritos-lucia-roge.jpg?fit=1200%2C630&ssl=1&resize=700%2C400 2x, https:\/\/i0.wp.com\/vincentians.com\/es\/wp-content\/uploads\/sites\/11\/2016\/07\/escritos-lucia-roge.jpg?fit=1200%2C630&ssl=1&resize=1050%2C600 3x"},"classes":[]},{"id":134037,"url":"https:\/\/vincentians.com\/es\/primera-asamblea-general-de-la-asociacion-de-la-medalla-milagrosa\/","url_meta":{"origin":93896,"position":2},"title":"Primera Asamblea General de la Asociaci\u00f3n de la Medalla Milagrosa","author":"Francisco Javier Fern\u00e1ndez Chento","date":"28\/12\/2014","format":false,"excerpt":"Fruto de tres Encuentros o Congresos Internacionales (2001-2009), que dieron a la Asociaci\u00f3n de la Medalla Milagrosa (AMM) unos Estatutos operativos y una organizaci\u00f3n internacional, ha sido esta 1\u00aa Asamblea General, celebrada en la Casa Mar\u00eda Inmacolata, via Ezio, Roma, y en el mes de La Milagrosa: del 3 al\u2026","rel":"","context":"En \u00abAsociaci\u00f3n de la Medalla Milagrosa\u00bb","block_context":{"text":"Asociaci\u00f3n de la Medalla Milagrosa","link":"https:\/\/vincentians.com\/es\/category\/la-familia-vicenciana\/ramas\/asociacion-de-la-medalla-milagrosa\/"},"img":{"alt_text":"asamblea_amm_1","src":"https:\/\/i0.wp.com\/vicencianos.org\/wp-content\/2014\/12\/asamblea_amm_1-300x200.jpg?resize=350%2C200","width":350,"height":200},"classes":[]},{"id":132188,"url":"https:\/\/vincentians.com\/es\/louis-de-bras-c-m-1678-1761-viii-superior-general\/","url_meta":{"origin":93896,"position":3},"title":"Louis de Bras, C.M. (1678-1761) (VIII Superior General)","author":"Mitxel Olabu\u00e9naga","date":"31\/12\/2014","format":false,"excerpt":"Nace en Montdidier cerca de Folleville, en la di\u00f3cesis de Amiens en el a\u00f1o 1678. Despu\u00e9s de su ordenaci\u00f3n sacerdotal es destinado a la educaci\u00f3n, sucesivamente, en Sed\u00e1n, Toul y Saint-Flour. Durante 23 a\u00f1os fue superior en Tours. Particip\u00f3 en las asambleas generales de 1734 y 1736 como diputado de\u2026","rel":"","context":"En \u00abBiograf\u00edas de Misioneros Pa\u00fales\u00bb","block_context":{"text":"Biograf\u00edas de Misioneros Pa\u00fales","link":"https:\/\/vincentians.com\/es\/category\/la-familia-vicenciana\/biografias-vicencianas\/biografias-de-misioneros-paules\/"},"img":{"alt_text":"","src":"https:\/\/i0.wp.com\/vincentians.com\/es\/wp-content\/uploads\/sites\/11\/2016\/07\/bio-cm.jpg?fit=1200%2C630&ssl=1&resize=350%2C200","width":350,"height":200,"srcset":"https:\/\/i0.wp.com\/vincentians.com\/es\/wp-content\/uploads\/sites\/11\/2016\/07\/bio-cm.jpg?fit=1200%2C630&ssl=1&resize=350%2C200 1x, https:\/\/i0.wp.com\/vincentians.com\/es\/wp-content\/uploads\/sites\/11\/2016\/07\/bio-cm.jpg?fit=1200%2C630&ssl=1&resize=525%2C300 1.5x, https:\/\/i0.wp.com\/vincentians.com\/es\/wp-content\/uploads\/sites\/11\/2016\/07\/bio-cm.jpg?fit=1200%2C630&ssl=1&resize=700%2C400 2x, https:\/\/i0.wp.com\/vincentians.com\/es\/wp-content\/uploads\/sites\/11\/2016\/07\/bio-cm.jpg?fit=1200%2C630&ssl=1&resize=1050%2C600 3x"},"classes":[]},{"id":59017,"url":"https:\/\/vincentians.com\/es\/las-asambleas-en-la-compania\/","url_meta":{"origin":93896,"position":4},"title":"Las Asambleas en la Compa\u00f1\u00eda","author":"Mitxel Olabu\u00e9naga","date":"16\/04\/2015","format":false,"excerpt":"Por quinta vez (1968-69, 1974, 1979-80, 1985, 1991), la Compa\u00f1\u00eda va a celebrar, de acuerdo con sus Constituciones y Estatutos, una Asamblea General en el sentido pleno de la palabra, es decir: representativa, verdaderamente, de toda la Compa\u00f1\u00eda, a trav\u00e9s de sus miembros de derecho, a saber, los miembros de\u2026","rel":"","context":"En \u00abHistoria de las Hijas de la Caridad\u00bb","block_context":{"text":"Historia de las Hijas de la Caridad","link":"https:\/\/vincentians.com\/es\/category\/historia-de-la-familia-vicenciana\/historia-de-las-hijas-de-la-caridad\/"},"img":{"alt_text":"hijas_caridad","src":"https:\/\/i0.wp.com\/vicencianos.org\/wp-content\/2015\/01\/hijas_caridad-300x225.jpg?resize=350%2C200","width":350,"height":200},"classes":[]},{"id":404983,"url":"https:\/\/vincentians.com\/es\/la-fidelidad-de-las-hijas-de-la-caridad-xiv\/","url_meta":{"origin":93896,"position":5},"title":"La fidelidad de las Hijas de la Caridad (XIV)","author":"Mitxel Olabu\u00e9naga","date":"10\/10\/2023","format":false,"excerpt":"3.13. Las Constituciones provisionales de 1970: apost\u00f3lica y misionera La vigencia de las Constituciones de 1954 fue muy corta en el tiempo. La Compa\u00f1\u00eda celebr\u00f3 Asamblea general en 1965, poco antes de que concluyera el Concilio Vaticano II. La Madre Guillemin, que participaba como auditora en el Concilio, era consciente\u2026","rel":"","context":"En \u00abFormaci\u00f3n Vicenciana\u00bb","block_context":{"text":"Formaci\u00f3n Vicenciana","link":"https:\/\/vincentians.com\/es\/category\/formacion-vicenciana\/"},"img":{"alt_text":"","src":"","width":0,"height":0},"classes":[]}],"_links":{"self":[{"href":"https:\/\/vincentians.com\/es\/wp-json\/wp\/v2\/posts\/93896","targetHints":{"allow":["GET"]}}],"collection":[{"href":"https:\/\/vincentians.com\/es\/wp-json\/wp\/v2\/posts"}],"about":[{"href":"https:\/\/vincentians.com\/es\/wp-json\/wp\/v2\/types\/post"}],"author":[{"embeddable":true,"href":"https:\/\/vincentians.com\/es\/wp-json\/wp\/v2\/users\/4"}],"replies":[{"embeddable":true,"href":"https:\/\/vincentians.com\/es\/wp-json\/wp\/v2\/comments?post=93896"}],"version-history":[{"count":1,"href":"https:\/\/vincentians.com\/es\/wp-json\/wp\/v2\/posts\/93896\/revisions"}],"predecessor-version":[{"id":401544,"href":"https:\/\/vincentians.com\/es\/wp-json\/wp\/v2\/posts\/93896\/revisions\/401544"}],"wp:featuredmedia":[{"embeddable":true,"href":"https:\/\/vincentians.com\/es\/wp-json\/wp\/v2\/media\/401235"}],"wp:attachment":[{"href":"https:\/\/vincentians.com\/es\/wp-json\/wp\/v2\/media?parent=93896"}],"wp:term":[{"taxonomy":"category","embeddable":true,"href":"https:\/\/vincentians.com\/es\/wp-json\/wp\/v2\/categories?post=93896"},{"taxonomy":"post_tag","embeddable":true,"href":"https:\/\/vincentians.com\/es\/wp-json\/wp\/v2\/tags?post=93896"}],"curies":[{"name":"wp","href":"https:\/\/api.w.org\/{rel}","templated":true}]}}