{"id":93426,"date":"2012-07-08T06:45:13","date_gmt":"2012-07-08T04:45:13","guid":{"rendered":"http:\/\/somos.vicencianos.org\/?p=93426"},"modified":"2016-07-27T12:14:05","modified_gmt":"2016-07-27T10:14:05","slug":"jose-maria-alcacer","status":"publish","type":"post","link":"https:\/\/vincentians.com\/es\/jose-maria-alcacer\/","title":{"rendered":"Jos\u00e9 Mar\u00eda Alc\u00e1cer"},"content":{"rendered":"<p><a href=\"https:\/\/i0.wp.com\/vicencianos.org\/wp-content\/2012\/07\/alcacer.jpg\"><img data-recalc-dims=\"1\" loading=\"lazy\" decoding=\"async\" class=\"alignright size-full wp-image-94113\" title=\"alcacer\" src=\"https:\/\/i0.wp.com\/vicencianos.org\/wp-content\/2012\/07\/alcacer.jpg?resize=267%2C300\" alt=\"\" width=\"267\" height=\"300\" \/><\/a>(Madrid, 16.09.1994). Hoy se ha celebrado en la Bas\u00edlica de la Milagrosa, la Misa de funeral por <strong>P. Jos\u00e9 Mar\u00eda Alc\u00e1cer, <\/strong>en la que han concelebrado m\u00e1s de 50 sacerdotes, llegados de las diversas casas de la Provincia de Madrid, de las Provincias de Salamanca y Zaragoza y varios Misioneros que trabajan en los cinco Continentes reunidos en Madrid. Tambi\u00e9n han asistido numerosas Hijas de la Caridad y admiradores del finado. El P. Jos\u00e9 Mar\u00eda Alc\u00e1cer hab\u00eda cumplido los 95 a\u00f1os y estaba en plena posesi\u00f3n de sus facultades mentales y art\u00edsticas.<\/p>\n<p>\u00abNaci\u00f3 en Aldaya (Valencia). Desde ni\u00f1o estudi\u00f3 piano y composici\u00f3n en el Conservatorio de Valencia. A los 15 a\u00f1os, en re\u00f1idas oposiciones, obtuvo la beca y plaza de orga\u00adnista en el Seminario Diocesano de Valencia. Tres a\u00f1os m\u00e1s tarde ingres\u00f3 en la Congregaci\u00f3n de la Misi\u00f3n. A lo largo de los nueve a\u00f1os siguientes altern\u00f3 los estudios de filosof\u00eda y teolog\u00eda de la carrera sacerdotal con los estudios de la carre\u00adra musical. Esta \u00faltima la inici\u00f3 en Madrid y la complet\u00f3, despu\u00e9s de ser ordenado sacerdote, en los Conservatorios de San Sebasti\u00e1n, Valencia, Roma y otra vez en Madrid. Entre sus obras publicadas, adem\u00e1s de sus numerosos cantos, him\u00adnos, orfeones y misas, destacan el \u00abCancionero Religioso\u00bb, \u00abEl Cancionero Polif\u00f3nico\u00bb y \u00abEl Salterio\u00bb. Una ingente obra suya, in\u00e9dita, aunque totalmente acabada, es la \u00abOfrenda L\u00edrica Lit\u00fargica\u00bb, compuesta por un total de diez y seis vol\u00fa\u00admenes. En 1990, la Santa Sede premi\u00f3 su fecundo trabajo en el campo de la m\u00fasica sagrada otorg\u00e1ndole la Gran Cruz \u00abPro Ecclesia et Pontifice\u00bb. Todos los que le han tratado convienen en que la vida y la m\u00fasica del P. Alc\u00e1cer han sido para Dios y que como buen misionero ha muerto \u00abcon las armas en la mano\u00bb.<\/p>\n<p><strong>Homil\u00eda en la Misa de Funeral del <\/strong><strong>Padre Jos\u00e9 Mar\u00eda Alc\u00e1cer<\/strong><\/p>\n<p>Raimundo Benzal<\/p>\n<p>Queridos Padres, queridas Hermanas y fieles.<\/p>\n<p>Muchos de nosotros tenemos la intuici\u00f3n de que nos encontra\u00admos ante la ida al Padre de un hombre bueno, un sacerdote ejemplar, un pa\u00fal fiel y un excelente virtuoso de la m\u00fasica&#8230; Es m\u00e1s, quienes le hemos conocido de cerca no tenemos miedo a emplear para \u00e9l el adjetivo de <em>\u00absanto\u00bb.<\/em><\/p>\n<p>Quienes presenciamos los \u00faltimos momentos de la vida del P. Jos\u00e9 Mar\u00eda Alc\u00e1cer hemos visto hecho realidad el significado de las palabras de san Pablo <em>\u00abmorir para el Se\u00f1or\u00bb <\/em>(Rom 14,8). Morir para el Se\u00f1or, es ofrecer de un golpe la vida entera, esa vida que cada d\u00eda, hora y minutos se le ha entregado. Eso hac\u00eda el P. Alc\u00e1cer, poner en las manos del Padre la plenitud de sus 95 a\u00f1os de vida. Bien pod\u00eda decir con san Pablo. <em>\u00abHe servido al Se\u00f1or\u00bb <\/em>(Hch. 20,19), y bien pod\u00eda responder Aquel a qui\u00e9n hab\u00eda servido: <em>\u00abSiervo bueno y fiel pasa al <\/em><em>banquete de tu Se\u00f1or\u00bb <\/em>(Mt. 25,21).<\/p>\n<p>Es l\u00f3gico, que qui\u00e9n ha muerto para el Se\u00f1or haya vivido para \u00c9l. La muerte de Cristo, que se entreg\u00f3 para darnos vida, nos ayuda a profundizar en el verdadero sentido de nuestra vida, que es ponerla a su servicio.<\/p>\n<p>Podemos decir, sin ser presuntuosos, que el P. Alc\u00e1cer lo puso todo al servicio del Se\u00f1or: su persona, su ministerio sacerdotal vivido con gozo, sus clases de solfeo, armon\u00eda y piano, sus estudios en los conservatorios de Valencia, Madrid, San Sebasti\u00e1n y Roma, su licen\u00adciatura en Canto Gregoriano. Toda su inspiraci\u00f3n y formaci\u00f3n musi\u00adcal, casi exclusivamente religiosa, fue para el Se\u00f1or. Los fieles que le han tenido como confesor o director espiritual, los padres que le tuvi\u00admos como profesor o director del coro del estudiantado en Cuenca o Salamanca, como cohermano en la Comunidad y organista en esta Bas\u00edlica, creo que podemos decir: <em>el P. Alc\u00e1cer vivi\u00f3 para el Se\u00f1or.<\/em><\/p>\n<p>Jes\u00fas nos ha dicho en el evangelio: <em>\u00abVenid a m\u00ed todos los que <\/em><em>est\u00e1is cansados y agobiados y yo os aliviar\u00e9\u00bb <\/em>(Mt. 25,21). El creyente encuentra en Dios su descanso, su paz, su consuelo. Pero eso no lo saben todos. Solamente a los peque\u00f1os y sencillos el Se\u00f1or les revela este secreto: <em>la vida tiene sentido si Dios est\u00e1 presente en ella. <\/em>La vida para el que cree de verdad, no se pierde, s\u00f3lo se cambia, es un paso de la vida provisional a la vida para siempre, es llegar al gozo eterno, a la resurrecci\u00f3n.<\/p>\n<p>Todo \u00e9sto lo cre\u00eda el P. Alc\u00e1cer y lo expres\u00f3 bellamente en la m\u00fasica del vers\u00edculo <em>\u00abDales, Se\u00f1or, el descanso eterno\u00bb.<\/em><\/p>\n<p>La vida del P. Alc\u00e1cer ha sido un ejemplo para todo cristiano, para qui\u00e9n se ha consagrado al Se\u00f1or y para nosostros, los sacerdo\u00adtes. De las muchas lecciones que de ella se desprende he escogido tres:<\/p>\n<p><strong>Hombre de Dios y contemplativo<\/strong><\/p>\n<p><em>\u00abLa oraci\u00f3n, \u2014 <\/em>dice San Vicente de Pa\u00fal a los misioneros \u2014 <em>es <\/em><em>un gran libro para el predicador, por medio de ella podr\u00e1 sacar las ver\u00addades divinas del Verbo Eterno, que es fuente, para repartirlas despu\u00e9s entre el pueblo\u00bb <\/em>(E.S. VII, 140). El misionero, lleno de Dios, transmite despu\u00e9s al pueblo lo que ha contemplado. Dif\u00edcilmente podr\u00e1 dar a saborear la sabidur\u00eda, la bondad y la misericordia de Dios si no las ha gustado. El P. Alc\u00e1cer asimil\u00f3 estas ense\u00f1anzas de San Vicente y las traslad\u00f3 al campo de la m\u00fasica de la que se sirvi\u00f3 para evangeli\u00adzar.<\/p>\n<p>\u00bfAcaso en sus largas horas de oraci\u00f3n no escuchaba ya las melo\u00add\u00edas que despu\u00e9s pasaba al pentagrama? \u00bfDe d\u00f3nde sac\u00f3 inspiraci\u00f3n para ponerle m\u00fasica a los salmos sino despu\u00e9s de la meditaci\u00f3n asi\u00addua de los mismos? \u00bfQui\u00e9n es capaz de ordenar tan perfectamente las siete notas musicales para elevar el alma a Dios, sino aqu\u00e9l que antes la ha unido a \u00e9l?<\/p>\n<p>Si San Juan de la Cruz y Santa Teresa de Jes\u00fas se sirvieron de la poes\u00eda para comunicarnos la intimidad del alma con Dios, el P. Alc\u00e1\u00adcer escogi\u00f3 la m\u00fasica para transmitirnos la dicha del alma que vive en Dios.<\/p>\n<p>Como ejemplo, os dir\u00eda que su profunda piedad no le permit\u00eda asistir o acompa\u00f1ar, solamente, una acci\u00f3n lit\u00fargica. Participaba de coraz\u00f3n y con los gestos externos de qui\u00e9n est\u00e1 celebrando la fe. Su delicadeza le llevaba a apartarse del teclado y arrodillarse ante el Se\u00f1or.<\/p>\n<p>Pero, el ser hombre de Dios no le imped\u00eda ser profundamente humano. Su recogimiento externo no le limitaba para ver lo que pasaba a su alrededor. Si alg\u00fan cohermano presentaba signos de limitaci\u00f3n f\u00edsica, preguntaba enseguida qu\u00e9 le pasaba&#8230; Y mientras persist\u00eda el signo externo preguntaba con interes y delicadeza: <em>\u00ab\u00bfya est\u00e1 usted mejor?\u00bb.<\/em><\/p>\n<p><strong>Trabajador infatigable<\/strong><\/p>\n<p>San Vicente de Pa\u00fal nos recordaba a los misioneros: <em>\u00abLa iglesia <\/em><em>es una mies que requiere obreros que trabajen\u00bb <\/em>(XI, 733-734). Todos conocemos que ni la edad avanzada, ni los achaques corporales,\u00a0impidieron al Santo desarrollar los trabajos que hab\u00eda emprendido. Y aconsejaba: a Dios hay que amarle con \u00abel sudor del rostro y el can\u00adsancio de nuestras manos\u00bb (XI, 733).<\/p>\n<p>Hay que decir que el P. Alc\u00e1cer hizo suyas las palabras de San Vicente y se esforz\u00f3 por hacerlas vida. Su trabajo era expresi\u00f3n del amor a Dios a qui\u00e9n alababa con su m\u00fasica y de amor a los hombres. Trabajo no siempre f\u00e1cil, y aceptado, en ocasiones, por obediencia. \u00bfQui\u00e9n se imagina al P. Alc\u00e1cer con su dificultad para expresarse explicando moral y metaf\u00edsica?&#8230; Pues \u00e9l lo hizo.<\/p>\n<p>Ha sido su trabajo entregado, generoso, ofrecido, sin quejas. Su presencia puntual junto al \u00f3rgano en los actos de culto, al piano com\u00adponiendo. Nunca consinti\u00f3 que la crudeza del invierno, o la insisten\u00adcia de las Hermanas, le cambiaran su temprano horario de capella\u00adn\u00eda. Acud\u00eda fielmente a celebrar la eucarist\u00eda en la Residencia de Santa Catalina, cooperando en las obligaciones pastorales de la Com\u00adunidad, a sus 95 a\u00f1os, como uno m\u00e1s. No se ha dejado jubilar. Ha muerto con las <em>\u00abarmas en la mano&#8230;\u00bb.<\/em><\/p>\n<p>Tambi\u00e9n debo subrayar que siempre se sinti\u00f3 a gusto entre voso\u00adtras las Hijas de la Caridad. Muchas hab\u00e9is trabajado con \u00e9l en la interpretaci\u00f3n de su m\u00fasica, o bien hab\u00e9is acudido a \u00e9l como sacer\u00addote.<\/p>\n<p><strong>Hijo fiel de Mar\u00eda<\/strong><\/p>\n<p>Las Reglas Comunes que San Vicente dio a la Congregaci\u00f3n de la Misi\u00f3n invitan al misionero a tener devoci\u00f3n a la Virgen y a imitar sus virtudes.<\/p>\n<p>Con toda seguridad muchos misioneros han observado esta regla, y la observan en el presente. El P. Alc\u00e1cer ha sido uno de ellos. Cuando se trasladaba de un espacio a otro de la Comunidad o su mente no estaba ocupada en la m\u00fasica, aprovechaba para alabar a Mar\u00eda. No le importaba desplegar su rosario y caminar al paso de las <em>\u00abAve Mar\u00eda\u00bb. <\/em>Cinco misterios del rosario de rodillas, recogido, meditando las escenas evang\u00e9licas que se recuerdan. Momentos de gozo, de dolor y gloria de la Virgen que \u00e9l supo transportar a su m\u00fasica. \u00bfQui\u00e9n no ha sentido pena de Nuestra Se\u00f1ora cantando. <em>\u00abAl <\/em><em>llorar tus amarguras Santa Madre del Dolor\u00bb <\/em>o <em>\u00abEstaba al pie de la <\/em>Cruz?\u00bb.<\/p>\n<p>Si alguna virtud de la Virgen le cautiv\u00f3 fue su humildad. M\u00e9ritos sobrados ten\u00eda para ostentar su condici\u00f3n de m\u00fasico genial, orga\u00adnista exquisito, director competente, pero siempre rehuy\u00f3 el prestigio y la alabanza. Ante las felicitaciones s\u00f3lo respond\u00eda con una sonrisa amable. No fue el m\u00fasico inquieto por estar en las portadas o en el candelero, sino el siervo que quiso agradar al Se\u00f1or. Bien pod\u00eda decir con el salmista: <em>\u00abPara ti es m\u00ed m\u00fasica Se\u00f1or\u00bb <\/em>(Salm 100,1).<\/p>\n<p>En un mundo post moderno de individualismo, ego\u00edsmo y hedo\u00adnismo, el P. Alc\u00e1cer se nos presenta como un alma grande, abierta a Dios y a los hermanos, con actitudes ejemplares y prof\u00e9ticas.<\/p>\n<p>El principio elemental de psicolog\u00eda de que nadie pasa por la vida de los otros sin cambiarlos, tiene una perfecta concreci\u00f3n en el P. Alc\u00e1cer. Ante \u00e9l nadie pod\u00eda permanecer indiferente. Con sus acti\u00adtudes trasparentes de sacerdote y pa\u00fal ha sido memoria para sus coe\u00adt\u00e1neos, interrogante y sorpresa para los mas j\u00f3venes y sugerencia evang\u00e9lica para todos.<\/p>\n<p>El P. Alc\u00e1cer ha terminado su carrera y <em>\u00abha recibido la corona de <\/em><em>gloria que no se marchita\u00bb <\/em>(2 Tm 2,7). Ahora descansa en los brazos del Padre, mientras el coro de Padres Pa\u00fales e Hijas de la Caridad que le precedieron en el signo de la fe, acompa\u00f1ados de los \u00e1ngeles le cantan: <em>\u00abDichoso el var\u00f3n que en la ley del Se\u00f1or, en el amor, puso sus <\/em><em>delicias\u00bb <\/em>(Salm 1).<\/p>\n","protected":false},"excerpt":{"rendered":"<p>(Madrid, 16.09.1994). Hoy se ha celebrado en la Bas\u00edlica de la Milagrosa, la Misa de funeral por P. Jos\u00e9 Mar\u00eda Alc\u00e1cer, en la que han concelebrado m\u00e1s de 50 sacerdotes, llegados de las diversas casas &#8230; <a href=\"https:\/\/vincentians.com\/es\/jose-maria-alcacer\/\" class=\"more-link\">Read More<\/a><\/p>\n","protected":false},"author":5,"featured_media":391249,"comment_status":"open","ping_status":"open","sticky":false,"template":"","format":"standard","meta":{"jetpack_post_was_ever_published":false,"_jetpack_newsletter_access":"","_jetpack_dont_email_post_to_subs":false,"_jetpack_newsletter_tier_id":0,"_jetpack_memberships_contains_paywalled_content":false,"_jetpack_memberships_contains_paid_content":false,"footnotes":"","jetpack_publicize_message":"","jetpack_publicize_feature_enabled":true,"jetpack_social_post_already_shared":true,"jetpack_social_options":{"image_generator_settings":{"template":"highway","default_image_id":0,"font":"","enabled":false},"version":2}},"categories":[19],"tags":[280],"class_list":["post-93426","post","type-post","status-publish","format-standard","has-post-thumbnail","hentry","category-biografias-de-misioneros-paules","tag-san-juan-de-la-cruz"],"yoast_head":"<!-- This site is optimized with the Yoast SEO plugin v26.3 - https:\/\/yoast.com\/wordpress\/plugins\/seo\/ -->\n<title>Jos\u00e9 Mar\u00eda Alc\u00e1cer - Somos Vicencianos<\/title>\n<meta name=\"robots\" content=\"index, follow, max-snippet:-1, max-image-preview:large, max-video-preview:-1\" \/>\n<link rel=\"canonical\" href=\"https:\/\/vincentians.com\/es\/jose-maria-alcacer\/\" \/>\n<meta property=\"og:locale\" content=\"es_ES\" \/>\n<meta property=\"og:type\" content=\"article\" \/>\n<meta property=\"og:title\" content=\"Jos\u00e9 Mar\u00eda Alc\u00e1cer - Somos Vicencianos\" \/>\n<meta property=\"og:description\" content=\"(Madrid, 16.09.1994). Hoy se ha celebrado en la Bas\u00edlica de la Milagrosa, la Misa de funeral por P. Jos\u00e9 Mar\u00eda Alc\u00e1cer, en la que han concelebrado m\u00e1s de 50 sacerdotes, llegados de las diversas casas ... Read More\" \/>\n<meta property=\"og:url\" content=\"https:\/\/vincentians.com\/es\/jose-maria-alcacer\/\" \/>\n<meta property=\"og:site_name\" content=\"Somos Vicencianos\" \/>\n<meta property=\"article:publisher\" content=\"https:\/\/www.facebook.com\/WeAreVincentians\/\" \/>\n<meta property=\"article:published_time\" content=\"2012-07-08T04:45:13+00:00\" \/>\n<meta property=\"article:modified_time\" content=\"2016-07-27T10:14:05+00:00\" \/>\n<meta property=\"og:image\" content=\"https:\/\/i0.wp.com\/vincentians.com\/es\/wp-content\/uploads\/sites\/11\/2016\/07\/bio-cm.jpg?fit=1200%2C630&ssl=1\" \/>\n\t<meta property=\"og:image:width\" content=\"1200\" \/>\n\t<meta property=\"og:image:height\" content=\"630\" \/>\n\t<meta property=\"og:image:type\" content=\"image\/jpeg\" \/>\n<meta name=\"author\" content=\"Mitxel Olabu\u00e9naga\" \/>\n<meta name=\"twitter:card\" content=\"summary_large_image\" \/>\n<meta name=\"twitter:creator\" content=\"@WeVincentians\" \/>\n<meta name=\"twitter:site\" content=\"@WeVincentians\" \/>\n<meta name=\"twitter:label1\" content=\"Escrito por\" \/>\n\t<meta name=\"twitter:data1\" content=\"Mitxel Olabu\u00e9naga\" \/>\n\t<meta name=\"twitter:label2\" content=\"Tiempo de lectura\" \/>\n\t<meta name=\"twitter:data2\" content=\"9 minutos\" \/>\n<script type=\"application\/ld+json\" class=\"yoast-schema-graph\">{\"@context\":\"https:\/\/schema.org\",\"@graph\":[{\"@type\":\"Article\",\"@id\":\"https:\/\/vincentians.com\/es\/jose-maria-alcacer\/#article\",\"isPartOf\":{\"@id\":\"https:\/\/vincentians.com\/es\/jose-maria-alcacer\/\"},\"author\":{\"name\":\"Mitxel Olabu\u00e9naga\",\"@id\":\"http:\/\/vincentians.com\/es\/#\/schema\/person\/7c2670b4445a7ca9d164ea6acdb31859\"},\"headline\":\"Jos\u00e9 Mar\u00eda Alc\u00e1cer\",\"datePublished\":\"2012-07-08T04:45:13+00:00\",\"dateModified\":\"2016-07-27T10:14:05+00:00\",\"mainEntityOfPage\":{\"@id\":\"https:\/\/vincentians.com\/es\/jose-maria-alcacer\/\"},\"wordCount\":1902,\"commentCount\":0,\"publisher\":{\"@id\":\"http:\/\/vincentians.com\/es\/#organization\"},\"image\":{\"@id\":\"https:\/\/vincentians.com\/es\/jose-maria-alcacer\/#primaryimage\"},\"thumbnailUrl\":\"https:\/\/i0.wp.com\/vincentians.com\/es\/wp-content\/uploads\/sites\/11\/2016\/07\/bio-cm.jpg?fit=1200%2C630&ssl=1\",\"keywords\":[\"San Juan de la Cruz\"],\"articleSection\":[\"Biograf\u00edas de Misioneros Pa\u00fales\"],\"inLanguage\":\"es\",\"potentialAction\":[{\"@type\":\"CommentAction\",\"name\":\"Comment\",\"target\":[\"https:\/\/vincentians.com\/es\/jose-maria-alcacer\/#respond\"]}]},{\"@type\":\"WebPage\",\"@id\":\"https:\/\/vincentians.com\/es\/jose-maria-alcacer\/\",\"url\":\"https:\/\/vincentians.com\/es\/jose-maria-alcacer\/\",\"name\":\"Jos\u00e9 Mar\u00eda Alc\u00e1cer - Somos Vicencianos\",\"isPartOf\":{\"@id\":\"http:\/\/vincentians.com\/es\/#website\"},\"primaryImageOfPage\":{\"@id\":\"https:\/\/vincentians.com\/es\/jose-maria-alcacer\/#primaryimage\"},\"image\":{\"@id\":\"https:\/\/vincentians.com\/es\/jose-maria-alcacer\/#primaryimage\"},\"thumbnailUrl\":\"https:\/\/i0.wp.com\/vincentians.com\/es\/wp-content\/uploads\/sites\/11\/2016\/07\/bio-cm.jpg?fit=1200%2C630&ssl=1\",\"datePublished\":\"2012-07-08T04:45:13+00:00\",\"dateModified\":\"2016-07-27T10:14:05+00:00\",\"breadcrumb\":{\"@id\":\"https:\/\/vincentians.com\/es\/jose-maria-alcacer\/#breadcrumb\"},\"inLanguage\":\"es\",\"potentialAction\":[{\"@type\":\"ReadAction\",\"target\":[\"https:\/\/vincentians.com\/es\/jose-maria-alcacer\/\"]}]},{\"@type\":\"ImageObject\",\"inLanguage\":\"es\",\"@id\":\"https:\/\/vincentians.com\/es\/jose-maria-alcacer\/#primaryimage\",\"url\":\"https:\/\/i0.wp.com\/vincentians.com\/es\/wp-content\/uploads\/sites\/11\/2016\/07\/bio-cm.jpg?fit=1200%2C630&ssl=1\",\"contentUrl\":\"https:\/\/i0.wp.com\/vincentians.com\/es\/wp-content\/uploads\/sites\/11\/2016\/07\/bio-cm.jpg?fit=1200%2C630&ssl=1\",\"width\":1200,\"height\":630},{\"@type\":\"BreadcrumbList\",\"@id\":\"https:\/\/vincentians.com\/es\/jose-maria-alcacer\/#breadcrumb\",\"itemListElement\":[{\"@type\":\"ListItem\",\"position\":1,\"name\":\"Portada\",\"item\":\"http:\/\/vincentians.com\/es\/\"},{\"@type\":\"ListItem\",\"position\":2,\"name\":\"Jos\u00e9 Mar\u00eda Alc\u00e1cer\"}]},{\"@type\":\"WebSite\",\"@id\":\"http:\/\/vincentians.com\/es\/#website\",\"url\":\"http:\/\/vincentians.com\/es\/\",\"name\":\"Somos Vicencianos\",\"description\":\"Know more to serve more\",\"publisher\":{\"@id\":\"http:\/\/vincentians.com\/es\/#organization\"},\"potentialAction\":[{\"@type\":\"SearchAction\",\"target\":{\"@type\":\"EntryPoint\",\"urlTemplate\":\"http:\/\/vincentians.com\/es\/?s={search_term_string}\"},\"query-input\":{\"@type\":\"PropertyValueSpecification\",\"valueRequired\":true,\"valueName\":\"search_term_string\"}}],\"inLanguage\":\"es\"},{\"@type\":\"Organization\",\"@id\":\"http:\/\/vincentians.com\/es\/#organization\",\"name\":\"The Vincentian Network\",\"url\":\"http:\/\/vincentians.com\/es\/\",\"logo\":{\"@type\":\"ImageObject\",\"inLanguage\":\"es\",\"@id\":\"http:\/\/vincentians.com\/es\/#\/schema\/logo\/image\/\",\"url\":\"https:\/\/i1.wp.com\/vincentians.com\/es\/wp-content\/uploads\/sites\/11\/2016\/06\/Vincentian-Network-logo-big.png?fit=778%2C778\",\"contentUrl\":\"https:\/\/i1.wp.com\/vincentians.com\/es\/wp-content\/uploads\/sites\/11\/2016\/06\/Vincentian-Network-logo-big.png?fit=778%2C778\",\"width\":778,\"height\":778,\"caption\":\"The Vincentian Network\"},\"image\":{\"@id\":\"http:\/\/vincentians.com\/es\/#\/schema\/logo\/image\/\"},\"sameAs\":[\"https:\/\/www.facebook.com\/WeAreVincentians\/\",\"https:\/\/x.com\/WeVincentians\"]},{\"@type\":\"Person\",\"@id\":\"http:\/\/vincentians.com\/es\/#\/schema\/person\/7c2670b4445a7ca9d164ea6acdb31859\",\"name\":\"Mitxel Olabu\u00e9naga\",\"image\":{\"@type\":\"ImageObject\",\"inLanguage\":\"es\",\"@id\":\"http:\/\/vincentians.com\/es\/#\/schema\/person\/image\/\",\"url\":\"https:\/\/secure.gravatar.com\/avatar\/34137ec2e2b8939cbbed975731e71f3f4f1defc7266ded337a5ce0f925426877?s=96&d=mm&r=g\",\"contentUrl\":\"https:\/\/secure.gravatar.com\/avatar\/34137ec2e2b8939cbbed975731e71f3f4f1defc7266ded337a5ce0f925426877?s=96&d=mm&r=g\",\"caption\":\"Mitxel Olabu\u00e9naga\"},\"url\":\"https:\/\/vincentians.com\/es\/author\/mitxel\/\"}]}<\/script>\n<!-- \/ Yoast SEO plugin. -->","yoast_head_json":{"title":"Jos\u00e9 Mar\u00eda Alc\u00e1cer - Somos Vicencianos","robots":{"index":"index","follow":"follow","max-snippet":"max-snippet:-1","max-image-preview":"max-image-preview:large","max-video-preview":"max-video-preview:-1"},"canonical":"https:\/\/vincentians.com\/es\/jose-maria-alcacer\/","og_locale":"es_ES","og_type":"article","og_title":"Jos\u00e9 Mar\u00eda Alc\u00e1cer - Somos Vicencianos","og_description":"(Madrid, 16.09.1994). Hoy se ha celebrado en la Bas\u00edlica de la Milagrosa, la Misa de funeral por P. Jos\u00e9 Mar\u00eda Alc\u00e1cer, en la que han concelebrado m\u00e1s de 50 sacerdotes, llegados de las diversas casas ... Read More","og_url":"https:\/\/vincentians.com\/es\/jose-maria-alcacer\/","og_site_name":"Somos Vicencianos","article_publisher":"https:\/\/www.facebook.com\/WeAreVincentians\/","article_published_time":"2012-07-08T04:45:13+00:00","article_modified_time":"2016-07-27T10:14:05+00:00","og_image":[{"width":1200,"height":630,"url":"https:\/\/i0.wp.com\/vincentians.com\/es\/wp-content\/uploads\/sites\/11\/2016\/07\/bio-cm.jpg?fit=1200%2C630&ssl=1","type":"image\/jpeg"}],"author":"Mitxel Olabu\u00e9naga","twitter_card":"summary_large_image","twitter_creator":"@WeVincentians","twitter_site":"@WeVincentians","twitter_misc":{"Escrito por":"Mitxel Olabu\u00e9naga","Tiempo de lectura":"9 minutos"},"schema":{"@context":"https:\/\/schema.org","@graph":[{"@type":"Article","@id":"https:\/\/vincentians.com\/es\/jose-maria-alcacer\/#article","isPartOf":{"@id":"https:\/\/vincentians.com\/es\/jose-maria-alcacer\/"},"author":{"name":"Mitxel Olabu\u00e9naga","@id":"http:\/\/vincentians.com\/es\/#\/schema\/person\/7c2670b4445a7ca9d164ea6acdb31859"},"headline":"Jos\u00e9 Mar\u00eda Alc\u00e1cer","datePublished":"2012-07-08T04:45:13+00:00","dateModified":"2016-07-27T10:14:05+00:00","mainEntityOfPage":{"@id":"https:\/\/vincentians.com\/es\/jose-maria-alcacer\/"},"wordCount":1902,"commentCount":0,"publisher":{"@id":"http:\/\/vincentians.com\/es\/#organization"},"image":{"@id":"https:\/\/vincentians.com\/es\/jose-maria-alcacer\/#primaryimage"},"thumbnailUrl":"https:\/\/i0.wp.com\/vincentians.com\/es\/wp-content\/uploads\/sites\/11\/2016\/07\/bio-cm.jpg?fit=1200%2C630&ssl=1","keywords":["San Juan de la Cruz"],"articleSection":["Biograf\u00edas de Misioneros Pa\u00fales"],"inLanguage":"es","potentialAction":[{"@type":"CommentAction","name":"Comment","target":["https:\/\/vincentians.com\/es\/jose-maria-alcacer\/#respond"]}]},{"@type":"WebPage","@id":"https:\/\/vincentians.com\/es\/jose-maria-alcacer\/","url":"https:\/\/vincentians.com\/es\/jose-maria-alcacer\/","name":"Jos\u00e9 Mar\u00eda Alc\u00e1cer - Somos Vicencianos","isPartOf":{"@id":"http:\/\/vincentians.com\/es\/#website"},"primaryImageOfPage":{"@id":"https:\/\/vincentians.com\/es\/jose-maria-alcacer\/#primaryimage"},"image":{"@id":"https:\/\/vincentians.com\/es\/jose-maria-alcacer\/#primaryimage"},"thumbnailUrl":"https:\/\/i0.wp.com\/vincentians.com\/es\/wp-content\/uploads\/sites\/11\/2016\/07\/bio-cm.jpg?fit=1200%2C630&ssl=1","datePublished":"2012-07-08T04:45:13+00:00","dateModified":"2016-07-27T10:14:05+00:00","breadcrumb":{"@id":"https:\/\/vincentians.com\/es\/jose-maria-alcacer\/#breadcrumb"},"inLanguage":"es","potentialAction":[{"@type":"ReadAction","target":["https:\/\/vincentians.com\/es\/jose-maria-alcacer\/"]}]},{"@type":"ImageObject","inLanguage":"es","@id":"https:\/\/vincentians.com\/es\/jose-maria-alcacer\/#primaryimage","url":"https:\/\/i0.wp.com\/vincentians.com\/es\/wp-content\/uploads\/sites\/11\/2016\/07\/bio-cm.jpg?fit=1200%2C630&ssl=1","contentUrl":"https:\/\/i0.wp.com\/vincentians.com\/es\/wp-content\/uploads\/sites\/11\/2016\/07\/bio-cm.jpg?fit=1200%2C630&ssl=1","width":1200,"height":630},{"@type":"BreadcrumbList","@id":"https:\/\/vincentians.com\/es\/jose-maria-alcacer\/#breadcrumb","itemListElement":[{"@type":"ListItem","position":1,"name":"Portada","item":"http:\/\/vincentians.com\/es\/"},{"@type":"ListItem","position":2,"name":"Jos\u00e9 Mar\u00eda Alc\u00e1cer"}]},{"@type":"WebSite","@id":"http:\/\/vincentians.com\/es\/#website","url":"http:\/\/vincentians.com\/es\/","name":"Somos Vicencianos","description":"Know more to serve more","publisher":{"@id":"http:\/\/vincentians.com\/es\/#organization"},"potentialAction":[{"@type":"SearchAction","target":{"@type":"EntryPoint","urlTemplate":"http:\/\/vincentians.com\/es\/?s={search_term_string}"},"query-input":{"@type":"PropertyValueSpecification","valueRequired":true,"valueName":"search_term_string"}}],"inLanguage":"es"},{"@type":"Organization","@id":"http:\/\/vincentians.com\/es\/#organization","name":"The Vincentian Network","url":"http:\/\/vincentians.com\/es\/","logo":{"@type":"ImageObject","inLanguage":"es","@id":"http:\/\/vincentians.com\/es\/#\/schema\/logo\/image\/","url":"https:\/\/i1.wp.com\/vincentians.com\/es\/wp-content\/uploads\/sites\/11\/2016\/06\/Vincentian-Network-logo-big.png?fit=778%2C778","contentUrl":"https:\/\/i1.wp.com\/vincentians.com\/es\/wp-content\/uploads\/sites\/11\/2016\/06\/Vincentian-Network-logo-big.png?fit=778%2C778","width":778,"height":778,"caption":"The Vincentian Network"},"image":{"@id":"http:\/\/vincentians.com\/es\/#\/schema\/logo\/image\/"},"sameAs":["https:\/\/www.facebook.com\/WeAreVincentians\/","https:\/\/x.com\/WeVincentians"]},{"@type":"Person","@id":"http:\/\/vincentians.com\/es\/#\/schema\/person\/7c2670b4445a7ca9d164ea6acdb31859","name":"Mitxel Olabu\u00e9naga","image":{"@type":"ImageObject","inLanguage":"es","@id":"http:\/\/vincentians.com\/es\/#\/schema\/person\/image\/","url":"https:\/\/secure.gravatar.com\/avatar\/34137ec2e2b8939cbbed975731e71f3f4f1defc7266ded337a5ce0f925426877?s=96&d=mm&r=g","contentUrl":"https:\/\/secure.gravatar.com\/avatar\/34137ec2e2b8939cbbed975731e71f3f4f1defc7266ded337a5ce0f925426877?s=96&d=mm&r=g","caption":"Mitxel Olabu\u00e9naga"},"url":"https:\/\/vincentians.com\/es\/author\/mitxel\/"}]}},"jetpack_publicize_connections":[],"jetpack_featured_media_url":"https:\/\/i0.wp.com\/vincentians.com\/es\/wp-content\/uploads\/sites\/11\/2016\/07\/bio-cm.jpg?fit=1200%2C630&ssl=1","jetpack_sharing_enabled":true,"jetpack_shortlink":"https:\/\/wp.me\/p7ETMF-oiS","jetpack-related-posts":[{"id":131073,"url":"https:\/\/vincentians.com\/es\/p-marcelino-boyero-vicente-c-m-1926-2014\/","url_meta":{"origin":93426,"position":0},"title":"P. Marcelino Boyero Vicente, C.M. (1926-2014)","author":"Mitxel Olabu\u00e9naga","date":"20\/08\/2014","format":false,"excerpt":"El P. Marcelino Boyero falleci\u00f3 al amanecer del d\u00eda 1 de mayo, fiesta de San Jos\u00e9 Obrero. Aunque ya lo esper\u00e1bamos, nos produjo una fuerte impresi\u00f3n. Naci\u00f3 el 17 de octubre de 1926 en Navales (Salamanca). Esta zona de Alba de Tormes ha sido muy rica en vocaciones a la\u2026","rel":"","context":"En \u00abBiograf\u00edas de Misioneros Pa\u00fales\u00bb","block_context":{"text":"Biograf\u00edas de Misioneros Pa\u00fales","link":"https:\/\/vincentians.com\/es\/category\/la-familia-vicenciana\/biografias-vicencianas\/biografias-de-misioneros-paules\/"},"img":{"alt_text":"","src":"https:\/\/i0.wp.com\/vincentians.com\/es\/wp-content\/uploads\/sites\/11\/2016\/07\/bio-cm.jpg?fit=1200%2C630&ssl=1&resize=350%2C200","width":350,"height":200,"srcset":"https:\/\/i0.wp.com\/vincentians.com\/es\/wp-content\/uploads\/sites\/11\/2016\/07\/bio-cm.jpg?fit=1200%2C630&ssl=1&resize=350%2C200 1x, https:\/\/i0.wp.com\/vincentians.com\/es\/wp-content\/uploads\/sites\/11\/2016\/07\/bio-cm.jpg?fit=1200%2C630&ssl=1&resize=525%2C300 1.5x, https:\/\/i0.wp.com\/vincentians.com\/es\/wp-content\/uploads\/sites\/11\/2016\/07\/bio-cm.jpg?fit=1200%2C630&ssl=1&resize=700%2C400 2x, https:\/\/i0.wp.com\/vincentians.com\/es\/wp-content\/uploads\/sites\/11\/2016\/07\/bio-cm.jpg?fit=1200%2C630&ssl=1&resize=1050%2C600 3x"},"classes":[]},{"id":127243,"url":"https:\/\/vincentians.com\/es\/cancionero-polifonico-para-actos-del-culto-del-p-alcacer-c-m\/","url_meta":{"origin":93426,"position":1},"title":"\u00abCancionero polif\u00f3nico para actos del Culto\u00bb, del P. Alc\u00e1cer, C.M.","author":"Francisco Javier Fern\u00e1ndez Chento","date":"19\/01\/2024","format":false,"excerpt":"Traemos para descarga directa una de las obras m\u00e1s conocidas \u2014y actualmente descatalogadas\u2014 del P. Alc\u00e1cer, misionero pa\u00fal que dedic\u00f3 su vida al canto lit\u00fargico. Se trata del libro \"Cancionero polif\u00f3nico para actos del Culto\", publicado en Madrid en el a\u00f1o 1963, cuando la reforma lit\u00fargica hab\u00eda comenzado a dar\u2026","rel":"","context":"En \u00abM\u00fasica vicenciana\u00bb","block_context":{"text":"M\u00fasica vicenciana","link":"https:\/\/vincentians.com\/es\/category\/servicios-y-ministerios\/musica-vicenciana\/"},"img":{"alt_text":"","src":"https:\/\/i0.wp.com\/vincentians.com\/es\/wp-content\/uploads\/sites\/11\/2013\/04\/Biblioteca_panoramica.jpg?fit=750%2C500&ssl=1&resize=350%2C200","width":350,"height":200,"srcset":"https:\/\/i0.wp.com\/vincentians.com\/es\/wp-content\/uploads\/sites\/11\/2013\/04\/Biblioteca_panoramica.jpg?fit=750%2C500&ssl=1&resize=350%2C200 1x, https:\/\/i0.wp.com\/vincentians.com\/es\/wp-content\/uploads\/sites\/11\/2013\/04\/Biblioteca_panoramica.jpg?fit=750%2C500&ssl=1&resize=525%2C300 1.5x, https:\/\/i0.wp.com\/vincentians.com\/es\/wp-content\/uploads\/sites\/11\/2013\/04\/Biblioteca_panoramica.jpg?fit=750%2C500&ssl=1&resize=700%2C400 2x"},"classes":[]},{"id":109372,"url":"https:\/\/vincentians.com\/es\/nuestra-musica-religiosa-jose-ma-alcacer-martinez\/","url_meta":{"origin":93426,"position":2},"title":"Jos\u00e9 M\u00aa Alc\u00e1cer Mart\u00ednez","author":"Mitxel Olabu\u00e9naga","date":"12\/06\/2021","format":false,"excerpt":"El compositor que hoy es nuestro protagonista merece puesto bien ganado en esta serie de trabajos nuestros por doble motivo: una larga, constante y regular entrega, limpia de muy posible contaminaci\u00f3n ambien\u00adtal, a la m\u00fasica religiosa espa\u00f1ola, y el hecho de ser colaborador destacado y asiduo de esta revista y\u2026","rel":"","context":"En \u00abBiograf\u00edas de Misioneros Pa\u00fales\u00bb","block_context":{"text":"Biograf\u00edas de Misioneros Pa\u00fales","link":"https:\/\/vincentians.com\/es\/category\/la-familia-vicenciana\/biografias-vicencianas\/biografias-de-misioneros-paules\/"},"img":{"alt_text":"","src":"https:\/\/i0.wp.com\/vincentians.com\/es\/wp-content\/uploads\/sites\/11\/2016\/07\/bio-cm.jpg?fit=1200%2C630&ssl=1&resize=350%2C200","width":350,"height":200,"srcset":"https:\/\/i0.wp.com\/vincentians.com\/es\/wp-content\/uploads\/sites\/11\/2016\/07\/bio-cm.jpg?fit=1200%2C630&ssl=1&resize=350%2C200 1x, https:\/\/i0.wp.com\/vincentians.com\/es\/wp-content\/uploads\/sites\/11\/2016\/07\/bio-cm.jpg?fit=1200%2C630&ssl=1&resize=525%2C300 1.5x, https:\/\/i0.wp.com\/vincentians.com\/es\/wp-content\/uploads\/sites\/11\/2016\/07\/bio-cm.jpg?fit=1200%2C630&ssl=1&resize=700%2C400 2x, https:\/\/i0.wp.com\/vincentians.com\/es\/wp-content\/uploads\/sites\/11\/2016\/07\/bio-cm.jpg?fit=1200%2C630&ssl=1&resize=1050%2C600 3x"},"classes":[]},{"id":119299,"url":"https:\/\/vincentians.com\/es\/p-jose-ma-alcacer-martinez\/","url_meta":{"origin":93426,"position":3},"title":"P. Jos\u00e9 M\u00aa Alc\u00e1cer Mart\u00ednez","author":"Mitxel Olabu\u00e9naga","date":"05\/05\/2013","format":false,"excerpt":"Jos\u00e9 M\u00aa Alc\u00e1cer Mart\u00ednez nace en Aldaya (Valencia) en 1899. M\u00fasico precoz, lleva la m\u00fasica en la sangre. Su padre tocaba el clarinete y el viol\u00edn. Jos\u00e9 M\u00aa, a sus 5 a\u00f1os, llevaba la funda del clarinete y silbaba las piezas de la Banda. Con 12 a\u00f1os se matricula en\u2026","rel":"","context":"En \u00abBiograf\u00edas de Misioneros Pa\u00fales\u00bb","block_context":{"text":"Biograf\u00edas de Misioneros Pa\u00fales","link":"https:\/\/vincentians.com\/es\/category\/la-familia-vicenciana\/biografias-vicencianas\/biografias-de-misioneros-paules\/"},"img":{"alt_text":"","src":"https:\/\/i0.wp.com\/vincentians.com\/es\/wp-content\/uploads\/sites\/11\/2016\/07\/bio-cm.jpg?fit=1200%2C630&ssl=1&resize=350%2C200","width":350,"height":200,"srcset":"https:\/\/i0.wp.com\/vincentians.com\/es\/wp-content\/uploads\/sites\/11\/2016\/07\/bio-cm.jpg?fit=1200%2C630&ssl=1&resize=350%2C200 1x, https:\/\/i0.wp.com\/vincentians.com\/es\/wp-content\/uploads\/sites\/11\/2016\/07\/bio-cm.jpg?fit=1200%2C630&ssl=1&resize=525%2C300 1.5x, https:\/\/i0.wp.com\/vincentians.com\/es\/wp-content\/uploads\/sites\/11\/2016\/07\/bio-cm.jpg?fit=1200%2C630&ssl=1&resize=700%2C400 2x, https:\/\/i0.wp.com\/vincentians.com\/es\/wp-content\/uploads\/sites\/11\/2016\/07\/bio-cm.jpg?fit=1200%2C630&ssl=1&resize=1050%2C600 3x"},"classes":[]},{"id":25270,"url":"https:\/\/vincentians.com\/es\/la-musica-en-las-hijas-de-la-caridad\/","url_meta":{"origin":93426,"position":4},"title":"La m\u00fasica en las Hijas de la Caridad","author":"Francisco Javier Fern\u00e1ndez Chento","date":"03\/08\/2013","format":false,"excerpt":"Introducci\u00f3n Tras la publicaci\u00f3n, dentro de la Secci\u00f3n de Estudios de la Revista ANALES de la Congregaci\u00f3n de la Misi\u00f3n y de las Hijas de la Caridad, del trabajo de colaboraci\u00f3n titulado por mi parte Sor Felisa y Sor Teodora Errasti, Hijas de la Caridad azpeitiarras dedicadas a la ense\u00f1anza\u2026","rel":"","context":"En \u00abHijas de la Caridad\u00bb","block_context":{"text":"Hijas de la Caridad","link":"https:\/\/vincentians.com\/es\/category\/la-familia-vicenciana\/ramas\/hijas-de-la-caridad\/"},"img":{"alt_text":"","src":"https:\/\/i0.wp.com\/vicencianos.org\/wp-content\/2010\/12\/music-199x300.jpg?resize=350%2C200","width":350,"height":200},"classes":[]},{"id":54808,"url":"https:\/\/vincentians.com\/es\/rafael-hernandez-1925-2010\/","url_meta":{"origin":93426,"position":5},"title":"Rafael Hern\u00e1ndez (1925-2010)","author":"Mitxel Olabu\u00e9naga","date":"06\/11\/2011","format":false,"excerpt":"Recuerdo de Rafael Hern\u00e1ndez seg\u00fan Luis Mari Hijo de Jos\u00e9 Mar\u00eda y Luci, natural de Arnedo, riojano de nacimiento y vivo de car\u00e1cter, Rafael Hern\u00e1ndez qued\u00f3 de meses hu\u00e9rfano de padre y fue su madre, la que con ese coraje de mujer fuerte sac\u00f3 adelante a sus 6 hijos. Ya\u2026","rel":"","context":"En \u00abBiograf\u00edas de Misioneros Pa\u00fales\u00bb","block_context":{"text":"Biograf\u00edas de Misioneros Pa\u00fales","link":"https:\/\/vincentians.com\/es\/category\/la-familia-vicenciana\/biografias-vicencianas\/biografias-de-misioneros-paules\/"},"img":{"alt_text":"","src":"https:\/\/i0.wp.com\/vincentians.com\/es\/wp-content\/uploads\/sites\/11\/2016\/07\/bio-cm.jpg?fit=1200%2C630&ssl=1&resize=350%2C200","width":350,"height":200,"srcset":"https:\/\/i0.wp.com\/vincentians.com\/es\/wp-content\/uploads\/sites\/11\/2016\/07\/bio-cm.jpg?fit=1200%2C630&ssl=1&resize=350%2C200 1x, https:\/\/i0.wp.com\/vincentians.com\/es\/wp-content\/uploads\/sites\/11\/2016\/07\/bio-cm.jpg?fit=1200%2C630&ssl=1&resize=525%2C300 1.5x, https:\/\/i0.wp.com\/vincentians.com\/es\/wp-content\/uploads\/sites\/11\/2016\/07\/bio-cm.jpg?fit=1200%2C630&ssl=1&resize=700%2C400 2x, https:\/\/i0.wp.com\/vincentians.com\/es\/wp-content\/uploads\/sites\/11\/2016\/07\/bio-cm.jpg?fit=1200%2C630&ssl=1&resize=1050%2C600 3x"},"classes":[]}],"_links":{"self":[{"href":"https:\/\/vincentians.com\/es\/wp-json\/wp\/v2\/posts\/93426","targetHints":{"allow":["GET"]}}],"collection":[{"href":"https:\/\/vincentians.com\/es\/wp-json\/wp\/v2\/posts"}],"about":[{"href":"https:\/\/vincentians.com\/es\/wp-json\/wp\/v2\/types\/post"}],"author":[{"embeddable":true,"href":"https:\/\/vincentians.com\/es\/wp-json\/wp\/v2\/users\/5"}],"replies":[{"embeddable":true,"href":"https:\/\/vincentians.com\/es\/wp-json\/wp\/v2\/comments?post=93426"}],"version-history":[{"count":0,"href":"https:\/\/vincentians.com\/es\/wp-json\/wp\/v2\/posts\/93426\/revisions"}],"wp:featuredmedia":[{"embeddable":true,"href":"https:\/\/vincentians.com\/es\/wp-json\/wp\/v2\/media\/391249"}],"wp:attachment":[{"href":"https:\/\/vincentians.com\/es\/wp-json\/wp\/v2\/media?parent=93426"}],"wp:term":[{"taxonomy":"category","embeddable":true,"href":"https:\/\/vincentians.com\/es\/wp-json\/wp\/v2\/categories?post=93426"},{"taxonomy":"post_tag","embeddable":true,"href":"https:\/\/vincentians.com\/es\/wp-json\/wp\/v2\/tags?post=93426"}],"curies":[{"name":"wp","href":"https:\/\/api.w.org\/{rel}","templated":true}]}}