{"id":9312,"date":"2014-06-02T08:52:45","date_gmt":"2014-06-02T06:52:45","guid":{"rendered":"http:\/\/somos.vicencianos.org\/blog\/2010\/01\/09\/1596-vicente-de-paul-sigue-estudiando-en-dax\/"},"modified":"2016-07-26T17:23:00","modified_gmt":"2016-07-26T15:23:00","slug":"1596-vicente-de-paul-sigue-estudiando-en-dax","status":"publish","type":"post","link":"https:\/\/vincentians.com\/es\/1596-vicente-de-paul-sigue-estudiando-en-dax\/","title":{"rendered":"1596: Vicente de Pa\u00fal sigue estudiando en Dax"},"content":{"rendered":"<p style=\"text-align: justify\"><a href=\"https:\/\/i0.wp.com\/vicencianos.org\/vicencianos\/files\/2010\/01\/dax.jpg\"><img data-recalc-dims=\"1\" loading=\"lazy\" decoding=\"async\" class=\"alignright size-medium wp-image-10339\" src=\"https:\/\/i0.wp.com\/vicencianos.org\/vicencianos\/files\/2010\/01\/dax-300x270.jpg?resize=300%2C270\" alt=\"\" width=\"300\" height=\"270\" \/><\/a>Estudia en el Colegio de los Franciscanos y vive con los Sres. de Comet<\/p>\n<p style=\"text-align: justify\">20 diciembre: Salvat Dihars, obispo de Tarbes, en la iglesia-colegiata de Bidache confiere a Vicente, en la ordenaci\u00f3n general del 20 de Diciembre, la Tonsura clerical, previa carta dimisoria, que atestigua la edad e instrucci\u00f3n literaria requeridas (X, 9), el Acolitado y las dem\u00e1s \u00d3rdenes Menores por licencia de los se\u00f1ores can\u00f3nigos y del cabildo de la iglesia de Dax y previa carta dimisoria, debidamente aprobado en el examen y considerado id\u00f3neo para las \u00f3rdenes (X, 10).<\/p>\n<h2 style=\"text-align: justify\">Obispos de Dax<\/h2>\n<ul style=\"text-align: justify\">\n<li>Francisco de Noailles, del 28 de septiembre de 1556 hasta 20 de septiembre de 1585.<\/li>\n<li>Gilles de Noailles, hermano del anterior, nombrado por el Rey en 1585, pero no consigui\u00f3 las Bulas de la Santa Sede, se retir\u00f3 en 1597.<\/li>\n<li>Juan-Santiago de Sault del 25? de Mayo?, de 1598 hasta 25 de mayo de 1623. Ordenado en Paris en 1599, lleg\u00f3 a Dax en 1600 (Anales, 1982,438).<\/li>\n<li>Filiberto de Sault, hermano del anterior, de 1623 hasta el 2 de septiembre 1638.<\/li>\n<li>Santiago Desclaux, del 11 de abril de 1639 hasta el 14 de abril de 1658, amigo de Vicente (II, 440) con el que se escribe y adem\u00e1s se interesa por sus parientes en Pouy (XI, 224).<\/li>\n<li>Guillermo le Boux, del 26 de mayo de 1559 hasta el 15 de Diciembre de 1666, que va a Perigueux (Annales, a\u00f1o (\u00bf) 1561, 60).<\/li>\n<\/ul>\n<p style=\"text-align: justify\"><em>Autor: Rafael Villarroya, C.M. y M\u00edtxel Olabu\u00e9naga, C.M.<br \/>\nTomado de: Diccionario Ilustrado Cronol\u00f3gico Hist\u00f3rico Vicenciano<\/em><\/p>\n","protected":false},"excerpt":{"rendered":"<p>Estudia en el Colegio de los Franciscanos y vive con los Sres. de Comet 20 diciembre: Salvat Dihars, obispo de Tarbes, en la iglesia-colegiata de Bidache confiere a Vicente, en la ordenaci\u00f3n general del 20 &#8230; <a href=\"https:\/\/vincentians.com\/es\/1596-vicente-de-paul-sigue-estudiando-en-dax\/\" class=\"more-link\">Read More<\/a><\/p>\n","protected":false},"author":4,"featured_media":10339,"comment_status":"open","ping_status":"open","sticky":false,"template":"","format":"standard","meta":{"jetpack_post_was_ever_published":false,"_jetpack_newsletter_access":"","_jetpack_dont_email_post_to_subs":false,"_jetpack_newsletter_tier_id":0,"_jetpack_memberships_contains_paywalled_content":false,"_jetpack_memberships_contains_paid_content":false,"footnotes":"","jetpack_publicize_message":"","jetpack_publicize_feature_enabled":true,"jetpack_social_post_already_shared":true,"jetpack_social_options":{"image_generator_settings":{"template":"highway","default_image_id":0,"font":"","enabled":false},"version":2}},"categories":[5],"tags":[117,185],"class_list":["post-9312","post","type-post","status-publish","format-standard","has-post-thumbnail","hentry","category-vicente-de-paul","tag-pouy","tag-tarbes"],"yoast_head":"<!-- This site is optimized with the Yoast SEO plugin v26.3 - https:\/\/yoast.com\/wordpress\/plugins\/seo\/ -->\n<title>1596: Vicente de Pa\u00fal sigue estudiando en Dax - Somos Vicencianos<\/title>\n<meta name=\"robots\" content=\"index, follow, max-snippet:-1, max-image-preview:large, max-video-preview:-1\" \/>\n<link rel=\"canonical\" href=\"https:\/\/vincentians.com\/es\/1596-vicente-de-paul-sigue-estudiando-en-dax\/\" \/>\n<meta property=\"og:locale\" content=\"es_ES\" \/>\n<meta property=\"og:type\" content=\"article\" \/>\n<meta property=\"og:title\" content=\"1596: Vicente de Pa\u00fal sigue estudiando en Dax - Somos Vicencianos\" \/>\n<meta property=\"og:description\" content=\"Estudia en el Colegio de los Franciscanos y vive con los Sres. de Comet 20 diciembre: Salvat Dihars, obispo de Tarbes, en la iglesia-colegiata de Bidache confiere a Vicente, en la ordenaci\u00f3n general del 20 ... Read More\" \/>\n<meta property=\"og:url\" content=\"https:\/\/vincentians.com\/es\/1596-vicente-de-paul-sigue-estudiando-en-dax\/\" \/>\n<meta property=\"og:site_name\" content=\"Somos Vicencianos\" \/>\n<meta property=\"article:publisher\" content=\"https:\/\/www.facebook.com\/WeAreVincentians\/\" \/>\n<meta property=\"article:author\" content=\"https:\/\/www.facebook.com\/JavierChento\" \/>\n<meta property=\"article:published_time\" content=\"2014-06-02T06:52:45+00:00\" \/>\n<meta property=\"article:modified_time\" content=\"2016-07-26T15:23:00+00:00\" \/>\n<meta name=\"author\" content=\"Francisco Javier Fern\u00e1ndez Chento\" \/>\n<meta name=\"twitter:card\" content=\"summary_large_image\" \/>\n<meta name=\"twitter:creator\" content=\"@https:\/\/twitter.com\/javierchento\" \/>\n<meta name=\"twitter:site\" content=\"@WeVincentians\" \/>\n<meta name=\"twitter:label1\" content=\"Escrito por\" \/>\n\t<meta name=\"twitter:data1\" content=\"Francisco Javier Fern\u00e1ndez Chento\" \/>\n\t<meta name=\"twitter:label2\" content=\"Tiempo de lectura\" \/>\n\t<meta name=\"twitter:data2\" content=\"1 minuto\" \/>\n<script type=\"application\/ld+json\" class=\"yoast-schema-graph\">{\"@context\":\"https:\/\/schema.org\",\"@graph\":[{\"@type\":\"Article\",\"@id\":\"https:\/\/vincentians.com\/es\/1596-vicente-de-paul-sigue-estudiando-en-dax\/#article\",\"isPartOf\":{\"@id\":\"https:\/\/vincentians.com\/es\/1596-vicente-de-paul-sigue-estudiando-en-dax\/\"},\"author\":{\"name\":\"Francisco Javier Fern\u00e1ndez Chento\",\"@id\":\"http:\/\/vincentians.com\/es\/#\/schema\/person\/9623ef4d9aa3b2dfb8c061f1499288f2\"},\"headline\":\"1596: Vicente de Pa\u00fal sigue estudiando en Dax\",\"datePublished\":\"2014-06-02T06:52:45+00:00\",\"dateModified\":\"2016-07-26T15:23:00+00:00\",\"mainEntityOfPage\":{\"@id\":\"https:\/\/vincentians.com\/es\/1596-vicente-de-paul-sigue-estudiando-en-dax\/\"},\"wordCount\":240,\"commentCount\":0,\"publisher\":{\"@id\":\"http:\/\/vincentians.com\/es\/#organization\"},\"image\":{\"@id\":\"https:\/\/vincentians.com\/es\/1596-vicente-de-paul-sigue-estudiando-en-dax\/#primaryimage\"},\"thumbnailUrl\":\"\",\"keywords\":[\"Pouy\",\"Tarbes\"],\"articleSection\":[\"Vicente de Pa\u00fal\"],\"inLanguage\":\"es\",\"potentialAction\":[{\"@type\":\"CommentAction\",\"name\":\"Comment\",\"target\":[\"https:\/\/vincentians.com\/es\/1596-vicente-de-paul-sigue-estudiando-en-dax\/#respond\"]}]},{\"@type\":\"WebPage\",\"@id\":\"https:\/\/vincentians.com\/es\/1596-vicente-de-paul-sigue-estudiando-en-dax\/\",\"url\":\"https:\/\/vincentians.com\/es\/1596-vicente-de-paul-sigue-estudiando-en-dax\/\",\"name\":\"1596: Vicente de Pa\u00fal sigue estudiando en Dax - Somos Vicencianos\",\"isPartOf\":{\"@id\":\"http:\/\/vincentians.com\/es\/#website\"},\"primaryImageOfPage\":{\"@id\":\"https:\/\/vincentians.com\/es\/1596-vicente-de-paul-sigue-estudiando-en-dax\/#primaryimage\"},\"image\":{\"@id\":\"https:\/\/vincentians.com\/es\/1596-vicente-de-paul-sigue-estudiando-en-dax\/#primaryimage\"},\"thumbnailUrl\":\"\",\"datePublished\":\"2014-06-02T06:52:45+00:00\",\"dateModified\":\"2016-07-26T15:23:00+00:00\",\"breadcrumb\":{\"@id\":\"https:\/\/vincentians.com\/es\/1596-vicente-de-paul-sigue-estudiando-en-dax\/#breadcrumb\"},\"inLanguage\":\"es\",\"potentialAction\":[{\"@type\":\"ReadAction\",\"target\":[\"https:\/\/vincentians.com\/es\/1596-vicente-de-paul-sigue-estudiando-en-dax\/\"]}]},{\"@type\":\"ImageObject\",\"inLanguage\":\"es\",\"@id\":\"https:\/\/vincentians.com\/es\/1596-vicente-de-paul-sigue-estudiando-en-dax\/#primaryimage\",\"url\":\"\",\"contentUrl\":\"\"},{\"@type\":\"BreadcrumbList\",\"@id\":\"https:\/\/vincentians.com\/es\/1596-vicente-de-paul-sigue-estudiando-en-dax\/#breadcrumb\",\"itemListElement\":[{\"@type\":\"ListItem\",\"position\":1,\"name\":\"Portada\",\"item\":\"http:\/\/vincentians.com\/es\/\"},{\"@type\":\"ListItem\",\"position\":2,\"name\":\"1596: Vicente de Pa\u00fal sigue estudiando en Dax\"}]},{\"@type\":\"WebSite\",\"@id\":\"http:\/\/vincentians.com\/es\/#website\",\"url\":\"http:\/\/vincentians.com\/es\/\",\"name\":\"Somos Vicencianos\",\"description\":\"Know more to serve more\",\"publisher\":{\"@id\":\"http:\/\/vincentians.com\/es\/#organization\"},\"potentialAction\":[{\"@type\":\"SearchAction\",\"target\":{\"@type\":\"EntryPoint\",\"urlTemplate\":\"http:\/\/vincentians.com\/es\/?s={search_term_string}\"},\"query-input\":{\"@type\":\"PropertyValueSpecification\",\"valueRequired\":true,\"valueName\":\"search_term_string\"}}],\"inLanguage\":\"es\"},{\"@type\":\"Organization\",\"@id\":\"http:\/\/vincentians.com\/es\/#organization\",\"name\":\"The Vincentian Network\",\"url\":\"http:\/\/vincentians.com\/es\/\",\"logo\":{\"@type\":\"ImageObject\",\"inLanguage\":\"es\",\"@id\":\"http:\/\/vincentians.com\/es\/#\/schema\/logo\/image\/\",\"url\":\"https:\/\/i1.wp.com\/vincentians.com\/es\/wp-content\/uploads\/sites\/11\/2016\/06\/Vincentian-Network-logo-big.png?fit=778%2C778\",\"contentUrl\":\"https:\/\/i1.wp.com\/vincentians.com\/es\/wp-content\/uploads\/sites\/11\/2016\/06\/Vincentian-Network-logo-big.png?fit=778%2C778\",\"width\":778,\"height\":778,\"caption\":\"The Vincentian Network\"},\"image\":{\"@id\":\"http:\/\/vincentians.com\/es\/#\/schema\/logo\/image\/\"},\"sameAs\":[\"https:\/\/www.facebook.com\/WeAreVincentians\/\",\"https:\/\/x.com\/WeVincentians\"]},{\"@type\":\"Person\",\"@id\":\"http:\/\/vincentians.com\/es\/#\/schema\/person\/9623ef4d9aa3b2dfb8c061f1499288f2\",\"name\":\"Francisco Javier Fern\u00e1ndez Chento\",\"image\":{\"@type\":\"ImageObject\",\"inLanguage\":\"es\",\"@id\":\"http:\/\/vincentians.com\/es\/#\/schema\/person\/image\/\",\"url\":\"https:\/\/secure.gravatar.com\/avatar\/497d5cde87b4c3d097d0315953521681ba2cd523ee66e5077c3711f7021e65de?s=96&d=mm&r=g\",\"contentUrl\":\"https:\/\/secure.gravatar.com\/avatar\/497d5cde87b4c3d097d0315953521681ba2cd523ee66e5077c3711f7021e65de?s=96&d=mm&r=g\",\"caption\":\"Francisco Javier Fern\u00e1ndez Chento\"},\"description\":\"Director General y cofundador de La Red de Formaci\u00f3n Vicenciana. Javier es laico vicenciano, afiliado a la Congregaci\u00f3n de la Misi\u00f3n y miembro del Equipo de Misiones Populares de la provincia can\u00f3nica de Zaragoza (Espa\u00f1a) de la Congregaci\u00f3n de la Misi\u00f3n. Graduado en la Universidad Oberta de Catalunya con cuatro grados (Asistente de direcci\u00f3n, Gesti\u00f3n Administrativa, Recursos Humanos y Contabilidad Avanzada). Bil\u00edng\u00fce Espa\u00f1ol\/Ingl\u00e9s. gestiona y mantiene varias p\u00e1ginas web cristianas y vicencianas, incluida including La Red de Formaci\u00f3n Vicenciana, de la que es cofundador. Actualmente es responsable del \u00e1rea de Espa\u00f1ol de .famvin, la Red de Noticias de la Familia Vicenciana. Tambi\u00e9n es m\u00fasico cat\u00f3lico y ha editado varios discos. Es Director General y cofundador de Trovador, una reconocida compa\u00f1\u00eda discogr\u00e1fica critiana de Espa\u00f1a. Trabaja en las Tecnolog\u00edas de la Informaci\u00f3n, ofreciendo servicios de alojamiento, dise\u00f1o y mantenimiento Web, as\u00ed como asesoramiento, formaci\u00f3n y soluciones inform\u00e1ticas, gesti\u00f3n documental y digitalizaci\u00f3n de textos, edici\u00f3n y maquetaci\u00f3n de libros, revistas, flyers, etc.\",\"sameAs\":[\"http:\/\/chento.org\",\"https:\/\/www.facebook.com\/JavierChento\",\"https:\/\/x.com\/https:\/\/twitter.com\/javierchento\"],\"url\":\"https:\/\/vincentians.com\/es\/author\/chento\/\"}]}<\/script>\n<!-- \/ Yoast SEO plugin. -->","yoast_head_json":{"title":"1596: Vicente de Pa\u00fal sigue estudiando en Dax - Somos Vicencianos","robots":{"index":"index","follow":"follow","max-snippet":"max-snippet:-1","max-image-preview":"max-image-preview:large","max-video-preview":"max-video-preview:-1"},"canonical":"https:\/\/vincentians.com\/es\/1596-vicente-de-paul-sigue-estudiando-en-dax\/","og_locale":"es_ES","og_type":"article","og_title":"1596: Vicente de Pa\u00fal sigue estudiando en Dax - Somos Vicencianos","og_description":"Estudia en el Colegio de los Franciscanos y vive con los Sres. de Comet 20 diciembre: Salvat Dihars, obispo de Tarbes, en la iglesia-colegiata de Bidache confiere a Vicente, en la ordenaci\u00f3n general del 20 ... Read More","og_url":"https:\/\/vincentians.com\/es\/1596-vicente-de-paul-sigue-estudiando-en-dax\/","og_site_name":"Somos Vicencianos","article_publisher":"https:\/\/www.facebook.com\/WeAreVincentians\/","article_author":"https:\/\/www.facebook.com\/JavierChento","article_published_time":"2014-06-02T06:52:45+00:00","article_modified_time":"2016-07-26T15:23:00+00:00","author":"Francisco Javier Fern\u00e1ndez Chento","twitter_card":"summary_large_image","twitter_creator":"@https:\/\/twitter.com\/javierchento","twitter_site":"@WeVincentians","twitter_misc":{"Escrito por":"Francisco Javier Fern\u00e1ndez Chento","Tiempo de lectura":"1 minuto"},"schema":{"@context":"https:\/\/schema.org","@graph":[{"@type":"Article","@id":"https:\/\/vincentians.com\/es\/1596-vicente-de-paul-sigue-estudiando-en-dax\/#article","isPartOf":{"@id":"https:\/\/vincentians.com\/es\/1596-vicente-de-paul-sigue-estudiando-en-dax\/"},"author":{"name":"Francisco Javier Fern\u00e1ndez Chento","@id":"http:\/\/vincentians.com\/es\/#\/schema\/person\/9623ef4d9aa3b2dfb8c061f1499288f2"},"headline":"1596: Vicente de Pa\u00fal sigue estudiando en Dax","datePublished":"2014-06-02T06:52:45+00:00","dateModified":"2016-07-26T15:23:00+00:00","mainEntityOfPage":{"@id":"https:\/\/vincentians.com\/es\/1596-vicente-de-paul-sigue-estudiando-en-dax\/"},"wordCount":240,"commentCount":0,"publisher":{"@id":"http:\/\/vincentians.com\/es\/#organization"},"image":{"@id":"https:\/\/vincentians.com\/es\/1596-vicente-de-paul-sigue-estudiando-en-dax\/#primaryimage"},"thumbnailUrl":"","keywords":["Pouy","Tarbes"],"articleSection":["Vicente de Pa\u00fal"],"inLanguage":"es","potentialAction":[{"@type":"CommentAction","name":"Comment","target":["https:\/\/vincentians.com\/es\/1596-vicente-de-paul-sigue-estudiando-en-dax\/#respond"]}]},{"@type":"WebPage","@id":"https:\/\/vincentians.com\/es\/1596-vicente-de-paul-sigue-estudiando-en-dax\/","url":"https:\/\/vincentians.com\/es\/1596-vicente-de-paul-sigue-estudiando-en-dax\/","name":"1596: Vicente de Pa\u00fal sigue estudiando en Dax - Somos Vicencianos","isPartOf":{"@id":"http:\/\/vincentians.com\/es\/#website"},"primaryImageOfPage":{"@id":"https:\/\/vincentians.com\/es\/1596-vicente-de-paul-sigue-estudiando-en-dax\/#primaryimage"},"image":{"@id":"https:\/\/vincentians.com\/es\/1596-vicente-de-paul-sigue-estudiando-en-dax\/#primaryimage"},"thumbnailUrl":"","datePublished":"2014-06-02T06:52:45+00:00","dateModified":"2016-07-26T15:23:00+00:00","breadcrumb":{"@id":"https:\/\/vincentians.com\/es\/1596-vicente-de-paul-sigue-estudiando-en-dax\/#breadcrumb"},"inLanguage":"es","potentialAction":[{"@type":"ReadAction","target":["https:\/\/vincentians.com\/es\/1596-vicente-de-paul-sigue-estudiando-en-dax\/"]}]},{"@type":"ImageObject","inLanguage":"es","@id":"https:\/\/vincentians.com\/es\/1596-vicente-de-paul-sigue-estudiando-en-dax\/#primaryimage","url":"","contentUrl":""},{"@type":"BreadcrumbList","@id":"https:\/\/vincentians.com\/es\/1596-vicente-de-paul-sigue-estudiando-en-dax\/#breadcrumb","itemListElement":[{"@type":"ListItem","position":1,"name":"Portada","item":"http:\/\/vincentians.com\/es\/"},{"@type":"ListItem","position":2,"name":"1596: Vicente de Pa\u00fal sigue estudiando en Dax"}]},{"@type":"WebSite","@id":"http:\/\/vincentians.com\/es\/#website","url":"http:\/\/vincentians.com\/es\/","name":"Somos Vicencianos","description":"Know more to serve more","publisher":{"@id":"http:\/\/vincentians.com\/es\/#organization"},"potentialAction":[{"@type":"SearchAction","target":{"@type":"EntryPoint","urlTemplate":"http:\/\/vincentians.com\/es\/?s={search_term_string}"},"query-input":{"@type":"PropertyValueSpecification","valueRequired":true,"valueName":"search_term_string"}}],"inLanguage":"es"},{"@type":"Organization","@id":"http:\/\/vincentians.com\/es\/#organization","name":"The Vincentian Network","url":"http:\/\/vincentians.com\/es\/","logo":{"@type":"ImageObject","inLanguage":"es","@id":"http:\/\/vincentians.com\/es\/#\/schema\/logo\/image\/","url":"https:\/\/i1.wp.com\/vincentians.com\/es\/wp-content\/uploads\/sites\/11\/2016\/06\/Vincentian-Network-logo-big.png?fit=778%2C778","contentUrl":"https:\/\/i1.wp.com\/vincentians.com\/es\/wp-content\/uploads\/sites\/11\/2016\/06\/Vincentian-Network-logo-big.png?fit=778%2C778","width":778,"height":778,"caption":"The Vincentian Network"},"image":{"@id":"http:\/\/vincentians.com\/es\/#\/schema\/logo\/image\/"},"sameAs":["https:\/\/www.facebook.com\/WeAreVincentians\/","https:\/\/x.com\/WeVincentians"]},{"@type":"Person","@id":"http:\/\/vincentians.com\/es\/#\/schema\/person\/9623ef4d9aa3b2dfb8c061f1499288f2","name":"Francisco Javier Fern\u00e1ndez Chento","image":{"@type":"ImageObject","inLanguage":"es","@id":"http:\/\/vincentians.com\/es\/#\/schema\/person\/image\/","url":"https:\/\/secure.gravatar.com\/avatar\/497d5cde87b4c3d097d0315953521681ba2cd523ee66e5077c3711f7021e65de?s=96&d=mm&r=g","contentUrl":"https:\/\/secure.gravatar.com\/avatar\/497d5cde87b4c3d097d0315953521681ba2cd523ee66e5077c3711f7021e65de?s=96&d=mm&r=g","caption":"Francisco Javier Fern\u00e1ndez Chento"},"description":"Director General y cofundador de La Red de Formaci\u00f3n Vicenciana. Javier es laico vicenciano, afiliado a la Congregaci\u00f3n de la Misi\u00f3n y miembro del Equipo de Misiones Populares de la provincia can\u00f3nica de Zaragoza (Espa\u00f1a) de la Congregaci\u00f3n de la Misi\u00f3n. Graduado en la Universidad Oberta de Catalunya con cuatro grados (Asistente de direcci\u00f3n, Gesti\u00f3n Administrativa, Recursos Humanos y Contabilidad Avanzada). Bil\u00edng\u00fce Espa\u00f1ol\/Ingl\u00e9s. gestiona y mantiene varias p\u00e1ginas web cristianas y vicencianas, incluida including La Red de Formaci\u00f3n Vicenciana, de la que es cofundador. Actualmente es responsable del \u00e1rea de Espa\u00f1ol de .famvin, la Red de Noticias de la Familia Vicenciana. Tambi\u00e9n es m\u00fasico cat\u00f3lico y ha editado varios discos. Es Director General y cofundador de Trovador, una reconocida compa\u00f1\u00eda discogr\u00e1fica critiana de Espa\u00f1a. Trabaja en las Tecnolog\u00edas de la Informaci\u00f3n, ofreciendo servicios de alojamiento, dise\u00f1o y mantenimiento Web, as\u00ed como asesoramiento, formaci\u00f3n y soluciones inform\u00e1ticas, gesti\u00f3n documental y digitalizaci\u00f3n de textos, edici\u00f3n y maquetaci\u00f3n de libros, revistas, flyers, etc.","sameAs":["http:\/\/chento.org","https:\/\/www.facebook.com\/JavierChento","https:\/\/x.com\/https:\/\/twitter.com\/javierchento"],"url":"https:\/\/vincentians.com\/es\/author\/chento\/"}]}},"jetpack_publicize_connections":[],"jetpack_featured_media_url":"","jetpack_sharing_enabled":true,"jetpack_shortlink":"https:\/\/wp.me\/p7ETMF-2qc","jetpack-related-posts":[{"id":119687,"url":"https:\/\/vincentians.com\/es\/el-senor-vicente-relee-su-vida-colegial-estudiante-y-sacerdote\/","url_meta":{"origin":9312,"position":0},"title":"El Se\u00f1or Vicente relee su vida: Colegial, estudiante y sacerdote","author":"Francisco Javier Fern\u00e1ndez Chento","date":"19\/01\/2022","format":false,"excerpt":"Hacia 1592, mi padre trat\u00f3 de hacerme estudiar, con la esperanza de poder un d\u00eda obtener alg\u00fan beneficio eclesi\u00e1stico, es decir rentas de alguna abad\u00eda o de una buena parroquia, y as\u00ed aliviar a la familia, como lo hab\u00eda hecho mi t\u00edo, prior de Poymartet. Me puso pues de pensi\u00f3n\u2026","rel":"","context":"En \u00abVicente de Pa\u00fal\u00bb","block_context":{"text":"Vicente de Pa\u00fal","link":"https:\/\/vincentians.com\/es\/category\/la-familia-vicenciana\/fundadores\/vicente-de-paul\/"},"img":{"alt_text":"","src":"https:\/\/i0.wp.com\/vincentians.com\/es\/wp-content\/uploads\/sites\/11\/2013\/04\/g-3.jpg?fit=1170%2C692&ssl=1&resize=350%2C200","width":350,"height":200,"srcset":"https:\/\/i0.wp.com\/vincentians.com\/es\/wp-content\/uploads\/sites\/11\/2013\/04\/g-3.jpg?fit=1170%2C692&ssl=1&resize=350%2C200 1x, https:\/\/i0.wp.com\/vincentians.com\/es\/wp-content\/uploads\/sites\/11\/2013\/04\/g-3.jpg?fit=1170%2C692&ssl=1&resize=525%2C300 1.5x, https:\/\/i0.wp.com\/vincentians.com\/es\/wp-content\/uploads\/sites\/11\/2013\/04\/g-3.jpg?fit=1170%2C692&ssl=1&resize=700%2C400 2x, https:\/\/i0.wp.com\/vincentians.com\/es\/wp-content\/uploads\/sites\/11\/2013\/04\/g-3.jpg?fit=1170%2C692&ssl=1&resize=1050%2C600 3x"},"classes":[]},{"id":131892,"url":"https:\/\/vincentians.com\/es\/el-senor-vicente-relee-su-vida-iii\/","url_meta":{"origin":9312,"position":1},"title":"El se\u00f1or Vicente relee su vida (III)","author":"Francisco Javier Fern\u00e1ndez Chento","date":"05\/12\/2014","format":false,"excerpt":"Colegial, estudiante y sacerdote Hacia 1592, mi padre trat\u00f3 de hacerme estudiar, con la esperanza de poder un d\u00eda obtener alg\u00fan beneficio eclesi\u00e1stico, es decir rentas de alguna abad\u00eda o de una buena parroquia, y as\u00ed aliviar a la familia, como lo hab\u00eda hecho mi t\u00edo, prior de Poymartet .\u2026","rel":"","context":"En \u00abVicente de Pa\u00fal\u00bb","block_context":{"text":"Vicente de Pa\u00fal","link":"https:\/\/vincentians.com\/es\/category\/la-familia-vicenciana\/fundadores\/vicente-de-paul\/"},"img":{"alt_text":"corazon","src":"https:\/\/i0.wp.com\/vicencianos.org\/wp-content\/2014\/12\/corazon-289x300.jpg?resize=350%2C200","width":350,"height":200},"classes":[]},{"id":121304,"url":"https:\/\/vincentians.com\/es\/san-vicente-de-paul-nacio-en-francia-iii-ordenacion\/","url_meta":{"origin":9312,"position":2},"title":"San Vicente de Pa\u00fal naci\u00f3 en Francia. III. Ordenaci\u00f3n","author":"Francisco Javier Fern\u00e1ndez Chento","date":"28\/04\/2015","format":false,"excerpt":"III. Ordenaci\u00f3n En el transcurso de los a\u00f1os de estudios en Toulouse, Vicente de Pa\u00fal recibi\u00f3 las \u00f3rdenes sagradas previa la presentaci\u00f3n de las dimisorias otorgadas por el obispo de Dax. a continuaci\u00f3n damos estos documentos, como as\u00ed mismo las cartillas de ordenaci\u00f3n. Cartas dimisorias para la orden sagrada del\u2026","rel":"","context":"En \u00abVicente de Pa\u00fal\u00bb","block_context":{"text":"Vicente de Pa\u00fal","link":"https:\/\/vincentians.com\/es\/category\/la-familia-vicenciana\/fundadores\/vicente-de-paul\/"},"img":{"alt_text":"","src":"","width":0,"height":0},"classes":[]},{"id":121252,"url":"https:\/\/vincentians.com\/es\/san-vicente-de-paul-nacio-en-francia-i-nacimiento\/","url_meta":{"origin":9312,"position":3},"title":"San Vicente de Pa\u00fal naci\u00f3 en Francia. I. Nacimiento","author":"Francisco Javier Fern\u00e1ndez Chento","date":"26\/04\/2015","format":false,"excerpt":"Vincentius a Pa\u00falo, natione Gallus, Podii non procul ab Aquis Tarbellis in Aquitania natus. (Breviario romano, 19 julio.) Primera parte Se public\u00f3 en Barcelona (Espa\u00f1a), como ap\u00e9ndice a la traducci\u00f3n de la obra del Sr. Arturo Loth: San Vicente de Pa\u00fal y su misi\u00f3n social, una tesis hist\u00f3rica en extremo\u2026","rel":"","context":"En \u00abVicente de Pa\u00fal\u00bb","block_context":{"text":"Vicente de Pa\u00fal","link":"https:\/\/vincentians.com\/es\/category\/la-familia-vicenciana\/fundadores\/vicente-de-paul\/"},"img":{"alt_text":"pemartin","src":"https:\/\/i0.wp.com\/vicencianos.org\/wp-content\/2013\/04\/pemartin-189x300.jpg?resize=350%2C200","width":350,"height":200},"classes":[]},{"id":3606,"url":"https:\/\/vincentians.com\/es\/vicente-de-paul-documento-002-testimoniales-de-ordenes-menores\/","url_meta":{"origin":9312,"position":4},"title":"Vicente de Pa\u00fal, Documento 002: Testimoniales De \u00d3rdenes Menores","author":"Francisco Javier Fern\u00e1ndez Chento","date":"09\/12\/2009","format":false,"excerpt":"20 diciembre 1596 Salvador Diharse, obispo de Tarbes por la gracia de Dios y de la Santa Sede Apost\u00f3lica, damos testimonio de que en el d\u00eda de la fecha, en las t\u00e9mporas despu\u00e9s de la fiesta de santa Luc\u00eda, en la ordenaci\u00f3n general celebrada en la iglesia colegiata de Bidachen,\u2026","rel":"","context":"En \u00abEscritos de Vicente de Pa\u00fal\u00bb","block_context":{"text":"Escritos de Vicente de Pa\u00fal","link":"https:\/\/vincentians.com\/es\/category\/escritos\/escritos-de-vicente-de-paul\/"},"img":{"alt_text":"","src":"https:\/\/i0.wp.com\/vincentians.com\/es\/wp-content\/uploads\/sites\/11\/2016\/07\/escritos-vicente-de-paul.jpg?fit=1200%2C630&ssl=1&resize=350%2C200","width":350,"height":200,"srcset":"https:\/\/i0.wp.com\/vincentians.com\/es\/wp-content\/uploads\/sites\/11\/2016\/07\/escritos-vicente-de-paul.jpg?fit=1200%2C630&ssl=1&resize=350%2C200 1x, https:\/\/i0.wp.com\/vincentians.com\/es\/wp-content\/uploads\/sites\/11\/2016\/07\/escritos-vicente-de-paul.jpg?fit=1200%2C630&ssl=1&resize=525%2C300 1.5x, https:\/\/i0.wp.com\/vincentians.com\/es\/wp-content\/uploads\/sites\/11\/2016\/07\/escritos-vicente-de-paul.jpg?fit=1200%2C630&ssl=1&resize=700%2C400 2x, https:\/\/i0.wp.com\/vincentians.com\/es\/wp-content\/uploads\/sites\/11\/2016\/07\/escritos-vicente-de-paul.jpg?fit=1200%2C630&ssl=1&resize=1050%2C600 3x"},"classes":[]},{"id":3605,"url":"https:\/\/vincentians.com\/es\/vicente-de-paul-documento-001-testimoniales-de-tonsura\/","url_meta":{"origin":9312,"position":5},"title":"Vicente de Pa\u00fal, Documento 001: Testimoniales De Tonsura","author":"Francisco Javier Fern\u00e1ndez Chento","date":"08\/12\/2009","format":false,"excerpt":"20 diciembre 1596 Salvado Diharse, obispo de Tarbes por la gracia de Dios y de la Santa Sede Apost\u00f3lica, damos testimonio de que en el d\u00eda de la fecha, en las t\u00e9mporas despu\u00e9s de la fiesta de santa Luc\u00eda, en la ordenaci\u00f3n general celebrada en la iglesia colegiata de Bidachen,\u2026","rel":"","context":"En \u00abEscritos de Vicente de Pa\u00fal\u00bb","block_context":{"text":"Escritos de Vicente de Pa\u00fal","link":"https:\/\/vincentians.com\/es\/category\/escritos\/escritos-de-vicente-de-paul\/"},"img":{"alt_text":"","src":"https:\/\/i0.wp.com\/vincentians.com\/es\/wp-content\/uploads\/sites\/11\/2016\/07\/escritos-vicente-de-paul.jpg?fit=1200%2C630&ssl=1&resize=350%2C200","width":350,"height":200,"srcset":"https:\/\/i0.wp.com\/vincentians.com\/es\/wp-content\/uploads\/sites\/11\/2016\/07\/escritos-vicente-de-paul.jpg?fit=1200%2C630&ssl=1&resize=350%2C200 1x, https:\/\/i0.wp.com\/vincentians.com\/es\/wp-content\/uploads\/sites\/11\/2016\/07\/escritos-vicente-de-paul.jpg?fit=1200%2C630&ssl=1&resize=525%2C300 1.5x, https:\/\/i0.wp.com\/vincentians.com\/es\/wp-content\/uploads\/sites\/11\/2016\/07\/escritos-vicente-de-paul.jpg?fit=1200%2C630&ssl=1&resize=700%2C400 2x, https:\/\/i0.wp.com\/vincentians.com\/es\/wp-content\/uploads\/sites\/11\/2016\/07\/escritos-vicente-de-paul.jpg?fit=1200%2C630&ssl=1&resize=1050%2C600 3x"},"classes":[]}],"_links":{"self":[{"href":"https:\/\/vincentians.com\/es\/wp-json\/wp\/v2\/posts\/9312","targetHints":{"allow":["GET"]}}],"collection":[{"href":"https:\/\/vincentians.com\/es\/wp-json\/wp\/v2\/posts"}],"about":[{"href":"https:\/\/vincentians.com\/es\/wp-json\/wp\/v2\/types\/post"}],"author":[{"embeddable":true,"href":"https:\/\/vincentians.com\/es\/wp-json\/wp\/v2\/users\/4"}],"replies":[{"embeddable":true,"href":"https:\/\/vincentians.com\/es\/wp-json\/wp\/v2\/comments?post=9312"}],"version-history":[{"count":0,"href":"https:\/\/vincentians.com\/es\/wp-json\/wp\/v2\/posts\/9312\/revisions"}],"wp:featuredmedia":[{"embeddable":true,"href":"https:\/\/vincentians.com\/es\/wp-json\/"}],"wp:attachment":[{"href":"https:\/\/vincentians.com\/es\/wp-json\/wp\/v2\/media?parent=9312"}],"wp:term":[{"taxonomy":"category","embeddable":true,"href":"https:\/\/vincentians.com\/es\/wp-json\/wp\/v2\/categories?post=9312"},{"taxonomy":"post_tag","embeddable":true,"href":"https:\/\/vincentians.com\/es\/wp-json\/wp\/v2\/tags?post=9312"}],"curies":[{"name":"wp","href":"https:\/\/api.w.org\/{rel}","templated":true}]}}