{"id":9002,"date":"2014-08-24T08:10:24","date_gmt":"2014-08-24T06:10:24","guid":{"rendered":"http:\/\/somos.vicencianos.org\/blog\/?p=9002"},"modified":"2014-08-24T08:10:24","modified_gmt":"2014-08-24T06:10:24","slug":"ver-y-discernir-las-llamadas","status":"publish","type":"post","link":"https:\/\/vincentians.com\/es\/ver-y-discernir-las-llamadas\/","title":{"rendered":"Ver y discernir las llamadas"},"content":{"rendered":"<p style=\"text-align: right\"><em><a href=\"https:\/\/i0.wp.com\/vicencianos.org\/wp-content\/2010\/01\/vicente_dibujo.jpg\"><img data-recalc-dims=\"1\" loading=\"lazy\" decoding=\"async\" class=\"alignright size-medium wp-image-38433\" title=\"vicente_dibujo\" src=\"https:\/\/i0.wp.com\/vicencianos.org\/wp-content\/2010\/01\/vicente_dibujo-194x300.jpg?resize=194%2C300\" alt=\"\" width=\"194\" height=\"300\" \/><\/a>Desde la mirada de San Vicente hasta la nuestra<\/em><\/p>\n<p>Nuestro mes Vicenciano sobre la Misi\u00f3n Popular est\u00e1 articulado, como hemos dicho al comenzar, con el m\u00e9todo \u00abver-juzgar-actuar\u00bb, y terminar\u00e1 con un momento de conclusi\u00f3n y la redacci\u00f3n de un documento en el que se recojan nuestras convicciones sobre este ministerio, hoy.<\/p>\n<p>Actualmente estamos en la primera parte \u00abVER\u00bb. Tratamos, hasta ahora, de echar una mirada sobre la realidad que nos rodea: el mundo, la Iglesia, sus necesidades, sus llamadas, nuestras dificultades&#8230; Quisiera proponeros una reflexi\u00f3n sobre la mirada que San Vicente aport\u00f3 sobre la realidad social y eclesial que le rodeaba. Pues, de esta mirada muy profunda, que percib\u00eda las llamadas de los pobres, los signos de Dios, los desaf\u00edos con que enfrentarse, naci\u00f3 su obra misionera y caritativa, como respuesta adaptada y eficaz. Ser\u00e1 pues para nosotros ocasi\u00f3n de emitir un juicio cr\u00edtico sobre nuestra manera de \u00abver\u00bb, sobre la mirada que echamos a nuestra realidad, hoy, alrededor nuestro, sobre nuestra capacidad de percibir los grandes desaf\u00edos de nuestro tiempo, sobre nuestra manera de estar atentos a los signos de Dios en los acontecimientos, para poder adaptar mejor nuestra acci\u00f3n misionera. S\u00f3lo si la misi\u00f3n popular est\u00e1 en contacto con las verdaderas necesidades de nuestra \u00e9poca podr\u00e1 ser instrumento fecundo para la nueva evangelizaci\u00f3n a la que nos llama la Iglesia.<\/p>\n<p>Esta conferencia se centrar\u00e1 esencialmente en San Vicente, a diferencia de la mayor\u00eda que tendr\u00e1 como punto de partida, la misi\u00f3n hoy. Al empezar este mes Vicenciano, parece apropiado sumergirnos de nuevo en nuestras ra\u00edces. Dividir\u00e9 mi exposici\u00f3n en tres partes:<\/p>\n<ol>\n<li>La formaci\u00f3n de una mirada de ap\u00f3stol.<\/li>\n<li>\u00bfQu\u00e9 camino sigui\u00f3 San Vicente para discernir los desaf\u00edos de su \u00e9poca.<\/li>\n<li>Los grandes desaf\u00edos a los que San Vicente se enfrenta.<\/li>\n<\/ol>\n<h2><strong>I. La formaci\u00f3n de una mirada de ap\u00f3stol<\/strong><\/h2>\n<p>El P. Morin, en un maravilloso estudio sobre la mirada de San Vicente, publicado en el libro del IV centenario de San Vicente de Paul 1581-1981<span id='easy-footnote-1-9002' class='easy-footnote-margin-adjust'><\/span><span class='easy-footnote'><a href='https:\/\/vincentians.com\/es\/ver-y-discernir-las-llamadas\/#easy-footnote-bottom-1-9002' title='&lt;em&gt;Historia de una mirada sobre el pobre, &lt;\/em&gt;en \u00ab1581-1981\u00bb publicado por \u00abFichas Vicencianas\u00bb, Tolosa 1981, p\u00e1gs. 41-83. Me he referido adem\u00e1s a algunos an\u00e1lisis del P. Morin.'><sup>1<\/sup><\/a><\/span>, comienza con este detalle penetrante en las pinturas que se han conservado de San Vicente, \u00ab<em>son los ojos los que, sin duda, impresionan m\u00e1s. Se adivina una enorme atenci\u00f3n, observaci\u00f3n; se descubre tambi\u00e9n algo de la malicia gascona; se encuentra, sobre todo, una gran bondad<\/em>\u00ab.<\/p>\n<p>San Vicente es el hombre de lo concreto, y que viene de un conocimiento directo de los acontecimientos que le llevan a reflexionar para obrar. Por ello encontramos a menudo en sus cartas y conferencias, los verbos \u00abver\u00bb o \u00abmirar\u00bb.<\/p>\n<p>Al Papa Inocencio X, a quien pide, el 16 de Agosto de 1652, intervenir en favor de la paz, San Vicente describe los horrores de la guerra, <em>y <\/em>a\u00f1ade: <em>\u00abNo es nada escuchar y leer estas cosas, hay que <\/em><strong><em>verlas y <\/em><em>constatarlas con los propios ojos<\/em><\/strong><strong><em>\u00ab<\/em><\/strong><span id='easy-footnote-2-9002' class='easy-footnote-margin-adjust'><\/span><span class='easy-footnote'><a href='https:\/\/vincentians.com\/es\/ver-y-discernir-las-llamadas\/#easy-footnote-bottom-2-9002' title='IV, 458'><sup>2<\/sup><\/a><\/span>.<\/p>\n<p>San Vicente no adquiri\u00f3, de golpe, esta mirada de compasi\u00f3n sobre el mundo, que se le conoce y que le hizo emprender una rica diversidad de acciones apost\u00f3licas y caritativas. \u00c9l lo adquiri\u00f3 progresivamente, en el curso de un camino complejo. Fue s\u00f3lo poco a poco como \u00e9l aprendi\u00f3 a \u00abver\u00bb el mundo y la Iglesia con profundidad, con los mismos ojos de Cristo, para leer las llamadas que Dios le hac\u00eda a trav\u00e9s de los pobres y abandonados. Vamos a seguir, brevemente, los pasos de su evoluci\u00f3n. Esto nos ayudar\u00e1 en nuestra perspectiva con relaci\u00f3n a la mirada que nosotros dirigimos al mundo y a la Iglesia, y que determina nuestra forma de situarnos y de actuar.<\/p>\n<h3><strong>I. Una mirada de peque\u00f1o campesino entre los pobres <\/strong><strong>(1581-1595)<\/strong><\/h3>\n<p>Las primeras miradas de San Vicente sobre el mundo fueron las miradas sobre sus padres, su familia, sus vecinos, su medio. Una mirada de peque\u00f1o campesino pobre sobre los otros vecinos del pueblo de Pouy. Esto le marc\u00f3 profundamente. \u00c9l lo reconocer\u00e1 m\u00e1s tarde: <em>\u00abYo soy <\/em><em>hijo ele <\/em><em>un <\/em><em>labrador que <\/em><em>ha guardado los cerdos y las vacas\u00bb<\/em><span id='easy-footnote-3-9002' class='easy-footnote-margin-adjust'><\/span><span class='easy-footnote'><a href='https:\/\/vincentians.com\/es\/ver-y-discernir-las-llamadas\/#easy-footnote-bottom-3-9002' title='IV, 215'><sup>3<\/sup><\/a><\/span>. Dijo a las Hijas de la Caridad: <em>\u00abOs hablar\u00e9 con mayor <\/em><em>gusto todav\u00eda de las virtudes de las buenas aldeanas a causa del cono<\/em><em>cimiento que de ellas tengo por experiencia y por nacimiento, ya que <\/em><em>soy hijo de un pobre labrador, y he vivido en el campo hasta la de <\/em><em>quince a\u00f1os\u00bb<\/em><span id='easy-footnote-4-9002' class='easy-footnote-margin-adjust'><\/span><span class='easy-footnote'><a href='https:\/\/vincentians.com\/es\/ver-y-discernir-las-llamadas\/#easy-footnote-bottom-4-9002' title='IX, 92'><sup>4<\/sup><\/a><\/span>. Esta mirada \u00abdel interior\u00bb sobre los pobres le marcar\u00e1 hasta el fin de su vida, a pesar de un per\u00edodo de alejamiento.<\/p>\n<p>Tuvo as\u00ed una primera experiencia de la pobreza de su medio de sen\u00adcillos labradores y del humilde trabajo del campo. Esta primera expe\u00adriencia, esta primera mirada de San Vicente es determinante y se referir\u00e1 a ella con frecuencia en sus escritos. No dudar\u00e1 en ponerse del lado de las pobres gentes del campo, sinti\u00e9ndose uno de ellos. Alaba su fe y su valent\u00eda en las pruebas, oponi\u00e9ndose a los misione\u00adros que no quieren sufrir y buscan sus comodidades, sin querer tra\u00adbajar mucho: <em>\u00abEs entre ellos, entre esa pobre gente, donde se conserva la verdadera religi\u00f3n, la fe viva&#8230; pobres vi\u00f1adores que nos dan su tra\u00ad<\/em><em>bajo, que esperan que recemos por ellos, mientras que ellos se fatigan <\/em><em>para alimentarnos&#8230; Buscamos la sombra; no nos gusta salir al sol; \u00a1nos gusta tanto la comodidad! <\/em>En <em>la misi\u00f3n, por lo menos, estamos en <\/em><em>la iglesia, a cubierto de las injurias del tiempo, del ardor del sol, de la <\/em><em>lluvia, a lo que est\u00e1n expuestas esas pobres gentes&#8230;\u00bb<\/em><span id='easy-footnote-5-9002' class='easy-footnote-margin-adjust'><\/span><span class='easy-footnote'><a href='https:\/\/vincentians.com\/es\/ver-y-discernir-las-llamadas\/#easy-footnote-bottom-5-9002' title='XI, 120'><sup>5<\/sup><\/a><\/span>.<\/p>\n<p>A pesar de un per\u00edodo de alejamiento de su medio, como veremos, inmerso entre ellos durante los 14 a\u00f1os pasados en Pouy, siem\u00adpre tendr\u00e1 en cuenta su pertenencia al mundo de los campesinos. Mantendr\u00e1 una profunda simpat\u00eda hacia ellos. Esta experiencia fun\u00addamental, es la que le permiti\u00f3 llegar al interior de los pobres y cier\u00adtamente contribuy\u00f3 a dar a su caridad un gran realismo, su sentido de las necesidades reales de los pobres para los que era necesario encontrar soluciones concretas y eficaces.<\/p>\n<h3><strong>2. El <\/strong><strong>nacimiento de otra mirada sobre el mundo (1595-1617)<\/strong><\/h3>\n<p>Los 14 a\u00f1os pasados en Pouy fueron enriquecedores, pero San Vicente no tendr\u00e1 conciencia de ello hasta m\u00e1s tarde, cuando deci\u00addir\u00e1 consagrarse a los pobres para evangelizarlos y servirlos. Mien\u00adtras tanto, \u00e9l se va a alejar durante 22 a\u00f1os. Y ser\u00e1 ah\u00ed donde va a madurar otra mirada sobre el mundo, que adquirir\u00e1 al contacto con los poderosos, pero m\u00e1s tarde San Vicente sabr\u00e1 sacar provecho de ello para su apostolado.<\/p>\n<p>En 1595, deja la granja familiar y la vida dura de los aldeanos para ir a estudiar en el colegio de Dax, hosped\u00e1ndose con una familia burguesa, en casa del juez de Pouy, el Sr. de Comet. Ah\u00ed comienza un largo per\u00edodo de su vida donde buscar\u00e1 cada vez m\u00e1s salir de su medio para hacer carrera.<\/p>\n<p>La forma m\u00e1s r\u00e1pida de elevarse socialmente para los j\u00f3venes de su medio era el estado eclesi\u00e1stico. Le dirigen en esta v\u00eda. Despu\u00e9s de algunos a\u00f1os de estudios, se ordena sacerdote, a los 19 a\u00f1os, mien\u00adtras sigue sus estudios de teolog\u00eda en la universidad <em>de <\/em>Toulouse.<\/p>\n<p>\u00c9l corre tras la fortuna, con poco \u00e9xito sin embargo. En 1608, entra al servicio de la reina Margarita de Valois, como uno de sus capellanes, para distribuir las limosnas a los pobres. Pero est\u00e1 toda\u00adv\u00eda lejos de la esperada riqueza.<\/p>\n<p>Desconcertado ante el poco \u00e9xito de sus empresas y la falta de sentido de su vida (es sacerdote desde hace 10 a\u00f1os, sin ministerio sacerdotal), viene a ponerse bajo la direcci\u00f3n de Pierre de Berulle, fundador del Oratorio en Francia, que, en Noviembre de 1611, le hace nombrar p\u00e1rroco de Clichy, cerca de Par\u00eds, donde pasar\u00e1 16 meses, feliz <em>en medio de las pobres gentes del campo<\/em><span id='easy-footnote-6-9002' class='easy-footnote-margin-adjust'><\/span><span class='easy-footnote'><a href='https:\/\/vincentians.com\/es\/ver-y-discernir-las-llamadas\/#easy-footnote-bottom-6-9002' title='IX, 580'><sup>6<\/sup><\/a><\/span>.<\/p>\n<p>Pero, Vicente deja esta parroquia y, con la recomendaci\u00f3n de Berulle, entra en 1613 como preceptor en la poderosa familia de Gond\u00ed. Obtiene la confianza de la Se\u00f1ora de Gond\u00ed de la que es tam\u00adbi\u00e9n director espiritual.<\/p>\n<p>Vicente se ha introducido progresivamente en el mundo de los grandes y ricos. A pesar de la ambig\u00fcedad de su carrera \u00e9l busca \u2014el ascenso social\u2014 esta ser\u00e1 para \u00e9l ocasi\u00f3n de madurar otra mirada sobre el mundo. Ve las cosas del lado de los grandes. Encuentra a los pobres con sus nombres, distribuyendo las limosnas de la reina Margarita, o visitando con la Se\u00f1ora de Gond\u00ed a los campesinos que tra\u00adbajaban en sus tierras. Descubre tambi\u00e9n la generosidad de estas personas ricas que ayudan a los pobres con su dinero y a veces los visitan. Esta experiencia le marca en toda su actividad social y pas\u00adtoral, en particular en lo que concierne a las Cofrad\u00edas de la Caridad. \u00c9l toma conciencia de los recursos materiales y morales de este medio.<\/p>\n<p>Despu\u00e9s, en 1617 y hasta su muerte, el Sr. Vicente consagrar\u00e1 todo su tiempo a la evangelizaci\u00f3n y al servicio de los pobres, pero tambi\u00e9n no cesar\u00e1 de mantener contacto con los grandes y de buscar su colaboraci\u00f3n. De 1610 a 1617, Vicente ve de cerca los defectos de los ricos, pero tambi\u00e9n los valores y recursos de este ambiente que sabr\u00e1 orientar hacia el servicio de los pobres. Basta pensar sobre todo en las damas de la Caridad, pertenecientes a la nobleza o la bur\u00adgues\u00eda.<\/p>\n<h3><strong>3. Hacia la madurez de mirada de un ap\u00f3stol (1617)<\/strong><\/h3>\n<p>Las experiencias m\u00e1s fundamentales que van definitivamente a fijar su mirada de ap\u00f3stol de los pobres, las tendr\u00e1 en el a\u00f1o 1617. Deteng\u00e1monos un poco. Esta ser\u00e1 tambi\u00e9n para nosotros una oca\u00adsi\u00f3n de sumergirnos en los or\u00edgenes de la misi\u00f3n popular.<\/p>\n<p><em>a) Folleville y el descubrimiento de la miseria espiritual<\/em><\/p>\n<p>En Enero de 1617, Vicente es preceptor en casa de los Gond\u00ed. Va a Folleville, acompa\u00f1ando a la Se\u00f1ora de Gond\u00ed que visita los pue\u00adblos situados en sus tierras.<\/p>\n<p>Ya conocemos este episodio que es el origen de las misiones populares. Record\u00e9moslo en pocas palabras. El Se\u00f1or Vicente es lla\u00admado a atender a un moribundo en un pueblo vecino a Gannes. \u00c9l recibe su confesi\u00f3n. Es un acontecimiento que podr\u00eda ser banal para un sacerdote. Pero, enseguida, este anciano confiesa: <em>los graves peca<\/em><em>dos de su vida pasada ante <\/em>la Sra. Gond\u00ed, como cuenta San Vicente a los misioneros. Esta dama se alarma. <em>\u00a1Ah! Si <\/em><em>este <\/em><em>hombre <\/em><em>que <\/em><em>pasaba <\/em><em>por hombre de <\/em><em>bien, estaba en estado <\/em><em>de condenaci\u00f3n, \u00bfqu\u00e9 ocurrir\u00e1 <\/em><em>con los <\/em><em>dem\u00e1s <\/em><em>que viven <\/em><em>tan mal? ;Ay! P. Vicente, cuantas almas <\/em><em>se <\/em><em>pierden! \u00bf<\/em><em>Qu\u00e9 remedio <\/em><em>podemos <\/em><em>poner?<\/em><span id='easy-footnote-7-9002' class='easy-footnote-margin-adjust'><\/span><span class='easy-footnote'><a href='https:\/\/vincentians.com\/es\/ver-y-discernir-las-llamadas\/#easy-footnote-bottom-7-9002' title='XI, 4'><sup>7<\/sup><\/a><\/span>. Y la Sra. de Gond\u00ed pidi\u00f3 al Sr. Vicente que predicara en la Iglesia de Folleville sobre el tema de la confesi\u00f3n general, cuyo resultado fue que la gente, movidos se presentaran a hacer su confesi\u00f3n. Har\u00e1 lo mismo los d\u00edas siguientes en los pueblos vecinos.<\/p>\n<p>El Sr. Vicente se dej\u00f3 interpelar por la reacci\u00f3n masiva de la parroquia de Folleville a su predicaci\u00f3n improvisada sobre la confesi\u00f3n general, tanto como por la confesi\u00f3n del campesino de Gannes. Cae inmediatamente en la cuenta de que las pobres gentes del campo est\u00e1n abandonadas por la Iglesia y que es necesario un sacerdote, un serm\u00f3n para suscitar entre ellos una respuesta inesperada de conversi\u00f3n. <em>Todas <\/em><em>aquellas buenas <\/em><em>gentes, cuenta, se vieron tan tocadas de <\/em><em>Dios, que acudieron todos&#8230; Pero fueron tantos los que acudieron que, <\/em><em>no <\/em><em>pudiendo atenderles junto con otro <\/em><em>sacerdote que <\/em><em>me <\/em><em>ayudaba, la se\u00f1ora esposa <\/em><em>del general <\/em><em>rog\u00f3 a los padres jesuitas de Amiens que <\/em><em>vinieran<\/em><span id='easy-footnote-8-9002' class='easy-footnote-margin-adjust'><\/span><span class='easy-footnote'><a href='https:\/\/vincentians.com\/es\/ver-y-discernir-las-llamadas\/#easy-footnote-bottom-8-9002' title='XI 700'><sup>8<\/sup><\/a><\/span>.<\/p>\n<p>Este descubrimiento conmovedor de las inmensas necesidades espirituales de la pobre gente del campo, y de su abandono por parte de la Iglesia, fue para Vicente la revelaci\u00f3n de un desaf\u00edo y de una fuerte llamada. En adelante continuar\u00e1 el apostolado comenzado con tanto \u00e9xito en Folleville.<\/p>\n<p>Ahora, su mirada no se centra ya sobre s\u00ed mismo, o sobre su \u00e9xito social o su familia. Est\u00e1 definitivamente centrado en las pobres gentes del campo y sus necesidades espirituales. Por ello, algunos meses despu\u00e9s de la experiencia de Folleville, deja secretamente a los Gond\u00ed y toda idea de promoci\u00f3n personal para ir a Chatill\u00f3n, a fin de ser libre de toda coacci\u00f3n para predicar y administrar los sacramentos. Chatill\u00f3n le revelar\u00e1 otra dimensi\u00f3n de su vocaci\u00f3n.<\/p>\n<p>b) <em>Chatill\u00f3n <\/em><em>y el redescubrimiento de <\/em><em>la miseria material<\/em><\/p>\n<p>El Sr. Vicente llega el primero de agosto de 1617 a Chatill\u00f3n, una parroquia rural de 2.000 habitantes, muy dejada. Veinte d\u00edas despu\u00e9s de su llegada, tiene lugar el otro acontecimiento que le va a impactar como el de Folleville y a trav\u00e9s del cual Dios va todav\u00eda a hablarle. Por \u00e9l descubrir\u00e1 lo que se convertir\u00e1 en uno de los componentes de la misi\u00f3n, el servicio de los pobres por la Cofrad\u00eda de la Caridad. Ya se conoce el episodio. Antes de la predicaci\u00f3n, <em>me vinieron a <\/em><em>decirme <\/em><em>que hab\u00eda un pobre hombre enfermo y muy mal atendido en una pobre <\/em><em>casa <\/em><em>de <\/em><em>campo&#8230; lleno de gran compasi\u00f3n, lo recomend\u00e9 con tanto <\/em><em>inter\u00e9s y con tal sentimiento que todas las se\u00f1oras se vieron impresio<\/em><em>nadas<\/em><span id='easy-footnote-9-9002' class='easy-footnote-margin-adjust'><\/span><span class='easy-footnote'><a href='https:\/\/vincentians.com\/es\/ver-y-discernir-las-llamadas\/#easy-footnote-bottom-9-9002' title='IX, 202'><sup>9<\/sup><\/a><\/span>. Se apresuraron todas a socorrerle. Para remediar la ineficacia debida a falta de organizaci\u00f3n de su generosidad, San Vicente les constituye en Cofrad\u00eda de la Caridad para asistir a los pobres que <em>a veces han tenido que sufrir mucho m\u00e1s bien por falta de orden y de organizaci\u00f3n que porque no hubiera personas caritativas<\/em><span id='easy-footnote-10-9002' class='easy-footnote-margin-adjust'><\/span><span class='easy-footnote'><a href='https:\/\/vincentians.com\/es\/ver-y-discernir-las-llamadas\/#easy-footnote-bottom-10-9002' title='primer reglamento de la Cofrad\u00eda de la Caridad de Chanfl\u00f3n X, 574'><sup>10<\/sup><\/a><\/span>.<\/p>\n<p>En Chatill\u00f3n el Sr. Vicente toma conciencia de dos realidades que marcar\u00e1n profundamente su acci\u00f3n.<\/p>\n<ol>\n<li>La intervenci\u00f3n eficaz para la mejora de las condiciones de vida de los pobres debe de ir a la par con la evangelizaci\u00f3n. No se pueden separar.<\/li>\n<li>El puesto de capital importancia, la funci\u00f3n irremplazable de los laicos, tanto en el plan de la evangelizaci\u00f3n como del servicio corporal y de la promoci\u00f3n de los pobres.<\/li>\n<\/ol>\n<p>En Folleville, el Sr. Vicente hab\u00eda sido fuertemente impresionado por la miseria <em>espiritual <\/em>de los pobres, que est\u00e1n abandonados por la Iglesia, por los sacerdotes. En Chanfl\u00f3n, es interpelado por la miseria <em>material <\/em>de los pobres que est\u00e1n abandonados por la sociedad, as\u00ed como por la Iglesia, a la que le concierne directamente esta cuesti\u00f3n y no puede limitarse a la sola dimensi\u00f3n espiritual de su ministerio. En adelante, volver\u00e1n constantemente sobre sus labios los dos adverbios: <em>espiritual y corporalmente, <\/em>que para \u00e9l son inseparables y que encontramos en el primer reglamento de la Cofrad\u00eda de la Caridad de Chatill\u00f3n: algunas damas de la villa <em>han <\/em><em>decidido <\/em><em>reunirse para asistir <\/em><em>espiritual y corporalmente a las personas de su ciudad<\/em><span id='easy-footnote-11-9002' class='easy-footnote-margin-adjust'><\/span><span class='easy-footnote'><a href='https:\/\/vincentians.com\/es\/ver-y-discernir-las-llamadas\/#easy-footnote-bottom-11-9002' title='X, 574'><sup>11<\/sup><\/a><\/span>. Este reglamento de la primera fundaci\u00f3n del Sr. Vicente conten\u00eda ya en germen todo lo que caracterizar\u00e1 despu\u00e9s su acci\u00f3n caritativa y social. Encontramos en particular su asombroso sentido de la organizaci\u00f3n, as\u00ed como su respeto de la dignidad de la persona del pobre, que debe ser tratado con delicadeza.<\/p>\n<p>Este a\u00f1o 1617 ha sido pues decisivo para San Vicente. A comienzos de Enero, estaba todav\u00eda dudando en cuanto a la orientaci\u00f3n que deb\u00eda dar a su vida. He aqu\u00ed decidido a consagrar el resto de su existencia a la evangelizaci\u00f3n y al socorro material de los pobres de los que ha sabido detectar sus verdaderas necesidades a trav\u00e9s de las experiencias fundamentales de Folleville y Chanfl\u00f3n.<\/p>\n<h3><strong>4. <\/strong><strong>\u00bfCual es mi mirada sobre el mundo?<\/strong><\/h3>\n<p>Esta es, a grandes rasgos, la historia de la mirada de San Vicente, con sus etapas y su desarrollo. Vamos ahora a reflexionar un instante sobre nuestra propia mirada y su evoluci\u00f3n.<\/p>\n<p><em>a) Un primer punto <\/em><em>de <\/em><em>vista heredado del medio familiar<\/em><\/p>\n<p>San Vicente, como cada uno de nosotros, hered\u00f3 de su medio familiar una cierta manera de ver el mundo. \u00c9l no lo eligi\u00f3. Este punto de vista ser\u00e1 fundamental para \u00e9l. incluso si se completar\u00e1 con otros puntos de vista despu\u00e9s. Pensemos un momento en este sentido, que nos es propio a cada uno y que se ha formado en el medio familiar y social de nuestros primeros a\u00f1os. \u00c9l constituye general\u00admente una experiencia determinante, donde hemos aprendido a ver las cosas bajo un cierto \u00e1ngulo. A veces, es una mirada a convertir, puede ser objeto de limites y de prejuicios de un medio. Nos marca ciertamente todav\u00eda hoy. Debemos ser conscientes de ello.<\/p>\n<p><em>b) <\/em><em>Despu\u00e9s, viene otro punto de vista que le completa<\/em><\/p>\n<p>San Vicente tom\u00f3 cierta distancia con referencia a su medio para tratar de entrar en otro, buscando hacer carrera. Sin embargo, a pesar de la ambig\u00fcedad de este camino, esto le permite descubrir otro punto de vista sobre el mundo, el de los grandes. \u00c9l vio, cierto, sus defectos, pero tambi\u00e9n, tom\u00f3 conciencia de sus recursos mate\u00adriales y morales y de su generosidad. \u00c9l sabr\u00e1 comprenderlos, hablar\u00adles y obtener su colaboraci\u00f3n para el servicio de los pobres. Es bueno para nosotros tomar conciencia de otros puntos de vista a partir de los cuales miramos el mundo, del hecho de nuestras experiencias ulteriores, y que tambi\u00e9n han contribuido a formar nuestra mirada actual sobre el mundo.<\/p>\n<p><em>c) <\/em><em>Un punto de vista fundamental<\/em><\/p>\n<p>Folleville y Chatill\u00f3n fueron experiencias determinantes para San Vicente, en el curso de las cuales se form\u00f3 una mirada de ap\u00f3stol, centr\u00f3 definitivamente su mirada sobre los pobres en sus necesidades espirituales y materiales. Tal es el punto de vista a partir del cual en adelante iba a mirar y comprender el mundo. Cada uno de nosotros puede preguntarse cual es hoy su punto de vista fundamental desde donde mira el mundo y si verdaderamente es Vicenciano.<\/p>\n<p>San Vicente desarroll\u00f3 una mirada de ap\u00f3stol que le permiti\u00f3 comprender los grandes desaf\u00edos de su tiempo y le orient\u00f3 hacia solu\u00adciones concretas y eficaces. Reflexionando sobre su experiencia, nosotros podemos preguntarnos cu\u00e1les han sido las etapas que hemos seguido para discernir los desaf\u00edos.<\/p>\n<h2><strong>II. \u00bfQu\u00e9 camino sigui\u00f3 San Vicente para discernir <\/strong><strong>los desaf\u00edos de su \u00e9poca?<\/strong><\/h2>\n<p>La percepci\u00f3n de los desaf\u00edos de una \u00e9poca es un camino com\u00adplejo, que se sit\u00faa en numerosos niveles. Est\u00e1 lejos de ser puramente intelectual. San Vicente no comenz\u00f3 por leer sabios informes, que, por otra parte, sab\u00eda su utilidad, as\u00ed como sus l\u00edmites, como lo vemos en su carta ya citada al Papa Inocencio X; <em>Es poca cosa o\u00edr y leer estas <\/em><em>cosas; ser\u00eda menester verlas hoy comprobarlas con los propios ojos <\/em>(IV, 427). Incluso si hoy d\u00eda, las encuestas y los informes pueden ser muy \u00fatiles, no son suficientes para hacernos percibir los desaf\u00edos del mundo actual, o al menos, no son los primeros. \u00bfCu\u00e1l fue el camino de San Vicente y cu\u00e1l podr\u00eda ser el nuestro?<\/p>\n<h3><strong>1. Experimentar ciertas experiencias interpelantes<\/strong><\/h3>\n<p>Reflexionemos sobre lo que fue decisivo para San Vicente en su toma de conciencia de los grandes desaf\u00edos de su tiempo. Conviene se\u00f1alar ante todo que, durante numerosos a\u00f1os, la miseria material y espiritual del pobre pueblo, aunque la conoc\u00eda de cerca, no hab\u00eda constituido para el un desafio. Estuvo inmerso en la pobreza durante los primeros 14 a\u00f1os de su vida y la sufri\u00f3. Despu\u00e9s, quiso salir y durante unos 22 \u00f1os busc\u00f3 alejarse. Pero esta experiencia vivida de la pobreza no se transform\u00f3 en \u00e9l en una toma de conciencia de un desaf\u00edo con que enfrentarse. Por otra parte, durante todos esos a\u00f1os, no busc\u00f3 rechazarla, sino salir de ella \u00e9l y su familia. La raz\u00f3n de esto es que todav\u00eda estaba centrado sobre s\u00ed mismo y en su familia, como complemento de s\u00ed mismo.<\/p>\n<p>Para tomar conciencia de los desaf\u00edos de su tiempo, ser\u00e1 nece\u00adsario que San Vicente pase por las fuertes experiencias que ser\u00e1n el conjunto: a) de algunos acontecimientos importantes, y <em>b) <\/em>una aper\u00adtura de coraz\u00f3n para ser sensible, apertura al pr\u00f3jimo as\u00ed como a Dios y a su voluntad sobre \u00e9l. Su coraz\u00f3n vibrar\u00e1, entonces ser\u00e1 impactado profundamente. Sentir\u00e1 una gran compasi\u00f3n ante tanta miseria (IX, 202), como dir\u00e1 en numerosas ocasiones, y se sentir\u00e1 al mismo tiempo interpelado personalmente, llamado a hacer algo por socorrerles, de manera que esto cambia el curso de su vida. En efecto, ante todo sufrimiento corporal y espiritual, se sentir\u00e1 pose\u00eddo por la caridad del mismo Cristo, que mora en \u00e9l y que \u00abtrabaja\u00bb en su coraz\u00f3n.<\/p>\n<p><em>\u00abLa caridad, dice a sus misioneros, consiste en no ver sufrir a <\/em><em>nadie sin sufrir con \u00e9l, no ver llorar a nadie sin llorar con \u00e9l. Se trata <\/em><em>de un acto de amor que hace entrar a los corazones unos en otros para <\/em><em>que sientan lo mismo, lejos de aquellos que no sienten ninguna pena <\/em><em>por el dolor de los afligidos ni por el sufrimiento de los pobres. \u00a1Que <\/em><em>cari\u00f1oso era el Hijo de Dios! Le llaman para que vaya a ver a L\u00e1zaro; y va; (&#8230;1 Se pone a llorar con ellos, lleno de ternura y compasi\u00f3n. Es ese cari\u00f1o es el que lo hizo venir del cielo; ve\u00eda a los hombres privados de su gloria y se sinti\u00f3 afectado por su desgracia\u00bb <\/em>(XI, 560). Sabemos que este amor, en San Vicente, no ser\u00e1 solamente afectivo, sino efec\u00adtivo, concreto, eficaz e inventivo para aliviar todos los sufrimientos y para llevar la buena nueva de salvaci\u00f3n.<\/p>\n<p>Es esta apertura de coraz\u00f3n al pr\u00f3jimo y a Dios la que le hace capaz de leer los acontecimiento y de comprender la llamada de Dios. Entonces comprender\u00e1 los verdaderos desaf\u00edos de la sociedad y de la Iglesia, al mismo tiempo, \u00e9l descubrir\u00e1 que pod\u00eda actuar para aportar una soluci\u00f3n eficaz. Estas experiencias fundamentales, que provocan fuertes tomas de conciencia en San Vicente son principal\u00admente:<\/p>\n<ul>\n<li>el encuentro del aldeano de Gannes y las misiones de gran \u00e9xito que le siguieron;<\/li>\n<li>el encuentro de un pobre enfermo en Chatill\u00f3n y la formaci\u00f3n de la primera Cofrad\u00eda de la Caridad; a las que se podr\u00eda a\u00f1adir;<\/li>\n<li>el encuentro con el protestante de Marchais que le echa en cara que la Iglesia Cat\u00f3lica no puede estar dirigida por el Esp\u00edritu Santo, ya que los pobres est\u00e1n abandonados; y despu\u00e9s, un a\u00f1o despu\u00e9s, la conversi\u00f3n de este mismo protestante cuando vio en el curso de una misi\u00f3n que los pobres eran evangelizados.<\/li>\n<\/ul>\n<p>Despu\u00e9s de estas experiencias fundamentales, San Vicente estuvo siempre muy atento a los signos de Dios que habla, sin cesar, de nuevo, por medio de los acontecimientos. Los encuentros de nuevas formas de pobreza ser\u00e1n para \u00e9l llamadas urgentes a responder a un desaf\u00edo, buscando dar soluciones con sus diversas fundaciones: las Cofrad\u00edas de la Caridad, la Congregaci\u00f3n de la Misi\u00f3n y las Hijas de la Caridad. As\u00ed, el encuentro con los galeotes, los enfermos en los hospitales, los ni\u00f1os abandonados, los ancianos, los refugiados de las guerras, los cat\u00f3licos perseguidos en Irlanda y en las H\u00e9bridas, etc.<\/p>\n<p>En un segundo tiempo, la relectura <em>de <\/em>la experiencia, a la luz de la palabra de Dios, permitir\u00e1 a San Vicente prohmdizar en la comprensi\u00f3n de la realidad y confirmar el discernimiento de las llamadas de Dios. Este ser\u00e1 mi segundo punto.<\/p>\n<h3><strong>2. Releer los acontecimientos a la luz de la palabra <\/strong><em>de <\/em><strong>Dios<\/strong><\/h3>\n<p><em>a) <\/em>Fue en una relectura del acontecimientos de Gannes-Folleville a la luz del Evangelio, especialmente de Lc 4,17-22, como comprendi\u00f3 la profundidad de la llamada que le ha sido lanzada. Esta le sit\u00faa en la misma l\u00ednea que la misi\u00f3n de Jes\u00fas que, de vuelta en Nazaret, al comienzo de su vida p\u00fablica, leh en la sinagoga un texto del profeta Isa\u00edas: <em>\u00abEl esp\u00edritu del Se\u00f1or est\u00e1 sobre nz\u00ed porque <\/em><strong><em>me ha <\/em><\/strong><strong><em>enviado a llevar la buena noticia a los pobres, <\/em><\/strong><em>anunciar a los cau<\/em><em>tivos la liberaci\u00f3n y a los ciegos el retorno a la vista, llevar a los opri<\/em><em>midos la <\/em><em>liberaci\u00f3n, <\/em><em>proclamar un a\u00f1o de gracia del Se\u00f1or. Jes\u00fas cerr\u00f3 <\/em><em>el libro, lo entreg\u00f3 a los sirvientas y se sent\u00f3. Todos, en la sinagoga, ten\u00edan los ojos fijos en \u00e9l. Entonces comenz\u00f3 a decirles: &#8216;hoy&#8217;, se realiza <\/em><em>lo que <\/em><em>hab\u00e9is <\/em><em>o\u00eddo en este pasaje de la Escritura\u00bb.<\/em><\/p>\n<p>Despu\u00e9s de la experiencia de Folleville, fue este texto del Evangelio que afirma que Jes\u00fas vino a evangelizar a los pobres, el que confirm\u00f3 a San Vicente en su llamada a evangelizados. Vio claramente que anunciar a los pobres la buena nueva de la salvaci\u00f3n le sit\u00faa en el coraz\u00f3n del Evangelio y en el seguimiento de la misi\u00f3n de Jes\u00fas. Este es el desaf\u00edo que Dios le propone, en el seguimiento de Jes\u00fas. En adelante \u00e9l tendr\u00e1 los ojos y el coraz\u00f3n abiertos para acoger y discernir las diversas necesidades espirituales de los pobres y darles respuesta.<\/p>\n<p>b) Otro texto del Evangelio ayudar\u00e1 a San Vicente a releer y a comprender en profundidad el acontecimiento de Chatill\u00f3n y el de la fundaci\u00f3n de la primera Cofrad\u00eda de la caridad. Este le permitir\u00e1, al mismo tienipo dar una mirada m\u00e1s profunda al pobre hasta el punto de ver la presencia del mismo Cristo en \u00e9l, es la par\u00e1bola del Juicio final (Mt 25,31-46). <em>Entonces el rey dir\u00e1 a los de su derecha: venid ben<\/em><em>ditos de mi Padre&#8230; Pues tuve <\/em><em>hambre y <\/em><em>me dist\u00e9is de comer, tuve sed <\/em><em>y me dist\u00e9is de <\/em><em>beber, <\/em><em>era extranjero y me acogisteis, desnudo y me ves<\/em><em>tisteis, enfermo y me vinisteis a visitar, prisionero y vinisteis a verme&#8230; <\/em><em>En verdad, os digo, en la medida en que lo hab\u00e9is hecho a uno de estos <\/em><em>los m\u00e1s <\/em><em>peque\u00f1os <\/em><em>de mis hertnanos, conmigo lo hicisteis. <\/em>Este texto pone una luz viva sobre el acontecimiento de Chatill\u00f3n y le confirma en su llamada a aliviar todo sufrimiento, ya que, tambi\u00e9n, es Jes\u00fas quien encuentra y alivia en la persona de los pobres y de los que sufren.<\/p>\n<p>As\u00ed San Vicente podr\u00e1 decir: <em>Dadle <\/em><em>la vuelta a la medalla y ver\u00e9is <\/em><em>con las luces de la fe <\/em><em>que <\/em><em>son <\/em><em>\u00e9sos los que <\/em><em>nos representan al Hijo de <\/em><em>Dios, que quiso <\/em><em>ser pobre; [&#8230;] <\/em><em>\u00a1Dios <\/em><em>m\u00ed&amp; <\/em><em>\u00a1Qu\u00e9 hermoso <\/em><em>ser\u00eda ver a los pobres, consider\u00e1ndolos en <\/em><em>Dios y <\/em><em>en el aprecio en que los tuvo Jesu<\/em><em>cristo <\/em>(XI, 725).<\/p>\n<h3><strong>3. \u00bfY para nosotros ahora?<\/strong><\/h3>\n<p>\u00bfCu\u00e1les son las experiencias interpelantes que yo he tenido y que me han abierto los ojos ante los grandes desaf\u00edos de hoy en el plan de la evangelizaci\u00f3n? \u00bfEs que la palabra de Dios me ayuda a comprender y a profundizar m\u00e1s? \u00bfCu\u00e1les son mis textos clave?<\/p>\n<h2><strong>III. Los grandes desaf\u00edos a los que San Vicente <\/strong><strong>se enfrenta<\/strong><\/h2>\n<p>San Vicente pudo comprometerse y comprometer sus diversas fundaciones (Cofrad\u00edas de la Caridad, Congregaci\u00f3n de la Misi\u00f3n e Hijas de la C,aridad) en acciones apost\u00f3licas que tuvieron una profunda incidencia en la vida social y eclesial de su tiempo porque \u00e9l supo ver y discernir con claridad los desaf\u00edos de su \u00e9poca y las llamadas de Dios contenidas en ellos. <em>\u00c9l ha <\/em><em>cambiado <\/em><em>casi la faz de la Iglesia, <\/em>dir\u00e1 Henri de Maupas du Tour en la homil\u00eda del funeral de San Vicente, saber mirar y comprender las situaciones globales y situar lo que est\u00e1 en juego, los grandes desaf\u00edos con que enfrentarse. Deseo evocar ahora brevemente 4 de los grandes desaf\u00edos que San Vicente discerni\u00f3 y que est\u00e1n en l\u00ednea con las misiones. Esto nos podr\u00e1 ayudar y estimular en la b\u00fasqueda de los de nuestro tiempo y de nuestra regi\u00f3n del mundo.<\/p>\n<h3><strong>1. Desafio de la miseria espiritual de las pobres gentes del campo<\/strong><\/h3>\n<p>La gente del campo perece de hambre de la palabra de Dios, seg\u00fan la bella y pat\u00e9tica expresi\u00f3n de San Vicente. \u00c9l ha tomado conciencia de esta miseria en Folleville.<\/p>\n<p>a) \u00c9l descubre tambi\u00e9n que <strong>la Iglesia les ha abandonado: <\/strong>los habitantes de las ciudades de este reino, escribe, tienen sus necesidades espirituales provistas de gran n\u00famero de doctores y religiosos&#8230; pero entre tanto el pobre pueblo de los campos est\u00e1 s\u00f3lo y como abandonado<span id='easy-footnote-12-9002' class='easy-footnote-margin-adjust'><\/span><span class='easy-footnote'><a href='https:\/\/vincentians.com\/es\/ver-y-discernir-las-llamadas\/#easy-footnote-bottom-12-9002' title='Contrato de Fundaci\u00f3n X, 237'><sup>12<\/sup><\/a><\/span>.<\/p>\n<p>Ten\u00eda raz\u00f3n el protestante encontrado por San Vicente en Mar\u00adchais en 1621 que le objet\u00f3: se ve a los cat\u00f3licos del campo abando\u00adnados en manos de unos pastores viciosos e ignorantes, que no cono\u00adcen sus obligaciones y que no saben siquiera lo que es la religi\u00f3n cris\u00adtiana; y por otra parte se ven las ciudades llenas de sacerdotes y de frailes sin hacer nada; puede ser que en Par\u00eds haya hasta diez mil, mientras que esas pobres gentes del campo se encuentran en una igno\u00adrancia espantosa, por la que se pierden<span id='easy-footnote-13-9002' class='easy-footnote-margin-adjust'><\/span><span class='easy-footnote'><a href='https:\/\/vincentians.com\/es\/ver-y-discernir-las-llamadas\/#easy-footnote-bottom-13-9002' title='XI, 727'><sup>13<\/sup><\/a><\/span>. Este mismo protes\u00adtante vuelve a la Iglesia Cat\u00f3lica cuando vio, un a\u00f1o m\u00e1s tarde, en el curso de una misi\u00f3n dada por San Vicente que los pobres son evangelizados.<\/p>\n<p>b) Las pobres gentes del campo est\u00e1n en una <strong>ignorancia pro\u00ad<\/strong><strong>funda de su fe, <\/strong>estima San Vicente, que dice con compasi\u00f3n: Son pobres gentes que vienen a confesarse, toscos, ignorantes, tan cerrados y, por as\u00ed decirlo, tan animales, que no saben cu\u00e1ntos dioses hay ni cu\u00e1ntas personas en Dios; aunque se lo dig\u00e1is cincuenta veces, al final seguir\u00e1n siendo tan ignorantes como al principio<span id='easy-footnote-14-9002' class='easy-footnote-margin-adjust'><\/span><span class='easy-footnote'><a href='https:\/\/vincentians.com\/es\/ver-y-discernir-las-llamadas\/#easy-footnote-bottom-14-9002' title='XI, 588-589'><sup>14<\/sup><\/a><\/span>.<\/p>\n<p>La situaci\u00f3n es seria un poco por toda Europa. As\u00ed en Niolo en C\u00f3rcega, Etienne Blatir\u00f3n escribe: \u00ab<em>No encontramos all\u00ed casi m\u00e1s res\u00adtos de la fe que su afirmaci\u00f3n de que estaban bautizados y que hab\u00eda algunas iglesias, aunque muy mal conservadas. Ten\u00edan una ignorancia tan grande de las cosas de su salvaci\u00f3nque apenas se habr\u00edan podido encontrar a cien personas que supiesen los mandamiento de Dios y el s\u00edmbolo de los ap\u00f3stoles. Preguntarles si habla un solo Dios o si hab\u00eda varios, y cu\u00e1l de las tres divinas personas se hab\u00eda hecho hombre por nosotros era hablarles en \u00e1rabe<\/em>\u00ab<span id='easy-footnote-15-9002' class='easy-footnote-margin-adjust'><\/span><span class='easy-footnote'><a href='https:\/\/vincentians.com\/es\/ver-y-discernir-las-llamadas\/#easy-footnote-bottom-15-9002' title='IV, 386'><sup>15<\/sup><\/a><\/span>. En las Islas H\u00e9bridas, Der\u00admont Duiguin describe as\u00ed la situaci\u00f3n en la islas del Egga y de Canna: \u00ab<em>Dios ha convertido unas 800 \u00f3 900 personas, que estaban tan poco instruidas en las cosas que conciernen a nuestra religi\u00f3n que ni siquiera habr\u00eda unas quince que conocieran los misterios de la fe cris\u00adtiana&#8230; Me he encontrado con treinta o cuarenta personas de sesenta, ochenta y hasta cien a\u00f1os y m\u00e1s que no hab\u00edan recibido el santo bau\u00adtismo<\/em>\u00ab<span id='easy-footnote-16-9002' class='easy-footnote-margin-adjust'><\/span><span class='easy-footnote'><a href='https:\/\/vincentians.com\/es\/ver-y-discernir-las-llamadas\/#easy-footnote-bottom-16-9002' title='IV, 476'><sup>16<\/sup><\/a><\/span>. Las relaciones de la misi\u00f3n est\u00e1n llenas de estas des\u00adcripciones de la situaci\u00f3n deplorable de las gentes del campo. San Vicente estima que su salvaci\u00f3n eterna est\u00e1 en peligro.<\/p>\n<p>c) Adem\u00e1s, de mal instruidos en su fe, <strong><em>muchos se pasaban al <\/em><\/strong><strong><em>protestantismo. <\/em><\/strong>\u00c9ste dominaba en los pa\u00edses de la Europa del Norte. Se extiende sin cesar en Francia, con sacerdotes poco capaces y poco preocupados de dar una ense\u00f1anza de calidad a sus feligreses. Las gentes son cada vez m\u00e1s sensibles a las palabras de los ministros protestantes que son con frecuencia celosos y les explican el Evan\u00adgelio. San Vicente escribe al hablar de Champigny cerca de Riche\u00adlieu, donde se ha dado una misi\u00f3n: \u00ab<em>\u00a1Oh Se\u00f1or, cu\u00e1ntas necesidades espirituales en ese pa\u00eds, donde hay muchos herejes, por no haber o\u00eddo hablar de Dios, seg\u00fan dicen, en la Iglesia de los cat\u00f3licos!<\/em>\u00ab<span id='easy-footnote-17-9002' class='easy-footnote-margin-adjust'><\/span><span class='easy-footnote'><a href='https:\/\/vincentians.com\/es\/ver-y-discernir-las-llamadas\/#easy-footnote-bottom-17-9002' title='I, 427'><sup>17<\/sup><\/a><\/span>.<\/p>\n<p>El gran remedio inventado por San Vicente, lo sabemos, son las misiones parroquiales. los misioneros van al encuentro de las pobla\u00adciones rurales abandonadas y les ofrecen una catequesis fundamen\u00adtal, adaptada a su nivel, en la que se proclaman los principales aspectos de la fe. Insisten en particular sobre los misterios de la Tri\u00adnidad, la Encarnaci\u00f3n y de la Eucarist\u00eda, que San Vicente hizo repre\u00adsentar sobre un frontispicio de las Reglas Comunes. Es esta procla\u00admaci\u00f3n de la fe por el \u00abcatecismo\u00bb lo que, a los ojos de San Vicente, es lo m\u00e1s \u00fatil para el pueblo. Tendremos ocasi\u00f3n de volver sobre esto otro d\u00eda.<\/p>\n<h3><strong>2. Desaf\u00edos de comportamiento en contradicci\u00f3n con el <\/strong><strong>Evangelio<\/strong><\/h3>\n<p>Los des\u00f3rdenes morales en la vida personal, familiar y social abundan con frecuencia entre los cristianos, que concretamente viven lejos del Evangelio. Este foso entre una fe cristiana profesada y una vida en contradicci\u00f3n con el evangelio es un desafio que San Vicente y los misioneros discernieron con claridad y al que intenta\u00adron aportar una soluci\u00f3n en el curso de las misiones. Tomar\u00e9 prin\u00adcipalmente el ejemplo de las relaciones interpersonales.<\/p>\n<p><em>a) Relaciones interpersonales rotas<\/em><\/p>\n<p>La desuni\u00f3n entre las gentes cualquiera que sea la forma, era uno de los males muy frecuentes en las familias como en las comu\u00adnidades de los pueblos o parroquias. Es interesante se\u00f1alar que San Vicente y sus misioneros fueron muy sensibles en este punto pues representa una contradicci\u00f3n evidente con el mensaje evang\u00e9lico que Jes\u00fas nos propone. Este ser\u00e1 uno de los objetivos principales que intentar\u00e1 remediar las misiones. Encontramos en los relatos de misi\u00f3n numerosas descripciones de relaciones rotas y de esfuerzos de los misioneros para restablecerlas, a fin de construir una comunidad familiar, ciudadana y parroquial donde exista la caridad concreta digna de verdaderos cristianos.<\/p>\n<p>Odios tenaces, venganzas, apropiaci\u00f3n injusta de bienes de los dem\u00e1s, procesos frecuentes por todo y envenenamiento de la vida de las familias y de los pueblos: Citemos un ejemplo, entre los m\u00e1s significativos, sacado del informe de la misi\u00f3n de Niolo, en C\u00f3rcega: <em><strong>la venganza era tan corriente que los ni\u00f1os aprend\u00edan antes a vengarse de la menor ofensa que a andar o a hablar, no serv\u00eda de nada predicarles lo contrario, ya que el ejemplo de sus mayores y los malos consejos de sus propios padres relativos a este vicio hab\u00edan echado tan profundas ra\u00edces en sus esp\u00edritus que no eran capaces de convencerse de lo contrario<\/strong><\/em><span id='easy-footnote-18-9002' class='easy-footnote-margin-adjust'><\/span><span class='easy-footnote'><a href='https:\/\/vincentians.com\/es\/ver-y-discernir-las-llamadas\/#easy-footnote-bottom-18-9002' title='IV, 386'><sup>18<\/sup><\/a><\/span>.<\/p>\n<p>Ante este tipo de problemas, los misioneros hicieron lo que dicen las reglas Comunes que fijan como objetivo durante las misiones <em><strong>el arreglar las disputas y las desavenencias<\/strong><\/em><span id='easy-footnote-19-9002' class='easy-footnote-margin-adjust'><\/span><span class='easy-footnote'><a href='https:\/\/vincentians.com\/es\/ver-y-discernir-las-llamadas\/#easy-footnote-bottom-19-9002' title='R.C. 2'><sup>19<\/sup><\/a><\/span>. En efecto: <em><strong>Nosotros hemos sido establecidos para reconciliar a los hombres con Dios y los hombres con los hombres<\/strong><\/em>, dice San Vicente.<\/p>\n<p>Los misioneros se quieren consagrar con celo a este ministerio de reconciliaci\u00f3n interpersonal y comunitaria. Lo har\u00e1n poniendo en la predicaci\u00f3n gran \u00e9nfasis sobre este tema y con gran cercan\u00eda a las personas a quienes concern\u00eda para que se reconciliaran, se perdonar\u00e1n mutuamente y se restituyeran los bienes mal adquiridos. Entre los numerosos casos pongamos un ejemplo sacado de la relaci\u00f3n de la misi\u00f3n de Niolo: <em><strong>Finalmente el d\u00eda anterior a la Comuni\u00f3n general, al acabar la predicaci\u00f3n, despu\u00e9s de haber exhortado expresamente al pueblo al perd\u00f3n. Dios me inspird que tomara en la mano el crucifijo que llevaba sobre m\u00ed y que les dijera que quienes estuvieran dispuestos a perdonar vinieran a besarlo; adem\u00e1s, de parte de Nuestro Se\u00f1or, que les tend\u00eda sus brazos les dije que los que besasen ese crucifijo dar\u00edan una se\u00f1al de que quer\u00edan perdonar y de que estaban dispuestos a reconciliarse con sus enemigos.<\/strong><\/em>(De hecho, nadie se movi\u00f3, pero un franciscano presente en la iglesia les interpel\u00f3 de nuevo). <em>(&#8230;) Uno de los p\u00e1rrocos a quien le hab\u00edan matado un sobrino, cuyo asesino estaba presente en el serm\u00f3n, vino a postrarse en tierra y pidi\u00f3 que le diera a besar el crucifijo, diciendo al mismo tiempo: Que se acerque fulano (era el asesino de su sobrino) y le dar\u00e9 un abrazo. Despu\u00e9s de haberle, hecho as\u00ed, se acerc\u00f3 otro sacerdote e hizo lo mismo con algunos de sus enemigos que estaban presentes; a aquellos dos les sigui\u00f3 una gran muchedumbre de otras personas, de forma que durante una hora y media no se vio otra cosa m\u00e1s que reconciliaciones y abrazos; y para mayor seguridad, las cosas m\u00e1s importantes se pon\u00edan por escrito y levantaba acta p\u00fablica un notario. Al d\u00eda siguiente, que era el d\u00eda de la comuni\u00f3n, se tuvo una reconciliaci\u00f3n general y el pueblo, despu\u00e9s de haber pedido perd\u00f3n a Dios, se lo pidi\u00f3 tambi\u00e9n a sus p\u00e1rrocos, y a su vez los p\u00e1mpcos a su pueblo, todo ello con gran edificaci\u00f3n de todos<\/em><span id='easy-footnote-20-9002' class='easy-footnote-margin-adjust'><\/span><span class='easy-footnote'><a href='https:\/\/vincentians.com\/es\/ver-y-discernir-las-llamadas\/#easy-footnote-bottom-20-9002' title='IV, 389-390'><sup>20<\/sup><\/a><\/span>.<\/p>\n<p>Es interesante notar que m\u00e1s all\u00e1 del esfuerzo indispensable de conversi\u00f3n individual, la misi\u00f3n es ocasi\u00f3n para todo un trabajo de construcci\u00f3n de una vida comunitaria de caridad fraternal y de paz que sea un signo del evangelio tanto a nivel familiar y de pueblo como de parroquia. Pues como dec\u00eda San Vicente en una conferencia a los misioneros: <em><strong>He de amar a mi pr\u00f3jimo, como imagen de Dios y objeto de su amor, y obrar de manera que a su vez los hombres amen a su Creador, que los conoce y reconoce como hermanos, que los ha salvado, pan? que con una caridad mutua tambi\u00e9n ellos se amen entre s\u00ed por amor de Dios, que los ha amado hasta el punto de entregar por ellos a la muerte su \u00fanico Hijo<\/strong><\/em><span id='easy-footnote-21-9002' class='easy-footnote-margin-adjust'><\/span><span class='easy-footnote'><a href='https:\/\/vincentians.com\/es\/ver-y-discernir-las-llamadas\/#easy-footnote-bottom-21-9002' title='XI, 553-554'><sup>21<\/sup><\/a><\/span>. En definitiva, toda la misi\u00f3n se resume, en estas relaciones de amor.<\/p>\n<p>b) <em>Otros desaf\u00edos<\/em><\/p>\n<p>Brevemente, y como ejemplo del trabajo de conversi\u00f3n de la vida concreta de las gentes que se efect\u00faa durante la misi\u00f3n: los concubinatos y las uniones irregulares. Son frecuentes un poco por todas partes y destruyen la constituci\u00f3n de aut\u00e9nticas familias cristianas. Este tema se abordar\u00e1 en la predicaci\u00f3n. Los misioneros se esforzar\u00e1n por llevar, cuando la situaci\u00f3n lo permita, a un aut\u00e9ntico matrimonio religioso e intentar\u00e1n convencer a los otros a separarse. Habr\u00eda que citar otros des\u00f3rdenes morales a los que los misioneros buscar\u00e1n remedio como a las blasfeminas, los excesos del carnaval, el alcoholismo, etc.<\/p>\n<p>Concluyamos este punto diciendo que la misi\u00f3n debe ofrecer a las gentes un camino de conversi\u00f3n concreta de su vida al evangelio. Adem\u00e1s del \u00abcatecismo\u00bb, que trata de los principales aspectos de la fe, los misioneros hacen cada d\u00eda lo que ellos llaman la \u00abpredicaci\u00f3n\u00bb, es decir un serm\u00f3n predominantemente moral, con miras a los diversos sectores de la vida concreta de la gente, para que renuncien al pecado y adopten las virtudes correspondientes a sus estados. Los resultados fueron impresionantes, y se obtuvieron cambios de vida extraordinarios: reconciliaciones entre enemigos, perdones rec\u00edprocos, restituciones de bienes a otros, regularizaci\u00f3n de uniones, etc.<\/p>\n<h3><strong>3. Desafio de la pobreza material<\/strong><\/h3>\n<p>a) San Vicente comprendi\u00f3 en Chatill\u00f3n el desaf\u00edo de <strong><em>la <\/em><\/strong><strong><em>pobreza <\/em><\/strong><strong><em>material permanente, <\/em><\/strong>constituida principalmente por los pobres enfermos que viven en los pueblos y dio una primera respuesta con la constituci\u00f3n de una Cofrad\u00eda de la Caridad, que ser\u00e1 seguida de otras muchas. \u00c9l descubrir\u00e1 tambi\u00e9n otras muchas pobrezas permanentes: los enfermos en los hospitales, los ni\u00f1os abandonados, los ancianos, los adultos sin trabajo, los hu\u00e9rfanos, los prisioneros, los esclavos en Barber\u00eda y otros. Sus diversas finidaciones tendr\u00e1n que adaptarse para responder a estas necesidades.<\/p>\n<p>Para responder a la miseria cotidiana, permanente, de los pueblos misionados, especialmente para los pobres enfermos, quiere que a continuaci6n de cada misi\u00f3n, se establezca una Cofrad\u00eda de la Caridad, compuesta por cristianos de la parroquia (de hecho en general, mujeres). para cuidar a los pobres que viven en el territorio. En efecto, establecer la Cofrad\u00eda de la Caridad<span id='easy-footnote-22-9002' class='easy-footnote-margin-adjust'><\/span><span class='easy-footnote'><a href='https:\/\/vincentians.com\/es\/ver-y-discernir-las-llamadas\/#easy-footnote-bottom-22-9002' title='R.C. 2'><sup>22<\/sup><\/a><\/span> es uno de los objetivos que precisan las Reglas Comunes. Muchos relatos de misiones mencionan que la Cofrad\u00eda fue fundada al final de la misi\u00f3n, a veces por medio de una Hija de la Caridad, enviada para ello<span id='easy-footnote-23-9002' class='easy-footnote-margin-adjust'><\/span><span class='easy-footnote'><a href='https:\/\/vincentians.com\/es\/ver-y-discernir-las-llamadas\/#easy-footnote-bottom-23-9002' title='I, 463'><sup>23<\/sup><\/a><\/span>.<\/p>\n<p>b) Adem\u00e1s de esta miseria permanente, bien pesada, hay una miseria excepcional, provocada por los fen\u00f3menos \u00abextraordinarios\u00bb que, en realidad, se instalan y duran numerosos a\u00f1os: las guerras con su cortejo de muertes, bandidaje y hambre, las epidemias como la peste, etc. Encontramos una evocaci\u00f3n muy sugestiva en su carta del 16 de Agosto de 1652 al Papa Inocencio X, en la que le pide interve\u00adnir en favor de la paz<span id='easy-footnote-24-9002' class='easy-footnote-margin-adjust'><\/span><span class='easy-footnote'><a href='https:\/\/vincentians.com\/es\/ver-y-discernir-las-llamadas\/#easy-footnote-bottom-24-9002' title='IV, 427'><sup>24<\/sup><\/a><\/span>. <em>La casa real est\u00e1 dividida por las di\u00ad<\/em><em>sensiones, las ciudades y provincias asoladas por las guerras civiles, los <\/em><em>pueblos divididos en facciones, las aldeas, las villas, los m\u00e1s peque\u00f1os <\/em><em>rincones destruidos, arruinados e incendiados, los trabajadores sin <\/em><em>poder recoger lo que sembraron y sin poder sembrar nada para los a\u00f1os <\/em><em>siguientes. Los soldados se entregan impunemente a toda clase de des\u00ad<\/em><em>manes, los pueblos, por su parte, no s\u00f3lo se ven expuestos a las rapi\u00f1as <\/em><em>y a los actos de bandolerismo, sino incluso a los asesinatos y a toda <\/em><em>clase de torturas. Los habitantes del campo que no han sido mazados <\/em><em>por la espada tienen que morir casi todos de hambre&#8230;<\/em><span id='easy-footnote-25-9002' class='easy-footnote-margin-adjust'><\/span><span class='easy-footnote'><a href='https:\/\/vincentians.com\/es\/ver-y-discernir-las-llamadas\/#easy-footnote-bottom-25-9002' title='IV, 427'><sup>25<\/sup><\/a><\/span>.<\/p>\n<p>San Vicente lanzar\u00e1 a las Damas de la Caridad, a las Hijas de la Caridad y a los misioneros en acciones de socorro de todas estas miserias. Les enviar\u00e1 a la Campa\u00f1a, la Lorena, Picard\u00eda y a la Regi\u00f3n parisina siniestradas por la guerras. Hace distribuir v\u00edveres, alimen\u00adtando a millares de pobres, en Par\u00eds y su provincia. Les procura \u00fatiles agr\u00edcolas y las simientes que les permitir\u00e1 subvenir a sus necesida\u00addes. Siempre, unir\u00e1 la evangelizaci\u00f3n al servicio corporal pidiendo a los misioneros que prediquen a la vez que hacen llegar los socorros.<\/p>\n<p>Citemos todav\u00eda otro gran desaf\u00edo que, por otra parte, tiene una estrecha relaci\u00f3n con las misiones:<\/p>\n<h3><strong>4. Desaf\u00edo del Clero mediocre<\/strong><\/h3>\n<p>San Vicente ha visto con claridad que el clero de su \u00e9poca, que con frecuencia no tiene vocaci\u00f3n, est\u00e1 mal formado y de costumbres relajadas, es incapaz de proveer a las necesidades espirituales ordi\u00adnarias del pueblo, sobre todo el del campo, as\u00ed como de asegurar el seguimiento de las misiones. Un Obispo, en una carta a San Vicente, se queja del <em>inexplicable n\u00famero de sacerdotes ignorantes y viciosos <\/em><em>que componen mi clero, que no pueden corregirse ni por medio de ,las <\/em><em>palabras ni de los ejemplos. Siento horror cuando pienso que hay en mi <\/em><em>di\u00f3cesis casi siete mil sacerdotes borrachines o imp\u00fadicos que suben <\/em><em>todos los d\u00edas al altar y que no tienen ninguna vocaci\u00f3n<\/em><span id='easy-footnote-26-9002' class='easy-footnote-margin-adjust'><\/span><span class='easy-footnote'><a href='https:\/\/vincentians.com\/es\/ver-y-discernir-las-llamadas\/#easy-footnote-bottom-26-9002' title='II, 358'><sup>26<\/sup><\/a><\/span>. San Vicente conoc\u00eda bien el problema pues \u00e9l es probablemente uno de esos sacerdotes que, sin llevar una vida escandalosa, fue sin vocaci\u00f3n hacia el sacerdocio para subir <em>en la <\/em>escala social.<\/p>\n<p>a) Pero, existe tambi\u00e9n el problema del seguimiento de las misiones que se le plantea a San Vicente. En efecto, el estado, con frecuencia deplorable, del clero tiene el peligro de comprometer los frutos de la misi\u00f3n, ya que es necesario buenos sacerdotes para ase\u00adgurar el desarrollo una vez que los misioneros se van. San Vicente se explica: <em>Pues bien, lo m\u00e1s importante de nuestra vocaci\u00f3n es trabajar <\/em><em>por la salvaci\u00f3n de las pobres gentes del campo, y todo lo dem\u00e1s no es <\/em><em>m\u00e1s que accesorio; pues no hubi\u00e9ramos nunca trabajado con los orde\u00ad<\/em><em>nandos ni en los seminarios de eclesi\u00e1sticos, si no hubi\u00e9semos juzgado <\/em><em>que esto era necesario para mantener al pueblo y conservar el fruto <\/em><em>que producen las misiones cuando hay buenos eclesi\u00e1sticos, imitando <\/em><em>en esto a los grandes conquistadores, que dejan una guarnici\u00f3n en las <\/em><em>plazas que ocupan, por miedo a perder lo que han conquistado con <\/em><em>tanto esfuerzo<\/em><span id='easy-footnote-27-9002' class='easy-footnote-margin-adjust'><\/span><span class='easy-footnote'><a href='https:\/\/vincentians.com\/es\/ver-y-discernir-las-llamadas\/#easy-footnote-bottom-27-9002' title='XI, 55'><sup>27<\/sup><\/a><\/span>. Como sabemos San Vicente inventar\u00e1 nuevhs estructuras para formar buenos sacerdotes: los ejercicios de ordenandos las Conferencias de los martes y los seminarios. Pero adem\u00e1s, la misi\u00f3n ofrecer\u00e1 una contribuci\u00f3n espec\u00edfica para remediar ese problema.<\/p>\n<p>b) La ayuda aportada por la misi\u00f3n al clero:<\/p>\n<p>1. El hecho de seguir <em>la misi\u00f3n <\/em>con sus feligreses les ayuda. Se ve. en efecto, de los informes de los misioneros, que muchos p\u00e1rro\u00adcos se han renovado en su vida personal y en su ministerio sacerdotal durante la misi\u00f3n. Algunos se reconcilian con sus feligreses, como hemos visto en Niolo, por ejemplo. Otros han sido renovados en su ministerio, como lo dice \u00e9l en el informe de la misi\u00f3n: <em>y <\/em><em>los p\u00e1rrocos <\/em><em>prometieron en voz alta ense\u00f1ar el catecismo y mostrarse m\u00e1s cuida\u00ad<\/em><em>dosos de su obligaci\u00f3n<\/em><span id='easy-footnote-28-9002' class='easy-footnote-margin-adjust'><\/span><span class='easy-footnote'><a href='https:\/\/vincentians.com\/es\/ver-y-discernir-las-llamadas\/#easy-footnote-bottom-28-9002' title='IV, 391'><sup>28<\/sup><\/a><\/span>.<\/p>\n<p>2. La fundaci\u00f3n, hacia el final de la misi\u00f3n, de <em>una conferencia <\/em><em>de eclesi\u00e1sticos <\/em>seg\u00fan el modelo de las conferencias de los martes iniciadas por San Vicente en Par\u00eds. <em>El Sr. Vicente, dice Abelly, quer\u00eda <\/em><em>todav\u00eda que sus misioneros se empleasen, como debe ser, durante el <\/em><em>tiempo de las misiones, a prestar todos los servicios que podlan a los <\/em><em>eclesi\u00e1sticos de los lugares donde trabajaban, particularmente por <\/em><em>medio de las conferencias espirituales, en las que tratar\u00e1n con ellos de <\/em><em>las obligaciones de su estado, de los defectos, que deben evitar, de las virtudes que est\u00e1n obligados a practicar y que son m\u00e1s propias y con\u00ad<\/em><em>venientes y otros temas parecidos<\/em><span id='easy-footnote-29-9002' class='easy-footnote-margin-adjust'><\/span><span class='easy-footnote'><a href='https:\/\/vincentians.com\/es\/ver-y-discernir-las-llamadas\/#easy-footnote-bottom-29-9002' title='Abelly I, 279'><sup>29<\/sup><\/a><\/span>. Los misioneros pue\u00adden tambi\u00e9n proponer a los p\u00e1rrocos de las parroquias de un sector misionado reunirse para hacer un retiro en su casa, bajo su direc\u00adci\u00f3n. Los informes de las misiones cuentan a veces casos espectacu\u00adlares de conversi\u00f3n de p\u00e1rrocos y, m\u00e1s frecuentemente, de sacerdotes que se comprometen a encargarse con celo de sus parroquias.<\/p>\n<p>Se podr\u00edan citar todav\u00eda otros desaf\u00edos que San Vicente ha con\u00adsiderado y se\u00f1al\u00e1do (los malos obispos, el Jansenismo, etc.). Hemos visto aquellos que est\u00e1n relacionados m\u00e1s <em>directamente con <\/em>nuestro tema de las misiones populares. Nos pararemos aqu\u00ed. Es tiempo, ahora, de concluir nuestro cometido de analizar lo que podr\u00edamos llamar el \u00abcamino Vicenciano\u00bb, que ha dado al ministerio de San Vicente su riqueza y fecundidad.<\/p>\n<h2>Conclusi\u00f3n<\/h2>\n<p>Esta breve presentaci\u00f3n de los principales desaf\u00edos se\u00f1alados con gran lucidez por San Vicente y esta ojeada a las respuestas que ha aportado con las misiones populares nos bastan para comprender por qu\u00e9 San Vicente tuvo verdaderamente ascendiente sobre la sociedad y sobre la Iglesia de su tiempo y por qu\u00e9 tuvo un real impacto hasta el punto que \u00e9l \u00abcasi lleg\u00f3 a cambiar la faz de la Iglesia\u00bb.<\/p>\n<p>Se podr\u00eda resumir as\u00ed su camino:<\/p>\n<ul>\n<li>ver la realidad con una mirada de ap\u00f3stol y discernir las verdaderas necesidades de los m\u00e1s pobres y abandonados:<\/li>\n<li>hacer frente y buscar respuestas con creatividad, valor y confianza en Dios;<\/li>\n<li>diversificar, adaptar sin cesar y multiplicar su acci\u00f3n, haciendo llamadas a numerosas colaboraciones: de sacerdotes, mujeres consagradas y laicos:<\/li>\n<li>dirigir la evangelizaci\u00f3n y asistencia, o la promoci\u00f3n de los pobres, dando la prioridad tanto a la una, como a la otra, pero siempre asoci\u00e1ndolas estrechamente.<\/li>\n<\/ul>\n<p>Un reproche que se escucha a veces hoy d\u00eda relacionado con las misiones populares es que se limitan a ser un piadoso ejercicio o una bonita fiesta para los cristianos, sin un ponrenir. El juzgarlas as\u00ed, aunque err\u00f3neamente, es el motivo por el que en algunos lugares no las piden ya y por lo que son marginadas. Me parece que, si queremos que nuestro ministerio de misiones populares tenga verdaderamente ascendiente en nuestro tiempo, es necesario que nos inspiremos en el camino Vicenciano que acabamos de se\u00f1alar. Conviene pues que continuemos nuestra reflexi\u00f3n sobre la manera:<\/p>\n<p style=\"padding-left: 30px\"><em>a) <\/em>de percibir los grandes desaf\u00edos actuales, discerniendo en particular las necesidades de los m\u00e1s pobres y abandonados de hoy.<br \/>\n<em>b) <\/em>hacer frente, buscando, al plan de servicio y de evangelizaci\u00f3n, soluciones adaptadas y eficaces.<\/p>\n<p>Misionera, debemos ser los pioneros de la evangelizaci\u00f3n. No podemos contentamos de marchar sobre las huellas de nuestros predecesores, pues el mundo cambia (aunque no se puede, ciertamente, desde\u00f1ar la experiencia del pasado). Si no somos capaces de identificar bien los desaf\u00edos de hoy y de hacerles frente con creatividad <em>y <\/em>esp\u00edritu de fe, nos quedaremos al margen de los problemas reales del mundo y de la Iglesia y la misi\u00f3n popular no tendr\u00e1 impacto real y significativo.<\/p>\n<p>Sin embargo, si estamos aqu\u00ed, es porque creemos que la misi\u00f3n popular puede ser una respuesta, cierto parcial, pero una respuesta eficaz y adaptada a los verdaderos problemas de la Iglesia y del mundo de &#8216;hoy. Es porque creemos que actualizando el carisma Vicenciano de evangelizaci\u00f3n y servicio de los m\u00e1s abandonados de hoy, la misi\u00f3n popular puede contribuir eficazmente y de forma espec\u00edfica a la nueva evangelizaci\u00f3n de la que nuestro mundo tiene necesidad. Tal es tambi\u00e9n lo que est\u00e1 en juego en nuestra reflexi\u00f3n aqu\u00ed y la raz\u00f3n misma de este Mes Vicenciano.<\/p>\n","protected":false},"excerpt":{"rendered":"<p>Desde la mirada de San Vicente hasta la nuestra Nuestro mes Vicenciano sobre la Misi\u00f3n Popular est\u00e1 articulado, como hemos dicho al comenzar, con el m\u00e9todo \u00abver-juzgar-actuar\u00bb, y terminar\u00e1 con un momento de conclusi\u00f3n y &#8230; <a href=\"https:\/\/vincentians.com\/es\/ver-y-discernir-las-llamadas\/\" class=\"more-link\">Read More<\/a><\/p>\n","protected":false},"author":4,"featured_media":38433,"comment_status":"open","ping_status":"open","sticky":false,"template":"","format":"standard","meta":{"jetpack_post_was_ever_published":false,"_jetpack_newsletter_access":"","_jetpack_dont_email_post_to_subs":false,"_jetpack_newsletter_tier_id":0,"_jetpack_memberships_contains_paywalled_content":false,"_jetpack_memberships_contains_paid_content":false,"footnotes":"","jetpack_publicize_message":"","jetpack_publicize_feature_enabled":true,"jetpack_social_post_already_shared":true,"jetpack_social_options":{"image_generator_settings":{"template":"highway","default_image_id":0,"font":"","enabled":false},"version":2}},"categories":[226],"tags":[218,224,173,148,161,175,145,176,172,117,179],"class_list":["post-9002","post","type-post","status-publish","format-standard","has-post-thumbnail","hentry","category-espiritualidad-vicenciana","tag-abelly","tag-berulle","tag-chatillon-les-dombes","tag-clichy","tag-etienne","tag-folleville","tag-gannes","tag-misiones-populares","tag-pobreza","tag-pouy","tag-reina-margarita"],"yoast_head":"<!-- This site is optimized with the Yoast SEO plugin v26.3 - https:\/\/yoast.com\/wordpress\/plugins\/seo\/ -->\n<title>Ver y discernir las llamadas - Somos Vicencianos<\/title>\n<meta name=\"robots\" content=\"index, follow, max-snippet:-1, max-image-preview:large, max-video-preview:-1\" \/>\n<link rel=\"canonical\" href=\"https:\/\/vincentians.com\/es\/ver-y-discernir-las-llamadas\/\" \/>\n<meta property=\"og:locale\" content=\"es_ES\" \/>\n<meta property=\"og:type\" content=\"article\" \/>\n<meta property=\"og:title\" content=\"Ver y discernir las llamadas - Somos Vicencianos\" \/>\n<meta property=\"og:description\" content=\"Desde la mirada de San Vicente hasta la nuestra Nuestro mes Vicenciano sobre la Misi\u00f3n Popular est\u00e1 articulado, como hemos dicho al comenzar, con el m\u00e9todo \u00abver-juzgar-actuar\u00bb, y terminar\u00e1 con un momento de conclusi\u00f3n y ... Read More\" \/>\n<meta property=\"og:url\" content=\"https:\/\/vincentians.com\/es\/ver-y-discernir-las-llamadas\/\" \/>\n<meta property=\"og:site_name\" content=\"Somos Vicencianos\" \/>\n<meta property=\"article:publisher\" content=\"https:\/\/www.facebook.com\/WeAreVincentians\/\" \/>\n<meta property=\"article:author\" content=\"https:\/\/www.facebook.com\/JavierChento\" \/>\n<meta property=\"article:published_time\" content=\"2014-08-24T06:10:24+00:00\" \/>\n<meta name=\"author\" content=\"Francisco Javier Fern\u00e1ndez Chento\" \/>\n<meta name=\"twitter:card\" content=\"summary_large_image\" \/>\n<meta name=\"twitter:creator\" content=\"@https:\/\/twitter.com\/javierchento\" \/>\n<meta name=\"twitter:site\" content=\"@WeVincentians\" \/>\n<meta name=\"twitter:label1\" content=\"Escrito por\" \/>\n\t<meta name=\"twitter:data1\" content=\"Francisco Javier Fern\u00e1ndez Chento\" \/>\n\t<meta name=\"twitter:label2\" content=\"Tiempo de lectura\" \/>\n\t<meta name=\"twitter:data2\" content=\"43 minutos\" \/>\n<script type=\"application\/ld+json\" class=\"yoast-schema-graph\">{\"@context\":\"https:\/\/schema.org\",\"@graph\":[{\"@type\":\"Article\",\"@id\":\"https:\/\/vincentians.com\/es\/ver-y-discernir-las-llamadas\/#article\",\"isPartOf\":{\"@id\":\"https:\/\/vincentians.com\/es\/ver-y-discernir-las-llamadas\/\"},\"author\":{\"name\":\"Francisco Javier Fern\u00e1ndez Chento\",\"@id\":\"http:\/\/vincentians.com\/es\/#\/schema\/person\/9623ef4d9aa3b2dfb8c061f1499288f2\"},\"headline\":\"Ver y discernir las llamadas\",\"datePublished\":\"2014-08-24T06:10:24+00:00\",\"mainEntityOfPage\":{\"@id\":\"https:\/\/vincentians.com\/es\/ver-y-discernir-las-llamadas\/\"},\"wordCount\":8526,\"commentCount\":0,\"publisher\":{\"@id\":\"http:\/\/vincentians.com\/es\/#organization\"},\"image\":{\"@id\":\"https:\/\/vincentians.com\/es\/ver-y-discernir-las-llamadas\/#primaryimage\"},\"thumbnailUrl\":\"\",\"keywords\":[\"Abelly\",\"Berulle\",\"Chatillon\",\"Clichy\",\"Etienne\",\"Folleville\",\"Gannes\",\"Misiones Populares\",\"Pobreza\",\"Pouy\",\"Reina Margarita\"],\"articleSection\":[\"Espiritualidad vicenciana\"],\"inLanguage\":\"es\",\"potentialAction\":[{\"@type\":\"CommentAction\",\"name\":\"Comment\",\"target\":[\"https:\/\/vincentians.com\/es\/ver-y-discernir-las-llamadas\/#respond\"]}]},{\"@type\":\"WebPage\",\"@id\":\"https:\/\/vincentians.com\/es\/ver-y-discernir-las-llamadas\/\",\"url\":\"https:\/\/vincentians.com\/es\/ver-y-discernir-las-llamadas\/\",\"name\":\"Ver y discernir las llamadas - Somos Vicencianos\",\"isPartOf\":{\"@id\":\"http:\/\/vincentians.com\/es\/#website\"},\"primaryImageOfPage\":{\"@id\":\"https:\/\/vincentians.com\/es\/ver-y-discernir-las-llamadas\/#primaryimage\"},\"image\":{\"@id\":\"https:\/\/vincentians.com\/es\/ver-y-discernir-las-llamadas\/#primaryimage\"},\"thumbnailUrl\":\"\",\"datePublished\":\"2014-08-24T06:10:24+00:00\",\"breadcrumb\":{\"@id\":\"https:\/\/vincentians.com\/es\/ver-y-discernir-las-llamadas\/#breadcrumb\"},\"inLanguage\":\"es\",\"potentialAction\":[{\"@type\":\"ReadAction\",\"target\":[\"https:\/\/vincentians.com\/es\/ver-y-discernir-las-llamadas\/\"]}]},{\"@type\":\"ImageObject\",\"inLanguage\":\"es\",\"@id\":\"https:\/\/vincentians.com\/es\/ver-y-discernir-las-llamadas\/#primaryimage\",\"url\":\"\",\"contentUrl\":\"\"},{\"@type\":\"BreadcrumbList\",\"@id\":\"https:\/\/vincentians.com\/es\/ver-y-discernir-las-llamadas\/#breadcrumb\",\"itemListElement\":[{\"@type\":\"ListItem\",\"position\":1,\"name\":\"Portada\",\"item\":\"http:\/\/vincentians.com\/es\/\"},{\"@type\":\"ListItem\",\"position\":2,\"name\":\"Ver y discernir las llamadas\"}]},{\"@type\":\"WebSite\",\"@id\":\"http:\/\/vincentians.com\/es\/#website\",\"url\":\"http:\/\/vincentians.com\/es\/\",\"name\":\"Somos Vicencianos\",\"description\":\"Know more to serve more\",\"publisher\":{\"@id\":\"http:\/\/vincentians.com\/es\/#organization\"},\"potentialAction\":[{\"@type\":\"SearchAction\",\"target\":{\"@type\":\"EntryPoint\",\"urlTemplate\":\"http:\/\/vincentians.com\/es\/?s={search_term_string}\"},\"query-input\":{\"@type\":\"PropertyValueSpecification\",\"valueRequired\":true,\"valueName\":\"search_term_string\"}}],\"inLanguage\":\"es\"},{\"@type\":\"Organization\",\"@id\":\"http:\/\/vincentians.com\/es\/#organization\",\"name\":\"The Vincentian Network\",\"url\":\"http:\/\/vincentians.com\/es\/\",\"logo\":{\"@type\":\"ImageObject\",\"inLanguage\":\"es\",\"@id\":\"http:\/\/vincentians.com\/es\/#\/schema\/logo\/image\/\",\"url\":\"https:\/\/i1.wp.com\/vincentians.com\/es\/wp-content\/uploads\/sites\/11\/2016\/06\/Vincentian-Network-logo-big.png?fit=778%2C778\",\"contentUrl\":\"https:\/\/i1.wp.com\/vincentians.com\/es\/wp-content\/uploads\/sites\/11\/2016\/06\/Vincentian-Network-logo-big.png?fit=778%2C778\",\"width\":778,\"height\":778,\"caption\":\"The Vincentian Network\"},\"image\":{\"@id\":\"http:\/\/vincentians.com\/es\/#\/schema\/logo\/image\/\"},\"sameAs\":[\"https:\/\/www.facebook.com\/WeAreVincentians\/\",\"https:\/\/x.com\/WeVincentians\"]},{\"@type\":\"Person\",\"@id\":\"http:\/\/vincentians.com\/es\/#\/schema\/person\/9623ef4d9aa3b2dfb8c061f1499288f2\",\"name\":\"Francisco Javier Fern\u00e1ndez Chento\",\"image\":{\"@type\":\"ImageObject\",\"inLanguage\":\"es\",\"@id\":\"http:\/\/vincentians.com\/es\/#\/schema\/person\/image\/\",\"url\":\"https:\/\/secure.gravatar.com\/avatar\/497d5cde87b4c3d097d0315953521681ba2cd523ee66e5077c3711f7021e65de?s=96&d=mm&r=g\",\"contentUrl\":\"https:\/\/secure.gravatar.com\/avatar\/497d5cde87b4c3d097d0315953521681ba2cd523ee66e5077c3711f7021e65de?s=96&d=mm&r=g\",\"caption\":\"Francisco Javier Fern\u00e1ndez Chento\"},\"description\":\"Director General y cofundador de La Red de Formaci\u00f3n Vicenciana. Javier es laico vicenciano, afiliado a la Congregaci\u00f3n de la Misi\u00f3n y miembro del Equipo de Misiones Populares de la provincia can\u00f3nica de Zaragoza (Espa\u00f1a) de la Congregaci\u00f3n de la Misi\u00f3n. Graduado en la Universidad Oberta de Catalunya con cuatro grados (Asistente de direcci\u00f3n, Gesti\u00f3n Administrativa, Recursos Humanos y Contabilidad Avanzada). Bil\u00edng\u00fce Espa\u00f1ol\/Ingl\u00e9s. gestiona y mantiene varias p\u00e1ginas web cristianas y vicencianas, incluida including La Red de Formaci\u00f3n Vicenciana, de la que es cofundador. Actualmente es responsable del \u00e1rea de Espa\u00f1ol de .famvin, la Red de Noticias de la Familia Vicenciana. Tambi\u00e9n es m\u00fasico cat\u00f3lico y ha editado varios discos. Es Director General y cofundador de Trovador, una reconocida compa\u00f1\u00eda discogr\u00e1fica critiana de Espa\u00f1a. Trabaja en las Tecnolog\u00edas de la Informaci\u00f3n, ofreciendo servicios de alojamiento, dise\u00f1o y mantenimiento Web, as\u00ed como asesoramiento, formaci\u00f3n y soluciones inform\u00e1ticas, gesti\u00f3n documental y digitalizaci\u00f3n de textos, edici\u00f3n y maquetaci\u00f3n de libros, revistas, flyers, etc.\",\"sameAs\":[\"http:\/\/chento.org\",\"https:\/\/www.facebook.com\/JavierChento\",\"https:\/\/x.com\/https:\/\/twitter.com\/javierchento\"],\"url\":\"https:\/\/vincentians.com\/es\/author\/chento\/\"}]}<\/script>\n<!-- \/ Yoast SEO plugin. -->","yoast_head_json":{"title":"Ver y discernir las llamadas - Somos Vicencianos","robots":{"index":"index","follow":"follow","max-snippet":"max-snippet:-1","max-image-preview":"max-image-preview:large","max-video-preview":"max-video-preview:-1"},"canonical":"https:\/\/vincentians.com\/es\/ver-y-discernir-las-llamadas\/","og_locale":"es_ES","og_type":"article","og_title":"Ver y discernir las llamadas - Somos Vicencianos","og_description":"Desde la mirada de San Vicente hasta la nuestra Nuestro mes Vicenciano sobre la Misi\u00f3n Popular est\u00e1 articulado, como hemos dicho al comenzar, con el m\u00e9todo \u00abver-juzgar-actuar\u00bb, y terminar\u00e1 con un momento de conclusi\u00f3n y ... Read More","og_url":"https:\/\/vincentians.com\/es\/ver-y-discernir-las-llamadas\/","og_site_name":"Somos Vicencianos","article_publisher":"https:\/\/www.facebook.com\/WeAreVincentians\/","article_author":"https:\/\/www.facebook.com\/JavierChento","article_published_time":"2014-08-24T06:10:24+00:00","author":"Francisco Javier Fern\u00e1ndez Chento","twitter_card":"summary_large_image","twitter_creator":"@https:\/\/twitter.com\/javierchento","twitter_site":"@WeVincentians","twitter_misc":{"Escrito por":"Francisco Javier Fern\u00e1ndez Chento","Tiempo de lectura":"43 minutos"},"schema":{"@context":"https:\/\/schema.org","@graph":[{"@type":"Article","@id":"https:\/\/vincentians.com\/es\/ver-y-discernir-las-llamadas\/#article","isPartOf":{"@id":"https:\/\/vincentians.com\/es\/ver-y-discernir-las-llamadas\/"},"author":{"name":"Francisco Javier Fern\u00e1ndez Chento","@id":"http:\/\/vincentians.com\/es\/#\/schema\/person\/9623ef4d9aa3b2dfb8c061f1499288f2"},"headline":"Ver y discernir las llamadas","datePublished":"2014-08-24T06:10:24+00:00","mainEntityOfPage":{"@id":"https:\/\/vincentians.com\/es\/ver-y-discernir-las-llamadas\/"},"wordCount":8526,"commentCount":0,"publisher":{"@id":"http:\/\/vincentians.com\/es\/#organization"},"image":{"@id":"https:\/\/vincentians.com\/es\/ver-y-discernir-las-llamadas\/#primaryimage"},"thumbnailUrl":"","keywords":["Abelly","Berulle","Chatillon","Clichy","Etienne","Folleville","Gannes","Misiones Populares","Pobreza","Pouy","Reina Margarita"],"articleSection":["Espiritualidad vicenciana"],"inLanguage":"es","potentialAction":[{"@type":"CommentAction","name":"Comment","target":["https:\/\/vincentians.com\/es\/ver-y-discernir-las-llamadas\/#respond"]}]},{"@type":"WebPage","@id":"https:\/\/vincentians.com\/es\/ver-y-discernir-las-llamadas\/","url":"https:\/\/vincentians.com\/es\/ver-y-discernir-las-llamadas\/","name":"Ver y discernir las llamadas - Somos Vicencianos","isPartOf":{"@id":"http:\/\/vincentians.com\/es\/#website"},"primaryImageOfPage":{"@id":"https:\/\/vincentians.com\/es\/ver-y-discernir-las-llamadas\/#primaryimage"},"image":{"@id":"https:\/\/vincentians.com\/es\/ver-y-discernir-las-llamadas\/#primaryimage"},"thumbnailUrl":"","datePublished":"2014-08-24T06:10:24+00:00","breadcrumb":{"@id":"https:\/\/vincentians.com\/es\/ver-y-discernir-las-llamadas\/#breadcrumb"},"inLanguage":"es","potentialAction":[{"@type":"ReadAction","target":["https:\/\/vincentians.com\/es\/ver-y-discernir-las-llamadas\/"]}]},{"@type":"ImageObject","inLanguage":"es","@id":"https:\/\/vincentians.com\/es\/ver-y-discernir-las-llamadas\/#primaryimage","url":"","contentUrl":""},{"@type":"BreadcrumbList","@id":"https:\/\/vincentians.com\/es\/ver-y-discernir-las-llamadas\/#breadcrumb","itemListElement":[{"@type":"ListItem","position":1,"name":"Portada","item":"http:\/\/vincentians.com\/es\/"},{"@type":"ListItem","position":2,"name":"Ver y discernir las llamadas"}]},{"@type":"WebSite","@id":"http:\/\/vincentians.com\/es\/#website","url":"http:\/\/vincentians.com\/es\/","name":"Somos Vicencianos","description":"Know more to serve more","publisher":{"@id":"http:\/\/vincentians.com\/es\/#organization"},"potentialAction":[{"@type":"SearchAction","target":{"@type":"EntryPoint","urlTemplate":"http:\/\/vincentians.com\/es\/?s={search_term_string}"},"query-input":{"@type":"PropertyValueSpecification","valueRequired":true,"valueName":"search_term_string"}}],"inLanguage":"es"},{"@type":"Organization","@id":"http:\/\/vincentians.com\/es\/#organization","name":"The Vincentian Network","url":"http:\/\/vincentians.com\/es\/","logo":{"@type":"ImageObject","inLanguage":"es","@id":"http:\/\/vincentians.com\/es\/#\/schema\/logo\/image\/","url":"https:\/\/i1.wp.com\/vincentians.com\/es\/wp-content\/uploads\/sites\/11\/2016\/06\/Vincentian-Network-logo-big.png?fit=778%2C778","contentUrl":"https:\/\/i1.wp.com\/vincentians.com\/es\/wp-content\/uploads\/sites\/11\/2016\/06\/Vincentian-Network-logo-big.png?fit=778%2C778","width":778,"height":778,"caption":"The Vincentian Network"},"image":{"@id":"http:\/\/vincentians.com\/es\/#\/schema\/logo\/image\/"},"sameAs":["https:\/\/www.facebook.com\/WeAreVincentians\/","https:\/\/x.com\/WeVincentians"]},{"@type":"Person","@id":"http:\/\/vincentians.com\/es\/#\/schema\/person\/9623ef4d9aa3b2dfb8c061f1499288f2","name":"Francisco Javier Fern\u00e1ndez Chento","image":{"@type":"ImageObject","inLanguage":"es","@id":"http:\/\/vincentians.com\/es\/#\/schema\/person\/image\/","url":"https:\/\/secure.gravatar.com\/avatar\/497d5cde87b4c3d097d0315953521681ba2cd523ee66e5077c3711f7021e65de?s=96&d=mm&r=g","contentUrl":"https:\/\/secure.gravatar.com\/avatar\/497d5cde87b4c3d097d0315953521681ba2cd523ee66e5077c3711f7021e65de?s=96&d=mm&r=g","caption":"Francisco Javier Fern\u00e1ndez Chento"},"description":"Director General y cofundador de La Red de Formaci\u00f3n Vicenciana. Javier es laico vicenciano, afiliado a la Congregaci\u00f3n de la Misi\u00f3n y miembro del Equipo de Misiones Populares de la provincia can\u00f3nica de Zaragoza (Espa\u00f1a) de la Congregaci\u00f3n de la Misi\u00f3n. Graduado en la Universidad Oberta de Catalunya con cuatro grados (Asistente de direcci\u00f3n, Gesti\u00f3n Administrativa, Recursos Humanos y Contabilidad Avanzada). Bil\u00edng\u00fce Espa\u00f1ol\/Ingl\u00e9s. gestiona y mantiene varias p\u00e1ginas web cristianas y vicencianas, incluida including La Red de Formaci\u00f3n Vicenciana, de la que es cofundador. Actualmente es responsable del \u00e1rea de Espa\u00f1ol de .famvin, la Red de Noticias de la Familia Vicenciana. Tambi\u00e9n es m\u00fasico cat\u00f3lico y ha editado varios discos. Es Director General y cofundador de Trovador, una reconocida compa\u00f1\u00eda discogr\u00e1fica critiana de Espa\u00f1a. Trabaja en las Tecnolog\u00edas de la Informaci\u00f3n, ofreciendo servicios de alojamiento, dise\u00f1o y mantenimiento Web, as\u00ed como asesoramiento, formaci\u00f3n y soluciones inform\u00e1ticas, gesti\u00f3n documental y digitalizaci\u00f3n de textos, edici\u00f3n y maquetaci\u00f3n de libros, revistas, flyers, etc.","sameAs":["http:\/\/chento.org","https:\/\/www.facebook.com\/JavierChento","https:\/\/x.com\/https:\/\/twitter.com\/javierchento"],"url":"https:\/\/vincentians.com\/es\/author\/chento\/"}]}},"jetpack_publicize_connections":[],"jetpack_featured_media_url":"","jetpack_sharing_enabled":true,"jetpack_shortlink":"https:\/\/wp.me\/p7ETMF-2lc","jetpack-related-posts":[{"id":398640,"url":"https:\/\/vincentians.com\/es\/aportacion-del-carisma-vicenciano-la-mision-la-iglesia-5\/","url_meta":{"origin":9002,"position":0},"title":"Aportaci\u00f3n del carisma vicenciano a la Misi\u00f3n de la Iglesia (5)","author":"Francisco Javier Fern\u00e1ndez Chento","date":"08\/08\/2016","format":false,"excerpt":"5.- El mundo, tal como Dios lo ve y quiere, \u00e1mbito de la Misi\u00f3n de la Iglesia. Para describir la visi\u00f3n vicenciana del mundo y de la historia,\u00a0 el P. Morin ha utilizado el s\u00edmil de la mirada, describiendo la trayectoria espiritual de Vicente de Pa\u00fal como la historia de\u2026","rel":"","context":"En \u00abFormaci\u00f3n Vicenciana\u00bb","block_context":{"text":"Formaci\u00f3n Vicenciana","link":"https:\/\/vincentians.com\/es\/category\/formacion-vicenciana\/"},"img":{"alt_text":"","src":"https:\/\/i0.wp.com\/vincentians.com\/es\/wp-content\/uploads\/sites\/11\/2016\/06\/contributions-charism.jpg?fit=1200%2C630&ssl=1&resize=350%2C200","width":350,"height":200,"srcset":"https:\/\/i0.wp.com\/vincentians.com\/es\/wp-content\/uploads\/sites\/11\/2016\/06\/contributions-charism.jpg?fit=1200%2C630&ssl=1&resize=350%2C200 1x, https:\/\/i0.wp.com\/vincentians.com\/es\/wp-content\/uploads\/sites\/11\/2016\/06\/contributions-charism.jpg?fit=1200%2C630&ssl=1&resize=525%2C300 1.5x, https:\/\/i0.wp.com\/vincentians.com\/es\/wp-content\/uploads\/sites\/11\/2016\/06\/contributions-charism.jpg?fit=1200%2C630&ssl=1&resize=700%2C400 2x, https:\/\/i0.wp.com\/vincentians.com\/es\/wp-content\/uploads\/sites\/11\/2016\/06\/contributions-charism.jpg?fit=1200%2C630&ssl=1&resize=1050%2C600 3x"},"classes":[]},{"id":140030,"url":"https:\/\/vincentians.com\/es\/multiculturalismo-solidaridad-y-colaboracion\/","url_meta":{"origin":9002,"position":1},"title":"Multiculturalismo, Solidaridad, y Colaboraci\u00f3n","author":"Francisco Javier Fern\u00e1ndez Chento","date":"22\/02\/2015","format":false,"excerpt":"I. Introducci\u00f3n \u201cDej\u00e9monos renovar por la vitalidad misionera de nuestra vocaci\u00f3n Vicenciana\u201d (Lema de la AG 2016. Cf Marzo 25, 2014 Carta de la Comisi\u00f3n Preparatoria a los Visitadores) Los temas relevantes de la AG 2016 no son f\u00e1ciles de explorar. Hablan de una cuesti\u00f3n importante para nosotros como Misioneros\u2026","rel":"","context":"En \u00abEspiritualidad vicenciana\u00bb","block_context":{"text":"Espiritualidad vicenciana","link":"https:\/\/vincentians.com\/es\/category\/espiritualidad\/espiritualidad-vicenciana\/"},"img":{"alt_text":"multiculturalismo","src":"https:\/\/i0.wp.com\/vicencianos.org\/wp-content\/2015\/02\/multiculturalismo-300x201.jpg?resize=350%2C200","width":350,"height":200},"classes":[]},{"id":399992,"url":"https:\/\/vincentians.com\/es\/carisma-vicenciano-la-nueva-evangelizacion-algunas-claves-vicencianas-la-evangelizacion-actual\/","url_meta":{"origin":9002,"position":2},"title":"El Carisma Vicenciano y la Nueva Evangelizaci\u00f3n: algunas claves vicencianas para la evangelizaci\u00f3n actual","author":"Francisco Javier Fern\u00e1ndez Chento","date":"16\/09\/2016","format":false,"excerpt":"Punto de partida: Confrontaci\u00f3n entre el Ser y el Quehacer Con frecuencia, en nuestros encuentros, convivencias, reuniones, asambleas... nos planteamos dos cuestiones relativas al ser y al quehacer vicencianos. Partimos de dos percepciones: por un lado, todos estamos de acuerdo en que el carisma, el ser, la identidad, el sello\u2026","rel":"","context":"En \u00abFormaci\u00f3n Vicenciana\u00bb","block_context":{"text":"Formaci\u00f3n Vicenciana","link":"https:\/\/vincentians.com\/es\/category\/formacion-vicenciana\/"},"img":{"alt_text":"","src":"https:\/\/i0.wp.com\/vincentians.com\/es\/wp-content\/uploads\/sites\/11\/2016\/09\/enviados-evangelizar-pobres.jpg?fit=1200%2C630&ssl=1&resize=350%2C200","width":350,"height":200,"srcset":"https:\/\/i0.wp.com\/vincentians.com\/es\/wp-content\/uploads\/sites\/11\/2016\/09\/enviados-evangelizar-pobres.jpg?fit=1200%2C630&ssl=1&resize=350%2C200 1x, https:\/\/i0.wp.com\/vincentians.com\/es\/wp-content\/uploads\/sites\/11\/2016\/09\/enviados-evangelizar-pobres.jpg?fit=1200%2C630&ssl=1&resize=525%2C300 1.5x, https:\/\/i0.wp.com\/vincentians.com\/es\/wp-content\/uploads\/sites\/11\/2016\/09\/enviados-evangelizar-pobres.jpg?fit=1200%2C630&ssl=1&resize=700%2C400 2x, https:\/\/i0.wp.com\/vincentians.com\/es\/wp-content\/uploads\/sites\/11\/2016\/09\/enviados-evangelizar-pobres.jpg?fit=1200%2C630&ssl=1&resize=1050%2C600 3x"},"classes":[]},{"id":133248,"url":"https:\/\/vincentians.com\/es\/presentacion-de-las-misiones-populares-vicencianas\/","url_meta":{"origin":9002,"position":3},"title":"Presentaci\u00f3n de las misiones populares vicencianas","author":"Francisco Javier Fern\u00e1ndez Chento","date":"21\/12\/2014","format":false,"excerpt":"Las misiones son nuestra vocaci\u00f3n: por eso nos llamamos Congregaci\u00f3n de la Misi\u00f3n, una vocaci\u00f3n que nos lleva a \"corresponder a los designios eternos que Dios tiene sobre nosotros\". San Vicente lo dice con claridad: \"Lo m\u00e1s importante de nuestra vocaci\u00f3n es trabajar por la salvaci\u00f3n de las pobres gentes\u2026","rel":"","context":"En \u00abMisiones populares\u00bb","block_context":{"text":"Misiones populares","link":"https:\/\/vincentians.com\/es\/category\/servicios-y-ministerios\/misiones-populares-misiones\/"},"img":{"alt_text":"Peral","src":"https:\/\/i0.wp.com\/vicencianos.org\/wp-content\/2014\/12\/Peral-300x223.jpg?resize=350%2C200","width":350,"height":200},"classes":[]},{"id":399977,"url":"https:\/\/vincentians.com\/es\/espiritu-vicenciano-e-identidad\/","url_meta":{"origin":9002,"position":4},"title":"Esp\u00edritu vicenciano e identidad","author":"Francisco Javier Fern\u00e1ndez Chento","date":"11\/09\/2016","format":false,"excerpt":"Introducci\u00f3n Al comenzar esta reflexi\u00f3n viene a mi mente la memoria de un he\u00adcho notorio en mi vida: la expedici\u00f3n de mi carnet de identidad. Ten\u00eda 16 a\u00f1os. Mi estatura era casi la actual. Los rasgos de mi personalidad, tipo y aspecto exterior estaban ya bastante perfilados... La mayor\u00eda de\u2026","rel":"","context":"En \u00abEspiritualidad vicenciana\u00bb","block_context":{"text":"Espiritualidad vicenciana","link":"https:\/\/vincentians.com\/es\/category\/espiritualidad\/espiritualidad-vicenciana\/"},"img":{"alt_text":"","src":"https:\/\/i0.wp.com\/vincentians.com\/es\/wp-content\/uploads\/sites\/11\/2016\/09\/identidad.jpg?fit=1200%2C630&ssl=1&resize=350%2C200","width":350,"height":200,"srcset":"https:\/\/i0.wp.com\/vincentians.com\/es\/wp-content\/uploads\/sites\/11\/2016\/09\/identidad.jpg?fit=1200%2C630&ssl=1&resize=350%2C200 1x, https:\/\/i0.wp.com\/vincentians.com\/es\/wp-content\/uploads\/sites\/11\/2016\/09\/identidad.jpg?fit=1200%2C630&ssl=1&resize=525%2C300 1.5x, https:\/\/i0.wp.com\/vincentians.com\/es\/wp-content\/uploads\/sites\/11\/2016\/09\/identidad.jpg?fit=1200%2C630&ssl=1&resize=700%2C400 2x, https:\/\/i0.wp.com\/vincentians.com\/es\/wp-content\/uploads\/sites\/11\/2016\/09\/identidad.jpg?fit=1200%2C630&ssl=1&resize=1050%2C600 3x"},"classes":[]},{"id":128402,"url":"https:\/\/vincentians.com\/es\/aportes-vicencianos-a-la-nueva-evangelizacion\/","url_meta":{"origin":9002,"position":5},"title":"Aportes vicencianos a la nueva evangelizaci\u00f3n","author":"Francisco Javier Fern\u00e1ndez Chento","date":"15\/06\/2024","format":false,"excerpt":"Introducci\u00f3n Desde hace bastante tiempo, estamos oyendo, en la Congregaci\u00f3n de la Misi\u00f3n y en muchos c\u00edrculos de la Familia Vicenciana, dos cuestiones referentes al \"ser\" y al \"quehacer\" vicencianos. Por un lado, todos estamos plenamente de acuerdo en que el carisma, el \"ser\", la identidad, el sello caracter\u00edstico de\u2026","rel":"","context":"En \u00abFormaci\u00f3n Vicenciana\u00bb","block_context":{"text":"Formaci\u00f3n Vicenciana","link":"https:\/\/vincentians.com\/es\/category\/formacion-vicenciana\/"},"img":{"alt_text":"","src":"https:\/\/i0.wp.com\/vincentians.com\/es\/wp-content\/uploads\/sites\/11\/2016\/09\/enviados-evangelizar-pobres.jpg?fit=1200%2C630&ssl=1&resize=350%2C200","width":350,"height":200,"srcset":"https:\/\/i0.wp.com\/vincentians.com\/es\/wp-content\/uploads\/sites\/11\/2016\/09\/enviados-evangelizar-pobres.jpg?fit=1200%2C630&ssl=1&resize=350%2C200 1x, https:\/\/i0.wp.com\/vincentians.com\/es\/wp-content\/uploads\/sites\/11\/2016\/09\/enviados-evangelizar-pobres.jpg?fit=1200%2C630&ssl=1&resize=525%2C300 1.5x, https:\/\/i0.wp.com\/vincentians.com\/es\/wp-content\/uploads\/sites\/11\/2016\/09\/enviados-evangelizar-pobres.jpg?fit=1200%2C630&ssl=1&resize=700%2C400 2x, https:\/\/i0.wp.com\/vincentians.com\/es\/wp-content\/uploads\/sites\/11\/2016\/09\/enviados-evangelizar-pobres.jpg?fit=1200%2C630&ssl=1&resize=1050%2C600 3x"},"classes":[]}],"_links":{"self":[{"href":"https:\/\/vincentians.com\/es\/wp-json\/wp\/v2\/posts\/9002","targetHints":{"allow":["GET"]}}],"collection":[{"href":"https:\/\/vincentians.com\/es\/wp-json\/wp\/v2\/posts"}],"about":[{"href":"https:\/\/vincentians.com\/es\/wp-json\/wp\/v2\/types\/post"}],"author":[{"embeddable":true,"href":"https:\/\/vincentians.com\/es\/wp-json\/wp\/v2\/users\/4"}],"replies":[{"embeddable":true,"href":"https:\/\/vincentians.com\/es\/wp-json\/wp\/v2\/comments?post=9002"}],"version-history":[{"count":0,"href":"https:\/\/vincentians.com\/es\/wp-json\/wp\/v2\/posts\/9002\/revisions"}],"wp:featuredmedia":[{"embeddable":true,"href":"https:\/\/vincentians.com\/es\/wp-json\/"}],"wp:attachment":[{"href":"https:\/\/vincentians.com\/es\/wp-json\/wp\/v2\/media?parent=9002"}],"wp:term":[{"taxonomy":"category","embeddable":true,"href":"https:\/\/vincentians.com\/es\/wp-json\/wp\/v2\/categories?post=9002"},{"taxonomy":"post_tag","embeddable":true,"href":"https:\/\/vincentians.com\/es\/wp-json\/wp\/v2\/tags?post=9002"}],"curies":[{"name":"wp","href":"https:\/\/api.w.org\/{rel}","templated":true}]}}