{"id":89962,"date":"2019-02-07T20:57:07","date_gmt":"2019-02-07T19:57:07","guid":{"rendered":"http:\/\/somos.vicencianos.org\/?p=89962"},"modified":"2019-02-07T20:54:54","modified_gmt":"2019-02-07T19:54:54","slug":"ozanam-y-sor-rosalia-rendu","status":"publish","type":"post","link":"https:\/\/vincentians.com\/es\/ozanam-y-sor-rosalia-rendu\/","title":{"rendered":"Ozanam y Sor Rosalia Rendu"},"content":{"rendered":"<p>No se concibe describir o narrar la vida y obra de Federico Oza\u00adnam, como se est\u00e1 haciendo este a\u00f1o, sin evocar el recuerdo de Sor Rosal\u00eda Rendu ya que tan estrecha fue su colaboraci\u00f3n en el servicio de los pobres.<\/p>\n<p>La convergencia providencial de estos dos destinos deber\u00e1 marcar la historia de la Caridad en el siglo XIX.<\/p>\n<p>La l\u00ednea biogr\u00e1fica que seguimos quiere hacer revivir el apostolado de aquella que fue llamada la \u00abmadre de los pobres\u00bb del barrio \u00abMouf\u00adfertad\u00bb de Par\u00eds.<\/p>\n<h2><strong>En la escuela de la Caridad<\/strong><\/h2>\n<p>Nacida en Confort, en el pa\u00eds de Gex, Juana Mar\u00eda Rendu lleg\u00f3 el 25 de mayo de 1802 a la Casa Madre de las Hijas de la Caridad. Al fin de su noviciado, su estado de salud aconsej\u00f3 mandarla al barrio Mouffertad, suburbio San Marcelo, barrio pobre y de mala fama. Des\u00adde el primer d\u00eda, aqu\u00e9lla que de ahora en adelante no se llamar\u00e1 m\u00e1s que \u00abSor Rosal\u00eda\u00bb, tuvo la intuici\u00f3n del pobre y la inteligencia de la Caridad.<\/p>\n<p>Su \u00abgenio del bien\u00bb no fue jam\u00e1s preso de lo imprevisto. Encontraba soluci\u00f3n para todos los problemas de la miseria.<\/p>\n<p>Adem\u00e1s era de una actividad que no conoc\u00eda el cansancio y multi\u00adplicaba las horas y las jornadas.<\/p>\n<p>No obstante su juventud, en 1815 fue puesta a la cabeza de la Casa. El pueblo conoce pronto los cuidados, en la enfermedad, de aque\u00adlla que sab\u00eda estar presente en todos sus problemas. Aun los m\u00e1s hos\u00adtiles la saludaban.<\/p>\n<h2><strong>Encuentro con la Conferencia<\/strong><\/h2>\n<p>Sor Rosal\u00eda viene a ser la gran consejera de todos los amigos de los pobres. Cuando en 1833, Federico Ozanam y algunos otros j\u00f3venes tie\u00adnen la idea de la Conferencia de San Vicente, van donde Sor Rosal\u00eda a pedir ayuda y apoyo.<\/p>\n<p>Ella comparte su pan y su manera de servirlo.<\/p>\n<p>Cuando Emanuel Bailly, Presidente de la Conferencia, tuvo un hijo, le pone el nombre de San Vicente de Pa\u00fal en recuerdo de Sor Rosal\u00eda; viniendo a ser despu\u00e9s el P. Bailly y fue el fundador de \u00abLa Croix\u00bb.<\/p>\n<p>Sor Rosal\u00eda abri\u00f3, en seguida, cerca de ella un patronato para los j\u00f3venes trabajadores, una guarder\u00eda para los hijos de las mujeres ocu\u00adpadas fuera de casa, un refugio para los ancianos, un \u00abministerio de la caridad\u00bb, en un peque\u00f1o locutorio, donde los visitadores se contaban por centenas cada d\u00eda.<\/p>\n<p>Se pod\u00eda encontrar a miembros del clero que acud\u00edan en busca de un consejo, al lado de vagabundos que buscaban socorro. El Obispo se encontraba con el trapero; el mariscal de Francia con el hortelano. Car\u00adlos X, la reina Amelia, el general Cavegnac, Napole\u00f3n III, la Empera\u00adtriz Eugenia, frecuentaron el locutorio de Sor Rosal\u00eda.<\/p>\n<h2><strong>El amor vencedor del odio<\/strong><\/h2>\n<p>Sor Rosal\u00eda no amaba las revoluciones, ellas cuestan demasiado caro al pueblo y al pobre. Cuando no estaba en su poder detener la insu\u00adrrecci\u00f3n, Sor Rosal\u00eda permanece en las calles. El barrio Mouffertard estaba tan orgulloso de ella que muchas veces su voz fue escuchada, incluso en aquellos momentos en los cuales la multitud no escuchaba a nadie.<\/p>\n<p>En 1830 ella favoreci\u00f3 la evasi\u00f3n de muchos adversarios del go\u00adbierno. Debido a una reincidencia, el Prefecto de Polic\u00eda firm\u00f3 la orden de arresto. \u00abArrestad a Sor Rosal\u00eda\u00bb \u2014grit\u00f3 el agente al cual le hab\u00eda sido remitida esta orden\u2014. Pero esto har\u00e1 sublevar a todo el suburbio San Marcelo, todo el pueblo coger\u00e1 las armas. Ser\u00e1 una nueva subleva\u00adci\u00f3n. Perderemos nuestra \u00abcabeza\u00bb. Y la orden fue revocada.<\/p>\n<p>Durante las jornadas de junio de 1848, Sor Rosal\u00eda hizo cesar el fuego en plena batalla. Se arroj\u00f3 en el pleno de la reyerta. \u00abPero, Her\u00admana, \u00bfusted va a dejarse matar?\u00bb.<\/p>\n<p>\u2014\u00bfCre\u00e9is que yo deseo vivir cuando se asesina a mis hijos?<\/p>\n<p>Y volvi\u00e9ndose hacia ellos dijo: \u00ab\u00a1Cesad el fuego! \u00bfNo tenemos ya bastantes viudas y hu\u00e9rfanos que alimentar? \u00bfQuer\u00e9is aumentarlos?\u00bb.<\/p>\n<p>Un oficial que hab\u00eda asaltado una barricada vio a todos sus sol\u00addados abatidos por una descarga. Quedando solo, para sobrevivir, se precipit\u00f3 en la casa m\u00e1s vecina. Era la, de Sor Rosal\u00eda. Los sublevados lo persiguieron y le apuntaron con el fusil. \u00ab\u00a1No matarlo aqu\u00ed!\u00bb \u2014grit\u00f3 Sor Rosal\u00eda. Dej\u00e1dnoslo prender, lo llevaremos nosotros a la calle. La Hermana lo rode\u00f3 <em>y <\/em>no se movieron. Los soldados ya estaban para ti\u00adrar por encima de la espalda de la Hermana. Sor Rosal\u00eda se arroj\u00f3 de rodillas y grit\u00f3: \u00abHace 50 a\u00f1os que os he consagrado la vida; por todo el bien que yo he hecho a vuestras mujeres y a vuestros hijos, yo os pido la vida de este hombre\u00bb.<\/p>\n<p>A estas palabras todos aquellos obreros se estremecieron de emo\u00adci\u00f3n y de admiraci\u00f3n. Su c\u00f3lera ces\u00f3, alguno llora. El prisionero est\u00e1 salvado.<\/p>\n<h2><strong>Madre de todo un pueblo<\/strong><\/h2>\n<p>Fue en 1856 cuando Dios llama a S\u00ed a su sierva. Cuando la noticia se propag\u00f3 por Par\u00eds, el dolor fue general. Al d\u00eda siguiente, todo el suburbio de San Marcelo fue a saludar a lo que quedaba todav\u00eda de Sor Rosal\u00eda sobre la tierra.<\/p>\n<p>El d\u00eda del funeral, el pueblo entero sigui\u00f3 el f\u00e9retro. Todos los comercios cerraron. Los dos tercios de los que le acompa\u00f1aban no pudieron entrar en la iglesia de San Medardo, pero todos siguieron el cortejo hasta el cementerio de Montparnasse.<\/p>\n<p>Una cruz de piedra blanca simplemente indica su tumba, la cual, despu\u00e9s de cien a\u00f1os, sigue floreciente por la atenci\u00f3n de desconocidos que no olvidan que los destinos de Federico Ozanam y Sor Rosal\u00eda se han confundido en el amor al pobre, salvando as\u00ed los v\u00ednculos indefec\u00adtibles entre la Sociedad de San Vicente y la Compa\u00f1\u00eda de las Hijas de la Caridad.<\/p>\n","protected":false},"excerpt":{"rendered":"<p>No se concibe describir o narrar la vida y obra de Federico Oza\u00adnam, como se est\u00e1 haciendo este a\u00f1o, sin evocar el recuerdo de Sor Rosal\u00eda Rendu ya que tan estrecha fue su colaboraci\u00f3n en &#8230; <a href=\"https:\/\/vincentians.com\/es\/ozanam-y-sor-rosalia-rendu\/\" class=\"more-link\">Read More<\/a><\/p>\n","protected":false},"author":4,"featured_media":398522,"comment_status":"open","ping_status":"open","sticky":false,"template":"","format":"standard","meta":{"jetpack_post_was_ever_published":false,"_jetpack_newsletter_access":"","_jetpack_dont_email_post_to_subs":true,"_jetpack_newsletter_tier_id":0,"_jetpack_memberships_contains_paywalled_content":false,"_jetpack_memberships_contains_paid_content":false,"footnotes":"","jetpack_publicize_message":"","jetpack_publicize_feature_enabled":true,"jetpack_social_post_already_shared":true,"jetpack_social_options":{"image_generator_settings":{"template":"highway","default_image_id":0,"font":"","enabled":false},"version":2}},"categories":[11,245],"tags":[164],"class_list":["post-89962","post","type-post","status-publish","format-standard","has-post-thumbnail","hentry","category-federico-ozanam","category-rosalia-rendu","tag-bailly"],"yoast_head":"<!-- This site is optimized with the Yoast SEO plugin v26.3 - https:\/\/yoast.com\/wordpress\/plugins\/seo\/ -->\n<title>Ozanam y Sor Rosalia Rendu - Somos Vicencianos<\/title>\n<meta name=\"robots\" content=\"index, follow, max-snippet:-1, max-image-preview:large, max-video-preview:-1\" \/>\n<link rel=\"canonical\" href=\"https:\/\/vincentians.com\/es\/ozanam-y-sor-rosalia-rendu\/\" \/>\n<meta property=\"og:locale\" content=\"es_ES\" \/>\n<meta property=\"og:type\" content=\"article\" \/>\n<meta property=\"og:title\" content=\"Ozanam y Sor Rosalia Rendu - Somos Vicencianos\" \/>\n<meta property=\"og:description\" content=\"No se concibe describir o narrar la vida y obra de Federico Oza\u00adnam, como se est\u00e1 haciendo este a\u00f1o, sin evocar el recuerdo de Sor Rosal\u00eda Rendu ya que tan estrecha fue su colaboraci\u00f3n en ... Read More\" \/>\n<meta property=\"og:url\" content=\"https:\/\/vincentians.com\/es\/ozanam-y-sor-rosalia-rendu\/\" \/>\n<meta property=\"og:site_name\" content=\"Somos Vicencianos\" \/>\n<meta property=\"article:publisher\" content=\"https:\/\/www.facebook.com\/WeAreVincentians\/\" \/>\n<meta property=\"article:author\" content=\"https:\/\/www.facebook.com\/JavierChento\" \/>\n<meta property=\"article:published_time\" content=\"2019-02-07T19:57:07+00:00\" \/>\n<meta property=\"og:image\" content=\"https:\/\/i0.wp.com\/vincentians.com\/es\/wp-content\/uploads\/sites\/11\/2013\/04\/hijas-caridad.jpg?fit=1195%2C630&ssl=1\" \/>\n\t<meta property=\"og:image:width\" content=\"1195\" \/>\n\t<meta property=\"og:image:height\" content=\"630\" \/>\n\t<meta property=\"og:image:type\" content=\"image\/jpeg\" \/>\n<meta name=\"author\" content=\"Francisco Javier Fern\u00e1ndez Chento\" \/>\n<meta name=\"twitter:card\" content=\"summary_large_image\" \/>\n<meta name=\"twitter:creator\" content=\"@https:\/\/twitter.com\/javierchento\" \/>\n<meta name=\"twitter:site\" content=\"@WeVincentians\" \/>\n<meta name=\"twitter:label1\" content=\"Escrito por\" \/>\n\t<meta name=\"twitter:data1\" content=\"Francisco Javier Fern\u00e1ndez Chento\" \/>\n\t<meta name=\"twitter:label2\" content=\"Tiempo de lectura\" \/>\n\t<meta name=\"twitter:data2\" content=\"5 minutos\" \/>\n<script type=\"application\/ld+json\" class=\"yoast-schema-graph\">{\"@context\":\"https:\/\/schema.org\",\"@graph\":[{\"@type\":\"Article\",\"@id\":\"https:\/\/vincentians.com\/es\/ozanam-y-sor-rosalia-rendu\/#article\",\"isPartOf\":{\"@id\":\"https:\/\/vincentians.com\/es\/ozanam-y-sor-rosalia-rendu\/\"},\"author\":{\"name\":\"Francisco Javier Fern\u00e1ndez Chento\",\"@id\":\"http:\/\/vincentians.com\/es\/#\/schema\/person\/9623ef4d9aa3b2dfb8c061f1499288f2\"},\"headline\":\"Ozanam y Sor Rosalia Rendu\",\"datePublished\":\"2019-02-07T19:57:07+00:00\",\"mainEntityOfPage\":{\"@id\":\"https:\/\/vincentians.com\/es\/ozanam-y-sor-rosalia-rendu\/\"},\"wordCount\":1009,\"commentCount\":0,\"publisher\":{\"@id\":\"http:\/\/vincentians.com\/es\/#organization\"},\"image\":{\"@id\":\"https:\/\/vincentians.com\/es\/ozanam-y-sor-rosalia-rendu\/#primaryimage\"},\"thumbnailUrl\":\"https:\/\/i0.wp.com\/vincentians.com\/es\/wp-content\/uploads\/sites\/11\/2013\/04\/hijas-caridad.jpg?fit=1195%2C630&ssl=1\",\"keywords\":[\"Bailly\"],\"articleSection\":[\"Federico Ozanam\",\"Rosal\u00eda Rendu\"],\"inLanguage\":\"es\",\"potentialAction\":[{\"@type\":\"CommentAction\",\"name\":\"Comment\",\"target\":[\"https:\/\/vincentians.com\/es\/ozanam-y-sor-rosalia-rendu\/#respond\"]}]},{\"@type\":\"WebPage\",\"@id\":\"https:\/\/vincentians.com\/es\/ozanam-y-sor-rosalia-rendu\/\",\"url\":\"https:\/\/vincentians.com\/es\/ozanam-y-sor-rosalia-rendu\/\",\"name\":\"Ozanam y Sor Rosalia Rendu - Somos Vicencianos\",\"isPartOf\":{\"@id\":\"http:\/\/vincentians.com\/es\/#website\"},\"primaryImageOfPage\":{\"@id\":\"https:\/\/vincentians.com\/es\/ozanam-y-sor-rosalia-rendu\/#primaryimage\"},\"image\":{\"@id\":\"https:\/\/vincentians.com\/es\/ozanam-y-sor-rosalia-rendu\/#primaryimage\"},\"thumbnailUrl\":\"https:\/\/i0.wp.com\/vincentians.com\/es\/wp-content\/uploads\/sites\/11\/2013\/04\/hijas-caridad.jpg?fit=1195%2C630&ssl=1\",\"datePublished\":\"2019-02-07T19:57:07+00:00\",\"breadcrumb\":{\"@id\":\"https:\/\/vincentians.com\/es\/ozanam-y-sor-rosalia-rendu\/#breadcrumb\"},\"inLanguage\":\"es\",\"potentialAction\":[{\"@type\":\"ReadAction\",\"target\":[\"https:\/\/vincentians.com\/es\/ozanam-y-sor-rosalia-rendu\/\"]}]},{\"@type\":\"ImageObject\",\"inLanguage\":\"es\",\"@id\":\"https:\/\/vincentians.com\/es\/ozanam-y-sor-rosalia-rendu\/#primaryimage\",\"url\":\"https:\/\/i0.wp.com\/vincentians.com\/es\/wp-content\/uploads\/sites\/11\/2013\/04\/hijas-caridad.jpg?fit=1195%2C630&ssl=1\",\"contentUrl\":\"https:\/\/i0.wp.com\/vincentians.com\/es\/wp-content\/uploads\/sites\/11\/2013\/04\/hijas-caridad.jpg?fit=1195%2C630&ssl=1\",\"width\":1195,\"height\":630},{\"@type\":\"BreadcrumbList\",\"@id\":\"https:\/\/vincentians.com\/es\/ozanam-y-sor-rosalia-rendu\/#breadcrumb\",\"itemListElement\":[{\"@type\":\"ListItem\",\"position\":1,\"name\":\"Portada\",\"item\":\"http:\/\/vincentians.com\/es\/\"},{\"@type\":\"ListItem\",\"position\":2,\"name\":\"Ozanam y Sor Rosalia Rendu\"}]},{\"@type\":\"WebSite\",\"@id\":\"http:\/\/vincentians.com\/es\/#website\",\"url\":\"http:\/\/vincentians.com\/es\/\",\"name\":\"Somos Vicencianos\",\"description\":\"Know more to serve more\",\"publisher\":{\"@id\":\"http:\/\/vincentians.com\/es\/#organization\"},\"potentialAction\":[{\"@type\":\"SearchAction\",\"target\":{\"@type\":\"EntryPoint\",\"urlTemplate\":\"http:\/\/vincentians.com\/es\/?s={search_term_string}\"},\"query-input\":{\"@type\":\"PropertyValueSpecification\",\"valueRequired\":true,\"valueName\":\"search_term_string\"}}],\"inLanguage\":\"es\"},{\"@type\":\"Organization\",\"@id\":\"http:\/\/vincentians.com\/es\/#organization\",\"name\":\"The Vincentian Network\",\"url\":\"http:\/\/vincentians.com\/es\/\",\"logo\":{\"@type\":\"ImageObject\",\"inLanguage\":\"es\",\"@id\":\"http:\/\/vincentians.com\/es\/#\/schema\/logo\/image\/\",\"url\":\"https:\/\/i1.wp.com\/vincentians.com\/es\/wp-content\/uploads\/sites\/11\/2016\/06\/Vincentian-Network-logo-big.png?fit=778%2C778\",\"contentUrl\":\"https:\/\/i1.wp.com\/vincentians.com\/es\/wp-content\/uploads\/sites\/11\/2016\/06\/Vincentian-Network-logo-big.png?fit=778%2C778\",\"width\":778,\"height\":778,\"caption\":\"The Vincentian Network\"},\"image\":{\"@id\":\"http:\/\/vincentians.com\/es\/#\/schema\/logo\/image\/\"},\"sameAs\":[\"https:\/\/www.facebook.com\/WeAreVincentians\/\",\"https:\/\/x.com\/WeVincentians\"]},{\"@type\":\"Person\",\"@id\":\"http:\/\/vincentians.com\/es\/#\/schema\/person\/9623ef4d9aa3b2dfb8c061f1499288f2\",\"name\":\"Francisco Javier Fern\u00e1ndez Chento\",\"image\":{\"@type\":\"ImageObject\",\"inLanguage\":\"es\",\"@id\":\"http:\/\/vincentians.com\/es\/#\/schema\/person\/image\/\",\"url\":\"https:\/\/secure.gravatar.com\/avatar\/497d5cde87b4c3d097d0315953521681ba2cd523ee66e5077c3711f7021e65de?s=96&d=mm&r=g\",\"contentUrl\":\"https:\/\/secure.gravatar.com\/avatar\/497d5cde87b4c3d097d0315953521681ba2cd523ee66e5077c3711f7021e65de?s=96&d=mm&r=g\",\"caption\":\"Francisco Javier Fern\u00e1ndez Chento\"},\"description\":\"Director General y cofundador de La Red de Formaci\u00f3n Vicenciana. Javier es laico vicenciano, afiliado a la Congregaci\u00f3n de la Misi\u00f3n y miembro del Equipo de Misiones Populares de la provincia can\u00f3nica de Zaragoza (Espa\u00f1a) de la Congregaci\u00f3n de la Misi\u00f3n. Graduado en la Universidad Oberta de Catalunya con cuatro grados (Asistente de direcci\u00f3n, Gesti\u00f3n Administrativa, Recursos Humanos y Contabilidad Avanzada). Bil\u00edng\u00fce Espa\u00f1ol\/Ingl\u00e9s. gestiona y mantiene varias p\u00e1ginas web cristianas y vicencianas, incluida including La Red de Formaci\u00f3n Vicenciana, de la que es cofundador. Actualmente es responsable del \u00e1rea de Espa\u00f1ol de .famvin, la Red de Noticias de la Familia Vicenciana. Tambi\u00e9n es m\u00fasico cat\u00f3lico y ha editado varios discos. Es Director General y cofundador de Trovador, una reconocida compa\u00f1\u00eda discogr\u00e1fica critiana de Espa\u00f1a. Trabaja en las Tecnolog\u00edas de la Informaci\u00f3n, ofreciendo servicios de alojamiento, dise\u00f1o y mantenimiento Web, as\u00ed como asesoramiento, formaci\u00f3n y soluciones inform\u00e1ticas, gesti\u00f3n documental y digitalizaci\u00f3n de textos, edici\u00f3n y maquetaci\u00f3n de libros, revistas, flyers, etc.\",\"sameAs\":[\"http:\/\/chento.org\",\"https:\/\/www.facebook.com\/JavierChento\",\"https:\/\/x.com\/https:\/\/twitter.com\/javierchento\"],\"url\":\"https:\/\/vincentians.com\/es\/author\/chento\/\"}]}<\/script>\n<!-- \/ Yoast SEO plugin. -->","yoast_head_json":{"title":"Ozanam y Sor Rosalia Rendu - Somos Vicencianos","robots":{"index":"index","follow":"follow","max-snippet":"max-snippet:-1","max-image-preview":"max-image-preview:large","max-video-preview":"max-video-preview:-1"},"canonical":"https:\/\/vincentians.com\/es\/ozanam-y-sor-rosalia-rendu\/","og_locale":"es_ES","og_type":"article","og_title":"Ozanam y Sor Rosalia Rendu - Somos Vicencianos","og_description":"No se concibe describir o narrar la vida y obra de Federico Oza\u00adnam, como se est\u00e1 haciendo este a\u00f1o, sin evocar el recuerdo de Sor Rosal\u00eda Rendu ya que tan estrecha fue su colaboraci\u00f3n en ... Read More","og_url":"https:\/\/vincentians.com\/es\/ozanam-y-sor-rosalia-rendu\/","og_site_name":"Somos Vicencianos","article_publisher":"https:\/\/www.facebook.com\/WeAreVincentians\/","article_author":"https:\/\/www.facebook.com\/JavierChento","article_published_time":"2019-02-07T19:57:07+00:00","og_image":[{"width":1195,"height":630,"url":"https:\/\/i0.wp.com\/vincentians.com\/es\/wp-content\/uploads\/sites\/11\/2013\/04\/hijas-caridad.jpg?fit=1195%2C630&ssl=1","type":"image\/jpeg"}],"author":"Francisco Javier Fern\u00e1ndez Chento","twitter_card":"summary_large_image","twitter_creator":"@https:\/\/twitter.com\/javierchento","twitter_site":"@WeVincentians","twitter_misc":{"Escrito por":"Francisco Javier Fern\u00e1ndez Chento","Tiempo de lectura":"5 minutos"},"schema":{"@context":"https:\/\/schema.org","@graph":[{"@type":"Article","@id":"https:\/\/vincentians.com\/es\/ozanam-y-sor-rosalia-rendu\/#article","isPartOf":{"@id":"https:\/\/vincentians.com\/es\/ozanam-y-sor-rosalia-rendu\/"},"author":{"name":"Francisco Javier Fern\u00e1ndez Chento","@id":"http:\/\/vincentians.com\/es\/#\/schema\/person\/9623ef4d9aa3b2dfb8c061f1499288f2"},"headline":"Ozanam y Sor Rosalia Rendu","datePublished":"2019-02-07T19:57:07+00:00","mainEntityOfPage":{"@id":"https:\/\/vincentians.com\/es\/ozanam-y-sor-rosalia-rendu\/"},"wordCount":1009,"commentCount":0,"publisher":{"@id":"http:\/\/vincentians.com\/es\/#organization"},"image":{"@id":"https:\/\/vincentians.com\/es\/ozanam-y-sor-rosalia-rendu\/#primaryimage"},"thumbnailUrl":"https:\/\/i0.wp.com\/vincentians.com\/es\/wp-content\/uploads\/sites\/11\/2013\/04\/hijas-caridad.jpg?fit=1195%2C630&ssl=1","keywords":["Bailly"],"articleSection":["Federico Ozanam","Rosal\u00eda Rendu"],"inLanguage":"es","potentialAction":[{"@type":"CommentAction","name":"Comment","target":["https:\/\/vincentians.com\/es\/ozanam-y-sor-rosalia-rendu\/#respond"]}]},{"@type":"WebPage","@id":"https:\/\/vincentians.com\/es\/ozanam-y-sor-rosalia-rendu\/","url":"https:\/\/vincentians.com\/es\/ozanam-y-sor-rosalia-rendu\/","name":"Ozanam y Sor Rosalia Rendu - Somos Vicencianos","isPartOf":{"@id":"http:\/\/vincentians.com\/es\/#website"},"primaryImageOfPage":{"@id":"https:\/\/vincentians.com\/es\/ozanam-y-sor-rosalia-rendu\/#primaryimage"},"image":{"@id":"https:\/\/vincentians.com\/es\/ozanam-y-sor-rosalia-rendu\/#primaryimage"},"thumbnailUrl":"https:\/\/i0.wp.com\/vincentians.com\/es\/wp-content\/uploads\/sites\/11\/2013\/04\/hijas-caridad.jpg?fit=1195%2C630&ssl=1","datePublished":"2019-02-07T19:57:07+00:00","breadcrumb":{"@id":"https:\/\/vincentians.com\/es\/ozanam-y-sor-rosalia-rendu\/#breadcrumb"},"inLanguage":"es","potentialAction":[{"@type":"ReadAction","target":["https:\/\/vincentians.com\/es\/ozanam-y-sor-rosalia-rendu\/"]}]},{"@type":"ImageObject","inLanguage":"es","@id":"https:\/\/vincentians.com\/es\/ozanam-y-sor-rosalia-rendu\/#primaryimage","url":"https:\/\/i0.wp.com\/vincentians.com\/es\/wp-content\/uploads\/sites\/11\/2013\/04\/hijas-caridad.jpg?fit=1195%2C630&ssl=1","contentUrl":"https:\/\/i0.wp.com\/vincentians.com\/es\/wp-content\/uploads\/sites\/11\/2013\/04\/hijas-caridad.jpg?fit=1195%2C630&ssl=1","width":1195,"height":630},{"@type":"BreadcrumbList","@id":"https:\/\/vincentians.com\/es\/ozanam-y-sor-rosalia-rendu\/#breadcrumb","itemListElement":[{"@type":"ListItem","position":1,"name":"Portada","item":"http:\/\/vincentians.com\/es\/"},{"@type":"ListItem","position":2,"name":"Ozanam y Sor Rosalia Rendu"}]},{"@type":"WebSite","@id":"http:\/\/vincentians.com\/es\/#website","url":"http:\/\/vincentians.com\/es\/","name":"Somos Vicencianos","description":"Know more to serve more","publisher":{"@id":"http:\/\/vincentians.com\/es\/#organization"},"potentialAction":[{"@type":"SearchAction","target":{"@type":"EntryPoint","urlTemplate":"http:\/\/vincentians.com\/es\/?s={search_term_string}"},"query-input":{"@type":"PropertyValueSpecification","valueRequired":true,"valueName":"search_term_string"}}],"inLanguage":"es"},{"@type":"Organization","@id":"http:\/\/vincentians.com\/es\/#organization","name":"The Vincentian Network","url":"http:\/\/vincentians.com\/es\/","logo":{"@type":"ImageObject","inLanguage":"es","@id":"http:\/\/vincentians.com\/es\/#\/schema\/logo\/image\/","url":"https:\/\/i1.wp.com\/vincentians.com\/es\/wp-content\/uploads\/sites\/11\/2016\/06\/Vincentian-Network-logo-big.png?fit=778%2C778","contentUrl":"https:\/\/i1.wp.com\/vincentians.com\/es\/wp-content\/uploads\/sites\/11\/2016\/06\/Vincentian-Network-logo-big.png?fit=778%2C778","width":778,"height":778,"caption":"The Vincentian Network"},"image":{"@id":"http:\/\/vincentians.com\/es\/#\/schema\/logo\/image\/"},"sameAs":["https:\/\/www.facebook.com\/WeAreVincentians\/","https:\/\/x.com\/WeVincentians"]},{"@type":"Person","@id":"http:\/\/vincentians.com\/es\/#\/schema\/person\/9623ef4d9aa3b2dfb8c061f1499288f2","name":"Francisco Javier Fern\u00e1ndez Chento","image":{"@type":"ImageObject","inLanguage":"es","@id":"http:\/\/vincentians.com\/es\/#\/schema\/person\/image\/","url":"https:\/\/secure.gravatar.com\/avatar\/497d5cde87b4c3d097d0315953521681ba2cd523ee66e5077c3711f7021e65de?s=96&d=mm&r=g","contentUrl":"https:\/\/secure.gravatar.com\/avatar\/497d5cde87b4c3d097d0315953521681ba2cd523ee66e5077c3711f7021e65de?s=96&d=mm&r=g","caption":"Francisco Javier Fern\u00e1ndez Chento"},"description":"Director General y cofundador de La Red de Formaci\u00f3n Vicenciana. Javier es laico vicenciano, afiliado a la Congregaci\u00f3n de la Misi\u00f3n y miembro del Equipo de Misiones Populares de la provincia can\u00f3nica de Zaragoza (Espa\u00f1a) de la Congregaci\u00f3n de la Misi\u00f3n. Graduado en la Universidad Oberta de Catalunya con cuatro grados (Asistente de direcci\u00f3n, Gesti\u00f3n Administrativa, Recursos Humanos y Contabilidad Avanzada). Bil\u00edng\u00fce Espa\u00f1ol\/Ingl\u00e9s. gestiona y mantiene varias p\u00e1ginas web cristianas y vicencianas, incluida including La Red de Formaci\u00f3n Vicenciana, de la que es cofundador. Actualmente es responsable del \u00e1rea de Espa\u00f1ol de .famvin, la Red de Noticias de la Familia Vicenciana. Tambi\u00e9n es m\u00fasico cat\u00f3lico y ha editado varios discos. Es Director General y cofundador de Trovador, una reconocida compa\u00f1\u00eda discogr\u00e1fica critiana de Espa\u00f1a. Trabaja en las Tecnolog\u00edas de la Informaci\u00f3n, ofreciendo servicios de alojamiento, dise\u00f1o y mantenimiento Web, as\u00ed como asesoramiento, formaci\u00f3n y soluciones inform\u00e1ticas, gesti\u00f3n documental y digitalizaci\u00f3n de textos, edici\u00f3n y maquetaci\u00f3n de libros, revistas, flyers, etc.","sameAs":["http:\/\/chento.org","https:\/\/www.facebook.com\/JavierChento","https:\/\/x.com\/https:\/\/twitter.com\/javierchento"],"url":"https:\/\/vincentians.com\/es\/author\/chento\/"}]}},"jetpack_publicize_connections":[],"jetpack_featured_media_url":"https:\/\/i0.wp.com\/vincentians.com\/es\/wp-content\/uploads\/sites\/11\/2013\/04\/hijas-caridad.jpg?fit=1195%2C630&ssl=1","jetpack_sharing_enabled":true,"jetpack_shortlink":"https:\/\/wp.me\/p7ETMF-np0","jetpack-related-posts":[{"id":143683,"url":"https:\/\/vincentians.com\/es\/federico-ozanam-y-sor-rosalia-rendu-un-encuentro-providencial\/","url_meta":{"origin":89962,"position":0},"title":"Federico Ozanam y Sor Rosal\u00eda Rendu, un encuentro providencial","author":"Francisco Javier Fern\u00e1ndez Chento","date":"09\/09\/2024","format":false,"excerpt":"En su carta enc\u00edclica Deus Caritas est, el Papa Benedicto XVI afirma: \u201cse comienza a ser cristiano\u2026 por el encuentro con un acontecimiento, con una Persona, que da un nuevo horizonte a la vida y, con ello, una orientaci\u00f3n decisiva.\u201d El Santo Padre habla aqu\u00ed del encuentro con el Verbo\u2026","rel":"","context":"En \u00abFederico Ozanam\u00bb","block_context":{"text":"Federico Ozanam","link":"https:\/\/vincentians.com\/es\/category\/la-familia-vicenciana\/fundadores\/federico-ozanam\/"},"img":{"alt_text":"","src":"https:\/\/i0.wp.com\/vincentians.com\/es\/wp-content\/uploads\/sites\/11\/2017\/10\/hijas-caridad1.jpg?fit=846%2C446&ssl=1&resize=350%2C200","width":350,"height":200,"srcset":"https:\/\/i0.wp.com\/vincentians.com\/es\/wp-content\/uploads\/sites\/11\/2017\/10\/hijas-caridad1.jpg?fit=846%2C446&ssl=1&resize=350%2C200 1x, https:\/\/i0.wp.com\/vincentians.com\/es\/wp-content\/uploads\/sites\/11\/2017\/10\/hijas-caridad1.jpg?fit=846%2C446&ssl=1&resize=525%2C300 1.5x, https:\/\/i0.wp.com\/vincentians.com\/es\/wp-content\/uploads\/sites\/11\/2017\/10\/hijas-caridad1.jpg?fit=846%2C446&ssl=1&resize=700%2C400 2x"},"classes":[]},{"id":25874,"url":"https:\/\/vincentians.com\/es\/formacion-para-la-excelencia-modulo-02-3%c2%ba-federico-ozanam-su-espiritualidad-rosalia-rendu\/","url_meta":{"origin":89962,"position":1},"title":"Formaci\u00f3n para la excelencia (M\u00f3dulo 02): 3\u00ba. Federico Ozanam, su espiritualidad. Rosal\u00eda Rendu.","author":"Francisco Javier Fern\u00e1ndez Chento","date":"08\/09\/2013","format":false,"excerpt":"Federico Ozanam Fue hijo de Juan Antonio Ozanam y Mar\u00eda Nantes, naci\u00f3 en Mil\u00e1n (ciudad entonces de influencia francesa) el 23 de abril de 1813. Ozanam fue profesor universitario, seglar, escritor y apologista, uno de los fundadores de las Conferencias de San Vicente de Pa\u00fal. March\u00f3 a Par\u00eds en noviembre\u2026","rel":"","context":"En \u00abFormaci\u00f3n Vicenciana\u00bb","block_context":{"text":"Formaci\u00f3n Vicenciana","link":"https:\/\/vincentians.com\/es\/category\/formacion-vicenciana\/"},"img":{"alt_text":"","src":"https:\/\/i0.wp.com\/vicencianos.org\/wp-content\/2011\/01\/ozanam1-260x300.png?resize=350%2C200","width":350,"height":200},"classes":[]},{"id":29030,"url":"https:\/\/vincentians.com\/es\/sor-rosalia-rendu-el-fuego-de-la-caridad\/","url_meta":{"origin":89962,"position":2},"title":"Sor Rosal\u00eda Rendu, el fuego de la caridad","author":"Francisco Javier Fern\u00e1ndez Chento","date":"07\/02\/2024","format":false,"excerpt":"Las Hijas de la Caridad de San Vicente de Pa\u00fal, fundadas en 1633 en Par\u00eds, gozamos de un gran privilegio al tener en los altares a nuestros fundadores San Vicente de Pa\u00fal, canonizado por el Papa Clemente XIII en 1737, Santa Luisa de Marillac, canonizada por P\u00edo XI en 1920,\u2026","rel":"","context":"En \u00abRosal\u00eda Rendu\u00bb","block_context":{"text":"Rosal\u00eda Rendu","link":"https:\/\/vincentians.com\/es\/category\/la-familia-vicenciana\/la-familia-vicenciana-en-los-altares\/beatos\/rosalia-rendu\/"},"img":{"alt_text":"","src":"https:\/\/i0.wp.com\/vincentians.com\/es\/wp-content\/uploads\/sites\/11\/2013\/04\/36.jpg?fit=1200%2C795&ssl=1&resize=350%2C200","width":350,"height":200,"srcset":"https:\/\/i0.wp.com\/vincentians.com\/es\/wp-content\/uploads\/sites\/11\/2013\/04\/36.jpg?fit=1200%2C795&ssl=1&resize=350%2C200 1x, https:\/\/i0.wp.com\/vincentians.com\/es\/wp-content\/uploads\/sites\/11\/2013\/04\/36.jpg?fit=1200%2C795&ssl=1&resize=525%2C300 1.5x, https:\/\/i0.wp.com\/vincentians.com\/es\/wp-content\/uploads\/sites\/11\/2013\/04\/36.jpg?fit=1200%2C795&ssl=1&resize=700%2C400 2x, https:\/\/i0.wp.com\/vincentians.com\/es\/wp-content\/uploads\/sites\/11\/2013\/04\/36.jpg?fit=1200%2C795&ssl=1&resize=1050%2C600 3x"},"classes":[]},{"id":386828,"url":"https:\/\/vincentians.com\/es\/federico-ozanam-un-santo-polifacetico-y-modelico\/","url_meta":{"origin":89962,"position":3},"title":"Federico Ozanam, un santo polifac\u00e9tico y mod\u00e9lico","author":"Francisco Javier Fern\u00e1ndez Chento","date":"09\/09\/2024","format":false,"excerpt":"Federico Ozanam, hombre polifac\u00e9tico y mod\u00e9lico Es para m\u00ed una satisfacci\u00f3n estar aqu\u00ed en esta mesa con el objetivo de presentar la figura del beato Federico Ozanam con motivo de la edici\u00f3n de su correspondencia. Quiero iniciar mi reflexi\u00f3n recordando el breve retrato que hizo de su persona el historiador\u2026","rel":"","context":"En \u00abFederico Ozanam\u00bb","block_context":{"text":"Federico Ozanam","link":"https:\/\/vincentians.com\/es\/category\/la-familia-vicenciana\/fundadores\/federico-ozanam\/"},"img":{"alt_text":"","src":"https:\/\/i0.wp.com\/vincentians.com\/es\/wp-content\/uploads\/sites\/11\/2016\/09\/Federico-Ozanam-5.jpg?fit=472%2C689&ssl=1&resize=350%2C200","width":350,"height":200},"classes":[]},{"id":120718,"url":"https:\/\/vincentians.com\/es\/sor-rosalia-rendu-3\/","url_meta":{"origin":89962,"position":4},"title":"Sor Rosal\u00eda Rendu","author":"Francisco Javier Fern\u00e1ndez Chento","date":"20\/05\/2013","format":false,"excerpt":"Cada vez que nos asomamos a la vida de Sor Rosal\u00eda nos invade el asombro. \u00bfC\u00f3mo pudo una mujer sencilla, de origen humilde y fr\u00e1gil de salud desplegar tanta y tan variada actividad? Algunos datos biogr\u00e1ficos Sor Rosal\u00eda nace el 9 de septiembre de 1786 en Confort, Jura. Sus padres,\u2026","rel":"","context":"En \u00abRosal\u00eda Rendu\u00bb","block_context":{"text":"Rosal\u00eda Rendu","link":"https:\/\/vincentians.com\/es\/category\/la-familia-vicenciana\/la-familia-vicenciana-en-los-altares\/beatos\/rosalia-rendu\/"},"img":{"alt_text":"Sor-Rosalia-Rendu","src":"https:\/\/i0.wp.com\/vicencianos.org\/wp-content\/2010\/12\/Sor-Rosalia-Rendu-253x300.jpg?resize=350%2C200","width":350,"height":200},"classes":[]},{"id":29037,"url":"https:\/\/vincentians.com\/es\/liturgia-de-la-eucaristia-en-la-fiesta-de-la-beata-rosalia-rendu\/","url_meta":{"origin":89962,"position":5},"title":"Liturgia de la Eucarist\u00eda en la fiesta de la beata Rosal\u00eda Rendu","author":"Francisco Javier Fern\u00e1ndez Chento","date":"07\/02\/2015","format":false,"excerpt":"Memoria Sor Rosal\u00eda (Juana Mar\u00eda) Rendu, naci\u00f3 el 9 de septiembre de 1786 en Confort, en el cant\u00f3n de Ain, en Francia. Desde ni\u00f1a fue educada en el ejercicio de la caridad, por lo que el atractivo por el servicio de los pobres era en ella natural. Cuando ten\u00eda 15\u2026","rel":"","context":"En \u00abRosal\u00eda Rendu\u00bb","block_context":{"text":"Rosal\u00eda Rendu","link":"https:\/\/vincentians.com\/es\/category\/la-familia-vicenciana\/la-familia-vicenciana-en-los-altares\/beatos\/rosalia-rendu\/"},"img":{"alt_text":"","src":"https:\/\/i0.wp.com\/vicencianos.org\/vicencianos\/files\/2010\/04\/Beata_Rosalia_Rendu_A-219x300.jpg?resize=350%2C200","width":350,"height":200},"classes":[]}],"_links":{"self":[{"href":"https:\/\/vincentians.com\/es\/wp-json\/wp\/v2\/posts\/89962","targetHints":{"allow":["GET"]}}],"collection":[{"href":"https:\/\/vincentians.com\/es\/wp-json\/wp\/v2\/posts"}],"about":[{"href":"https:\/\/vincentians.com\/es\/wp-json\/wp\/v2\/types\/post"}],"author":[{"embeddable":true,"href":"https:\/\/vincentians.com\/es\/wp-json\/wp\/v2\/users\/4"}],"replies":[{"embeddable":true,"href":"https:\/\/vincentians.com\/es\/wp-json\/wp\/v2\/comments?post=89962"}],"version-history":[{"count":3,"href":"https:\/\/vincentians.com\/es\/wp-json\/wp\/v2\/posts\/89962\/revisions"}],"predecessor-version":[{"id":402153,"href":"https:\/\/vincentians.com\/es\/wp-json\/wp\/v2\/posts\/89962\/revisions\/402153"}],"wp:featuredmedia":[{"embeddable":true,"href":"https:\/\/vincentians.com\/es\/wp-json\/wp\/v2\/media\/398522"}],"wp:attachment":[{"href":"https:\/\/vincentians.com\/es\/wp-json\/wp\/v2\/media?parent=89962"}],"wp:term":[{"taxonomy":"category","embeddable":true,"href":"https:\/\/vincentians.com\/es\/wp-json\/wp\/v2\/categories?post=89962"},{"taxonomy":"post_tag","embeddable":true,"href":"https:\/\/vincentians.com\/es\/wp-json\/wp\/v2\/tags?post=89962"}],"curies":[{"name":"wp","href":"https:\/\/api.w.org\/{rel}","templated":true}]}}