{"id":77662,"date":"2017-08-23T08:30:47","date_gmt":"2017-08-23T06:30:47","guid":{"rendered":"http:\/\/somos.vicencianos.org\/?p=77662"},"modified":"2017-07-06T10:10:25","modified_gmt":"2017-07-06T08:10:25","slug":"el-p-vicente-ferrer-primer-visitador-ii","status":"publish","type":"post","link":"https:\/\/vincentians.com\/es\/el-p-vicente-ferrer-primer-visitador-ii\/","title":{"rendered":"El P. Vicente Ferrer, Primer Visitador (II)"},"content":{"rendered":"<p align=\"center\"><img data-recalc-dims=\"1\" loading=\"lazy\" decoding=\"async\" class=\"alignnone size-medium wp-image-400138 alignleft\" src=\"https:\/\/i0.wp.com\/vincentians.com\/es\/wp-content\/uploads\/sites\/11\/2011\/11\/Logo-CM-II-248x300.jpg?resize=248%2C300\" alt=\"\" width=\"248\" height=\"300\" \/>CAPITULO II<\/p>\n<p align=\"center\"><strong>Ingresa en la Congregaci\u00f3n de la Misi\u00f3n. <\/strong><strong>Despu\u00e9s de ordenarse de sacerdote le dedican sucesivamente a la ense\u00f1anza de la Filosof\u00eda y a las misiones (1743-1754).<\/strong><\/p>\n<p>Estando ya muy entrado en los 22 a\u00f1os de u edad, visti\u00f3 Vicente Ferrer la sotana de misionero el 2 de junio de 1743. \u00abSu estatu\u00adra era mediana, dice un contempor\u00e1neo suyo, de complexi\u00f3n flaca, aunque sana, largo de cara, de ojos negros y agudos, nariz aguile\u00f1a y de boca peque\u00f1a; de exterior grave y mo\u00addesto, y tan invariable como la misma esta\u00adtura y rostro.\u00bb<\/p>\n<p>Fue su maestro en el noviciado el P. Este\u00adban Pinell, \u00absacerdote de mucha virtud e instrucci\u00f3n\u00bb, que goz\u00f3 de merecida fama como director de conciencias y fu\u00e9 hombre sumamente laborioso, seg\u00fan es de ver por los numerosos manuscritos que de \u00e9l se guardan en la Biblioteca Provincial y Universita\u00adria de Barcelona, y por las obritas que publi\u00adc\u00f3, arregl\u00e1ndolas, y traduci\u00e9ndolas del italia\u00adno y del franc\u00e9s, tales como <strong>El alma desolada <\/strong>y el <strong>Camino del cielo, <\/strong>que cuentan numero\u00adsas ediciones y todav\u00eda figuran en los cat\u00e1\u00adlogos de librer\u00eda.<\/p>\n<p>Cuando ingres\u00f3 Ferrer en la Congregaci\u00f3n, la casa de Barcelona, fundada por una colo\u00adnia de santos Misioneros venidos de Italia, contaba 39 a\u00f1os de existencia, y en ella se conservaba todo el fervor primitivo. Tratando en cierta ocasi\u00f3n del buen ejemplo, afirm\u00f3 el P. Ferrer en una conferencia a la Comunidad de Barcelona: \u00abEn esta casa siempre ha ha\u00adbido buenos ejemplos, desde los principios que se fund\u00f3, que fu\u00e9 el a\u00f1o cuatro: siempre ha habido algunos que han sido ejemplares; al principio aquellos fundadores que vinieron eran tan ejemplares, que no hab\u00eda m\u00e1s que pedir; pero tambi\u00e9n los ha habido despu\u00e9s. Superiores he visto, mayormente en los prin\u00adcipios que yo estaba aqu\u00ed, que eran ejempla\u00adr\u00edsimos en todo, delicados de conciencia coma si fueran novicios: en la modestia, en la mesa, en las Reglas y en todo, era una cosa que no hay igual.\u00bb Del superior P. Jos\u00e9 Tort, afirma que era un \u00absanto\u00bb.<\/p>\n<p>Ferrer trabaj\u00f3 con ah\u00ednco por seguir e imitar tan hermosos ejemplos, aprendiendo de uno la puntualidad a los actos, de otro la re\u00adverencia y gravedad en los divinos oficios, de \u00e9ste la humildad y mansedumbre, de aqu\u00e9l la mortificaci\u00f3n y fiel observancia de las Reglas, y de todos el silencio, el retiro y la laboriosi\u00addad. Desde entonces adquiri\u00f3, sin duda, la costumbre de anotar en un cuaderno lo m\u00e1s interesante que encontraba en sus lecturas, pr\u00e1ctica que \u00e9l tanto recomienda en el <strong>Tra\u00adtado de los ejercidos de piedad <\/strong>al hablar del modo de hacer la lectura espiritual. Por un cuaderno que se ha salvado y se guarda en la Biblioteca Provincial Universitaria de Bar\u00adcelona, se ve que el P. Ferrer, despu\u00e9s de empaparse bien en el esp\u00edritu de la Congre\u00adgaci\u00f3n leyendo y extractando la vida de San Vicente de Pa\u00fal, por Abelly, sus autores pre\u00addilectos eran: San Francisco de Sales, San Juan de la Cruz, Santa Teresa de Jes\u00fas, Fray Luis de Granada, la Venerable Agreda, el Nieremberg, el Venerable Palafox y las idas de San Felipe Neri y Santa Francisca Fremiot de Chantal.<\/p>\n<p>Sin duda, Ferrer, que despu\u00e9s trat\u00f3 tan bien de las tentaciones e impedimentos que e encuentran en el camino de la virtud, ex\u00adperiment\u00f3 las dificultades, las agon\u00edas, las luchas que sufren los que quieren darse de veras a Dios. Mas \u00e9l, teniendo presentes las palabras del Ap\u00f3stol: <strong>Obrad varonilmente y e<\/strong><strong>sforzaos en el Se\u00f1or, <\/strong>no hizo caso de las difi\u00adcultades y obst\u00e1culos, y con la pr\u00e1ctica de los ejercicios de piedad procur\u00f3 aumentar a gracia, \u00abcon la que todo se facilita \u2014son sus palabras\u2014, se quitan las dificultades; lo amargo se vuelve dulce, el trabajo no se siente, se ama lo que antes se aborrec\u00eda y se aborrece lo que antes se amaba, se true\u00adcan las reflexiones del entendimiento, y se mudan los afectos del coraz\u00f3n, y de este mo\u00addo viene a hacerse facil\u00edsimo el camino de la virtud y suave su pr\u00e1ctica\u00bb.<\/p>\n<p>Desde el principio de su ingreso en el se\u00adminario, de seguro que dir\u00eda, como el alma animosa de que nos habla en uno de sus pre\u00adciosos tratados: \u00abDe mi Dios espero, segura\u00admente, el perd\u00f3n de mis culpas, de su infi\u00adnita misericordia y piedad, la gracia para la enmienda, y de su paternal bondad y cle\u00admencia, el valor para vencer las tentaciones, para superar las dificultades en la pr\u00e1ctica de las virtudes, y finalmente, para sufrir cua\u00adlesquiera penas interiores y exteriores con- que se dignare probarme mi Dios, mi Padre, mi Criador, mi Redentor y mi Esposo. Ea, Se\u00f1or, criad en m\u00ed un coraz\u00f3n nuevo y con\u00adfiado, que disipe y destierre de m\u00ed todas las perplejidades y desconfianzas, para que, qui\u00adtado este primero y el mayor de los impedi\u00admentos, y el m\u00e1s denigrativo e injurioso a vuestra Divina Majestad y paternal bondad, os ame con todo mi coraz\u00f3n y con una san\u00adta libertad y generosidad de esp\u00edritu, os sir\u00adva con todas mis potencias, sentidos y fuer\u00adzas por todo el tiempo de mi vida\u00bb.<\/p>\n<p>Por fin, concluidos los dos a\u00f1os de noviciado y siendo ya di\u00e1cono, hizo los votos el d\u00eda 3 de junio de 1745 y el 26 de marzo del a\u00f1o siguiente fue ordenado sacerdote. Siem\u00adpre se mostr\u00f3 muy agradecido a Dios por ha\u00adberle llamado a la Congregaci\u00f3n; porque cre\u00eda que en ninguna parte se encontraban medios tan acomodados y f\u00e1ciles para la pro\u00adpia santificaci\u00f3n y para trabajar en la salva\u00adci\u00f3n del pr\u00f3jimo. Nada tem\u00eda tanto por esto, como el perder la vocaci\u00f3n y no correspon\u00adder a tan gran beneficio. \u00abTodos los que de\u00adjan la vocaci\u00f3n, afirmaba el d\u00eda de San Ma\u00adt\u00edas del a\u00f1o 1789 ante la comunidad de Bar\u00adcelona, son castigados de un modo o de otro; interiormente todos padecen con los remor\u00addimientos, aunque esto no se ve. No creo que haya ninguno que no sea castigado de Dios con particularidad en esta vida, y en la muer\u00adte, qui\u00e9n sabe lo que ser\u00e1. De los que han sa\u00adlido, ya hemos visto a dos que han parado en manos de la justicia, y bien castigados que han sido&#8230; A otros hemos visto que cuando ten\u00edan alguna conveniencia para vivir, se han muerto en la flor de la edad&#8230; No les imite\u00admos y procuremos corresponder bien a la vocaci\u00f3n hasta la muerte, como lo hizo San Mat\u00edas.\u00bb<\/p>\n<p>Ordenado de sacerdote, como llevamos di\u00adcho, le dedicaron los Superiores a ense\u00f1ar a los j\u00f3venes Misioneros que se formaban en aquella casa la Filosof\u00eda, \u00abllave maestra de las dem\u00e1s ciencias\u00bb, como \u00e9l mismo la llama muy acertadamente, (no olvidando, al mismo tiempo que desempe\u00f1aba su c\u00e1tedra, el estudio de la asc\u00e9tica y de la moral que tanto hab\u00edan de servirle para las misiones. Procur\u00f3 vivir retirado, sin buscar noticias ni atender a lo que pasaba a su alrededor, trabajando por santificarse en el cumpli\u00admiento fiel de su obligaci\u00f3n. \u00abNo es grande mortificaci\u00f3n el retiro y silencio, afirmaba en los \u00faltimos d\u00edas de su vida. Todos aque\u00adllos <sup>.<\/sup>que son dados al esp\u00edritu, no sienten na\u00adda el retiro ni el silencio, ni se cuidan de es\u00adto tampoco: su contento es estarse retira\u00addos. Que tengamos ocupaci\u00f3n, esto es lo que nos hace suave el retiro; porque si tuvi\u00e9ra\u00admos que estar todo el d\u00eda en el aposento sin hacer nada, no lo podr\u00edamos sufrir; yo por lo menos padecer\u00eda mucho; pero con la ocupaci\u00f3n que uno tiene, pasa los d\u00edas sin darse. cuenta\u00bb.<\/p>\n<p>Para que se fuera adiestrando en el im\u00adportant\u00edsimo ministerio de las misiones, le enviaron, en 1751, con los famosos misione\u00adros PP. Justafr\u00e9, Rocamora y Rafols a dar una misi\u00f3n en San Cugat del Vall\u00e9s. Asi\u00e9n\u00adtase este famoso y antiqu\u00edsimo monasterio, junto con el pueblo que se form\u00f3 a su lado, en paraje delicioso sobre una loma del Vall\u00e9s, detr\u00e1s del lindo Tibidabo. Est\u00e1 el mo\u00adnasterio en la parte oriental del pueblo, del que lo separa una gran plaza, de la que han desaparecido los corpulentos olmos del tiem\u00adpo de los monjes. Es admirable \u00abla majes\u00adtad, hermosura y severidad del edificio\u00bb. En el frontis almenado del esbelto y severo tem\u00adplo de tres naves, sobre la gran puerta prin\u00adcipal, \u00e1brese grande y hermos\u00edsimo roset\u00f3n de calados radiados. F\u00e1cilmente nos imagi\u00adnamos la admiraci\u00f3n del P. Ferrer y de sus compa\u00f1eros al penetrar en aquella verdade\u00adra catedral del Vall\u00e9s y postrarse ante el de\u00adlicado y precioso retablo del altar mayor con su mesa de colosales dimensiones y de una sola pieza; pero su sorpresa ser\u00eda a\u00fan mayor cuando despu\u00e9s de abierta la misi\u00f3n por aquel santo misionero que iba de direc\u00adtor, el P. Justafr\u00e9, entrasen en el anchuro\u00adso claustro bajo del monasterio, que algunos califican corno el \u00abmejor y m\u00e1s delicado de os claustros catalanes\u00bb, de estilo rom\u00e1nico uro, con doble hilera de columnas, en cu\u00adyos graciosos capiteles est\u00e1n representadas escenas de la vida civil y militar, de la sagra\u00adda escritura y multitud de caprichosos animales y vegetales.<\/p>\n<p>Tampoco dejar\u00eda de ver el P. Ferrer, tan amante de los libros, la riqu\u00edsima bibliote\u00adca y archivo del monasterio, donde se guar\u00addaban multitud de ediciones raras y c\u00f3dices de inapreciable valor, que han ido a enrique\u00adcer el Real Archivo de la Corona de Arag\u00f3n. Los dos \u00fanicos papiros que hay en este fa\u00admoso archivo, proceden de San Cugat.<\/p>\n<p>Pero dejando a un lado tantas riquezas ar\u00adt\u00edsticas y literarias, algunas lastimosamente en ruinas, veamos lo que contiene, respec\u00adto, de esta primera misi\u00f3n, en que tom\u00f3 par\u00adte el P. Ferrer, el precioso <strong>Libro de Misiones <\/strong><strong>de la casa <em>de <\/em>Barcelona. <\/strong>Con su laconismo acostumbrado dice que la misi\u00f3n dur\u00f3 des\u00adde el 14 de marzo al 5 de abril de 1751, con mucha concurrencia de fieles, y fruto ex\u00adtraordinario, comulgando al pie de dos mil personas. El P. Justafr\u00e9 predic\u00f3 los sermo\u00adnes y pl\u00e1ticas aparte a los monjes benedic\u00adtinos, que asist\u00edan todos con su c\u00e9lebre abad D. Buenaventura de Gayol\u00e1 y Vi\u00adlossa, tan benem\u00e9rito de aquel famoso mo\u00adnasterio; el P. Rocamora predic\u00f3 las pl\u00e1ti\u00adcas de la ma\u00f1ana, y las doctrinas, los Padres Rafols y Ferrer. Concluyeron el Lunes San\u00adto y regresaron a Barcelona. Aquel a\u00f1o no volvi\u00f3 a salir el P. Ferrer a misiones; en el siguiente, 1752, tom\u00f3 parte en cuatro, a sa\u00adber: la de Granollers, que dur\u00f3 del 23 de ene\u00adro al 23 de febrero, con mucha asistencia, fervor y fruto extraordinario, concurriendo tambi\u00e9n muchos de los pueblos circunveci\u00adnos. Para mantener el fruto de la misi\u00f3n, de\u00adjaron establecido en la iglesia parroquial el ejercicio de la oraci\u00f3n<sup>&#8211;<\/sup> mental cotidiana, y promovieron <sub>.<\/sub>la devoci\u00f3n y aumento de la Congregaci\u00f3n de los Dolores. A continuaci\u00f3n de la anterior, dieron misi\u00f3n en Llin\u00e1s, con\u00adcluyendo el .15 de marzo. En ambas predic\u00f3 el P. Ferrer las doctrinas. Las predic\u00f3 asimis\u00admo en las otras dos misiones del mismo ario: la de Moy\u00e1, que la dieron cinco operarios, desde el 4 de noviembre al 11 de diciembre\u201e siendo director el P. Melci\u00f3n, uno de los grandes misioneros de la antigua casa de Barcelona que muri\u00f3 santamente con las ar\u00admas en la mano en 1782, en Alayor (Ma\u00adh\u00f3n), donde estaba preparando a los fieles para la visita pastoral, y fu\u00e9 enterrado en la iglesia parroquial de aquella villa; y la de San Feli\u00fa Saserra, empezada el mismo d\u00eda que terminaron, la anterior, concluyendo el 4 de enero del a\u00f1o siguiente. Las dos fueron muy fructuosas: en la primera se arreglaron muchas discordias entre familias principales y parientes que no se hablaban hac\u00eda m\u00e1s de veinte a\u00f1os, y comulgaron arri\u00adba de dos mil almas; y en la segunda zanja\u00adron las diferencias que hab\u00eda entre el p\u00e1rro\u00adco y su, pueblo, con motivo de querer \u00e9ste que se observasen ciertos derechos y cos\u00adtumbres que no deb\u00edan ser muy laudables.<\/p>\n<p>En 1753 ayud\u00f3 el P. Ferrer a dar misi\u00f3n en Centellas, Monistrol de Caldeas, Canet de Mar, Vilasar, Falset, Porrera y Alcover, predicando las doctrinas, las pl\u00e1ticas o simple\u00admente ayudando a confesar. Todas estas mi\u00adsiones fueron tambi\u00e9n fructuos\u00edsimas, ter\u00admin\u00e1ndose con ellas muchas discordias en\u00adtre los vecinos, \u00f3 bien entre \u00e9stos y las auto\u00adridades, y no pocas entre los casados. No faltaron tampoco algunas conversiones ex\u00adtraordinarias de pecadores escandalosos, se\u00ad\u00f1aladamente en Falset.<\/p>\n<p>Al a\u00f1o siguiente, 1754, trabaj\u00f3 el P. Fe\u00adrrer en las misiones de Pla, Raureil y, sobre todo, en las de Valls y Vich. He aqu\u00ed lo que respecto a estas dos \u00faltimas dice el curioso Libro de Misiones de la casa de Barcelona: \u00abEl 22 de enero de 1754 se comenz\u00f3 la mi\u00adsi\u00f3n en Valls, villa de unas cinco mil almas de comuni\u00f3n&#8230; La concurrencia fue numero\u00ads\u00edsima y siempre en aumento, el fruto extra\u00adordinario y palpable, y el fervor de aquella buena gente tal, que a pesar &#8216;de ser tiempo de carnaval&#8217; y ser all\u00ed muy inclinados al bu\u00adllicio, y adem\u00e1s se alojaban entonces en la villa tres compa\u00f1\u00edas de dragones de a caba\u00adllo; sin embargo, en todo el curso de la mi\u00adsi\u00f3n, que dur\u00f3 hasta la primera dominica de Cuaresma en que se hizo la comuni\u00f3n gene\u00adral, no se oy\u00f3 ni una guitarra ni se dijo pa\u00adlabra acerca del carnaval, con admiraci\u00f3n de toda la villa, m\u00e1xime de los m\u00e1s princi\u00adpales de ella, asegurando que jam\u00e1s hab\u00edan visto misi\u00f3n tan fructuosa y de tanto fervor:<\/p>\n<p>En el \u00faltimo serm\u00f3n fue tan grande la con\u00adcurrencia, que con todo y ser la iglesia tan capaz, quedaron fuera m\u00e1s de 300 personas: se cree que pasaban de 7.000 los oyentes. Comulgaron m\u00e1s de 5.200 personas, en la comuni\u00f3n general 4.500 y durante la misi\u00f3n en la iglesia parroquial, sin contar los con\u00adventos, se repartieron m\u00e1s de 11.000 for\u00admas. Los se\u00f1ores militares confesaron casi todos con nosotros e hicieron solos su comu\u00adni\u00f3n general con mucha edificaci\u00f3n, orden y devoci\u00f3n en el altar de los Dolores. El Padre Melci\u00f3n, adem\u00e1s de los sermones, predic\u00f3 seis pl\u00e1ticas privadamente a los se\u00f1ores sacerdotes que, junto con los religiosos, no bajaban nunca de 60. Se concluy\u00f3 esta mi\u00adsi\u00f3n el d\u00eda 7 de marzo.\u00bb<\/p>\n<p>\u00abA 24 de marzo de 1754 comenz\u00f3 la misi\u00f3n en la ciudad de Vich&#8230; Fu\u00e9 fervoros\u00edsima; el fruto universal y extraordinario; las conversiones obradas, poco comunes, entre otras la de una bruja que ten\u00eda pact\u00f3 con el demonio; los sentimientos de dolor y l\u00e1gri\u00admas fueron tales, as\u00ed en los sermones como en el confesonario., que muchas veces hab\u00eda, necesidad de reprimirlos&#8230; La concurrencia fue tan grande, que la gente no cab\u00eda en la catedral y muchos ten\u00edan que volverse por poder entrar. Los ancianos dec\u00edan que no se hab\u00eda visto ni se ver\u00eda jam\u00e1s misi\u00f3n tan concurrida y fructuosa. Pasan de 11.000 los que comulgaron una sola vez; en la comu\u00adni\u00f3n general llegaron a cerca de 8.000; este d\u00eda los confesores eran m\u00e1s de 60, porque a petici\u00f3n del Cabildo acudieron a ayudarnos muchos religiosos. S\u00f3lo en la catedral se re\u00adpartieron durante la misi\u00f3n m\u00e1s de 23.000 formas. Se dio esta misi\u00f3n a instancia de los muy ilustres Cabildo y Ayuntamiento y de su Ilma. el Sr. Obispo, para implorar de Dios la ben\u00e9fica lluvia de que tanto necesitaban los campos; y alcanzaron m\u00e1s de lo que ped\u00edan, pues adem\u00e1s de la lluvia de la divina gracia que tan copiosamente se derram\u00f3 so\u00adbre sus almas, han tenido una cosecha de tri\u00adgo tan abundante, que com\u00fanmente se dice que los nacidos no la han visto mayor en aque\u00adlla tierra; por lo que la ciudad y todo el pa\u00eds est\u00e1n muy agradecidos y afectos a nuestro Instituto y Congregaci\u00f3n, dando gloria a Dios que tan misericordiosamente les ha visitado y socorrido. Los operarios fueron seis: el P. Esteban Pinell, superior, que asisti\u00f3 la primera y \u00faltima semana y predic\u00f3 tres pl\u00e1ticas a los se\u00f1ores eclesi\u00e1sticos, en la capilla de los Do\u00adlores, asistiendo el Ilmo. Sr. Obispo, el Cabil\u00addo y todo el clero, secular y regular, con mu\u00adcha satisfacci\u00f3n, j\u00fabilo y aplauso universal; el P. V\u00edctor Melci\u00f3n, que fue \u00e9l director y predic\u00f3 42 sermones; el P. Costa, estuvo m\u00e1s de dos semanas; los PP.Ferrer, Fogueras, Ra\u00adfols, que predic\u00f3 las doctrinas, y el P. Artimbau las pl\u00e1ticas de la ma\u00f1ana. Se termin\u00f3 la misi\u00f3n el 15 de mayo.\u00bb En una nota margi\u00adnal se lee: \u00abLos muy ilustres Cabildo y Ayunta\u00admiento, agradecidos por el beneficio de la fisi\u00f3n, regalaron a nuestra sacrist\u00eda una cruz de plata, ricamente labrada, que pesa 110 onzas.\u00bb<\/p>\n<p>Por alg\u00fan aut\u00f3grafo que hemos visto del P. Ferrer, creemos que las notas anteriores el <strong>Libro de Misiones <\/strong>est\u00e1n escritas por \u00e9l, por eso a duras penas pone su nombre entre los que en ellas trabajaron; pero el Sr. Torres Amat, que le conoci\u00f3 y tuvo a la vista un ma\u00adnuscrito de su vida, que le proporcionaron los Misioneros de la casa, de Barcelona, afirma que en las misiones \u00abde Valls y Vich, fue extr\u00adaordinario el fruto que hizo\u00bb el P. Ferrer. As\u00ed iba amaestr\u00e1ndose este celoso misionero en el nobil\u00edsimo ejercicio de las misiones, y contrastando sus vastos conocimientos en la piedra de toque de la experiencia, para la acertada direcci\u00f3n de las almas en el camino de los divinos preceptos y de los consejos evang\u00e9licos.<\/p>\n<p>&nbsp;<\/p>\n","protected":false},"excerpt":{"rendered":"<p>CAPITULO II Ingresa en la Congregaci\u00f3n de la Misi\u00f3n. Despu\u00e9s de ordenarse de sacerdote le dedican sucesivamente a la ense\u00f1anza de la Filosof\u00eda y a las misiones (1743-1754). Estando ya muy entrado en los 22 &#8230; <a href=\"https:\/\/vincentians.com\/es\/el-p-vicente-ferrer-primer-visitador-ii\/\" class=\"more-link\">Read More<\/a><\/p>\n","protected":false},"author":5,"featured_media":391249,"comment_status":"open","ping_status":"open","sticky":false,"template":"","format":"standard","meta":{"jetpack_post_was_ever_published":false,"_jetpack_newsletter_access":"","_jetpack_dont_email_post_to_subs":false,"_jetpack_newsletter_tier_id":0,"_jetpack_memberships_contains_paywalled_content":false,"_jetpack_memberships_contains_paid_content":false,"footnotes":"","jetpack_publicize_message":"","jetpack_publicize_feature_enabled":true,"jetpack_social_post_already_shared":true,"jetpack_social_options":{"image_generator_settings":{"template":"highway","default_image_id":0,"font":"","enabled":false},"version":2}},"categories":[19],"tags":[218,280],"class_list":["post-77662","post","type-post","status-publish","format-standard","has-post-thumbnail","hentry","category-biografias-de-misioneros-paules","tag-abelly","tag-san-juan-de-la-cruz"],"yoast_head":"<!-- This site is optimized with the Yoast SEO plugin v26.3 - https:\/\/yoast.com\/wordpress\/plugins\/seo\/ -->\n<title>El P. Vicente Ferrer, Primer Visitador (II) - Somos Vicencianos<\/title>\n<meta name=\"robots\" content=\"index, follow, max-snippet:-1, max-image-preview:large, max-video-preview:-1\" \/>\n<link rel=\"canonical\" href=\"https:\/\/vincentians.com\/es\/el-p-vicente-ferrer-primer-visitador-ii\/\" \/>\n<meta property=\"og:locale\" content=\"es_ES\" \/>\n<meta property=\"og:type\" content=\"article\" \/>\n<meta property=\"og:title\" content=\"El P. Vicente Ferrer, Primer Visitador (II) - Somos Vicencianos\" \/>\n<meta property=\"og:description\" content=\"CAPITULO II Ingresa en la Congregaci\u00f3n de la Misi\u00f3n. Despu\u00e9s de ordenarse de sacerdote le dedican sucesivamente a la ense\u00f1anza de la Filosof\u00eda y a las misiones (1743-1754). Estando ya muy entrado en los 22 ... Read More\" \/>\n<meta property=\"og:url\" content=\"https:\/\/vincentians.com\/es\/el-p-vicente-ferrer-primer-visitador-ii\/\" \/>\n<meta property=\"og:site_name\" content=\"Somos Vicencianos\" \/>\n<meta property=\"article:publisher\" content=\"https:\/\/www.facebook.com\/WeAreVincentians\/\" \/>\n<meta property=\"article:published_time\" content=\"2017-08-23T06:30:47+00:00\" \/>\n<meta property=\"og:image\" content=\"https:\/\/i0.wp.com\/vincentians.com\/es\/wp-content\/uploads\/sites\/11\/2016\/07\/bio-cm.jpg?fit=1200%2C630&ssl=1\" \/>\n\t<meta property=\"og:image:width\" content=\"1200\" \/>\n\t<meta property=\"og:image:height\" content=\"630\" \/>\n\t<meta property=\"og:image:type\" content=\"image\/jpeg\" \/>\n<meta name=\"author\" content=\"Mitxel Olabu\u00e9naga\" \/>\n<meta name=\"twitter:card\" content=\"summary_large_image\" \/>\n<meta name=\"twitter:creator\" content=\"@WeVincentians\" \/>\n<meta name=\"twitter:site\" content=\"@WeVincentians\" \/>\n<meta name=\"twitter:label1\" content=\"Escrito por\" \/>\n\t<meta name=\"twitter:data1\" content=\"Mitxel Olabu\u00e9naga\" \/>\n\t<meta name=\"twitter:label2\" content=\"Tiempo de lectura\" \/>\n\t<meta name=\"twitter:data2\" content=\"16 minutos\" \/>\n<script type=\"application\/ld+json\" class=\"yoast-schema-graph\">{\"@context\":\"https:\/\/schema.org\",\"@graph\":[{\"@type\":\"Article\",\"@id\":\"https:\/\/vincentians.com\/es\/el-p-vicente-ferrer-primer-visitador-ii\/#article\",\"isPartOf\":{\"@id\":\"https:\/\/vincentians.com\/es\/el-p-vicente-ferrer-primer-visitador-ii\/\"},\"author\":{\"name\":\"Mitxel Olabu\u00e9naga\",\"@id\":\"http:\/\/vincentians.com\/es\/#\/schema\/person\/7c2670b4445a7ca9d164ea6acdb31859\"},\"headline\":\"El P. Vicente Ferrer, Primer Visitador (II)\",\"datePublished\":\"2017-08-23T06:30:47+00:00\",\"mainEntityOfPage\":{\"@id\":\"https:\/\/vincentians.com\/es\/el-p-vicente-ferrer-primer-visitador-ii\/\"},\"wordCount\":3138,\"commentCount\":0,\"publisher\":{\"@id\":\"http:\/\/vincentians.com\/es\/#organization\"},\"image\":{\"@id\":\"https:\/\/vincentians.com\/es\/el-p-vicente-ferrer-primer-visitador-ii\/#primaryimage\"},\"thumbnailUrl\":\"https:\/\/i0.wp.com\/vincentians.com\/es\/wp-content\/uploads\/sites\/11\/2016\/07\/bio-cm.jpg?fit=1200%2C630&ssl=1\",\"keywords\":[\"Abelly\",\"San Juan de la Cruz\"],\"articleSection\":[\"Biograf\u00edas de Misioneros Pa\u00fales\"],\"inLanguage\":\"es\",\"potentialAction\":[{\"@type\":\"CommentAction\",\"name\":\"Comment\",\"target\":[\"https:\/\/vincentians.com\/es\/el-p-vicente-ferrer-primer-visitador-ii\/#respond\"]}]},{\"@type\":\"WebPage\",\"@id\":\"https:\/\/vincentians.com\/es\/el-p-vicente-ferrer-primer-visitador-ii\/\",\"url\":\"https:\/\/vincentians.com\/es\/el-p-vicente-ferrer-primer-visitador-ii\/\",\"name\":\"El P. Vicente Ferrer, Primer Visitador (II) - Somos Vicencianos\",\"isPartOf\":{\"@id\":\"http:\/\/vincentians.com\/es\/#website\"},\"primaryImageOfPage\":{\"@id\":\"https:\/\/vincentians.com\/es\/el-p-vicente-ferrer-primer-visitador-ii\/#primaryimage\"},\"image\":{\"@id\":\"https:\/\/vincentians.com\/es\/el-p-vicente-ferrer-primer-visitador-ii\/#primaryimage\"},\"thumbnailUrl\":\"https:\/\/i0.wp.com\/vincentians.com\/es\/wp-content\/uploads\/sites\/11\/2016\/07\/bio-cm.jpg?fit=1200%2C630&ssl=1\",\"datePublished\":\"2017-08-23T06:30:47+00:00\",\"breadcrumb\":{\"@id\":\"https:\/\/vincentians.com\/es\/el-p-vicente-ferrer-primer-visitador-ii\/#breadcrumb\"},\"inLanguage\":\"es\",\"potentialAction\":[{\"@type\":\"ReadAction\",\"target\":[\"https:\/\/vincentians.com\/es\/el-p-vicente-ferrer-primer-visitador-ii\/\"]}]},{\"@type\":\"ImageObject\",\"inLanguage\":\"es\",\"@id\":\"https:\/\/vincentians.com\/es\/el-p-vicente-ferrer-primer-visitador-ii\/#primaryimage\",\"url\":\"https:\/\/i0.wp.com\/vincentians.com\/es\/wp-content\/uploads\/sites\/11\/2016\/07\/bio-cm.jpg?fit=1200%2C630&ssl=1\",\"contentUrl\":\"https:\/\/i0.wp.com\/vincentians.com\/es\/wp-content\/uploads\/sites\/11\/2016\/07\/bio-cm.jpg?fit=1200%2C630&ssl=1\",\"width\":1200,\"height\":630},{\"@type\":\"BreadcrumbList\",\"@id\":\"https:\/\/vincentians.com\/es\/el-p-vicente-ferrer-primer-visitador-ii\/#breadcrumb\",\"itemListElement\":[{\"@type\":\"ListItem\",\"position\":1,\"name\":\"Portada\",\"item\":\"http:\/\/vincentians.com\/es\/\"},{\"@type\":\"ListItem\",\"position\":2,\"name\":\"El P. Vicente Ferrer, Primer Visitador (II)\"}]},{\"@type\":\"WebSite\",\"@id\":\"http:\/\/vincentians.com\/es\/#website\",\"url\":\"http:\/\/vincentians.com\/es\/\",\"name\":\"Somos Vicencianos\",\"description\":\"Know more to serve more\",\"publisher\":{\"@id\":\"http:\/\/vincentians.com\/es\/#organization\"},\"potentialAction\":[{\"@type\":\"SearchAction\",\"target\":{\"@type\":\"EntryPoint\",\"urlTemplate\":\"http:\/\/vincentians.com\/es\/?s={search_term_string}\"},\"query-input\":{\"@type\":\"PropertyValueSpecification\",\"valueRequired\":true,\"valueName\":\"search_term_string\"}}],\"inLanguage\":\"es\"},{\"@type\":\"Organization\",\"@id\":\"http:\/\/vincentians.com\/es\/#organization\",\"name\":\"The Vincentian Network\",\"url\":\"http:\/\/vincentians.com\/es\/\",\"logo\":{\"@type\":\"ImageObject\",\"inLanguage\":\"es\",\"@id\":\"http:\/\/vincentians.com\/es\/#\/schema\/logo\/image\/\",\"url\":\"https:\/\/i1.wp.com\/vincentians.com\/es\/wp-content\/uploads\/sites\/11\/2016\/06\/Vincentian-Network-logo-big.png?fit=778%2C778\",\"contentUrl\":\"https:\/\/i1.wp.com\/vincentians.com\/es\/wp-content\/uploads\/sites\/11\/2016\/06\/Vincentian-Network-logo-big.png?fit=778%2C778\",\"width\":778,\"height\":778,\"caption\":\"The Vincentian Network\"},\"image\":{\"@id\":\"http:\/\/vincentians.com\/es\/#\/schema\/logo\/image\/\"},\"sameAs\":[\"https:\/\/www.facebook.com\/WeAreVincentians\/\",\"https:\/\/x.com\/WeVincentians\"]},{\"@type\":\"Person\",\"@id\":\"http:\/\/vincentians.com\/es\/#\/schema\/person\/7c2670b4445a7ca9d164ea6acdb31859\",\"name\":\"Mitxel Olabu\u00e9naga\",\"image\":{\"@type\":\"ImageObject\",\"inLanguage\":\"es\",\"@id\":\"http:\/\/vincentians.com\/es\/#\/schema\/person\/image\/\",\"url\":\"https:\/\/secure.gravatar.com\/avatar\/34137ec2e2b8939cbbed975731e71f3f4f1defc7266ded337a5ce0f925426877?s=96&d=mm&r=g\",\"contentUrl\":\"https:\/\/secure.gravatar.com\/avatar\/34137ec2e2b8939cbbed975731e71f3f4f1defc7266ded337a5ce0f925426877?s=96&d=mm&r=g\",\"caption\":\"Mitxel Olabu\u00e9naga\"},\"url\":\"https:\/\/vincentians.com\/es\/author\/mitxel\/\"}]}<\/script>\n<!-- \/ Yoast SEO plugin. -->","yoast_head_json":{"title":"El P. Vicente Ferrer, Primer Visitador (II) - Somos Vicencianos","robots":{"index":"index","follow":"follow","max-snippet":"max-snippet:-1","max-image-preview":"max-image-preview:large","max-video-preview":"max-video-preview:-1"},"canonical":"https:\/\/vincentians.com\/es\/el-p-vicente-ferrer-primer-visitador-ii\/","og_locale":"es_ES","og_type":"article","og_title":"El P. Vicente Ferrer, Primer Visitador (II) - Somos Vicencianos","og_description":"CAPITULO II Ingresa en la Congregaci\u00f3n de la Misi\u00f3n. Despu\u00e9s de ordenarse de sacerdote le dedican sucesivamente a la ense\u00f1anza de la Filosof\u00eda y a las misiones (1743-1754). Estando ya muy entrado en los 22 ... Read More","og_url":"https:\/\/vincentians.com\/es\/el-p-vicente-ferrer-primer-visitador-ii\/","og_site_name":"Somos Vicencianos","article_publisher":"https:\/\/www.facebook.com\/WeAreVincentians\/","article_published_time":"2017-08-23T06:30:47+00:00","og_image":[{"width":1200,"height":630,"url":"https:\/\/i0.wp.com\/vincentians.com\/es\/wp-content\/uploads\/sites\/11\/2016\/07\/bio-cm.jpg?fit=1200%2C630&ssl=1","type":"image\/jpeg"}],"author":"Mitxel Olabu\u00e9naga","twitter_card":"summary_large_image","twitter_creator":"@WeVincentians","twitter_site":"@WeVincentians","twitter_misc":{"Escrito por":"Mitxel Olabu\u00e9naga","Tiempo de lectura":"16 minutos"},"schema":{"@context":"https:\/\/schema.org","@graph":[{"@type":"Article","@id":"https:\/\/vincentians.com\/es\/el-p-vicente-ferrer-primer-visitador-ii\/#article","isPartOf":{"@id":"https:\/\/vincentians.com\/es\/el-p-vicente-ferrer-primer-visitador-ii\/"},"author":{"name":"Mitxel Olabu\u00e9naga","@id":"http:\/\/vincentians.com\/es\/#\/schema\/person\/7c2670b4445a7ca9d164ea6acdb31859"},"headline":"El P. Vicente Ferrer, Primer Visitador (II)","datePublished":"2017-08-23T06:30:47+00:00","mainEntityOfPage":{"@id":"https:\/\/vincentians.com\/es\/el-p-vicente-ferrer-primer-visitador-ii\/"},"wordCount":3138,"commentCount":0,"publisher":{"@id":"http:\/\/vincentians.com\/es\/#organization"},"image":{"@id":"https:\/\/vincentians.com\/es\/el-p-vicente-ferrer-primer-visitador-ii\/#primaryimage"},"thumbnailUrl":"https:\/\/i0.wp.com\/vincentians.com\/es\/wp-content\/uploads\/sites\/11\/2016\/07\/bio-cm.jpg?fit=1200%2C630&ssl=1","keywords":["Abelly","San Juan de la Cruz"],"articleSection":["Biograf\u00edas de Misioneros Pa\u00fales"],"inLanguage":"es","potentialAction":[{"@type":"CommentAction","name":"Comment","target":["https:\/\/vincentians.com\/es\/el-p-vicente-ferrer-primer-visitador-ii\/#respond"]}]},{"@type":"WebPage","@id":"https:\/\/vincentians.com\/es\/el-p-vicente-ferrer-primer-visitador-ii\/","url":"https:\/\/vincentians.com\/es\/el-p-vicente-ferrer-primer-visitador-ii\/","name":"El P. Vicente Ferrer, Primer Visitador (II) - Somos Vicencianos","isPartOf":{"@id":"http:\/\/vincentians.com\/es\/#website"},"primaryImageOfPage":{"@id":"https:\/\/vincentians.com\/es\/el-p-vicente-ferrer-primer-visitador-ii\/#primaryimage"},"image":{"@id":"https:\/\/vincentians.com\/es\/el-p-vicente-ferrer-primer-visitador-ii\/#primaryimage"},"thumbnailUrl":"https:\/\/i0.wp.com\/vincentians.com\/es\/wp-content\/uploads\/sites\/11\/2016\/07\/bio-cm.jpg?fit=1200%2C630&ssl=1","datePublished":"2017-08-23T06:30:47+00:00","breadcrumb":{"@id":"https:\/\/vincentians.com\/es\/el-p-vicente-ferrer-primer-visitador-ii\/#breadcrumb"},"inLanguage":"es","potentialAction":[{"@type":"ReadAction","target":["https:\/\/vincentians.com\/es\/el-p-vicente-ferrer-primer-visitador-ii\/"]}]},{"@type":"ImageObject","inLanguage":"es","@id":"https:\/\/vincentians.com\/es\/el-p-vicente-ferrer-primer-visitador-ii\/#primaryimage","url":"https:\/\/i0.wp.com\/vincentians.com\/es\/wp-content\/uploads\/sites\/11\/2016\/07\/bio-cm.jpg?fit=1200%2C630&ssl=1","contentUrl":"https:\/\/i0.wp.com\/vincentians.com\/es\/wp-content\/uploads\/sites\/11\/2016\/07\/bio-cm.jpg?fit=1200%2C630&ssl=1","width":1200,"height":630},{"@type":"BreadcrumbList","@id":"https:\/\/vincentians.com\/es\/el-p-vicente-ferrer-primer-visitador-ii\/#breadcrumb","itemListElement":[{"@type":"ListItem","position":1,"name":"Portada","item":"http:\/\/vincentians.com\/es\/"},{"@type":"ListItem","position":2,"name":"El P. Vicente Ferrer, Primer Visitador (II)"}]},{"@type":"WebSite","@id":"http:\/\/vincentians.com\/es\/#website","url":"http:\/\/vincentians.com\/es\/","name":"Somos Vicencianos","description":"Know more to serve more","publisher":{"@id":"http:\/\/vincentians.com\/es\/#organization"},"potentialAction":[{"@type":"SearchAction","target":{"@type":"EntryPoint","urlTemplate":"http:\/\/vincentians.com\/es\/?s={search_term_string}"},"query-input":{"@type":"PropertyValueSpecification","valueRequired":true,"valueName":"search_term_string"}}],"inLanguage":"es"},{"@type":"Organization","@id":"http:\/\/vincentians.com\/es\/#organization","name":"The Vincentian Network","url":"http:\/\/vincentians.com\/es\/","logo":{"@type":"ImageObject","inLanguage":"es","@id":"http:\/\/vincentians.com\/es\/#\/schema\/logo\/image\/","url":"https:\/\/i1.wp.com\/vincentians.com\/es\/wp-content\/uploads\/sites\/11\/2016\/06\/Vincentian-Network-logo-big.png?fit=778%2C778","contentUrl":"https:\/\/i1.wp.com\/vincentians.com\/es\/wp-content\/uploads\/sites\/11\/2016\/06\/Vincentian-Network-logo-big.png?fit=778%2C778","width":778,"height":778,"caption":"The Vincentian Network"},"image":{"@id":"http:\/\/vincentians.com\/es\/#\/schema\/logo\/image\/"},"sameAs":["https:\/\/www.facebook.com\/WeAreVincentians\/","https:\/\/x.com\/WeVincentians"]},{"@type":"Person","@id":"http:\/\/vincentians.com\/es\/#\/schema\/person\/7c2670b4445a7ca9d164ea6acdb31859","name":"Mitxel Olabu\u00e9naga","image":{"@type":"ImageObject","inLanguage":"es","@id":"http:\/\/vincentians.com\/es\/#\/schema\/person\/image\/","url":"https:\/\/secure.gravatar.com\/avatar\/34137ec2e2b8939cbbed975731e71f3f4f1defc7266ded337a5ce0f925426877?s=96&d=mm&r=g","contentUrl":"https:\/\/secure.gravatar.com\/avatar\/34137ec2e2b8939cbbed975731e71f3f4f1defc7266ded337a5ce0f925426877?s=96&d=mm&r=g","caption":"Mitxel Olabu\u00e9naga"},"url":"https:\/\/vincentians.com\/es\/author\/mitxel\/"}]}},"jetpack_publicize_connections":[],"jetpack_featured_media_url":"https:\/\/i0.wp.com\/vincentians.com\/es\/wp-content\/uploads\/sites\/11\/2016\/07\/bio-cm.jpg?fit=1200%2C630&ssl=1","jetpack_sharing_enabled":true,"jetpack_shortlink":"https:\/\/wp.me\/p7ETMF-kcC","jetpack-related-posts":[{"id":131023,"url":"https:\/\/vincentians.com\/es\/vicente-ferrer-1774-1781-visitador\/","url_meta":{"origin":77662,"position":0},"title":"Vicente Ferrer (1774-1781) (Visitador)","author":"Mitxel Olabu\u00e9naga","date":"05\/08\/2014","format":false,"excerpt":"Naci\u00f3 en Blanes el 26 de Octubre de 1721 y, casi concluida la carrera eclesi\u00e1stica, entr\u00f3 en la Congregaci\u00f3n el 2 de junio de 1743. Destinado en un principio a la formaci\u00f3n de los j\u00f3venes misioneros, se dedic\u00f3 posteriormente a la predicaci\u00f3n en las Misiones Populares y a la direcci\u00f3n\u2026","rel":"","context":"En \u00abBiograf\u00edas de Misioneros Pa\u00fales\u00bb","block_context":{"text":"Biograf\u00edas de Misioneros Pa\u00fales","link":"https:\/\/vincentians.com\/es\/category\/la-familia-vicenciana\/biografias-vicencianas\/biografias-de-misioneros-paules\/"},"img":{"alt_text":"","src":"https:\/\/i0.wp.com\/vincentians.com\/es\/wp-content\/uploads\/sites\/11\/2016\/07\/bio-cm.jpg?fit=1200%2C630&ssl=1&resize=350%2C200","width":350,"height":200,"srcset":"https:\/\/i0.wp.com\/vincentians.com\/es\/wp-content\/uploads\/sites\/11\/2016\/07\/bio-cm.jpg?fit=1200%2C630&ssl=1&resize=350%2C200 1x, https:\/\/i0.wp.com\/vincentians.com\/es\/wp-content\/uploads\/sites\/11\/2016\/07\/bio-cm.jpg?fit=1200%2C630&ssl=1&resize=525%2C300 1.5x, https:\/\/i0.wp.com\/vincentians.com\/es\/wp-content\/uploads\/sites\/11\/2016\/07\/bio-cm.jpg?fit=1200%2C630&ssl=1&resize=700%2C400 2x, https:\/\/i0.wp.com\/vincentians.com\/es\/wp-content\/uploads\/sites\/11\/2016\/07\/bio-cm.jpg?fit=1200%2C630&ssl=1&resize=1050%2C600 3x"},"classes":[]},{"id":387071,"url":"https:\/\/vincentians.com\/es\/los-primeros-misioneros-en-espana-1704-1774\/","url_meta":{"origin":77662,"position":1},"title":"Los primeros misioneros en Espa\u00f1a (1704-1774)","author":"Mitxel Olabu\u00e9naga","date":"20\/08\/2019","format":false,"excerpt":"Introducci\u00f3n Dec\u00eda el cantautor que \u201cquien pierde sus or\u00edgenes, pierde identidad\u201d (Raimon \u201cYo vengo de un silencio\u201d). Quiz\u00e1 este sea uno de los motivos ocultos por el que nos hemos centrado en este tema dentro de Seminario de H\u00aa de la CM en Espa\u00f1a que venimos desarrollando en el Estudiantado\u2026","rel":"","context":"En \u00abHistoria de la Congregaci\u00f3n de la Misi\u00f3n en Espa\u00f1a\u00bb","block_context":{"text":"Historia de la Congregaci\u00f3n de la Misi\u00f3n en Espa\u00f1a","link":"https:\/\/vincentians.com\/es\/category\/historia-de-la-familia-vicenciana\/historia-de-la-congregacion-de-la-mision-en-espana\/"},"img":{"alt_text":"","src":"https:\/\/i0.wp.com\/vincentians.com\/es\/wp-content\/uploads\/sites\/11\/2015\/04\/tres-descubrimientos-de-Vicente-de-Paul.jpg?fit=1200%2C630&ssl=1&resize=350%2C200","width":350,"height":200,"srcset":"https:\/\/i0.wp.com\/vincentians.com\/es\/wp-content\/uploads\/sites\/11\/2015\/04\/tres-descubrimientos-de-Vicente-de-Paul.jpg?fit=1200%2C630&ssl=1&resize=350%2C200 1x, https:\/\/i0.wp.com\/vincentians.com\/es\/wp-content\/uploads\/sites\/11\/2015\/04\/tres-descubrimientos-de-Vicente-de-Paul.jpg?fit=1200%2C630&ssl=1&resize=525%2C300 1.5x, https:\/\/i0.wp.com\/vincentians.com\/es\/wp-content\/uploads\/sites\/11\/2015\/04\/tres-descubrimientos-de-Vicente-de-Paul.jpg?fit=1200%2C630&ssl=1&resize=700%2C400 2x, https:\/\/i0.wp.com\/vincentians.com\/es\/wp-content\/uploads\/sites\/11\/2015\/04\/tres-descubrimientos-de-Vicente-de-Paul.jpg?fit=1200%2C630&ssl=1&resize=1050%2C600 3x"},"classes":[]},{"id":119558,"url":"https:\/\/vincentians.com\/es\/san-vicente-de-paul-y-su-entronque-hispanico-vii\/","url_meta":{"origin":77662,"position":2},"title":"San Vicente de Pa\u00fal y su entronque hisp\u00e1nico (VII)","author":"Francisco Javier Fern\u00e1ndez Chento","date":"21\/08\/2022","format":false,"excerpt":"Art\u00edculo II: Emparentamiento teol\u00f3gico y asc\u00e9tico. No s\u00f3lo depende su formaci\u00f3n teol\u00f3gica, en gran parte, de la Universidad de Zaragoza, en la que bebi\u00f3 aquella doctrina 's\u00f3lida y sana\", que no s\u00f3lo le dio el sentido de la ortodoxia cat\u00f3lica, que le libr\u00f3 y con la que combati\u00f3 victoriosamente las\u2026","rel":"","context":"En \u00abVicente de Pa\u00fal\u00bb","block_context":{"text":"Vicente de Pa\u00fal","link":"https:\/\/vincentians.com\/es\/category\/la-familia-vicenciana\/fundadores\/vicente-de-paul\/"},"img":{"alt_text":"","src":"https:\/\/i0.wp.com\/vincentians.com\/es\/wp-content\/uploads\/sites\/11\/2013\/04\/msoF811D.jpg?fit=612%2C490&ssl=1&resize=350%2C200","width":350,"height":200,"srcset":"https:\/\/i0.wp.com\/vincentians.com\/es\/wp-content\/uploads\/sites\/11\/2013\/04\/msoF811D.jpg?fit=612%2C490&ssl=1&resize=350%2C200 1x, https:\/\/i0.wp.com\/vincentians.com\/es\/wp-content\/uploads\/sites\/11\/2013\/04\/msoF811D.jpg?fit=612%2C490&ssl=1&resize=525%2C300 1.5x"},"classes":[]},{"id":114087,"url":"https:\/\/vincentians.com\/es\/secularidad-o-religiosidad-de-la-congregacion-de-la-mision\/","url_meta":{"origin":77662,"position":3},"title":"\u00bfSecularidad o religiosidad de la Congregaci\u00f3n de la Misi\u00f3n?","author":"Francisco Javier Fern\u00e1ndez Chento","date":"09\/07\/2021","format":false,"excerpt":"Se trata aqu\u00ed de aclarar conceptos con vistas a la actualizaci\u00f3n de la Congregaci\u00f3n de la Misi\u00f3n, o de su puesta a nivel de los tiempos modernos que se proyecta realizar en la pr\u00f3xima Asamblea general. Y entiendo por secularidad el car\u00e1cter de clero secular que, seg\u00fan unos, ha de\u2026","rel":"","context":"En \u00abFormaci\u00f3n Vicenciana\u00bb","block_context":{"text":"Formaci\u00f3n Vicenciana","link":"https:\/\/vincentians.com\/es\/category\/formacion-vicenciana\/"},"img":{"alt_text":"","src":"https:\/\/i0.wp.com\/vincentians.com\/es\/wp-content\/uploads\/sites\/11\/2016\/09\/enviados-evangelizar-pobres.jpg?fit=1200%2C630&ssl=1&resize=350%2C200","width":350,"height":200,"srcset":"https:\/\/i0.wp.com\/vincentians.com\/es\/wp-content\/uploads\/sites\/11\/2016\/09\/enviados-evangelizar-pobres.jpg?fit=1200%2C630&ssl=1&resize=350%2C200 1x, https:\/\/i0.wp.com\/vincentians.com\/es\/wp-content\/uploads\/sites\/11\/2016\/09\/enviados-evangelizar-pobres.jpg?fit=1200%2C630&ssl=1&resize=525%2C300 1.5x, https:\/\/i0.wp.com\/vincentians.com\/es\/wp-content\/uploads\/sites\/11\/2016\/09\/enviados-evangelizar-pobres.jpg?fit=1200%2C630&ssl=1&resize=700%2C400 2x, https:\/\/i0.wp.com\/vincentians.com\/es\/wp-content\/uploads\/sites\/11\/2016\/09\/enviados-evangelizar-pobres.jpg?fit=1200%2C630&ssl=1&resize=1050%2C600 3x"},"classes":[]},{"id":125842,"url":"https:\/\/vincentians.com\/es\/san-vicente-de-paul-siervo-de-los-pobres-09\/","url_meta":{"origin":77662,"position":4},"title":"San Vicente de Pa\u00fal, siervo de los pobres (09)","author":"Francisco Javier Fern\u00e1ndez Chento","date":"04\/12\/2013","format":false,"excerpt":"IX. La reforma del pueblo Desarrollo de las misiones Ahora el siervo de los pobres dispon\u00eda de un pu\u00f1ado de sacerdotes y de un pu\u00f1ado de hermanas con n\u00facleos de voluntarios del laicado femenino y masculino, para pro\u00admover y guiar la acci\u00f3n del renacimiento religioso del pueblo, para el fin\u2026","rel":"","context":"En \u00abVicente de Pa\u00fal\u00bb","block_context":{"text":"Vicente de Pa\u00fal","link":"https:\/\/vincentians.com\/es\/category\/la-familia-vicenciana\/fundadores\/vicente-de-paul\/"},"img":{"alt_text":"","src":"","width":0,"height":0},"classes":[]},{"id":131336,"url":"https:\/\/vincentians.com\/es\/de-la-religion-de-san-pedro\/","url_meta":{"origin":77662,"position":5},"title":"\u00abDe la religi\u00f3n de san Pedro\u00bb","author":"Francisco Javier Fern\u00e1ndez Chento","date":"24\/05\/2015","format":false,"excerpt":"\"Fue \u00e9l quien dio a unos como ap\u00f3stoles, otros como profetas, a otros como evangelistas, a otros como pastores y maestros con el fin de equipar a los consagrados para la tarea del servicio, para constituir el cuerpo del Mes\u00edas\". (Ef 4,11-12). \"La Congregaci\u00f3n de la Misi\u00f3n, seg\u00fan una tradici\u00f3n\u2026","rel":"","context":"En \u00abEspiritualidad vicenciana\u00bb","block_context":{"text":"Espiritualidad vicenciana","link":"https:\/\/vincentians.com\/es\/category\/espiritualidad\/espiritualidad-vicenciana\/"},"img":{"alt_text":"logocm","src":"https:\/\/i0.wp.com\/vicencianos.org\/wp-content\/2011\/04\/logocm-237x300.jpg?resize=350%2C200","width":350,"height":200},"classes":[]}],"_links":{"self":[{"href":"https:\/\/vincentians.com\/es\/wp-json\/wp\/v2\/posts\/77662","targetHints":{"allow":["GET"]}}],"collection":[{"href":"https:\/\/vincentians.com\/es\/wp-json\/wp\/v2\/posts"}],"about":[{"href":"https:\/\/vincentians.com\/es\/wp-json\/wp\/v2\/types\/post"}],"author":[{"embeddable":true,"href":"https:\/\/vincentians.com\/es\/wp-json\/wp\/v2\/users\/5"}],"replies":[{"embeddable":true,"href":"https:\/\/vincentians.com\/es\/wp-json\/wp\/v2\/comments?post=77662"}],"version-history":[{"count":1,"href":"https:\/\/vincentians.com\/es\/wp-json\/wp\/v2\/posts\/77662\/revisions"}],"predecessor-version":[{"id":401024,"href":"https:\/\/vincentians.com\/es\/wp-json\/wp\/v2\/posts\/77662\/revisions\/401024"}],"wp:featuredmedia":[{"embeddable":true,"href":"https:\/\/vincentians.com\/es\/wp-json\/wp\/v2\/media\/391249"}],"wp:attachment":[{"href":"https:\/\/vincentians.com\/es\/wp-json\/wp\/v2\/media?parent=77662"}],"wp:term":[{"taxonomy":"category","embeddable":true,"href":"https:\/\/vincentians.com\/es\/wp-json\/wp\/v2\/categories?post=77662"},{"taxonomy":"post_tag","embeddable":true,"href":"https:\/\/vincentians.com\/es\/wp-json\/wp\/v2\/tags?post=77662"}],"curies":[{"name":"wp","href":"https:\/\/api.w.org\/{rel}","templated":true}]}}