{"id":77494,"date":"2012-04-15T01:00:29","date_gmt":"2012-04-14T23:00:29","guid":{"rendered":"http:\/\/somos.vicencianos.org\/?p=77494"},"modified":"2016-07-26T11:04:53","modified_gmt":"2016-07-26T09:04:53","slug":"luisa-de-marillac-carta-0548-a-mi-querida-sor-maria-gaudoin","status":"publish","type":"post","link":"https:\/\/vincentians.com\/es\/luisa-de-marillac-carta-0548-a-mi-querida-sor-maria-gaudoin\/","title":{"rendered":"Luisa de Marillac, Carta 0548: A mi querida Sor Mar\u00eda Gaudoin"},"content":{"rendered":"<p>Hija de la Caridad Sierva de los Pobres Enfermos<\/p>\n<p>Angers<\/p>\n<p>12 agosto (1656)<span id='easy-footnote-1-77494' class='easy-footnote-margin-adjust'><\/span><span class='easy-footnote'><a href='https:\/\/vincentians.com\/es\/luisa-de-marillac-carta-0548-a-mi-querida-sor-maria-gaudoin\/#easy-footnote-bottom-1-77494' title='C. 548 Rc 3 lt 484. Carta aut\u00f3grafa.'><sup>1<\/sup><\/a><\/span>\n<p>Mi querida hermana:<span id='easy-footnote-2-77494' class='easy-footnote-margin-adjust'><\/span><span class='easy-footnote'><a href='https:\/\/vincentians.com\/es\/luisa-de-marillac-carta-0548-a-mi-querida-sor-maria-gaudoin\/#easy-footnote-bottom-2-77494' title='Mar\u00eda Gaudoin (ver C. 473, n. 1). Acababa de llegar a Angers con Claudia Carr\u00e9 (ver C. 561, n. 5).'><sup>2<\/sup><\/a><\/span>\n<p>Doy gracias a Nuestro Se\u00f1or por su feliz viaje. Ya me figuraba que ser\u00eda usted bien recibida tanto por parte de los se\u00f1ores como por la de nuestras Hermanas; le ruego me d\u00e9 usted noticias suyas con frecuencia, a Sor Cecilia<span id='easy-footnote-3-77494' class='easy-footnote-margin-adjust'><\/span><span class='easy-footnote'><a href='https:\/\/vincentians.com\/es\/luisa-de-marillac-carta-0548-a-mi-querida-sor-maria-gaudoin\/#easy-footnote-bottom-3-77494' title='Cecilia Angiboust (ver C. 36 n. 2).'><sup>3<\/sup><\/a><\/span> no le parecer\u00e1 mal.<\/p>\n<p>Le ruego me diga cu\u00e1l de nuestras Hermanas estaba con usted cuando la se\u00f1ora Bouillon<span id='easy-footnote-4-77494' class='easy-footnote-margin-adjust'><\/span><span class='easy-footnote'><a href='https:\/\/vincentians.com\/es\/luisa-de-marillac-carta-0548-a-mi-querida-sor-maria-gaudoin\/#easy-footnote-bottom-4-77494' title='En 1654, Mar\u00eda Gaudoin estaba en Alluets, en tierras de la se\u00f1ora de Bouillon.'><sup>4<\/sup><\/a><\/span> le dijo que cobrara usted 400 libras a una de sus granjeras, me parece que en 1654, y si efectivamente pidi\u00f3 usted dicha suma.<\/p>\n<p>D\u00e9me noticias especialmente de su salud y cr\u00e9ame en el amor de Nuestro Se\u00f1or, querida Hermana, su muy humilde hermana y servidora.<\/p>\n","protected":false},"excerpt":{"rendered":"<p>Hija de la Caridad Sierva de los Pobres Enfermos Angers 12 agosto (1656) Mi querida hermana: Doy gracias a Nuestro Se\u00f1or por su feliz viaje. Ya me figuraba que ser\u00eda usted bien recibida tanto por &#8230; <a href=\"https:\/\/vincentians.com\/es\/luisa-de-marillac-carta-0548-a-mi-querida-sor-maria-gaudoin\/\" class=\"more-link\">Read More<\/a><\/p>\n","protected":false},"author":4,"featured_media":393751,"comment_status":"open","ping_status":"open","sticky":false,"template":"","format":"standard","meta":{"jetpack_post_was_ever_published":false,"_jetpack_newsletter_access":"","_jetpack_dont_email_post_to_subs":false,"_jetpack_newsletter_tier_id":0,"_jetpack_memberships_contains_paywalled_content":false,"_jetpack_memberships_contains_paid_content":false,"footnotes":"","jetpack_publicize_message":"","jetpack_publicize_feature_enabled":true,"jetpack_social_post_already_shared":true,"jetpack_social_options":{"image_generator_settings":{"template":"highway","default_image_id":0,"font":"","enabled":false},"version":2}},"categories":[67],"tags":[131,127],"class_list":["post-77494","post","type-post","status-publish","format-standard","has-post-thumbnail","hentry","category-escritos-de-luisa-de-marillac","tag-montmirail","tag-portail"],"yoast_head":"<!-- This site is optimized with the Yoast SEO plugin v26.3 - https:\/\/yoast.com\/wordpress\/plugins\/seo\/ -->\n<title>Luisa de Marillac, Carta 0548: A mi querida Sor Mar\u00eda Gaudoin - Somos Vicencianos<\/title>\n<meta name=\"robots\" content=\"index, follow, max-snippet:-1, max-image-preview:large, max-video-preview:-1\" \/>\n<link rel=\"canonical\" href=\"https:\/\/vincentians.com\/es\/luisa-de-marillac-carta-0548-a-mi-querida-sor-maria-gaudoin\/\" \/>\n<meta property=\"og:locale\" content=\"es_ES\" \/>\n<meta property=\"og:type\" content=\"article\" \/>\n<meta property=\"og:title\" content=\"Luisa de Marillac, Carta 0548: A mi querida Sor Mar\u00eda Gaudoin - Somos Vicencianos\" \/>\n<meta property=\"og:description\" content=\"Hija de la Caridad Sierva de los Pobres Enfermos Angers 12 agosto (1656) Mi querida hermana: Doy gracias a Nuestro Se\u00f1or por su feliz viaje. Ya me figuraba que ser\u00eda usted bien recibida tanto por ... Read More\" \/>\n<meta property=\"og:url\" content=\"https:\/\/vincentians.com\/es\/luisa-de-marillac-carta-0548-a-mi-querida-sor-maria-gaudoin\/\" \/>\n<meta property=\"og:site_name\" content=\"Somos Vicencianos\" \/>\n<meta property=\"article:publisher\" content=\"https:\/\/www.facebook.com\/WeAreVincentians\/\" \/>\n<meta property=\"article:author\" content=\"https:\/\/www.facebook.com\/JavierChento\" \/>\n<meta property=\"article:published_time\" content=\"2012-04-14T23:00:29+00:00\" \/>\n<meta property=\"article:modified_time\" content=\"2016-07-26T09:04:53+00:00\" \/>\n<meta property=\"og:image\" content=\"https:\/\/i0.wp.com\/vincentians.com\/es\/wp-content\/uploads\/sites\/11\/2016\/07\/escritos-luisa-de-marillac.jpg?fit=1200%2C630&ssl=1\" \/>\n\t<meta property=\"og:image:width\" content=\"1200\" \/>\n\t<meta property=\"og:image:height\" content=\"630\" \/>\n\t<meta property=\"og:image:type\" content=\"image\/jpeg\" \/>\n<meta name=\"author\" content=\"Francisco Javier Fern\u00e1ndez Chento\" \/>\n<meta name=\"twitter:card\" content=\"summary_large_image\" \/>\n<meta name=\"twitter:creator\" content=\"@https:\/\/twitter.com\/javierchento\" \/>\n<meta name=\"twitter:site\" content=\"@WeVincentians\" \/>\n<meta name=\"twitter:label1\" content=\"Escrito por\" \/>\n\t<meta name=\"twitter:data1\" content=\"Francisco Javier Fern\u00e1ndez Chento\" \/>\n\t<meta name=\"twitter:label2\" content=\"Tiempo de lectura\" \/>\n\t<meta name=\"twitter:data2\" content=\"1 minuto\" \/>\n<script type=\"application\/ld+json\" class=\"yoast-schema-graph\">{\"@context\":\"https:\/\/schema.org\",\"@graph\":[{\"@type\":\"Article\",\"@id\":\"https:\/\/vincentians.com\/es\/luisa-de-marillac-carta-0548-a-mi-querida-sor-maria-gaudoin\/#article\",\"isPartOf\":{\"@id\":\"https:\/\/vincentians.com\/es\/luisa-de-marillac-carta-0548-a-mi-querida-sor-maria-gaudoin\/\"},\"author\":{\"name\":\"Francisco Javier Fern\u00e1ndez Chento\",\"@id\":\"http:\/\/vincentians.com\/es\/#\/schema\/person\/9623ef4d9aa3b2dfb8c061f1499288f2\"},\"headline\":\"Luisa de Marillac, Carta 0548: A mi querida Sor Mar\u00eda Gaudoin\",\"datePublished\":\"2012-04-14T23:00:29+00:00\",\"dateModified\":\"2016-07-26T09:04:53+00:00\",\"mainEntityOfPage\":{\"@id\":\"https:\/\/vincentians.com\/es\/luisa-de-marillac-carta-0548-a-mi-querida-sor-maria-gaudoin\/\"},\"wordCount\":188,\"commentCount\":0,\"publisher\":{\"@id\":\"http:\/\/vincentians.com\/es\/#organization\"},\"image\":{\"@id\":\"https:\/\/vincentians.com\/es\/luisa-de-marillac-carta-0548-a-mi-querida-sor-maria-gaudoin\/#primaryimage\"},\"thumbnailUrl\":\"https:\/\/i0.wp.com\/vincentians.com\/es\/wp-content\/uploads\/sites\/11\/2016\/07\/escritos-luisa-de-marillac.jpg?fit=1200%2C630&ssl=1\",\"keywords\":[\"Montmirail\",\"Portail\"],\"articleSection\":[\"Escritos de Luisa de Marillac\"],\"inLanguage\":\"es\",\"potentialAction\":[{\"@type\":\"CommentAction\",\"name\":\"Comment\",\"target\":[\"https:\/\/vincentians.com\/es\/luisa-de-marillac-carta-0548-a-mi-querida-sor-maria-gaudoin\/#respond\"]}]},{\"@type\":\"WebPage\",\"@id\":\"https:\/\/vincentians.com\/es\/luisa-de-marillac-carta-0548-a-mi-querida-sor-maria-gaudoin\/\",\"url\":\"https:\/\/vincentians.com\/es\/luisa-de-marillac-carta-0548-a-mi-querida-sor-maria-gaudoin\/\",\"name\":\"Luisa de Marillac, Carta 0548: A mi querida Sor Mar\u00eda Gaudoin - Somos Vicencianos\",\"isPartOf\":{\"@id\":\"http:\/\/vincentians.com\/es\/#website\"},\"primaryImageOfPage\":{\"@id\":\"https:\/\/vincentians.com\/es\/luisa-de-marillac-carta-0548-a-mi-querida-sor-maria-gaudoin\/#primaryimage\"},\"image\":{\"@id\":\"https:\/\/vincentians.com\/es\/luisa-de-marillac-carta-0548-a-mi-querida-sor-maria-gaudoin\/#primaryimage\"},\"thumbnailUrl\":\"https:\/\/i0.wp.com\/vincentians.com\/es\/wp-content\/uploads\/sites\/11\/2016\/07\/escritos-luisa-de-marillac.jpg?fit=1200%2C630&ssl=1\",\"datePublished\":\"2012-04-14T23:00:29+00:00\",\"dateModified\":\"2016-07-26T09:04:53+00:00\",\"breadcrumb\":{\"@id\":\"https:\/\/vincentians.com\/es\/luisa-de-marillac-carta-0548-a-mi-querida-sor-maria-gaudoin\/#breadcrumb\"},\"inLanguage\":\"es\",\"potentialAction\":[{\"@type\":\"ReadAction\",\"target\":[\"https:\/\/vincentians.com\/es\/luisa-de-marillac-carta-0548-a-mi-querida-sor-maria-gaudoin\/\"]}]},{\"@type\":\"ImageObject\",\"inLanguage\":\"es\",\"@id\":\"https:\/\/vincentians.com\/es\/luisa-de-marillac-carta-0548-a-mi-querida-sor-maria-gaudoin\/#primaryimage\",\"url\":\"https:\/\/i0.wp.com\/vincentians.com\/es\/wp-content\/uploads\/sites\/11\/2016\/07\/escritos-luisa-de-marillac.jpg?fit=1200%2C630&ssl=1\",\"contentUrl\":\"https:\/\/i0.wp.com\/vincentians.com\/es\/wp-content\/uploads\/sites\/11\/2016\/07\/escritos-luisa-de-marillac.jpg?fit=1200%2C630&ssl=1\",\"width\":1200,\"height\":630},{\"@type\":\"BreadcrumbList\",\"@id\":\"https:\/\/vincentians.com\/es\/luisa-de-marillac-carta-0548-a-mi-querida-sor-maria-gaudoin\/#breadcrumb\",\"itemListElement\":[{\"@type\":\"ListItem\",\"position\":1,\"name\":\"Portada\",\"item\":\"http:\/\/vincentians.com\/es\/\"},{\"@type\":\"ListItem\",\"position\":2,\"name\":\"Luisa de Marillac, Carta 0548: A mi querida Sor Mar\u00eda Gaudoin\"}]},{\"@type\":\"WebSite\",\"@id\":\"http:\/\/vincentians.com\/es\/#website\",\"url\":\"http:\/\/vincentians.com\/es\/\",\"name\":\"Somos Vicencianos\",\"description\":\"Know more to serve more\",\"publisher\":{\"@id\":\"http:\/\/vincentians.com\/es\/#organization\"},\"potentialAction\":[{\"@type\":\"SearchAction\",\"target\":{\"@type\":\"EntryPoint\",\"urlTemplate\":\"http:\/\/vincentians.com\/es\/?s={search_term_string}\"},\"query-input\":{\"@type\":\"PropertyValueSpecification\",\"valueRequired\":true,\"valueName\":\"search_term_string\"}}],\"inLanguage\":\"es\"},{\"@type\":\"Organization\",\"@id\":\"http:\/\/vincentians.com\/es\/#organization\",\"name\":\"The Vincentian Network\",\"url\":\"http:\/\/vincentians.com\/es\/\",\"logo\":{\"@type\":\"ImageObject\",\"inLanguage\":\"es\",\"@id\":\"http:\/\/vincentians.com\/es\/#\/schema\/logo\/image\/\",\"url\":\"https:\/\/i1.wp.com\/vincentians.com\/es\/wp-content\/uploads\/sites\/11\/2016\/06\/Vincentian-Network-logo-big.png?fit=778%2C778\",\"contentUrl\":\"https:\/\/i1.wp.com\/vincentians.com\/es\/wp-content\/uploads\/sites\/11\/2016\/06\/Vincentian-Network-logo-big.png?fit=778%2C778\",\"width\":778,\"height\":778,\"caption\":\"The Vincentian Network\"},\"image\":{\"@id\":\"http:\/\/vincentians.com\/es\/#\/schema\/logo\/image\/\"},\"sameAs\":[\"https:\/\/www.facebook.com\/WeAreVincentians\/\",\"https:\/\/x.com\/WeVincentians\"]},{\"@type\":\"Person\",\"@id\":\"http:\/\/vincentians.com\/es\/#\/schema\/person\/9623ef4d9aa3b2dfb8c061f1499288f2\",\"name\":\"Francisco Javier Fern\u00e1ndez Chento\",\"image\":{\"@type\":\"ImageObject\",\"inLanguage\":\"es\",\"@id\":\"http:\/\/vincentians.com\/es\/#\/schema\/person\/image\/\",\"url\":\"https:\/\/secure.gravatar.com\/avatar\/497d5cde87b4c3d097d0315953521681ba2cd523ee66e5077c3711f7021e65de?s=96&d=mm&r=g\",\"contentUrl\":\"https:\/\/secure.gravatar.com\/avatar\/497d5cde87b4c3d097d0315953521681ba2cd523ee66e5077c3711f7021e65de?s=96&d=mm&r=g\",\"caption\":\"Francisco Javier Fern\u00e1ndez Chento\"},\"description\":\"Director General y cofundador de La Red de Formaci\u00f3n Vicenciana. Javier es laico vicenciano, afiliado a la Congregaci\u00f3n de la Misi\u00f3n y miembro del Equipo de Misiones Populares de la provincia can\u00f3nica de Zaragoza (Espa\u00f1a) de la Congregaci\u00f3n de la Misi\u00f3n. Graduado en la Universidad Oberta de Catalunya con cuatro grados (Asistente de direcci\u00f3n, Gesti\u00f3n Administrativa, Recursos Humanos y Contabilidad Avanzada). Bil\u00edng\u00fce Espa\u00f1ol\/Ingl\u00e9s. gestiona y mantiene varias p\u00e1ginas web cristianas y vicencianas, incluida including La Red de Formaci\u00f3n Vicenciana, de la que es cofundador. Actualmente es responsable del \u00e1rea de Espa\u00f1ol de .famvin, la Red de Noticias de la Familia Vicenciana. Tambi\u00e9n es m\u00fasico cat\u00f3lico y ha editado varios discos. Es Director General y cofundador de Trovador, una reconocida compa\u00f1\u00eda discogr\u00e1fica critiana de Espa\u00f1a. Trabaja en las Tecnolog\u00edas de la Informaci\u00f3n, ofreciendo servicios de alojamiento, dise\u00f1o y mantenimiento Web, as\u00ed como asesoramiento, formaci\u00f3n y soluciones inform\u00e1ticas, gesti\u00f3n documental y digitalizaci\u00f3n de textos, edici\u00f3n y maquetaci\u00f3n de libros, revistas, flyers, etc.\",\"sameAs\":[\"http:\/\/chento.org\",\"https:\/\/www.facebook.com\/JavierChento\",\"https:\/\/x.com\/https:\/\/twitter.com\/javierchento\"],\"url\":\"https:\/\/vincentians.com\/es\/author\/chento\/\"}]}<\/script>\n<!-- \/ Yoast SEO plugin. -->","yoast_head_json":{"title":"Luisa de Marillac, Carta 0548: A mi querida Sor Mar\u00eda Gaudoin - Somos Vicencianos","robots":{"index":"index","follow":"follow","max-snippet":"max-snippet:-1","max-image-preview":"max-image-preview:large","max-video-preview":"max-video-preview:-1"},"canonical":"https:\/\/vincentians.com\/es\/luisa-de-marillac-carta-0548-a-mi-querida-sor-maria-gaudoin\/","og_locale":"es_ES","og_type":"article","og_title":"Luisa de Marillac, Carta 0548: A mi querida Sor Mar\u00eda Gaudoin - Somos Vicencianos","og_description":"Hija de la Caridad Sierva de los Pobres Enfermos Angers 12 agosto (1656) Mi querida hermana: Doy gracias a Nuestro Se\u00f1or por su feliz viaje. Ya me figuraba que ser\u00eda usted bien recibida tanto por ... Read More","og_url":"https:\/\/vincentians.com\/es\/luisa-de-marillac-carta-0548-a-mi-querida-sor-maria-gaudoin\/","og_site_name":"Somos Vicencianos","article_publisher":"https:\/\/www.facebook.com\/WeAreVincentians\/","article_author":"https:\/\/www.facebook.com\/JavierChento","article_published_time":"2012-04-14T23:00:29+00:00","article_modified_time":"2016-07-26T09:04:53+00:00","og_image":[{"width":1200,"height":630,"url":"https:\/\/i0.wp.com\/vincentians.com\/es\/wp-content\/uploads\/sites\/11\/2016\/07\/escritos-luisa-de-marillac.jpg?fit=1200%2C630&ssl=1","type":"image\/jpeg"}],"author":"Francisco Javier Fern\u00e1ndez Chento","twitter_card":"summary_large_image","twitter_creator":"@https:\/\/twitter.com\/javierchento","twitter_site":"@WeVincentians","twitter_misc":{"Escrito por":"Francisco Javier Fern\u00e1ndez Chento","Tiempo de lectura":"1 minuto"},"schema":{"@context":"https:\/\/schema.org","@graph":[{"@type":"Article","@id":"https:\/\/vincentians.com\/es\/luisa-de-marillac-carta-0548-a-mi-querida-sor-maria-gaudoin\/#article","isPartOf":{"@id":"https:\/\/vincentians.com\/es\/luisa-de-marillac-carta-0548-a-mi-querida-sor-maria-gaudoin\/"},"author":{"name":"Francisco Javier Fern\u00e1ndez Chento","@id":"http:\/\/vincentians.com\/es\/#\/schema\/person\/9623ef4d9aa3b2dfb8c061f1499288f2"},"headline":"Luisa de Marillac, Carta 0548: A mi querida Sor Mar\u00eda Gaudoin","datePublished":"2012-04-14T23:00:29+00:00","dateModified":"2016-07-26T09:04:53+00:00","mainEntityOfPage":{"@id":"https:\/\/vincentians.com\/es\/luisa-de-marillac-carta-0548-a-mi-querida-sor-maria-gaudoin\/"},"wordCount":188,"commentCount":0,"publisher":{"@id":"http:\/\/vincentians.com\/es\/#organization"},"image":{"@id":"https:\/\/vincentians.com\/es\/luisa-de-marillac-carta-0548-a-mi-querida-sor-maria-gaudoin\/#primaryimage"},"thumbnailUrl":"https:\/\/i0.wp.com\/vincentians.com\/es\/wp-content\/uploads\/sites\/11\/2016\/07\/escritos-luisa-de-marillac.jpg?fit=1200%2C630&ssl=1","keywords":["Montmirail","Portail"],"articleSection":["Escritos de Luisa de Marillac"],"inLanguage":"es","potentialAction":[{"@type":"CommentAction","name":"Comment","target":["https:\/\/vincentians.com\/es\/luisa-de-marillac-carta-0548-a-mi-querida-sor-maria-gaudoin\/#respond"]}]},{"@type":"WebPage","@id":"https:\/\/vincentians.com\/es\/luisa-de-marillac-carta-0548-a-mi-querida-sor-maria-gaudoin\/","url":"https:\/\/vincentians.com\/es\/luisa-de-marillac-carta-0548-a-mi-querida-sor-maria-gaudoin\/","name":"Luisa de Marillac, Carta 0548: A mi querida Sor Mar\u00eda Gaudoin - Somos Vicencianos","isPartOf":{"@id":"http:\/\/vincentians.com\/es\/#website"},"primaryImageOfPage":{"@id":"https:\/\/vincentians.com\/es\/luisa-de-marillac-carta-0548-a-mi-querida-sor-maria-gaudoin\/#primaryimage"},"image":{"@id":"https:\/\/vincentians.com\/es\/luisa-de-marillac-carta-0548-a-mi-querida-sor-maria-gaudoin\/#primaryimage"},"thumbnailUrl":"https:\/\/i0.wp.com\/vincentians.com\/es\/wp-content\/uploads\/sites\/11\/2016\/07\/escritos-luisa-de-marillac.jpg?fit=1200%2C630&ssl=1","datePublished":"2012-04-14T23:00:29+00:00","dateModified":"2016-07-26T09:04:53+00:00","breadcrumb":{"@id":"https:\/\/vincentians.com\/es\/luisa-de-marillac-carta-0548-a-mi-querida-sor-maria-gaudoin\/#breadcrumb"},"inLanguage":"es","potentialAction":[{"@type":"ReadAction","target":["https:\/\/vincentians.com\/es\/luisa-de-marillac-carta-0548-a-mi-querida-sor-maria-gaudoin\/"]}]},{"@type":"ImageObject","inLanguage":"es","@id":"https:\/\/vincentians.com\/es\/luisa-de-marillac-carta-0548-a-mi-querida-sor-maria-gaudoin\/#primaryimage","url":"https:\/\/i0.wp.com\/vincentians.com\/es\/wp-content\/uploads\/sites\/11\/2016\/07\/escritos-luisa-de-marillac.jpg?fit=1200%2C630&ssl=1","contentUrl":"https:\/\/i0.wp.com\/vincentians.com\/es\/wp-content\/uploads\/sites\/11\/2016\/07\/escritos-luisa-de-marillac.jpg?fit=1200%2C630&ssl=1","width":1200,"height":630},{"@type":"BreadcrumbList","@id":"https:\/\/vincentians.com\/es\/luisa-de-marillac-carta-0548-a-mi-querida-sor-maria-gaudoin\/#breadcrumb","itemListElement":[{"@type":"ListItem","position":1,"name":"Portada","item":"http:\/\/vincentians.com\/es\/"},{"@type":"ListItem","position":2,"name":"Luisa de Marillac, Carta 0548: A mi querida Sor Mar\u00eda Gaudoin"}]},{"@type":"WebSite","@id":"http:\/\/vincentians.com\/es\/#website","url":"http:\/\/vincentians.com\/es\/","name":"Somos Vicencianos","description":"Know more to serve more","publisher":{"@id":"http:\/\/vincentians.com\/es\/#organization"},"potentialAction":[{"@type":"SearchAction","target":{"@type":"EntryPoint","urlTemplate":"http:\/\/vincentians.com\/es\/?s={search_term_string}"},"query-input":{"@type":"PropertyValueSpecification","valueRequired":true,"valueName":"search_term_string"}}],"inLanguage":"es"},{"@type":"Organization","@id":"http:\/\/vincentians.com\/es\/#organization","name":"The Vincentian Network","url":"http:\/\/vincentians.com\/es\/","logo":{"@type":"ImageObject","inLanguage":"es","@id":"http:\/\/vincentians.com\/es\/#\/schema\/logo\/image\/","url":"https:\/\/i1.wp.com\/vincentians.com\/es\/wp-content\/uploads\/sites\/11\/2016\/06\/Vincentian-Network-logo-big.png?fit=778%2C778","contentUrl":"https:\/\/i1.wp.com\/vincentians.com\/es\/wp-content\/uploads\/sites\/11\/2016\/06\/Vincentian-Network-logo-big.png?fit=778%2C778","width":778,"height":778,"caption":"The Vincentian Network"},"image":{"@id":"http:\/\/vincentians.com\/es\/#\/schema\/logo\/image\/"},"sameAs":["https:\/\/www.facebook.com\/WeAreVincentians\/","https:\/\/x.com\/WeVincentians"]},{"@type":"Person","@id":"http:\/\/vincentians.com\/es\/#\/schema\/person\/9623ef4d9aa3b2dfb8c061f1499288f2","name":"Francisco Javier Fern\u00e1ndez Chento","image":{"@type":"ImageObject","inLanguage":"es","@id":"http:\/\/vincentians.com\/es\/#\/schema\/person\/image\/","url":"https:\/\/secure.gravatar.com\/avatar\/497d5cde87b4c3d097d0315953521681ba2cd523ee66e5077c3711f7021e65de?s=96&d=mm&r=g","contentUrl":"https:\/\/secure.gravatar.com\/avatar\/497d5cde87b4c3d097d0315953521681ba2cd523ee66e5077c3711f7021e65de?s=96&d=mm&r=g","caption":"Francisco Javier Fern\u00e1ndez Chento"},"description":"Director General y cofundador de La Red de Formaci\u00f3n Vicenciana. Javier es laico vicenciano, afiliado a la Congregaci\u00f3n de la Misi\u00f3n y miembro del Equipo de Misiones Populares de la provincia can\u00f3nica de Zaragoza (Espa\u00f1a) de la Congregaci\u00f3n de la Misi\u00f3n. Graduado en la Universidad Oberta de Catalunya con cuatro grados (Asistente de direcci\u00f3n, Gesti\u00f3n Administrativa, Recursos Humanos y Contabilidad Avanzada). Bil\u00edng\u00fce Espa\u00f1ol\/Ingl\u00e9s. gestiona y mantiene varias p\u00e1ginas web cristianas y vicencianas, incluida including La Red de Formaci\u00f3n Vicenciana, de la que es cofundador. Actualmente es responsable del \u00e1rea de Espa\u00f1ol de .famvin, la Red de Noticias de la Familia Vicenciana. Tambi\u00e9n es m\u00fasico cat\u00f3lico y ha editado varios discos. Es Director General y cofundador de Trovador, una reconocida compa\u00f1\u00eda discogr\u00e1fica critiana de Espa\u00f1a. Trabaja en las Tecnolog\u00edas de la Informaci\u00f3n, ofreciendo servicios de alojamiento, dise\u00f1o y mantenimiento Web, as\u00ed como asesoramiento, formaci\u00f3n y soluciones inform\u00e1ticas, gesti\u00f3n documental y digitalizaci\u00f3n de textos, edici\u00f3n y maquetaci\u00f3n de libros, revistas, flyers, etc.","sameAs":["http:\/\/chento.org","https:\/\/www.facebook.com\/JavierChento","https:\/\/x.com\/https:\/\/twitter.com\/javierchento"],"url":"https:\/\/vincentians.com\/es\/author\/chento\/"}]}},"jetpack_publicize_connections":[],"jetpack_featured_media_url":"https:\/\/i0.wp.com\/vincentians.com\/es\/wp-content\/uploads\/sites\/11\/2016\/07\/escritos-luisa-de-marillac.jpg?fit=1200%2C630&ssl=1","jetpack_sharing_enabled":true,"jetpack_shortlink":"https:\/\/wp.me\/p7ETMF-k9U","jetpack-related-posts":[{"id":100682,"url":"https:\/\/vincentians.com\/es\/luisa-de-marillac-carta-0613-a-mis-queridas-hermanas-sor-claudia-y-sor-maria\/","url_meta":{"origin":77494,"position":0},"title":"Luisa de Marillac, Carta 0613: A mis queridas Hermanas Sor Claudia y Sor Mar\u00eda","author":"Francisco Javier Fern\u00e1ndez Chento","date":"20\/08\/2012","format":false,"excerpt":"Hijas de la Caridad Siervas de los Pobres Enfermos en Angers Hoy, 28 de noviembre (1657) Mis queridas Hermanas Sor Claudia y Sor Mar\u00eda: Les agradezco las noticias que me han dado de nuestras Hermanas.Alabo a Dios con todo mi coraz\u00f3n por su fidelidad en continuar los servicios que acostumbran\u2026","rel":"","context":"En \u00abEscritos de Luisa de Marillac\u00bb","block_context":{"text":"Escritos de Luisa de Marillac","link":"https:\/\/vincentians.com\/es\/category\/escritos\/escritos-de-luisa-de-marillac\/"},"img":{"alt_text":"","src":"https:\/\/i0.wp.com\/vincentians.com\/es\/wp-content\/uploads\/sites\/11\/2016\/07\/escritos-luisa-de-marillac.jpg?fit=1200%2C630&ssl=1&resize=350%2C200","width":350,"height":200,"srcset":"https:\/\/i0.wp.com\/vincentians.com\/es\/wp-content\/uploads\/sites\/11\/2016\/07\/escritos-luisa-de-marillac.jpg?fit=1200%2C630&ssl=1&resize=350%2C200 1x, https:\/\/i0.wp.com\/vincentians.com\/es\/wp-content\/uploads\/sites\/11\/2016\/07\/escritos-luisa-de-marillac.jpg?fit=1200%2C630&ssl=1&resize=525%2C300 1.5x, https:\/\/i0.wp.com\/vincentians.com\/es\/wp-content\/uploads\/sites\/11\/2016\/07\/escritos-luisa-de-marillac.jpg?fit=1200%2C630&ssl=1&resize=700%2C400 2x, https:\/\/i0.wp.com\/vincentians.com\/es\/wp-content\/uploads\/sites\/11\/2016\/07\/escritos-luisa-de-marillac.jpg?fit=1200%2C630&ssl=1&resize=1050%2C600 3x"},"classes":[]},{"id":115704,"url":"https:\/\/vincentians.com\/es\/luisa-de-marillac-carta-0667-a-sor-nicolasa-haran\/","url_meta":{"origin":77494,"position":1},"title":"Luisa de Marillac, Carta 0667: A Sor Nicolasa Haran","author":"Francisco Javier Fern\u00e1ndez Chento","date":"09\/12\/2012","format":false,"excerpt":"Nantes Hoy, 4 de enero de 1659 Muy querida Hermana: Suplico al amor de Nuestro Se\u00f1or que inflame su coraz\u00f3n con sus santas llamas, para que su querida Comunidad perciba algunas chispas de ese fuego, a trav\u00e9s de la cordialidad y tolerancia que suele usted tener. Formulo el mismo deseo\u2026","rel":"","context":"En \u00abEscritos de Luisa de Marillac\u00bb","block_context":{"text":"Escritos de Luisa de Marillac","link":"https:\/\/vincentians.com\/es\/category\/escritos\/escritos-de-luisa-de-marillac\/"},"img":{"alt_text":"","src":"https:\/\/i0.wp.com\/vincentians.com\/es\/wp-content\/uploads\/sites\/11\/2016\/07\/escritos-luisa-de-marillac.jpg?fit=1200%2C630&ssl=1&resize=350%2C200","width":350,"height":200,"srcset":"https:\/\/i0.wp.com\/vincentians.com\/es\/wp-content\/uploads\/sites\/11\/2016\/07\/escritos-luisa-de-marillac.jpg?fit=1200%2C630&ssl=1&resize=350%2C200 1x, https:\/\/i0.wp.com\/vincentians.com\/es\/wp-content\/uploads\/sites\/11\/2016\/07\/escritos-luisa-de-marillac.jpg?fit=1200%2C630&ssl=1&resize=525%2C300 1.5x, https:\/\/i0.wp.com\/vincentians.com\/es\/wp-content\/uploads\/sites\/11\/2016\/07\/escritos-luisa-de-marillac.jpg?fit=1200%2C630&ssl=1&resize=700%2C400 2x, https:\/\/i0.wp.com\/vincentians.com\/es\/wp-content\/uploads\/sites\/11\/2016\/07\/escritos-luisa-de-marillac.jpg?fit=1200%2C630&ssl=1&resize=1050%2C600 3x"},"classes":[]},{"id":114876,"url":"https:\/\/vincentians.com\/es\/luisa-de-marillac-carta-0660-al-senor-abad-de-vaux\/","url_meta":{"origin":77494,"position":2},"title":"Luisa de Marillac, Carta 0660: Al se\u00f1or Abad de Vaux","author":"Francisco Javier Fern\u00e1ndez Chento","date":"08\/11\/2012","format":false,"excerpt":"Hoy, 17 de noviembre (1658) Se\u00f1or: He tenido el honor de escribir al se\u00f1or Ratier por el \u00faltimo correo, para avisarle la marcha de nuestras Hermanas y tambi\u00e9n participarle la alegr\u00eda que era para m\u00ed el que Dios nos haya permitido poder cumplir con este deber. Puedo decirle, se\u00f1or, que\u2026","rel":"","context":"En \u00abEscritos de Luisa de Marillac\u00bb","block_context":{"text":"Escritos de Luisa de Marillac","link":"https:\/\/vincentians.com\/es\/category\/escritos\/escritos-de-luisa-de-marillac\/"},"img":{"alt_text":"","src":"https:\/\/i0.wp.com\/vincentians.com\/es\/wp-content\/uploads\/sites\/11\/2016\/07\/escritos-luisa-de-marillac.jpg?fit=1200%2C630&ssl=1&resize=350%2C200","width":350,"height":200,"srcset":"https:\/\/i0.wp.com\/vincentians.com\/es\/wp-content\/uploads\/sites\/11\/2016\/07\/escritos-luisa-de-marillac.jpg?fit=1200%2C630&ssl=1&resize=350%2C200 1x, https:\/\/i0.wp.com\/vincentians.com\/es\/wp-content\/uploads\/sites\/11\/2016\/07\/escritos-luisa-de-marillac.jpg?fit=1200%2C630&ssl=1&resize=525%2C300 1.5x, https:\/\/i0.wp.com\/vincentians.com\/es\/wp-content\/uploads\/sites\/11\/2016\/07\/escritos-luisa-de-marillac.jpg?fit=1200%2C630&ssl=1&resize=700%2C400 2x, https:\/\/i0.wp.com\/vincentians.com\/es\/wp-content\/uploads\/sites\/11\/2016\/07\/escritos-luisa-de-marillac.jpg?fit=1200%2C630&ssl=1&resize=1050%2C600 3x"},"classes":[]},{"id":101428,"url":"https:\/\/vincentians.com\/es\/luisa-de-marillac-carta-0616-a-mi-querida-sor-barbara-angiboust\/","url_meta":{"origin":77494,"position":3},"title":"Luisa de Marillac, Carta 0616: A mi querida Sor B\u00e1rbara Angiboust","author":"Francisco Javier Fern\u00e1ndez Chento","date":"23\/08\/2012","format":false,"excerpt":"Hija de la Caridad Sierva de los Pobres Enfermos Ch\u00e2teaudun Hoy, 6 de enero de 1658 Mi muy querida Hermana: Se me hac\u00eda ya muy largo el no recibir sus apreciadas noticias y mucho tem\u00eda que se hubieran perdido nuestras cartas, como sigo crey\u00e9ndolo, ya que la respuesta que me\u2026","rel":"","context":"En \u00abEscritos de Luisa de Marillac\u00bb","block_context":{"text":"Escritos de Luisa de Marillac","link":"https:\/\/vincentians.com\/es\/category\/escritos\/escritos-de-luisa-de-marillac\/"},"img":{"alt_text":"","src":"https:\/\/i0.wp.com\/vincentians.com\/es\/wp-content\/uploads\/sites\/11\/2016\/07\/escritos-luisa-de-marillac.jpg?fit=1200%2C630&ssl=1&resize=350%2C200","width":350,"height":200,"srcset":"https:\/\/i0.wp.com\/vincentians.com\/es\/wp-content\/uploads\/sites\/11\/2016\/07\/escritos-luisa-de-marillac.jpg?fit=1200%2C630&ssl=1&resize=350%2C200 1x, https:\/\/i0.wp.com\/vincentians.com\/es\/wp-content\/uploads\/sites\/11\/2016\/07\/escritos-luisa-de-marillac.jpg?fit=1200%2C630&ssl=1&resize=525%2C300 1.5x, https:\/\/i0.wp.com\/vincentians.com\/es\/wp-content\/uploads\/sites\/11\/2016\/07\/escritos-luisa-de-marillac.jpg?fit=1200%2C630&ssl=1&resize=700%2C400 2x, https:\/\/i0.wp.com\/vincentians.com\/es\/wp-content\/uploads\/sites\/11\/2016\/07\/escritos-luisa-de-marillac.jpg?fit=1200%2C630&ssl=1&resize=1050%2C600 3x"},"classes":[]},{"id":119450,"url":"https:\/\/vincentians.com\/es\/luisa-de-marillac-carta-0688-a-la-senora-de-bouillon\/","url_meta":{"origin":77494,"position":4},"title":"Luisa de Marillac, Carta 0688: A la se\u00f1ora de Bouillon","author":"Francisco Javier Fern\u00e1ndez Chento","date":"13\/04\/2013","format":false,"excerpt":"Hoy, 21 de agosto de 1659 Se\u00f1ora: He sabido la enfermedad de Sor Santa y no hubiera dejado de mandar ayuda a Sor Renata si hubiera dispuesto de alguien adecuado para ello; pero como continuamos en la misma imposibilidad, que ha de durar por lo menos alg\u00fan tiempo, le ruego\u2026","rel":"","context":"En \u00abEscritos de Luisa de Marillac\u00bb","block_context":{"text":"Escritos de Luisa de Marillac","link":"https:\/\/vincentians.com\/es\/category\/escritos\/escritos-de-luisa-de-marillac\/"},"img":{"alt_text":"","src":"https:\/\/i0.wp.com\/vincentians.com\/es\/wp-content\/uploads\/sites\/11\/2016\/07\/escritos-luisa-de-marillac.jpg?fit=1200%2C630&ssl=1&resize=350%2C200","width":350,"height":200,"srcset":"https:\/\/i0.wp.com\/vincentians.com\/es\/wp-content\/uploads\/sites\/11\/2016\/07\/escritos-luisa-de-marillac.jpg?fit=1200%2C630&ssl=1&resize=350%2C200 1x, https:\/\/i0.wp.com\/vincentians.com\/es\/wp-content\/uploads\/sites\/11\/2016\/07\/escritos-luisa-de-marillac.jpg?fit=1200%2C630&ssl=1&resize=525%2C300 1.5x, https:\/\/i0.wp.com\/vincentians.com\/es\/wp-content\/uploads\/sites\/11\/2016\/07\/escritos-luisa-de-marillac.jpg?fit=1200%2C630&ssl=1&resize=700%2C400 2x, https:\/\/i0.wp.com\/vincentians.com\/es\/wp-content\/uploads\/sites\/11\/2016\/07\/escritos-luisa-de-marillac.jpg?fit=1200%2C630&ssl=1&resize=1050%2C600 3x"},"classes":[]},{"id":73301,"url":"https:\/\/vincentians.com\/es\/luisa-de-marillac-carta-0543-al-senor-abad-de-vaux\/","url_meta":{"origin":77494,"position":5},"title":"Luisa de Marillac, Carta 0543: Al se\u00f1or Abad de Vaux","author":"Francisco Javier Fern\u00e1ndez Chento","date":"29\/03\/2012","format":false,"excerpt":"Angers (julio de 1656) Se\u00f1or: Le agradezco humildemente la molestia que su caridad se ha tomado de informarse acerca de la buena Hermana a la que juzga usted id\u00f3nea para ingresar con nosotras: la recibiremos con mucho gusto. Hemos hecho todo lo posible por escoger a dos Hermanas en la\u2026","rel":"","context":"En \u00abEscritos de Luisa de Marillac\u00bb","block_context":{"text":"Escritos de Luisa de Marillac","link":"https:\/\/vincentians.com\/es\/category\/escritos\/escritos-de-luisa-de-marillac\/"},"img":{"alt_text":"","src":"https:\/\/i0.wp.com\/vincentians.com\/es\/wp-content\/uploads\/sites\/11\/2016\/07\/escritos-luisa-de-marillac.jpg?fit=1200%2C630&ssl=1&resize=350%2C200","width":350,"height":200,"srcset":"https:\/\/i0.wp.com\/vincentians.com\/es\/wp-content\/uploads\/sites\/11\/2016\/07\/escritos-luisa-de-marillac.jpg?fit=1200%2C630&ssl=1&resize=350%2C200 1x, https:\/\/i0.wp.com\/vincentians.com\/es\/wp-content\/uploads\/sites\/11\/2016\/07\/escritos-luisa-de-marillac.jpg?fit=1200%2C630&ssl=1&resize=525%2C300 1.5x, https:\/\/i0.wp.com\/vincentians.com\/es\/wp-content\/uploads\/sites\/11\/2016\/07\/escritos-luisa-de-marillac.jpg?fit=1200%2C630&ssl=1&resize=700%2C400 2x, https:\/\/i0.wp.com\/vincentians.com\/es\/wp-content\/uploads\/sites\/11\/2016\/07\/escritos-luisa-de-marillac.jpg?fit=1200%2C630&ssl=1&resize=1050%2C600 3x"},"classes":[]}],"_links":{"self":[{"href":"https:\/\/vincentians.com\/es\/wp-json\/wp\/v2\/posts\/77494","targetHints":{"allow":["GET"]}}],"collection":[{"href":"https:\/\/vincentians.com\/es\/wp-json\/wp\/v2\/posts"}],"about":[{"href":"https:\/\/vincentians.com\/es\/wp-json\/wp\/v2\/types\/post"}],"author":[{"embeddable":true,"href":"https:\/\/vincentians.com\/es\/wp-json\/wp\/v2\/users\/4"}],"replies":[{"embeddable":true,"href":"https:\/\/vincentians.com\/es\/wp-json\/wp\/v2\/comments?post=77494"}],"version-history":[{"count":0,"href":"https:\/\/vincentians.com\/es\/wp-json\/wp\/v2\/posts\/77494\/revisions"}],"wp:featuredmedia":[{"embeddable":true,"href":"https:\/\/vincentians.com\/es\/wp-json\/wp\/v2\/media\/393751"}],"wp:attachment":[{"href":"https:\/\/vincentians.com\/es\/wp-json\/wp\/v2\/media?parent=77494"}],"wp:term":[{"taxonomy":"category","embeddable":true,"href":"https:\/\/vincentians.com\/es\/wp-json\/wp\/v2\/categories?post=77494"},{"taxonomy":"post_tag","embeddable":true,"href":"https:\/\/vincentians.com\/es\/wp-json\/wp\/v2\/tags?post=77494"}],"curies":[{"name":"wp","href":"https:\/\/api.w.org\/{rel}","templated":true}]}}