{"id":73006,"date":"2015-07-21T08:43:06","date_gmt":"2015-07-21T06:43:06","guid":{"rendered":"http:\/\/somos.vicencianos.org\/?p=73006"},"modified":"2015-07-21T08:43:06","modified_gmt":"2015-07-21T06:43:06","slug":"vivir-en-conformidad-con-el-nombre","status":"publish","type":"post","link":"https:\/\/vincentians.com\/es\/vivir-en-conformidad-con-el-nombre\/","title":{"rendered":"\u00abVivir en conformidad con el nombre&#8230;\u00bb"},"content":{"rendered":"<p><strong><a href=\"https:\/\/i0.wp.com\/vicencianos.org\/wp-content\/2012\/03\/espiritualidad5.jpg\"><img data-recalc-dims=\"1\" loading=\"lazy\" decoding=\"async\" class=\"alignleft  wp-image-73007\" src=\"https:\/\/i0.wp.com\/vicencianos.org\/wp-content\/2012\/03\/espiritualidad5-300x275.jpg?resize=248%2C227\" alt=\"\" width=\"248\" height=\"227\" \/><\/a>I &#8211; INTRODUCCION<\/strong><\/p>\n<p><strong>a) A la b\u00fasqueda de un tema<\/strong><\/p>\n<p>Durante el tiempo que permanezca en el oficio que actualmente se me ha confiado, s\u00e9 que tengo que ofrecer a las Hermanas alg\u00fan tema de reflexi\u00f3n que les ayude en su preparaci\u00f3n inmediata a la renovaci\u00f3n anual de los votos, en la solemnidad de la Anunciaci\u00f3n del Se\u00f1or.<\/p>\n<p>Las Hijas de la Caridad reciben frecuentes temas de reflexi\u00f3n y orientaciones de los dos Superiores Generales (cartas, conferencias <em>y, <\/em>en relaci\u00f3n m\u00e1s directa con la renovaci\u00f3n anual, la circular de la Madre General).<\/p>\n<p>Como cada a\u00f1o me encontrar\u00e9 ante la misma situaci\u00f3n, desde ahora me he fijado unos criterios a los que atenerme tambi\u00e9n en el futuro respecto a los temas que vaya a ofrecer:<\/p>\n<p>Ser\u00e1 un tema amplio, no tanto en lo que se refiere a la extensi\u00f3n cuanto al asunto del que trate y al modo de enfocarlo.<\/p>\n<p>Tendr\u00e9 en cuenta los temas que han tratado los superiores Generales y el P. Lloret en los \u00faltimos a\u00f1os para no repetirlos yo de nuevo, al menos durante un tiempo prudencial.<\/p>\n<p>Ser\u00e1n, en alg\u00fan sentido, temas relacionados con lo que significa e implica la renovaci\u00f3n anual de los votos en la Compa\u00f1\u00eda.<\/p>\n<p>Teniendo en cuenta estos criterios comenc\u00e9 a releer las Constituciones a la b\u00fasqueda de un tema en el que se diesen esos tres presupuestos. Y lo encontr\u00e9 nada m\u00e1s comenzar la lectura.<\/p>\n<p>Efectivamente, en unas palabras de San Vicente que reproduce el texto introductorio a la Constituci\u00f3n 1.1 se cumplen esos criterios establecidos. Ellas me han inspirado el tema de reflexi\u00f3n. Dicen as\u00ed:<\/p>\n<p><em>\u00abCuando os entregasteis a Dios para servir a los pobres&#8230; recibisteis este nombre <\/em><em>(Hijas de la Caridad) que el mismo Dios os dio. Deb\u00e9is, pues, vivir en conformidad <\/em><em>con el nombre que llev\u00e1is, ya que es Dios quien dio ese nombre a la Compa\u00f1\u00eda\u00bb <\/em>(C. E. n\u00b0 1963)<\/p>\n<p><strong>b) Razones para la elecci\u00f3n;<\/strong><\/p>\n<p>El d\u00eda 23 de septiembre \u00faltimo, el P. General expres\u00f3 a todas las Visitadoras y Responsables regionales reunidas en la Casa Madre sus \u00abEsperanzas con relaci\u00f3n a la Compa\u00f1\u00eda de las Hijas de la Caridad\u00bb. La que enumer\u00f3 en octavo lugar dice as\u00ed: <em>\u00abPongo mi esperanza en que cada Hija de la Caridad va a dar prioridad a estas <\/em><em>palabras de San Vicente <\/em><strong><em>\u00abla Hija de la Caridad es Hija de Dios\u00bb. <\/em><\/strong><em>Nunca olviden <\/em><em>este nombre\u00bb. <\/em>(Ecos de la Compa\u00f1\u00eda, noviembre 1994, p\u00e1g 339).<\/p>\n<p>Estas palabras del P. General me parecen un eco de las que San Vicente dirig\u00eda frecuentemente a las Hermanas coment\u00e1ndoles el significado y las exigencias derivadas del nombre de \u00abHijas de la Caridad\u00bb.<\/p>\n<p>El hecho de que el P. General enumere antes otras siete razones no significa que esta octava sea menos importante. En la breve explicaci\u00f3n que hace de ella, aparece m\u00e1s bien como la s\u00edntesis y culminaci\u00f3n de todas las anteriores. No repetir un tema ya tratado por otros pero s\u00ed apuntar en la misma direcci\u00f3n es otra raz\u00f3n que me ha movido a elegir el que les ofrezco. Guarda cierta relaci\u00f3n con alg\u00fan aspecto de la virtud de la Caridad, tal como el P. General se lo expuso a las Hermanas el 1 de enero.<\/p>\n<p>Finalmente, me he decidido por este tema movido por las palabras que San Vicente pronunci\u00f3 inmediatamente antes de las que reproduce la introducci\u00f3n a la Const. 1.1. Fueron estas: <em>\u00abHijas m\u00edas, todas vosotras hab\u00e9is sido escritas en el libro <\/em><em>de la caridad cuando os entregasteis a Dios para servir a los pobres, especialmente <\/em><em>el d\u00eda que hicisteis los votos; recibisteis este nombre que os ha dado el mismo Dios\u00bb <\/em>(C.E. n\u00b0 1963). Seg\u00fan estas palabras, hay cierta relaci\u00f3n entre la renovaci\u00f3n anual de los votos y el nombre que llev\u00e1is. M\u00e1s adelante deduciremos algunas consecuencias de esa relaci\u00f3n.<\/p>\n<p><strong>c) Finalidad de esta conferencia<\/strong><\/p>\n<p>Nos proponemos colaborar a que las Hermanas tomen conciencia de que la renovaci\u00f3n anual de los votos lleva una fuerte exigencia y un nuevo impulso para vivir durante todo el a\u00f1o lo que significa el nombre de Hijas de la Caridad. Es decir, que renuevan los votos para seguir viviendo con dinamismo creciente en la caridad y para la caridad con Dios, con los pobres y entre las Hermanas.<\/p>\n<p>As\u00ed lo expresa San Vicente en la conferencia del 4 de marzo de 1658 cuando explic\u00f3 a las Hermanas aquellas palabras de las Reglas comunes que dicen: <em>\u00abSe <\/em><em>acordar\u00e1n con frecuencia del nombre de Hijas de la Caridad que llevan y procurar\u00e1n <\/em><em>hacerse dignas de \u00e9l por el santo amor que siempre tendr\u00e1n a Dios y al pr\u00f3jimo. Sobre todo vivir\u00e1n en gran uni\u00f3n con sus Hermanas\u00bb. <\/em>(C.E. n\u00b0 1939)<\/p>\n<p>La Constituci\u00f3n 1.3 habla del empe\u00f1o con que las Hermanas de hoy desean beber en sus fuentes las inspiraciones e intuiciones de los Fundadores. He aqu\u00ed una de esas intuiciones que tambi\u00e9n deber\u00e1n asumir y responder a ella con fidelidad renovada: llevar el nombre de Hijas de la Caridad conlleva sentirse cimentadas, urgidas y dinamizadas por la caridad. No s\u00f3lo es su nombre, es su raz\u00f3n de ser. La renovaci\u00f3n anual de los votos deber\u00eda ser tambi\u00e9n la expresi\u00f3n de un ahondamiento y crecimiento progresivo en lo que constituye la vida y la misi\u00f3n de la Compa\u00f1\u00eda. O lo que es lo mismo: tratar de vivir con coherencia lo que su nombre significa.<\/p>\n<p><strong>\u00a0<\/strong><\/p>\n<p><strong>II &#8211; EL NOMBRE<\/strong><\/p>\n<p>Cuando San Vicente argumentaba a las primeras Hermanas para convencerlas de la necesidad de amar a Dios, a los pobres y entre ellas mismas, frecuentemente apoyaba su razonamiento en el nombre de \u00abHijas de la Caridad\u00bb.<sup>121<\/sup><\/p>\n<p>El Fundador tomaba el nombre en sentido b\u00edblico. En la Biblia el nombre es como una breve definici\u00f3n; m\u00e1s a\u00fan, es parte de la realidad designada con ese nombre. Los nombres de Ad\u00e1n, Eva, Abrah\u00e1m, Mois\u00e9s, Jes\u00fas, Pedro&#8230; significan lo que son o, al menos, designan un rasgo importante de su persona o misi\u00f3n. Conocer el nombre de alguien equivale, pues, a conocer lo que es esa persona. Cuando Dios conf\u00eda una nueva misi\u00f3n a alguien, le cambia el nombre, imponi\u00e9ndole uno nuevo que exprese mejor la nueva realidad. A Sim\u00f3n, Jes\u00fas le llam\u00f3 Pedro porque le destinaba a ser piedra fundamental de la Iglesia.<\/p>\n<p>En la Biblia el nombre lo pone Dios, pues El conoce en profundidad lo que es la persona y, por lo tanto, s\u00f3lo El sabe el nombre m\u00e1s adecuado que le conviene: <em>\u00ab&#8230;le <\/em><em>pondr\u00e1s por nombre Jes\u00fas\u00bb <\/em>(Lc. 1,31); \u00ab&#8230; <em>t\u00fa eres Pedro\u00bb <\/em>(Jn. 1, 42); <em>\u00ab&#8230;ya no te <\/em><em>llamar\u00e1n Abr\u00e1m sino Abrah\u00e1m\u00bb <\/em>(Gn. 17,6).<\/p>\n<p>A las Hijas de la Caridad Dios les ha puesto ese nombre <em>\u00ab&#8230;pues la voz del pueblo <\/em><em>es la voz de Dios\u00bb <\/em>(C.E. n\u00b0 1964): <em>\u00abEs Dios el que ha dado ese nombre a la <\/em><em>Compa\u00f1\u00eda&#8230; Ha sido el pueblo el que, al ver lo que hac\u00e9is&#8230; os ha dado ese nombre\u00bb <\/em>(C.E. n\u00b0 1963).<\/p>\n<p>Para exhortar a las Hermanas a vivir la caridad en todas sus expresiones, es decir, a amar a Dios, a amar a los pobres y a amarse entre ellas, San Vicente acude al nombre que llevan, pues no solo deben vivir de acuerdo con lo que ese nombre significa sino que tienen que hacerse dignas del nombre de Hijas de la Caridad con el que Dios y el pueblo las identifican. <em>\u00abDeb\u00e9is vivir conforme al nombre que Dios os <\/em><em>ha dado\u00bb, \u00abprocurad haceros dignas del nombre que llev\u00e1is\u00bb <\/em>(C.E. n\u00b0 1940).<\/p>\n<p>Toda nueva reflexi\u00f3n que hagan las Hermanas sobre el nombre de \u00abHijas de la Caridad\u00bb deber\u00e1 ayudarles a profundizar en lo que significa, y, al mismo tiempo, a recibir un impulso para vivir en coherencia con ese nombre. En un primer significado, \u00abHijas de la Caridad\u00bb significa engendradas y alimentadas por la caridad hasta llegar a la plenitud del ser perfecto que es Cristo. San Vicente dec\u00eda algo mucho m\u00e1s profundo y exigente: <em>\u00abHijas de la Caridad equivale a decir Hijas de Dios\u00bb.<\/em><\/p>\n<p><em>\u00a0<\/em><\/p>\n<p><strong>III &#8211; HIJAS DE LA CARIDAD: HIJAS DEL BUEN DIOS<\/strong><\/p>\n<p><em>\u2039\u2039Dios es amor\u00bb, <\/em>dice San Juan con la definici\u00f3n m\u00e1s breve a la vez que m\u00e1s cercana a lo que es el Dios que nos ha revelado Jesucristo. (1Jn. 4, 8). Hemos sido creados a su imagen y semejanza. El fondo de nuestro ser es amor. Nuestro destino es amar para reflejar lo que es Dios, cuya imagen somos. Esa es la grandiosa vocaci\u00f3n de todo ser humano, de todo cristiano, tambi\u00e9n de esas \u00abbuenas cristianas\u00bb que son las Hijas de la Caridad.<\/p>\n<p>Las Hijas de la Caridad son herederas de una espiritualidad &#8211; la de los Fundadores &#8211; que se cimenta en la caridad. Son igualmente continuadoras, entre los pobres, de la misi\u00f3n de Cristo que vino al mundo para revelarnos el infinito amor que nos tiene el Padre. Tanto su espiritualidad como su misi\u00f3n est\u00e1n reclamando de ellas una profunda experiencia personal de Dios Padre, del Dios Amor. \u00bfComo revelar\u00e1n a los Pobres lo que es Dios sin haberlo experimentado antes ellas?<\/p>\n<p>S\u00f3lo si tratamos con un Dios Amor, s\u00f3lo si ese Dios nos contagia, nos moldea y transforma el coraz\u00f3n a imagen del suyo, podremos reflejar lo que El es. Experimen\u00adtar a Dios como amor, es vivir la relaci\u00f3n paternidad-filiaci\u00f3n, sentirse hijos amados por El, criaturas de las que El cuida con solicitud, peque\u00f1os, pecadores a quienes El acepta, anima y perdona. Y a su vez, una tal experiencia suscita en nosotros amor, confianza y agradecimiento ante Dios, y humildad, fraternidad, igualdad, justicia, servicio y perd\u00f3n hacia los hermanos.<\/p>\n<p>En las conferencias de San Vicente a las Hermanas encontramos textos bell\u00edsi\u00admos en este sentido: <em>\u00abLa caridad no es otra cosa sino Dios porque Dios es caridad <\/em><em>y, el que dice Hijas de la Caridad dice Hijas de Dios\u00bb <\/em>(CE n\u00b0 864). <em>\u00abSois Hijas de la Caridad y, por consiguiente, siendo Hijas de la Caridad sois Hijas de Dios\u00bb <\/em>(C. E. n\u00b0 719). <em>\u00abEl que est\u00e1 en la caridad est\u00e1 en Dios y Dios en \u00e9l\u00bb <\/em>(C.E. n\u00b0 100).<\/p>\n<p>Esta experiencia de Dios como Padre no es s\u00f3lo un sentimiento gratificante sentido all\u00e1 en lo hondo de nuestro ser. Es un amor en acci\u00f3n como el de Jes\u00fas: amar a Dios con todo el coraz\u00f3n, el alma y las fuerzas y al pr\u00f3jimo como a nosotros mismos. Afortunadamente somos herederos de Vicente de Pa\u00fal, el santo que m\u00e1s claramente ha vivido y ense\u00f1ado la inseparabilidad del amor a Dios y al pr\u00f3jimo, seg\u00fan la ense\u00f1anza de Jes\u00fas<sup>151<\/sup>, tan bien comprendida y transmitida por el disc\u00edpulo amado.<\/p>\n<p>Seg\u00fan San Vicente, la caridad es un don del cielo que hay que pedir al Padre como Cristo lo pidi\u00f3 a sus disc\u00edpulos.m La caridad es un fruto del Esp\u00edritu Santo y \u00e9ste ha sido derramado en nuestros corazones. Hay que invocarle insistentemente: \u00abven Esp\u00edritu Santo, llena los corazones de tus fieles y enciende en ellos el fuego de tu amor\u00bb. Porque nuestro amor no es sino respuesta al amor que el Padre nos ha tenido previamente, chispa del fuego que El ha encendido en nosotros.<\/p>\n<p>Cada vez que una Hija de la Caridad profundiza y vive la experiencia de Dios como Amor y Padre, est\u00e1 conectando no s\u00f3lo con la ense\u00f1anza y experiencia central y original de Jes\u00fas, sino tambi\u00e9n con lo m\u00e1s nuclear de su identidad de Hija de la Caridad, puesto que este nombre equivale a Hija de Dios y Dios es Caridad.<\/p>\n<p><strong>\u00a0<\/strong><\/p>\n<p><strong>IV &#8211; EL MANDAMIENTO NUEVO<\/strong><\/p>\n<p>La afirmaci\u00f3n de que el amor es la s\u00edntesis de todo lo que Jes\u00fas ense\u00f1\u00f3 con obras y palabras est\u00e1 claramente probada en distintos pasajes del Evangelio y en las cartas apost\u00f3licas. A la pregunta del fariseo sobre cu\u00e1l es el mandamiento m\u00e1s importante de la Ley, Jes\u00fas responde confirmando lo escrito por el Lev\u00edtico: <em>que amar a Dios con <\/em><em>todo el coraz\u00f3n, el alma y las fuerzas, y al pr\u00f3jimo como a uno mismo, <\/em>es la s\u00edntesis de todo lo que prescriben la Ley de Mois\u00e9s y los Profetas.<\/p>\n<p>Jes\u00fas recoge esta ense\u00f1anza, pero la supera. El no ha venido a suprimir la Ley sino a llevarla a plenitud. Hay un largo discurso en el Evangelio de Mateo en el que Jes\u00fas, partiendo de lo que dec\u00eda la tradici\u00f3n jud\u00eda, a\u00f1ade la novedad y la radicalidad de sus propias ense\u00f1anzas. Es el pasaje en el que se repite insistentemente: <em>\u00abo\u00edsteis que se dijo a vuestros antepasados&#8230; pero Yo os digo\u00bb <\/em>(Mt. 5, 21-48). Y todo lo que Jes\u00fas a\u00f1ade de nuevo es en l\u00ednea de exigencia de amor: amor radical y universal &#8211; incluso a los enemigos &#8211; como el de Dios que hace salir el sol sobre buenos y malos; perd\u00f3n &#8211; hasta setenta veces siete- y reconciliaci\u00f3n con el hermano -antes de presentar las ofrendas a Dios-; curar al enfermo y ayudar al ca\u00eddo- aunque haya que quebrantar el s\u00e1bado &#8211;<\/p>\n<p>Las palabras que Jes\u00fas pronunci\u00f3 en la \u00faltima cena con los ap\u00f3stoles pueden considerarse como su testamento, como lo m\u00e1s importante que ten\u00eda que dejarnos. <em>\u2039<sup>,<\/sup>Os doy un mandato nuevo: que os am\u00e9is los unos a los otros como Yo os he amado. <\/em><em>Si os am\u00e1is mutuamente el mundo ver\u00e1 que sois disc\u00edpulos m\u00edos\u00bb. <\/em>(Jn. 13, 34-35).<\/p>\n<p>San Juan, en el cap\u00edtulo 13 de su evangelio, presenta la vida de Jes\u00fas como un servicio por amor. Hab\u00eda venido al mundo para amar, y en esa \u00faltima cena hace el gesto supremo: dar la vida. Entonces nos ense\u00f1\u00f3 algo fundamental y concreto: que el amor es servicio a los hermanos. Tal es el significado del lavatorio de los pies, tal es el culto que Dios quiere. Las par\u00e1bolas del buen samaritano y del juicio final vienen a confirmar lo mismo.<\/p>\n<p>Los disc\u00edpulos de Jes\u00fas comprendieron perfectamente esta inseparabilidad entre el amor a Dios y el amor al pr\u00f3jimo como distintivo de los que quisieran seguir al Maestro. El amor a Dios se verifica en las obras de amor al hermano, pues la fe se vive en la caridad, virtud \u00e9sta que perdura m\u00e1s all\u00e1 de la fe y la esperanza. Tal es el pensamiento repetido frecuentemente en las cartas de Pablo, Santiago y Juan.<\/p>\n<p>San Vicente nos alert\u00f3 repetidamente contra el peligro de un amor a Dios s\u00f3lo intimista. Ante determinadas corrientes de espiritualidad de su \u00e9poca (del \u00abpuro amor\u00bb, del \u00abconsumirse en Dios\u00bb&#8230;), el santo de la caridad nos urge a los Misioneros y a las Hermanas a pasar del \u00abamor afectivo\u00bb al \u00abamor efectivo\u00bb que requiere el sudor de la frente y el esfuerzo de los brazos. Para los vicencianos, no debiera tener sentido preguntarse si es m\u00e1s importante el amor a Dios que el amor al pr\u00f3jimo, y menos present\u00e1ndolo como alternativa. El amor a Dios fructifica en el amor al hermano.<\/p>\n<p>La definici\u00f3n de lo que es la Hija de la Caridad \u2014\u00bbuna buena cristiana que, fiel al bautismo, se entrega totalmente a Dios para servir a Cristo en los pobres\u00bb\u2014 est\u00e1 expresando, por una parte, esa inseparabilidad entre el amor a Dios y al pr\u00f3jimo, y por otra, que Dios es el \u00fanico Absoluto por el que vale la pena descentrarse de uno mismo para poner como centro de nuestra vida a El y a los otros. El \u00abamar\u00e1s al Se\u00f1or tu Dios con todo el coraz\u00f3n, el alma y las fuerzas\u00bb lo concreta la Hija de la Caridad en la \u00abentrega total de su vida a Dios\u00bb, \u00abconsagr\u00e1ndose por entero a El\u00bb; \u00aby al pr\u00f3jimo como a ti mismo\u00bb lo concreta en la \u00fanica <em>profesi\u00f3n <\/em>que ella hace: \u00abservir a los pobres\u00bb.<\/p>\n<p>Toda esta reflexi\u00f3n sobre el mandamiento de Jes\u00fas pretende ayudar a la Hijas de la Caridad, una vez m\u00e1s, a que profundicen en la caridad como raz\u00f3n de ser de su vocaci\u00f3n, como lo es tambi\u00e9n de todo cristiano. Pero con la peculiaridad para ellas de ser su modo espec\u00edfico de seguir a Cristo por vocaci\u00f3n y misi\u00f3n en la Iglesia. Una Hija de la Caridad deber\u00eda sintonizar verazmente con aquel estribillo del canto a la caridad de San Pablo (cf. 1 Co. 13) <em>\u00absi no tengo caridad, nada soy\u00bb; <\/em>y tambi\u00e9n, con una sensibilidad especial, aplicarse a s\u00ed misma la intuici\u00f3n de San Juan de la Cruz <em>\u00abser\u00e9 examinada del amor\u00bb. <\/em>Repit\u00e1moslo una vez m\u00e1s: para la Compa\u00f1\u00eda, vivir en y por la caridad es cuesti\u00f3n de coherencia y veracidad con el nombre que llevan sus miembros.<\/p>\n<p>&nbsp;<\/p>\n<p><strong>V &#8211; VIVIR LA FE EN LA CARIDAD<\/strong><\/p>\n<p>Cuando Jes\u00fas pronunci\u00f3 las dos peque\u00f1as par\u00e1bolas sobre el grano de trigo enterrado y el perder la vida para encontrarla (cf. Jn. 12, 23-26) se estaba refiriendo, sin duda, a su propia muerte, sepultura y resurrecci\u00f3n. Pero hablaba tambi\u00e9n de su vida de entrega y servicio a los dem\u00e1s que el Padre iba a glorificar; as\u00ed se desprende del sentido global de ese pasaje jo\u00e1nico.<\/p>\n<p>La vocaci\u00f3n de la Hija de la Caridad podemos contemplarla tambi\u00e9n a la luz de estas dos breves par\u00e1bolas. Dice San Vicente: \u00abEl esp\u00edritu de la Compa\u00f1\u00eda es un esp\u00edritu de caridad que les obliga a consumirse en el servicio al pr\u00f3jimo\u00bb (C.E. n\u00b0 1788), \u00ab\u00a1Qu\u00e9 felicidad&#8230; consumir su vida en la misma causa por la que Cristo entreg\u00f3 la suya: por la caridad, por Dios, por los pobres!\u00bb (S\u00edgueme, VII, 326).<\/p>\n<p>El camino a trav\u00e9s del cual la Compa\u00f1\u00eda desea santificarse y aspirar a la perfecci\u00f3n es el de la Caridad, es decir, desvivi\u00e9ndose, consumiendo la vida por Dios en el servicio de los pobres, en el ejercicio continuo de la caridad. Y viviendo as\u00ed, sabe que esa es la manera de encontrar el verdadero sentido evang\u00e9lico a la vida. Una vida orientada de esa manera no se pierde, no puede fracasar. Genera vida nueva como el grano de trigo enterrado genera la espiga. Lo garantiza Cristo, un amor entregado que brota resucitado.<\/p>\n<p>Darse a Dios desvivi\u00e9ndose en el servicio a los pobres, esa es la vocaci\u00f3n y misi\u00f3n de la Compa\u00f1\u00eda, su modo peculiar de seguir a Cristo y de prolongar su misi\u00f3n. Para San Vicente \u00abel esp\u00edritu de Nuestro Se\u00f1or es un esp\u00edritu de caridad perfecta\u00bb (S\u00edgueme XI\/3, 411). \u00abEl esp\u00edritu de la Compa\u00f1\u00eda consiste en amar a Dios, en amar a los pobres, en el amor mutuo\u00bb. (C.E. n\u00b0 977).<\/p>\n<p>Seg\u00fan el pasaje evang\u00e9lico de Juan 12, 24-25 hay dos modos bien diversos de orientar la vida: desde el ego\u00edsmo -\u00abbuscarse as\u00ed mismo\u00bb, \u00abguardar su vida\u00bb-, o desde la caridad -\u00abperder la vida por el evangelio\u00bb-. Seg\u00fan sea la opci\u00f3n ser\u00e1 el resultado. Las Hijas de la Caridad optan por la segunda: saben que \u00abperdiendo la vida\u00bb, consumi\u00e9ndola por Dios en el servicio al pobre, participan del proyecto de vida de Jes\u00fas. Y su vida, como la de El, es una bienaventuranza, una aventura que termina bien: encontrando la Vida.<\/p>\n<p>&nbsp;<\/p>\n<p><strong>VI- ESTADO DE CARIDAD<\/strong><\/p>\n<p><em>\u00abConsumirse por Dios, no tener ni bienes ni fuerzas sino para consumirlas por Dios <\/em><em>es lo que Cristo hizo, que se consumi\u00f3 por amor a su Padre\u00bb <\/em>(S\u00edgueme X, 222). Y a\u00f1ade San Vicente que, a semejanza de ese Cristo, el esp\u00edritu de las Hijas de la Caridad <em>\u00abes un esp\u00edritu de caridad que les obliga a consumirse (por Dios) en el servicio <\/em><em>al pr\u00f3jimo\u00bb <\/em>(C.E. n\u00b0 1788).<\/p>\n<p>En la historia de la Iglesia, y m\u00e1s concretamente en la historia de la vida religiosa, se ha considerado a \u00e9sta como un \u00abestado de perfecci\u00f3n\u00bb, es decir, un modo estable de vivir tendiente todo \u00e9l a conseguir la perfecci\u00f3n cristiana. A ese estado de perfecci\u00f3n de la vida religiosa se entraba mediante la profesi\u00f3n de los consejos evang\u00e9licos de pobreza, castidad y obediencia.<\/p>\n<p>San Vicente y Santa Luisa lucharon para conseguir que las Hijas de la Caridad no fuesen religiosas, pero sin rebajar un \u00e1pice la exigencia evang\u00e9lica. Las Hijas de la Caridad tienen que tener tanta o m\u00e1s virtud que si fuesen religiosas. Los fundadores no las introdujeron en ese estado de perfecci\u00f3n al que se pertenec\u00eda por la profesi\u00f3n de los consejos evang\u00e9licos, pero desearon que aspiraran y consiguieran la mayor santidad posible imitando a Jesucristo que ten\u00eda un \u00abesp\u00edritu de caridad perfecta\u00bb (S\u00edgueme XI\/3, 411). Las Hijas de la Caridad \u00abhacen profesi\u00f3n de servir a los pobres\u00bb (C. E. n\u00b0 1514) y \u00abde dar la vida por el servicio al pr\u00f3jimo por amor a Dios Vosotras dais toda vuestra vida por Dios\u00bb. (C.E. n\u00b0 758, 2270). Ese es su estado de perfecci\u00f3n, su modo evang\u00e9lico de aspirar a la santidad. \u00abEstado de caridad\u00bb, lo llamaba San Vicente (S\u00edgueme XI\/4, 564; VII, 326).<\/p>\n<p>El Fundador conoci\u00f3 lo duro del trabajo diario de las primeras Hermanas; algunas enfermaban, e incluso mor\u00edan a causa de \u00e9l. Reconociendo esta dura realidad, el santo no dud\u00f3 en llamarlas <em>\u00abm\u00e1rtires de la candado pues \u00abel que da su vida por Dios es tenido como un m\u00e1rtir; y la verdad es que vuestras vidas han quedado abreviadas <\/em><em>por el trabajo que ten\u00e9is, y por tanto sois m\u00e1rtires\u00bb <\/em>(C.E. n\u00b0 759).<\/p>\n<p>\u00abM\u00e1rtir\u00bb en su significado original significa \u00abtestigo\u00bb de Cristo. Desde el siglo II se aplic\u00f3 a los que daban testimonio de la fe derramando su sangre. En la sociedad tolerante, pluralista y respetuosa de la libertad religiosa en que vivimos en general, probablemente no habr\u00e1 m\u00e1rtires. Mir\u00e1ndolo socialmente es un avance, sin duda. Pero \u00bfsignificar\u00e1 que tampoco habr\u00e1 testigos?. Ello equivaldr\u00eda al final del cristianis\u00admo. M\u00e1rtir en el sentido de fidelidad a toda prueba, de radicalidad en el modo de seguimiento a Cristo, es algo consustancial al cristianismo. Perder la vida por Cristo y por el evangelio es encontrarla. Quiz\u00e1 hoy \u00abperder la vida\u00bb no equivalga a que nos la quiten violentamente; pero frecuentemente, en bastantes ambientes equivaldr\u00e1 a relegaci\u00f3n, desprecio, minusvaloraci\u00f3n&#8230; ah\u00ed se necesita el coraje de los m\u00e1rtires para seguir siendo testigos. Ah\u00ed el mundo necesita anunciadores del mensaje de Jes\u00fas que es de amor y servicio. San Vicente tambi\u00e9n llam\u00f3 a las primeras Hermanas <em>\u00abap\u00f3stoles de la caridad\u00bb <\/em>(C.E. n\u00b0 1360).<\/p>\n<p>Y seg\u00fan la conferencia que dio a las Hermanas el 4 de marzo de 1658, el nombre de Hijas de la Caridad incluye y reclama tres exigencias:<\/p>\n<p><em>\u00abEn primer lugar que am\u00e9is a Dios por encima de todas las cosas&#8230; pues esa es <\/em><em>una se\u00f1al de una verdadera Hija la Candado. <\/em>(C.E. n\u00b0 1941). <em>\u00abLa segunda se\u00f1al que <\/em><em>hace a la Hija de la Caridad es el amor al pr\u00f3jimo, servir a los pobres&#8230; puesto que <\/em><em>se ha entregado a Dios para eso\u00bb <\/em>(C. E. n\u00b0 1942). La tercera se refiere al amor de unas a otras, sobre lo que San Vicente se explaya largamente enumerando los obst\u00e1culos, pero resaltando tambi\u00e9n cuanto agrada a Dios la reconciliaci\u00f3n mutua cuando ha habido ofensas entre Hermanas.Y sigue diciendo: <em>\u00abSon estas tres se\u00f1ales las que <\/em><em>dan a conocer una verdadera Hija de la Caridad y que pueden servir de medios para <\/em><em>convertirse en tales: la primera, amar a Dios sobre todas las cosas; la segunda, amar <\/em><em>al pr\u00f3jimo; y la tercera, amaros a vosotras como verdaderas Hermanas por amor de<\/em><\/p>\n<p>Dios, de forma que parezca que sois miembros de una misma cabeza e hijas de un mismo Padre, sin amar m\u00e1s que lo que El ama y por amor a El\u00bb. (C.E. n\u00b0 1946).<\/p>\n<p>&nbsp;<\/p>\n<p><strong>VII &#8211; CONCLUSION<\/strong><\/p>\n<p>Como conclusi\u00f3n hacemos una breve s\u00edntesis de todo lo dicho en esta primera conferencia preparatoria de la renovaci\u00f3n anual de vuestros votos.<\/p>\n<p>Hemos partido de las exigencias que conlleva, en l\u00ednea de caridad, el nombre que llev\u00e1is. Tambi\u00e9n en la necesidad de profundizar en la experiencia de Dios como Padre &#8211; Amor.<\/p>\n<p>Hemos hecho una \u00abrelectura\u00bb del carisma propio de la Compa\u00f1\u00eda a la luz de algunos pasajes evang\u00e9licos: <em>\u00abamar\u00e1s a Dios con todo el coraz\u00f3n, el alma y las <\/em><em>fuerzas\u00bb <\/em>expresado en el \u00abdon total a Dios\u00bb; <em>\u00abamar\u00e1s al pr\u00f3jimo como a ti mismo\u00bb <\/em>expresado en el <em>\u00abservicio a los pobres\u00bb. <\/em>Perder la vida por el evangelio, desvivirse en el servicio a los pobres como modo de encontrar la vida. Centralidad, a la vez que inseparabilidad, del amor a Dios y a los hermanos en el mensaje de Jes\u00fas.<\/p>\n<p>La Compa\u00f1\u00eda, seg\u00fan la intuici\u00f3n e intenci\u00f3n de los Fundadores, intenta imitar el esp\u00edritu de caridad de Cristo. Es su raz\u00f3n de ser, la trama de su vida, el \u00abestado de caridad\u00bb al que Dios la ha llamado. Eso significa el nombre de Hijas de la Caridad.<\/p>\n<p>En la renovaci\u00f3n anual de los votos se celebra lo acontecido en el tramo recorrido y se dinamiza el pr\u00f3ximo tramo a recorrer. El P. Lloret ha escrito m\u00e1s de una vez que renuevan los votos porque son Hijas de la Caridad y para serlo m\u00e1s cada d\u00eda. Las palabras de San Vicente a las primeras Hermanas les han recordado lo que significa y exige el nombre que llevan: amar cada d\u00eda m\u00e1s a Dios, a los pobres, entre ustedes, porque no basta con llevar el nombre sino que hay que vivir lo que ese nombre significa.<\/p>\n<p>San Vicente las sigue interpelando hoy: \u00ab\u00bfLlevo yo dignamente ese bendito nombre? \u00bfTengo las se\u00f1ales de las verdaderas Hijas de la Caridad?\u00bb. (C. E. n\u00b0 1984). \u00abHa sido Dios el que os ha dado este nombre. Por eso conservadlo con cuidado; procurad tener siempre el vestido de la caridad, cuyas se\u00f1ales son el amor de Dios, el del pr\u00f3jimo y el de las Hermanas&#8230; Pid\u00e1mosle la gracia de emplearlo bien, a fin de conservar esa vestidura interior. El amor de Dios es la parte m\u00e1s alta; la caridad del pr\u00f3jimo y el amor a los pobres es la parte central; y la parte de abajo es la caridad entre vosotras. \u00bfQu\u00e9 hermosa vestidura!\u00bb (C.E. n\u00ba 1964).<\/p>\n<p>Seg\u00fan San Vicente, la renovaci\u00f3n anual de los votos tiene mucho que ver con vuestro crecimiento en la caridad. O lo que es lo mismo: es una nueva exigencia para ser cada d\u00eda m\u00e1s lo que vuestro nombre\u00a0 significa.<\/p>\n<p>&nbsp;<\/p>\n","protected":false},"excerpt":{"rendered":"<p>I &#8211; INTRODUCCION a) A la b\u00fasqueda de un tema Durante el tiempo que permanezca en el oficio que actualmente se me ha confiado, s\u00e9 que tengo que ofrecer a las Hermanas alg\u00fan tema de &#8230; <a href=\"https:\/\/vincentians.com\/es\/vivir-en-conformidad-con-el-nombre\/\" class=\"more-link\">Read More<\/a><\/p>\n","protected":false},"author":4,"featured_media":73007,"comment_status":"open","ping_status":"open","sticky":false,"template":"","format":"standard","meta":{"jetpack_post_was_ever_published":false,"_jetpack_newsletter_access":"","_jetpack_dont_email_post_to_subs":false,"_jetpack_newsletter_tier_id":0,"_jetpack_memberships_contains_paywalled_content":false,"_jetpack_memberships_contains_paid_content":false,"footnotes":"","jetpack_publicize_message":"","jetpack_publicize_feature_enabled":true,"jetpack_social_post_already_shared":true,"jetpack_social_options":{"image_generator_settings":{"template":"highway","default_image_id":0,"font":"","enabled":false},"version":2}},"categories":[226],"tags":[172,280],"class_list":["post-73006","post","type-post","status-publish","format-standard","has-post-thumbnail","hentry","category-espiritualidad-vicenciana","tag-pobreza","tag-san-juan-de-la-cruz"],"yoast_head":"<!-- This site is optimized with the Yoast SEO plugin v26.3 - https:\/\/yoast.com\/wordpress\/plugins\/seo\/ -->\n<title>\u00abVivir en conformidad con el nombre...\u00bb - Somos Vicencianos<\/title>\n<meta name=\"robots\" content=\"index, follow, max-snippet:-1, max-image-preview:large, max-video-preview:-1\" \/>\n<link rel=\"canonical\" href=\"https:\/\/vincentians.com\/es\/vivir-en-conformidad-con-el-nombre\/\" \/>\n<meta property=\"og:locale\" content=\"es_ES\" \/>\n<meta property=\"og:type\" content=\"article\" \/>\n<meta property=\"og:title\" content=\"\u00abVivir en conformidad con el nombre...\u00bb - Somos Vicencianos\" \/>\n<meta property=\"og:description\" content=\"I &#8211; INTRODUCCION a) A la b\u00fasqueda de un tema Durante el tiempo que permanezca en el oficio que actualmente se me ha confiado, s\u00e9 que tengo que ofrecer a las Hermanas alg\u00fan tema de ... Read More\" \/>\n<meta property=\"og:url\" content=\"https:\/\/vincentians.com\/es\/vivir-en-conformidad-con-el-nombre\/\" \/>\n<meta property=\"og:site_name\" content=\"Somos Vicencianos\" \/>\n<meta property=\"article:publisher\" content=\"https:\/\/www.facebook.com\/WeAreVincentians\/\" \/>\n<meta property=\"article:author\" content=\"https:\/\/www.facebook.com\/JavierChento\" \/>\n<meta property=\"article:published_time\" content=\"2015-07-21T06:43:06+00:00\" \/>\n<meta name=\"author\" content=\"Francisco Javier Fern\u00e1ndez Chento\" \/>\n<meta name=\"twitter:card\" content=\"summary_large_image\" \/>\n<meta name=\"twitter:creator\" content=\"@https:\/\/twitter.com\/javierchento\" \/>\n<meta name=\"twitter:site\" content=\"@WeVincentians\" \/>\n<meta name=\"twitter:label1\" content=\"Escrito por\" \/>\n\t<meta name=\"twitter:data1\" content=\"Francisco Javier Fern\u00e1ndez Chento\" \/>\n\t<meta name=\"twitter:label2\" content=\"Tiempo de lectura\" \/>\n\t<meta name=\"twitter:data2\" content=\"23 minutos\" \/>\n<script type=\"application\/ld+json\" class=\"yoast-schema-graph\">{\"@context\":\"https:\/\/schema.org\",\"@graph\":[{\"@type\":\"Article\",\"@id\":\"https:\/\/vincentians.com\/es\/vivir-en-conformidad-con-el-nombre\/#article\",\"isPartOf\":{\"@id\":\"https:\/\/vincentians.com\/es\/vivir-en-conformidad-con-el-nombre\/\"},\"author\":{\"name\":\"Francisco Javier Fern\u00e1ndez Chento\",\"@id\":\"http:\/\/vincentians.com\/es\/#\/schema\/person\/9623ef4d9aa3b2dfb8c061f1499288f2\"},\"headline\":\"\u00abVivir en conformidad con el nombre&#8230;\u00bb\",\"datePublished\":\"2015-07-21T06:43:06+00:00\",\"mainEntityOfPage\":{\"@id\":\"https:\/\/vincentians.com\/es\/vivir-en-conformidad-con-el-nombre\/\"},\"wordCount\":4603,\"commentCount\":0,\"publisher\":{\"@id\":\"http:\/\/vincentians.com\/es\/#organization\"},\"image\":{\"@id\":\"https:\/\/vincentians.com\/es\/vivir-en-conformidad-con-el-nombre\/#primaryimage\"},\"thumbnailUrl\":\"\",\"keywords\":[\"Pobreza\",\"San Juan de la Cruz\"],\"articleSection\":[\"Espiritualidad vicenciana\"],\"inLanguage\":\"es\",\"potentialAction\":[{\"@type\":\"CommentAction\",\"name\":\"Comment\",\"target\":[\"https:\/\/vincentians.com\/es\/vivir-en-conformidad-con-el-nombre\/#respond\"]}]},{\"@type\":\"WebPage\",\"@id\":\"https:\/\/vincentians.com\/es\/vivir-en-conformidad-con-el-nombre\/\",\"url\":\"https:\/\/vincentians.com\/es\/vivir-en-conformidad-con-el-nombre\/\",\"name\":\"\u00abVivir en conformidad con el nombre...\u00bb - Somos Vicencianos\",\"isPartOf\":{\"@id\":\"http:\/\/vincentians.com\/es\/#website\"},\"primaryImageOfPage\":{\"@id\":\"https:\/\/vincentians.com\/es\/vivir-en-conformidad-con-el-nombre\/#primaryimage\"},\"image\":{\"@id\":\"https:\/\/vincentians.com\/es\/vivir-en-conformidad-con-el-nombre\/#primaryimage\"},\"thumbnailUrl\":\"\",\"datePublished\":\"2015-07-21T06:43:06+00:00\",\"breadcrumb\":{\"@id\":\"https:\/\/vincentians.com\/es\/vivir-en-conformidad-con-el-nombre\/#breadcrumb\"},\"inLanguage\":\"es\",\"potentialAction\":[{\"@type\":\"ReadAction\",\"target\":[\"https:\/\/vincentians.com\/es\/vivir-en-conformidad-con-el-nombre\/\"]}]},{\"@type\":\"ImageObject\",\"inLanguage\":\"es\",\"@id\":\"https:\/\/vincentians.com\/es\/vivir-en-conformidad-con-el-nombre\/#primaryimage\",\"url\":\"\",\"contentUrl\":\"\"},{\"@type\":\"BreadcrumbList\",\"@id\":\"https:\/\/vincentians.com\/es\/vivir-en-conformidad-con-el-nombre\/#breadcrumb\",\"itemListElement\":[{\"@type\":\"ListItem\",\"position\":1,\"name\":\"Portada\",\"item\":\"http:\/\/vincentians.com\/es\/\"},{\"@type\":\"ListItem\",\"position\":2,\"name\":\"\u00abVivir en conformidad con el nombre&#8230;\u00bb\"}]},{\"@type\":\"WebSite\",\"@id\":\"http:\/\/vincentians.com\/es\/#website\",\"url\":\"http:\/\/vincentians.com\/es\/\",\"name\":\"Somos Vicencianos\",\"description\":\"Know more to serve more\",\"publisher\":{\"@id\":\"http:\/\/vincentians.com\/es\/#organization\"},\"potentialAction\":[{\"@type\":\"SearchAction\",\"target\":{\"@type\":\"EntryPoint\",\"urlTemplate\":\"http:\/\/vincentians.com\/es\/?s={search_term_string}\"},\"query-input\":{\"@type\":\"PropertyValueSpecification\",\"valueRequired\":true,\"valueName\":\"search_term_string\"}}],\"inLanguage\":\"es\"},{\"@type\":\"Organization\",\"@id\":\"http:\/\/vincentians.com\/es\/#organization\",\"name\":\"The Vincentian Network\",\"url\":\"http:\/\/vincentians.com\/es\/\",\"logo\":{\"@type\":\"ImageObject\",\"inLanguage\":\"es\",\"@id\":\"http:\/\/vincentians.com\/es\/#\/schema\/logo\/image\/\",\"url\":\"https:\/\/i1.wp.com\/vincentians.com\/es\/wp-content\/uploads\/sites\/11\/2016\/06\/Vincentian-Network-logo-big.png?fit=778%2C778\",\"contentUrl\":\"https:\/\/i1.wp.com\/vincentians.com\/es\/wp-content\/uploads\/sites\/11\/2016\/06\/Vincentian-Network-logo-big.png?fit=778%2C778\",\"width\":778,\"height\":778,\"caption\":\"The Vincentian Network\"},\"image\":{\"@id\":\"http:\/\/vincentians.com\/es\/#\/schema\/logo\/image\/\"},\"sameAs\":[\"https:\/\/www.facebook.com\/WeAreVincentians\/\",\"https:\/\/x.com\/WeVincentians\"]},{\"@type\":\"Person\",\"@id\":\"http:\/\/vincentians.com\/es\/#\/schema\/person\/9623ef4d9aa3b2dfb8c061f1499288f2\",\"name\":\"Francisco Javier Fern\u00e1ndez Chento\",\"image\":{\"@type\":\"ImageObject\",\"inLanguage\":\"es\",\"@id\":\"http:\/\/vincentians.com\/es\/#\/schema\/person\/image\/\",\"url\":\"https:\/\/secure.gravatar.com\/avatar\/497d5cde87b4c3d097d0315953521681ba2cd523ee66e5077c3711f7021e65de?s=96&d=mm&r=g\",\"contentUrl\":\"https:\/\/secure.gravatar.com\/avatar\/497d5cde87b4c3d097d0315953521681ba2cd523ee66e5077c3711f7021e65de?s=96&d=mm&r=g\",\"caption\":\"Francisco Javier Fern\u00e1ndez Chento\"},\"description\":\"Director General y cofundador de La Red de Formaci\u00f3n Vicenciana. Javier es laico vicenciano, afiliado a la Congregaci\u00f3n de la Misi\u00f3n y miembro del Equipo de Misiones Populares de la provincia can\u00f3nica de Zaragoza (Espa\u00f1a) de la Congregaci\u00f3n de la Misi\u00f3n. Graduado en la Universidad Oberta de Catalunya con cuatro grados (Asistente de direcci\u00f3n, Gesti\u00f3n Administrativa, Recursos Humanos y Contabilidad Avanzada). Bil\u00edng\u00fce Espa\u00f1ol\/Ingl\u00e9s. gestiona y mantiene varias p\u00e1ginas web cristianas y vicencianas, incluida including La Red de Formaci\u00f3n Vicenciana, de la que es cofundador. Actualmente es responsable del \u00e1rea de Espa\u00f1ol de .famvin, la Red de Noticias de la Familia Vicenciana. Tambi\u00e9n es m\u00fasico cat\u00f3lico y ha editado varios discos. Es Director General y cofundador de Trovador, una reconocida compa\u00f1\u00eda discogr\u00e1fica critiana de Espa\u00f1a. Trabaja en las Tecnolog\u00edas de la Informaci\u00f3n, ofreciendo servicios de alojamiento, dise\u00f1o y mantenimiento Web, as\u00ed como asesoramiento, formaci\u00f3n y soluciones inform\u00e1ticas, gesti\u00f3n documental y digitalizaci\u00f3n de textos, edici\u00f3n y maquetaci\u00f3n de libros, revistas, flyers, etc.\",\"sameAs\":[\"http:\/\/chento.org\",\"https:\/\/www.facebook.com\/JavierChento\",\"https:\/\/x.com\/https:\/\/twitter.com\/javierchento\"],\"url\":\"https:\/\/vincentians.com\/es\/author\/chento\/\"}]}<\/script>\n<!-- \/ Yoast SEO plugin. -->","yoast_head_json":{"title":"\u00abVivir en conformidad con el nombre...\u00bb - Somos Vicencianos","robots":{"index":"index","follow":"follow","max-snippet":"max-snippet:-1","max-image-preview":"max-image-preview:large","max-video-preview":"max-video-preview:-1"},"canonical":"https:\/\/vincentians.com\/es\/vivir-en-conformidad-con-el-nombre\/","og_locale":"es_ES","og_type":"article","og_title":"\u00abVivir en conformidad con el nombre...\u00bb - Somos Vicencianos","og_description":"I &#8211; INTRODUCCION a) A la b\u00fasqueda de un tema Durante el tiempo que permanezca en el oficio que actualmente se me ha confiado, s\u00e9 que tengo que ofrecer a las Hermanas alg\u00fan tema de ... Read More","og_url":"https:\/\/vincentians.com\/es\/vivir-en-conformidad-con-el-nombre\/","og_site_name":"Somos Vicencianos","article_publisher":"https:\/\/www.facebook.com\/WeAreVincentians\/","article_author":"https:\/\/www.facebook.com\/JavierChento","article_published_time":"2015-07-21T06:43:06+00:00","author":"Francisco Javier Fern\u00e1ndez Chento","twitter_card":"summary_large_image","twitter_creator":"@https:\/\/twitter.com\/javierchento","twitter_site":"@WeVincentians","twitter_misc":{"Escrito por":"Francisco Javier Fern\u00e1ndez Chento","Tiempo de lectura":"23 minutos"},"schema":{"@context":"https:\/\/schema.org","@graph":[{"@type":"Article","@id":"https:\/\/vincentians.com\/es\/vivir-en-conformidad-con-el-nombre\/#article","isPartOf":{"@id":"https:\/\/vincentians.com\/es\/vivir-en-conformidad-con-el-nombre\/"},"author":{"name":"Francisco Javier Fern\u00e1ndez Chento","@id":"http:\/\/vincentians.com\/es\/#\/schema\/person\/9623ef4d9aa3b2dfb8c061f1499288f2"},"headline":"\u00abVivir en conformidad con el nombre&#8230;\u00bb","datePublished":"2015-07-21T06:43:06+00:00","mainEntityOfPage":{"@id":"https:\/\/vincentians.com\/es\/vivir-en-conformidad-con-el-nombre\/"},"wordCount":4603,"commentCount":0,"publisher":{"@id":"http:\/\/vincentians.com\/es\/#organization"},"image":{"@id":"https:\/\/vincentians.com\/es\/vivir-en-conformidad-con-el-nombre\/#primaryimage"},"thumbnailUrl":"","keywords":["Pobreza","San Juan de la Cruz"],"articleSection":["Espiritualidad vicenciana"],"inLanguage":"es","potentialAction":[{"@type":"CommentAction","name":"Comment","target":["https:\/\/vincentians.com\/es\/vivir-en-conformidad-con-el-nombre\/#respond"]}]},{"@type":"WebPage","@id":"https:\/\/vincentians.com\/es\/vivir-en-conformidad-con-el-nombre\/","url":"https:\/\/vincentians.com\/es\/vivir-en-conformidad-con-el-nombre\/","name":"\u00abVivir en conformidad con el nombre...\u00bb - Somos Vicencianos","isPartOf":{"@id":"http:\/\/vincentians.com\/es\/#website"},"primaryImageOfPage":{"@id":"https:\/\/vincentians.com\/es\/vivir-en-conformidad-con-el-nombre\/#primaryimage"},"image":{"@id":"https:\/\/vincentians.com\/es\/vivir-en-conformidad-con-el-nombre\/#primaryimage"},"thumbnailUrl":"","datePublished":"2015-07-21T06:43:06+00:00","breadcrumb":{"@id":"https:\/\/vincentians.com\/es\/vivir-en-conformidad-con-el-nombre\/#breadcrumb"},"inLanguage":"es","potentialAction":[{"@type":"ReadAction","target":["https:\/\/vincentians.com\/es\/vivir-en-conformidad-con-el-nombre\/"]}]},{"@type":"ImageObject","inLanguage":"es","@id":"https:\/\/vincentians.com\/es\/vivir-en-conformidad-con-el-nombre\/#primaryimage","url":"","contentUrl":""},{"@type":"BreadcrumbList","@id":"https:\/\/vincentians.com\/es\/vivir-en-conformidad-con-el-nombre\/#breadcrumb","itemListElement":[{"@type":"ListItem","position":1,"name":"Portada","item":"http:\/\/vincentians.com\/es\/"},{"@type":"ListItem","position":2,"name":"\u00abVivir en conformidad con el nombre&#8230;\u00bb"}]},{"@type":"WebSite","@id":"http:\/\/vincentians.com\/es\/#website","url":"http:\/\/vincentians.com\/es\/","name":"Somos Vicencianos","description":"Know more to serve more","publisher":{"@id":"http:\/\/vincentians.com\/es\/#organization"},"potentialAction":[{"@type":"SearchAction","target":{"@type":"EntryPoint","urlTemplate":"http:\/\/vincentians.com\/es\/?s={search_term_string}"},"query-input":{"@type":"PropertyValueSpecification","valueRequired":true,"valueName":"search_term_string"}}],"inLanguage":"es"},{"@type":"Organization","@id":"http:\/\/vincentians.com\/es\/#organization","name":"The Vincentian Network","url":"http:\/\/vincentians.com\/es\/","logo":{"@type":"ImageObject","inLanguage":"es","@id":"http:\/\/vincentians.com\/es\/#\/schema\/logo\/image\/","url":"https:\/\/i1.wp.com\/vincentians.com\/es\/wp-content\/uploads\/sites\/11\/2016\/06\/Vincentian-Network-logo-big.png?fit=778%2C778","contentUrl":"https:\/\/i1.wp.com\/vincentians.com\/es\/wp-content\/uploads\/sites\/11\/2016\/06\/Vincentian-Network-logo-big.png?fit=778%2C778","width":778,"height":778,"caption":"The Vincentian Network"},"image":{"@id":"http:\/\/vincentians.com\/es\/#\/schema\/logo\/image\/"},"sameAs":["https:\/\/www.facebook.com\/WeAreVincentians\/","https:\/\/x.com\/WeVincentians"]},{"@type":"Person","@id":"http:\/\/vincentians.com\/es\/#\/schema\/person\/9623ef4d9aa3b2dfb8c061f1499288f2","name":"Francisco Javier Fern\u00e1ndez Chento","image":{"@type":"ImageObject","inLanguage":"es","@id":"http:\/\/vincentians.com\/es\/#\/schema\/person\/image\/","url":"https:\/\/secure.gravatar.com\/avatar\/497d5cde87b4c3d097d0315953521681ba2cd523ee66e5077c3711f7021e65de?s=96&d=mm&r=g","contentUrl":"https:\/\/secure.gravatar.com\/avatar\/497d5cde87b4c3d097d0315953521681ba2cd523ee66e5077c3711f7021e65de?s=96&d=mm&r=g","caption":"Francisco Javier Fern\u00e1ndez Chento"},"description":"Director General y cofundador de La Red de Formaci\u00f3n Vicenciana. Javier es laico vicenciano, afiliado a la Congregaci\u00f3n de la Misi\u00f3n y miembro del Equipo de Misiones Populares de la provincia can\u00f3nica de Zaragoza (Espa\u00f1a) de la Congregaci\u00f3n de la Misi\u00f3n. Graduado en la Universidad Oberta de Catalunya con cuatro grados (Asistente de direcci\u00f3n, Gesti\u00f3n Administrativa, Recursos Humanos y Contabilidad Avanzada). Bil\u00edng\u00fce Espa\u00f1ol\/Ingl\u00e9s. gestiona y mantiene varias p\u00e1ginas web cristianas y vicencianas, incluida including La Red de Formaci\u00f3n Vicenciana, de la que es cofundador. Actualmente es responsable del \u00e1rea de Espa\u00f1ol de .famvin, la Red de Noticias de la Familia Vicenciana. Tambi\u00e9n es m\u00fasico cat\u00f3lico y ha editado varios discos. Es Director General y cofundador de Trovador, una reconocida compa\u00f1\u00eda discogr\u00e1fica critiana de Espa\u00f1a. Trabaja en las Tecnolog\u00edas de la Informaci\u00f3n, ofreciendo servicios de alojamiento, dise\u00f1o y mantenimiento Web, as\u00ed como asesoramiento, formaci\u00f3n y soluciones inform\u00e1ticas, gesti\u00f3n documental y digitalizaci\u00f3n de textos, edici\u00f3n y maquetaci\u00f3n de libros, revistas, flyers, etc.","sameAs":["http:\/\/chento.org","https:\/\/www.facebook.com\/JavierChento","https:\/\/x.com\/https:\/\/twitter.com\/javierchento"],"url":"https:\/\/vincentians.com\/es\/author\/chento\/"}]}},"jetpack_publicize_connections":[],"jetpack_featured_media_url":"","jetpack_sharing_enabled":true,"jetpack_shortlink":"https:\/\/wp.me\/p7ETMF-iZw","jetpack-related-posts":[{"id":118232,"url":"https:\/\/vincentians.com\/es\/carta-del-superior-general-g-gregory-gay-c-m-en-la-cuaresma-de-2013\/","url_meta":{"origin":73006,"position":0},"title":"Carta del Superior General, G. Gregory Gay, C.M., en la Cuaresma de 2013","author":"Francisco Javier Fern\u00e1ndez Chento","date":"21\/02\/2013","format":false,"excerpt":"CONGREGAZIONE DELLA MISSIONE CURIA GENERALIZIA 2013 : Nuestro camino de Cuaresma del Calvario a la Caritas EL VIAJE DE NUESTRA SE\u00d1ORA Mar\u00eda, t\u00fa que llevaste el ni\u00f1o hasta Bel\u00e9n, no por un camino f\u00e1cil, sino por un camino de rocas, guijarros y piedras. Ll\u00e9vame siempre en tu coraz\u00f3n, atento, tierno\u2026","rel":"","context":"En \u00abEspiritualidad vicenciana\u00bb","block_context":{"text":"Espiritualidad vicenciana","link":"https:\/\/vincentians.com\/es\/category\/espiritualidad\/espiritualidad-vicenciana\/"},"img":{"alt_text":"5da01","src":"https:\/\/i0.wp.com\/vicencianos.org\/wp-content\/2013\/02\/5da01-300x200.jpg?resize=350%2C200","width":350,"height":200},"classes":[]},{"id":116549,"url":"https:\/\/vincentians.com\/es\/porta-fidei-la-puerta-de-la-fe-catequesis-2\/","url_meta":{"origin":73006,"position":1},"title":"Porta Fidei (La puerta de la fe) (Catequesis 2)","author":"Francisco Javier Fern\u00e1ndez Chento","date":"17\/12\/2012","format":false,"excerpt":"Carta Apost\u00f3lica de S.S. Benedicto XVI. n\u00ba 1. \u00bfQu\u00e9 es eso de la \"puerta de la fe\"? El Papa Benedicto nos dice textualmente que \" la puerta de la fe\",(cf He 14,27): que introducen en la vida de comuni\u00f3n con Dios y permite la entrada en su Iglesia, est\u00e1 siempre\u2026","rel":"","context":"En \u00abFormaci\u00f3n Cristiana\u00bb","block_context":{"text":"Formaci\u00f3n Cristiana","link":"https:\/\/vincentians.com\/es\/category\/formacion-cristiana\/"},"img":{"alt_text":"","src":"","width":0,"height":0},"classes":[]},{"id":118018,"url":"https:\/\/vincentians.com\/es\/las-misiones-parroquiales-se-renuevan-1964\/","url_meta":{"origin":73006,"position":2},"title":"Las misiones parroquiales se renuevan (1964)","author":"Francisco Javier Fern\u00e1ndez Chento","date":"01\/09\/2021","format":false,"excerpt":"Este instrumento oficial, eficaz y obligatorio de la Pastoral de la Iglesia, que son las misiones al pueblo por medio de las Pa\u00adrroquias, aisladas o en conjunto, sigue su marcha ascendente, a3 menos en Espa\u00f1a y Am\u00e9rica, que es lo que m\u00e1s conozco. Al mis\u00admo tiempo que se trabaja con\u2026","rel":"","context":"En \u00abFormaci\u00f3n Vicenciana\u00bb","block_context":{"text":"Formaci\u00f3n Vicenciana","link":"https:\/\/vincentians.com\/es\/category\/formacion-vicenciana\/"},"img":{"alt_text":"","src":"https:\/\/i0.wp.com\/vincentians.com\/es\/wp-content\/uploads\/sites\/11\/2016\/09\/sencillos-como-palomas.jpg?fit=1200%2C630&ssl=1&resize=350%2C200","width":350,"height":200,"srcset":"https:\/\/i0.wp.com\/vincentians.com\/es\/wp-content\/uploads\/sites\/11\/2016\/09\/sencillos-como-palomas.jpg?fit=1200%2C630&ssl=1&resize=350%2C200 1x, https:\/\/i0.wp.com\/vincentians.com\/es\/wp-content\/uploads\/sites\/11\/2016\/09\/sencillos-como-palomas.jpg?fit=1200%2C630&ssl=1&resize=525%2C300 1.5x, https:\/\/i0.wp.com\/vincentians.com\/es\/wp-content\/uploads\/sites\/11\/2016\/09\/sencillos-como-palomas.jpg?fit=1200%2C630&ssl=1&resize=700%2C400 2x, https:\/\/i0.wp.com\/vincentians.com\/es\/wp-content\/uploads\/sites\/11\/2016\/09\/sencillos-como-palomas.jpg?fit=1200%2C630&ssl=1&resize=1050%2C600 3x"},"classes":[]},{"id":122918,"url":"https:\/\/vincentians.com\/es\/animacion-de-la-formacion\/","url_meta":{"origin":73006,"position":3},"title":"Animaci\u00f3n de la formaci\u00f3n","author":"Francisco Javier Fern\u00e1ndez Chento","date":"21\/09\/2022","format":false,"excerpt":"1. Introducci\u00f3n Cuando se me encomend\u00f3 presentar esta Comunicaci\u00f3n se me dijo que lo hiciera desde mi experiencia pastoral en el campo de la Familia Vicenciana. Lo voy a intentar. Quiero empezar afir\u00admando que considero una gracia muy grande el haber podido trabajar como Consiliario o Asesor o simplemente como\u2026","rel":"","context":"En \u00abFormaci\u00f3n Cristiana\u00bb","block_context":{"text":"Formaci\u00f3n Cristiana","link":"https:\/\/vincentians.com\/es\/category\/formacion-cristiana\/"},"img":{"alt_text":"","src":"https:\/\/i0.wp.com\/vincentians.com\/es\/wp-content\/uploads\/sites\/11\/2013\/04\/formacion_permanente.jpg?fit=303%2C303&ssl=1&resize=350%2C200","width":350,"height":200},"classes":[]},{"id":144668,"url":"https:\/\/vincentians.com\/es\/metodologia-para-leer-los-escritos-de-luisa-de-marillac\/","url_meta":{"origin":73006,"position":4},"title":"Metodolog\u00eda para leer los Escritos de Luisa de Marillac","author":"Francisco Javier Fern\u00e1ndez Chento","date":"17\/05\/2015","format":false,"excerpt":"Hemos examinado juntas el servicio de correspondencia de Luisa de Marillac, que le permiti\u00f3 ser a distancia para las primeras Hermanas: formadora, consejera, directora espiritual y amiga. Leyendo las cartas a algunas Hermanas concretas, nos damos cuenta de c\u00f3mo adaptaba ese ministerio de la palabra escrita a las necesidades, a\u2026","rel":"","context":"En \u00abLuisa de Marillac\u00bb","block_context":{"text":"Luisa de Marillac","link":"https:\/\/vincentians.com\/es\/category\/la-familia-vicenciana\/fundadores\/luisa-de-marillac\/"},"img":{"alt_text":"Santa Luisa de Marillac Dios es mi Dios","src":"https:\/\/i0.wp.com\/vicencianos.org\/wp-content\/2015\/05\/Santa-Luisa-de-Marillac-Dios-es-mi-Dios-300x212.jpg?resize=350%2C200","width":350,"height":200},"classes":[]},{"id":73859,"url":"https:\/\/vincentians.com\/es\/avivar-la-opcion-vocacional\/","url_meta":{"origin":73006,"position":5},"title":"Avivar la opci\u00f3n vocacional","author":"Francisco Javier Fern\u00e1ndez Chento","date":"03\/12\/2021","format":false,"excerpt":"Introducci\u00f3n El p\u00e1rrafo con el que \"Un fuego nuevo\" finaliza la p\u00e1gina de las \"convicciones sobre el carisma\" podr\u00eda considerarse no s\u00f3lo como la conclusi\u00f3n de tales \"con\u00advicciones\" sino tambi\u00e9n como el mejor fruto de la Asamblea, si se logra hacerlo realidad. La Renovaci\u00f3n anual de los votos es un\u2026","rel":"","context":"En \u00abEspiritualidad vicenciana\u00bb","block_context":{"text":"Espiritualidad vicenciana","link":"https:\/\/vincentians.com\/es\/category\/espiritualidad\/espiritualidad-vicenciana\/"},"img":{"alt_text":"","src":"https:\/\/i0.wp.com\/vincentians.com\/es\/wp-content\/uploads\/sites\/11\/2016\/09\/enviados-evangelizar-pobres.jpg?fit=1200%2C630&ssl=1&resize=350%2C200","width":350,"height":200,"srcset":"https:\/\/i0.wp.com\/vincentians.com\/es\/wp-content\/uploads\/sites\/11\/2016\/09\/enviados-evangelizar-pobres.jpg?fit=1200%2C630&ssl=1&resize=350%2C200 1x, https:\/\/i0.wp.com\/vincentians.com\/es\/wp-content\/uploads\/sites\/11\/2016\/09\/enviados-evangelizar-pobres.jpg?fit=1200%2C630&ssl=1&resize=525%2C300 1.5x, https:\/\/i0.wp.com\/vincentians.com\/es\/wp-content\/uploads\/sites\/11\/2016\/09\/enviados-evangelizar-pobres.jpg?fit=1200%2C630&ssl=1&resize=700%2C400 2x, https:\/\/i0.wp.com\/vincentians.com\/es\/wp-content\/uploads\/sites\/11\/2016\/09\/enviados-evangelizar-pobres.jpg?fit=1200%2C630&ssl=1&resize=1050%2C600 3x"},"classes":[]}],"_links":{"self":[{"href":"https:\/\/vincentians.com\/es\/wp-json\/wp\/v2\/posts\/73006","targetHints":{"allow":["GET"]}}],"collection":[{"href":"https:\/\/vincentians.com\/es\/wp-json\/wp\/v2\/posts"}],"about":[{"href":"https:\/\/vincentians.com\/es\/wp-json\/wp\/v2\/types\/post"}],"author":[{"embeddable":true,"href":"https:\/\/vincentians.com\/es\/wp-json\/wp\/v2\/users\/4"}],"replies":[{"embeddable":true,"href":"https:\/\/vincentians.com\/es\/wp-json\/wp\/v2\/comments?post=73006"}],"version-history":[{"count":0,"href":"https:\/\/vincentians.com\/es\/wp-json\/wp\/v2\/posts\/73006\/revisions"}],"wp:featuredmedia":[{"embeddable":true,"href":"https:\/\/vincentians.com\/es\/wp-json\/"}],"wp:attachment":[{"href":"https:\/\/vincentians.com\/es\/wp-json\/wp\/v2\/media?parent=73006"}],"wp:term":[{"taxonomy":"category","embeddable":true,"href":"https:\/\/vincentians.com\/es\/wp-json\/wp\/v2\/categories?post=73006"},{"taxonomy":"post_tag","embeddable":true,"href":"https:\/\/vincentians.com\/es\/wp-json\/wp\/v2\/tags?post=73006"}],"curies":[{"name":"wp","href":"https:\/\/api.w.org\/{rel}","templated":true}]}}