{"id":72600,"date":"2017-07-20T08:18:20","date_gmt":"2017-07-20T06:18:20","guid":{"rendered":"http:\/\/somos.vicencianos.org\/?p=72600"},"modified":"2017-04-16T12:18:25","modified_gmt":"2017-04-16T10:18:25","slug":"el-discipulo-que-escucha","status":"publish","type":"post","link":"https:\/\/vincentians.com\/es\/el-discipulo-que-escucha\/","title":{"rendered":"El disc\u00edpulo que escucha"},"content":{"rendered":"<p><img data-recalc-dims=\"1\" loading=\"lazy\" decoding=\"async\" data-attachment-id=\"399820\" data-permalink=\"https:\/\/vincentians.com\/es\/jesus-trabaja-como-el-padre\/jesus-discipulos\/\" data-orig-file=\"https:\/\/i0.wp.com\/vincentians.com\/es\/wp-content\/uploads\/sites\/11\/2016\/09\/jesus-discipulos.jpg?fit=1200%2C630&amp;ssl=1\" data-orig-size=\"1200,630\" data-comments-opened=\"1\" data-image-meta=\"{&quot;aperture&quot;:&quot;0&quot;,&quot;credit&quot;:&quot;&quot;,&quot;camera&quot;:&quot;&quot;,&quot;caption&quot;:&quot;&quot;,&quot;created_timestamp&quot;:&quot;0&quot;,&quot;copyright&quot;:&quot;&quot;,&quot;focal_length&quot;:&quot;0&quot;,&quot;iso&quot;:&quot;0&quot;,&quot;shutter_speed&quot;:&quot;0&quot;,&quot;title&quot;:&quot;&quot;,&quot;orientation&quot;:&quot;1&quot;}\" data-image-title=\"jesus discipulos\" data-image-description=\"\" data-image-caption=\"\" data-medium-file=\"https:\/\/i0.wp.com\/vincentians.com\/es\/wp-content\/uploads\/sites\/11\/2016\/09\/jesus-discipulos.jpg?fit=300%2C158&amp;ssl=1\" data-large-file=\"https:\/\/i0.wp.com\/vincentians.com\/es\/wp-content\/uploads\/sites\/11\/2016\/09\/jesus-discipulos.jpg?fit=846%2C444&amp;ssl=1\" class=\"alignnone size-medium wp-image-399820 alignleft\" src=\"https:\/\/i0.wp.com\/vincentians.com\/es\/wp-content\/uploads\/sites\/11\/2016\/09\/jesus-discipulos.jpg?resize=300%2C158\" alt=\"\" width=\"300\" height=\"158\" srcset=\"https:\/\/i0.wp.com\/vincentians.com\/es\/wp-content\/uploads\/sites\/11\/2016\/09\/jesus-discipulos.jpg?resize=300%2C158&amp;ssl=1 300w, https:\/\/i0.wp.com\/vincentians.com\/es\/wp-content\/uploads\/sites\/11\/2016\/09\/jesus-discipulos.jpg?resize=768%2C403&amp;ssl=1 768w, https:\/\/i0.wp.com\/vincentians.com\/es\/wp-content\/uploads\/sites\/11\/2016\/09\/jesus-discipulos.jpg?resize=1024%2C538&amp;ssl=1 1024w, https:\/\/i0.wp.com\/vincentians.com\/es\/wp-content\/uploads\/sites\/11\/2016\/09\/jesus-discipulos.jpg?resize=100%2C53&amp;ssl=1 100w, https:\/\/i0.wp.com\/vincentians.com\/es\/wp-content\/uploads\/sites\/11\/2016\/09\/jesus-discipulos.jpg?resize=846%2C444&amp;ssl=1 846w, https:\/\/i0.wp.com\/vincentians.com\/es\/wp-content\/uploads\/sites\/11\/2016\/09\/jesus-discipulos.jpg?resize=1004%2C527&amp;ssl=1 1004w, https:\/\/i0.wp.com\/vincentians.com\/es\/wp-content\/uploads\/sites\/11\/2016\/09\/jesus-discipulos.jpg?w=1200&amp;ssl=1 1200w\" sizes=\"auto, (max-width: 300px) 100vw, 300px\" \/>\u00abEl Se\u00f1or Yahv\u00e9&#8230; cada ma\u00f1ana despierta mis o\u00eddos para que oiga como disc\u00edpulo:<\/p>\n<p>El Se\u00f1or Yahv\u00e9 me ha abierto los o\u00eddos&#8230;\u00bb (Is. 50, 4-5).<\/p>\n<p>En esta fiesta de la Asunci\u00f3n, quisiera hablar con ustedes de Mar\u00eda. Nuestra Fe nos hace afirmar hoy que Mar\u00eda est\u00e1 con su Hijo en la Gloria, que ha pasado por la experiencia de la resurrecci\u00f3n de la carne y que toda su persona humana \u2014cuerpo y alma\u2014 goza de la vida que todos deseamos alcanzar.<\/p>\n<p>Las Escrituras presentan a Mar\u00eda como la creyente ideal. Muchas cosas podr\u00edan decirse de Ella, tal y como la presentan los Evangelios. Podr\u00eda hablarse de su fe, de su maternidad, de su virginidad, de su humildad, de su caridad activa.<\/p>\n<p>Pero perm\u00edtanme que hoy les hable de una sola cosa: la cosa \u00abnecesaria\u00bb seg\u00fan el Evangelio de San Lucas, el secreto de la santidad de Mar\u00eda: Mar\u00eda escucha la palabra de Dios, Mar\u00eda oye lo que Dios dice y lo pone en pr\u00e1ctica.<\/p>\n<p>Voy a ofrecerles brevemente estas reflexiones en tres partes:<\/p>\n<p>I &#8211; La escucha, en el Evangelio de San Lucas.<\/p>\n<p>II &#8211; Algunos ecos de este tema en la espiritualidad de San Vicente y de Santa Luisa. III &#8211; Algunas aplicaciones para hoy.<\/p>\n<p>&nbsp;<\/p>\n<p><strong>I &#8211; LA ESCUCHA EN EL EVANGELIO DE SAN LUCAS<\/strong><\/p>\n<p>Seg\u00fan Lucas, como seg\u00fan todo el Nuevo Testamento, Dios toma la iniciativa por su Palabra que hace irrupci\u00f3n en el mundo como Buena Noticia. La escucha es la base indispensable de toda respuesta humana a esa Palabra.<\/p>\n<p>&nbsp;<\/p>\n<p><strong>1. Mar\u00eda, en los relatos de la Infancia, es el modelo del que escucha<\/strong><\/p>\n<p>Al igual que en todos los temas importantes de la teolog\u00eda de Lucas, en los relatos de la Infancia aparece la escucha. Estos relatos de la Infancia, en forma de pr\u00f3logo o introducci\u00f3n, presentan un resumen de la teolog\u00eda que Lucas desarrolla a lo largo de su Evangelio. El tema de la escucha se halla entre los m\u00e1s importantes de los motivos propuestos por el tercer evangelista: Mar\u00eda, mujer jud\u00eda, es la figura ideal de \u00abaquel que escucha\u00bb.<\/p>\n<p>En los cap\u00edtulos introductorios de Lucas, Mar\u00eda aparece como \u00abevangelizada\u00bb. Ella es la primera a quien se comunica la Buena Noticia. Es el disc\u00edpulo ideal, el modelo de todos los creyentes. En los relatos de la Infancia, Mar\u00eda escucha y medita las palabras de:<\/p>\n<p><strong>Gabriel, <\/strong>que le anuncia la Buena Nueva de la Presencia de Dios, le habla del Hijo extraordinario que ha de dar a luz (1, 26 y ss.);<\/p>\n<p><strong>Isabel, <\/strong>que la proclama bendita entre todas las mujeres porque ha cre\u00eddo que la Palabra de Dios se cumplir\u00eda en ella (1, 39 y ss.);<\/p>\n<p><strong>Los Pastores, <\/strong>que le transmiten, a ella como a los dem\u00e1s, el mensaje que les ha sido revelado acerca del Ni\u00f1o, la Buena Noticia de que ha nacido un Salvador<\/p>\n<p>(2, 16 y ss.);<\/p>\n<p>Sime\u00f3n, que profiere un c\u00e1ntico y un or\u00e1culo: un c\u00e1ntico de alabanza por la salvaci\u00f3n dada a todas las naciones; un or\u00e1culo o profec\u00eda temible que anuncia el esc\u00e1ndalo de la Cruz (2, 25 y ss.);<\/p>\n<p><strong>Ana, <\/strong>que alaba a Dios en presencia de Mar\u00eda y no cesa de hablar a todos aquellos que est\u00e1n prestos a escucharla (2, 36 y ss.);<\/p>\n<p><strong>Jes\u00fas mismo, <\/strong>que le habla de su relaci\u00f3n con su Padre Celestial, relaci\u00f3n que ha de pasar por encima de cualquier otra cosa (2, 41 y ss.)<\/p>\n<p><strong>\u00a0<\/strong><\/p>\n<p><strong>2. La actitud de Mar\u00eda, disc\u00edpulo <\/strong>ideal, es la de la atenci\u00f3n<\/p>\n<p>Cuando la Palabra de Dios hace irrupci\u00f3n en la vida de Mar\u00eda, Ella escucha atentamente. Seg\u00fan un esquema que le es habitual, Lucas describe a Mar\u00eda como la que escucha la Palabra con admiraci\u00f3n, interrogando para comprender bien su sentido, decidi\u00e9ndose a ponerla en pr\u00e1ctica y meditando despu\u00e9s en las misteriosas v\u00edas de Dios:<\/p>\n<p>Mar\u00eda escucha la Palabra: \u00abEl \u00e1ngel Gabriel&#8230; present\u00e1ndose a Ella, le dijo: \u00abSalve, llena de gracia, el Se\u00f1or es contigo\u00bb&#8230; \u00bb (1,28).<\/p>\n<p>Mar\u00eda se admira: \u00abElla se turb\u00f3 al o\u00edr estas palabras y discurr\u00eda qu\u00e9 podr\u00eda significar aquella salutaci\u00f3n\u00bb (1, 29).<\/p>\n<p>Mar\u00eda interroga: \u00ab?C\u00f3mo podr\u00e1 ser esto, pues yo no conozco var\u00f3n?\u00bb (1,34).<\/p>\n<p>Mar\u00eda pasa a la acci\u00f3n (mediante la aceptaci\u00f3n y la obediencia): \u00abH\u00e1gase en m\u00ed seg\u00fan tu palabra\u00bb (1, 38).<\/p>\n<p>Mar\u00eda conserva la palabra o\u00edda y la medita: \u00abMar\u00eda guardaba todo esto y lo me\u00additaba en su coraz\u00f3n\u00bb (2, 19 &#8211; 2, 51).<\/p>\n<p><strong>\u00a0<\/strong><\/p>\n<p><strong>3. El Evangelio de Lucas presenta el mismo tema en otros pasajes, mediante <\/strong><strong>unos breves relatos-clave<\/strong><\/p>\n<p>Lucas se sirve de tres breves relatos para ilustrar este tema central del verdadero disc\u00edpulo. O dicho de otro modo: los verdaderos disc\u00edpulos de Jes\u00fas son aquellos que escuchan la Palabra de Dios y la ponen en pr\u00e1ctica.<\/p>\n<p>\u00abVino su madre con sus hermanos y no lograron acercarse a El a causa de la muchedumbre. Y le comunicaron: \u00abtu madre y tus hermanos est\u00e1n ah\u00ed fuera y desean verte\u00bb. El contest\u00f3 dici\u00e9ndoles: \u00abMi madre y mis hermanos son \u00e9stos, los que oyen la palabra de Dios y la ponen por obra\u00bb\u00bb (Lc. 8, 19-21).<\/p>\n<p>En este relato, Lucas cambia radicalmente el acento puesto por Marcos (cf. Mc. 3, 31-35). Mientras \u00e9ste deprecia el cometido de la madre y de los parientes de Jes\u00fas, Lucas lo valora, haciendo eco a Lc. 1, 38-2, 19-2, 51: la madre de Jes\u00fas es el disc\u00edpulo ideal que escucha la Palabra y la pone en pr\u00e1ctica. \u00a1Dichoso quien as\u00ed lo haga!<\/p>\n<p>\u00abYendo de camino, entr\u00f3 en una aldea, y una mujer llamada Marta, le recibi\u00f3 en su casa. Ten\u00eda \u00e9sta una hermana llamada Mar\u00eda, la cual, sentada a los pies del Se\u00f1or, escuchaba su palabra. Marta andaba afanada en los muchos cuidados del servicio, y, acerc\u00e1ndose dijo: \u00abSe\u00f1or, \u00bfno te preocupa que mi hermana me deje a m\u00ed sola en el servicio? Dile, pues, que me ayude\u00bb. Respondi\u00f3 el Se\u00f1or y le dijo: \u00abMarta, Marta, tu te inquietas y te turbas por muchas cosas; pero pocas son necesarias, o m\u00e1s bien una sola. Mar\u00eda ha escogido la mejor parte, que no le ser\u00e1 arrebatada \u00ab\u00bb. (Lc. 10, 38-42).<\/p>\n<p>Aunque la declaraci\u00f3n de Jes\u00fas sobre la \u00fanica cosa necesaria haya estado sometida a innumerables interpretaciones, no hay duda con relaci\u00f3n al punto central de este relato, dentro del contexto del Evangelio de Lucas&#8230; Mar\u00eda ha escogido la mejor parte, porque est\u00e1 sentada a los pies de Jes\u00fas y escucha sus palabras, como ha de hacerlo todo verdadero disc\u00edpulo. A pesar de que hay muchos m\u00e1s temas en este relato (como, por ejemplo, una vez m\u00e1s, el papel o cometido de las mujeres, el cometido, tambi\u00e9n, de la Iglesia dom\u00e9stica en la cristiandad primitiva, que queda reforzado con una adici\u00f3n de Lucas) el evangelista subraya aqu\u00ed de nuevo lo que, en definitiva, fundamenta el seguimiento de Jes\u00fas: la escucha de la Palabra de Dios. Esa es la mejor parte (cf. 8, 4-21).<\/p>\n<p>\u00abMientras dec\u00eda estas cosas, levant\u00f3 la voz una mujer de entre la muchedumbre y dijo: \u00abDichoso el seno que te llev\u00f3 y los pechos que mamaste\u00bb. Pero El dijo: \u00abM\u00e1s bien dichosos los que oyen la Palabra de Dios y la guardan \u00ab\u00bb. (Lc. 11, 27-28).<\/p>\n<p>Este pasaje interrumpe, curiosamente, una serie de controversias en las que estaba implicado Jes\u00fas durante su viaje a Jerusal\u00e9n. Pero Lucas lo inserta aqu\u00ed como una ocasi\u00f3n que se le ofrece a Jes\u00fas para clarificar, una vez m\u00e1s, el verdadero sentido de la actitud del disc\u00edpulo: la dicha real no consiste en la proximidad f\u00edsica de Jes\u00fas, ni en el parentesco seg\u00fan la sangre con El, sino en la escucha de la Palabra de Dios y su puesta en pr\u00e1ctica.<\/p>\n<p>&nbsp;<\/p>\n<p><strong>II. ALGUNOS ECOS DE ESTE TEMA EN LA TRADICION VICENCIANA<\/strong><\/p>\n<p>El lugar central que corresponde a la escucha en el contexto de la espiritualidad, no lo encontramos expl\u00edcito en las conferencias y escritos de San Vicente ni en los de Santa Luisa. Pero la espiritualidad que ellos proponen conlleva varios temas-clave en los que resalta de modo evidente la importancia de la escucha.<\/p>\n<p><strong>\u00a0<\/strong><\/p>\n<p><strong>1. La humildad como fundamento de la perfecci\u00f3n evang\u00e9lica<\/strong><\/p>\n<p>Vicente llama a la humildad \u00abfundamento de toda la perfecci\u00f3n evang\u00e9lica y el nudo de toda la vida espiritual\u00bb .<\/p>\n<p>Seg\u00fan \u00e9l, la persona humilde en un nivel de profundidad, ve todas las cosas como un don. Los humildes reconocen c\u00f3mo quiere Dios entrar en su vida para poder hablarles. Por eso, est\u00e1n alerta, escuchan la Palabra de Dios, est\u00e1n deseosos de recibir el amor salv\u00edfico de Dios. Los humildes saben que la verdad que les hace libres viene de fuera de ellos: a trav\u00e9s de la Palabra de Dios, a trav\u00e9s de los gritos de los Pobres, a trav\u00e9s de la Iglesia y de la Comunidad en que viven.<\/p>\n<p>Probablemente no hay otro tema en el que San Vicente haya insistido m\u00e1s.<\/p>\n<p>Ha descrito la humildad como el origen de todo el bien que hacemos. As\u00ed se expresaba con las Hijas de la Caridad: \u00abSi as\u00ed lo hac\u00e9is, \u00bfqu\u00e9 ocurrir\u00e1? Que har\u00e9is de esta Compa\u00f1\u00eda un para\u00edso y que se podr\u00e1 decir con toda raz\u00f3n que es una sociedad de almas bienaventuradas en la tierra&#8230;\u00bb.<\/p>\n<p>La humildad y la escucha van estrechamente unidas por el hecho de que la escucha es la actitud fundamental de los que saben que la plenitud de la vida, la salvaci\u00f3n, la sabidur\u00eda, la verdad, el amor nos vienen de fuera de nosotros. El Hermano Robineau, secretario de San Vicente, cuyas reflexiones sobre el Santo acaban de ser publicadas, apunta que esta actitud era especialmente evidente en la manera que Vicente ten\u00eda de dirigirse a los Pobres. Sol\u00eda sentarse con ellos y establecer una conversaci\u00f3n amistosa e impregnada de humildad<\/p>\n<p>San Vicente gustaba de llamar a los Pobres los verdaderos \u00abamos y se\u00f1ores\u00bb en la Iglesia. Es a ellos a quienes se debe, de manera especial, escuchar y obedecer. En el Reino de Dios \u2014el mundo de la Fe\u2014, son los reyes y las reinas: nosotros somos los servidores. En cuanto a la Hija de la Caridad, su punto de escucha por excelencia es la persona del Pobre. Ah\u00ed es donde encuentra a Cristo; ah\u00ed es donde El le habla<\/p>\n<p>&nbsp;<\/p>\n<p><strong>2. Reflexi\u00f3n y meditaci\u00f3n<\/strong><\/p>\n<p>San Vicente y Santa Luisa estaban ambos profundamente convencidos de que Dios nos habla en la oraci\u00f3n cotidiana. A sus disc\u00edpulos les ped\u00edan que reservasen todos los d\u00edas un espacio de tiempo adecuado para una sosegada oraci\u00f3n mental y les invitaban a que la hicieran juntos, con el fin de apoyarse mutuamente. Los dos santos cre\u00edan tambi\u00e9n que los Evangelios desempe\u00f1an un papel-clave como base de la oraci\u00f3n. Las lecciones del Evangelio son como \u00abuna casa construida sobre roca firme\u00bb<sup>6<\/sup>. Sabemos por el orden del d\u00eda que segu\u00eda en sus Ejercicios espirituales, que Santa Luisa sol\u00eda meditar sobre el Evangelio que hab\u00eda le\u00eddo en la Misa del d\u00eda. Fundamentalmente, los dos Santos aspiraban a escuchar la Palabra de Dios y a apoyar en ella todo lo que hac\u00edan.<\/p>\n<p>Abelly se\u00f1ala, en un p\u00e1rrafo lleno de colorido, el fervor con que San Vicente escuchaba la Palabra de Dios: \u00abParec\u00eda como si succionara el sentido de los pasajes de la Escritura, al modo de un ni\u00f1o con la leche de su madre, y extra\u00eda de ellos la m\u00e9dula y la sustancia para alimento de su alma. Lo que hac\u00eda que en todas sus acciones y palabras, apareciera totalmente lleno del Esp\u00edritu de Jesucristo\u00bb.<\/p>\n<p>En una conferencia sobre las \u00abM\u00e1ximas evang\u00e9licas\u00bb, que dio el 14 de febrero de 1659, Vicente puso de relieve de qu\u00e9 modo Mar\u00eda sab\u00eda escuchar la Palabra de Dios: \u00ab&#8230;la Sant\u00edsima Virgen, mejor que ning\u00fan otro, penetr\u00f3 en su sentido y lapractic\u00f3&#8230;\u00bb.<\/p>\n<p>Obedecer a quienquiera que sea<\/p>\n<p>La palabra \u00abobediencia\u00bb (ob + audire: escuchar plenamente) va, pues, unida etimol\u00f3gicamente a la palabra \u00abescuchar\u00bb: audire. Est\u00e1 completamente claro que, en el concepto de San Vicente, la obediencia tiene un cometido primordial en la comunidad. Pero S. Vicente entend\u00eda la obediencia m\u00e1s all\u00e1 del significado que habitualmente suele d\u00e1rsele, es decir, obedecer a las \u00f3rdenes leg\u00edtimas de los superiores. Partiendo de una noci\u00f3n m\u00e1s amplia de la obediencia, animaba a sus disc\u00edpulos para que obedecieran a quienquiera que fuera, de tal manera que as\u00ed les fuera f\u00e1cil o\u00edr con mayor plenitud lo que Dios quisiera decirles y llevarlo a la pr\u00e1ctica:<\/p>\n<p>\u00abNuestra obediencia no debe limitarse solamente a los que tienen el derecho de mandarnos, sino que tiene que pasar m\u00e1s adelante&#8230;<\/p>\n<p>Consideremos a todos los dem\u00e1s como superiores, y para ello pong\u00e1\u00admonos por debajo de ellos, incluso por debajo de los m\u00e1s peque\u00f1os, y adelant\u00e9monos a mostrarles deferencia, condescendencia, haci\u00e9ndo\u00adles toda clase de servicios&#8230;\u00bb<\/p>\n<p>Adem\u00e1s, la obediencia no es \u00fanicamente deber de los s\u00fabditos, sino tambi\u00e9n de los superiores. De hecho, los superiores tendr\u00edan que ser los primeros en obedecer, poni\u00e9ndose a la escucha de los miembros y pidi\u00e9ndoles consejo:<\/p>\n<p>\u00abNo habr\u00eda nada tan hermoso en el mundo, hija m\u00eda, como la Compa\u00f1\u00eda de las Hijas de la Caridad, &#8230;si en todas partes donde estuviese establecida, la obediencia se mantuviese en vigor, si la sirviente fuese la primera en obedecer, en pedir consejo y en someterse&#8230;<\/p>\n<p>&nbsp;<\/p>\n<p><strong>III. ALGUNAS APLICACIONES PARA HOY<\/strong><\/p>\n<p>En su libro magn\u00edfico sobre la Comunidad\u00bb, Dietrich Bonhoeffer escrib\u00eda:<\/p>\n<p>\u00abEl primer servicio que debemos prestar a los dem\u00e1s miembros de la Comunidad es el de escucharlos. Del mismo modo que nuestro amor a Dios comienza por escuchar su Palabra, as\u00ed el principio del amor al pr\u00f3jimo consiste en aprender a escucharle. Precisamente porque Dios nos ama, no se contenta con darnos su Palabra, sino que tambi\u00e9n pone a nuestra disposici\u00f3n su o\u00eddo. De tal modo que aprender a escuchar a nuestro hermano es hacer por \u00e9l lo que Dios hace por nosotros. Algunos Cristianos \u2014sobre todo los predicadores\u2014 se creen siempre obligados a \u00abdar algo\u00bb cuando se encuentran en compa\u00f1\u00eda de otros; piensan que \u00e9se es el servicio que tienen que prestar. Pero olvidan que escuchar puede ser un servicio m\u00e1s importante que el de hablar. Hay muchas personas que est\u00e1n en busca de un o\u00eddo que quiera escucharlas y no lo encuentran entre los Cristianos, porque esos Cristianos se ponen a hablar cuando deber\u00edan estar escuchando. Ahora bien, el que no puede escuchar a su hermano, acaba por no poder escuchar tampoco a Dios, a fuerza de querer hablarle siempre. Con ello, introduce un germen de muerte en su vida espiritual\u00bb.<\/p>\n<p>Si la escucha es tan crucial para una sana espiritualidad, \u00bfc\u00f3mo podremos hacer progresos en ella?<\/p>\n<p>A partir de una reflexi\u00f3n sobre la amplia tradici\u00f3n espiritual de la Iglesia se podr\u00eda ir espigando cierto n\u00famero de cualidades que caracterizan a los buenos \u00aboyentes\u00bb. Voy a evocar brevemente cuatro entre esas cualidades, por parecerme de la mayor importancia si se quiere adelantar en el arte de la escucha:<\/p>\n<p>&nbsp;<\/p>\n<p><strong>1. La humildad<\/strong><\/p>\n<p>La cualidad indispensable para una buena escucha es la humildad. <em>\u00abEs el fun\u00ad<\/em><em>damento de la perfecci\u00f3n evang\u00e9lica y el nudo de toda la vida espiritual\u00bb, <\/em>como hemos visto que dec\u00eda San Vicente. La persona humilde posee el sentimiento de su insuficiencia, de la necesidad que tiene de Dios y de los dem\u00e1s hombres. Por eso escucha.<\/p>\n<p>La humildad reconoce que todo es un don. Ve con toda claridad que todo bien procede de Dios. San Vicente escrib\u00eda a un Sacerdote de la Misi\u00f3n (probablemente a Roberto de Sergis o a Lamberto aux Couteaux):<\/p>\n<p>\u00ab&#8230; Y como reconocemos que esta abundante gracia viene de Dios y que El no se la concede sino a los humildes que reconocen que todo el bien hecho por ellos procede de Dios, a El ruego con todo mi coraz\u00f3n le conceda a usted cada vez m\u00e1s el esp\u00edritu de humildad&#8230; \u00ab.<\/p>\n<p>Pero el reconocimiento de la propia insuficiencia tiene una dimensi\u00f3n m\u00e1s amplia. No es solamente, por as\u00ed decir, \u00abvertical\u00bb, sino tambi\u00e9n \u00abhorizontal\u00bb; no dependemos s\u00f3lo de Dios, directamente, sino tambi\u00e9n de la creaci\u00f3n de Dios que nos rodea. La verdad procede, por lo tanto, de la escucha no solamente de Dios mismo, sino tambi\u00e9n de las personas humanas, a trav\u00e9s de las cuales se nos transmiten la presencia y las palabras de Dios.<\/p>\n<p>El esp\u00edritu de oraci\u00f3n y de reflexi\u00f3n<\/p>\n<p>Hasta que no se pondera y eval\u00faa lo que se escucha, no se nos revela plenamen\u00adte su sentido. La b\u00fasqueda de la verdad implica por lo tanto esp\u00edritu de oraci\u00f3n y de reflexi\u00f3n. Aunque a veces sea posible escuchar la voz de Dios en medio del ruido de una multitud, lo m\u00e1s frecuente es que s\u00f3lo en el silencio se oigan sus palabras m\u00e1s profundas, s\u00f3lo en el silencio se pueda penetrar en su \u00edntimo significado. El salmista nos exhorta: <em>\u00abCesad y reconoced que yo soy Dios&#8230;\u00bb. <\/em>(S. 46, 10).<\/p>\n<p>Los Evangelios, especialmente el de Lucas, atestiguan que Jes\u00fas se volv\u00eda sin cesar, en la oraci\u00f3n, hacia su Padre para escucharle y conocer su voluntad. La oraci\u00f3n es, pues, sin ning\u00fan g\u00e9nero de duda, uno de los mejores medios de escuchar que pueden tener los disc\u00edpulos de Jes\u00fas.<\/p>\n<p>Adem\u00e1s, puesto que la oraci\u00f3n es un encuentro con Dios mismo, lo que nosotros podamos decir tiene mucha menos importancia que lo que Dios nos dice. Cuando insistimos demasiado en lo que decimos o hacemos nosotros durante la oraci\u00f3n, \u00e9sta puede llegar a convertirse en \u00abun buen trabajo\u00bb, una \u00abrealizaci\u00f3n\u00bb, un \u00abdiscurso\u00bb, m\u00e1s que en una \u00abgracia\u00bb, un \u00abdon\u00bb, una \u00abpalabra gratuita de Dios\u00bb. Sin duda, la oraci\u00f3n, como toda actividad humana, conlleva unas estructuras, una disciplina personal, un esfuerzo perseverante. Pero la principal insistencia ha de ponerse siempre en la presencia del Dios personal, cuya Palabra hemos de escuchar atentamente cuando nos comunica la Buena Noticia de su Amor por nosotros y por los dem\u00e1s.<\/p>\n<p>Adem\u00e1s, nuestra oraci\u00f3n ha de estar siempre confirmada por la vida. El que escucha lo que \u00abDios le dice\u00bb en la oraci\u00f3n, pero no presta atenci\u00f3n a lo que le dicen los dem\u00e1s en la vida diaria, es un tanto sospechoso. La oraci\u00f3n tiene que estar en uni\u00f3n constante con las personas y los acontecimientos, ya que Dios nos habla no s\u00f3lo en el silencio de nuestro coraz\u00f3n sino tambi\u00e9n (y con m\u00e1s frecuencia) a trav\u00e9s de las personas que nos rodean.<\/p>\n<p>3. Respeto hacia las palabras humanas<\/p>\n<p>Hoy, quiz\u00e1 m\u00e1s que nunca, se insiste en la necesidad de escuchar a las personas que est\u00e1n a nuestro alrededor.<\/p>\n<p>Muchos documentos contempor\u00e1neos hacen hincapi\u00e9 en la dignidad de la persona humana y en la importancia que tiene el escuchar los gritos que proceden de su coraz\u00f3n. \u00abGaudium et Spes\u00bby \u00abRedemptor Hominis\u00bb consideran la per\u00adsona humana como el centro de la creaci\u00f3n (G.S., 9, 12, 22 &#8211; R. H. passim). En un contexto ligeramente diferente, \u00abCentesimus Annus\u00bb lo afirma con toda claridad: <em>La doctrina social de la Iglesia, especialmente hoy d\u00eda, mira al hombre&#8230;\u00bb<\/em><\/p>\n<p>El respeto a la persona humana es un reconocimiento de que Dios est\u00e1 presente en el otro y se nos revela a trav\u00e9s de \u00e9l \u2014o de ella\u2014; es reconocer que las palabras de vida nos vienen por los peque\u00f1os tanto como por los poderosos. De hecho, San Vicente fue adquiriendo gradualmente la convicci\u00f3n de que <em>\u00abla verda\u00addera religi\u00f3n se encuentra entre los pobres\u00bb, <\/em>y de que tenemos que dejarnos evangelizar por ellos.<\/p>\n<p>Numerosos textos del Hermano Luis Robineau, publicados recientemente, dan testimonio del profundo respeto que San Vicente ten\u00eda a toda suerte de personas. Robineau se\u00f1ala c\u00f3mo sab\u00eda escuchar, a pobres y ricos, a seglares y cl\u00e9rigos, a campesinos y personas reales.<\/p>\n<p>Pero una escucha tan respetuosa no siempre es tan f\u00e1cil como pudiera parecerlo. En una \u00e9poca como la nuestra de tanto ruido, en la que, si queremos, los medios de comunicaci\u00f3n nos hablan sin interrupci\u00f3n todo el d\u00eda, a veces de manera ensordecedora, en esta \u00e9poca, cabe preguntarse: \u00ab\u00bfSomos capaces de distinguir la voz de Dios en medio de la multiplicidad de voces que se dirigen a nosotros? \u00bfTiene capacidad la Palabra de Dios para decirnos &#8216;cosas nuevas&#8217;? \u00bfHay todav\u00eda lugar en nosotros para la admiraci\u00f3n?\u00bb.<\/p>\n<p>Mientras intentamos desarrollar un respeto creciente hacia toda persona humana, la evidencia nos har\u00e1 aceptar el desaf\u00edo de algunas preguntas: \u00bfSomos realmente capaces de o\u00edr los gritos de los pobres, de los m\u00e1s oprimidos? Entre ellos, mujeres y ni\u00f1os que, con frecuencia, son los miembros m\u00e1s pobres de la sociedad; los que padecen discriminaci\u00f3n a causa de su raza, de su color, su nacionalidad, su religi\u00f3n; v\u00edctimas del sida, a las que excluyen sus propias familias y los sanos f\u00edsicamente hablando; los que se hallan marginados en la vida: peque\u00f1os o ancianos indefensos, sin posibilidad de hablar por s\u00ed mismos&#8230; \u00bfSomos capaces de aceptar los consejos que nos vienen de los dem\u00e1s: de los directores espirituales, de los miembros de nuestras comunidades, de los documentos de la Iglesia y de la Congregaci\u00f3n? \u00bfEstamos alerta, a la escucha de los \u00absignos de los tiempos\u00bb, como la distancia creciente entre ricos y pobres, la llamada reiterada a la justicia que la Iglesia nos lanza?<\/p>\n<p>&nbsp;<\/p>\n<p><strong>4. Atenci\u00f3n<\/strong><\/p>\n<p>Una de las se\u00f1ales m\u00e1s importantes del respeto hacia la persona, es la atenci\u00f3n.<\/p>\n<p>Los documentos actuales de los Sacerdotes de la Congregaci\u00f3n de la Misi\u00f3n, como igualmente los de las Hijas de la Caridad, insisten mucho en la necesidad de practicar esta atenci\u00f3n. Las Constituciones de las Hijas de la Caridad consideran esta actitud como el primer paso para la realizaci\u00f3n de la finalidad apost\u00f3lica de la Compa\u00f1\u00eda: <em>\u00abSu primer paso <\/em>(del servicio de Cristo en los Pobres) <em>es la atenci\u00f3n, <\/em><em>base indispensable de toda evangelizaci\u00f3n\u00bb <\/em><sup>19<\/sup><\/p>\n<p>Las Constituciones de los Sacerdotes de la Misi\u00f3n insisten en este punto dentro del contexto de la vida comunitaria: \u00ab&#8230; Con un esp\u00edritu humilde y fraternal, atentos a las ideas y a las necesidades de cada uno de los Cohermanos&#8230;<\/p>\n<p>Asimismo, cuando se pide consejo, la atenci\u00f3n es de la mayor importancia. El Hermano Robineau refiere que San Vicente sol\u00eda pedir su parecer a otros sobre cuestiones que se estuvieran tratando, <em>\u00abaun al \u00faltimo de la casa\u00bb. <\/em>Afirma que con mucha frecuencia le ha o\u00eddo decir: <em>\u00abcuatro ojos ven m\u00e1s que dos, y seis m\u00e1s que <\/em><em>cuatro\u00bb.<\/em><\/p>\n<p>A este prop\u00f3sito, Robineau relata un incidente interesante:<\/p>\n<p>\u00abUn d\u00eda me hizo el honor de decirme que hab\u00eda que tener como m\u00e1xima, cuando se consultaba un asunto, el alegar todo lo que fuese favorable a la parte adversa, sin omitir nada, como si esa parte adversa fuera la que estuviera alegando sus razones y defendi\u00e9ndose. Y que era as\u00ed como hab\u00eda que proceder al tratarse de consultas\u00bb<\/p>\n<p>Hoy tenemos delante de nosotros a Mar\u00eda como el disc\u00edpulo que escucha: Mar\u00eda escucha la Palabra de Dios, en sus m\u00faltiples formas, y la pone en pr\u00e1ctica.<\/p>\n<p>Si como Ella, que es nuestra Madre, somos disc\u00edpulos que escuchan, crecere\u00admos sin duda alguna, porque la escucha es el fundamento de toda espiritualidad. Al que escucha, se le conceden la verdad, la sabidur\u00eda, la seguridad de que es amado. A los que descuidan el escuchar, les acaece un aislamiento, una soledad, cada vez mayor.<\/p>\n<p>Jes\u00fas, al igual que los profetas, sab\u00eda las exigencias que representa la escucha, por lo que no es infrecuente que fallemos en ella. Y lo lamentaba:<\/p>\n<p>\u00abPorque se ha endurecido el coraz\u00f3n de este pueblo, y se han hecho duros de o\u00eddos, y han cerrado sus ojos, para no ver con sus ojos, y no o\u00edr con sus o\u00eddos, y para no entender en su coraz\u00f3n y convertirse, que yo los curar\u00eda\u00bb (Mt., 13, 15). \u00abPero&#8230; \u00a1dichosos vuestros ojos, porque ven y vuestros o\u00eddos porque oyen!&#8230;\u00bb (Mr. 13, 16).<\/p>\n<p>\u00bfExisten para nosotros medios de escuchar mejor?<\/p>\n<p>Hoy celebramos la fiesta de Madre ELIZONDO. Me uno a ustedes para pedir la plenitud de las bendiciones del Se\u00f1or sobre su persona.<\/p>\n<p>Madre, no puedo pedir para usted que, como Mar\u00eda, sea introducida inmedia\u00adtamente en ci Cielo&#8230; Pero s\u00ed pido que, como Ella, sea usted un modelo de escucha, que pueda o\u00edr los gritos de los pobres y est\u00e9 atenta a las necesidades m\u00e1s profundas de las Hijas de la Caridad, a trav\u00e9s del mundo.<\/p>\n<p>Que Mar\u00eda, la disc\u00edpula que escucha, sea su luz y su fortaleza.<\/p>\n<p>&nbsp;<\/p>\n","protected":false},"excerpt":{"rendered":"<p>\u00abEl Se\u00f1or Yahv\u00e9&#8230; cada ma\u00f1ana despierta mis o\u00eddos para que oiga como disc\u00edpulo: El Se\u00f1or Yahv\u00e9 me ha abierto los o\u00eddos&#8230;\u00bb (Is. 50, 4-5). En esta fiesta de la Asunci\u00f3n, quisiera hablar con ustedes de &#8230; <a href=\"https:\/\/vincentians.com\/es\/el-discipulo-que-escucha\/\" class=\"more-link\">Read More<\/a><\/p>\n","protected":false},"author":4,"featured_media":399820,"comment_status":"open","ping_status":"open","sticky":false,"template":"","format":"standard","meta":{"jetpack_post_was_ever_published":false,"_jetpack_newsletter_access":"","_jetpack_dont_email_post_to_subs":false,"_jetpack_newsletter_tier_id":0,"_jetpack_memberships_contains_paywalled_content":false,"_jetpack_memberships_contains_paid_content":false,"footnotes":"","jetpack_publicize_message":"","jetpack_publicize_feature_enabled":true,"jetpack_social_post_already_shared":true,"jetpack_social_options":{"image_generator_settings":{"template":"highway","default_image_id":0,"font":"","enabled":false},"version":2}},"categories":[226],"tags":[218,144,166],"class_list":["post-72600","post","type-post","status-publish","format-standard","has-post-thumbnail","hentry","category-espiritualidad-vicenciana","tag-abelly","tag-lambert","tag-robineau"],"yoast_head":"<!-- This site is optimized with the Yoast SEO plugin v26.3 - https:\/\/yoast.com\/wordpress\/plugins\/seo\/ -->\n<title>El disc\u00edpulo que escucha - Somos Vicencianos<\/title>\n<meta name=\"robots\" content=\"index, follow, max-snippet:-1, max-image-preview:large, max-video-preview:-1\" \/>\n<link rel=\"canonical\" href=\"https:\/\/vincentians.com\/es\/el-discipulo-que-escucha\/\" \/>\n<meta property=\"og:locale\" content=\"es_ES\" \/>\n<meta property=\"og:type\" content=\"article\" \/>\n<meta property=\"og:title\" content=\"El disc\u00edpulo que escucha - Somos Vicencianos\" \/>\n<meta property=\"og:description\" content=\"\u00abEl Se\u00f1or Yahv\u00e9&#8230; cada ma\u00f1ana despierta mis o\u00eddos para que oiga como disc\u00edpulo: El Se\u00f1or Yahv\u00e9 me ha abierto los o\u00eddos&#8230;\u00bb (Is. 50, 4-5). En esta fiesta de la Asunci\u00f3n, quisiera hablar con ustedes de ... Read More\" \/>\n<meta property=\"og:url\" content=\"https:\/\/vincentians.com\/es\/el-discipulo-que-escucha\/\" \/>\n<meta property=\"og:site_name\" content=\"Somos Vicencianos\" \/>\n<meta property=\"article:publisher\" content=\"https:\/\/www.facebook.com\/WeAreVincentians\/\" \/>\n<meta property=\"article:author\" content=\"https:\/\/www.facebook.com\/JavierChento\" \/>\n<meta property=\"article:published_time\" content=\"2017-07-20T06:18:20+00:00\" \/>\n<meta property=\"og:image\" content=\"https:\/\/i0.wp.com\/vincentians.com\/es\/wp-content\/uploads\/sites\/11\/2016\/09\/jesus-discipulos.jpg?fit=1200%2C630&ssl=1\" \/>\n\t<meta property=\"og:image:width\" content=\"1200\" \/>\n\t<meta property=\"og:image:height\" content=\"630\" \/>\n\t<meta property=\"og:image:type\" content=\"image\/jpeg\" \/>\n<meta name=\"author\" content=\"Francisco Javier Fern\u00e1ndez Chento\" \/>\n<meta name=\"twitter:card\" content=\"summary_large_image\" \/>\n<meta name=\"twitter:creator\" content=\"@https:\/\/twitter.com\/javierchento\" \/>\n<meta name=\"twitter:site\" content=\"@WeVincentians\" \/>\n<meta name=\"twitter:label1\" content=\"Escrito por\" \/>\n\t<meta name=\"twitter:data1\" content=\"Francisco Javier Fern\u00e1ndez Chento\" \/>\n\t<meta name=\"twitter:label2\" content=\"Tiempo de lectura\" \/>\n\t<meta name=\"twitter:data2\" content=\"22 minutos\" \/>\n<script type=\"application\/ld+json\" class=\"yoast-schema-graph\">{\"@context\":\"https:\/\/schema.org\",\"@graph\":[{\"@type\":\"Article\",\"@id\":\"https:\/\/vincentians.com\/es\/el-discipulo-que-escucha\/#article\",\"isPartOf\":{\"@id\":\"https:\/\/vincentians.com\/es\/el-discipulo-que-escucha\/\"},\"author\":{\"name\":\"Francisco Javier Fern\u00e1ndez Chento\",\"@id\":\"https:\/\/vincentians.com\/es\/#\/schema\/person\/9623ef4d9aa3b2dfb8c061f1499288f2\"},\"headline\":\"El disc\u00edpulo que escucha\",\"datePublished\":\"2017-07-20T06:18:20+00:00\",\"mainEntityOfPage\":{\"@id\":\"https:\/\/vincentians.com\/es\/el-discipulo-que-escucha\/\"},\"wordCount\":4318,\"commentCount\":1,\"publisher\":{\"@id\":\"https:\/\/vincentians.com\/es\/#organization\"},\"image\":{\"@id\":\"https:\/\/vincentians.com\/es\/el-discipulo-que-escucha\/#primaryimage\"},\"thumbnailUrl\":\"https:\/\/i0.wp.com\/vincentians.com\/es\/wp-content\/uploads\/sites\/11\/2016\/09\/jesus-discipulos.jpg?fit=1200%2C630&ssl=1\",\"keywords\":[\"Abelly\",\"Lambert\",\"Robineau\"],\"articleSection\":[\"Espiritualidad vicenciana\"],\"inLanguage\":\"es\",\"potentialAction\":[{\"@type\":\"CommentAction\",\"name\":\"Comment\",\"target\":[\"https:\/\/vincentians.com\/es\/el-discipulo-que-escucha\/#respond\"]}]},{\"@type\":\"WebPage\",\"@id\":\"https:\/\/vincentians.com\/es\/el-discipulo-que-escucha\/\",\"url\":\"https:\/\/vincentians.com\/es\/el-discipulo-que-escucha\/\",\"name\":\"El disc\u00edpulo que escucha - Somos Vicencianos\",\"isPartOf\":{\"@id\":\"https:\/\/vincentians.com\/es\/#website\"},\"primaryImageOfPage\":{\"@id\":\"https:\/\/vincentians.com\/es\/el-discipulo-que-escucha\/#primaryimage\"},\"image\":{\"@id\":\"https:\/\/vincentians.com\/es\/el-discipulo-que-escucha\/#primaryimage\"},\"thumbnailUrl\":\"https:\/\/i0.wp.com\/vincentians.com\/es\/wp-content\/uploads\/sites\/11\/2016\/09\/jesus-discipulos.jpg?fit=1200%2C630&ssl=1\",\"datePublished\":\"2017-07-20T06:18:20+00:00\",\"breadcrumb\":{\"@id\":\"https:\/\/vincentians.com\/es\/el-discipulo-que-escucha\/#breadcrumb\"},\"inLanguage\":\"es\",\"potentialAction\":[{\"@type\":\"ReadAction\",\"target\":[\"https:\/\/vincentians.com\/es\/el-discipulo-que-escucha\/\"]}]},{\"@type\":\"ImageObject\",\"inLanguage\":\"es\",\"@id\":\"https:\/\/vincentians.com\/es\/el-discipulo-que-escucha\/#primaryimage\",\"url\":\"https:\/\/i0.wp.com\/vincentians.com\/es\/wp-content\/uploads\/sites\/11\/2016\/09\/jesus-discipulos.jpg?fit=1200%2C630&ssl=1\",\"contentUrl\":\"https:\/\/i0.wp.com\/vincentians.com\/es\/wp-content\/uploads\/sites\/11\/2016\/09\/jesus-discipulos.jpg?fit=1200%2C630&ssl=1\",\"width\":1200,\"height\":630},{\"@type\":\"BreadcrumbList\",\"@id\":\"https:\/\/vincentians.com\/es\/el-discipulo-que-escucha\/#breadcrumb\",\"itemListElement\":[{\"@type\":\"ListItem\",\"position\":1,\"name\":\"Portada\",\"item\":\"https:\/\/vincentians.com\/es\/\"},{\"@type\":\"ListItem\",\"position\":2,\"name\":\"El disc\u00edpulo que escucha\"}]},{\"@type\":\"WebSite\",\"@id\":\"https:\/\/vincentians.com\/es\/#website\",\"url\":\"https:\/\/vincentians.com\/es\/\",\"name\":\"Somos Vicencianos\",\"description\":\"Know more to serve more\",\"publisher\":{\"@id\":\"https:\/\/vincentians.com\/es\/#organization\"},\"potentialAction\":[{\"@type\":\"SearchAction\",\"target\":{\"@type\":\"EntryPoint\",\"urlTemplate\":\"https:\/\/vincentians.com\/es\/?s={search_term_string}\"},\"query-input\":{\"@type\":\"PropertyValueSpecification\",\"valueRequired\":true,\"valueName\":\"search_term_string\"}}],\"inLanguage\":\"es\"},{\"@type\":\"Organization\",\"@id\":\"https:\/\/vincentians.com\/es\/#organization\",\"name\":\"The Vincentian Network\",\"url\":\"https:\/\/vincentians.com\/es\/\",\"logo\":{\"@type\":\"ImageObject\",\"inLanguage\":\"es\",\"@id\":\"https:\/\/vincentians.com\/es\/#\/schema\/logo\/image\/\",\"url\":\"https:\/\/i1.wp.com\/vincentians.com\/es\/wp-content\/uploads\/sites\/11\/2016\/06\/Vincentian-Network-logo-big.png?fit=778%2C778\",\"contentUrl\":\"https:\/\/i1.wp.com\/vincentians.com\/es\/wp-content\/uploads\/sites\/11\/2016\/06\/Vincentian-Network-logo-big.png?fit=778%2C778\",\"width\":778,\"height\":778,\"caption\":\"The Vincentian Network\"},\"image\":{\"@id\":\"https:\/\/vincentians.com\/es\/#\/schema\/logo\/image\/\"},\"sameAs\":[\"https:\/\/www.facebook.com\/WeAreVincentians\/\",\"https:\/\/x.com\/WeVincentians\"]},{\"@type\":\"Person\",\"@id\":\"https:\/\/vincentians.com\/es\/#\/schema\/person\/9623ef4d9aa3b2dfb8c061f1499288f2\",\"name\":\"Francisco Javier Fern\u00e1ndez Chento\",\"image\":{\"@type\":\"ImageObject\",\"inLanguage\":\"es\",\"@id\":\"https:\/\/vincentians.com\/es\/#\/schema\/person\/image\/\",\"url\":\"https:\/\/secure.gravatar.com\/avatar\/497d5cde87b4c3d097d0315953521681ba2cd523ee66e5077c3711f7021e65de?s=96&d=mm&r=g\",\"contentUrl\":\"https:\/\/secure.gravatar.com\/avatar\/497d5cde87b4c3d097d0315953521681ba2cd523ee66e5077c3711f7021e65de?s=96&d=mm&r=g\",\"caption\":\"Francisco Javier Fern\u00e1ndez Chento\"},\"description\":\"Director General y cofundador de La Red de Formaci\u00f3n Vicenciana. Javier es laico vicenciano, afiliado a la Congregaci\u00f3n de la Misi\u00f3n y miembro del Equipo de Misiones Populares de la provincia can\u00f3nica de Zaragoza (Espa\u00f1a) de la Congregaci\u00f3n de la Misi\u00f3n. Graduado en la Universidad Oberta de Catalunya con cuatro grados (Asistente de direcci\u00f3n, Gesti\u00f3n Administrativa, Recursos Humanos y Contabilidad Avanzada). Bil\u00edng\u00fce Espa\u00f1ol\/Ingl\u00e9s. gestiona y mantiene varias p\u00e1ginas web cristianas y vicencianas, incluida including La Red de Formaci\u00f3n Vicenciana, de la que es cofundador. Actualmente es responsable del \u00e1rea de Espa\u00f1ol de .famvin, la Red de Noticias de la Familia Vicenciana. Tambi\u00e9n es m\u00fasico cat\u00f3lico y ha editado varios discos. Es Director General y cofundador de Trovador, una reconocida compa\u00f1\u00eda discogr\u00e1fica critiana de Espa\u00f1a. Trabaja en las Tecnolog\u00edas de la Informaci\u00f3n, ofreciendo servicios de alojamiento, dise\u00f1o y mantenimiento Web, as\u00ed como asesoramiento, formaci\u00f3n y soluciones inform\u00e1ticas, gesti\u00f3n documental y digitalizaci\u00f3n de textos, edici\u00f3n y maquetaci\u00f3n de libros, revistas, flyers, etc.\",\"sameAs\":[\"http:\/\/chento.org\",\"https:\/\/www.facebook.com\/JavierChento\",\"https:\/\/x.com\/https:\/\/twitter.com\/javierchento\"],\"url\":\"https:\/\/vincentians.com\/es\/author\/chento\/\"}]}<\/script>\n<!-- \/ Yoast SEO plugin. -->","yoast_head_json":{"title":"El disc\u00edpulo que escucha - Somos Vicencianos","robots":{"index":"index","follow":"follow","max-snippet":"max-snippet:-1","max-image-preview":"max-image-preview:large","max-video-preview":"max-video-preview:-1"},"canonical":"https:\/\/vincentians.com\/es\/el-discipulo-que-escucha\/","og_locale":"es_ES","og_type":"article","og_title":"El disc\u00edpulo que escucha - Somos Vicencianos","og_description":"\u00abEl Se\u00f1or Yahv\u00e9&#8230; cada ma\u00f1ana despierta mis o\u00eddos para que oiga como disc\u00edpulo: El Se\u00f1or Yahv\u00e9 me ha abierto los o\u00eddos&#8230;\u00bb (Is. 50, 4-5). En esta fiesta de la Asunci\u00f3n, quisiera hablar con ustedes de ... Read More","og_url":"https:\/\/vincentians.com\/es\/el-discipulo-que-escucha\/","og_site_name":"Somos Vicencianos","article_publisher":"https:\/\/www.facebook.com\/WeAreVincentians\/","article_author":"https:\/\/www.facebook.com\/JavierChento","article_published_time":"2017-07-20T06:18:20+00:00","og_image":[{"width":1200,"height":630,"url":"https:\/\/i0.wp.com\/vincentians.com\/es\/wp-content\/uploads\/sites\/11\/2016\/09\/jesus-discipulos.jpg?fit=1200%2C630&ssl=1","type":"image\/jpeg"}],"author":"Francisco Javier Fern\u00e1ndez Chento","twitter_card":"summary_large_image","twitter_creator":"@https:\/\/twitter.com\/javierchento","twitter_site":"@WeVincentians","twitter_misc":{"Escrito por":"Francisco Javier Fern\u00e1ndez Chento","Tiempo de lectura":"22 minutos"},"schema":{"@context":"https:\/\/schema.org","@graph":[{"@type":"Article","@id":"https:\/\/vincentians.com\/es\/el-discipulo-que-escucha\/#article","isPartOf":{"@id":"https:\/\/vincentians.com\/es\/el-discipulo-que-escucha\/"},"author":{"name":"Francisco Javier Fern\u00e1ndez Chento","@id":"https:\/\/vincentians.com\/es\/#\/schema\/person\/9623ef4d9aa3b2dfb8c061f1499288f2"},"headline":"El disc\u00edpulo que escucha","datePublished":"2017-07-20T06:18:20+00:00","mainEntityOfPage":{"@id":"https:\/\/vincentians.com\/es\/el-discipulo-que-escucha\/"},"wordCount":4318,"commentCount":1,"publisher":{"@id":"https:\/\/vincentians.com\/es\/#organization"},"image":{"@id":"https:\/\/vincentians.com\/es\/el-discipulo-que-escucha\/#primaryimage"},"thumbnailUrl":"https:\/\/i0.wp.com\/vincentians.com\/es\/wp-content\/uploads\/sites\/11\/2016\/09\/jesus-discipulos.jpg?fit=1200%2C630&ssl=1","keywords":["Abelly","Lambert","Robineau"],"articleSection":["Espiritualidad vicenciana"],"inLanguage":"es","potentialAction":[{"@type":"CommentAction","name":"Comment","target":["https:\/\/vincentians.com\/es\/el-discipulo-que-escucha\/#respond"]}]},{"@type":"WebPage","@id":"https:\/\/vincentians.com\/es\/el-discipulo-que-escucha\/","url":"https:\/\/vincentians.com\/es\/el-discipulo-que-escucha\/","name":"El disc\u00edpulo que escucha - Somos Vicencianos","isPartOf":{"@id":"https:\/\/vincentians.com\/es\/#website"},"primaryImageOfPage":{"@id":"https:\/\/vincentians.com\/es\/el-discipulo-que-escucha\/#primaryimage"},"image":{"@id":"https:\/\/vincentians.com\/es\/el-discipulo-que-escucha\/#primaryimage"},"thumbnailUrl":"https:\/\/i0.wp.com\/vincentians.com\/es\/wp-content\/uploads\/sites\/11\/2016\/09\/jesus-discipulos.jpg?fit=1200%2C630&ssl=1","datePublished":"2017-07-20T06:18:20+00:00","breadcrumb":{"@id":"https:\/\/vincentians.com\/es\/el-discipulo-que-escucha\/#breadcrumb"},"inLanguage":"es","potentialAction":[{"@type":"ReadAction","target":["https:\/\/vincentians.com\/es\/el-discipulo-que-escucha\/"]}]},{"@type":"ImageObject","inLanguage":"es","@id":"https:\/\/vincentians.com\/es\/el-discipulo-que-escucha\/#primaryimage","url":"https:\/\/i0.wp.com\/vincentians.com\/es\/wp-content\/uploads\/sites\/11\/2016\/09\/jesus-discipulos.jpg?fit=1200%2C630&ssl=1","contentUrl":"https:\/\/i0.wp.com\/vincentians.com\/es\/wp-content\/uploads\/sites\/11\/2016\/09\/jesus-discipulos.jpg?fit=1200%2C630&ssl=1","width":1200,"height":630},{"@type":"BreadcrumbList","@id":"https:\/\/vincentians.com\/es\/el-discipulo-que-escucha\/#breadcrumb","itemListElement":[{"@type":"ListItem","position":1,"name":"Portada","item":"https:\/\/vincentians.com\/es\/"},{"@type":"ListItem","position":2,"name":"El disc\u00edpulo que escucha"}]},{"@type":"WebSite","@id":"https:\/\/vincentians.com\/es\/#website","url":"https:\/\/vincentians.com\/es\/","name":"Somos Vicencianos","description":"Know more to serve more","publisher":{"@id":"https:\/\/vincentians.com\/es\/#organization"},"potentialAction":[{"@type":"SearchAction","target":{"@type":"EntryPoint","urlTemplate":"https:\/\/vincentians.com\/es\/?s={search_term_string}"},"query-input":{"@type":"PropertyValueSpecification","valueRequired":true,"valueName":"search_term_string"}}],"inLanguage":"es"},{"@type":"Organization","@id":"https:\/\/vincentians.com\/es\/#organization","name":"The Vincentian Network","url":"https:\/\/vincentians.com\/es\/","logo":{"@type":"ImageObject","inLanguage":"es","@id":"https:\/\/vincentians.com\/es\/#\/schema\/logo\/image\/","url":"https:\/\/i1.wp.com\/vincentians.com\/es\/wp-content\/uploads\/sites\/11\/2016\/06\/Vincentian-Network-logo-big.png?fit=778%2C778","contentUrl":"https:\/\/i1.wp.com\/vincentians.com\/es\/wp-content\/uploads\/sites\/11\/2016\/06\/Vincentian-Network-logo-big.png?fit=778%2C778","width":778,"height":778,"caption":"The Vincentian Network"},"image":{"@id":"https:\/\/vincentians.com\/es\/#\/schema\/logo\/image\/"},"sameAs":["https:\/\/www.facebook.com\/WeAreVincentians\/","https:\/\/x.com\/WeVincentians"]},{"@type":"Person","@id":"https:\/\/vincentians.com\/es\/#\/schema\/person\/9623ef4d9aa3b2dfb8c061f1499288f2","name":"Francisco Javier Fern\u00e1ndez Chento","image":{"@type":"ImageObject","inLanguage":"es","@id":"https:\/\/vincentians.com\/es\/#\/schema\/person\/image\/","url":"https:\/\/secure.gravatar.com\/avatar\/497d5cde87b4c3d097d0315953521681ba2cd523ee66e5077c3711f7021e65de?s=96&d=mm&r=g","contentUrl":"https:\/\/secure.gravatar.com\/avatar\/497d5cde87b4c3d097d0315953521681ba2cd523ee66e5077c3711f7021e65de?s=96&d=mm&r=g","caption":"Francisco Javier Fern\u00e1ndez Chento"},"description":"Director General y cofundador de La Red de Formaci\u00f3n Vicenciana. Javier es laico vicenciano, afiliado a la Congregaci\u00f3n de la Misi\u00f3n y miembro del Equipo de Misiones Populares de la provincia can\u00f3nica de Zaragoza (Espa\u00f1a) de la Congregaci\u00f3n de la Misi\u00f3n. Graduado en la Universidad Oberta de Catalunya con cuatro grados (Asistente de direcci\u00f3n, Gesti\u00f3n Administrativa, Recursos Humanos y Contabilidad Avanzada). Bil\u00edng\u00fce Espa\u00f1ol\/Ingl\u00e9s. gestiona y mantiene varias p\u00e1ginas web cristianas y vicencianas, incluida including La Red de Formaci\u00f3n Vicenciana, de la que es cofundador. Actualmente es responsable del \u00e1rea de Espa\u00f1ol de .famvin, la Red de Noticias de la Familia Vicenciana. Tambi\u00e9n es m\u00fasico cat\u00f3lico y ha editado varios discos. Es Director General y cofundador de Trovador, una reconocida compa\u00f1\u00eda discogr\u00e1fica critiana de Espa\u00f1a. Trabaja en las Tecnolog\u00edas de la Informaci\u00f3n, ofreciendo servicios de alojamiento, dise\u00f1o y mantenimiento Web, as\u00ed como asesoramiento, formaci\u00f3n y soluciones inform\u00e1ticas, gesti\u00f3n documental y digitalizaci\u00f3n de textos, edici\u00f3n y maquetaci\u00f3n de libros, revistas, flyers, etc.","sameAs":["http:\/\/chento.org","https:\/\/www.facebook.com\/JavierChento","https:\/\/x.com\/https:\/\/twitter.com\/javierchento"],"url":"https:\/\/vincentians.com\/es\/author\/chento\/"}]}},"jetpack_publicize_connections":[],"jetpack_featured_media_url":"https:\/\/i0.wp.com\/vincentians.com\/es\/wp-content\/uploads\/sites\/11\/2016\/09\/jesus-discipulos.jpg?fit=1200%2C630&ssl=1","jetpack_sharing_enabled":true,"jetpack_shortlink":"https:\/\/wp.me\/p7ETMF-iSY","jetpack-related-posts":[{"id":121247,"url":"https:\/\/vincentians.com\/es\/escuchar-la-palabra-de-dios\/","url_meta":{"origin":72600,"position":0},"title":"Escuchar la Palabra de Dios","author":"Francisco Javier Fern\u00e1ndez Chento","date":"04\/05\/2013","format":false,"excerpt":"Cada ma\u00f1ana me despierta para que oiga, para que escuche como disc\u00edpulo. El Se\u00f1or Yahv\u00e9 me ha abierto el o\u00eddo. Is 50,4-5 Ante todo cada uno de nosotros se esforzar\u00e1 por convencerse de esta verdad: que la ense\u00f1anza de Cristo no puede enga\u00f1ar nunca, mientras que la del mundo es\u2026","rel":"","context":"En \u00abEspiritualidad vicenciana\u00bb","block_context":{"text":"Espiritualidad vicenciana","link":"https:\/\/vincentians.com\/es\/category\/espiritualidad\/espiritualidad-vicenciana\/"},"img":{"alt_text":"leer_la_palabra","src":"https:\/\/i0.wp.com\/vicencianos.org\/wp-content\/2013\/04\/leer_la_palabra-300x191.jpg?resize=350%2C200","width":350,"height":200},"classes":[]},{"id":114693,"url":"https:\/\/vincentians.com\/es\/novena-a-la-virgen-milagrosa-2012-dia-1o\/","url_meta":{"origin":72600,"position":1},"title":"Novena a la Virgen Milagrosa 2012: D\u00eda 1\u00ba","author":"Francisco Javier Fern\u00e1ndez Chento","date":"19\/11\/2012","format":false,"excerpt":"Jesucristo es la puerta de Dios MONICI\u00d3N DE ENTRADA Bienvenidos a este santuario de la Virgen Milagrosa. Dicen los orientales que oyen y ven la Palabra de Dios. Tambi\u00e9n nosotros, desde el comienzo de la Novena en honor de la Virgen de la Medalla Milagrosa, vamos a escuchar y a\u2026","rel":"","context":"En \u00abVirgen Mar\u00eda\u00bb","block_context":{"text":"Virgen Mar\u00eda","link":"https:\/\/vincentians.com\/es\/category\/espiritualidad\/virgen-maria\/"},"img":{"alt_text":"","src":"https:\/\/i0.wp.com\/vicencianos.org\/wp-content\/2012\/11\/novena_milagrosa_2012_portada-211x300.jpg?resize=350%2C200","width":350,"height":200},"classes":[]},{"id":198283,"url":"https:\/\/vincentians.com\/es\/14o-domingo-de-t-o-reflexion-de-mario-yepez-c-m\/","url_meta":{"origin":72600,"position":2},"title":"14\u00ba Domingo de T.O. (reflexi\u00f3n de Mario Y\u00e9pez, C.M.)","author":"Francisco Javier Fern\u00e1ndez Chento","date":"03\/07\/2015","format":false,"excerpt":"La paradoja del poder en la debilidad Ezequiel, profeta de Dios, perteneciente a una familia sacerdotal, vive en carne propia el exilio de su pueblo y, en este contexto duro y dif\u00edcil, recibe la Palabra de Dios para que lo anuncie entre los desterrados a orillas del r\u00edo Quebar. La\u2026","rel":"","context":"En \u00abHomil\u00edas y reflexiones, A\u00f1o B\u00bb","block_context":{"text":"Homil\u00edas y reflexiones, A\u00f1o B","link":"https:\/\/vincentians.com\/es\/category\/homilias-y-reflexiones-a-la-palabra-de-dios\/homilias-y-reflexiones-ano-b\/"},"img":{"alt_text":"","src":"https:\/\/i0.wp.com\/vincentians.com\/es\/wp-content\/uploads\/sites\/11\/2016\/07\/reflexiones-palabra-de-dios.jpg?fit=1200%2C630&ssl=1&resize=350%2C200","width":350,"height":200,"srcset":"https:\/\/i0.wp.com\/vincentians.com\/es\/wp-content\/uploads\/sites\/11\/2016\/07\/reflexiones-palabra-de-dios.jpg?fit=1200%2C630&ssl=1&resize=350%2C200 1x, https:\/\/i0.wp.com\/vincentians.com\/es\/wp-content\/uploads\/sites\/11\/2016\/07\/reflexiones-palabra-de-dios.jpg?fit=1200%2C630&ssl=1&resize=525%2C300 1.5x, https:\/\/i0.wp.com\/vincentians.com\/es\/wp-content\/uploads\/sites\/11\/2016\/07\/reflexiones-palabra-de-dios.jpg?fit=1200%2C630&ssl=1&resize=700%2C400 2x, https:\/\/i0.wp.com\/vincentians.com\/es\/wp-content\/uploads\/sites\/11\/2016\/07\/reflexiones-palabra-de-dios.jpg?fit=1200%2C630&ssl=1&resize=1050%2C600 3x"},"classes":[]},{"id":125229,"url":"https:\/\/vincentians.com\/es\/novena-a-la-virgen-milagrosa-2013-dia-cuarto\/","url_meta":{"origin":72600,"position":3},"title":"Novena a la Virgen Milagrosa 2013: D\u00eda cuarto","author":"Francisco Javier Fern\u00e1ndez Chento","date":"22\/11\/2013","format":false,"excerpt":"Ay\u00fadanos a DEJARNOS TOCAR por el amor de Jes\u00fas, para que podamos tocarlo en la fe. (Las visiones y apariciones a Santa Catalina) MONICI\u00d3N DE ENTRADA En este cuarto d\u00eda de la Novena, contemplaremos, siguiendo la carta del Papa Francisco, c\u00f3mo el amor de Dios toca nuestras vidas. La fe,\u2026","rel":"","context":"En \u00abVirgen Mar\u00eda\u00bb","block_context":{"text":"Virgen Mar\u00eda","link":"https:\/\/vincentians.com\/es\/category\/espiritualidad\/virgen-maria\/"},"img":{"alt_text":"Milagrosa_Pamplona_2013","src":"https:\/\/i0.wp.com\/vicencianos.org\/wp-content\/2012\/11\/Milagrosa_Pamplona_2013-201x300.jpg?resize=350%2C200","width":350,"height":200},"classes":[]},{"id":119801,"url":"https:\/\/vincentians.com\/es\/la-virgen-maria-y-la-formacion\/","url_meta":{"origin":72600,"position":4},"title":"La Virgen Mar\u00eda y la Formaci\u00f3n","author":"Francisco Javier Fern\u00e1ndez Chento","date":"16\/04\/2013","format":false,"excerpt":"Introducci\u00f3n: En marzo volv\u00ed a EE.UU para un acontecimiento especial. Una joven que hab\u00eda colaborado conmigo durante dos a\u00f1os en la Universidad de St. John, hab\u00eda tenido su primer hijo y me hab\u00edan pedido ella y su marido si pod\u00eda bautizarle. Fue un gran honor para m\u00ed. A lo largo\u2026","rel":"","context":"En \u00abFormaci\u00f3n Cristiana\u00bb","block_context":{"text":"Formaci\u00f3n Cristiana","link":"https:\/\/vincentians.com\/es\/category\/formacion-cristiana\/"},"img":{"alt_text":"virgin-mary-2","src":"https:\/\/i0.wp.com\/vicencianos.org\/wp-content\/2013\/04\/virgin-mary-2-230x300.jpg?resize=350%2C200","width":350,"height":200},"classes":[]},{"id":125224,"url":"https:\/\/vincentians.com\/es\/novena-a-la-virgen-milagrosa-2013-dia-tercero\/","url_meta":{"origin":72600,"position":5},"title":"Novena a la Virgen Milagrosa 2013: D\u00eda tercero","author":"Francisco Javier Fern\u00e1ndez Chento","date":"21\/11\/2013","format":false,"excerpt":"Aviva en nosotros el deseo de SEGUIR LOS PASOS DE JES\u00daS, saliendo de nuestra tierra y confiando en su promesa. (Dificultades para seguir la vocaci\u00f3n) MONICI\u00d3N DE ENTRADA Bienvenidos al pie de este altar. Si ayer la oraci\u00f3n del Papa nos llevaba a escuchar la Palabra y la Llamada, hoy\u2026","rel":"","context":"En \u00abVirgen Mar\u00eda\u00bb","block_context":{"text":"Virgen Mar\u00eda","link":"https:\/\/vincentians.com\/es\/category\/espiritualidad\/virgen-maria\/"},"img":{"alt_text":"Milagrosa_Pamplona_2013","src":"https:\/\/i0.wp.com\/vicencianos.org\/wp-content\/2012\/11\/Milagrosa_Pamplona_2013-201x300.jpg?resize=350%2C200","width":350,"height":200},"classes":[]}],"_links":{"self":[{"href":"https:\/\/vincentians.com\/es\/wp-json\/wp\/v2\/posts\/72600","targetHints":{"allow":["GET"]}}],"collection":[{"href":"https:\/\/vincentians.com\/es\/wp-json\/wp\/v2\/posts"}],"about":[{"href":"https:\/\/vincentians.com\/es\/wp-json\/wp\/v2\/types\/post"}],"author":[{"embeddable":true,"href":"https:\/\/vincentians.com\/es\/wp-json\/wp\/v2\/users\/4"}],"replies":[{"embeddable":true,"href":"https:\/\/vincentians.com\/es\/wp-json\/wp\/v2\/comments?post=72600"}],"version-history":[{"count":2,"href":"https:\/\/vincentians.com\/es\/wp-json\/wp\/v2\/posts\/72600\/revisions"}],"predecessor-version":[{"id":400737,"href":"https:\/\/vincentians.com\/es\/wp-json\/wp\/v2\/posts\/72600\/revisions\/400737"}],"wp:featuredmedia":[{"embeddable":true,"href":"https:\/\/vincentians.com\/es\/wp-json\/wp\/v2\/media\/399820"}],"wp:attachment":[{"href":"https:\/\/vincentians.com\/es\/wp-json\/wp\/v2\/media?parent=72600"}],"wp:term":[{"taxonomy":"category","embeddable":true,"href":"https:\/\/vincentians.com\/es\/wp-json\/wp\/v2\/categories?post=72600"},{"taxonomy":"post_tag","embeddable":true,"href":"https:\/\/vincentians.com\/es\/wp-json\/wp\/v2\/tags?post=72600"}],"curies":[{"name":"wp","href":"https:\/\/api.w.org\/{rel}","templated":true}]}}