{"id":72576,"date":"2017-07-16T08:55:31","date_gmt":"2017-07-16T06:55:31","guid":{"rendered":"http:\/\/somos.vicencianos.org\/?p=72576"},"modified":"2017-04-16T12:11:18","modified_gmt":"2017-04-16T10:11:18","slug":"las-martires-de-leganes","status":"publish","type":"post","link":"https:\/\/vincentians.com\/es\/las-martires-de-leganes\/","title":{"rendered":"Las m\u00e1rtires de Legan\u00e9s"},"content":{"rendered":"<p><img data-recalc-dims=\"1\" loading=\"lazy\" decoding=\"async\" data-attachment-id=\"399749\" data-permalink=\"https:\/\/vincentians.com\/es\/de-las-caridades-a-las-hijas-de-la-caridad\/hijas-caridad-2\/\" data-orig-file=\"https:\/\/i0.wp.com\/vincentians.com\/es\/wp-content\/uploads\/sites\/11\/2016\/08\/hijas-caridad.jpg?fit=1200%2C630&amp;ssl=1\" data-orig-size=\"1200,630\" data-comments-opened=\"1\" data-image-meta=\"{&quot;aperture&quot;:&quot;0&quot;,&quot;credit&quot;:&quot;&quot;,&quot;camera&quot;:&quot;&quot;,&quot;caption&quot;:&quot;&quot;,&quot;created_timestamp&quot;:&quot;0&quot;,&quot;copyright&quot;:&quot;&quot;,&quot;focal_length&quot;:&quot;0&quot;,&quot;iso&quot;:&quot;0&quot;,&quot;shutter_speed&quot;:&quot;0&quot;,&quot;title&quot;:&quot;&quot;,&quot;orientation&quot;:&quot;1&quot;}\" data-image-title=\"hijas caridad\" data-image-description=\"\" data-image-caption=\"\" data-medium-file=\"https:\/\/i0.wp.com\/vincentians.com\/es\/wp-content\/uploads\/sites\/11\/2016\/08\/hijas-caridad.jpg?fit=300%2C158&amp;ssl=1\" data-large-file=\"https:\/\/i0.wp.com\/vincentians.com\/es\/wp-content\/uploads\/sites\/11\/2016\/08\/hijas-caridad.jpg?fit=846%2C444&amp;ssl=1\" class=\"alignnone size-medium wp-image-399749 alignleft\" src=\"https:\/\/i0.wp.com\/vincentians.com\/es\/wp-content\/uploads\/sites\/11\/2016\/08\/hijas-caridad.jpg?resize=300%2C158\" alt=\"\" width=\"300\" height=\"158\" srcset=\"https:\/\/i0.wp.com\/vincentians.com\/es\/wp-content\/uploads\/sites\/11\/2016\/08\/hijas-caridad.jpg?resize=300%2C158&amp;ssl=1 300w, https:\/\/i0.wp.com\/vincentians.com\/es\/wp-content\/uploads\/sites\/11\/2016\/08\/hijas-caridad.jpg?resize=768%2C403&amp;ssl=1 768w, https:\/\/i0.wp.com\/vincentians.com\/es\/wp-content\/uploads\/sites\/11\/2016\/08\/hijas-caridad.jpg?resize=1024%2C538&amp;ssl=1 1024w, https:\/\/i0.wp.com\/vincentians.com\/es\/wp-content\/uploads\/sites\/11\/2016\/08\/hijas-caridad.jpg?resize=100%2C53&amp;ssl=1 100w, https:\/\/i0.wp.com\/vincentians.com\/es\/wp-content\/uploads\/sites\/11\/2016\/08\/hijas-caridad.jpg?resize=846%2C444&amp;ssl=1 846w, https:\/\/i0.wp.com\/vincentians.com\/es\/wp-content\/uploads\/sites\/11\/2016\/08\/hijas-caridad.jpg?resize=1004%2C527&amp;ssl=1 1004w, https:\/\/i0.wp.com\/vincentians.com\/es\/wp-content\/uploads\/sites\/11\/2016\/08\/hijas-caridad.jpg?w=1200&amp;ssl=1 1200w\" sizes=\"auto, (max-width: 300px) 100vw, 300px\" \/>Con fecha 15 de mayo de 1931 escrib\u00eda Sor Mar\u00eda D\u00edaz-Par\u00addo a sus padres:<\/p>\n<p>\u00ab&#8230; Por aqu\u00ed parece est\u00e1 todo tranquilo; no sabemos hasta cu\u00e1ndo durar\u00e1, pues han querida tirar el monumento del Sa\u00adgrado Coraz\u00f3n, pero no pudieron, pues dice se aparec\u00eda un alma, pero ha resultado que es un caballero que est\u00e1 orando desde las siete de la tarde a las seis de la ma\u00f1ana, con los bra\u00adzos en cruz, y este se\u00f1or es convertido al Cristianismo, pues antes era jud\u00edo. A todas las Hermanas les han ofrecido las casas sus parientes, por si pasa algo, pero creemos no llegar\u00e1 a este caso por estar Dios encima de todos los hombres&#8230;\u00bb<\/p>\n<p>Y, en postdata de la misma carta:<\/p>\n<p>\u00abTen\u00eda escrita la carta antes de pasar estos sucesos en Ma\u00addrid y en sus alrededores pues ha llegado a Carabanchel, cualquier d\u00eda llegan aqu\u00ed, pues ya lo han anunciado&#8230; y nos han dicho que nos preparemos, pues es f\u00e1cil que empiecen con las Hijas de la Caridad&#8230;\u00bb<\/p>\n<p>A los dos d\u00edas escrib\u00eda:<\/p>\n<p>\u00abPor ahora, estamos tranquilas, por estar en estado de gue\u00adrra y est\u00e1n los militares a nuestra disposici\u00f3n; pero no se puede uno fiar de esa gente sin fe, pues lo har\u00e1n cuando menos lo esperemos, y, por eso, nos preparamos por si llegara ese caso, aunque suponemos que nosotras seremos las \u00faltimas por las obras de caridad a que se dedica nuestro Instituto, pero sin hacernos ninguna ilusi\u00f3n, pues no respetan a nada. Siento se hayan alarmado&#8230;\u00bb<\/p>\n<p>Seguimos copiando, porque estos interesantes p\u00e1rrafos de su abundante correspondencia, a m\u00e1s de retratar la fisono\u00adm\u00eda moral de la m\u00e1rtir, describen a maravilla la situaci\u00f3n de aquel entonces.<\/p>\n<p>En carta de 8 de junio:<\/p>\n<p>\u00abHe agradecido el ofrecimiento que me hacen para ir; pero no hace falta por ahora; pero ya har\u00e1n el favor de man\u00addar todo lo relativo a poderme vestir, y el vestido .que sea de chaqueta, pues para las elecciones se espera alguna gorda, y hay que prevenirse; m\u00e1ndenlo facturado aqu\u00ed, a Legan\u00e9s, cuan\u00adto antes puedan.\u00bb<\/p>\n<p>23 de noviembre de 1931:<\/p>\n<p>\u00ab&#8230; por aqu\u00ed seguimos como siempre; pero deseando llegue la terminaci\u00f3n de estos acontecimientos, pues ya sabr\u00e1n qui\u00adsieron quitar las Hermanas del Hospital General de Madrid, y, como, necesitan tres turnos de enfermeras, siendo el n\u00famero 300, pues no trabajar\u00edan m\u00e1s que ocho horas, y las Hermanas, 100, por estar d\u00eda y noche, han visto esa dificultad y lo dejan por ahora; a las de las Escuelas, dicen estaremos hasta junio. Dios se encargar\u00e1 de arreglarlo.\u00bb<\/p>\n<p>Con el a\u00f1o viejo no desapareci\u00f3 la pesadilla, ni vino<sup>,<\/sup> la paz con el nuevo. El 12 de febrero de 1932 escrib\u00eda:<\/p>\n<p>\u00abPor aqu\u00ed, pueden figurarse c\u00f3mo estaremos: esperando que cualquier d\u00eda les parezca oportuno nuestra ida, pues parece que la ense\u00f1anza es la m\u00e1s combatida, y que terminar\u00e1n con ella, hasta que Dios les deje.\u00bb<\/p>\n<p>Y en aquellos d\u00edas heroicos, en, que al \u00ab\u00a1Fuera los crucifi\u00adjos!\u00bb, contestaron los cat\u00f3licos fervorosos luci\u00e9ndolo en el pe\u00adcho, escribe:<\/p>\n<p>\u00abPiden las ni\u00f1as y llevan crucifijos; desear\u00eda mandara&#8230;, pues hay mucho entusiasmo&#8230; tama\u00f1o de los que llevan las se\u00ad\u00f1oras&#8230;\u00bb<\/p>\n<p>14 de mayo de 1932:<\/p>\n<p>\u00abDice el padre tiene usted ganas de verme; participo de los mismos sentimientos, pero creo ser\u00eda una temeridad realizar estos deseos en estos tiempos tan calamitosos; ya vendr\u00e1n d\u00edas mejores y podremos abrazarnos sin ning\u00fan temor. Pidan mucho por los religiosos, pues parece se preocupan otra vez de nos\u00adotros. Aqu\u00ed, en el pueblo, nos aprecian, siendo muy pac\u00edficos, pues no ha sucedido nada que lamentar y se ha aumentado el n\u00famero de matr\u00edcula; de 80 ni\u00f1as que hab\u00eda antes, llegan a 112; as\u00ed que estamos tranquilas, hasta que no haya \u00f3rdenes superiores.\u00bb<\/p>\n<p>En estas alternativas de esperanza y temor transcurrieron los a\u00f1os de Rep\u00fablica. Su \u00faltima carta, fechada el 20 de ju\u00adnio de 1936, refleja la angustia ambiente:<\/p>\n<p>\u00abLes doy las gracias por la ropa y dem\u00e1s; es muy bonito de gusto y est\u00e1 bien de medida. Dios <em>se <\/em>lo pague. Nosotros, con la incertidumbre correspondiente por lo que pasa a las dem\u00e1s de nuestra Compa\u00f1\u00eda, pues ya lo sabr\u00e1n por los peri\u00f3dicos; aunque aqu\u00ed, gracias a Dios, estamos tranquilas, y eso que es\u00adtamos un paso de Madrid y casi siempre est\u00e1n de jaleo.\u00bb<\/p>\n<p>Los pac\u00edficos habitantes del pueblo de Legan\u00e9s continua\u00adron prestando a las Hermanas tanto del Colegio como del Ma\u00adnicomio, su estima y cari\u00f1o; pero al fin son\u00f3 tambi\u00e9n para ellas la hora triste de la persecuci\u00f3n. El diputado de Benefi\u00adcencia de Madrid, Ari\u00f1o, personalmente, las expuls\u00f3 de sus respectivos establecimientos, el d\u00eda 26 de julio. Los milicianos las hicieron subir a todas en un cami\u00f3n, y, no tan malos como otros de sus camaradas, las condujeron al Gobierno Civil de la capital. El Gobernador dispuso que las dejaran en libertad, mientras ordenaba que las Madrazo, madre y dos hijas, de la intimidad de las Hermanas, que con \u00e9stas hab\u00edan sido echa\u00addas de Legan\u00e9s, fueran recluidas en la Direcci\u00f3n General de Seguridad. Catorce de dichas Hermanas se hospedaron aque\u00adlla noche en el n\u00famero 15 de la calle del Arenal, dude do\u00f1a Petra Salda\u00f1a, hermana de Sor Estefan\u00eda, las recibi\u00f3 con los brazos abiertos.<\/p>\n<p>Como permanecer tantas mujeres juntas era tentar a Dios, fueron busc\u00e1ndose acomodo en otras casas amigas, y queda\u00adron en Arenal: Sor Estefan\u00eda, Sor Enriqueta y Sor Dolores, en el cuarto de D.<sup>a<\/sup> Petra, y en el piso de arriba, Sor Adoraci\u00f3n ySor Mar\u00eda. En casa de D.<sup>a<\/sup> Petra viv\u00eda, desde hac\u00eda unos d\u00edas, Sor Asunci\u00f3n Mayoral, procedente del Asilo de Ciegos del Pa\u00adc\u00edfico y prima suya carnal.<\/p>\n<p>Pasados los primeros momentos de explicable nervosismo, las Hermanas se fueran acomodando al medio ambiente, cada cual seg\u00fan su car\u00e1cter. Como D.<sup>a<\/sup> Petra ten\u00eda pensi\u00f3n, se disi\u00admulaba menos mal la presencia de tantas mujeres. Y, para mayor despiste de los milicianos rojos y no estrujar tanto la menguada bolsa, Sor Dolores Barroso, carg\u00f3 sobre s\u00ed el peso de la cocina de dicha pensi\u00f3n. Sor Mar\u00eda daba lecciones a la hijita de la se\u00f1ora que les hab\u00eda admitido en su casa, que asi\u00admismo era una pensi\u00f3n. Y encantada, porque m\u00e1s que de tra\u00adbajo le serv\u00eda de distracci\u00f3n. Sor Adoraci\u00f3n Cort\u00e9s, con su des\u00adparpajo habitual y donaire caracter\u00edstico, f\u00e1cilmente logr\u00f3 le dieran una c\u00e9dula nueva, en la que constaba su t\u00edtulo y profe\u00adsi\u00f3n de maestra, dando as\u00ed de mano a la en que figuraba como religiosa. Con ello, m\u00e1s un traje \u00faltima moda y unos hermo\u00adsos pendientes gris perla, que la regalaron, estaba tan conten\u00adta, porque despistaba admirablemente.<\/p>\n<p>Sor Adoraci\u00f3n sal\u00eda a la calle con frecuencia; las dem\u00e1s, no; pero admit\u00edan visitas. Y, en casa, se mov\u00edan con liber\u00adtad; como abajo hab\u00eda ancianas, eran Sor Adoraci\u00f3n y. Sor Mar\u00eda las que bajaban a charlar un rato todas juntas, des\u00adpu\u00e9s de las comidas.<\/p>\n<p>Y juntas y en el piso de abajo estaban el d\u00eda 12 de agosto, a las ocho de la noche, cuando un grupo de milicianos irrum\u00adpi\u00f3 para hacer un registro&#8230;<\/p>\n<p>\u00a1D\u00edas aciagos! \u00a1Apogeo de los paseos tristemente famo\u00adsos! \u00a1 El crimen a la orden del minuto! \u00a1Madrid en un ay! \u00a1Las c\u00e1rceles llenas! \u00a1Los caminos, las carreteras, la Pradera de San Isidro, la Casa de Campo, empapados en sangre de m\u00e1rtires !&#8230;<\/p>\n<p>A pesar de todas las precauciones y defensas, los facinero\u00adsos sacaron en limpio que aquellas mujeres eran monjas, y&#8230; se las quisieron llevar. Pero iban con los milicianos polic\u00edas viejos que, afirm\u00e1ndose en reciente disposici\u00f3n del semi Go\u00adbierno rojo, lo impidieron, por entonces. Refunfu\u00f1ando y de\u00adjando en la casa la temible amenaza de miradas torvas, se fueron&#8230; para volver.<\/p>\n<p>A las once de la noche estaban de vuelta las milicianos sin guardias. Iban a cosa resuelta. =\u00a1 Hala, abuela; que tienen que hacer una declaraci\u00f3n!, dec\u00eda un miliciano a la pobre Sor En\u00adriqueta, ya acostada.<\/p>\n<p>\u2014Si yo apenas puedo andar.<\/p>\n<p>\u2014Las llevamos en coche.<\/p>\n<p>\u2014Entonces&#8230; Mire; yo estoy muy asm\u00e1tica. Me cuesta ha\u00adblar. Que haga Estefan\u00eda la declaraci\u00f3n por m\u00ed.<\/p>\n<p>\u2014\u00a1 Oye t\u00fa!, grit\u00f3le a \u00e9ste otro miliciano, con adem\u00e1n de que se fuera hacia la puerta pronto.<\/p>\n<p>Sor Enriqueta se qued\u00f3 en la cama, mientras las dem\u00e1s, las de abajo como las de arriba, montaban en dos coches que hab\u00eda a la puerta de la casa, acompa\u00f1adas por D.<sup>a<\/sup> Petra y su yerno, pues al fin accedieron a ello los milicianos ante los rue\u00adgos insistentes de aqu\u00e9lla.<\/p>\n<p>Y con los milicianos en los estribos, los coches emprendie\u00adron, una marcha alocada&#8230; \u00a1Ay, se vi\u00f3 en seguida que lo de la declaraci\u00f3n era un timo! En lugar de tirar hacia el centro de la poblaci\u00f3n, los ojos observadores del yerno de D.a Petra vieron el teatro de la Opera, el Palacio Real, la estaci\u00f3n del Norte&#8230; Luego, campo descubierto, la Ciudad Universitaria, la Puerta de Hierro&#8230;<\/p>\n<p>A poco de haber pasado esta \u00faltima par\u00e1ronse los coches. En la cuneta de la carretera esperaba un pelot\u00f3n de hombres. Los milicianos hicieron bajar a las Hermanas. Cuchichearon un poco y, a continuaci\u00f3n, D.&#8217; Petra y su yerno ten\u00edan que volver a montar en un mismo coche, que no tard\u00f3 en repasar la Puerta de Hierro, mientras D. Petra clamaba con suprema angustia:<\/p>\n<p>\u2014\u00a1 Ay, que me matan a mi hermana, y a mi prima, y&#8230;! As\u00ed me pag\u00e1is que est\u00e9 mi hijo en el frente.<\/p>\n<p>\u2014Si s\u00f3lo las est\u00e1n tomando declaraci\u00f3n, respond\u00eda el chofer. \u2014S\u00ed, declaraci\u00f3n&#8230; \u00a1Malvados! \u00a1Criminales!<\/p>\n<p>El yerno de D.<sup>a<\/sup> Petra, que, como \u00e9l afirmaba m\u00e1s tarde, extra\u00f1ado de s\u00ed mismo, no perdi\u00f3 por entonces ni un, momen\u00adto la serenidad, estando parado el coche en que iban y a poca distancia de la Puerta de Hierro, sobre los sollozos y clamores de la pobre D.<sup>a<\/sup> Petra, oy\u00f3&#8230; los tiros de fusil, procedentes del lugar donde hab\u00edan dejado a las Hermanas \u00a1prestando declara\u00adci\u00f3n!&#8230; Fue cuesti\u00f3n de un momento&#8230; No hubo tiras sueltos, de los caracter\u00edsticos de gracia. Por tanto, no debi\u00f3 de haber ensa\u00f1amiento; pero cabe la horrible suposici\u00f3n de que que\u00addaran con vida, al menos alguna&#8230;<\/p>\n<p>Porque, s\u00ed, las mataron entonces, pues en seguida lleg\u00f3 el otro coche, con las luces de dentro encendidas, lo cual le per\u00admiti\u00f3 ver que iba repleto de milicianos, quienes, al pasar jun\u00adto al coche parado, dieron orden al chofer del mismo de que llevara a su domicilio a sus ocupantes.<\/p>\n<p>Nada m\u00e1s se ha sabido de aquellas Hermanas. Ni siquie\u00adra liemos tenido el consuelo de hallar sus restos gloriosos. \u00bfD\u00f3nde reposar\u00e1n \u00e9stos? Tres suposiciones caben: que fueran, enterradas en el propio lugar de su muerte o que los trasla\u00addaran al cementerio de El Pardo o de Aravaca. De los asesi\u00adnados en, el t\u00e9rmino de El Pardo y enterrados en su cemen\u00adterio hemos visto muchas fotograf\u00edas, y ninguna reproduce la faz de nuestras m\u00e1rtires. Si sus cad\u00e1veres fueron conducidos a Aravaca, lo cual es bastante probable, como todos eran en\u00adterrados en fosa com\u00fan, despojados previamente de sus ves\u00adtidos, en irrespetuosa mezcolanza y en terreno propicio a la f\u00e1cil descomposici\u00f3n, nada tiene de extra\u00f1o que hubiera que sacar a espuertas los venerados despojos mortales de tantos h\u00e9roes del Cristianismo y del amor patrio, cuando, en 1940, se hizo su exhumaci\u00f3n, siendo imposible la identificaci\u00f3n si no mediaba alguna circunstancia propr\u00edsima y exclusiva. De unos cincuenta que se exhumaron de una fosa, s\u00f3lo dos pudieron ser identificados.<\/p>\n<p>Vayan, unos datos biogr\u00e1ficos de estas insignes m\u00e1rtires, las primeras, en cuanto al tiempo, de, nuestro martirologio espa\u00f1ol de Hijas de la Caridad: 13 de agosto.<\/p>\n<p>De Sor Dolores no hemos podido adquirir la fotograf\u00eda, por m\u00e1s que la hemos buscado.<\/p>\n<p>&nbsp;<\/p>\n<p><strong>Sor Adoraci\u00f3n Cort\u00e9s Bueno<\/strong><\/p>\n<p>Naci\u00f3 en Sos del Rey Cat\u00f3lico (Zaragoza) el 4 de enero de 1894. Sus padres, Jer\u00f3nimo y Eusebia. Entr\u00f3 en, la Congre\u00adgaci\u00f3n el 18 de marzo de 1914. Sus destinos fueron: Granada, Colegio de San Jos\u00e9; Aleixar (Tarragona), Hospital-Escuelas; Corella (Navarra), Hospital-Escuelas; Legan\u00e9s, Colegio; Vi\u00adtoria, Hospicio; Zamora, Hospital, y nuevamente el Colegio de Legan\u00e9s.<\/p>\n<p>Era de car\u00e1cter franco. Respiraba campechan\u00eda. De aspec\u00adto agradable. A pesar de las apariencias de buena salud, la aquejaban dolencias; todos los a\u00f1os iba a Burlada a tomar aguas. Ello no obstante, desempe\u00f1aba con universal aplauso los oficios; con su habitual simpat\u00eda se ganaba a las ni\u00f1as y a las mam\u00e1s de \u00e9stas. De su estancia en Vitoria, que tuvo que acortar por exigencias de su salud quebrantada, &#8216;proven\u00eda su amistad con la familia de Sor Mar\u00eda D\u00edaz-Pardo. En las car\u00adtas de \u00e9sta frecuentemente hallamos p\u00e1rrafos de impecable letra inglesa y expresivos de afecto, como el que a continuaci\u00f3n transcribimos: \u00abMuy queridos D. Luis y familia. Como ya saben el afecto que les profeso, me uno con el mayor cari\u00f1o a la felicitaci\u00f3n que les env\u00eda 1311 hiena hija Sor Mar\u00eda: muy satisfechos deben estar por la elecci\u00f3n tan santa que han tenido sus hijos, pues esto debe tranquilizarles: que han sabido criarlos y educarlos para Dios. Mi enhorabuena m\u00e1s efusiva; ahora pediremos a Dios por su Balita perseverancia. Les env\u00eda a todos un afectuoso saludo Sor Adoraci\u00f3n.\u00bb Lleva por fecha 17-IX-35.<\/p>\n<p>&nbsp;<\/p>\n<p><strong>Sor Mar\u00eda Sever\u00edna D\u00edaz-Pardo y Gauna<\/strong><\/p>\n<p>Naci\u00f3 en Vitoria de cristian\u00edsimos padres, llamados Luis D\u00edaz-Pardo Ugalde y Peregrina Gauna Barrio, el 23 de octubre de 1895. Fue bautizada el mismo d\u00eda de su nacimiento, en la iglesia parroquial de San Pedro, y confirmada el 20 de abril de 1897, en la misma. La Primera Comuni\u00f3n la hizo a los diez arios de su edad. Recibi\u00f3 esmerada instrucci\u00f3n en el Colegio del Ni\u00f1o <strong>J<\/strong>es\u00fas de Vitoria, dirigido por Hermanas Carmelitas de la Caridad, dejando en \u00e9l grato recuerdo por su aplicaci\u00f3n y excelente conducta. La piedad fue su nota destacada. Su abuelo paterno, D. Hip\u00f3lito, catedr\u00e1tico que fue de los Institutos de Logro\u00f1o y Vitoria, la llamaba \u00abla notable\u00bb, porque esta era la nota que sol\u00eda sacar en<br \/>\ncasi todas las asignaturas. Su madre la propon\u00eda a los dem\u00e1s hermanos como modelo de obediencia, porque todo lo hac\u00eda pronto y bien en el orden y arreglo de la casa. Su afici\u00f3n par\u00adticular era la m\u00fasica: tocaba el piano con regular maestr\u00eda, y constituy\u00f3 su especialidad en la ense\u00f1anza, posteriormente.<\/p>\n<p>Nada tiene de extra\u00f1o, dado su esp\u00edritu de piedad, que deseara ingresar en alg\u00fan instituto religioso. Tal vez influyera en ella, para inclinarla al de las Hijas de San Vicente de Pa\u00fal, prefiri\u00e9ndolo al de las Carmelitas de la Caridad, sus profeso\u00adras, el tener en aqu\u00e9l a su t\u00eda Sor Br\u00edgida.<\/p>\n<p>Entr\u00f3 en la Congregaci\u00f3n el 2 de agosto de 1917. Termina\u00addo el Seminario, fu\u00e9 enviada a la Inclusa de. Pamplona, y en 1923, a Valmaseda; pero aqu\u00ed enferm\u00f3, y el 8 de septiembre de 1924 escrib\u00eda desde el Hospital de Segovia: \u00abHe ido de\u00adjando pasar el tiempo para dar noticias m\u00e1s favorables; me encuentro bastante regular y animada, pues creo en mi pron\u00adto restablecimiento, dado el clima y alimentaci\u00f3n. Disfruto de agradable compa\u00f1\u00eda de Superiora y Hermanas, la primera es muy atenta&#8230; El d\u00eda de San Luis nos llev\u00f3 a que fu\u00e9semos a la Granja, que est\u00e1 cosa de una hora de autom\u00f3vil, pr\u00f3xi\u00admamente&#8230;\u00bb Y el 18 de noviembre del mismo a\u00f1o escrib\u00eda asimismo a sus padres: \u00abLes extra\u00f1ar\u00e1 mi silencio tan largo, y. con motivo; deseaba hacerlo a mi salida de Segovia, pero lo dej\u00e9 para cuando. supiera ad\u00f3nde ir\u00eda. Me llam\u00f3 la Madre a Madrid y, despu\u00e9s de unos d\u00edas, me ha mandado a Legan\u00e9s. Hoy he llegado y me manda la Sra. Superiora les escriba&#8230; Estoy bien, gracias a Dios y a los cuidados que se toman por m\u00ed los Superiores, m\u00e1s de lo que merezco.\u00bb<\/p>\n<p>En esta hermosa casita de Legan\u00e9s, si bien no. lleg\u00f3 ya su salud a ser completa, se repuso bastante.<\/p>\n<p>Recibi\u00f3 frecuentes invitaciones de su familia para que se diera una vueltecita por su tierra, para aspirar los aires na\u00adtales; pero \u00abnunca ha venido a casa\u00bb, dec\u00edan sus padres, no resentidos, sino edificados. Porque Sor Mar\u00eda profesaba ter\u00adn\u00edsimo cari\u00f1o a su familia, que bien se refleja en todas sus numerosas cartas; mas llena del esp\u00edritu de su Padre San Vi\u00adcente, sab\u00eda mortificar sus naturales inclinaciones con raro acierto a la par para -excusarse sin ofender sentimientos de tama\u00f1a delicadeza.<\/p>\n<p>&nbsp;<\/p>\n<p><strong>Sor Mar\u00eda Asunc\u00ed\u00f3n Mayoral Pe\u00f1a<\/strong><\/p>\n<p>Mucha gloria hab\u00eda dado a Dios sirvi\u00e9ndole ea los pobres durante sus cuarenta a\u00f1os de vocaci\u00f3n, en diversos lugares de Espa\u00f1a: Segovia, Benavente, Carri\u00f3n, Palencia, L\u00e9rida, Ma\u00addrid, Bilbao, Coru\u00f1a y Oviedo. En el Sanatorio del Monte Na\u00adranco estaba, de Hermana Sirviente, cuando los sucesos revolu\u2011<\/p>\n<p>332<\/p>\n<p>cionarios de octubre de 1934. Fueron un ensayo y para ella la preparaci\u00f3n al martirio. En 1935, y a petici\u00f3n propia, fu\u00e9 exonerada del car\u00adgo y enviada a su casa favorita, el Asilo de Ciegos de Madrid, donde hab\u00eda vi\u00advido como unos dos lustros: (\u00bf1911\u00ad1923?) Y en este postrer a\u00f1o de su vida es cuando mayores ejemplos de virtud absoluta sumisi\u00f3n, sin que se advirtiera practic\u00f3. Se nos habla de su esp\u00edritu de residuo alguno de \u00abla malignidad del cargo\u00bb. Era muy mortificada y amante del trabajo, como lo demostr\u00f3 suficien\u00adtemente yendo, hiciera fr\u00edo o calor, todos los d\u00edas a prestar su servicio en las cocinas parroquiales de Valieras.<\/p>\n<p>Echada la Comunidad del Asilo, Sor Mar\u00eda se refugi\u00f3 en casa de su prima D.\u00bb Petra, en Arenal, 15, y sufri\u00f3 martirio en compa\u00f1\u00eda de las cuatro Hermanas de Legan\u00e9s, seg\u00fan queda referido.<\/p>\n<p>Hab\u00eda ingresado en el Instituto el 17 de marzo de 1897. Era natural de Tardajos (Burgos), nacida el 19 de agosto de 1879, hija de Mariano y Br\u00edgida.<\/p>\n<p>&nbsp;<\/p>\n<p><strong>Sor Dolores Barroso V\u00edllas\u00e1\u00f1ez<\/strong><\/p>\n<p>Natural de Bonares (Huelva) e hija de Francisco y Fran\u00adcisca, naci\u00f3 el 9 de noviembre de 1896, y entr\u00f3 en el Institu\u00adto el 2 de diciembre de 1926, siendo destinada al Manicomio de Legan\u00e9s.<\/p>\n<p>&nbsp;<\/p>\n<p><strong>Sor Estefan\u00eda <\/strong><strong>Salda\u00f1a Ramos<\/strong><\/p>\n<p>Natural de Rab\u00e9 de las Calzadas (Burgos), naci\u00f3 el 31 de agosto de 1873, hija de Venancio y Mar\u00eda. Entr\u00f3 en la Congregaci\u00f3n de las Hijas de la Caridad el 9 de agosto de 1890. Toda su vida es\u00adtuvo en el Manicomio de Legan\u00e9s.<\/p>\n<p>&nbsp;<\/p>\n","protected":false},"excerpt":{"rendered":"<p>Con fecha 15 de mayo de 1931 escrib\u00eda Sor Mar\u00eda D\u00edaz-Par\u00addo a sus padres: \u00ab&#8230; Por aqu\u00ed parece est\u00e1 todo tranquilo; no sabemos hasta cu\u00e1ndo durar\u00e1, pues han querida tirar el monumento del Sa\u00adgrado Coraz\u00f3n, &#8230; <a href=\"https:\/\/vincentians.com\/es\/las-martires-de-leganes\/\" class=\"more-link\">Read More<\/a><\/p>\n","protected":false},"author":5,"featured_media":391164,"comment_status":"open","ping_status":"open","sticky":false,"template":"","format":"standard","meta":{"jetpack_post_was_ever_published":false,"_jetpack_newsletter_access":"","_jetpack_dont_email_post_to_subs":false,"_jetpack_newsletter_tier_id":0,"_jetpack_memberships_contains_paywalled_content":false,"_jetpack_memberships_contains_paid_content":false,"footnotes":"","jetpack_publicize_message":"","jetpack_publicize_feature_enabled":true,"jetpack_social_post_already_shared":true,"jetpack_social_options":{"image_generator_settings":{"template":"highway","default_image_id":0,"font":"","enabled":false},"version":2}},"categories":[14],"tags":[],"class_list":["post-72576","post","type-post","status-publish","format-standard","has-post-thumbnail","hentry","category-biografias-de-hijas-de-la-caridad"],"yoast_head":"<!-- This site is optimized with the Yoast SEO plugin v26.3 - https:\/\/yoast.com\/wordpress\/plugins\/seo\/ -->\n<title>Las m\u00e1rtires de Legan\u00e9s - Somos Vicencianos<\/title>\n<meta name=\"robots\" content=\"index, follow, max-snippet:-1, max-image-preview:large, max-video-preview:-1\" \/>\n<link rel=\"canonical\" href=\"https:\/\/vincentians.com\/es\/las-martires-de-leganes\/\" \/>\n<meta property=\"og:locale\" content=\"es_ES\" \/>\n<meta property=\"og:type\" content=\"article\" \/>\n<meta property=\"og:title\" content=\"Las m\u00e1rtires de Legan\u00e9s - Somos Vicencianos\" \/>\n<meta property=\"og:description\" content=\"Con fecha 15 de mayo de 1931 escrib\u00eda Sor Mar\u00eda D\u00edaz-Par\u00addo a sus padres: \u00ab&#8230; Por aqu\u00ed parece est\u00e1 todo tranquilo; no sabemos hasta cu\u00e1ndo durar\u00e1, pues han querida tirar el monumento del Sa\u00adgrado Coraz\u00f3n, ... Read More\" \/>\n<meta property=\"og:url\" content=\"https:\/\/vincentians.com\/es\/las-martires-de-leganes\/\" \/>\n<meta property=\"og:site_name\" content=\"Somos Vicencianos\" \/>\n<meta property=\"article:publisher\" content=\"https:\/\/www.facebook.com\/WeAreVincentians\/\" \/>\n<meta property=\"article:published_time\" content=\"2017-07-16T06:55:31+00:00\" \/>\n<meta property=\"og:image\" content=\"https:\/\/i0.wp.com\/vincentians.com\/es\/wp-content\/uploads\/sites\/11\/2016\/07\/bio-hc.jpg?fit=1200%2C630&ssl=1\" \/>\n\t<meta property=\"og:image:width\" content=\"1200\" \/>\n\t<meta property=\"og:image:height\" content=\"630\" \/>\n\t<meta property=\"og:image:type\" content=\"image\/jpeg\" \/>\n<meta name=\"author\" content=\"Mitxel Olabu\u00e9naga\" \/>\n<meta name=\"twitter:card\" content=\"summary_large_image\" \/>\n<meta name=\"twitter:creator\" content=\"@WeVincentians\" \/>\n<meta name=\"twitter:site\" content=\"@WeVincentians\" \/>\n<meta name=\"twitter:label1\" content=\"Escrito por\" \/>\n\t<meta name=\"twitter:data1\" content=\"Mitxel Olabu\u00e9naga\" \/>\n\t<meta name=\"twitter:label2\" content=\"Tiempo de lectura\" \/>\n\t<meta name=\"twitter:data2\" content=\"16 minutos\" \/>\n<script type=\"application\/ld+json\" class=\"yoast-schema-graph\">{\"@context\":\"https:\/\/schema.org\",\"@graph\":[{\"@type\":\"Article\",\"@id\":\"https:\/\/vincentians.com\/es\/las-martires-de-leganes\/#article\",\"isPartOf\":{\"@id\":\"https:\/\/vincentians.com\/es\/las-martires-de-leganes\/\"},\"author\":{\"name\":\"Mitxel Olabu\u00e9naga\",\"@id\":\"http:\/\/vincentians.com\/es\/#\/schema\/person\/7c2670b4445a7ca9d164ea6acdb31859\"},\"headline\":\"Las m\u00e1rtires de Legan\u00e9s\",\"datePublished\":\"2017-07-16T06:55:31+00:00\",\"mainEntityOfPage\":{\"@id\":\"https:\/\/vincentians.com\/es\/las-martires-de-leganes\/\"},\"wordCount\":3290,\"commentCount\":0,\"publisher\":{\"@id\":\"http:\/\/vincentians.com\/es\/#organization\"},\"image\":{\"@id\":\"https:\/\/vincentians.com\/es\/las-martires-de-leganes\/#primaryimage\"},\"thumbnailUrl\":\"https:\/\/i0.wp.com\/vincentians.com\/es\/wp-content\/uploads\/sites\/11\/2016\/07\/bio-hc.jpg?fit=1200%2C630&ssl=1\",\"articleSection\":[\"Biograf\u00edas de Hijas de la Caridad\"],\"inLanguage\":\"es\",\"potentialAction\":[{\"@type\":\"CommentAction\",\"name\":\"Comment\",\"target\":[\"https:\/\/vincentians.com\/es\/las-martires-de-leganes\/#respond\"]}]},{\"@type\":\"WebPage\",\"@id\":\"https:\/\/vincentians.com\/es\/las-martires-de-leganes\/\",\"url\":\"https:\/\/vincentians.com\/es\/las-martires-de-leganes\/\",\"name\":\"Las m\u00e1rtires de Legan\u00e9s - Somos Vicencianos\",\"isPartOf\":{\"@id\":\"http:\/\/vincentians.com\/es\/#website\"},\"primaryImageOfPage\":{\"@id\":\"https:\/\/vincentians.com\/es\/las-martires-de-leganes\/#primaryimage\"},\"image\":{\"@id\":\"https:\/\/vincentians.com\/es\/las-martires-de-leganes\/#primaryimage\"},\"thumbnailUrl\":\"https:\/\/i0.wp.com\/vincentians.com\/es\/wp-content\/uploads\/sites\/11\/2016\/07\/bio-hc.jpg?fit=1200%2C630&ssl=1\",\"datePublished\":\"2017-07-16T06:55:31+00:00\",\"breadcrumb\":{\"@id\":\"https:\/\/vincentians.com\/es\/las-martires-de-leganes\/#breadcrumb\"},\"inLanguage\":\"es\",\"potentialAction\":[{\"@type\":\"ReadAction\",\"target\":[\"https:\/\/vincentians.com\/es\/las-martires-de-leganes\/\"]}]},{\"@type\":\"ImageObject\",\"inLanguage\":\"es\",\"@id\":\"https:\/\/vincentians.com\/es\/las-martires-de-leganes\/#primaryimage\",\"url\":\"https:\/\/i0.wp.com\/vincentians.com\/es\/wp-content\/uploads\/sites\/11\/2016\/07\/bio-hc.jpg?fit=1200%2C630&ssl=1\",\"contentUrl\":\"https:\/\/i0.wp.com\/vincentians.com\/es\/wp-content\/uploads\/sites\/11\/2016\/07\/bio-hc.jpg?fit=1200%2C630&ssl=1\",\"width\":1200,\"height\":630},{\"@type\":\"BreadcrumbList\",\"@id\":\"https:\/\/vincentians.com\/es\/las-martires-de-leganes\/#breadcrumb\",\"itemListElement\":[{\"@type\":\"ListItem\",\"position\":1,\"name\":\"Portada\",\"item\":\"http:\/\/vincentians.com\/es\/\"},{\"@type\":\"ListItem\",\"position\":2,\"name\":\"Las m\u00e1rtires de Legan\u00e9s\"}]},{\"@type\":\"WebSite\",\"@id\":\"http:\/\/vincentians.com\/es\/#website\",\"url\":\"http:\/\/vincentians.com\/es\/\",\"name\":\"Somos Vicencianos\",\"description\":\"Know more to serve more\",\"publisher\":{\"@id\":\"http:\/\/vincentians.com\/es\/#organization\"},\"potentialAction\":[{\"@type\":\"SearchAction\",\"target\":{\"@type\":\"EntryPoint\",\"urlTemplate\":\"http:\/\/vincentians.com\/es\/?s={search_term_string}\"},\"query-input\":{\"@type\":\"PropertyValueSpecification\",\"valueRequired\":true,\"valueName\":\"search_term_string\"}}],\"inLanguage\":\"es\"},{\"@type\":\"Organization\",\"@id\":\"http:\/\/vincentians.com\/es\/#organization\",\"name\":\"The Vincentian Network\",\"url\":\"http:\/\/vincentians.com\/es\/\",\"logo\":{\"@type\":\"ImageObject\",\"inLanguage\":\"es\",\"@id\":\"http:\/\/vincentians.com\/es\/#\/schema\/logo\/image\/\",\"url\":\"https:\/\/i1.wp.com\/vincentians.com\/es\/wp-content\/uploads\/sites\/11\/2016\/06\/Vincentian-Network-logo-big.png?fit=778%2C778\",\"contentUrl\":\"https:\/\/i1.wp.com\/vincentians.com\/es\/wp-content\/uploads\/sites\/11\/2016\/06\/Vincentian-Network-logo-big.png?fit=778%2C778\",\"width\":778,\"height\":778,\"caption\":\"The Vincentian Network\"},\"image\":{\"@id\":\"http:\/\/vincentians.com\/es\/#\/schema\/logo\/image\/\"},\"sameAs\":[\"https:\/\/www.facebook.com\/WeAreVincentians\/\",\"https:\/\/x.com\/WeVincentians\"]},{\"@type\":\"Person\",\"@id\":\"http:\/\/vincentians.com\/es\/#\/schema\/person\/7c2670b4445a7ca9d164ea6acdb31859\",\"name\":\"Mitxel Olabu\u00e9naga\",\"image\":{\"@type\":\"ImageObject\",\"inLanguage\":\"es\",\"@id\":\"http:\/\/vincentians.com\/es\/#\/schema\/person\/image\/\",\"url\":\"https:\/\/secure.gravatar.com\/avatar\/34137ec2e2b8939cbbed975731e71f3f4f1defc7266ded337a5ce0f925426877?s=96&d=mm&r=g\",\"contentUrl\":\"https:\/\/secure.gravatar.com\/avatar\/34137ec2e2b8939cbbed975731e71f3f4f1defc7266ded337a5ce0f925426877?s=96&d=mm&r=g\",\"caption\":\"Mitxel Olabu\u00e9naga\"},\"url\":\"https:\/\/vincentians.com\/es\/author\/mitxel\/\"}]}<\/script>\n<!-- \/ Yoast SEO plugin. -->","yoast_head_json":{"title":"Las m\u00e1rtires de Legan\u00e9s - Somos Vicencianos","robots":{"index":"index","follow":"follow","max-snippet":"max-snippet:-1","max-image-preview":"max-image-preview:large","max-video-preview":"max-video-preview:-1"},"canonical":"https:\/\/vincentians.com\/es\/las-martires-de-leganes\/","og_locale":"es_ES","og_type":"article","og_title":"Las m\u00e1rtires de Legan\u00e9s - Somos Vicencianos","og_description":"Con fecha 15 de mayo de 1931 escrib\u00eda Sor Mar\u00eda D\u00edaz-Par\u00addo a sus padres: \u00ab&#8230; Por aqu\u00ed parece est\u00e1 todo tranquilo; no sabemos hasta cu\u00e1ndo durar\u00e1, pues han querida tirar el monumento del Sa\u00adgrado Coraz\u00f3n, ... Read More","og_url":"https:\/\/vincentians.com\/es\/las-martires-de-leganes\/","og_site_name":"Somos Vicencianos","article_publisher":"https:\/\/www.facebook.com\/WeAreVincentians\/","article_published_time":"2017-07-16T06:55:31+00:00","og_image":[{"width":1200,"height":630,"url":"https:\/\/i0.wp.com\/vincentians.com\/es\/wp-content\/uploads\/sites\/11\/2016\/07\/bio-hc.jpg?fit=1200%2C630&ssl=1","type":"image\/jpeg"}],"author":"Mitxel Olabu\u00e9naga","twitter_card":"summary_large_image","twitter_creator":"@WeVincentians","twitter_site":"@WeVincentians","twitter_misc":{"Escrito por":"Mitxel Olabu\u00e9naga","Tiempo de lectura":"16 minutos"},"schema":{"@context":"https:\/\/schema.org","@graph":[{"@type":"Article","@id":"https:\/\/vincentians.com\/es\/las-martires-de-leganes\/#article","isPartOf":{"@id":"https:\/\/vincentians.com\/es\/las-martires-de-leganes\/"},"author":{"name":"Mitxel Olabu\u00e9naga","@id":"http:\/\/vincentians.com\/es\/#\/schema\/person\/7c2670b4445a7ca9d164ea6acdb31859"},"headline":"Las m\u00e1rtires de Legan\u00e9s","datePublished":"2017-07-16T06:55:31+00:00","mainEntityOfPage":{"@id":"https:\/\/vincentians.com\/es\/las-martires-de-leganes\/"},"wordCount":3290,"commentCount":0,"publisher":{"@id":"http:\/\/vincentians.com\/es\/#organization"},"image":{"@id":"https:\/\/vincentians.com\/es\/las-martires-de-leganes\/#primaryimage"},"thumbnailUrl":"https:\/\/i0.wp.com\/vincentians.com\/es\/wp-content\/uploads\/sites\/11\/2016\/07\/bio-hc.jpg?fit=1200%2C630&ssl=1","articleSection":["Biograf\u00edas de Hijas de la Caridad"],"inLanguage":"es","potentialAction":[{"@type":"CommentAction","name":"Comment","target":["https:\/\/vincentians.com\/es\/las-martires-de-leganes\/#respond"]}]},{"@type":"WebPage","@id":"https:\/\/vincentians.com\/es\/las-martires-de-leganes\/","url":"https:\/\/vincentians.com\/es\/las-martires-de-leganes\/","name":"Las m\u00e1rtires de Legan\u00e9s - Somos Vicencianos","isPartOf":{"@id":"http:\/\/vincentians.com\/es\/#website"},"primaryImageOfPage":{"@id":"https:\/\/vincentians.com\/es\/las-martires-de-leganes\/#primaryimage"},"image":{"@id":"https:\/\/vincentians.com\/es\/las-martires-de-leganes\/#primaryimage"},"thumbnailUrl":"https:\/\/i0.wp.com\/vincentians.com\/es\/wp-content\/uploads\/sites\/11\/2016\/07\/bio-hc.jpg?fit=1200%2C630&ssl=1","datePublished":"2017-07-16T06:55:31+00:00","breadcrumb":{"@id":"https:\/\/vincentians.com\/es\/las-martires-de-leganes\/#breadcrumb"},"inLanguage":"es","potentialAction":[{"@type":"ReadAction","target":["https:\/\/vincentians.com\/es\/las-martires-de-leganes\/"]}]},{"@type":"ImageObject","inLanguage":"es","@id":"https:\/\/vincentians.com\/es\/las-martires-de-leganes\/#primaryimage","url":"https:\/\/i0.wp.com\/vincentians.com\/es\/wp-content\/uploads\/sites\/11\/2016\/07\/bio-hc.jpg?fit=1200%2C630&ssl=1","contentUrl":"https:\/\/i0.wp.com\/vincentians.com\/es\/wp-content\/uploads\/sites\/11\/2016\/07\/bio-hc.jpg?fit=1200%2C630&ssl=1","width":1200,"height":630},{"@type":"BreadcrumbList","@id":"https:\/\/vincentians.com\/es\/las-martires-de-leganes\/#breadcrumb","itemListElement":[{"@type":"ListItem","position":1,"name":"Portada","item":"http:\/\/vincentians.com\/es\/"},{"@type":"ListItem","position":2,"name":"Las m\u00e1rtires de Legan\u00e9s"}]},{"@type":"WebSite","@id":"http:\/\/vincentians.com\/es\/#website","url":"http:\/\/vincentians.com\/es\/","name":"Somos Vicencianos","description":"Know more to serve more","publisher":{"@id":"http:\/\/vincentians.com\/es\/#organization"},"potentialAction":[{"@type":"SearchAction","target":{"@type":"EntryPoint","urlTemplate":"http:\/\/vincentians.com\/es\/?s={search_term_string}"},"query-input":{"@type":"PropertyValueSpecification","valueRequired":true,"valueName":"search_term_string"}}],"inLanguage":"es"},{"@type":"Organization","@id":"http:\/\/vincentians.com\/es\/#organization","name":"The Vincentian Network","url":"http:\/\/vincentians.com\/es\/","logo":{"@type":"ImageObject","inLanguage":"es","@id":"http:\/\/vincentians.com\/es\/#\/schema\/logo\/image\/","url":"https:\/\/i1.wp.com\/vincentians.com\/es\/wp-content\/uploads\/sites\/11\/2016\/06\/Vincentian-Network-logo-big.png?fit=778%2C778","contentUrl":"https:\/\/i1.wp.com\/vincentians.com\/es\/wp-content\/uploads\/sites\/11\/2016\/06\/Vincentian-Network-logo-big.png?fit=778%2C778","width":778,"height":778,"caption":"The Vincentian Network"},"image":{"@id":"http:\/\/vincentians.com\/es\/#\/schema\/logo\/image\/"},"sameAs":["https:\/\/www.facebook.com\/WeAreVincentians\/","https:\/\/x.com\/WeVincentians"]},{"@type":"Person","@id":"http:\/\/vincentians.com\/es\/#\/schema\/person\/7c2670b4445a7ca9d164ea6acdb31859","name":"Mitxel Olabu\u00e9naga","image":{"@type":"ImageObject","inLanguage":"es","@id":"http:\/\/vincentians.com\/es\/#\/schema\/person\/image\/","url":"https:\/\/secure.gravatar.com\/avatar\/34137ec2e2b8939cbbed975731e71f3f4f1defc7266ded337a5ce0f925426877?s=96&d=mm&r=g","contentUrl":"https:\/\/secure.gravatar.com\/avatar\/34137ec2e2b8939cbbed975731e71f3f4f1defc7266ded337a5ce0f925426877?s=96&d=mm&r=g","caption":"Mitxel Olabu\u00e9naga"},"url":"https:\/\/vincentians.com\/es\/author\/mitxel\/"}]}},"jetpack_publicize_connections":[],"jetpack_featured_media_url":"https:\/\/i0.wp.com\/vincentians.com\/es\/wp-content\/uploads\/sites\/11\/2016\/07\/bio-hc.jpg?fit=1200%2C630&ssl=1","jetpack_sharing_enabled":true,"jetpack_shortlink":"https:\/\/wp.me\/p7ETMF-iSA","jetpack-related-posts":[{"id":117483,"url":"https:\/\/vincentians.com\/es\/vicente-de-paul-carta-1049-luisa-de-marillac-a-san-vicente\/","url_meta":{"origin":72576,"position":0},"title":"Vicente de Pa\u00fal, Carta 1049: Luisa De Marillac A San Vicente","author":"Francisco Javier Fern\u00e1ndez Chento","date":"12\/01\/2013","format":false,"excerpt":"Mi\u00e9rcoles, por la ma\u00f1ana [15 enero 1648] Padre: Hemos llegad o a Bic\u00eatre con buena salud, gracias a Dios, pero de paso. Le ruego muy humildemente que nos env\u00ede desde ma\u00f1ana al hermano panadero con quien habl\u00e9, para ense\u00f1arnos y ayudarnos a hacer la hornada y a encontrar a una\u2026","rel":"","context":"En \u00abEscritos de Vicente de Pa\u00fal\u00bb","block_context":{"text":"Escritos de Vicente de Pa\u00fal","link":"https:\/\/vincentians.com\/es\/category\/escritos\/escritos-de-vicente-de-paul\/"},"img":{"alt_text":"","src":"https:\/\/i0.wp.com\/vincentians.com\/es\/wp-content\/uploads\/sites\/11\/2016\/07\/escritos-vicente-de-paul.jpg?fit=1200%2C630&ssl=1&resize=350%2C200","width":350,"height":200,"srcset":"https:\/\/i0.wp.com\/vincentians.com\/es\/wp-content\/uploads\/sites\/11\/2016\/07\/escritos-vicente-de-paul.jpg?fit=1200%2C630&ssl=1&resize=350%2C200 1x, https:\/\/i0.wp.com\/vincentians.com\/es\/wp-content\/uploads\/sites\/11\/2016\/07\/escritos-vicente-de-paul.jpg?fit=1200%2C630&ssl=1&resize=525%2C300 1.5x, https:\/\/i0.wp.com\/vincentians.com\/es\/wp-content\/uploads\/sites\/11\/2016\/07\/escritos-vicente-de-paul.jpg?fit=1200%2C630&ssl=1&resize=700%2C400 2x, https:\/\/i0.wp.com\/vincentians.com\/es\/wp-content\/uploads\/sites\/11\/2016\/07\/escritos-vicente-de-paul.jpg?fit=1200%2C630&ssl=1&resize=1050%2C600 3x"},"classes":[]},{"id":126088,"url":"https:\/\/vincentians.com\/es\/vicente-de-paul-carta-1164-al-hermano-santiago-rivet\/","url_meta":{"origin":72576,"position":1},"title":"Vicente de Pa\u00fal, Carta 1164: Al Hermano Santiago Rivet","author":"Francisco Javier Fern\u00e1ndez Chento","date":"04\/12\/2013","format":false,"excerpt":"19 junio 1649. Dios sabe el consuelo que he recibido con su carta y que supera todo lo que podr\u00eda decir. No dude usted de que todo lo que me viene de su parte me llega al coraz\u00f3n, pues sabe usted el afecto que Dios me ha dado por su\u2026","rel":"","context":"En \u00abEscritos de Vicente de Pa\u00fal\u00bb","block_context":{"text":"Escritos de Vicente de Pa\u00fal","link":"https:\/\/vincentians.com\/es\/category\/escritos\/escritos-de-vicente-de-paul\/"},"img":{"alt_text":"","src":"https:\/\/i0.wp.com\/vincentians.com\/es\/wp-content\/uploads\/sites\/11\/2016\/07\/escritos-vicente-de-paul.jpg?fit=1200%2C630&ssl=1&resize=350%2C200","width":350,"height":200,"srcset":"https:\/\/i0.wp.com\/vincentians.com\/es\/wp-content\/uploads\/sites\/11\/2016\/07\/escritos-vicente-de-paul.jpg?fit=1200%2C630&ssl=1&resize=350%2C200 1x, https:\/\/i0.wp.com\/vincentians.com\/es\/wp-content\/uploads\/sites\/11\/2016\/07\/escritos-vicente-de-paul.jpg?fit=1200%2C630&ssl=1&resize=525%2C300 1.5x, https:\/\/i0.wp.com\/vincentians.com\/es\/wp-content\/uploads\/sites\/11\/2016\/07\/escritos-vicente-de-paul.jpg?fit=1200%2C630&ssl=1&resize=700%2C400 2x, https:\/\/i0.wp.com\/vincentians.com\/es\/wp-content\/uploads\/sites\/11\/2016\/07\/escritos-vicente-de-paul.jpg?fit=1200%2C630&ssl=1&resize=1050%2C600 3x"},"classes":[]},{"id":399081,"url":"https:\/\/vincentians.com\/es\/federico-ozanam-carta-0046-padres\/","url_meta":{"origin":72576,"position":2},"title":"Federico Ozanam, Carta 0046: A su[s] padre[s]","author":"Francisco Javier Fern\u00e1ndez Chento","date":"23\/11\/2016","format":false,"excerpt":"No le gusta la pensi\u00f3n en la que se hospeda. Su habitaci\u00f3n en casa de Amp\u00e8re. Encargos diversos. Par\u00eds, noviembre [y diciembre] de 1831[1]. Mi querido pap\u00e1: Recib\u00ed el domingo pasado su \u00faltima carta, que me ha venido muy bien. Me acechan dos inquietudes grandes, y usted ha calmado las\u2026","rel":"","context":"En \u00abEscritos de Federico Ozanam\u00bb","block_context":{"text":"Escritos de Federico Ozanam","link":"https:\/\/vincentians.com\/es\/category\/escritos\/escritos-de-federico-ozanam\/"},"img":{"alt_text":"","src":"https:\/\/i0.wp.com\/vincentians.com\/es\/wp-content\/uploads\/sites\/11\/2016\/07\/escritos-federico-ozanam.jpg?fit=1200%2C630&ssl=1&resize=350%2C200","width":350,"height":200,"srcset":"https:\/\/i0.wp.com\/vincentians.com\/es\/wp-content\/uploads\/sites\/11\/2016\/07\/escritos-federico-ozanam.jpg?fit=1200%2C630&ssl=1&resize=350%2C200 1x, https:\/\/i0.wp.com\/vincentians.com\/es\/wp-content\/uploads\/sites\/11\/2016\/07\/escritos-federico-ozanam.jpg?fit=1200%2C630&ssl=1&resize=525%2C300 1.5x, https:\/\/i0.wp.com\/vincentians.com\/es\/wp-content\/uploads\/sites\/11\/2016\/07\/escritos-federico-ozanam.jpg?fit=1200%2C630&ssl=1&resize=700%2C400 2x, https:\/\/i0.wp.com\/vincentians.com\/es\/wp-content\/uploads\/sites\/11\/2016\/07\/escritos-federico-ozanam.jpg?fit=1200%2C630&ssl=1&resize=1050%2C600 3x"},"classes":[]},{"id":126942,"url":"https:\/\/vincentians.com\/es\/luisa-de-marillac-carta-0723-a-la-senora\/","url_meta":{"origin":72576,"position":3},"title":"Luisa de Marillac, Carta 0723: (A la Se\u00f1ora&#8230;)","author":"Francisco Javier Fern\u00e1ndez Chento","date":"26\/12\/2013","format":false,"excerpt":"Aqu\u00ed tiene el ejercicio de que le he hablado y que me parece muy adecuado para usted, seg\u00fan el conocimiento que su bondad ha querido darme de su alma. Viva, pues, as\u00ed, siendo toda de Dios, querida se\u00f1ora, por esa uni\u00f3n suave y amorosa de su voluntad con la de\u2026","rel":"","context":"En \u00abEscritos de Luisa de Marillac\u00bb","block_context":{"text":"Escritos de Luisa de Marillac","link":"https:\/\/vincentians.com\/es\/category\/escritos\/escritos-de-luisa-de-marillac\/"},"img":{"alt_text":"","src":"https:\/\/i0.wp.com\/vincentians.com\/es\/wp-content\/uploads\/sites\/11\/2016\/07\/escritos-luisa-de-marillac.jpg?fit=1200%2C630&ssl=1&resize=350%2C200","width":350,"height":200,"srcset":"https:\/\/i0.wp.com\/vincentians.com\/es\/wp-content\/uploads\/sites\/11\/2016\/07\/escritos-luisa-de-marillac.jpg?fit=1200%2C630&ssl=1&resize=350%2C200 1x, https:\/\/i0.wp.com\/vincentians.com\/es\/wp-content\/uploads\/sites\/11\/2016\/07\/escritos-luisa-de-marillac.jpg?fit=1200%2C630&ssl=1&resize=525%2C300 1.5x, https:\/\/i0.wp.com\/vincentians.com\/es\/wp-content\/uploads\/sites\/11\/2016\/07\/escritos-luisa-de-marillac.jpg?fit=1200%2C630&ssl=1&resize=700%2C400 2x, https:\/\/i0.wp.com\/vincentians.com\/es\/wp-content\/uploads\/sites\/11\/2016\/07\/escritos-luisa-de-marillac.jpg?fit=1200%2C630&ssl=1&resize=1050%2C600 3x"},"classes":[]},{"id":399097,"url":"https:\/\/vincentians.com\/es\/federico-ozanam-carta-0057-auguste-materne\/","url_meta":{"origin":72576,"position":4},"title":"Federico Ozanam, Carta 0057: A Auguste Materne","author":"Francisco Javier Fern\u00e1ndez Chento","date":"20\/12\/2016","format":false,"excerpt":"Excusas por el silencio debido al tiempo de ex\u00e1menes. Pide que le devuelva un libro. Par\u00eds, 6 de agosto de 1832. Mi buen amigo: \u00bfCu\u00e1l es la raz\u00f3n de que no se te vea? \u00bfEstar\u00e1s enfadado contra tu pobre Ozanam porque \u00e9l no ha ido a verte desde su r\u00e1pida\u2026","rel":"","context":"En \u00abEscritos de Federico Ozanam\u00bb","block_context":{"text":"Escritos de Federico Ozanam","link":"https:\/\/vincentians.com\/es\/category\/escritos\/escritos-de-federico-ozanam\/"},"img":{"alt_text":"","src":"https:\/\/i0.wp.com\/vincentians.com\/es\/wp-content\/uploads\/sites\/11\/2016\/07\/escritos-federico-ozanam.jpg?fit=1200%2C630&ssl=1&resize=350%2C200","width":350,"height":200,"srcset":"https:\/\/i0.wp.com\/vincentians.com\/es\/wp-content\/uploads\/sites\/11\/2016\/07\/escritos-federico-ozanam.jpg?fit=1200%2C630&ssl=1&resize=350%2C200 1x, https:\/\/i0.wp.com\/vincentians.com\/es\/wp-content\/uploads\/sites\/11\/2016\/07\/escritos-federico-ozanam.jpg?fit=1200%2C630&ssl=1&resize=525%2C300 1.5x, https:\/\/i0.wp.com\/vincentians.com\/es\/wp-content\/uploads\/sites\/11\/2016\/07\/escritos-federico-ozanam.jpg?fit=1200%2C630&ssl=1&resize=700%2C400 2x, https:\/\/i0.wp.com\/vincentians.com\/es\/wp-content\/uploads\/sites\/11\/2016\/07\/escritos-federico-ozanam.jpg?fit=1200%2C630&ssl=1&resize=1050%2C600 3x"},"classes":[]},{"id":116899,"url":"https:\/\/vincentians.com\/es\/anales-celebra-sus-bodas-de-brillantes-1968\/","url_meta":{"origin":72576,"position":5},"title":"\u00abAnales\u00bb celebra sus bodas de brillantes (1968)","author":"Francisco Javier Fern\u00e1ndez Chento","date":"16\/01\/2013","format":false,"excerpt":"Siempre hab\u00eda yo cre\u00eddo que al cumplir los setenta y cinco a\u00f1os de un suceso, principalmente de un matrimo\u00adnio, se celebraban las Bodas de Diamante, pero que. como es tan dif\u00edcil llegar a esta fecha, la costumbre hab\u00eda admi\u00adtido adelantarlas a los sesenta a\u00f1os. Pero consultando aho\u00adra un buen diccionario\u2026","rel":"","context":"En \u00abDocumentos de la Congregaci\u00f3n de la Misi\u00f3n\u00bb","block_context":{"text":"Documentos de la Congregaci\u00f3n de la Misi\u00f3n","link":"https:\/\/vincentians.com\/es\/category\/formacion-vicenciana\/documentos-oficiales-de-la-familia-vicenciana\/documentos-de-la-congregacion-de-la-mision\/"},"img":{"alt_text":"anales","src":"https:\/\/i0.wp.com\/vicencianos.org\/wp-content\/2012\/12\/anales.jpg?resize=350%2C200","width":350,"height":200},"classes":[]}],"_links":{"self":[{"href":"https:\/\/vincentians.com\/es\/wp-json\/wp\/v2\/posts\/72576","targetHints":{"allow":["GET"]}}],"collection":[{"href":"https:\/\/vincentians.com\/es\/wp-json\/wp\/v2\/posts"}],"about":[{"href":"https:\/\/vincentians.com\/es\/wp-json\/wp\/v2\/types\/post"}],"author":[{"embeddable":true,"href":"https:\/\/vincentians.com\/es\/wp-json\/wp\/v2\/users\/5"}],"replies":[{"embeddable":true,"href":"https:\/\/vincentians.com\/es\/wp-json\/wp\/v2\/comments?post=72576"}],"version-history":[{"count":1,"href":"https:\/\/vincentians.com\/es\/wp-json\/wp\/v2\/posts\/72576\/revisions"}],"predecessor-version":[{"id":400732,"href":"https:\/\/vincentians.com\/es\/wp-json\/wp\/v2\/posts\/72576\/revisions\/400732"}],"wp:featuredmedia":[{"embeddable":true,"href":"https:\/\/vincentians.com\/es\/wp-json\/wp\/v2\/media\/391164"}],"wp:attachment":[{"href":"https:\/\/vincentians.com\/es\/wp-json\/wp\/v2\/media?parent=72576"}],"wp:term":[{"taxonomy":"category","embeddable":true,"href":"https:\/\/vincentians.com\/es\/wp-json\/wp\/v2\/categories?post=72576"},{"taxonomy":"post_tag","embeddable":true,"href":"https:\/\/vincentians.com\/es\/wp-json\/wp\/v2\/tags?post=72576"}],"curies":[{"name":"wp","href":"https:\/\/api.w.org\/{rel}","templated":true}]}}