{"id":6995,"date":"2009-05-17T05:13:51","date_gmt":"2009-05-17T04:13:51","guid":{"rendered":"http:\/\/www.vicencianos.org\/web\/2009\/05\/17\/vicente-de-paul-conferencia-106-distribucion-del-dia-art-8-15-explicacion-del-evangelio-de-las-virgenes-necias-y-las-virgenes-prudentes-devocion-a-santa-catalina\/"},"modified":"2016-07-26T11:00:21","modified_gmt":"2016-07-26T09:00:21","slug":"vicente-de-paul-conferencia-106-distribucion-del-dia-art-8-15-explicacion-del-evangelio-de-las-virgenes-necias-y-las-virgenes-prudentes-devocion-a-santa-catalina","status":"publish","type":"post","link":"https:\/\/vincentians.com\/es\/vicente-de-paul-conferencia-106-distribucion-del-dia-art-8-15-explicacion-del-evangelio-de-las-virgenes-necias-y-las-virgenes-prudentes-devocion-a-santa-catalina\/","title":{"rendered":"Vicente de Pa\u00fal, Conferencia 106: Distribuci\u00f3n del d\u00eda, art. 8-15. Explicaci\u00f3n del evangelio de las v\u00edrgenes necias y las v\u00edrgenes prudentes. Devoci\u00f3n a santa Catalina"},"content":{"rendered":"<p><em>(25.11.58)<br \/>\n<\/em><\/p>\n<p>Mis queridas hermanas, vamos a hacer dos cosas en esta conferencia: la primera ser\u00e1 leeros algunos art\u00edculos de vuestras reglas, y la otra charlar al estilo de una conferencia sobre la fiesta de santa Catalina, que hoy se celebra. Si el tiempo lo permite, les preguntar\u00e9 a algunas sobre los pensamientos que les haya inspirado el evangelio que hoy hemos le\u00eddo.<\/p>\n<p>La se\u00f1orita Le Gras le pregunt\u00f3 si se refer\u00eda a los pensamientos de la oraci\u00f3n de la ma\u00f1ana; el padre Vicente le respondi\u00f3:<\/p>\n<p>No, se\u00f1orita; ser\u00e1n sobre los que se ocurran de momento.<\/p>\n<p>Hijas m\u00edas, no vamos a hacer otra cosa m\u00e1s que leer sencillamente vuestras reglas, sin explicarlas, por dos razones. Primero, porque las guard\u00e1is, porque est\u00e1n en uso entre vosotras y, gracias a Dios, las conoc\u00e9is por la pr\u00e1ctica. La segunda raz\u00f3n es que, al explicaros las dem\u00e1s reglas, probablemente habremos explicado ya \u00e9stas.<\/p>\n<p>Dice as\u00ed el art\u00edculo octavo de vuestras reglas sobre la distribuci\u00f3n del d\u00eda:<\/p>\n<p>\u00ab8.\u00b0 Despu\u00e9s del silencio hay que continuar el trabajo; se podr\u00e1 seguir hablando como antes de cosas de edificaci\u00f3n, etc\u00e9tera\u00bb.<\/p>\n<p>Esto, hijas m\u00edas, por lo que se refiere a lo que viene despu\u00e9s de la hora de silencio; acabamos de decir c\u00f3mo lo deb\u00e9is pasar.<\/p>\n<p>\u00ab9.\u00b0 A las cinco y media har\u00e1n la oraci\u00f3n hasta las seis, etc\u00e9tera\u00bb.<\/p>\n<p>\u00a1Qu\u00e9 hermoso es esto! \u00a1Haber visto a Nuestro Se\u00f1or por la ma\u00f1ana y haber hablado con \u00e9l, y volver a hacerlo luego por la tarde! \u00a1Qu\u00e9 felicidad, Salvador m\u00edo! Pero si hay algunas que no son fieles en la observancia de esta regla de hacer oraci\u00f3n por la tarde, \u00a1Dios m\u00edo!, estad seguras de que las ver\u00e9is ir cayendo poco a poco hasta hundirse en una situaci\u00f3n muy digna de l\u00e1stima. Si hasta entonces hab\u00edan tenido humildad, dejar\u00e1n de tenerla; si hab\u00edan tenido amor a Dios y al pr\u00f3jimo, se quedar\u00e1n sin \u00e9l. En una palabra, si ten\u00edan alguna buena costumbre, como la de conversar de cosas buenas, ya no quedar\u00e1 nada de todo eso, por no haber sido exactas en el cumplimiento de esta regla. Y si veis cierto relajamiento en alguna de vosotras, si nosotros lo vemos entre nosotros (\u00a1qu\u00e9 s\u00e9 yo si lo hay o no lo hay!), pero si lo hubiera, es por no haber sido fieles en hacer esta oraci\u00f3n y las otras, pero sobre todo \u00e9sta, ya que es a esta hora de la tarde cuando se encuentran mayores dificultades.<\/p>\n<p>\u00ab10. Despu\u00e9s de cenar, se pondr\u00e1 a hacer cada una su oficio y observar\u00e1n todo lo dem\u00e1s que se ha prescrito para la recreaci\u00f3n del mediod\u00eda\u00bb.<\/p>\n<p>Esto es, se trata de que teng\u00e1is bien vuestro recreo. \u00a1Cu\u00e1nto me gustar\u00eda que os portaseis en \u00e9l como es debido! \u00a1As\u00ed se lo pido a Dios con todo mi coraz\u00f3n!<\/p>\n<p>\u00ab11. A las ocho, se dirigir\u00e1n al lugar destinado para hacer en com\u00fan el ejercicio de la noche, etc\u00e9tera\u00bb.<\/p>\n<p>\u00ab12. Los viernes asistir\u00e1n a la peque\u00f1a conferencia que se tiene despu\u00e9s de las oraciones de la noche en presencia de la superiora o de quien la represente\u00bb.<\/p>\n<p>Hijas m\u00edas, es \u00e9ste un ejercicio que es muy hermoso y muy \u00fatil, a mi entender, cuando se hace como es debido. No s\u00e9 si lo practic\u00e1is en las parroquias. Hermana, \u00bflo hacen ustedes as\u00ed en su casa?<\/p>\n<p>&#8211; S\u00ed, padre, a no ser que nos lo impida en algunas ocasiones el servicio de los pobres.<\/p>\n<p>&#8211; \u00a1Gracias a Dios! Bien, hija m\u00eda, sigan con esa buena costumbre siempre que puedan, a no ser que el servicio de los pobres les prive de ese tiempo, pues es razonable que se sirva primero a los pobres. Los pobres son nuestros amos; son nuestros reyes; hay que obedecerles; y no es una exageraci\u00f3n llamarles de ese modo, ya que Nuestro Se\u00f1or est\u00e1 en los pobres.<\/p>\n<p>Mirad, acordaos bien de esto; la conferencia de los viernes se ha establecido para que os acus\u00e9is de las faltas contra las reglas de la Compa\u00f1\u00eda y tom\u00e9is los medios de corregiros. Cada una tiene que decir sus faltas de rodillas. Se trata de algo muy hermoso. \u00bfLo hacen as\u00ed, se\u00f1orita?<\/p>\n<p>&#8211; Padre, empezamos con la invocaci\u00f3n al Esp\u00edritu Santo<\/p>\n<p>Luego, a veces, aunque no siempre, empiezo se\u00f1alando alguna de las faltas que he observado, bien en general o bien en particular, si me acuerdo. Despu\u00e9s, las hermanas van diciendo sus faltas.<\/p>\n<p>&#8211; \u00bfSe ponen de rodillas?<\/p>\n<p>&#8211; Padre, las que se acusan, s\u00ed; cuando lo hacen las oficiales, entonces se arrodillan todas.<\/p>\n<p>&#8211; \u00a1Bendito sea Dios! Me parece muy bien. \u00bfSe reciben de buena gana los avisos y las penitencias que se imponen?<\/p>\n<p>&#8211; Padre, las penitencias no se usan. Esperamos los consejos que quiera darnos usted sobre ellas. Algunas veces se ordena rezar el Padrenuestro, pero todav\u00eda no nos hemos atrevido a imponer nada m\u00e1s duro.<\/p>\n<p>&#8211; Bien, habr\u00e1 que avisarlo y hacer que en las parroquias, en los Galeotes y en las Treize Maisons se haga poco m\u00e1s o menos lo mismo. Fijaos, bien, all\u00ed es donde le dais una buena paliza al esp\u00edritu maligno; pues en esa acci\u00f3n, si est\u00e1 bien hecha, borr\u00e1is el mal que hab\u00e9is hecho durante toda la semana.<\/p>\n<p>Santo Domingo vio un d\u00eda al diablo y le dijo: \u00abVen para ac\u00e1; \u00bfqu\u00e9 est\u00e1s haciendo?\u00bb. El esp\u00edritu maligno le respondi\u00f3: \u00abEstoy cumpliendo mi oficio; voy de ac\u00e1 para all\u00e1 y por todas partes consigo algo; gano en la iglesia con las distracciones en la oraci\u00f3n; gano en el comedor por el gusto que buscan en las comidas; gano en la conversaci\u00f3n; gano en todas partes; no hay m\u00e1s que un miserable lugar en donde lo pierdo todo\u00bb. &#8211; \u00abDe parte de Dios, le dijo el santo, te ordeno que me digas cu\u00e1l es ese lugar\u00bb. &#8211; \u00abEs en el cap\u00edtulo, replic\u00f3, donde se acusan de sus faltas con tanta humildad\u00bb.<\/p>\n<p>Mis queridas hermanas, all\u00ed es donde el diablo pierde todo lo que ha ganado. Por eso ten\u00e9is que entregaros a Dios para hacer esa acci\u00f3n como es debido.<\/p>\n<p>En las parroquias pod\u00e9is hacerlo de esta manera. La sirviente empieza diciendo las faltas contra las reglas; por ejemplo: \u00abHermana, me parece que hemos faltado al no haber hecho la oraci\u00f3n en la hora que deber\u00edamos haber escogido si hubi\u00e9ramos previsto tal cosa\u00bb; o bien: \u00abNo hemos guardado el orden debido en cuanto a la misa, o en cuanto a las dem\u00e1s pr\u00e1cticas\u00bb. Luego tiene que pedir perd\u00f3n. Despu\u00e9s de que haya hablado la hermana sirviente, su compa\u00f1era debe decir del mismo modo sus faltas, con el prop\u00f3sito de procurar corregirse mutuamente cuando alguna falte.<\/p>\n<p>\u00ab13. A las nueve, despu\u00e9s de haber tomado agua bendita y rezado de rodillas algunas oraciones, etc\u00e9tera\u00bb.<\/p>\n<p>\u00ab14. Desde el final de las oraciones de la noche hasta despu\u00e9s de la oraci\u00f3n de la ma\u00f1ana del d\u00eda siguiente guardar\u00e1n estrictamente el silencio, etc\u00e9tera\u00bb.<\/p>\n<p>Tened fidelidad en esto, hijas m\u00edas, pues es un tiempo precioso. Hay monasterios en los que casi no se atreven a abrir la boca durante las horas de silencio; y si alguna vez surge alguna necesidad de hablar, lo hacen por se\u00f1as o piden permiso para decir alguna cosa.<\/p>\n<p>\u00ab15. Las que tengan permiso para aprender a leer o escribir utilizar\u00e1n por la ma\u00f1ana media hora para leer, etc\u00e9tera\u00bb.<\/p>\n<p>Esto se entiende, hijas m\u00edas, cuando sobra alg\u00fan tiempo despu\u00e9s de servir a los enfermos; porque, si los pobres necesitan algo, hay que dejar inmediatamente la lectura y decir: \u00abMi Se\u00f1or, que est\u00e1 en este pobre, me ordena ir; es preciso que sea \u00e9l el primer servido.<\/p>\n<p>Hemos llegado al art\u00edculo 16. Nos quedaremos aqu\u00ed. Pasemos a la segunda cosa que nos hab\u00edamos propuesto.<\/p>\n<p>Mis queridas hermanas, el evangelio que manda leer la Iglesia en la santa misa de hoy con ocasi\u00f3n de la vida de santa Catalina, o la par\u00e1bola del evangelio, bien merece que le prestemos nuestra atenci\u00f3n. La par\u00e1bola nos habla de dos clases de personas que viven en religi\u00f3n o en comunidad; unas fueron rechazadas por Dios y otras aceptadas. De las diez v\u00edrgenes que se mencionan, cinco fueron rechazadas por el Esposo, esto es, se condenaron. Decir que Dios rechaza a uno es decir que Dios lo manda al fondo del infierno. Las otras cinco tuvieron la dicha de recibir a su Esposo, que les mereci\u00f3 el para\u00edso, porque se hab\u00edan preparado para ir all\u00e1. Su Esposo se las llev\u00f3 como esposas para darles parte en la gloria que posee. Mis queridas hermanas, esto es lo que Nuestro Se\u00f1or dijo: \u00abHab\u00eda diez v\u00edrgenes, de las cuales cinco se condenaron y otras cinco se salvaron\u00bb. Fijaos bien, diez v\u00edrgenes que viv\u00edan juntas. Y la mitad fueron rechazadas por Dios; la otra mitad fue bienaventurada. Pues bien, hijas m\u00edas, si el evangelio, que es verdadero, no fuera el evangelio, si no tuvi\u00e9ramos certeza de que lo que dice es verdad podr\u00edamos objetar alguna cosa. Pero principium verborum veritas: la verdad es el principio de estas palabras. Por eso no es posible dudar de su verdad; pues las palabras de Dios son efectivas y siempre consiguen su efecto. Entonces, si el evangelio nos ense\u00f1a que entre diez v\u00edrgenes se condenaron cinco, \u00bfno es \u00e9ste un motivo para que temamos por las hijas de la Caridad?<\/p>\n<p>Pensad, hijas m\u00edas, que me est\u00e1is aqu\u00ed escuchando cuarenta o cincuenta. Si la mitad tuvieran que salvarse y la otra mitad fuera del n\u00famero de las v\u00edrgenes desventuradas, \u00a1ay, Salvador m\u00edo!, cada una de vosotras tendr\u00eda motivos para preguntar: \u00abNumquid ego sum, Domine?; \u00a1Se\u00f1or!, \u00bfno ser\u00e9 yo de ese n\u00famero?\u00bb; o tambi\u00e9n: \u00ab\u00bfTendr\u00e9 yo la dicha de estar entre esas v\u00edrgenes que agradaron a su Esposo?\u00bb.<\/p>\n<p>Hijas m\u00edas, las palabras de Dios son verdaderas; hablan por s\u00ed mismas; por eso \u00bfqui\u00e9n no temer\u00e1, al ver lo que le pas\u00f3 a las v\u00edrgenes necias? Esto debe ser un motivo de temor, no solamente para las hijas de la Caridad, sino para toda clase de personas para las carmelitas y para las religiosas de la Visitaci\u00f3n lo mismo que para vosotras. Y si vosotras ten\u00e9is motivos para temer, mis queridas hermanas, \u00bfqu\u00e9 no he de temer yo, miserable de m\u00ed, por todas las abominaciones de mi vida y por mis obligaciones sacerdotales, que son tan grandes que pocos las cumplen como es debido?<\/p>\n<p>Esta par\u00e1bola nos dice que todas eran v\u00edrgenes; \u00a1y resulta que la mitad se van al infierno! \u00bfNo ten\u00e9is motivos para tener miedo, sobre todo las que se encuentran en la misma situaci\u00f3n que aquellas necias? \u00bfNo ten\u00e9is motivos para preguntaros cada una si tendr\u00e9is la desgracia de que Dios os considere como a aquellas pobres miserables? Las que ten\u00edan la l\u00e1mpara encendida fueron llevadas al para\u00edso, pero las que no ten\u00edan aceite en sus l\u00e1mparas fueron rechazadas. Del mismo modo, mis queridas hermanas, aquellas de vosotras que no tengan el aceite de la caridad deben tener mucho miedo de ser de ese n\u00famero. Las que no cumplen como deben con la observancia de sus reglas y sienten una voz interior que les dice: \u00abSi yo vivo de ese modo y no mortifico mis pasiones, estoy perdida\u00bb, esas, \u00a1Dios m\u00edo!, tienen que hacer todo lo posible por salir de ese estado.<\/p>\n<p>Esta es, hijas m\u00edas, una hermosa lecci\u00f3n que nos ofrece el evangelio de hoy. \u00bfY qu\u00e9 hemos de hacer para aprovecharnos de ella? Hay que obrar de manera que seamos del n\u00famero de las prudentes, viviendo como ellas vivieron, y salir del estado en que se encontraron aquellas desventuradas, si es que estamos en<\/p>\n<p>Bien, hijas m\u00edas, os dije que os preguntar\u00eda vuestros pensamientos sobre este tema. Vamos a hablar familiarmente de este asunto. El evangelio nos dice que aquellas cinco v\u00edrgenes fueron encontradas dormidas, sin estar en vela, y que las otras cinco salieron al encuentro del Esposo. Decidme lo que se os haya ocurrido sobre esto y cu\u00e1les fueron las cosas que las adormilaron y qu\u00e9 es lo que hizo que las prudentes estuvieran vigilantes y preparadas para seguir al Esposo.<\/p>\n<p>Hermana, \u00bfcu\u00e1les son sus sentimientos sobre esto?<\/p>\n<p>&#8211; Padre, creo que cuando una hija de la Caridad no sigue sus reglas, est\u00e1 dormida.<\/p>\n<p>&#8211; \u00a1Bendito sea Dios! El evangelio nos dice que esas doncellas no estaban en vela; hijas m\u00edas, dice esta hermana que una hija de la Caridad que no sigue sus reglas est\u00e1 dormida y sin velar; por consiguiente, que las cinco v\u00edrgenes desventuradas fueron rechazadas por no estar vigilando en las cosas que estaban obligadas a hacer. De la misma forma, hermanas m\u00edas, una hija de la Caridad que no vive en la observancia de sus reglas puede decirse que est\u00e1 dormida y que, si no se despierta, ser\u00e1 una desgraciada porque, si es sorprendida en medio de su sue\u00f1o en la hora de la muerte, se encontrar\u00e1 como aquellas v\u00edrgenes necias, sin aceite \u00bfNo os parece que es una buena respuesta y que Nuestro Se\u00f1or har\u00e1 precisamente eso que acabamos de decir? Dios os ha escogido por esposas suyas, os ha sacado de la masa corrompida del mundo y, como se\u00f1or vuestro, os ha dado unas cuantas reglas para que las observ\u00e9is. Os ha dicho: \u00abHaced esto; son cosas f\u00e1ciles y que no superan vuestras fuerzas\u00bb. Hijas m\u00edas, descuidar esta observancia es lo mismo que estar dormidas, como aquellas v\u00edrgenes necias.<\/p>\n<p>Sor Vicenta, d\u00edgame; la hermana Antonieta nos ha dicho que las hermanas de la Caridad que no guardan sus reglas est\u00e1n dormidas y que, si no se despiertan, no ser\u00e1n recibidas por el Esposo como esposas. \u00bfQu\u00e9 le parece, hermana? \u00bfCu\u00e1les son las que puede decirse que est\u00e1n dormidas?<\/p>\n<p>&#8211; Padre, me parece que una hermana que no hace lo que est\u00e1 obligada a hacer por su vocaci\u00f3n est\u00e1 dormida, descuidando las obras de su salvaci\u00f3n, o bien no port\u00e1ndose como es debido.<\/p>\n<p>&#8211; Pero, hija m\u00eda, \u00a1si va a visitar a los pobres!<\/p>\n<p>&#8211; Padre, eso no es ninguna gran cosa, si no se hace como Dios quiere y manda.<\/p>\n<p>&#8211; Dice usted bien, pues no basta con servir a los pobres. Lo principal es trabajar por la propia perfecci\u00f3n y faltar a eso es dormir, como usted dice, para las obras de la salvaci\u00f3n; de forma que est\u00e1n dormidas las que guardan las reglas pero, no las guardan como es debido; es verdad que las cumplen, pero no con todas las circunstancias requeridas, pensando en Dios y con toda la perfecci\u00f3n posible, tanto si son grandes como peque\u00f1as, y por amor a Dios, que es el \u00fanico fin por el que tienen que hacerse todas las cosas.<\/p>\n<p>Hermana Francisca, \u00bfqu\u00e9 es lo que significa estar dormidas como esas v\u00edrgenes?<\/p>\n<p>&#8211; Padre, me parece que estar dormidas equivale a hacer las cosas con negligencia, sin poner el debido inter\u00e9s, con cierta mezcla de esp\u00edritu mundano, esto es, mezclando el afecto a los parientes, al pueblo natal, estar apegada a la b\u00fasqueda de los placeres, y permanecer indecisas si se persevera o no, seguir tirando, cumpliendo con nuestro deber m\u00e1s por cumplirlo que porque tengamos afecto a la obediencia.<\/p>\n<p>&#8211; Hijas m\u00edas, a \u00e9sas es a las que propiamente pertenece el nombre de dormidas, a las que no hacen por su Esposo todo lo que hacen. Esas hermanas esperan la venida del Esposo, como aquellas v\u00edrgenes necias, que seguramente no pensaban mucho en prepararse debidamente a la venida del Esposo, ya que se quedaron dormidas. Pues bien, hermanas m\u00edas, si las hijas de la Caridad y nosotros, los sacerdotes de la Misi\u00f3n, no cumplimos con nuestras reglas para agradar al Esposo, si en todo lo que hacemos no buscamos \u00fanicamente a Dios y no tenemos inter\u00e9s en complacerle, tenemos muchos motivos para temblar. \u00bfPor qu\u00e9? Porque hac\u00e9is ciertamente las cosas exteriores, pero no las hac\u00e9is por vuestro Esposo. De forma, hijas m\u00edas, que las que est\u00e1n en la situaci\u00f3n que hemos dicho son parecidas a esas v\u00edrgenes.<\/p>\n<p>No os voy a decir nada m\u00e1s. Pero acordaos de que ten\u00e9is que hacer todo lo que hac\u00e9is para prepararos a la venida del Esposo y, para ello, enderezar vuestra intenci\u00f3n desde por la ma\u00f1ana a fin de agradarle en todo, sin mezclar en ello ning\u00fan respeto humano. Si lo hac\u00e9is as\u00ed, cuando \u00e9l venga, os abrazar\u00e1 como a esposas, ya que siente un amor tan grande a las almas que le son fieles que no hay ning\u00fan esposo que quiera a su mujer tanto como \u00e9l quiere a esas almas. Por tanto, esas tienen motivos para esperar ser del n\u00famero de las v\u00edrgenes bienaventuradas que entraron con el Esposo.<\/p>\n<p>La se\u00f1orita entonces pidi\u00f3 permiso para hablar y dijo:<\/p>\n<p>Padre, \u00bfno podr\u00eda decirse que est\u00e1n dormidas tambi\u00e9n aquellas que faltan a la pr\u00e1ctica de sus reglas, por creer que no est\u00e1n obligadas a ella, y las que no las aprecian?<\/p>\n<p>&#8211; Eso no es solamente estar dormidas, sino estar ya medio muertas, que es mucho m\u00e1s que estar dormidas; pues el que est\u00e1 dormido se despierta, pero el que est\u00e1 medio muerto no puede levantarse. \u00a1C\u00f3mo! \u00a1Una hija de la Caridad recibe las reglas de Nuestro Se\u00f1or y cree que no est\u00e1 obligada a ellas! La que vive con un esp\u00edritu negligente, o no hace sus acciones por amor a su Esposo, la que comulga, u oye la misa, o hace alguna otra cosa sin preocuparse de hacerlo como est\u00e1 obligada, esa es peor que aquellas v\u00edrgenes; pues ellas esperaban a su Esposo y su \u00fanica falta consisti\u00f3 en no hacer todo lo que deb\u00edan para prepararse a su venida. Pero una hermana que desprecia las \u00f3rdenes que Dios le ha dado, sin preocuparse de observarlas, no hace lo que tiene que hacer. Esa hermana ser\u00e1 m\u00e1s pronto o m\u00e1s tarde del n\u00famero de los r\u00e9probos, si no se corrige. Hijas m\u00edas, si hubiera entre vosotras alguna de ese estilo, que quiere vivir de esa forma, seg\u00fan su humor, sin sujetarse a las reglas, esas hermanas se encuentran en un grave peligro de salvaci\u00f3n, y pod\u00eda decirse que est\u00e1n en un estado de perdici\u00f3n, si es que no est\u00e1n ya perdidas. Esas cinco v\u00edrgenes estaban ya perdidas en el esp\u00edritu de Dios antes de que llegara el Esposo; y las que no se preparan para salir al encuentro del Esposo, como las v\u00edrgenes prudentes, est\u00e1n perdidas delante de Dios, que ve su estado tan miserable. No es que est\u00e9n perdidas porque \u00e9l las haya visto, sino que \u00e9l las ha visto porque lo est\u00e1n. El ve simplemente la verdad. Por eso, hermanas m\u00edas, tenemos muchos motivos para tener miedo si no nos encontramos en esta disposici\u00f3n.<\/p>\n<p>Todo lo que hemos dicho, hijas m\u00edas, tiende a que se\u00e1is generosas para hacer todo lo que Nuestro Se\u00f1or quiere que hag\u00e1is, lo mismo que hizo santa Catalina que, llena de compasi\u00f3n al o\u00edr hablar de la matanza que pensaba hacer el emperador Maximino, tuvo el coraje de salir a su encuentro para decirle que se extra\u00f1aba de su osad\u00eda por empe\u00f1arse en derramar sangre cristiana, haci\u00e9ndolo as\u00ed para apartarle, si pudiera, de hacer tanto da\u00f1o. \u00a1Qu\u00e9 bien vigilaba aquella mujer! \u00a1Qu\u00e9 bien guardaba las reglas que Dios le hab\u00eda dado! Ella velaba por el cumplimiento de las leyes cristianas y no falt\u00f3 nunca a ellas. Velaba por las reglas de la caridad con el pr\u00f3jimo, tal como resulta de la lectura de su vida.<\/p>\n<p>Hijas m\u00edas, tened devoci\u00f3n a santa Catalina; pedid a Dios la gracia de velar como ella, que se atrevi\u00f3 a dirigirle la palabra a un emperador para reprenderle por su crueldad; pero, al no poder conseguir nada con \u00e9l, conquist\u00f3 a cincuenta fil\u00f3sofos, a Porfirio con doscientos soldados y hasta a la mujer de Maximino, que fueron todos martirizados juntamente con ella. Aquel rey, no pudiendo tolerar en su mujer las m\u00e1ximas del cristianismo, como era tan cruel, la hizo morir la primera.<\/p>\n<p>Hijas m\u00edas, nosotros no tenemos ocasi\u00f3n de presentarnos a los tiranos, como santa Catalina, pero pod\u00e9is guardar vuestras reglas por amor a vuestro Esposo. Cuando hablemos, cuando hagamos alguna acci\u00f3n, entregu\u00e9monos a Dios para hacer que todo tienda al Esposo, y tengamos siempre la intenci\u00f3n de hacerlo todo por \u00e9l.<\/p>\n<p>\u00a1Oh Compa\u00f1\u00eda de las hijas de la Caridad! \u00bfSi quisiera Dios animarte de su esp\u00edritu, para que no mirases m\u00e1s que a Dios en todas tus acciones y sufrimientos, qu\u00e9 vida tan santa llevar\u00edas entonces! Ved, hijas m\u00edas, ved hasta d\u00f3nde pod\u00e9is llegar si ten\u00e9is este esp\u00edritu y guard\u00e1is vuestras reglas. Si no todas lo tienen, es muy de temer que se pierdan, ya que la puerta del para\u00edso es muy estrecha. Desterremos de nuestro esp\u00edritu toda preocupaci\u00f3n por nuestros parientes, por el sitio en que hemos nacido, la preferencia por una hermana en lugar de otra, el deseo de estar en tal parroquia, el afecto a esa dama. \u00a1Salvador m\u00edo! Desterremos todo esto de nosotros y hasta el cuidado de nuestras propias personas para no pensar en otra cosa m\u00e1s que en prepararnos para la venida del Esposo. Y si hay algo que haya que temer, es veros apegados a alguna otra cosa que no sea vuestro Esposo. Pues bien, las que mantengan alg\u00fan afecto por las cosas que acabamos de decir, esperan ciertamente al Esposo, pero no se preparan para recibirlo. Por eso, hijas m\u00edas procuremos desterrar de nosotros todo lo que pudiera hacernos caer en la desgracia de esas v\u00edrgenes necias. Tomad esta resoluci\u00f3n desde ahora mismo, para que no teng\u00e1is que escuchar en la hora de vuestra muerte esta maldici\u00f3n de boca de vuestro Esposo: \u00abEstabais dormidas en la observancia de vuestras reglas; ahora ya no os conozco como esposas; marchaos, os abandono\u00bb. Mis queridas hermanas, obremos de tal forma que nos veamos libres de esa desdicha por medio de nuestra fidelidad, para que tengamos la suerte de ver a ese divino Esposo con toda tranquilidad y ser vistas por \u00e9l con agrado. \u00a0\u00a0\u00a0 \u00a1Salvador m\u00edo! Quien pudiera ver el amor que tienes a las almas buenas ser\u00eda imposible que no se viera arrastrado por el amor a un Esposo que quiere con tanto cari\u00f1o a sus esposas. Es un fuego que hace arder a todos cuantos se le acercan como es debido. Pero las que no son vigilantes, que se despierten y que no esperen a ma\u00f1ana, no sea que venga el Esposo y las rechace. Hijas m\u00edas, afianc\u00e9monos en esta resoluci\u00f3n de hacerlo todo por complacer al Esposo. Pero, como no podemos nada por nosotros mismos en este asunto, ruego a Nuestro Se\u00f1or que nos conceda esta gracia. Y de su parte pronunciar\u00e9 las palabras de la bendici\u00f3n.<\/p>\n","protected":false},"excerpt":{"rendered":"<p>(25.11.58) Mis queridas hermanas, vamos a hacer dos cosas en esta conferencia: la primera ser\u00e1 leeros algunos art\u00edculos de vuestras reglas, y la otra charlar al estilo de una conferencia sobre la fiesta de santa &#8230; <a href=\"https:\/\/vincentians.com\/es\/vicente-de-paul-conferencia-106-distribucion-del-dia-art-8-15-explicacion-del-evangelio-de-las-virgenes-necias-y-las-virgenes-prudentes-devocion-a-santa-catalina\/\" class=\"more-link\">Read More<\/a><\/p>\n","protected":false},"author":4,"featured_media":393753,"comment_status":"open","ping_status":"open","sticky":false,"template":"","format":"standard","meta":{"jetpack_post_was_ever_published":false,"_jetpack_newsletter_access":"","_jetpack_dont_email_post_to_subs":false,"_jetpack_newsletter_tier_id":0,"_jetpack_memberships_contains_paywalled_content":false,"_jetpack_memberships_contains_paid_content":false,"footnotes":"","jetpack_publicize_message":"","jetpack_publicize_feature_enabled":true,"jetpack_social_post_already_shared":true,"jetpack_social_options":{"image_generator_settings":{"template":"highway","default_image_id":0,"font":"","enabled":false},"version":2}},"categories":[65],"tags":[147],"class_list":["post-6995","post","type-post","status-publish","format-standard","has-post-thumbnail","hentry","category-escritos-de-vicente-de-paul","tag-santo-domingo"],"yoast_head":"<!-- This site is optimized with the Yoast SEO plugin v26.3 - https:\/\/yoast.com\/wordpress\/plugins\/seo\/ -->\n<title>Vicente de Pa\u00fal, Conferencia 106: Distribuci\u00f3n del d\u00eda, art. 8-15. Explicaci\u00f3n del evangelio de las v\u00edrgenes necias y las v\u00edrgenes prudentes. Devoci\u00f3n a santa Catalina - Somos Vicencianos<\/title>\n<meta name=\"robots\" content=\"index, follow, max-snippet:-1, max-image-preview:large, max-video-preview:-1\" \/>\n<link rel=\"canonical\" href=\"https:\/\/vincentians.com\/es\/vicente-de-paul-conferencia-106-distribucion-del-dia-art-8-15-explicacion-del-evangelio-de-las-virgenes-necias-y-las-virgenes-prudentes-devocion-a-santa-catalina\/\" \/>\n<meta property=\"og:locale\" content=\"es_ES\" \/>\n<meta property=\"og:type\" content=\"article\" \/>\n<meta property=\"og:title\" content=\"Vicente de Pa\u00fal, Conferencia 106: Distribuci\u00f3n del d\u00eda, art. 8-15. Explicaci\u00f3n del evangelio de las v\u00edrgenes necias y las v\u00edrgenes prudentes. Devoci\u00f3n a santa Catalina - Somos Vicencianos\" \/>\n<meta property=\"og:description\" content=\"(25.11.58) Mis queridas hermanas, vamos a hacer dos cosas en esta conferencia: la primera ser\u00e1 leeros algunos art\u00edculos de vuestras reglas, y la otra charlar al estilo de una conferencia sobre la fiesta de santa ... Read More\" \/>\n<meta property=\"og:url\" content=\"https:\/\/vincentians.com\/es\/vicente-de-paul-conferencia-106-distribucion-del-dia-art-8-15-explicacion-del-evangelio-de-las-virgenes-necias-y-las-virgenes-prudentes-devocion-a-santa-catalina\/\" \/>\n<meta property=\"og:site_name\" content=\"Somos Vicencianos\" \/>\n<meta property=\"article:publisher\" content=\"https:\/\/www.facebook.com\/WeAreVincentians\/\" \/>\n<meta property=\"article:author\" content=\"https:\/\/www.facebook.com\/JavierChento\" \/>\n<meta property=\"article:published_time\" content=\"2009-05-17T04:13:51+00:00\" \/>\n<meta property=\"article:modified_time\" content=\"2016-07-26T09:00:21+00:00\" \/>\n<meta property=\"og:image\" content=\"https:\/\/i0.wp.com\/vincentians.com\/es\/wp-content\/uploads\/sites\/11\/2016\/07\/escritos-vicente-de-paul.jpg?fit=1200%2C630&ssl=1\" \/>\n\t<meta property=\"og:image:width\" content=\"1200\" \/>\n\t<meta property=\"og:image:height\" content=\"630\" \/>\n\t<meta property=\"og:image:type\" content=\"image\/jpeg\" \/>\n<meta name=\"author\" content=\"Francisco Javier Fern\u00e1ndez Chento\" \/>\n<meta name=\"twitter:card\" content=\"summary_large_image\" \/>\n<meta name=\"twitter:creator\" content=\"@https:\/\/twitter.com\/javierchento\" \/>\n<meta name=\"twitter:site\" content=\"@WeVincentians\" \/>\n<meta name=\"twitter:label1\" content=\"Escrito por\" \/>\n\t<meta name=\"twitter:data1\" content=\"Francisco Javier Fern\u00e1ndez Chento\" \/>\n\t<meta name=\"twitter:label2\" content=\"Tiempo de lectura\" \/>\n\t<meta name=\"twitter:data2\" content=\"20 minutos\" \/>\n<script type=\"application\/ld+json\" class=\"yoast-schema-graph\">{\"@context\":\"https:\/\/schema.org\",\"@graph\":[{\"@type\":\"Article\",\"@id\":\"https:\/\/vincentians.com\/es\/vicente-de-paul-conferencia-106-distribucion-del-dia-art-8-15-explicacion-del-evangelio-de-las-virgenes-necias-y-las-virgenes-prudentes-devocion-a-santa-catalina\/#article\",\"isPartOf\":{\"@id\":\"https:\/\/vincentians.com\/es\/vicente-de-paul-conferencia-106-distribucion-del-dia-art-8-15-explicacion-del-evangelio-de-las-virgenes-necias-y-las-virgenes-prudentes-devocion-a-santa-catalina\/\"},\"author\":{\"name\":\"Francisco Javier Fern\u00e1ndez Chento\",\"@id\":\"https:\/\/vincentians.com\/es\/#\/schema\/person\/9623ef4d9aa3b2dfb8c061f1499288f2\"},\"headline\":\"Vicente de Pa\u00fal, Conferencia 106: Distribuci\u00f3n del d\u00eda, art. 8-15. Explicaci\u00f3n del evangelio de las v\u00edrgenes necias y las v\u00edrgenes prudentes. Devoci\u00f3n a santa Catalina\",\"datePublished\":\"2009-05-17T04:13:51+00:00\",\"dateModified\":\"2016-07-26T09:00:21+00:00\",\"mainEntityOfPage\":{\"@id\":\"https:\/\/vincentians.com\/es\/vicente-de-paul-conferencia-106-distribucion-del-dia-art-8-15-explicacion-del-evangelio-de-las-virgenes-necias-y-las-virgenes-prudentes-devocion-a-santa-catalina\/\"},\"wordCount\":4063,\"commentCount\":0,\"publisher\":{\"@id\":\"https:\/\/vincentians.com\/es\/#organization\"},\"image\":{\"@id\":\"https:\/\/vincentians.com\/es\/vicente-de-paul-conferencia-106-distribucion-del-dia-art-8-15-explicacion-del-evangelio-de-las-virgenes-necias-y-las-virgenes-prudentes-devocion-a-santa-catalina\/#primaryimage\"},\"thumbnailUrl\":\"https:\/\/i0.wp.com\/vincentians.com\/es\/wp-content\/uploads\/sites\/11\/2016\/07\/escritos-vicente-de-paul.jpg?fit=1200%2C630&ssl=1\",\"keywords\":[\"Santo Domingo\"],\"articleSection\":[\"Escritos de Vicente de Pa\u00fal\"],\"inLanguage\":\"es\",\"potentialAction\":[{\"@type\":\"CommentAction\",\"name\":\"Comment\",\"target\":[\"https:\/\/vincentians.com\/es\/vicente-de-paul-conferencia-106-distribucion-del-dia-art-8-15-explicacion-del-evangelio-de-las-virgenes-necias-y-las-virgenes-prudentes-devocion-a-santa-catalina\/#respond\"]}]},{\"@type\":\"WebPage\",\"@id\":\"https:\/\/vincentians.com\/es\/vicente-de-paul-conferencia-106-distribucion-del-dia-art-8-15-explicacion-del-evangelio-de-las-virgenes-necias-y-las-virgenes-prudentes-devocion-a-santa-catalina\/\",\"url\":\"https:\/\/vincentians.com\/es\/vicente-de-paul-conferencia-106-distribucion-del-dia-art-8-15-explicacion-del-evangelio-de-las-virgenes-necias-y-las-virgenes-prudentes-devocion-a-santa-catalina\/\",\"name\":\"Vicente de Pa\u00fal, Conferencia 106: Distribuci\u00f3n del d\u00eda, art. 8-15. Explicaci\u00f3n del evangelio de las v\u00edrgenes necias y las v\u00edrgenes prudentes. Devoci\u00f3n a santa Catalina - Somos Vicencianos\",\"isPartOf\":{\"@id\":\"https:\/\/vincentians.com\/es\/#website\"},\"primaryImageOfPage\":{\"@id\":\"https:\/\/vincentians.com\/es\/vicente-de-paul-conferencia-106-distribucion-del-dia-art-8-15-explicacion-del-evangelio-de-las-virgenes-necias-y-las-virgenes-prudentes-devocion-a-santa-catalina\/#primaryimage\"},\"image\":{\"@id\":\"https:\/\/vincentians.com\/es\/vicente-de-paul-conferencia-106-distribucion-del-dia-art-8-15-explicacion-del-evangelio-de-las-virgenes-necias-y-las-virgenes-prudentes-devocion-a-santa-catalina\/#primaryimage\"},\"thumbnailUrl\":\"https:\/\/i0.wp.com\/vincentians.com\/es\/wp-content\/uploads\/sites\/11\/2016\/07\/escritos-vicente-de-paul.jpg?fit=1200%2C630&ssl=1\",\"datePublished\":\"2009-05-17T04:13:51+00:00\",\"dateModified\":\"2016-07-26T09:00:21+00:00\",\"breadcrumb\":{\"@id\":\"https:\/\/vincentians.com\/es\/vicente-de-paul-conferencia-106-distribucion-del-dia-art-8-15-explicacion-del-evangelio-de-las-virgenes-necias-y-las-virgenes-prudentes-devocion-a-santa-catalina\/#breadcrumb\"},\"inLanguage\":\"es\",\"potentialAction\":[{\"@type\":\"ReadAction\",\"target\":[\"https:\/\/vincentians.com\/es\/vicente-de-paul-conferencia-106-distribucion-del-dia-art-8-15-explicacion-del-evangelio-de-las-virgenes-necias-y-las-virgenes-prudentes-devocion-a-santa-catalina\/\"]}]},{\"@type\":\"ImageObject\",\"inLanguage\":\"es\",\"@id\":\"https:\/\/vincentians.com\/es\/vicente-de-paul-conferencia-106-distribucion-del-dia-art-8-15-explicacion-del-evangelio-de-las-virgenes-necias-y-las-virgenes-prudentes-devocion-a-santa-catalina\/#primaryimage\",\"url\":\"https:\/\/i0.wp.com\/vincentians.com\/es\/wp-content\/uploads\/sites\/11\/2016\/07\/escritos-vicente-de-paul.jpg?fit=1200%2C630&ssl=1\",\"contentUrl\":\"https:\/\/i0.wp.com\/vincentians.com\/es\/wp-content\/uploads\/sites\/11\/2016\/07\/escritos-vicente-de-paul.jpg?fit=1200%2C630&ssl=1\",\"width\":1200,\"height\":630},{\"@type\":\"BreadcrumbList\",\"@id\":\"https:\/\/vincentians.com\/es\/vicente-de-paul-conferencia-106-distribucion-del-dia-art-8-15-explicacion-del-evangelio-de-las-virgenes-necias-y-las-virgenes-prudentes-devocion-a-santa-catalina\/#breadcrumb\",\"itemListElement\":[{\"@type\":\"ListItem\",\"position\":1,\"name\":\"Portada\",\"item\":\"https:\/\/vincentians.com\/es\/\"},{\"@type\":\"ListItem\",\"position\":2,\"name\":\"Vicente de Pa\u00fal, Conferencia 106: Distribuci\u00f3n del d\u00eda, art. 8-15. Explicaci\u00f3n del evangelio de las v\u00edrgenes necias y las v\u00edrgenes prudentes. Devoci\u00f3n a santa Catalina\"}]},{\"@type\":\"WebSite\",\"@id\":\"https:\/\/vincentians.com\/es\/#website\",\"url\":\"https:\/\/vincentians.com\/es\/\",\"name\":\"Somos Vicencianos\",\"description\":\"Know more to serve more\",\"publisher\":{\"@id\":\"https:\/\/vincentians.com\/es\/#organization\"},\"potentialAction\":[{\"@type\":\"SearchAction\",\"target\":{\"@type\":\"EntryPoint\",\"urlTemplate\":\"https:\/\/vincentians.com\/es\/?s={search_term_string}\"},\"query-input\":{\"@type\":\"PropertyValueSpecification\",\"valueRequired\":true,\"valueName\":\"search_term_string\"}}],\"inLanguage\":\"es\"},{\"@type\":\"Organization\",\"@id\":\"https:\/\/vincentians.com\/es\/#organization\",\"name\":\"The Vincentian Network\",\"url\":\"https:\/\/vincentians.com\/es\/\",\"logo\":{\"@type\":\"ImageObject\",\"inLanguage\":\"es\",\"@id\":\"https:\/\/vincentians.com\/es\/#\/schema\/logo\/image\/\",\"url\":\"https:\/\/i1.wp.com\/vincentians.com\/es\/wp-content\/uploads\/sites\/11\/2016\/06\/Vincentian-Network-logo-big.png?fit=778%2C778\",\"contentUrl\":\"https:\/\/i1.wp.com\/vincentians.com\/es\/wp-content\/uploads\/sites\/11\/2016\/06\/Vincentian-Network-logo-big.png?fit=778%2C778\",\"width\":778,\"height\":778,\"caption\":\"The Vincentian Network\"},\"image\":{\"@id\":\"https:\/\/vincentians.com\/es\/#\/schema\/logo\/image\/\"},\"sameAs\":[\"https:\/\/www.facebook.com\/WeAreVincentians\/\",\"https:\/\/x.com\/WeVincentians\"]},{\"@type\":\"Person\",\"@id\":\"https:\/\/vincentians.com\/es\/#\/schema\/person\/9623ef4d9aa3b2dfb8c061f1499288f2\",\"name\":\"Francisco Javier Fern\u00e1ndez Chento\",\"image\":{\"@type\":\"ImageObject\",\"inLanguage\":\"es\",\"@id\":\"https:\/\/vincentians.com\/es\/#\/schema\/person\/image\/\",\"url\":\"https:\/\/secure.gravatar.com\/avatar\/497d5cde87b4c3d097d0315953521681ba2cd523ee66e5077c3711f7021e65de?s=96&d=mm&r=g\",\"contentUrl\":\"https:\/\/secure.gravatar.com\/avatar\/497d5cde87b4c3d097d0315953521681ba2cd523ee66e5077c3711f7021e65de?s=96&d=mm&r=g\",\"caption\":\"Francisco Javier Fern\u00e1ndez Chento\"},\"description\":\"Director General y cofundador de La Red de Formaci\u00f3n Vicenciana. Javier es laico vicenciano, afiliado a la Congregaci\u00f3n de la Misi\u00f3n y miembro del Equipo de Misiones Populares de la provincia can\u00f3nica de Zaragoza (Espa\u00f1a) de la Congregaci\u00f3n de la Misi\u00f3n. Graduado en la Universidad Oberta de Catalunya con cuatro grados (Asistente de direcci\u00f3n, Gesti\u00f3n Administrativa, Recursos Humanos y Contabilidad Avanzada). Bil\u00edng\u00fce Espa\u00f1ol\/Ingl\u00e9s. gestiona y mantiene varias p\u00e1ginas web cristianas y vicencianas, incluida including La Red de Formaci\u00f3n Vicenciana, de la que es cofundador. Actualmente es responsable del \u00e1rea de Espa\u00f1ol de .famvin, la Red de Noticias de la Familia Vicenciana. Tambi\u00e9n es m\u00fasico cat\u00f3lico y ha editado varios discos. Es Director General y cofundador de Trovador, una reconocida compa\u00f1\u00eda discogr\u00e1fica critiana de Espa\u00f1a. Trabaja en las Tecnolog\u00edas de la Informaci\u00f3n, ofreciendo servicios de alojamiento, dise\u00f1o y mantenimiento Web, as\u00ed como asesoramiento, formaci\u00f3n y soluciones inform\u00e1ticas, gesti\u00f3n documental y digitalizaci\u00f3n de textos, edici\u00f3n y maquetaci\u00f3n de libros, revistas, flyers, etc.\",\"sameAs\":[\"http:\/\/chento.org\",\"https:\/\/www.facebook.com\/JavierChento\",\"https:\/\/x.com\/https:\/\/twitter.com\/javierchento\"],\"url\":\"https:\/\/vincentians.com\/es\/author\/chento\/\"}]}<\/script>\n<!-- \/ Yoast SEO plugin. -->","yoast_head_json":{"title":"Vicente de Pa\u00fal, Conferencia 106: Distribuci\u00f3n del d\u00eda, art. 8-15. Explicaci\u00f3n del evangelio de las v\u00edrgenes necias y las v\u00edrgenes prudentes. Devoci\u00f3n a santa Catalina - Somos Vicencianos","robots":{"index":"index","follow":"follow","max-snippet":"max-snippet:-1","max-image-preview":"max-image-preview:large","max-video-preview":"max-video-preview:-1"},"canonical":"https:\/\/vincentians.com\/es\/vicente-de-paul-conferencia-106-distribucion-del-dia-art-8-15-explicacion-del-evangelio-de-las-virgenes-necias-y-las-virgenes-prudentes-devocion-a-santa-catalina\/","og_locale":"es_ES","og_type":"article","og_title":"Vicente de Pa\u00fal, Conferencia 106: Distribuci\u00f3n del d\u00eda, art. 8-15. Explicaci\u00f3n del evangelio de las v\u00edrgenes necias y las v\u00edrgenes prudentes. Devoci\u00f3n a santa Catalina - Somos Vicencianos","og_description":"(25.11.58) Mis queridas hermanas, vamos a hacer dos cosas en esta conferencia: la primera ser\u00e1 leeros algunos art\u00edculos de vuestras reglas, y la otra charlar al estilo de una conferencia sobre la fiesta de santa ... Read More","og_url":"https:\/\/vincentians.com\/es\/vicente-de-paul-conferencia-106-distribucion-del-dia-art-8-15-explicacion-del-evangelio-de-las-virgenes-necias-y-las-virgenes-prudentes-devocion-a-santa-catalina\/","og_site_name":"Somos Vicencianos","article_publisher":"https:\/\/www.facebook.com\/WeAreVincentians\/","article_author":"https:\/\/www.facebook.com\/JavierChento","article_published_time":"2009-05-17T04:13:51+00:00","article_modified_time":"2016-07-26T09:00:21+00:00","og_image":[{"width":1200,"height":630,"url":"https:\/\/i0.wp.com\/vincentians.com\/es\/wp-content\/uploads\/sites\/11\/2016\/07\/escritos-vicente-de-paul.jpg?fit=1200%2C630&ssl=1","type":"image\/jpeg"}],"author":"Francisco Javier Fern\u00e1ndez Chento","twitter_card":"summary_large_image","twitter_creator":"@https:\/\/twitter.com\/javierchento","twitter_site":"@WeVincentians","twitter_misc":{"Escrito por":"Francisco Javier Fern\u00e1ndez Chento","Tiempo de lectura":"20 minutos"},"schema":{"@context":"https:\/\/schema.org","@graph":[{"@type":"Article","@id":"https:\/\/vincentians.com\/es\/vicente-de-paul-conferencia-106-distribucion-del-dia-art-8-15-explicacion-del-evangelio-de-las-virgenes-necias-y-las-virgenes-prudentes-devocion-a-santa-catalina\/#article","isPartOf":{"@id":"https:\/\/vincentians.com\/es\/vicente-de-paul-conferencia-106-distribucion-del-dia-art-8-15-explicacion-del-evangelio-de-las-virgenes-necias-y-las-virgenes-prudentes-devocion-a-santa-catalina\/"},"author":{"name":"Francisco Javier Fern\u00e1ndez Chento","@id":"https:\/\/vincentians.com\/es\/#\/schema\/person\/9623ef4d9aa3b2dfb8c061f1499288f2"},"headline":"Vicente de Pa\u00fal, Conferencia 106: Distribuci\u00f3n del d\u00eda, art. 8-15. Explicaci\u00f3n del evangelio de las v\u00edrgenes necias y las v\u00edrgenes prudentes. Devoci\u00f3n a santa Catalina","datePublished":"2009-05-17T04:13:51+00:00","dateModified":"2016-07-26T09:00:21+00:00","mainEntityOfPage":{"@id":"https:\/\/vincentians.com\/es\/vicente-de-paul-conferencia-106-distribucion-del-dia-art-8-15-explicacion-del-evangelio-de-las-virgenes-necias-y-las-virgenes-prudentes-devocion-a-santa-catalina\/"},"wordCount":4063,"commentCount":0,"publisher":{"@id":"https:\/\/vincentians.com\/es\/#organization"},"image":{"@id":"https:\/\/vincentians.com\/es\/vicente-de-paul-conferencia-106-distribucion-del-dia-art-8-15-explicacion-del-evangelio-de-las-virgenes-necias-y-las-virgenes-prudentes-devocion-a-santa-catalina\/#primaryimage"},"thumbnailUrl":"https:\/\/i0.wp.com\/vincentians.com\/es\/wp-content\/uploads\/sites\/11\/2016\/07\/escritos-vicente-de-paul.jpg?fit=1200%2C630&ssl=1","keywords":["Santo Domingo"],"articleSection":["Escritos de Vicente de Pa\u00fal"],"inLanguage":"es","potentialAction":[{"@type":"CommentAction","name":"Comment","target":["https:\/\/vincentians.com\/es\/vicente-de-paul-conferencia-106-distribucion-del-dia-art-8-15-explicacion-del-evangelio-de-las-virgenes-necias-y-las-virgenes-prudentes-devocion-a-santa-catalina\/#respond"]}]},{"@type":"WebPage","@id":"https:\/\/vincentians.com\/es\/vicente-de-paul-conferencia-106-distribucion-del-dia-art-8-15-explicacion-del-evangelio-de-las-virgenes-necias-y-las-virgenes-prudentes-devocion-a-santa-catalina\/","url":"https:\/\/vincentians.com\/es\/vicente-de-paul-conferencia-106-distribucion-del-dia-art-8-15-explicacion-del-evangelio-de-las-virgenes-necias-y-las-virgenes-prudentes-devocion-a-santa-catalina\/","name":"Vicente de Pa\u00fal, Conferencia 106: Distribuci\u00f3n del d\u00eda, art. 8-15. Explicaci\u00f3n del evangelio de las v\u00edrgenes necias y las v\u00edrgenes prudentes. Devoci\u00f3n a santa Catalina - Somos Vicencianos","isPartOf":{"@id":"https:\/\/vincentians.com\/es\/#website"},"primaryImageOfPage":{"@id":"https:\/\/vincentians.com\/es\/vicente-de-paul-conferencia-106-distribucion-del-dia-art-8-15-explicacion-del-evangelio-de-las-virgenes-necias-y-las-virgenes-prudentes-devocion-a-santa-catalina\/#primaryimage"},"image":{"@id":"https:\/\/vincentians.com\/es\/vicente-de-paul-conferencia-106-distribucion-del-dia-art-8-15-explicacion-del-evangelio-de-las-virgenes-necias-y-las-virgenes-prudentes-devocion-a-santa-catalina\/#primaryimage"},"thumbnailUrl":"https:\/\/i0.wp.com\/vincentians.com\/es\/wp-content\/uploads\/sites\/11\/2016\/07\/escritos-vicente-de-paul.jpg?fit=1200%2C630&ssl=1","datePublished":"2009-05-17T04:13:51+00:00","dateModified":"2016-07-26T09:00:21+00:00","breadcrumb":{"@id":"https:\/\/vincentians.com\/es\/vicente-de-paul-conferencia-106-distribucion-del-dia-art-8-15-explicacion-del-evangelio-de-las-virgenes-necias-y-las-virgenes-prudentes-devocion-a-santa-catalina\/#breadcrumb"},"inLanguage":"es","potentialAction":[{"@type":"ReadAction","target":["https:\/\/vincentians.com\/es\/vicente-de-paul-conferencia-106-distribucion-del-dia-art-8-15-explicacion-del-evangelio-de-las-virgenes-necias-y-las-virgenes-prudentes-devocion-a-santa-catalina\/"]}]},{"@type":"ImageObject","inLanguage":"es","@id":"https:\/\/vincentians.com\/es\/vicente-de-paul-conferencia-106-distribucion-del-dia-art-8-15-explicacion-del-evangelio-de-las-virgenes-necias-y-las-virgenes-prudentes-devocion-a-santa-catalina\/#primaryimage","url":"https:\/\/i0.wp.com\/vincentians.com\/es\/wp-content\/uploads\/sites\/11\/2016\/07\/escritos-vicente-de-paul.jpg?fit=1200%2C630&ssl=1","contentUrl":"https:\/\/i0.wp.com\/vincentians.com\/es\/wp-content\/uploads\/sites\/11\/2016\/07\/escritos-vicente-de-paul.jpg?fit=1200%2C630&ssl=1","width":1200,"height":630},{"@type":"BreadcrumbList","@id":"https:\/\/vincentians.com\/es\/vicente-de-paul-conferencia-106-distribucion-del-dia-art-8-15-explicacion-del-evangelio-de-las-virgenes-necias-y-las-virgenes-prudentes-devocion-a-santa-catalina\/#breadcrumb","itemListElement":[{"@type":"ListItem","position":1,"name":"Portada","item":"https:\/\/vincentians.com\/es\/"},{"@type":"ListItem","position":2,"name":"Vicente de Pa\u00fal, Conferencia 106: Distribuci\u00f3n del d\u00eda, art. 8-15. Explicaci\u00f3n del evangelio de las v\u00edrgenes necias y las v\u00edrgenes prudentes. Devoci\u00f3n a santa Catalina"}]},{"@type":"WebSite","@id":"https:\/\/vincentians.com\/es\/#website","url":"https:\/\/vincentians.com\/es\/","name":"Somos Vicencianos","description":"Know more to serve more","publisher":{"@id":"https:\/\/vincentians.com\/es\/#organization"},"potentialAction":[{"@type":"SearchAction","target":{"@type":"EntryPoint","urlTemplate":"https:\/\/vincentians.com\/es\/?s={search_term_string}"},"query-input":{"@type":"PropertyValueSpecification","valueRequired":true,"valueName":"search_term_string"}}],"inLanguage":"es"},{"@type":"Organization","@id":"https:\/\/vincentians.com\/es\/#organization","name":"The Vincentian Network","url":"https:\/\/vincentians.com\/es\/","logo":{"@type":"ImageObject","inLanguage":"es","@id":"https:\/\/vincentians.com\/es\/#\/schema\/logo\/image\/","url":"https:\/\/i1.wp.com\/vincentians.com\/es\/wp-content\/uploads\/sites\/11\/2016\/06\/Vincentian-Network-logo-big.png?fit=778%2C778","contentUrl":"https:\/\/i1.wp.com\/vincentians.com\/es\/wp-content\/uploads\/sites\/11\/2016\/06\/Vincentian-Network-logo-big.png?fit=778%2C778","width":778,"height":778,"caption":"The Vincentian Network"},"image":{"@id":"https:\/\/vincentians.com\/es\/#\/schema\/logo\/image\/"},"sameAs":["https:\/\/www.facebook.com\/WeAreVincentians\/","https:\/\/x.com\/WeVincentians"]},{"@type":"Person","@id":"https:\/\/vincentians.com\/es\/#\/schema\/person\/9623ef4d9aa3b2dfb8c061f1499288f2","name":"Francisco Javier Fern\u00e1ndez Chento","image":{"@type":"ImageObject","inLanguage":"es","@id":"https:\/\/vincentians.com\/es\/#\/schema\/person\/image\/","url":"https:\/\/secure.gravatar.com\/avatar\/497d5cde87b4c3d097d0315953521681ba2cd523ee66e5077c3711f7021e65de?s=96&d=mm&r=g","contentUrl":"https:\/\/secure.gravatar.com\/avatar\/497d5cde87b4c3d097d0315953521681ba2cd523ee66e5077c3711f7021e65de?s=96&d=mm&r=g","caption":"Francisco Javier Fern\u00e1ndez Chento"},"description":"Director General y cofundador de La Red de Formaci\u00f3n Vicenciana. Javier es laico vicenciano, afiliado a la Congregaci\u00f3n de la Misi\u00f3n y miembro del Equipo de Misiones Populares de la provincia can\u00f3nica de Zaragoza (Espa\u00f1a) de la Congregaci\u00f3n de la Misi\u00f3n. Graduado en la Universidad Oberta de Catalunya con cuatro grados (Asistente de direcci\u00f3n, Gesti\u00f3n Administrativa, Recursos Humanos y Contabilidad Avanzada). Bil\u00edng\u00fce Espa\u00f1ol\/Ingl\u00e9s. gestiona y mantiene varias p\u00e1ginas web cristianas y vicencianas, incluida including La Red de Formaci\u00f3n Vicenciana, de la que es cofundador. Actualmente es responsable del \u00e1rea de Espa\u00f1ol de .famvin, la Red de Noticias de la Familia Vicenciana. Tambi\u00e9n es m\u00fasico cat\u00f3lico y ha editado varios discos. Es Director General y cofundador de Trovador, una reconocida compa\u00f1\u00eda discogr\u00e1fica critiana de Espa\u00f1a. Trabaja en las Tecnolog\u00edas de la Informaci\u00f3n, ofreciendo servicios de alojamiento, dise\u00f1o y mantenimiento Web, as\u00ed como asesoramiento, formaci\u00f3n y soluciones inform\u00e1ticas, gesti\u00f3n documental y digitalizaci\u00f3n de textos, edici\u00f3n y maquetaci\u00f3n de libros, revistas, flyers, etc.","sameAs":["http:\/\/chento.org","https:\/\/www.facebook.com\/JavierChento","https:\/\/x.com\/https:\/\/twitter.com\/javierchento"],"url":"https:\/\/vincentians.com\/es\/author\/chento\/"}]}},"jetpack_publicize_connections":[],"jetpack_featured_media_url":"https:\/\/i0.wp.com\/vincentians.com\/es\/wp-content\/uploads\/sites\/11\/2016\/07\/escritos-vicente-de-paul.jpg?fit=1200%2C630&ssl=1","jetpack_sharing_enabled":true,"jetpack_shortlink":"https:\/\/wp.me\/p7ETMF-1OP","jetpack-related-posts":[{"id":103884,"url":"https:\/\/vincentians.com\/es\/vicente-de-paul-carta-0978-luisa-de-marillac-a-san-vicente\/","url_meta":{"origin":6995,"position":0},"title":"Vicente de Pa\u00fal, Carta 0978: Luisa De Marillac A San Vicente","author":"Francisco Javier Fern\u00e1ndez Chento","date":"25\/09\/2012","format":false,"excerpt":"D\u00eda de pascua [21 abril 1647] Padre: He cre\u00eddo necesario que viera usted esta carta del se\u00f1or de Annemont antes de que las hermanas partan para Nantes. Dos cosas creo que debe usted indicarme. si ser\u00e1 necesario comunicar que pensamos cambiar a la hermana Catalina a los se\u00f1ores de Jonch\u00e8res\u2026","rel":"","context":"En \u00abEscritos de Vicente de Pa\u00fal\u00bb","block_context":{"text":"Escritos de Vicente de Pa\u00fal","link":"https:\/\/vincentians.com\/es\/category\/escritos\/escritos-de-vicente-de-paul\/"},"img":{"alt_text":"","src":"https:\/\/i0.wp.com\/vincentians.com\/es\/wp-content\/uploads\/sites\/11\/2016\/07\/escritos-vicente-de-paul.jpg?fit=1200%2C630&ssl=1&resize=350%2C200","width":350,"height":200,"srcset":"https:\/\/i0.wp.com\/vincentians.com\/es\/wp-content\/uploads\/sites\/11\/2016\/07\/escritos-vicente-de-paul.jpg?fit=1200%2C630&ssl=1&resize=350%2C200 1x, https:\/\/i0.wp.com\/vincentians.com\/es\/wp-content\/uploads\/sites\/11\/2016\/07\/escritos-vicente-de-paul.jpg?fit=1200%2C630&ssl=1&resize=525%2C300 1.5x, https:\/\/i0.wp.com\/vincentians.com\/es\/wp-content\/uploads\/sites\/11\/2016\/07\/escritos-vicente-de-paul.jpg?fit=1200%2C630&ssl=1&resize=700%2C400 2x, https:\/\/i0.wp.com\/vincentians.com\/es\/wp-content\/uploads\/sites\/11\/2016\/07\/escritos-vicente-de-paul.jpg?fit=1200%2C630&ssl=1&resize=1050%2C600 3x"},"classes":[]},{"id":125956,"url":"https:\/\/vincentians.com\/es\/las-hijas-de-la-caridad\/","url_meta":{"origin":6995,"position":1},"title":"Las Hijas de la Caridad","author":"Francisco Javier Fern\u00e1ndez Chento","date":"07\/12\/2013","format":false,"excerpt":"Evoluci\u00f3n de las Caridades Aunque las Caridades estaban fundadas desde 1617, los dos santos las van a perfec\u00adcionar, acomod\u00e1ndolas a la realidad concreta de las se\u00f1oras de Par\u00eds y a los pobres de la ciudad. Sin cambiar ni el fin ni la naturaleza, las Caridades de Vicente de Pa\u00fal evolucio\u00adnaron\u2026","rel":"","context":"En \u00abLuisa de Marillac\u00bb","block_context":{"text":"Luisa de Marillac","link":"https:\/\/vincentians.com\/es\/category\/la-familia-vicenciana\/fundadores\/luisa-de-marillac\/"},"img":{"alt_text":"Santa Luisa de Marillac","src":"https:\/\/i0.wp.com\/vicencianos.org\/wp-content\/2013\/09\/santaluisa3.jpg?resize=350%2C200","width":350,"height":200},"classes":[]},{"id":119584,"url":"https:\/\/vincentians.com\/es\/luisa-de-marillac-formadora-de-los-laicos\/","url_meta":{"origin":6995,"position":2},"title":"Luisa de Marillac, formadora de los laicos","author":"Francisco Javier Fern\u00e1ndez Chento","date":"27\/01\/2016","format":false,"excerpt":"1.- Introducci\u00f3n y circunstancias ambientales. Cuando se me pidi\u00f3 este trabajo lo primero que se me ocurri\u00f3 es ir a las biograf\u00edas de Santa Luisa. En la primera biograf\u00eda, escrita por Nicol\u00e1s Gobill\u00f3n catorce a\u00f1os despu\u00e9s de su muerte, encontr\u00e9 esta cita: \"Desde el momento en que comenz\u00f3 las reuniones,\u2026","rel":"","context":"En \u00abFormaci\u00f3n Vicenciana\u00bb","block_context":{"text":"Formaci\u00f3n Vicenciana","link":"https:\/\/vincentians.com\/es\/category\/formacion-vicenciana\/"},"img":{"alt_text":"vicente luisa munecos","src":"https:\/\/i0.wp.com\/vicencianos.org\/wp-content\/uploads\/2015\/06\/vicente-luisa-munecos-1024x768.jpg?resize=350%2C200","width":350,"height":200,"srcset":"https:\/\/i0.wp.com\/vicencianos.org\/wp-content\/uploads\/2015\/06\/vicente-luisa-munecos-1024x768.jpg?resize=350%2C200 1x, https:\/\/i0.wp.com\/vicencianos.org\/wp-content\/uploads\/2015\/06\/vicente-luisa-munecos-1024x768.jpg?resize=525%2C300 1.5x, https:\/\/i0.wp.com\/vicencianos.org\/wp-content\/uploads\/2015\/06\/vicente-luisa-munecos-1024x768.jpg?resize=700%2C400 2x"},"classes":[]},{"id":387215,"url":"https:\/\/vincentians.com\/es\/las-hijas-de-la-caridad-2\/","url_meta":{"origin":6995,"position":3},"title":"Las Hijas de la Caridad","author":"Mitxel Olabu\u00e9naga","date":"16\/03\/2016","format":false,"excerpt":"Evoluci\u00f3n de las Caridades Aunque las Caridades estaban fundadas desde 1617, los dos cantos las van a perfeccionar, acomod\u00e1ndolas a la realidad concreta de las se\u00f1oras de Paris y a los pobres de la ciudad. Sin cambiar ni el fin ni la naturaleza, las Caridades de Vicente de Pa\u00fal evolucionaron\u2026","rel":"","context":"En \u00abHistoria de las Hijas de la Caridad\u00bb","block_context":{"text":"Historia de las Hijas de la Caridad","link":"https:\/\/vincentians.com\/es\/category\/historia-de-la-familia-vicenciana\/historia-de-las-hijas-de-la-caridad\/"},"img":{"alt_text":"HIjas-Caridad","src":"https:\/\/i0.wp.com\/vicencianos.org\/wp-content\/uploads\/2016\/03\/HIjas-Caridad-300x150.jpg?resize=350%2C200","width":350,"height":200},"classes":[]},{"id":6314,"url":"https:\/\/vincentians.com\/es\/tal-dia-como-hoy-22-de-enero\/","url_meta":{"origin":6995,"position":4},"title":"Tal d\u00eda como hoy: 22 de enero","author":"Francisco Javier Fern\u00e1ndez Chento","date":"22\/01\/2017","format":false,"excerpt":"1645. Conferencia de Vicente de Pa\u00fal a las Hijas de la Caridad sobre la observancia del Reglamento. Vicente comienza pidiendo perd\u00f3n por el retraso que se ha debido a que ha tenido que atender a una persona de la nobleza. Los tres puntos de la conferencia son: las razones que\u2026","rel":"","context":"En \u00abEfem\u00e9rides Vicencianas\u00bb","block_context":{"text":"Efem\u00e9rides Vicencianas","link":"https:\/\/vincentians.com\/es\/category\/historia-de-la-familia-vicenciana\/efemerides-vicencianas\/"},"img":{"alt_text":"","src":"https:\/\/i0.wp.com\/vincentians.com\/es\/wp-content\/uploads\/sites\/11\/2016\/07\/ephemerides-fb.jpg?fit=1200%2C630&ssl=1&resize=350%2C200","width":350,"height":200,"srcset":"https:\/\/i0.wp.com\/vincentians.com\/es\/wp-content\/uploads\/sites\/11\/2016\/07\/ephemerides-fb.jpg?fit=1200%2C630&ssl=1&resize=350%2C200 1x, https:\/\/i0.wp.com\/vincentians.com\/es\/wp-content\/uploads\/sites\/11\/2016\/07\/ephemerides-fb.jpg?fit=1200%2C630&ssl=1&resize=525%2C300 1.5x, https:\/\/i0.wp.com\/vincentians.com\/es\/wp-content\/uploads\/sites\/11\/2016\/07\/ephemerides-fb.jpg?fit=1200%2C630&ssl=1&resize=700%2C400 2x, https:\/\/i0.wp.com\/vincentians.com\/es\/wp-content\/uploads\/sites\/11\/2016\/07\/ephemerides-fb.jpg?fit=1200%2C630&ssl=1&resize=1050%2C600 3x"},"classes":[]},{"id":124799,"url":"https:\/\/vincentians.com\/es\/vida-espiritual-de-la-senorita-le-gras\/","url_meta":{"origin":6995,"position":5},"title":"Vida espiritual de la se\u00f1orita Le Gras","author":"Francisco Javier Fern\u00e1ndez Chento","date":"29\/05\/2015","format":false,"excerpt":"Vida de casada \u00bfC\u00f3mo era la vida espiritual de la se\u00f1orita Le Gras durante los a\u00f1os de matrimonio? En los Archivos de las Hijas de la Caridad, en Par\u00eds, se encuentra una nota muy mal es\u00adcrita, describiendo la vida que llev\u00f3 en estos a\u00f1os. El H\u00b0 Ducourneau, secretario de Vi\u00adcente\u2026","rel":"","context":"En \u00abLuisa de Marillac\u00bb","block_context":{"text":"Luisa de Marillac","link":"https:\/\/vincentians.com\/es\/category\/la-familia-vicenciana\/fundadores\/luisa-de-marillac\/"},"img":{"alt_text":"","src":"","width":0,"height":0},"classes":[]}],"_links":{"self":[{"href":"https:\/\/vincentians.com\/es\/wp-json\/wp\/v2\/posts\/6995","targetHints":{"allow":["GET"]}}],"collection":[{"href":"https:\/\/vincentians.com\/es\/wp-json\/wp\/v2\/posts"}],"about":[{"href":"https:\/\/vincentians.com\/es\/wp-json\/wp\/v2\/types\/post"}],"author":[{"embeddable":true,"href":"https:\/\/vincentians.com\/es\/wp-json\/wp\/v2\/users\/4"}],"replies":[{"embeddable":true,"href":"https:\/\/vincentians.com\/es\/wp-json\/wp\/v2\/comments?post=6995"}],"version-history":[{"count":0,"href":"https:\/\/vincentians.com\/es\/wp-json\/wp\/v2\/posts\/6995\/revisions"}],"wp:featuredmedia":[{"embeddable":true,"href":"https:\/\/vincentians.com\/es\/wp-json\/wp\/v2\/media\/393753"}],"wp:attachment":[{"href":"https:\/\/vincentians.com\/es\/wp-json\/wp\/v2\/media?parent=6995"}],"wp:term":[{"taxonomy":"category","embeddable":true,"href":"https:\/\/vincentians.com\/es\/wp-json\/wp\/v2\/categories?post=6995"},{"taxonomy":"post_tag","embeddable":true,"href":"https:\/\/vincentians.com\/es\/wp-json\/wp\/v2\/tags?post=6995"}],"curies":[{"name":"wp","href":"https:\/\/api.w.org\/{rel}","templated":true}]}}