{"id":68492,"date":"2024-05-19T08:44:04","date_gmt":"2024-05-19T06:44:04","guid":{"rendered":"http:\/\/somos.vicencianos.org\/?p=68492"},"modified":"2023-08-20T13:07:07","modified_gmt":"2023-08-20T11:07:07","slug":"federico-ozanam-segun-su-correspondencia-33-y-final","status":"publish","type":"post","link":"https:\/\/vincentians.com\/es\/federico-ozanam-segun-su-correspondencia-33-y-final\/","title":{"rendered":"Federico Ozanam seg\u00fan su correspondencia (33 y final)"},"content":{"rendered":"<h2>Cap\u00edtulo XXXIII: Beatificaci\u00f3n de Federico Ozanam<\/h2>\n<p><strong><em>Homil\u00eda del Papa <\/em>Juan Pablo II<em> en la XII <\/em>Jornada Mundial de la Juventud<\/strong><\/p>\n<p><em>Par\u00eds,<\/em><em> viernes 22 de agosto de 1997<\/em><\/p>\n<p>1. <em>\u00abEl amor es de Dios\u00bb <\/em>(<em>1 Jn <\/em>4, 7). El evangelio de hoy nos presenta la figura del buen samaritano. Con esta par\u00e1bola, Cristo quiere mostrar a sus oyentes qui\u00e9n es el pr\u00f3jimo citado en el principal mandamiento de la Ley divina: \u00abAmar\u00e1s al Se\u00f1or tu Dios con todo tu coraz\u00f3n, con toda tu alma, con todas tus fuerzas y con toda tu mente; y a tu pr\u00f3jimo como a ti mismo\u00bb (<em>Lc <\/em>10, 27). Un doctor de la Ley le pregunt\u00f3 qu\u00e9 deb\u00eda hacer para alcanzar la vida eterna: encontr\u00f3 en esas palabras la respuesta decisiva. Sab\u00eda que el amor a Dios y al pr\u00f3jimo es el primero y el m\u00e1s grande de los mandamientos. A pesar de ello, le pregunta: \u00abY \u00bfqui\u00e9n es mi pr\u00f3jimo?\u00bb (<em>Lc <\/em>10, 29).<\/p>\n<p>Es significativo que Jes\u00fas ponga a un samaritano como ejemplo para responder a esa pregunta. En efecto, los jud\u00edos no ten\u00edan en gran estima a los samaritanos. Adem\u00e1s, Cristo compara la conducta de este hombre con la de un sacerdote y la de un levita, que vieron al hombre herido por los salteadores medio muerto en el camino y siguieron de largo, sin auxiliarle. Por el contrario, el samaritano, al ver al hombre sufriendo, \u00abtuvo compasi\u00f3n\u00bb (<em>Lc <\/em>10, 33); su compasi\u00f3n lo impuls\u00f3 a realizar varias acciones. Ante todo, vend\u00f3 sus heridas; despu\u00e9s lo llev\u00f3 a una posada para cuidar de \u00e9l; y, antes de irse, dio al posadero dinero suficiente para que se ocupara de \u00e9l (cf. <em>Lc <\/em>10, 34-35). El ejemplo es elocuente. El doctor de la Ley recibe una respuesta clara a su pregunta: \u00bfqui\u00e9n es mi pr\u00f3jimo?<\/p>\n<p>El pr\u00f3jimo es todo ser humano, sin excepci\u00f3n. Es in\u00fatil preguntarle su nacionalidad, su pertenencia social o religiosa. Si necesita ayuda, hay que ayudarle. Esto es lo que exige la primera y m\u00e1s grande Ley divina, la ley del amor a Dios y al pr\u00f3jimo.<\/p>\n<p>Fiel a este mandamiento del Se\u00f1or, Federico Ozanam crey\u00f3 en el amor, en el amor que Dios tiene a los hombres. \u00c9l mismo se sinti\u00f3 llamado a amar, dando ejemplo de un gran amor a Dios y a los dem\u00e1s. Sal\u00eda al encuentro de todos los que ten\u00edan mayor necesidad de ser amados que los dem\u00e1s, a quienes Dios Amor s\u00f3lo pod\u00eda revelarse efectivamente mediante el amor de otra persona. Ozanam descubri\u00f3 en eso su vocaci\u00f3n, y vio el camino al que Cristo lo llamaba. All\u00ed encontr\u00f3 su camino hacia la santidad. Y lo recorri\u00f3 con determinaci\u00f3n.<\/p>\n<p>2. \u00abEl amor es de Dios\u00bb. El amor del hombre tiene su fuente en la ley de Dios; lo muestra la primera lectura, tomada del Antiguo Testamento. Encontramos en ella una descripci\u00f3n detallada de los actos de amor al pr\u00f3jimo. Es como una preparaci\u00f3n b\u00edblica para la par\u00e1bola del buen samaritano.<\/p>\n<p>La segunda lectura, tomada de la primera carta de san Juan, desarrolla lo que significa la expresi\u00f3n \u00abel amor es de Dios\u00bb. El Ap\u00f3stol escribe a sus disc\u00edpulos: \u00abQueridos, am\u00e9monos unos a otros, ya que el amor es de Dios, y todo el que ama ha nacido de Dios y conoce a Dios. Quien no ama no ha conocido a Dios, porque Dios es amor\u00bb (<em>1 Jn <\/em>4, 7-8). Estas palabras del Ap\u00f3stol son verdaderamente el centro de la Revelaci\u00f3n, el coronamiento al que nos lleva todo lo que se halla escrito en los evangelios y en las cartas apost\u00f3licas. San Juan prosigue: \u00abEn esto consiste el amor: no en que nosotros hayamos amado a Dios, sino en que \u00e9l nos am\u00f3 y nos envi\u00f3 a su Hijo como propiciaci\u00f3n por nuestros pecados\u00bb (<em>1 Jn <\/em>4, 10). La redenci\u00f3n de los pecados manifiesta el amor que nos tiene el Hijo de Dios hecho hombre. Entonces, el amor al pr\u00f3jimo, el amor al hombre, ya no es s\u00f3lo un mandamiento. Es una exigencia que brota de la experiencia vivida del amor a Dios. Por eso san Juan puede escribir: \u00abSi Dios nos am\u00f3 de esta manera, tambi\u00e9n nosotros debemos amarnos unos a otros\u00bb (<em>1 Jn <\/em>4, 11).<\/p>\n<p>La ense\u00f1anza de la carta de Juan prosigue; a continuaci\u00f3n el Ap\u00f3stol escribe: \u00abA Dios nadie le ha visto nunca. Si nos amamos unos a otros, Dios permanece en nosotros y su amor ha llegado en nosotros a su plenitud. En esto conocemos que permanecemos en \u00e9l y \u00e9l en nosotros: en que nos ha dado de su Esp\u00edritu\u00bb (<em>1 Jn <\/em>4, 12-13). Por tanto, el amor es la fuente del conocimiento. Si, por una parte, el conocimiento es una condici\u00f3n del amor, por otra, el amor ampl\u00eda el conocimiento. Si permanecemos en el amor, tenemos la certeza de la acci\u00f3n del Esp\u00edritu Santo, que nos hace participar en el amor redentor del Hijo, a quien el Padre envi\u00f3 para la salvaci\u00f3n del mundo. Conociendo a Cristo como Hijo de Dios, permanecemos en \u00e9l y, por \u00e9l, permanecemos en Dios. Por los m\u00e9ritos de Cristo, hemos cre\u00eddo en el amor, conocemos el amor que Dios nos tiene, sabemos que Dios es amor (cf. <em>1 Jn <\/em>4, 16). Este conocimiento mediante el amor es, en cierto modo, la piedra angular de toda la vida espiritual del cristiano. \u00abQuien permanece en el amor permanece en Dios y Dios en \u00e9l\u00bb (<em>1 Jn <\/em>4, 16).<\/p>\n<p>3. En el marco de la Jornada mundial de la juventud, que tiene lugar este a\u00f1o en Par\u00eds, procedo hoy a la beatificaci\u00f3n de Federico Ozanam. Saludo cordialmente al se\u00f1or cardenal Jean-Marie Lustiger, arzobispo de Par\u00eds, ciudad donde se encuentra la tumba del nuevo beato. Me alegra tambi\u00e9n la presencia en este acontecimiento de los cardenales y de obispos de numerosos pa\u00edses. Saludo con afecto a los miembros de la Sociedad de San Vicente de Pa\u00fal, que han venido de todo el mundo para la beatificaci\u00f3n de su principal fundador, as\u00ed como a los representantes de la gran familia espiritual heredera del esp\u00edritu de san Vicente. Los v\u00ednculos entre los vicentinos fueron privilegiados desde los or\u00edgenes de la Sociedad, puesto que fue una Hija de la Caridad, sor Rosalie Rendu, quien gui\u00f3 al joven Federico Ozanam y a sus compa\u00f1eros hacia los pobres del barrio Mouffetard de Par\u00eds. Queridos disc\u00edpulos de san Vicente de Pa\u00fal, os invito a unir vuestras fuerzas para que, como deseaba vuestro fundador, los pobres sean cada vez m\u00e1s amados y servidos, y Jesucristo sea honrado en ellos.<\/p>\n<p>4. Federico Ozanam amaba a todos los necesitados. Desde su juventud, tom\u00f3 conciencia de que no bastaba hablar de la caridad y de la misi\u00f3n de la Iglesia en el mundo: esto deb\u00eda traducirse en un compromiso efectivo de los cristianos al servicio de los pobres. As\u00ed, coincid\u00eda con la intuici\u00f3n de san Vicente: \u00abAmemos a Dios, hermanos m\u00edos, amemos a Dios, pero que sea con el esfuerzo de nuestros brazos y con el sudor de nuestra frente\u00bb (<em>san Vicente de Pa\u00fal<\/em>, XI, 40). Para manifestarlo concretamente, a la edad de 20 a\u00f1os, con un grupo de amigos, cre\u00f3 las Conferencias de San Vicente de Pa\u00fal, cuya finalidad era la ayuda a los m\u00e1s pobres, con un esp\u00edritu de servicio y comuni\u00f3n. Muy pronto, esas Conferencias se difundieron fuera de Francia, en todos los pa\u00edses de Europa y del mundo. Yo mismo, cuando era estudiante, antes de la segunda guerra mundial, form\u00e9 parte de una de ellas.<\/p>\n<p>Desde entonces, el amor a los m\u00e1s miserables, a aquellos de quienes nadie se ocupa, est\u00e1 en el centro de la vida y de las preocupaciones de Federico Ozanam. Hablando de esos hombres y mujeres, escribe: \u00abDeber\u00edamos caer a sus pies y decirles con el Ap\u00f3stol: \u00ab<em>Tu es Dominus meus\u00bb<\/em>. Vosotros sois nuestros se\u00f1ores y nosotros seremos vuestros servidores; vosotros sois para nosotros las im\u00e1genes sagradas del Dios a quien no vemos y, no sabi\u00e9ndolo amar de otro modo, lo amamos en vosotros\u00bb (<em>A Louis Janmot<\/em>).<\/p>\n<p>5. \u00c9l observa la situaci\u00f3n real de los pobres y busca un compromiso cada vez m\u00e1s eficaz para ayudarles a crecer en humanidad. Comprende que la caridad debe impulsar a trabajar para corregir las injusticias. La caridad y la justicia est\u00e1n unidas. Tiene la valent\u00eda clarividente de un compromiso social y pol\u00edtico de primer plano, en una \u00e9poca agitada de la vida de su pa\u00eds, ya que ninguna sociedad puede aceptar la miseria como una fatalidad, sin que se hiera su honor. As\u00ed, podemos considerarlo un precursor de la doctrina social de la Iglesia, que el Papa Le\u00f3n XIII desarroll\u00f3 algunos a\u00f1os m\u00e1s tarde en la enc\u00edclica <em>Rerum novarum<\/em>.<\/p>\n<p>Frente a las formas de pobreza que agobian a tantos hombres y mujeres, la caridad es un signo prof\u00e9tico del compromiso del cristiano en el seguimiento de Cristo. Por tanto, invito a los laicos, y particularmente a los j\u00f3venes, a dar prueba de valent\u00eda y de imaginaci\u00f3n, para trabajar en la edificaci\u00f3n de sociedades m\u00e1s fraternas, donde se reconozca la dignidad de los m\u00e1s necesitados y se encuentren los medios para una existencia digna. Con la humildad y la confianza ilimitada en la Providencia que caracterizaban a Federico Ozanam, tened la audacia de compartir los bienes materiales y espirituales con quienes viven en la miseria.<\/p>\n<p>6. El beato Federico Ozanam, ap\u00f3stol de la caridad, esposo y padre de familia ejemplar, gran figura del laicado cat\u00f3lico del siglo XIX, fue un universitario que desempe\u00f1\u00f3 un papel importante en el movimiento de las ideas de su tiempo. Estudiante, profesor eminente primero en Lyon y luego en Par\u00eds, en la Sorbona, aspira ante todo a la b\u00fasqueda y la comunicaci\u00f3n de la verdad, en la serenidad y el respeto a las convicciones de quienes no compart\u00edan las suyas. \u00abAprendamos a defender nuestras convicciones, sin odiar a nuestros adversarios \u2014 escrib\u00eda\u2014; a amar a quienes piensan de un modo diferente del nuestro (&#8230;). Quej\u00e9monos menos de nuestro tiempo y m\u00e1s de nosotros mismos\u00bb (<em>Cartas<\/em>, 9 de abril de 1851). Con la valent\u00eda del creyente, denunciando todo ego\u00edsmo, participa activamente en la renovaci\u00f3n de la presencia y de la acci\u00f3n de la Iglesia en la sociedad de su \u00e9poca. Es conocido tambi\u00e9n su papel en la instituci\u00f3n de las Conferencias de Cuaresma en esta catedral de Notre Dame de Par\u00eds, con el objetivo de permitir que los j\u00f3venes reciban una ense\u00f1anza religiosa renovada frente a las grandes cuestiones que interpelan su fe. Federico Ozanam, hombre de pensamiento y de acci\u00f3n, sigue siendo para los universitarios de nuestro tiempo, para los profesores y los alumnos, un modelo de compromiso valiente, capaz de hacer o\u00edr una palabra libre y exigente en la b\u00fasqueda de la verdad y en la defensa de la dignidad de toda persona humana.<\/p>\n<p>\u00a1Que sea tambi\u00e9n para ellos una llamada a la santidad!<\/p>\n<p>7. La Iglesia confirma hoy la opci\u00f3n de vida cristiana hecha por Ozanam, as\u00ed como el camino que emprendi\u00f3. Ella le dice: Federico, tu camino ha sido verdaderamente el camino de la santidad. Han pasado m\u00e1s de cien a\u00f1os, y este es el momento oportuno para redescubrir ese camino. Es necesario que todos estos j\u00f3venes, m\u00e1s o menos de tu edad, que se han reunido en gran n\u00famero en Par\u00eds, procedentes de todos los pa\u00edses de Europa y del mundo, reconozcan que ese camino es tambi\u00e9n el suyo. Es preciso que comprendan que, si quieren ser cristianos aut\u00e9nticos, deben seguir ese mismo camino. Que abran m\u00e1s los ojos de su alma ante las necesidades, tan numerosas, de los hombres de hoy. Que afronten esas necesidades como desaf\u00edos. Cristo los llama a cada uno por su nombre, para que cada uno pueda decir: \u00a1\u00e9ste es mi camino! En las opciones que hagan, tu santidad, Federico, ser\u00e1 particularmente confirmada. Y tu alegr\u00eda ser\u00e1 grande. T\u00fa, que ya ves con tus ojos a Aquel que es amor, s\u00e9 tambi\u00e9n un gu\u00eda en todos los caminos que estos j\u00f3venes elijan, siguiendo hoy tu ejemplo.<\/p>\n","protected":false},"excerpt":{"rendered":"<p>Cap\u00edtulo XXXIII: Beatificaci\u00f3n de Federico Ozanam Homil\u00eda del Papa Juan Pablo II en la XII Jornada Mundial de la Juventud Par\u00eds, viernes 22 de agosto de 1997 1. \u00abEl amor es de Dios\u00bb (1 Jn &#8230; <a href=\"https:\/\/vincentians.com\/es\/federico-ozanam-segun-su-correspondencia-33-y-final\/\" class=\"more-link\">Read More<\/a><\/p>\n","protected":false},"author":4,"featured_media":150094,"comment_status":"open","ping_status":"open","sticky":false,"template":"","format":"standard","meta":{"jetpack_post_was_ever_published":false,"_jetpack_newsletter_access":"","_jetpack_dont_email_post_to_subs":false,"_jetpack_newsletter_tier_id":0,"_jetpack_memberships_contains_paywalled_content":false,"_jetpack_memberships_contains_paid_content":false,"footnotes":"","jetpack_publicize_message":"","jetpack_publicize_feature_enabled":true,"jetpack_social_post_already_shared":true,"jetpack_social_options":{"image_generator_settings":{"template":"highway","default_image_id":0,"font":"","enabled":false},"version":2}},"categories":[11],"tags":[172],"class_list":["post-68492","post","type-post","status-publish","format-standard","has-post-thumbnail","hentry","category-federico-ozanam","tag-pobreza"],"yoast_head":"<!-- This site is optimized with the Yoast SEO plugin v26.3 - https:\/\/yoast.com\/wordpress\/plugins\/seo\/ -->\n<title>Federico Ozanam seg\u00fan su correspondencia (33 y final) - Somos Vicencianos<\/title>\n<meta name=\"robots\" content=\"index, follow, max-snippet:-1, max-image-preview:large, max-video-preview:-1\" \/>\n<link rel=\"canonical\" href=\"https:\/\/vincentians.com\/es\/federico-ozanam-segun-su-correspondencia-33-y-final\/\" \/>\n<meta property=\"og:locale\" content=\"es_ES\" \/>\n<meta property=\"og:type\" content=\"article\" \/>\n<meta property=\"og:title\" content=\"Federico Ozanam seg\u00fan su correspondencia (33 y final) - Somos Vicencianos\" \/>\n<meta property=\"og:description\" content=\"Cap\u00edtulo XXXIII: Beatificaci\u00f3n de Federico Ozanam Homil\u00eda del Papa Juan Pablo II en la XII Jornada Mundial de la Juventud Par\u00eds, viernes 22 de agosto de 1997 1. \u00abEl amor es de Dios\u00bb (1 Jn ... Read More\" \/>\n<meta property=\"og:url\" content=\"https:\/\/vincentians.com\/es\/federico-ozanam-segun-su-correspondencia-33-y-final\/\" \/>\n<meta property=\"og:site_name\" content=\"Somos Vicencianos\" \/>\n<meta property=\"article:publisher\" content=\"https:\/\/www.facebook.com\/WeAreVincentians\/\" \/>\n<meta property=\"article:author\" content=\"https:\/\/www.facebook.com\/JavierChento\" \/>\n<meta property=\"article:published_time\" content=\"2024-05-19T06:44:04+00:00\" \/>\n<meta property=\"og:image\" content=\"https:\/\/i0.wp.com\/vincentians.com\/es\/wp-content\/uploads\/sites\/11\/2014\/12\/ozanam-the-poet.jpg?fit=1200%2C630&ssl=1\" \/>\n\t<meta property=\"og:image:width\" content=\"1200\" \/>\n\t<meta property=\"og:image:height\" content=\"630\" \/>\n\t<meta property=\"og:image:type\" content=\"image\/jpeg\" \/>\n<meta name=\"author\" content=\"Francisco Javier Fern\u00e1ndez Chento\" \/>\n<meta name=\"twitter:card\" content=\"summary_large_image\" \/>\n<meta name=\"twitter:creator\" content=\"@https:\/\/twitter.com\/javierchento\" \/>\n<meta name=\"twitter:site\" content=\"@WeVincentians\" \/>\n<meta name=\"twitter:label1\" content=\"Escrito por\" \/>\n\t<meta name=\"twitter:data1\" content=\"Francisco Javier Fern\u00e1ndez Chento\" \/>\n\t<meta name=\"twitter:label2\" content=\"Tiempo de lectura\" \/>\n\t<meta name=\"twitter:data2\" content=\"10 minutos\" \/>\n<script type=\"application\/ld+json\" class=\"yoast-schema-graph\">{\"@context\":\"https:\/\/schema.org\",\"@graph\":[{\"@type\":\"Article\",\"@id\":\"https:\/\/vincentians.com\/es\/federico-ozanam-segun-su-correspondencia-33-y-final\/#article\",\"isPartOf\":{\"@id\":\"https:\/\/vincentians.com\/es\/federico-ozanam-segun-su-correspondencia-33-y-final\/\"},\"author\":{\"name\":\"Francisco Javier Fern\u00e1ndez Chento\",\"@id\":\"https:\/\/vincentians.com\/es\/#\/schema\/person\/9623ef4d9aa3b2dfb8c061f1499288f2\"},\"headline\":\"Federico Ozanam seg\u00fan su correspondencia (33 y final)\",\"datePublished\":\"2024-05-19T06:44:04+00:00\",\"mainEntityOfPage\":{\"@id\":\"https:\/\/vincentians.com\/es\/federico-ozanam-segun-su-correspondencia-33-y-final\/\"},\"wordCount\":2109,\"commentCount\":1,\"publisher\":{\"@id\":\"https:\/\/vincentians.com\/es\/#organization\"},\"image\":{\"@id\":\"https:\/\/vincentians.com\/es\/federico-ozanam-segun-su-correspondencia-33-y-final\/#primaryimage\"},\"thumbnailUrl\":\"https:\/\/i0.wp.com\/vincentians.com\/es\/wp-content\/uploads\/sites\/11\/2014\/12\/ozanam-the-poet.jpg?fit=1200%2C630&ssl=1\",\"keywords\":[\"Pobreza\"],\"articleSection\":[\"Federico Ozanam\"],\"inLanguage\":\"es\",\"potentialAction\":[{\"@type\":\"CommentAction\",\"name\":\"Comment\",\"target\":[\"https:\/\/vincentians.com\/es\/federico-ozanam-segun-su-correspondencia-33-y-final\/#respond\"]}]},{\"@type\":\"WebPage\",\"@id\":\"https:\/\/vincentians.com\/es\/federico-ozanam-segun-su-correspondencia-33-y-final\/\",\"url\":\"https:\/\/vincentians.com\/es\/federico-ozanam-segun-su-correspondencia-33-y-final\/\",\"name\":\"Federico Ozanam seg\u00fan su correspondencia (33 y final) - Somos Vicencianos\",\"isPartOf\":{\"@id\":\"https:\/\/vincentians.com\/es\/#website\"},\"primaryImageOfPage\":{\"@id\":\"https:\/\/vincentians.com\/es\/federico-ozanam-segun-su-correspondencia-33-y-final\/#primaryimage\"},\"image\":{\"@id\":\"https:\/\/vincentians.com\/es\/federico-ozanam-segun-su-correspondencia-33-y-final\/#primaryimage\"},\"thumbnailUrl\":\"https:\/\/i0.wp.com\/vincentians.com\/es\/wp-content\/uploads\/sites\/11\/2014\/12\/ozanam-the-poet.jpg?fit=1200%2C630&ssl=1\",\"datePublished\":\"2024-05-19T06:44:04+00:00\",\"breadcrumb\":{\"@id\":\"https:\/\/vincentians.com\/es\/federico-ozanam-segun-su-correspondencia-33-y-final\/#breadcrumb\"},\"inLanguage\":\"es\",\"potentialAction\":[{\"@type\":\"ReadAction\",\"target\":[\"https:\/\/vincentians.com\/es\/federico-ozanam-segun-su-correspondencia-33-y-final\/\"]}]},{\"@type\":\"ImageObject\",\"inLanguage\":\"es\",\"@id\":\"https:\/\/vincentians.com\/es\/federico-ozanam-segun-su-correspondencia-33-y-final\/#primaryimage\",\"url\":\"https:\/\/i0.wp.com\/vincentians.com\/es\/wp-content\/uploads\/sites\/11\/2014\/12\/ozanam-the-poet.jpg?fit=1200%2C630&ssl=1\",\"contentUrl\":\"https:\/\/i0.wp.com\/vincentians.com\/es\/wp-content\/uploads\/sites\/11\/2014\/12\/ozanam-the-poet.jpg?fit=1200%2C630&ssl=1\",\"width\":1200,\"height\":630},{\"@type\":\"BreadcrumbList\",\"@id\":\"https:\/\/vincentians.com\/es\/federico-ozanam-segun-su-correspondencia-33-y-final\/#breadcrumb\",\"itemListElement\":[{\"@type\":\"ListItem\",\"position\":1,\"name\":\"Portada\",\"item\":\"https:\/\/vincentians.com\/es\/\"},{\"@type\":\"ListItem\",\"position\":2,\"name\":\"Federico Ozanam seg\u00fan su correspondencia (33 y final)\"}]},{\"@type\":\"WebSite\",\"@id\":\"https:\/\/vincentians.com\/es\/#website\",\"url\":\"https:\/\/vincentians.com\/es\/\",\"name\":\"Somos Vicencianos\",\"description\":\"Know more to serve more\",\"publisher\":{\"@id\":\"https:\/\/vincentians.com\/es\/#organization\"},\"potentialAction\":[{\"@type\":\"SearchAction\",\"target\":{\"@type\":\"EntryPoint\",\"urlTemplate\":\"https:\/\/vincentians.com\/es\/?s={search_term_string}\"},\"query-input\":{\"@type\":\"PropertyValueSpecification\",\"valueRequired\":true,\"valueName\":\"search_term_string\"}}],\"inLanguage\":\"es\"},{\"@type\":\"Organization\",\"@id\":\"https:\/\/vincentians.com\/es\/#organization\",\"name\":\"The Vincentian Network\",\"url\":\"https:\/\/vincentians.com\/es\/\",\"logo\":{\"@type\":\"ImageObject\",\"inLanguage\":\"es\",\"@id\":\"https:\/\/vincentians.com\/es\/#\/schema\/logo\/image\/\",\"url\":\"https:\/\/i1.wp.com\/vincentians.com\/es\/wp-content\/uploads\/sites\/11\/2016\/06\/Vincentian-Network-logo-big.png?fit=778%2C778\",\"contentUrl\":\"https:\/\/i1.wp.com\/vincentians.com\/es\/wp-content\/uploads\/sites\/11\/2016\/06\/Vincentian-Network-logo-big.png?fit=778%2C778\",\"width\":778,\"height\":778,\"caption\":\"The Vincentian Network\"},\"image\":{\"@id\":\"https:\/\/vincentians.com\/es\/#\/schema\/logo\/image\/\"},\"sameAs\":[\"https:\/\/www.facebook.com\/WeAreVincentians\/\",\"https:\/\/x.com\/WeVincentians\"]},{\"@type\":\"Person\",\"@id\":\"https:\/\/vincentians.com\/es\/#\/schema\/person\/9623ef4d9aa3b2dfb8c061f1499288f2\",\"name\":\"Francisco Javier Fern\u00e1ndez Chento\",\"image\":{\"@type\":\"ImageObject\",\"inLanguage\":\"es\",\"@id\":\"https:\/\/vincentians.com\/es\/#\/schema\/person\/image\/\",\"url\":\"https:\/\/secure.gravatar.com\/avatar\/497d5cde87b4c3d097d0315953521681ba2cd523ee66e5077c3711f7021e65de?s=96&d=mm&r=g\",\"contentUrl\":\"https:\/\/secure.gravatar.com\/avatar\/497d5cde87b4c3d097d0315953521681ba2cd523ee66e5077c3711f7021e65de?s=96&d=mm&r=g\",\"caption\":\"Francisco Javier Fern\u00e1ndez Chento\"},\"description\":\"Director General y cofundador de La Red de Formaci\u00f3n Vicenciana. Javier es laico vicenciano, afiliado a la Congregaci\u00f3n de la Misi\u00f3n y miembro del Equipo de Misiones Populares de la provincia can\u00f3nica de Zaragoza (Espa\u00f1a) de la Congregaci\u00f3n de la Misi\u00f3n. Graduado en la Universidad Oberta de Catalunya con cuatro grados (Asistente de direcci\u00f3n, Gesti\u00f3n Administrativa, Recursos Humanos y Contabilidad Avanzada). Bil\u00edng\u00fce Espa\u00f1ol\/Ingl\u00e9s. gestiona y mantiene varias p\u00e1ginas web cristianas y vicencianas, incluida including La Red de Formaci\u00f3n Vicenciana, de la que es cofundador. Actualmente es responsable del \u00e1rea de Espa\u00f1ol de .famvin, la Red de Noticias de la Familia Vicenciana. Tambi\u00e9n es m\u00fasico cat\u00f3lico y ha editado varios discos. Es Director General y cofundador de Trovador, una reconocida compa\u00f1\u00eda discogr\u00e1fica critiana de Espa\u00f1a. Trabaja en las Tecnolog\u00edas de la Informaci\u00f3n, ofreciendo servicios de alojamiento, dise\u00f1o y mantenimiento Web, as\u00ed como asesoramiento, formaci\u00f3n y soluciones inform\u00e1ticas, gesti\u00f3n documental y digitalizaci\u00f3n de textos, edici\u00f3n y maquetaci\u00f3n de libros, revistas, flyers, etc.\",\"sameAs\":[\"http:\/\/chento.org\",\"https:\/\/www.facebook.com\/JavierChento\",\"https:\/\/x.com\/https:\/\/twitter.com\/javierchento\"],\"url\":\"https:\/\/vincentians.com\/es\/author\/chento\/\"}]}<\/script>\n<!-- \/ Yoast SEO plugin. -->","yoast_head_json":{"title":"Federico Ozanam seg\u00fan su correspondencia (33 y final) - Somos Vicencianos","robots":{"index":"index","follow":"follow","max-snippet":"max-snippet:-1","max-image-preview":"max-image-preview:large","max-video-preview":"max-video-preview:-1"},"canonical":"https:\/\/vincentians.com\/es\/federico-ozanam-segun-su-correspondencia-33-y-final\/","og_locale":"es_ES","og_type":"article","og_title":"Federico Ozanam seg\u00fan su correspondencia (33 y final) - Somos Vicencianos","og_description":"Cap\u00edtulo XXXIII: Beatificaci\u00f3n de Federico Ozanam Homil\u00eda del Papa Juan Pablo II en la XII Jornada Mundial de la Juventud Par\u00eds, viernes 22 de agosto de 1997 1. \u00abEl amor es de Dios\u00bb (1 Jn ... Read More","og_url":"https:\/\/vincentians.com\/es\/federico-ozanam-segun-su-correspondencia-33-y-final\/","og_site_name":"Somos Vicencianos","article_publisher":"https:\/\/www.facebook.com\/WeAreVincentians\/","article_author":"https:\/\/www.facebook.com\/JavierChento","article_published_time":"2024-05-19T06:44:04+00:00","og_image":[{"width":1200,"height":630,"url":"https:\/\/i0.wp.com\/vincentians.com\/es\/wp-content\/uploads\/sites\/11\/2014\/12\/ozanam-the-poet.jpg?fit=1200%2C630&ssl=1","type":"image\/jpeg"}],"author":"Francisco Javier Fern\u00e1ndez Chento","twitter_card":"summary_large_image","twitter_creator":"@https:\/\/twitter.com\/javierchento","twitter_site":"@WeVincentians","twitter_misc":{"Escrito por":"Francisco Javier Fern\u00e1ndez Chento","Tiempo de lectura":"10 minutos"},"schema":{"@context":"https:\/\/schema.org","@graph":[{"@type":"Article","@id":"https:\/\/vincentians.com\/es\/federico-ozanam-segun-su-correspondencia-33-y-final\/#article","isPartOf":{"@id":"https:\/\/vincentians.com\/es\/federico-ozanam-segun-su-correspondencia-33-y-final\/"},"author":{"name":"Francisco Javier Fern\u00e1ndez Chento","@id":"https:\/\/vincentians.com\/es\/#\/schema\/person\/9623ef4d9aa3b2dfb8c061f1499288f2"},"headline":"Federico Ozanam seg\u00fan su correspondencia (33 y final)","datePublished":"2024-05-19T06:44:04+00:00","mainEntityOfPage":{"@id":"https:\/\/vincentians.com\/es\/federico-ozanam-segun-su-correspondencia-33-y-final\/"},"wordCount":2109,"commentCount":1,"publisher":{"@id":"https:\/\/vincentians.com\/es\/#organization"},"image":{"@id":"https:\/\/vincentians.com\/es\/federico-ozanam-segun-su-correspondencia-33-y-final\/#primaryimage"},"thumbnailUrl":"https:\/\/i0.wp.com\/vincentians.com\/es\/wp-content\/uploads\/sites\/11\/2014\/12\/ozanam-the-poet.jpg?fit=1200%2C630&ssl=1","keywords":["Pobreza"],"articleSection":["Federico Ozanam"],"inLanguage":"es","potentialAction":[{"@type":"CommentAction","name":"Comment","target":["https:\/\/vincentians.com\/es\/federico-ozanam-segun-su-correspondencia-33-y-final\/#respond"]}]},{"@type":"WebPage","@id":"https:\/\/vincentians.com\/es\/federico-ozanam-segun-su-correspondencia-33-y-final\/","url":"https:\/\/vincentians.com\/es\/federico-ozanam-segun-su-correspondencia-33-y-final\/","name":"Federico Ozanam seg\u00fan su correspondencia (33 y final) - Somos Vicencianos","isPartOf":{"@id":"https:\/\/vincentians.com\/es\/#website"},"primaryImageOfPage":{"@id":"https:\/\/vincentians.com\/es\/federico-ozanam-segun-su-correspondencia-33-y-final\/#primaryimage"},"image":{"@id":"https:\/\/vincentians.com\/es\/federico-ozanam-segun-su-correspondencia-33-y-final\/#primaryimage"},"thumbnailUrl":"https:\/\/i0.wp.com\/vincentians.com\/es\/wp-content\/uploads\/sites\/11\/2014\/12\/ozanam-the-poet.jpg?fit=1200%2C630&ssl=1","datePublished":"2024-05-19T06:44:04+00:00","breadcrumb":{"@id":"https:\/\/vincentians.com\/es\/federico-ozanam-segun-su-correspondencia-33-y-final\/#breadcrumb"},"inLanguage":"es","potentialAction":[{"@type":"ReadAction","target":["https:\/\/vincentians.com\/es\/federico-ozanam-segun-su-correspondencia-33-y-final\/"]}]},{"@type":"ImageObject","inLanguage":"es","@id":"https:\/\/vincentians.com\/es\/federico-ozanam-segun-su-correspondencia-33-y-final\/#primaryimage","url":"https:\/\/i0.wp.com\/vincentians.com\/es\/wp-content\/uploads\/sites\/11\/2014\/12\/ozanam-the-poet.jpg?fit=1200%2C630&ssl=1","contentUrl":"https:\/\/i0.wp.com\/vincentians.com\/es\/wp-content\/uploads\/sites\/11\/2014\/12\/ozanam-the-poet.jpg?fit=1200%2C630&ssl=1","width":1200,"height":630},{"@type":"BreadcrumbList","@id":"https:\/\/vincentians.com\/es\/federico-ozanam-segun-su-correspondencia-33-y-final\/#breadcrumb","itemListElement":[{"@type":"ListItem","position":1,"name":"Portada","item":"https:\/\/vincentians.com\/es\/"},{"@type":"ListItem","position":2,"name":"Federico Ozanam seg\u00fan su correspondencia (33 y final)"}]},{"@type":"WebSite","@id":"https:\/\/vincentians.com\/es\/#website","url":"https:\/\/vincentians.com\/es\/","name":"Somos Vicencianos","description":"Know more to serve more","publisher":{"@id":"https:\/\/vincentians.com\/es\/#organization"},"potentialAction":[{"@type":"SearchAction","target":{"@type":"EntryPoint","urlTemplate":"https:\/\/vincentians.com\/es\/?s={search_term_string}"},"query-input":{"@type":"PropertyValueSpecification","valueRequired":true,"valueName":"search_term_string"}}],"inLanguage":"es"},{"@type":"Organization","@id":"https:\/\/vincentians.com\/es\/#organization","name":"The Vincentian Network","url":"https:\/\/vincentians.com\/es\/","logo":{"@type":"ImageObject","inLanguage":"es","@id":"https:\/\/vincentians.com\/es\/#\/schema\/logo\/image\/","url":"https:\/\/i1.wp.com\/vincentians.com\/es\/wp-content\/uploads\/sites\/11\/2016\/06\/Vincentian-Network-logo-big.png?fit=778%2C778","contentUrl":"https:\/\/i1.wp.com\/vincentians.com\/es\/wp-content\/uploads\/sites\/11\/2016\/06\/Vincentian-Network-logo-big.png?fit=778%2C778","width":778,"height":778,"caption":"The Vincentian Network"},"image":{"@id":"https:\/\/vincentians.com\/es\/#\/schema\/logo\/image\/"},"sameAs":["https:\/\/www.facebook.com\/WeAreVincentians\/","https:\/\/x.com\/WeVincentians"]},{"@type":"Person","@id":"https:\/\/vincentians.com\/es\/#\/schema\/person\/9623ef4d9aa3b2dfb8c061f1499288f2","name":"Francisco Javier Fern\u00e1ndez Chento","image":{"@type":"ImageObject","inLanguage":"es","@id":"https:\/\/vincentians.com\/es\/#\/schema\/person\/image\/","url":"https:\/\/secure.gravatar.com\/avatar\/497d5cde87b4c3d097d0315953521681ba2cd523ee66e5077c3711f7021e65de?s=96&d=mm&r=g","contentUrl":"https:\/\/secure.gravatar.com\/avatar\/497d5cde87b4c3d097d0315953521681ba2cd523ee66e5077c3711f7021e65de?s=96&d=mm&r=g","caption":"Francisco Javier Fern\u00e1ndez Chento"},"description":"Director General y cofundador de La Red de Formaci\u00f3n Vicenciana. Javier es laico vicenciano, afiliado a la Congregaci\u00f3n de la Misi\u00f3n y miembro del Equipo de Misiones Populares de la provincia can\u00f3nica de Zaragoza (Espa\u00f1a) de la Congregaci\u00f3n de la Misi\u00f3n. Graduado en la Universidad Oberta de Catalunya con cuatro grados (Asistente de direcci\u00f3n, Gesti\u00f3n Administrativa, Recursos Humanos y Contabilidad Avanzada). Bil\u00edng\u00fce Espa\u00f1ol\/Ingl\u00e9s. gestiona y mantiene varias p\u00e1ginas web cristianas y vicencianas, incluida including La Red de Formaci\u00f3n Vicenciana, de la que es cofundador. Actualmente es responsable del \u00e1rea de Espa\u00f1ol de .famvin, la Red de Noticias de la Familia Vicenciana. Tambi\u00e9n es m\u00fasico cat\u00f3lico y ha editado varios discos. Es Director General y cofundador de Trovador, una reconocida compa\u00f1\u00eda discogr\u00e1fica critiana de Espa\u00f1a. Trabaja en las Tecnolog\u00edas de la Informaci\u00f3n, ofreciendo servicios de alojamiento, dise\u00f1o y mantenimiento Web, as\u00ed como asesoramiento, formaci\u00f3n y soluciones inform\u00e1ticas, gesti\u00f3n documental y digitalizaci\u00f3n de textos, edici\u00f3n y maquetaci\u00f3n de libros, revistas, flyers, etc.","sameAs":["http:\/\/chento.org","https:\/\/www.facebook.com\/JavierChento","https:\/\/x.com\/https:\/\/twitter.com\/javierchento"],"url":"https:\/\/vincentians.com\/es\/author\/chento\/"}]}},"jetpack_publicize_connections":[],"jetpack_featured_media_url":"https:\/\/i0.wp.com\/vincentians.com\/es\/wp-content\/uploads\/sites\/11\/2014\/12\/ozanam-the-poet.jpg?fit=1200%2C630&ssl=1","jetpack_sharing_enabled":true,"jetpack_shortlink":"https:\/\/wp.me\/p7ETMF-hOI","jetpack-related-posts":[{"id":104297,"url":"https:\/\/vincentians.com\/es\/novena-biblica-en-honor-al-beato-federico-ozanam-dia-tercero\/","url_meta":{"origin":68492,"position":0},"title":"Novena b\u00edblica en honor al beato Federico Ozanam: D\u00eda tercero","author":"Francisco Javier Fern\u00e1ndez Chento","date":"03\/09\/2012","format":false,"excerpt":"Oraci\u00f3n Oh Dios de Caridad infinita, que no dejas de compadecerte de nosotros y contin\u00faas la obra misericordiosa de tu Divino Hijo Jesucristo en la historia de cada hombre. Te damos infinitas gracias por el amor que se hace manifiesto por medio de la gracia bautismal en todos y cada\u2026","rel":"","context":"En \u00abFederico Ozanam\u00bb","block_context":{"text":"Federico Ozanam","link":"https:\/\/vincentians.com\/es\/category\/la-familia-vicenciana\/fundadores\/federico-ozanam\/"},"img":{"alt_text":"","src":"https:\/\/i0.wp.com\/vicencianos.org\/wp-content\/2012\/09\/beato_ozanam_pobre-225x300.jpg?resize=350%2C200","width":350,"height":200},"classes":[]},{"id":104294,"url":"https:\/\/vincentians.com\/es\/novena-biblica-en-honor-al-beato-federico-ozanam-dia-sexto\/","url_meta":{"origin":68492,"position":1},"title":"Novena b\u00edblica en honor al beato Federico Ozanam: D\u00eda sexto","author":"Francisco Javier Fern\u00e1ndez Chento","date":"06\/09\/2012","format":false,"excerpt":"Oraci\u00f3n Oh Dios de Caridad infinita, que no dejas de compadecerte de nosotros y contin\u00faas la obra misericordiosa de tu Divino Hijo Jesucristo en la historia de cada hombre. Te damos infinitas gracias por el amor que se hace manifiesto por medio de la gracia bautismal en todos y cada\u2026","rel":"","context":"En \u00abFederico Ozanam\u00bb","block_context":{"text":"Federico Ozanam","link":"https:\/\/vincentians.com\/es\/category\/la-familia-vicenciana\/fundadores\/federico-ozanam\/"},"img":{"alt_text":"","src":"https:\/\/i0.wp.com\/vicencianos.org\/wp-content\/2012\/09\/beato_ozanam_pobre-225x300.jpg?resize=350%2C200","width":350,"height":200},"classes":[]},{"id":108598,"url":"https:\/\/vincentians.com\/es\/la-caridad-al-projimo-en-el-nuevo-testamento\/","url_meta":{"origin":68492,"position":2},"title":"La caridad al pr\u00f3jimo en el Nuevo Testamento","author":"Francisco Javier Fern\u00e1ndez Chento","date":"03\/02\/2019","format":false,"excerpt":"Introducci\u00f3n al vocabulario y m\u00e9todo Me pidieron que les hablara de La caridad en el Nuevo Testamento. Pero hablar de la caridad quiere decir hablar del amor, y el amor, como disposici\u00f3n del \u00e1nimo, designa un conjunto de cosas muy di\u00adversas, como sabemos. Por ello me parece necesario comenzar por\u2026","rel":"","context":"En \u00abFormaci\u00f3n Vicenciana\u00bb","block_context":{"text":"Formaci\u00f3n Vicenciana","link":"https:\/\/vincentians.com\/es\/category\/formacion-vicenciana\/"},"img":{"alt_text":"","src":"https:\/\/i0.wp.com\/vincentians.com\/es\/wp-content\/uploads\/sites\/11\/2016\/09\/enviados-evangelizar-pobres.jpg?fit=1200%2C630&ssl=1&resize=350%2C200","width":350,"height":200,"srcset":"https:\/\/i0.wp.com\/vincentians.com\/es\/wp-content\/uploads\/sites\/11\/2016\/09\/enviados-evangelizar-pobres.jpg?fit=1200%2C630&ssl=1&resize=350%2C200 1x, https:\/\/i0.wp.com\/vincentians.com\/es\/wp-content\/uploads\/sites\/11\/2016\/09\/enviados-evangelizar-pobres.jpg?fit=1200%2C630&ssl=1&resize=525%2C300 1.5x, https:\/\/i0.wp.com\/vincentians.com\/es\/wp-content\/uploads\/sites\/11\/2016\/09\/enviados-evangelizar-pobres.jpg?fit=1200%2C630&ssl=1&resize=700%2C400 2x, https:\/\/i0.wp.com\/vincentians.com\/es\/wp-content\/uploads\/sites\/11\/2016\/09\/enviados-evangelizar-pobres.jpg?fit=1200%2C630&ssl=1&resize=1050%2C600 3x"},"classes":[]},{"id":139639,"url":"https:\/\/vincentians.com\/es\/6o-domingo-de-t-o-reflexion-de-antonio-elduayen-c-m-2\/","url_meta":{"origin":68492,"position":3},"title":"6\u00ba Domingo de T.O. (reflexi\u00f3n de Antonio Elduayen, C.M.)","author":"Francisco Javier Fern\u00e1ndez Chento","date":"12\/02\/2015","format":false,"excerpt":"Queridos amigos, La curaci\u00f3n de un leproso es el t\u00edtulo del evangelio de hoy (Mc 1, 40-45), en el que Jes\u00fas, al curarlo, se muestra acogedor, compasivo, audaz, todopoderoso. Y, al enviarlo a los suyos, una vez sanado, cumplidor de la ley, cauto, comprensivo y humilde. Todos esos calificativos le\u2026","rel":"","context":"En \u00abHomil\u00edas y reflexiones, A\u00f1o B\u00bb","block_context":{"text":"Homil\u00edas y reflexiones, A\u00f1o B","link":"https:\/\/vincentians.com\/es\/category\/homilias-y-reflexiones-a-la-palabra-de-dios\/homilias-y-reflexiones-ano-b\/"},"img":{"alt_text":"","src":"https:\/\/i0.wp.com\/vincentians.com\/es\/wp-content\/uploads\/sites\/11\/2016\/07\/reflexiones-palabra-de-dios.jpg?fit=1200%2C630&ssl=1&resize=350%2C200","width":350,"height":200,"srcset":"https:\/\/i0.wp.com\/vincentians.com\/es\/wp-content\/uploads\/sites\/11\/2016\/07\/reflexiones-palabra-de-dios.jpg?fit=1200%2C630&ssl=1&resize=350%2C200 1x, https:\/\/i0.wp.com\/vincentians.com\/es\/wp-content\/uploads\/sites\/11\/2016\/07\/reflexiones-palabra-de-dios.jpg?fit=1200%2C630&ssl=1&resize=525%2C300 1.5x, https:\/\/i0.wp.com\/vincentians.com\/es\/wp-content\/uploads\/sites\/11\/2016\/07\/reflexiones-palabra-de-dios.jpg?fit=1200%2C630&ssl=1&resize=700%2C400 2x, https:\/\/i0.wp.com\/vincentians.com\/es\/wp-content\/uploads\/sites\/11\/2016\/07\/reflexiones-palabra-de-dios.jpg?fit=1200%2C630&ssl=1&resize=1050%2C600 3x"},"classes":[]},{"id":104296,"url":"https:\/\/vincentians.com\/es\/novena-biblica-en-honor-al-beato-federico-ozanam-dia-cuarto\/","url_meta":{"origin":68492,"position":4},"title":"Novena b\u00edblica en honor al beato Federico Ozanam: D\u00eda cuarto","author":"Francisco Javier Fern\u00e1ndez Chento","date":"04\/09\/2012","format":false,"excerpt":"Oraci\u00f3n Oh Dios de Caridad infinita, que no dejas de compadecerte de nosotros y contin\u00faas la obra misericordiosa de tu Divino Hijo Jesucristo en la historia de cada hombre. Te damos infinitas gracias por el amor que se hace manifiesto por medio de la gracia bautismal en todos y cada\u2026","rel":"","context":"En \u00abFederico Ozanam\u00bb","block_context":{"text":"Federico Ozanam","link":"https:\/\/vincentians.com\/es\/category\/la-familia-vicenciana\/fundadores\/federico-ozanam\/"},"img":{"alt_text":"","src":"https:\/\/i0.wp.com\/vicencianos.org\/wp-content\/2012\/09\/beato_ozanam_pobre-225x300.jpg?resize=350%2C200","width":350,"height":200},"classes":[]},{"id":47948,"url":"https:\/\/vincentians.com\/es\/homilia-del-papa-juan-pablo-ii-en-la-misa-de-beatificacion-de-federico-ozanam\/","url_meta":{"origin":68492,"position":5},"title":"Homil\u00eda del Papa Juan Pablo II, en la Misa de beatificaci\u00f3n de Federico Ozanam","author":"Francisco Javier Fern\u00e1ndez Chento","date":"09\/08\/2011","format":false,"excerpt":"1. \"El amor viene de Dios\" (1 Jn 4,7). El Evangelio de hoy nos presenta la figura del buen Samaritano. En esta par\u00e1bola Cristo quiere mostrar a sus oyentes qui\u00e9n es el pr\u00f3jimo citado en el principal mandamiento de la Ley Divina: \"Amar\u00e1s al Se\u00f1or tu Dios con todo tu\u2026","rel":"","context":"En \u00abFederico Ozanam\u00bb","block_context":{"text":"Federico Ozanam","link":"https:\/\/vincentians.com\/es\/category\/la-familia-vicenciana\/fundadores\/federico-ozanam\/"},"img":{"alt_text":"","src":"https:\/\/i0.wp.com\/vicencianos.org\/wp-content\/2011\/01\/ozanam1-260x300.png?resize=350%2C200","width":350,"height":200},"classes":[]}],"_links":{"self":[{"href":"https:\/\/vincentians.com\/es\/wp-json\/wp\/v2\/posts\/68492","targetHints":{"allow":["GET"]}}],"collection":[{"href":"https:\/\/vincentians.com\/es\/wp-json\/wp\/v2\/posts"}],"about":[{"href":"https:\/\/vincentians.com\/es\/wp-json\/wp\/v2\/types\/post"}],"author":[{"embeddable":true,"href":"https:\/\/vincentians.com\/es\/wp-json\/wp\/v2\/users\/4"}],"replies":[{"embeddable":true,"href":"https:\/\/vincentians.com\/es\/wp-json\/wp\/v2\/comments?post=68492"}],"version-history":[{"count":1,"href":"https:\/\/vincentians.com\/es\/wp-json\/wp\/v2\/posts\/68492\/revisions"}],"predecessor-version":[{"id":405427,"href":"https:\/\/vincentians.com\/es\/wp-json\/wp\/v2\/posts\/68492\/revisions\/405427"}],"wp:featuredmedia":[{"embeddable":true,"href":"https:\/\/vincentians.com\/es\/wp-json\/wp\/v2\/media\/150094"}],"wp:attachment":[{"href":"https:\/\/vincentians.com\/es\/wp-json\/wp\/v2\/media?parent=68492"}],"wp:term":[{"taxonomy":"category","embeddable":true,"href":"https:\/\/vincentians.com\/es\/wp-json\/wp\/v2\/categories?post=68492"},{"taxonomy":"post_tag","embeddable":true,"href":"https:\/\/vincentians.com\/es\/wp-json\/wp\/v2\/tags?post=68492"}],"curies":[{"name":"wp","href":"https:\/\/api.w.org\/{rel}","templated":true}]}}