{"id":6731,"date":"2009-12-22T17:31:36","date_gmt":"2009-12-22T16:31:36","guid":{"rendered":"http:\/\/somos.vicencianos.org\/blog\/?p=6731"},"modified":"2009-12-22T17:31:36","modified_gmt":"2009-12-22T16:31:36","slug":"navidad-en-prision","status":"publish","type":"post","link":"https:\/\/vincentians.com\/es\/navidad-en-prision\/","title":{"rendered":"Navidad en prisi\u00f3n"},"content":{"rendered":"<blockquote><p><em>El pasado Domingo 20 de diciembre, en la Hoja Dominical de la Di\u00f3cesis de Albacete, en el peri\u00f3dico \u00abLa Tribuna de Albacete\u00bb y en el programa de radio \u00abIglesia de Albacete\u00bb de la COPE apareci\u00f3 una entrevista realizada al P. Javier L\u00f3pez, C.M., superior de la Comunidad y capell\u00e1n de la c\u00e1rcel provincial \u00abLa Torrecica\u00bb. A continuaci\u00f3n reproducimos dicha entrevista:<\/em><\/p><\/blockquote>\n<p><strong><em><a href=\"https:\/\/i0.wp.com\/vicencianos.org\/vicencianos\/files\/2009\/12\/navidad_en_prision.jpg\"><img data-recalc-dims=\"1\" loading=\"lazy\" decoding=\"async\" class=\"alignright size-medium wp-image-6732\" src=\"https:\/\/i0.wp.com\/vicencianos.org\/vicencianos\/files\/2009\/12\/navidad_en_prision-300x224.jpg?resize=300%2C224\" alt=\"\" width=\"300\" height=\"224\" \/><\/a>\u00bfC\u00f3mo se celebra la Navidad en la Prisi\u00f3n? <\/em><\/strong><\/p>\n<p>Depende siempre de qu\u00e9 personas o grupo de internos estemos hablando, la Navidad se celebra o se vive de una manera u otra\u2026 pasa igual con la sociedad en general. Te recuerdo que la prisi\u00f3n es un reflejo real de la sociedad en la que vivimos, que es plural, multicultural, donde conviven diferentes etnias y religiones; la \u00fanica diferencia es que fuera hay libertad y dentro hay barrotes.<\/p>\n<p>En el ambiente dentro de la prisi\u00f3n se nota que \u00abpasa algo\u00bb\u2026 no son d\u00edas como los otros\u2026 los 6 m\u00f3dulos (de preventivos, de primer y segundo grado), que son como peque\u00f1as aldeas donde conviven entre 20 \u00f3 40 internos, dependiendo del espacio, donde est\u00e1n las celdas, el comedor, una sala recreativa o para manualidades y un patio, son decorados por los mismos internos con motivos navide\u00f1os y no suele faltar en ning\u00fan m\u00f3dulo el bel\u00e9n y el arbolito\u2026 en los d\u00edas se\u00f1alados de la Navidad se sirve una comida un poco m\u00e1s especial que los otros d\u00edas. Se nota ambiente de fiesta\u2026 pero tambi\u00e9n se percibe, cuando escuchas personalmente a alguno, la tristeza de estar lejos de su familia y no celebrar con ellos (los que la tienen) estos d\u00edas de fiesta familiar.<\/p>\n<p>A nivel religioso se da la oportunidad de celebrar la misa de Navidad, la v\u00edspera, el 24 por la tarde. Durante el Adviento, en las celebraciones religiosas semanales nos vamos preparando para celebrar este d\u00eda. Unos d\u00edas antes solemos ensayar los villancicos de la \u00abmisa del gallo\u00bb. Algunas Voluntarias de Pastoral Penitencial preparan con antelaci\u00f3n el lugar de la celebraci\u00f3n\u2026 Todo listo para el gran acontecimiento del gran d\u00eda: celebrar el nacimiento de Jes\u00fas, el Hijo, el Dios encarnado. Ese d\u00eda preside la celebraci\u00f3n nuestro pastor, el Obispo don Ciriaco. Suele ser una celebraci\u00f3n festiva, participativa y emotiva. La mayor\u00eda son cat\u00f3licos, pero tambi\u00e9n suelen acudir varios evang\u00e9licos, ortodoxos y hasta alg\u00fan musulm\u00e1n. El ambiente suele ser de celebraci\u00f3n alegre y de mucho respeto por parte de todos. Al final de la celebraci\u00f3n, al acabar la adoraci\u00f3n del Ni\u00f1o, se suele repartir algo dulce para compensar, siquiera un poco, la amargura de estar lejos de los suyos.<\/p>\n<p>Otro momento, que ya es costumbre y que conocen los que llevan m\u00e1s tiempo all\u00ed, es el d\u00eda de Reyes. Ese d\u00eda en torno a las 10 de la ma\u00f1ana, Sor M\u00aa Josefa y un grupo de Voluntarias van de m\u00f3dulo en m\u00f3dulo, pandereta en mano y paquetes de regalos, repartiendo uno por uno a cada recluso, envuelto en papel de regalo, un detalle que les alegre el d\u00eda.. un a\u00f1o calcetines, otro unos guantes, otro una bufanda\u2026 siempre con algunas golosinas y calendarios\u2026 nadie queda sin nada\u2026 hay para todos.<\/p>\n<p><strong><em>Cu\u00e1ndo se dice Pastoral penitenciaria, atenci\u00f3n religiosa&#8230; \u00bfQu\u00e9 abarca esta palabra?<\/em><\/strong><\/p>\n<p>Ufff\u2026 abarca todo, porque la pastoral abarca a la persona \u00edntegra. Pero bueno, referida a lo penitenciaria, abarca a la persona reclusa, privada de libertad. Es verdad que la pastoral penitenciaria intenta hacer presente el evangelio en la c\u00e1rcel y lo intenta hacer\u00a0 trav\u00e9s de tres \u00e1reas: jur\u00eddica, social y religiosa. Respecto al \u00e1rea religiosa, que es por la que me preguntas, te dir\u00e9 que \u00e9sta es la labor m\u00e1s espec\u00edfica del capell\u00e1n de prisiones, aunque no exclusiva de \u00e9l. A trav\u00e9s de los sacramentos y sacramentales se intenta ofrecer la luz del evangelio: esperanza, consuelo, escucha, perd\u00f3n, motivaci\u00f3n al arrepentimiento y cambio de vida, posibilidad de una nueva vida vivida desde el amor, cercan\u00eda\u2026 a Jesucristo en definitiva a toda persona privada de libertad que quiera aceptarlo como Buena Noticia para su vida.<\/p>\n<p><strong><em>En el Concierto Solidario que organiz\u00f3 la parroquia de San Jos\u00e9, habl\u00f3 un preso de una experiencia profunda de dolor, de una experiencia tambi\u00e9n de fe pero sobre todo de una experiencia de cercan\u00eda y confianza en ti&#8230; Te pon\u00eda a la altura de un buen padre. \u00bfEs dif\u00edcil acceder a lo profundo del verdadero hombre bueno que habita en el coraz\u00f3n de todo hombre como imagen de Dios?<\/em><\/strong><\/p>\n<p>De esto suelo hablar casi todos los viernes en la celebraci\u00f3n religiosa que tengo con los internos de la Torrecica; les suelo decir siempre que somos creaturas de Dios hechos a su imagen y semejanza, y que Jes\u00fas nos revel\u00f3 el rostro de Dios como Padre, como Amor, y que por tanto nosotros podemos y debemos amar y mirar a los otros con los ojos de la fe para descubrir en ellos la huella, la presencia de Dios. San Vicente de Pa\u00fal dec\u00eda a sus misioneros y a las Hijas de la Caridad que cuando fu\u00e9ramos a servir a los pobres intentemos siempre \u00abdar la vuelta a la medalla\u00bb, es decir, descubrir en ellos la presencia de Cristo. No es f\u00e1cil hacerlo, nunca lo es, pero se puede, s\u00f3lo hay que creer en las palabras de Nuestro Se\u00f1or \u00ab\u2026estuve en la c\u00e1rcel y vinisteis a verme\u00bb<\/p>\n<p><strong><em>\u00bfCu\u00e1l ha sido tu experiencia m\u00e1s gratificante en este acompa\u00f1amiento?<\/em><\/strong><\/p>\n<p>Ha habido muchas experiencias gratificantes, muchas. Pero por compartir algunas brevemente te dir\u00e9 la de uno (ateo, asesino, extranjero y demente), que cuando le coment\u00e9 que una persona, a trav\u00e9s de m\u00ed, le hab\u00eda mandado unos regalitos, me dijo \u00bf\u00bbes que nadie no me odia en Albacete?\u00bb Le contest\u00e9 que hab\u00eda personas, entre ellas yo y esa mujer que le mandaba esos presentes, que reprobaban su actuaci\u00f3n, el motivo por el que estaba all\u00ed, que no estuvo bien y que va en contra del deseo de Dios, pero que a \u00e9l como persona e hijo de Dios se le quer\u00eda, como a todos los dem\u00e1s y no les pod\u00edamos odiar\u2026 en sus ojos vi un brillo y una luz que aun las recuerdo en mi mente como expresi\u00f3n de que alguien se sinti\u00f3 amado y perdonado por primera vez. Otra fue la decisi\u00f3n de dos de hacerse cristianos; llevaban ya casi un a\u00f1o pidi\u00e9ndomelo y jam\u00e1s faltaban a las celebraciones y a los di\u00e1logos personales y en grupo. Vi en ellos sinceridad y decisi\u00f3n por seguir a Cristo y en Pascua recibieron el bautismo y se incorporaron a su Iglesia.<\/p>\n<p><strong><em> Desde el conocimiento de la realidad del interno en la prisi\u00f3n qu\u00e9 &#8216;denuncia&#8217; o s\u00faplica har\u00edas a la sociedad.<\/em><\/strong><\/p>\n<p>Pues que aprendamos a perdonar. S\u00e9 que en muchos casos reparar el da\u00f1o que alguien ha producido a otros u otros es muy dif\u00edcil o imposible. S\u00f3lo el perd\u00f3n puede curar heridas. Me encantar\u00eda poder buscar otras penas alternativas a la prisi\u00f3n\u2026 pasos se est\u00e1n dando.<\/p>\n","protected":false},"excerpt":{"rendered":"<p>El pasado Domingo 20 de diciembre, en la Hoja Dominical de la Di\u00f3cesis de Albacete, en el peri\u00f3dico \u00abLa Tribuna de Albacete\u00bb y en el programa de radio \u00abIglesia de Albacete\u00bb de la COPE apareci\u00f3 &#8230; <a href=\"https:\/\/vincentians.com\/es\/navidad-en-prision\/\" class=\"more-link\">Read More<\/a><\/p>\n","protected":false},"author":4,"featured_media":0,"comment_status":"open","ping_status":"open","sticky":false,"template":"","format":"standard","meta":{"jetpack_post_was_ever_published":false,"_jetpack_newsletter_access":"","_jetpack_dont_email_post_to_subs":false,"_jetpack_newsletter_tier_id":0,"_jetpack_memberships_contains_paywalled_content":false,"_jetpack_memberships_contains_paid_content":false,"footnotes":"","jetpack_publicize_message":"","jetpack_publicize_feature_enabled":true,"jetpack_social_post_already_shared":true,"jetpack_social_options":{"image_generator_settings":{"template":"highway","default_image_id":0,"font":"","enabled":false},"version":2}},"categories":[198],"tags":[],"class_list":["post-6731","post","type-post","status-publish","format-standard","hentry","category-pastoral-carcelaria","no-post-thumbnail"],"yoast_head":"<!-- This site is optimized with the Yoast SEO plugin v26.3 - https:\/\/yoast.com\/wordpress\/plugins\/seo\/ -->\n<title>Navidad en prisi\u00f3n - Somos Vicencianos<\/title>\n<meta name=\"robots\" content=\"index, follow, max-snippet:-1, max-image-preview:large, max-video-preview:-1\" \/>\n<link rel=\"canonical\" href=\"https:\/\/vincentians.com\/es\/navidad-en-prision\/\" \/>\n<meta property=\"og:locale\" content=\"es_ES\" \/>\n<meta property=\"og:type\" content=\"article\" \/>\n<meta property=\"og:title\" content=\"Navidad en prisi\u00f3n - Somos Vicencianos\" \/>\n<meta property=\"og:description\" content=\"El pasado Domingo 20 de diciembre, en la Hoja Dominical de la Di\u00f3cesis de Albacete, en el peri\u00f3dico \u00abLa Tribuna de Albacete\u00bb y en el programa de radio \u00abIglesia de Albacete\u00bb de la COPE apareci\u00f3 ... Read More\" \/>\n<meta property=\"og:url\" content=\"https:\/\/vincentians.com\/es\/navidad-en-prision\/\" \/>\n<meta property=\"og:site_name\" content=\"Somos Vicencianos\" \/>\n<meta property=\"article:publisher\" content=\"https:\/\/www.facebook.com\/WeAreVincentians\/\" \/>\n<meta property=\"article:author\" content=\"https:\/\/www.facebook.com\/JavierChento\" \/>\n<meta property=\"article:published_time\" content=\"2009-12-22T16:31:36+00:00\" \/>\n<meta property=\"og:image\" content=\"http:\/\/vicencianos.org\/vicencianos\/files\/2009\/12\/navidad_en_prision-300x224.jpg\" \/>\n<meta name=\"author\" content=\"Francisco Javier Fern\u00e1ndez Chento\" \/>\n<meta name=\"twitter:card\" content=\"summary_large_image\" \/>\n<meta name=\"twitter:creator\" content=\"@https:\/\/twitter.com\/javierchento\" \/>\n<meta name=\"twitter:site\" content=\"@WeVincentians\" \/>\n<meta name=\"twitter:label1\" content=\"Escrito por\" \/>\n\t<meta name=\"twitter:data1\" content=\"Francisco Javier Fern\u00e1ndez Chento\" \/>\n\t<meta name=\"twitter:label2\" content=\"Tiempo de lectura\" \/>\n\t<meta name=\"twitter:data2\" content=\"6 minutos\" \/>\n<script type=\"application\/ld+json\" class=\"yoast-schema-graph\">{\"@context\":\"https:\/\/schema.org\",\"@graph\":[{\"@type\":\"Article\",\"@id\":\"https:\/\/vincentians.com\/es\/navidad-en-prision\/#article\",\"isPartOf\":{\"@id\":\"https:\/\/vincentians.com\/es\/navidad-en-prision\/\"},\"author\":{\"name\":\"Francisco Javier Fern\u00e1ndez Chento\",\"@id\":\"https:\/\/vincentians.com\/es\/#\/schema\/person\/9623ef4d9aa3b2dfb8c061f1499288f2\"},\"headline\":\"Navidad en prisi\u00f3n\",\"datePublished\":\"2009-12-22T16:31:36+00:00\",\"mainEntityOfPage\":{\"@id\":\"https:\/\/vincentians.com\/es\/navidad-en-prision\/\"},\"wordCount\":1246,\"commentCount\":0,\"publisher\":{\"@id\":\"https:\/\/vincentians.com\/es\/#organization\"},\"image\":{\"@id\":\"https:\/\/vincentians.com\/es\/navidad-en-prision\/#primaryimage\"},\"thumbnailUrl\":\"http:\/\/vicencianos.org\/vicencianos\/files\/2009\/12\/navidad_en_prision-300x224.jpg\",\"articleSection\":[\"Pastoral Carcelaria\"],\"inLanguage\":\"es\",\"potentialAction\":[{\"@type\":\"CommentAction\",\"name\":\"Comment\",\"target\":[\"https:\/\/vincentians.com\/es\/navidad-en-prision\/#respond\"]}]},{\"@type\":\"WebPage\",\"@id\":\"https:\/\/vincentians.com\/es\/navidad-en-prision\/\",\"url\":\"https:\/\/vincentians.com\/es\/navidad-en-prision\/\",\"name\":\"Navidad en prisi\u00f3n - Somos Vicencianos\",\"isPartOf\":{\"@id\":\"https:\/\/vincentians.com\/es\/#website\"},\"primaryImageOfPage\":{\"@id\":\"https:\/\/vincentians.com\/es\/navidad-en-prision\/#primaryimage\"},\"image\":{\"@id\":\"https:\/\/vincentians.com\/es\/navidad-en-prision\/#primaryimage\"},\"thumbnailUrl\":\"http:\/\/vicencianos.org\/vicencianos\/files\/2009\/12\/navidad_en_prision-300x224.jpg\",\"datePublished\":\"2009-12-22T16:31:36+00:00\",\"breadcrumb\":{\"@id\":\"https:\/\/vincentians.com\/es\/navidad-en-prision\/#breadcrumb\"},\"inLanguage\":\"es\",\"potentialAction\":[{\"@type\":\"ReadAction\",\"target\":[\"https:\/\/vincentians.com\/es\/navidad-en-prision\/\"]}]},{\"@type\":\"ImageObject\",\"inLanguage\":\"es\",\"@id\":\"https:\/\/vincentians.com\/es\/navidad-en-prision\/#primaryimage\",\"url\":\"http:\/\/vicencianos.org\/vicencianos\/files\/2009\/12\/navidad_en_prision-300x224.jpg\",\"contentUrl\":\"http:\/\/vicencianos.org\/vicencianos\/files\/2009\/12\/navidad_en_prision-300x224.jpg\"},{\"@type\":\"BreadcrumbList\",\"@id\":\"https:\/\/vincentians.com\/es\/navidad-en-prision\/#breadcrumb\",\"itemListElement\":[{\"@type\":\"ListItem\",\"position\":1,\"name\":\"Portada\",\"item\":\"https:\/\/vincentians.com\/es\/\"},{\"@type\":\"ListItem\",\"position\":2,\"name\":\"Navidad en prisi\u00f3n\"}]},{\"@type\":\"WebSite\",\"@id\":\"https:\/\/vincentians.com\/es\/#website\",\"url\":\"https:\/\/vincentians.com\/es\/\",\"name\":\"Somos Vicencianos\",\"description\":\"Know more to serve more\",\"publisher\":{\"@id\":\"https:\/\/vincentians.com\/es\/#organization\"},\"potentialAction\":[{\"@type\":\"SearchAction\",\"target\":{\"@type\":\"EntryPoint\",\"urlTemplate\":\"https:\/\/vincentians.com\/es\/?s={search_term_string}\"},\"query-input\":{\"@type\":\"PropertyValueSpecification\",\"valueRequired\":true,\"valueName\":\"search_term_string\"}}],\"inLanguage\":\"es\"},{\"@type\":\"Organization\",\"@id\":\"https:\/\/vincentians.com\/es\/#organization\",\"name\":\"The Vincentian Network\",\"url\":\"https:\/\/vincentians.com\/es\/\",\"logo\":{\"@type\":\"ImageObject\",\"inLanguage\":\"es\",\"@id\":\"https:\/\/vincentians.com\/es\/#\/schema\/logo\/image\/\",\"url\":\"https:\/\/i1.wp.com\/vincentians.com\/es\/wp-content\/uploads\/sites\/11\/2016\/06\/Vincentian-Network-logo-big.png?fit=778%2C778\",\"contentUrl\":\"https:\/\/i1.wp.com\/vincentians.com\/es\/wp-content\/uploads\/sites\/11\/2016\/06\/Vincentian-Network-logo-big.png?fit=778%2C778\",\"width\":778,\"height\":778,\"caption\":\"The Vincentian Network\"},\"image\":{\"@id\":\"https:\/\/vincentians.com\/es\/#\/schema\/logo\/image\/\"},\"sameAs\":[\"https:\/\/www.facebook.com\/WeAreVincentians\/\",\"https:\/\/x.com\/WeVincentians\"]},{\"@type\":\"Person\",\"@id\":\"https:\/\/vincentians.com\/es\/#\/schema\/person\/9623ef4d9aa3b2dfb8c061f1499288f2\",\"name\":\"Francisco Javier Fern\u00e1ndez Chento\",\"image\":{\"@type\":\"ImageObject\",\"inLanguage\":\"es\",\"@id\":\"https:\/\/vincentians.com\/es\/#\/schema\/person\/image\/\",\"url\":\"https:\/\/secure.gravatar.com\/avatar\/497d5cde87b4c3d097d0315953521681ba2cd523ee66e5077c3711f7021e65de?s=96&d=mm&r=g\",\"contentUrl\":\"https:\/\/secure.gravatar.com\/avatar\/497d5cde87b4c3d097d0315953521681ba2cd523ee66e5077c3711f7021e65de?s=96&d=mm&r=g\",\"caption\":\"Francisco Javier Fern\u00e1ndez Chento\"},\"description\":\"Director General y cofundador de La Red de Formaci\u00f3n Vicenciana. Javier es laico vicenciano, afiliado a la Congregaci\u00f3n de la Misi\u00f3n y miembro del Equipo de Misiones Populares de la provincia can\u00f3nica de Zaragoza (Espa\u00f1a) de la Congregaci\u00f3n de la Misi\u00f3n. Graduado en la Universidad Oberta de Catalunya con cuatro grados (Asistente de direcci\u00f3n, Gesti\u00f3n Administrativa, Recursos Humanos y Contabilidad Avanzada). Bil\u00edng\u00fce Espa\u00f1ol\/Ingl\u00e9s. gestiona y mantiene varias p\u00e1ginas web cristianas y vicencianas, incluida including La Red de Formaci\u00f3n Vicenciana, de la que es cofundador. Actualmente es responsable del \u00e1rea de Espa\u00f1ol de .famvin, la Red de Noticias de la Familia Vicenciana. Tambi\u00e9n es m\u00fasico cat\u00f3lico y ha editado varios discos. Es Director General y cofundador de Trovador, una reconocida compa\u00f1\u00eda discogr\u00e1fica critiana de Espa\u00f1a. Trabaja en las Tecnolog\u00edas de la Informaci\u00f3n, ofreciendo servicios de alojamiento, dise\u00f1o y mantenimiento Web, as\u00ed como asesoramiento, formaci\u00f3n y soluciones inform\u00e1ticas, gesti\u00f3n documental y digitalizaci\u00f3n de textos, edici\u00f3n y maquetaci\u00f3n de libros, revistas, flyers, etc.\",\"sameAs\":[\"http:\/\/chento.org\",\"https:\/\/www.facebook.com\/JavierChento\",\"https:\/\/x.com\/https:\/\/twitter.com\/javierchento\"],\"url\":\"https:\/\/vincentians.com\/es\/author\/chento\/\"}]}<\/script>\n<!-- \/ Yoast SEO plugin. -->","yoast_head_json":{"title":"Navidad en prisi\u00f3n - Somos Vicencianos","robots":{"index":"index","follow":"follow","max-snippet":"max-snippet:-1","max-image-preview":"max-image-preview:large","max-video-preview":"max-video-preview:-1"},"canonical":"https:\/\/vincentians.com\/es\/navidad-en-prision\/","og_locale":"es_ES","og_type":"article","og_title":"Navidad en prisi\u00f3n - Somos Vicencianos","og_description":"El pasado Domingo 20 de diciembre, en la Hoja Dominical de la Di\u00f3cesis de Albacete, en el peri\u00f3dico \u00abLa Tribuna de Albacete\u00bb y en el programa de radio \u00abIglesia de Albacete\u00bb de la COPE apareci\u00f3 ... Read More","og_url":"https:\/\/vincentians.com\/es\/navidad-en-prision\/","og_site_name":"Somos Vicencianos","article_publisher":"https:\/\/www.facebook.com\/WeAreVincentians\/","article_author":"https:\/\/www.facebook.com\/JavierChento","article_published_time":"2009-12-22T16:31:36+00:00","og_image":[{"url":"http:\/\/vicencianos.org\/vicencianos\/files\/2009\/12\/navidad_en_prision-300x224.jpg","type":"","width":"","height":""}],"author":"Francisco Javier Fern\u00e1ndez Chento","twitter_card":"summary_large_image","twitter_creator":"@https:\/\/twitter.com\/javierchento","twitter_site":"@WeVincentians","twitter_misc":{"Escrito por":"Francisco Javier Fern\u00e1ndez Chento","Tiempo de lectura":"6 minutos"},"schema":{"@context":"https:\/\/schema.org","@graph":[{"@type":"Article","@id":"https:\/\/vincentians.com\/es\/navidad-en-prision\/#article","isPartOf":{"@id":"https:\/\/vincentians.com\/es\/navidad-en-prision\/"},"author":{"name":"Francisco Javier Fern\u00e1ndez Chento","@id":"https:\/\/vincentians.com\/es\/#\/schema\/person\/9623ef4d9aa3b2dfb8c061f1499288f2"},"headline":"Navidad en prisi\u00f3n","datePublished":"2009-12-22T16:31:36+00:00","mainEntityOfPage":{"@id":"https:\/\/vincentians.com\/es\/navidad-en-prision\/"},"wordCount":1246,"commentCount":0,"publisher":{"@id":"https:\/\/vincentians.com\/es\/#organization"},"image":{"@id":"https:\/\/vincentians.com\/es\/navidad-en-prision\/#primaryimage"},"thumbnailUrl":"http:\/\/vicencianos.org\/vicencianos\/files\/2009\/12\/navidad_en_prision-300x224.jpg","articleSection":["Pastoral Carcelaria"],"inLanguage":"es","potentialAction":[{"@type":"CommentAction","name":"Comment","target":["https:\/\/vincentians.com\/es\/navidad-en-prision\/#respond"]}]},{"@type":"WebPage","@id":"https:\/\/vincentians.com\/es\/navidad-en-prision\/","url":"https:\/\/vincentians.com\/es\/navidad-en-prision\/","name":"Navidad en prisi\u00f3n - Somos Vicencianos","isPartOf":{"@id":"https:\/\/vincentians.com\/es\/#website"},"primaryImageOfPage":{"@id":"https:\/\/vincentians.com\/es\/navidad-en-prision\/#primaryimage"},"image":{"@id":"https:\/\/vincentians.com\/es\/navidad-en-prision\/#primaryimage"},"thumbnailUrl":"http:\/\/vicencianos.org\/vicencianos\/files\/2009\/12\/navidad_en_prision-300x224.jpg","datePublished":"2009-12-22T16:31:36+00:00","breadcrumb":{"@id":"https:\/\/vincentians.com\/es\/navidad-en-prision\/#breadcrumb"},"inLanguage":"es","potentialAction":[{"@type":"ReadAction","target":["https:\/\/vincentians.com\/es\/navidad-en-prision\/"]}]},{"@type":"ImageObject","inLanguage":"es","@id":"https:\/\/vincentians.com\/es\/navidad-en-prision\/#primaryimage","url":"http:\/\/vicencianos.org\/vicencianos\/files\/2009\/12\/navidad_en_prision-300x224.jpg","contentUrl":"http:\/\/vicencianos.org\/vicencianos\/files\/2009\/12\/navidad_en_prision-300x224.jpg"},{"@type":"BreadcrumbList","@id":"https:\/\/vincentians.com\/es\/navidad-en-prision\/#breadcrumb","itemListElement":[{"@type":"ListItem","position":1,"name":"Portada","item":"https:\/\/vincentians.com\/es\/"},{"@type":"ListItem","position":2,"name":"Navidad en prisi\u00f3n"}]},{"@type":"WebSite","@id":"https:\/\/vincentians.com\/es\/#website","url":"https:\/\/vincentians.com\/es\/","name":"Somos Vicencianos","description":"Know more to serve more","publisher":{"@id":"https:\/\/vincentians.com\/es\/#organization"},"potentialAction":[{"@type":"SearchAction","target":{"@type":"EntryPoint","urlTemplate":"https:\/\/vincentians.com\/es\/?s={search_term_string}"},"query-input":{"@type":"PropertyValueSpecification","valueRequired":true,"valueName":"search_term_string"}}],"inLanguage":"es"},{"@type":"Organization","@id":"https:\/\/vincentians.com\/es\/#organization","name":"The Vincentian Network","url":"https:\/\/vincentians.com\/es\/","logo":{"@type":"ImageObject","inLanguage":"es","@id":"https:\/\/vincentians.com\/es\/#\/schema\/logo\/image\/","url":"https:\/\/i1.wp.com\/vincentians.com\/es\/wp-content\/uploads\/sites\/11\/2016\/06\/Vincentian-Network-logo-big.png?fit=778%2C778","contentUrl":"https:\/\/i1.wp.com\/vincentians.com\/es\/wp-content\/uploads\/sites\/11\/2016\/06\/Vincentian-Network-logo-big.png?fit=778%2C778","width":778,"height":778,"caption":"The Vincentian Network"},"image":{"@id":"https:\/\/vincentians.com\/es\/#\/schema\/logo\/image\/"},"sameAs":["https:\/\/www.facebook.com\/WeAreVincentians\/","https:\/\/x.com\/WeVincentians"]},{"@type":"Person","@id":"https:\/\/vincentians.com\/es\/#\/schema\/person\/9623ef4d9aa3b2dfb8c061f1499288f2","name":"Francisco Javier Fern\u00e1ndez Chento","image":{"@type":"ImageObject","inLanguage":"es","@id":"https:\/\/vincentians.com\/es\/#\/schema\/person\/image\/","url":"https:\/\/secure.gravatar.com\/avatar\/497d5cde87b4c3d097d0315953521681ba2cd523ee66e5077c3711f7021e65de?s=96&d=mm&r=g","contentUrl":"https:\/\/secure.gravatar.com\/avatar\/497d5cde87b4c3d097d0315953521681ba2cd523ee66e5077c3711f7021e65de?s=96&d=mm&r=g","caption":"Francisco Javier Fern\u00e1ndez Chento"},"description":"Director General y cofundador de La Red de Formaci\u00f3n Vicenciana. Javier es laico vicenciano, afiliado a la Congregaci\u00f3n de la Misi\u00f3n y miembro del Equipo de Misiones Populares de la provincia can\u00f3nica de Zaragoza (Espa\u00f1a) de la Congregaci\u00f3n de la Misi\u00f3n. Graduado en la Universidad Oberta de Catalunya con cuatro grados (Asistente de direcci\u00f3n, Gesti\u00f3n Administrativa, Recursos Humanos y Contabilidad Avanzada). Bil\u00edng\u00fce Espa\u00f1ol\/Ingl\u00e9s. gestiona y mantiene varias p\u00e1ginas web cristianas y vicencianas, incluida including La Red de Formaci\u00f3n Vicenciana, de la que es cofundador. Actualmente es responsable del \u00e1rea de Espa\u00f1ol de .famvin, la Red de Noticias de la Familia Vicenciana. Tambi\u00e9n es m\u00fasico cat\u00f3lico y ha editado varios discos. Es Director General y cofundador de Trovador, una reconocida compa\u00f1\u00eda discogr\u00e1fica critiana de Espa\u00f1a. Trabaja en las Tecnolog\u00edas de la Informaci\u00f3n, ofreciendo servicios de alojamiento, dise\u00f1o y mantenimiento Web, as\u00ed como asesoramiento, formaci\u00f3n y soluciones inform\u00e1ticas, gesti\u00f3n documental y digitalizaci\u00f3n de textos, edici\u00f3n y maquetaci\u00f3n de libros, revistas, flyers, etc.","sameAs":["http:\/\/chento.org","https:\/\/www.facebook.com\/JavierChento","https:\/\/x.com\/https:\/\/twitter.com\/javierchento"],"url":"https:\/\/vincentians.com\/es\/author\/chento\/"}]}},"jetpack_publicize_connections":[],"jetpack_featured_media_url":"","jetpack_sharing_enabled":true,"jetpack_shortlink":"https:\/\/wp.me\/p7ETMF-1Kz","jetpack-related-posts":[{"id":60308,"url":"https:\/\/vincentians.com\/es\/me-llevo-un-recuerdo-especial-de-los-presos\/","url_meta":{"origin":6731,"position":0},"title":"\u00abMe llevo un recuerdo especial de los presos\u00bb","author":"Francisco Javier Fern\u00e1ndez Chento","date":"11\/01\/2012","format":false,"excerpt":"Francisco Javier L\u00f3pez L\u00f3pez es canario y sacerdote misionero pa\u00fal, que despu\u00e9s de estar siete a\u00f1os en nuestra Di\u00f3cesis tiene ahora otro destino, en su entrega a la misi\u00f3n principal de los pa\u00fales, que es la evangelizaci\u00f3n de los pobres, de las personas m\u00e1s necesitadas. En el Barrio de La\u2026","rel":"","context":"En \u00abPastoral Carcelaria\u00bb","block_context":{"text":"Pastoral Carcelaria","link":"https:\/\/vincentians.com\/es\/category\/servicios-y-ministerios\/pastoral-carcelaria\/"},"img":{"alt_text":"","src":"https:\/\/i0.wp.com\/vicencianos.org\/wp-content\/2012\/01\/javier_lopez-300x231.jpg?resize=350%2C200","width":350,"height":200},"classes":[]},{"id":132137,"url":"https:\/\/vincentians.com\/es\/sor-mari-luz-ibarz-bazan\/","url_meta":{"origin":6731,"position":1},"title":"Sor Mari Luz Ibarz Baz\u00e1n","author":"Francisco Javier Fern\u00e1ndez Chento","date":"07\/12\/2014","format":false,"excerpt":"Ha muerto Sor Mari Luz Ibarz Baz\u00e1n, Hija de la Caridad, m\u00e1s conocida como Sor Tripi entre los presos que pueblan las c\u00e1rceles de Espa\u00f1a. Dec\u00edan que\u00a0sus palabras les pon\u00edan m\u00e1s euf\u00f3ricos que cualquier droga. Llevaba m\u00e1s de\u00a030 a\u00f1os dedic\u00e1ndose a la pastoral penitenciaria y no ten\u00eda\u00a0ninguna intenci\u00f3n de abandonar\u2026","rel":"","context":"En \u00abTestigos vicencianos\u00bb","block_context":{"text":"Testigos vicencianos","link":"https:\/\/vincentians.com\/es\/category\/la-familia-vicenciana\/testigos-vicencianos\/"},"img":{"alt_text":"la_hermana_mari_luz","src":"https:\/\/i0.wp.com\/vicencianos.org\/wp-content\/2014\/12\/la_hermana_mari_luz.jpg?resize=350%2C200","width":350,"height":200},"classes":[]},{"id":24831,"url":"https:\/\/vincentians.com\/es\/tambien-llega-a-la-prision-la-cruz-de-la-jornada-mundial-de-la-juventud\/","url_meta":{"origin":6731,"position":2},"title":"Tambi\u00e9n llega a la prisi\u00f3n la cruz de la Jornada Mundial de la Juventud","author":"Francisco Javier Fern\u00e1ndez Chento","date":"18\/12\/2010","format":false,"excerpt":"Encuentro con la cruz de los j\u00f3venes en la prisi\u00f3n de Albacete El pasado martes 14 de diciembre, tuvimos la oportunidad de tener un acto religioso en torno a la cruz de los j\u00f3venes y el icono de Mar\u00eda, la Virgen, madre de Jes\u00fas. A las 10\u201930 llegaba en una\u2026","rel":"","context":"En \u00abPastoral Carcelaria\u00bb","block_context":{"text":"Pastoral Carcelaria","link":"https:\/\/vincentians.com\/es\/category\/servicios-y-ministerios\/pastoral-carcelaria\/"},"img":{"alt_text":"","src":"https:\/\/i0.wp.com\/vicencianos.org\/wp-content\/2010\/12\/cruz1-300x225.jpg?resize=350%2C200","width":350,"height":200},"classes":[]},{"id":116954,"url":"https:\/\/vincentians.com\/es\/inauguracion-en-hellin-de-la-escuela-hogar-albergue-san-rafael\/","url_meta":{"origin":6731,"position":3},"title":"Inauguraci\u00f3n en Hell\u00edn de la Escuela-Hogar Albergue \u00abSan Rafael\u00bb (1967)","author":"Mitxel Olabu\u00e9naga","date":"29\/11\/2018","format":false,"excerpt":"Ayer, a las doce de la ma\u00f1ana, se celebr\u00f3 en Hell\u00edn el acto de inauguraci\u00f3n de la Escuela-Hogar Albergue \"San Rafael\", primer centro docente de este tipo que funcionar\u00e1 en este curso en nues\u00adtra provincia, con arreglo al nuevo plan del Ministerio de Educa\u00adci\u00f3n y Ciencia. Estas Escuelas-Hogares tienen por\u2026","rel":"","context":"En \u00abHistoria de las Hijas de la Caridad\u00bb","block_context":{"text":"Historia de las Hijas de la Caridad","link":"https:\/\/vincentians.com\/es\/category\/historia-de-la-familia-vicenciana\/historia-de-las-hijas-de-la-caridad\/"},"img":{"alt_text":"","src":"","width":0,"height":0},"classes":[]},{"id":7339,"url":"https:\/\/vincentians.com\/es\/domingo-2o-de-adviento-power-point-de-luis-ma-martinez-sanjuan-c-m-2\/","url_meta":{"origin":6731,"position":4},"title":"Domingo 2\u00ba de Adviento (Power Point de Luis M\u00aa Mart\u00ednez Sanjuan, C.M.)","author":"Francisco Javier Fern\u00e1ndez Chento","date":"05\/12\/2014","format":false,"excerpt":"Caminante, s\u00ed hay camino\u2026 Este domingo comienza a introducirnos en la preparaci\u00f3n de la Navidad (Comienza de la Buena Noticia) el mensajero, Juan el Bautista. Pero esta semana, rumiando la Palabra, tendr\u00e1s que transmitir el mensaje de la Navidad \"t\u00fa\" (testigo siglo 21). Eso s\u00ed la Palabra y el Mensajero\u2026","rel":"","context":"En \u00abHomil\u00edas y reflexiones, A\u00f1o B\u00bb","block_context":{"text":"Homil\u00edas y reflexiones, A\u00f1o B","link":"https:\/\/vincentians.com\/es\/category\/homilias-y-reflexiones-a-la-palabra-de-dios\/homilias-y-reflexiones-ano-b\/"},"img":{"alt_text":"","src":"https:\/\/i0.wp.com\/vincentians.com\/es\/wp-content\/uploads\/sites\/11\/2016\/07\/reflexiones-palabra-de-dios.jpg?fit=1200%2C630&ssl=1&resize=350%2C200","width":350,"height":200,"srcset":"https:\/\/i0.wp.com\/vincentians.com\/es\/wp-content\/uploads\/sites\/11\/2016\/07\/reflexiones-palabra-de-dios.jpg?fit=1200%2C630&ssl=1&resize=350%2C200 1x, https:\/\/i0.wp.com\/vincentians.com\/es\/wp-content\/uploads\/sites\/11\/2016\/07\/reflexiones-palabra-de-dios.jpg?fit=1200%2C630&ssl=1&resize=525%2C300 1.5x, https:\/\/i0.wp.com\/vincentians.com\/es\/wp-content\/uploads\/sites\/11\/2016\/07\/reflexiones-palabra-de-dios.jpg?fit=1200%2C630&ssl=1&resize=700%2C400 2x, https:\/\/i0.wp.com\/vincentians.com\/es\/wp-content\/uploads\/sites\/11\/2016\/07\/reflexiones-palabra-de-dios.jpg?fit=1200%2C630&ssl=1&resize=1050%2C600 3x"},"classes":[]},{"id":125400,"url":"https:\/\/vincentians.com\/es\/el-nuevo-beato-vladimir-ghika-y-la-liturgia-del-projimo\/","url_meta":{"origin":6731,"position":5},"title":"El nuevo Beato Vladimir Ghika y la liturgia del pr\u00f3jimo","author":"Francisco Javier Fern\u00e1ndez Chento","date":"15\/11\/2013","format":false,"excerpt":"Dios no se oculta La Iglesia ha beatificado, el pasado 31 de agosto, al martir rumano monse\u00f1or Vladimir Ghika, un sacerdote que se neg\u00f3 a abandonar a sus fieles tras la represi\u00f3n comunista que sufri\u00f3 Ruman\u00eda en la segunda mitad del siglo XX. Fue encarcelado y muri\u00f3 v\u00edctima de las\u2026","rel":"","context":"En \u00abTestigos cristianos\u00bb","block_context":{"text":"Testigos cristianos","link":"https:\/\/vincentians.com\/es\/category\/formacion-cristiana\/testigos-cristianos\/"},"img":{"alt_text":"vladimir_ghika","src":"https:\/\/i0.wp.com\/vicencianos.org\/wp-content\/2013\/11\/vladimir_ghika-300x264.jpg?resize=350%2C200","width":350,"height":200},"classes":[]}],"_links":{"self":[{"href":"https:\/\/vincentians.com\/es\/wp-json\/wp\/v2\/posts\/6731","targetHints":{"allow":["GET"]}}],"collection":[{"href":"https:\/\/vincentians.com\/es\/wp-json\/wp\/v2\/posts"}],"about":[{"href":"https:\/\/vincentians.com\/es\/wp-json\/wp\/v2\/types\/post"}],"author":[{"embeddable":true,"href":"https:\/\/vincentians.com\/es\/wp-json\/wp\/v2\/users\/4"}],"replies":[{"embeddable":true,"href":"https:\/\/vincentians.com\/es\/wp-json\/wp\/v2\/comments?post=6731"}],"version-history":[{"count":0,"href":"https:\/\/vincentians.com\/es\/wp-json\/wp\/v2\/posts\/6731\/revisions"}],"wp:attachment":[{"href":"https:\/\/vincentians.com\/es\/wp-json\/wp\/v2\/media?parent=6731"}],"wp:term":[{"taxonomy":"category","embeddable":true,"href":"https:\/\/vincentians.com\/es\/wp-json\/wp\/v2\/categories?post=6731"},{"taxonomy":"post_tag","embeddable":true,"href":"https:\/\/vincentians.com\/es\/wp-json\/wp\/v2\/tags?post=6731"}],"curies":[{"name":"wp","href":"https:\/\/api.w.org\/{rel}","templated":true}]}}