{"id":65910,"date":"2024-03-23T08:55:04","date_gmt":"2024-03-23T07:55:04","guid":{"rendered":"http:\/\/somos.vicencianos.org\/?p=65910"},"modified":"2023-08-19T20:59:11","modified_gmt":"2023-08-19T18:59:11","slug":"federico-ozanam-segun-su-correspondencia-11","status":"publish","type":"post","link":"https:\/\/vincentians.com\/es\/federico-ozanam-segun-su-correspondencia-11\/","title":{"rendered":"Federico Ozanam seg\u00fan su correspondencia (11)"},"content":{"rendered":"<h2>Cap\u00edtulo XI: Doctorado en Letras<\/h2>\n<p style=\"text-align: right\"><em>Virgen madre, hija de tu Hijo, humilde y excelsa m\u00e1s que ninguno, t\u00e9rmino fijo del eterno consejo.<br \/>\nT\u00fa eres aquella que ennobleciste tanto a la naturaleza humana, que no tuvo a menos su Creador convertirse en su criatura.<\/em><br \/>\nDante (Para\u00edso, c. 33, 1-6)<\/p>\n<h3><em>1.\u2014 El cuadro de Rafael<\/em><\/h3>\n<p>El viaje que, en 1833, realiz\u00f3 Ozanam a Italia y los d\u00edas que pas\u00f3 en Florencia, lo hab\u00edan colocado frente a la figura del Dante. Recuerdo imborrable dej\u00f3 en su memoria esa figura que aparece pintada por Rafael con la cabeza coronada de laureles y rodeado de pont\u00edfices y de doctores, en el celeb\u00e9rrimo cuadro \u00abLa disputa del Sant\u00edsimo Sacramento\u00bb.<\/p>\n<p>\u00bfQui\u00e9n, al visitar Roma, y al subir, con el \u00e1nimo embargado por la curiosidad, la gran escalera del Vaticano y, habiendo recorrido las galer\u00edas que guardan con generosa hospitalidad las maravillas de todas las Edades y de todas las naciones, no ha sentido el coraz\u00f3n estremecido por la mayor emoci\u00f3n, al encontrarse en aquel lugar, que bien podr\u00edamos llamar el santuario del arte cristiano, al llegar a las galer\u00edas de Rafael?&#8230; All\u00ed est\u00e1n encerrados, en una serie de frescos hist\u00f3ricos y simb\u00f3licos, las grandezas y los beneficios del catolicismo. Pero, entre esos frescos, hay uno que arrebata la mirada del visitante e inflama su coraz\u00f3n con un amor mayor, no sabemos si por la magnificencia del tema o por la maestr\u00eda de la ejecuci\u00f3n. En este fresco se encuentra el Sant\u00edsimo Sacramento, representado sobre un altar colocado entre el cielo y la tierra. El cielo, entreabierto, deja ver, en todo su esplendor, la Divina Trinidad, los \u00e1ngeles y los santos, mientras que la tierra est\u00e1 coronada por una numerosa asamblea de pont\u00edfices y de doctores. En medio de estos grupos, se destaca, por la originalidad de su car\u00e1cter, una figura cuya frente no est\u00e1 cubierta por la tiara ni por la mitra, sino tan s\u00f3lo circundada por una corona de laureles. Sin mucho trabajo, descubriremos en sus rasgos a Dante Alighieri.<\/p>\n<p>All\u00ed se pregunt\u00f3 Ozanam, confundido, con qu\u00e9 derecho pudo el pintor colocar la imagen del poeta entre los venerables testigos y defensores de ese divino Misterio, en ese cuadro pintado bajo la mirada de los Papas, conservado en la propia ciudadela de la ortodoxia.<\/p>\n<h3><em> 2.\u2014 Dante y la filosof\u00eda cat\u00f3lica<\/em><\/h3>\n<p>Ozanam no se permiti\u00f3 descanso hasta no encontrar la respuesta de ello en la vida y en las obras del gran florentino.<\/p>\n<p>Un estudio literario, filos\u00f3fico, hist\u00f3rico, que obligase al escritor a sumergirse en plena Edad Media, con sus ciencias, sus santos, sus instituciones, sus costumbres, su poes\u00eda y su arte, no pod\u00eda menos de deleitar a un joven y apasionado disc\u00edpulo de la escuela arcaica de 1830, que, junto con Montalembert, Rio, Overbeck, V\u00edctor Hugo, resucitaba por todas partes los monumentos olvidados o despreciados y a\u00fan los mutilados. En su entusiasmo por la Edad Media, escrib\u00eda Oxanam a Janmot que aquellos tiempos se le antojaban iguales a esas islas encantadas de que hablan los poetas. \u00abSe llega a ellas de paso, s\u00f3lo por pocas horas, pero ofrecen tales frutos a nuestro paladar y tales aguas a nuestra sed, que hacen olvidar la patria, es decir, los tiempos presentes. En ellas queda preso el esp\u00edritu por la multitud de sus monumentos, por el encanto de sus hechos, por lo ejemplar de sus costumbres y por la poes\u00eda de sus tradiciones.\u00bb<\/p>\n<p>Pero no era s\u00f3lo el atractivo intelectual lo que halagaba a Ozanam. Mayor era para \u00e9l el inter\u00e9s religioso que le ofrec\u00eda un estudio que encerraba materia tan copiosa sobre la acci\u00f3n de la Iglesia a trav\u00e9s de esos oscuros siglos que \u00e9l se propon\u00eda revivir e iluminar con su verdadera luz.<\/p>\n<h3><em> 3.\u2014 Ozanam y la Edad Media<\/em><\/h3>\n<p>Lo que menos se hab\u00eda observado, hasta entonces, en el poema del Dante, era su filosof\u00eda. De la Edad Media nada hab\u00eda sido m\u00e1s descuidado, despreciado y por lo tanto ignorado, aun por los cat\u00f3licos, que aquella filosof\u00eda escol\u00e1stica, juzgada como incomprensible, abstracta, \u00e1rida, vac\u00eda y de una sutileza tal que rayaba en lo pueril.<\/p>\n<p>Pero Dante nos presenta esa filosof\u00eda de la Edad Media, desplegada en toda su magnitud: Vasto sistema de ideas que abraza en su seno todos los conocimientos, ya sean divinos, ya sean humanos. Filosof\u00eda que conduce a la Teolog\u00eda. Sabidur\u00eda de la naturaleza que implora a la sabidur\u00eda de la gracia y la sabidur\u00eda de la gloria. Cadena sublime que sube de la tierra al cielo y que une el tiempo con la eternidad.<\/p>\n<h3><em> 4.\u2014 Defensa del poema de Dante<\/em><\/h3>\n<p>Es cierto que se encuentran en su poema invectivas contra Roma y contra los Papas de su tiempo. No se le ocultan a Ozanam los ciegos arrebatos del desterrado contra aquellos que cre\u00eda enemigos de su patria. Reconoce que muchas veces cubri\u00f3 de injurias las cabezas de aqu\u00e9llos cuyos pies debi\u00f3 besar, que muchas reces, arrastrado por su partido, repiti\u00f3 las calumnias que contra los Papas profer\u00edan los que a los Papas calumniaban y que no supo apreciar la piedad de Celestino, ni el celo de Bonifacio VIII, ni la ciencia de Juan XII. Pero tambi\u00e9n es cierto que, si en todo eso hubo imprudencia y c\u00f3lera, error y falta, jam\u00e1s fue por herej\u00eda.<\/p>\n<p>Ese mismo Bonifacio VIII, a quien persigui\u00f3 con sus venganzas de poeta, al caer v\u00edctima augusta entre las manos de los secuaces de Felipe el Bello, no fue ya para Dante m\u00e1s que el Vicario y la imagen de Cristo, por segunda vez crucificado. Si censura con violencia la falta en la persona del hombre, se inclina reverente ante el poder del sumo sacerdote. Para \u00e9l, el Papa fue siempre Pedro, con las llaves del cielo en sus manos. Y fue siempre la Santa Sede romana el fundamento sobre el cual hace Dios reposar los destinos del mundo. Para \u00e9l, esa Iglesia romana, Esposa, int\u00e9rprete y secretaria de Jesucristo, es incapaz de mentir ni de errar.<\/p>\n<p>Dante reconoce a la Iglesia la soberan\u00eda sobre las conciencias, describe con complacencia la econom\u00eda del sacramento de la Penitencia, no duda del poder de la excomuni\u00f3n, ni de la legitimidad de las indulgencias, ni del m\u00e9rito satisfactorio de las obras, no se cansa de recomendar a los vivos las almas de los que exp\u00edan, y pone su confianza en la intercesi\u00f3n de la Sant\u00edsima Virgen y de los santos.<\/p>\n<p>Celebra con entusiasmo las \u00f3rdenes religiosas con su canto incomparable a San Francisco de As\u00eds. Y alaba a Santo Domingo, a quien llama \u00abamante celoso de la fe cristiana, dulce con sus disc\u00edpulos y temible con sus enemigos\u00bb.<\/p>\n<p>En fin, aqu\u00e9l a quien quisiera el protestantismo presentar como su sat\u00e9lite, dej\u00f3 a la posteridad un himno que es uno de los m\u00e1s sublimes homenajes que de los fieles haya recibido la Madre de Dios: \u00abO madre de virtute, tu del ciel donna e del mondo superna, etc.\u00bb<\/p>\n<h3><em> 5.\u2014 Tesis de Ozanam<\/em><\/h3>\n<p>Al descubrir la belleza de este poema, quiso que fuese el tema de su tesis para el doctorado en Letras. La filosof\u00eda de Dante fue, despu\u00e9s, tambi\u00e9n tema de su ense\u00f1anza.<\/p>\n<p>La tesis de Ozanam fue engendrada en el dolor. La empez\u00f3 en Par\u00eds, rodeado de las espinas de sus estudios de Derecho. Al regresar a Lyon, esper\u00f3 encontrar all\u00ed la paz y el descanso necesarios para entregarse a su labor. Pero en Lyon tuvo que sufrir, primero, por la falta de documentos y de datos. Adem\u00e1s, all\u00ed lo aguardaba su madre enferma, los asuntos de familia, las solicitudes para lograr la hipot\u00e9tica c\u00e1tedra de Derecho. Ante tantas dificultades, se pregunt\u00f3 muchas veces Ozanam si no era temeraria seguir luchando por ese doctorado en Letras, seguir persiguiendo ese ideal de tan dif\u00edcil realizaci\u00f3n. Pero no. Necesitaba de esa herramienta, que utilizar\u00eda al servicio de Dios.<\/p>\n<h3><em> 6.\u2014 Defensa de la tesis<\/em><\/h3>\n<p>Por fin, el 17 de mayo, pudo salir la tesis camino de la Sorbona. Iba encomendada a Lallier, quien deb\u00eda hacerla llegar hasta Le Clerc, \u00abaunque la Sorbona no era un lugar desconocido para el poeta medioeval\u00bb, dec\u00eda el autor a su amigo. En efecto, consta que hacia el a\u00f1o 1230, pas\u00f3 Dante una temporada en Par\u00eds y que asist\u00eda a las clases de un tal Sigier (el Cousin de aquel entonces), en la calle Fouarre.<\/p>\n<p>La defensa solemne de su tesis tuvo lugar el 7 de enero de 1839, despu\u00e9s de varios meses pasados en Par\u00eds y dedicados a la impresi\u00f3n y a las \u00faltimas correcciones. La tesis latina la dedic\u00f3 a la memoria de su padre, y el tema era: \u00ab<em>De frequenti apud veteres poetas heroum, ad inferos descensu<\/em>\u00bb (sobre la bajada frecuente a los infiernos de los poetas de la antig\u00fcedad).<\/p>\n<p>El t\u00edtulo de la tesis francesa era: Sobre la Divina Comedia y sobre la filosof\u00eda de Dante. Esta tesis estaba dedicada a Lamartine, a Amp\u00e8re y al P. Noirot, su antiguo profesor de Filosof\u00eda.<\/p>\n<p>La defensa de esa tesis se vio rodeada de una pompa poco com\u00fan. Un p\u00fablico muy numeroso se apretujaba en el anfiteatro, vi\u00e9ndose all\u00ed muchos estudiantes. El jurado fue excepcional. Constaba de nueve profesores, todos de renombre y algunos de entre ellos, ilustres. Estaban adem\u00e1s presentes Cousin y Villemain, los cuales no tomaban parte en los debates, desde 1830.<\/p>\n<p>El candidato que ten\u00eda ante la vista era un joven excesivamente modesto y poco confiado en s\u00ed mismo, pero no era t\u00edmido. Y tampoco era medroso. Le bastaba saber que estaba en la verdad y que deb\u00eda defenderla. Las dificultades de un examen, la emoci\u00f3n de hablar en p\u00fablico, despertaban sus facultades en vez de embotarlas y las hac\u00edan m\u00e1s brillantes. La palabra hablada, m\u00e1s que la palabra escrita, ten\u00eda el poder de elevarlo, y de inspirarlo. Era un orador.<\/p>\n<p>Quiso uno de los examinadores que hablara sobre los maestros de la Lengua y de la Literatura francesa en el siglo XVI. Luego quiso embrollarlo por la admiraci\u00f3n que demostr\u00f3 hacia San Francisco de Sales. Pero Ozanam supo defenderse. Y lo hizo tan bien, que fue un triunfo para s\u00ed y tambi\u00e9n para el Obispo de Ginebra<\/p>\n<h3><em> 7.\u2014 \u00c9xito de Ozanam<\/em><\/h3>\n<p>Mas el gran \u00e9xito del d\u00eda fue la argumentaci\u00f3n sobre Dante y su filosof\u00eda. Ozanam se super\u00f3 a si mismo en ese tema, fruto de seis a\u00f1os de estudio y de meditaci\u00f3n. Fue tal su elocuencia, su palabra se elev\u00f3 tan alto, que Cousin, ministro de Instrucci\u00f3n por esa \u00e9poca, sin poder contener su admiraci\u00f3n, lo interrumpi\u00f3 exclamando: \u00ab\u00a1Eso s\u00ed que es elocuencia!\u00bb Palabras \u00e9stas que fueron aprobadas por todo el auditorio, que no se cans\u00f3 de aplaudir.<\/p>\n<p>Fue m\u00e1s que \u00e9xito, dice el P. Lacordaire. Fue una revelaci\u00f3n. La figura austera del siglo XIII, evocada por Ozanam con su triple aureola de poeta, de doctor y de proscrito, pareci\u00f3 sobreexcitar su genio. Nunca se vio un examen tan glorioso en la Sorbona.<\/p>\n<p>Eso dice el P. Lacordaire. Las cartas de Ozanam ni siquiera mencionan el hecho. El mismo desapareci\u00f3 silenciosamente de Par\u00eds, al d\u00eda siguiente de su grado. La salud de su madre lo ten\u00eda inquieto.<\/p>\n<p>El esplendor de aquel \u00e9xito repercuti\u00f3 en Lyon, donde el Concejo Municipal le ofreci\u00f3 por mayor\u00eda la c\u00e1tedra de Derecho Comercial. Por lo tanto, faltaba s\u00f3lo para su nombramiento, la anuencia del Ministro de Instrucci\u00f3n P\u00fablica. \u00c9ste era Cousin, quien todav\u00eda bajo la impresi\u00f3n de la brillante tesis y de la palabra ardiente que hab\u00eda aplaudido, se apresur\u00f3 a ofrecerle a Ozanam la c\u00e1tedra de Filosof\u00eda del Colegio de Orleans. Esto \u00faltimo satisfac\u00eda mucho m\u00e1s la inclinaci\u00f3n de Ozanam. Sin embargo, no titube\u00f3 en aceptar lo primero, por no separarse de su madre, cuya salud le inspiraba gran temor.<\/p>\n<h3><em> 8.\u2014 Muerte de la madre de Ozanam<\/em><\/h3>\n<p>Pocos d\u00edas tan s\u00f3lo le quedaban de vida a aquella santa mujer que, el 14 de octubre, deb\u00eda dormirse en el Se\u00f1or, con la paz de los que han sabido vivir bajo su ley. De rodillas ante su lecho, lloraban desconsolados sus tres hijos, tres hijos que bendec\u00edan la memoria de aqu\u00e9lla que supo sembrar en ellos la semilla del honor, que supo inculcar en sus corazones el amor a Dios que obliga a respetar su ley, y el respeto al pobre que impulsa a besar el pan que se da con amor.<\/p>\n","protected":false},"excerpt":{"rendered":"<p>Cap\u00edtulo XI: Doctorado en Letras Virgen madre, hija de tu Hijo, humilde y excelsa m\u00e1s que ninguno, t\u00e9rmino fijo del eterno consejo. T\u00fa eres aquella que ennobleciste tanto a la naturaleza humana, que no tuvo &#8230; <a href=\"https:\/\/vincentians.com\/es\/federico-ozanam-segun-su-correspondencia-11\/\" class=\"more-link\">Read More<\/a><\/p>\n","protected":false},"author":4,"featured_media":150094,"comment_status":"open","ping_status":"open","sticky":false,"template":"","format":"standard","meta":{"jetpack_post_was_ever_published":false,"_jetpack_newsletter_access":"","_jetpack_dont_email_post_to_subs":false,"_jetpack_newsletter_tier_id":0,"_jetpack_memberships_contains_paywalled_content":false,"_jetpack_memberships_contains_paid_content":false,"footnotes":"","jetpack_publicize_message":"","jetpack_publicize_feature_enabled":true,"jetpack_social_post_already_shared":true,"jetpack_social_options":{"image_generator_settings":{"template":"highway","default_image_id":0,"font":"","enabled":false},"version":2}},"categories":[11],"tags":[147],"class_list":["post-65910","post","type-post","status-publish","format-standard","has-post-thumbnail","hentry","category-federico-ozanam","tag-santo-domingo"],"yoast_head":"<!-- This site is optimized with the Yoast SEO plugin v26.3 - https:\/\/yoast.com\/wordpress\/plugins\/seo\/ -->\n<title>Federico Ozanam seg\u00fan su correspondencia (11) - Somos Vicencianos<\/title>\n<meta name=\"robots\" content=\"index, follow, max-snippet:-1, max-image-preview:large, max-video-preview:-1\" \/>\n<link rel=\"canonical\" href=\"https:\/\/vincentians.com\/es\/federico-ozanam-segun-su-correspondencia-11\/\" \/>\n<meta property=\"og:locale\" content=\"es_ES\" \/>\n<meta property=\"og:type\" content=\"article\" \/>\n<meta property=\"og:title\" content=\"Federico Ozanam seg\u00fan su correspondencia (11) - Somos Vicencianos\" \/>\n<meta property=\"og:description\" content=\"Cap\u00edtulo XI: Doctorado en Letras Virgen madre, hija de tu Hijo, humilde y excelsa m\u00e1s que ninguno, t\u00e9rmino fijo del eterno consejo. T\u00fa eres aquella que ennobleciste tanto a la naturaleza humana, que no tuvo ... Read More\" \/>\n<meta property=\"og:url\" content=\"https:\/\/vincentians.com\/es\/federico-ozanam-segun-su-correspondencia-11\/\" \/>\n<meta property=\"og:site_name\" content=\"Somos Vicencianos\" \/>\n<meta property=\"article:publisher\" content=\"https:\/\/www.facebook.com\/WeAreVincentians\/\" \/>\n<meta property=\"article:author\" content=\"https:\/\/www.facebook.com\/JavierChento\" \/>\n<meta property=\"article:published_time\" content=\"2024-03-23T07:55:04+00:00\" \/>\n<meta property=\"og:image\" content=\"https:\/\/i0.wp.com\/vincentians.com\/es\/wp-content\/uploads\/sites\/11\/2014\/12\/ozanam-the-poet.jpg?fit=1200%2C630&ssl=1\" \/>\n\t<meta property=\"og:image:width\" content=\"1200\" \/>\n\t<meta property=\"og:image:height\" content=\"630\" \/>\n\t<meta property=\"og:image:type\" content=\"image\/jpeg\" \/>\n<meta name=\"author\" content=\"Francisco Javier Fern\u00e1ndez Chento\" \/>\n<meta name=\"twitter:card\" content=\"summary_large_image\" \/>\n<meta name=\"twitter:creator\" content=\"@https:\/\/twitter.com\/javierchento\" \/>\n<meta name=\"twitter:site\" content=\"@WeVincentians\" \/>\n<meta name=\"twitter:label1\" content=\"Escrito por\" \/>\n\t<meta name=\"twitter:data1\" content=\"Francisco Javier Fern\u00e1ndez Chento\" \/>\n\t<meta name=\"twitter:label2\" content=\"Tiempo de lectura\" \/>\n\t<meta name=\"twitter:data2\" content=\"10 minutos\" \/>\n<script type=\"application\/ld+json\" class=\"yoast-schema-graph\">{\"@context\":\"https:\/\/schema.org\",\"@graph\":[{\"@type\":\"Article\",\"@id\":\"https:\/\/vincentians.com\/es\/federico-ozanam-segun-su-correspondencia-11\/#article\",\"isPartOf\":{\"@id\":\"https:\/\/vincentians.com\/es\/federico-ozanam-segun-su-correspondencia-11\/\"},\"author\":{\"name\":\"Francisco Javier Fern\u00e1ndez Chento\",\"@id\":\"https:\/\/vincentians.com\/es\/#\/schema\/person\/9623ef4d9aa3b2dfb8c061f1499288f2\"},\"headline\":\"Federico Ozanam seg\u00fan su correspondencia (11)\",\"datePublished\":\"2024-03-23T07:55:04+00:00\",\"mainEntityOfPage\":{\"@id\":\"https:\/\/vincentians.com\/es\/federico-ozanam-segun-su-correspondencia-11\/\"},\"wordCount\":2171,\"commentCount\":0,\"publisher\":{\"@id\":\"https:\/\/vincentians.com\/es\/#organization\"},\"image\":{\"@id\":\"https:\/\/vincentians.com\/es\/federico-ozanam-segun-su-correspondencia-11\/#primaryimage\"},\"thumbnailUrl\":\"https:\/\/i0.wp.com\/vincentians.com\/es\/wp-content\/uploads\/sites\/11\/2014\/12\/ozanam-the-poet.jpg?fit=1200%2C630&ssl=1\",\"keywords\":[\"Santo Domingo\"],\"articleSection\":[\"Federico Ozanam\"],\"inLanguage\":\"es\",\"potentialAction\":[{\"@type\":\"CommentAction\",\"name\":\"Comment\",\"target\":[\"https:\/\/vincentians.com\/es\/federico-ozanam-segun-su-correspondencia-11\/#respond\"]}]},{\"@type\":\"WebPage\",\"@id\":\"https:\/\/vincentians.com\/es\/federico-ozanam-segun-su-correspondencia-11\/\",\"url\":\"https:\/\/vincentians.com\/es\/federico-ozanam-segun-su-correspondencia-11\/\",\"name\":\"Federico Ozanam seg\u00fan su correspondencia (11) - Somos Vicencianos\",\"isPartOf\":{\"@id\":\"https:\/\/vincentians.com\/es\/#website\"},\"primaryImageOfPage\":{\"@id\":\"https:\/\/vincentians.com\/es\/federico-ozanam-segun-su-correspondencia-11\/#primaryimage\"},\"image\":{\"@id\":\"https:\/\/vincentians.com\/es\/federico-ozanam-segun-su-correspondencia-11\/#primaryimage\"},\"thumbnailUrl\":\"https:\/\/i0.wp.com\/vincentians.com\/es\/wp-content\/uploads\/sites\/11\/2014\/12\/ozanam-the-poet.jpg?fit=1200%2C630&ssl=1\",\"datePublished\":\"2024-03-23T07:55:04+00:00\",\"breadcrumb\":{\"@id\":\"https:\/\/vincentians.com\/es\/federico-ozanam-segun-su-correspondencia-11\/#breadcrumb\"},\"inLanguage\":\"es\",\"potentialAction\":[{\"@type\":\"ReadAction\",\"target\":[\"https:\/\/vincentians.com\/es\/federico-ozanam-segun-su-correspondencia-11\/\"]}]},{\"@type\":\"ImageObject\",\"inLanguage\":\"es\",\"@id\":\"https:\/\/vincentians.com\/es\/federico-ozanam-segun-su-correspondencia-11\/#primaryimage\",\"url\":\"https:\/\/i0.wp.com\/vincentians.com\/es\/wp-content\/uploads\/sites\/11\/2014\/12\/ozanam-the-poet.jpg?fit=1200%2C630&ssl=1\",\"contentUrl\":\"https:\/\/i0.wp.com\/vincentians.com\/es\/wp-content\/uploads\/sites\/11\/2014\/12\/ozanam-the-poet.jpg?fit=1200%2C630&ssl=1\",\"width\":1200,\"height\":630},{\"@type\":\"BreadcrumbList\",\"@id\":\"https:\/\/vincentians.com\/es\/federico-ozanam-segun-su-correspondencia-11\/#breadcrumb\",\"itemListElement\":[{\"@type\":\"ListItem\",\"position\":1,\"name\":\"Portada\",\"item\":\"https:\/\/vincentians.com\/es\/\"},{\"@type\":\"ListItem\",\"position\":2,\"name\":\"Federico Ozanam seg\u00fan su correspondencia (11)\"}]},{\"@type\":\"WebSite\",\"@id\":\"https:\/\/vincentians.com\/es\/#website\",\"url\":\"https:\/\/vincentians.com\/es\/\",\"name\":\"Somos Vicencianos\",\"description\":\"Know more to serve more\",\"publisher\":{\"@id\":\"https:\/\/vincentians.com\/es\/#organization\"},\"potentialAction\":[{\"@type\":\"SearchAction\",\"target\":{\"@type\":\"EntryPoint\",\"urlTemplate\":\"https:\/\/vincentians.com\/es\/?s={search_term_string}\"},\"query-input\":{\"@type\":\"PropertyValueSpecification\",\"valueRequired\":true,\"valueName\":\"search_term_string\"}}],\"inLanguage\":\"es\"},{\"@type\":\"Organization\",\"@id\":\"https:\/\/vincentians.com\/es\/#organization\",\"name\":\"The Vincentian Network\",\"url\":\"https:\/\/vincentians.com\/es\/\",\"logo\":{\"@type\":\"ImageObject\",\"inLanguage\":\"es\",\"@id\":\"https:\/\/vincentians.com\/es\/#\/schema\/logo\/image\/\",\"url\":\"https:\/\/i1.wp.com\/vincentians.com\/es\/wp-content\/uploads\/sites\/11\/2016\/06\/Vincentian-Network-logo-big.png?fit=778%2C778\",\"contentUrl\":\"https:\/\/i1.wp.com\/vincentians.com\/es\/wp-content\/uploads\/sites\/11\/2016\/06\/Vincentian-Network-logo-big.png?fit=778%2C778\",\"width\":778,\"height\":778,\"caption\":\"The Vincentian Network\"},\"image\":{\"@id\":\"https:\/\/vincentians.com\/es\/#\/schema\/logo\/image\/\"},\"sameAs\":[\"https:\/\/www.facebook.com\/WeAreVincentians\/\",\"https:\/\/x.com\/WeVincentians\"]},{\"@type\":\"Person\",\"@id\":\"https:\/\/vincentians.com\/es\/#\/schema\/person\/9623ef4d9aa3b2dfb8c061f1499288f2\",\"name\":\"Francisco Javier Fern\u00e1ndez Chento\",\"image\":{\"@type\":\"ImageObject\",\"inLanguage\":\"es\",\"@id\":\"https:\/\/vincentians.com\/es\/#\/schema\/person\/image\/\",\"url\":\"https:\/\/secure.gravatar.com\/avatar\/497d5cde87b4c3d097d0315953521681ba2cd523ee66e5077c3711f7021e65de?s=96&d=mm&r=g\",\"contentUrl\":\"https:\/\/secure.gravatar.com\/avatar\/497d5cde87b4c3d097d0315953521681ba2cd523ee66e5077c3711f7021e65de?s=96&d=mm&r=g\",\"caption\":\"Francisco Javier Fern\u00e1ndez Chento\"},\"description\":\"Director General y cofundador de La Red de Formaci\u00f3n Vicenciana. Javier es laico vicenciano, afiliado a la Congregaci\u00f3n de la Misi\u00f3n y miembro del Equipo de Misiones Populares de la provincia can\u00f3nica de Zaragoza (Espa\u00f1a) de la Congregaci\u00f3n de la Misi\u00f3n. Graduado en la Universidad Oberta de Catalunya con cuatro grados (Asistente de direcci\u00f3n, Gesti\u00f3n Administrativa, Recursos Humanos y Contabilidad Avanzada). Bil\u00edng\u00fce Espa\u00f1ol\/Ingl\u00e9s. gestiona y mantiene varias p\u00e1ginas web cristianas y vicencianas, incluida including La Red de Formaci\u00f3n Vicenciana, de la que es cofundador. Actualmente es responsable del \u00e1rea de Espa\u00f1ol de .famvin, la Red de Noticias de la Familia Vicenciana. Tambi\u00e9n es m\u00fasico cat\u00f3lico y ha editado varios discos. Es Director General y cofundador de Trovador, una reconocida compa\u00f1\u00eda discogr\u00e1fica critiana de Espa\u00f1a. Trabaja en las Tecnolog\u00edas de la Informaci\u00f3n, ofreciendo servicios de alojamiento, dise\u00f1o y mantenimiento Web, as\u00ed como asesoramiento, formaci\u00f3n y soluciones inform\u00e1ticas, gesti\u00f3n documental y digitalizaci\u00f3n de textos, edici\u00f3n y maquetaci\u00f3n de libros, revistas, flyers, etc.\",\"sameAs\":[\"http:\/\/chento.org\",\"https:\/\/www.facebook.com\/JavierChento\",\"https:\/\/x.com\/https:\/\/twitter.com\/javierchento\"],\"url\":\"https:\/\/vincentians.com\/es\/author\/chento\/\"}]}<\/script>\n<!-- \/ Yoast SEO plugin. -->","yoast_head_json":{"title":"Federico Ozanam seg\u00fan su correspondencia (11) - Somos Vicencianos","robots":{"index":"index","follow":"follow","max-snippet":"max-snippet:-1","max-image-preview":"max-image-preview:large","max-video-preview":"max-video-preview:-1"},"canonical":"https:\/\/vincentians.com\/es\/federico-ozanam-segun-su-correspondencia-11\/","og_locale":"es_ES","og_type":"article","og_title":"Federico Ozanam seg\u00fan su correspondencia (11) - Somos Vicencianos","og_description":"Cap\u00edtulo XI: Doctorado en Letras Virgen madre, hija de tu Hijo, humilde y excelsa m\u00e1s que ninguno, t\u00e9rmino fijo del eterno consejo. T\u00fa eres aquella que ennobleciste tanto a la naturaleza humana, que no tuvo ... Read More","og_url":"https:\/\/vincentians.com\/es\/federico-ozanam-segun-su-correspondencia-11\/","og_site_name":"Somos Vicencianos","article_publisher":"https:\/\/www.facebook.com\/WeAreVincentians\/","article_author":"https:\/\/www.facebook.com\/JavierChento","article_published_time":"2024-03-23T07:55:04+00:00","og_image":[{"width":1200,"height":630,"url":"https:\/\/i0.wp.com\/vincentians.com\/es\/wp-content\/uploads\/sites\/11\/2014\/12\/ozanam-the-poet.jpg?fit=1200%2C630&ssl=1","type":"image\/jpeg"}],"author":"Francisco Javier Fern\u00e1ndez Chento","twitter_card":"summary_large_image","twitter_creator":"@https:\/\/twitter.com\/javierchento","twitter_site":"@WeVincentians","twitter_misc":{"Escrito por":"Francisco Javier Fern\u00e1ndez Chento","Tiempo de lectura":"10 minutos"},"schema":{"@context":"https:\/\/schema.org","@graph":[{"@type":"Article","@id":"https:\/\/vincentians.com\/es\/federico-ozanam-segun-su-correspondencia-11\/#article","isPartOf":{"@id":"https:\/\/vincentians.com\/es\/federico-ozanam-segun-su-correspondencia-11\/"},"author":{"name":"Francisco Javier Fern\u00e1ndez Chento","@id":"https:\/\/vincentians.com\/es\/#\/schema\/person\/9623ef4d9aa3b2dfb8c061f1499288f2"},"headline":"Federico Ozanam seg\u00fan su correspondencia (11)","datePublished":"2024-03-23T07:55:04+00:00","mainEntityOfPage":{"@id":"https:\/\/vincentians.com\/es\/federico-ozanam-segun-su-correspondencia-11\/"},"wordCount":2171,"commentCount":0,"publisher":{"@id":"https:\/\/vincentians.com\/es\/#organization"},"image":{"@id":"https:\/\/vincentians.com\/es\/federico-ozanam-segun-su-correspondencia-11\/#primaryimage"},"thumbnailUrl":"https:\/\/i0.wp.com\/vincentians.com\/es\/wp-content\/uploads\/sites\/11\/2014\/12\/ozanam-the-poet.jpg?fit=1200%2C630&ssl=1","keywords":["Santo Domingo"],"articleSection":["Federico Ozanam"],"inLanguage":"es","potentialAction":[{"@type":"CommentAction","name":"Comment","target":["https:\/\/vincentians.com\/es\/federico-ozanam-segun-su-correspondencia-11\/#respond"]}]},{"@type":"WebPage","@id":"https:\/\/vincentians.com\/es\/federico-ozanam-segun-su-correspondencia-11\/","url":"https:\/\/vincentians.com\/es\/federico-ozanam-segun-su-correspondencia-11\/","name":"Federico Ozanam seg\u00fan su correspondencia (11) - Somos Vicencianos","isPartOf":{"@id":"https:\/\/vincentians.com\/es\/#website"},"primaryImageOfPage":{"@id":"https:\/\/vincentians.com\/es\/federico-ozanam-segun-su-correspondencia-11\/#primaryimage"},"image":{"@id":"https:\/\/vincentians.com\/es\/federico-ozanam-segun-su-correspondencia-11\/#primaryimage"},"thumbnailUrl":"https:\/\/i0.wp.com\/vincentians.com\/es\/wp-content\/uploads\/sites\/11\/2014\/12\/ozanam-the-poet.jpg?fit=1200%2C630&ssl=1","datePublished":"2024-03-23T07:55:04+00:00","breadcrumb":{"@id":"https:\/\/vincentians.com\/es\/federico-ozanam-segun-su-correspondencia-11\/#breadcrumb"},"inLanguage":"es","potentialAction":[{"@type":"ReadAction","target":["https:\/\/vincentians.com\/es\/federico-ozanam-segun-su-correspondencia-11\/"]}]},{"@type":"ImageObject","inLanguage":"es","@id":"https:\/\/vincentians.com\/es\/federico-ozanam-segun-su-correspondencia-11\/#primaryimage","url":"https:\/\/i0.wp.com\/vincentians.com\/es\/wp-content\/uploads\/sites\/11\/2014\/12\/ozanam-the-poet.jpg?fit=1200%2C630&ssl=1","contentUrl":"https:\/\/i0.wp.com\/vincentians.com\/es\/wp-content\/uploads\/sites\/11\/2014\/12\/ozanam-the-poet.jpg?fit=1200%2C630&ssl=1","width":1200,"height":630},{"@type":"BreadcrumbList","@id":"https:\/\/vincentians.com\/es\/federico-ozanam-segun-su-correspondencia-11\/#breadcrumb","itemListElement":[{"@type":"ListItem","position":1,"name":"Portada","item":"https:\/\/vincentians.com\/es\/"},{"@type":"ListItem","position":2,"name":"Federico Ozanam seg\u00fan su correspondencia (11)"}]},{"@type":"WebSite","@id":"https:\/\/vincentians.com\/es\/#website","url":"https:\/\/vincentians.com\/es\/","name":"Somos Vicencianos","description":"Know more to serve more","publisher":{"@id":"https:\/\/vincentians.com\/es\/#organization"},"potentialAction":[{"@type":"SearchAction","target":{"@type":"EntryPoint","urlTemplate":"https:\/\/vincentians.com\/es\/?s={search_term_string}"},"query-input":{"@type":"PropertyValueSpecification","valueRequired":true,"valueName":"search_term_string"}}],"inLanguage":"es"},{"@type":"Organization","@id":"https:\/\/vincentians.com\/es\/#organization","name":"The Vincentian Network","url":"https:\/\/vincentians.com\/es\/","logo":{"@type":"ImageObject","inLanguage":"es","@id":"https:\/\/vincentians.com\/es\/#\/schema\/logo\/image\/","url":"https:\/\/i1.wp.com\/vincentians.com\/es\/wp-content\/uploads\/sites\/11\/2016\/06\/Vincentian-Network-logo-big.png?fit=778%2C778","contentUrl":"https:\/\/i1.wp.com\/vincentians.com\/es\/wp-content\/uploads\/sites\/11\/2016\/06\/Vincentian-Network-logo-big.png?fit=778%2C778","width":778,"height":778,"caption":"The Vincentian Network"},"image":{"@id":"https:\/\/vincentians.com\/es\/#\/schema\/logo\/image\/"},"sameAs":["https:\/\/www.facebook.com\/WeAreVincentians\/","https:\/\/x.com\/WeVincentians"]},{"@type":"Person","@id":"https:\/\/vincentians.com\/es\/#\/schema\/person\/9623ef4d9aa3b2dfb8c061f1499288f2","name":"Francisco Javier Fern\u00e1ndez Chento","image":{"@type":"ImageObject","inLanguage":"es","@id":"https:\/\/vincentians.com\/es\/#\/schema\/person\/image\/","url":"https:\/\/secure.gravatar.com\/avatar\/497d5cde87b4c3d097d0315953521681ba2cd523ee66e5077c3711f7021e65de?s=96&d=mm&r=g","contentUrl":"https:\/\/secure.gravatar.com\/avatar\/497d5cde87b4c3d097d0315953521681ba2cd523ee66e5077c3711f7021e65de?s=96&d=mm&r=g","caption":"Francisco Javier Fern\u00e1ndez Chento"},"description":"Director General y cofundador de La Red de Formaci\u00f3n Vicenciana. Javier es laico vicenciano, afiliado a la Congregaci\u00f3n de la Misi\u00f3n y miembro del Equipo de Misiones Populares de la provincia can\u00f3nica de Zaragoza (Espa\u00f1a) de la Congregaci\u00f3n de la Misi\u00f3n. Graduado en la Universidad Oberta de Catalunya con cuatro grados (Asistente de direcci\u00f3n, Gesti\u00f3n Administrativa, Recursos Humanos y Contabilidad Avanzada). Bil\u00edng\u00fce Espa\u00f1ol\/Ingl\u00e9s. gestiona y mantiene varias p\u00e1ginas web cristianas y vicencianas, incluida including La Red de Formaci\u00f3n Vicenciana, de la que es cofundador. Actualmente es responsable del \u00e1rea de Espa\u00f1ol de .famvin, la Red de Noticias de la Familia Vicenciana. Tambi\u00e9n es m\u00fasico cat\u00f3lico y ha editado varios discos. Es Director General y cofundador de Trovador, una reconocida compa\u00f1\u00eda discogr\u00e1fica critiana de Espa\u00f1a. Trabaja en las Tecnolog\u00edas de la Informaci\u00f3n, ofreciendo servicios de alojamiento, dise\u00f1o y mantenimiento Web, as\u00ed como asesoramiento, formaci\u00f3n y soluciones inform\u00e1ticas, gesti\u00f3n documental y digitalizaci\u00f3n de textos, edici\u00f3n y maquetaci\u00f3n de libros, revistas, flyers, etc.","sameAs":["http:\/\/chento.org","https:\/\/www.facebook.com\/JavierChento","https:\/\/x.com\/https:\/\/twitter.com\/javierchento"],"url":"https:\/\/vincentians.com\/es\/author\/chento\/"}]}},"jetpack_publicize_connections":[],"jetpack_featured_media_url":"https:\/\/i0.wp.com\/vincentians.com\/es\/wp-content\/uploads\/sites\/11\/2014\/12\/ozanam-the-poet.jpg?fit=1200%2C630&ssl=1","jetpack_sharing_enabled":true,"jetpack_shortlink":"https:\/\/wp.me\/p7ETMF-h94","jetpack-related-posts":[{"id":123698,"url":"https:\/\/vincentians.com\/es\/federico-ozanam-por-mons-baunard-capitulo-12\/","url_meta":{"origin":65910,"position":0},"title":"Federico Ozanam (por Mons. Baunard): Cap\u00edtulo 12","author":"Francisco Javier Fern\u00e1ndez Chento","date":"03\/09\/2016","format":false,"excerpt":"Cap\u00edtulo XII: El doctorado en Letras \"Dante y la filosof\u00eda cat\u00f3lica\".\u2014Sustentaci\u00f3n de la tesis.\u2014Muerte de su madre. 1839 El viaje a Italia de 1836 y la estancia en Florencia que lo hab\u00eda coronado hab\u00eda puesto a Ozanam en presencia de Dante. Mas la figura del gran poeta no era a\u00fan\u2026","rel":"","context":"En \u00abFederico Ozanam\u00bb","block_context":{"text":"Federico Ozanam","link":"https:\/\/vincentians.com\/es\/category\/la-familia-vicenciana\/fundadores\/federico-ozanam\/"},"img":{"alt_text":"","src":"https:\/\/i0.wp.com\/vincentians.com\/es\/wp-content\/uploads\/sites\/11\/2016\/07\/frederic-ozanam-layman-for-now.jpg?fit=1200%2C630&ssl=1&resize=350%2C200","width":350,"height":200,"srcset":"https:\/\/i0.wp.com\/vincentians.com\/es\/wp-content\/uploads\/sites\/11\/2016\/07\/frederic-ozanam-layman-for-now.jpg?fit=1200%2C630&ssl=1&resize=350%2C200 1x, https:\/\/i0.wp.com\/vincentians.com\/es\/wp-content\/uploads\/sites\/11\/2016\/07\/frederic-ozanam-layman-for-now.jpg?fit=1200%2C630&ssl=1&resize=525%2C300 1.5x, https:\/\/i0.wp.com\/vincentians.com\/es\/wp-content\/uploads\/sites\/11\/2016\/07\/frederic-ozanam-layman-for-now.jpg?fit=1200%2C630&ssl=1&resize=700%2C400 2x, https:\/\/i0.wp.com\/vincentians.com\/es\/wp-content\/uploads\/sites\/11\/2016\/07\/frederic-ozanam-layman-for-now.jpg?fit=1200%2C630&ssl=1&resize=1050%2C600 3x"},"classes":[]},{"id":28580,"url":"https:\/\/vincentians.com\/es\/ozanam-un-sabio-entre-los-pobres-5-de-sombras-y-de-luz\/","url_meta":{"origin":65910,"position":1},"title":"Ozanam, un sabio entre los pobres. 5. De sombras y de luz","author":"Francisco Javier Fern\u00e1ndez Chento","date":"25\/11\/2024","format":false,"excerpt":"Uno de los sucesos m\u00e1s notables del a\u00f1o 1833, aparte de la fundaci\u00f3n de la Conferencia de caridad, fue el encuen\u00adtro de Ozanam con el abate Lacordaire. Federico conoc\u00eda al joven sacerdote periodista por sus escritos muy comprometidos en l'Avenir, pero sobre todo por las conferencias que hab\u00eda dado en\u2026","rel":"","context":"En \u00abFederico Ozanam\u00bb","block_context":{"text":"Federico Ozanam","link":"https:\/\/vincentians.com\/es\/category\/la-familia-vicenciana\/fundadores\/federico-ozanam\/"},"img":{"alt_text":"","src":"https:\/\/i0.wp.com\/vincentians.com\/es\/wp-content\/uploads\/sites\/11\/2012\/12\/ozanam-charity.jpg?fit=1200%2C630&ssl=1&resize=350%2C200","width":350,"height":200,"srcset":"https:\/\/i0.wp.com\/vincentians.com\/es\/wp-content\/uploads\/sites\/11\/2012\/12\/ozanam-charity.jpg?fit=1200%2C630&ssl=1&resize=350%2C200 1x, https:\/\/i0.wp.com\/vincentians.com\/es\/wp-content\/uploads\/sites\/11\/2012\/12\/ozanam-charity.jpg?fit=1200%2C630&ssl=1&resize=525%2C300 1.5x, https:\/\/i0.wp.com\/vincentians.com\/es\/wp-content\/uploads\/sites\/11\/2012\/12\/ozanam-charity.jpg?fit=1200%2C630&ssl=1&resize=700%2C400 2x, https:\/\/i0.wp.com\/vincentians.com\/es\/wp-content\/uploads\/sites\/11\/2012\/12\/ozanam-charity.jpg?fit=1200%2C630&ssl=1&resize=1050%2C600 3x"},"classes":[]},{"id":387466,"url":"https:\/\/vincentians.com\/es\/federico-ozanam-1813-1853-vii\/","url_meta":{"origin":65910,"position":2},"title":"Federico Ozanam (1813-1853) (VII)","author":"Mitxel Olabu\u00e9naga","date":"21\/05\/2016","format":false,"excerpt":"EL PROFESOR Y EL HISTORIADOR \"Querido amigo, despu\u00e9s de los consuelos infinitos que un cat\u00f3lico halla al pie de los altares, despu\u00e9s de las alegr\u00edas de la familia, no conozco felicidad mayor que la de hablar a j\u00f3venes que tienen inteligencia y coraz\u00f3n.\" En esta carta escrita a su suplente\u2026","rel":"","context":"En \u00abFederico Ozanam\u00bb","block_context":{"text":"Federico Ozanam","link":"https:\/\/vincentians.com\/es\/category\/la-familia-vicenciana\/fundadores\/federico-ozanam\/"},"img":{"alt_text":"","src":"https:\/\/i0.wp.com\/vincentians.com\/es\/wp-content\/uploads\/sites\/11\/2016\/07\/young-ozanam.jpg?fit=1200%2C630&ssl=1&resize=350%2C200","width":350,"height":200,"srcset":"https:\/\/i0.wp.com\/vincentians.com\/es\/wp-content\/uploads\/sites\/11\/2016\/07\/young-ozanam.jpg?fit=1200%2C630&ssl=1&resize=350%2C200 1x, https:\/\/i0.wp.com\/vincentians.com\/es\/wp-content\/uploads\/sites\/11\/2016\/07\/young-ozanam.jpg?fit=1200%2C630&ssl=1&resize=525%2C300 1.5x, https:\/\/i0.wp.com\/vincentians.com\/es\/wp-content\/uploads\/sites\/11\/2016\/07\/young-ozanam.jpg?fit=1200%2C630&ssl=1&resize=700%2C400 2x, https:\/\/i0.wp.com\/vincentians.com\/es\/wp-content\/uploads\/sites\/11\/2016\/07\/young-ozanam.jpg?fit=1200%2C630&ssl=1&resize=1050%2C600 3x"},"classes":[]},{"id":387660,"url":"https:\/\/vincentians.com\/es\/la-obra-de-federico-ozanam-xi\/","url_meta":{"origin":65910,"position":3},"title":"La obra de Federico Ozanam (XI)","author":"Mitxel Olabu\u00e9naga","date":"02\/08\/2016","format":false,"excerpt":"5.\u00a0 Dante y La Divina Comedia. Ozanam ve\u00eda en Dante la personalidad m\u00e1s t\u00edpica de la Edad Media, y, en la obra de Dante, la expresi\u00f3n m\u00e1s acabada de todo lo que le parec\u00eda caracterizar a la cristiandad en el plano literario, filos\u00f3fico y religioso. Dedic\u00f3 a la una y\u2026","rel":"","context":"En \u00abFederico Ozanam\u00bb","block_context":{"text":"Federico Ozanam","link":"https:\/\/vincentians.com\/es\/category\/la-familia-vicenciana\/fundadores\/federico-ozanam\/"},"img":{"alt_text":"","src":"https:\/\/i0.wp.com\/vincentians.com\/es\/wp-content\/uploads\/sites\/11\/2016\/07\/ozanam-medal.jpg?fit=1200%2C630&ssl=1&resize=350%2C200","width":350,"height":200,"srcset":"https:\/\/i0.wp.com\/vincentians.com\/es\/wp-content\/uploads\/sites\/11\/2016\/07\/ozanam-medal.jpg?fit=1200%2C630&ssl=1&resize=350%2C200 1x, https:\/\/i0.wp.com\/vincentians.com\/es\/wp-content\/uploads\/sites\/11\/2016\/07\/ozanam-medal.jpg?fit=1200%2C630&ssl=1&resize=525%2C300 1.5x, https:\/\/i0.wp.com\/vincentians.com\/es\/wp-content\/uploads\/sites\/11\/2016\/07\/ozanam-medal.jpg?fit=1200%2C630&ssl=1&resize=700%2C400 2x, https:\/\/i0.wp.com\/vincentians.com\/es\/wp-content\/uploads\/sites\/11\/2016\/07\/ozanam-medal.jpg?fit=1200%2C630&ssl=1&resize=1050%2C600 3x"},"classes":[]},{"id":387636,"url":"https:\/\/vincentians.com\/es\/la-obra-de-federico-ozanam-ii\/","url_meta":{"origin":65910,"position":4},"title":"La obra de Federico Ozanam (II)","author":"Mitxel Olabu\u00e9naga","date":"05\/07\/2016","format":false,"excerpt":"\u00bfCu\u00e1les son sus dos principales t\u00edtulos cient\u00edficos? Su tesis sobre Dante presentada a los 25 a\u00f1os y que fue un triunfo en la Sorbona (\u00abLa Filosof\u00eda de Dante 1838\u00bb); sus \u00abEstudios Germ\u00e1nicos\u00bb. Su estudio sobre Dante fue en su tiempo una revelaci\u00f3n, el calificativo no es demasiado fuerte. Si exceptuamos\u2026","rel":"","context":"En \u00abFederico Ozanam\u00bb","block_context":{"text":"Federico Ozanam","link":"https:\/\/vincentians.com\/es\/category\/la-familia-vicenciana\/fundadores\/federico-ozanam\/"},"img":{"alt_text":"","src":"https:\/\/i0.wp.com\/vincentians.com\/es\/wp-content\/uploads\/sites\/11\/2016\/07\/ozanam-medal.jpg?fit=1200%2C630&ssl=1&resize=350%2C200","width":350,"height":200,"srcset":"https:\/\/i0.wp.com\/vincentians.com\/es\/wp-content\/uploads\/sites\/11\/2016\/07\/ozanam-medal.jpg?fit=1200%2C630&ssl=1&resize=350%2C200 1x, https:\/\/i0.wp.com\/vincentians.com\/es\/wp-content\/uploads\/sites\/11\/2016\/07\/ozanam-medal.jpg?fit=1200%2C630&ssl=1&resize=525%2C300 1.5x, https:\/\/i0.wp.com\/vincentians.com\/es\/wp-content\/uploads\/sites\/11\/2016\/07\/ozanam-medal.jpg?fit=1200%2C630&ssl=1&resize=700%2C400 2x, https:\/\/i0.wp.com\/vincentians.com\/es\/wp-content\/uploads\/sites\/11\/2016\/07\/ozanam-medal.jpg?fit=1200%2C630&ssl=1&resize=1050%2C600 3x"},"classes":[]},{"id":26,"url":"https:\/\/vincentians.com\/es\/resena-biografica-del-beato-federico-de-ozanam\/","url_meta":{"origin":65910,"position":5},"title":"Rese\u00f1a biogr\u00e1fica del Beato Federico de Ozanam","author":"Francisco Javier Fern\u00e1ndez Chento","date":"09\/09\/2016","format":false,"excerpt":"Federico Ozanam es sin duda una figura totalmente excepcional en la historia de la Iglesia cat\u00f3lica moderna. De la Iglesia, hay que insistir, pues Ozanam se sinti\u00f3 siempre y con toda radicalidad hijo y miembro de la Iglesia: \"profundamente laico, sin dejar de ser cat\u00f3lico\", como se expresaba \u00e9l mismo.\u2026","rel":"","context":"En \u00abFederico Ozanam\u00bb","block_context":{"text":"Federico Ozanam","link":"https:\/\/vincentians.com\/es\/category\/la-familia-vicenciana\/fundadores\/federico-ozanam\/"},"img":{"alt_text":"","src":"https:\/\/i0.wp.com\/vincentians.com\/es\/wp-content\/uploads\/sites\/11\/2016\/01\/ozanam.jpg?fit=1200%2C630&ssl=1&resize=350%2C200","width":350,"height":200,"srcset":"https:\/\/i0.wp.com\/vincentians.com\/es\/wp-content\/uploads\/sites\/11\/2016\/01\/ozanam.jpg?fit=1200%2C630&ssl=1&resize=350%2C200 1x, https:\/\/i0.wp.com\/vincentians.com\/es\/wp-content\/uploads\/sites\/11\/2016\/01\/ozanam.jpg?fit=1200%2C630&ssl=1&resize=525%2C300 1.5x, https:\/\/i0.wp.com\/vincentians.com\/es\/wp-content\/uploads\/sites\/11\/2016\/01\/ozanam.jpg?fit=1200%2C630&ssl=1&resize=700%2C400 2x, https:\/\/i0.wp.com\/vincentians.com\/es\/wp-content\/uploads\/sites\/11\/2016\/01\/ozanam.jpg?fit=1200%2C630&ssl=1&resize=1050%2C600 3x"},"classes":[]}],"_links":{"self":[{"href":"https:\/\/vincentians.com\/es\/wp-json\/wp\/v2\/posts\/65910","targetHints":{"allow":["GET"]}}],"collection":[{"href":"https:\/\/vincentians.com\/es\/wp-json\/wp\/v2\/posts"}],"about":[{"href":"https:\/\/vincentians.com\/es\/wp-json\/wp\/v2\/types\/post"}],"author":[{"embeddable":true,"href":"https:\/\/vincentians.com\/es\/wp-json\/wp\/v2\/users\/4"}],"replies":[{"embeddable":true,"href":"https:\/\/vincentians.com\/es\/wp-json\/wp\/v2\/comments?post=65910"}],"version-history":[{"count":1,"href":"https:\/\/vincentians.com\/es\/wp-json\/wp\/v2\/posts\/65910\/revisions"}],"predecessor-version":[{"id":405348,"href":"https:\/\/vincentians.com\/es\/wp-json\/wp\/v2\/posts\/65910\/revisions\/405348"}],"wp:featuredmedia":[{"embeddable":true,"href":"https:\/\/vincentians.com\/es\/wp-json\/wp\/v2\/media\/150094"}],"wp:attachment":[{"href":"https:\/\/vincentians.com\/es\/wp-json\/wp\/v2\/media?parent=65910"}],"wp:term":[{"taxonomy":"category","embeddable":true,"href":"https:\/\/vincentians.com\/es\/wp-json\/wp\/v2\/categories?post=65910"},{"taxonomy":"post_tag","embeddable":true,"href":"https:\/\/vincentians.com\/es\/wp-json\/wp\/v2\/tags?post=65910"}],"curies":[{"name":"wp","href":"https:\/\/api.w.org\/{rel}","templated":true}]}}