{"id":63250,"date":"2024-03-13T08:35:46","date_gmt":"2024-03-13T07:35:46","guid":{"rendered":"http:\/\/somos.vicencianos.org\/?p=63250"},"modified":"2023-08-19T20:53:24","modified_gmt":"2023-08-19T18:53:24","slug":"federico-ozanam-segun-su-correspondencia-06","status":"publish","type":"post","link":"https:\/\/vincentians.com\/es\/federico-ozanam-segun-su-correspondencia-06\/","title":{"rendered":"Federico Ozanam seg\u00fan su correspondencia (06)"},"content":{"rendered":"<h2>Cap\u00edtulo VI: Orientaci\u00f3n<\/h2>\n<p style=\"text-align: right\"><em>Se\u00f1ora, eres tan grande y tanto vales que quien quiera merced y a Ti no acude, quiere su deseo volar sin alas.<\/em><br \/>\nDante (Para\u00edso, c. 33, 13)<\/p>\n<h3><em><em>1.\u2014 Viaje a Italia<\/em><\/em><\/h3>\n<p>Durante las vacaciones de 1833, hizo Ozanam un viaje a Italia, en compa\u00f1\u00eda de su familia, viaje que contribuy\u00f3 a afianzar en su esp\u00edritu la inclinaci\u00f3n hacia la literatura y la historia del catolicismo, muy especialmente la de la Edad Media. Poco habla Ozanam en sus cartas sobre ese viaje, y lo que de \u00e9l sabemos es debido \u00fanicamente a lo que nos cuenta su hermano, el sacerdote, en la biograf\u00eda que de \u00e9l hizo.<\/p>\n<p>Sabemos que Ozanam visit\u00f3 Mil\u00e1n en compa\u00f1\u00eda de su padre y de su hermano Alfonso, que estuvo en la calle de San Pietro a l&#8217;Orto, donde \u00e9l vino al mundo, y que luego visit\u00f3 la iglesia de Santa Mar\u00eda dei Servi y, renovando en las fuentes bautismales de ese templo las promesas que otros all\u00ed hicieron por \u00e9l, dio gracias a Dios por haberlo aceptado por hijo.<\/p>\n<p>Sabemos que en Roma fueron recibidos nuestros viajeros, con especial bondad, por Gregorio XVI.<\/p>\n<p>Todos deseaban ir pronto a Florencia, pero sobre todo Ozanam, quien se sent\u00eda arrastrado hacia aquel lugar por un atractivo especial que habr\u00eda de subyugar al futuro escritor, que encontraba por todas partes la figura de Dante, venerada con un culto que rayaba en apoteosis. Sin duda, fue Florencia la que despert\u00f3 en su coraz\u00f3n aquella pasi\u00f3n y en su inteligencia aquella luz que hab\u00eda de resplandecer sobre su filosof\u00eda, sobre su ense\u00f1anza y sobre su vida entera. Y, aun despu\u00e9s de su vida, sobre su nombre de escritor y de doctor.<\/p>\n<h3><em><em> 2.\u2014 Regreso a Par\u00eds<\/em><\/em><\/h3>\n<p>Al regresar Ozanam a Par\u00eds, emprende con ardor sus estudios que deb\u00edan coronarse con aquel t\u00edtulo de abogado, tan deseado por sus padres&#8230; El estudio y la caridad son el anhelo de su vida. Se instala en la calle des Gres, donde vive con Le Taillandier desde que tuvo que devolver su habitaci\u00f3n a Jean Jacques Amp\u00e8re, que hab\u00eda regresado a Francia, sin que por eso se hubiera debilitado el lazo de filial veneraci\u00f3n y de profundo agradecimiento que lo un\u00eda al gran sabio.<\/p>\n<h3><em><em> 3.\u2014 Estudio y caridad<\/em><\/em><\/h3>\n<p>Para Ozanam y Le Taillandier, los dos <em>altos <\/em>se\u00f1ores, por habitar en un sexto piso, y hermanos en el ideal que persegu\u00edan, qued\u00f3 se\u00f1alado el a\u00f1o 1834-1835 por el r\u00e1pido desenvolvimiento de la Obra en Par\u00eds. Ya para 1834, empezaba a derramarse hacia afuera el perfume de caridad que de ella se escapaba.<\/p>\n<p>Por este tiempo, pidi\u00f3 uno de los administradores de la Caja de Beneficiencia del Distrito XII el concurso le la Sociedad para la visita a domicilio de los indigentes, concurso que le fue otorgado con plena generosidad. El 1 de febrero de 1834 tom\u00f3 posesi\u00f3n la Sociedad de ese servicio, que continu\u00f3 practicando durante los a\u00f1os siguientes.<\/p>\n<h3><em><em> 4-5. \u2014 San Vicente de Paul, Patrono de la Obra de caridad. La Sant\u00edsima Virgen propuesta por Ozanam para Patrona especial de la Sociedad<\/em><\/em><\/h3>\n<p>Tambi\u00e9n en esos d\u00edas, el 4 de febrero de 1834, se empez\u00f3 a agregar despu\u00e9s de la oraci\u00f3n acostumbrada en cada sesi\u00f3n, la invocaci\u00f3n: \u00abSan Vicente de Pa\u00fal, ruega por nosotros\u00bb. En esta misma sesi\u00f3n, se declar\u00f3 a este santo Patrono de la Obra, y se fij\u00f3 como fiesta principal de la misma la fiesta del 19 de julio. Todo esto se hizo a propuesta de le Prevost. Ozanam, a su vez, propuso y obtuvo ese mismo d\u00eda que fuese declarada la Sant\u00edsima Virgen Patrona especial de la Sociedad y por eso, desde entonces, se agreg\u00f3 el Avemar\u00eda a las preces habituales de las reuniones. Se decidi\u00f3 tambi\u00e9n, por indicaci\u00f3n de Ozanam, que las Conferencias celebrar\u00edan todos los a\u00f1os, con gran devoci\u00f3n, alguna fiesta de la Sant\u00edsima Virgen.<\/p>\n<p>El 12 de abril de ese mismo a\u00f1o 1834, se reunieron los miembros de la Sociedad en la capilla de los Lazaristas, rue de S\u00e8vres, para venerar las reliquias de San Vicente de Pa\u00fal, reliquias que acababan de ser reintegradas a dicha capilla, despu\u00e9s de haber pasado cuatro a\u00f1os escondidas en el colegio de Roye, en Picard\u00eda, donde estuvieron ocultas desde la revoluci\u00f3n de julio.<\/p>\n<p>El culto al \u00abpadre de la Patria\u00bb, como lo apellid\u00f3 su siglo, crec\u00eda cada d\u00eda m\u00e1s en aquellos corazones juveniles. As\u00ed, el 19 de julio de ese a\u00f1o, decidieron algunos j\u00f3venes, con Ozanam a la cabeza, celebrar la fiesta del Santo en la modesta parroquia de Clichy, la cual hab\u00eda sido atendida por el Padre Vincent el a\u00f1o 1612. Los celosos cultivadores de la caridad no se consideraban ya solamente como feligreses espirituales del Santo, no. Se sent\u00edan sus herederos, sus hijos. Y con ese t\u00edtulo reclamaron el honor de llevar sobre sus hombros, durante la procesi\u00f3n del d\u00eda de la fiesta, las reliquias del Santo.<\/p>\n<p>\u00abCreedlo bien \u2014escribi\u00f3 Ozanam poco despu\u00e9s\u2014, no fue San Vicente de Pa\u00fal de los que construyeron sobre la arena. Ni tampoco para dos d\u00edas. Las grandes almas que se acercan a Dios adquieren en esa compa\u00f1\u00eda una mirada que se adelanta a su tiempo. No dudemos, por lo tanto, de que San Vicente de Pa\u00fal tuviese una visi\u00f3n anticipada de los males y de las necesidades de nuestros d\u00edas. El no cesa de proveer a esas necesidades y, como todos los grandes fundadores, cuenta con su posteridad espiritual, siempre viva y siempre activa en medio de las ruinas del pasado.\u00bb<\/p>\n<p>Resumiendo, al fin, su pensamiento en cuatro palabras, declara Ozanam que un patrono es un ideal que es preciso proponerse, un tipo superior que es preciso realizar, una vida que es preciso continuar, un modelo para la tierra y un protector para el Cielo.<\/p>\n<p>Sin embargo, no creamos que, en medio de esas alturas donde habitaba su pensamiento y donde estaba colocado su coraz\u00f3n, faltaban a Ozanam sus horas de desaliento. Horas que no debemos callar, ya que nos proponemos estudiar la historia de su alma.<\/p>\n<p>Veamos c\u00f3mo desahoga su pena en el coraz\u00f3n de su madre, en carta del 16 de mayo de 1834:<\/p>\n<h3><em><em> 6.\u2014 Ansiedad y sacrificio<\/em><\/em><\/h3>\n<p>\u00abA medida que avanzamos en edad y que vemos el mundo m\u00e1s de cerca, vamos descubriendo, a cada paso, una amarga hostilidad que obstaculiza toda idea y que se empe\u00f1a en destrozar los ideales que nos son m\u00e1s queridos. Al tratar con mayor intimidad a los hombres, quedamos tristemente convencidos de que s\u00f3lo reina entre ellos el orgullo y el ego\u00edsmo. S\u00ed, se encuentra tan s\u00f3lo orgullo en los sabios, fatuidad en los mundanos y vicio en el pueblo. Ante semejante espect\u00e1culo, mil veces m\u00e1s doloroso para aqu\u00e9l que tuvo la dicha de crecer en medio de una familia generosa y pura, el coraz\u00f3n se oprime por el asco y se rebela por la indignaci\u00f3n. Entonces quisi\u00e9ramos tan s\u00f3lo murmurar y maldecir. Pero el Evangelio nos proh\u00edbe esto y, por el contrario, por \u00e9l tenemos que consagrarnos con abnegaci\u00f3n al servicio de una sociedad que nos rechaza y desprecia.\u00bb<\/p>\n<p>S\u00ed; abnegaci\u00f3n y acci\u00f3n en vez de murmuraci\u00f3n y maldici\u00f3n. Tal fue, en realidad, la resoluci\u00f3n de aquella vida. Al escribir esa carta, acababa Ozanam de alcanzar su mayor edad ante la Iglesia y ante el Estado. Ya no es un muchacho. Ya es un hombre y, como tal, reconoce todos sus deberes, y desea cumplirlos. \u00abYa tengo veinti\u00fan a\u00f1os \u2014dice en la misma carta a su madre\u2014, y por lo tanto empieza para m\u00ed la obligaci\u00f3n de ayunar. Ma\u00f1ana mismo tendr\u00e9 que cumplir con el precepto que me manda la Iglesia. Pero, \u00bfno tendr\u00e9 ahora tambi\u00e9n mayor obligaci\u00f3n de sufrir con Ella y de combatir por Ella?\u00bb<\/p>\n<p>Convencido de sus deberes, y con el Evangelio en la mano, que le se\u00f1alaba el deber de buscar operarios para esas dos mieses inmensas que ten\u00eda ante los ojos: los j\u00f3venes y los pobres, se apartaba Ozanam de la murmuraci\u00f3n que todo lo esteriliza, para poner manos a la obra,<\/p>\n<p>Contaba ahora la Sociedad de San Vicente con una nueva leva de reclutas, algunos de entre ellos muy notables, como Henry Wallon, quien fue, a\u00f1os m\u00e1s tarde, decano del Senado y fue tambi\u00e9n secretario perpetuo de la Academia de Inscripciones. Y tambi\u00e9n Theodore Henry Martin, que hab\u00eda de llegar a ser decano de la Facultad de Letras, en Rennes. Gracias a ese aumento de socios, pudieron nuestros heroicos campeones no interrumpir la visita a los pobres durante el verano, a pesar de la dispersi\u00f3n ocasionada por los fuertes calores. Ozanam observaba, con mucha precisi\u00f3n, que la pobreza nunca sale de vacaciones. El vac\u00edo de los que se ausentaban se vio suplido, desde entonces, por abnegados sustitutos, distingui\u00e9ndose entre todos, por su celo y caridad, L. Le Prevost.<\/p>\n<h3><em><em> 7.\u2014 Conducta observada por Ozanam en el templo<\/em><\/em><\/h3>\n<p>A medida que la Sociedad crec\u00eda y adquir\u00eda mayor importancia, se aumentaba tambi\u00e9n en Ozanam la luz con que el Esp\u00edritu Santo parec\u00eda colmarlo para el feliz desarrollo de su plan. Pero es que Ozanam sab\u00eda invocar y recibir las luces de lo alto. Ya sabemos c\u00f3mo, a pesar de sus fuertes estudios y de sus numerosas ocupaciones, encontr\u00f3 siempre tiempo largo para dedicarlo a la meditaci\u00f3n. Ozanam fue hombre de oraci\u00f3n. De verdadera oraci\u00f3n que no necesita traducirse al exterior ni por espasmos ni por contorsiones, que no necesita exhibirse por todas las naves del templo, cayendo tr\u00e1gicamente de rodillas ante cada altar. No. Su oraci\u00f3n era humilde y reposada, teniendo por \u00fanico fin el levantar su esp\u00edritu de la tierra y unirlo \u00edntimamente a Dios. El templo era para \u00e9l la casa del Se\u00f1or, donde se va a rendir gracias y a implorar misericordia. No era el teatro de mercaderes, donde se va a conseguir prerrogativas, utilizadas luego en menospreciar al pr\u00f3jimo.<\/p>\n<p>S\u00ed. Ozanam rog\u00f3 mucho y Dios no le regate\u00f3 sus dones. Resplandece en su Obra la luz del Esp\u00edritu divino que lo gu\u00eda, como gui\u00f3 siempre a los fundadores de los Institutos religiosos de la Iglesia. Dirigido por esa luz divina, supo comprender Ozanam la necesidad de la Obra de beneficencia, cuya eficacia deb\u00eda manifestarse no s\u00f3lo en la miseria remediada, sino tambi\u00e9n en la santificaci\u00f3n personal de los cofrades. Y no detenerse aqu\u00ed. Preciso era que fuese el pan material el medio con que los miembros de las Conferencias, ya santificados, lograsen introducirse en el hogar del pobre para, sin descuidar las necesidades materiales, abrir paso a Jesucristo y a su ley, moralizando y cristianizando esos mismos hogares.<\/p>\n<p>Y Ozanam no se cansa de repetirlo sin cesar: El quiere que entiendan bien todos sus compa\u00f1eros que, si la Sociedad se ocupa y debe ocuparse de proveer a la asistencia del cuerpo, el fin primordial que se persigue es la asistencia espiritual, es la salvaci\u00f3n del alma. La limosna ha de ser la llave que abra la puerta a la verdad y a la gracia.<\/p>\n<p>Se sol\u00eda valer con frecuencia de una par\u00e1bola del Evangelio, la del buen Samaritano, para explicar la misi\u00f3n de ese apostolado seglar ejercido sobre las masas populares, sobre esos pobres seres heridos, despojados de todo bien y abandonados, casi agonizantes, por los ladrones y malhechores, ya que no son otra cosa los asesinos de sus almas&#8230; \u00abNos toca a nosotros \u2014 dec\u00eda \u00e9l\u2014, profanos samaritanos, nos toca a nosotros la misi\u00f3n de acercamos a ese gran enfermo que es el pueblo. No titubeemos. Tal vez nosotros seremos recibidos con menos prejuicios. Tal vez nuestra presencia infundir\u00e1 menos temor. Tratemos de vendar esas llagas y de derramar en ellas un poco de aceite. Susurremos en sus o\u00eddos palabras de consuelo y de paz y tal vez cuando nos hayan comprendido, podremos dejarles entre las manos de aquellos destinados por Dios para ser m\u00e9dicos y gu\u00edas de las almas. De aqu\u00e9llos que, al nutrir nuestro esp\u00edritu con la ense\u00f1anza divina, nos dan al mismo tiempo la esperanza de un mundo mejor.\u00bb<\/p>\n<h3><em><em> 8.\u2014 El pobre, imagen visible de Jesucristo<\/em><\/em><\/h3>\n<p>Ozanam volaba a\u00fan m\u00e1s alto. Por encima de la consideraci\u00f3n moral y eterna conseguida por la pr\u00e1ctica de la caridad, por encima de la consideraci\u00f3n de esa misma caridad ejercida eficazmente tanto en el alma como en el cuerpo del pobre menesteroso, por encima de todo eso, ten\u00eda \u00e9l la visi\u00f3n sobrenatural de Jesucristo, hecho pobre por nuestro amor y viviendo entre nosotros en la persona del pobre. Esto es propiamente la virtud teologal de la caridad, dirigida a su objeto divino.<\/p>\n<p>En esos d\u00edas se encontraba en Italia el c\u00e9lebre pintor lion\u00e9s Luis Janmot, compa\u00f1ero de infancia y de Primera Comuni\u00f3n de Ozanam. Leamos lo que a este amigo escrib\u00eda Ozanam, refiri\u00e9ndose a la ciudad de As\u00eds: \u00abY nosotros, amigo m\u00edo, \u00bfno haremos nada para imitar a esos santos que tanto admiramos?&#8230; \u00bfNos contentaremos con gemir sobre la esterilidad de nuestra hora presente, cuando en cada uno de nosotros late el germen de la santidad, germen que podr\u00eda convertirse en realidad con s\u00f3lo un esfuerzo de nuestra voluntad?&#8230; Si nosotros no sabemos amar a Dios como le amaron los santos es porque siendo nuestra fe tan d\u00e9bil, nos es dado ver a Dios tan s\u00f3lo con los ojos de la fe. Pero los hombres, los pobres, los tenemos ante la vista y los podemos ver con nuestros ojos de carne. Con nuestras manos podemos tocar sus llagas; son visibles sobre sus frentes la corona de espinas. Aqu\u00ed no hay lugar a dudas. No hay sitio para la incredulidad. Deber\u00edamos caer de hinojos a sus pies y decirles: <em>\u00abSe\u00f1or m\u00edo y Dios m\u00edo\u00bb<\/em>. Vosotros sois nuestros se\u00f1ores y nosotros somos vuestros esclavos. Vosotros sois la imagen visible de Dios que no podemos ver, pero a quien s\u00ed podemos probar nuestro amor, am\u00e1ndoos a vosotros.\u00bb<\/p>\n<h3><em><em> 9.\u2014 Amar al pobre hasta el martirio<\/em><\/em><\/h3>\n<p>Mas, \u00bfhasta qu\u00e9 punto ser\u00e1 preciso amar a Jesucristo en la persona del pobre?&#8230; Ozanam lo sabe y nos lo dice. Nos dice que debemos amar al pobre hasta el sacrificio. Amarlo hasta probar ese amor con aquel testimonio sublime del amor que \u00e9l llama con su propio nombre cuando nos dice \u00abque debemos amarlo hasta el martirio\u00bb.<\/p>\n<p>\u00abLa tierra se ha enfriado \u2014dec\u00eda \u00e9l\u2014. Nos toca a nosotros, los cat\u00f3licos, reanimar ese fuego vital que se apaga. Nos toca revivir la era de los m\u00e1rtires, ya que hay un martirio posible para todos los cristianos: ser m\u00e1rtir es dar la vida por Dios y por sus hermanos. Es dar su vida en sacrificio, sea un sacrificio r\u00e1pido como el del holocausto, sea en un sacrificio lento que humee d\u00eda y noche como humean los perfumes sobre el altar. Ser m\u00e1rtir es devolver al Cielo lo que del Cielo se recibi\u00f3: su oro, su sangre, su alma entera. En las manos tenemos esa ofrenda. Es un sacrificio que nos es dado hacer. Nos toca tan s\u00f3lo escoger el altar ante el cual habremos de colocar nuestro don. Escoger la divinidad a la cual habremos de consagrar nuestra juventud y los a\u00f1os que la sigan&#8230; \u00bfA qu\u00e9 templo dirigiremos nuestros pasos?&#8230; \u00bfNos detendremos ante el dios del ego\u00edsmo?&#8230; \u00bfO caeremos ante el Santuario donde reposa el Dios de la humildad?\u00bb \u00a1Ap\u00f3stol! \u00a1M\u00e1rtir! Tal fue su sue\u00f1o. Sue\u00f1o que podemos llamar realidad, ya que \u00e9l logr\u00f3 realizar plenamente todos esos desees dichos y escritos por \u00e9l a la edad de veinti\u00fan a\u00f1os. Ya que \u00e9l dio a su Dios y a sus pobres todo cuanto pose\u00eda: sus fuerzas, su salud, su sangre; \u00a1su vida, antes de haberla vivido!&#8230; \u00bfno le concederemos el t\u00edtulo de m\u00e1rtir al que se inmol\u00f3 as\u00ed, a conciencia y voluntariamente, por la realizaci\u00f3n de su ideal sublime?&#8230; \u00bfY nos asombraremos si, a medida que profundizamos m\u00e1s hondamente en el estudio de esta alma, obligados a subir cada vez m\u00e1s arriba, terminamos por encontrar en ella la revelaci\u00f3n del alma de un santo?<\/p>\n","protected":false},"excerpt":{"rendered":"<p>Cap\u00edtulo VI: Orientaci\u00f3n Se\u00f1ora, eres tan grande y tanto vales que quien quiera merced y a Ti no acude, quiere su deseo volar sin alas. Dante (Para\u00edso, c. 33, 13) 1.\u2014 Viaje a Italia Durante &#8230; <a href=\"https:\/\/vincentians.com\/es\/federico-ozanam-segun-su-correspondencia-06\/\" class=\"more-link\">Read More<\/a><\/p>\n","protected":false},"author":4,"featured_media":150094,"comment_status":"open","ping_status":"open","sticky":false,"template":"","format":"standard","meta":{"jetpack_post_was_ever_published":false,"_jetpack_newsletter_access":"","_jetpack_dont_email_post_to_subs":false,"_jetpack_newsletter_tier_id":0,"_jetpack_memberships_contains_paywalled_content":false,"_jetpack_memberships_contains_paid_content":false,"footnotes":"","jetpack_publicize_message":"","jetpack_publicize_feature_enabled":true,"jetpack_social_post_already_shared":true,"jetpack_social_options":{"image_generator_settings":{"template":"highway","default_image_id":0,"font":"","enabled":false},"version":2}},"categories":[11],"tags":[148,172],"class_list":["post-63250","post","type-post","status-publish","format-standard","has-post-thumbnail","hentry","category-federico-ozanam","tag-clichy","tag-pobreza"],"yoast_head":"<!-- This site is optimized with the Yoast SEO plugin v26.3 - https:\/\/yoast.com\/wordpress\/plugins\/seo\/ -->\n<title>Federico Ozanam seg\u00fan su correspondencia (06) - Somos Vicencianos<\/title>\n<meta name=\"robots\" content=\"index, follow, max-snippet:-1, max-image-preview:large, max-video-preview:-1\" \/>\n<link rel=\"canonical\" href=\"https:\/\/vincentians.com\/es\/federico-ozanam-segun-su-correspondencia-06\/\" \/>\n<meta property=\"og:locale\" content=\"es_ES\" \/>\n<meta property=\"og:type\" content=\"article\" \/>\n<meta property=\"og:title\" content=\"Federico Ozanam seg\u00fan su correspondencia (06) - Somos Vicencianos\" \/>\n<meta property=\"og:description\" content=\"Cap\u00edtulo VI: Orientaci\u00f3n Se\u00f1ora, eres tan grande y tanto vales que quien quiera merced y a Ti no acude, quiere su deseo volar sin alas. Dante (Para\u00edso, c. 33, 13) 1.\u2014 Viaje a Italia Durante ... Read More\" \/>\n<meta property=\"og:url\" content=\"https:\/\/vincentians.com\/es\/federico-ozanam-segun-su-correspondencia-06\/\" \/>\n<meta property=\"og:site_name\" content=\"Somos Vicencianos\" \/>\n<meta property=\"article:publisher\" content=\"https:\/\/www.facebook.com\/WeAreVincentians\/\" \/>\n<meta property=\"article:author\" content=\"https:\/\/www.facebook.com\/JavierChento\" \/>\n<meta property=\"article:published_time\" content=\"2024-03-13T07:35:46+00:00\" \/>\n<meta property=\"og:image\" content=\"https:\/\/i0.wp.com\/vincentians.com\/es\/wp-content\/uploads\/sites\/11\/2014\/12\/ozanam-the-poet.jpg?fit=1200%2C630&ssl=1\" \/>\n\t<meta property=\"og:image:width\" content=\"1200\" \/>\n\t<meta property=\"og:image:height\" content=\"630\" \/>\n\t<meta property=\"og:image:type\" content=\"image\/jpeg\" \/>\n<meta name=\"author\" content=\"Francisco Javier Fern\u00e1ndez Chento\" \/>\n<meta name=\"twitter:card\" content=\"summary_large_image\" \/>\n<meta name=\"twitter:creator\" content=\"@https:\/\/twitter.com\/javierchento\" \/>\n<meta name=\"twitter:site\" content=\"@WeVincentians\" \/>\n<meta name=\"twitter:label1\" content=\"Escrito por\" \/>\n\t<meta name=\"twitter:data1\" content=\"Francisco Javier Fern\u00e1ndez Chento\" \/>\n\t<meta name=\"twitter:label2\" content=\"Tiempo de lectura\" \/>\n\t<meta name=\"twitter:data2\" content=\"13 minutos\" \/>\n<script type=\"application\/ld+json\" class=\"yoast-schema-graph\">{\"@context\":\"https:\/\/schema.org\",\"@graph\":[{\"@type\":\"Article\",\"@id\":\"https:\/\/vincentians.com\/es\/federico-ozanam-segun-su-correspondencia-06\/#article\",\"isPartOf\":{\"@id\":\"https:\/\/vincentians.com\/es\/federico-ozanam-segun-su-correspondencia-06\/\"},\"author\":{\"name\":\"Francisco Javier Fern\u00e1ndez Chento\",\"@id\":\"https:\/\/vincentians.com\/es\/#\/schema\/person\/9623ef4d9aa3b2dfb8c061f1499288f2\"},\"headline\":\"Federico Ozanam seg\u00fan su correspondencia (06)\",\"datePublished\":\"2024-03-13T07:35:46+00:00\",\"mainEntityOfPage\":{\"@id\":\"https:\/\/vincentians.com\/es\/federico-ozanam-segun-su-correspondencia-06\/\"},\"wordCount\":2814,\"commentCount\":0,\"publisher\":{\"@id\":\"https:\/\/vincentians.com\/es\/#organization\"},\"image\":{\"@id\":\"https:\/\/vincentians.com\/es\/federico-ozanam-segun-su-correspondencia-06\/#primaryimage\"},\"thumbnailUrl\":\"https:\/\/i0.wp.com\/vincentians.com\/es\/wp-content\/uploads\/sites\/11\/2014\/12\/ozanam-the-poet.jpg?fit=1200%2C630&ssl=1\",\"keywords\":[\"Clichy\",\"Pobreza\"],\"articleSection\":[\"Federico Ozanam\"],\"inLanguage\":\"es\",\"potentialAction\":[{\"@type\":\"CommentAction\",\"name\":\"Comment\",\"target\":[\"https:\/\/vincentians.com\/es\/federico-ozanam-segun-su-correspondencia-06\/#respond\"]}]},{\"@type\":\"WebPage\",\"@id\":\"https:\/\/vincentians.com\/es\/federico-ozanam-segun-su-correspondencia-06\/\",\"url\":\"https:\/\/vincentians.com\/es\/federico-ozanam-segun-su-correspondencia-06\/\",\"name\":\"Federico Ozanam seg\u00fan su correspondencia (06) - Somos Vicencianos\",\"isPartOf\":{\"@id\":\"https:\/\/vincentians.com\/es\/#website\"},\"primaryImageOfPage\":{\"@id\":\"https:\/\/vincentians.com\/es\/federico-ozanam-segun-su-correspondencia-06\/#primaryimage\"},\"image\":{\"@id\":\"https:\/\/vincentians.com\/es\/federico-ozanam-segun-su-correspondencia-06\/#primaryimage\"},\"thumbnailUrl\":\"https:\/\/i0.wp.com\/vincentians.com\/es\/wp-content\/uploads\/sites\/11\/2014\/12\/ozanam-the-poet.jpg?fit=1200%2C630&ssl=1\",\"datePublished\":\"2024-03-13T07:35:46+00:00\",\"breadcrumb\":{\"@id\":\"https:\/\/vincentians.com\/es\/federico-ozanam-segun-su-correspondencia-06\/#breadcrumb\"},\"inLanguage\":\"es\",\"potentialAction\":[{\"@type\":\"ReadAction\",\"target\":[\"https:\/\/vincentians.com\/es\/federico-ozanam-segun-su-correspondencia-06\/\"]}]},{\"@type\":\"ImageObject\",\"inLanguage\":\"es\",\"@id\":\"https:\/\/vincentians.com\/es\/federico-ozanam-segun-su-correspondencia-06\/#primaryimage\",\"url\":\"https:\/\/i0.wp.com\/vincentians.com\/es\/wp-content\/uploads\/sites\/11\/2014\/12\/ozanam-the-poet.jpg?fit=1200%2C630&ssl=1\",\"contentUrl\":\"https:\/\/i0.wp.com\/vincentians.com\/es\/wp-content\/uploads\/sites\/11\/2014\/12\/ozanam-the-poet.jpg?fit=1200%2C630&ssl=1\",\"width\":1200,\"height\":630},{\"@type\":\"BreadcrumbList\",\"@id\":\"https:\/\/vincentians.com\/es\/federico-ozanam-segun-su-correspondencia-06\/#breadcrumb\",\"itemListElement\":[{\"@type\":\"ListItem\",\"position\":1,\"name\":\"Portada\",\"item\":\"https:\/\/vincentians.com\/es\/\"},{\"@type\":\"ListItem\",\"position\":2,\"name\":\"Federico Ozanam seg\u00fan su correspondencia (06)\"}]},{\"@type\":\"WebSite\",\"@id\":\"https:\/\/vincentians.com\/es\/#website\",\"url\":\"https:\/\/vincentians.com\/es\/\",\"name\":\"Somos Vicencianos\",\"description\":\"Know more to serve more\",\"publisher\":{\"@id\":\"https:\/\/vincentians.com\/es\/#organization\"},\"potentialAction\":[{\"@type\":\"SearchAction\",\"target\":{\"@type\":\"EntryPoint\",\"urlTemplate\":\"https:\/\/vincentians.com\/es\/?s={search_term_string}\"},\"query-input\":{\"@type\":\"PropertyValueSpecification\",\"valueRequired\":true,\"valueName\":\"search_term_string\"}}],\"inLanguage\":\"es\"},{\"@type\":\"Organization\",\"@id\":\"https:\/\/vincentians.com\/es\/#organization\",\"name\":\"The Vincentian Network\",\"url\":\"https:\/\/vincentians.com\/es\/\",\"logo\":{\"@type\":\"ImageObject\",\"inLanguage\":\"es\",\"@id\":\"https:\/\/vincentians.com\/es\/#\/schema\/logo\/image\/\",\"url\":\"https:\/\/i1.wp.com\/vincentians.com\/es\/wp-content\/uploads\/sites\/11\/2016\/06\/Vincentian-Network-logo-big.png?fit=778%2C778\",\"contentUrl\":\"https:\/\/i1.wp.com\/vincentians.com\/es\/wp-content\/uploads\/sites\/11\/2016\/06\/Vincentian-Network-logo-big.png?fit=778%2C778\",\"width\":778,\"height\":778,\"caption\":\"The Vincentian Network\"},\"image\":{\"@id\":\"https:\/\/vincentians.com\/es\/#\/schema\/logo\/image\/\"},\"sameAs\":[\"https:\/\/www.facebook.com\/WeAreVincentians\/\",\"https:\/\/x.com\/WeVincentians\"]},{\"@type\":\"Person\",\"@id\":\"https:\/\/vincentians.com\/es\/#\/schema\/person\/9623ef4d9aa3b2dfb8c061f1499288f2\",\"name\":\"Francisco Javier Fern\u00e1ndez Chento\",\"image\":{\"@type\":\"ImageObject\",\"inLanguage\":\"es\",\"@id\":\"https:\/\/vincentians.com\/es\/#\/schema\/person\/image\/\",\"url\":\"https:\/\/secure.gravatar.com\/avatar\/497d5cde87b4c3d097d0315953521681ba2cd523ee66e5077c3711f7021e65de?s=96&d=mm&r=g\",\"contentUrl\":\"https:\/\/secure.gravatar.com\/avatar\/497d5cde87b4c3d097d0315953521681ba2cd523ee66e5077c3711f7021e65de?s=96&d=mm&r=g\",\"caption\":\"Francisco Javier Fern\u00e1ndez Chento\"},\"description\":\"Director General y cofundador de La Red de Formaci\u00f3n Vicenciana. Javier es laico vicenciano, afiliado a la Congregaci\u00f3n de la Misi\u00f3n y miembro del Equipo de Misiones Populares de la provincia can\u00f3nica de Zaragoza (Espa\u00f1a) de la Congregaci\u00f3n de la Misi\u00f3n. Graduado en la Universidad Oberta de Catalunya con cuatro grados (Asistente de direcci\u00f3n, Gesti\u00f3n Administrativa, Recursos Humanos y Contabilidad Avanzada). Bil\u00edng\u00fce Espa\u00f1ol\/Ingl\u00e9s. gestiona y mantiene varias p\u00e1ginas web cristianas y vicencianas, incluida including La Red de Formaci\u00f3n Vicenciana, de la que es cofundador. Actualmente es responsable del \u00e1rea de Espa\u00f1ol de .famvin, la Red de Noticias de la Familia Vicenciana. Tambi\u00e9n es m\u00fasico cat\u00f3lico y ha editado varios discos. Es Director General y cofundador de Trovador, una reconocida compa\u00f1\u00eda discogr\u00e1fica critiana de Espa\u00f1a. Trabaja en las Tecnolog\u00edas de la Informaci\u00f3n, ofreciendo servicios de alojamiento, dise\u00f1o y mantenimiento Web, as\u00ed como asesoramiento, formaci\u00f3n y soluciones inform\u00e1ticas, gesti\u00f3n documental y digitalizaci\u00f3n de textos, edici\u00f3n y maquetaci\u00f3n de libros, revistas, flyers, etc.\",\"sameAs\":[\"http:\/\/chento.org\",\"https:\/\/www.facebook.com\/JavierChento\",\"https:\/\/x.com\/https:\/\/twitter.com\/javierchento\"],\"url\":\"https:\/\/vincentians.com\/es\/author\/chento\/\"}]}<\/script>\n<!-- \/ Yoast SEO plugin. -->","yoast_head_json":{"title":"Federico Ozanam seg\u00fan su correspondencia (06) - Somos Vicencianos","robots":{"index":"index","follow":"follow","max-snippet":"max-snippet:-1","max-image-preview":"max-image-preview:large","max-video-preview":"max-video-preview:-1"},"canonical":"https:\/\/vincentians.com\/es\/federico-ozanam-segun-su-correspondencia-06\/","og_locale":"es_ES","og_type":"article","og_title":"Federico Ozanam seg\u00fan su correspondencia (06) - Somos Vicencianos","og_description":"Cap\u00edtulo VI: Orientaci\u00f3n Se\u00f1ora, eres tan grande y tanto vales que quien quiera merced y a Ti no acude, quiere su deseo volar sin alas. Dante (Para\u00edso, c. 33, 13) 1.\u2014 Viaje a Italia Durante ... Read More","og_url":"https:\/\/vincentians.com\/es\/federico-ozanam-segun-su-correspondencia-06\/","og_site_name":"Somos Vicencianos","article_publisher":"https:\/\/www.facebook.com\/WeAreVincentians\/","article_author":"https:\/\/www.facebook.com\/JavierChento","article_published_time":"2024-03-13T07:35:46+00:00","og_image":[{"width":1200,"height":630,"url":"https:\/\/i0.wp.com\/vincentians.com\/es\/wp-content\/uploads\/sites\/11\/2014\/12\/ozanam-the-poet.jpg?fit=1200%2C630&ssl=1","type":"image\/jpeg"}],"author":"Francisco Javier Fern\u00e1ndez Chento","twitter_card":"summary_large_image","twitter_creator":"@https:\/\/twitter.com\/javierchento","twitter_site":"@WeVincentians","twitter_misc":{"Escrito por":"Francisco Javier Fern\u00e1ndez Chento","Tiempo de lectura":"13 minutos"},"schema":{"@context":"https:\/\/schema.org","@graph":[{"@type":"Article","@id":"https:\/\/vincentians.com\/es\/federico-ozanam-segun-su-correspondencia-06\/#article","isPartOf":{"@id":"https:\/\/vincentians.com\/es\/federico-ozanam-segun-su-correspondencia-06\/"},"author":{"name":"Francisco Javier Fern\u00e1ndez Chento","@id":"https:\/\/vincentians.com\/es\/#\/schema\/person\/9623ef4d9aa3b2dfb8c061f1499288f2"},"headline":"Federico Ozanam seg\u00fan su correspondencia (06)","datePublished":"2024-03-13T07:35:46+00:00","mainEntityOfPage":{"@id":"https:\/\/vincentians.com\/es\/federico-ozanam-segun-su-correspondencia-06\/"},"wordCount":2814,"commentCount":0,"publisher":{"@id":"https:\/\/vincentians.com\/es\/#organization"},"image":{"@id":"https:\/\/vincentians.com\/es\/federico-ozanam-segun-su-correspondencia-06\/#primaryimage"},"thumbnailUrl":"https:\/\/i0.wp.com\/vincentians.com\/es\/wp-content\/uploads\/sites\/11\/2014\/12\/ozanam-the-poet.jpg?fit=1200%2C630&ssl=1","keywords":["Clichy","Pobreza"],"articleSection":["Federico Ozanam"],"inLanguage":"es","potentialAction":[{"@type":"CommentAction","name":"Comment","target":["https:\/\/vincentians.com\/es\/federico-ozanam-segun-su-correspondencia-06\/#respond"]}]},{"@type":"WebPage","@id":"https:\/\/vincentians.com\/es\/federico-ozanam-segun-su-correspondencia-06\/","url":"https:\/\/vincentians.com\/es\/federico-ozanam-segun-su-correspondencia-06\/","name":"Federico Ozanam seg\u00fan su correspondencia (06) - Somos Vicencianos","isPartOf":{"@id":"https:\/\/vincentians.com\/es\/#website"},"primaryImageOfPage":{"@id":"https:\/\/vincentians.com\/es\/federico-ozanam-segun-su-correspondencia-06\/#primaryimage"},"image":{"@id":"https:\/\/vincentians.com\/es\/federico-ozanam-segun-su-correspondencia-06\/#primaryimage"},"thumbnailUrl":"https:\/\/i0.wp.com\/vincentians.com\/es\/wp-content\/uploads\/sites\/11\/2014\/12\/ozanam-the-poet.jpg?fit=1200%2C630&ssl=1","datePublished":"2024-03-13T07:35:46+00:00","breadcrumb":{"@id":"https:\/\/vincentians.com\/es\/federico-ozanam-segun-su-correspondencia-06\/#breadcrumb"},"inLanguage":"es","potentialAction":[{"@type":"ReadAction","target":["https:\/\/vincentians.com\/es\/federico-ozanam-segun-su-correspondencia-06\/"]}]},{"@type":"ImageObject","inLanguage":"es","@id":"https:\/\/vincentians.com\/es\/federico-ozanam-segun-su-correspondencia-06\/#primaryimage","url":"https:\/\/i0.wp.com\/vincentians.com\/es\/wp-content\/uploads\/sites\/11\/2014\/12\/ozanam-the-poet.jpg?fit=1200%2C630&ssl=1","contentUrl":"https:\/\/i0.wp.com\/vincentians.com\/es\/wp-content\/uploads\/sites\/11\/2014\/12\/ozanam-the-poet.jpg?fit=1200%2C630&ssl=1","width":1200,"height":630},{"@type":"BreadcrumbList","@id":"https:\/\/vincentians.com\/es\/federico-ozanam-segun-su-correspondencia-06\/#breadcrumb","itemListElement":[{"@type":"ListItem","position":1,"name":"Portada","item":"https:\/\/vincentians.com\/es\/"},{"@type":"ListItem","position":2,"name":"Federico Ozanam seg\u00fan su correspondencia (06)"}]},{"@type":"WebSite","@id":"https:\/\/vincentians.com\/es\/#website","url":"https:\/\/vincentians.com\/es\/","name":"Somos Vicencianos","description":"Know more to serve more","publisher":{"@id":"https:\/\/vincentians.com\/es\/#organization"},"potentialAction":[{"@type":"SearchAction","target":{"@type":"EntryPoint","urlTemplate":"https:\/\/vincentians.com\/es\/?s={search_term_string}"},"query-input":{"@type":"PropertyValueSpecification","valueRequired":true,"valueName":"search_term_string"}}],"inLanguage":"es"},{"@type":"Organization","@id":"https:\/\/vincentians.com\/es\/#organization","name":"The Vincentian Network","url":"https:\/\/vincentians.com\/es\/","logo":{"@type":"ImageObject","inLanguage":"es","@id":"https:\/\/vincentians.com\/es\/#\/schema\/logo\/image\/","url":"https:\/\/i1.wp.com\/vincentians.com\/es\/wp-content\/uploads\/sites\/11\/2016\/06\/Vincentian-Network-logo-big.png?fit=778%2C778","contentUrl":"https:\/\/i1.wp.com\/vincentians.com\/es\/wp-content\/uploads\/sites\/11\/2016\/06\/Vincentian-Network-logo-big.png?fit=778%2C778","width":778,"height":778,"caption":"The Vincentian Network"},"image":{"@id":"https:\/\/vincentians.com\/es\/#\/schema\/logo\/image\/"},"sameAs":["https:\/\/www.facebook.com\/WeAreVincentians\/","https:\/\/x.com\/WeVincentians"]},{"@type":"Person","@id":"https:\/\/vincentians.com\/es\/#\/schema\/person\/9623ef4d9aa3b2dfb8c061f1499288f2","name":"Francisco Javier Fern\u00e1ndez Chento","image":{"@type":"ImageObject","inLanguage":"es","@id":"https:\/\/vincentians.com\/es\/#\/schema\/person\/image\/","url":"https:\/\/secure.gravatar.com\/avatar\/497d5cde87b4c3d097d0315953521681ba2cd523ee66e5077c3711f7021e65de?s=96&d=mm&r=g","contentUrl":"https:\/\/secure.gravatar.com\/avatar\/497d5cde87b4c3d097d0315953521681ba2cd523ee66e5077c3711f7021e65de?s=96&d=mm&r=g","caption":"Francisco Javier Fern\u00e1ndez Chento"},"description":"Director General y cofundador de La Red de Formaci\u00f3n Vicenciana. Javier es laico vicenciano, afiliado a la Congregaci\u00f3n de la Misi\u00f3n y miembro del Equipo de Misiones Populares de la provincia can\u00f3nica de Zaragoza (Espa\u00f1a) de la Congregaci\u00f3n de la Misi\u00f3n. Graduado en la Universidad Oberta de Catalunya con cuatro grados (Asistente de direcci\u00f3n, Gesti\u00f3n Administrativa, Recursos Humanos y Contabilidad Avanzada). Bil\u00edng\u00fce Espa\u00f1ol\/Ingl\u00e9s. gestiona y mantiene varias p\u00e1ginas web cristianas y vicencianas, incluida including La Red de Formaci\u00f3n Vicenciana, de la que es cofundador. Actualmente es responsable del \u00e1rea de Espa\u00f1ol de .famvin, la Red de Noticias de la Familia Vicenciana. Tambi\u00e9n es m\u00fasico cat\u00f3lico y ha editado varios discos. Es Director General y cofundador de Trovador, una reconocida compa\u00f1\u00eda discogr\u00e1fica critiana de Espa\u00f1a. Trabaja en las Tecnolog\u00edas de la Informaci\u00f3n, ofreciendo servicios de alojamiento, dise\u00f1o y mantenimiento Web, as\u00ed como asesoramiento, formaci\u00f3n y soluciones inform\u00e1ticas, gesti\u00f3n documental y digitalizaci\u00f3n de textos, edici\u00f3n y maquetaci\u00f3n de libros, revistas, flyers, etc.","sameAs":["http:\/\/chento.org","https:\/\/www.facebook.com\/JavierChento","https:\/\/x.com\/https:\/\/twitter.com\/javierchento"],"url":"https:\/\/vincentians.com\/es\/author\/chento\/"}]}},"jetpack_publicize_connections":[],"jetpack_featured_media_url":"https:\/\/i0.wp.com\/vincentians.com\/es\/wp-content\/uploads\/sites\/11\/2014\/12\/ozanam-the-poet.jpg?fit=1200%2C630&ssl=1","jetpack_sharing_enabled":true,"jetpack_shortlink":"https:\/\/wp.me\/p7ETMF-gsa","jetpack-related-posts":[{"id":104291,"url":"https:\/\/vincentians.com\/es\/novena-biblica-en-honor-al-beato-federico-ozanam-dia-noveno\/","url_meta":{"origin":63250,"position":0},"title":"Novena b\u00edblica en honor al beato Federico Ozanam: D\u00eda noveno","author":"Francisco Javier Fern\u00e1ndez Chento","date":"09\/09\/2012","format":false,"excerpt":"Oraci\u00f3n Oh Dios de Caridad infinita, que no dejas de compadecerte de nosotros y contin\u00faas la obra misericordiosa de tu Divino Hijo Jesucristo en la historia de cada hombre. Te damos infinitas gracias por el amor que se hace manifiesto por medio de la gracia bautismal en todos y cada\u2026","rel":"","context":"En \u00abFederico Ozanam\u00bb","block_context":{"text":"Federico Ozanam","link":"https:\/\/vincentians.com\/es\/category\/la-familia-vicenciana\/fundadores\/federico-ozanam\/"},"img":{"alt_text":"","src":"https:\/\/i0.wp.com\/vicencianos.org\/wp-content\/2012\/09\/beato_ozanam_pobre-225x300.jpg?resize=350%2C200","width":350,"height":200},"classes":[]},{"id":387452,"url":"https:\/\/vincentians.com\/es\/federico-ozanam-1813-1853-ii\/","url_meta":{"origin":63250,"position":1},"title":"Federico Ozanam (1813-1853) (II)","author":"Mitxel Olabu\u00e9naga","date":"06\/05\/2016","format":false,"excerpt":"PRE\u00c1MBULO Nunca damos suficientes gracias por los peque\u00f1os beneficios de Dios'\". El 15 de mayo de 1853, Federico Onazam escribe esta frase en San-Jacopo, pueblecito cerca de Livorno, en Italia. Hace varios meses que viaja tratando de recobrar la salud, pero sin grandes resultados. Por la ventana pude contemplar el\u2026","rel":"","context":"En \u00abFederico Ozanam\u00bb","block_context":{"text":"Federico Ozanam","link":"https:\/\/vincentians.com\/es\/category\/la-familia-vicenciana\/fundadores\/federico-ozanam\/"},"img":{"alt_text":"","src":"https:\/\/i0.wp.com\/vincentians.com\/es\/wp-content\/uploads\/sites\/11\/2016\/07\/young-ozanam.jpg?fit=1200%2C630&ssl=1&resize=350%2C200","width":350,"height":200,"srcset":"https:\/\/i0.wp.com\/vincentians.com\/es\/wp-content\/uploads\/sites\/11\/2016\/07\/young-ozanam.jpg?fit=1200%2C630&ssl=1&resize=350%2C200 1x, https:\/\/i0.wp.com\/vincentians.com\/es\/wp-content\/uploads\/sites\/11\/2016\/07\/young-ozanam.jpg?fit=1200%2C630&ssl=1&resize=525%2C300 1.5x, https:\/\/i0.wp.com\/vincentians.com\/es\/wp-content\/uploads\/sites\/11\/2016\/07\/young-ozanam.jpg?fit=1200%2C630&ssl=1&resize=700%2C400 2x, https:\/\/i0.wp.com\/vincentians.com\/es\/wp-content\/uploads\/sites\/11\/2016\/07\/young-ozanam.jpg?fit=1200%2C630&ssl=1&resize=1050%2C600 3x"},"classes":[]},{"id":386828,"url":"https:\/\/vincentians.com\/es\/federico-ozanam-un-santo-polifacetico-y-modelico\/","url_meta":{"origin":63250,"position":2},"title":"Federico Ozanam, un santo polifac\u00e9tico y mod\u00e9lico","author":"Francisco Javier Fern\u00e1ndez Chento","date":"09\/09\/2024","format":false,"excerpt":"Federico Ozanam, hombre polifac\u00e9tico y mod\u00e9lico Es para m\u00ed una satisfacci\u00f3n estar aqu\u00ed en esta mesa con el objetivo de presentar la figura del beato Federico Ozanam con motivo de la edici\u00f3n de su correspondencia. Quiero iniciar mi reflexi\u00f3n recordando el breve retrato que hizo de su persona el historiador\u2026","rel":"","context":"En \u00abFederico Ozanam\u00bb","block_context":{"text":"Federico Ozanam","link":"https:\/\/vincentians.com\/es\/category\/la-familia-vicenciana\/fundadores\/federico-ozanam\/"},"img":{"alt_text":"","src":"https:\/\/i0.wp.com\/vincentians.com\/es\/wp-content\/uploads\/sites\/11\/2016\/09\/Federico-Ozanam-5.jpg?fit=472%2C689&ssl=1&resize=350%2C200","width":350,"height":200},"classes":[]},{"id":120727,"url":"https:\/\/vincentians.com\/es\/la-santidad-en-federico-ozanam\/","url_meta":{"origin":63250,"position":3},"title":"La santidad en Federico Ozanam","author":"Francisco Javier Fern\u00e1ndez Chento","date":"09\/09\/2021","format":false,"excerpt":"Introducci\u00f3n Todos sabemos que Vicente de Pa\u00fal plant\u00f3 un gran \u00e1rbol \"revolucionario\" de caridad en el siglo XVII. En este tronco se le han ido injertado otras ramas que, a pesar de tener identidad pro\u00adpia, todas ellas se alimentan de esa savia del Cristo adorador del Padre, evangelizador y servidor\u2026","rel":"","context":"En \u00abFederico Ozanam\u00bb","block_context":{"text":"Federico Ozanam","link":"https:\/\/vincentians.com\/es\/category\/la-familia-vicenciana\/fundadores\/federico-ozanam\/"},"img":{"alt_text":"","src":"https:\/\/i0.wp.com\/vincentians.com\/es\/wp-content\/uploads\/sites\/11\/2016\/10\/cara-ozanam.jpg?fit=1200%2C630&ssl=1&resize=350%2C200","width":350,"height":200,"srcset":"https:\/\/i0.wp.com\/vincentians.com\/es\/wp-content\/uploads\/sites\/11\/2016\/10\/cara-ozanam.jpg?fit=1200%2C630&ssl=1&resize=350%2C200 1x, https:\/\/i0.wp.com\/vincentians.com\/es\/wp-content\/uploads\/sites\/11\/2016\/10\/cara-ozanam.jpg?fit=1200%2C630&ssl=1&resize=525%2C300 1.5x, https:\/\/i0.wp.com\/vincentians.com\/es\/wp-content\/uploads\/sites\/11\/2016\/10\/cara-ozanam.jpg?fit=1200%2C630&ssl=1&resize=700%2C400 2x, https:\/\/i0.wp.com\/vincentians.com\/es\/wp-content\/uploads\/sites\/11\/2016\/10\/cara-ozanam.jpg?fit=1200%2C630&ssl=1&resize=1050%2C600 3x"},"classes":[]},{"id":125712,"url":"https:\/\/vincentians.com\/es\/ocho-rasgos-sobresalientes-de-federico-ozanam\/","url_meta":{"origin":63250,"position":4},"title":"Ocho rasgos sobresalientes de Federico Ozanam","author":"Francisco Javier Fern\u00e1ndez Chento","date":"13\/06\/2015","format":false,"excerpt":"\u00bfCu\u00e1les son los rasgos m\u00e1s caracter\u00edsticos por los cuales la Iglesia le ha elevado a los altares? O, dicho de otra forma: \u00bfQu\u00e9 tiene la eterna juventud de Ozanam \u2014en \u00e9l se puede decir, sin duda, pues muri\u00f3 a los 40 a\u00f1os\u2014 que a\u00fan en el siglo veintiuno sigue atrayendo\u2026","rel":"","context":"En \u00abFederico Ozanam\u00bb","block_context":{"text":"Federico Ozanam","link":"https:\/\/vincentians.com\/es\/category\/la-familia-vicenciana\/fundadores\/federico-ozanam\/"},"img":{"alt_text":"Ozanam19","src":"https:\/\/i0.wp.com\/vicencianos.org\/wp-content\/2013\/11\/Ozanam19-244x300.jpg?resize=350%2C200","width":350,"height":200},"classes":[]},{"id":387642,"url":"https:\/\/vincentians.com\/es\/la-obra-de-federico-ozanam-v\/","url_meta":{"origin":63250,"position":5},"title":"La obra de Federico Ozanam (V)","author":"Mitxel Olabu\u00e9naga","date":"14\/07\/2016","format":false,"excerpt":"SUS RUTAS TERRESTRES Bouligneux es un pueblecito apretado entre estanques, cerca del burgo de Villars y de la carretera de Lyon a Bourg, a varias leguas de Chatillon y de Ars, que evangelizaron Vicente de Pa\u00fal y Jean-Marie Vianey. All\u00ed fue, entre Bresse y Dombes, donde los Ozanam hicieron su\u2026","rel":"","context":"En \u00abFederico Ozanam\u00bb","block_context":{"text":"Federico Ozanam","link":"https:\/\/vincentians.com\/es\/category\/la-familia-vicenciana\/fundadores\/federico-ozanam\/"},"img":{"alt_text":"","src":"https:\/\/i0.wp.com\/vincentians.com\/es\/wp-content\/uploads\/sites\/11\/2016\/07\/ozanam-medal.jpg?fit=1200%2C630&ssl=1&resize=350%2C200","width":350,"height":200,"srcset":"https:\/\/i0.wp.com\/vincentians.com\/es\/wp-content\/uploads\/sites\/11\/2016\/07\/ozanam-medal.jpg?fit=1200%2C630&ssl=1&resize=350%2C200 1x, https:\/\/i0.wp.com\/vincentians.com\/es\/wp-content\/uploads\/sites\/11\/2016\/07\/ozanam-medal.jpg?fit=1200%2C630&ssl=1&resize=525%2C300 1.5x, https:\/\/i0.wp.com\/vincentians.com\/es\/wp-content\/uploads\/sites\/11\/2016\/07\/ozanam-medal.jpg?fit=1200%2C630&ssl=1&resize=700%2C400 2x, https:\/\/i0.wp.com\/vincentians.com\/es\/wp-content\/uploads\/sites\/11\/2016\/07\/ozanam-medal.jpg?fit=1200%2C630&ssl=1&resize=1050%2C600 3x"},"classes":[]}],"_links":{"self":[{"href":"https:\/\/vincentians.com\/es\/wp-json\/wp\/v2\/posts\/63250","targetHints":{"allow":["GET"]}}],"collection":[{"href":"https:\/\/vincentians.com\/es\/wp-json\/wp\/v2\/posts"}],"about":[{"href":"https:\/\/vincentians.com\/es\/wp-json\/wp\/v2\/types\/post"}],"author":[{"embeddable":true,"href":"https:\/\/vincentians.com\/es\/wp-json\/wp\/v2\/users\/4"}],"replies":[{"embeddable":true,"href":"https:\/\/vincentians.com\/es\/wp-json\/wp\/v2\/comments?post=63250"}],"version-history":[{"count":1,"href":"https:\/\/vincentians.com\/es\/wp-json\/wp\/v2\/posts\/63250\/revisions"}],"predecessor-version":[{"id":405342,"href":"https:\/\/vincentians.com\/es\/wp-json\/wp\/v2\/posts\/63250\/revisions\/405342"}],"wp:featuredmedia":[{"embeddable":true,"href":"https:\/\/vincentians.com\/es\/wp-json\/wp\/v2\/media\/150094"}],"wp:attachment":[{"href":"https:\/\/vincentians.com\/es\/wp-json\/wp\/v2\/media?parent=63250"}],"wp:term":[{"taxonomy":"category","embeddable":true,"href":"https:\/\/vincentians.com\/es\/wp-json\/wp\/v2\/categories?post=63250"},{"taxonomy":"post_tag","embeddable":true,"href":"https:\/\/vincentians.com\/es\/wp-json\/wp\/v2\/tags?post=63250"}],"curies":[{"name":"wp","href":"https:\/\/api.w.org\/{rel}","templated":true}]}}