{"id":6243,"date":"2008-12-02T06:26:32","date_gmt":"2008-12-02T05:26:32","guid":{"rendered":"http:\/\/www.vicencianos.org\/web\/2008\/12\/02\/vicente-de-paul-carta-0305-a-lamberto-aux-couteaux-sacerdote-de-la-mision-en-richelieu\/"},"modified":"2016-07-26T11:11:21","modified_gmt":"2016-07-26T09:11:21","slug":"vicente-de-paul-carta-0305-a-lamberto-aux-couteaux-sacerdote-de-la-mision-en-richelieu","status":"publish","type":"post","link":"https:\/\/vincentians.com\/es\/vicente-de-paul-carta-0305-a-lamberto-aux-couteaux-sacerdote-de-la-mision-en-richelieu\/","title":{"rendered":"Vicente de Pa\u00fal, Carta 0305: A Lamberto Aux Couteaux, Sacerdote De La Misi\u00f3n, En Richelieu"},"content":{"rendered":"<p>Padre:<\/p>\n<p>La gracia de Nuestro Se\u00f1or sea siempre con nosotros.<\/p>\n<p>Recib\u00ed la suya del 24 de este mes, que me ha consolado mucho, va que quiere Dios que se encuentre tan bien, y que el padre Perd\u00fa se haya recuperado de sus tres accesos de fiebre.<\/p>\n<p>Estoy muy satisfecho por sus informes sobre el asunto de Toul. He enviado al padre du Coudray con poderes para tratar las diferencias.<\/p>\n<p>El se\u00f1or Midot lleva nuestros intereses. Desea que el padre Col\u00e9e d\u00e9 cuentas en el cabildo; y si resulta que no hay abuso por nuestra parte, espera que el cabildo se ajuste a nosotros y venir \u00e9l mismo a esta ciudad para los intereses de su di\u00f3cesis. El se\u00f1or presidente Faberolle, que tiene caridad con nosotros, ha embotado un poco el filo de la demanda. Si no se hubiese visto obligado a volverse atr\u00e1s, hubiera podido solucionar este asunto, que yo abandonar\u00eda de buena gana, si no fuese porque estamos obligados a justificar que est\u00e1n equivocados al acusarnos de haber empleado mal estos bienes. Tal es el parecer del buen se\u00f1or du Cordes y del se\u00f1or de Sainte-Marthe. Hemos pedido la evocaci\u00f3n, seg\u00fan deseos del se\u00f1or Midot. Y entretanto me han dicho que el se\u00f1or canciller se ha negado a sellar las cartas. Benedictus Deus!<\/p>\n<p>Estoy muy contento de conocer la descripci\u00f3n de ese peque\u00f1o priorato. El se\u00f1or des Roches me ha dicho que nos lo quer\u00eda dar pero todav\u00eda no lo ha hecho. Haga el favor de decirme si se lo han dicho por otra parte. \u00a1Bendito sea Dios por lo que dice que puede costear el pan y el vino de la casa!<\/p>\n<p>Quisiera saber igualmente si los coches de Loudun est\u00e1n a 5.000 libras; s\u00f3lo estaban a 4.500 libras cuando la fundaci\u00f3n, quiz\u00e1s hayan subido despu\u00e9s.<\/p>\n<p>Yo aguantar\u00eda firme en lo de la construcci\u00f3n; pero me gustar\u00eda saber si el defecto est\u00e1 en los materiales o en la obra, o en que usted lo quiere m\u00e1s elevado. Una palabra sobre esto, por favor.<\/p>\n<p>Ese gran curato me da miedo. In nomine Domini!<\/p>\n<p>Alabo a Dios por la misi\u00f3n que hace con los prisioneros, que me dan mucha compasi\u00f3n. Pero ponga cuidado, por favor, de no ir en ayunas.<\/p>\n<p>Del colegio que desean los habitantes, ipsi viderint. Pero al sobrino de ese buen can\u00f3nigo, \u00a1oh Jes\u00fas!, t\u00f3melo usted.<\/p>\n<p>Me he olvidado de dar \u00f3rdenes para comprar los hierros para hacer hostias.<\/p>\n<p>Hablemos de los que tienen que ir a acompa\u00f1arle. Le enviamos a tres de aqu\u00ed y a los padres Codoing y Dutot, que tienen que ir a encontrarle desde el Delfinado, en donde est\u00e1n. Espero que los tendr\u00e1 dentro de diez d\u00edas. Nuestro Se\u00f1or ha bendecido mucho su trabajo en aquel pa\u00eds. De aqu\u00ed van los padres Buissot, Benito y Gourrant. Puede conservar a su lado en Richelieu a los padres Buissot o Benito y al padre Gourrant, y enviar a uno de ellos a la Mision de Lu\u00e7on. Creo que conviene que emplee a los padres Codoing y Durot en el ducado de Richelieu.<\/p>\n<p>El padre Gourrant entiende de m\u00fasica, el padre Benito y el padre Buissot saben entonar los salmos. El padre Benito ense\u00f1a \u00fatilmente el catecismo. Todo el mundo est\u00e1 de acuerdo en que el fruto que se realiza en la Misi\u00f3n se debe al catecismo; y afirmando esto \u00faltimamente una persona de calidad, a\u00f1adi\u00f3 que los misioneros se esforzaban todos en predicar bien, pero que no sab\u00edan hacer el catecismo, y dijo esto en mi presencia y en la de una buena compa\u00f1\u00eda. En el nombre de Dios. padre, advierta esto a la compa\u00f1\u00eda de all\u00ed. Mi pensamiento es que los que trabajen, tienen que hacer uno el catecismo mayor y el otro el catecismo menor solamente, y hablar dos veces al d\u00eda. Y se pueden llevar al catecismo algunas moralidades para impresionar; pues, como he dicho, se advierte que todo el fruto viene de all\u00ed.<\/p>\n<p>Hemos tenido aqu\u00ed algunas conferencias sobre la manera como hay que proceder para ense\u00f1ar las verdades discutidas; y me parece que esos padres lo entienden bastante bien, al menos los tres primeros. Han aprendido tambi\u00e9n el m\u00e9todo del se\u00f1or V\u00e9ron por \u00e9l mismo. Le pido, padre, que todos los d\u00edas conferencien todos juntos y diga al padre Perdu que le ruego refresque su memoria sobre esto, de modo que, cuando partan de Richelieu, sepan c\u00f3mo hay que ense\u00f1ar estas verdades humilde y familiarmente. Que se acuerden que no han ido all\u00e1 por los herejes, sino por los pobres cat\u00f3licos y que si, a pesar de eso, de pasada, se presenta la ocasi\u00f3n de instruir a alguno. que lo hagan mansa y humildemente, demostrando que lo que les dicen sale de unas entra\u00f1as de compasi\u00f3n y de caridad, y no de indignaci\u00f3n. No podr\u00eda proponerles un ejemplo mejor que el de usted y el del padre Soufliers. Un se\u00f1or de esos lugares me ha dicho que usted se porta como es debido para instruir a los cat\u00f3licos y a los hugonotes por medio de ellos, y para edificar a unos y a otros. Le ruego, padre, que le diga esto y sobre todo que no se pongan nunca a desafiar a los ministros, ni a ning\u00fan otro, con cualquier ocasi\u00f3n que sea.<\/p>\n<p>Estos padres Partir\u00e1n ma\u00f1ana en el coche de Poitiers, seg\u00fan creo, que est\u00e1 obligado a llevarlos a cuatro leguas de Richelieu. Por eso he enviado la presente al mensajero de Champigny, para que tenga aviso de su partida y piense en su alojamiento.<\/p>\n<p>Me dice que carece de muebles. Le enviar\u00e9 una carta de cr\u00e9dito para tomar hasta mil libras en Tours, donde podr\u00e1 hacer la provisi\u00f3n de muebles que sean necesarios.<\/p>\n<p>Si presiente que se le quiere sujetar a alguna otra cosa por encima de nuestras bulas, ruegue a monse\u00f1or de Chartres que tome a bien que me pase usted aviso, si no lo puede remediar en el instante y si despu\u00e9s de todo no se encuentra ning\u00fan medio, sit nomen Domini benedictum!<\/p>\n<p>Soy en su amor, para el padre Perdu a quien abrazo y para usted en el amor de Nuestro Se\u00f1or, su muy humilde servidor,<\/p>\n<p>VICENTE DEPAUL<\/p>\n<p>San L\u00e1zaro, 30 enero 1638.<\/p>\n<p>Dios bendice mucho la misi\u00f3n que se da al presente en Saint-Germain, donde est\u00e1 la corte.<\/p>\n<p>En la parte inferior de la primera p\u00e1gina: Padre Lamberto<\/p>\n","protected":false},"excerpt":{"rendered":"<p>Padre: La gracia de Nuestro Se\u00f1or sea siempre con nosotros. Recib\u00ed la suya del 24 de este mes, que me ha consolado mucho, va que quiere Dios que se encuentre tan bien, y que el &#8230; <a href=\"https:\/\/vincentians.com\/es\/vicente-de-paul-carta-0305-a-lamberto-aux-couteaux-sacerdote-de-la-mision-en-richelieu\/\" class=\"more-link\">Read More<\/a><\/p>\n","protected":false},"author":4,"featured_media":393753,"comment_status":"open","ping_status":"open","sticky":false,"template":"","format":"standard","meta":{"jetpack_post_was_ever_published":false,"_jetpack_newsletter_access":"","_jetpack_dont_email_post_to_subs":false,"_jetpack_newsletter_tier_id":0,"_jetpack_memberships_contains_paywalled_content":false,"_jetpack_memberships_contains_paid_content":false,"footnotes":"","jetpack_publicize_message":"","jetpack_publicize_feature_enabled":true,"jetpack_social_post_already_shared":true,"jetpack_social_options":{"image_generator_settings":{"template":"highway","default_image_id":0,"font":"","enabled":false},"version":2}},"categories":[65],"tags":[124,144,143],"class_list":["post-6243","post","type-post","status-publish","format-standard","has-post-thumbnail","hentry","category-escritos-de-vicente-de-paul","tag-du-coudray","tag-lambert","tag-san-lazaro"],"yoast_head":"<!-- This site is optimized with the Yoast SEO plugin v26.3 - https:\/\/yoast.com\/wordpress\/plugins\/seo\/ -->\n<title>Vicente de Pa\u00fal, Carta 0305: A Lamberto Aux Couteaux, Sacerdote De La Misi\u00f3n, En Richelieu - Somos Vicencianos<\/title>\n<meta name=\"robots\" content=\"index, follow, max-snippet:-1, max-image-preview:large, max-video-preview:-1\" \/>\n<link rel=\"canonical\" href=\"https:\/\/vincentians.com\/es\/vicente-de-paul-carta-0305-a-lamberto-aux-couteaux-sacerdote-de-la-mision-en-richelieu\/\" \/>\n<meta property=\"og:locale\" content=\"es_ES\" \/>\n<meta property=\"og:type\" content=\"article\" \/>\n<meta property=\"og:title\" content=\"Vicente de Pa\u00fal, Carta 0305: A Lamberto Aux Couteaux, Sacerdote De La Misi\u00f3n, En Richelieu - Somos Vicencianos\" \/>\n<meta property=\"og:description\" content=\"Padre: La gracia de Nuestro Se\u00f1or sea siempre con nosotros. Recib\u00ed la suya del 24 de este mes, que me ha consolado mucho, va que quiere Dios que se encuentre tan bien, y que el ... Read More\" \/>\n<meta property=\"og:url\" content=\"https:\/\/vincentians.com\/es\/vicente-de-paul-carta-0305-a-lamberto-aux-couteaux-sacerdote-de-la-mision-en-richelieu\/\" \/>\n<meta property=\"og:site_name\" content=\"Somos Vicencianos\" \/>\n<meta property=\"article:publisher\" content=\"https:\/\/www.facebook.com\/WeAreVincentians\/\" \/>\n<meta property=\"article:author\" content=\"https:\/\/www.facebook.com\/JavierChento\" \/>\n<meta property=\"article:published_time\" content=\"2008-12-02T05:26:32+00:00\" \/>\n<meta property=\"article:modified_time\" content=\"2016-07-26T09:11:21+00:00\" \/>\n<meta property=\"og:image\" content=\"https:\/\/i0.wp.com\/vincentians.com\/es\/wp-content\/uploads\/sites\/11\/2016\/07\/escritos-vicente-de-paul.jpg?fit=1200%2C630&ssl=1\" \/>\n\t<meta property=\"og:image:width\" content=\"1200\" \/>\n\t<meta property=\"og:image:height\" content=\"630\" \/>\n\t<meta property=\"og:image:type\" content=\"image\/jpeg\" \/>\n<meta name=\"author\" content=\"Francisco Javier Fern\u00e1ndez Chento\" \/>\n<meta name=\"twitter:card\" content=\"summary_large_image\" \/>\n<meta name=\"twitter:creator\" content=\"@https:\/\/twitter.com\/javierchento\" \/>\n<meta name=\"twitter:site\" content=\"@WeVincentians\" \/>\n<meta name=\"twitter:label1\" content=\"Escrito por\" \/>\n\t<meta name=\"twitter:data1\" content=\"Francisco Javier Fern\u00e1ndez Chento\" \/>\n\t<meta name=\"twitter:label2\" content=\"Tiempo de lectura\" \/>\n\t<meta name=\"twitter:data2\" content=\"6 minutos\" \/>\n<script type=\"application\/ld+json\" class=\"yoast-schema-graph\">{\"@context\":\"https:\/\/schema.org\",\"@graph\":[{\"@type\":\"Article\",\"@id\":\"https:\/\/vincentians.com\/es\/vicente-de-paul-carta-0305-a-lamberto-aux-couteaux-sacerdote-de-la-mision-en-richelieu\/#article\",\"isPartOf\":{\"@id\":\"https:\/\/vincentians.com\/es\/vicente-de-paul-carta-0305-a-lamberto-aux-couteaux-sacerdote-de-la-mision-en-richelieu\/\"},\"author\":{\"name\":\"Francisco Javier Fern\u00e1ndez Chento\",\"@id\":\"http:\/\/vincentians.com\/es\/#\/schema\/person\/9623ef4d9aa3b2dfb8c061f1499288f2\"},\"headline\":\"Vicente de Pa\u00fal, Carta 0305: A Lamberto Aux Couteaux, Sacerdote De La Misi\u00f3n, En Richelieu\",\"datePublished\":\"2008-12-02T05:26:32+00:00\",\"dateModified\":\"2016-07-26T09:11:21+00:00\",\"mainEntityOfPage\":{\"@id\":\"https:\/\/vincentians.com\/es\/vicente-de-paul-carta-0305-a-lamberto-aux-couteaux-sacerdote-de-la-mision-en-richelieu\/\"},\"wordCount\":1142,\"commentCount\":0,\"publisher\":{\"@id\":\"http:\/\/vincentians.com\/es\/#organization\"},\"image\":{\"@id\":\"https:\/\/vincentians.com\/es\/vicente-de-paul-carta-0305-a-lamberto-aux-couteaux-sacerdote-de-la-mision-en-richelieu\/#primaryimage\"},\"thumbnailUrl\":\"https:\/\/i0.wp.com\/vincentians.com\/es\/wp-content\/uploads\/sites\/11\/2016\/07\/escritos-vicente-de-paul.jpg?fit=1200%2C630&ssl=1\",\"keywords\":[\"Du Coudray\",\"Lambert\",\"San L\u00e1zaro\"],\"articleSection\":[\"Escritos de Vicente de Pa\u00fal\"],\"inLanguage\":\"es\",\"potentialAction\":[{\"@type\":\"CommentAction\",\"name\":\"Comment\",\"target\":[\"https:\/\/vincentians.com\/es\/vicente-de-paul-carta-0305-a-lamberto-aux-couteaux-sacerdote-de-la-mision-en-richelieu\/#respond\"]}]},{\"@type\":\"WebPage\",\"@id\":\"https:\/\/vincentians.com\/es\/vicente-de-paul-carta-0305-a-lamberto-aux-couteaux-sacerdote-de-la-mision-en-richelieu\/\",\"url\":\"https:\/\/vincentians.com\/es\/vicente-de-paul-carta-0305-a-lamberto-aux-couteaux-sacerdote-de-la-mision-en-richelieu\/\",\"name\":\"Vicente de Pa\u00fal, Carta 0305: A Lamberto Aux Couteaux, Sacerdote De La Misi\u00f3n, En Richelieu - Somos Vicencianos\",\"isPartOf\":{\"@id\":\"http:\/\/vincentians.com\/es\/#website\"},\"primaryImageOfPage\":{\"@id\":\"https:\/\/vincentians.com\/es\/vicente-de-paul-carta-0305-a-lamberto-aux-couteaux-sacerdote-de-la-mision-en-richelieu\/#primaryimage\"},\"image\":{\"@id\":\"https:\/\/vincentians.com\/es\/vicente-de-paul-carta-0305-a-lamberto-aux-couteaux-sacerdote-de-la-mision-en-richelieu\/#primaryimage\"},\"thumbnailUrl\":\"https:\/\/i0.wp.com\/vincentians.com\/es\/wp-content\/uploads\/sites\/11\/2016\/07\/escritos-vicente-de-paul.jpg?fit=1200%2C630&ssl=1\",\"datePublished\":\"2008-12-02T05:26:32+00:00\",\"dateModified\":\"2016-07-26T09:11:21+00:00\",\"breadcrumb\":{\"@id\":\"https:\/\/vincentians.com\/es\/vicente-de-paul-carta-0305-a-lamberto-aux-couteaux-sacerdote-de-la-mision-en-richelieu\/#breadcrumb\"},\"inLanguage\":\"es\",\"potentialAction\":[{\"@type\":\"ReadAction\",\"target\":[\"https:\/\/vincentians.com\/es\/vicente-de-paul-carta-0305-a-lamberto-aux-couteaux-sacerdote-de-la-mision-en-richelieu\/\"]}]},{\"@type\":\"ImageObject\",\"inLanguage\":\"es\",\"@id\":\"https:\/\/vincentians.com\/es\/vicente-de-paul-carta-0305-a-lamberto-aux-couteaux-sacerdote-de-la-mision-en-richelieu\/#primaryimage\",\"url\":\"https:\/\/i0.wp.com\/vincentians.com\/es\/wp-content\/uploads\/sites\/11\/2016\/07\/escritos-vicente-de-paul.jpg?fit=1200%2C630&ssl=1\",\"contentUrl\":\"https:\/\/i0.wp.com\/vincentians.com\/es\/wp-content\/uploads\/sites\/11\/2016\/07\/escritos-vicente-de-paul.jpg?fit=1200%2C630&ssl=1\",\"width\":1200,\"height\":630},{\"@type\":\"BreadcrumbList\",\"@id\":\"https:\/\/vincentians.com\/es\/vicente-de-paul-carta-0305-a-lamberto-aux-couteaux-sacerdote-de-la-mision-en-richelieu\/#breadcrumb\",\"itemListElement\":[{\"@type\":\"ListItem\",\"position\":1,\"name\":\"Portada\",\"item\":\"http:\/\/vincentians.com\/es\/\"},{\"@type\":\"ListItem\",\"position\":2,\"name\":\"Vicente de Pa\u00fal, Carta 0305: A Lamberto Aux Couteaux, Sacerdote De La Misi\u00f3n, En Richelieu\"}]},{\"@type\":\"WebSite\",\"@id\":\"http:\/\/vincentians.com\/es\/#website\",\"url\":\"http:\/\/vincentians.com\/es\/\",\"name\":\"Somos Vicencianos\",\"description\":\"Know more to serve more\",\"publisher\":{\"@id\":\"http:\/\/vincentians.com\/es\/#organization\"},\"potentialAction\":[{\"@type\":\"SearchAction\",\"target\":{\"@type\":\"EntryPoint\",\"urlTemplate\":\"http:\/\/vincentians.com\/es\/?s={search_term_string}\"},\"query-input\":{\"@type\":\"PropertyValueSpecification\",\"valueRequired\":true,\"valueName\":\"search_term_string\"}}],\"inLanguage\":\"es\"},{\"@type\":\"Organization\",\"@id\":\"http:\/\/vincentians.com\/es\/#organization\",\"name\":\"The Vincentian Network\",\"url\":\"http:\/\/vincentians.com\/es\/\",\"logo\":{\"@type\":\"ImageObject\",\"inLanguage\":\"es\",\"@id\":\"http:\/\/vincentians.com\/es\/#\/schema\/logo\/image\/\",\"url\":\"https:\/\/i1.wp.com\/vincentians.com\/es\/wp-content\/uploads\/sites\/11\/2016\/06\/Vincentian-Network-logo-big.png?fit=778%2C778\",\"contentUrl\":\"https:\/\/i1.wp.com\/vincentians.com\/es\/wp-content\/uploads\/sites\/11\/2016\/06\/Vincentian-Network-logo-big.png?fit=778%2C778\",\"width\":778,\"height\":778,\"caption\":\"The Vincentian Network\"},\"image\":{\"@id\":\"http:\/\/vincentians.com\/es\/#\/schema\/logo\/image\/\"},\"sameAs\":[\"https:\/\/www.facebook.com\/WeAreVincentians\/\",\"https:\/\/x.com\/WeVincentians\"]},{\"@type\":\"Person\",\"@id\":\"http:\/\/vincentians.com\/es\/#\/schema\/person\/9623ef4d9aa3b2dfb8c061f1499288f2\",\"name\":\"Francisco Javier Fern\u00e1ndez Chento\",\"image\":{\"@type\":\"ImageObject\",\"inLanguage\":\"es\",\"@id\":\"http:\/\/vincentians.com\/es\/#\/schema\/person\/image\/\",\"url\":\"https:\/\/secure.gravatar.com\/avatar\/497d5cde87b4c3d097d0315953521681ba2cd523ee66e5077c3711f7021e65de?s=96&d=mm&r=g\",\"contentUrl\":\"https:\/\/secure.gravatar.com\/avatar\/497d5cde87b4c3d097d0315953521681ba2cd523ee66e5077c3711f7021e65de?s=96&d=mm&r=g\",\"caption\":\"Francisco Javier Fern\u00e1ndez Chento\"},\"description\":\"Director General y cofundador de La Red de Formaci\u00f3n Vicenciana. Javier es laico vicenciano, afiliado a la Congregaci\u00f3n de la Misi\u00f3n y miembro del Equipo de Misiones Populares de la provincia can\u00f3nica de Zaragoza (Espa\u00f1a) de la Congregaci\u00f3n de la Misi\u00f3n. Graduado en la Universidad Oberta de Catalunya con cuatro grados (Asistente de direcci\u00f3n, Gesti\u00f3n Administrativa, Recursos Humanos y Contabilidad Avanzada). Bil\u00edng\u00fce Espa\u00f1ol\/Ingl\u00e9s. gestiona y mantiene varias p\u00e1ginas web cristianas y vicencianas, incluida including La Red de Formaci\u00f3n Vicenciana, de la que es cofundador. Actualmente es responsable del \u00e1rea de Espa\u00f1ol de .famvin, la Red de Noticias de la Familia Vicenciana. Tambi\u00e9n es m\u00fasico cat\u00f3lico y ha editado varios discos. Es Director General y cofundador de Trovador, una reconocida compa\u00f1\u00eda discogr\u00e1fica critiana de Espa\u00f1a. Trabaja en las Tecnolog\u00edas de la Informaci\u00f3n, ofreciendo servicios de alojamiento, dise\u00f1o y mantenimiento Web, as\u00ed como asesoramiento, formaci\u00f3n y soluciones inform\u00e1ticas, gesti\u00f3n documental y digitalizaci\u00f3n de textos, edici\u00f3n y maquetaci\u00f3n de libros, revistas, flyers, etc.\",\"sameAs\":[\"http:\/\/chento.org\",\"https:\/\/www.facebook.com\/JavierChento\",\"https:\/\/x.com\/https:\/\/twitter.com\/javierchento\"],\"url\":\"https:\/\/vincentians.com\/es\/author\/chento\/\"}]}<\/script>\n<!-- \/ Yoast SEO plugin. -->","yoast_head_json":{"title":"Vicente de Pa\u00fal, Carta 0305: A Lamberto Aux Couteaux, Sacerdote De La Misi\u00f3n, En Richelieu - Somos Vicencianos","robots":{"index":"index","follow":"follow","max-snippet":"max-snippet:-1","max-image-preview":"max-image-preview:large","max-video-preview":"max-video-preview:-1"},"canonical":"https:\/\/vincentians.com\/es\/vicente-de-paul-carta-0305-a-lamberto-aux-couteaux-sacerdote-de-la-mision-en-richelieu\/","og_locale":"es_ES","og_type":"article","og_title":"Vicente de Pa\u00fal, Carta 0305: A Lamberto Aux Couteaux, Sacerdote De La Misi\u00f3n, En Richelieu - Somos Vicencianos","og_description":"Padre: La gracia de Nuestro Se\u00f1or sea siempre con nosotros. Recib\u00ed la suya del 24 de este mes, que me ha consolado mucho, va que quiere Dios que se encuentre tan bien, y que el ... Read More","og_url":"https:\/\/vincentians.com\/es\/vicente-de-paul-carta-0305-a-lamberto-aux-couteaux-sacerdote-de-la-mision-en-richelieu\/","og_site_name":"Somos Vicencianos","article_publisher":"https:\/\/www.facebook.com\/WeAreVincentians\/","article_author":"https:\/\/www.facebook.com\/JavierChento","article_published_time":"2008-12-02T05:26:32+00:00","article_modified_time":"2016-07-26T09:11:21+00:00","og_image":[{"width":1200,"height":630,"url":"https:\/\/i0.wp.com\/vincentians.com\/es\/wp-content\/uploads\/sites\/11\/2016\/07\/escritos-vicente-de-paul.jpg?fit=1200%2C630&ssl=1","type":"image\/jpeg"}],"author":"Francisco Javier Fern\u00e1ndez Chento","twitter_card":"summary_large_image","twitter_creator":"@https:\/\/twitter.com\/javierchento","twitter_site":"@WeVincentians","twitter_misc":{"Escrito por":"Francisco Javier Fern\u00e1ndez Chento","Tiempo de lectura":"6 minutos"},"schema":{"@context":"https:\/\/schema.org","@graph":[{"@type":"Article","@id":"https:\/\/vincentians.com\/es\/vicente-de-paul-carta-0305-a-lamberto-aux-couteaux-sacerdote-de-la-mision-en-richelieu\/#article","isPartOf":{"@id":"https:\/\/vincentians.com\/es\/vicente-de-paul-carta-0305-a-lamberto-aux-couteaux-sacerdote-de-la-mision-en-richelieu\/"},"author":{"name":"Francisco Javier Fern\u00e1ndez Chento","@id":"http:\/\/vincentians.com\/es\/#\/schema\/person\/9623ef4d9aa3b2dfb8c061f1499288f2"},"headline":"Vicente de Pa\u00fal, Carta 0305: A Lamberto Aux Couteaux, Sacerdote De La Misi\u00f3n, En Richelieu","datePublished":"2008-12-02T05:26:32+00:00","dateModified":"2016-07-26T09:11:21+00:00","mainEntityOfPage":{"@id":"https:\/\/vincentians.com\/es\/vicente-de-paul-carta-0305-a-lamberto-aux-couteaux-sacerdote-de-la-mision-en-richelieu\/"},"wordCount":1142,"commentCount":0,"publisher":{"@id":"http:\/\/vincentians.com\/es\/#organization"},"image":{"@id":"https:\/\/vincentians.com\/es\/vicente-de-paul-carta-0305-a-lamberto-aux-couteaux-sacerdote-de-la-mision-en-richelieu\/#primaryimage"},"thumbnailUrl":"https:\/\/i0.wp.com\/vincentians.com\/es\/wp-content\/uploads\/sites\/11\/2016\/07\/escritos-vicente-de-paul.jpg?fit=1200%2C630&ssl=1","keywords":["Du Coudray","Lambert","San L\u00e1zaro"],"articleSection":["Escritos de Vicente de Pa\u00fal"],"inLanguage":"es","potentialAction":[{"@type":"CommentAction","name":"Comment","target":["https:\/\/vincentians.com\/es\/vicente-de-paul-carta-0305-a-lamberto-aux-couteaux-sacerdote-de-la-mision-en-richelieu\/#respond"]}]},{"@type":"WebPage","@id":"https:\/\/vincentians.com\/es\/vicente-de-paul-carta-0305-a-lamberto-aux-couteaux-sacerdote-de-la-mision-en-richelieu\/","url":"https:\/\/vincentians.com\/es\/vicente-de-paul-carta-0305-a-lamberto-aux-couteaux-sacerdote-de-la-mision-en-richelieu\/","name":"Vicente de Pa\u00fal, Carta 0305: A Lamberto Aux Couteaux, Sacerdote De La Misi\u00f3n, En Richelieu - Somos Vicencianos","isPartOf":{"@id":"http:\/\/vincentians.com\/es\/#website"},"primaryImageOfPage":{"@id":"https:\/\/vincentians.com\/es\/vicente-de-paul-carta-0305-a-lamberto-aux-couteaux-sacerdote-de-la-mision-en-richelieu\/#primaryimage"},"image":{"@id":"https:\/\/vincentians.com\/es\/vicente-de-paul-carta-0305-a-lamberto-aux-couteaux-sacerdote-de-la-mision-en-richelieu\/#primaryimage"},"thumbnailUrl":"https:\/\/i0.wp.com\/vincentians.com\/es\/wp-content\/uploads\/sites\/11\/2016\/07\/escritos-vicente-de-paul.jpg?fit=1200%2C630&ssl=1","datePublished":"2008-12-02T05:26:32+00:00","dateModified":"2016-07-26T09:11:21+00:00","breadcrumb":{"@id":"https:\/\/vincentians.com\/es\/vicente-de-paul-carta-0305-a-lamberto-aux-couteaux-sacerdote-de-la-mision-en-richelieu\/#breadcrumb"},"inLanguage":"es","potentialAction":[{"@type":"ReadAction","target":["https:\/\/vincentians.com\/es\/vicente-de-paul-carta-0305-a-lamberto-aux-couteaux-sacerdote-de-la-mision-en-richelieu\/"]}]},{"@type":"ImageObject","inLanguage":"es","@id":"https:\/\/vincentians.com\/es\/vicente-de-paul-carta-0305-a-lamberto-aux-couteaux-sacerdote-de-la-mision-en-richelieu\/#primaryimage","url":"https:\/\/i0.wp.com\/vincentians.com\/es\/wp-content\/uploads\/sites\/11\/2016\/07\/escritos-vicente-de-paul.jpg?fit=1200%2C630&ssl=1","contentUrl":"https:\/\/i0.wp.com\/vincentians.com\/es\/wp-content\/uploads\/sites\/11\/2016\/07\/escritos-vicente-de-paul.jpg?fit=1200%2C630&ssl=1","width":1200,"height":630},{"@type":"BreadcrumbList","@id":"https:\/\/vincentians.com\/es\/vicente-de-paul-carta-0305-a-lamberto-aux-couteaux-sacerdote-de-la-mision-en-richelieu\/#breadcrumb","itemListElement":[{"@type":"ListItem","position":1,"name":"Portada","item":"http:\/\/vincentians.com\/es\/"},{"@type":"ListItem","position":2,"name":"Vicente de Pa\u00fal, Carta 0305: A Lamberto Aux Couteaux, Sacerdote De La Misi\u00f3n, En Richelieu"}]},{"@type":"WebSite","@id":"http:\/\/vincentians.com\/es\/#website","url":"http:\/\/vincentians.com\/es\/","name":"Somos Vicencianos","description":"Know more to serve more","publisher":{"@id":"http:\/\/vincentians.com\/es\/#organization"},"potentialAction":[{"@type":"SearchAction","target":{"@type":"EntryPoint","urlTemplate":"http:\/\/vincentians.com\/es\/?s={search_term_string}"},"query-input":{"@type":"PropertyValueSpecification","valueRequired":true,"valueName":"search_term_string"}}],"inLanguage":"es"},{"@type":"Organization","@id":"http:\/\/vincentians.com\/es\/#organization","name":"The Vincentian Network","url":"http:\/\/vincentians.com\/es\/","logo":{"@type":"ImageObject","inLanguage":"es","@id":"http:\/\/vincentians.com\/es\/#\/schema\/logo\/image\/","url":"https:\/\/i1.wp.com\/vincentians.com\/es\/wp-content\/uploads\/sites\/11\/2016\/06\/Vincentian-Network-logo-big.png?fit=778%2C778","contentUrl":"https:\/\/i1.wp.com\/vincentians.com\/es\/wp-content\/uploads\/sites\/11\/2016\/06\/Vincentian-Network-logo-big.png?fit=778%2C778","width":778,"height":778,"caption":"The Vincentian Network"},"image":{"@id":"http:\/\/vincentians.com\/es\/#\/schema\/logo\/image\/"},"sameAs":["https:\/\/www.facebook.com\/WeAreVincentians\/","https:\/\/x.com\/WeVincentians"]},{"@type":"Person","@id":"http:\/\/vincentians.com\/es\/#\/schema\/person\/9623ef4d9aa3b2dfb8c061f1499288f2","name":"Francisco Javier Fern\u00e1ndez Chento","image":{"@type":"ImageObject","inLanguage":"es","@id":"http:\/\/vincentians.com\/es\/#\/schema\/person\/image\/","url":"https:\/\/secure.gravatar.com\/avatar\/497d5cde87b4c3d097d0315953521681ba2cd523ee66e5077c3711f7021e65de?s=96&d=mm&r=g","contentUrl":"https:\/\/secure.gravatar.com\/avatar\/497d5cde87b4c3d097d0315953521681ba2cd523ee66e5077c3711f7021e65de?s=96&d=mm&r=g","caption":"Francisco Javier Fern\u00e1ndez Chento"},"description":"Director General y cofundador de La Red de Formaci\u00f3n Vicenciana. Javier es laico vicenciano, afiliado a la Congregaci\u00f3n de la Misi\u00f3n y miembro del Equipo de Misiones Populares de la provincia can\u00f3nica de Zaragoza (Espa\u00f1a) de la Congregaci\u00f3n de la Misi\u00f3n. Graduado en la Universidad Oberta de Catalunya con cuatro grados (Asistente de direcci\u00f3n, Gesti\u00f3n Administrativa, Recursos Humanos y Contabilidad Avanzada). Bil\u00edng\u00fce Espa\u00f1ol\/Ingl\u00e9s. gestiona y mantiene varias p\u00e1ginas web cristianas y vicencianas, incluida including La Red de Formaci\u00f3n Vicenciana, de la que es cofundador. Actualmente es responsable del \u00e1rea de Espa\u00f1ol de .famvin, la Red de Noticias de la Familia Vicenciana. Tambi\u00e9n es m\u00fasico cat\u00f3lico y ha editado varios discos. Es Director General y cofundador de Trovador, una reconocida compa\u00f1\u00eda discogr\u00e1fica critiana de Espa\u00f1a. Trabaja en las Tecnolog\u00edas de la Informaci\u00f3n, ofreciendo servicios de alojamiento, dise\u00f1o y mantenimiento Web, as\u00ed como asesoramiento, formaci\u00f3n y soluciones inform\u00e1ticas, gesti\u00f3n documental y digitalizaci\u00f3n de textos, edici\u00f3n y maquetaci\u00f3n de libros, revistas, flyers, etc.","sameAs":["http:\/\/chento.org","https:\/\/www.facebook.com\/JavierChento","https:\/\/x.com\/https:\/\/twitter.com\/javierchento"],"url":"https:\/\/vincentians.com\/es\/author\/chento\/"}]}},"jetpack_publicize_connections":[],"jetpack_featured_media_url":"https:\/\/i0.wp.com\/vincentians.com\/es\/wp-content\/uploads\/sites\/11\/2016\/07\/escritos-vicente-de-paul.jpg?fit=1200%2C630&ssl=1","jetpack_sharing_enabled":true,"jetpack_shortlink":"https:\/\/wp.me\/p7ETMF-1CH","jetpack-related-posts":[{"id":118190,"url":"https:\/\/vincentians.com\/es\/vicente-de-paul-carta-1073-a-dionisio-gautier-superior-de-richelieu\/","url_meta":{"origin":6243,"position":0},"title":"Vicente de Pa\u00fal, Carta 1073: A Dionisio Gautier, Superior De Richelieu","author":"Francisco Javier Fern\u00e1ndez Chento","date":"24\/02\/2013","format":false,"excerpt":"Par\u00eds, 26 abril 1648. Padre: La gracia de Nuestro Se\u00f1or sea siempre con nosotros. S\u00ed, padre, haga el favor de ir a darle las gracias al se\u00f1or arzobispo de Tours; su caridad y la amabilidad que nos demuestra merecen ese viaje. Al testimoniarle su gratitud, dele a conocer tambi\u00e9n la\u2026","rel":"","context":"En \u00abEscritos de Vicente de Pa\u00fal\u00bb","block_context":{"text":"Escritos de Vicente de Pa\u00fal","link":"https:\/\/vincentians.com\/es\/category\/escritos\/escritos-de-vicente-de-paul\/"},"img":{"alt_text":"","src":"https:\/\/i0.wp.com\/vincentians.com\/es\/wp-content\/uploads\/sites\/11\/2016\/07\/escritos-vicente-de-paul.jpg?fit=1200%2C630&ssl=1&resize=350%2C200","width":350,"height":200,"srcset":"https:\/\/i0.wp.com\/vincentians.com\/es\/wp-content\/uploads\/sites\/11\/2016\/07\/escritos-vicente-de-paul.jpg?fit=1200%2C630&ssl=1&resize=350%2C200 1x, https:\/\/i0.wp.com\/vincentians.com\/es\/wp-content\/uploads\/sites\/11\/2016\/07\/escritos-vicente-de-paul.jpg?fit=1200%2C630&ssl=1&resize=525%2C300 1.5x, https:\/\/i0.wp.com\/vincentians.com\/es\/wp-content\/uploads\/sites\/11\/2016\/07\/escritos-vicente-de-paul.jpg?fit=1200%2C630&ssl=1&resize=700%2C400 2x, https:\/\/i0.wp.com\/vincentians.com\/es\/wp-content\/uploads\/sites\/11\/2016\/07\/escritos-vicente-de-paul.jpg?fit=1200%2C630&ssl=1&resize=1050%2C600 3x"},"classes":[]},{"id":26299,"url":"https:\/\/vincentians.com\/es\/vicente-de-paul-carta-0473-a-francisco-du-coudray\/","url_meta":{"origin":6243,"position":1},"title":"Vicente de Pa\u00fal, Carta 0473: A Francisco Du Coudray","author":"Francisco Javier Fern\u00e1ndez Chento","date":"09\/01\/2011","format":false,"excerpt":"Par\u00eds 17 de junio de 1640 Padre: \u00a1La gracia de nuestro Se\u00f1or sea siempre con nosotros! Enviamos todo lo que tenemos para los religiosos y las religiosas. Ya ver\u00e1 usted por la que le escribo al se\u00f1or de Villarceaux, que luego deber\u00e1 usted cerrar, lo que piensa la se\u00f1ora duquesa\u2026","rel":"","context":"En \u00abEscritos de Vicente de Pa\u00fal\u00bb","block_context":{"text":"Escritos de Vicente de Pa\u00fal","link":"https:\/\/vincentians.com\/es\/category\/escritos\/escritos-de-vicente-de-paul\/"},"img":{"alt_text":"","src":"https:\/\/i0.wp.com\/vincentians.com\/es\/wp-content\/uploads\/sites\/11\/2016\/07\/escritos-vicente-de-paul.jpg?fit=1200%2C630&ssl=1&resize=350%2C200","width":350,"height":200,"srcset":"https:\/\/i0.wp.com\/vincentians.com\/es\/wp-content\/uploads\/sites\/11\/2016\/07\/escritos-vicente-de-paul.jpg?fit=1200%2C630&ssl=1&resize=350%2C200 1x, https:\/\/i0.wp.com\/vincentians.com\/es\/wp-content\/uploads\/sites\/11\/2016\/07\/escritos-vicente-de-paul.jpg?fit=1200%2C630&ssl=1&resize=525%2C300 1.5x, https:\/\/i0.wp.com\/vincentians.com\/es\/wp-content\/uploads\/sites\/11\/2016\/07\/escritos-vicente-de-paul.jpg?fit=1200%2C630&ssl=1&resize=700%2C400 2x, https:\/\/i0.wp.com\/vincentians.com\/es\/wp-content\/uploads\/sites\/11\/2016\/07\/escritos-vicente-de-paul.jpg?fit=1200%2C630&ssl=1&resize=1050%2C600 3x"},"classes":[]},{"id":88942,"url":"https:\/\/vincentians.com\/es\/vicente-de-paul-carta-0923-a-antonio-portail\/","url_meta":{"origin":6243,"position":2},"title":"Vicente de Pa\u00fal, Carta 0923: A Antonio Portail","author":"Francisco Javier Fern\u00e1ndez Chento","date":"10\/06\/2012","format":false,"excerpt":"Par\u00eds, 27 octubre 1646. Padre: La gracia de Nuestro Se\u00f1or sea siempre con nosotros. Recib\u00ed su carta escrita desde Cahors, que me obliga a dar gracias a Dios por todo lo que usted me dice y por los bienes que Dios hace por medio de usted; ruego a su divina\u2026","rel":"","context":"En \u00abEscritos de Vicente de Pa\u00fal\u00bb","block_context":{"text":"Escritos de Vicente de Pa\u00fal","link":"https:\/\/vincentians.com\/es\/category\/escritos\/escritos-de-vicente-de-paul\/"},"img":{"alt_text":"","src":"https:\/\/i0.wp.com\/vincentians.com\/es\/wp-content\/uploads\/sites\/11\/2016\/07\/escritos-vicente-de-paul.jpg?fit=1200%2C630&ssl=1&resize=350%2C200","width":350,"height":200,"srcset":"https:\/\/i0.wp.com\/vincentians.com\/es\/wp-content\/uploads\/sites\/11\/2016\/07\/escritos-vicente-de-paul.jpg?fit=1200%2C630&ssl=1&resize=350%2C200 1x, https:\/\/i0.wp.com\/vincentians.com\/es\/wp-content\/uploads\/sites\/11\/2016\/07\/escritos-vicente-de-paul.jpg?fit=1200%2C630&ssl=1&resize=525%2C300 1.5x, https:\/\/i0.wp.com\/vincentians.com\/es\/wp-content\/uploads\/sites\/11\/2016\/07\/escritos-vicente-de-paul.jpg?fit=1200%2C630&ssl=1&resize=700%2C400 2x, https:\/\/i0.wp.com\/vincentians.com\/es\/wp-content\/uploads\/sites\/11\/2016\/07\/escritos-vicente-de-paul.jpg?fit=1200%2C630&ssl=1&resize=1050%2C600 3x"},"classes":[]},{"id":5957,"url":"https:\/\/vincentians.com\/es\/vicente-de-paul-carta-0243-a-roberto-de-sergis-sacerdote-de-la-mision-en-luzarches\/","url_meta":{"origin":6243,"position":3},"title":"Vicente de Pa\u00fal, Carta 0243: A Roberto De Sergis, Sacerdote De La Misi\u00f3n, En Luzarches","author":"Francisco Javier Fern\u00e1ndez Chento","date":"27\/11\/2008","format":false,"excerpt":"1 septiembre 1636 El se\u00f1or Canciller me mand\u00f3 ayer por correo expreso que le enviase hoy o ma\u00f1ana veinte misioneros a Senlis, que \u00e9l enviar\u00eda la orden de lo que tendr\u00edamos que hacer y que tendr\u00eda cuidado de nosotros. Le respond\u00ed que no pod\u00edamos proporcionarle tan gran n\u00famero, sino s\u00f3lo\u2026","rel":"","context":"En \u00abEscritos de Vicente de Pa\u00fal\u00bb","block_context":{"text":"Escritos de Vicente de Pa\u00fal","link":"https:\/\/vincentians.com\/es\/category\/escritos\/escritos-de-vicente-de-paul\/"},"img":{"alt_text":"","src":"https:\/\/i0.wp.com\/vincentians.com\/es\/wp-content\/uploads\/sites\/11\/2016\/07\/escritos-vicente-de-paul.jpg?fit=1200%2C630&ssl=1&resize=350%2C200","width":350,"height":200,"srcset":"https:\/\/i0.wp.com\/vincentians.com\/es\/wp-content\/uploads\/sites\/11\/2016\/07\/escritos-vicente-de-paul.jpg?fit=1200%2C630&ssl=1&resize=350%2C200 1x, https:\/\/i0.wp.com\/vincentians.com\/es\/wp-content\/uploads\/sites\/11\/2016\/07\/escritos-vicente-de-paul.jpg?fit=1200%2C630&ssl=1&resize=525%2C300 1.5x, https:\/\/i0.wp.com\/vincentians.com\/es\/wp-content\/uploads\/sites\/11\/2016\/07\/escritos-vicente-de-paul.jpg?fit=1200%2C630&ssl=1&resize=700%2C400 2x, https:\/\/i0.wp.com\/vincentians.com\/es\/wp-content\/uploads\/sites\/11\/2016\/07\/escritos-vicente-de-paul.jpg?fit=1200%2C630&ssl=1&resize=1050%2C600 3x"},"classes":[]},{"id":44100,"url":"https:\/\/vincentians.com\/es\/vicente-de-paul-carta-0651-a-bernardo-codoing\/","url_meta":{"origin":6243,"position":4},"title":"Vicente de Pa\u00fal, Carta 0651: A Bernardo Codoing","author":"Francisco Javier Fern\u00e1ndez Chento","date":"12\/07\/2011","format":false,"excerpt":"Par\u00eds, 24 de octubre de 1642. Padre: \u00a1La gracia de nuestro Se\u00f1or sea siempre con nosotros! La presente es solamente para decirle que no he recibido ninguna carta suya en este \u00faltimo correo, y para responderle a su \u00faltima que no veo ning\u00fan medio para aumentar su renta por encima\u2026","rel":"","context":"En \u00abEscritos de Vicente de Pa\u00fal\u00bb","block_context":{"text":"Escritos de Vicente de Pa\u00fal","link":"https:\/\/vincentians.com\/es\/category\/escritos\/escritos-de-vicente-de-paul\/"},"img":{"alt_text":"","src":"https:\/\/i0.wp.com\/vincentians.com\/es\/wp-content\/uploads\/sites\/11\/2016\/07\/escritos-vicente-de-paul.jpg?fit=1200%2C630&ssl=1&resize=350%2C200","width":350,"height":200,"srcset":"https:\/\/i0.wp.com\/vincentians.com\/es\/wp-content\/uploads\/sites\/11\/2016\/07\/escritos-vicente-de-paul.jpg?fit=1200%2C630&ssl=1&resize=350%2C200 1x, https:\/\/i0.wp.com\/vincentians.com\/es\/wp-content\/uploads\/sites\/11\/2016\/07\/escritos-vicente-de-paul.jpg?fit=1200%2C630&ssl=1&resize=525%2C300 1.5x, https:\/\/i0.wp.com\/vincentians.com\/es\/wp-content\/uploads\/sites\/11\/2016\/07\/escritos-vicente-de-paul.jpg?fit=1200%2C630&ssl=1&resize=700%2C400 2x, https:\/\/i0.wp.com\/vincentians.com\/es\/wp-content\/uploads\/sites\/11\/2016\/07\/escritos-vicente-de-paul.jpg?fit=1200%2C630&ssl=1&resize=1050%2C600 3x"},"classes":[]},{"id":117494,"url":"https:\/\/vincentians.com\/es\/vicente-de-paul-carta-1066-a-dionisio-gautier-superior-de-richelieu\/","url_meta":{"origin":6243,"position":5},"title":"Vicente de Pa\u00fal, Carta 1066: A Dionisio Gautier, Superior De Richelieu","author":"Francisco Javier Fern\u00e1ndez Chento","date":"29\/01\/2013","format":false,"excerpt":"Par\u00eds, 29 marzo 1648. Padre: La gracia de Nuestro Se\u00f1or sea siempre con nosotros. Le escribo al padre Nacquart por medio del padre Gondr\u00e9e, que sale hoy en coche para Richelieu, para que se dirijan juntos a La Rochelle con esos se\u00f1ores que tienen que llevarles a las Indias alrededor\u2026","rel":"","context":"En \u00abEscritos de Vicente de Pa\u00fal\u00bb","block_context":{"text":"Escritos de Vicente de Pa\u00fal","link":"https:\/\/vincentians.com\/es\/category\/escritos\/escritos-de-vicente-de-paul\/"},"img":{"alt_text":"","src":"https:\/\/i0.wp.com\/vincentians.com\/es\/wp-content\/uploads\/sites\/11\/2016\/07\/escritos-vicente-de-paul.jpg?fit=1200%2C630&ssl=1&resize=350%2C200","width":350,"height":200,"srcset":"https:\/\/i0.wp.com\/vincentians.com\/es\/wp-content\/uploads\/sites\/11\/2016\/07\/escritos-vicente-de-paul.jpg?fit=1200%2C630&ssl=1&resize=350%2C200 1x, https:\/\/i0.wp.com\/vincentians.com\/es\/wp-content\/uploads\/sites\/11\/2016\/07\/escritos-vicente-de-paul.jpg?fit=1200%2C630&ssl=1&resize=525%2C300 1.5x, https:\/\/i0.wp.com\/vincentians.com\/es\/wp-content\/uploads\/sites\/11\/2016\/07\/escritos-vicente-de-paul.jpg?fit=1200%2C630&ssl=1&resize=700%2C400 2x, https:\/\/i0.wp.com\/vincentians.com\/es\/wp-content\/uploads\/sites\/11\/2016\/07\/escritos-vicente-de-paul.jpg?fit=1200%2C630&ssl=1&resize=1050%2C600 3x"},"classes":[]}],"_links":{"self":[{"href":"https:\/\/vincentians.com\/es\/wp-json\/wp\/v2\/posts\/6243","targetHints":{"allow":["GET"]}}],"collection":[{"href":"https:\/\/vincentians.com\/es\/wp-json\/wp\/v2\/posts"}],"about":[{"href":"https:\/\/vincentians.com\/es\/wp-json\/wp\/v2\/types\/post"}],"author":[{"embeddable":true,"href":"https:\/\/vincentians.com\/es\/wp-json\/wp\/v2\/users\/4"}],"replies":[{"embeddable":true,"href":"https:\/\/vincentians.com\/es\/wp-json\/wp\/v2\/comments?post=6243"}],"version-history":[{"count":0,"href":"https:\/\/vincentians.com\/es\/wp-json\/wp\/v2\/posts\/6243\/revisions"}],"wp:featuredmedia":[{"embeddable":true,"href":"https:\/\/vincentians.com\/es\/wp-json\/wp\/v2\/media\/393753"}],"wp:attachment":[{"href":"https:\/\/vincentians.com\/es\/wp-json\/wp\/v2\/media?parent=6243"}],"wp:term":[{"taxonomy":"category","embeddable":true,"href":"https:\/\/vincentians.com\/es\/wp-json\/wp\/v2\/categories?post=6243"},{"taxonomy":"post_tag","embeddable":true,"href":"https:\/\/vincentians.com\/es\/wp-json\/wp\/v2\/tags?post=6243"}],"curies":[{"name":"wp","href":"https:\/\/api.w.org\/{rel}","templated":true}]}}