{"id":6220,"date":"2008-12-01T06:17:22","date_gmt":"2008-12-01T05:17:22","guid":{"rendered":"http:\/\/www.vicencianos.org\/web\/2008\/12\/01\/vicente-de-paul-carta-0298-a-bernardo-codoing-sacerdote-de-la-mision-en-romans\/"},"modified":"2016-07-26T11:11:22","modified_gmt":"2016-07-26T09:11:22","slug":"vicente-de-paul-carta-0298-a-bernardo-codoing-sacerdote-de-la-mision-en-romans","status":"publish","type":"post","link":"https:\/\/vincentians.com\/es\/vicente-de-paul-carta-0298-a-bernardo-codoing-sacerdote-de-la-mision-en-romans\/","title":{"rendered":"Vicente de Pa\u00fal, Carta 0298: A Bernardo Codoing, Sacerdote De La Misi\u00f3n, En Romans"},"content":{"rendered":"<p>27 diciembre 1637<\/p>\n<p>Hace tiempo que estoy pensando si ten\u00eda que rogarle que fuese a trabajar a Richelieu, en donde el se\u00f1or Cardenal ha fundado una Misi\u00f3n, no s\u00f3lo para aquel ducado sino tambi\u00e9n para el obispado de Lu\u00e7on, con la atenci\u00f3n a los ordenandos y a los ejercitantes de la di\u00f3cesis de Poitiers. Por un lado, consideraba la necesidad de ese buen pueblo en donde est\u00e1, y el buen uso que hace de las gracias que Nuestro Se\u00f1or le presenta; pero, por otro, he considerado que esta misma necesidad y este mismo uso se aprecian en el pueblo del Poitou; pues me han escrito y me lo ha dicho tambi\u00e9n el se\u00f1or Renar, que ha vuelto de all\u00ed, que jam\u00e1s se han visto almas tan tocadas, ni tal afluencia por todas partes; y lo que me ha inclinado en favor de Richelieu ha sido la obligaci\u00f3n que tenemos all\u00ed, ya que la fundaci\u00f3n es perpetua. Hecho esto, padre, le suplico muy humildemente que parta, apenas recibida la presente, si no est\u00e1 en misi\u00f3n; y si est\u00e1, que marche, en nombre de Nuestro Se\u00f1or, inmediatamente despu\u00e9s de haberla acabado, sin divulgar esto hasta su partida. No podemos faltar a la obligaci\u00f3n que tenemos de estar en Richelieu el 20 o el 25 de enero. Podr\u00e1 asegurar a los pueblos de ah\u00ed que, cuando Dios quiera enviar hombres para servirles en nuestra vocaci\u00f3n, que acudiremos, pero que entretanto la necesidad absoluta nos obliga a actuar de esta manera.<\/p>\n<p>Le hab\u00eda rogado al padre Grenu que fuese a trabajar a Aiguillon, que est\u00e1 cerca de su ciudad de Agen; pero luego le he rogado que fuese a Troyes, por cierta raz\u00f3n particular.<\/p>\n<p>El padre de Sergis me indica que todo Aiguillon ha cumplido con su deber y que los principales han sido los primeros en empezar; que s\u00f3lo quedaba un n\u00famero muy peque\u00f1o que deber\u00eda cumplirlo al d\u00eda siguiente; que el se\u00f1or Hopille, vicario general, le ha enviado cuatro o cinco p\u00e1rrocos de la di\u00f3cesis para trabajar con \u00e9l en Aiguillon durante tres semanas, excepto los domingos que se iban a sus parroquias. Me dijo adem\u00e1s que ha habido una multitud del pueblo de los campos que ha ido all\u00e1 a cumplir con sus deberes, incluso de diez leguas a la redonda. Vea, padre, c\u00f3mo las espinas punzantes de nuestro natural producen buenas rosas que se abren apenas el sol de justicia hace aparecer sobre ellas los rayos de su gracia. Ha sido menester que le diga estas palabras para su consuelo.<\/p>\n<p>Volvamos a su viaje. Si est\u00e1 pronto para partir con el padre Grenu, podr\u00e1n hacer juntos el viaje hasta Lyon. De all\u00ed hay que ir a Ch\u00e2lons hacia Roanne, donde podr\u00e1n embarcar hasta Orl\u00e9ans, para marchar desde all\u00ed a Saumur, en donde estar\u00e1n a una jornada de Richelieu y encontrar\u00e1n a los padres Lamberto y Perdu en Champigny, a una legua de Richelieu.<\/p>\n<p>\u00a1Oh, Se\u00f1or, cu\u00e1ntas necesidades espirituales en ese pa\u00eds, donde hay muchos herejes, por no haber o\u00eddo hablar de Dios, seg\u00fan dicen, en la iglesia de los cat\u00f3licos! En ese pa\u00eds es donde la herej\u00eda se ha extendido, dilatado y defendido m\u00e1s obstinadamente desde el principio. De ah\u00ed es de donde ha sacado sus principales fuerzas para la destrucci\u00f3n de nuestra santa religi\u00f3n y del propio Estado, si hubiese podido. \u00a1Oh! \u00a1qu\u00e9 gran imperio ha tenido y tiene todav\u00eda all\u00ed Satan\u00e1s! Espero. padre, que Nuestro Se\u00f1or se servir\u00e1 de usted y del buen padre Durot para hacerle una dura guerra, no ciertamente in sublimitate sermonis et humanae sapientiae verbis, sed in ostensione virtutis spiritus, in humilitate et mansuetudine, in patientia et longanimitate. Vaya, pues, padre, in nomine Domini. Ruego a su divina bondad que le d\u00e9 su santa bendici\u00f3n y, con ella. una mayor parte en su esp\u00edritu. No dudo que su coraz\u00f3n se sentir\u00e1 como arrancado de ese pa\u00eds, en donde ha echado ra\u00edces de caridad en esas almas, y que experimentar\u00e1 las ternuras de San Pablo cuando dijo el \u00faltimo adi\u00f3s a aquel pueblo que lloraba tanto por \u00e9l. Pero \u00bfqu\u00e9? A un coraz\u00f3n verdaderamente apost\u00f3lico le corresponde robustecerse ante esas ternuras, pasar por encima de ellas y marchar a donde la santa obediencia le da a conocer que lo quiere Nuestro Se\u00f1or. Ciertamente, padre, estar en esa situaci\u00f3n es estar en el cumplimiento de la voluntad de Dios y empezar el para\u00edso ya en este mundo. Pero \u00bfqu\u00e9 digo yo a un alma que siempre me ha parecido dispuesta a ir hasta los ant\u00edpodas por amor de Dios, si la santa obediencia se lo ped\u00eda? No s\u00e9 por qu\u00e9 se me ha corrido la pluma para decirle todo esto. S\u00e9 muy bien que no ha sido por pensar que ten\u00eda necesidad de convencerle, ya que tiene m\u00e1s bien necesidad de ser reprimido en el ardor de su celo; de eso era de lo que ten\u00eda que hablarle y le hablar\u00e9 alg\u00fan d\u00eda, si Dios quiere, el cual es el \u00fanico en saber por qu\u00e9 me he extendido en ello sin pensar.<\/p>\n<p>Ser\u00e1 conveniente que se despida, personalmente o por escrito, de monse\u00f1or de Valence y que le agradezca la gracia que le ha concedido de apreciar su servicio en su di\u00f3cesis, y que le diga que ha sido s\u00f3lo la pura necesidad la que nos ha obligado a reclamarle, y que, si Dios quiere darnos los medios para ello, procuraremos volver de nuevo.<\/p>\n<p>Desp\u00eddase tambi\u00e9n de la buena y muy querida hermana Mar\u00eda y encomiende por favor, a sus oraciones a esta peque\u00f1a Compa\u00f1\u00eda y al m\u00e1s ruin y miserable de todos los hombres, que soy yo y que soy, en el amor de Nuestro Se\u00f1or, su muy humilde&#8230;<\/p>\n<p>No esperar\u00e9 ninguna otra respuesta m\u00e1s que la de su partida, que le suplico sea lo antes posible. Su hermano espera carta de contestaci\u00f3n a la que le yo le envi\u00e9 de su parte. Me imagino que Nuestro Se\u00f1or le ha curado del amor demasiado tierno a sus parientes.<\/p>\n","protected":false},"excerpt":{"rendered":"<p>27 diciembre 1637 Hace tiempo que estoy pensando si ten\u00eda que rogarle que fuese a trabajar a Richelieu, en donde el se\u00f1or Cardenal ha fundado una Misi\u00f3n, no s\u00f3lo para aquel ducado sino tambi\u00e9n para &#8230; <a href=\"https:\/\/vincentians.com\/es\/vicente-de-paul-carta-0298-a-bernardo-codoing-sacerdote-de-la-mision-en-romans\/\" class=\"more-link\">Read More<\/a><\/p>\n","protected":false},"author":4,"featured_media":393753,"comment_status":"open","ping_status":"open","sticky":false,"template":"","format":"standard","meta":{"jetpack_post_was_ever_published":false,"_jetpack_newsletter_access":"","_jetpack_dont_email_post_to_subs":false,"_jetpack_newsletter_tier_id":0,"_jetpack_memberships_contains_paywalled_content":false,"_jetpack_memberships_contains_paid_content":false,"footnotes":"","jetpack_publicize_message":"","jetpack_publicize_feature_enabled":true,"jetpack_social_post_already_shared":true,"jetpack_social_options":{"image_generator_settings":{"template":"highway","default_image_id":0,"font":"","enabled":false},"version":2}},"categories":[65],"tags":[144],"class_list":["post-6220","post","type-post","status-publish","format-standard","has-post-thumbnail","hentry","category-escritos-de-vicente-de-paul","tag-lambert"],"yoast_head":"<!-- This site is optimized with the Yoast SEO plugin v26.3 - https:\/\/yoast.com\/wordpress\/plugins\/seo\/ -->\n<title>Vicente de Pa\u00fal, Carta 0298: A Bernardo Codoing, Sacerdote De La Misi\u00f3n, En Romans - Somos Vicencianos<\/title>\n<meta name=\"robots\" content=\"index, follow, max-snippet:-1, max-image-preview:large, max-video-preview:-1\" \/>\n<link rel=\"canonical\" href=\"https:\/\/vincentians.com\/es\/vicente-de-paul-carta-0298-a-bernardo-codoing-sacerdote-de-la-mision-en-romans\/\" \/>\n<meta property=\"og:locale\" content=\"es_ES\" \/>\n<meta property=\"og:type\" content=\"article\" \/>\n<meta property=\"og:title\" content=\"Vicente de Pa\u00fal, Carta 0298: A Bernardo Codoing, Sacerdote De La Misi\u00f3n, En Romans - Somos Vicencianos\" \/>\n<meta property=\"og:description\" content=\"27 diciembre 1637 Hace tiempo que estoy pensando si ten\u00eda que rogarle que fuese a trabajar a Richelieu, en donde el se\u00f1or Cardenal ha fundado una Misi\u00f3n, no s\u00f3lo para aquel ducado sino tambi\u00e9n para ... Read More\" \/>\n<meta property=\"og:url\" content=\"https:\/\/vincentians.com\/es\/vicente-de-paul-carta-0298-a-bernardo-codoing-sacerdote-de-la-mision-en-romans\/\" \/>\n<meta property=\"og:site_name\" content=\"Somos Vicencianos\" \/>\n<meta property=\"article:publisher\" content=\"https:\/\/www.facebook.com\/WeAreVincentians\/\" \/>\n<meta property=\"article:author\" content=\"https:\/\/www.facebook.com\/JavierChento\" \/>\n<meta property=\"article:published_time\" content=\"2008-12-01T05:17:22+00:00\" \/>\n<meta property=\"article:modified_time\" content=\"2016-07-26T09:11:22+00:00\" \/>\n<meta property=\"og:image\" content=\"https:\/\/i0.wp.com\/vincentians.com\/es\/wp-content\/uploads\/sites\/11\/2016\/07\/escritos-vicente-de-paul.jpg?fit=1200%2C630&ssl=1\" \/>\n\t<meta property=\"og:image:width\" content=\"1200\" \/>\n\t<meta property=\"og:image:height\" content=\"630\" \/>\n\t<meta property=\"og:image:type\" content=\"image\/jpeg\" \/>\n<meta name=\"author\" content=\"Francisco Javier Fern\u00e1ndez Chento\" \/>\n<meta name=\"twitter:card\" content=\"summary_large_image\" \/>\n<meta name=\"twitter:creator\" content=\"@https:\/\/twitter.com\/javierchento\" \/>\n<meta name=\"twitter:site\" content=\"@WeVincentians\" \/>\n<meta name=\"twitter:label1\" content=\"Escrito por\" \/>\n\t<meta name=\"twitter:data1\" content=\"Francisco Javier Fern\u00e1ndez Chento\" \/>\n\t<meta name=\"twitter:label2\" content=\"Tiempo de lectura\" \/>\n\t<meta name=\"twitter:data2\" content=\"5 minutos\" \/>\n<script type=\"application\/ld+json\" class=\"yoast-schema-graph\">{\"@context\":\"https:\/\/schema.org\",\"@graph\":[{\"@type\":\"Article\",\"@id\":\"https:\/\/vincentians.com\/es\/vicente-de-paul-carta-0298-a-bernardo-codoing-sacerdote-de-la-mision-en-romans\/#article\",\"isPartOf\":{\"@id\":\"https:\/\/vincentians.com\/es\/vicente-de-paul-carta-0298-a-bernardo-codoing-sacerdote-de-la-mision-en-romans\/\"},\"author\":{\"name\":\"Francisco Javier Fern\u00e1ndez Chento\",\"@id\":\"http:\/\/vincentians.com\/es\/#\/schema\/person\/9623ef4d9aa3b2dfb8c061f1499288f2\"},\"headline\":\"Vicente de Pa\u00fal, Carta 0298: A Bernardo Codoing, Sacerdote De La Misi\u00f3n, En Romans\",\"datePublished\":\"2008-12-01T05:17:22+00:00\",\"dateModified\":\"2016-07-26T09:11:22+00:00\",\"mainEntityOfPage\":{\"@id\":\"https:\/\/vincentians.com\/es\/vicente-de-paul-carta-0298-a-bernardo-codoing-sacerdote-de-la-mision-en-romans\/\"},\"wordCount\":1086,\"commentCount\":0,\"publisher\":{\"@id\":\"http:\/\/vincentians.com\/es\/#organization\"},\"image\":{\"@id\":\"https:\/\/vincentians.com\/es\/vicente-de-paul-carta-0298-a-bernardo-codoing-sacerdote-de-la-mision-en-romans\/#primaryimage\"},\"thumbnailUrl\":\"https:\/\/i0.wp.com\/vincentians.com\/es\/wp-content\/uploads\/sites\/11\/2016\/07\/escritos-vicente-de-paul.jpg?fit=1200%2C630&ssl=1\",\"keywords\":[\"Lambert\"],\"articleSection\":[\"Escritos de Vicente de Pa\u00fal\"],\"inLanguage\":\"es\",\"potentialAction\":[{\"@type\":\"CommentAction\",\"name\":\"Comment\",\"target\":[\"https:\/\/vincentians.com\/es\/vicente-de-paul-carta-0298-a-bernardo-codoing-sacerdote-de-la-mision-en-romans\/#respond\"]}]},{\"@type\":\"WebPage\",\"@id\":\"https:\/\/vincentians.com\/es\/vicente-de-paul-carta-0298-a-bernardo-codoing-sacerdote-de-la-mision-en-romans\/\",\"url\":\"https:\/\/vincentians.com\/es\/vicente-de-paul-carta-0298-a-bernardo-codoing-sacerdote-de-la-mision-en-romans\/\",\"name\":\"Vicente de Pa\u00fal, Carta 0298: A Bernardo Codoing, Sacerdote De La Misi\u00f3n, En Romans - Somos Vicencianos\",\"isPartOf\":{\"@id\":\"http:\/\/vincentians.com\/es\/#website\"},\"primaryImageOfPage\":{\"@id\":\"https:\/\/vincentians.com\/es\/vicente-de-paul-carta-0298-a-bernardo-codoing-sacerdote-de-la-mision-en-romans\/#primaryimage\"},\"image\":{\"@id\":\"https:\/\/vincentians.com\/es\/vicente-de-paul-carta-0298-a-bernardo-codoing-sacerdote-de-la-mision-en-romans\/#primaryimage\"},\"thumbnailUrl\":\"https:\/\/i0.wp.com\/vincentians.com\/es\/wp-content\/uploads\/sites\/11\/2016\/07\/escritos-vicente-de-paul.jpg?fit=1200%2C630&ssl=1\",\"datePublished\":\"2008-12-01T05:17:22+00:00\",\"dateModified\":\"2016-07-26T09:11:22+00:00\",\"breadcrumb\":{\"@id\":\"https:\/\/vincentians.com\/es\/vicente-de-paul-carta-0298-a-bernardo-codoing-sacerdote-de-la-mision-en-romans\/#breadcrumb\"},\"inLanguage\":\"es\",\"potentialAction\":[{\"@type\":\"ReadAction\",\"target\":[\"https:\/\/vincentians.com\/es\/vicente-de-paul-carta-0298-a-bernardo-codoing-sacerdote-de-la-mision-en-romans\/\"]}]},{\"@type\":\"ImageObject\",\"inLanguage\":\"es\",\"@id\":\"https:\/\/vincentians.com\/es\/vicente-de-paul-carta-0298-a-bernardo-codoing-sacerdote-de-la-mision-en-romans\/#primaryimage\",\"url\":\"https:\/\/i0.wp.com\/vincentians.com\/es\/wp-content\/uploads\/sites\/11\/2016\/07\/escritos-vicente-de-paul.jpg?fit=1200%2C630&ssl=1\",\"contentUrl\":\"https:\/\/i0.wp.com\/vincentians.com\/es\/wp-content\/uploads\/sites\/11\/2016\/07\/escritos-vicente-de-paul.jpg?fit=1200%2C630&ssl=1\",\"width\":1200,\"height\":630},{\"@type\":\"BreadcrumbList\",\"@id\":\"https:\/\/vincentians.com\/es\/vicente-de-paul-carta-0298-a-bernardo-codoing-sacerdote-de-la-mision-en-romans\/#breadcrumb\",\"itemListElement\":[{\"@type\":\"ListItem\",\"position\":1,\"name\":\"Portada\",\"item\":\"http:\/\/vincentians.com\/es\/\"},{\"@type\":\"ListItem\",\"position\":2,\"name\":\"Vicente de Pa\u00fal, Carta 0298: A Bernardo Codoing, Sacerdote De La Misi\u00f3n, En Romans\"}]},{\"@type\":\"WebSite\",\"@id\":\"http:\/\/vincentians.com\/es\/#website\",\"url\":\"http:\/\/vincentians.com\/es\/\",\"name\":\"Somos Vicencianos\",\"description\":\"Know more to serve more\",\"publisher\":{\"@id\":\"http:\/\/vincentians.com\/es\/#organization\"},\"potentialAction\":[{\"@type\":\"SearchAction\",\"target\":{\"@type\":\"EntryPoint\",\"urlTemplate\":\"http:\/\/vincentians.com\/es\/?s={search_term_string}\"},\"query-input\":{\"@type\":\"PropertyValueSpecification\",\"valueRequired\":true,\"valueName\":\"search_term_string\"}}],\"inLanguage\":\"es\"},{\"@type\":\"Organization\",\"@id\":\"http:\/\/vincentians.com\/es\/#organization\",\"name\":\"The Vincentian Network\",\"url\":\"http:\/\/vincentians.com\/es\/\",\"logo\":{\"@type\":\"ImageObject\",\"inLanguage\":\"es\",\"@id\":\"http:\/\/vincentians.com\/es\/#\/schema\/logo\/image\/\",\"url\":\"https:\/\/i1.wp.com\/vincentians.com\/es\/wp-content\/uploads\/sites\/11\/2016\/06\/Vincentian-Network-logo-big.png?fit=778%2C778\",\"contentUrl\":\"https:\/\/i1.wp.com\/vincentians.com\/es\/wp-content\/uploads\/sites\/11\/2016\/06\/Vincentian-Network-logo-big.png?fit=778%2C778\",\"width\":778,\"height\":778,\"caption\":\"The Vincentian Network\"},\"image\":{\"@id\":\"http:\/\/vincentians.com\/es\/#\/schema\/logo\/image\/\"},\"sameAs\":[\"https:\/\/www.facebook.com\/WeAreVincentians\/\",\"https:\/\/x.com\/WeVincentians\"]},{\"@type\":\"Person\",\"@id\":\"http:\/\/vincentians.com\/es\/#\/schema\/person\/9623ef4d9aa3b2dfb8c061f1499288f2\",\"name\":\"Francisco Javier Fern\u00e1ndez Chento\",\"image\":{\"@type\":\"ImageObject\",\"inLanguage\":\"es\",\"@id\":\"http:\/\/vincentians.com\/es\/#\/schema\/person\/image\/\",\"url\":\"https:\/\/secure.gravatar.com\/avatar\/497d5cde87b4c3d097d0315953521681ba2cd523ee66e5077c3711f7021e65de?s=96&d=mm&r=g\",\"contentUrl\":\"https:\/\/secure.gravatar.com\/avatar\/497d5cde87b4c3d097d0315953521681ba2cd523ee66e5077c3711f7021e65de?s=96&d=mm&r=g\",\"caption\":\"Francisco Javier Fern\u00e1ndez Chento\"},\"description\":\"Director General y cofundador de La Red de Formaci\u00f3n Vicenciana. Javier es laico vicenciano, afiliado a la Congregaci\u00f3n de la Misi\u00f3n y miembro del Equipo de Misiones Populares de la provincia can\u00f3nica de Zaragoza (Espa\u00f1a) de la Congregaci\u00f3n de la Misi\u00f3n. Graduado en la Universidad Oberta de Catalunya con cuatro grados (Asistente de direcci\u00f3n, Gesti\u00f3n Administrativa, Recursos Humanos y Contabilidad Avanzada). Bil\u00edng\u00fce Espa\u00f1ol\/Ingl\u00e9s. gestiona y mantiene varias p\u00e1ginas web cristianas y vicencianas, incluida including La Red de Formaci\u00f3n Vicenciana, de la que es cofundador. Actualmente es responsable del \u00e1rea de Espa\u00f1ol de .famvin, la Red de Noticias de la Familia Vicenciana. Tambi\u00e9n es m\u00fasico cat\u00f3lico y ha editado varios discos. Es Director General y cofundador de Trovador, una reconocida compa\u00f1\u00eda discogr\u00e1fica critiana de Espa\u00f1a. Trabaja en las Tecnolog\u00edas de la Informaci\u00f3n, ofreciendo servicios de alojamiento, dise\u00f1o y mantenimiento Web, as\u00ed como asesoramiento, formaci\u00f3n y soluciones inform\u00e1ticas, gesti\u00f3n documental y digitalizaci\u00f3n de textos, edici\u00f3n y maquetaci\u00f3n de libros, revistas, flyers, etc.\",\"sameAs\":[\"http:\/\/chento.org\",\"https:\/\/www.facebook.com\/JavierChento\",\"https:\/\/x.com\/https:\/\/twitter.com\/javierchento\"],\"url\":\"https:\/\/vincentians.com\/es\/author\/chento\/\"}]}<\/script>\n<!-- \/ Yoast SEO plugin. -->","yoast_head_json":{"title":"Vicente de Pa\u00fal, Carta 0298: A Bernardo Codoing, Sacerdote De La Misi\u00f3n, En Romans - Somos Vicencianos","robots":{"index":"index","follow":"follow","max-snippet":"max-snippet:-1","max-image-preview":"max-image-preview:large","max-video-preview":"max-video-preview:-1"},"canonical":"https:\/\/vincentians.com\/es\/vicente-de-paul-carta-0298-a-bernardo-codoing-sacerdote-de-la-mision-en-romans\/","og_locale":"es_ES","og_type":"article","og_title":"Vicente de Pa\u00fal, Carta 0298: A Bernardo Codoing, Sacerdote De La Misi\u00f3n, En Romans - Somos Vicencianos","og_description":"27 diciembre 1637 Hace tiempo que estoy pensando si ten\u00eda que rogarle que fuese a trabajar a Richelieu, en donde el se\u00f1or Cardenal ha fundado una Misi\u00f3n, no s\u00f3lo para aquel ducado sino tambi\u00e9n para ... Read More","og_url":"https:\/\/vincentians.com\/es\/vicente-de-paul-carta-0298-a-bernardo-codoing-sacerdote-de-la-mision-en-romans\/","og_site_name":"Somos Vicencianos","article_publisher":"https:\/\/www.facebook.com\/WeAreVincentians\/","article_author":"https:\/\/www.facebook.com\/JavierChento","article_published_time":"2008-12-01T05:17:22+00:00","article_modified_time":"2016-07-26T09:11:22+00:00","og_image":[{"width":1200,"height":630,"url":"https:\/\/i0.wp.com\/vincentians.com\/es\/wp-content\/uploads\/sites\/11\/2016\/07\/escritos-vicente-de-paul.jpg?fit=1200%2C630&ssl=1","type":"image\/jpeg"}],"author":"Francisco Javier Fern\u00e1ndez Chento","twitter_card":"summary_large_image","twitter_creator":"@https:\/\/twitter.com\/javierchento","twitter_site":"@WeVincentians","twitter_misc":{"Escrito por":"Francisco Javier Fern\u00e1ndez Chento","Tiempo de lectura":"5 minutos"},"schema":{"@context":"https:\/\/schema.org","@graph":[{"@type":"Article","@id":"https:\/\/vincentians.com\/es\/vicente-de-paul-carta-0298-a-bernardo-codoing-sacerdote-de-la-mision-en-romans\/#article","isPartOf":{"@id":"https:\/\/vincentians.com\/es\/vicente-de-paul-carta-0298-a-bernardo-codoing-sacerdote-de-la-mision-en-romans\/"},"author":{"name":"Francisco Javier Fern\u00e1ndez Chento","@id":"http:\/\/vincentians.com\/es\/#\/schema\/person\/9623ef4d9aa3b2dfb8c061f1499288f2"},"headline":"Vicente de Pa\u00fal, Carta 0298: A Bernardo Codoing, Sacerdote De La Misi\u00f3n, En Romans","datePublished":"2008-12-01T05:17:22+00:00","dateModified":"2016-07-26T09:11:22+00:00","mainEntityOfPage":{"@id":"https:\/\/vincentians.com\/es\/vicente-de-paul-carta-0298-a-bernardo-codoing-sacerdote-de-la-mision-en-romans\/"},"wordCount":1086,"commentCount":0,"publisher":{"@id":"http:\/\/vincentians.com\/es\/#organization"},"image":{"@id":"https:\/\/vincentians.com\/es\/vicente-de-paul-carta-0298-a-bernardo-codoing-sacerdote-de-la-mision-en-romans\/#primaryimage"},"thumbnailUrl":"https:\/\/i0.wp.com\/vincentians.com\/es\/wp-content\/uploads\/sites\/11\/2016\/07\/escritos-vicente-de-paul.jpg?fit=1200%2C630&ssl=1","keywords":["Lambert"],"articleSection":["Escritos de Vicente de Pa\u00fal"],"inLanguage":"es","potentialAction":[{"@type":"CommentAction","name":"Comment","target":["https:\/\/vincentians.com\/es\/vicente-de-paul-carta-0298-a-bernardo-codoing-sacerdote-de-la-mision-en-romans\/#respond"]}]},{"@type":"WebPage","@id":"https:\/\/vincentians.com\/es\/vicente-de-paul-carta-0298-a-bernardo-codoing-sacerdote-de-la-mision-en-romans\/","url":"https:\/\/vincentians.com\/es\/vicente-de-paul-carta-0298-a-bernardo-codoing-sacerdote-de-la-mision-en-romans\/","name":"Vicente de Pa\u00fal, Carta 0298: A Bernardo Codoing, Sacerdote De La Misi\u00f3n, En Romans - Somos Vicencianos","isPartOf":{"@id":"http:\/\/vincentians.com\/es\/#website"},"primaryImageOfPage":{"@id":"https:\/\/vincentians.com\/es\/vicente-de-paul-carta-0298-a-bernardo-codoing-sacerdote-de-la-mision-en-romans\/#primaryimage"},"image":{"@id":"https:\/\/vincentians.com\/es\/vicente-de-paul-carta-0298-a-bernardo-codoing-sacerdote-de-la-mision-en-romans\/#primaryimage"},"thumbnailUrl":"https:\/\/i0.wp.com\/vincentians.com\/es\/wp-content\/uploads\/sites\/11\/2016\/07\/escritos-vicente-de-paul.jpg?fit=1200%2C630&ssl=1","datePublished":"2008-12-01T05:17:22+00:00","dateModified":"2016-07-26T09:11:22+00:00","breadcrumb":{"@id":"https:\/\/vincentians.com\/es\/vicente-de-paul-carta-0298-a-bernardo-codoing-sacerdote-de-la-mision-en-romans\/#breadcrumb"},"inLanguage":"es","potentialAction":[{"@type":"ReadAction","target":["https:\/\/vincentians.com\/es\/vicente-de-paul-carta-0298-a-bernardo-codoing-sacerdote-de-la-mision-en-romans\/"]}]},{"@type":"ImageObject","inLanguage":"es","@id":"https:\/\/vincentians.com\/es\/vicente-de-paul-carta-0298-a-bernardo-codoing-sacerdote-de-la-mision-en-romans\/#primaryimage","url":"https:\/\/i0.wp.com\/vincentians.com\/es\/wp-content\/uploads\/sites\/11\/2016\/07\/escritos-vicente-de-paul.jpg?fit=1200%2C630&ssl=1","contentUrl":"https:\/\/i0.wp.com\/vincentians.com\/es\/wp-content\/uploads\/sites\/11\/2016\/07\/escritos-vicente-de-paul.jpg?fit=1200%2C630&ssl=1","width":1200,"height":630},{"@type":"BreadcrumbList","@id":"https:\/\/vincentians.com\/es\/vicente-de-paul-carta-0298-a-bernardo-codoing-sacerdote-de-la-mision-en-romans\/#breadcrumb","itemListElement":[{"@type":"ListItem","position":1,"name":"Portada","item":"http:\/\/vincentians.com\/es\/"},{"@type":"ListItem","position":2,"name":"Vicente de Pa\u00fal, Carta 0298: A Bernardo Codoing, Sacerdote De La Misi\u00f3n, En Romans"}]},{"@type":"WebSite","@id":"http:\/\/vincentians.com\/es\/#website","url":"http:\/\/vincentians.com\/es\/","name":"Somos Vicencianos","description":"Know more to serve more","publisher":{"@id":"http:\/\/vincentians.com\/es\/#organization"},"potentialAction":[{"@type":"SearchAction","target":{"@type":"EntryPoint","urlTemplate":"http:\/\/vincentians.com\/es\/?s={search_term_string}"},"query-input":{"@type":"PropertyValueSpecification","valueRequired":true,"valueName":"search_term_string"}}],"inLanguage":"es"},{"@type":"Organization","@id":"http:\/\/vincentians.com\/es\/#organization","name":"The Vincentian Network","url":"http:\/\/vincentians.com\/es\/","logo":{"@type":"ImageObject","inLanguage":"es","@id":"http:\/\/vincentians.com\/es\/#\/schema\/logo\/image\/","url":"https:\/\/i1.wp.com\/vincentians.com\/es\/wp-content\/uploads\/sites\/11\/2016\/06\/Vincentian-Network-logo-big.png?fit=778%2C778","contentUrl":"https:\/\/i1.wp.com\/vincentians.com\/es\/wp-content\/uploads\/sites\/11\/2016\/06\/Vincentian-Network-logo-big.png?fit=778%2C778","width":778,"height":778,"caption":"The Vincentian Network"},"image":{"@id":"http:\/\/vincentians.com\/es\/#\/schema\/logo\/image\/"},"sameAs":["https:\/\/www.facebook.com\/WeAreVincentians\/","https:\/\/x.com\/WeVincentians"]},{"@type":"Person","@id":"http:\/\/vincentians.com\/es\/#\/schema\/person\/9623ef4d9aa3b2dfb8c061f1499288f2","name":"Francisco Javier Fern\u00e1ndez Chento","image":{"@type":"ImageObject","inLanguage":"es","@id":"http:\/\/vincentians.com\/es\/#\/schema\/person\/image\/","url":"https:\/\/secure.gravatar.com\/avatar\/497d5cde87b4c3d097d0315953521681ba2cd523ee66e5077c3711f7021e65de?s=96&d=mm&r=g","contentUrl":"https:\/\/secure.gravatar.com\/avatar\/497d5cde87b4c3d097d0315953521681ba2cd523ee66e5077c3711f7021e65de?s=96&d=mm&r=g","caption":"Francisco Javier Fern\u00e1ndez Chento"},"description":"Director General y cofundador de La Red de Formaci\u00f3n Vicenciana. Javier es laico vicenciano, afiliado a la Congregaci\u00f3n de la Misi\u00f3n y miembro del Equipo de Misiones Populares de la provincia can\u00f3nica de Zaragoza (Espa\u00f1a) de la Congregaci\u00f3n de la Misi\u00f3n. Graduado en la Universidad Oberta de Catalunya con cuatro grados (Asistente de direcci\u00f3n, Gesti\u00f3n Administrativa, Recursos Humanos y Contabilidad Avanzada). Bil\u00edng\u00fce Espa\u00f1ol\/Ingl\u00e9s. gestiona y mantiene varias p\u00e1ginas web cristianas y vicencianas, incluida including La Red de Formaci\u00f3n Vicenciana, de la que es cofundador. Actualmente es responsable del \u00e1rea de Espa\u00f1ol de .famvin, la Red de Noticias de la Familia Vicenciana. Tambi\u00e9n es m\u00fasico cat\u00f3lico y ha editado varios discos. Es Director General y cofundador de Trovador, una reconocida compa\u00f1\u00eda discogr\u00e1fica critiana de Espa\u00f1a. Trabaja en las Tecnolog\u00edas de la Informaci\u00f3n, ofreciendo servicios de alojamiento, dise\u00f1o y mantenimiento Web, as\u00ed como asesoramiento, formaci\u00f3n y soluciones inform\u00e1ticas, gesti\u00f3n documental y digitalizaci\u00f3n de textos, edici\u00f3n y maquetaci\u00f3n de libros, revistas, flyers, etc.","sameAs":["http:\/\/chento.org","https:\/\/www.facebook.com\/JavierChento","https:\/\/x.com\/https:\/\/twitter.com\/javierchento"],"url":"https:\/\/vincentians.com\/es\/author\/chento\/"}]}},"jetpack_publicize_connections":[],"jetpack_featured_media_url":"https:\/\/i0.wp.com\/vincentians.com\/es\/wp-content\/uploads\/sites\/11\/2016\/07\/escritos-vicente-de-paul.jpg?fit=1200%2C630&ssl=1","jetpack_sharing_enabled":true,"jetpack_shortlink":"https:\/\/wp.me\/p7ETMF-1Ck","jetpack-related-posts":[{"id":100655,"url":"https:\/\/vincentians.com\/es\/vicente-de-paul-carta-0947-a-luis-rlvet-sacerdote-de-la-mision-en-richelieu\/","url_meta":{"origin":6220,"position":0},"title":"Vicente de Pa\u00fal, Carta 0947: A Luis Rlvet, Sacerdote De La Misi\u00f3n, En Richelieu","author":"Francisco Javier Fern\u00e1ndez Chento","date":"25\/08\/2012","format":false,"excerpt":"Par\u00eds, 19 diciembre 1646 Padre: La gracia [de Nuestro Se\u00f1or] sea [siempre con nosotros. Ya hace] muchos [d\u00edas que] recib\u00ed su re[spuesta], pero todav\u00eda me dura el consuelo que me [proporcion\u00f3, al ver los sentimientos] que usted tiene de s\u00ed mismo y que son tan necesarios para la [ocupaci\u00f3n] que\u2026","rel":"","context":"En \u00abEscritos de Vicente de Pa\u00fal\u00bb","block_context":{"text":"Escritos de Vicente de Pa\u00fal","link":"https:\/\/vincentians.com\/es\/category\/escritos\/escritos-de-vicente-de-paul\/"},"img":{"alt_text":"","src":"https:\/\/i0.wp.com\/vincentians.com\/es\/wp-content\/uploads\/sites\/11\/2016\/07\/escritos-vicente-de-paul.jpg?fit=1200%2C630&ssl=1&resize=350%2C200","width":350,"height":200,"srcset":"https:\/\/i0.wp.com\/vincentians.com\/es\/wp-content\/uploads\/sites\/11\/2016\/07\/escritos-vicente-de-paul.jpg?fit=1200%2C630&ssl=1&resize=350%2C200 1x, https:\/\/i0.wp.com\/vincentians.com\/es\/wp-content\/uploads\/sites\/11\/2016\/07\/escritos-vicente-de-paul.jpg?fit=1200%2C630&ssl=1&resize=525%2C300 1.5x, https:\/\/i0.wp.com\/vincentians.com\/es\/wp-content\/uploads\/sites\/11\/2016\/07\/escritos-vicente-de-paul.jpg?fit=1200%2C630&ssl=1&resize=700%2C400 2x, https:\/\/i0.wp.com\/vincentians.com\/es\/wp-content\/uploads\/sites\/11\/2016\/07\/escritos-vicente-de-paul.jpg?fit=1200%2C630&ssl=1&resize=1050%2C600 3x"},"classes":[]},{"id":126079,"url":"https:\/\/vincentians.com\/es\/vicente-de-paul-carta-1170-a-hugo-perraud-sacerdote-de-la-mision-en-richelieu\/","url_meta":{"origin":6220,"position":1},"title":"Vicente de Pa\u00fal, Carta 1170: A Hugo Perraud, Sacerdote De La Misi\u00f3n, En Richelieu","author":"Francisco Javier Fern\u00e1ndez Chento","date":"10\/12\/2013","format":false,"excerpt":"4 julio 1649. Me alegra mucho saber que est\u00e1 usted dispuesto para salir a tomar aguas; quiera Dios que le devuelvan la salud y que \u00e9l mismo sea su fuerza para ir, para venir y para usar bien de las dificultades que su Providencia le har\u00e1 encontrar. Vaya, pues, padre,\u2026","rel":"","context":"En \u00abEscritos de Vicente de Pa\u00fal\u00bb","block_context":{"text":"Escritos de Vicente de Pa\u00fal","link":"https:\/\/vincentians.com\/es\/category\/escritos\/escritos-de-vicente-de-paul\/"},"img":{"alt_text":"","src":"https:\/\/i0.wp.com\/vincentians.com\/es\/wp-content\/uploads\/sites\/11\/2016\/07\/escritos-vicente-de-paul.jpg?fit=1200%2C630&ssl=1&resize=350%2C200","width":350,"height":200,"srcset":"https:\/\/i0.wp.com\/vincentians.com\/es\/wp-content\/uploads\/sites\/11\/2016\/07\/escritos-vicente-de-paul.jpg?fit=1200%2C630&ssl=1&resize=350%2C200 1x, https:\/\/i0.wp.com\/vincentians.com\/es\/wp-content\/uploads\/sites\/11\/2016\/07\/escritos-vicente-de-paul.jpg?fit=1200%2C630&ssl=1&resize=525%2C300 1.5x, https:\/\/i0.wp.com\/vincentians.com\/es\/wp-content\/uploads\/sites\/11\/2016\/07\/escritos-vicente-de-paul.jpg?fit=1200%2C630&ssl=1&resize=700%2C400 2x, https:\/\/i0.wp.com\/vincentians.com\/es\/wp-content\/uploads\/sites\/11\/2016\/07\/escritos-vicente-de-paul.jpg?fit=1200%2C630&ssl=1&resize=1050%2C600 3x"},"classes":[]},{"id":118190,"url":"https:\/\/vincentians.com\/es\/vicente-de-paul-carta-1073-a-dionisio-gautier-superior-de-richelieu\/","url_meta":{"origin":6220,"position":2},"title":"Vicente de Pa\u00fal, Carta 1073: A Dionisio Gautier, Superior De Richelieu","author":"Francisco Javier Fern\u00e1ndez Chento","date":"24\/02\/2013","format":false,"excerpt":"Par\u00eds, 26 abril 1648. Padre: La gracia de Nuestro Se\u00f1or sea siempre con nosotros. S\u00ed, padre, haga el favor de ir a darle las gracias al se\u00f1or arzobispo de Tours; su caridad y la amabilidad que nos demuestra merecen ese viaje. Al testimoniarle su gratitud, dele a conocer tambi\u00e9n la\u2026","rel":"","context":"En \u00abEscritos de Vicente de Pa\u00fal\u00bb","block_context":{"text":"Escritos de Vicente de Pa\u00fal","link":"https:\/\/vincentians.com\/es\/category\/escritos\/escritos-de-vicente-de-paul\/"},"img":{"alt_text":"","src":"https:\/\/i0.wp.com\/vincentians.com\/es\/wp-content\/uploads\/sites\/11\/2016\/07\/escritos-vicente-de-paul.jpg?fit=1200%2C630&ssl=1&resize=350%2C200","width":350,"height":200,"srcset":"https:\/\/i0.wp.com\/vincentians.com\/es\/wp-content\/uploads\/sites\/11\/2016\/07\/escritos-vicente-de-paul.jpg?fit=1200%2C630&ssl=1&resize=350%2C200 1x, https:\/\/i0.wp.com\/vincentians.com\/es\/wp-content\/uploads\/sites\/11\/2016\/07\/escritos-vicente-de-paul.jpg?fit=1200%2C630&ssl=1&resize=525%2C300 1.5x, https:\/\/i0.wp.com\/vincentians.com\/es\/wp-content\/uploads\/sites\/11\/2016\/07\/escritos-vicente-de-paul.jpg?fit=1200%2C630&ssl=1&resize=700%2C400 2x, https:\/\/i0.wp.com\/vincentians.com\/es\/wp-content\/uploads\/sites\/11\/2016\/07\/escritos-vicente-de-paul.jpg?fit=1200%2C630&ssl=1&resize=1050%2C600 3x"},"classes":[]},{"id":117494,"url":"https:\/\/vincentians.com\/es\/vicente-de-paul-carta-1066-a-dionisio-gautier-superior-de-richelieu\/","url_meta":{"origin":6220,"position":3},"title":"Vicente de Pa\u00fal, Carta 1066: A Dionisio Gautier, Superior De Richelieu","author":"Francisco Javier Fern\u00e1ndez Chento","date":"29\/01\/2013","format":false,"excerpt":"Par\u00eds, 29 marzo 1648. Padre: La gracia de Nuestro Se\u00f1or sea siempre con nosotros. Le escribo al padre Nacquart por medio del padre Gondr\u00e9e, que sale hoy en coche para Richelieu, para que se dirijan juntos a La Rochelle con esos se\u00f1ores que tienen que llevarles a las Indias alrededor\u2026","rel":"","context":"En \u00abEscritos de Vicente de Pa\u00fal\u00bb","block_context":{"text":"Escritos de Vicente de Pa\u00fal","link":"https:\/\/vincentians.com\/es\/category\/escritos\/escritos-de-vicente-de-paul\/"},"img":{"alt_text":"","src":"https:\/\/i0.wp.com\/vincentians.com\/es\/wp-content\/uploads\/sites\/11\/2016\/07\/escritos-vicente-de-paul.jpg?fit=1200%2C630&ssl=1&resize=350%2C200","width":350,"height":200,"srcset":"https:\/\/i0.wp.com\/vincentians.com\/es\/wp-content\/uploads\/sites\/11\/2016\/07\/escritos-vicente-de-paul.jpg?fit=1200%2C630&ssl=1&resize=350%2C200 1x, https:\/\/i0.wp.com\/vincentians.com\/es\/wp-content\/uploads\/sites\/11\/2016\/07\/escritos-vicente-de-paul.jpg?fit=1200%2C630&ssl=1&resize=525%2C300 1.5x, https:\/\/i0.wp.com\/vincentians.com\/es\/wp-content\/uploads\/sites\/11\/2016\/07\/escritos-vicente-de-paul.jpg?fit=1200%2C630&ssl=1&resize=700%2C400 2x, https:\/\/i0.wp.com\/vincentians.com\/es\/wp-content\/uploads\/sites\/11\/2016\/07\/escritos-vicente-de-paul.jpg?fit=1200%2C630&ssl=1&resize=1050%2C600 3x"},"classes":[]},{"id":117493,"url":"https:\/\/vincentians.com\/es\/vicente-de-paul-carta-1065-a-carlos-nacquart-sacerdote-de-la-mision-en-richelieu\/","url_meta":{"origin":6220,"position":4},"title":"Vicente de Pa\u00fal, Carta 1065 : A Carlos Nacquart, Sacerdote De La Mision, En Richelieu","author":"Francisco Javier Fern\u00e1ndez Chento","date":"28\/01\/2013","format":false,"excerpt":"Par\u00eds, 22 marzo 1648 Padre: Hace mucho tiempo que Nuestro Se\u00f1or puso en su coraz\u00f3n el sentimiento de hacerle un se\u00f1alado servicio; cuando se empez\u00f3 en Richelieu con las misiones entre gentiles e id\u00f3latras, creo que Nuestro Se\u00f1or le hizo sentir que le llamaba a ellas, tal como usted me\u2026","rel":"","context":"En \u00abEscritos de Vicente de Pa\u00fal\u00bb","block_context":{"text":"Escritos de Vicente de Pa\u00fal","link":"https:\/\/vincentians.com\/es\/category\/escritos\/escritos-de-vicente-de-paul\/"},"img":{"alt_text":"","src":"https:\/\/i0.wp.com\/vincentians.com\/es\/wp-content\/uploads\/sites\/11\/2016\/07\/escritos-vicente-de-paul.jpg?fit=1200%2C630&ssl=1&resize=350%2C200","width":350,"height":200,"srcset":"https:\/\/i0.wp.com\/vincentians.com\/es\/wp-content\/uploads\/sites\/11\/2016\/07\/escritos-vicente-de-paul.jpg?fit=1200%2C630&ssl=1&resize=350%2C200 1x, https:\/\/i0.wp.com\/vincentians.com\/es\/wp-content\/uploads\/sites\/11\/2016\/07\/escritos-vicente-de-paul.jpg?fit=1200%2C630&ssl=1&resize=525%2C300 1.5x, https:\/\/i0.wp.com\/vincentians.com\/es\/wp-content\/uploads\/sites\/11\/2016\/07\/escritos-vicente-de-paul.jpg?fit=1200%2C630&ssl=1&resize=700%2C400 2x, https:\/\/i0.wp.com\/vincentians.com\/es\/wp-content\/uploads\/sites\/11\/2016\/07\/escritos-vicente-de-paul.jpg?fit=1200%2C630&ssl=1&resize=1050%2C600 3x"},"classes":[]},{"id":100653,"url":"https:\/\/vincentians.com\/es\/vicente-de-paul-carta-0949-a-santiago-chiroye-sacerdote-de-la-mision-en-richelieu\/","url_meta":{"origin":6220,"position":5},"title":"Vicente de Pa\u00fal, Carta 0949: A Santiago Chiroye, Sacerdote De La Misi\u00f3n, En Richelieu","author":"Francisco Javier Fern\u00e1ndez Chento","date":"27\/08\/2012","format":false,"excerpt":"Par\u00eds, 23 diciembre 1646. Padre: La gracia de Nuestro Se\u00f1or sea [siempre con nosotros]. \u00bfC\u00f3mo no recibir con cari\u00f1o [sus cartas] y no sentirse consolado al [ver c\u00f3mo no cesa usted de] b[usca]r la salvaci\u00f3n [de las almas? Su celo] me [ha impresionado y] produce [en m\u00ed tal alegr\u00eda que\u2026","rel":"","context":"En \u00abEscritos de Vicente de Pa\u00fal\u00bb","block_context":{"text":"Escritos de Vicente de Pa\u00fal","link":"https:\/\/vincentians.com\/es\/category\/escritos\/escritos-de-vicente-de-paul\/"},"img":{"alt_text":"","src":"https:\/\/i0.wp.com\/vincentians.com\/es\/wp-content\/uploads\/sites\/11\/2016\/07\/escritos-vicente-de-paul.jpg?fit=1200%2C630&ssl=1&resize=350%2C200","width":350,"height":200,"srcset":"https:\/\/i0.wp.com\/vincentians.com\/es\/wp-content\/uploads\/sites\/11\/2016\/07\/escritos-vicente-de-paul.jpg?fit=1200%2C630&ssl=1&resize=350%2C200 1x, https:\/\/i0.wp.com\/vincentians.com\/es\/wp-content\/uploads\/sites\/11\/2016\/07\/escritos-vicente-de-paul.jpg?fit=1200%2C630&ssl=1&resize=525%2C300 1.5x, https:\/\/i0.wp.com\/vincentians.com\/es\/wp-content\/uploads\/sites\/11\/2016\/07\/escritos-vicente-de-paul.jpg?fit=1200%2C630&ssl=1&resize=700%2C400 2x, https:\/\/i0.wp.com\/vincentians.com\/es\/wp-content\/uploads\/sites\/11\/2016\/07\/escritos-vicente-de-paul.jpg?fit=1200%2C630&ssl=1&resize=1050%2C600 3x"},"classes":[]}],"_links":{"self":[{"href":"https:\/\/vincentians.com\/es\/wp-json\/wp\/v2\/posts\/6220","targetHints":{"allow":["GET"]}}],"collection":[{"href":"https:\/\/vincentians.com\/es\/wp-json\/wp\/v2\/posts"}],"about":[{"href":"https:\/\/vincentians.com\/es\/wp-json\/wp\/v2\/types\/post"}],"author":[{"embeddable":true,"href":"https:\/\/vincentians.com\/es\/wp-json\/wp\/v2\/users\/4"}],"replies":[{"embeddable":true,"href":"https:\/\/vincentians.com\/es\/wp-json\/wp\/v2\/comments?post=6220"}],"version-history":[{"count":0,"href":"https:\/\/vincentians.com\/es\/wp-json\/wp\/v2\/posts\/6220\/revisions"}],"wp:featuredmedia":[{"embeddable":true,"href":"https:\/\/vincentians.com\/es\/wp-json\/wp\/v2\/media\/393753"}],"wp:attachment":[{"href":"https:\/\/vincentians.com\/es\/wp-json\/wp\/v2\/media?parent=6220"}],"wp:term":[{"taxonomy":"category","embeddable":true,"href":"https:\/\/vincentians.com\/es\/wp-json\/wp\/v2\/categories?post=6220"},{"taxonomy":"post_tag","embeddable":true,"href":"https:\/\/vincentians.com\/es\/wp-json\/wp\/v2\/tags?post=6220"}],"curies":[{"name":"wp","href":"https:\/\/api.w.org\/{rel}","templated":true}]}}