{"id":58484,"date":"2012-01-05T06:15:27","date_gmt":"2012-01-05T05:15:27","guid":{"rendered":"http:\/\/somos.vicencianos.org\/?p=58484"},"modified":"2012-01-05T06:15:27","modified_gmt":"2012-01-05T05:15:27","slug":"noticias-de-j-m-v-en-el-mundo","status":"publish","type":"post","link":"https:\/\/vincentians.com\/es\/noticias-de-j-m-v-en-el-mundo\/","title":{"rendered":"Noticias de J.M.V. en el mundo"},"content":{"rendered":"<h2>Am\u00e9rica<\/h2>\n<h3><strong>Brasil:<\/strong><\/h3>\n<p><a href=\"https:\/\/i0.wp.com\/vicencianos.org\/wp-content\/2012\/01\/grupo_jmv.jpg\"><img data-recalc-dims=\"1\" loading=\"lazy\" decoding=\"async\" class=\"alignright size-medium wp-image-58517\" title=\"grupo_jmv\" src=\"https:\/\/i0.wp.com\/vicencianos.org\/wp-content\/2012\/01\/grupo_jmv-300x257.jpg?resize=300%2C257\" alt=\"\" width=\"300\" height=\"257\" \/><\/a>Con la aprobaci\u00f3n de sus Estatutos Nacionales y con el fin de unificar la nomenclatura con los dem\u00e1s pa\u00edses lus\u00f3fonos, la Asociaci\u00f3n pasa a llamarse Juventude \u00abMariana\u00bb Vicentina y no \u00abMarial\u00bb.<\/p>\n<p>En\u00a0 noviembre, los miembros laicos del\u00a0 Consejo Nacional (Clarissa y Bruno) participaron en las Asambleas Provinciales de Fortaleza y de Belo Horizonte, respectivamente.<\/p>\n<h3><strong>M<\/strong><strong>\u00e9xico:<\/strong><\/h3>\n<p>Del 18 al 20 de noviembre del 2011, Yasmine Cajuste (Presidenta Internacional) y Argelys Vega (Consejera Internacional) visitaron la Asociaci\u00f3n en M\u00e9xico con motivo de la Asamblea Nacional 2011, celebrada en el marco del 150\u00ba aniversario de la Asociaci\u00f3n de Juventudes\u00a0 Marianas \u00a0Vicentinas \u00a0\u2013 \u00a0Hijos \u00a0e \u00a0Hijas \u00a0de Mar\u00eda en M\u00e9xico. La Asamblea cont\u00f3 con la presencia, de la Visitadora HC, Sor Graciela Rubio, y del Visitador CM, P. Silviano Calder\u00f3n Soltero, entre otros.<\/p>\n<h3><strong>Centroam\u00e9rica:<\/strong><\/h3>\n<p>Del 24 de octubre al 14 de noviembre del 2011, la Consejera Internacional Argelys Vega visit\u00f3 la Asociaci\u00f3n en Centroam\u00e9rica,\u00a0 \u00a0con la intensi\u00f3n de conocer m\u00e1s de cerca la realidad que vive JMV all\u00ed y de animar \u00a0a \u00a0los \u00a0grupos \u00a0a \u00a0profundizar\u00a0 en \u00a0su \u00a0identidad como j\u00f3venes Marianos Vicentinos.<\/p>\n<p><strong>N<\/strong><strong>i<\/strong><strong>c<\/strong><strong>aragua<\/strong>, adem\u00e1s de visitar los j\u00f3venes de Le\u00f3n, Granada, Indira, Boaco y Managua, particip\u00f3 del II Encuentro Nacional de JMV, en el Seminario Menor San Vicente de Pa\u00fal, en Boaco.<\/p>\n<p><strong>E<\/strong><strong>l Salvador <\/strong>visit\u00f3 las comunidades de Ahuachap\u00e1n y Laguna Seca. Concluy\u00f3 esta visita con una convivencia en la cual habl\u00f3 sobre la Identidad de JMV.<\/p>\n<p><strong>Guatemala<\/strong>, visit\u00f3 las 4 comunidades de JMV en la capital y las 3 de Chiquimula. Estas comunidades son numerosas y \u00a0los j\u00f3venes est\u00e1n muy\u00a0 comprometidos con las tareas pastorales de sus parroquias.<\/p>\n<p>Cada visita concluy\u00f3 con una reuni\u00f3n con el Consejo Nacional del pa\u00eds para dar sugerencias e intentar responder las dudas de los j\u00f3venes.<\/p>\n<p>Agradecemos a todos que los asesores y consejos nacionales que hicieron posible esta visita.<\/p>\n<h3><strong>H<\/strong><strong>ait\u00ed:<\/strong><\/h3>\n<p>El 28 de noviembre pasado, JMV Hait\u00ed celebr\u00f3 la fiesta de la Medalla Milagrosa en la parroquia del mismo nombre. Por la tarde de ese mismo d\u00eda, los antiguos miembros de la Asociaci\u00f3n, 25 en total, tuvieron un encuentro de reflexi\u00f3n a cerca de animar y organizar a 195 j\u00f3venes. Con este motivo est\u00e1 para el 18 de diciembre del 2011 un encuentro de formaci\u00f3n para los miembros de los consejos locales de JMV.<\/p>\n<h2>Europa<\/h2>\n<h3><strong>Portugal:<\/strong><\/h3>\n<p>En septiembre, han elegido un nuevo consejo de la Regi\u00f3n Sur (2011-2014). En octubre y noviembre, este nuevo equipo visit\u00f3 sus consejos locales.<\/p>\n<p>El 8 de diciembre, tuvo lugar la incorporaci\u00f3n de dos nuevos miembros a la Asociaci\u00f3n. Otros dos renovaron el compromiso\u00a0\u00a0 \u00a0en una Eucarist\u00eda realizada en Alferrarede.<\/p>\n<h3><strong>Ucrania y Bielorrusia:<\/strong><\/h3>\n<p>Del 9 al 11 de septiembre, se han reunido, por la primera vez, el equipo coordinador en Kiev y para evaluar el camino y planificar actividades de la Asociaci\u00f3n para el a\u00f1o siguiente.<\/p>\n<h3><strong>Rep\u00fablica Checa:<\/strong><\/h3>\n<p>Del 27 al 30 de octubre, realizaron un retiro para las familias marianas en Svaty Host\u00fdn, donde participaron 31 personas y trabajaron temas relacionadas con los valores familiares en la \u00f3ptica de SVP.<\/p>\n<h3><strong>E<\/strong><strong>slovenia:<\/strong><\/h3>\n<p>El \u00a029 \u00a0de \u00a0octubre, \u00a0se \u00a0eligi\u00f3 \u00a0a \u00a0Petra \u00a0Hribar \u00a0como Presidenta Nacional de JMV. \u00a1Felicidades!<\/p>\n<h3><strong>Grecia:<\/strong><\/h3>\n<p>El 30 de octubre, realizaron un encuentro para celebrar los dos a\u00f1os de JMV Grecia.<\/p>\n<h3><strong>Croacia:<\/strong><\/h3>\n<p>Gracias a acci\u00f3n de JMV Eslovenia y de los seminaristas de CM, la Asociaci\u00f3n est\u00e1 naciendo con fuerza en Croacia, donde lleva a penas algunos meses y ya se han formados tres grupos. All\u00ed hay una gran posibilidad de crecimiento para el futuro.<\/p>\n<h3><strong>Italia:<\/strong><\/h3>\n<p>El 27 de noviembre, vivieron su jornada nacional que tuvo lugar en N\u00e1poles bajo el lema: \u00abCompartimos el sue\u00f1o, el don de la misi\u00f3n. \u00bb<\/p>\n<p>El 13 de noviembre, Ghislain Atmezing (Consejero) y P.<\/p>\n<p>Pavol Noga (Subdirector Internacional) hicieron una visita a JMV Italia en N\u00e1poles, reuni\u00e9ndose con los j\u00f3venes y con el Consejo Nacional.<\/p>\n<h2>Asia<\/h2>\n<h3><strong>Filipinas: <\/strong><\/h3>\n<p><strong><\/strong>En \u00a0noviembre, \u00a0la \u00a0JMV \u00a0Filipinas, \u00a0donde \u00a0la Asociaci\u00f3n tiene el mayor n\u00famero de miembros en el mundo, ha elegido su nuevo Consejo Nacional que ser\u00e1 presidido por el joven Joshua Albarina. \u00a1Enhorabuena! <strong>India: <\/strong>El 28 y 29 noviembre, tuvo lugar una reuni\u00f3n de asesores con j\u00f3venes que quer\u00edan unirse a JMV en el sur\u00a0 \u00a0de la\u00a0 \u00a0India,\u00a0 \u00a0para\u00a0 \u00a0coordinarse\u00a0 \u00a0mejor\u00a0 \u00a0en\u00a0 \u00a0las actividades a nivel nacional.<\/p>\n<h3><strong>Vietnam: <\/strong><\/h3>\n<p><strong><\/strong>En \u00a0octubre\u00a0 se \u00a0reuni\u00f3 \u00a0el \u00a0Consejo \u00a0Nacional para evaluar el curso y planificar el siguiente. \u00a0En el \u00faltimo trimestre, \u00a089 \u00a0j\u00f3venes \u00a0hicieron la Promesa y 9 la \u00a0Consagraci\u00f3n Mariana. \u00a0JMV de la Regi\u00f3n Duyen Hai celebr\u00f3 su 15\u00ba aniversario de la fundaci\u00f3n.<\/p>\n<h2>\u00c1frica<\/h2>\n<h3><strong>K<\/strong><strong>enia:<\/strong><\/h3>\n<p>El 3 de septiembre, siete miembros de JMV han hecho su Consagraci\u00f3n Mariana, durante una Eucarist\u00eda. <strong>Argelia<\/strong><\/p>\n<p>El 5 de diciembre del 2011, la JMV de Argelia se reuni\u00f3 para preparar su fin de semana de formaci\u00f3n y su Asamblea General que ha tenido lugar del 16 al 18 de diciembre en Or\u00e1n bajo el tema \u00abVicencianos, un estilo de vida para hoy\u00bb. Entre sus proyectos, est\u00e1 el establecimiento de un nuevo Secretariado Nacional.<\/p>\n<h3><strong>Uganda:<\/strong><\/h3>\n<p><strong><\/strong>En vista del lanzamiento de la campa\u00f1a de autofinanciamiento \u00abAlgo\u00a0 \u00a0m\u00e1s\u00a0 \u00a0de\u00a0 \u00a0ti\u00bb,\u00a0 \u00a0la\u00a0 \u00a0JMV\u00a0 \u00a0de Uganda ha organizado una semana de formaci\u00f3n en pasteler\u00eda.<\/p>\n<h3><strong>Camer\u00fan:<\/strong><\/h3>\n<p><strong><\/strong>Diciembre es el mes de las sesiones de formaci\u00f3n de JMV Camer\u00fan. Los miembros de la regi\u00f3n del Centro, se han reunido del 16 al 19 de diciembre en el hogar del Sagrado Coraz\u00f3n de Goya y han reflexionado sobre el tema: \u00abMar\u00eda, modelo de fe y Madre de la Iglesia\u00bb. Pidamos para que este tiempo de reflexi\u00f3n profunda ayude a todos los j\u00f3venes de JMV a conocer m\u00e1s la Fundadora de nuestra Asociaci\u00f3n.<\/p>\n","protected":false},"excerpt":{"rendered":"<p>Am\u00e9rica Brasil: Con la aprobaci\u00f3n de sus Estatutos Nacionales y con el fin de unificar la nomenclatura con los dem\u00e1s pa\u00edses lus\u00f3fonos, la Asociaci\u00f3n pasa a llamarse Juventude \u00abMariana\u00bb Vicentina y no \u00abMarial\u00bb. En\u00a0 noviembre, &#8230; <a href=\"https:\/\/vincentians.com\/es\/noticias-de-j-m-v-en-el-mundo\/\" class=\"more-link\">Read More<\/a><\/p>\n","protected":false},"author":4,"featured_media":58517,"comment_status":"open","ping_status":"open","sticky":false,"template":"","format":"standard","meta":{"jetpack_post_was_ever_published":false,"_jetpack_newsletter_access":"","_jetpack_dont_email_post_to_subs":false,"_jetpack_newsletter_tier_id":0,"_jetpack_memberships_contains_paywalled_content":false,"_jetpack_memberships_contains_paid_content":false,"footnotes":"","jetpack_publicize_message":"","jetpack_publicize_feature_enabled":true,"jetpack_social_post_already_shared":true,"jetpack_social_options":{"image_generator_settings":{"template":"highway","default_image_id":0,"font":"","enabled":false},"version":2}},"categories":[202],"tags":[168],"class_list":["post-58484","post","type-post","status-publish","format-standard","has-post-thumbnail","hentry","category-juventudes-marianas-vicencianas","tag-argel"],"yoast_head":"<!-- This site is optimized with the Yoast SEO plugin v26.3 - https:\/\/yoast.com\/wordpress\/plugins\/seo\/ -->\n<title>Noticias de J.M.V. en el mundo - Somos Vicencianos<\/title>\n<meta name=\"robots\" content=\"index, follow, max-snippet:-1, max-image-preview:large, max-video-preview:-1\" \/>\n<link rel=\"canonical\" href=\"https:\/\/vincentians.com\/es\/noticias-de-j-m-v-en-el-mundo\/\" \/>\n<meta property=\"og:locale\" content=\"es_ES\" \/>\n<meta property=\"og:type\" content=\"article\" \/>\n<meta property=\"og:title\" content=\"Noticias de J.M.V. en el mundo - Somos Vicencianos\" \/>\n<meta property=\"og:description\" content=\"Am\u00e9rica Brasil: Con la aprobaci\u00f3n de sus Estatutos Nacionales y con el fin de unificar la nomenclatura con los dem\u00e1s pa\u00edses lus\u00f3fonos, la Asociaci\u00f3n pasa a llamarse Juventude \u00abMariana\u00bb Vicentina y no \u00abMarial\u00bb. En\u00a0 noviembre, ... Read More\" \/>\n<meta property=\"og:url\" content=\"https:\/\/vincentians.com\/es\/noticias-de-j-m-v-en-el-mundo\/\" \/>\n<meta property=\"og:site_name\" content=\"Somos Vicencianos\" \/>\n<meta property=\"article:publisher\" content=\"https:\/\/www.facebook.com\/WeAreVincentians\/\" \/>\n<meta property=\"article:author\" content=\"https:\/\/www.facebook.com\/JavierChento\" \/>\n<meta property=\"article:published_time\" content=\"2012-01-05T05:15:27+00:00\" \/>\n<meta name=\"author\" content=\"Francisco Javier Fern\u00e1ndez Chento\" \/>\n<meta name=\"twitter:card\" content=\"summary_large_image\" \/>\n<meta name=\"twitter:creator\" content=\"@https:\/\/twitter.com\/javierchento\" \/>\n<meta name=\"twitter:site\" content=\"@WeVincentians\" \/>\n<meta name=\"twitter:label1\" content=\"Escrito por\" \/>\n\t<meta name=\"twitter:data1\" content=\"Francisco Javier Fern\u00e1ndez Chento\" \/>\n\t<meta name=\"twitter:label2\" content=\"Tiempo de lectura\" \/>\n\t<meta name=\"twitter:data2\" content=\"5 minutos\" \/>\n<script type=\"application\/ld+json\" class=\"yoast-schema-graph\">{\"@context\":\"https:\/\/schema.org\",\"@graph\":[{\"@type\":\"Article\",\"@id\":\"https:\/\/vincentians.com\/es\/noticias-de-j-m-v-en-el-mundo\/#article\",\"isPartOf\":{\"@id\":\"https:\/\/vincentians.com\/es\/noticias-de-j-m-v-en-el-mundo\/\"},\"author\":{\"name\":\"Francisco Javier Fern\u00e1ndez Chento\",\"@id\":\"https:\/\/vincentians.com\/es\/#\/schema\/person\/9623ef4d9aa3b2dfb8c061f1499288f2\"},\"headline\":\"Noticias de J.M.V. en el mundo\",\"datePublished\":\"2012-01-05T05:15:27+00:00\",\"mainEntityOfPage\":{\"@id\":\"https:\/\/vincentians.com\/es\/noticias-de-j-m-v-en-el-mundo\/\"},\"wordCount\":976,\"commentCount\":0,\"publisher\":{\"@id\":\"https:\/\/vincentians.com\/es\/#organization\"},\"image\":{\"@id\":\"https:\/\/vincentians.com\/es\/noticias-de-j-m-v-en-el-mundo\/#primaryimage\"},\"thumbnailUrl\":\"\",\"keywords\":[\"Argel\"],\"articleSection\":[\"Juventudes Marianas Vicencianas\"],\"inLanguage\":\"es\",\"potentialAction\":[{\"@type\":\"CommentAction\",\"name\":\"Comment\",\"target\":[\"https:\/\/vincentians.com\/es\/noticias-de-j-m-v-en-el-mundo\/#respond\"]}]},{\"@type\":\"WebPage\",\"@id\":\"https:\/\/vincentians.com\/es\/noticias-de-j-m-v-en-el-mundo\/\",\"url\":\"https:\/\/vincentians.com\/es\/noticias-de-j-m-v-en-el-mundo\/\",\"name\":\"Noticias de J.M.V. en el mundo - Somos Vicencianos\",\"isPartOf\":{\"@id\":\"https:\/\/vincentians.com\/es\/#website\"},\"primaryImageOfPage\":{\"@id\":\"https:\/\/vincentians.com\/es\/noticias-de-j-m-v-en-el-mundo\/#primaryimage\"},\"image\":{\"@id\":\"https:\/\/vincentians.com\/es\/noticias-de-j-m-v-en-el-mundo\/#primaryimage\"},\"thumbnailUrl\":\"\",\"datePublished\":\"2012-01-05T05:15:27+00:00\",\"breadcrumb\":{\"@id\":\"https:\/\/vincentians.com\/es\/noticias-de-j-m-v-en-el-mundo\/#breadcrumb\"},\"inLanguage\":\"es\",\"potentialAction\":[{\"@type\":\"ReadAction\",\"target\":[\"https:\/\/vincentians.com\/es\/noticias-de-j-m-v-en-el-mundo\/\"]}]},{\"@type\":\"ImageObject\",\"inLanguage\":\"es\",\"@id\":\"https:\/\/vincentians.com\/es\/noticias-de-j-m-v-en-el-mundo\/#primaryimage\",\"url\":\"\",\"contentUrl\":\"\"},{\"@type\":\"BreadcrumbList\",\"@id\":\"https:\/\/vincentians.com\/es\/noticias-de-j-m-v-en-el-mundo\/#breadcrumb\",\"itemListElement\":[{\"@type\":\"ListItem\",\"position\":1,\"name\":\"Portada\",\"item\":\"https:\/\/vincentians.com\/es\/\"},{\"@type\":\"ListItem\",\"position\":2,\"name\":\"Noticias de J.M.V. en el mundo\"}]},{\"@type\":\"WebSite\",\"@id\":\"https:\/\/vincentians.com\/es\/#website\",\"url\":\"https:\/\/vincentians.com\/es\/\",\"name\":\"Somos Vicencianos\",\"description\":\"Know more to serve more\",\"publisher\":{\"@id\":\"https:\/\/vincentians.com\/es\/#organization\"},\"potentialAction\":[{\"@type\":\"SearchAction\",\"target\":{\"@type\":\"EntryPoint\",\"urlTemplate\":\"https:\/\/vincentians.com\/es\/?s={search_term_string}\"},\"query-input\":{\"@type\":\"PropertyValueSpecification\",\"valueRequired\":true,\"valueName\":\"search_term_string\"}}],\"inLanguage\":\"es\"},{\"@type\":\"Organization\",\"@id\":\"https:\/\/vincentians.com\/es\/#organization\",\"name\":\"The Vincentian Network\",\"url\":\"https:\/\/vincentians.com\/es\/\",\"logo\":{\"@type\":\"ImageObject\",\"inLanguage\":\"es\",\"@id\":\"https:\/\/vincentians.com\/es\/#\/schema\/logo\/image\/\",\"url\":\"https:\/\/i1.wp.com\/vincentians.com\/es\/wp-content\/uploads\/sites\/11\/2016\/06\/Vincentian-Network-logo-big.png?fit=778%2C778\",\"contentUrl\":\"https:\/\/i1.wp.com\/vincentians.com\/es\/wp-content\/uploads\/sites\/11\/2016\/06\/Vincentian-Network-logo-big.png?fit=778%2C778\",\"width\":778,\"height\":778,\"caption\":\"The Vincentian Network\"},\"image\":{\"@id\":\"https:\/\/vincentians.com\/es\/#\/schema\/logo\/image\/\"},\"sameAs\":[\"https:\/\/www.facebook.com\/WeAreVincentians\/\",\"https:\/\/x.com\/WeVincentians\"]},{\"@type\":\"Person\",\"@id\":\"https:\/\/vincentians.com\/es\/#\/schema\/person\/9623ef4d9aa3b2dfb8c061f1499288f2\",\"name\":\"Francisco Javier Fern\u00e1ndez Chento\",\"image\":{\"@type\":\"ImageObject\",\"inLanguage\":\"es\",\"@id\":\"https:\/\/vincentians.com\/es\/#\/schema\/person\/image\/\",\"url\":\"https:\/\/secure.gravatar.com\/avatar\/497d5cde87b4c3d097d0315953521681ba2cd523ee66e5077c3711f7021e65de?s=96&d=mm&r=g\",\"contentUrl\":\"https:\/\/secure.gravatar.com\/avatar\/497d5cde87b4c3d097d0315953521681ba2cd523ee66e5077c3711f7021e65de?s=96&d=mm&r=g\",\"caption\":\"Francisco Javier Fern\u00e1ndez Chento\"},\"description\":\"Director General y cofundador de La Red de Formaci\u00f3n Vicenciana. Javier es laico vicenciano, afiliado a la Congregaci\u00f3n de la Misi\u00f3n y miembro del Equipo de Misiones Populares de la provincia can\u00f3nica de Zaragoza (Espa\u00f1a) de la Congregaci\u00f3n de la Misi\u00f3n. Graduado en la Universidad Oberta de Catalunya con cuatro grados (Asistente de direcci\u00f3n, Gesti\u00f3n Administrativa, Recursos Humanos y Contabilidad Avanzada). Bil\u00edng\u00fce Espa\u00f1ol\/Ingl\u00e9s. gestiona y mantiene varias p\u00e1ginas web cristianas y vicencianas, incluida including La Red de Formaci\u00f3n Vicenciana, de la que es cofundador. Actualmente es responsable del \u00e1rea de Espa\u00f1ol de .famvin, la Red de Noticias de la Familia Vicenciana. Tambi\u00e9n es m\u00fasico cat\u00f3lico y ha editado varios discos. Es Director General y cofundador de Trovador, una reconocida compa\u00f1\u00eda discogr\u00e1fica critiana de Espa\u00f1a. Trabaja en las Tecnolog\u00edas de la Informaci\u00f3n, ofreciendo servicios de alojamiento, dise\u00f1o y mantenimiento Web, as\u00ed como asesoramiento, formaci\u00f3n y soluciones inform\u00e1ticas, gesti\u00f3n documental y digitalizaci\u00f3n de textos, edici\u00f3n y maquetaci\u00f3n de libros, revistas, flyers, etc.\",\"sameAs\":[\"http:\/\/chento.org\",\"https:\/\/www.facebook.com\/JavierChento\",\"https:\/\/x.com\/https:\/\/twitter.com\/javierchento\"],\"url\":\"https:\/\/vincentians.com\/es\/author\/chento\/\"}]}<\/script>\n<!-- \/ Yoast SEO plugin. -->","yoast_head_json":{"title":"Noticias de J.M.V. en el mundo - Somos Vicencianos","robots":{"index":"index","follow":"follow","max-snippet":"max-snippet:-1","max-image-preview":"max-image-preview:large","max-video-preview":"max-video-preview:-1"},"canonical":"https:\/\/vincentians.com\/es\/noticias-de-j-m-v-en-el-mundo\/","og_locale":"es_ES","og_type":"article","og_title":"Noticias de J.M.V. en el mundo - Somos Vicencianos","og_description":"Am\u00e9rica Brasil: Con la aprobaci\u00f3n de sus Estatutos Nacionales y con el fin de unificar la nomenclatura con los dem\u00e1s pa\u00edses lus\u00f3fonos, la Asociaci\u00f3n pasa a llamarse Juventude \u00abMariana\u00bb Vicentina y no \u00abMarial\u00bb. En\u00a0 noviembre, ... Read More","og_url":"https:\/\/vincentians.com\/es\/noticias-de-j-m-v-en-el-mundo\/","og_site_name":"Somos Vicencianos","article_publisher":"https:\/\/www.facebook.com\/WeAreVincentians\/","article_author":"https:\/\/www.facebook.com\/JavierChento","article_published_time":"2012-01-05T05:15:27+00:00","author":"Francisco Javier Fern\u00e1ndez Chento","twitter_card":"summary_large_image","twitter_creator":"@https:\/\/twitter.com\/javierchento","twitter_site":"@WeVincentians","twitter_misc":{"Escrito por":"Francisco Javier Fern\u00e1ndez Chento","Tiempo de lectura":"5 minutos"},"schema":{"@context":"https:\/\/schema.org","@graph":[{"@type":"Article","@id":"https:\/\/vincentians.com\/es\/noticias-de-j-m-v-en-el-mundo\/#article","isPartOf":{"@id":"https:\/\/vincentians.com\/es\/noticias-de-j-m-v-en-el-mundo\/"},"author":{"name":"Francisco Javier Fern\u00e1ndez Chento","@id":"https:\/\/vincentians.com\/es\/#\/schema\/person\/9623ef4d9aa3b2dfb8c061f1499288f2"},"headline":"Noticias de J.M.V. en el mundo","datePublished":"2012-01-05T05:15:27+00:00","mainEntityOfPage":{"@id":"https:\/\/vincentians.com\/es\/noticias-de-j-m-v-en-el-mundo\/"},"wordCount":976,"commentCount":0,"publisher":{"@id":"https:\/\/vincentians.com\/es\/#organization"},"image":{"@id":"https:\/\/vincentians.com\/es\/noticias-de-j-m-v-en-el-mundo\/#primaryimage"},"thumbnailUrl":"","keywords":["Argel"],"articleSection":["Juventudes Marianas Vicencianas"],"inLanguage":"es","potentialAction":[{"@type":"CommentAction","name":"Comment","target":["https:\/\/vincentians.com\/es\/noticias-de-j-m-v-en-el-mundo\/#respond"]}]},{"@type":"WebPage","@id":"https:\/\/vincentians.com\/es\/noticias-de-j-m-v-en-el-mundo\/","url":"https:\/\/vincentians.com\/es\/noticias-de-j-m-v-en-el-mundo\/","name":"Noticias de J.M.V. en el mundo - Somos Vicencianos","isPartOf":{"@id":"https:\/\/vincentians.com\/es\/#website"},"primaryImageOfPage":{"@id":"https:\/\/vincentians.com\/es\/noticias-de-j-m-v-en-el-mundo\/#primaryimage"},"image":{"@id":"https:\/\/vincentians.com\/es\/noticias-de-j-m-v-en-el-mundo\/#primaryimage"},"thumbnailUrl":"","datePublished":"2012-01-05T05:15:27+00:00","breadcrumb":{"@id":"https:\/\/vincentians.com\/es\/noticias-de-j-m-v-en-el-mundo\/#breadcrumb"},"inLanguage":"es","potentialAction":[{"@type":"ReadAction","target":["https:\/\/vincentians.com\/es\/noticias-de-j-m-v-en-el-mundo\/"]}]},{"@type":"ImageObject","inLanguage":"es","@id":"https:\/\/vincentians.com\/es\/noticias-de-j-m-v-en-el-mundo\/#primaryimage","url":"","contentUrl":""},{"@type":"BreadcrumbList","@id":"https:\/\/vincentians.com\/es\/noticias-de-j-m-v-en-el-mundo\/#breadcrumb","itemListElement":[{"@type":"ListItem","position":1,"name":"Portada","item":"https:\/\/vincentians.com\/es\/"},{"@type":"ListItem","position":2,"name":"Noticias de J.M.V. en el mundo"}]},{"@type":"WebSite","@id":"https:\/\/vincentians.com\/es\/#website","url":"https:\/\/vincentians.com\/es\/","name":"Somos Vicencianos","description":"Know more to serve more","publisher":{"@id":"https:\/\/vincentians.com\/es\/#organization"},"potentialAction":[{"@type":"SearchAction","target":{"@type":"EntryPoint","urlTemplate":"https:\/\/vincentians.com\/es\/?s={search_term_string}"},"query-input":{"@type":"PropertyValueSpecification","valueRequired":true,"valueName":"search_term_string"}}],"inLanguage":"es"},{"@type":"Organization","@id":"https:\/\/vincentians.com\/es\/#organization","name":"The Vincentian Network","url":"https:\/\/vincentians.com\/es\/","logo":{"@type":"ImageObject","inLanguage":"es","@id":"https:\/\/vincentians.com\/es\/#\/schema\/logo\/image\/","url":"https:\/\/i1.wp.com\/vincentians.com\/es\/wp-content\/uploads\/sites\/11\/2016\/06\/Vincentian-Network-logo-big.png?fit=778%2C778","contentUrl":"https:\/\/i1.wp.com\/vincentians.com\/es\/wp-content\/uploads\/sites\/11\/2016\/06\/Vincentian-Network-logo-big.png?fit=778%2C778","width":778,"height":778,"caption":"The Vincentian Network"},"image":{"@id":"https:\/\/vincentians.com\/es\/#\/schema\/logo\/image\/"},"sameAs":["https:\/\/www.facebook.com\/WeAreVincentians\/","https:\/\/x.com\/WeVincentians"]},{"@type":"Person","@id":"https:\/\/vincentians.com\/es\/#\/schema\/person\/9623ef4d9aa3b2dfb8c061f1499288f2","name":"Francisco Javier Fern\u00e1ndez Chento","image":{"@type":"ImageObject","inLanguage":"es","@id":"https:\/\/vincentians.com\/es\/#\/schema\/person\/image\/","url":"https:\/\/secure.gravatar.com\/avatar\/497d5cde87b4c3d097d0315953521681ba2cd523ee66e5077c3711f7021e65de?s=96&d=mm&r=g","contentUrl":"https:\/\/secure.gravatar.com\/avatar\/497d5cde87b4c3d097d0315953521681ba2cd523ee66e5077c3711f7021e65de?s=96&d=mm&r=g","caption":"Francisco Javier Fern\u00e1ndez Chento"},"description":"Director General y cofundador de La Red de Formaci\u00f3n Vicenciana. Javier es laico vicenciano, afiliado a la Congregaci\u00f3n de la Misi\u00f3n y miembro del Equipo de Misiones Populares de la provincia can\u00f3nica de Zaragoza (Espa\u00f1a) de la Congregaci\u00f3n de la Misi\u00f3n. Graduado en la Universidad Oberta de Catalunya con cuatro grados (Asistente de direcci\u00f3n, Gesti\u00f3n Administrativa, Recursos Humanos y Contabilidad Avanzada). Bil\u00edng\u00fce Espa\u00f1ol\/Ingl\u00e9s. gestiona y mantiene varias p\u00e1ginas web cristianas y vicencianas, incluida including La Red de Formaci\u00f3n Vicenciana, de la que es cofundador. Actualmente es responsable del \u00e1rea de Espa\u00f1ol de .famvin, la Red de Noticias de la Familia Vicenciana. Tambi\u00e9n es m\u00fasico cat\u00f3lico y ha editado varios discos. Es Director General y cofundador de Trovador, una reconocida compa\u00f1\u00eda discogr\u00e1fica critiana de Espa\u00f1a. Trabaja en las Tecnolog\u00edas de la Informaci\u00f3n, ofreciendo servicios de alojamiento, dise\u00f1o y mantenimiento Web, as\u00ed como asesoramiento, formaci\u00f3n y soluciones inform\u00e1ticas, gesti\u00f3n documental y digitalizaci\u00f3n de textos, edici\u00f3n y maquetaci\u00f3n de libros, revistas, flyers, etc.","sameAs":["http:\/\/chento.org","https:\/\/www.facebook.com\/JavierChento","https:\/\/x.com\/https:\/\/twitter.com\/javierchento"],"url":"https:\/\/vincentians.com\/es\/author\/chento\/"}]}},"jetpack_publicize_connections":[],"jetpack_featured_media_url":"","jetpack_sharing_enabled":true,"jetpack_shortlink":"https:\/\/wp.me\/p7ETMF-fdi","jetpack-related-posts":[{"id":48119,"url":"https:\/\/vincentians.com\/es\/primera-asamblea-general-de-la-juventud-mariana-vicentina-documento-final\/","url_meta":{"origin":58484,"position":0},"title":"Primera asamblea general de la juventud mariana vicentina. Documento Final","author":"Francisco Javier Fern\u00e1ndez Chento","date":"17\/08\/2011","format":false,"excerpt":"Roma, 8-12 de agosto de 2000 Un sue\u00f1o que se transforma en realidad... Despu\u00e9s de dos a\u00f1os de preparaci\u00f3n, de asiduo trabajo y de reflexi\u00f3n, hemos llegado a la Primera Asamblea General de JMV. Durante cinco d\u00edas pudimos compartir momentos intensos de oraci\u00f3n, de estudio, de reflexi\u00f3n y de convivencia,\u2026","rel":"","context":"En \u00abDocumentos de Juventudes Marianas Vicencianas\u00bb","block_context":{"text":"Documentos de Juventudes Marianas Vicencianas","link":"https:\/\/vincentians.com\/es\/category\/formacion-vicenciana\/documentos-oficiales-de-la-familia-vicenciana\/documentos-de-juventudes-marianas-vicencianas\/"},"img":{"alt_text":"","src":"https:\/\/i0.wp.com\/vicencianos.org\/wp-content\/2011\/04\/jmv-188x300.jpg?resize=350%2C200","width":350,"height":200},"classes":[]},{"id":14382,"url":"https:\/\/vincentians.com\/es\/caridad-y-mision-en-la-experiencia-de-juventudes-marianas-vicencianas-audio\/","url_meta":{"origin":58484,"position":1},"title":"Caridad y Misi\u00f3n en la experiencia de Juventudes Marianas Vicencianas (audio)","author":"Francisco Javier Fern\u00e1ndez Chento","date":"15\/10\/2023","format":false,"excerpt":"Irune Fern\u00e1ndez, presidenta de JMV Espa\u00f1a y secretaria de la Coordinadora Nacional de Familia Vicenciana, es profesora de educaci\u00f3n especial en el colegio de San Jos\u00e9 de Astillero (Cantabria). Presenta el pasado, presente y futuro de Juventudes Marianas Vicencianas. La Asociaci\u00f3n de Hijos e Hijas de Mar\u00eda, que hoy se\u2026","rel":"","context":"En \u00abFormaci\u00f3n Vicenciana\u00bb","block_context":{"text":"Formaci\u00f3n Vicenciana","link":"https:\/\/vincentians.com\/es\/category\/formacion-vicenciana\/"},"img":{"alt_text":"","src":"https:\/\/i0.wp.com\/vincentians.com\/es\/wp-content\/uploads\/sites\/11\/2013\/04\/f-8-scaled.jpg?fit=1200%2C570&ssl=1&resize=350%2C200","width":350,"height":200,"srcset":"https:\/\/i0.wp.com\/vincentians.com\/es\/wp-content\/uploads\/sites\/11\/2013\/04\/f-8-scaled.jpg?fit=1200%2C570&ssl=1&resize=350%2C200 1x, https:\/\/i0.wp.com\/vincentians.com\/es\/wp-content\/uploads\/sites\/11\/2013\/04\/f-8-scaled.jpg?fit=1200%2C570&ssl=1&resize=525%2C300 1.5x, https:\/\/i0.wp.com\/vincentians.com\/es\/wp-content\/uploads\/sites\/11\/2013\/04\/f-8-scaled.jpg?fit=1200%2C570&ssl=1&resize=700%2C400 2x, https:\/\/i0.wp.com\/vincentians.com\/es\/wp-content\/uploads\/sites\/11\/2013\/04\/f-8-scaled.jpg?fit=1200%2C570&ssl=1&resize=1050%2C600 3x"},"classes":[]},{"id":132875,"url":"https:\/\/vincentians.com\/es\/estatutos-de-misevi-en-colombia\/","url_meta":{"origin":58484,"position":2},"title":"Estatutos de MISEVI en Colombia","author":"Francisco Javier Fern\u00e1ndez Chento","date":"17\/12\/2014","format":false,"excerpt":"CONREGAZIONE DELLA MISSIONE Cuna Generaiizia Roma 27 de abril 2005 Padre Gabriel NARANJO SALAZAR, CM Visitador Bogot\u00e1 Querido Gabriel: \u00a1Que la gracia y la paz del Se\u00f1or Jesucristo llenen tu coraz\u00f3n ahora y siempre! Por medio de la presente quiero felicitarte a Ti y en tu nombre, a los miembros\u2026","rel":"","context":"En \u00abDocumentos de Misioneros Seglares Vicencianos\u00bb","block_context":{"text":"Documentos de Misioneros Seglares Vicencianos","link":"https:\/\/vincentians.com\/es\/category\/formacion-vicenciana\/documentos-oficiales-de-la-familia-vicenciana\/documentos-de-misioneros-seglares-vicencianos\/"},"img":{"alt_text":"misevi_colombia","src":"https:\/\/i0.wp.com\/vicencianos.org\/wp-content\/2014\/12\/misevi_colombia-175x300.jpg?resize=350%2C200","width":350,"height":200},"classes":[]},{"id":29225,"url":"https:\/\/vincentians.com\/es\/circular-del-padre-gregory-gay-c-m-director-general-de-jmv\/","url_meta":{"origin":58484,"position":3},"title":"Circular del padre Gregory Gay, C.M., Director General de JMV","author":"Francisco Javier Fern\u00e1ndez Chento","date":"09\/02\/2011","format":false,"excerpt":"Roma, 2 de febrero 2011 Fiesta de la Presentaci\u00f3n del Se\u00f1or en el Templo Queridos hermanos y hermanas de la Familia Vicenciana, \u00a1Que la Gracia y la Paz de Nuestro Se\u00f1or Jesucristo llenen sus corazones ahora y siempre! Les escribo como Director General de la Juventud Mariana Vicenciana. La Asociaci\u00f3n\u2026","rel":"","context":"En \u00abJuventudes Marianas Vicencianas\u00bb","block_context":{"text":"Juventudes Marianas Vicencianas","link":"https:\/\/vincentians.com\/es\/category\/la-familia-vicenciana\/ramas\/juventudes-marianas-vicencianas\/"},"img":{"alt_text":"Logo JMV","src":"https:\/\/i0.wp.com\/vicencianos.org\/wp-content\/2011\/02\/JMV_logo-225x300.jpg?resize=350%2C200","width":350,"height":200},"classes":[]},{"id":53417,"url":"https:\/\/vincentians.com\/es\/estatutos-de-la-asociacion-internacional-de-la-juventud-mariana-vicenciana\/","url_meta":{"origin":58484,"position":4},"title":"Estatutos de la Asociaci\u00f3n Internacional de la Juventud Mariana Vicenciana","author":"Francisco Javier Fern\u00e1ndez Chento","date":"05\/05\/2019","format":false,"excerpt":"Identidad 1. La Asociaci\u00f3n Internacional de la Juventud Mariana Vicenciana es la renovaci\u00f3n de la Asociaci\u00f3n de Hijas e Hijos de Mar\u00eda Inmaculada que tuvo su origen en las Apariciones de la Virgen Mar\u00eda a Santa Catalina Labour\u00e9 en 1830. 2. La Asociaci\u00f3n de Hijas e Hijos de Mar\u00eda fue\u2026","rel":"","context":"En \u00abDocumentos de Juventudes Marianas Vicencianas\u00bb","block_context":{"text":"Documentos de Juventudes Marianas Vicencianas","link":"https:\/\/vincentians.com\/es\/category\/formacion-vicenciana\/documentos-oficiales-de-la-familia-vicenciana\/documentos-de-juventudes-marianas-vicencianas\/"},"img":{"alt_text":"","src":"https:\/\/i0.wp.com\/vincentians.com\/es\/wp-content\/uploads\/sites\/11\/2016\/08\/luisa-y-vicente-con-ninyos.jpg?fit=1200%2C630&ssl=1&resize=350%2C200","width":350,"height":200,"srcset":"https:\/\/i0.wp.com\/vincentians.com\/es\/wp-content\/uploads\/sites\/11\/2016\/08\/luisa-y-vicente-con-ninyos.jpg?fit=1200%2C630&ssl=1&resize=350%2C200 1x, https:\/\/i0.wp.com\/vincentians.com\/es\/wp-content\/uploads\/sites\/11\/2016\/08\/luisa-y-vicente-con-ninyos.jpg?fit=1200%2C630&ssl=1&resize=525%2C300 1.5x, https:\/\/i0.wp.com\/vincentians.com\/es\/wp-content\/uploads\/sites\/11\/2016\/08\/luisa-y-vicente-con-ninyos.jpg?fit=1200%2C630&ssl=1&resize=700%2C400 2x, https:\/\/i0.wp.com\/vincentians.com\/es\/wp-content\/uploads\/sites\/11\/2016\/08\/luisa-y-vicente-con-ninyos.jpg?fit=1200%2C630&ssl=1&resize=1050%2C600 3x"},"classes":[]},{"id":32785,"url":"https:\/\/vincentians.com\/es\/j-m-v-fechas-importantes\/","url_meta":{"origin":58484,"position":5},"title":"J.M.V.: Fechas importantes","author":"Francisco Javier Fern\u00e1ndez Chento","date":"02\/04\/2011","format":false,"excerpt":"Juventudes Marianas Vicentinas Hijos e Hijas de Mar\u00eda JMV-HHM NUESTRO ORIGEN FECHAS IMPORTANTES \u00a0 1581 24 de Abril Nace en Pouy (Francia), San Vicente de Pa\u00fal, el futuro fundador de la Congregaci\u00f3n de la Misi\u00f3n y de las Hijas de la Caridad. 1600 23 de Septiembre El Joven Vicente de\u2026","rel":"","context":"En \u00abJuventudes Marianas Vicencianas\u00bb","block_context":{"text":"Juventudes Marianas Vicencianas","link":"https:\/\/vincentians.com\/es\/category\/la-familia-vicenciana\/ramas\/juventudes-marianas-vicencianas\/"},"img":{"alt_text":"","src":"","width":0,"height":0},"classes":[]}],"_links":{"self":[{"href":"https:\/\/vincentians.com\/es\/wp-json\/wp\/v2\/posts\/58484","targetHints":{"allow":["GET"]}}],"collection":[{"href":"https:\/\/vincentians.com\/es\/wp-json\/wp\/v2\/posts"}],"about":[{"href":"https:\/\/vincentians.com\/es\/wp-json\/wp\/v2\/types\/post"}],"author":[{"embeddable":true,"href":"https:\/\/vincentians.com\/es\/wp-json\/wp\/v2\/users\/4"}],"replies":[{"embeddable":true,"href":"https:\/\/vincentians.com\/es\/wp-json\/wp\/v2\/comments?post=58484"}],"version-history":[{"count":0,"href":"https:\/\/vincentians.com\/es\/wp-json\/wp\/v2\/posts\/58484\/revisions"}],"wp:featuredmedia":[{"embeddable":true,"href":"https:\/\/vincentians.com\/es\/wp-json\/"}],"wp:attachment":[{"href":"https:\/\/vincentians.com\/es\/wp-json\/wp\/v2\/media?parent=58484"}],"wp:term":[{"taxonomy":"category","embeddable":true,"href":"https:\/\/vincentians.com\/es\/wp-json\/wp\/v2\/categories?post=58484"},{"taxonomy":"post_tag","embeddable":true,"href":"https:\/\/vincentians.com\/es\/wp-json\/wp\/v2\/tags?post=58484"}],"curies":[{"name":"wp","href":"https:\/\/api.w.org\/{rel}","templated":true}]}}