{"id":57546,"date":"2015-04-04T08:55:55","date_gmt":"2015-04-04T06:55:55","guid":{"rendered":"http:\/\/somos.vicencianos.org\/blog\/2012\/01\/monsieur-puget-un-paul-demasiado-tiempo-olvidado\/"},"modified":"2015-04-04T08:55:55","modified_gmt":"2015-04-04T06:55:55","slug":"monsieur-pouget-un-paul-demasiado-tiempo-olvidado","status":"publish","type":"post","link":"https:\/\/vincentians.com\/es\/monsieur-pouget-un-paul-demasiado-tiempo-olvidado\/","title":{"rendered":"Monsieur Pouget, un pa\u00fal demasiado tiempo olvidado"},"content":{"rendered":"<p><a href=\"https:\/\/i0.wp.com\/vicencianos.org\/wp-content\/2012\/01\/pouget_01.jpg\"><img data-recalc-dims=\"1\" loading=\"lazy\" decoding=\"async\" class=\"alignright size-medium wp-image-57547\" title=\"Bolet\u00edn Informativo Noviembre-Diciembre 2011\" src=\"https:\/\/i0.wp.com\/vicencianos.org\/wp-content\/2012\/01\/pouget_01-294x300.jpg?resize=294%2C300\" alt=\"\" width=\"294\" height=\"300\" \/><\/a>En el mes de enero del a\u00f1o 1933, Guillaume Pouget, sacerdote de la Congregaci\u00f3n de la Misi\u00f3n de San Vicente de Pa\u00fal, acudi\u00f3 a visitar al ilustre fil\u00f3sofo Henri Bergson en su casa cerca de la Porte d\u2019Auteuil. El encuentro entre estas dos personalidades reflejaba m\u00e1s contradicciones que similitudes.<\/p>\n<p>Pouget, un hombre desconocido, ha cumplido ya 85 a\u00f1os y est\u00e1 ciego desde hace 25 a\u00f1os. En contraposici\u00f3n, H. Bergson es considerado y aclamado como el mayor fil\u00f3sofo vivo de Francia y en 1927 hab\u00eda obtenido el Nobel de Literatura, premio que no pudo recoger en persona por encontrarse totalmente tullido y paralizado debido a un grave reumatismo degenerativo. Jacques Chevalier, un amigo de ambas personalidades, hab\u00eda concertado este encuentro. Sin duda, el mayor inter\u00e9s en esta cita reca\u00eda del lado del P. Pouget, quien ya en 1907, cuando todav\u00eda su ojo izquierdo le permit\u00eda leer algo, se hab\u00eda entusiasmado con la obra de Bergson <em>La evoluci\u00f3n creadora.<\/em><\/p>\n<p>\u00bfDe qu\u00e9 hablaron estas dos personas tan aparentemente extra\u00f1as entre s\u00ed, sometidas ambas a su propia invalidez? En su op\u00fasculo <em>Bergson et le P\u00e8re Pouget, <\/em>Chevalier nos ha trasmitido la impresi\u00f3n del gran fil\u00f3sofo sobre la persona del humilde lazarista:<\/p>\n<p style=\"padding-left: 30px\"><em>Me dej\u00f3 una impresi\u00f3n \u00fanica. Cuando uno piensa en un hombre as\u00ed y en una vida as\u00ed, es triste creer que un tal hombre no haya sido ponderado y no haya sido colocado en el lugar que le corresponde. El P. Pouget me trasmiti\u00f3, m\u00e1s que ninguna otra persona<\/em>, <em>la impresi\u00f3n de una elevaci\u00f3n de esp\u00edritu y de un alma que conmueven. Junto a \u00e9l uno siente la solidez de la roca que permite acometer audacias leg\u00edtimas. Mi hija se qued\u00f3 arrobada por su extraordinario coraje. Mi mujer dec\u00eda que su palabra embelesaba. Parec\u00eda que \u00e9l no hab\u00eda tenido que hacer ning\u00fan esfuerzo para ser santo.<\/em><\/p>\n<p>Un mes despu\u00e9s de este encuentro, el P. Guillaume Pouget mor\u00eda (24-II-1933) en el aposento de la Maison M\u00e8re de los lazaristas, Rue de S\u00e8vres, 95. El funeral se celebr\u00f3 en la iglesia de San Vicente y la gran sorpresa de esta despedida f\u00fanebre surge de la presencia de numerosos intelectuales de Par\u00eds que, al margen de sus hermanos de religi\u00f3n, consideran que con Monsieur Pouget se les iba un maestro excelso, un padre de su pensamiento y un intelectual eminente. Uno de estos personajes asistentes, Emmanuel Mounier, recuerda esta despedida funeraria:<\/p>\n<p style=\"padding-left: 30px\"><em>Ayer despedimos a nuestro viejo amigo Monsieur Pouget. Se nos coloc\u00f3 detr\u00e1s del altar, como un cortejo invisible, tras una larga cola de los suyos y, al final, Monsieur Pouget, en un f\u00e9retro blanco cubierto por un manto aparatoso. La pobreza de un hombre en la gloria de la iglesia<\/em>.<\/p>\n<p>En aquel entierro estaban presentes la gran parte de los visitantes asiduos de la habitaci\u00f3n 104, piso 2\u00ba. Sobre todo, los integrantes del <em>Groupement du travail en commun, <\/em>compuesto por varias decenas de j\u00f3venes pensadores del floreciente catolicismo franc\u00e9s, la mayor parte de ellos profesores o alumnos de L\u2019Ecole Normale Sup\u00e9rieure, que se proclamaban oyentes devotos del P. Pouget. Gracias a este grupo de escritores y profesores, el gran poeta Paul Claudel no tuvo reparos en denominar al P. Pouget <em>S\u00f3crates moderno<\/em>.<\/p>\n<p>De aquel difunto y de aquel d\u00eda, nos queda una mascarilla del rostro de M. Pouget encargada por Jean Guitton, uno de sus m\u00e1s \u00edntimos seguidores:<\/p>\n<p style=\"padding-left: 30px\"><em>En la noche, posterior a su muerte, corr\u00ed a lo largo del Boulevard Montparnasse, en busca de un modelista, con el permiso del P. Superior, ya que un religioso se halla siempre despose\u00eddo de todo, incluso de sus rasgos faciales. Quiz\u00e1s se consigui\u00f3 el m\u00e1s hermoso vaciado posible, debido a ese agujero de la \u00f3rbita derecha que daba el aspecto, no de un durmiente, sino de un vidente. La contemplaci\u00f3n de M. Pouget en los d\u00edas de mi juventud, me ha hecho comprender, con emoci\u00f3n, que las dos peque\u00f1as hendiduras, bajo la arcada de las cejas, son los dos \u00fanicos pasajes por donde se filtraba hacia nosotros el espacio, el conocimiento y la luz. (Dialogues avec Monsieur Pouget).<\/em><\/p>\n<p><a href=\"https:\/\/i0.wp.com\/vicencianos.org\/wp-content\/2012\/01\/pouget_02.jpg\"><img data-recalc-dims=\"1\" loading=\"lazy\" decoding=\"async\" class=\"alignleft size-medium wp-image-57549\" title=\"Bolet\u00edn Informativo Noviembre-Diciembre 2011\" src=\"https:\/\/i0.wp.com\/vicencianos.org\/wp-content\/2012\/01\/pouget_02-245x300.jpg?resize=245%2C300\" alt=\"\" width=\"245\" height=\"300\" \/><\/a>Terminado el entierro todo pareci\u00f3 desvanecerse. Aquella habitaci\u00f3n 104, hervidero de intelectualidad, nido de saber y fontana de aprendizaje, se qued\u00f3 desmantelada a los pocos d\u00edas, seg\u00fan Guitton. Los libros de M. Pouget, sus escritos, manuscritos o mecanografiados, fueron confiados al bibliotecario o al superior de la comunidad. El resto de sus pertenencias (la desvencijada m\u00e1quina de escribir Hispano-Olivetti, el encerado donde Pouget tanteaba su escritura en hebreo, la gastada y malherida vestimenta) se abri\u00f3 camino hacia el trastero. La memoria de Pouget, parec\u00eda condenada a extinguirse.<\/p>\n<p>Los hermanos de la Congregaci\u00f3n no sospecharon, entonces, la riqueza intelectual de uno de los suyos, que partiendo de su primigenia dedicaci\u00f3n a las ciencias f\u00edsicas y biol\u00f3gicas, lleg\u00f3 a dominar, como nadie, el esp\u00edritu cr\u00edtico de la \u00e9poca y aplicarlo a la teolog\u00eda y a la Sagrada Escritura.<\/p>\n<p>En el umbral de su ceguera, Pouget se hab\u00eda aprendido de memoria gran parte del Antiguo Testamento en hebreo y todo el Nuevo Testamento en lat\u00edn. Durante unos a\u00f1os, dedic\u00f3 su saber b\u00edblico a la tarea de profesor de Teolog\u00eda y de Sagrada Escritura en el seminario mayor de la Congregaci\u00f3n.<\/p>\n<p>La oleada modernista no le hizo sucumbir, aunque le carg\u00f3 de sospechas cuando Loisy, el padre del modernismo teol\u00f3gico, antes de ser condenado, expres\u00f3 una actitud laudatoria hacia M. Pouget, aludiendo a una carta que el casi ciego lazarista le hab\u00eda remitido. Ante el acecho de sospechas, Pouget fue apartado de la ense\u00f1anza teol\u00f3gica. Este hecho, unido a la ceguera, fatalmente avanzada, terminaron por recluirlo entre los muros de la celda.<\/p>\n<p>Sin embargo, con el respeto a sus superiores y con su fidelidad a la iglesia, el P. Pouget no ces\u00f3 de estudiar la teolog\u00eda y la Escritura desde el enfoque de un esp\u00edritu a la vez cr\u00edtico y sumiso.<\/p>\n<div id=\"attachment_57551\" style=\"width: 574px\" class=\"wp-caption alignnone\"><a href=\"https:\/\/i0.wp.com\/vicencianos.org\/wp-content\/2012\/01\/pouget_03.jpg\"><img data-recalc-dims=\"1\" loading=\"lazy\" decoding=\"async\" aria-describedby=\"caption-attachment-57551\" class=\" wp-image-57551\" title=\"Bolet\u00edn Informativo Noviembre-Diciembre 2011\" src=\"https:\/\/i0.wp.com\/vicencianos.org\/wp-content\/2012\/01\/pouget_03-1024x768.jpg?resize=564%2C423\" alt=\"\" width=\"564\" height=\"423\" \/><\/a><p id=\"caption-attachment-57551\" class=\"wp-caption-text\">Henri Bergson y Jean Guitton, dos personas claves en la vida de Monsieur Pouget<\/p><\/div>\n<p>En la oscuridad de su celda, sus incursiones en los textos del Viejo y del Nuevo Testamento buscaron sin cesar la conjunci\u00f3n entre raz\u00f3n y fe.<\/p>\n<p>El profesor Jacques Chevalier fue uno de los primeros en recibir el eco proveniente de aquel ciego lazarista. Pronto los escasos metros cuadrados de la habitaci\u00f3n 104 se ensancharon por todo Par\u00eds hasta convertirse en recuerdo y lugar de privilegio para los numerosos intelectuales inquietos, nacidos entre los vaivenes modernistas y el cobijo de la filosof\u00eda de Bergson.<\/p>\n<p><a href=\"https:\/\/i0.wp.com\/vicencianos.org\/wp-content\/2012\/01\/pouget_04.jpg\"><img data-recalc-dims=\"1\" loading=\"lazy\" decoding=\"async\" class=\"alignright size-large wp-image-57548\" title=\"Bolet\u00c3\u00edn Informativo Noviembre-Diciembre 2011\" src=\"https:\/\/i0.wp.com\/vicencianos.org\/wp-content\/2012\/01\/pouget_04-340x1024.jpg?resize=340%2C1024\" alt=\"\" width=\"340\" height=\"1024\" \/><\/a>A trav\u00e9s de este fecundo grupo del catolicismo franc\u00e9s, la figura de Pouget se engrandece despu\u00e9s de su muerte. En revistas, en coloquios, en la universidad y en el coraz\u00f3n de muchos, Monsieur Pouget aparece m\u00e1s vivo despu\u00e9s de haber muerto. Los comentarios sobre su persona se suceden:<\/p>\n<p style=\"padding-left: 30px\"><em>El P. Pouget est\u00e1 con nosotros. Su gracia y su vocaci\u00f3n parecen haber hecho crecer lo eterno en cada uno de nosotros (Chevalier).<\/em><\/p>\n<p style=\"padding-left: 30px\"><em>Jam\u00e1s agradecer\u00e9 lo suficiente haber conocido al P. Pouget. Cuando me encontraba en su presencia me parec\u00eda estar enfrente de la verdad (Mounier).<\/em><\/p>\n<p style=\"padding-left: 30px\"><em>M. Pouget es la persona que m\u00e1s me ha ayudado a enlazar la ex\u00e9gesis b\u00edblica con la teolog\u00eda (Dubable).<\/em><\/p>\n<p style=\"padding-left: 30px\"><em>Este gran sabio nos recuerda en cada momento que lo que debemos creer no exige muchas palabras y que todo lo dem\u00e1s son conjeturas. Su verdadera misi\u00f3n comienza ahora. M. Pouget es un santo para nosotros (Mauriac).<\/em><\/p>\n<p style=\"padding-left: 30px\"><em>He aqu\u00ed un ciego lazarista que ha conferido a sus trabajos la erudici\u00f3n b\u00edblica y que por su humildad y disciplina eclesi\u00e1stica permanece alejado de toda publicaci\u00f3n, pero que aparece, incluso entre los no cat\u00f3licos, como una de las cabezas m\u00e1s luminosas de esta \u00e9poca (Estang).<\/em><\/p>\n<p style=\"padding-left: 30px\"><em>Es imposible encajar al P. Pouget en una categor\u00eda. \u00c9l era \u00fanico. \u00c9l era la cumbre que sobresale sobre las cimas brumosas. No exist\u00eda talla para medirlo, pero uno se ve\u00eda obligado a decir que \u00e9l era un grande (Legendre).<\/em><\/p>\n<p>Las opiniones de sus numerosos alumnos compondr\u00edan un rosario interminable, pero el escrito fundamental, en la sobrevida de Pouget, es la obra de uno de sus m\u00e1s devotos admiradores: Jean Guitton.<\/p>\n<p>En 1936, tres a\u00f1os despu\u00e9s de la muerte de Monsieur Pouget, Jean Guitton publica en fasc\u00edculos su <em>Portrait de Monsieur Pouget. <\/em>El \u00e9xito de la publicaci\u00f3n fue tan favorable que, en 1941, el libro fue publicado por la prestigiosa Editorial Gallimard.<\/p>\n<p>A partir de esta publicaci\u00f3n, el P. Pouget se convirti\u00f3 en una persona admirada y admirable en el panorama literario e intelectual franc\u00e9s. Las alabanzas a Guitton y a Pouget se sucedieron:<\/p>\n<p style=\"padding-left: 30px\"><em>Este anciano se nos ofrece admirable. No pronuncia una palabra que no sugiera una idea enriquecedora. Aunque uno est\u00e9 lejos de todo y lo ignore todo, ante \u00e9l uno se siente al borde de saberlo todo (Alain)<\/em><\/p>\n<p style=\"padding-left: 30px\"><em>No es extra\u00f1o que Monsieur Pouget haya conmovido a la inteligencia de los que piensan lealmente en el catolicismo sin ser cat\u00f3licos como Bergson, Couchoud o Camus. Esto se debe a que M. Pouget, ese aldeano de Cantal, surge en el Reino del Esp\u00edritu como un hombre de fronteras (Debidour).<\/em><\/p>\n<p>La opini\u00f3n de Albert Camus sobre el <em>Portrait de Monsieur Pouget <\/em>es sobresaliente: <em>No dudo que el Retrato de Monsieur Pouget ha sido le\u00eddo en los medios cat\u00f3licos. Pero ser\u00eda bueno que lectores no cat\u00f3licos tuvieran la ocasi\u00f3n de meditar sobre este libro. Por eso, yo quisiera ofrecer aqu\u00ed el testimonio de un esp\u00edritu extra\u00f1o al catolicismo. Hoy en d\u00eda, en que la India est\u00e1 de moda, uno est\u00e1 seguro de saber lo que es un gur\u00fa. Este sacerdote me hace pensar en uno de esos maestros espirituales. Este gur\u00fa singular ha convertido la cr\u00edtica hist\u00f3rica en un instrumento de ascesis. \u00c9l acude al sentido com\u00fan para cimentar la revelaci\u00f3n de lo que supera el sentido. No s\u00e9 si M. Pouget ha sido recompensado por lo que \u00e9l llevaba en el coraz\u00f3n.<\/em><\/p>\n<p>Jean Guitton, con su <em>Portrait de Monsieur Pouget, <\/em>abri\u00f3 una nueva senda de supervivencia a aquel pobre sacerdote pa\u00fal, ciego y emparedado, durante veinte a\u00f1os, en una habitaci\u00f3n de un vetusto edificio del siglo XVIII. Alguien pensar\u00eda que Jean Guitton es el verdadero creador del personaje Pouget.<\/p>\n<p>Sus cohermanos de la Misi\u00f3n, sin embargo, apenas lo tuvieron en cuenta. Guardaron sus escritos y sus libros, quiz\u00e1s demasiado lejos, quiz\u00e1s demasiado escondidos, quiz\u00e1s destruidos. Dejaron que la personalidad de Pouget caminara al margen de su comunidad. S\u00f3lo en 1962, ante la notoriedad evidente de su ciego cohermano, dedicaron a su memoria un n\u00famero completo de la revista vicenciana <em>Mission et Charit\u00e9. <\/em>El desconocimiento del P. Pouget en Espa\u00f1a es casi completo.<\/p>\n<p><a href=\"https:\/\/i0.wp.com\/vicencianos.org\/wp-content\/2012\/01\/pouget_05.jpg\"><img data-recalc-dims=\"1\" loading=\"lazy\" decoding=\"async\" class=\"alignleft size-medium wp-image-57550\" title=\"Bolet\u00ed\u00adn Informativo Noviembre-Diciembre 2011\" src=\"https:\/\/i0.wp.com\/vicencianos.org\/wp-content\/2012\/01\/pouget_05-189x300.jpg?resize=189%2C300\" alt=\"\" width=\"189\" height=\"300\" \/><\/a>El P. Pouget no public\u00f3 apenas nada durante su vida. Alguna revista de la \u00e9poca edit\u00f3 art\u00edculos suyos, aislados, bajo el nombre de G. P. Besse, el apellido de su madre. Su memoria fue conservada por sus amigos. Jean Guitton escribi\u00f3 su <em>Portrait de Monsieur Pouget <\/em>y <em>Dialogues avec Monsieur Pouget. <\/em>J. Chevalier nos ha legado un compendio de pensamientos de Pouget en su libro <em>Logia<\/em>, y recuper\u00f3 algunos peque\u00f1os tratados originales, publicados en el a\u00f1o 1956 con el <em>imprimi potest <\/em>del Superior General, William Slatery, bajo el t\u00edtulo <em>M\u00e9langes.<\/em><\/p>\n<p>Se le cre\u00eda un solitario amurallado en su noche, pero la sombra de esa noche estaba atravesada por rayos de luz y de ciencia que en su erudici\u00f3n se convert\u00edan en una luminaria. Como dir\u00eda el P. Andr\u00e9 Dodin, treinta a\u00f1os despu\u00e9s de su muerte: <em>Esta perfecci\u00f3n sobresaliente tanto por la acumulaci\u00f3n como por la clarificaci\u00f3n de sus conocimientos, nos conduce a un veredicto liberador: Nunca llegaremos a clasificar y definir a M. Pouget.<\/em><\/p>\n<p>Posiblemente, s\u00ed podr\u00edamos definir a este hombre, s\u00f3lo y ciego, como uno de los pa\u00fales m\u00e1s eruditos de toda la historia de la Congregaci\u00f3n 21 de la Misi\u00f3n. Y, sin embargo, los suyos apenas se enteraron.<\/p>\n","protected":false},"excerpt":{"rendered":"<p>En el mes de enero del a\u00f1o 1933, Guillaume Pouget, sacerdote de la Congregaci\u00f3n de la Misi\u00f3n de San Vicente de Pa\u00fal, acudi\u00f3 a visitar al ilustre fil\u00f3sofo Henri Bergson en su casa cerca de &#8230; <a href=\"https:\/\/vincentians.com\/es\/monsieur-pouget-un-paul-demasiado-tiempo-olvidado\/\" class=\"more-link\">Read More<\/a><\/p>\n","protected":false},"author":4,"featured_media":57547,"comment_status":"open","ping_status":"open","sticky":false,"template":"","format":"standard","meta":{"jetpack_post_was_ever_published":false,"_jetpack_newsletter_access":"","_jetpack_dont_email_post_to_subs":false,"_jetpack_newsletter_tier_id":0,"_jetpack_memberships_contains_paywalled_content":false,"_jetpack_memberships_contains_paid_content":false,"footnotes":"","jetpack_publicize_message":"","jetpack_publicize_feature_enabled":true,"jetpack_social_post_already_shared":true,"jetpack_social_options":{"image_generator_settings":{"template":"highway","default_image_id":0,"font":"","enabled":false},"version":2}},"categories":[210],"tags":[261,172],"class_list":["post-57546","post","type-post","status-publish","format-standard","has-post-thumbnail","hentry","category-testigos-vicencianos","tag-jean-guitton","tag-pobreza"],"yoast_head":"<!-- This site is optimized with the Yoast SEO plugin v26.3 - https:\/\/yoast.com\/wordpress\/plugins\/seo\/ -->\n<title>Monsieur Pouget, un pa\u00fal demasiado tiempo olvidado - Somos Vicencianos<\/title>\n<meta name=\"robots\" content=\"index, follow, max-snippet:-1, max-image-preview:large, max-video-preview:-1\" \/>\n<link rel=\"canonical\" href=\"https:\/\/vincentians.com\/es\/monsieur-pouget-un-paul-demasiado-tiempo-olvidado\/\" \/>\n<meta property=\"og:locale\" content=\"es_ES\" \/>\n<meta property=\"og:type\" content=\"article\" \/>\n<meta property=\"og:title\" content=\"Monsieur Pouget, un pa\u00fal demasiado tiempo olvidado - Somos Vicencianos\" \/>\n<meta property=\"og:description\" content=\"En el mes de enero del a\u00f1o 1933, Guillaume Pouget, sacerdote de la Congregaci\u00f3n de la Misi\u00f3n de San Vicente de Pa\u00fal, acudi\u00f3 a visitar al ilustre fil\u00f3sofo Henri Bergson en su casa cerca de ... Read More\" \/>\n<meta property=\"og:url\" content=\"https:\/\/vincentians.com\/es\/monsieur-pouget-un-paul-demasiado-tiempo-olvidado\/\" \/>\n<meta property=\"og:site_name\" content=\"Somos Vicencianos\" \/>\n<meta property=\"article:publisher\" content=\"https:\/\/www.facebook.com\/WeAreVincentians\/\" \/>\n<meta property=\"article:author\" content=\"https:\/\/www.facebook.com\/JavierChento\" \/>\n<meta property=\"article:published_time\" content=\"2015-04-04T06:55:55+00:00\" \/>\n<meta name=\"author\" content=\"Francisco Javier Fern\u00e1ndez Chento\" \/>\n<meta name=\"twitter:card\" content=\"summary_large_image\" \/>\n<meta name=\"twitter:creator\" content=\"@https:\/\/twitter.com\/javierchento\" \/>\n<meta name=\"twitter:site\" content=\"@WeVincentians\" \/>\n<meta name=\"twitter:label1\" content=\"Escrito por\" \/>\n\t<meta name=\"twitter:data1\" content=\"Francisco Javier Fern\u00e1ndez Chento\" \/>\n\t<meta name=\"twitter:label2\" content=\"Tiempo de lectura\" \/>\n\t<meta name=\"twitter:data2\" content=\"11 minutos\" \/>\n<script type=\"application\/ld+json\" class=\"yoast-schema-graph\">{\"@context\":\"https:\/\/schema.org\",\"@graph\":[{\"@type\":\"Article\",\"@id\":\"https:\/\/vincentians.com\/es\/monsieur-pouget-un-paul-demasiado-tiempo-olvidado\/#article\",\"isPartOf\":{\"@id\":\"https:\/\/vincentians.com\/es\/monsieur-pouget-un-paul-demasiado-tiempo-olvidado\/\"},\"author\":{\"name\":\"Francisco Javier Fern\u00e1ndez Chento\",\"@id\":\"http:\/\/vincentians.com\/es\/#\/schema\/person\/9623ef4d9aa3b2dfb8c061f1499288f2\"},\"headline\":\"Monsieur Pouget, un pa\u00fal demasiado tiempo olvidado\",\"datePublished\":\"2015-04-04T06:55:55+00:00\",\"mainEntityOfPage\":{\"@id\":\"https:\/\/vincentians.com\/es\/monsieur-pouget-un-paul-demasiado-tiempo-olvidado\/\"},\"wordCount\":2113,\"commentCount\":1,\"publisher\":{\"@id\":\"http:\/\/vincentians.com\/es\/#organization\"},\"image\":{\"@id\":\"https:\/\/vincentians.com\/es\/monsieur-pouget-un-paul-demasiado-tiempo-olvidado\/#primaryimage\"},\"thumbnailUrl\":\"\",\"keywords\":[\"Jean Guitton\",\"Pobreza\"],\"articleSection\":[\"Testigos vicencianos\"],\"inLanguage\":\"es\",\"potentialAction\":[{\"@type\":\"CommentAction\",\"name\":\"Comment\",\"target\":[\"https:\/\/vincentians.com\/es\/monsieur-pouget-un-paul-demasiado-tiempo-olvidado\/#respond\"]}]},{\"@type\":\"WebPage\",\"@id\":\"https:\/\/vincentians.com\/es\/monsieur-pouget-un-paul-demasiado-tiempo-olvidado\/\",\"url\":\"https:\/\/vincentians.com\/es\/monsieur-pouget-un-paul-demasiado-tiempo-olvidado\/\",\"name\":\"Monsieur Pouget, un pa\u00fal demasiado tiempo olvidado - Somos Vicencianos\",\"isPartOf\":{\"@id\":\"http:\/\/vincentians.com\/es\/#website\"},\"primaryImageOfPage\":{\"@id\":\"https:\/\/vincentians.com\/es\/monsieur-pouget-un-paul-demasiado-tiempo-olvidado\/#primaryimage\"},\"image\":{\"@id\":\"https:\/\/vincentians.com\/es\/monsieur-pouget-un-paul-demasiado-tiempo-olvidado\/#primaryimage\"},\"thumbnailUrl\":\"\",\"datePublished\":\"2015-04-04T06:55:55+00:00\",\"breadcrumb\":{\"@id\":\"https:\/\/vincentians.com\/es\/monsieur-pouget-un-paul-demasiado-tiempo-olvidado\/#breadcrumb\"},\"inLanguage\":\"es\",\"potentialAction\":[{\"@type\":\"ReadAction\",\"target\":[\"https:\/\/vincentians.com\/es\/monsieur-pouget-un-paul-demasiado-tiempo-olvidado\/\"]}]},{\"@type\":\"ImageObject\",\"inLanguage\":\"es\",\"@id\":\"https:\/\/vincentians.com\/es\/monsieur-pouget-un-paul-demasiado-tiempo-olvidado\/#primaryimage\",\"url\":\"\",\"contentUrl\":\"\"},{\"@type\":\"BreadcrumbList\",\"@id\":\"https:\/\/vincentians.com\/es\/monsieur-pouget-un-paul-demasiado-tiempo-olvidado\/#breadcrumb\",\"itemListElement\":[{\"@type\":\"ListItem\",\"position\":1,\"name\":\"Portada\",\"item\":\"http:\/\/vincentians.com\/es\/\"},{\"@type\":\"ListItem\",\"position\":2,\"name\":\"Monsieur Pouget, un pa\u00fal demasiado tiempo olvidado\"}]},{\"@type\":\"WebSite\",\"@id\":\"http:\/\/vincentians.com\/es\/#website\",\"url\":\"http:\/\/vincentians.com\/es\/\",\"name\":\"Somos Vicencianos\",\"description\":\"Know more to serve more\",\"publisher\":{\"@id\":\"http:\/\/vincentians.com\/es\/#organization\"},\"potentialAction\":[{\"@type\":\"SearchAction\",\"target\":{\"@type\":\"EntryPoint\",\"urlTemplate\":\"http:\/\/vincentians.com\/es\/?s={search_term_string}\"},\"query-input\":{\"@type\":\"PropertyValueSpecification\",\"valueRequired\":true,\"valueName\":\"search_term_string\"}}],\"inLanguage\":\"es\"},{\"@type\":\"Organization\",\"@id\":\"http:\/\/vincentians.com\/es\/#organization\",\"name\":\"The Vincentian Network\",\"url\":\"http:\/\/vincentians.com\/es\/\",\"logo\":{\"@type\":\"ImageObject\",\"inLanguage\":\"es\",\"@id\":\"http:\/\/vincentians.com\/es\/#\/schema\/logo\/image\/\",\"url\":\"https:\/\/i1.wp.com\/vincentians.com\/es\/wp-content\/uploads\/sites\/11\/2016\/06\/Vincentian-Network-logo-big.png?fit=778%2C778\",\"contentUrl\":\"https:\/\/i1.wp.com\/vincentians.com\/es\/wp-content\/uploads\/sites\/11\/2016\/06\/Vincentian-Network-logo-big.png?fit=778%2C778\",\"width\":778,\"height\":778,\"caption\":\"The Vincentian Network\"},\"image\":{\"@id\":\"http:\/\/vincentians.com\/es\/#\/schema\/logo\/image\/\"},\"sameAs\":[\"https:\/\/www.facebook.com\/WeAreVincentians\/\",\"https:\/\/x.com\/WeVincentians\"]},{\"@type\":\"Person\",\"@id\":\"http:\/\/vincentians.com\/es\/#\/schema\/person\/9623ef4d9aa3b2dfb8c061f1499288f2\",\"name\":\"Francisco Javier Fern\u00e1ndez Chento\",\"image\":{\"@type\":\"ImageObject\",\"inLanguage\":\"es\",\"@id\":\"http:\/\/vincentians.com\/es\/#\/schema\/person\/image\/\",\"url\":\"https:\/\/secure.gravatar.com\/avatar\/497d5cde87b4c3d097d0315953521681ba2cd523ee66e5077c3711f7021e65de?s=96&d=mm&r=g\",\"contentUrl\":\"https:\/\/secure.gravatar.com\/avatar\/497d5cde87b4c3d097d0315953521681ba2cd523ee66e5077c3711f7021e65de?s=96&d=mm&r=g\",\"caption\":\"Francisco Javier Fern\u00e1ndez Chento\"},\"description\":\"Director General y cofundador de La Red de Formaci\u00f3n Vicenciana. Javier es laico vicenciano, afiliado a la Congregaci\u00f3n de la Misi\u00f3n y miembro del Equipo de Misiones Populares de la provincia can\u00f3nica de Zaragoza (Espa\u00f1a) de la Congregaci\u00f3n de la Misi\u00f3n. Graduado en la Universidad Oberta de Catalunya con cuatro grados (Asistente de direcci\u00f3n, Gesti\u00f3n Administrativa, Recursos Humanos y Contabilidad Avanzada). Bil\u00edng\u00fce Espa\u00f1ol\/Ingl\u00e9s. gestiona y mantiene varias p\u00e1ginas web cristianas y vicencianas, incluida including La Red de Formaci\u00f3n Vicenciana, de la que es cofundador. Actualmente es responsable del \u00e1rea de Espa\u00f1ol de .famvin, la Red de Noticias de la Familia Vicenciana. Tambi\u00e9n es m\u00fasico cat\u00f3lico y ha editado varios discos. Es Director General y cofundador de Trovador, una reconocida compa\u00f1\u00eda discogr\u00e1fica critiana de Espa\u00f1a. Trabaja en las Tecnolog\u00edas de la Informaci\u00f3n, ofreciendo servicios de alojamiento, dise\u00f1o y mantenimiento Web, as\u00ed como asesoramiento, formaci\u00f3n y soluciones inform\u00e1ticas, gesti\u00f3n documental y digitalizaci\u00f3n de textos, edici\u00f3n y maquetaci\u00f3n de libros, revistas, flyers, etc.\",\"sameAs\":[\"http:\/\/chento.org\",\"https:\/\/www.facebook.com\/JavierChento\",\"https:\/\/x.com\/https:\/\/twitter.com\/javierchento\"],\"url\":\"https:\/\/vincentians.com\/es\/author\/chento\/\"}]}<\/script>\n<!-- \/ Yoast SEO plugin. -->","yoast_head_json":{"title":"Monsieur Pouget, un pa\u00fal demasiado tiempo olvidado - Somos Vicencianos","robots":{"index":"index","follow":"follow","max-snippet":"max-snippet:-1","max-image-preview":"max-image-preview:large","max-video-preview":"max-video-preview:-1"},"canonical":"https:\/\/vincentians.com\/es\/monsieur-pouget-un-paul-demasiado-tiempo-olvidado\/","og_locale":"es_ES","og_type":"article","og_title":"Monsieur Pouget, un pa\u00fal demasiado tiempo olvidado - Somos Vicencianos","og_description":"En el mes de enero del a\u00f1o 1933, Guillaume Pouget, sacerdote de la Congregaci\u00f3n de la Misi\u00f3n de San Vicente de Pa\u00fal, acudi\u00f3 a visitar al ilustre fil\u00f3sofo Henri Bergson en su casa cerca de ... Read More","og_url":"https:\/\/vincentians.com\/es\/monsieur-pouget-un-paul-demasiado-tiempo-olvidado\/","og_site_name":"Somos Vicencianos","article_publisher":"https:\/\/www.facebook.com\/WeAreVincentians\/","article_author":"https:\/\/www.facebook.com\/JavierChento","article_published_time":"2015-04-04T06:55:55+00:00","author":"Francisco Javier Fern\u00e1ndez Chento","twitter_card":"summary_large_image","twitter_creator":"@https:\/\/twitter.com\/javierchento","twitter_site":"@WeVincentians","twitter_misc":{"Escrito por":"Francisco Javier Fern\u00e1ndez Chento","Tiempo de lectura":"11 minutos"},"schema":{"@context":"https:\/\/schema.org","@graph":[{"@type":"Article","@id":"https:\/\/vincentians.com\/es\/monsieur-pouget-un-paul-demasiado-tiempo-olvidado\/#article","isPartOf":{"@id":"https:\/\/vincentians.com\/es\/monsieur-pouget-un-paul-demasiado-tiempo-olvidado\/"},"author":{"name":"Francisco Javier Fern\u00e1ndez Chento","@id":"http:\/\/vincentians.com\/es\/#\/schema\/person\/9623ef4d9aa3b2dfb8c061f1499288f2"},"headline":"Monsieur Pouget, un pa\u00fal demasiado tiempo olvidado","datePublished":"2015-04-04T06:55:55+00:00","mainEntityOfPage":{"@id":"https:\/\/vincentians.com\/es\/monsieur-pouget-un-paul-demasiado-tiempo-olvidado\/"},"wordCount":2113,"commentCount":1,"publisher":{"@id":"http:\/\/vincentians.com\/es\/#organization"},"image":{"@id":"https:\/\/vincentians.com\/es\/monsieur-pouget-un-paul-demasiado-tiempo-olvidado\/#primaryimage"},"thumbnailUrl":"","keywords":["Jean Guitton","Pobreza"],"articleSection":["Testigos vicencianos"],"inLanguage":"es","potentialAction":[{"@type":"CommentAction","name":"Comment","target":["https:\/\/vincentians.com\/es\/monsieur-pouget-un-paul-demasiado-tiempo-olvidado\/#respond"]}]},{"@type":"WebPage","@id":"https:\/\/vincentians.com\/es\/monsieur-pouget-un-paul-demasiado-tiempo-olvidado\/","url":"https:\/\/vincentians.com\/es\/monsieur-pouget-un-paul-demasiado-tiempo-olvidado\/","name":"Monsieur Pouget, un pa\u00fal demasiado tiempo olvidado - Somos Vicencianos","isPartOf":{"@id":"http:\/\/vincentians.com\/es\/#website"},"primaryImageOfPage":{"@id":"https:\/\/vincentians.com\/es\/monsieur-pouget-un-paul-demasiado-tiempo-olvidado\/#primaryimage"},"image":{"@id":"https:\/\/vincentians.com\/es\/monsieur-pouget-un-paul-demasiado-tiempo-olvidado\/#primaryimage"},"thumbnailUrl":"","datePublished":"2015-04-04T06:55:55+00:00","breadcrumb":{"@id":"https:\/\/vincentians.com\/es\/monsieur-pouget-un-paul-demasiado-tiempo-olvidado\/#breadcrumb"},"inLanguage":"es","potentialAction":[{"@type":"ReadAction","target":["https:\/\/vincentians.com\/es\/monsieur-pouget-un-paul-demasiado-tiempo-olvidado\/"]}]},{"@type":"ImageObject","inLanguage":"es","@id":"https:\/\/vincentians.com\/es\/monsieur-pouget-un-paul-demasiado-tiempo-olvidado\/#primaryimage","url":"","contentUrl":""},{"@type":"BreadcrumbList","@id":"https:\/\/vincentians.com\/es\/monsieur-pouget-un-paul-demasiado-tiempo-olvidado\/#breadcrumb","itemListElement":[{"@type":"ListItem","position":1,"name":"Portada","item":"http:\/\/vincentians.com\/es\/"},{"@type":"ListItem","position":2,"name":"Monsieur Pouget, un pa\u00fal demasiado tiempo olvidado"}]},{"@type":"WebSite","@id":"http:\/\/vincentians.com\/es\/#website","url":"http:\/\/vincentians.com\/es\/","name":"Somos Vicencianos","description":"Know more to serve more","publisher":{"@id":"http:\/\/vincentians.com\/es\/#organization"},"potentialAction":[{"@type":"SearchAction","target":{"@type":"EntryPoint","urlTemplate":"http:\/\/vincentians.com\/es\/?s={search_term_string}"},"query-input":{"@type":"PropertyValueSpecification","valueRequired":true,"valueName":"search_term_string"}}],"inLanguage":"es"},{"@type":"Organization","@id":"http:\/\/vincentians.com\/es\/#organization","name":"The Vincentian Network","url":"http:\/\/vincentians.com\/es\/","logo":{"@type":"ImageObject","inLanguage":"es","@id":"http:\/\/vincentians.com\/es\/#\/schema\/logo\/image\/","url":"https:\/\/i1.wp.com\/vincentians.com\/es\/wp-content\/uploads\/sites\/11\/2016\/06\/Vincentian-Network-logo-big.png?fit=778%2C778","contentUrl":"https:\/\/i1.wp.com\/vincentians.com\/es\/wp-content\/uploads\/sites\/11\/2016\/06\/Vincentian-Network-logo-big.png?fit=778%2C778","width":778,"height":778,"caption":"The Vincentian Network"},"image":{"@id":"http:\/\/vincentians.com\/es\/#\/schema\/logo\/image\/"},"sameAs":["https:\/\/www.facebook.com\/WeAreVincentians\/","https:\/\/x.com\/WeVincentians"]},{"@type":"Person","@id":"http:\/\/vincentians.com\/es\/#\/schema\/person\/9623ef4d9aa3b2dfb8c061f1499288f2","name":"Francisco Javier Fern\u00e1ndez Chento","image":{"@type":"ImageObject","inLanguage":"es","@id":"http:\/\/vincentians.com\/es\/#\/schema\/person\/image\/","url":"https:\/\/secure.gravatar.com\/avatar\/497d5cde87b4c3d097d0315953521681ba2cd523ee66e5077c3711f7021e65de?s=96&d=mm&r=g","contentUrl":"https:\/\/secure.gravatar.com\/avatar\/497d5cde87b4c3d097d0315953521681ba2cd523ee66e5077c3711f7021e65de?s=96&d=mm&r=g","caption":"Francisco Javier Fern\u00e1ndez Chento"},"description":"Director General y cofundador de La Red de Formaci\u00f3n Vicenciana. Javier es laico vicenciano, afiliado a la Congregaci\u00f3n de la Misi\u00f3n y miembro del Equipo de Misiones Populares de la provincia can\u00f3nica de Zaragoza (Espa\u00f1a) de la Congregaci\u00f3n de la Misi\u00f3n. Graduado en la Universidad Oberta de Catalunya con cuatro grados (Asistente de direcci\u00f3n, Gesti\u00f3n Administrativa, Recursos Humanos y Contabilidad Avanzada). Bil\u00edng\u00fce Espa\u00f1ol\/Ingl\u00e9s. gestiona y mantiene varias p\u00e1ginas web cristianas y vicencianas, incluida including La Red de Formaci\u00f3n Vicenciana, de la que es cofundador. Actualmente es responsable del \u00e1rea de Espa\u00f1ol de .famvin, la Red de Noticias de la Familia Vicenciana. Tambi\u00e9n es m\u00fasico cat\u00f3lico y ha editado varios discos. Es Director General y cofundador de Trovador, una reconocida compa\u00f1\u00eda discogr\u00e1fica critiana de Espa\u00f1a. Trabaja en las Tecnolog\u00edas de la Informaci\u00f3n, ofreciendo servicios de alojamiento, dise\u00f1o y mantenimiento Web, as\u00ed como asesoramiento, formaci\u00f3n y soluciones inform\u00e1ticas, gesti\u00f3n documental y digitalizaci\u00f3n de textos, edici\u00f3n y maquetaci\u00f3n de libros, revistas, flyers, etc.","sameAs":["http:\/\/chento.org","https:\/\/www.facebook.com\/JavierChento","https:\/\/x.com\/https:\/\/twitter.com\/javierchento"],"url":"https:\/\/vincentians.com\/es\/author\/chento\/"}]}},"jetpack_publicize_connections":[],"jetpack_featured_media_url":"","jetpack_sharing_enabled":true,"jetpack_shortlink":"https:\/\/wp.me\/p7ETMF-eYa","jetpack-related-posts":[{"id":116034,"url":"https:\/\/vincentians.com\/es\/bergson-y-el-padre-pouget-ii\/","url_meta":{"origin":57546,"position":0},"title":"Bergson y el Padre Pouget (II)","author":"Francisco Javier Fern\u00e1ndez Chento","date":"27\/06\/2016","format":false,"excerpt":"Las p\u00e1ginas que van a continuaci\u00f3n nacieron de una s\u00faplica que me formularon unos amigos. Corno consecuencia de la publicaci\u00f3n por Jean Guit\u00adton de sus Di\u00e1logos con el padre Pouget, en los que volv\u00eda a la vida a aquel de quien hab\u00eda dise\u00f1ado en 1941 un inolvidable Retrato, una figura\u2026","rel":"","context":"En \u00abFormaci\u00f3n Vicenciana\u00bb","block_context":{"text":"Formaci\u00f3n Vicenciana","link":"https:\/\/vincentians.com\/es\/category\/formacion-vicenciana\/"},"img":{"alt_text":"P. Poug\u00e9t","src":"https:\/\/i0.wp.com\/vicencianos.org\/wp-content\/uploads\/2012\/12\/P.-Poug%C3%A9t.jpg?resize=350%2C200","width":350,"height":200},"classes":[]},{"id":116052,"url":"https:\/\/vincentians.com\/es\/bergson-y-el-padre-pouget-viii\/","url_meta":{"origin":57546,"position":1},"title":"Bergson y el Padre Pouget (VIII)","author":"Francisco Javier Fern\u00e1ndez Chento","date":"05\/01\/2013","format":false,"excerpt":"Viviendo de este modo en lo real, porque \"somos realistas\", me repet\u00eda con frecuencia; viviendo en el gran d\u00eda de la eternidad, porque \"actuamos en el tiempo, pero no vivimos en \u00e9l\"; en contacto con el Divino Crucificado, porque \"s\u00f3lo El permanece con\u00admigo, pero s\u00f3lo El cuenta: s\u00f3lo importa el\u2026","rel":"","context":"En \u00abFormaci\u00f3n Vicenciana\u00bb","block_context":{"text":"Formaci\u00f3n Vicenciana","link":"https:\/\/vincentians.com\/es\/category\/formacion-vicenciana\/"},"img":{"alt_text":"pouget","src":"https:\/\/i0.wp.com\/vicencianos.org\/wp-content\/2012\/03\/pouget.jpg?resize=350%2C200","width":350,"height":200},"classes":[]},{"id":116037,"url":"https:\/\/vincentians.com\/es\/bergson-y-el-padre-pouget-iii\/","url_meta":{"origin":57546,"position":2},"title":"Bergson y el Padre Pouget (III)","author":"Francisco Javier Fern\u00e1ndez Chento","date":"30\/06\/2016","format":false,"excerpt":"No obstante, para comprender bien este texto, para captar de \u00e9l todo su alcance, su sentido, sus intencio\u00adnes y sus matices mismos, tengo necesidad, tal como se me ha pedido, de presentar a ambos interlocutores, que se ofrecen aqu\u00ed tan a lo vivo, con una naturalidad y simplicidad despojadas de\u2026","rel":"","context":"En \u00abFormaci\u00f3n Vicenciana\u00bb","block_context":{"text":"Formaci\u00f3n Vicenciana","link":"https:\/\/vincentians.com\/es\/category\/formacion-vicenciana\/"},"img":{"alt_text":"P. Poug\u00e9t","src":"https:\/\/i0.wp.com\/vicencianos.org\/wp-content\/uploads\/2012\/12\/P.-Poug%C3%A9t.jpg?resize=350%2C200","width":350,"height":200},"classes":[]},{"id":116043,"url":"https:\/\/vincentians.com\/es\/bergson-y-el-padre-pouget-v\/","url_meta":{"origin":57546,"position":3},"title":"Bergson y el Padre Pouget (V)","author":"Francisco Javier Fern\u00e1ndez Chento","date":"02\/11\/2018","format":false,"excerpt":"Hacia El, en efecto, se encaminaba, se\u00f1or al servicio de un Se\u00f1or mayor. E iba hacia El sin ser \u00e9se su obje\u00adtivo, sin hab\u00e9rselo propuesto, sin saber incluso que a El se dirig\u00eda, sin saber que ya le hab\u00eda encontrado. Este libro, me dijo habl\u00e1ndome de La evoluci\u00f3n crea\u00addora, \"este\u2026","rel":"","context":"En \u00abFormaci\u00f3n Vicenciana\u00bb","block_context":{"text":"Formaci\u00f3n Vicenciana","link":"https:\/\/vincentians.com\/es\/category\/formacion-vicenciana\/"},"img":{"alt_text":"","src":"https:\/\/i0.wp.com\/vincentians.com\/es\/wp-content\/uploads\/sites\/11\/2016\/09\/identidad.jpg?fit=1200%2C630&ssl=1&resize=350%2C200","width":350,"height":200,"srcset":"https:\/\/i0.wp.com\/vincentians.com\/es\/wp-content\/uploads\/sites\/11\/2016\/09\/identidad.jpg?fit=1200%2C630&ssl=1&resize=350%2C200 1x, https:\/\/i0.wp.com\/vincentians.com\/es\/wp-content\/uploads\/sites\/11\/2016\/09\/identidad.jpg?fit=1200%2C630&ssl=1&resize=525%2C300 1.5x, https:\/\/i0.wp.com\/vincentians.com\/es\/wp-content\/uploads\/sites\/11\/2016\/09\/identidad.jpg?fit=1200%2C630&ssl=1&resize=700%2C400 2x, https:\/\/i0.wp.com\/vincentians.com\/es\/wp-content\/uploads\/sites\/11\/2016\/09\/identidad.jpg?fit=1200%2C630&ssl=1&resize=1050%2C600 3x"},"classes":[]},{"id":116046,"url":"https:\/\/vincentians.com\/es\/bergson-y-el-padre-pouget-vi\/","url_meta":{"origin":57546,"position":4},"title":"Bergson y el Padre Pouget (VI)","author":"Francisco Javier Fern\u00e1ndez Chento","date":"07\/11\/2018","format":false,"excerpt":"He conocido a hombres de genio singular: Bergson ante todo, y Henri Poincar\u00e9, Vincent d'Indy y Miguel de Unamu\u00adno, el viejo lord Halifax, el cardenal Mercier y dos o tres m\u00e1s que considero prematuro nombrar. No he conocido a ninguno que alcanzase la grandeza del padre Pouget. \"\u00bfEra, pues, un\u2026","rel":"","context":"En \u00abFormaci\u00f3n Vicenciana\u00bb","block_context":{"text":"Formaci\u00f3n Vicenciana","link":"https:\/\/vincentians.com\/es\/category\/formacion-vicenciana\/"},"img":{"alt_text":"","src":"https:\/\/i0.wp.com\/vincentians.com\/es\/wp-content\/uploads\/sites\/11\/2012\/04\/P.-Poug%C3%A9t.jpg?fit=200%2C251&ssl=1&resize=350%2C200","width":350,"height":200},"classes":[]},{"id":116040,"url":"https:\/\/vincentians.com\/es\/bergson-y-el-padre-pouget-iv\/","url_meta":{"origin":57546,"position":5},"title":"Bergson y el Padre Pouget (IV)","author":"Francisco Javier Fern\u00e1ndez Chento","date":"03\/07\/2016","format":false,"excerpt":"De este sentido de superaci\u00f3n, que le llev\u00f3, paso a paso, a dilatar indefinidamente su pensamiento en contacto con la experiencia, y que le condujo, en 1933, hasta el umbral mismo de la Verdad total, que nos sobrepasa infinitamente, conocemos las etapas, que son otras tantas conquistas. No tratando ya\u2026","rel":"","context":"En \u00abFormaci\u00f3n Vicenciana\u00bb","block_context":{"text":"Formaci\u00f3n Vicenciana","link":"https:\/\/vincentians.com\/es\/category\/formacion-vicenciana\/"},"img":{"alt_text":"P. Poug\u00e9t","src":"https:\/\/i0.wp.com\/vicencianos.org\/wp-content\/uploads\/2012\/12\/P.-Poug%C3%A9t.jpg?resize=350%2C200","width":350,"height":200},"classes":[]}],"_links":{"self":[{"href":"https:\/\/vincentians.com\/es\/wp-json\/wp\/v2\/posts\/57546","targetHints":{"allow":["GET"]}}],"collection":[{"href":"https:\/\/vincentians.com\/es\/wp-json\/wp\/v2\/posts"}],"about":[{"href":"https:\/\/vincentians.com\/es\/wp-json\/wp\/v2\/types\/post"}],"author":[{"embeddable":true,"href":"https:\/\/vincentians.com\/es\/wp-json\/wp\/v2\/users\/4"}],"replies":[{"embeddable":true,"href":"https:\/\/vincentians.com\/es\/wp-json\/wp\/v2\/comments?post=57546"}],"version-history":[{"count":0,"href":"https:\/\/vincentians.com\/es\/wp-json\/wp\/v2\/posts\/57546\/revisions"}],"wp:featuredmedia":[{"embeddable":true,"href":"https:\/\/vincentians.com\/es\/wp-json\/"}],"wp:attachment":[{"href":"https:\/\/vincentians.com\/es\/wp-json\/wp\/v2\/media?parent=57546"}],"wp:term":[{"taxonomy":"category","embeddable":true,"href":"https:\/\/vincentians.com\/es\/wp-json\/wp\/v2\/categories?post=57546"},{"taxonomy":"post_tag","embeddable":true,"href":"https:\/\/vincentians.com\/es\/wp-json\/wp\/v2\/tags?post=57546"}],"curies":[{"name":"wp","href":"https:\/\/api.w.org\/{rel}","templated":true}]}}