{"id":57417,"date":"2015-05-28T05:45:59","date_gmt":"2015-05-28T03:45:59","guid":{"rendered":"http:\/\/somos.vicencianos.org\/blog\/2012\/01\/cinco-rostros-de-isabel-ana-seton\/"},"modified":"2016-07-26T09:25:48","modified_gmt":"2016-07-26T07:25:48","slug":"cinco-rostros-de-isabel-ana-seton","status":"publish","type":"post","link":"https:\/\/vincentians.com\/es\/cinco-rostros-de-isabel-ana-seton\/","title":{"rendered":"Cinco rostros de Isabel Ana Seton"},"content":{"rendered":"<p>Isabel Ana Seton fue una mujer extraordinaria. Vivi\u00f3 m\u00e1s intensamente en los 46 a\u00f1os de su vida que mucha gente que vive el doble de a\u00f1os. Podr\u00eda presentar con facilidad diez rostros de su admirable personalidad, pero tendremos que contentarnos con cinco, pues de otra manera \u00a1este cap\u00edtulo no terminar\u00eda nunca!<\/p>\n<p><a href=\"https:\/\/i0.wp.com\/vicencianos.org\/wp-content\/2012\/01\/isabel_seton_01.jpg\"><img data-recalc-dims=\"1\" loading=\"lazy\" decoding=\"async\" class=\"alignright size-medium wp-image-57418\" title=\"isabel_seton_01\" src=\"https:\/\/i0.wp.com\/vicencianos.org\/wp-content\/2012\/01\/isabel_seton_01-226x300.jpg?resize=226%2C300\" alt=\"\" width=\"226\" height=\"300\" \/><\/a>Debo decir, como paisano suyo que soy, que siempre me ha fascinado el hecho de que conociera a George Washington. De hecho, su marido, el 22 de febrero de 1796 fue uno de los invitados a una fiesta de baile que celebraba el cumplea\u00f1os de Washington. \u00bfBail\u00f3 aquella noche Isabel Ana Seton con George Washington?<\/p>\n<p>\u00a1Tema interesante para cont\u00e1rselo a los peque\u00f1os!<\/p>\n<p>Dicha esa an\u00e9cdota, voy a ofrecer al lector cinco rostros de Isabel Ana Seton.<\/p>\n<h2><strong>I. Mujer de Muchas Facetas<\/strong><\/h2>\n<p>Isabel, a quien su padre llamaba Betty, fue una ni\u00f1a reflexi\u00adva, solitaria a veces. Naci\u00f3 en 1774, justamente cuando amanec\u00eda la Revoluci\u00f3n Americana. Su madre muri\u00f3 cuando Isabel Ana ten\u00eda menos de tres a\u00f1os, y su hermana m\u00e1s peque\u00f1a muri\u00f3 un a\u00f1o m\u00e1s tarde. Su padre se volvi\u00f3 a casar; estaba con frecuencia ausente del hogar, en viaje para mejorar su profesi\u00f3n de cirujano.<\/p>\n<p>Betty fue una ni\u00f1a precoz. A su padre le gustaba mucho darle lecciones. Adem\u00e1s de las asignaturas escolares ordinarias, Betty aprendi\u00f3 franc\u00e9s y m\u00fasica. Por razones que no a\u00fan no se conocen bien, vivi\u00f3 durante cuatro a\u00f1os en una granja de un t\u00edo suyo en Long Island. Fueron a\u00f1os de vida reflexiva, tal vez a\u00f1os de sole\u00addad para una ni\u00f1a sin madre y con un padre ausente. Pero fueron tambi\u00e9n a\u00f1os de disfrute. Jugaba con los hijos de su t\u00edo y caminaba por los campos a lo largo de la orilla con sus primos. A veces no sab\u00eda nada de su padre durante m\u00e1s de un a\u00f1o. La lectura era su pasatiempo favorito. Encontraba mucho consuelo en la Biblia.<\/p>\n<p>Cuando dej\u00f3 la granja de su t\u00edo a los 16 a\u00f1os, era una se\u00f1o\u00adrita encantadora. Hab\u00eda asimilado la francesa &#8216;joie de vivre&#8217; (ale\u00adgr\u00eda de vivir), tocaba el piano, le\u00eda a Voltaire y a Rousseau, iba al teatro, y le gustaba divertirse.<\/p>\n<p><a href=\"https:\/\/i0.wp.com\/vicencianos.org\/wp-content\/2012\/01\/isabel_seton_02.jpg\"><img data-recalc-dims=\"1\" loading=\"lazy\" decoding=\"async\" class=\"alignleft size-medium wp-image-57419\" title=\"isabel_seton_02\" src=\"https:\/\/i0.wp.com\/vicencianos.org\/wp-content\/2012\/01\/isabel_seton_02-219x300.jpg?resize=219%2C300\" alt=\"\" width=\"219\" height=\"300\" \/><\/a>Una tarde de 1791 conoci\u00f3 en un baile de sociedad a William Magee Seton y se enamor\u00f3 de \u00e9l. Se casaron el 25 de enero de 1794. Ten\u00eda 19 a\u00f1os. En diez a\u00f1os William y Betty tuvieron cinco hijos, Anna, William, Richard, Catherine, y Rebecca. Y aunque por supuesto el ser esposa y madre absorb\u00eda su atenci\u00f3n, a\u00fan encontra\u00adba tiempo para actividades de caridad entre los pobres y enfermos de la ciudad de Nueva York.<\/p>\n<p>Justamente a los cuatro a\u00f1os de casarse, el mundo de Isabel empez\u00f3 a desmoronarse. Muri\u00f3 su suegro dejando a su hijo como el representante de la familia en una empresa de navegaci\u00f3n. Un exa\u00admen r\u00e1pido de los libros de cuentas revel\u00f3 que el negocio estaba en situaci\u00f3n calamitosa. A la vez que descubr\u00eda que el negocio que hab\u00eda heredado iba camino de la bancarro\u00adta, el marido William contrajo una tos que era s\u00edntoma de una tuberculosis incipien\u00adte. El propio padre de Betty muri\u00f3 poco des\u00adpu\u00e9s mientras atend\u00eda a inmigrantes afecta\u00addos por la fiebre ama\u00adrilla.<\/p>\n<p>Con la esperanza de recuperar la salud de William los doctores recomendaron un viaje por mar. El marido, Ana y su hija mayor se embarcaron para visi\u00adtar a sus amigos los Filicchis, que viv\u00edan en Livorno, Italia. Pero como hab\u00eda en Nueva York fiebre amarilla, al llegar a Livorno no se les dio permiso para desembarcar en la ciudad, y estuvieron en cuarentena unas cuantas semanas en un edificio que parec\u00eda una c\u00e1rcel. Su marido muri\u00f3 unos d\u00edas despu\u00e9s. Sus restos est\u00e1n a\u00fan en Livorno.<\/p>\n<p>Ante la insistencia de su mujer, Amabilia, Antonio Filicchi acompa\u00f1\u00f3 a Betty y a su hija Anna en el viaje de vuelta a Nueva York. Ten\u00eda 29 a\u00f1os cuando lleg\u00f3 de vuelta a su hogar. Esta mujer joven, que hab\u00eda sido una ni\u00f1a reflexiva, una adolescente sociable y luego esposa y madre de cinco hijos, se encontraba ahora enfrent\u00e1n\u00addose al futuro como mujer viuda.<\/p>\n<h2><strong>II. Convertida al Catolicismo<\/strong><\/h2>\n<p>Despu\u00e9s de la llegada de Isabel a Nueva York las cosas empeoraron r\u00e1pidamente. Su cu\u00ad\u00f1ada Rebecca, a quien Isabel se refe\u00adr\u00eda como su \u00abherma\u00adna del alma\u00bb, muri\u00f3 a las cinco semanas justas del regreso de Isabel. La empresa de navegaci\u00f3n se hundi\u00f3. En el aspec\u00adto social este hecho dej\u00f3 a Isabel en la pobreza mientras que el deseo de Isabel, cada d\u00eda m\u00e1s fuerte, de hacerse cat\u00f3lica le fue dejan\u00addo sin amistades.<\/p>\n<p><a href=\"https:\/\/i0.wp.com\/vicencianos.org\/wp-content\/2012\/01\/isabel_seton_03.jpg\"><img data-recalc-dims=\"1\" loading=\"lazy\" decoding=\"async\" class=\"alignright size-medium wp-image-57420\" title=\"isabel_seton_03\" src=\"https:\/\/i0.wp.com\/vicencianos.org\/wp-content\/2012\/01\/isabel_seton_03-200x300.jpg?resize=200%2C300\" alt=\"\" width=\"200\" height=\"300\" \/><\/a>El 14 de marzo de 1805 Isabel fue admitida como cat\u00f3lica en la iglesia de San Pedro, en el sur de Manhattan. Antonio Filicchi, que hab\u00eda vuelto a Nueva York por algunos negocios que ten\u00eda en Boston, fue su padrino. Los Filicchis fueron los primeros amigos cat\u00f3licos de Isabel. Impresionada por la manera que mos\u00adtraban de vivir su fe, Isabel se interes\u00f3 por las doctrinas y las pr\u00e1cticas de la Iglesia cat\u00f3lica. Le impresionaban sobre todo la doctrina de la presencia real de Cristo en el Sant\u00edsimo Sacramento, la devoci\u00f3n de los cat\u00f3licos a la Virgen Mar\u00eda y la sucesi\u00f3n apost\u00f3lica.<\/p>\n<p>La conversi\u00f3n de Isabel no fue una experiencia f\u00e1cil. Muchos de sus amigos y parientes episcopalianos la abandonaron. El pastor de su iglesia advirti\u00f3 a sus feligreses que no tuvieran rela\u00adci\u00f3n con ella. Pero dos de las amigas m\u00e1s cercanas a Isabel, Julia Scott y Catherine Dupleix, le permanecieron fieles durante toda su vida y fueron tambi\u00e9n acerc\u00e1ndose al catolicismo.<\/p>\n<p>Al leer lo que escribi\u00f3 Isabel en tiempo de su conversi\u00f3n, tengo la impresi\u00f3n de que fue la doctrina de la presencia real de Cristo en la eucarist\u00eda lo que le movi\u00f3 m\u00e1s para llegar a ser cat\u00f3li\u00adca. Le impresionaba la actitud devota de los Filicchis durante la misa, y le mov\u00eda el ver el lugar tan central que ocupaba la eucaris\u00adt\u00eda en la vida de los cat\u00f3licos. Empez\u00f3 a sentir que las iglesias pro\u00adtestantes estaban desnudas y las cat\u00f3licas llenas de la presencia de Dios.<\/p>\n<p>El 25 de marzo de 1805 recibi\u00f3 la primera comuni\u00f3n como cat\u00f3lica. Escribi\u00f3 con una inmensa alegr\u00eda a la esposa de Antonio Filicchi: \u00ab\u00a1Por fin, por fin, Dios es m\u00edo y yo soy suya! Ahora que todo siga su curso &#8211; \u00a1yo le he recibido!\u00bb<\/p>\n<h2><strong>III. Maestra y Administradora<\/strong><\/h2>\n<p>Encontr\u00e1ndose en la pobreza, Isabel busc\u00f3 medios para mantenerse a s\u00ed misma y a sus hijos. Ayud\u00f3 a un se\u00f1or ingl\u00e9s, Mr. Patrick White, a establecer una escuela para ni\u00f1as en Nueva York, proyecto que fall\u00f3 pronto. Se encarg\u00f3 despu\u00e9s de una residencia dependiente de una escuela para muchachos. Pero los episcopalia\u00adnos se opusieron y la residencia tampoco tuvo \u00e9xito. Su amigo Antonio Filicchi, justamente antes de embarcar para Livorno, encarg\u00f3 a su agente en Nueva York que depositara 400 d\u00f3lares cada a\u00f1o en la cuenta de Isabel para la educaci\u00f3n de sus hijos, con el encargo de que le entregara otras cantidades adicionales que le pudiera pedir ella.<\/p>\n<p><a href=\"https:\/\/i0.wp.com\/vicencianos.org\/wp-content\/2012\/01\/isabel_seton_04.jpg\"><img data-recalc-dims=\"1\" loading=\"lazy\" decoding=\"async\" class=\"alignleft size-medium wp-image-57421\" title=\"isabel_seton_04\" src=\"https:\/\/i0.wp.com\/vicencianos.org\/wp-content\/2012\/01\/isabel_seton_04-213x300.jpg?resize=213%2C300\" alt=\"\" width=\"213\" height=\"300\" \/><\/a>En el oto\u00f1o de 1806 Isabel tuvo una conversaci\u00f3n muy importante con el reverendo William Dubourg, presidente del colegio de Santa Mar\u00eda en Baltimore (quien fue despu\u00e9s el obispo de Nueva Orle\u00e1ns que invit\u00f3 a los lazaristas a esta\u00adblecerse en los Es\u00adtados Unidos), quien le dijo a ella del deseo que ten\u00eda de abrir una escuela para ni\u00f1as en Bal\u00adtimore. Quer\u00eda tam\u00adbi\u00e9n formar una comunidad religiosa de mujeres para encargarse del proyecto. Invit\u00f3 a Isabel a Baltimore. Mientras tanto, con ayuda de la generosidad de Antonio Filicchi, sus hijos William y Richard se hab\u00edan matriculado en el Colegio Georgetown. La idea de estar cerca de sus hijos anim\u00f3 a Isabel. El 9 de junio de 1808 se puso en camino con sus tres hijas, Anna, Catherine y Rebecca, y lleg\u00f3 a Baltimore una semana des\u00adpu\u00e9s. Se instal\u00f3 en una casa nueva, y abri\u00f3 una escuela en Paca Street, muy cerca del colegio y seminario de Santa Mar\u00eda. La noti\u00adcia se esparci\u00f3 con rapidez, y muy pronto varias j\u00f3venes de Filadelfia vinieron a unirse a Isabel. Cecilia O&#8217;Conway y Maria Murphy, dos j\u00f3venes de Filadelfia, fueron las primeras candidatas en llegar. Las dos, y otras cuatro candidatas, formaron un peque\u00f1o grupo que comenzar\u00eda m\u00e1s tarde su noviciado en Emmitsburg.<\/p>\n<p>El ambiente era tranquilo en Baltimore, pero ella llev\u00f3 una vida muy ocupada. En el primer a\u00f1o Isabel dirigi\u00f3 una escuela que ten\u00eda diez ni\u00f1as como internas. Del cercano seminario ven\u00edan pro\u00adfesores de m\u00fasica, de dibujo, y de humanidades. Tambi\u00e9n prepara\u00adba a las ni\u00f1as para primera comuni\u00f3n. Empez\u00f3 a so\u00f1ar en planes para una expansi\u00f3n futura, y pens\u00f3 en pedir a los Filicchis que le construyeran una nueva escuela.<\/p>\n<p>Pero justamente entonces tom\u00f3 la situaci\u00f3n un rumbo ines\u00adperado. Samuel Cooper, un seminarista rico de Santa Mar\u00eda en Baltimore contribuy\u00f3 con 10.000 d\u00f3lares a la compra de una gran\u00adja en Emmitsburg, Maryland. Durante el resto de su vida Emmitsburg vendr\u00eda a ser para Isabel el hogar de su familia, el lugar de su escuela, y el lugar de nacimiento de las Hermanas de la Caridad en Am\u00e9rica.<\/p>\n<h2><strong>IV. Fundadora<\/strong><\/h2>\n<p>El arzobispo John Carroll de Baltimore nombr\u00f3 al padre William Dubourg responsable de la comunidad nueva que empeza\u00adba a formarse. A Isabel se le dio el t\u00edtulo de \u00abMadre Seton.\u00bb En Baltimore, el 25 de marzo de 1809, Isabel pronunci\u00f3 sus votos en privado, en la presencia del arzobispo Carroll.<\/p>\n<p>En la fiesta de Corpus Christi de 1809, Isabel y las prime\u00adras cuatro candidatas aparecieron en p\u00fablico por vez primera ves\u00adtidas con su h\u00e1bito religioso en la misa de la capilla de Santa Mar\u00eda. El h\u00e1bito era parecido a un conjunto que llevaba Isabel en la muer\u00adte de su marido en Leghorn, un vestido negro con una esclavina y una cofia sencilla que se ataba debajo de la barbilla.<\/p>\n<p><a href=\"https:\/\/i0.wp.com\/vicencianos.org\/wp-content\/2012\/01\/isabel_seton_05.jpg\"><img data-recalc-dims=\"1\" loading=\"lazy\" decoding=\"async\" class=\"alignright size-medium wp-image-57422\" title=\"isabel_seton_05\" src=\"https:\/\/i0.wp.com\/vicencianos.org\/wp-content\/2012\/01\/isabel_seton_05-197x300.jpg?resize=197%2C300\" alt=\"\" width=\"197\" height=\"300\" \/><\/a>El 21 de junio de 1809 Isabel y sus compa\u00f1eras se pusieron en camino hacia las monta\u00f1as de Emmitsburg. Como la casa de piedra en Emmitsburg no estaba a\u00fan a punto, su primera residencia estuvo dentro de la propiedad del seminario del Monte Santa Mar\u00eda. All\u00ed se les unieron otras candidatas. El 31 de julio de 1809 Isabel y sus compa\u00f1eras marcharon por fin a la casa de piedra que existe a\u00fan en Emmitsburg. Casi de seguido comenz\u00f3 la construc\u00adci\u00f3n de una escuela. Este edificio, que se llama la \u00abWhite House\u00bb (\u00abCasa Blanca\u00bb), a\u00fan existe.<\/p>\n<p>El n\u00famero de postu\u00adlantes empez\u00f3 a crecer r\u00e1pidamente, y con eso iba creciendo la nueva comu\u00adnidad. Isabel era muy cui\u00addadosa en discernir entre las que deb\u00edan ser admiti\u00addas en la comunidad y las que deb\u00edan ser devueltas a sus casas. Creci\u00f3 la escue\u00adla, y lo mismo sucedi\u00f3 al reci\u00e9n nacido grupo de las Hermanas de la Caridad.<\/p>\n<p>Isabel sufri\u00f3 algunas tensiones con los primeros sacerdotes nombrados su\u00adperiores de la comunidad nueva, pero el arzobispo Carroll la apoy\u00f3 en todo momento. Finalmente nombr\u00f3 al padre John Dubois, fundador del Colegio de Santa Mar\u00eda, como superior general de la comunidad, y en 1812 se aprobaron las nuevas Reglas y Constituciones. Simon Brut\u00e9, ayudante de Dubois, fue su hombre de enlace con las herma\u00adnas, y durante los diez \u00faltimos a\u00f1os de la vida de Isabel fue uno de sus amigos m\u00e1s cercanos y un gran apoyo.<\/p>\n<p>En 1818 la comunidad contaba con 61 hermanas, y segu\u00eda creciendo r\u00e1pidamente. Pero la vida no era nada f\u00e1cil. Adem\u00e1s de terrible de perder dos de sus hijas. Su hija mayor, Anna, que se estaba preparando para ser una Hermana de la Caridad, muri\u00f3 en 1812, a los 16 a\u00f1os. La m\u00e1s joven, Rebecca, muri\u00f3 en 1816 a los 14 a\u00f1os. Kate, que era enfermiza en su ni\u00f1ez, vivi\u00f3 hasta 1891, mucho m\u00e1s que ning\u00fan otro miembro de la familia.<\/p>\n<p>Sus hijos le dieron motivos de preocupaci\u00f3n. Los dos fue\u00adron a Livorno a trabajar con los Filicchis, pero ninguno de los dos prosper\u00f3. Ambos volvieron a Estados Unidos y se enrolaron en la marina. Richard muri\u00f3 a bordo de un barco justamente a los dos a\u00f1os de la muerte de su madre. William vivi\u00f3 hasta 1868.<\/p>\n<p>Con la muerte de sus dos hijas, la salud de Isabel misma empez\u00f3 a empeorar r\u00e1pidamente. Contrajo una cojera, tuvo una \u00falcera en el pecho, sufr\u00eda una fiebre persistente y luego una tos que result\u00f3 ser un s\u00edntoma de tuberculosis. Despu\u00e9s de varios a\u00f1os de enfermedad y de verse cerca de la muerte varias veces, muri\u00f3 en paz el 4 de enero de 1821.<\/p>\n<h2><strong>V. Una mujer de Dios<\/strong><\/h2>\n<p>A los cuatro meses de la muerte de Isabel escrib\u00eda Simon Brut\u00e9 al amigo de ella Antonio Filicchi lo que sigue:<\/p>\n<p><em><a href=\"https:\/\/i0.wp.com\/vicencianos.org\/wp-content\/2012\/01\/isabel_seton_06.jpg\"><img data-recalc-dims=\"1\" loading=\"lazy\" decoding=\"async\" class=\"alignleft size-medium wp-image-57423\" title=\"isabel_seton_06\" src=\"https:\/\/i0.wp.com\/vicencianos.org\/wp-content\/2012\/01\/isabel_seton_06-214x300.jpg?resize=214%2C300\" alt=\"\" width=\"214\" height=\"300\" \/><\/a>Su caracter\u00edstica m\u00e1s notable era la compasi\u00f3n y compren\u00adsi\u00f3n hacia los pobres pecadores. Su caridad le ense\u00f1\u00f3 a vigilarse a s\u00ed misma para no hablar nunca mal de los dem\u00e1s, encontrar siempre excusas o no decir nada. Sus otras virtudes personales fueron su afecto a sus amistades y su capacidad de agradecimien\u00adto, su respeto religioso por los ministros del Se\u00f1or y por todo lo que se refiere a la religi\u00f3n. Ten\u00eda un coraz\u00f3n compasivo, religioso, generoso con los bienes que pose\u00eda, desinteresada en relaci\u00f3n a todo.<\/em><\/p>\n<p>De entre las virtudes de Isabel Ana Seton que menciona Brut\u00e9 sugiero tres de ellas como m\u00e1s destacadas.<\/p>\n<h3><em>1. Fidelidad en la amis\u00adtad<\/em><\/h3>\n<p>Como tantos otros santos, Isabel ten\u00eda el don de la amistad. Cuando era a\u00fan una adolescente inici\u00f3 va\u00adrias amistades s\u00f3lidas que le duraron toda la vida. Su corresponden\u00adcia con Julia Scott y con Catherine Dupleix nos proporciona un conocimiento privile\u00adgiado del coraz\u00f3n de Isabel. Ve\u00eda la amistad como uno de los mejo\u00adres dones de Dios, y en sus formas m\u00e1s profundas como una opor\u00adtunidad para ayudarse mutuamente a acercarse a Dios cada vez m\u00e1s.<\/p>\n<p>Su amistad con Antonio Filicchi fue extraordinaria. Su correspondencia con Antonio y su mujer Amabilia es un testimonio escrito admirable de fidelidad en la amistad. Sus cartas a Antonio est\u00e1n llenas de afecto. Le escribe Isabel:<\/p>\n<p><em>Jonat\u00e1n am\u00f3 a David como a su propia alma, y si yo fuera tu hermano, Antonio, no te dejar\u00eda ni una sola hora. Pero tal como son las cosas, me esfuerzo m\u00e1s bien en dirigir todo mi afecto hacia Dios&#8230;<\/em><\/p>\n<p>Escribe en otra ocasi\u00f3n:<\/p>\n<p><em>En la vida y en la muerte, hermano m\u00edo, nunca dejar\u00e9 de orar por ti y de amarte con todo mi coraz\u00f3n.<\/em><\/p>\n<p>De hecho Antonio suger\u00eda a Isabel que limitara su corres\u00adpondencia, pero a Isabel le costaba controlarse. Le dijo una vez: \u00abAma, por favor, a tu pobre hermana, si no por ella misma o por el amor que ella te tiene, al menos por Aquel cuya ley es el amor.\u00bb<\/p>\n<h3><em>2. <\/em><em>Servicio compasivo<\/em><\/h3>\n<p>Siendo viuda, igual que Luisa de Marillac, Isabel decidi\u00f3 entregar su vida a Dios en el servicio a los necesitados Despu\u00e9s de trasla\u00addarse a Emmitsburg dedic\u00f3 su vida entera a los ni\u00f1os de la gran escuela que dirig\u00eda, a las hermanas de su comunidad reci\u00e9n nacida y a sus propios hijos. Escribi\u00f3 esta instrucci\u00f3n para las hermanas:<\/p>\n<p>&#8230; <em>como Hermanas de la Caridad que somos, no debemos ni tener en cuenta nuestros cuerpos ni preocuparnos por ellos, no debemos tener en cuenta por un solo instante ning\u00fan trabajo ni ning\u00fan sufrimiento; s\u00f3lo debemos decirnos: \u00a1esto es para mi Dios! Debemos ver todo s\u00f3lo bajo ese aspecto: nuestro Dios y la eterni\u00addad&#8230; Este es mi mandamiento: que os am\u00e9is unos a a otros como yo os he amado.<\/em><\/p>\n<h3><em>3. <\/em><em>Fe y esperanza en la resurrecci\u00f3n<\/em><\/h3>\n<p>Por decirlo de manera directa: Isabel tuvo una vida muy dura. La muerte se llev\u00f3 a su marido, a varios de sus amigos m\u00e1s \u00edntimos, a muchas de las primeras hermanas del tiempo de la fun\u00addaci\u00f3n, y a dos de sus propios hijos, antes de que se llevara a Isabel misma. La muerte de su hija Anna le llev\u00f3 casi a la desesperaci\u00f3n. Escribi\u00f3 a su amigo George Weis: \u00abDurante tres meses despu\u00e9s de la muerte de Nina estuve muchas veces a punto de perder mis sen\u00adtidos, y ten\u00eda mi coraz\u00f3n desorientado\u00bb<\/p>\n<p>Pero confiaba profundamente en la resurrecci\u00f3n. Escrib\u00eda:<\/p>\n<p><em>Servimos a Dios en esperanza, fi\u00e1ndonos de sus promesas, confiando en su amor, buscando su reino, y dej\u00e1ndole a \u00c9l todo lo dem\u00e1s,&#8230; mirando hacia el futuro, hacia el d\u00eda en que aparecer\u00e1, cuando le veremos tal cual es, cuando le veamos en su gloria, y cuando seamos glorificados junto con \u00e9l, goz\u00e1ndonos en la espe\u00adranza? \u00a1Pues la esperanza no se ver\u00e1 nunca frustrada!<\/em><\/p>\n<p>Ni\u00f1a reflexiva, adolescente muy sociable, joven inteligen\u00adte, esposa, madre, viuda, conversa, maestra, fundadora: Isabel Ana Seton fue una mujer extraordinaria. Su amigo y confesor Simon Brut\u00e9 escribi\u00f3 en el verano que sigui\u00f3 a su muerte:<\/p>\n<p><em>Dir\u00e9 que como resultado del afecto y conocimiento \u00edntimo que tuve de la Madre Seton, creo poder asegurar que ella ha sido una de esas almas verdaderamente elegidas que, de haber vivido en circunstancias similares a las de santa Teresa (de \u00c1vila) o de santa (Juana) Francisca de Chantal, hubiera sido igual a ellas en la escala de la santidad.<\/em><\/p>\n<p>Efectivamente, as\u00ed fue: fue canonizada el 14 de septiembre de 1975, la primera santa nacida en los Estados Unidos de Am\u00e9rica.<\/p>\n","protected":false},"excerpt":{"rendered":"<p>Isabel Ana Seton fue una mujer extraordinaria. Vivi\u00f3 m\u00e1s intensamente en los 46 a\u00f1os de su vida que mucha gente que vive el doble de a\u00f1os. Podr\u00eda presentar con facilidad diez rostros de su admirable &#8230; <a href=\"https:\/\/vincentians.com\/es\/cinco-rostros-de-isabel-ana-seton\/\" class=\"more-link\">Read More<\/a><\/p>\n","protected":false},"author":4,"featured_media":57418,"comment_status":"open","ping_status":"open","sticky":false,"template":"","format":"standard","meta":{"jetpack_post_was_ever_published":false,"_jetpack_newsletter_access":"","_jetpack_dont_email_post_to_subs":false,"_jetpack_newsletter_tier_id":0,"_jetpack_memberships_contains_paywalled_content":false,"_jetpack_memberships_contains_paid_content":false,"footnotes":"","jetpack_publicize_message":"","jetpack_publicize_feature_enabled":true,"jetpack_social_post_already_shared":true,"jetpack_social_options":{"image_generator_settings":{"template":"highway","default_image_id":0,"font":"","enabled":false},"version":2}},"categories":[24],"tags":[172],"class_list":["post-57417","post","type-post","status-publish","format-standard","has-post-thumbnail","hentry","category-isabel-ana-bayley-seton","tag-pobreza"],"yoast_head":"<!-- This site is optimized with the Yoast SEO plugin v26.3 - https:\/\/yoast.com\/wordpress\/plugins\/seo\/ -->\n<title>Cinco rostros de Isabel Ana Seton - Somos Vicencianos<\/title>\n<meta name=\"robots\" content=\"index, follow, max-snippet:-1, max-image-preview:large, max-video-preview:-1\" \/>\n<link rel=\"canonical\" href=\"https:\/\/vincentians.com\/es\/cinco-rostros-de-isabel-ana-seton\/\" \/>\n<meta property=\"og:locale\" content=\"es_ES\" \/>\n<meta property=\"og:type\" content=\"article\" \/>\n<meta property=\"og:title\" content=\"Cinco rostros de Isabel Ana Seton - Somos Vicencianos\" \/>\n<meta property=\"og:description\" content=\"Isabel Ana Seton fue una mujer extraordinaria. Vivi\u00f3 m\u00e1s intensamente en los 46 a\u00f1os de su vida que mucha gente que vive el doble de a\u00f1os. Podr\u00eda presentar con facilidad diez rostros de su admirable ... Read More\" \/>\n<meta property=\"og:url\" content=\"https:\/\/vincentians.com\/es\/cinco-rostros-de-isabel-ana-seton\/\" \/>\n<meta property=\"og:site_name\" content=\"Somos Vicencianos\" \/>\n<meta property=\"article:publisher\" content=\"https:\/\/www.facebook.com\/WeAreVincentians\/\" \/>\n<meta property=\"article:author\" content=\"https:\/\/www.facebook.com\/JavierChento\" \/>\n<meta property=\"article:published_time\" content=\"2015-05-28T03:45:59+00:00\" \/>\n<meta property=\"article:modified_time\" content=\"2016-07-26T07:25:48+00:00\" \/>\n<meta name=\"author\" content=\"Francisco Javier Fern\u00e1ndez Chento\" \/>\n<meta name=\"twitter:card\" content=\"summary_large_image\" \/>\n<meta name=\"twitter:creator\" content=\"@https:\/\/twitter.com\/javierchento\" \/>\n<meta name=\"twitter:site\" content=\"@WeVincentians\" \/>\n<meta name=\"twitter:label1\" content=\"Escrito por\" \/>\n\t<meta name=\"twitter:data1\" content=\"Francisco Javier Fern\u00e1ndez Chento\" \/>\n\t<meta name=\"twitter:label2\" content=\"Tiempo de lectura\" \/>\n\t<meta name=\"twitter:data2\" content=\"15 minutos\" \/>\n<script type=\"application\/ld+json\" class=\"yoast-schema-graph\">{\"@context\":\"https:\/\/schema.org\",\"@graph\":[{\"@type\":\"Article\",\"@id\":\"https:\/\/vincentians.com\/es\/cinco-rostros-de-isabel-ana-seton\/#article\",\"isPartOf\":{\"@id\":\"https:\/\/vincentians.com\/es\/cinco-rostros-de-isabel-ana-seton\/\"},\"author\":{\"name\":\"Francisco Javier Fern\u00e1ndez Chento\",\"@id\":\"http:\/\/vincentians.com\/es\/#\/schema\/person\/9623ef4d9aa3b2dfb8c061f1499288f2\"},\"headline\":\"Cinco rostros de Isabel Ana Seton\",\"datePublished\":\"2015-05-28T03:45:59+00:00\",\"dateModified\":\"2016-07-26T07:25:48+00:00\",\"mainEntityOfPage\":{\"@id\":\"https:\/\/vincentians.com\/es\/cinco-rostros-de-isabel-ana-seton\/\"},\"wordCount\":3099,\"commentCount\":0,\"publisher\":{\"@id\":\"http:\/\/vincentians.com\/es\/#organization\"},\"image\":{\"@id\":\"https:\/\/vincentians.com\/es\/cinco-rostros-de-isabel-ana-seton\/#primaryimage\"},\"thumbnailUrl\":\"\",\"keywords\":[\"Pobreza\"],\"articleSection\":[\"Isabel Ana Bayley Seton\"],\"inLanguage\":\"es\",\"potentialAction\":[{\"@type\":\"CommentAction\",\"name\":\"Comment\",\"target\":[\"https:\/\/vincentians.com\/es\/cinco-rostros-de-isabel-ana-seton\/#respond\"]}]},{\"@type\":\"WebPage\",\"@id\":\"https:\/\/vincentians.com\/es\/cinco-rostros-de-isabel-ana-seton\/\",\"url\":\"https:\/\/vincentians.com\/es\/cinco-rostros-de-isabel-ana-seton\/\",\"name\":\"Cinco rostros de Isabel Ana Seton - Somos Vicencianos\",\"isPartOf\":{\"@id\":\"http:\/\/vincentians.com\/es\/#website\"},\"primaryImageOfPage\":{\"@id\":\"https:\/\/vincentians.com\/es\/cinco-rostros-de-isabel-ana-seton\/#primaryimage\"},\"image\":{\"@id\":\"https:\/\/vincentians.com\/es\/cinco-rostros-de-isabel-ana-seton\/#primaryimage\"},\"thumbnailUrl\":\"\",\"datePublished\":\"2015-05-28T03:45:59+00:00\",\"dateModified\":\"2016-07-26T07:25:48+00:00\",\"breadcrumb\":{\"@id\":\"https:\/\/vincentians.com\/es\/cinco-rostros-de-isabel-ana-seton\/#breadcrumb\"},\"inLanguage\":\"es\",\"potentialAction\":[{\"@type\":\"ReadAction\",\"target\":[\"https:\/\/vincentians.com\/es\/cinco-rostros-de-isabel-ana-seton\/\"]}]},{\"@type\":\"ImageObject\",\"inLanguage\":\"es\",\"@id\":\"https:\/\/vincentians.com\/es\/cinco-rostros-de-isabel-ana-seton\/#primaryimage\",\"url\":\"\",\"contentUrl\":\"\"},{\"@type\":\"BreadcrumbList\",\"@id\":\"https:\/\/vincentians.com\/es\/cinco-rostros-de-isabel-ana-seton\/#breadcrumb\",\"itemListElement\":[{\"@type\":\"ListItem\",\"position\":1,\"name\":\"Portada\",\"item\":\"http:\/\/vincentians.com\/es\/\"},{\"@type\":\"ListItem\",\"position\":2,\"name\":\"Cinco rostros de Isabel Ana Seton\"}]},{\"@type\":\"WebSite\",\"@id\":\"http:\/\/vincentians.com\/es\/#website\",\"url\":\"http:\/\/vincentians.com\/es\/\",\"name\":\"Somos Vicencianos\",\"description\":\"Know more to serve more\",\"publisher\":{\"@id\":\"http:\/\/vincentians.com\/es\/#organization\"},\"potentialAction\":[{\"@type\":\"SearchAction\",\"target\":{\"@type\":\"EntryPoint\",\"urlTemplate\":\"http:\/\/vincentians.com\/es\/?s={search_term_string}\"},\"query-input\":{\"@type\":\"PropertyValueSpecification\",\"valueRequired\":true,\"valueName\":\"search_term_string\"}}],\"inLanguage\":\"es\"},{\"@type\":\"Organization\",\"@id\":\"http:\/\/vincentians.com\/es\/#organization\",\"name\":\"The Vincentian Network\",\"url\":\"http:\/\/vincentians.com\/es\/\",\"logo\":{\"@type\":\"ImageObject\",\"inLanguage\":\"es\",\"@id\":\"http:\/\/vincentians.com\/es\/#\/schema\/logo\/image\/\",\"url\":\"https:\/\/i1.wp.com\/vincentians.com\/es\/wp-content\/uploads\/sites\/11\/2016\/06\/Vincentian-Network-logo-big.png?fit=778%2C778\",\"contentUrl\":\"https:\/\/i1.wp.com\/vincentians.com\/es\/wp-content\/uploads\/sites\/11\/2016\/06\/Vincentian-Network-logo-big.png?fit=778%2C778\",\"width\":778,\"height\":778,\"caption\":\"The Vincentian Network\"},\"image\":{\"@id\":\"http:\/\/vincentians.com\/es\/#\/schema\/logo\/image\/\"},\"sameAs\":[\"https:\/\/www.facebook.com\/WeAreVincentians\/\",\"https:\/\/x.com\/WeVincentians\"]},{\"@type\":\"Person\",\"@id\":\"http:\/\/vincentians.com\/es\/#\/schema\/person\/9623ef4d9aa3b2dfb8c061f1499288f2\",\"name\":\"Francisco Javier Fern\u00e1ndez Chento\",\"image\":{\"@type\":\"ImageObject\",\"inLanguage\":\"es\",\"@id\":\"http:\/\/vincentians.com\/es\/#\/schema\/person\/image\/\",\"url\":\"https:\/\/secure.gravatar.com\/avatar\/497d5cde87b4c3d097d0315953521681ba2cd523ee66e5077c3711f7021e65de?s=96&d=mm&r=g\",\"contentUrl\":\"https:\/\/secure.gravatar.com\/avatar\/497d5cde87b4c3d097d0315953521681ba2cd523ee66e5077c3711f7021e65de?s=96&d=mm&r=g\",\"caption\":\"Francisco Javier Fern\u00e1ndez Chento\"},\"description\":\"Director General y cofundador de La Red de Formaci\u00f3n Vicenciana. Javier es laico vicenciano, afiliado a la Congregaci\u00f3n de la Misi\u00f3n y miembro del Equipo de Misiones Populares de la provincia can\u00f3nica de Zaragoza (Espa\u00f1a) de la Congregaci\u00f3n de la Misi\u00f3n. Graduado en la Universidad Oberta de Catalunya con cuatro grados (Asistente de direcci\u00f3n, Gesti\u00f3n Administrativa, Recursos Humanos y Contabilidad Avanzada). Bil\u00edng\u00fce Espa\u00f1ol\/Ingl\u00e9s. gestiona y mantiene varias p\u00e1ginas web cristianas y vicencianas, incluida including La Red de Formaci\u00f3n Vicenciana, de la que es cofundador. Actualmente es responsable del \u00e1rea de Espa\u00f1ol de .famvin, la Red de Noticias de la Familia Vicenciana. Tambi\u00e9n es m\u00fasico cat\u00f3lico y ha editado varios discos. Es Director General y cofundador de Trovador, una reconocida compa\u00f1\u00eda discogr\u00e1fica critiana de Espa\u00f1a. Trabaja en las Tecnolog\u00edas de la Informaci\u00f3n, ofreciendo servicios de alojamiento, dise\u00f1o y mantenimiento Web, as\u00ed como asesoramiento, formaci\u00f3n y soluciones inform\u00e1ticas, gesti\u00f3n documental y digitalizaci\u00f3n de textos, edici\u00f3n y maquetaci\u00f3n de libros, revistas, flyers, etc.\",\"sameAs\":[\"http:\/\/chento.org\",\"https:\/\/www.facebook.com\/JavierChento\",\"https:\/\/x.com\/https:\/\/twitter.com\/javierchento\"],\"url\":\"https:\/\/vincentians.com\/es\/author\/chento\/\"}]}<\/script>\n<!-- \/ Yoast SEO plugin. -->","yoast_head_json":{"title":"Cinco rostros de Isabel Ana Seton - Somos Vicencianos","robots":{"index":"index","follow":"follow","max-snippet":"max-snippet:-1","max-image-preview":"max-image-preview:large","max-video-preview":"max-video-preview:-1"},"canonical":"https:\/\/vincentians.com\/es\/cinco-rostros-de-isabel-ana-seton\/","og_locale":"es_ES","og_type":"article","og_title":"Cinco rostros de Isabel Ana Seton - Somos Vicencianos","og_description":"Isabel Ana Seton fue una mujer extraordinaria. Vivi\u00f3 m\u00e1s intensamente en los 46 a\u00f1os de su vida que mucha gente que vive el doble de a\u00f1os. Podr\u00eda presentar con facilidad diez rostros de su admirable ... Read More","og_url":"https:\/\/vincentians.com\/es\/cinco-rostros-de-isabel-ana-seton\/","og_site_name":"Somos Vicencianos","article_publisher":"https:\/\/www.facebook.com\/WeAreVincentians\/","article_author":"https:\/\/www.facebook.com\/JavierChento","article_published_time":"2015-05-28T03:45:59+00:00","article_modified_time":"2016-07-26T07:25:48+00:00","author":"Francisco Javier Fern\u00e1ndez Chento","twitter_card":"summary_large_image","twitter_creator":"@https:\/\/twitter.com\/javierchento","twitter_site":"@WeVincentians","twitter_misc":{"Escrito por":"Francisco Javier Fern\u00e1ndez Chento","Tiempo de lectura":"15 minutos"},"schema":{"@context":"https:\/\/schema.org","@graph":[{"@type":"Article","@id":"https:\/\/vincentians.com\/es\/cinco-rostros-de-isabel-ana-seton\/#article","isPartOf":{"@id":"https:\/\/vincentians.com\/es\/cinco-rostros-de-isabel-ana-seton\/"},"author":{"name":"Francisco Javier Fern\u00e1ndez Chento","@id":"http:\/\/vincentians.com\/es\/#\/schema\/person\/9623ef4d9aa3b2dfb8c061f1499288f2"},"headline":"Cinco rostros de Isabel Ana Seton","datePublished":"2015-05-28T03:45:59+00:00","dateModified":"2016-07-26T07:25:48+00:00","mainEntityOfPage":{"@id":"https:\/\/vincentians.com\/es\/cinco-rostros-de-isabel-ana-seton\/"},"wordCount":3099,"commentCount":0,"publisher":{"@id":"http:\/\/vincentians.com\/es\/#organization"},"image":{"@id":"https:\/\/vincentians.com\/es\/cinco-rostros-de-isabel-ana-seton\/#primaryimage"},"thumbnailUrl":"","keywords":["Pobreza"],"articleSection":["Isabel Ana Bayley Seton"],"inLanguage":"es","potentialAction":[{"@type":"CommentAction","name":"Comment","target":["https:\/\/vincentians.com\/es\/cinco-rostros-de-isabel-ana-seton\/#respond"]}]},{"@type":"WebPage","@id":"https:\/\/vincentians.com\/es\/cinco-rostros-de-isabel-ana-seton\/","url":"https:\/\/vincentians.com\/es\/cinco-rostros-de-isabel-ana-seton\/","name":"Cinco rostros de Isabel Ana Seton - Somos Vicencianos","isPartOf":{"@id":"http:\/\/vincentians.com\/es\/#website"},"primaryImageOfPage":{"@id":"https:\/\/vincentians.com\/es\/cinco-rostros-de-isabel-ana-seton\/#primaryimage"},"image":{"@id":"https:\/\/vincentians.com\/es\/cinco-rostros-de-isabel-ana-seton\/#primaryimage"},"thumbnailUrl":"","datePublished":"2015-05-28T03:45:59+00:00","dateModified":"2016-07-26T07:25:48+00:00","breadcrumb":{"@id":"https:\/\/vincentians.com\/es\/cinco-rostros-de-isabel-ana-seton\/#breadcrumb"},"inLanguage":"es","potentialAction":[{"@type":"ReadAction","target":["https:\/\/vincentians.com\/es\/cinco-rostros-de-isabel-ana-seton\/"]}]},{"@type":"ImageObject","inLanguage":"es","@id":"https:\/\/vincentians.com\/es\/cinco-rostros-de-isabel-ana-seton\/#primaryimage","url":"","contentUrl":""},{"@type":"BreadcrumbList","@id":"https:\/\/vincentians.com\/es\/cinco-rostros-de-isabel-ana-seton\/#breadcrumb","itemListElement":[{"@type":"ListItem","position":1,"name":"Portada","item":"http:\/\/vincentians.com\/es\/"},{"@type":"ListItem","position":2,"name":"Cinco rostros de Isabel Ana Seton"}]},{"@type":"WebSite","@id":"http:\/\/vincentians.com\/es\/#website","url":"http:\/\/vincentians.com\/es\/","name":"Somos Vicencianos","description":"Know more to serve more","publisher":{"@id":"http:\/\/vincentians.com\/es\/#organization"},"potentialAction":[{"@type":"SearchAction","target":{"@type":"EntryPoint","urlTemplate":"http:\/\/vincentians.com\/es\/?s={search_term_string}"},"query-input":{"@type":"PropertyValueSpecification","valueRequired":true,"valueName":"search_term_string"}}],"inLanguage":"es"},{"@type":"Organization","@id":"http:\/\/vincentians.com\/es\/#organization","name":"The Vincentian Network","url":"http:\/\/vincentians.com\/es\/","logo":{"@type":"ImageObject","inLanguage":"es","@id":"http:\/\/vincentians.com\/es\/#\/schema\/logo\/image\/","url":"https:\/\/i1.wp.com\/vincentians.com\/es\/wp-content\/uploads\/sites\/11\/2016\/06\/Vincentian-Network-logo-big.png?fit=778%2C778","contentUrl":"https:\/\/i1.wp.com\/vincentians.com\/es\/wp-content\/uploads\/sites\/11\/2016\/06\/Vincentian-Network-logo-big.png?fit=778%2C778","width":778,"height":778,"caption":"The Vincentian Network"},"image":{"@id":"http:\/\/vincentians.com\/es\/#\/schema\/logo\/image\/"},"sameAs":["https:\/\/www.facebook.com\/WeAreVincentians\/","https:\/\/x.com\/WeVincentians"]},{"@type":"Person","@id":"http:\/\/vincentians.com\/es\/#\/schema\/person\/9623ef4d9aa3b2dfb8c061f1499288f2","name":"Francisco Javier Fern\u00e1ndez Chento","image":{"@type":"ImageObject","inLanguage":"es","@id":"http:\/\/vincentians.com\/es\/#\/schema\/person\/image\/","url":"https:\/\/secure.gravatar.com\/avatar\/497d5cde87b4c3d097d0315953521681ba2cd523ee66e5077c3711f7021e65de?s=96&d=mm&r=g","contentUrl":"https:\/\/secure.gravatar.com\/avatar\/497d5cde87b4c3d097d0315953521681ba2cd523ee66e5077c3711f7021e65de?s=96&d=mm&r=g","caption":"Francisco Javier Fern\u00e1ndez Chento"},"description":"Director General y cofundador de La Red de Formaci\u00f3n Vicenciana. Javier es laico vicenciano, afiliado a la Congregaci\u00f3n de la Misi\u00f3n y miembro del Equipo de Misiones Populares de la provincia can\u00f3nica de Zaragoza (Espa\u00f1a) de la Congregaci\u00f3n de la Misi\u00f3n. Graduado en la Universidad Oberta de Catalunya con cuatro grados (Asistente de direcci\u00f3n, Gesti\u00f3n Administrativa, Recursos Humanos y Contabilidad Avanzada). Bil\u00edng\u00fce Espa\u00f1ol\/Ingl\u00e9s. gestiona y mantiene varias p\u00e1ginas web cristianas y vicencianas, incluida including La Red de Formaci\u00f3n Vicenciana, de la que es cofundador. Actualmente es responsable del \u00e1rea de Espa\u00f1ol de .famvin, la Red de Noticias de la Familia Vicenciana. Tambi\u00e9n es m\u00fasico cat\u00f3lico y ha editado varios discos. Es Director General y cofundador de Trovador, una reconocida compa\u00f1\u00eda discogr\u00e1fica critiana de Espa\u00f1a. Trabaja en las Tecnolog\u00edas de la Informaci\u00f3n, ofreciendo servicios de alojamiento, dise\u00f1o y mantenimiento Web, as\u00ed como asesoramiento, formaci\u00f3n y soluciones inform\u00e1ticas, gesti\u00f3n documental y digitalizaci\u00f3n de textos, edici\u00f3n y maquetaci\u00f3n de libros, revistas, flyers, etc.","sameAs":["http:\/\/chento.org","https:\/\/www.facebook.com\/JavierChento","https:\/\/x.com\/https:\/\/twitter.com\/javierchento"],"url":"https:\/\/vincentians.com\/es\/author\/chento\/"}]}},"jetpack_publicize_connections":[],"jetpack_featured_media_url":"","jetpack_sharing_enabled":true,"jetpack_shortlink":"https:\/\/wp.me\/p7ETMF-eW5","jetpack-related-posts":[{"id":127184,"url":"https:\/\/vincentians.com\/es\/santa-isabel-ana-bayley-seton\/","url_meta":{"origin":57417,"position":0},"title":"Santa Isabel Ana Bayley Seton","author":"Francisco Javier Fern\u00e1ndez Chento","date":"04\/01\/2021","format":false,"excerpt":"Elizabeth Bayley Seton, la primera estadounidense de nacimiento en ser canonizada, era de ascendencia inglesa, creci\u00f3 en una familia que se estableci\u00f3 en la Nueva York colonial. Su padre, el doctor Richard Bayley era m\u00e9dico; su madre, Catherine Charlton, era la hija de un ministro anglicano. Este matrimonio tuvo tres\u2026","rel":"","context":"En \u00abIsabel Ana Bayley Seton\u00bb","block_context":{"text":"Isabel Ana Bayley Seton","link":"https:\/\/vincentians.com\/es\/category\/la-familia-vicenciana\/fundadores\/isabel-ana-bayley-seton\/"},"img":{"alt_text":"","src":"https:\/\/i0.wp.com\/vincentians.com\/es\/wp-content\/uploads\/sites\/11\/2016\/08\/cofradias-de-caridad.jpg?fit=1200%2C630&ssl=1&resize=350%2C200","width":350,"height":200,"srcset":"https:\/\/i0.wp.com\/vincentians.com\/es\/wp-content\/uploads\/sites\/11\/2016\/08\/cofradias-de-caridad.jpg?fit=1200%2C630&ssl=1&resize=350%2C200 1x, https:\/\/i0.wp.com\/vincentians.com\/es\/wp-content\/uploads\/sites\/11\/2016\/08\/cofradias-de-caridad.jpg?fit=1200%2C630&ssl=1&resize=525%2C300 1.5x, https:\/\/i0.wp.com\/vincentians.com\/es\/wp-content\/uploads\/sites\/11\/2016\/08\/cofradias-de-caridad.jpg?fit=1200%2C630&ssl=1&resize=700%2C400 2x, https:\/\/i0.wp.com\/vincentians.com\/es\/wp-content\/uploads\/sites\/11\/2016\/08\/cofradias-de-caridad.jpg?fit=1200%2C630&ssl=1&resize=1050%2C600 3x"},"classes":[]},{"id":119472,"url":"https:\/\/vincentians.com\/es\/la-madre-seton\/","url_meta":{"origin":57417,"position":1},"title":"La Madre Seton","author":"Francisco Javier Fern\u00e1ndez Chento","date":"03\/05\/2022","format":false,"excerpt":"La primera beata de nacionalidad norteamericana ha sido pro\u00adclamada en la bas\u00edlica de San Pedro en el curso de una ceremonia a la cual asistieron los Cardenales Francis Spellmnan, Arzobispo de Nueva York, y Joseph Elmer Ritter, Arzobispo de San Luis, as\u00ed como otros Obispos norteamericanos y una importante y\u2026","rel":"","context":"En \u00abIsabel Ana Bayley Seton\u00bb","block_context":{"text":"Isabel Ana Bayley Seton","link":"https:\/\/vincentians.com\/es\/category\/la-familia-vicenciana\/fundadores\/isabel-ana-bayley-seton\/"},"img":{"alt_text":"","src":"https:\/\/i0.wp.com\/vincentians.com\/es\/wp-content\/uploads\/sites\/11\/2013\/05\/La-milagrosa3.jpg?fit=670%2C430&ssl=1&resize=350%2C200","width":350,"height":200,"srcset":"https:\/\/i0.wp.com\/vincentians.com\/es\/wp-content\/uploads\/sites\/11\/2013\/05\/La-milagrosa3.jpg?fit=670%2C430&ssl=1&resize=350%2C200 1x, https:\/\/i0.wp.com\/vincentians.com\/es\/wp-content\/uploads\/sites\/11\/2013\/05\/La-milagrosa3.jpg?fit=670%2C430&ssl=1&resize=525%2C300 1.5x"},"classes":[]},{"id":127449,"url":"https:\/\/vincentians.com\/es\/evalua-tus-conocimientos\/","url_meta":{"origin":57417,"position":2},"title":"Eval\u00faa tus conocimientos","author":"Francisco Javier Fern\u00e1ndez Chento","date":"06\/01\/2014","format":false,"excerpt":"Una formaci\u00f3n s\u00f3lida ha de ser un objetivo clave de cualquier creyente que se toma su fe en serio. Los vicencianos, adem\u00e1s, nos sumergimos en una espiritualidad rica y profundamente enraizada en el evangelio de Jesucristo, y tenemos una historia llena de grandes eventos y cristianos dignos de imitaci\u00f3n. Con\u2026","rel":"","context":"En \u00abFormaci\u00f3n Vicenciana sin categorizar\u00bb","block_context":{"text":"Formaci\u00f3n Vicenciana sin categorizar","link":"https:\/\/vincentians.com\/es\/category\/formacion-vicenciana\/formacion-vicenciana-sin-categorizar\/"},"img":{"alt_text":"evalua","src":"https:\/\/i0.wp.com\/vicencianos.org\/wp-content\/2014\/01\/evalua-300x300.jpg?resize=350%2C200","width":350,"height":200},"classes":[]},{"id":34418,"url":"https:\/\/vincentians.com\/es\/isabel-seton-escrito-1-001-a-william-magee-seton\/","url_meta":{"origin":57417,"position":3},"title":"Isabel Seton, escrito 1-001: A William Magee Seton","author":"Francisco Javier Fern\u00e1ndez Chento","date":"12\/08\/2016","format":false,"excerpt":"(Sin fecha) Muy querido Will, He decidido cumplir con mis obligaciones e ir a ver, esta tarde, a la se\u00f1ora Dwight; y es mi intenci\u00f3n, si el cielo sigue despejado, m\u00e1s tarde pasar una hora con la se\u00f1ora Wilkes por la tarde, en donde podr\u00e9is tener la satisfacci\u00f3n de encontrarme,\u2026","rel":"","context":"En \u00abEscritos de Isabel Ana Bayley Seton\u00bb","block_context":{"text":"Escritos de Isabel Ana Bayley Seton","link":"https:\/\/vincentians.com\/es\/category\/escritos\/escritos-de-isabel-ana-bayley-seton\/"},"img":{"alt_text":"","src":"https:\/\/i0.wp.com\/vincentians.com\/es\/wp-content\/uploads\/sites\/11\/2016\/07\/escritos-isabel-seton.jpg?fit=1200%2C630&ssl=1&resize=350%2C200","width":350,"height":200,"srcset":"https:\/\/i0.wp.com\/vincentians.com\/es\/wp-content\/uploads\/sites\/11\/2016\/07\/escritos-isabel-seton.jpg?fit=1200%2C630&ssl=1&resize=350%2C200 1x, https:\/\/i0.wp.com\/vincentians.com\/es\/wp-content\/uploads\/sites\/11\/2016\/07\/escritos-isabel-seton.jpg?fit=1200%2C630&ssl=1&resize=525%2C300 1.5x, https:\/\/i0.wp.com\/vincentians.com\/es\/wp-content\/uploads\/sites\/11\/2016\/07\/escritos-isabel-seton.jpg?fit=1200%2C630&ssl=1&resize=700%2C400 2x, https:\/\/i0.wp.com\/vincentians.com\/es\/wp-content\/uploads\/sites\/11\/2016\/07\/escritos-isabel-seton.jpg?fit=1200%2C630&ssl=1&resize=1050%2C600 3x"},"classes":[]},{"id":87464,"url":"https:\/\/vincentians.com\/es\/isabel-ana-bayley-seton-mujer-de-mision-i\/","url_meta":{"origin":57417,"position":4},"title":"Isabel Ana Bayley Seton. Mujer de misi\u00f3n (I)","author":"Francisco Javier Fern\u00e1ndez Chento","date":"01\/06\/2015","format":false,"excerpt":"El 14 de septiembre de 1975, fue canonizada Isabel Ana Bayley Seton, la primera santa nativa de los Estados Unidos. Este 25 aniversario, invita a la Familia Vicenciana a reflexionar, de nuevo, sobre su vida, su herencia y su espi\u00adritualidad. Como \"ciudadana del mundo\", su herencia en materia de educaci\u00f3n\u2026","rel":"","context":"En \u00abIsabel Ana Bayley Seton\u00bb","block_context":{"text":"Isabel Ana Bayley Seton","link":"https:\/\/vincentians.com\/es\/category\/la-familia-vicenciana\/fundadores\/isabel-ana-bayley-seton\/"},"img":{"alt_text":"","src":"https:\/\/i0.wp.com\/vicencianos.org\/wp-content\/2012\/06\/200px-Saint_Elizabeth_Ann_Seton_1774_-_1821.gif?resize=350%2C200","width":350,"height":200},"classes":[]},{"id":9587,"url":"https:\/\/vincentians.com\/es\/breve-biografia-de-santa-isabel-seton\/","url_meta":{"origin":57417,"position":5},"title":"Breve biograf\u00eda de Santa Isabel Seton","author":"Francisco Javier Fern\u00e1ndez Chento","date":"04\/01\/2025","format":false,"excerpt":"Nace en Nueva York el 28 de agosto de 1774. Crece en el seno de la Iglesia Episcopaliana. Casada con Guillermo Seton, de quien llega a tener cinco hijos, enviuda el 27 de diciembre de 1803. El 14 de marzo de 1805 abraza el catolicismo, arrostrando las m\u00faltiples dificultades que\u2026","rel":"","context":"En \u00abHijas de la Caridad\u00bb","block_context":{"text":"Hijas de la Caridad","link":"https:\/\/vincentians.com\/es\/category\/la-familia-vicenciana\/ramas\/hijas-de-la-caridad\/"},"img":{"alt_text":"","src":"https:\/\/i0.wp.com\/vincentians.com\/es\/wp-content\/uploads\/sites\/11\/2016\/01\/seton.jpg?fit=1200%2C630&ssl=1&resize=350%2C200","width":350,"height":200,"srcset":"https:\/\/i0.wp.com\/vincentians.com\/es\/wp-content\/uploads\/sites\/11\/2016\/01\/seton.jpg?fit=1200%2C630&ssl=1&resize=350%2C200 1x, https:\/\/i0.wp.com\/vincentians.com\/es\/wp-content\/uploads\/sites\/11\/2016\/01\/seton.jpg?fit=1200%2C630&ssl=1&resize=525%2C300 1.5x, https:\/\/i0.wp.com\/vincentians.com\/es\/wp-content\/uploads\/sites\/11\/2016\/01\/seton.jpg?fit=1200%2C630&ssl=1&resize=700%2C400 2x, https:\/\/i0.wp.com\/vincentians.com\/es\/wp-content\/uploads\/sites\/11\/2016\/01\/seton.jpg?fit=1200%2C630&ssl=1&resize=1050%2C600 3x"},"classes":[]}],"_links":{"self":[{"href":"https:\/\/vincentians.com\/es\/wp-json\/wp\/v2\/posts\/57417","targetHints":{"allow":["GET"]}}],"collection":[{"href":"https:\/\/vincentians.com\/es\/wp-json\/wp\/v2\/posts"}],"about":[{"href":"https:\/\/vincentians.com\/es\/wp-json\/wp\/v2\/types\/post"}],"author":[{"embeddable":true,"href":"https:\/\/vincentians.com\/es\/wp-json\/wp\/v2\/users\/4"}],"replies":[{"embeddable":true,"href":"https:\/\/vincentians.com\/es\/wp-json\/wp\/v2\/comments?post=57417"}],"version-history":[{"count":0,"href":"https:\/\/vincentians.com\/es\/wp-json\/wp\/v2\/posts\/57417\/revisions"}],"wp:featuredmedia":[{"embeddable":true,"href":"https:\/\/vincentians.com\/es\/wp-json\/"}],"wp:attachment":[{"href":"https:\/\/vincentians.com\/es\/wp-json\/wp\/v2\/media?parent=57417"}],"wp:term":[{"taxonomy":"category","embeddable":true,"href":"https:\/\/vincentians.com\/es\/wp-json\/wp\/v2\/categories?post=57417"},{"taxonomy":"post_tag","embeddable":true,"href":"https:\/\/vincentians.com\/es\/wp-json\/wp\/v2\/tags?post=57417"}],"curies":[{"name":"wp","href":"https:\/\/api.w.org\/{rel}","templated":true}]}}