{"id":56661,"date":"2015-04-17T06:00:08","date_gmt":"2015-04-17T04:00:08","guid":{"rendered":"http:\/\/somos.vicencianos.org\/?p=56661"},"modified":"2016-07-26T10:09:13","modified_gmt":"2016-07-26T08:09:13","slug":"de-la-devocion-a-la-evangelizacion","status":"publish","type":"post","link":"https:\/\/vincentians.com\/es\/de-la-devocion-a-la-evangelizacion\/","title":{"rendered":"De la devoci\u00f3n a la evangelizaci\u00f3n"},"content":{"rendered":"<p><a href=\"https:\/\/i0.wp.com\/vicencianos.org\/wp-content\/2011\/01\/amm.jpg\"><img data-recalc-dims=\"1\" loading=\"lazy\" decoding=\"async\" class=\"alignright size-full wp-image-26484\" title=\"amm\" src=\"https:\/\/i0.wp.com\/vicencianos.org\/wp-content\/2011\/01\/amm.jpg?resize=177%2C253\" alt=\"\" width=\"177\" height=\"253\" \/><\/a>La Asociaci\u00f3n de la Medalla Milagrosa ha estado marcada, principalmente, por un aspecto piadoso y devocional hacia la Madre de Dios, y con frecuencia, reducida a \u00e9ste campo, sin mayor proyecci\u00f3n eclesial y, menos a\u00fan, social.<\/p>\n<p>Los d\u00edas del mes de mayo y los triduos y novenarios que preceden a la fiesta lit\u00fargica del 27 de Noviembre, son momentos fuertes de oraci\u00f3n en torno a Mar\u00eda Milagrosa. En muchos de los cerca de 400 centros existentes en toda Espa\u00f1a, los d\u00edas 27 de cada mes se celebra una Eucarist\u00eda por los asociados difuntos y por los familiares que reciben en su casa la Visita Domiciliaria de la Virgen Milagrosa.<\/p>\n<p>Despu\u00e9s del Concilio Vaticano II y de la Exhortaci\u00f3n apost\u00f3lica \u00abMarialis Cultus\u00bb se impon\u00eda una revisi\u00f3n en la andadura de nuestra Asociaci\u00f3n.<\/p>\n<p>No pod\u00edamos seguir haciendo lo de siempre. Actualmente, Juan Pablo II nos convoca a una nueva evangelizaci\u00f3n ante el umbral del tercer milenio.<\/p>\n<p>En Espa\u00f1a, los Obispos tienen una seria preocupaci\u00f3n por la evangelizaci\u00f3n de ambientes tan diversos, como los intelectuales, los obreros, los j\u00f3venes y las personas que se han alejado de la vida de la Iglesia y viven un agnosticismo, cada d\u00eda m\u00e1s amplio, y de consecuencias nefastas en los comportamientos personales y sociales.<\/p>\n<p>Lo primero que hemos hecho, para responder a estas llamadas, ha sido organizar la catequesis de adultos en los centros de nuestra Asociaci\u00f3n. Ofrecemos as\u00ed una formaci\u00f3n cristiana de manera sistem\u00e1tica a quienes no tienen otro modo de cultivar su fe bautismal.<\/p>\n<p>En la actualidad existen m\u00e1s de 200 grupos de catequesis de adultos, si bien no todos los centros se han decidido a implantarlo. Hacen falta catequistas con experiencia y preparaci\u00f3n.<\/p>\n<p>Para lograr un mayor efecto multiplicador, un Sacerdote o una Hija de la Caridad explican la catequesis a las personas que han de impartir la formaci\u00f3n en la fe a los adultos, que acudan a ella en las casas particulares, no en las iglesias, para que puedan asistir los alejados que no acudir\u00edan al templo.<\/p>\n<p>El Padre General de la Congregaci\u00f3n de la Misi\u00f3n, Robert P. Maloney, en el Mensaje dirigido a los participantes del Congreso Mariano de El Escorial, con motivo del primer Centenario de la fiesta lit\u00fargica de la Medalla Milagrosa, nos invitaba a que cada Centro de la Asociaci\u00f3n fuera un lugar de oraci\u00f3n, formaci\u00f3n en la fe y caridad con los necesitados<span id='easy-footnote-1-56661' class='easy-footnote-margin-adjust'><\/span><span class='easy-footnote'><a href='https:\/\/vincentians.com\/es\/de-la-devocion-a-la-evangelizacion\/#easy-footnote-bottom-1-56661' title='Roma 7 de Abril de 1994.'><sup>1<\/sup><\/a><\/span>\n<p>Unir la trayectoria Mariana de la Compa\u00f1\u00eda con el Carisma Vicenciano de evangelizar a los pobres, fue el punto de partida para crear estos grupos de creyentes, a los que<\/p>\n<p>intentamos preparar para que sepan dar <strong>raz\u00f3n de su esperanza<\/strong>, en estos momentos en que las sectas causan estragos entre los sencillos y los humildes, los pobres y los menos cultivados.<\/p>\n<p>Ahora estamos promoviendo la vida de oraci\u00f3n en los centros. Para ello contamos con la experiencia espiritual de las Hijas de la Caridad y los cursos sobre la oraci\u00f3n que se imparten en diferentes ciudades de la naci\u00f3n.<\/p>\n<p>Queremos que el seglar recupere el sentido de la oraci\u00f3n como medio de acrecentar y fortalecer su fe en medio de las actividades y ocupaciones de cada d\u00eda.<\/p>\n<p>Estos grupos de formaci\u00f3n cristiana se re\u00fanen una vez al mes. Bastantes ya lo hacen cada 15 d\u00edas. Oran con los Salmos, meditan algunas lecturas b\u00edblicas, comparten su oraci\u00f3n con sencillez, escuchan la explicaci\u00f3n que les dirige el catequista y en la que participan activamente, terminando con alguna oraci\u00f3n de petici\u00f3n, en forma lit\u00e1nica, o con alg\u00fan canto.<\/p>\n<p><strong>La meta<\/strong> de estos grupos, que se re\u00fanen en torno a la imagen de la Virgen Milagrosa, es un <strong>catecumenado de adultos<\/strong>. Sin embargo, debemos avanzar a su paso, teniendo en cuenta su edad, su cultura y sus posilbilidades. Todas las catequesis terminan con un compromiso.<\/p>\n<p>Las conclusiones del Congreso de El Escorial, en el que participaron 587 personas de toda Espa\u00f1a, pertenecientes a la Asociaci\u00f3n de la Medalla Milagrosa, marcan las pautas de comportamiento solidario y de promoci\u00f3n de las personas, tratando de unir oraci\u00f3n y acci\u00f3n; devoci\u00f3n y compromiso de vida por los pobres y los humildes de nuestra sociedad; piedad y comunicaci\u00f3n de los bienes de la Asociaci\u00f3n de la Medalla Milagrosa en favor de los menos favorecidos, de los que queremos ser voz y a quienes deseamos defender frente a las situaciones de injusticia generadas en una sociedad insolidaria y egoista.<\/p>\n<p align=\"center\"><strong>La visita domiciliaria de la Virgen<\/strong><\/p>\n<p>Naci\u00f3 en Barcelona hace 80 a\u00f1os. Nuestros cohermanos observaron que cada mes una capilla o urna, con la imagen de la Sagrada Familia, recorr\u00eda los hogares cristianos que lo solicitaban. Ellos pensaron en sustituir la imagen de la Sagrada Familia por la Virgen Milagrosa.<\/p>\n<p>Se forman grupos de 30 familias, aproximadamente, cada una de las cuales recibe la capilla o urna, con la imagen de la Virgen Milagrosa, un d\u00eda fijo de cada mes.<\/p>\n<p>Al frente del grupo hay un\/a responsable que tiene la tarea de hacer que esa capilla llegue a cada hogar el d\u00eda del mes que le corresponde, repara los desperfectos, recoge las limosnas, que entrega al tesorero\/a de la Asociaci\u00f3n, y es como el lazo de uni\u00f3n entre la Junta Directiva del Centro, y las familias que la reciben.<\/p>\n<p>Esta pr\u00e1ctica devocional tiende a la santificaci\u00f3n de la familia. Se intenta que este signo religioso entre en los hogares, lo vean los ni\u00f1os desde sus primeros a\u00f1os, oren todos en torno a la Madre, sea ocasi\u00f3n de recordar, en medio de las dificultades o quehaceres de la vida, la faceta religiosa, el recuerdo de su fe bautismal y el mundo de la tanscendencia.<\/p>\n<p>Es el d\u00eda para honrar a Mar\u00eda y, por medio de Ella, a su Hijo, el Se\u00f1or. De ah\u00ed, que insistamos en la recepci\u00f3n de los sacramentos en ese d\u00eda. Con frecuencia, observamos que la capilla de la visita domiciliaria de la Virgen Milagrosa es el \u00fanico signo religioso en muchos hogares y, penosamente, el lazo que une a estas familias con la comunidad eclesial.<\/p>\n<p>En 1916, el P. Hilario Orzanco, el gran ap\u00f3stol de la Virgen Milagrosa, comienza a extender esta pr\u00e1ctica por toda Espa\u00f1a. Se sirve de los <strong>Misioneros<\/strong>, que la dejan en los pueblos misionados como un medio de perseverancia en los frutos de la Misi\u00f3n<span id='easy-footnote-2-56661' class='easy-footnote-margin-adjust'><\/span><span class='easy-footnote'><a href='https:\/\/vincentians.com\/es\/de-la-devocion-a-la-evangelizacion\/#easy-footnote-bottom-2-56661' title='XXVI Asamblea General C.M. 1902, Decreto 553. Secundum Supplementum, P\u00e1g.3. XXIX Asamblea General C.M. 1931, Decreto 630. Cuartum Supplementum. P\u00e1g. 4.'><sup>2<\/sup><\/a><\/span>, y de las <strong>Hijas de la Caridad<\/strong>, que ten\u00edan en sus manos la Beneficencia del Estado y muchas otras casas enclavadas en pueblos y ciudades de toda Espa\u00f1a.<\/p>\n<p>Desde 1916, la Asociaci\u00f3n de la Medalla Milagrosa va \u00edntimamente unida a la Visita Domiciliaria de la Virgen y se establece por toda la naci\u00f3n.<\/p>\n<p>Posteriormente, los Padres Pa\u00fales y las Hijas de la Caridad llevan esta pr\u00e1ctica a las naciones de Hispanoam\u00e9rica, y observan <strong>el gran valor de convocatoiria<\/strong> que tiene entre los sencillos, los humildes, los pobres y los alejados.<\/p>\n<p>Las limosnas que se recaudan en el cepillo o alcanc\u00eda, que va en la capilla o urna, la Junta Directiva de cada Centro Local las canaliza hacia el culto, el apostolado, la caridad con los necesitados,<span id='easy-footnote-3-56661' class='easy-footnote-margin-adjust'><\/span><span class='easy-footnote'><a href='https:\/\/vincentians.com\/es\/de-la-devocion-a-la-evangelizacion\/#easy-footnote-bottom-3-56661' title='Canones 1254 p\u00e1rrafo 2 y 114 p\u00e1rrafo 2\u00ba'><sup>3<\/sup><\/a><\/span> la formaci\u00f3n de los asociados,<span id='easy-footnote-4-56661' class='easy-footnote-margin-adjust'><\/span><span class='easy-footnote'><a href='https:\/\/vincentians.com\/es\/de-la-devocion-a-la-evangelizacion\/#easy-footnote-bottom-4-56661' title='Canon 329.'><sup>4<\/sup><\/a><\/span> contribuci\u00f3n a las cinco campa\u00f1as promovidas por la Iglesia: Domund, C\u00e1ritas, Lucha contra el Hambre, D\u00eda de la Iglesia Diocesana y D\u00eda del Seminario.<\/p>\n<p>Colaboramos tambi\u00e9n con nuestras Misiones \u00abad gentes\u00bb y con las Voluntarias de la Caridad<span id='easy-footnote-5-56661' class='easy-footnote-margin-adjust'><\/span><span class='easy-footnote'><a href='https:\/\/vincentians.com\/es\/de-la-devocion-a-la-evangelizacion\/#easy-footnote-bottom-5-56661' title='Canon 328.'><sup>5<\/sup><\/a><\/span>.<\/p>\n<p>No conviene acumular las limosnas, sino emplearlas, seg\u00fan surjan las necesidades, de manera que al terminar el a\u00f1o sea poco el saldo y, en consecuencia, no se precise depositarlo en Bancos o entidades de Cr\u00e9dito.<\/p>\n<p>Las cuentas bancarias pueden tener graves riesgos con la Hacienda P\u00fablica, sobre todo si alguien, usurpando nuestro C\u00f3digo de Identificaci\u00f3n Fiscal, al amparo de que es una Asociaci\u00f3n de la Iglesia Cat\u00f3lica, cometa un fraude fiscal o lavado de dinero negro, involucr\u00e1ndonos as\u00ed en un serio problema y manchando el buen nombre de la Asociaci\u00f3n, de la Compa\u00f1\u00eda y de la Iglesia, que los medios de comunicaci\u00f3n social se encargar\u00edan de divulgar, siendo sorprendidos en nuestra buena fe, al ignorar nosotros el uso fraudulento de nuestro C\u00f3digo de Identificaci\u00f3n Fiscal.<\/p>\n<p>Por ello, se impone no dar poderes notariales para apertura de cuentas bancarias m\u00e1s que a las personas estrictamente necesarias, seg\u00fan el ordenamiento jur\u00eddico y mercantil de cada naci\u00f3n.<\/p>\n<p>El Superior General de la Congregaci\u00f3n Richard McCullen me otorg\u00f3 poderes para disponer de los fondos de la Asociaci\u00f3n de la Medalla Milagrosa en Espa\u00f1a<span id='easy-footnote-6-56661' class='easy-footnote-margin-adjust'><\/span><span class='easy-footnote'><a href='https:\/\/vincentians.com\/es\/de-la-devocion-a-la-evangelizacion\/#easy-footnote-bottom-6-56661' title='Roma, 15 de Marzo de 1986.'><sup>6<\/sup><\/a><\/span>. Despu\u00e9s, tambi\u00e9n lo hizo en favor de otro cohermano<span id='easy-footnote-7-56661' class='easy-footnote-margin-adjust'><\/span><span class='easy-footnote'><a href='https:\/\/vincentians.com\/es\/de-la-devocion-a-la-evangelizacion\/#easy-footnote-bottom-7-56661' title='Roma, 29 de Octubre de 1988.'><sup>7<\/sup><\/a><\/span> para tener las cosas bien arregladas, en caso de accidente o muerte repentina, y no perder el patrimonio econ\u00f3mico de la Asociaci\u00f3n, al fallecer el titular de la cuenta bancaria.<\/p>\n<p align=\"center\"><strong>Inserci\u00f3n en las parroquias y en la pastoral diocesana<\/strong><\/p>\n<p>Siendo la Asociaci\u00f3n de la Medalla Milagrosa una Asociaci\u00f3n P\u00fablica en la Iglesia<span id='easy-footnote-8-56661' class='easy-footnote-margin-adjust'><\/span><span class='easy-footnote'><a href='https:\/\/vincentians.com\/es\/de-la-devocion-a-la-evangelizacion\/#easy-footnote-bottom-8-56661' title='Canon 301 p\u00e1rrafo 3\u00ba.'><sup>8<\/sup><\/a><\/span>. no pod\u00eda permanecer encerrada en s\u00ed misma. Si act\u00faa en nombre de la Iglesia<span id='easy-footnote-9-56661' class='easy-footnote-margin-adjust'><\/span><span class='easy-footnote'><a href='https:\/\/vincentians.com\/es\/de-la-devocion-a-la-evangelizacion\/#easy-footnote-bottom-9-56661' title='Canon 313'><sup>9<\/sup><\/a><\/span> y recibe de la Jerarqu\u00eda el mandato de hacerse presente en el mundo y santificar el orden temporal,<span id='easy-footnote-10-56661' class='easy-footnote-margin-adjust'><\/span><span class='easy-footnote'><a href='https:\/\/vincentians.com\/es\/de-la-devocion-a-la-evangelizacion\/#easy-footnote-bottom-10-56661' title='Canon 298 p\u00e1rrafo 1\u00ba'><sup>10<\/sup><\/a><\/span> debe estar en comuni\u00f3n con las Iglesias Locales donde est\u00e1 implantada y con sus Pastores<span id='easy-footnote-11-56661' class='easy-footnote-margin-adjust'><\/span><span class='easy-footnote'><a href='https:\/\/vincentians.com\/es\/de-la-devocion-a-la-evangelizacion\/#easy-footnote-bottom-11-56661' title='Canon 311.'><sup>11<\/sup><\/a><\/span>. <strong>Actualmente est\u00e1 Can\u00f3nicamente erigida en 62 de las 67 Di\u00f3cesis existentes en Espa\u00f1a, inclu\u00edda la Di\u00f3cesis Castrense.<\/strong><\/p>\n<p>Comenzamos por ofrecer las personas de los asociados a los respectivos P\u00e1rrocos para que fueran catequistas, animadores del culto y agentes de pastoral caritativa y social, insert\u00e1ndose en C\u00e1ritas Parroquial y en la visita a los enfermos.<\/p>\n<p>En 1992, elaboramos el Primer Plan Pastoral de nuestra Asociaci\u00f3n de la Medalla Milagrosa, para los a\u00f1os 1993-1994. Centr\u00e1bamos la atenci\u00f3n en redescubrir la fe bautismal y en el servicio en gratuidad a los pobres.<\/p>\n<p>Este Plan Pastoral deb\u00eda adaptarse a las l\u00edneas pastorales de cada Di\u00f3cesis y a los proyectos de las Parroquias donde estamos integrados y donde queremos servir a la Iglesia con nuestro carisma propio.<\/p>\n<p>La reacci\u00f3n de los Sres. P\u00e1rrocos fue alentadora. Percibieron que no quer\u00edamos m\u00e1s que insertarnos en la pastoral general de la Iglesia Local y servir a su feligres\u00eda, sin esperar nada a cambio; que en nuestra Asociaci\u00f3n pod\u00eda encontrar personas para el ministerio prof\u00e9tico (catequ\u00e9sis, sobre todo con adultos y alejados) lit\u00fargico (animaci\u00f3n del culto eucar\u00edstico) y diac\u00f3nico (visita a enfermos y ayuda a necesitados).<\/p>\n<p>Como las limosnas de la Asociaci\u00f3n de la Medalla Milagrosa redundan en bien de la misma Parroquia o pueblo donde est\u00e1 establecida, fueron pocas las resistencias de los P\u00e1rrocos, aunque, desgraciadamente, tenemos alguna todav\u00eda.<\/p>\n<p>Hace unos meses, elaboramos el Segundo Plan Pastoral de la Asociaci\u00f3n, para los a\u00f1os 1995 y 1996. Unido con el anterior, supone un paso adelante en el compromiso por la promoci\u00f3n de las personas, la ayuda a los necesitados y la solidaridad en la lucha contra la injusticia.<\/p>\n<p>No es m\u00e1s que una exposici\u00f3n sistem\u00e1tica de las conclusiones de nuestros Congreso Mariano de El Escorial de 1994.<\/p>\n<p>El 15 de Agosto de 1994, a\u00f1o Centenario de la Fiesta Lit\u00fargica de la Medalla Milagrosa, organizamos una peregrinaci\u00f3n de los asociados a Lourdes y Par\u00eds, a la Capilla de las Apariciones de la Virgen a Santa Catalina Labour\u00e9, en 1830. Fue un d\u00eda hist\u00f3rico en el que participamos m\u00e1s de 700 peregrinos, que fuimos acogidos y saludados por el Superior General de la Congregaci\u00f3n de la Misi\u00f3n y por la Madre General de las Hijas de la Caridad, que ese d\u00eda celebraba su onom\u00e1stica.<\/p>\n<p align=\"center\"><strong>Aspectos jur\u00eddicos<\/strong><\/p>\n<p>Aunque parezca extra\u00f1o, el cimiento que debe asegurar el futuro de una Asociaci\u00f3n de fieles no s\u00f3lo es el carisma que la impulsa, tambi\u00e9n necesita de un soporte jur\u00eddico, para aprobarla los Obispos Diocesanos, para que funcione adecuadamente y para que pueda pervivir.<\/p>\n<p>El carisma de la Asociaci\u00f3n de la Medalla Milagrosa es honrar a Mar\u00eda, la madre del Se\u00f1or, en el misterio de su Inmaculada Concepci\u00f3n<span id='easy-footnote-12-56661' class='easy-footnote-margin-adjust'><\/span><span class='easy-footnote'><a href='https:\/\/vincentians.com\/es\/de-la-devocion-a-la-evangelizacion\/#easy-footnote-bottom-12-56661' title='Acta Apost\u00f3lica Sedis. Tomo I, n\u00ba 17 p\u00e1gs. 669-671, art 1. Rescripto Dilectus Filius.'><sup>12<\/sup><\/a><\/span>. Ser\u00e1 pues, el alma y la vida que vigorice a sus miembros. La apoyatura jur\u00eddica ayudar\u00e1 a perpetuar ese carisma, a hacerle concreto en las diversas ocasiones y circunstancias de la vida cristiana de los asociados, a adaptar la Asociaci\u00f3n a los nuevos tiempos.<\/p>\n<p>Quien crea los centros de la Asociaci\u00f3n de la Medalla Milagrosa es el Superior General de la Congregaci\u00f3n de la Misi\u00f3n, por ser una Asociaci\u00f3n de Privilegio Apost\u00f3lico;<span id='easy-footnote-13-56661' class='easy-footnote-margin-adjust'><\/span><span class='easy-footnote'><a href='https:\/\/vincentians.com\/es\/de-la-devocion-a-la-evangelizacion\/#easy-footnote-bottom-13-56661' title='Canon 312, p\u00e1rrafo 1\u00ba, n\u00famero 3'><sup>13<\/sup><\/a><\/span>, es decir, encomendada por el Papa al Superior General de una Orden o Congregaci\u00f3n Religiosa. Sin embargo, hubo tiempos en que por disposici\u00f3n de la Asamblea General de la Congregaci\u00f3n de la Misi\u00f3n, el Superior General deleg\u00f3 esta facultad en los Visitadores para sus respectivas Provincias Can\u00f3nicas y en el Superior Local para su casa. El Visitador pod\u00eda subdelegar en alg\u00fan Misionero para su Provincia<span id='easy-footnote-14-56661' class='easy-footnote-margin-adjust'><\/span><span class='easy-footnote'><a href='https:\/\/vincentians.com\/es\/de-la-devocion-a-la-evangelizacion\/#easy-footnote-bottom-14-56661' title='Decreto 38 de la XXXII Asamblea General, C.M., 1955.Nova Series Post Approbatas Constituciones, P\u00e1g. 10..'><sup>14<\/sup><\/a><\/span>.<\/p>\n<p>Actualmente y para lograr mayor operatividad, el P. Richard McCullen, C.M., siendo Superior general de la Congregaci\u00f3n de la Misi\u00f3n, me di\u00f3 un poder escrito para poder eregir Centros y firmar Patentes de Erecci\u00f3n de la Asociaci\u00f3n de la Medalla Milagrosa en todo el territorio espa\u00f1ol<span id='easy-footnote-15-56661' class='easy-footnote-margin-adjust'><\/span><span class='easy-footnote'><a href='https:\/\/vincentians.com\/es\/de-la-devocion-a-la-evangelizacion\/#easy-footnote-bottom-15-56661' title='Roma, 15 de Marzo de 1986.'><sup>15<\/sup><\/a><\/span>.<\/p>\n<p>Sin embargo, es necesario la autorizaci\u00f3n por escrito del Sr. Obispo Diocesano para proceder a eregir can\u00f3nicamente un nuevo centro de la Asociaci\u00f3n<span id='easy-footnote-16-56661' class='easy-footnote-margin-adjust'><\/span><span class='easy-footnote'><a href='https:\/\/vincentians.com\/es\/de-la-devocion-a-la-evangelizacion\/#easy-footnote-bottom-16-56661' title='Canon 312, p\u00e1rrafo 2\u00ba.'><sup>16<\/sup><\/a><\/span>. Algunos Obispos, invocando el p\u00e1rrafo 2\u00ba del Canon 312, dec\u00edan, que era suficiente tener una casa de la Congregaci\u00f3n de la Misi\u00f3n o de las Hijas de la Caridad en su Di\u00f3cesis para que la Asociaci\u00f3n comenzara a existir, <strong>como obra propia de estas congregaciones.<\/strong><\/p>\n<p>A este respecto, quiero recordar que el rescripto pontificio \u00abDialectus Filius\u00bb de San P\u00edo X, dirigido al Padre Antonio Fiat C.M. y a sus sucesores en el generalato de la Compa\u00f1\u00eda, <strong>le hace una encomienda a \u00e9l personalmente, no a toda la Congregaci\u00f3n de la Misi\u00f3n<\/strong><span id='easy-footnote-17-56661' class='easy-footnote-margin-adjust'><\/span><span class='easy-footnote'><a href='https:\/\/vincentians.com\/es\/de-la-devocion-a-la-evangelizacion\/#easy-footnote-bottom-17-56661' title='Acta Apost\u00f3lica Sedis. Tomo I, n\u00ba 17, p\u00e1gs. 669-671, parte dispositiva despu\u00e9s del art. 7\u00ba.'><sup>17<\/sup><\/a><\/span>. A lo sumo, podemos decir que esta encomienda hace de la Asociaci\u00f3n un campo de trabajo para los Misioneros y, estando confiada al Superior General de la Misi\u00f3n, debemos darle un matiz vicenciano. \u00bfY qu\u00e9 decir si se trata de erigirla en Parroquias regentadas por sacerdotes del clero secular o en Iglesias servidas por religiosos? Es necesaria la autorizaci\u00f3n por escrito del Obispo Diocesano<span id='easy-footnote-18-56661' class='easy-footnote-margin-adjust'><\/span><span class='easy-footnote'><a href='https:\/\/vincentians.com\/es\/de-la-devocion-a-la-evangelizacion\/#easy-footnote-bottom-18-56661' title='Canon 312 p\u00e1rrafo 2\u00ba.'><sup>18<\/sup><\/a><\/span>.<\/p>\n<p>Es importante guardar en el archivo de la Curia Provincial y General fotocopias compulsadas o legalizadas ante Notario, civil o eclesi\u00e1stico, tanto del decreto por el que el Sr Obispo Diocesano autoriza la creaci\u00f3n en su Di\u00f3cesis de la Asociaci\u00f3n de la Medalla Milagrosa, como de los diferentes Decretos de Erecci\u00f3n que firme el mismo Prelado, relativos a cada uno de los Centros existentes en su Di\u00f3cesis.<\/p>\n<p>Por analog\u00eda jur\u00eddica, se procede a la erecci\u00f3n can\u00f3nica de la Asociaci\u00f3n por parte de la Conferencia Episcopal. Es el Superior General de la Congregaci\u00f3n de la Misi\u00f3n quien erige, pero requiere el consentimiento de la Conferencia Episcopal respectiva para ello. En Espa\u00f1a me exigieron presentar la aprobaci\u00f3n por parte de doce Obispos Diocesnos para proceder a darnos el decreto, por el que se autoriza al Superior General de la Congregaci\u00f3n de la Misi\u00f3n, para establecer la Asociaci\u00f3n de la Medalla Milagrosa en todo el territorio Nacional<span id='easy-footnote-19-56661' class='easy-footnote-margin-adjust'><\/span><span class='easy-footnote'><a href='https:\/\/vincentians.com\/es\/de-la-devocion-a-la-evangelizacion\/#easy-footnote-bottom-19-56661' title='Decreto de Erecci\u00f3n del Superior General de la C.M. est\u00e1 firmado en Roma el 19 de Diciembre de 1986. El de la Conferencia Episcopal Espa\u00f1ola, est\u00e1 firmado en Madrid el 23 de Febrero de 1987.'><sup>19<\/sup><\/a><\/span>.<\/p>\n<p>Con estas aprobacioones, en el \u00e1mbito eclesial, tenemos ya la personalidad jur\u00eddica can\u00f3nica de la Asociaci\u00f3n<span id='easy-footnote-20-56661' class='easy-footnote-margin-adjust'><\/span><span class='easy-footnote'><a href='https:\/\/vincentians.com\/es\/de-la-devocion-a-la-evangelizacion\/#easy-footnote-bottom-20-56661' title='Canon 114 p\u00e1rrafo 1\u00ba y 313.'><sup>20<\/sup><\/a><\/span>.<\/p>\n<p>Adem\u00e1s de estos Decretos conviene hacer dos fotocopias compulsadas o legalizadas ante Notario, civil o eclesi\u00e1stico, para guardarlas en los archivos de la Curia Generalicia y Provincial.<\/p>\n<p>Es conveniente conseguir la <span style=\"text-decoration: underline\">personalidad jur\u00eddica civil.<\/span> Para ello se inscribe a la Asociaci\u00f3n en el Registro de Asociaciones Religiosas del Ministerio de Justicia, si as\u00ed consta en la legislaci\u00f3n del Estado en el Registro de Asociaciones Civiles del Ministerio del Interior o Gobernaci\u00f3n<span id='easy-footnote-21-56661' class='easy-footnote-margin-adjust'><\/span><span class='easy-footnote'><a href='https:\/\/vincentians.com\/es\/de-la-devocion-a-la-evangelizacion\/#easy-footnote-bottom-21-56661' title='Nuestra Asociaci\u00f3n lo obtuvo el d\u00eda 8 de Mayo de 1987.'><sup>21<\/sup><\/a><\/span>.<\/p>\n<p>Tal vez, lo m\u00e1s importante es que con este paso jur\u00eddico civil tenemos acceso a pedir a la Hacienda P\u00fablica un c\u00f3digo de Identificaci\u00f3n Fiscal y a entrar, como una peque\u00f1a empresa, en la Seguridad Social de la Naci\u00f3n para que nuestros empleados tengan cobertura social: Asistencia sanitaria, farmace\u00fatica, pensiones de enfermedad, accidente y jubilaci\u00f3n en su d\u00eda<span id='easy-footnote-22-56661' class='easy-footnote-margin-adjust'><\/span><span class='easy-footnote'><a href='https:\/\/vincentians.com\/es\/de-la-devocion-a-la-evangelizacion\/#easy-footnote-bottom-22-56661' title='Canon 1.286, p\u00e1rrafo 1\u00ba.'><sup>22<\/sup><\/a><\/span>.<\/p>\n<p><strong>Insisto de nuevo <\/strong>: De todos estos documentos conviene tener 2 fotocopias compulsadas o legalizadas ante Notario, civil o eclesi\u00e1stico, para los archivos de la Curia Provincial y General. <strong>La historia se hace con documentos escritos.<\/strong><\/p>\n<p>Sobra decir que para todos estos tr\u00e1mites son necesarios unos Estatutos, tanto en el \u00e1mbito eclesial, como en el civil<span id='easy-footnote-23-56661' class='easy-footnote-margin-adjust'><\/span><span class='easy-footnote'><a href='https:\/\/vincentians.com\/es\/de-la-devocion-a-la-evangelizacion\/#easy-footnote-bottom-23-56661' title='Canon 304'><sup>23<\/sup><\/a><\/span>.<\/p>\n<p>Nosotros hicimos unos, que aprob\u00f3 el P. McCullen el 31 de Enero de 1986, para comenzar a dar los pasos oportunos.<\/p>\n<p>En este a\u00f1o de 1995 tenemos previsto hacer unos nuevos estatutos, renovar el bolet\u00edn de la Asociaci\u00f3n y preparar las catequesis de adultos de manera sistem\u00e1tica.<\/p>\n","protected":false},"excerpt":{"rendered":"<p>La Asociaci\u00f3n de la Medalla Milagrosa ha estado marcada, principalmente, por un aspecto piadoso y devocional hacia la Madre de Dios, y con frecuencia, reducida a \u00e9ste campo, sin mayor proyecci\u00f3n eclesial y, menos a\u00fan, &#8230; <a href=\"https:\/\/vincentians.com\/es\/de-la-devocion-a-la-evangelizacion\/\" class=\"more-link\">Read More<\/a><\/p>\n","protected":false},"author":4,"featured_media":88800,"comment_status":"open","ping_status":"open","sticky":false,"template":"","format":"standard","meta":{"jetpack_post_was_ever_published":false,"_jetpack_newsletter_access":"","_jetpack_dont_email_post_to_subs":false,"_jetpack_newsletter_tier_id":0,"_jetpack_memberships_contains_paywalled_content":false,"_jetpack_memberships_contains_paid_content":false,"footnotes":"","jetpack_publicize_message":"","jetpack_publicize_feature_enabled":true,"jetpack_social_post_already_shared":true,"jetpack_social_options":{"image_generator_settings":{"template":"highway","default_image_id":0,"font":"","enabled":false},"version":2}},"categories":[380],"tags":[],"class_list":["post-56661","post","type-post","status-publish","format-standard","has-post-thumbnail","hentry","category-asociacion-de-la-medalla-milagrosa"],"yoast_head":"<!-- This site is optimized with the Yoast SEO plugin v26.3 - https:\/\/yoast.com\/wordpress\/plugins\/seo\/ -->\n<title>De la devoci\u00f3n a la evangelizaci\u00f3n - Somos Vicencianos<\/title>\n<meta name=\"robots\" content=\"index, follow, max-snippet:-1, max-image-preview:large, max-video-preview:-1\" \/>\n<link rel=\"canonical\" href=\"https:\/\/vincentians.com\/es\/de-la-devocion-a-la-evangelizacion\/\" \/>\n<meta property=\"og:locale\" content=\"es_ES\" \/>\n<meta property=\"og:type\" content=\"article\" \/>\n<meta property=\"og:title\" content=\"De la devoci\u00f3n a la evangelizaci\u00f3n - Somos Vicencianos\" \/>\n<meta property=\"og:description\" content=\"La Asociaci\u00f3n de la Medalla Milagrosa ha estado marcada, principalmente, por un aspecto piadoso y devocional hacia la Madre de Dios, y con frecuencia, reducida a \u00e9ste campo, sin mayor proyecci\u00f3n eclesial y, menos a\u00fan, ... Read More\" \/>\n<meta property=\"og:url\" content=\"https:\/\/vincentians.com\/es\/de-la-devocion-a-la-evangelizacion\/\" \/>\n<meta property=\"og:site_name\" content=\"Somos Vicencianos\" \/>\n<meta property=\"article:publisher\" content=\"https:\/\/www.facebook.com\/WeAreVincentians\/\" \/>\n<meta property=\"article:author\" content=\"https:\/\/www.facebook.com\/JavierChento\" \/>\n<meta property=\"article:published_time\" content=\"2015-04-17T04:00:08+00:00\" \/>\n<meta property=\"article:modified_time\" content=\"2016-07-26T08:09:13+00:00\" \/>\n<meta name=\"author\" content=\"Francisco Javier Fern\u00e1ndez Chento\" \/>\n<meta name=\"twitter:card\" content=\"summary_large_image\" \/>\n<meta name=\"twitter:creator\" content=\"@https:\/\/twitter.com\/javierchento\" \/>\n<meta name=\"twitter:site\" content=\"@WeVincentians\" \/>\n<meta name=\"twitter:label1\" content=\"Escrito por\" \/>\n\t<meta name=\"twitter:data1\" content=\"Francisco Javier Fern\u00e1ndez Chento\" \/>\n\t<meta name=\"twitter:label2\" content=\"Tiempo de lectura\" \/>\n\t<meta name=\"twitter:data2\" content=\"16 minutos\" \/>\n<script type=\"application\/ld+json\" class=\"yoast-schema-graph\">{\"@context\":\"https:\/\/schema.org\",\"@graph\":[{\"@type\":\"Article\",\"@id\":\"https:\/\/vincentians.com\/es\/de-la-devocion-a-la-evangelizacion\/#article\",\"isPartOf\":{\"@id\":\"https:\/\/vincentians.com\/es\/de-la-devocion-a-la-evangelizacion\/\"},\"author\":{\"name\":\"Francisco Javier Fern\u00e1ndez Chento\",\"@id\":\"http:\/\/vincentians.com\/es\/#\/schema\/person\/9623ef4d9aa3b2dfb8c061f1499288f2\"},\"headline\":\"De la devoci\u00f3n a la evangelizaci\u00f3n\",\"datePublished\":\"2015-04-17T04:00:08+00:00\",\"dateModified\":\"2016-07-26T08:09:13+00:00\",\"mainEntityOfPage\":{\"@id\":\"https:\/\/vincentians.com\/es\/de-la-devocion-a-la-evangelizacion\/\"},\"wordCount\":3158,\"commentCount\":0,\"publisher\":{\"@id\":\"http:\/\/vincentians.com\/es\/#organization\"},\"image\":{\"@id\":\"https:\/\/vincentians.com\/es\/de-la-devocion-a-la-evangelizacion\/#primaryimage\"},\"thumbnailUrl\":\"\",\"articleSection\":[\"Asociaci\u00f3n de la Medalla Milagrosa\"],\"inLanguage\":\"es\",\"potentialAction\":[{\"@type\":\"CommentAction\",\"name\":\"Comment\",\"target\":[\"https:\/\/vincentians.com\/es\/de-la-devocion-a-la-evangelizacion\/#respond\"]}]},{\"@type\":\"WebPage\",\"@id\":\"https:\/\/vincentians.com\/es\/de-la-devocion-a-la-evangelizacion\/\",\"url\":\"https:\/\/vincentians.com\/es\/de-la-devocion-a-la-evangelizacion\/\",\"name\":\"De la devoci\u00f3n a la evangelizaci\u00f3n - Somos Vicencianos\",\"isPartOf\":{\"@id\":\"http:\/\/vincentians.com\/es\/#website\"},\"primaryImageOfPage\":{\"@id\":\"https:\/\/vincentians.com\/es\/de-la-devocion-a-la-evangelizacion\/#primaryimage\"},\"image\":{\"@id\":\"https:\/\/vincentians.com\/es\/de-la-devocion-a-la-evangelizacion\/#primaryimage\"},\"thumbnailUrl\":\"\",\"datePublished\":\"2015-04-17T04:00:08+00:00\",\"dateModified\":\"2016-07-26T08:09:13+00:00\",\"breadcrumb\":{\"@id\":\"https:\/\/vincentians.com\/es\/de-la-devocion-a-la-evangelizacion\/#breadcrumb\"},\"inLanguage\":\"es\",\"potentialAction\":[{\"@type\":\"ReadAction\",\"target\":[\"https:\/\/vincentians.com\/es\/de-la-devocion-a-la-evangelizacion\/\"]}]},{\"@type\":\"ImageObject\",\"inLanguage\":\"es\",\"@id\":\"https:\/\/vincentians.com\/es\/de-la-devocion-a-la-evangelizacion\/#primaryimage\",\"url\":\"\",\"contentUrl\":\"\"},{\"@type\":\"BreadcrumbList\",\"@id\":\"https:\/\/vincentians.com\/es\/de-la-devocion-a-la-evangelizacion\/#breadcrumb\",\"itemListElement\":[{\"@type\":\"ListItem\",\"position\":1,\"name\":\"Portada\",\"item\":\"http:\/\/vincentians.com\/es\/\"},{\"@type\":\"ListItem\",\"position\":2,\"name\":\"De la devoci\u00f3n a la evangelizaci\u00f3n\"}]},{\"@type\":\"WebSite\",\"@id\":\"http:\/\/vincentians.com\/es\/#website\",\"url\":\"http:\/\/vincentians.com\/es\/\",\"name\":\"Somos Vicencianos\",\"description\":\"Know more to serve more\",\"publisher\":{\"@id\":\"http:\/\/vincentians.com\/es\/#organization\"},\"potentialAction\":[{\"@type\":\"SearchAction\",\"target\":{\"@type\":\"EntryPoint\",\"urlTemplate\":\"http:\/\/vincentians.com\/es\/?s={search_term_string}\"},\"query-input\":{\"@type\":\"PropertyValueSpecification\",\"valueRequired\":true,\"valueName\":\"search_term_string\"}}],\"inLanguage\":\"es\"},{\"@type\":\"Organization\",\"@id\":\"http:\/\/vincentians.com\/es\/#organization\",\"name\":\"The Vincentian Network\",\"url\":\"http:\/\/vincentians.com\/es\/\",\"logo\":{\"@type\":\"ImageObject\",\"inLanguage\":\"es\",\"@id\":\"http:\/\/vincentians.com\/es\/#\/schema\/logo\/image\/\",\"url\":\"https:\/\/i1.wp.com\/vincentians.com\/es\/wp-content\/uploads\/sites\/11\/2016\/06\/Vincentian-Network-logo-big.png?fit=778%2C778\",\"contentUrl\":\"https:\/\/i1.wp.com\/vincentians.com\/es\/wp-content\/uploads\/sites\/11\/2016\/06\/Vincentian-Network-logo-big.png?fit=778%2C778\",\"width\":778,\"height\":778,\"caption\":\"The Vincentian Network\"},\"image\":{\"@id\":\"http:\/\/vincentians.com\/es\/#\/schema\/logo\/image\/\"},\"sameAs\":[\"https:\/\/www.facebook.com\/WeAreVincentians\/\",\"https:\/\/x.com\/WeVincentians\"]},{\"@type\":\"Person\",\"@id\":\"http:\/\/vincentians.com\/es\/#\/schema\/person\/9623ef4d9aa3b2dfb8c061f1499288f2\",\"name\":\"Francisco Javier Fern\u00e1ndez Chento\",\"image\":{\"@type\":\"ImageObject\",\"inLanguage\":\"es\",\"@id\":\"http:\/\/vincentians.com\/es\/#\/schema\/person\/image\/\",\"url\":\"https:\/\/secure.gravatar.com\/avatar\/497d5cde87b4c3d097d0315953521681ba2cd523ee66e5077c3711f7021e65de?s=96&d=mm&r=g\",\"contentUrl\":\"https:\/\/secure.gravatar.com\/avatar\/497d5cde87b4c3d097d0315953521681ba2cd523ee66e5077c3711f7021e65de?s=96&d=mm&r=g\",\"caption\":\"Francisco Javier Fern\u00e1ndez Chento\"},\"description\":\"Director General y cofundador de La Red de Formaci\u00f3n Vicenciana. Javier es laico vicenciano, afiliado a la Congregaci\u00f3n de la Misi\u00f3n y miembro del Equipo de Misiones Populares de la provincia can\u00f3nica de Zaragoza (Espa\u00f1a) de la Congregaci\u00f3n de la Misi\u00f3n. Graduado en la Universidad Oberta de Catalunya con cuatro grados (Asistente de direcci\u00f3n, Gesti\u00f3n Administrativa, Recursos Humanos y Contabilidad Avanzada). Bil\u00edng\u00fce Espa\u00f1ol\/Ingl\u00e9s. gestiona y mantiene varias p\u00e1ginas web cristianas y vicencianas, incluida including La Red de Formaci\u00f3n Vicenciana, de la que es cofundador. Actualmente es responsable del \u00e1rea de Espa\u00f1ol de .famvin, la Red de Noticias de la Familia Vicenciana. Tambi\u00e9n es m\u00fasico cat\u00f3lico y ha editado varios discos. Es Director General y cofundador de Trovador, una reconocida compa\u00f1\u00eda discogr\u00e1fica critiana de Espa\u00f1a. Trabaja en las Tecnolog\u00edas de la Informaci\u00f3n, ofreciendo servicios de alojamiento, dise\u00f1o y mantenimiento Web, as\u00ed como asesoramiento, formaci\u00f3n y soluciones inform\u00e1ticas, gesti\u00f3n documental y digitalizaci\u00f3n de textos, edici\u00f3n y maquetaci\u00f3n de libros, revistas, flyers, etc.\",\"sameAs\":[\"http:\/\/chento.org\",\"https:\/\/www.facebook.com\/JavierChento\",\"https:\/\/x.com\/https:\/\/twitter.com\/javierchento\"],\"url\":\"https:\/\/vincentians.com\/es\/author\/chento\/\"}]}<\/script>\n<!-- \/ Yoast SEO plugin. -->","yoast_head_json":{"title":"De la devoci\u00f3n a la evangelizaci\u00f3n - Somos Vicencianos","robots":{"index":"index","follow":"follow","max-snippet":"max-snippet:-1","max-image-preview":"max-image-preview:large","max-video-preview":"max-video-preview:-1"},"canonical":"https:\/\/vincentians.com\/es\/de-la-devocion-a-la-evangelizacion\/","og_locale":"es_ES","og_type":"article","og_title":"De la devoci\u00f3n a la evangelizaci\u00f3n - Somos Vicencianos","og_description":"La Asociaci\u00f3n de la Medalla Milagrosa ha estado marcada, principalmente, por un aspecto piadoso y devocional hacia la Madre de Dios, y con frecuencia, reducida a \u00e9ste campo, sin mayor proyecci\u00f3n eclesial y, menos a\u00fan, ... Read More","og_url":"https:\/\/vincentians.com\/es\/de-la-devocion-a-la-evangelizacion\/","og_site_name":"Somos Vicencianos","article_publisher":"https:\/\/www.facebook.com\/WeAreVincentians\/","article_author":"https:\/\/www.facebook.com\/JavierChento","article_published_time":"2015-04-17T04:00:08+00:00","article_modified_time":"2016-07-26T08:09:13+00:00","author":"Francisco Javier Fern\u00e1ndez Chento","twitter_card":"summary_large_image","twitter_creator":"@https:\/\/twitter.com\/javierchento","twitter_site":"@WeVincentians","twitter_misc":{"Escrito por":"Francisco Javier Fern\u00e1ndez Chento","Tiempo de lectura":"16 minutos"},"schema":{"@context":"https:\/\/schema.org","@graph":[{"@type":"Article","@id":"https:\/\/vincentians.com\/es\/de-la-devocion-a-la-evangelizacion\/#article","isPartOf":{"@id":"https:\/\/vincentians.com\/es\/de-la-devocion-a-la-evangelizacion\/"},"author":{"name":"Francisco Javier Fern\u00e1ndez Chento","@id":"http:\/\/vincentians.com\/es\/#\/schema\/person\/9623ef4d9aa3b2dfb8c061f1499288f2"},"headline":"De la devoci\u00f3n a la evangelizaci\u00f3n","datePublished":"2015-04-17T04:00:08+00:00","dateModified":"2016-07-26T08:09:13+00:00","mainEntityOfPage":{"@id":"https:\/\/vincentians.com\/es\/de-la-devocion-a-la-evangelizacion\/"},"wordCount":3158,"commentCount":0,"publisher":{"@id":"http:\/\/vincentians.com\/es\/#organization"},"image":{"@id":"https:\/\/vincentians.com\/es\/de-la-devocion-a-la-evangelizacion\/#primaryimage"},"thumbnailUrl":"","articleSection":["Asociaci\u00f3n de la Medalla Milagrosa"],"inLanguage":"es","potentialAction":[{"@type":"CommentAction","name":"Comment","target":["https:\/\/vincentians.com\/es\/de-la-devocion-a-la-evangelizacion\/#respond"]}]},{"@type":"WebPage","@id":"https:\/\/vincentians.com\/es\/de-la-devocion-a-la-evangelizacion\/","url":"https:\/\/vincentians.com\/es\/de-la-devocion-a-la-evangelizacion\/","name":"De la devoci\u00f3n a la evangelizaci\u00f3n - Somos Vicencianos","isPartOf":{"@id":"http:\/\/vincentians.com\/es\/#website"},"primaryImageOfPage":{"@id":"https:\/\/vincentians.com\/es\/de-la-devocion-a-la-evangelizacion\/#primaryimage"},"image":{"@id":"https:\/\/vincentians.com\/es\/de-la-devocion-a-la-evangelizacion\/#primaryimage"},"thumbnailUrl":"","datePublished":"2015-04-17T04:00:08+00:00","dateModified":"2016-07-26T08:09:13+00:00","breadcrumb":{"@id":"https:\/\/vincentians.com\/es\/de-la-devocion-a-la-evangelizacion\/#breadcrumb"},"inLanguage":"es","potentialAction":[{"@type":"ReadAction","target":["https:\/\/vincentians.com\/es\/de-la-devocion-a-la-evangelizacion\/"]}]},{"@type":"ImageObject","inLanguage":"es","@id":"https:\/\/vincentians.com\/es\/de-la-devocion-a-la-evangelizacion\/#primaryimage","url":"","contentUrl":""},{"@type":"BreadcrumbList","@id":"https:\/\/vincentians.com\/es\/de-la-devocion-a-la-evangelizacion\/#breadcrumb","itemListElement":[{"@type":"ListItem","position":1,"name":"Portada","item":"http:\/\/vincentians.com\/es\/"},{"@type":"ListItem","position":2,"name":"De la devoci\u00f3n a la evangelizaci\u00f3n"}]},{"@type":"WebSite","@id":"http:\/\/vincentians.com\/es\/#website","url":"http:\/\/vincentians.com\/es\/","name":"Somos Vicencianos","description":"Know more to serve more","publisher":{"@id":"http:\/\/vincentians.com\/es\/#organization"},"potentialAction":[{"@type":"SearchAction","target":{"@type":"EntryPoint","urlTemplate":"http:\/\/vincentians.com\/es\/?s={search_term_string}"},"query-input":{"@type":"PropertyValueSpecification","valueRequired":true,"valueName":"search_term_string"}}],"inLanguage":"es"},{"@type":"Organization","@id":"http:\/\/vincentians.com\/es\/#organization","name":"The Vincentian Network","url":"http:\/\/vincentians.com\/es\/","logo":{"@type":"ImageObject","inLanguage":"es","@id":"http:\/\/vincentians.com\/es\/#\/schema\/logo\/image\/","url":"https:\/\/i1.wp.com\/vincentians.com\/es\/wp-content\/uploads\/sites\/11\/2016\/06\/Vincentian-Network-logo-big.png?fit=778%2C778","contentUrl":"https:\/\/i1.wp.com\/vincentians.com\/es\/wp-content\/uploads\/sites\/11\/2016\/06\/Vincentian-Network-logo-big.png?fit=778%2C778","width":778,"height":778,"caption":"The Vincentian Network"},"image":{"@id":"http:\/\/vincentians.com\/es\/#\/schema\/logo\/image\/"},"sameAs":["https:\/\/www.facebook.com\/WeAreVincentians\/","https:\/\/x.com\/WeVincentians"]},{"@type":"Person","@id":"http:\/\/vincentians.com\/es\/#\/schema\/person\/9623ef4d9aa3b2dfb8c061f1499288f2","name":"Francisco Javier Fern\u00e1ndez Chento","image":{"@type":"ImageObject","inLanguage":"es","@id":"http:\/\/vincentians.com\/es\/#\/schema\/person\/image\/","url":"https:\/\/secure.gravatar.com\/avatar\/497d5cde87b4c3d097d0315953521681ba2cd523ee66e5077c3711f7021e65de?s=96&d=mm&r=g","contentUrl":"https:\/\/secure.gravatar.com\/avatar\/497d5cde87b4c3d097d0315953521681ba2cd523ee66e5077c3711f7021e65de?s=96&d=mm&r=g","caption":"Francisco Javier Fern\u00e1ndez Chento"},"description":"Director General y cofundador de La Red de Formaci\u00f3n Vicenciana. Javier es laico vicenciano, afiliado a la Congregaci\u00f3n de la Misi\u00f3n y miembro del Equipo de Misiones Populares de la provincia can\u00f3nica de Zaragoza (Espa\u00f1a) de la Congregaci\u00f3n de la Misi\u00f3n. Graduado en la Universidad Oberta de Catalunya con cuatro grados (Asistente de direcci\u00f3n, Gesti\u00f3n Administrativa, Recursos Humanos y Contabilidad Avanzada). Bil\u00edng\u00fce Espa\u00f1ol\/Ingl\u00e9s. gestiona y mantiene varias p\u00e1ginas web cristianas y vicencianas, incluida including La Red de Formaci\u00f3n Vicenciana, de la que es cofundador. Actualmente es responsable del \u00e1rea de Espa\u00f1ol de .famvin, la Red de Noticias de la Familia Vicenciana. Tambi\u00e9n es m\u00fasico cat\u00f3lico y ha editado varios discos. Es Director General y cofundador de Trovador, una reconocida compa\u00f1\u00eda discogr\u00e1fica critiana de Espa\u00f1a. Trabaja en las Tecnolog\u00edas de la Informaci\u00f3n, ofreciendo servicios de alojamiento, dise\u00f1o y mantenimiento Web, as\u00ed como asesoramiento, formaci\u00f3n y soluciones inform\u00e1ticas, gesti\u00f3n documental y digitalizaci\u00f3n de textos, edici\u00f3n y maquetaci\u00f3n de libros, revistas, flyers, etc.","sameAs":["http:\/\/chento.org","https:\/\/www.facebook.com\/JavierChento","https:\/\/x.com\/https:\/\/twitter.com\/javierchento"],"url":"https:\/\/vincentians.com\/es\/author\/chento\/"}]}},"jetpack_publicize_connections":[],"jetpack_featured_media_url":"","jetpack_sharing_enabled":true,"jetpack_shortlink":"https:\/\/wp.me\/p7ETMF-eJT","jetpack-related-posts":[{"id":115218,"url":"https:\/\/vincentians.com\/es\/carta-de-gregory-gay-superior-general-de-la-c-m-con-motivo-de-la-fiesta-de-la-medalla-milagrosa-2012\/","url_meta":{"origin":56661,"position":0},"title":"Carta de Gregory Gay, Superior General de la C.M., con motivo de la fiesta de la Medalla Milagrosa 2012","author":"Francisco Javier Fern\u00e1ndez Chento","date":"26\/11\/2012","format":false,"excerpt":"Llamada a la Familia Vicenciana a una mayor devoci\u00f3n a Nuestra Se\u00f1ora de la Medalla Milagrosa. \u00a1La gracia de Nuestro Se\u00f1or Jesucristo est\u00e9 siempre con nosotros! Me da mucha alegr\u00eda dirigirme a Ustedes especialmente en este mes en el que celebramos, dentro del A\u00f1o de la Fe, a la Virgen\u2026","rel":"","context":"En \u00abVirgen Mar\u00eda\u00bb","block_context":{"text":"Virgen Mar\u00eda","link":"https:\/\/vincentians.com\/es\/category\/espiritualidad\/virgen-maria\/"},"img":{"alt_text":"P. Gregory Gay, C.M.","src":"https:\/\/i0.wp.com\/vicencianos.org\/wp-content\/2009\/12\/gregory_felicita_la_navidad11-300x300.jpg?resize=350%2C200","width":350,"height":200},"classes":[]},{"id":115978,"url":"https:\/\/vincentians.com\/es\/familia-vicenciana-y-medalla-milagrosa\/","url_meta":{"origin":56661,"position":1},"title":"Familia Vicenciana y Medalla Milagrosa","author":"Francisco Javier Fern\u00e1ndez Chento","date":"27\/11\/2022","format":false,"excerpt":"Lo que ha sido este legado desde 1830 El testimonio de la Historia nos dice que, si bien la Virgen se aparece a Santa Catalina Labour\u00e9, \u00e9sta, cumpliendo los deseos manifestados por la Madre de Dios, permanece oculta, desconocida, en el silencio m\u00e1s incomprensible; un silencio que a veces se\u2026","rel":"","context":"En \u00abVirgen Mar\u00eda\u00bb","block_context":{"text":"Virgen Mar\u00eda","link":"https:\/\/vincentians.com\/es\/category\/espiritualidad\/virgen-maria\/"},"img":{"alt_text":"","src":"https:\/\/i0.wp.com\/vincentians.com\/es\/wp-content\/uploads\/sites\/11\/2016\/08\/hijas-caridad.jpg?fit=1200%2C630&ssl=1&resize=350%2C200","width":350,"height":200,"srcset":"https:\/\/i0.wp.com\/vincentians.com\/es\/wp-content\/uploads\/sites\/11\/2016\/08\/hijas-caridad.jpg?fit=1200%2C630&ssl=1&resize=350%2C200 1x, https:\/\/i0.wp.com\/vincentians.com\/es\/wp-content\/uploads\/sites\/11\/2016\/08\/hijas-caridad.jpg?fit=1200%2C630&ssl=1&resize=525%2C300 1.5x, https:\/\/i0.wp.com\/vincentians.com\/es\/wp-content\/uploads\/sites\/11\/2016\/08\/hijas-caridad.jpg?fit=1200%2C630&ssl=1&resize=700%2C400 2x, https:\/\/i0.wp.com\/vincentians.com\/es\/wp-content\/uploads\/sites\/11\/2016\/08\/hijas-caridad.jpg?fit=1200%2C630&ssl=1&resize=1050%2C600 3x"},"classes":[]},{"id":134037,"url":"https:\/\/vincentians.com\/es\/primera-asamblea-general-de-la-asociacion-de-la-medalla-milagrosa\/","url_meta":{"origin":56661,"position":2},"title":"Primera Asamblea General de la Asociaci\u00f3n de la Medalla Milagrosa","author":"Francisco Javier Fern\u00e1ndez Chento","date":"28\/12\/2014","format":false,"excerpt":"Fruto de tres Encuentros o Congresos Internacionales (2001-2009), que dieron a la Asociaci\u00f3n de la Medalla Milagrosa (AMM) unos Estatutos operativos y una organizaci\u00f3n internacional, ha sido esta 1\u00aa Asamblea General, celebrada en la Casa Mar\u00eda Inmacolata, via Ezio, Roma, y en el mes de La Milagrosa: del 3 al\u2026","rel":"","context":"En \u00abAsociaci\u00f3n de la Medalla Milagrosa\u00bb","block_context":{"text":"Asociaci\u00f3n de la Medalla Milagrosa","link":"https:\/\/vincentians.com\/es\/category\/la-familia-vicenciana\/ramas\/asociacion-de-la-medalla-milagrosa\/"},"img":{"alt_text":"asamblea_amm_1","src":"https:\/\/i0.wp.com\/vicencianos.org\/wp-content\/2014\/12\/asamblea_amm_1-300x200.jpg?resize=350%2C200","width":350,"height":200},"classes":[]},{"id":109333,"url":"https:\/\/vincentians.com\/es\/mision-historica-de-la-milagrosa\/","url_meta":{"origin":56661,"position":3},"title":"Misi\u00f3n hist\u00f3rica de La Milagrosa","author":"Francisco Javier Fern\u00e1ndez Chento","date":"27\/11\/2022","format":false,"excerpt":"Amadas Hermanas, se\u00f1ores y amados sacerdotes: El t\u00edtulo de la conferencia quiz\u00e1 pueda parecer a algunos ex\u00adcesivamente ambicioso: LA MISION HISTORICA DE LA MILA\u00adGROSA. En realidad a m\u00ed tambi\u00e9n me lo parece, sobre todo una vez que lo vi estampado en letras de molde; porque mi prop\u00f3sito es muy sencillo.\u2026","rel":"","context":"En \u00abVirgen Mar\u00eda\u00bb","block_context":{"text":"Virgen Mar\u00eda","link":"https:\/\/vincentians.com\/es\/category\/espiritualidad\/virgen-maria\/"},"img":{"alt_text":"","src":"https:\/\/i0.wp.com\/vincentians.com\/es\/wp-content\/uploads\/sites\/11\/2018\/11\/La-milagrosa3.jpg?fit=670%2C430&ssl=1&resize=350%2C200","width":350,"height":200,"srcset":"https:\/\/i0.wp.com\/vincentians.com\/es\/wp-content\/uploads\/sites\/11\/2018\/11\/La-milagrosa3.jpg?fit=670%2C430&ssl=1&resize=350%2C200 1x, https:\/\/i0.wp.com\/vincentians.com\/es\/wp-content\/uploads\/sites\/11\/2018\/11\/La-milagrosa3.jpg?fit=670%2C430&ssl=1&resize=525%2C300 1.5x"},"classes":[]},{"id":124912,"url":"https:\/\/vincentians.com\/es\/novena-a-la-virgen-milagrosa-2013\/","url_meta":{"origin":56661,"position":4},"title":"Novena a la Virgen Milagrosa 2013","author":"Francisco Javier Fern\u00e1ndez Chento","date":"09\/11\/2013","format":false,"excerpt":"Seguimos la entra\u00f1able y participativa tradici\u00f3n de honrar a la Virgen Mar\u00eda, la Inmaculada de la Medalla Milagrosa, con la celebraci\u00f3n de la novena en la iglesia a ella dedicada y conocida en Pamplona como \"iglesia de La Milagrosa\". Seguimos la arraigada tradici\u00f3n de preparar con esmero, y con la\u2026","rel":"","context":"En \u00abVirgen Mar\u00eda\u00bb","block_context":{"text":"Virgen Mar\u00eda","link":"https:\/\/vincentians.com\/es\/category\/espiritualidad\/virgen-maria\/"},"img":{"alt_text":"","src":"https:\/\/i0.wp.com\/vicencianos.org\/wp-content\/2012\/11\/Milagrosa_Pamplona_2013-201x300.jpg?resize=350%2C200","width":350,"height":200},"classes":[]},{"id":117065,"url":"https:\/\/vincentians.com\/es\/la-basilica-de-la-milagrosa-madrid-tiene-larga-historia\/","url_meta":{"origin":56661,"position":5},"title":"La Bas\u00edlica de La Milagrosa en Madrid tiene larga historia","author":"Mitxel Olabu\u00e9naga","date":"03\/08\/2021","format":false,"excerpt":"Con motivo de sus Bodas de Oro vocacionales, el P. Eladio Ar\u00adn\u00e1iz hizo un viaje a Roma, y durante su estancia en la ciudad, el Papa P\u00edo X le recibi\u00f3 en audiencia. Luego, a su regreso a Espa\u00f1a, como Director de las Hijas de la Caridad de la entonces enorme\u2026","rel":"","context":"En \u00abHistoria de la Congregaci\u00f3n de la Misi\u00f3n en Espa\u00f1a\u00bb","block_context":{"text":"Historia de la Congregaci\u00f3n de la Misi\u00f3n en Espa\u00f1a","link":"https:\/\/vincentians.com\/es\/category\/historia-de-la-familia-vicenciana\/historia-de-la-congregacion-de-la-mision-en-espana\/"},"img":{"alt_text":"","src":"https:\/\/i0.wp.com\/vincentians.com\/es\/wp-content\/uploads\/sites\/11\/2016\/09\/enviados-evangelizar-pobres.jpg?fit=1200%2C630&ssl=1&resize=350%2C200","width":350,"height":200,"srcset":"https:\/\/i0.wp.com\/vincentians.com\/es\/wp-content\/uploads\/sites\/11\/2016\/09\/enviados-evangelizar-pobres.jpg?fit=1200%2C630&ssl=1&resize=350%2C200 1x, https:\/\/i0.wp.com\/vincentians.com\/es\/wp-content\/uploads\/sites\/11\/2016\/09\/enviados-evangelizar-pobres.jpg?fit=1200%2C630&ssl=1&resize=525%2C300 1.5x, https:\/\/i0.wp.com\/vincentians.com\/es\/wp-content\/uploads\/sites\/11\/2016\/09\/enviados-evangelizar-pobres.jpg?fit=1200%2C630&ssl=1&resize=700%2C400 2x, https:\/\/i0.wp.com\/vincentians.com\/es\/wp-content\/uploads\/sites\/11\/2016\/09\/enviados-evangelizar-pobres.jpg?fit=1200%2C630&ssl=1&resize=1050%2C600 3x"},"classes":[]}],"_links":{"self":[{"href":"https:\/\/vincentians.com\/es\/wp-json\/wp\/v2\/posts\/56661","targetHints":{"allow":["GET"]}}],"collection":[{"href":"https:\/\/vincentians.com\/es\/wp-json\/wp\/v2\/posts"}],"about":[{"href":"https:\/\/vincentians.com\/es\/wp-json\/wp\/v2\/types\/post"}],"author":[{"embeddable":true,"href":"https:\/\/vincentians.com\/es\/wp-json\/wp\/v2\/users\/4"}],"replies":[{"embeddable":true,"href":"https:\/\/vincentians.com\/es\/wp-json\/wp\/v2\/comments?post=56661"}],"version-history":[{"count":0,"href":"https:\/\/vincentians.com\/es\/wp-json\/wp\/v2\/posts\/56661\/revisions"}],"wp:featuredmedia":[{"embeddable":true,"href":"https:\/\/vincentians.com\/es\/wp-json\/"}],"wp:attachment":[{"href":"https:\/\/vincentians.com\/es\/wp-json\/wp\/v2\/media?parent=56661"}],"wp:term":[{"taxonomy":"category","embeddable":true,"href":"https:\/\/vincentians.com\/es\/wp-json\/wp\/v2\/categories?post=56661"},{"taxonomy":"post_tag","embeddable":true,"href":"https:\/\/vincentians.com\/es\/wp-json\/wp\/v2\/tags?post=56661"}],"curies":[{"name":"wp","href":"https:\/\/api.w.org\/{rel}","templated":true}]}}