{"id":5617,"date":"2016-06-03T08:05:27","date_gmt":"2016-06-03T06:05:27","guid":{"rendered":"http:\/\/somos.vicencianos.org\/blog\/?p=5617"},"modified":"2016-07-27T12:18:37","modified_gmt":"2016-07-27T10:18:37","slug":"origenes-de-la-congregacion-de-la-mision","status":"publish","type":"post","link":"https:\/\/vincentians.com\/es\/origenes-de-la-congregacion-de-la-mision\/","title":{"rendered":"Or\u00edgenes de la Congregaci\u00f3n de la Misi\u00f3n"},"content":{"rendered":"<p><img data-recalc-dims=\"1\" loading=\"lazy\" decoding=\"async\" class=\"alignnone size-medium wp-image-387480 alignleft\" src=\"https:\/\/i0.wp.com\/vicencianos.org\/wp-content\/uploads\/2013\/01\/Logo-CM-II-248x300.jpg?resize=248%2C300\" alt=\"Logo CM II\" width=\"248\" height=\"300\" \/>Vicente de Pa\u00fal, nacido en la aldea de Pouy el a\u00f1o 1581, ya desde su ni\u00f1ez vivi\u00f3 con los pobres y particip\u00f3 de sus condiciones de vida. En 1600 fue ordenado Sacerdote. Si bien por alg\u00fan tiempo anduvo rehuyendo la pobreza de su origen, dirigido luego por sus maestros de vida espiritual, sinti\u00f3 la urgente inquietud de adquirir una santidad m\u00e1s profunda. A trav\u00e9s de los acontecimientos de su vida, la Divina Providencia lo llev\u00f3 a tomar finalmente el firme prop\u00f3sito de dedicarse a la salvaci\u00f3n de los pobres.<\/p>\n<p>Descubri\u00f3, en efecto, la apremiante necesidad de evangelizar a los pobres mientras ejerc\u00eda el ministerio en Gannes y, el 25 de enero de 1617, en Folleville. Y esto fue, seg\u00fan su propio testimonio, <em>el origen tanto de su propia vocaci\u00f3n como de la Congregaci\u00f3n de la Misi\u00f3n<\/em>.<\/p>\n<p>Por fin, cuando en el mes de Agosto del mismo a\u00f1o, funda en Ch\u00e2tillon-les-Dombes las \u00ab<strong>Caridades<\/strong>\u00bb para socorrer a los enfermos desprovistos de todo recurso, comprendi\u00f3 y expuso la \u00edntima relaci\u00f3n que existe entre la evangelizaci\u00f3n de los pobres y el servicio que se les presta.<\/p>\n<p>Su experiencia espiritual fue configur\u00e1ndose poco a poco en la contemplaci\u00f3n y servicio de Cristo en la persona del pobre. M\u00e1s a\u00fan, la misi\u00f3n de Cristo enviado por el Padre a evangelizar se convirti\u00f3 en centro de su vida y de su trabajo apost\u00f3lico.<\/p>\n<p>Atento a las interpelaciones del mundo y de la sociedad de su tiempo, que aprendi\u00f3 a leer a la luz de un amor cada vez m\u00e1s acendrado hacia Dios y hacia los pobres oprimidos por cualquier clase de calamidades. Vicente se sinti\u00f3 llamado personalmente a aliviar todo tipo de miserias.<\/p>\n<p>En medio de actividades muy diversas procur\u00f3 siempre una especial dedicaci\u00f3n a la Misi\u00f3n. En efecto, los primeros compa\u00f1eros que en torno a s\u00ed hab\u00eda reunido por contrato (acordado el 17 de abril de 1625, para atender con ellos a la evangelizaci\u00f3n de los campesinos) se obligaron por el <strong>Acta de Asociaci\u00f3n <\/strong>(que firmaron el 4 de septiembre del a\u00f1o 1626) a formar una Congregaci\u00f3n, en la que, viviendo en comunidad, se dedicaran a la salvaci\u00f3n de los pobres en el campo.<\/p>\n<p>Vicente y sus compa\u00f1eros, mientras se entregaban a la evangelizaci\u00f3n de los pobres, vieron con claridad que los frutos de la misi\u00f3n no pod\u00edan conservarse en el pueblo sin cuidar a la vez de la formaci\u00f3n de los sacerdotes. Dieron comienzo a esta obra el a\u00f1o 1628 en la ciudad de Beauvairs, cuando, a instancias del obispo, se ocuparon de los ejercicios espirituales en ayuda de los cl\u00e9rigos aspirantes a las \u00d3rdenes.<\/p>\n<p>Para mejor socorrer toda clase de necesidades, Vicente convoc\u00f3 a cuantos pudo, ricos y pobres, humildes y poderosos, se sirvi\u00f3 de todos los medios para inspirarles el sentido del pobre -imagen privilegiada de Cristo- y les impuls\u00f3 a ayudar a los pobres directa e indirectamente. Esta voluntaria y generosa dedicaci\u00f3n la hicieron suya y la siguieron tanto la Comunidad de Hijas de la Caridad y las Asociaciones de Caridad fundadas por el mismo Vicente.<\/p>\n<p>Su celo por los pobres alcanz\u00f3 una nueva meta con la empresa de las Misiones \u00abad gentes\u00bb al enviar en 1648 los primeros misioneros a la isla de Madagascar. Mientras crec\u00eda la Congregaci\u00f3n como Instituto, iba definiendo poco a poco su vocaci\u00f3n, su organizaci\u00f3n y su vida fraterna, afirmando cuidadosamente su \u00edndole secular, a pesar de que sus miembros confirman su estabilidad en la misma con un voto peculiar y con la pr\u00e1ctica de la pobreza, la castidad y la obediencia. Tales rasgos constituyen, a\u00fan en nuestros d\u00edas, el patrimonio de la Congregaci\u00f3n.<\/p>\n","protected":false},"excerpt":{"rendered":"<p>Vicente de Pa\u00fal, nacido en la aldea de Pouy el a\u00f1o 1581, ya desde su ni\u00f1ez vivi\u00f3 con los pobres y particip\u00f3 de sus condiciones de vida. En 1600 fue ordenado Sacerdote. Si bien por &#8230; <a href=\"https:\/\/vincentians.com\/es\/origenes-de-la-congregacion-de-la-mision\/\" class=\"more-link\">Read More<\/a><\/p>\n","protected":false},"author":5,"featured_media":27010,"comment_status":"open","ping_status":"open","sticky":false,"template":"","format":"standard","meta":{"jetpack_post_was_ever_published":false,"_jetpack_newsletter_access":"","_jetpack_dont_email_post_to_subs":false,"_jetpack_newsletter_tier_id":0,"_jetpack_memberships_contains_paywalled_content":false,"_jetpack_memberships_contains_paid_content":false,"footnotes":"","jetpack_publicize_message":"","jetpack_publicize_feature_enabled":true,"jetpack_social_post_already_shared":true,"jetpack_social_options":{"image_generator_settings":{"template":"highway","default_image_id":0,"font":"","enabled":false},"version":2}},"categories":[214],"tags":[173,175,145,172,117],"class_list":["post-5617","post","type-post","status-publish","format-standard","has-post-thumbnail","hentry","category-historia-de-la-congregacion-de-la-mision","tag-chatillon-les-dombes","tag-folleville","tag-gannes","tag-pobreza","tag-pouy"],"yoast_head":"<!-- This site is optimized with the Yoast SEO plugin v26.3 - https:\/\/yoast.com\/wordpress\/plugins\/seo\/ -->\n<title>Or\u00edgenes de la Congregaci\u00f3n de la Misi\u00f3n - Somos Vicencianos<\/title>\n<meta name=\"robots\" content=\"index, follow, max-snippet:-1, max-image-preview:large, max-video-preview:-1\" \/>\n<link rel=\"canonical\" href=\"https:\/\/vincentians.com\/es\/origenes-de-la-congregacion-de-la-mision\/\" \/>\n<meta property=\"og:locale\" content=\"es_ES\" \/>\n<meta property=\"og:type\" content=\"article\" \/>\n<meta property=\"og:title\" content=\"Or\u00edgenes de la Congregaci\u00f3n de la Misi\u00f3n - Somos Vicencianos\" \/>\n<meta property=\"og:description\" content=\"Vicente de Pa\u00fal, nacido en la aldea de Pouy el a\u00f1o 1581, ya desde su ni\u00f1ez vivi\u00f3 con los pobres y particip\u00f3 de sus condiciones de vida. En 1600 fue ordenado Sacerdote. Si bien por ... Read More\" \/>\n<meta property=\"og:url\" content=\"https:\/\/vincentians.com\/es\/origenes-de-la-congregacion-de-la-mision\/\" \/>\n<meta property=\"og:site_name\" content=\"Somos Vicencianos\" \/>\n<meta property=\"article:publisher\" content=\"https:\/\/www.facebook.com\/WeAreVincentians\/\" \/>\n<meta property=\"article:published_time\" content=\"2016-06-03T06:05:27+00:00\" \/>\n<meta property=\"article:modified_time\" content=\"2016-07-27T10:18:37+00:00\" \/>\n<meta name=\"author\" content=\"Mitxel Olabu\u00e9naga\" \/>\n<meta name=\"twitter:card\" content=\"summary_large_image\" \/>\n<meta name=\"twitter:creator\" content=\"@WeVincentians\" \/>\n<meta name=\"twitter:site\" content=\"@WeVincentians\" \/>\n<meta name=\"twitter:label1\" content=\"Escrito por\" \/>\n\t<meta name=\"twitter:data1\" content=\"Mitxel Olabu\u00e9naga\" \/>\n\t<meta name=\"twitter:label2\" content=\"Tiempo de lectura\" \/>\n\t<meta name=\"twitter:data2\" content=\"3 minutos\" \/>\n<script type=\"application\/ld+json\" class=\"yoast-schema-graph\">{\"@context\":\"https:\/\/schema.org\",\"@graph\":[{\"@type\":\"Article\",\"@id\":\"https:\/\/vincentians.com\/es\/origenes-de-la-congregacion-de-la-mision\/#article\",\"isPartOf\":{\"@id\":\"https:\/\/vincentians.com\/es\/origenes-de-la-congregacion-de-la-mision\/\"},\"author\":{\"name\":\"Mitxel Olabu\u00e9naga\",\"@id\":\"http:\/\/vincentians.com\/es\/#\/schema\/person\/7c2670b4445a7ca9d164ea6acdb31859\"},\"headline\":\"Or\u00edgenes de la Congregaci\u00f3n de la Misi\u00f3n\",\"datePublished\":\"2016-06-03T06:05:27+00:00\",\"dateModified\":\"2016-07-27T10:18:37+00:00\",\"mainEntityOfPage\":{\"@id\":\"https:\/\/vincentians.com\/es\/origenes-de-la-congregacion-de-la-mision\/\"},\"wordCount\":646,\"commentCount\":0,\"publisher\":{\"@id\":\"http:\/\/vincentians.com\/es\/#organization\"},\"image\":{\"@id\":\"https:\/\/vincentians.com\/es\/origenes-de-la-congregacion-de-la-mision\/#primaryimage\"},\"thumbnailUrl\":\"\",\"keywords\":[\"Chatillon\",\"Folleville\",\"Gannes\",\"Pobreza\",\"Pouy\"],\"articleSection\":[\"Historia de la Congregaci\u00f3n de la Misi\u00f3n\"],\"inLanguage\":\"es\",\"potentialAction\":[{\"@type\":\"CommentAction\",\"name\":\"Comment\",\"target\":[\"https:\/\/vincentians.com\/es\/origenes-de-la-congregacion-de-la-mision\/#respond\"]}]},{\"@type\":\"WebPage\",\"@id\":\"https:\/\/vincentians.com\/es\/origenes-de-la-congregacion-de-la-mision\/\",\"url\":\"https:\/\/vincentians.com\/es\/origenes-de-la-congregacion-de-la-mision\/\",\"name\":\"Or\u00edgenes de la Congregaci\u00f3n de la Misi\u00f3n - Somos Vicencianos\",\"isPartOf\":{\"@id\":\"http:\/\/vincentians.com\/es\/#website\"},\"primaryImageOfPage\":{\"@id\":\"https:\/\/vincentians.com\/es\/origenes-de-la-congregacion-de-la-mision\/#primaryimage\"},\"image\":{\"@id\":\"https:\/\/vincentians.com\/es\/origenes-de-la-congregacion-de-la-mision\/#primaryimage\"},\"thumbnailUrl\":\"\",\"datePublished\":\"2016-06-03T06:05:27+00:00\",\"dateModified\":\"2016-07-27T10:18:37+00:00\",\"breadcrumb\":{\"@id\":\"https:\/\/vincentians.com\/es\/origenes-de-la-congregacion-de-la-mision\/#breadcrumb\"},\"inLanguage\":\"es\",\"potentialAction\":[{\"@type\":\"ReadAction\",\"target\":[\"https:\/\/vincentians.com\/es\/origenes-de-la-congregacion-de-la-mision\/\"]}]},{\"@type\":\"ImageObject\",\"inLanguage\":\"es\",\"@id\":\"https:\/\/vincentians.com\/es\/origenes-de-la-congregacion-de-la-mision\/#primaryimage\",\"url\":\"\",\"contentUrl\":\"\"},{\"@type\":\"BreadcrumbList\",\"@id\":\"https:\/\/vincentians.com\/es\/origenes-de-la-congregacion-de-la-mision\/#breadcrumb\",\"itemListElement\":[{\"@type\":\"ListItem\",\"position\":1,\"name\":\"Portada\",\"item\":\"http:\/\/vincentians.com\/es\/\"},{\"@type\":\"ListItem\",\"position\":2,\"name\":\"Or\u00edgenes de la Congregaci\u00f3n de la Misi\u00f3n\"}]},{\"@type\":\"WebSite\",\"@id\":\"http:\/\/vincentians.com\/es\/#website\",\"url\":\"http:\/\/vincentians.com\/es\/\",\"name\":\"Somos Vicencianos\",\"description\":\"Know more to serve more\",\"publisher\":{\"@id\":\"http:\/\/vincentians.com\/es\/#organization\"},\"potentialAction\":[{\"@type\":\"SearchAction\",\"target\":{\"@type\":\"EntryPoint\",\"urlTemplate\":\"http:\/\/vincentians.com\/es\/?s={search_term_string}\"},\"query-input\":{\"@type\":\"PropertyValueSpecification\",\"valueRequired\":true,\"valueName\":\"search_term_string\"}}],\"inLanguage\":\"es\"},{\"@type\":\"Organization\",\"@id\":\"http:\/\/vincentians.com\/es\/#organization\",\"name\":\"The Vincentian Network\",\"url\":\"http:\/\/vincentians.com\/es\/\",\"logo\":{\"@type\":\"ImageObject\",\"inLanguage\":\"es\",\"@id\":\"http:\/\/vincentians.com\/es\/#\/schema\/logo\/image\/\",\"url\":\"https:\/\/i1.wp.com\/vincentians.com\/es\/wp-content\/uploads\/sites\/11\/2016\/06\/Vincentian-Network-logo-big.png?fit=778%2C778\",\"contentUrl\":\"https:\/\/i1.wp.com\/vincentians.com\/es\/wp-content\/uploads\/sites\/11\/2016\/06\/Vincentian-Network-logo-big.png?fit=778%2C778\",\"width\":778,\"height\":778,\"caption\":\"The Vincentian Network\"},\"image\":{\"@id\":\"http:\/\/vincentians.com\/es\/#\/schema\/logo\/image\/\"},\"sameAs\":[\"https:\/\/www.facebook.com\/WeAreVincentians\/\",\"https:\/\/x.com\/WeVincentians\"]},{\"@type\":\"Person\",\"@id\":\"http:\/\/vincentians.com\/es\/#\/schema\/person\/7c2670b4445a7ca9d164ea6acdb31859\",\"name\":\"Mitxel Olabu\u00e9naga\",\"image\":{\"@type\":\"ImageObject\",\"inLanguage\":\"es\",\"@id\":\"http:\/\/vincentians.com\/es\/#\/schema\/person\/image\/\",\"url\":\"https:\/\/secure.gravatar.com\/avatar\/34137ec2e2b8939cbbed975731e71f3f4f1defc7266ded337a5ce0f925426877?s=96&d=mm&r=g\",\"contentUrl\":\"https:\/\/secure.gravatar.com\/avatar\/34137ec2e2b8939cbbed975731e71f3f4f1defc7266ded337a5ce0f925426877?s=96&d=mm&r=g\",\"caption\":\"Mitxel Olabu\u00e9naga\"},\"url\":\"https:\/\/vincentians.com\/es\/author\/mitxel\/\"}]}<\/script>\n<!-- \/ Yoast SEO plugin. -->","yoast_head_json":{"title":"Or\u00edgenes de la Congregaci\u00f3n de la Misi\u00f3n - Somos Vicencianos","robots":{"index":"index","follow":"follow","max-snippet":"max-snippet:-1","max-image-preview":"max-image-preview:large","max-video-preview":"max-video-preview:-1"},"canonical":"https:\/\/vincentians.com\/es\/origenes-de-la-congregacion-de-la-mision\/","og_locale":"es_ES","og_type":"article","og_title":"Or\u00edgenes de la Congregaci\u00f3n de la Misi\u00f3n - Somos Vicencianos","og_description":"Vicente de Pa\u00fal, nacido en la aldea de Pouy el a\u00f1o 1581, ya desde su ni\u00f1ez vivi\u00f3 con los pobres y particip\u00f3 de sus condiciones de vida. En 1600 fue ordenado Sacerdote. Si bien por ... Read More","og_url":"https:\/\/vincentians.com\/es\/origenes-de-la-congregacion-de-la-mision\/","og_site_name":"Somos Vicencianos","article_publisher":"https:\/\/www.facebook.com\/WeAreVincentians\/","article_published_time":"2016-06-03T06:05:27+00:00","article_modified_time":"2016-07-27T10:18:37+00:00","author":"Mitxel Olabu\u00e9naga","twitter_card":"summary_large_image","twitter_creator":"@WeVincentians","twitter_site":"@WeVincentians","twitter_misc":{"Escrito por":"Mitxel Olabu\u00e9naga","Tiempo de lectura":"3 minutos"},"schema":{"@context":"https:\/\/schema.org","@graph":[{"@type":"Article","@id":"https:\/\/vincentians.com\/es\/origenes-de-la-congregacion-de-la-mision\/#article","isPartOf":{"@id":"https:\/\/vincentians.com\/es\/origenes-de-la-congregacion-de-la-mision\/"},"author":{"name":"Mitxel Olabu\u00e9naga","@id":"http:\/\/vincentians.com\/es\/#\/schema\/person\/7c2670b4445a7ca9d164ea6acdb31859"},"headline":"Or\u00edgenes de la Congregaci\u00f3n de la Misi\u00f3n","datePublished":"2016-06-03T06:05:27+00:00","dateModified":"2016-07-27T10:18:37+00:00","mainEntityOfPage":{"@id":"https:\/\/vincentians.com\/es\/origenes-de-la-congregacion-de-la-mision\/"},"wordCount":646,"commentCount":0,"publisher":{"@id":"http:\/\/vincentians.com\/es\/#organization"},"image":{"@id":"https:\/\/vincentians.com\/es\/origenes-de-la-congregacion-de-la-mision\/#primaryimage"},"thumbnailUrl":"","keywords":["Chatillon","Folleville","Gannes","Pobreza","Pouy"],"articleSection":["Historia de la Congregaci\u00f3n de la Misi\u00f3n"],"inLanguage":"es","potentialAction":[{"@type":"CommentAction","name":"Comment","target":["https:\/\/vincentians.com\/es\/origenes-de-la-congregacion-de-la-mision\/#respond"]}]},{"@type":"WebPage","@id":"https:\/\/vincentians.com\/es\/origenes-de-la-congregacion-de-la-mision\/","url":"https:\/\/vincentians.com\/es\/origenes-de-la-congregacion-de-la-mision\/","name":"Or\u00edgenes de la Congregaci\u00f3n de la Misi\u00f3n - Somos Vicencianos","isPartOf":{"@id":"http:\/\/vincentians.com\/es\/#website"},"primaryImageOfPage":{"@id":"https:\/\/vincentians.com\/es\/origenes-de-la-congregacion-de-la-mision\/#primaryimage"},"image":{"@id":"https:\/\/vincentians.com\/es\/origenes-de-la-congregacion-de-la-mision\/#primaryimage"},"thumbnailUrl":"","datePublished":"2016-06-03T06:05:27+00:00","dateModified":"2016-07-27T10:18:37+00:00","breadcrumb":{"@id":"https:\/\/vincentians.com\/es\/origenes-de-la-congregacion-de-la-mision\/#breadcrumb"},"inLanguage":"es","potentialAction":[{"@type":"ReadAction","target":["https:\/\/vincentians.com\/es\/origenes-de-la-congregacion-de-la-mision\/"]}]},{"@type":"ImageObject","inLanguage":"es","@id":"https:\/\/vincentians.com\/es\/origenes-de-la-congregacion-de-la-mision\/#primaryimage","url":"","contentUrl":""},{"@type":"BreadcrumbList","@id":"https:\/\/vincentians.com\/es\/origenes-de-la-congregacion-de-la-mision\/#breadcrumb","itemListElement":[{"@type":"ListItem","position":1,"name":"Portada","item":"http:\/\/vincentians.com\/es\/"},{"@type":"ListItem","position":2,"name":"Or\u00edgenes de la Congregaci\u00f3n de la Misi\u00f3n"}]},{"@type":"WebSite","@id":"http:\/\/vincentians.com\/es\/#website","url":"http:\/\/vincentians.com\/es\/","name":"Somos Vicencianos","description":"Know more to serve more","publisher":{"@id":"http:\/\/vincentians.com\/es\/#organization"},"potentialAction":[{"@type":"SearchAction","target":{"@type":"EntryPoint","urlTemplate":"http:\/\/vincentians.com\/es\/?s={search_term_string}"},"query-input":{"@type":"PropertyValueSpecification","valueRequired":true,"valueName":"search_term_string"}}],"inLanguage":"es"},{"@type":"Organization","@id":"http:\/\/vincentians.com\/es\/#organization","name":"The Vincentian Network","url":"http:\/\/vincentians.com\/es\/","logo":{"@type":"ImageObject","inLanguage":"es","@id":"http:\/\/vincentians.com\/es\/#\/schema\/logo\/image\/","url":"https:\/\/i1.wp.com\/vincentians.com\/es\/wp-content\/uploads\/sites\/11\/2016\/06\/Vincentian-Network-logo-big.png?fit=778%2C778","contentUrl":"https:\/\/i1.wp.com\/vincentians.com\/es\/wp-content\/uploads\/sites\/11\/2016\/06\/Vincentian-Network-logo-big.png?fit=778%2C778","width":778,"height":778,"caption":"The Vincentian Network"},"image":{"@id":"http:\/\/vincentians.com\/es\/#\/schema\/logo\/image\/"},"sameAs":["https:\/\/www.facebook.com\/WeAreVincentians\/","https:\/\/x.com\/WeVincentians"]},{"@type":"Person","@id":"http:\/\/vincentians.com\/es\/#\/schema\/person\/7c2670b4445a7ca9d164ea6acdb31859","name":"Mitxel Olabu\u00e9naga","image":{"@type":"ImageObject","inLanguage":"es","@id":"http:\/\/vincentians.com\/es\/#\/schema\/person\/image\/","url":"https:\/\/secure.gravatar.com\/avatar\/34137ec2e2b8939cbbed975731e71f3f4f1defc7266ded337a5ce0f925426877?s=96&d=mm&r=g","contentUrl":"https:\/\/secure.gravatar.com\/avatar\/34137ec2e2b8939cbbed975731e71f3f4f1defc7266ded337a5ce0f925426877?s=96&d=mm&r=g","caption":"Mitxel Olabu\u00e9naga"},"url":"https:\/\/vincentians.com\/es\/author\/mitxel\/"}]}},"jetpack_publicize_connections":[],"jetpack_featured_media_url":"","jetpack_sharing_enabled":true,"jetpack_shortlink":"https:\/\/wp.me\/p7ETMF-1sB","jetpack-related-posts":[{"id":387345,"url":"https:\/\/vincentians.com\/es\/fechas-en-la-vida-de-san-vicente\/","url_meta":{"origin":5617,"position":0},"title":"Fechas en la vida de San Vicente","author":"Francisco Javier Fern\u00e1ndez Chento","date":"21\/12\/2017","format":false,"excerpt":"1581: En Pouy (Landas) nace Vicente de Pa\u00fal, tercer hijo de la familia de Pa\u00fal. 1595: Vicente sale de Pouy para ir a Dax, donde vivir\u00e1 en casa del Se\u00f1or de Comet, abogado en Dax y juez en Pouy. Cursa estudios en el colegio de los Franciscanos. 1596: Vicente inicia\u2026","rel":"","context":"En \u00abVicente de Pa\u00fal\u00bb","block_context":{"text":"Vicente de Pa\u00fal","link":"https:\/\/vincentians.com\/es\/category\/la-familia-vicenciana\/fundadores\/vicente-de-paul\/"},"img":{"alt_text":"","src":"https:\/\/i0.wp.com\/vincentians.com\/es\/wp-content\/uploads\/sites\/11\/2016\/08\/con-damas-de-la-caridad.jpg?fit=1200%2C630&ssl=1&resize=350%2C200","width":350,"height":200,"srcset":"https:\/\/i0.wp.com\/vincentians.com\/es\/wp-content\/uploads\/sites\/11\/2016\/08\/con-damas-de-la-caridad.jpg?fit=1200%2C630&ssl=1&resize=350%2C200 1x, https:\/\/i0.wp.com\/vincentians.com\/es\/wp-content\/uploads\/sites\/11\/2016\/08\/con-damas-de-la-caridad.jpg?fit=1200%2C630&ssl=1&resize=525%2C300 1.5x, https:\/\/i0.wp.com\/vincentians.com\/es\/wp-content\/uploads\/sites\/11\/2016\/08\/con-damas-de-la-caridad.jpg?fit=1200%2C630&ssl=1&resize=700%2C400 2x, https:\/\/i0.wp.com\/vincentians.com\/es\/wp-content\/uploads\/sites\/11\/2016\/08\/con-damas-de-la-caridad.jpg?fit=1200%2C630&ssl=1&resize=1050%2C600 3x"},"classes":[]},{"id":403843,"url":"https:\/\/vincentians.com\/es\/vicente-de-paul-en-gannes-folleville-i\/","url_meta":{"origin":5617,"position":1},"title":"VICENTE DE PAUL EN GANNES-FOLLEVILLE (I)","author":"Mitxel Olabu\u00e9naga","date":"26\/11\/2021","format":false,"excerpt":"Se me ha pedido que diserte sobre Vicente de Pa\u00fal y su expe\u00adriencia en Gannes y Folleville. Y, tambi\u00e9n, que analice dicha experiencia como un momento revelador de las misiones popu\u00adlares. Con cierto temor y pudor pretendo adentrarme en el tema. El centro de esta intervenci\u00f3n es el de la\u2026","rel":"","context":"En \u00abFormaci\u00f3n Vicenciana\u00bb","block_context":{"text":"Formaci\u00f3n Vicenciana","link":"https:\/\/vincentians.com\/es\/category\/formacion-vicenciana\/"},"img":{"alt_text":"","src":"https:\/\/i0.wp.com\/vincentians.com\/es\/wp-content\/uploads\/sites\/11\/2017\/04\/vicente-y-eucaristia.jpg?fit=1200%2C630&ssl=1&resize=350%2C200","width":350,"height":200,"srcset":"https:\/\/i0.wp.com\/vincentians.com\/es\/wp-content\/uploads\/sites\/11\/2017\/04\/vicente-y-eucaristia.jpg?fit=1200%2C630&ssl=1&resize=350%2C200 1x, https:\/\/i0.wp.com\/vincentians.com\/es\/wp-content\/uploads\/sites\/11\/2017\/04\/vicente-y-eucaristia.jpg?fit=1200%2C630&ssl=1&resize=525%2C300 1.5x, https:\/\/i0.wp.com\/vincentians.com\/es\/wp-content\/uploads\/sites\/11\/2017\/04\/vicente-y-eucaristia.jpg?fit=1200%2C630&ssl=1&resize=700%2C400 2x, https:\/\/i0.wp.com\/vincentians.com\/es\/wp-content\/uploads\/sites\/11\/2017\/04\/vicente-y-eucaristia.jpg?fit=1200%2C630&ssl=1&resize=1050%2C600 3x"},"classes":[]},{"id":403849,"url":"https:\/\/vincentians.com\/es\/vicente-de-paul-en-gannes-folleville-iv\/","url_meta":{"origin":5617,"position":2},"title":"VICENTE DE PAUL EN GANNES-FOLLEVILLE (IV)","author":"Mitxel Olabu\u00e9naga","date":"02\/12\/2021","format":false,"excerpt":"2.3. INTERPRETACIONES TRADICIONALES Hemos expuesto los hechos acaecidos, seg\u00fan la tradici\u00f3n, en Gannes-Folleville. Y, tambi\u00e9n, c\u00f3mo impactaron en Vicente de Pa\u00fal. Ahora vamos a comentar las interpretaciones m\u00e1s tradicio\u00adnales que se han dado al respecto. Comenzaremos por Abelly y Coste, dos bi\u00f3grafos de Vicente cl\u00e1sicos, y continuaremos por las interpretaciones\u2026","rel":"","context":"En \u00abFormaci\u00f3n Vicenciana\u00bb","block_context":{"text":"Formaci\u00f3n Vicenciana","link":"https:\/\/vincentians.com\/es\/category\/formacion-vicenciana\/"},"img":{"alt_text":"","src":"https:\/\/i0.wp.com\/vincentians.com\/es\/wp-content\/uploads\/sites\/11\/2017\/04\/vicente-y-eucaristia.jpg?fit=1200%2C630&ssl=1&resize=350%2C200","width":350,"height":200,"srcset":"https:\/\/i0.wp.com\/vincentians.com\/es\/wp-content\/uploads\/sites\/11\/2017\/04\/vicente-y-eucaristia.jpg?fit=1200%2C630&ssl=1&resize=350%2C200 1x, https:\/\/i0.wp.com\/vincentians.com\/es\/wp-content\/uploads\/sites\/11\/2017\/04\/vicente-y-eucaristia.jpg?fit=1200%2C630&ssl=1&resize=525%2C300 1.5x, https:\/\/i0.wp.com\/vincentians.com\/es\/wp-content\/uploads\/sites\/11\/2017\/04\/vicente-y-eucaristia.jpg?fit=1200%2C630&ssl=1&resize=700%2C400 2x, https:\/\/i0.wp.com\/vincentians.com\/es\/wp-content\/uploads\/sites\/11\/2017\/04\/vicente-y-eucaristia.jpg?fit=1200%2C630&ssl=1&resize=1050%2C600 3x"},"classes":[]},{"id":134886,"url":"https:\/\/vincentians.com\/es\/de-las-caridades-a-las-hijas-de-la-caridad\/","url_meta":{"origin":5617,"position":3},"title":"De las \u00abCaridades\u00bb a las \u00abHijas de la Caridad\u00bb","author":"Francisco Javier Fern\u00e1ndez Chento","date":"27\/08\/2016","format":false,"excerpt":"Estamos en 1617. Dos experiencias particularmente significativas marcan la vida de Vicente de Pa\u00fal, y est\u00e1n en el origen de sus dos realizaciones revolucionarias: la experiencia de Gannes Folleville y la de Ch\u00e1tillon-les-Dombes. Nacido el 24 de abril de 1581 en Pouy (hoy San Vicente de Pa\u00fal) en las cercan\u00edas\u2026","rel":"","context":"En \u00abHijas de la Caridad\u00bb","block_context":{"text":"Hijas de la Caridad","link":"https:\/\/vincentians.com\/es\/category\/la-familia-vicenciana\/ramas\/hijas-de-la-caridad\/"},"img":{"alt_text":"","src":"https:\/\/i0.wp.com\/vincentians.com\/es\/wp-content\/uploads\/sites\/11\/2016\/08\/hijas-caridad.jpg?fit=1200%2C630&ssl=1&resize=350%2C200","width":350,"height":200,"srcset":"https:\/\/i0.wp.com\/vincentians.com\/es\/wp-content\/uploads\/sites\/11\/2016\/08\/hijas-caridad.jpg?fit=1200%2C630&ssl=1&resize=350%2C200 1x, https:\/\/i0.wp.com\/vincentians.com\/es\/wp-content\/uploads\/sites\/11\/2016\/08\/hijas-caridad.jpg?fit=1200%2C630&ssl=1&resize=525%2C300 1.5x, https:\/\/i0.wp.com\/vincentians.com\/es\/wp-content\/uploads\/sites\/11\/2016\/08\/hijas-caridad.jpg?fit=1200%2C630&ssl=1&resize=700%2C400 2x, https:\/\/i0.wp.com\/vincentians.com\/es\/wp-content\/uploads\/sites\/11\/2016\/08\/hijas-caridad.jpg?fit=1200%2C630&ssl=1&resize=1050%2C600 3x"},"classes":[]},{"id":119409,"url":"https:\/\/vincentians.com\/es\/historia-de-una-mirada-sobre-el-pobre\/","url_meta":{"origin":5617,"position":4},"title":"Historia de una mirada sobre el pobre","author":"Francisco Javier Fern\u00e1ndez Chento","date":"29\/11\/2021","format":false,"excerpt":"Introducci\u00f3n En algunos retratos antiguos que se han conservado de San Vicente de Pa\u00fal, como los de Simon Fran\u00e7ois de Tours, de Nicolas Pitau, de Van Schuppen, de Ren\u00e9 Lochon, sin duda, son los ojos lo que m\u00e1s impresiona. Observamos en ellos una gran calidad de atenci\u00f3n y de observaci\u00f3n;\u2026","rel":"","context":"En \u00abFormaci\u00f3n Vicenciana\u00bb","block_context":{"text":"Formaci\u00f3n Vicenciana","link":"https:\/\/vincentians.com\/es\/category\/formacion-vicenciana\/"},"img":{"alt_text":"","src":"https:\/\/i0.wp.com\/vincentians.com\/es\/wp-content\/uploads\/sites\/11\/2016\/09\/ojos-jesucristo.jpg?fit=1200%2C630&ssl=1&resize=350%2C200","width":350,"height":200,"srcset":"https:\/\/i0.wp.com\/vincentians.com\/es\/wp-content\/uploads\/sites\/11\/2016\/09\/ojos-jesucristo.jpg?fit=1200%2C630&ssl=1&resize=350%2C200 1x, https:\/\/i0.wp.com\/vincentians.com\/es\/wp-content\/uploads\/sites\/11\/2016\/09\/ojos-jesucristo.jpg?fit=1200%2C630&ssl=1&resize=525%2C300 1.5x, https:\/\/i0.wp.com\/vincentians.com\/es\/wp-content\/uploads\/sites\/11\/2016\/09\/ojos-jesucristo.jpg?fit=1200%2C630&ssl=1&resize=700%2C400 2x, https:\/\/i0.wp.com\/vincentians.com\/es\/wp-content\/uploads\/sites\/11\/2016\/09\/ojos-jesucristo.jpg?fit=1200%2C630&ssl=1&resize=1050%2C600 3x"},"classes":[]},{"id":403845,"url":"https:\/\/vincentians.com\/es\/vicente-de-paul-en-gannes-folleville-ii\/","url_meta":{"origin":5617,"position":5},"title":"VICENTE DE PAUL EN GANNES-FOLLEVILLE (II)","author":"Mitxel Olabu\u00e9naga","date":"28\/11\/2021","format":false,"excerpt":"GANNES-FOLLEVILLE Vicente de Pa\u00fal vivi\u00f3 en Gannes-Folleville, dos poblaciones de Francia, unas experiencias que no fueron novedosas para \u00e9l, pero que, con el correr de los a\u00f1os, dejaron en \u00e9l una huella extraordi\u00adnaria que transmiti\u00f3 como referente a sus seguidores. Nos estamos refiriendo a la confesi\u00f3n de un moribundo, en\u2026","rel":"","context":"En \u00abFormaci\u00f3n Vicenciana\u00bb","block_context":{"text":"Formaci\u00f3n Vicenciana","link":"https:\/\/vincentians.com\/es\/category\/formacion-vicenciana\/"},"img":{"alt_text":"","src":"https:\/\/i0.wp.com\/vincentians.com\/es\/wp-content\/uploads\/sites\/11\/2017\/04\/vicente-y-eucaristia.jpg?fit=1200%2C630&ssl=1&resize=350%2C200","width":350,"height":200,"srcset":"https:\/\/i0.wp.com\/vincentians.com\/es\/wp-content\/uploads\/sites\/11\/2017\/04\/vicente-y-eucaristia.jpg?fit=1200%2C630&ssl=1&resize=350%2C200 1x, https:\/\/i0.wp.com\/vincentians.com\/es\/wp-content\/uploads\/sites\/11\/2017\/04\/vicente-y-eucaristia.jpg?fit=1200%2C630&ssl=1&resize=525%2C300 1.5x, https:\/\/i0.wp.com\/vincentians.com\/es\/wp-content\/uploads\/sites\/11\/2017\/04\/vicente-y-eucaristia.jpg?fit=1200%2C630&ssl=1&resize=700%2C400 2x, https:\/\/i0.wp.com\/vincentians.com\/es\/wp-content\/uploads\/sites\/11\/2017\/04\/vicente-y-eucaristia.jpg?fit=1200%2C630&ssl=1&resize=1050%2C600 3x"},"classes":[]}],"_links":{"self":[{"href":"https:\/\/vincentians.com\/es\/wp-json\/wp\/v2\/posts\/5617","targetHints":{"allow":["GET"]}}],"collection":[{"href":"https:\/\/vincentians.com\/es\/wp-json\/wp\/v2\/posts"}],"about":[{"href":"https:\/\/vincentians.com\/es\/wp-json\/wp\/v2\/types\/post"}],"author":[{"embeddable":true,"href":"https:\/\/vincentians.com\/es\/wp-json\/wp\/v2\/users\/5"}],"replies":[{"embeddable":true,"href":"https:\/\/vincentians.com\/es\/wp-json\/wp\/v2\/comments?post=5617"}],"version-history":[{"count":0,"href":"https:\/\/vincentians.com\/es\/wp-json\/wp\/v2\/posts\/5617\/revisions"}],"wp:featuredmedia":[{"embeddable":true,"href":"https:\/\/vincentians.com\/es\/wp-json\/"}],"wp:attachment":[{"href":"https:\/\/vincentians.com\/es\/wp-json\/wp\/v2\/media?parent=5617"}],"wp:term":[{"taxonomy":"category","embeddable":true,"href":"https:\/\/vincentians.com\/es\/wp-json\/wp\/v2\/categories?post=5617"},{"taxonomy":"post_tag","embeddable":true,"href":"https:\/\/vincentians.com\/es\/wp-json\/wp\/v2\/tags?post=5617"}],"curies":[{"name":"wp","href":"https:\/\/api.w.org\/{rel}","templated":true}]}}