{"id":56095,"date":"2015-05-15T04:08:18","date_gmt":"2015-05-15T02:08:18","guid":{"rendered":"http:\/\/somos.vicencianos.org\/?p=56095"},"modified":"2016-07-26T17:27:12","modified_gmt":"2016-07-26T15:27:12","slug":"luisa-de-marillac-15","status":"publish","type":"post","link":"https:\/\/vincentians.com\/es\/luisa-de-marillac-15\/","title":{"rendered":"Luisa de Marillac (15)"},"content":{"rendered":"<h2>Durante la gran miseria de La Fronda<\/h2>\n<p><a href=\"https:\/\/i0.wp.com\/vicencianos.org\/wp-content\/2015\/05\/luisa-de-marillac.jpg\"><img data-recalc-dims=\"1\" loading=\"lazy\" decoding=\"async\" class=\"alignright size-medium wp-image-144174\" src=\"https:\/\/i0.wp.com\/vicencianos.org\/wp-content\/2015\/05\/luisa-de-marillac-251x300.jpg?resize=251%2C300\" alt=\"OLYMPUS DIGITAL CAMERA\" width=\"251\" height=\"300\" \/><\/a>De 1648 a 1653, Francia se ve desgarrada por una guerra civil. Desde hac\u00eda va\u00adrios a\u00f1os se ven\u00eda preparando la insurrecci\u00f3n en el pa\u00eds: los impuestos aumentaban sin cesar para mantener a los ej\u00e9rcitos que peleaban contra austr\u00edacos y espa\u00f1oles. Extorsiones de todas clases (tallas, gabelas, derechos de los Se\u00f1ores, diezmos ecle\u00adsi\u00e1sticos&#8230;) agravaban la situaci\u00f3n ya tan precaria de los campesinos.<\/p>\n<p>La Fronda es el levantamiento de varios estratos de la sociedad (parlamentarios, grandes Se\u00f1ores, campesinos, pueblo bajo&#8230;) contra el poder real que ejerce el pri\u00admer ministro Mazarino.<\/p>\n<p>La sublevaci\u00f3n empieza en mayo de 1648. El poder real pide a los oficiales reales el abono anticipado de cuatro a\u00f1os de sueldo. Los parlamentarios se niegan a ello y se unen para hacer frente a Mazarino. A pesar del arresto de algunos jefes de la oposici\u00f3n, la sublevaci\u00f3n se extiende por las provincias. El Parlamento exige que se le deje controlar el presupuesto.<\/p>\n<p>El 20 de agosto, Cond\u00e9, al frente de los ej\u00e9rcitos del Rey, alcanza en Lens una victoria sobre los ej\u00e9rcitos del Emperador de Austria, Fernando III. Apoy\u00e1ndose en este \u00e9xito, Mazarino cree que ha llegado el momento de enfrentarse contra el Parla\u00admento. El 26 de agosto ordena la detenci\u00f3n de Broussel, Consejero del Parlamento, hombre muy popular. Inmediatamente, Par\u00eds se llena de barricadas y el pueblo salta a la calle. La Reina Ana de Austria y el joven Rey Luis XIV huyen a Rueil.<\/p>\n<p>La noticia de la sublevaci\u00f3n de la capital se extiende r\u00e1pidamente. Luisa, que se encuentra en aquellos d\u00edas en Liancourt, se entera aquella misma noche o a m\u00e1s tardar a la ma\u00f1ana siguiente y escribe una carta llena de angustia a Juliana Loret, la directora del Seminario:<\/p>\n<p style=\"padding-left: 30px\"><em><em>\u00ab<\/em>Estoy muy preocupada con un rumor que ha corrido por el campo, de que hubiera habido disturbios y hasta alg\u00fan asesinato en las calles de Par\u00eds. En nombre de Dios, querida Hermana, deme cuanto antes noti\u00adcias del Se\u00f1or Vicente y de mi hijo y de nuestras Hermanas y de cuan\u00adto hayan sabido ustedes de esos rumores&#8230; \u00bb <\/em><\/p>\n<p>Al d\u00eda siguiente, 28 de agosto, Luisa, que no ha recibido ninguna noticia, se diri\u00adge a su secretaria, Sor Isabel Hellot:<\/p>\n<p style=\"padding-left: 30px\"><em><em>\u00ab<\/em>En nombre de Dios, deme noticias del Se\u00f1or Vicente, del Se\u00f1or Hol\u00ad<\/em><em>den <\/em>(amigo de la familia Marillac), <em>del Se\u00f1or de Marillac <\/em>(Consejero del Parlamento, como Broussel) y <em>de mi hijo. Estoy tan preocupada que <\/em><em>si tuviera medio para hacerlo, me volver\u00eda hoy mismo, pero, \u00a1por favor!, <\/em><em>no me oculten nada. \u00ab<\/em><\/p>\n<p>Al d\u00eda siguiente, otra carta de Luisa refleja el sufrimiento que le produce estar lejos de sus Hermanas en aquellas horas dif\u00edciles:<\/p>\n<p style=\"padding-left: 30px\"><em><em>\u00ab<\/em>Es una pena muy grande verse una separada de sus amigos cuando <\/em><em>les cree en peligro\u00bb. <\/em><\/p>\n<p>Durante tres d\u00edas las barricadas se multiplican por todo Par\u00eds. Los enfrentamien\u00adtos de unos y otros causan v\u00edctimas. Mazarino se decide a soltar a Broussel y una calma relativa vuelve a renacer en la ciudad. Pero el Parlamento, que se siente fuerte, se niega a aceptar cualquier pago de impuestos. En diciembre de 1648, vuelve a su\u00adbir la tensi\u00f3n y llega a tal punto, que Mazarino, con la Corte, sale furtivamente de Par\u00eds en la noche del 5 al 6 de enero de 1649. Se propone rendir la capital por hambre y manda a sus tropas que la asedien.<\/p>\n<p>Preocupado por esta situaci\u00f3n, el Se\u00f1or Vicente intenta hacer una gesti\u00f3n en favor de la paz. El 14 de enero, marcha a San Germ\u00e1n en Laye para verse con la Reina Ana de Austria y con Mazarino. El viaje es arriesgado: en Clichy, unos soldados le detienen; pero uno de ellos reconoce al Se\u00f1or Vicente y le dejan proseguir su cami\u00adno. La intervenci\u00f3n proyectada no consigue resultado alguno; tiene, en cambio, por efecto despertar la ira del pueblo de Par\u00eds que considera a Vicente partidario de Ma\u00adzarino. Ante tales circunstancias, Vicente cre m\u00e1s prudente alejarse y emprender la visita de las casas de los Sacerdotes de la Misi\u00f3n y de las Hijas de la Caridad de Le Mans, Angers, Saint M\u00e9en&#8230; El 22 de enero de 1649, desde Villepreux, escribe a Antonio Portail:<\/p>\n<p style=\"padding-left: 30px\"><em><em>\u00ab<\/em>Sal\u00ed de Par\u00eds el 14 de este mes para ir a San Germ\u00e1n y hacer all\u00ed un <\/em><em>peque\u00f1o servicio a Dios; pero mis pecados me hicieron indigno de ello y despu\u00e9s de 3 \u00f3 4 d\u00edas de estancia, tuve que volverme ac\u00e1, de donde saldr\u00e9 pasado ma\u00f1ana para ir a visitar nuestras casas. La voluntad de Dios es que ahora sea in\u00fatil para cualquier otra cosa. \u00ab<\/em><\/p>\n<p>Luisa de Marillac se encuentra muy sola en Par\u00eds ante una situaci\u00f3n cada vez m\u00e1s dif\u00edcil. El 27 de febrero, el pueblo de Par\u00eds coge las armas y fuerza las puertas de la C\u00e1mara del Parlamento, saqueando las casas de los perceptores de impuestos. La guerra civil est\u00e1 a punto de estallar en la capital. Y a las puertas de Par\u00eds sigue acampado el Ej\u00e9rcito real para impedir que se abastezca a los habitantes. Luisa de Marillac tiene gran inquietud por la situaci\u00f3n de las Hermanas de Bic\u00e9tre, que tienen a su cargo los Ni\u00f1os Exp\u00f3sitos: la regi\u00f3n aqu\u00e9lla est\u00e1 invadida por los soldados. As\u00ed, pues, les escribe una carta llena de afecto:<\/p>\n<p style=\"padding-left: 30px\"><em><em>\u00ab<\/em>Suplico a la Sant\u00edsima Virgen sea su protectora y les alcance de su Hijo la generosidad que necesitan; pido tambi\u00e9n a sus santos \u00e1ngeles se <\/em><em>pongan de acuerdo con los de los se\u00f1ores que Dios les ha enviado. \u00ab<\/em><\/p>\n<p>La carta contiene prudentes consejos dirigidos a Sor Genoveva Poisson, la Her\u00admana Sirviente. Luisa teme que se desencadenen las pasiones y la brutalidad de los soldados:<\/p>\n<p style=\"padding-left: 30px\"><em><em>\u00ab<\/em>Cuide usted de que nuestras Hermanas est\u00e9n siempre todas juntas y tengan mucho cuidado con las ni\u00f1as mayores, a las que deben tener <\/em><em>siempre a la vista o encerradas en la escuela. \u00ab<\/em><\/p>\n<p>En esa misma carta, Luisa pone de manifiesto la gran confianza que tiene en sus Hermanas, que se hallan tan expuestas:<\/p>\n<p style=\"padding-left: 30px\"><em><em>\u00ab<\/em>Estoy segura de que <\/em>(Dios) <em>les infunde valor y \u00e1nimos suficientes para <\/em><em>morir antes que permitir que Dios sea ofendido en ustedes, y que su <\/em><em>modestia dar\u00e1 a conocer que pertenecen al Rey de reyes, a quien to\u00addas las potencias est\u00e1n sometidas. \u00bb <\/em><\/p>\n<p>Al mismo tiempo que escribe esta carta, Luisa piensa en c\u00f3mo \u00abrepatriar\u00bb hacia la Casa Madre a todos los habitantes de Bic\u00e9tre; cosa que podr\u00e1 hacerse m\u00e1s ade\u00adlante: parte de los ni\u00f1os ir\u00e1n a las \u00ab13 Casas\u00bb, cerca de San L\u00e1zaro, y parte a la Casa Madre de las Hermanas.<\/p>\n<p>En marzo parece surgir una esperanza de paz: se consigue una negociaci\u00f3n en\u00adtre Mazarino y el Parlamento, cuyo resultado es el Tratado de Rueil, que se firm\u00f3 el 11 de marzo. Luisa de Marillac desea ahora que el Se\u00f1or Vicente regrese cuanto an\u00adtes a Par\u00eds, en donde las necesidades son inmensas:<\/p>\n<p style=\"padding-left: 30px\"><em>\u00abEstamos preocupad\u00edsimas sin saber el lugar y el estado en que se halla <\/em><em>usted&#8230; Es usted muy deseado en Par\u00eds por las obras de caridad. De manera especial la Se\u00f1ora Presidenta de Lamoignon le ruega regrese <\/em><em>cuanto antes. Dejo a otros el decirle las noticias sobre la paz, ya que por mi parte no s\u00e9 otra cosa sino lo que nos hace alabar a Dios con el pueblo. \u00bb <\/em><\/p>\n<p>Como el Se\u00f1or Vicente debe de encontrarse en Angers, Luisa escribe ese mis\u00admo d\u00eda al Sr. Abad de Vaux para saber por \u00e9l noticias fiables:<\/p>\n<p style=\"padding-left: 30px\"><em>\u00a0<\/em>\u00ab<em>Tengo el honor de escribirle para suplicarle nos d\u00e9 noticias del Se\u00f1or Vicente, si las tiene usted, porque estamos muy preocupadas sin saber nada de \u00e9l desde el 14 de marzo, fecha en la que se hallaba en Le Mans. <\/em><em>He sabido, s\u00ed, que hab\u00eda estado en Angers, pero desde entonces no hemos o\u00eddo ya en absoluto hablar de \u00e9l, y estas \u00faltimas noticias no eran directamente suyas ni de nadie que estuviera cerca de \u00e9l. H\u00e1game el favor, se\u00f1or, de tomarse la molestia de decirnos lo que sepa. \u00bb <\/em><\/p>\n<p>\u00bfSe ha enterado Luisa de que, cuando iba de camino hacia Angers, el Se\u00f1or Vicente ha tenido una ca\u00edda del caballo que le ha arrojado en un arroyo? Se salva de lo peor gracias a la pronta intervenci\u00f3n del sacerdote que le acompa\u00f1aba.<\/p>\n<p>Mucho desea Luisa, como hemos dicho, el regreso del Se\u00f1or Vicente, pero en\u00adtre tanto no permanece inactiva. En la capital, los pobres son muy numerosos y no hay pan que darles. De acuerdo con las Se\u00f1oras, empleando en ello a las Hijas de la Caridad, se organizan unos socorros. En ese mismo mes de abril, en una carta a Sor Juana Lepintre, Hermana Sirviente de Nantes, Luisa le da noticias de la Casa Madre:<\/p>\n<p style=\"padding-left: 30px\"><em><em>\u00ab<\/em>En estos tiempos de aflicci\u00f3n&#8230; todas nuestras Hermanas&#8230; han podi\u00addo continuar al servicio de los pobres enfermos y tambi\u00e9n de los que no ten\u00edan pan, pues no pueden ustedes hacerse idea de la cantidad de limosnas que se han distribuido en Par\u00eds. Creo que esto es lo que nos ha atra\u00eddo la misericordia de Dios sobre nosotros para darnos la paz. \u00bb <\/em><\/p>\n<p>El abastecimiento se hace dif\u00edcil, el trigo est\u00e1 muy caro. Para alimentar a toda la numerosa familia: pobres, ni\u00f1os, Hermanas, Luisa invita a sus Compa\u00f1eras a que pongan cuidado:<\/p>\n<p style=\"padding-left: 30px\"><em><em>\u00ab<\/em>Ruego a las Hermanas jardineras que trabajen bien para conseguir un <\/em><em>hermoso huerto, aprovechando que nuestro buen Dios nos da buen <\/em><em>tiempo. \u00bb <\/em><\/p>\n<p style=\"padding-left: 30px\"><em><em>\u00ab<\/em>Les ruego que no dejen salir juntos a todos los cerdos y sobre todo <\/em><em>que no se vayan al huerto para que podamos verlos reverdecer. Me fi\u00ad<\/em><em>guro que se cuidar\u00e1n de la comida de la vaca y de los dem\u00e1s anima\u00adles&#8230; \u00ab<\/em><\/p>\n<p>Leche, huevos, legumbres, son alimentos sustanciosos para preparar una buena sopa a todos los pobres hambrientos.<\/p>\n<p>Por fin, el 13 de junio de 1649, el Se\u00f1or Vicente regresa a Par\u00eds. \u00a1Qu\u00e9 alegr\u00eda para Luisa volverle a ver despu\u00e9s de esos largos meses de ausencia! \u00a1Cu\u00e1ntas cosas tienen que ver juntos, cu\u00e1ntos asuntos tienen que tratar!&#8230;<\/p>\n<p style=\"padding-left: 30px\"><em><em>\u00ab<\/em>El Se\u00f1or Vicente apenas acaba de regresar y se ve cogido por los m\u00fal<\/em><em>tiples negocios y complicaciones que puede usted imaginar. \u00bb <\/em><\/p>\n<p>La vida normal parece va tomando su ritmo ordinario. La Fronda Parlamentaria ha terminado: el 18 de agosto de 1649, la Reina Ana de Austria y el Rey ni\u00f1o, Luis XIV, de 11 a\u00f1os de edad, regresan a Par\u00eds, en medio de la algazara popular. Ma\u00adzarino y Cond\u00e9, jefe del Ej\u00e9rcito, los acompa\u00f1an.<\/p>\n<p>Si la situaci\u00f3n pol\u00edtica ha mejorado, la situaci\u00f3n econ\u00f3mica, por su parte, es desastrosa. No se ha podido sembrar a tiempo; los soldados, para alimentarse ellos, lo han saqueado todo a su paso.<\/p>\n<p>En noviembre de 1649, Luisa lanza un grito de alarma: No queda dinero para sostener a los Ni\u00f1os Exp\u00f3sitos. Las Se\u00f1oras no proporcionan ya nada; falta ropa; \u00bfc\u00f3mo comprar trigo estando tan caro? Las familias nutricias devuelven a los ni\u00f1os porque hace varios meses que no se les paga.<\/p>\n<p style=\"padding-left: 30px\"><em><em>\u00ab<\/em>Soy demasiado importuna, pero hemos llegado a un punto en que es <\/em><em>necesario recibir ayuda inmediatamente o si no, dejarlo todo. Ayer tuvimos que dar todo el dinero de la caja de aqu\u00ed, unas 15 \u00f3 20 libras&#8230; para poder adquirir trigo para los ni\u00f1os de Bic\u00e9tre&#8230; \u00bb <\/em><\/p>\n<p>Unos d\u00edas despu\u00e9s, Luisa insiste y expresa su dolor de madre ante unos ni\u00f1os que tienen hambre:<\/p>\n<p style=\"padding-left: 30px\"><em><em>\u00ab<\/em>H\u00e1ganos la caridad, mi muy Honorable Padre, de decirnos si podemos <\/em><em>en conciencia dejarlos morir. \u00ab<\/em><\/p>\n<p>Palabras muy duras en la pluma de Luisa de Marillac, pero es que no puede per\u00admanecer insensible ante el sufrimiento de los Ni\u00f1os a los que Dios ama. Propone entonces entrevistas con personas influyentes: la Princesa de Cond\u00e9, el Primer Pre\u00adsidente. Escribe por su parte al Canciller S\u00e9guier, pidi\u00e9ndole proporcione ayuda a cien ni\u00f1os peque\u00f1os que tendr\u00e1n que pasar las fiestas de Navidad, ya pr\u00f3ximas, sin pro\u00adbar el pan.<\/p>\n<p>Conmovido tambi\u00e9n el Se\u00f1or Vicente por la necesidad de los ni\u00f1os, convoca la Asamblea de las Se\u00f1oras de la Caridad. R\u00e1pidamente, Luisa le prepara un esque\u00adma sobre la situaci\u00f3n de la Obra de los Ni\u00f1os Exp\u00f3sitos:<\/p>\n<p style=\"padding-left: 30px\"><em>\u00abLe incluyo una breve memoria que he hecho de los puntos de los que, <\/em><em>si usted le parece oportuno, podr\u00eda tomarse la molestia de hablar en la Junta. \u00bb <\/em><\/p>\n<p>Quiz\u00e1 sea este esquema el que sirviera a Vicente de Pa\u00fal para preparar sus pala\u00adbras durante la Asamblea; en ellas explica que hay dos maneras de matar a un ni\u00f1o: de muerte violenta o bien neg\u00e1ndole el alimento necesario. Pues bien, los Ni\u00f1os Ex\u00adp\u00f3sitos se hallan en una gran necesidad: no quedan alimentos m\u00e1s que para seis semanas.<\/p>\n<p>Recordando toda la historia de la Obra de los Ni\u00f1os Exp\u00f3sitos, Vicente invita a las Se\u00f1oras a que prosigan la labor empezada. Fue seguramente entonces cuando pronunci\u00f3 las palabras que se han hecho c\u00e9lebres:<\/p>\n<p style=\"padding-left: 30px\"><em>\u00abBien, Se\u00f1oras, la compasi\u00f3n y la caridad les han hecho adoptar a es\u00adtas criaturitas como hijos suyos; han sido ustedes sus madres \u2014seg\u00fan la gracia\u2014 desde que sus madres \u2014seg\u00fan la naturaleza\u2014 los abando\u00adnaron. Vean ahora si quieren abandonarlos ustedes tambi\u00e9n. Dejen de ser sus madres para convertirse en sus jueces: su vida y su muerte es\u00adt\u00e1n en manos de ustedes.<\/em><\/p>\n<p style=\"padding-left: 30px\"><em>Voy a recoger ahora sus votos y sufragios; tiempo es ya de que <\/em><em>pronuncien su sentencia y de que todos sepamos si quieren tener mi\u00ad<\/em><em>sericordia con ellos. Vivir\u00e1n, si siguen ustedes ofreci\u00e9ndoles sus carita\u00ad<\/em><em>tivos cuidados; por el contrario, perecer\u00e1n sin remedio si los abando\u00adnan; la experiencia no nos permite dudar de ello. \u00ab<\/em><\/p>\n<p>Luisa, que sufre con los ni\u00f1os, se hace \u00absu voz\u00bb ante todos. Suplica al Se\u00f1or Vicente que intervenga con las Se\u00f1oras de la Caridad, a las que juzga severamente apremiada por tanta penuria:<\/p>\n<p style=\"padding-left: 30px\"><em><em>\u00ab<\/em>Es verdaderamente lamentable que las Se\u00f1oras se preocupen tan po\u00ad<\/em><em>co; deben de creer que tenemos con qu\u00e9 poder subsistir o bien es que <\/em><em>quieren obligarnos a que lo dejemos todo&#8230; \u00bb <\/em><\/p>\n<p style=\"padding-left: 30px\"><em><em>\u00ab<\/em>Las Se\u00f1oras no hacen ning\u00fan caso de proporcionarnos ayuda. \u00bb <\/em><\/p>\n<p>Una por una, muy emocionadas, las Se\u00f1oras van entregando a Vicente lo que tienen a mano: un monedero, una sortija o un collar, un luis de oro&#8230; \u00a1Los ni\u00f1os no perecer\u00e1n!<\/p>\n<p>En 1650, un nuevo acontecimiento pol\u00edtico llega a despertar las pasiones. Cond\u00e9 hab\u00eda salvado el poder real: Y su intenci\u00f3n era que se reconocieran sus servicios nombr\u00e1ndolo tutor de la Monarqu\u00eda. Pero no pod\u00eda ocultar su desprecio por Mazarino, a quien no evitaba, m\u00e1s bien multiplicaba, las afrentas p\u00fablicas. Por eso, a prin\u00adcipios de 1650, Mazarino hizo detener al intrigante Cond\u00e9.\u00a0Esta vez son los pr\u00edncipes y los nobles los que se sublevan, arrastrando tras ellos a las provincias. En todo el pa\u00eds reina una situaci\u00f3n de confusi\u00f3n. El mariscal de Ture\u00adna, que por un tiempo se hab\u00eda aliado con los espa\u00f1oles, se encuentra al frente de los Ej\u00e9rcitos reales, ya que Cond\u00e9 ha ca\u00eddo en desgracia, se ha hecho impopular y finalmente se une con los enemigos del pa\u00eds. La llamada \u00abGran Se\u00f1orita\u00bb prima de Luis XIV, sostiene a Cond\u00e9 que quiere derrocar al Rey&#8230;<\/p>\n<p>En diciembre de 1650, la regi\u00f3n de las Ardenas queda devastada. En Rethel, des\u00adpu\u00e9s de la batalla, 1.500 soldados yacen, insepultos y expuestos a los buitres. El Se\u00ad\u00f1or Vicente env\u00eda Misioneros para que se ocupen de mandar enterrar a los muertos. Dos Hijas de la Caridad: Juana y Guillermina Chesneau, marchan para socorrer a los enfermos, a los hambrientos, a los sin techo&#8230; Luisa de Marillac las alienta en su duro trabajo:<\/p>\n<p style=\"padding-left: 30px\"><em>\u00abTodas nuestras Hermanas la saludan y alaban a Dios por el coraje que su divina bondad le comunica para servir a estos pobres afligidos. \u00a1Ah!, querida Hermana, \u00a1qu\u00e9 gracia tan grande la de haber sido escogida pa\u00adra tan santo empleo! Es verdad que es extremadamente penoso, pero en eso precisamente se manifiesta m\u00e1s grande la gracia de Dios sobre usted; gran motivo tiene usted de confiar y abandonarse en su santa Providencia, que no dejar\u00e1 de darle a conocer c\u00f3mo le agrada eso. \u00bb <\/em><\/p>\n<p>En la carta que el Se\u00f1or Vicente escribe a Guillermina Chesneau aparecen las mismas recomendaciones. Ser\u00e1 en la oraci\u00f3n donde las Hermanas podr\u00e1n sacar las fuerzas necesarias para llevar a cabo tan duro servicio.<\/p>\n<p>La Fronda llamada \u00abde los Pr\u00edncipes\u00bb va tomando cada vez mayores proporcio\u00adnes. Mazarino ha llegado a ser tan impopular que se ve obligado a huir. En Alemania, donde se refugia, organiza un ej\u00e9rcito y, poni\u00e9ndose al frente del mismo, marcha ha\u00adcia Francia. La guerra se exacerba por todas partes. Por todas partes reinan la mise\u00adria, la rebeld\u00eda, la confusi\u00f3n.<\/p>\n<p>A principios de este a\u00f1o 1652, Luisa de Marillac cae enferma con unas calentu\u00adras \u00abdobles tercianas\u00bb que ponen sus d\u00edas en peligro. Durante largas semanas sigue febril, agotada. El 20 de abril, hace esta observaci\u00f3n:<\/p>\n<p style=\"padding-left: 30px\"><em>\u00ab&#8230; Mis fuerzas tardan en volver y tengo continuas reca\u00eddas&#8230; \u00bb <\/em><\/p>\n<p>A pesar de su deficiente estado de salud, Luisa consagra toda su atenci\u00f3n a las Hermanas que se hallan en situaciones dolorosas. En febrero de 1652, la regi\u00f3n de Angers queda saqueada por los ej\u00e9rcitos. Cerca de 200.000 pobres procedentes del campo se refugian en la ciudad buscando en ella asilo y alimentos. Luisa compar\u00adte el sufrimiento de las Hermanas y las ayuda a considerar los acontecimientos con nueva mirada:<\/p>\n<p style=\"padding-left: 30px\"><em><em>\u00ab<\/em>La lectura de todas las aflicciones y calamidades ocurridas en Angers, me ha causado honda pena por todo lo que los pobres tendr\u00e1n que sufrir; suplico a la divina bondad les consuele y les d\u00e9 el socorro que necesitan.<\/em><\/p>\n<p style=\"padding-left: 30px\"><em>Tambi\u00e9n ustedes, queridas Hermanas, han tenido gran trabajo y <\/em><em>dificultades, pero \u00bfhan pensado que era justo que las siervas de los po\u00ad<\/em><em>bres sufriesen con sus amos&#8230;? \u00bb <\/em><\/p>\n<p>El 12 de mayo, el Se\u00f1or Vicente describe a uno de sus Cohermanos la situaci\u00f3n de Par\u00eds:<\/p>\n<p style=\"padding-left: 30px\"><em><em>\u00ab<\/em>Por aqu\u00ed las cosas est\u00e1n m\u00e1s agitadas que nunca. Par\u00eds es un hormi\u00ad<\/em><em>guero de gente, pues el ej\u00e9rcito ha obligado a los pobres del campo <\/em><em>a que vengan a refugiarse aqu\u00ed. Todos los d\u00edas se tienen reuniones para <\/em><em>ver c\u00f3mo se les puede ayudar&#8230;\u00bb <\/em><\/p>\n<p>A otro Cohermano le refiere, el 21 de junio, toda la intervenci\u00f3n de las Hijas de la Caridad en la asistencia a los refugiados y pobres:<\/p>\n<p style=\"padding-left: 30px\"><em>\u00ab<\/em>&#8230; <em>hacen y distribuyen todos los d\u00edas la comida, en casa de la Se\u00f1orita <\/em><em>Le Gras, a 1.300 pobres vergonzantes, y en el barrio de \u00abSaint Denis\u00bb, a 800 refugiados; s\u00f3lo en la parroquia de San Pablo, cuatro o cinco de estas Hermanas dan de comer a 5.000 pobres, adem\u00e1s de los sesenta u ochenta enfermos que tienen que atender\u00bb .<\/em><\/p>\n<p>B\u00e1rbara Angiboust, que se encuentra en Brienne, en la regi\u00f3n devastada de Champa\u00f1a, expresa todo su dolor de no poder dar abasto a las necesidades de to\u00addos los pobres con quienes se encuentra. Luisa la sostiene en ese sufrimiento que con tanta frecuencia se presenta:<\/p>\n<p style=\"padding-left: 30px\"><em><em>\u00ab<\/em>Ven ustedes cantidad de miserias que no pueden socorrer;&#8230; Lleven <\/em><em>con ellos sus penas, hagan todo lo posible por ayudarles en algo y per\u00admanezcan en paz. Es posible que ustedes tengan tambi\u00e9n su parte de <\/em><em>necesidad, y eso ha de ser su consuelo. \u00ab.<\/em><\/p>\n<p>Por todas partes las Hermanas viven realmente los sufrimientos de los pobres. Como siervas que son, comparten con sus amos inseguridad y privaciones. La re\u00adgi\u00f3n de Etampes ha estado ocupada durante dos meses por los ej\u00e9rcitos enemigos. Despu\u00e9s de haberse levantado el sitio de la ciudad, el 23 de junio, la mirada no alcan\u00adza a ver m\u00e1s que un espect\u00e1culo de desolaci\u00f3n: campos devastados, aldeas saqueadas, numerosos campesinos ejecutados. Hay ni\u00f1os que vagan con mirada hura\u00f1a buscando albergue y alimento.<\/p>\n<p>Las Hermanas de Valpuiseaux, aldea pr\u00f3xima a Etampes, han seguido a la gente en su \u00e9xodo. De regreso a su puesto, reciben el consuelo de una larga carta del Se\u00ad\u00f1or Vicente:<\/p>\n<p style=\"padding-left: 30px\">\u00ab&#8230; <em>Han pasado ustedes muchos sufrimientos, pero tambi\u00e9n s\u00e9 que se\u00adr\u00e1n ampliamente recompensadas; y no s\u00f3lo ser\u00e1 grande su recompen\u00adsa por el da\u00f1o que han sufrido, sino tambi\u00e9n por el bien que han hecho atendiendo a los enfermos y a los heridos en el hospital y por los bue\u00adnos ejemplos que les han dado&#8230; \u00bb <\/em><\/p>\n<p>Mucho desear\u00edan, tanto Vicente como Luisa, enviar a otras Hermanas para ayu\u00addar en el cuidado y educaci\u00f3n de los numerosos hu\u00e9rfanos. Pero los caminos \u00a1ofre\u00adcen tan poca seguridad! Bandidos, desertores que despojan a los pasajeros, sin con\u00adtar las fieras, que se hacen presentes en el campo atra\u00eddas por los cad\u00e1veres. Tres mujeres han sido devoradas por los lobos en la regi\u00f3n de Etampes. No hay otro re\u00admedio que esperar un poco. Pero esa espera va a prolongarse m\u00e1s de lo previsto, por\u00adque los ej\u00e9rcitos se dirigen de nuevo hacia Par\u00eds. El 1.\u00b0 de julio, el ej\u00e9rcito de Cond\u00e9, compuesto por espa\u00f1oles, se encuentra junto a la Puerta de San Dionisio. Por la no\u00adche, unos saqueadores entran en San L\u00e1zaro, se enfrentan, amenaz\u00e1ndole, con el Sr. Alm\u00e9ras, suben a las habitaciones del Seminario y se entregan al pillaje de todo lo que encuentran.<\/p>\n<p>\u00bfNo se les ocurrir\u00e1 a los soldados entrar tambi\u00e9n en la Casa Madre de las Hijas de la Caridad situada en el lado de enfrente de la calle? Es un pensamiento que in\u00adquieta a Luisa de Marillac, quien pregunta qu\u00e9 conducta observar, llegado al caso:<\/p>\n<p style=\"padding-left: 30px\"><em>\u00abLa mayor\u00eda de la gente sale de este arrabal y se va a vivir a otro sitio; \u00bfno tendr\u00edamos que seguir su ejemplo? Pero para nosotras ser\u00eda muy complicado. Si hubiera que temer por las Hermanas j\u00f3venes, podr\u00edamos enviarlas ac\u00e1 o all\u00e1, a diferentes parroquias&#8230;<\/em><\/p>\n<p style=\"padding-left: 30px\"><em>En cuanto a m\u00ed, me parece que estoy esperando la muerte y no <\/em><em>puedo impedir que mi coraz\u00f3n se sobresalte cada vez que oigo gritar <\/em><em>a las armas&#8230; \u00ab.<\/em><\/p>\n<p>Siguiendo el consejo del Se\u00f1or Vicente y el de las Hermanas mayores, Luisa de Marillac, apenas repuesta de su \u00faltima enfermedad, consiente en ir a refugiarse en el centro de Par\u00eds, con unas cuantas de las Hermanas m\u00e1s j\u00f3venes. Las dem\u00e1s se quedan en la Casa Madre juntamente con las nodrizas y los ni\u00f1os. Los Sacerdotes de la Misi\u00f3n permanecen en San L\u00e1zaro.<\/p>\n<p>El 2 de julio, las tropas reales ganan la batalla en el barrio de San Antonio. Por todas partes se ven soldados cometiendo exacciones; pero poco a poco va renacien\u00addo la calma: el pueblo est\u00e1 harto de la guerra. El 24 de agosto, Luisa se hace int\u00e9rpre\u00adte de la opini\u00f3n p\u00fablica:<\/p>\n<p style=\"padding-left: 30px\"><em><em>\u00ab<\/em>Estoy muy asombrada de que lleve usted tanto tiempo sin recibir carta <\/em><em>nuestra; tiene que ser la guerra la que ha entorpecido el que lleguen <\/em><em>a su poder, porque yo no he dejado de escribirle con frecuencia. \u00a1Ben\u00ad<\/em><em>dito sea Dios que por su bondad nos hace esperar tranquilidad con la <\/em><em>creencia de que prono llegar\u00e1 la paz! <\/em><\/p>\n<p>Por \u00faltimo, el 21 de octubre de 1652, Luix XIV, que ha alcanzado la mayor\u00eda de edad, hace su entrada en Par\u00eds; la ciudad le acoge muy favorablemente. Lentamente, Francia va levant\u00e1ndose de sus ruinas. El Se\u00f1or Vicente suscita la caridad p\u00fablica para acudir en favor de los m\u00e1s necesitados, que son: los campesinos de Champa\u00f1a y Picard\u00eda, regiones completamente devastadas; los soldados heridos en Ch\u00e1lons; los numerosos hu\u00e9rfanos de Etampes; los mendigos de Angers, los de Par\u00eds&#8230; Por todas partes, las Hijas de la Caridad ponen manos a la obra. Luisa no deja de acom\u00adpa\u00f1arlas y sostenerlas. As\u00ed, escribe a Juana Francisca, encargada del orfanato de Etampes:<\/p>\n<p style=\"padding-left: 30px\"><em><em>\u00ab<\/em>&#8230; Estoy segura&#8230; de que se complace en instruir lo mejor que puede <\/em><em>a esas criaturitas, rescatadas con la sangre del Hijo de Dios, para que <\/em><em>puedan alabarle y glorificarle eternamente\u00bb. <\/em><\/p>\n<p>Por medio de Ana Hardemont, hace llegar este mensaje a las Hermanas que trabajan en diferentes pueblos de Champa\u00f1a:<\/p>\n<p style=\"padding-left: 30px\"><em><em>\u00ab<\/em>La pura intenci\u00f3n que con frecuencia (ellas) deben renovar de hacer todas sus acciones por amor de Dios, les servir\u00e1 de ayuda para man\u00adtenerse en el esp\u00edritu que deben tener las verdaderas Hijas de la Cari\u00addad&#8230; \u00ab.<\/em><\/p>\n<p>Luisa no cesa de repetir a las Hermanas que cualesquiera sean el trabajo desem\u00adpe\u00f1ado y las personas atendidas, su servicio es y tiene que ser \u00abla puesta en pr\u00e1ctica del Amor\u00bb.<\/p>\n<p>La guerra con Espa\u00f1a proseguir\u00e1 todav\u00eda 10 a\u00f1os m\u00e1s. Tanto Vicente como Lui\u00adsa, que han visto de cerca la gran tribulaci\u00f3n que sufren los soldados heridos, aban\u00addonados, sin que nadie les cuide, no dudan en enviar Hermanas a los campos de batalla. Dos de ellas, Francisca Manceau y Margarita M\u00e9nage, mueren en Calais, en 1658, v\u00edctimas de su abnegaci\u00f3n. Son muchas las Hermanas que se ofrecen para ir a reemplazarlas. En todo tiempo las Hijas de la Caridad se han mostrado disponi\u00adbles para acudir en ayuda de sus hermanos los m\u00e1s necesitados.<\/p>\n","protected":false},"excerpt":{"rendered":"<p>Durante la gran miseria de La Fronda De 1648 a 1653, Francia se ve desgarrada por una guerra civil. Desde hac\u00eda va\u00adrios a\u00f1os se ven\u00eda preparando la insurrecci\u00f3n en el pa\u00eds: los impuestos aumentaban sin &#8230; <a href=\"https:\/\/vincentians.com\/es\/luisa-de-marillac-15\/\" class=\"more-link\">Read More<\/a><\/p>\n","protected":false},"author":4,"featured_media":144174,"comment_status":"open","ping_status":"open","sticky":false,"template":"","format":"standard","meta":{"jetpack_post_was_ever_published":false,"_jetpack_newsletter_access":"","_jetpack_dont_email_post_to_subs":false,"_jetpack_newsletter_tier_id":0,"_jetpack_memberships_contains_paywalled_content":false,"_jetpack_memberships_contains_paid_content":false,"footnotes":"","jetpack_publicize_message":"","jetpack_publicize_feature_enabled":true,"jetpack_social_post_already_shared":true,"jetpack_social_options":{"image_generator_settings":{"template":"highway","default_image_id":0,"font":"","enabled":false},"version":2}},"categories":[18],"tags":[157,230,148,127,143,135],"class_list":["post-56095","post","type-post","status-publish","format-standard","has-post-thumbnail","hentry","category-luisa-de-marillac","tag-abad-de-vaux","tag-almeras","tag-clichy","tag-portail","tag-san-lazaro","tag-villepreux"],"yoast_head":"<!-- This site is optimized with the Yoast SEO plugin v26.3 - https:\/\/yoast.com\/wordpress\/plugins\/seo\/ -->\n<title>Luisa de Marillac (15) - Somos Vicencianos<\/title>\n<meta name=\"robots\" content=\"index, follow, max-snippet:-1, max-image-preview:large, max-video-preview:-1\" \/>\n<link rel=\"canonical\" href=\"https:\/\/vincentians.com\/es\/luisa-de-marillac-15\/\" \/>\n<meta property=\"og:locale\" content=\"es_ES\" \/>\n<meta property=\"og:type\" content=\"article\" \/>\n<meta property=\"og:title\" content=\"Luisa de Marillac (15) - Somos Vicencianos\" \/>\n<meta property=\"og:description\" content=\"Durante la gran miseria de La Fronda De 1648 a 1653, Francia se ve desgarrada por una guerra civil. Desde hac\u00eda va\u00adrios a\u00f1os se ven\u00eda preparando la insurrecci\u00f3n en el pa\u00eds: los impuestos aumentaban sin ... Read More\" \/>\n<meta property=\"og:url\" content=\"https:\/\/vincentians.com\/es\/luisa-de-marillac-15\/\" \/>\n<meta property=\"og:site_name\" content=\"Somos Vicencianos\" \/>\n<meta property=\"article:publisher\" content=\"https:\/\/www.facebook.com\/WeAreVincentians\/\" \/>\n<meta property=\"article:author\" content=\"https:\/\/www.facebook.com\/JavierChento\" \/>\n<meta property=\"article:published_time\" content=\"2015-05-15T02:08:18+00:00\" \/>\n<meta property=\"article:modified_time\" content=\"2016-07-26T15:27:12+00:00\" \/>\n<meta name=\"author\" content=\"Francisco Javier Fern\u00e1ndez Chento\" \/>\n<meta name=\"twitter:card\" content=\"summary_large_image\" \/>\n<meta name=\"twitter:creator\" content=\"@https:\/\/twitter.com\/javierchento\" \/>\n<meta name=\"twitter:site\" content=\"@WeVincentians\" \/>\n<meta name=\"twitter:label1\" content=\"Escrito por\" \/>\n\t<meta name=\"twitter:data1\" content=\"Francisco Javier Fern\u00e1ndez Chento\" \/>\n\t<meta name=\"twitter:label2\" content=\"Tiempo de lectura\" \/>\n\t<meta name=\"twitter:data2\" content=\"22 minutos\" \/>\n<script type=\"application\/ld+json\" class=\"yoast-schema-graph\">{\"@context\":\"https:\/\/schema.org\",\"@graph\":[{\"@type\":\"Article\",\"@id\":\"https:\/\/vincentians.com\/es\/luisa-de-marillac-15\/#article\",\"isPartOf\":{\"@id\":\"https:\/\/vincentians.com\/es\/luisa-de-marillac-15\/\"},\"author\":{\"name\":\"Francisco Javier Fern\u00e1ndez Chento\",\"@id\":\"http:\/\/vincentians.com\/es\/#\/schema\/person\/9623ef4d9aa3b2dfb8c061f1499288f2\"},\"headline\":\"Luisa de Marillac (15)\",\"datePublished\":\"2015-05-15T02:08:18+00:00\",\"dateModified\":\"2016-07-26T15:27:12+00:00\",\"mainEntityOfPage\":{\"@id\":\"https:\/\/vincentians.com\/es\/luisa-de-marillac-15\/\"},\"wordCount\":4368,\"commentCount\":0,\"publisher\":{\"@id\":\"http:\/\/vincentians.com\/es\/#organization\"},\"image\":{\"@id\":\"https:\/\/vincentians.com\/es\/luisa-de-marillac-15\/#primaryimage\"},\"thumbnailUrl\":\"\",\"keywords\":[\"Abad de Vaux\",\"Almer\u00e1s\",\"Clichy\",\"Portail\",\"San L\u00e1zaro\",\"Villepreux\"],\"articleSection\":[\"Luisa de Marillac\"],\"inLanguage\":\"es\",\"potentialAction\":[{\"@type\":\"CommentAction\",\"name\":\"Comment\",\"target\":[\"https:\/\/vincentians.com\/es\/luisa-de-marillac-15\/#respond\"]}]},{\"@type\":\"WebPage\",\"@id\":\"https:\/\/vincentians.com\/es\/luisa-de-marillac-15\/\",\"url\":\"https:\/\/vincentians.com\/es\/luisa-de-marillac-15\/\",\"name\":\"Luisa de Marillac (15) - Somos Vicencianos\",\"isPartOf\":{\"@id\":\"http:\/\/vincentians.com\/es\/#website\"},\"primaryImageOfPage\":{\"@id\":\"https:\/\/vincentians.com\/es\/luisa-de-marillac-15\/#primaryimage\"},\"image\":{\"@id\":\"https:\/\/vincentians.com\/es\/luisa-de-marillac-15\/#primaryimage\"},\"thumbnailUrl\":\"\",\"datePublished\":\"2015-05-15T02:08:18+00:00\",\"dateModified\":\"2016-07-26T15:27:12+00:00\",\"breadcrumb\":{\"@id\":\"https:\/\/vincentians.com\/es\/luisa-de-marillac-15\/#breadcrumb\"},\"inLanguage\":\"es\",\"potentialAction\":[{\"@type\":\"ReadAction\",\"target\":[\"https:\/\/vincentians.com\/es\/luisa-de-marillac-15\/\"]}]},{\"@type\":\"ImageObject\",\"inLanguage\":\"es\",\"@id\":\"https:\/\/vincentians.com\/es\/luisa-de-marillac-15\/#primaryimage\",\"url\":\"\",\"contentUrl\":\"\"},{\"@type\":\"BreadcrumbList\",\"@id\":\"https:\/\/vincentians.com\/es\/luisa-de-marillac-15\/#breadcrumb\",\"itemListElement\":[{\"@type\":\"ListItem\",\"position\":1,\"name\":\"Portada\",\"item\":\"http:\/\/vincentians.com\/es\/\"},{\"@type\":\"ListItem\",\"position\":2,\"name\":\"Luisa de Marillac (15)\"}]},{\"@type\":\"WebSite\",\"@id\":\"http:\/\/vincentians.com\/es\/#website\",\"url\":\"http:\/\/vincentians.com\/es\/\",\"name\":\"Somos Vicencianos\",\"description\":\"Know more to serve more\",\"publisher\":{\"@id\":\"http:\/\/vincentians.com\/es\/#organization\"},\"potentialAction\":[{\"@type\":\"SearchAction\",\"target\":{\"@type\":\"EntryPoint\",\"urlTemplate\":\"http:\/\/vincentians.com\/es\/?s={search_term_string}\"},\"query-input\":{\"@type\":\"PropertyValueSpecification\",\"valueRequired\":true,\"valueName\":\"search_term_string\"}}],\"inLanguage\":\"es\"},{\"@type\":\"Organization\",\"@id\":\"http:\/\/vincentians.com\/es\/#organization\",\"name\":\"The Vincentian Network\",\"url\":\"http:\/\/vincentians.com\/es\/\",\"logo\":{\"@type\":\"ImageObject\",\"inLanguage\":\"es\",\"@id\":\"http:\/\/vincentians.com\/es\/#\/schema\/logo\/image\/\",\"url\":\"https:\/\/i1.wp.com\/vincentians.com\/es\/wp-content\/uploads\/sites\/11\/2016\/06\/Vincentian-Network-logo-big.png?fit=778%2C778\",\"contentUrl\":\"https:\/\/i1.wp.com\/vincentians.com\/es\/wp-content\/uploads\/sites\/11\/2016\/06\/Vincentian-Network-logo-big.png?fit=778%2C778\",\"width\":778,\"height\":778,\"caption\":\"The Vincentian Network\"},\"image\":{\"@id\":\"http:\/\/vincentians.com\/es\/#\/schema\/logo\/image\/\"},\"sameAs\":[\"https:\/\/www.facebook.com\/WeAreVincentians\/\",\"https:\/\/x.com\/WeVincentians\"]},{\"@type\":\"Person\",\"@id\":\"http:\/\/vincentians.com\/es\/#\/schema\/person\/9623ef4d9aa3b2dfb8c061f1499288f2\",\"name\":\"Francisco Javier Fern\u00e1ndez Chento\",\"image\":{\"@type\":\"ImageObject\",\"inLanguage\":\"es\",\"@id\":\"http:\/\/vincentians.com\/es\/#\/schema\/person\/image\/\",\"url\":\"https:\/\/secure.gravatar.com\/avatar\/497d5cde87b4c3d097d0315953521681ba2cd523ee66e5077c3711f7021e65de?s=96&d=mm&r=g\",\"contentUrl\":\"https:\/\/secure.gravatar.com\/avatar\/497d5cde87b4c3d097d0315953521681ba2cd523ee66e5077c3711f7021e65de?s=96&d=mm&r=g\",\"caption\":\"Francisco Javier Fern\u00e1ndez Chento\"},\"description\":\"Director General y cofundador de La Red de Formaci\u00f3n Vicenciana. Javier es laico vicenciano, afiliado a la Congregaci\u00f3n de la Misi\u00f3n y miembro del Equipo de Misiones Populares de la provincia can\u00f3nica de Zaragoza (Espa\u00f1a) de la Congregaci\u00f3n de la Misi\u00f3n. Graduado en la Universidad Oberta de Catalunya con cuatro grados (Asistente de direcci\u00f3n, Gesti\u00f3n Administrativa, Recursos Humanos y Contabilidad Avanzada). Bil\u00edng\u00fce Espa\u00f1ol\/Ingl\u00e9s. gestiona y mantiene varias p\u00e1ginas web cristianas y vicencianas, incluida including La Red de Formaci\u00f3n Vicenciana, de la que es cofundador. Actualmente es responsable del \u00e1rea de Espa\u00f1ol de .famvin, la Red de Noticias de la Familia Vicenciana. Tambi\u00e9n es m\u00fasico cat\u00f3lico y ha editado varios discos. Es Director General y cofundador de Trovador, una reconocida compa\u00f1\u00eda discogr\u00e1fica critiana de Espa\u00f1a. Trabaja en las Tecnolog\u00edas de la Informaci\u00f3n, ofreciendo servicios de alojamiento, dise\u00f1o y mantenimiento Web, as\u00ed como asesoramiento, formaci\u00f3n y soluciones inform\u00e1ticas, gesti\u00f3n documental y digitalizaci\u00f3n de textos, edici\u00f3n y maquetaci\u00f3n de libros, revistas, flyers, etc.\",\"sameAs\":[\"http:\/\/chento.org\",\"https:\/\/www.facebook.com\/JavierChento\",\"https:\/\/x.com\/https:\/\/twitter.com\/javierchento\"],\"url\":\"https:\/\/vincentians.com\/es\/author\/chento\/\"}]}<\/script>\n<!-- \/ Yoast SEO plugin. -->","yoast_head_json":{"title":"Luisa de Marillac (15) - Somos Vicencianos","robots":{"index":"index","follow":"follow","max-snippet":"max-snippet:-1","max-image-preview":"max-image-preview:large","max-video-preview":"max-video-preview:-1"},"canonical":"https:\/\/vincentians.com\/es\/luisa-de-marillac-15\/","og_locale":"es_ES","og_type":"article","og_title":"Luisa de Marillac (15) - Somos Vicencianos","og_description":"Durante la gran miseria de La Fronda De 1648 a 1653, Francia se ve desgarrada por una guerra civil. Desde hac\u00eda va\u00adrios a\u00f1os se ven\u00eda preparando la insurrecci\u00f3n en el pa\u00eds: los impuestos aumentaban sin ... Read More","og_url":"https:\/\/vincentians.com\/es\/luisa-de-marillac-15\/","og_site_name":"Somos Vicencianos","article_publisher":"https:\/\/www.facebook.com\/WeAreVincentians\/","article_author":"https:\/\/www.facebook.com\/JavierChento","article_published_time":"2015-05-15T02:08:18+00:00","article_modified_time":"2016-07-26T15:27:12+00:00","author":"Francisco Javier Fern\u00e1ndez Chento","twitter_card":"summary_large_image","twitter_creator":"@https:\/\/twitter.com\/javierchento","twitter_site":"@WeVincentians","twitter_misc":{"Escrito por":"Francisco Javier Fern\u00e1ndez Chento","Tiempo de lectura":"22 minutos"},"schema":{"@context":"https:\/\/schema.org","@graph":[{"@type":"Article","@id":"https:\/\/vincentians.com\/es\/luisa-de-marillac-15\/#article","isPartOf":{"@id":"https:\/\/vincentians.com\/es\/luisa-de-marillac-15\/"},"author":{"name":"Francisco Javier Fern\u00e1ndez Chento","@id":"http:\/\/vincentians.com\/es\/#\/schema\/person\/9623ef4d9aa3b2dfb8c061f1499288f2"},"headline":"Luisa de Marillac (15)","datePublished":"2015-05-15T02:08:18+00:00","dateModified":"2016-07-26T15:27:12+00:00","mainEntityOfPage":{"@id":"https:\/\/vincentians.com\/es\/luisa-de-marillac-15\/"},"wordCount":4368,"commentCount":0,"publisher":{"@id":"http:\/\/vincentians.com\/es\/#organization"},"image":{"@id":"https:\/\/vincentians.com\/es\/luisa-de-marillac-15\/#primaryimage"},"thumbnailUrl":"","keywords":["Abad de Vaux","Almer\u00e1s","Clichy","Portail","San L\u00e1zaro","Villepreux"],"articleSection":["Luisa de Marillac"],"inLanguage":"es","potentialAction":[{"@type":"CommentAction","name":"Comment","target":["https:\/\/vincentians.com\/es\/luisa-de-marillac-15\/#respond"]}]},{"@type":"WebPage","@id":"https:\/\/vincentians.com\/es\/luisa-de-marillac-15\/","url":"https:\/\/vincentians.com\/es\/luisa-de-marillac-15\/","name":"Luisa de Marillac (15) - Somos Vicencianos","isPartOf":{"@id":"http:\/\/vincentians.com\/es\/#website"},"primaryImageOfPage":{"@id":"https:\/\/vincentians.com\/es\/luisa-de-marillac-15\/#primaryimage"},"image":{"@id":"https:\/\/vincentians.com\/es\/luisa-de-marillac-15\/#primaryimage"},"thumbnailUrl":"","datePublished":"2015-05-15T02:08:18+00:00","dateModified":"2016-07-26T15:27:12+00:00","breadcrumb":{"@id":"https:\/\/vincentians.com\/es\/luisa-de-marillac-15\/#breadcrumb"},"inLanguage":"es","potentialAction":[{"@type":"ReadAction","target":["https:\/\/vincentians.com\/es\/luisa-de-marillac-15\/"]}]},{"@type":"ImageObject","inLanguage":"es","@id":"https:\/\/vincentians.com\/es\/luisa-de-marillac-15\/#primaryimage","url":"","contentUrl":""},{"@type":"BreadcrumbList","@id":"https:\/\/vincentians.com\/es\/luisa-de-marillac-15\/#breadcrumb","itemListElement":[{"@type":"ListItem","position":1,"name":"Portada","item":"http:\/\/vincentians.com\/es\/"},{"@type":"ListItem","position":2,"name":"Luisa de Marillac (15)"}]},{"@type":"WebSite","@id":"http:\/\/vincentians.com\/es\/#website","url":"http:\/\/vincentians.com\/es\/","name":"Somos Vicencianos","description":"Know more to serve more","publisher":{"@id":"http:\/\/vincentians.com\/es\/#organization"},"potentialAction":[{"@type":"SearchAction","target":{"@type":"EntryPoint","urlTemplate":"http:\/\/vincentians.com\/es\/?s={search_term_string}"},"query-input":{"@type":"PropertyValueSpecification","valueRequired":true,"valueName":"search_term_string"}}],"inLanguage":"es"},{"@type":"Organization","@id":"http:\/\/vincentians.com\/es\/#organization","name":"The Vincentian Network","url":"http:\/\/vincentians.com\/es\/","logo":{"@type":"ImageObject","inLanguage":"es","@id":"http:\/\/vincentians.com\/es\/#\/schema\/logo\/image\/","url":"https:\/\/i1.wp.com\/vincentians.com\/es\/wp-content\/uploads\/sites\/11\/2016\/06\/Vincentian-Network-logo-big.png?fit=778%2C778","contentUrl":"https:\/\/i1.wp.com\/vincentians.com\/es\/wp-content\/uploads\/sites\/11\/2016\/06\/Vincentian-Network-logo-big.png?fit=778%2C778","width":778,"height":778,"caption":"The Vincentian Network"},"image":{"@id":"http:\/\/vincentians.com\/es\/#\/schema\/logo\/image\/"},"sameAs":["https:\/\/www.facebook.com\/WeAreVincentians\/","https:\/\/x.com\/WeVincentians"]},{"@type":"Person","@id":"http:\/\/vincentians.com\/es\/#\/schema\/person\/9623ef4d9aa3b2dfb8c061f1499288f2","name":"Francisco Javier Fern\u00e1ndez Chento","image":{"@type":"ImageObject","inLanguage":"es","@id":"http:\/\/vincentians.com\/es\/#\/schema\/person\/image\/","url":"https:\/\/secure.gravatar.com\/avatar\/497d5cde87b4c3d097d0315953521681ba2cd523ee66e5077c3711f7021e65de?s=96&d=mm&r=g","contentUrl":"https:\/\/secure.gravatar.com\/avatar\/497d5cde87b4c3d097d0315953521681ba2cd523ee66e5077c3711f7021e65de?s=96&d=mm&r=g","caption":"Francisco Javier Fern\u00e1ndez Chento"},"description":"Director General y cofundador de La Red de Formaci\u00f3n Vicenciana. Javier es laico vicenciano, afiliado a la Congregaci\u00f3n de la Misi\u00f3n y miembro del Equipo de Misiones Populares de la provincia can\u00f3nica de Zaragoza (Espa\u00f1a) de la Congregaci\u00f3n de la Misi\u00f3n. Graduado en la Universidad Oberta de Catalunya con cuatro grados (Asistente de direcci\u00f3n, Gesti\u00f3n Administrativa, Recursos Humanos y Contabilidad Avanzada). Bil\u00edng\u00fce Espa\u00f1ol\/Ingl\u00e9s. gestiona y mantiene varias p\u00e1ginas web cristianas y vicencianas, incluida including La Red de Formaci\u00f3n Vicenciana, de la que es cofundador. Actualmente es responsable del \u00e1rea de Espa\u00f1ol de .famvin, la Red de Noticias de la Familia Vicenciana. Tambi\u00e9n es m\u00fasico cat\u00f3lico y ha editado varios discos. Es Director General y cofundador de Trovador, una reconocida compa\u00f1\u00eda discogr\u00e1fica critiana de Espa\u00f1a. Trabaja en las Tecnolog\u00edas de la Informaci\u00f3n, ofreciendo servicios de alojamiento, dise\u00f1o y mantenimiento Web, as\u00ed como asesoramiento, formaci\u00f3n y soluciones inform\u00e1ticas, gesti\u00f3n documental y digitalizaci\u00f3n de textos, edici\u00f3n y maquetaci\u00f3n de libros, revistas, flyers, etc.","sameAs":["http:\/\/chento.org","https:\/\/www.facebook.com\/JavierChento","https:\/\/x.com\/https:\/\/twitter.com\/javierchento"],"url":"https:\/\/vincentians.com\/es\/author\/chento\/"}]}},"jetpack_publicize_connections":[],"jetpack_featured_media_url":"","jetpack_sharing_enabled":true,"jetpack_shortlink":"https:\/\/wp.me\/p7ETMF-eAL","jetpack-related-posts":[{"id":129153,"url":"https:\/\/vincentians.com\/es\/la-fronda-del-parlamento\/","url_meta":{"origin":56095,"position":0},"title":"La fronda del parlamento","author":"Francisco Javier Fern\u00e1ndez Chento","date":"03\/03\/2014","format":false,"excerpt":"Pre\u00e1mbulos. Desde mayo de 1629, Luisa ven\u00eda recorriendo los pueblos y las aldeas del campo. Co\u00adnoc\u00eda la amargura de los pobres campesinos y los vaivenes de sus vidas. Las cosechas de los a\u00f1os 1629 y 1630 fueron desastrosas a causa de las lluvias y de las heladas. El pueblo se\u2026","rel":"","context":"En \u00abFormaci\u00f3n Vicenciana\u00bb","block_context":{"text":"Formaci\u00f3n Vicenciana","link":"https:\/\/vincentians.com\/es\/category\/formacion-vicenciana\/"},"img":{"alt_text":"cartel","src":"https:\/\/i0.wp.com\/vicencianos.org\/wp-content\/2014\/01\/cartel.jpg?resize=350%2C200","width":350,"height":200},"classes":[]},{"id":131340,"url":"https:\/\/vincentians.com\/es\/el-senor-vicente-evolucion-de-un-santo-i\/","url_meta":{"origin":56095,"position":1},"title":"El se\u00f1or Vicente, evoluci\u00f3n de un santo (I)","author":"Francisco Javier Fern\u00e1ndez Chento","date":"18\/09\/2014","format":false,"excerpt":"1. INTRODUCCI\u00d3N 1-Bibliograf\u00eda; Abelly, etc \u2013 2. Publicaciones e Pierre Coste.- 3.La evoluci\u00f3n del alma de San Vicente es un problema psicol\u00f3gico.- 4. El tiempo de San Vicente de Pa\u00fal.- 5. Pol\u00edtica: historia pasada.- 6. La Fronda.- 7. Civilizaci\u00f3n; miseria durante la Fronda.- 8- Reino y nobleza.- 9. Una gran\u2026","rel":"","context":"En \u00abVicente de Pa\u00fal\u00bb","block_context":{"text":"Vicente de Pa\u00fal","link":"https:\/\/vincentians.com\/es\/category\/la-familia-vicenciana\/fundadores\/vicente-de-paul\/"},"img":{"alt_text":"coraz\u00f3n","src":"https:\/\/i0.wp.com\/vicencianos.org\/wp-content\/2014\/03\/coraz%C3%B3n.jpg?resize=350%2C200","width":350,"height":200},"classes":[]},{"id":126489,"url":"https:\/\/vincentians.com\/es\/el-cardenal-jean-francois-paul-retz\/","url_meta":{"origin":56095,"position":2},"title":"El Cardenal Jean Fran\u00e7ois-Paul Retz","author":"Francisco Javier Fern\u00e1ndez Chento","date":"13\/01\/2024","format":false,"excerpt":"l. Los comienzos de una carrera prometedora Juan Francisco Pablo de Gondi naci\u00f3 en 1613 en el castillo de Montmirail. Su bautismo lleva la fecha del 20 de setiembre. Es el tercer hijo de Felipe Manuel de Gondi, general de las galeras, y de Margarita de Silly. Pertenece a la\u2026","rel":"","context":"En \u00abEn tiempos de Vicente de Pa\u00fal\u00bb","block_context":{"text":"En tiempos de Vicente de Pa\u00fal","link":"https:\/\/vincentians.com\/es\/category\/historia-de-la-familia-vicenciana\/en-tiempos-de-vicente-de-paul\/"},"img":{"alt_text":"","src":"https:\/\/i0.wp.com\/vincentians.com\/es\/wp-content\/uploads\/sites\/11\/2016\/09\/anyos-vida-vicente.jpg?fit=1200%2C630&ssl=1&resize=350%2C200","width":350,"height":200,"srcset":"https:\/\/i0.wp.com\/vincentians.com\/es\/wp-content\/uploads\/sites\/11\/2016\/09\/anyos-vida-vicente.jpg?fit=1200%2C630&ssl=1&resize=350%2C200 1x, https:\/\/i0.wp.com\/vincentians.com\/es\/wp-content\/uploads\/sites\/11\/2016\/09\/anyos-vida-vicente.jpg?fit=1200%2C630&ssl=1&resize=525%2C300 1.5x, https:\/\/i0.wp.com\/vincentians.com\/es\/wp-content\/uploads\/sites\/11\/2016\/09\/anyos-vida-vicente.jpg?fit=1200%2C630&ssl=1&resize=700%2C400 2x, https:\/\/i0.wp.com\/vincentians.com\/es\/wp-content\/uploads\/sites\/11\/2016\/09\/anyos-vida-vicente.jpg?fit=1200%2C630&ssl=1&resize=1050%2C600 3x"},"classes":[]},{"id":101813,"url":"https:\/\/vincentians.com\/es\/vida-del-senor-vicente-de-paul-capitulo-8\/","url_meta":{"origin":56095,"position":3},"title":"Vida del Se\u00f1or Vicente de Pa\u00fal: Cap\u00edtulo 8","author":"Francisco Javier Fern\u00e1ndez Chento","date":"19\/05\/2015","format":false,"excerpt":"8 (1648) \"Esta lecci\u00f3n me ense\u00f1\u00f3 el cardenal Berulle, y me la ha ense\u00f1ado tambi\u00e9n mi experiencia: que hay que decir las cosas como las dicen los \u00e1ngeles de la guarda Nos proponen sus inspiraciones, pero no se enfadan cuando no se les hace caso. Yo lo estropeo todo cuando\u2026","rel":"","context":"En \u00abVicente de Pa\u00fal\u00bb","block_context":{"text":"Vicente de Pa\u00fal","link":"https:\/\/vincentians.com\/es\/category\/la-familia-vicenciana\/fundadores\/vicente-de-paul\/"},"img":{"alt_text":"sanvibiblia","src":"https:\/\/i0.wp.com\/vicencianos.org\/wp-content\/2012\/08\/sanvibiblia-300x300.png?resize=350%2C200","width":350,"height":200},"classes":[]},{"id":387338,"url":"https:\/\/vincentians.com\/es\/resena-biografica-de-santa-luisa-de-marillac\/","url_meta":{"origin":56095,"position":4},"title":"Rese\u00f1a biogr\u00e1fica de Santa Luisa de Marillac","author":"Francisco Javier Fern\u00e1ndez Chento","date":"09\/05\/2025","format":false,"excerpt":"Una preocupaci\u00f3n y un cambio Luisa de Marillac vivi\u00f3 en Par\u00eds en los a\u00f1os de Enrique IV, Luis XIII y Luis XIV, reyes de Francia en el siglo XVII, mientras en Espa\u00f1a reinaban Felipe III y Felipe IV. Presenci\u00f3, por lo mismo, la Guerra de los Treinta A\u00f1os entre Francia\u2026","rel":"","context":"En \u00abLuisa de Marillac\u00bb","block_context":{"text":"Luisa de Marillac","link":"https:\/\/vincentians.com\/es\/category\/la-familia-vicenciana\/fundadores\/luisa-de-marillac\/"},"img":{"alt_text":"","src":"https:\/\/i0.wp.com\/vincentians.com\/es\/wp-content\/uploads\/sites\/11\/2013\/04\/n-1.jpg?fit=823%2C564&ssl=1&resize=350%2C200","width":350,"height":200,"srcset":"https:\/\/i0.wp.com\/vincentians.com\/es\/wp-content\/uploads\/sites\/11\/2013\/04\/n-1.jpg?fit=823%2C564&ssl=1&resize=350%2C200 1x, https:\/\/i0.wp.com\/vincentians.com\/es\/wp-content\/uploads\/sites\/11\/2013\/04\/n-1.jpg?fit=823%2C564&ssl=1&resize=525%2C300 1.5x, https:\/\/i0.wp.com\/vincentians.com\/es\/wp-content\/uploads\/sites\/11\/2013\/04\/n-1.jpg?fit=823%2C564&ssl=1&resize=700%2C400 2x"},"classes":[]},{"id":129158,"url":"https:\/\/vincentians.com\/es\/entre-dos-revoluciones-1650-1652\/","url_meta":{"origin":56095,"position":5},"title":"Entre dos revoluciones: 1650-1652","author":"Francisco Javier Fern\u00e1ndez Chento","date":"05\/03\/2014","format":false,"excerpt":"El ambiente parisino. \u00a0Los a\u00f1os 1650 y 1651, en cierto modo, fueron tranquilos para la se\u00f1orita Le Gras, pe\u00adro no para la Corte ni los pol\u00edticos. La sociedad viv\u00eda una calma nerviosa y a la expecta\u00adtiva. La Fronda de Par\u00eds se hab\u00eda recogido en s\u00ed misma como lo hace un\u2026","rel":"","context":"En \u00abFormaci\u00f3n Vicenciana\u00bb","block_context":{"text":"Formaci\u00f3n Vicenciana","link":"https:\/\/vincentians.com\/es\/category\/formacion-vicenciana\/"},"img":{"alt_text":"cartel","src":"https:\/\/i0.wp.com\/vicencianos.org\/wp-content\/2014\/01\/cartel.jpg?resize=350%2C200","width":350,"height":200},"classes":[]}],"_links":{"self":[{"href":"https:\/\/vincentians.com\/es\/wp-json\/wp\/v2\/posts\/56095","targetHints":{"allow":["GET"]}}],"collection":[{"href":"https:\/\/vincentians.com\/es\/wp-json\/wp\/v2\/posts"}],"about":[{"href":"https:\/\/vincentians.com\/es\/wp-json\/wp\/v2\/types\/post"}],"author":[{"embeddable":true,"href":"https:\/\/vincentians.com\/es\/wp-json\/wp\/v2\/users\/4"}],"replies":[{"embeddable":true,"href":"https:\/\/vincentians.com\/es\/wp-json\/wp\/v2\/comments?post=56095"}],"version-history":[{"count":0,"href":"https:\/\/vincentians.com\/es\/wp-json\/wp\/v2\/posts\/56095\/revisions"}],"wp:featuredmedia":[{"embeddable":true,"href":"https:\/\/vincentians.com\/es\/wp-json\/"}],"wp:attachment":[{"href":"https:\/\/vincentians.com\/es\/wp-json\/wp\/v2\/media?parent=56095"}],"wp:term":[{"taxonomy":"category","embeddable":true,"href":"https:\/\/vincentians.com\/es\/wp-json\/wp\/v2\/categories?post=56095"},{"taxonomy":"post_tag","embeddable":true,"href":"https:\/\/vincentians.com\/es\/wp-json\/wp\/v2\/tags?post=56095"}],"curies":[{"name":"wp","href":"https:\/\/api.w.org\/{rel}","templated":true}]}}