{"id":55751,"date":"2015-05-06T06:10:44","date_gmt":"2015-05-06T04:10:44","guid":{"rendered":"http:\/\/somos.vicencianos.org\/?p=55751"},"modified":"2016-07-26T17:27:14","modified_gmt":"2016-07-26T15:27:14","slug":"luisa-de-marillac-06","status":"publish","type":"post","link":"https:\/\/vincentians.com\/es\/luisa-de-marillac-06\/","title":{"rendered":"Luisa de Marillac (06)"},"content":{"rendered":"<h2><strong>Los primeros pasos de la \u00abpeque\u00f1a Compa\u00f1\u00eda\u00bb <\/strong><strong>(1633-1636)<\/strong><\/h2>\n<p><a href=\"https:\/\/i0.wp.com\/vicencianos.org\/wp-content\/2015\/05\/luisa-de-marillac.jpg\"><img data-recalc-dims=\"1\" loading=\"lazy\" decoding=\"async\" class=\"alignright size-medium wp-image-144174\" src=\"https:\/\/i0.wp.com\/vicencianos.org\/wp-content\/2015\/05\/luisa-de-marillac-251x300.jpg?resize=251%2C300\" alt=\"OLYMPUS DIGITAL CAMERA\" width=\"251\" height=\"300\" \/><\/a>El 29 de noviembre de 1633, la Srta. Le Gras recibe \u00aba algunas muchachas para alojarlas en su casa y hacerlas vivir en comunidad\u00bb, seg\u00fan refiere Gobillon, su primer bi\u00f3grafo. Esta fecha se\u00f1ala una nueva etapa en la vida de Luisa de Marillac.<\/p>\n<p>En adelante, ya no tendr\u00e1 criada (hoy dir\u00edamos \u00abempleada de hogar\u00bb). Comparte su casa, su vida, su trabajo diario con aquellas pocas campesinas que tienen el mismo deseo que ella: consagrar su vida a Dios y servirle en los Pobres. Luisa es la responsa\u00adble de aquel reducido grupo, de aquella nueva \u00abcofrad\u00eda\u00bb que se va constituyendo poco a poco.<\/p>\n<p>Mar\u00eda Joly, Juana, Margarita, Nicolasa, Micaela, ven pronto que se les unen otras. Proceden de los alrededores de Par\u00eds y vienen por su cuenta, espont\u00e1neamente; o bien las env\u00edan las Se\u00f1oras de la Caridad. Algunas han o\u00eddo hablar de aquel n\u00facleo de \u00abSiervas de los pobres enfermos\u00bb a los Sacerdotes del Sr. Vicente durante una misi\u00f3n predicada en su pueblo&#8230; El 31 de julio de 1634, son 12 las que se hallan presentes en la Conferencia que da el Se\u00f1or Vicente. B\u00e1rbara Angiboust, de Serville, cerca de Chartres, acaba de llegar: Luisa de Marillac no tarda en descubrir su rica y fuerte per\u00adsonalidad.<\/p>\n<p>Isabel Martin, de Argenteuil, Enriqueta Gesseaume, de Villers-sous-Leu, Magdale\u00adna Mongert, de Sucy-en-Brie; la joven B\u00e1rbara Toussaint, de Suresnes, Cecilia, la her\u00admana de B\u00e1rbara Angiboust, Genoveva Poisson, Mar\u00eda Denyse, y otras m\u00e1s&#8230; acuden a ofrecerse para la Caridad. El Sr. Vicente y la Srta. Le G ras no dejan de advertir, sin mucho tardar, que es preciso comprobar los motivos que ias traen a Par\u00eds, examinar el fundamento de aquellas vocaciones. Las cartas cruzadas entre ambos dejan ver su preocupaci\u00f3n por discernimiento.<\/p>\n<p>Luisa acaba de ver a tres muchachas del pueblo de Colombes. Encantada de su conversaci\u00f3n con ellas, da cuenta de la misma al Sr. Vicente:<\/p>\n<p style=\"padding-left: 30px\"><em>\u00abLa buena de Sor Juana, de San Benito, acaba de traerme a tres j\u00f3venes de <\/em><em>Colombes, de muy buen aspecto, que tienen gran deseo de servir a los po\u00ad<\/em><em>bres dondequiera se las env\u00ede\u00bb.<\/em><\/p>\n<p>Con frecuencia, dichas j\u00f3venes deseosas de servir en las Cofrad\u00edas de la Caridad, se presentan directamente al Sr. Vicente:<\/p>\n<p style=\"padding-left: 30px\"><em>\u00abVinieron ayer tres buenas muchachas de Argenteuil a ofrecerse para la Ca\u00adridad, enviadas por el eclesi\u00e1stico a quien se le hab\u00eda hablado de ello y que vendr\u00e1 a verme ma\u00f1ana para esto. No se las envi\u00e9 a usted, porque era de\u00ad<\/em><em>masiado tarde cuando llegaron; pero ir\u00e1n a verla el viernes, seg\u00fan me dije\u00ad<\/em><em>ron\u00bb.<\/em><\/p>\n<p>En un movimiento continuo, el Sr. Vicente y la Srta. Le Gras intercambian sus im\u00adpresiones y reflexiones sobre las decisiones que han de tornar:<\/p>\n<p style=\"padding-left: 30px\"><em>\u00abHe visto a esa buena joven, Magdalena. Creo que habr\u00e1 que trabajar un <\/em><em>poco con ella, ya que sus pasiones son un poco fuertes. Mas iqu\u00e9!, cuando <\/em><em>se tiene la fuerza de superarlas, luego se obran maravillas. Rec\u00edbala, pues, <\/em><em>por favor&#8230;<\/em><\/p>\n<p style=\"padding-left: 30px\"><em>En cuanto a esa buena joven de Argenteuil que es melanc\u00f3lica, creo que <\/em><em>hace usted bien en poner dificultades para recibirla; porque el de la melan\u00ad<\/em><em>col\u00eda es un extra\u00f1o esp\u00edritu\u00bb<\/em>.<\/p>\n<p>Una muchacha que ha vivido durante cierto tiempo en un monasterio, del que luego ha salido, se presenta a Luisa. \u00bfQu\u00e9 hacer en tal caso? El Sr. Vicente empieza por mostrar su reticencia y aconseja se obre con prudencia:<\/p>\n<p style=\"padding-left: 30px\"><em>\u00ab&#8230; Esa entrada y salida de la religi\u00f3n indica cierta ligereza. En eso con\u00adviene que tenga usted cuidado\u00bb<\/em>.<\/p>\n<p>Luisa, que ha visto a la muchacha, la cual ha merecido su aprecio, insiste para que el Sr. Vicente la vea tambi\u00e9n. Despu\u00e9s de la entrevista, \u00e9ste le dice:<\/p>\n<p style=\"padding-left: 30px\">\u00abEsa buena joven me parece que tiene bastante buen esp\u00edritu y buena vo\u00adluntad. Su \u00fanica dificultad es que ha estado en religi\u00f3n; pero me ha dicho que, al entrar all\u00ed con coacci\u00f3n, ten\u00eda sin embargo su coraz\u00f3n en la Caridad. Por eso creo que no hay peligro en intentarlo\u00bb.<\/p>\n<p>Tambi\u00e9n se presentan viudas. Parece que a Luisa le cuesta trabajo no aceptarlas cuando as\u00ed conviene, y en tales casos es Vicente quien toma la decisi\u00f3n:<\/p>\n<p style=\"padding-left: 30px\">\u00abMe gustar\u00eda que esa viuda de Colombes supiese leer y escribir; m\u00e1ndeme\u00adla para que la vea, por favor&#8230; Pero iqu\u00e9! acabo de leer de nuevo su carta y veo que tiene dos hijos. \u00a1Qu\u00e9 posibilidad hay de recibirla en esas condicio\u00adnes!\u00bb.<\/p>\n<p>Algo m\u00e1s adelante, el Sr. Vicente aconseja que se despida a una mujer viuda que la parece poco apta para el servicio a los pobres:<\/p>\n<p style=\"padding-left: 30px\">\u00ab&#8230; Y de la buena viuda&#8230; me parece ruda, muy melanc\u00f3lica y tosca. Creo que hay que despedirla con mansedumbre y decirle que hay que pensarlo mucho\u00bb.<\/p>\n<p>Cuando la conversaci\u00f3n con \u00abla postulante\u00bb que se presenta no ha dado lugar al discernimiento necesario, se le propone hacer una prueba.<\/p>\n<p style=\"padding-left: 30px\">\u00ab\u00bfQu\u00e9 le dir\u00e9 de la Srta. Laurent? Parece de buen esp\u00edritu, pero me da mie\u00addo su edad&#8230; Sin embargo, si cree oportuno hacerla venir al Hospital Gene\u00adral para que pase dos o tres d\u00edas, y luego ir y venir de una casa a otra&#8230; h\u00e1\u00adgalo. Ella ir\u00e1 viendo y ustedes la ver\u00e1n, pero h\u00e1gale comprender que se trata s\u00f3lo de una prueba&#8230;\u00bb.<\/p>\n<p style=\"padding-left: 30px\">\u00abHe visto a esa muchacha y no s\u00e9 qu\u00e9 decir de ella, sino que me parece bien su plan de verla tres o cuatro d\u00edas antes de que entre. Le he entrega\u00addo, pensando en ello, medio escudo para que pueda vivir\u00bb.<\/p>\n<p>Esta prudencia tiene su explicaci\u00f3n: algunas de aquellas muchachas que se pre\u00adsentaban parec\u00edan tener m\u00e1s deseos de ver la capital y sus diversiones, que de servir a los pobres. Una de ellas, venida de Normand\u00eda, llega a dar esc\u00e1ndalo en el Hospital General. El Sr. Vicente informa de ello a Luisa de Marillac que se halla aquellos d\u00edas visitando la Caridad de Gournay:<\/p>\n<p style=\"padding-left: 30px\">\u00ab(Esa joven) las escandaliza (a las otras Hermanas) por su modo de com\u00adportarse con los muchachos que vienen a verla&#8230; Ayer la mand\u00e9 llamar para decirle que no hiciese entrar a los muchachos en la casa; pero no lo tom\u00f3 a bien y me dijo que prefer\u00eda marcharse. Hay que quedar en paz despu\u00e9s de haber hecho todo lo que se puede hacer en casos semejan\u00adtes\u00bb.<\/p>\n<p>Unos meses despu\u00e9s, es Luisa la que refiere a Vicente la vida que lleva otra con relaci\u00f3n a muchachos:<\/p>\n<p style=\"padding-left: 30px\"><em>\u00ab&#8230; recibe regalos, buena comida, botellas de vino y pasteles de car\u00ad<\/em><em>ne&#8230;\u00bb.<\/em><\/p>\n<p>Si tales casos se daban, lo cierto es que no constitu\u00edan sino una peque\u00f1a minor\u00eda. M\u00e1s frecuentes se presentaban los que hac\u00edan que el Sr. Vicente se maravillase ante la generosidad y fervor de aquellas primeras Hijas de la Caridad. Y no dejaba de com\u00adpartir su emoci\u00f3n, su admiraci\u00f3n con su colaboradora, que m\u00e1s bien se inclinaba a ver lo que no marchaba como es debido y se culpabilizaba por ello.<\/p>\n<p style=\"padding-left: 30px\"><em>\u00abDoy, adem\u00e1s, gracias a Nuestro Se\u00f1or por haber concedido a sus hijas la <\/em><em>de ser tan buenas y generosas\u00bb.<\/em><\/p>\n<p>En mayo de 1636, la Duquesa de Aiguillon expresa al Sr. Vicente su deseo de te\u00adner en su casa a una de esas muchachas para que la ayude en sus obras caritativas. El Sr. Vicente no se atreve a dar una negativa a tan generosa bienhechora. Se pone al habla con Mar\u00eda Denyse, y \u00e9sta reh\u00fasa la propuesta, porque, como dice:<\/p>\n<p style=\"padding-left: 30px\">\u00ab&#8230; hab\u00eda dejado a su padre y a su madre para entregarse al servicio de los Pobres, por amor de Dios, y que&#8230; no pod\u00eda cambiar de planes para ir a ser\u00advir a esa gran Dama&#8230;\u00bb:<\/p>\n<p>B\u00e1rbara Angiboust, a quien se dirige despu\u00e9s, empieza por aceptar, perol<\/p>\n<p style=\"padding-left: 30px\"><em>\u00ab&#8230; me dijo que estaba asustada de ver una corte tan grande y me rogaba <\/em><em>que la quitase, que Nuestro Se\u00f1or la hab\u00eda entregado a los pobres&#8230;\u00bb.<\/em><\/p>\n<p>Muy impresionado por las respuestas de estas dos buenas j\u00f3venes, el Sr. Vicente concluye su relato a Luisa con estas palabras:<\/p>\n<p style=\"padding-left: 30px\">\u00ab\u00bfQu\u00e9 le parece, Se\u00f1orita? \u00bfNo la entusiasma ver la fuerza del Esp\u00edritu de Dios en esas dos pobres j\u00f3venes y el desprecio que les inspira el mundo y de sus grandezas? No puede imaginar el \u00e1nimo que esto me ha dado con relaci\u00f3n a la Caridad&#8230;\u00bb.<\/p>\n<p>Animo, por supuesto, y tambi\u00e9n paciencia y habilidad, necesitaba Luisa de MariIlac para ense\u00f1ar a aquellas aldeanas a cuidar a los enfermos, para sostenerlas en su vida espiritual, para hacerles vivir juntas en comunidad. La diferencia de cultura y educaci\u00f3n es tan grande entre Luisa y aquellas primeras Hijas de la Caridad!<\/p>\n<p>Aquellas muchachas que ven\u00edan del campo, eran en su mayor\u00eda \u2014como las de\u00adm\u00e1s mujeres del siglo XVII\u2014 analfabetas. Es, pues, necesario ense\u00f1arles a leer, a es\u00adcribir, para que a su vez puedan ense\u00f1ar a las ni\u00f1as en las parroquias y aldeas. Con paciencia, en sus tiempos libres, Luisa les hace repetir las letras; compone tambi\u00e9n un catecismo breve con preguntas y respuestas para facilitar la ense\u00f1anza de la \u00abdoctri\u00adna\u00bb. El Sr. Vicente alienta los esfuerzos de una y otras:<\/p>\n<p style=\"padding-left: 30px\"><em>\u00abiDios m\u00edo! iC\u00f3mo deseo que sus hijas se ejerciten en aprender a leer y que <\/em><em>sepan bien el catecismo que usted ense\u00f1a!<\/em><\/p>\n<p>Una cosa es saber leer y otra muy diferente es saber ense\u00f1ar a leer a otros. Tanto el Sr. Vicente como la Srta. Le G ras buscan juntos los mejores m\u00e9todos pedag\u00f3gicos.<\/p>\n<p style=\"padding-left: 30px\"><em>\u00abHay que pensar un poco en la manera de ense\u00f1ar a las j\u00f3venes a que lle\u00ad<\/em><em>ven la escuela\u00bb&#8230; <\/em>escribe el Sr. Vicente.<\/p>\n<p>Luisa est\u00e1 preparando un proyecto que somete a este \u00faltimo: Las Hijas de la Cari\u00addad podr\u00edan ir a formarse con las Religiosas Ursulinas que educan a las ni\u00f1as de cla\u00adses pudientes. El Sr. Vicente expone su punto de vista:<\/p>\n<p style=\"padding-left: 30px\"><em>\u00abNo espero mucho de esa manera de comunicarse las Ursulinas con sus hi\u00ad<\/em><em>jas. Sin embargo, env\u00edelas, si le parece bien\u00bb.<\/em><\/p>\n<p>iQu\u00e9 libertad y qu\u00e9 sinceridad entre el Sr. Vicente y la Srta. Le Gras! Cada uno expone sin temor su punto de vista, y el que vean las cosas de distinta manera no perjudica para nada su colaboraci\u00f3n.<\/p>\n<p>Luisa de Marillac prepara un reglamento de vida y lo somete al Sr. Vicente de Pa\u00fal. En \u00e9l se orienta de continuo la mirada de las Hermanas hacia Jesucristo, Hijo de Dios, cuando viv\u00eda entre los hombres. Contemplando a Jes\u00fas con los enfermos, los ciegos, los cojos, ser\u00e1 como aprendan las Hermanas a servir a los Pobres con dulzu\u00adra, respeto, cordialidad y compasi\u00f3n. Meditando en la vida del Hijo de Dios en Nazaret y durante su vida p\u00fablica, las Hermanas descubrir\u00e1n la belleza de la humildad, la impor\u00adtancia de la ascesis, la grandeza de la obediencia. El primer Reglamento reza as\u00ed:<\/p>\n<p style=\"padding-left: 30px\"><em>\u00abDe vuelta a casa&#8230; se lee alg\u00fan pasaje del Santo Evangelio para excitarse a <\/em><em>la pr\u00e1ctica de las virtudes y al servicio del pr\u00f3jimo, a imitaci\u00f3n del Hijo de <\/em><em>Dios\u00bb. <\/em><\/p>\n<p>Luisa de Marillac pide al Sr. Vicente que vaya a hablar a las Hermanas. En 1634, dedica tres conferencias a la explicaci\u00f3n del Reglamento (de ellas s\u00f3lo conservamos la tercera). Vicente sit\u00faa el servicio a los Pobres como prolongaci\u00f3n de la oraci\u00f3n. Es un acto de amor a Dios y al pr\u00f3jimo.<\/p>\n<p style=\"padding-left: 30px\"><em>\u00abServir a los pobres es ir a Dios; y ten\u00e9is que ver a Dios en sus perso\u00ad<\/em><em>nas\u00bb.<\/em><\/p>\n<p>La vida comunitaria no es cosa f\u00e1cil. La Se\u00f1orita se da cuenta de las dificultades con que las muchachas tropiezan para vivir juntas, para aceptarse, soportarse. Algu\u00adnas llegan hasta pegar a sus compa\u00f1eras. Preocupada por mantener la caridad frater\u00adna, Luisa pide una entrevista al Sr. Vicente para reflexionar juntos en los medios que pueden tomarse para \u00abperfeccionar\u00bb esa vida en com\u00fan.<\/p>\n<p style=\"padding-left: 30px\"><em>\u00abEncuentro muy conveniente&#8230; tratar con usted a fondo de los medios de <\/em><em>establecer una perfecta caridad entre sus hijas\u00bb<\/em>.<\/p>\n<p>Luisa se encargar\u00e1 de insistir con las Hermanas en la cordialidad, la tolerancia, el afecto mutuo. El reglamento de Angers, redactado en 1640, invita a las Hermanas a una profunda amistad entre ellas:<\/p>\n<p style=\"padding-left: 30px\"><em>\u00abSe querr\u00e1n mutuamente como hermanas a las que Dios ha unido con el <\/em><em>v\u00ednculo de su amor&#8230;\u00bb<\/em>.<\/p>\n<p>Con el deseo de afianzar la formaci\u00f3n de sus hijas, Luisa recurre con frecuencia al Sr. Vicente. Pero \u00e9ste est\u00e1 muy ocupado y no siempre puede ponerse a su disposici\u00f3n:<\/p>\n<p style=\"padding-left: 30px\">\u00abY <em>como <\/em>yo <em>estoy hasta la coronilla preocupado por la cantidad de ejercitan<\/em><em>tes: uno preconizado obispo, un primer presidente, dos doctores, un profe\u00adsor de teolog\u00eda y el Sr. Pavillon, adem\u00e1s de nuestros ejercicios; todo esto&#8230; <\/em><em>me impide ir a verla\u00bb<\/em>.<\/p>\n<p>A trav\u00e9s de las cartas de esta \u00e9poca, se ve c\u00f3mo Vicente de Pa\u00fal va empujando poco a poco a la Se\u00f1orita Le G ras a que asuma plenamente la direcci\u00f3n de las Hijas de la Caridad:<\/p>\n<p><em>\u00abGobierne\u00bb, <\/em>le dice reiteradamente.<\/p>\n<p>A las Se\u00f1oras de la Caridad, Vicente les presenta a Luisa de Marillac como Supe\u00adriora de las Hijas de la Caridad:<\/p>\n<p style=\"padding-left: 30px\"><em>\u00abToda la Compa\u00f1\u00eda <\/em>(de las Se\u00f1oras de la Caridad) <em>considera necesario que <\/em><em>esa casa <\/em>(destinada para los Ni\u00f1os Exp\u00f3sitos) <em>dependa de la Superiora de <\/em><em>las Hijas de la Caridad\u00bb<\/em>.<\/p>\n<p>Y cada vez que Vicente escribe a Luisa utiliza la expresi\u00f3n \u00absus hijas\u00bb, al hablar de las Hijas de la Caridad.<\/p>\n<p style=\"padding-left: 30px\"><em>\u00abRecib\u00ed ayer su carta y la memoria del reglamento de sus hijas\u00bb<\/em>.<\/p>\n<p style=\"padding-left: 30px\"><em>\u00abVer\u00e9 a sus hijas en particular y luego en general&#8230;\u00bb<\/em>.<\/p>\n<p style=\"padding-left: 30px\"><em>\u00abSus hijas del Hospital General contin\u00faan port\u00e1ndose bien\u00bb<\/em>.<\/p>\n<p>Pero Luisa de Marillac no quiere llevar sola la responsabilidad de la \u00abpeque\u00f1a\u00bb Compa\u00f1\u00eda. Con fina delicadeza, contesta a Vicente: \u00abson hijas suyas tambi\u00e9n\u00bb.<\/p>\n<p style=\"padding-left: 30px\"><em>\u00abSe\u00f1or, todas sus hijas se toman la libertad de encomendarse a su cari\u00ad<\/em><em>dad\u00bb.<\/em><\/p>\n<p>\u00bfSe podr\u00eda descubrir a trav\u00e9s de esta correspondencia el germen de la resistencia que habr\u00e1 de oponer Vicente de Pa\u00fal a que se le considere \u2014a \u00e9l y a sus sucesores\u2014 como el Superior de la Compa\u00f1\u00eda de las Hijas de la Caridad, as\u00ed como el de la presi\u00f3n ejercida por Luisa de Marillac para conseguir su consentimiento?<\/p>\n<p>Ya desde 1630, las Se\u00f1oras de la Caridad apreciaron el trabajo de las primeras Siervas de los Pobres. Todas quer\u00edan contar en la Cofrad\u00eda de su Parroquia con j\u00f3ve\u00adnes como Margarita Naseau. Pero cuando la \u00absirvienta\u00bb no satisface, las Se\u00f1oras pi\u00adden que se la cambie por otra. Ordinariamente se dirigen para ello a Vicente de Pa\u00fal ya que \u00e9l es el responsable de las Cofrad\u00edas. Este, por su parte, informa del asunto a su colaboradora y le pide que intervenga:<\/p>\n<p style=\"padding-left: 30px\"><em>\u00ab&#8230; la Srta. de la Bistrade y la Se\u00f1ora Forest tienen que ir a pedirle que las li\u00ad<\/em><em>bre usted de Nicolasa, a causa de sus muchas enfermedades, y que Mar\u00eda, <\/em><em>que sostiene todo el peso, no puede m\u00e1s si no env\u00eda usted otra en lugar de <\/em><em>Nicolasa\u00bb. <\/em><\/p>\n<p>La Srta. Legras reflexiona acerca de ese problema y prev\u00e9 la sustituci\u00f3n de Nicolasa. Pero cuando se dispone a dar curso al asunto, las Se\u00f1oras vuelven a intervenir porque desean quedarse con aquella:<\/p>\n<p style=\"padding-left: 30px\"><em>\u00abHa venido la Srta. Forest para darme las gracias por la buena muchacha fuerte y robusta que pensaba usted enviarle; pero dice que no es necesario ya que su Nicolasa est\u00e1 mejor\u00bb. <\/em><\/p>\n<p>Si es cierto que la colaboraci\u00f3n con todos es algo indispensable, tambi\u00e9n lo es que no siempre resulta f\u00e1cil. Quiz\u00e1 pensando en ello es como Vicente y Luisa llegan a la conclusi\u00f3n de lo necesaria que es la indiferencia, esa disposici\u00f3n interior que nos lleva a no rechazar ni desear nada\u2026 sino aceptar lo que Dios nos env\u00ede.<\/p>\n<p style=\"padding-left: 30px\"><em>\u00abMe pasa lo que a usted, Se\u00f1orita, nada me resulta tan penoso como la in certidumbre; pero deseo ciertamente que Dios quiera concederme la gracia de hacerme totalmente indiferente, y a usted tambi\u00e9n. As\u00ed pues, nos esfor\u00adzaremos por conseguir, con la ayuda de Dios, esta santa virtud\u00bb.<\/em><\/p>\n<p>De com\u00fan acuerdo y conjuntamente, Vicente de Pa\u00fal y Luisa de Marillac asumen la responsabilidad de las Hijas de la Caridad, reflexionan y hacen frente a las llamadas y a las dificultades que se presentan. Pero su acci\u00f3n va acompa\u00f1ada de una b\u00fasque\u00adda, hecha tambi\u00e9n conjuntamente, para ver c\u00f3mo vivir m\u00e1s en profundidad y afianzar su total pertenencia a Jesucristo.<\/p>\n<p>Luisa le tiene pedido al Sr. Vicente que no deje de advertirle sus faltas. Con toda sencillez, \u00e9ste le escribe:<\/p>\n<p style=\"padding-left: 30px\"><em>\u00abProcure no andar con prisas en ninguna cosa; h\u00e1galo todo con calme, <\/em><em>como puede imaginar que lo har\u00eda el buen Monse\u00f1or de Ginebra\u00bb.<\/em><\/p>\n<p>En cartas que no se han conservado, Luisa ha debido de decir a Vicente que era un poco lento en sus decisiones. La respuesta de \u00e9ste es una muestra de c\u00f3mo apreciaba su rec\u00edproca complementariedad:<\/p>\n<p style=\"padding-left: 30px\"><em>\u00abEsta peque\u00f1a molestia <\/em>(o enfermedad) <em>me va a ofrecer la ocasi\u00f3n de po\u00ad<\/em><em>der <\/em><em>pensar un poco m\u00e1s en nuestros \u00abpeque\u00f1os\u00bb asuntos de la Caridad; as\u00ed despu\u00e9s, si Nuestro Se\u00f1or me da vida, trabajaremos en ellos con mayor co\u00ad<\/em><em>nocimiento de causa. Su carta me hizo ver, anteayer, que hab\u00eda en su esp\u00edri\u00ad<\/em><em>tu cierto pesar por este retras\u00f3. iDios m\u00edo! piense m\u00e1s bien <\/em>lo feliz que es usted al tener ah\u00ed el correctivo de sus prisas\u00bb.<\/p>\n<p>La prudente lentitud de Vicente de Pa\u00fal va compensada por la fogosa viveza de Luisa de Marillac, a la que sirve, a su vez, de compensaci\u00f3n. La aceptaci\u00f3n de sus di ferencias, de su complementariedad, confiere a la obra de Dios que ambos llevan cabo un car\u00e1cter equilibrado y armonioso.<\/p>\n","protected":false},"excerpt":{"rendered":"<p>Los primeros pasos de la \u00abpeque\u00f1a Compa\u00f1\u00eda\u00bb (1633-1636) El 29 de noviembre de 1633, la Srta. Le Gras recibe \u00aba algunas muchachas para alojarlas en su casa y hacerlas vivir en comunidad\u00bb, seg\u00fan refiere Gobillon, &#8230; <a href=\"https:\/\/vincentians.com\/es\/luisa-de-marillac-06\/\" class=\"more-link\">Read More<\/a><\/p>\n","protected":false},"author":4,"featured_media":144174,"comment_status":"open","ping_status":"open","sticky":false,"template":"","format":"standard","meta":{"jetpack_post_was_ever_published":false,"_jetpack_newsletter_access":"","_jetpack_dont_email_post_to_subs":false,"_jetpack_newsletter_tier_id":0,"_jetpack_memberships_contains_paywalled_content":false,"_jetpack_memberships_contains_paid_content":false,"footnotes":"","jetpack_publicize_message":"","jetpack_publicize_feature_enabled":true,"jetpack_social_post_already_shared":true,"jetpack_social_options":{"image_generator_settings":{"template":"highway","default_image_id":0,"font":"","enabled":false},"version":2}},"categories":[18],"tags":[146,152,162,139],"class_list":["post-55751","post","type-post","status-publish","format-standard","has-post-thumbnail","hentry","category-luisa-de-marillac","tag-argente","tag-duquesa-de-aiguillon","tag-gobillon","tag-san-benito"],"yoast_head":"<!-- This site is optimized with the Yoast SEO plugin v26.3 - https:\/\/yoast.com\/wordpress\/plugins\/seo\/ -->\n<title>Luisa de Marillac (06) - Somos Vicencianos<\/title>\n<meta name=\"robots\" content=\"index, follow, max-snippet:-1, max-image-preview:large, max-video-preview:-1\" \/>\n<link rel=\"canonical\" href=\"https:\/\/vincentians.com\/es\/luisa-de-marillac-06\/\" \/>\n<meta property=\"og:locale\" content=\"es_ES\" \/>\n<meta property=\"og:type\" content=\"article\" \/>\n<meta property=\"og:title\" content=\"Luisa de Marillac (06) - Somos Vicencianos\" \/>\n<meta property=\"og:description\" content=\"Los primeros pasos de la \u00abpeque\u00f1a Compa\u00f1\u00eda\u00bb (1633-1636) El 29 de noviembre de 1633, la Srta. Le Gras recibe \u00aba algunas muchachas para alojarlas en su casa y hacerlas vivir en comunidad\u00bb, seg\u00fan refiere Gobillon, ... Read More\" \/>\n<meta property=\"og:url\" content=\"https:\/\/vincentians.com\/es\/luisa-de-marillac-06\/\" \/>\n<meta property=\"og:site_name\" content=\"Somos Vicencianos\" \/>\n<meta property=\"article:publisher\" content=\"https:\/\/www.facebook.com\/WeAreVincentians\/\" \/>\n<meta property=\"article:author\" content=\"https:\/\/www.facebook.com\/JavierChento\" \/>\n<meta property=\"article:published_time\" content=\"2015-05-06T04:10:44+00:00\" \/>\n<meta property=\"article:modified_time\" content=\"2016-07-26T15:27:14+00:00\" \/>\n<meta name=\"author\" content=\"Francisco Javier Fern\u00e1ndez Chento\" \/>\n<meta name=\"twitter:card\" content=\"summary_large_image\" \/>\n<meta name=\"twitter:creator\" content=\"@https:\/\/twitter.com\/javierchento\" \/>\n<meta name=\"twitter:site\" content=\"@WeVincentians\" \/>\n<meta name=\"twitter:label1\" content=\"Escrito por\" \/>\n\t<meta name=\"twitter:data1\" content=\"Francisco Javier Fern\u00e1ndez Chento\" \/>\n\t<meta name=\"twitter:label2\" content=\"Tiempo de lectura\" \/>\n\t<meta name=\"twitter:data2\" content=\"15 minutos\" \/>\n<script type=\"application\/ld+json\" class=\"yoast-schema-graph\">{\"@context\":\"https:\/\/schema.org\",\"@graph\":[{\"@type\":\"Article\",\"@id\":\"https:\/\/vincentians.com\/es\/luisa-de-marillac-06\/#article\",\"isPartOf\":{\"@id\":\"https:\/\/vincentians.com\/es\/luisa-de-marillac-06\/\"},\"author\":{\"name\":\"Francisco Javier Fern\u00e1ndez Chento\",\"@id\":\"http:\/\/vincentians.com\/es\/#\/schema\/person\/9623ef4d9aa3b2dfb8c061f1499288f2\"},\"headline\":\"Luisa de Marillac (06)\",\"datePublished\":\"2015-05-06T04:10:44+00:00\",\"dateModified\":\"2016-07-26T15:27:14+00:00\",\"mainEntityOfPage\":{\"@id\":\"https:\/\/vincentians.com\/es\/luisa-de-marillac-06\/\"},\"wordCount\":3099,\"commentCount\":0,\"publisher\":{\"@id\":\"http:\/\/vincentians.com\/es\/#organization\"},\"image\":{\"@id\":\"https:\/\/vincentians.com\/es\/luisa-de-marillac-06\/#primaryimage\"},\"thumbnailUrl\":\"\",\"keywords\":[\"Argente\",\"Duquesa de Aiguillon\",\"Gobillon\",\"San Benito\"],\"articleSection\":[\"Luisa de Marillac\"],\"inLanguage\":\"es\",\"potentialAction\":[{\"@type\":\"CommentAction\",\"name\":\"Comment\",\"target\":[\"https:\/\/vincentians.com\/es\/luisa-de-marillac-06\/#respond\"]}]},{\"@type\":\"WebPage\",\"@id\":\"https:\/\/vincentians.com\/es\/luisa-de-marillac-06\/\",\"url\":\"https:\/\/vincentians.com\/es\/luisa-de-marillac-06\/\",\"name\":\"Luisa de Marillac (06) - Somos Vicencianos\",\"isPartOf\":{\"@id\":\"http:\/\/vincentians.com\/es\/#website\"},\"primaryImageOfPage\":{\"@id\":\"https:\/\/vincentians.com\/es\/luisa-de-marillac-06\/#primaryimage\"},\"image\":{\"@id\":\"https:\/\/vincentians.com\/es\/luisa-de-marillac-06\/#primaryimage\"},\"thumbnailUrl\":\"\",\"datePublished\":\"2015-05-06T04:10:44+00:00\",\"dateModified\":\"2016-07-26T15:27:14+00:00\",\"breadcrumb\":{\"@id\":\"https:\/\/vincentians.com\/es\/luisa-de-marillac-06\/#breadcrumb\"},\"inLanguage\":\"es\",\"potentialAction\":[{\"@type\":\"ReadAction\",\"target\":[\"https:\/\/vincentians.com\/es\/luisa-de-marillac-06\/\"]}]},{\"@type\":\"ImageObject\",\"inLanguage\":\"es\",\"@id\":\"https:\/\/vincentians.com\/es\/luisa-de-marillac-06\/#primaryimage\",\"url\":\"\",\"contentUrl\":\"\"},{\"@type\":\"BreadcrumbList\",\"@id\":\"https:\/\/vincentians.com\/es\/luisa-de-marillac-06\/#breadcrumb\",\"itemListElement\":[{\"@type\":\"ListItem\",\"position\":1,\"name\":\"Portada\",\"item\":\"http:\/\/vincentians.com\/es\/\"},{\"@type\":\"ListItem\",\"position\":2,\"name\":\"Luisa de Marillac (06)\"}]},{\"@type\":\"WebSite\",\"@id\":\"http:\/\/vincentians.com\/es\/#website\",\"url\":\"http:\/\/vincentians.com\/es\/\",\"name\":\"Somos Vicencianos\",\"description\":\"Know more to serve more\",\"publisher\":{\"@id\":\"http:\/\/vincentians.com\/es\/#organization\"},\"potentialAction\":[{\"@type\":\"SearchAction\",\"target\":{\"@type\":\"EntryPoint\",\"urlTemplate\":\"http:\/\/vincentians.com\/es\/?s={search_term_string}\"},\"query-input\":{\"@type\":\"PropertyValueSpecification\",\"valueRequired\":true,\"valueName\":\"search_term_string\"}}],\"inLanguage\":\"es\"},{\"@type\":\"Organization\",\"@id\":\"http:\/\/vincentians.com\/es\/#organization\",\"name\":\"The Vincentian Network\",\"url\":\"http:\/\/vincentians.com\/es\/\",\"logo\":{\"@type\":\"ImageObject\",\"inLanguage\":\"es\",\"@id\":\"http:\/\/vincentians.com\/es\/#\/schema\/logo\/image\/\",\"url\":\"https:\/\/i1.wp.com\/vincentians.com\/es\/wp-content\/uploads\/sites\/11\/2016\/06\/Vincentian-Network-logo-big.png?fit=778%2C778\",\"contentUrl\":\"https:\/\/i1.wp.com\/vincentians.com\/es\/wp-content\/uploads\/sites\/11\/2016\/06\/Vincentian-Network-logo-big.png?fit=778%2C778\",\"width\":778,\"height\":778,\"caption\":\"The Vincentian Network\"},\"image\":{\"@id\":\"http:\/\/vincentians.com\/es\/#\/schema\/logo\/image\/\"},\"sameAs\":[\"https:\/\/www.facebook.com\/WeAreVincentians\/\",\"https:\/\/x.com\/WeVincentians\"]},{\"@type\":\"Person\",\"@id\":\"http:\/\/vincentians.com\/es\/#\/schema\/person\/9623ef4d9aa3b2dfb8c061f1499288f2\",\"name\":\"Francisco Javier Fern\u00e1ndez Chento\",\"image\":{\"@type\":\"ImageObject\",\"inLanguage\":\"es\",\"@id\":\"http:\/\/vincentians.com\/es\/#\/schema\/person\/image\/\",\"url\":\"https:\/\/secure.gravatar.com\/avatar\/497d5cde87b4c3d097d0315953521681ba2cd523ee66e5077c3711f7021e65de?s=96&d=mm&r=g\",\"contentUrl\":\"https:\/\/secure.gravatar.com\/avatar\/497d5cde87b4c3d097d0315953521681ba2cd523ee66e5077c3711f7021e65de?s=96&d=mm&r=g\",\"caption\":\"Francisco Javier Fern\u00e1ndez Chento\"},\"description\":\"Director General y cofundador de La Red de Formaci\u00f3n Vicenciana. Javier es laico vicenciano, afiliado a la Congregaci\u00f3n de la Misi\u00f3n y miembro del Equipo de Misiones Populares de la provincia can\u00f3nica de Zaragoza (Espa\u00f1a) de la Congregaci\u00f3n de la Misi\u00f3n. Graduado en la Universidad Oberta de Catalunya con cuatro grados (Asistente de direcci\u00f3n, Gesti\u00f3n Administrativa, Recursos Humanos y Contabilidad Avanzada). Bil\u00edng\u00fce Espa\u00f1ol\/Ingl\u00e9s. gestiona y mantiene varias p\u00e1ginas web cristianas y vicencianas, incluida including La Red de Formaci\u00f3n Vicenciana, de la que es cofundador. Actualmente es responsable del \u00e1rea de Espa\u00f1ol de .famvin, la Red de Noticias de la Familia Vicenciana. Tambi\u00e9n es m\u00fasico cat\u00f3lico y ha editado varios discos. Es Director General y cofundador de Trovador, una reconocida compa\u00f1\u00eda discogr\u00e1fica critiana de Espa\u00f1a. Trabaja en las Tecnolog\u00edas de la Informaci\u00f3n, ofreciendo servicios de alojamiento, dise\u00f1o y mantenimiento Web, as\u00ed como asesoramiento, formaci\u00f3n y soluciones inform\u00e1ticas, gesti\u00f3n documental y digitalizaci\u00f3n de textos, edici\u00f3n y maquetaci\u00f3n de libros, revistas, flyers, etc.\",\"sameAs\":[\"http:\/\/chento.org\",\"https:\/\/www.facebook.com\/JavierChento\",\"https:\/\/x.com\/https:\/\/twitter.com\/javierchento\"],\"url\":\"https:\/\/vincentians.com\/es\/author\/chento\/\"}]}<\/script>\n<!-- \/ Yoast SEO plugin. -->","yoast_head_json":{"title":"Luisa de Marillac (06) - Somos Vicencianos","robots":{"index":"index","follow":"follow","max-snippet":"max-snippet:-1","max-image-preview":"max-image-preview:large","max-video-preview":"max-video-preview:-1"},"canonical":"https:\/\/vincentians.com\/es\/luisa-de-marillac-06\/","og_locale":"es_ES","og_type":"article","og_title":"Luisa de Marillac (06) - Somos Vicencianos","og_description":"Los primeros pasos de la \u00abpeque\u00f1a Compa\u00f1\u00eda\u00bb (1633-1636) El 29 de noviembre de 1633, la Srta. Le Gras recibe \u00aba algunas muchachas para alojarlas en su casa y hacerlas vivir en comunidad\u00bb, seg\u00fan refiere Gobillon, ... Read More","og_url":"https:\/\/vincentians.com\/es\/luisa-de-marillac-06\/","og_site_name":"Somos Vicencianos","article_publisher":"https:\/\/www.facebook.com\/WeAreVincentians\/","article_author":"https:\/\/www.facebook.com\/JavierChento","article_published_time":"2015-05-06T04:10:44+00:00","article_modified_time":"2016-07-26T15:27:14+00:00","author":"Francisco Javier Fern\u00e1ndez Chento","twitter_card":"summary_large_image","twitter_creator":"@https:\/\/twitter.com\/javierchento","twitter_site":"@WeVincentians","twitter_misc":{"Escrito por":"Francisco Javier Fern\u00e1ndez Chento","Tiempo de lectura":"15 minutos"},"schema":{"@context":"https:\/\/schema.org","@graph":[{"@type":"Article","@id":"https:\/\/vincentians.com\/es\/luisa-de-marillac-06\/#article","isPartOf":{"@id":"https:\/\/vincentians.com\/es\/luisa-de-marillac-06\/"},"author":{"name":"Francisco Javier Fern\u00e1ndez Chento","@id":"http:\/\/vincentians.com\/es\/#\/schema\/person\/9623ef4d9aa3b2dfb8c061f1499288f2"},"headline":"Luisa de Marillac (06)","datePublished":"2015-05-06T04:10:44+00:00","dateModified":"2016-07-26T15:27:14+00:00","mainEntityOfPage":{"@id":"https:\/\/vincentians.com\/es\/luisa-de-marillac-06\/"},"wordCount":3099,"commentCount":0,"publisher":{"@id":"http:\/\/vincentians.com\/es\/#organization"},"image":{"@id":"https:\/\/vincentians.com\/es\/luisa-de-marillac-06\/#primaryimage"},"thumbnailUrl":"","keywords":["Argente","Duquesa de Aiguillon","Gobillon","San Benito"],"articleSection":["Luisa de Marillac"],"inLanguage":"es","potentialAction":[{"@type":"CommentAction","name":"Comment","target":["https:\/\/vincentians.com\/es\/luisa-de-marillac-06\/#respond"]}]},{"@type":"WebPage","@id":"https:\/\/vincentians.com\/es\/luisa-de-marillac-06\/","url":"https:\/\/vincentians.com\/es\/luisa-de-marillac-06\/","name":"Luisa de Marillac (06) - Somos Vicencianos","isPartOf":{"@id":"http:\/\/vincentians.com\/es\/#website"},"primaryImageOfPage":{"@id":"https:\/\/vincentians.com\/es\/luisa-de-marillac-06\/#primaryimage"},"image":{"@id":"https:\/\/vincentians.com\/es\/luisa-de-marillac-06\/#primaryimage"},"thumbnailUrl":"","datePublished":"2015-05-06T04:10:44+00:00","dateModified":"2016-07-26T15:27:14+00:00","breadcrumb":{"@id":"https:\/\/vincentians.com\/es\/luisa-de-marillac-06\/#breadcrumb"},"inLanguage":"es","potentialAction":[{"@type":"ReadAction","target":["https:\/\/vincentians.com\/es\/luisa-de-marillac-06\/"]}]},{"@type":"ImageObject","inLanguage":"es","@id":"https:\/\/vincentians.com\/es\/luisa-de-marillac-06\/#primaryimage","url":"","contentUrl":""},{"@type":"BreadcrumbList","@id":"https:\/\/vincentians.com\/es\/luisa-de-marillac-06\/#breadcrumb","itemListElement":[{"@type":"ListItem","position":1,"name":"Portada","item":"http:\/\/vincentians.com\/es\/"},{"@type":"ListItem","position":2,"name":"Luisa de Marillac (06)"}]},{"@type":"WebSite","@id":"http:\/\/vincentians.com\/es\/#website","url":"http:\/\/vincentians.com\/es\/","name":"Somos Vicencianos","description":"Know more to serve more","publisher":{"@id":"http:\/\/vincentians.com\/es\/#organization"},"potentialAction":[{"@type":"SearchAction","target":{"@type":"EntryPoint","urlTemplate":"http:\/\/vincentians.com\/es\/?s={search_term_string}"},"query-input":{"@type":"PropertyValueSpecification","valueRequired":true,"valueName":"search_term_string"}}],"inLanguage":"es"},{"@type":"Organization","@id":"http:\/\/vincentians.com\/es\/#organization","name":"The Vincentian Network","url":"http:\/\/vincentians.com\/es\/","logo":{"@type":"ImageObject","inLanguage":"es","@id":"http:\/\/vincentians.com\/es\/#\/schema\/logo\/image\/","url":"https:\/\/i1.wp.com\/vincentians.com\/es\/wp-content\/uploads\/sites\/11\/2016\/06\/Vincentian-Network-logo-big.png?fit=778%2C778","contentUrl":"https:\/\/i1.wp.com\/vincentians.com\/es\/wp-content\/uploads\/sites\/11\/2016\/06\/Vincentian-Network-logo-big.png?fit=778%2C778","width":778,"height":778,"caption":"The Vincentian Network"},"image":{"@id":"http:\/\/vincentians.com\/es\/#\/schema\/logo\/image\/"},"sameAs":["https:\/\/www.facebook.com\/WeAreVincentians\/","https:\/\/x.com\/WeVincentians"]},{"@type":"Person","@id":"http:\/\/vincentians.com\/es\/#\/schema\/person\/9623ef4d9aa3b2dfb8c061f1499288f2","name":"Francisco Javier Fern\u00e1ndez Chento","image":{"@type":"ImageObject","inLanguage":"es","@id":"http:\/\/vincentians.com\/es\/#\/schema\/person\/image\/","url":"https:\/\/secure.gravatar.com\/avatar\/497d5cde87b4c3d097d0315953521681ba2cd523ee66e5077c3711f7021e65de?s=96&d=mm&r=g","contentUrl":"https:\/\/secure.gravatar.com\/avatar\/497d5cde87b4c3d097d0315953521681ba2cd523ee66e5077c3711f7021e65de?s=96&d=mm&r=g","caption":"Francisco Javier Fern\u00e1ndez Chento"},"description":"Director General y cofundador de La Red de Formaci\u00f3n Vicenciana. Javier es laico vicenciano, afiliado a la Congregaci\u00f3n de la Misi\u00f3n y miembro del Equipo de Misiones Populares de la provincia can\u00f3nica de Zaragoza (Espa\u00f1a) de la Congregaci\u00f3n de la Misi\u00f3n. Graduado en la Universidad Oberta de Catalunya con cuatro grados (Asistente de direcci\u00f3n, Gesti\u00f3n Administrativa, Recursos Humanos y Contabilidad Avanzada). Bil\u00edng\u00fce Espa\u00f1ol\/Ingl\u00e9s. gestiona y mantiene varias p\u00e1ginas web cristianas y vicencianas, incluida including La Red de Formaci\u00f3n Vicenciana, de la que es cofundador. Actualmente es responsable del \u00e1rea de Espa\u00f1ol de .famvin, la Red de Noticias de la Familia Vicenciana. Tambi\u00e9n es m\u00fasico cat\u00f3lico y ha editado varios discos. Es Director General y cofundador de Trovador, una reconocida compa\u00f1\u00eda discogr\u00e1fica critiana de Espa\u00f1a. Trabaja en las Tecnolog\u00edas de la Informaci\u00f3n, ofreciendo servicios de alojamiento, dise\u00f1o y mantenimiento Web, as\u00ed como asesoramiento, formaci\u00f3n y soluciones inform\u00e1ticas, gesti\u00f3n documental y digitalizaci\u00f3n de textos, edici\u00f3n y maquetaci\u00f3n de libros, revistas, flyers, etc.","sameAs":["http:\/\/chento.org","https:\/\/www.facebook.com\/JavierChento","https:\/\/x.com\/https:\/\/twitter.com\/javierchento"],"url":"https:\/\/vincentians.com\/es\/author\/chento\/"}]}},"jetpack_publicize_connections":[],"jetpack_featured_media_url":"","jetpack_sharing_enabled":true,"jetpack_shortlink":"https:\/\/wp.me\/p7ETMF-evd","jetpack-related-posts":[{"id":124753,"url":"https:\/\/vincentians.com\/es\/la-formacion-luisa-marillac\/","url_meta":{"origin":55751,"position":0},"title":"La formaci\u00f3n de Luisa de Marillac","author":"Francisco Javier Fern\u00e1ndez Chento","date":"17\/11\/2023","format":false,"excerpt":"Cuando leemos los escritos de Luisa, igual que a Gobillon, nos parecen \"tan s\u00f3lidos\" que quedamos admirados. La profundidad de sus pensamientos nos da la sensaci\u00f3n de le\u00ader a una mujer que sabe de filosof\u00eda y que conoce la teolog\u00eda y la espiritualidad. No nos extra\u00f1a que se iniciara en\u2026","rel":"","context":"En \u00abLuisa de Marillac\u00bb","block_context":{"text":"Luisa de Marillac","link":"https:\/\/vincentians.com\/es\/category\/la-familia-vicenciana\/fundadores\/luisa-de-marillac\/"},"img":{"alt_text":"","src":"https:\/\/i0.wp.com\/vincentians.com\/es\/wp-content\/uploads\/sites\/11\/2013\/04\/n-1.jpg?fit=823%2C564&ssl=1&resize=350%2C200","width":350,"height":200,"srcset":"https:\/\/i0.wp.com\/vincentians.com\/es\/wp-content\/uploads\/sites\/11\/2013\/04\/n-1.jpg?fit=823%2C564&ssl=1&resize=350%2C200 1x, https:\/\/i0.wp.com\/vincentians.com\/es\/wp-content\/uploads\/sites\/11\/2013\/04\/n-1.jpg?fit=823%2C564&ssl=1&resize=525%2C300 1.5x, https:\/\/i0.wp.com\/vincentians.com\/es\/wp-content\/uploads\/sites\/11\/2013\/04\/n-1.jpg?fit=823%2C564&ssl=1&resize=700%2C400 2x"},"classes":[]},{"id":141990,"url":"https:\/\/vincentians.com\/es\/santa-luisa-formacion\/","url_meta":{"origin":55751,"position":1},"title":"Santa Luisa: Formaci\u00f3n","author":"Francisco Javier Fern\u00e1ndez Chento","date":"01\/04\/2015","format":false,"excerpt":"Educaci\u00f3n en el real monasterio de Poissy Cuando leemos los escritos de Luisa, igual que a Gobillon, nos parecen \"tan s\u00f3lidos\" que quedamos admirados. La profundidad de sus pensamientos nos da la sensaci\u00f3n de le\u00ader a una mujer que sabe de filosof\u00eda y que conoce la teolog\u00eda y la espiritualidad.\u2026","rel":"","context":"En \u00abLuisa de Marillac\u00bb","block_context":{"text":"Luisa de Marillac","link":"https:\/\/vincentians.com\/es\/category\/la-familia-vicenciana\/fundadores\/luisa-de-marillac\/"},"img":{"alt_text":"rostros_luisa_06","src":"https:\/\/i0.wp.com\/vicencianos.org\/wp-content\/2011\/09\/rostros_luisa_06-289x300.jpg?resize=350%2C200","width":350,"height":200},"classes":[]},{"id":398639,"url":"https:\/\/vincentians.com\/es\/aportacion-del-carisma-vicenciano-la-mision-la-iglesia-3\/","url_meta":{"origin":55751,"position":2},"title":"Aportaci\u00f3n del carisma vicenciano a la Misi\u00f3n de la Iglesia (3)","author":"Francisco Javier Fern\u00e1ndez Chento","date":"06\/08\/2016","format":false,"excerpt":"3.- La participaci\u00f3n de los laicos, y particularmente de la mujer, en la Misi\u00f3n de los ap\u00f3stoles. Los bi\u00f3grafos de San Vicente de Pa\u00fal y de Santa Luisa de Marillac destacan su importante contribuci\u00f3n a la promoci\u00f3n de los laicos, y particularmente de la mujer, al apostolado en la Iglesia.\u2026","rel":"","context":"En \u00abFormaci\u00f3n Vicenciana\u00bb","block_context":{"text":"Formaci\u00f3n Vicenciana","link":"https:\/\/vincentians.com\/es\/category\/formacion-vicenciana\/"},"img":{"alt_text":"","src":"https:\/\/i0.wp.com\/vincentians.com\/es\/wp-content\/uploads\/sites\/11\/2016\/06\/contributions-charism.jpg?fit=1200%2C630&ssl=1&resize=350%2C200","width":350,"height":200,"srcset":"https:\/\/i0.wp.com\/vincentians.com\/es\/wp-content\/uploads\/sites\/11\/2016\/06\/contributions-charism.jpg?fit=1200%2C630&ssl=1&resize=350%2C200 1x, https:\/\/i0.wp.com\/vincentians.com\/es\/wp-content\/uploads\/sites\/11\/2016\/06\/contributions-charism.jpg?fit=1200%2C630&ssl=1&resize=525%2C300 1.5x, https:\/\/i0.wp.com\/vincentians.com\/es\/wp-content\/uploads\/sites\/11\/2016\/06\/contributions-charism.jpg?fit=1200%2C630&ssl=1&resize=700%2C400 2x, https:\/\/i0.wp.com\/vincentians.com\/es\/wp-content\/uploads\/sites\/11\/2016\/06\/contributions-charism.jpg?fit=1200%2C630&ssl=1&resize=1050%2C600 3x"},"classes":[]},{"id":141986,"url":"https:\/\/vincentians.com\/es\/luisa-de-marillac-nacimiento\/","url_meta":{"origin":55751,"position":3},"title":"Luisa de Marillac: nacimiento","author":"Francisco Javier Fern\u00e1ndez Chento","date":"30\/03\/2015","format":false,"excerpt":"Luisa estaba convencida de que Dios hab\u00eda decretado que el sufrimiento comenzara a realizarse en ella desde su mismo nacimiento. Recordando su infancia, le fue f\u00e1cil con\u00adque su nacimiento concreto fue la causa y el comienzo de una vida de dolor seg\u00fan taba designado en el plan eterno de la\u2026","rel":"","context":"En \u00abLuisa de Marillac\u00bb","block_context":{"text":"Luisa de Marillac","link":"https:\/\/vincentians.com\/es\/category\/la-familia-vicenciana\/fundadores\/luisa-de-marillac\/"},"img":{"alt_text":"santa_luisa","src":"https:\/\/i0.wp.com\/vicencianos.org\/wp-content\/2010\/12\/santa_luisa-248x300.jpg?resize=350%2C200","width":350,"height":200},"classes":[]},{"id":125956,"url":"https:\/\/vincentians.com\/es\/las-hijas-de-la-caridad\/","url_meta":{"origin":55751,"position":4},"title":"Las Hijas de la Caridad","author":"Francisco Javier Fern\u00e1ndez Chento","date":"07\/12\/2013","format":false,"excerpt":"Evoluci\u00f3n de las Caridades Aunque las Caridades estaban fundadas desde 1617, los dos santos las van a perfec\u00adcionar, acomod\u00e1ndolas a la realidad concreta de las se\u00f1oras de Par\u00eds y a los pobres de la ciudad. Sin cambiar ni el fin ni la naturaleza, las Caridades de Vicente de Pa\u00fal evolucio\u00adnaron\u2026","rel":"","context":"En \u00abLuisa de Marillac\u00bb","block_context":{"text":"Luisa de Marillac","link":"https:\/\/vincentians.com\/es\/category\/la-familia-vicenciana\/fundadores\/luisa-de-marillac\/"},"img":{"alt_text":"Santa Luisa de Marillac","src":"https:\/\/i0.wp.com\/vicencianos.org\/wp-content\/2013\/09\/santaluisa3.jpg?resize=350%2C200","width":350,"height":200},"classes":[]},{"id":387337,"url":"https:\/\/vincentians.com\/es\/fechas-en-la-vida-de-santa-luisa\/","url_meta":{"origin":55751,"position":5},"title":"Fechas en la vida de Santa Luisa","author":"Francisco Javier Fern\u00e1ndez Chento","date":"17\/10\/2021","format":false,"excerpt":"1591: Nace el 12 de agosto. Padres desconocidos, ciertamente de la familia Marillac. 1612: Rechazada en las religiosas capuchinas. 1613: Casada el 5 de febrero con Antonio Le Gras. Tuvo un hijo que se llam\u00f3 Miguel. 1625: Muere Antonio Le Gras el 21 de diciembre. Acepta a San Vicente de\u2026","rel":"","context":"En \u00abLuisa de Marillac\u00bb","block_context":{"text":"Luisa de Marillac","link":"https:\/\/vincentians.com\/es\/category\/la-familia-vicenciana\/fundadores\/luisa-de-marillac\/"},"img":{"alt_text":"","src":"https:\/\/i0.wp.com\/vincentians.com\/es\/wp-content\/uploads\/sites\/11\/2016\/08\/sata-luisa-de-marillac.jpg?fit=1200%2C630&ssl=1&resize=350%2C200","width":350,"height":200,"srcset":"https:\/\/i0.wp.com\/vincentians.com\/es\/wp-content\/uploads\/sites\/11\/2016\/08\/sata-luisa-de-marillac.jpg?fit=1200%2C630&ssl=1&resize=350%2C200 1x, https:\/\/i0.wp.com\/vincentians.com\/es\/wp-content\/uploads\/sites\/11\/2016\/08\/sata-luisa-de-marillac.jpg?fit=1200%2C630&ssl=1&resize=525%2C300 1.5x, https:\/\/i0.wp.com\/vincentians.com\/es\/wp-content\/uploads\/sites\/11\/2016\/08\/sata-luisa-de-marillac.jpg?fit=1200%2C630&ssl=1&resize=700%2C400 2x, https:\/\/i0.wp.com\/vincentians.com\/es\/wp-content\/uploads\/sites\/11\/2016\/08\/sata-luisa-de-marillac.jpg?fit=1200%2C630&ssl=1&resize=1050%2C600 3x"},"classes":[]}],"_links":{"self":[{"href":"https:\/\/vincentians.com\/es\/wp-json\/wp\/v2\/posts\/55751","targetHints":{"allow":["GET"]}}],"collection":[{"href":"https:\/\/vincentians.com\/es\/wp-json\/wp\/v2\/posts"}],"about":[{"href":"https:\/\/vincentians.com\/es\/wp-json\/wp\/v2\/types\/post"}],"author":[{"embeddable":true,"href":"https:\/\/vincentians.com\/es\/wp-json\/wp\/v2\/users\/4"}],"replies":[{"embeddable":true,"href":"https:\/\/vincentians.com\/es\/wp-json\/wp\/v2\/comments?post=55751"}],"version-history":[{"count":0,"href":"https:\/\/vincentians.com\/es\/wp-json\/wp\/v2\/posts\/55751\/revisions"}],"wp:featuredmedia":[{"embeddable":true,"href":"https:\/\/vincentians.com\/es\/wp-json\/"}],"wp:attachment":[{"href":"https:\/\/vincentians.com\/es\/wp-json\/wp\/v2\/media?parent=55751"}],"wp:term":[{"taxonomy":"category","embeddable":true,"href":"https:\/\/vincentians.com\/es\/wp-json\/wp\/v2\/categories?post=55751"},{"taxonomy":"post_tag","embeddable":true,"href":"https:\/\/vincentians.com\/es\/wp-json\/wp\/v2\/tags?post=55751"}],"curies":[{"name":"wp","href":"https:\/\/api.w.org\/{rel}","templated":true}]}}