{"id":55733,"date":"2015-05-03T05:03:09","date_gmt":"2015-05-03T03:03:09","guid":{"rendered":"http:\/\/somos.vicencianos.org\/?p=55733"},"modified":"2016-07-26T17:27:14","modified_gmt":"2016-07-26T15:27:14","slug":"luisa-de-marillac-03","status":"publish","type":"post","link":"https:\/\/vincentians.com\/es\/luisa-de-marillac-03\/","title":{"rendered":"Luisa de Marillac (03)"},"content":{"rendered":"<div>\n<h2>Los a\u00f1os de viudez<\/h2>\n<p><a href=\"https:\/\/i0.wp.com\/vicencianos.org\/wp-content\/2015\/05\/luisa-de-marillac.jpg\"><img data-recalc-dims=\"1\" loading=\"lazy\" decoding=\"async\" class=\"alignright size-medium wp-image-144174\" src=\"https:\/\/i0.wp.com\/vicencianos.org\/wp-content\/2015\/05\/luisa-de-marillac-251x300.jpg?resize=251%2C300\" alt=\"OLYMPUS DIGITAL CAMERA\" width=\"251\" height=\"300\" \/><\/a>Al quedarse viuda, Luisa de Marillac se siente desamparada. \u00bfQu\u00e9 va a ser de ella, sola con su hijo? \u00bfQui\u00e9n va a ayudarle a guiar su barca en medio de la tempestad que recela de nuevo? \u00bfC\u00f3mo conocer el camino que Dios quiere que siga?<\/p>\n<p>Luisa no deja de sentir en su coraz\u00f3n ese deseo intenso de ser totalmente de Dios. Para plasmarlo en algo concreto, para descubrir, tambi\u00e9n, el designio de Dios sobre ella, intensifica su vida de oraci\u00f3n. Reza todos los d\u00edas los 15 misterios del Ro\u00adsario y el Oficio Parvo de la Virgen, multiplica los actos de la presencia de Dios y dedi\u00adca 33 a honrar los 33 a\u00f1os que Jesucristo vivi\u00f3 en la tierra. Adem\u00e1s, asiste a Misa diariamente, lee el Evangelio y la vida del santo del d\u00eda.<\/p>\n<p>Lleva a cabo tambi\u00e9n los ejercicios prescritos por las numerosas cofrad\u00edas espiri\u00adtuales a las que pertenece: la de las Cinco Llagas de Nuestro Se\u00f1or, la del Sant\u00edsimo Sacramento, la del Rosario, de Santa M\u00f3nica, de San Francisco&#8230;.<\/p>\n<p>A todos esos ejercicios acompa\u00f1a el ayuno: los viernes, las v\u00edsperas de las fiestas de Nuestro Se\u00f1or y de la Sant\u00edsima Virgen, y durante el tiempo de Adviento y de Cua\u00adresma. Adem\u00e1s la Se\u00f1orita Le Gras suele tomar la disciplina con regularidad.<\/p>\n<p>Esta vida de oraci\u00f3n tan estructurada es fuente de tensi\u00f3n para Luisa. A veces, le resulta dif\u00edcil ser fiel a tantas cosas y cualquier falta, aun involuntaria, sirve para acre\u00adcentar su inquietud y aumentar su angustia. Vicente de Pa\u00fal es ahora su director. El ser\u00e1 quien le ayude a conseguir su encuentro con Dios de una manera m\u00e1s sencilla:<\/p>\n<p style=\"padding-left: 30px\"><em>\u00abEn cuanto a esos 33 actos a la Santa Humanidad y lo dem\u00e1s, no se aflija <\/em><em>cuando falte a ellos. Dios es amor y quiere que vayamos a El por amor; No <\/em><em>se juzgue, pues, obligada a todos esos buenos prop\u00f3sitos\u00bb<\/em>.<\/p>\n<p>Siempre atormentada, Luisa trata de encontrar aliento y apoyo en aquellas perso\u00adnas que conoce y sabe pueden ayudarla. As\u00ed, conf\u00eda a su primo, el Padre Hilarion Re\u00adbours, su b\u00fasqueda de Dios y los obst\u00e1culos con los que tropieza:<\/p>\n<p style=\"padding-left: 30px\"><em>\u00ab\u00bfNo es razonable que sea totalmente de Dios despu\u00e9s de haberme entre\u00ad<\/em><em>gado durante tanto tiempo al mundo? Le digo, pues, amado primo, que lo <\/em><em>deseo con todo mi coraz\u00f3n y en la forma que a El le plazca.<\/em><\/p>\n<p style=\"padding-left: 30px\"><em>Pero tengo grandes motivos para desconfiar de m\u00ed misma en cuanto a <\/em><em>mi perseverancia en este deseo y son los continuos impedimentos que se oponen a los designios de Dios sobre m\u00ed.<\/em><\/p>\n<p style=\"padding-left: 30px\"><em>Ay\u00fademe, pues, con sus oraciones a que mi pobre alma rompa las liga\u00ad<\/em><em>duras que la tienen tan fuertemente amarrada a todo lo que no es Dios\u00bb<\/em>.<\/p>\n<p>Luisa de Marillac se dirige tambi\u00e9n a Mons. Camus mientras fue su director. Le explica las tinieblas en las que se debate y la turbaci\u00f3n que se apodera de su alma. Desde su Obispado de Belley, Mons. Camus le responde con una carta un tanto dura:<\/p>\n<p style=\"padding-left: 30px\"><em>\u00abSe\u00f1orita y querida hermana:<\/em><\/p>\n<p style=\"padding-left: 30px\"><em>La que he recibido de usted por mediaci\u00f3n del Sr. Chappe hace alusi\u00f3n <\/em><em>a otras dos que dice usted haber escrito desde que se qued\u00f3 viuda y de las <\/em><em>que yo s\u00f3lo he tenido una en mis manos. Ahora bien, mi querida hermana, <\/em><em>no s\u00e9 por qu\u00e9 se turba su esp\u00edritu y dice encontrarse en tinieblas y en aban\u00ad<\/em><em>dono. \u00bfPor qu\u00e9 habr\u00eda de ser as\u00ed? Ya no est\u00e1 usted dividida. Ahora se debe <\/em><em>solamente al Esposo celestial, toda vez que ya no tiene al terreno. Hace tiempo que est\u00e1 usted resuelta a no querer m\u00e1s que a El, y ahora que ha <\/em><em>roto sus lazos y que por ello debe usted ofrecerle una hostia de alabanza, se <\/em><em>lamenta; mujer de poca fe, \u00bfqu\u00e9 es lo que teme? Hay que repetirle a usted <\/em><em>lo que Nuestro Se\u00f1or dijo a Mar\u00eda <\/em>(sic) <em>a prop\u00f3sito de la resurrecci\u00f3n de L\u00e1\u00ad<\/em><em>zaro: \u00abSi creyeres con m\u00e1s firmeza, ver\u00e1s la gloria de Dios sobre ti\u00bb. iPues <\/em><em>qu\u00e9! Lo que no veo con claridad, lo creo sin embargo con seguridad.\u00bb<\/em><\/p>\n<p style=\"padding-left: 30px\">Belley, 26 de marzo de 1626.<\/p>\n<p>Monse\u00f1or Camus no acaba de comprender a esta joven viuda, atormentada e in\u00adquieta. Durante la enfermedad de su marido, hab\u00eda hecho voto de viudez. Ahora que se queda viuda no encuentra la paz. \u00bfQu\u00e9 es, pues, lo que desea? Es que sobreponer\u00adse a un estado depresivo, al sufrimiento de la viudez, a la inquietud por el porvenir, no puede hacerse r\u00e1pidamente, por m\u00e1s buena voluntad que ponga por su parte la per\u00adsona. Hay que dar tiempo al tiempo.<\/p>\n<p>Monse\u00f1or Camus reside ahora en su Obispado de Belley, alejado de Par\u00eds. Por ello indica a su dirigida otro director. Luisa de Marillac vacila, no se siente atra\u00edda por aquel Sr. Vicente cuya sencillez dista mucho de la distinci\u00f3n de Mons. Camus o de la de Mons. Francisco de Sales. Pero Luisa recuerda la \u00abLuz de Pentecost\u00e9s\u00bb en la que Dios le hizo ver a su nuevo director. A pesar de su \u00abrepugnancia\u00bb, la Srta. Le Gras acudir\u00e1 al Sr. Vicente. Desea con toda su alma adherirse a la Voluntad de Dios, a aquella \u00abLuz de Pentecost\u00e9s\u00bb que disip\u00f3 las tinieblas en las que entonces se encon\u00adtraba.<\/p>\n<p><em>\u00abSe me asegur\u00f3 tambi\u00e9n que deb\u00eda permanecer en paz en cuanto a mi di\u00ad<\/em><em>rector, y que Dios me dar\u00eda otro, que me hizo ver <\/em>(entonces), <em>seg\u00fan me pa<\/em><em>rece, y yo sent\u00ed repugnancia en aceptar; sin embargo, consent\u00ed&#8230;\u00bb <\/em>escribe en el relato de la Luz de Pentecost\u00e9s Luisa de Marillac.<\/p>\n<p>Por su parte, el Sr. Vicente muestra cierta reticencia para aceptar el hacerse car\u00adgo de la direcci\u00f3n espiritual de aquella joven viuda. Tiene la experiencia de la direc\u00adci\u00f3n espiritual de la Se\u00f1ora de Gondi, conoce las exigencias de las se\u00f1oras de la no\u00adbleza, duda mucho. La Congregaci\u00f3n de la Misi\u00f3n ha sido fundada para la evangeliza\u00adci\u00f3n de los pobres y las misiones en las aldeas ocupan mucho tiempo.<\/p>\n<p>\u00bfQui\u00e9n convence al Sr. Vicente para que acepte esa funci\u00f3n de director espiritual con relaci\u00f3n a la se\u00f1orita Le G ras? \u00bfAcaso el Sr. B\u00e9rulle? \u00bfO tal vez el recuerdo de la amistad de ambos con Mons. Francisco de Sales, fallecido en diciembre de 1622? Quiz\u00e1 se trata sencillamente de una inspiraci\u00f3n del Cielo. A\u00f1os m\u00e1s tarde habr\u00e1 de escribir, en efecto, Vicente de Pa\u00fal a Luisa de Marillac, que se inquietaba por moles\u00adtarle de continuo con sus problemas personales:<\/p>\n<p style=\"padding-left: 30px\"><em>\u00ab&#8230; Cuando Dios ha designado a una persona para ayudar a otra con sus consejos, no puede sentirse m\u00e1s sobrecargada por las luces que \u00e9sta le <\/em><em>pida que lo que un padre lo est\u00e1 con su hijo&#8230;\u00bb.<\/em><\/p>\n<p>Por obediencia a la Voluntad de Dios, Luisa de Marillac acepta la direcci\u00f3n del Sr. Vicente, aquel sacerdote tan equilibrado y tambi\u00e9n tan cercano a Dios y a los Pobres. Por su parte, el Sr. Vicente acepta a aquella mujer ansiosa e inquieta y se dispone a ayudarla a liberarse de su angustia y a recobrar la paz en Dios.<\/p>\n<p>Luisa de Marillac se ha trasladado a vivir cerca del Colegio de \u00abBons Enfants\u00bb, re\u00adsidencia del Sr. Vicente. A principios del a\u00f1o 1626, se decidi\u00f3 a dejar su palacete de la calle Courteau Villain para fijar su residencia en la calle Saint Victor, feligres\u00eda de San Nicol\u00e1s \u00abdu Chardonnet\u00bb. Indudablemente, su decisi\u00f3n ha obedecido a motivos econ\u00f3micos despu\u00e9s del fallecimiento de su marido. Sin cambiar de calle, Luisa cam\u00adbiar\u00e1 varias veces de vivienda. De su correspondencia se desprende que vivi\u00f3 en una casa del Sr. Veron, despu\u00e9s en una del Sr. Guerin, luego, en otra del Sr. Veron.<\/p>\n<p>Los primeros encuentros con la Srta. Le G ras parecen confirmar al Sr. Vicente en sus vacilaciones y reticencias. Ya en la primera carta de 1626, se ve a Luisa m\u00e1s bien exigente con su Director; le escribe mucho. El Sr. Vicente no puede contestar a todas sus cartas, lo que preocupa a la Srta., quien, adem\u00e1s, se inquieta tan pronto como su Director sale de Par\u00eds para cualquier misi\u00f3n en el campo. \u00bfQu\u00e9 va a ser de ella? El Sr. Vicente hace lo posible por tranquilizarla:<\/p>\n<p style=\"padding-left: 30px\"><em>\u00abNuestro Sse\u00f1or&#8230; mismo desempe\u00f1ar\u00e1 el oficio de director; ciertamente <\/em><em>que lo har\u00e1 y de forma que le permitir\u00e1 a usted ver que se trata de El mis\u00ad<\/em><em>mo\u00bb.<\/em><\/p>\n<p>El tono y estilo de las primeras cartas es muy ceremonioso, bastante complicado. Las expresiones que ahora podr\u00edan parecer muestras de amistad y de afecto respon\u00adden m\u00e1s bien al lenguaje del ambiente mundano del siglo XVII. Luisa de Marillac es\u00adcribe al Sr. Vicente:<\/p>\n<p style=\"padding-left: 30px\"><em>\u00abEspero me perdonar\u00e1 usted la libertad que me tomo de manifestarle la im\u00ad<\/em><em>paciencia de mi esp\u00edritu, tanto por su larga ausencia pasada como por el te\u00ad<\/em><em>mor del porvenir y por no saber el lugar a donde se dirigir\u00e1 usted despu\u00e9s <\/em><em>de aquel en que se encuentra\u00bb<\/em>.<\/p>\n<p>El Sr. Vicente le responde en el mismo tono:<\/p>\n<p style=\"padding-left: 30px\"><em>\u00abPerdone a mi coraz\u00f3n que no se explaye un poco m\u00e1s en la presente\u00bb. \u00abH\u00e1game el favor de convencer a su coraz\u00f3n de que si de veras se dedica a honrar la serenidad de Nuestro Se\u00f1or en su Amor, no dejar\u00e1 de serle agra\u00addable\u00bb.<\/em><\/p>\n<p>A trav\u00e9s de las entrevistas y de las cartas cada vez m\u00e1s frecuentes, el Sr. Vicente y la Srta. Le Gras aprenden a conocerse mejor, a descubrir lo que les aproxima y lo que les diferencia.<\/p>\n<p>El Sr. Vicente descubre la huella que ha dejado la dureza de la vida <em>en <\/em>la mujer supersensible y dolorida que es la Srta. Le Gras; se hace cargo de su sufrimiento y con paciencia la ayuda a asumirlo. Un d\u00eda de fuerte tormenta en Par\u00eds, escribe a su di\u00adrigida:<\/p>\n<p style=\"padding-left: 30px\"><em>\u00abPero no crea que est\u00e1 todo perdido por esas peque\u00f1as rebeld\u00edas que siente <\/em><em>en su interior. Ha llovido con intensidad y truena espantosamente: \u00bfEs aca\u00ad<\/em><em>so el tiempo menos bueno por ello? Aunque las l\u00e1grimas de tristeza inun\u00ad<\/em><em>den su coraz\u00f3n y el demonio truene cuanto le plazca, est\u00e9 segura, querida <\/em><em>hija, que no por ello es usted menos querida de Nuestro Se\u00f1or. Viva, pues, contenta en su amor&#8230;\u00bb.<\/em><\/p>\n<p>En esta \u00e9poca, \u00abel peque\u00f1o\u00bb tiene ya 15 a\u00f1os y est\u00e1 interno en el Seminario de San Nicol\u00e1s \u00abdu Chardonet\u00bb, que dirige el Sr. Bourdoise. El rendimiento de este ado\u00adlescente es muy irregular; adelanta con dificultad en sus estudios que deber\u00edan de\u00adsembocar en el sacerdocio. Su madre no hace m\u00e1s que preguntarse: \u00ab\u00bfC\u00f3mo va a lle\u00adgar al fin si no trabaja?\u00bb.<\/p>\n<p>Pronto se da cuenta el Sr. Vicente de la gran tensi\u00f3n que hay en lo \u00edntimo del co\u00adraz\u00f3n de la Srta. Le G ras por conocer y cumplir la Voluntad de Dios. Y en este sentido est\u00e1 completamente de acuerdo con ella. Pero si Luisa de Marillac es viva, r\u00e1pida, tie\u00adne prisa, el Sr. Vicente sabe tomarse el tiempo necesario. No hay que adelantarse, saltarse el ritmo de la Providencia. El Sr. Vicente espera los acontecimientos, signos de Dios.<\/p>\n<\/div>\n<div>\n<p>La Srta. Le Gras expresa sus inquietudes:<\/p>\n<\/div>\n<p>En sus numerosas cartas, el Sr. Vicente trata de alentarla orientando su mirada hacia el Hijo de Dios.<\/p>\n<p style=\"padding-left: 30px\"><em>\u00abProcure vivir contenta en medio de sus motivos de descontento y honre <\/em><em>siempre el \u00abno-hacer\u00bb y el estado desconocido del Hijo de Dios\u00bb. <\/em><em>\u00abHonre&#8230; la pena que la Sant\u00edsima Virgen pas\u00f3 al ver sufrir a su Hijo, y a\u00f1ada a ese honor el de la aceptaci\u00f3n del Padre Eterno en la contemplaci\u00f3n de <\/em><em>los sufrimientos de su Hijo Unig\u00e9nito; espero que El le har\u00e1 ver y conocer c\u00f3mo ha de agradecer a su divina Majestad el que la honre con la uni\u00f3n de <\/em><em>sus sufrimientos a los de El\u00bb<\/em>.<\/p>\n<p>La angustia de Luisa de Marillac va unida en gran parte a la inquietud que le cau\u00adsa el porvenir de su hijo. De cada dos cartas una (esto es as\u00ed hasta la fundaci\u00f3n de la Compa\u00f1\u00eda) habla de Miguel. Desde un primer momento, el Sr. Vicente se ha visto atra\u00eddo por este muchacho. Quiz\u00e1 le ha dado l\u00e1stima verlo hu\u00e9rfano con la \u00fanica com\u00adpa\u00f1\u00eda de su madre tan angustiada. Si la expresi\u00f3n de Luisa, en sus cartas, es \u00abmi se\u00ad\u00f1or hijo\u00bb, Vicente en cambio, durante varios a\u00f1os, hablar\u00e1 con t\u00e9rminos m\u00e1s afectuo\u00adsos. Para \u00e9l, Miguel es \u00abel peque\u00f1o\u00bb.<\/p>\n<p>La Srta. Le Gras pide con frecuencia consejo al Sr. Vicente con relaci\u00f3n a su hijo.<\/p>\n<p style=\"padding-left: 30px\"><em>\u00abEl motivo principal <\/em>(de mi carta que ha debido de perderse) <em>era pedirle <\/em><em>consejo acerca de mi hijo&#8230;\u00bb.<\/em><\/p>\n<p>El Sr. Vicente la tranquiliza y modera la inquietud exagerada de su coraz\u00f3n ma\u00adternal. En 1628 escribe:<\/p>\n<p style=\"padding-left: 30px\"><em>\u00abAlabo a Dios por haberla librado del excesivo apego que ten\u00eda al peque\u00f1o y <\/em><em>de haberla hecho entrar en raz\u00f3n\u00bb.<\/em><\/p>\n<p style=\"padding-left: 30px\"><em>\u00abHe deseado mucho estos d\u00edas pasados que se acordara usted de ofrecerme <\/em><em>a Dios y le pidiera la gracia de que su santa Voluntad se cumpla en m\u00ed no obstante las oposiciones de mi miseria\u00bb.<\/em><\/p>\n<p>El Sr. Vicente que conoce la riqueza de la vida espiritual de su dirigida, la solidez de su amor a Dios, la invita sencillamente a seguir buscando esa Voluntad de Dios, pero con alegr\u00eda y confianza.<\/p>\n<p style=\"padding-left: 30px\"><em>\u00abCons\u00e9rvese alegre y en disposici\u00f3n de querer todo lo que Dios quie\u00ad<\/em><em>ra\u00bb.<\/em><\/p>\n<p style=\"padding-left: 30px\"><em>\u00ab\u00a1Dios m\u00edo! hija m\u00eda, \u00a1cu\u00e1ntos tesoros ocultos hay en la Santa Providencia, y <\/em><em>c\u00f3mo honran a esa divina Providencia los que la siguen y no se adelantan a <\/em><em>ella!<\/em><\/p>\n<p>Por su parte, Luisa de Marillac, en su relaci\u00f3n frecuente con su director, descubre r\u00e1pidamente la actividad que \u00e9ste lleva a cabo en favor de los pobres, la existencia de las Cofrad\u00edas de la Caridad, y de modo natural participa en esa actividad, junto con su prima la Srta. Du Fay. Ya el 5 de junio de 1 627, escribe al Sr. Vicente:<\/p>\n<p style=\"padding-left: 30px\"><em>\u00abLa labor que su caridad me ha encargado est\u00e1 terminada; si los miembros <\/em><em>de Jes\u00fas la necesitan y es de su agrado, Padre, que se la env\u00ede, as\u00ed lo har\u00e9; <\/em><em>no he querido hacerlo sin que me lo ordenar\u00e1\u00bb<\/em>.<\/p>\n<p>El Sr. Vicente acude con mucha frecuencia a su colaboraci\u00f3n para pedirle ropas que luego mandar\u00e1 a las diferentes Cofrad\u00edas para que se las entreguen a los pobres. Pero no tarda mucho en pedirle otros servicios: visitas a pobres en sus casas, recibir en la suya a muchachas que se hallan en peligro y a las que hay que buscar coloca\u00adci\u00f3n. El Sr. Vicente agradece la disponibilidad de Luisa de Marillac y aprecia la clari\u00addad de su juicio y su gran sentido de organizaci\u00f3n.<\/p>\n<p style=\"padding-left: 30px\"><em>\u00abSirvan estas pocas l\u00edneas para agradecerle el haber aceptado en su casa a esa buena joven y el env\u00edo de las 12 camisas&#8230;\u00bb<\/em>.<\/p>\n<p>Luisa va recobrando poco a poco confianza en ella misma, ayudada por Vicente que la sostiene y orienta. Este se apoya cada vez m\u00e1s en ella hasta el punto de con\u00advertirla en su colaboradora para todo el trabajo de las Cofrad\u00edas de la Caridad.<\/p>\n","protected":false},"excerpt":{"rendered":"<p>Los a\u00f1os de viudez Al quedarse viuda, Luisa de Marillac se siente desamparada. \u00bfQu\u00e9 va a ser de ella, sola con su hijo? \u00bfQui\u00e9n va a ayudarle a guiar su barca en medio de la &#8230; <a href=\"https:\/\/vincentians.com\/es\/luisa-de-marillac-03\/\" class=\"more-link\">Read More<\/a><\/p>\n","protected":false},"author":4,"featured_media":144174,"comment_status":"open","ping_status":"open","sticky":false,"template":"","format":"standard","meta":{"jetpack_post_was_ever_published":false,"_jetpack_newsletter_access":"","_jetpack_dont_email_post_to_subs":false,"_jetpack_newsletter_tier_id":0,"_jetpack_memberships_contains_paywalled_content":false,"_jetpack_memberships_contains_paid_content":false,"footnotes":"","jetpack_publicize_message":"","jetpack_publicize_feature_enabled":true,"jetpack_social_post_already_shared":true,"jetpack_social_options":{"image_generator_settings":{"template":"highway","default_image_id":0,"font":"","enabled":false},"version":2}},"categories":[18],"tags":[163,123,119,120],"class_list":["post-55733","post","type-post","status-publish","format-standard","has-post-thumbnail","hentry","category-luisa-de-marillac","tag-bons-enfants","tag-du-fay","tag-gondi","tag-senora-de-gondi"],"yoast_head":"<!-- This site is optimized with the Yoast SEO plugin v26.3 - https:\/\/yoast.com\/wordpress\/plugins\/seo\/ -->\n<title>Luisa de Marillac (03) - Somos Vicencianos<\/title>\n<meta name=\"robots\" content=\"index, follow, max-snippet:-1, max-image-preview:large, max-video-preview:-1\" \/>\n<link rel=\"canonical\" href=\"https:\/\/vincentians.com\/es\/luisa-de-marillac-03\/\" \/>\n<meta property=\"og:locale\" content=\"es_ES\" \/>\n<meta property=\"og:type\" content=\"article\" \/>\n<meta property=\"og:title\" content=\"Luisa de Marillac (03) - Somos Vicencianos\" \/>\n<meta property=\"og:description\" content=\"Los a\u00f1os de viudez Al quedarse viuda, Luisa de Marillac se siente desamparada. \u00bfQu\u00e9 va a ser de ella, sola con su hijo? \u00bfQui\u00e9n va a ayudarle a guiar su barca en medio de la ... Read More\" \/>\n<meta property=\"og:url\" content=\"https:\/\/vincentians.com\/es\/luisa-de-marillac-03\/\" \/>\n<meta property=\"og:site_name\" content=\"Somos Vicencianos\" \/>\n<meta property=\"article:publisher\" content=\"https:\/\/www.facebook.com\/WeAreVincentians\/\" \/>\n<meta property=\"article:author\" content=\"https:\/\/www.facebook.com\/JavierChento\" \/>\n<meta property=\"article:published_time\" content=\"2015-05-03T03:03:09+00:00\" \/>\n<meta property=\"article:modified_time\" content=\"2016-07-26T15:27:14+00:00\" \/>\n<meta name=\"author\" content=\"Francisco Javier Fern\u00e1ndez Chento\" \/>\n<meta name=\"twitter:card\" content=\"summary_large_image\" \/>\n<meta name=\"twitter:creator\" content=\"@https:\/\/twitter.com\/javierchento\" \/>\n<meta name=\"twitter:site\" content=\"@WeVincentians\" \/>\n<meta name=\"twitter:label1\" content=\"Escrito por\" \/>\n\t<meta name=\"twitter:data1\" content=\"Francisco Javier Fern\u00e1ndez Chento\" \/>\n\t<meta name=\"twitter:label2\" content=\"Tiempo de lectura\" \/>\n\t<meta name=\"twitter:data2\" content=\"13 minutos\" \/>\n<script type=\"application\/ld+json\" class=\"yoast-schema-graph\">{\"@context\":\"https:\/\/schema.org\",\"@graph\":[{\"@type\":\"Article\",\"@id\":\"https:\/\/vincentians.com\/es\/luisa-de-marillac-03\/#article\",\"isPartOf\":{\"@id\":\"https:\/\/vincentians.com\/es\/luisa-de-marillac-03\/\"},\"author\":{\"name\":\"Francisco Javier Fern\u00e1ndez Chento\",\"@id\":\"http:\/\/vincentians.com\/es\/#\/schema\/person\/9623ef4d9aa3b2dfb8c061f1499288f2\"},\"headline\":\"Luisa de Marillac (03)\",\"datePublished\":\"2015-05-03T03:03:09+00:00\",\"dateModified\":\"2016-07-26T15:27:14+00:00\",\"mainEntityOfPage\":{\"@id\":\"https:\/\/vincentians.com\/es\/luisa-de-marillac-03\/\"},\"wordCount\":2654,\"commentCount\":0,\"publisher\":{\"@id\":\"http:\/\/vincentians.com\/es\/#organization\"},\"image\":{\"@id\":\"https:\/\/vincentians.com\/es\/luisa-de-marillac-03\/#primaryimage\"},\"thumbnailUrl\":\"\",\"keywords\":[\"Bons Enfants\",\"Du Fay\",\"Gondi\",\"Se\u00f1ora de Gondi\"],\"articleSection\":[\"Luisa de Marillac\"],\"inLanguage\":\"es\",\"potentialAction\":[{\"@type\":\"CommentAction\",\"name\":\"Comment\",\"target\":[\"https:\/\/vincentians.com\/es\/luisa-de-marillac-03\/#respond\"]}]},{\"@type\":\"WebPage\",\"@id\":\"https:\/\/vincentians.com\/es\/luisa-de-marillac-03\/\",\"url\":\"https:\/\/vincentians.com\/es\/luisa-de-marillac-03\/\",\"name\":\"Luisa de Marillac (03) - Somos Vicencianos\",\"isPartOf\":{\"@id\":\"http:\/\/vincentians.com\/es\/#website\"},\"primaryImageOfPage\":{\"@id\":\"https:\/\/vincentians.com\/es\/luisa-de-marillac-03\/#primaryimage\"},\"image\":{\"@id\":\"https:\/\/vincentians.com\/es\/luisa-de-marillac-03\/#primaryimage\"},\"thumbnailUrl\":\"\",\"datePublished\":\"2015-05-03T03:03:09+00:00\",\"dateModified\":\"2016-07-26T15:27:14+00:00\",\"breadcrumb\":{\"@id\":\"https:\/\/vincentians.com\/es\/luisa-de-marillac-03\/#breadcrumb\"},\"inLanguage\":\"es\",\"potentialAction\":[{\"@type\":\"ReadAction\",\"target\":[\"https:\/\/vincentians.com\/es\/luisa-de-marillac-03\/\"]}]},{\"@type\":\"ImageObject\",\"inLanguage\":\"es\",\"@id\":\"https:\/\/vincentians.com\/es\/luisa-de-marillac-03\/#primaryimage\",\"url\":\"\",\"contentUrl\":\"\"},{\"@type\":\"BreadcrumbList\",\"@id\":\"https:\/\/vincentians.com\/es\/luisa-de-marillac-03\/#breadcrumb\",\"itemListElement\":[{\"@type\":\"ListItem\",\"position\":1,\"name\":\"Portada\",\"item\":\"http:\/\/vincentians.com\/es\/\"},{\"@type\":\"ListItem\",\"position\":2,\"name\":\"Luisa de Marillac (03)\"}]},{\"@type\":\"WebSite\",\"@id\":\"http:\/\/vincentians.com\/es\/#website\",\"url\":\"http:\/\/vincentians.com\/es\/\",\"name\":\"Somos Vicencianos\",\"description\":\"Know more to serve more\",\"publisher\":{\"@id\":\"http:\/\/vincentians.com\/es\/#organization\"},\"potentialAction\":[{\"@type\":\"SearchAction\",\"target\":{\"@type\":\"EntryPoint\",\"urlTemplate\":\"http:\/\/vincentians.com\/es\/?s={search_term_string}\"},\"query-input\":{\"@type\":\"PropertyValueSpecification\",\"valueRequired\":true,\"valueName\":\"search_term_string\"}}],\"inLanguage\":\"es\"},{\"@type\":\"Organization\",\"@id\":\"http:\/\/vincentians.com\/es\/#organization\",\"name\":\"The Vincentian Network\",\"url\":\"http:\/\/vincentians.com\/es\/\",\"logo\":{\"@type\":\"ImageObject\",\"inLanguage\":\"es\",\"@id\":\"http:\/\/vincentians.com\/es\/#\/schema\/logo\/image\/\",\"url\":\"https:\/\/i1.wp.com\/vincentians.com\/es\/wp-content\/uploads\/sites\/11\/2016\/06\/Vincentian-Network-logo-big.png?fit=778%2C778\",\"contentUrl\":\"https:\/\/i1.wp.com\/vincentians.com\/es\/wp-content\/uploads\/sites\/11\/2016\/06\/Vincentian-Network-logo-big.png?fit=778%2C778\",\"width\":778,\"height\":778,\"caption\":\"The Vincentian Network\"},\"image\":{\"@id\":\"http:\/\/vincentians.com\/es\/#\/schema\/logo\/image\/\"},\"sameAs\":[\"https:\/\/www.facebook.com\/WeAreVincentians\/\",\"https:\/\/x.com\/WeVincentians\"]},{\"@type\":\"Person\",\"@id\":\"http:\/\/vincentians.com\/es\/#\/schema\/person\/9623ef4d9aa3b2dfb8c061f1499288f2\",\"name\":\"Francisco Javier Fern\u00e1ndez Chento\",\"image\":{\"@type\":\"ImageObject\",\"inLanguage\":\"es\",\"@id\":\"http:\/\/vincentians.com\/es\/#\/schema\/person\/image\/\",\"url\":\"https:\/\/secure.gravatar.com\/avatar\/497d5cde87b4c3d097d0315953521681ba2cd523ee66e5077c3711f7021e65de?s=96&d=mm&r=g\",\"contentUrl\":\"https:\/\/secure.gravatar.com\/avatar\/497d5cde87b4c3d097d0315953521681ba2cd523ee66e5077c3711f7021e65de?s=96&d=mm&r=g\",\"caption\":\"Francisco Javier Fern\u00e1ndez Chento\"},\"description\":\"Director General y cofundador de La Red de Formaci\u00f3n Vicenciana. Javier es laico vicenciano, afiliado a la Congregaci\u00f3n de la Misi\u00f3n y miembro del Equipo de Misiones Populares de la provincia can\u00f3nica de Zaragoza (Espa\u00f1a) de la Congregaci\u00f3n de la Misi\u00f3n. Graduado en la Universidad Oberta de Catalunya con cuatro grados (Asistente de direcci\u00f3n, Gesti\u00f3n Administrativa, Recursos Humanos y Contabilidad Avanzada). Bil\u00edng\u00fce Espa\u00f1ol\/Ingl\u00e9s. gestiona y mantiene varias p\u00e1ginas web cristianas y vicencianas, incluida including La Red de Formaci\u00f3n Vicenciana, de la que es cofundador. Actualmente es responsable del \u00e1rea de Espa\u00f1ol de .famvin, la Red de Noticias de la Familia Vicenciana. Tambi\u00e9n es m\u00fasico cat\u00f3lico y ha editado varios discos. Es Director General y cofundador de Trovador, una reconocida compa\u00f1\u00eda discogr\u00e1fica critiana de Espa\u00f1a. Trabaja en las Tecnolog\u00edas de la Informaci\u00f3n, ofreciendo servicios de alojamiento, dise\u00f1o y mantenimiento Web, as\u00ed como asesoramiento, formaci\u00f3n y soluciones inform\u00e1ticas, gesti\u00f3n documental y digitalizaci\u00f3n de textos, edici\u00f3n y maquetaci\u00f3n de libros, revistas, flyers, etc.\",\"sameAs\":[\"http:\/\/chento.org\",\"https:\/\/www.facebook.com\/JavierChento\",\"https:\/\/x.com\/https:\/\/twitter.com\/javierchento\"],\"url\":\"https:\/\/vincentians.com\/es\/author\/chento\/\"}]}<\/script>\n<!-- \/ Yoast SEO plugin. -->","yoast_head_json":{"title":"Luisa de Marillac (03) - Somos Vicencianos","robots":{"index":"index","follow":"follow","max-snippet":"max-snippet:-1","max-image-preview":"max-image-preview:large","max-video-preview":"max-video-preview:-1"},"canonical":"https:\/\/vincentians.com\/es\/luisa-de-marillac-03\/","og_locale":"es_ES","og_type":"article","og_title":"Luisa de Marillac (03) - Somos Vicencianos","og_description":"Los a\u00f1os de viudez Al quedarse viuda, Luisa de Marillac se siente desamparada. \u00bfQu\u00e9 va a ser de ella, sola con su hijo? \u00bfQui\u00e9n va a ayudarle a guiar su barca en medio de la ... Read More","og_url":"https:\/\/vincentians.com\/es\/luisa-de-marillac-03\/","og_site_name":"Somos Vicencianos","article_publisher":"https:\/\/www.facebook.com\/WeAreVincentians\/","article_author":"https:\/\/www.facebook.com\/JavierChento","article_published_time":"2015-05-03T03:03:09+00:00","article_modified_time":"2016-07-26T15:27:14+00:00","author":"Francisco Javier Fern\u00e1ndez Chento","twitter_card":"summary_large_image","twitter_creator":"@https:\/\/twitter.com\/javierchento","twitter_site":"@WeVincentians","twitter_misc":{"Escrito por":"Francisco Javier Fern\u00e1ndez Chento","Tiempo de lectura":"13 minutos"},"schema":{"@context":"https:\/\/schema.org","@graph":[{"@type":"Article","@id":"https:\/\/vincentians.com\/es\/luisa-de-marillac-03\/#article","isPartOf":{"@id":"https:\/\/vincentians.com\/es\/luisa-de-marillac-03\/"},"author":{"name":"Francisco Javier Fern\u00e1ndez Chento","@id":"http:\/\/vincentians.com\/es\/#\/schema\/person\/9623ef4d9aa3b2dfb8c061f1499288f2"},"headline":"Luisa de Marillac (03)","datePublished":"2015-05-03T03:03:09+00:00","dateModified":"2016-07-26T15:27:14+00:00","mainEntityOfPage":{"@id":"https:\/\/vincentians.com\/es\/luisa-de-marillac-03\/"},"wordCount":2654,"commentCount":0,"publisher":{"@id":"http:\/\/vincentians.com\/es\/#organization"},"image":{"@id":"https:\/\/vincentians.com\/es\/luisa-de-marillac-03\/#primaryimage"},"thumbnailUrl":"","keywords":["Bons Enfants","Du Fay","Gondi","Se\u00f1ora de Gondi"],"articleSection":["Luisa de Marillac"],"inLanguage":"es","potentialAction":[{"@type":"CommentAction","name":"Comment","target":["https:\/\/vincentians.com\/es\/luisa-de-marillac-03\/#respond"]}]},{"@type":"WebPage","@id":"https:\/\/vincentians.com\/es\/luisa-de-marillac-03\/","url":"https:\/\/vincentians.com\/es\/luisa-de-marillac-03\/","name":"Luisa de Marillac (03) - Somos Vicencianos","isPartOf":{"@id":"http:\/\/vincentians.com\/es\/#website"},"primaryImageOfPage":{"@id":"https:\/\/vincentians.com\/es\/luisa-de-marillac-03\/#primaryimage"},"image":{"@id":"https:\/\/vincentians.com\/es\/luisa-de-marillac-03\/#primaryimage"},"thumbnailUrl":"","datePublished":"2015-05-03T03:03:09+00:00","dateModified":"2016-07-26T15:27:14+00:00","breadcrumb":{"@id":"https:\/\/vincentians.com\/es\/luisa-de-marillac-03\/#breadcrumb"},"inLanguage":"es","potentialAction":[{"@type":"ReadAction","target":["https:\/\/vincentians.com\/es\/luisa-de-marillac-03\/"]}]},{"@type":"ImageObject","inLanguage":"es","@id":"https:\/\/vincentians.com\/es\/luisa-de-marillac-03\/#primaryimage","url":"","contentUrl":""},{"@type":"BreadcrumbList","@id":"https:\/\/vincentians.com\/es\/luisa-de-marillac-03\/#breadcrumb","itemListElement":[{"@type":"ListItem","position":1,"name":"Portada","item":"http:\/\/vincentians.com\/es\/"},{"@type":"ListItem","position":2,"name":"Luisa de Marillac (03)"}]},{"@type":"WebSite","@id":"http:\/\/vincentians.com\/es\/#website","url":"http:\/\/vincentians.com\/es\/","name":"Somos Vicencianos","description":"Know more to serve more","publisher":{"@id":"http:\/\/vincentians.com\/es\/#organization"},"potentialAction":[{"@type":"SearchAction","target":{"@type":"EntryPoint","urlTemplate":"http:\/\/vincentians.com\/es\/?s={search_term_string}"},"query-input":{"@type":"PropertyValueSpecification","valueRequired":true,"valueName":"search_term_string"}}],"inLanguage":"es"},{"@type":"Organization","@id":"http:\/\/vincentians.com\/es\/#organization","name":"The Vincentian Network","url":"http:\/\/vincentians.com\/es\/","logo":{"@type":"ImageObject","inLanguage":"es","@id":"http:\/\/vincentians.com\/es\/#\/schema\/logo\/image\/","url":"https:\/\/i1.wp.com\/vincentians.com\/es\/wp-content\/uploads\/sites\/11\/2016\/06\/Vincentian-Network-logo-big.png?fit=778%2C778","contentUrl":"https:\/\/i1.wp.com\/vincentians.com\/es\/wp-content\/uploads\/sites\/11\/2016\/06\/Vincentian-Network-logo-big.png?fit=778%2C778","width":778,"height":778,"caption":"The Vincentian Network"},"image":{"@id":"http:\/\/vincentians.com\/es\/#\/schema\/logo\/image\/"},"sameAs":["https:\/\/www.facebook.com\/WeAreVincentians\/","https:\/\/x.com\/WeVincentians"]},{"@type":"Person","@id":"http:\/\/vincentians.com\/es\/#\/schema\/person\/9623ef4d9aa3b2dfb8c061f1499288f2","name":"Francisco Javier Fern\u00e1ndez Chento","image":{"@type":"ImageObject","inLanguage":"es","@id":"http:\/\/vincentians.com\/es\/#\/schema\/person\/image\/","url":"https:\/\/secure.gravatar.com\/avatar\/497d5cde87b4c3d097d0315953521681ba2cd523ee66e5077c3711f7021e65de?s=96&d=mm&r=g","contentUrl":"https:\/\/secure.gravatar.com\/avatar\/497d5cde87b4c3d097d0315953521681ba2cd523ee66e5077c3711f7021e65de?s=96&d=mm&r=g","caption":"Francisco Javier Fern\u00e1ndez Chento"},"description":"Director General y cofundador de La Red de Formaci\u00f3n Vicenciana. Javier es laico vicenciano, afiliado a la Congregaci\u00f3n de la Misi\u00f3n y miembro del Equipo de Misiones Populares de la provincia can\u00f3nica de Zaragoza (Espa\u00f1a) de la Congregaci\u00f3n de la Misi\u00f3n. Graduado en la Universidad Oberta de Catalunya con cuatro grados (Asistente de direcci\u00f3n, Gesti\u00f3n Administrativa, Recursos Humanos y Contabilidad Avanzada). Bil\u00edng\u00fce Espa\u00f1ol\/Ingl\u00e9s. gestiona y mantiene varias p\u00e1ginas web cristianas y vicencianas, incluida including La Red de Formaci\u00f3n Vicenciana, de la que es cofundador. Actualmente es responsable del \u00e1rea de Espa\u00f1ol de .famvin, la Red de Noticias de la Familia Vicenciana. Tambi\u00e9n es m\u00fasico cat\u00f3lico y ha editado varios discos. Es Director General y cofundador de Trovador, una reconocida compa\u00f1\u00eda discogr\u00e1fica critiana de Espa\u00f1a. Trabaja en las Tecnolog\u00edas de la Informaci\u00f3n, ofreciendo servicios de alojamiento, dise\u00f1o y mantenimiento Web, as\u00ed como asesoramiento, formaci\u00f3n y soluciones inform\u00e1ticas, gesti\u00f3n documental y digitalizaci\u00f3n de textos, edici\u00f3n y maquetaci\u00f3n de libros, revistas, flyers, etc.","sameAs":["http:\/\/chento.org","https:\/\/www.facebook.com\/JavierChento","https:\/\/x.com\/https:\/\/twitter.com\/javierchento"],"url":"https:\/\/vincentians.com\/es\/author\/chento\/"}]}},"jetpack_publicize_connections":[],"jetpack_featured_media_url":"","jetpack_sharing_enabled":true,"jetpack_shortlink":"https:\/\/wp.me\/p7ETMF-euV","jetpack-related-posts":[{"id":124799,"url":"https:\/\/vincentians.com\/es\/vida-espiritual-de-la-senorita-le-gras\/","url_meta":{"origin":55733,"position":0},"title":"Vida espiritual de la se\u00f1orita Le Gras","author":"Francisco Javier Fern\u00e1ndez Chento","date":"29\/05\/2015","format":false,"excerpt":"Vida de casada \u00bfC\u00f3mo era la vida espiritual de la se\u00f1orita Le Gras durante los a\u00f1os de matrimonio? En los Archivos de las Hijas de la Caridad, en Par\u00eds, se encuentra una nota muy mal es\u00adcrita, describiendo la vida que llev\u00f3 en estos a\u00f1os. El H\u00b0 Ducourneau, secretario de Vi\u00adcente\u2026","rel":"","context":"En \u00abLuisa de Marillac\u00bb","block_context":{"text":"Luisa de Marillac","link":"https:\/\/vincentians.com\/es\/category\/la-familia-vicenciana\/fundadores\/luisa-de-marillac\/"},"img":{"alt_text":"","src":"","width":0,"height":0},"classes":[]},{"id":142001,"url":"https:\/\/vincentians.com\/es\/santa-lusa-vida-espiritual\/","url_meta":{"origin":55733,"position":1},"title":"Santa Luisa (Vida espiritual)","author":"Francisco Javier Fern\u00e1ndez Chento","date":"07\/04\/2015","format":false,"excerpt":"Vida de casada \u00bfC\u00f3mo era la vida espiritual de la se\u00f1orita Le Gras durante los a\u00f1os de matrimonio? En los Archivos de las Hijas de la Caridad, en Par\u00eds, se encuentra una nota muy mal es\u00adcrita, describiendo la vida que llev\u00f3 en estos a\u00f1os. El H\u00b0 Ducourneau, secretario de Vi\u00adcente\u2026","rel":"","context":"En \u00abLuisa de Marillac\u00bb","block_context":{"text":"Luisa de Marillac","link":"https:\/\/vincentians.com\/es\/category\/la-familia-vicenciana\/fundadores\/luisa-de-marillac\/"},"img":{"alt_text":"cartel","src":"https:\/\/i0.wp.com\/vicencianos.org\/wp-content\/2015\/03\/cartel.jpg?resize=350%2C200","width":350,"height":200},"classes":[]},{"id":130257,"url":"https:\/\/vincentians.com\/es\/un-perfil-heroico-santa-luisa-de-marillac-05\/","url_meta":{"origin":55733,"position":2},"title":"Un perfil heroico: santa Luisa de Marillac (05)","author":"Francisco Javier Fern\u00e1ndez Chento","date":"27\/02\/2015","format":false,"excerpt":"PARA que sepas d\u00f3nde est\u00e1 la vida y la luz de tus ojos, y la paz. (Baruc, III.) \"...se me asegur\u00f3 que deb\u00eda reposar en la idea de que Dios me dar\u00eda un director que me hiciera ver clara la situaci\u00f3n de mi alma; sin embargo, me parec\u00eda que este\u2026","rel":"","context":"En \u00abLuisa de Marillac\u00bb","block_context":{"text":"Luisa de Marillac","link":"https:\/\/vincentians.com\/es\/category\/la-familia-vicenciana\/fundadores\/luisa-de-marillac\/"},"img":{"alt_text":"OLYMPUS DIGITAL CAMERA","src":"https:\/\/i0.wp.com\/vicencianos.org\/wp-content\/2014\/04\/louise-marillac-300x248.jpg?resize=350%2C200","width":350,"height":200},"classes":[]},{"id":124753,"url":"https:\/\/vincentians.com\/es\/la-formacion-luisa-marillac\/","url_meta":{"origin":55733,"position":3},"title":"La formaci\u00f3n de Luisa de Marillac","author":"Francisco Javier Fern\u00e1ndez Chento","date":"17\/11\/2023","format":false,"excerpt":"Cuando leemos los escritos de Luisa, igual que a Gobillon, nos parecen \"tan s\u00f3lidos\" que quedamos admirados. La profundidad de sus pensamientos nos da la sensaci\u00f3n de le\u00ader a una mujer que sabe de filosof\u00eda y que conoce la teolog\u00eda y la espiritualidad. No nos extra\u00f1a que se iniciara en\u2026","rel":"","context":"En \u00abLuisa de Marillac\u00bb","block_context":{"text":"Luisa de Marillac","link":"https:\/\/vincentians.com\/es\/category\/la-familia-vicenciana\/fundadores\/luisa-de-marillac\/"},"img":{"alt_text":"","src":"https:\/\/i0.wp.com\/vincentians.com\/es\/wp-content\/uploads\/sites\/11\/2013\/04\/n-1.jpg?fit=823%2C564&ssl=1&resize=350%2C200","width":350,"height":200,"srcset":"https:\/\/i0.wp.com\/vincentians.com\/es\/wp-content\/uploads\/sites\/11\/2013\/04\/n-1.jpg?fit=823%2C564&ssl=1&resize=350%2C200 1x, https:\/\/i0.wp.com\/vincentians.com\/es\/wp-content\/uploads\/sites\/11\/2013\/04\/n-1.jpg?fit=823%2C564&ssl=1&resize=525%2C300 1.5x, https:\/\/i0.wp.com\/vincentians.com\/es\/wp-content\/uploads\/sites\/11\/2013\/04\/n-1.jpg?fit=823%2C564&ssl=1&resize=700%2C400 2x"},"classes":[]},{"id":130259,"url":"https:\/\/vincentians.com\/es\/un-perfil-heroico-santa-luisa-de-marillac-06\/","url_meta":{"origin":55733,"position":4},"title":"Un perfil heroico: santa Luisa de Marillac (06)","author":"Francisco Javier Fern\u00e1ndez Chento","date":"28\/02\/2015","format":false,"excerpt":"ESOS que est\u00e1n cubiertos de blancas vestiduras, \u00bfqui\u00e9nes son y de d\u00f3nde han venido? (Apocalipsis, VII.) VICENTE de Pa\u00fal ha sido uno de los mayores dones que la ca\u00adridad y la misericordiosa de Dios han concedido al mundo. Su santidad personal es tan atrayente, tan humana, tan digna de imitaci\u00f3n\u2026","rel":"","context":"En \u00abLuisa de Marillac\u00bb","block_context":{"text":"Luisa de Marillac","link":"https:\/\/vincentians.com\/es\/category\/la-familia-vicenciana\/fundadores\/luisa-de-marillac\/"},"img":{"alt_text":"OLYMPUS DIGITAL CAMERA","src":"https:\/\/i0.wp.com\/vicencianos.org\/wp-content\/2014\/04\/louise-marillac-300x248.jpg?resize=350%2C200","width":350,"height":200},"classes":[]},{"id":130265,"url":"https:\/\/vincentians.com\/es\/un-perfil-heroico-santa-luisa-de-marillac-09\/","url_meta":{"origin":55733,"position":5},"title":"Un perfil heroico: santa Luisa de Marillac (09)","author":"Francisco Javier Fern\u00e1ndez Chento","date":"03\/03\/2015","format":false,"excerpt":"EL Se\u00f1or echar\u00e1 la bendici\u00f3n sobre todas las obras de tus manos. (Deuteronomio, XXVIII.) LOS territorios que primero visit\u00f3 Santa Luisa en sus funcio\u00adnes de caridad fueron los establecidos en los dominios de la casa de Gondi, en Montmirail. En su porte distinguido podr\u00eda adivinarse algo de la belleza delicada\u2026","rel":"","context":"En \u00abLuisa de Marillac\u00bb","block_context":{"text":"Luisa de Marillac","link":"https:\/\/vincentians.com\/es\/category\/la-familia-vicenciana\/fundadores\/luisa-de-marillac\/"},"img":{"alt_text":"OLYMPUS DIGITAL CAMERA","src":"https:\/\/i0.wp.com\/vicencianos.org\/wp-content\/2014\/04\/louise-marillac-300x248.jpg?resize=350%2C200","width":350,"height":200},"classes":[]}],"_links":{"self":[{"href":"https:\/\/vincentians.com\/es\/wp-json\/wp\/v2\/posts\/55733","targetHints":{"allow":["GET"]}}],"collection":[{"href":"https:\/\/vincentians.com\/es\/wp-json\/wp\/v2\/posts"}],"about":[{"href":"https:\/\/vincentians.com\/es\/wp-json\/wp\/v2\/types\/post"}],"author":[{"embeddable":true,"href":"https:\/\/vincentians.com\/es\/wp-json\/wp\/v2\/users\/4"}],"replies":[{"embeddable":true,"href":"https:\/\/vincentians.com\/es\/wp-json\/wp\/v2\/comments?post=55733"}],"version-history":[{"count":0,"href":"https:\/\/vincentians.com\/es\/wp-json\/wp\/v2\/posts\/55733\/revisions"}],"wp:featuredmedia":[{"embeddable":true,"href":"https:\/\/vincentians.com\/es\/wp-json\/"}],"wp:attachment":[{"href":"https:\/\/vincentians.com\/es\/wp-json\/wp\/v2\/media?parent=55733"}],"wp:term":[{"taxonomy":"category","embeddable":true,"href":"https:\/\/vincentians.com\/es\/wp-json\/wp\/v2\/categories?post=55733"},{"taxonomy":"post_tag","embeddable":true,"href":"https:\/\/vincentians.com\/es\/wp-json\/wp\/v2\/tags?post=55733"}],"curies":[{"name":"wp","href":"https:\/\/api.w.org\/{rel}","templated":true}]}}