{"id":55214,"date":"2015-06-23T07:10:34","date_gmt":"2015-06-23T05:10:34","guid":{"rendered":"http:\/\/somos.vicencianos.org\/?p=55214"},"modified":"2015-06-23T07:10:34","modified_gmt":"2015-06-23T05:10:34","slug":"san-vicente-de-paul-maestro-de-oracion-09","status":"publish","type":"post","link":"https:\/\/vincentians.com\/es\/san-vicente-de-paul-maestro-de-oracion-09\/","title":{"rendered":"San Vicente de Pa\u00fal, maestro de oraci\u00f3n (09)"},"content":{"rendered":"<h2><strong>Cap\u00edtulo IX: Parte e importancia de los sentimientos sobrenaturales en la oraci\u00f3n<\/strong><\/h2>\n<p><a href=\"https:\/\/i0.wp.com\/vicencianos.org\/wp-content\/2015\/06\/vincent-Croatia-Zagreb-2.jpg\"><img data-recalc-dims=\"1\" loading=\"lazy\" decoding=\"async\" class=\"alignright size-medium wp-image-176057\" src=\"https:\/\/i0.wp.com\/vicencianos.org\/wp-content\/2015\/06\/vincent-Croatia-Zagreb-2-300x208.jpg?resize=300%2C208\" alt=\"vincent Croatia Zagreb 2\" width=\"300\" height=\"208\" \/><\/a>San Vicente hace, en la oraci\u00f3n, una parte muy amplia al sentimiento o, para decirlo mejor,\u00a0 a la vida afectiva. Sin\u00a0 ella -piensa \u00e9l- nada importante\u00a0 ni en el bien ni en el mal. Si la luz nos es necesaria para vivir, el calor no nos es menos indispensable, y hasta, en el orden moral, para ser brillante y duradero, la luz exige el calor.<\/p>\n<p>Seg\u00fan san Doroteo, los antiguos Padres ten\u00edan\u00a0 por una m\u00e1xima constante que lo que el esp\u00edritu no alcanza con alegr\u00eda no podr\u00eda ser de larga duraci\u00f3n. Si el sentimiento en las almas escogidas tiende a jugar un papel\u00a0 cada vez m\u00e1s d\u00e9bil y a desaparecer\u00a0 ante el amor de la voluntad, no es menos verdad que ocupa un lugar considerable al principio de toda vida espiritual,\u00a0 y a menudo en lo sucesivo.\u00a0 San Juan de la Cruz lo reconoce en estos t\u00e9rminos: \u00abUna vez que el alma ha tomado una firme resoluci\u00f3n de servir a Dios, el Se\u00f1or acostumbra a dirigirla trat\u00e1ndola como una tierna madre que alimenta a su hijo. Esta madre calienta a su hijo en su coraz\u00f3n, le da una leche bien dulce, un alimento delicado, lo lleva en sus brazos, en fin le colma de caricias y dulces. Pero a medida que crece le va quitando\u00a0 todas estas alegr\u00edas\u00bb.<\/p>\n<p>Cu\u00e1ntas palabras y escritos del buen Sr. Vicente recuerdan este texto.\u00a0 El gozo de Dios de vernos en oraci\u00f3n est\u00e1 dibujada all\u00ed bajo colores tal vez a\u00fan m\u00e1s impresionantes.<\/p>\n<p>Dando la importancia debida a la vida afectiva, Vicente est\u00e1 de acuerdo con la psicolog\u00eda contempor\u00e1nea y con las diversas escuelas de terap\u00e9utica. Varios siglos antes de Ribot, Blondel, William\u00a0 James y tantos otros fil\u00f3sofos, ha comprendido, como san Agust\u00edn y san Ignacio de Loyola,\u00a0 que la idea pura no lleva a la acci\u00f3n, y que una imagen o una idea, para ejercer sobre nosotros una influencia determinante, debe imponerse al sentimiento. En esta condici\u00f3n solamente, de puramente representativa, se convierte en motriz. Regla general, actuamos o reaccionamos en la medida en que sentimos. Sin pasi\u00f3n, nada y poca iniciativa. C\u00f3mo podr\u00eda ser de otra forma puesto que el principio que preside la actividad humana bajo todas sus formas es el deseo de la felicidad, deseo fatal, universal, que comienza y se acaba con la vida. Esta sed de felicidad, que nada de aqu\u00ed abajo puede satisfacer es lo que me hace querer todas las veces que quiero y cualquiera que sea el objeto de mis voliciones sucesivas. Mejor que eso, ella es el fondo mismo de mi voluntad. De ah\u00ed, esta voluntad se funde en el sentimiento para formar esta facultad que tan felizmente llamada por los Escol\u00e1sticos <em>l\u2019app\u00e9tit intellectuel,<\/em> que es a la vez tendencia sentida y fr\u00eda determinaci\u00f3n, amor y fuerza.<\/p>\n<p>Bajo el imperio de esta convicci\u00f3n, Vicente recurre a menudo a los recursos de la vida afectiva. Su t\u00e1ctica es por otra parte la de la Providencia que nos atrae hacia la perfecci\u00f3n por el regalo de las <em>dulzuras sensibles. <\/em>Como lo advierte Sandreau-4, \u00abestos consuelos espirituales que los te\u00f3logos comprenden bajo el nombre de devoci\u00f3n accidental, suponen, como las emociones est\u00e9ticas, la acci\u00f3n de las facultades espirituales, pero la parte que en ello juegan las facultades sensibles es tan grande que, en el lenguaje ordinario, que se pasa en silencio el papel jugado por la inteligencia y la voluntad, y\u00a0 estos fen\u00f3menos se llaman las operaciones sensibles de la gracia. Tales son las emociones producidas por las representaciones imaginativas de las cosas santas\u00bb.<\/p>\n<p>El papel desempe\u00f1ado por la sensibilidad en la obra de nuestra santificaci\u00f3n hace de contrapeso en el papel m\u00e1s considerable que ella juega en nuestra perversi\u00f3n. De ordinario, nuestras pasiones malas, comprendido el orgullo, de todas la m\u00e1s intelectual, toman formas sensibles. Seg\u00fan la ense\u00f1anza de la Escritura, el hombre, al apartarse de Dios por el pecado para complacerse a s\u00ed mismo, disminuye su actividad de \u00e1ngel y de repente aumenta su actividad de bestia.<\/p>\n<p>El empleo de las im\u00e1genes preconizado por el Sr. Vicente tiene precisamente por fin de santificar el alma por mediaci\u00f3n de los sentidos exteriores. Adem\u00e1s, si le aconseja tener en mano las representaciones de los misterios y decirse al mirarlas: qu\u00e9 significa este gesto, esta actitud o este acto, es menos para obrar en el esp\u00edritu que en el coraz\u00f3n. Nadie dudar\u00e1 de ello despu\u00e9s de la lectura de las l\u00edneas siguiente: \u00abLa se\u00f1ora de Chantal tomaba una imagen de la Virgen y, fij\u00e1ndose en sus ojos, dec\u00eda: \u00a1\u2018Oh, amables ojos\u2018! Luego cuando su coraz\u00f3n se sent\u00eda as\u00ed inflamado de amor, rogaba a Dios que le diera la gracia de no ofenderlo con las miradas: \u00abSe\u00f1or, dadme esa modestia que ten\u00eda vuestra santa Madre\u00bb. A continuaci\u00f3n hac\u00eda la resoluci\u00f3n de guardar bien su vista y no dejar distraerse sus miradas en cosas vanas\u00bb.<\/p>\n<p>Otra prueba de la importancia que atribuye Vicente\u00a0 al lado afectivo de la oraci\u00f3n es su insistencia con sus dirigidos\u00a0 para que tomen sobre todo, como asunto de la meditaci\u00f3n, la vida de Jes\u00fas y principalmente sus sufrimientos y su muerte. Entonces, no hay nada tan conmovedor para cristianos como la Vida dolorosa y el Calvario. El Fundador de la Misi\u00f3n y de las Hijas de la Caridad, en sus conferencias, charlas y repeticiones de oraci\u00f3n, hace lo imposible para colocar a Jes\u00fas a la vista de sus oyentes, para ponerlos en condiciones de seguir a trav\u00e9s de las fases de su existencia terrestre, de escuchar sus palabras, de echarse a sus pies, de oprimir sus manos en las de ellos, de besar el rastro sangriento de sus pasos, y no se tendr\u00eda el convencimiento de que da al sentimiento un papel destacado!<\/p>\n<p>Si este orador habla as\u00ed, es evidente para preparar a sus hijas e hijos espirituales para meditar amorosamente sobre estos misterios.<\/p>\n<p>\u00bfNo es acaso tambi\u00e9n un fin de orden afectivo el que persigue el santo queriendo que se haga, en el transcurso de la oraci\u00f3n, un regreso sobre s\u00ed mismo, que se traigan al recuerdo las gracias recibidas y las faltas cometidas desde su edad joven? El fin de este examen de conciencia y de esta referencia al pasado lejano no puede ser otro que el de abrir el coraz\u00f3n al arrepentimiento y al agradecimiento, en una palabra al amor sobrenatural. \u00bfQui\u00e9n no dir\u00e1 ante los peligros de que se ha librado y los favores sin n\u00famero de que ha sido el objeto\u00a0: \u00ab\u00bfQu\u00e9? desde toda la eternidad Dios ha pensado en hacerme bien, aun en el tiempo en que yo no hab\u00eda entrado en los sentimientos de gratitud y de acci\u00f3n de gracias!\u00bb<\/p>\n<p>Las l\u00edneas siguientes del santo responden a este orden de ideas: \u00abNo se han de buscar muchas razones para excitarse al amor de Dios, no hay que salir fuera de s\u00ed mismo para encontrarlas. Solo tenemos que considerar los bienes que nos ha hecho y que contin\u00faa haci\u00e9ndonos a diario\u00bb.<\/p>\n<p>Si Vicente urge a sus dirigidos para que den un car\u00e1cter personal y pr\u00e1ctico de su oraci\u00f3n, sea cual fuere el asunto, es siempre con\u00a0 vistas a la vida afectiva y a la voluntad. \u00abAlgunos tienen buenos pensamientos y buenos sentimientos \u2013dice \u00e9l- pero no se los aplican a s\u00ed mismos y no reflexionan lo suficiente sobre su estado interior\u00a0; y no obstante se ha recomendado siempre que cuando Dios comunica algunas luces y algunos buenos movimientos en la oraci\u00f3n, se han de hacer servir siempre a sus necesidades particulares\u00a0; se han de considerar sus propios defectos, confesarlos y reconocer ante Dios, tomar una fuerte resoluci\u00f3n de corregirse de ellos. Lo que no se hace nunca sin ning\u00fan provecho\u00bb.<\/p>\n<p>El Fundador de la Misi\u00f3n felicita al Sr. Cogl\u00e9e por dedicar muy poco tiempo a los razonamientos durante la oraci\u00f3n y de aplicarse sobre todo a hacer actos de afecto. Es el mejor m\u00e9todo. \u00bfPor qu\u00e9\u00a0 divertirse en buscar toda clase de motivos? M\u00e1s vale \u00abaficionarse a los actos de amor a Dios, de humildad, de pesar por nuestros pecados\u2026\u00a0 Qu\u00e9 vamos a hacer con razones cuando estamos persuadidos de la cosa que queremos meditar!\u00bb Sigamos las luces que Dios nos da en lugar de forjar argumentos in\u00fatiles ya que la necesidad no se hace sentir.<\/p>\n<p>El peligro de perderse en especulaciones sin fin y de absorberse en ello, de complacerse\u00a0 hasta el punto de no o\u00edr ya la palabra\u00a0 interior del Esp\u00edritu Santo.<\/p>\n<p>Por este medio, lo que gana el ejercicio en el punto de vista ps\u00edquico, lo pierde en el sobrenatural. Si no andamos con cuidado, transformaremos inconscientemente este medio divino en un procedimiento puramente humano. El santo ve justo al decir y repetir en todos los tonos\u00a0: no acumul\u00e9is razones sobre razones\u2026<em> No os aficion\u00e1is lo suficiente. <\/em>El razonamiento es algo, pero no es todav\u00eda suficiente; es preciso que la voluntad act\u00fae, y no solo el entendimiento\u2026Todas nuestras razones se quedan sin fruto, si no llegamos a los afectos.<\/p>\n<p>Se medita, por ejemplo, sobre la instituci\u00f3n de la santa Eucarist\u00eda, no es ni el tiempo ni el lugar de argumentar sobre los textos de la Escritura y de los Padres, como lo har\u00eda un ex\u00e9geta o un te\u00f3logo, basta con fijar su atenci\u00f3n sobre estas palabras de Nuestro Se\u00f1or\u00a0: <em>esto es mi cuerpo, esto es mi sangre. <\/em>Lo \u00fanico que hay que hacer es <em>exclamar a Dios <\/em>mediante actos de fe, de esperanza, de caridad, de humildad, de gratitud\u2026 \u00a1Oh Se\u00f1or,\u00a0 se\u00e1is alabado y agradecido por siempre\u00a0 por haberme dado por alimento y por bebida vuestra carne y vuestra sangre! \u00a1Oh Dios m\u00edo c\u00f3mo os lo podr\u00eda agradecer dignamente!<\/p>\n<p>Con la ayuda de una comparaci\u00f3n tan justa como pr\u00e1ctica, el Sr. Vicente muestra la superioridad del amor sobre el conocimiento. Todo el trabajo intelectual de la raz\u00f3n no puede llegar por s\u00ed mismo m\u00e1s que a poner de relieve el car\u00e1cter, la hermosura, las ventajas del asunto meditado. Tan activo, tan luminoso como se le supone, no puede pasar de ah\u00ed. Es al amor al que corresponde poner al alma en comunicaci\u00f3n efectiva con el esplendor entrevisto y hac\u00e9rsela suya de alguna manera, por la luz y la fuerza que en ello encuentra. \u00bb\u00a0El razonamiento nos hace ver la belleza de la cosa, pero no nos la da por eso. Por ejemplo, veo una manzana en un manzano, y a pesar de que, al mirarla, la encuentro muy bella, no la tengo todav\u00eda, no la tengo, no la tengo en mi posesi\u00f3n\u00a0; pues una cosa es ver y otra poseer\u00a0; una cosa considerar la belleza de la virtud, y otra cosa tenerla. Bien, el razonamiento nos hace ver bien la virtud, pero no nos la da\u00a0; como cuando una persona dice a otra:\u2019Oye, mira esta manzana\u00a0; mira qu\u00e9 hermosa es\u2019. Mas por eso no se la da en posesi\u00f3n. As\u00ed hace el razonamiento en nuestra meditaci\u00f3n\u00bb.<\/p>\n<p>Se ve\u00a0 en la luz de la que saca el santo esta comparaci\u00f3n, cu\u00e1nto el problema suscitado le llega al alma. Y c\u00f3mo no ser\u00eda as\u00ed pues de la vida afectiva\u00a0 depende indirectamente la fuerza de las resoluciones, como se ver\u00e1 en el cap\u00edtulo siguiente.<\/p>\n<p>A prop\u00f3sito de los sentimientos para los que Vicente reclama un sitio tan amplio en la oraci\u00f3n, se plantea una cuesti\u00f3n muy pr\u00e1ctica, la de los excesos que se pueden producir en el modo de ejercitarse en el amor de Dios. Sin duda, la caridad no podr\u00eda ser demasiado grande. Por ardientes que sean sus llamas, siempre estar\u00e1n en desproporci\u00f3n con su objeto. Hagamos lo que podamos no amaremos\u00a0 nunca a Dios como debemos. Imposible de reconocer esta generosidad del Salvador que le hace darnos toda su sangre, de la que una sola gota es de un precio infinito.<\/p>\n<p>No resulta menos verdad que incluso all\u00ed caben excesos,\u00a0 y el santo los explica en estos t\u00e9rminos: \u00abSi bien que Dios nos manda que le amemos con todo el coraz\u00f3n y con todas nuestras fuerzas, su bondad no quiere sin embargo que esto llegue hasta incomodar y arruinar nuestra salud a fuerza de actos. No, no, Dios no nos pide que nos matemos por ello.<\/p>\n<p>Nada instructivo ajo el punto de vista psicol\u00f3gico como estas l\u00edneas sobre la g\u00e9nesis de los excesos en cuesti\u00f3n: \u00abCuando la caridad habita en un alma, ella ocupa enteramente todas sus potencias: no hay descanso; es un fuego que act\u00faa sin cesar; se tiene siempre en vilo, siempre en acci\u00f3n a la persona una vez abrasada. \u00a1Oh Sauveur!<\/p>\n<p>La memoria no quiere acordarse m\u00e1s que de Dios, detesta los dem\u00e1s pensamientos y los tiene por importunos, los rechaza. Tan solo los que le representan a su bien amado le pueden resultar agradables; es preciso, pero es preciso, al precio que sea,\u00a0 hacerse su presencia familiar, es preciso que sea continua\u00bb.<\/p>\n<p>El Sr. Vicente describe entonces esta carrera loca del alma despu\u00e9s de nuevos medios de unirse m\u00e1s a Dios, y hacerse su presencia m\u00e1s sensible.<\/p>\n<p>Adem\u00e1s si la elecci\u00f3n de una nueva devoci\u00f3n se acompa\u00f1ara del abandono de otra fecha menos reciente, la carga no se agravar\u00eda por d\u00edas hasta el punto de no ser ya soportable. Cuanto m\u00e1s multiplica el alma los actos de amor y m\u00e1s ambiciona aumentar el n\u00famero e intensificar la fuerza, de manera que se gaste y se agote en correr esta\u00a0 sublime apuesta. Esta sobrexcitaci\u00f3n llega fatalmente a una crisis de agotamiento nervioso. El diagn\u00f3stico del santo es severo, pero se ha verificado en varios casos: \u00abLlega uno a ser in\u00fatil del todo por el resto de sus d\u00edas y no se hace m\u00e1s que languidecer hasta la muerte, que ha llegado pronto\u00bb.<\/p>\n<p>Parece que sea bueno verse reducido a este estado por la caridad; No es morir de amor; ser m\u00e1rtir del amor. Se podr\u00eda llamar a estas almas holocaustos, -observa el santo con un punto de malicia- ya que, sin reservarse nada, ellas se consumen de amor.<\/p>\n<p>No nos dejemos enga\u00f1ar de este ardor excesivo. Con demasiada frecuencia es causa de accidentes lamentables para ser estimado como se\u00f1al de santidad. Pensemos con el Sr. Vicente que es mejor, mucho mejor, en la oraci\u00f3n, no llegar a calentarse tanto, moderarse sin romperse la cabeza para hacerse\u00a0 sensible el amor de Dios. \u00bfQu\u00e9 se gana la mayor parte de las veces multiplicando as\u00ed los actos de caridad? \u00bb\u00a0Una desgana de todas las devociones, penas extremas\u00a0\u00ab.<\/p>\n<p>Directores de conciencia, padres, pedagogos deben prestar una atenci\u00f3n muy particular a estos peligros. \u00bb\u00a0Esto sucede en los comienzos, les dice el santo. Cuando se comienza a gustar las dulzuras de la devoci\u00f3n, no se puede saciarse de ellas, se piensa no tener lo suficiente jam\u00e1s, se sumerge demasiado pronto. Oh! es preciso que yo tenga esta presencia de Dios, pero continua, es preciso que me apegue; se echan las manos al cuello; yo no cejar\u00e9; se l\u00edan\u00a0 con una obstinaci\u00f3n invencible, hasta enfermarse. Oh, es demasiado, es demasiado\u00bb!<\/p>\n<p>Los excesos,\u00a0 a los que hace\u00a0 aqu\u00ed alusi\u00f3n se deben a la misma causa profunda que los que se producen sea en la parte propiamente intelectual de la oraci\u00f3n, sea en las resoluciones. Es el amor propio reconocible por diversos signos, de los que el m\u00e1s caracter\u00edstico es esta obstinaci\u00f3n invencible de la que habla el Sr. Vicente. En el fondo, so capa de amar a Dios y de buscar su presencia, se ama y se busca su propia satisfacci\u00f3n que, por ser de orden superior, no est\u00e1 menos mancillada de ego\u00edsmo. Una conclusi\u00f3n importante se desprende: en el dominio afectivo como en los de la inteligencia y de la voluntad, la oraci\u00f3n debe ser hecha coloc\u00e1ndose en el \u00fanico punto de vista sobrenatural. A medida que lo humano se mezcla, ella pierde de su grandeza y de su eficacia. Seamos todo esp\u00edritu, todo coraz\u00f3n, todo voluntad en la oraci\u00f3n, pero que sea el esp\u00edritu, el coraz\u00f3n, la voluntad de Jesucristo. Tender a este ideal es entregarse a este ejercicio para agradar a Dios, sin tener cuenta de sus gustos o de sus repugnancias.<\/p>\n<p>&nbsp;<\/p>\n","protected":false},"excerpt":{"rendered":"<p>Cap\u00edtulo IX: Parte e importancia de los sentimientos sobrenaturales en la oraci\u00f3n San Vicente hace, en la oraci\u00f3n, una parte muy amplia al sentimiento o, para decirlo mejor,\u00a0 a la vida afectiva. Sin\u00a0 ella -piensa &#8230; <a href=\"https:\/\/vincentians.com\/es\/san-vicente-de-paul-maestro-de-oracion-09\/\" class=\"more-link\">Read More<\/a><\/p>\n","protected":false},"author":4,"featured_media":176057,"comment_status":"open","ping_status":"open","sticky":false,"template":"","format":"standard","meta":{"jetpack_post_was_ever_published":false,"_jetpack_newsletter_access":"","_jetpack_dont_email_post_to_subs":false,"_jetpack_newsletter_tier_id":0,"_jetpack_memberships_contains_paywalled_content":false,"_jetpack_memberships_contains_paid_content":false,"footnotes":"","jetpack_publicize_message":"","jetpack_publicize_feature_enabled":true,"jetpack_social_post_already_shared":true,"jetpack_social_options":{"image_generator_settings":{"template":"highway","default_image_id":0,"font":"","enabled":false},"version":2}},"categories":[226],"tags":[280],"class_list":["post-55214","post","type-post","status-publish","format-standard","has-post-thumbnail","hentry","category-espiritualidad-vicenciana","tag-san-juan-de-la-cruz"],"yoast_head":"<!-- This site is optimized with the Yoast SEO plugin v26.3 - https:\/\/yoast.com\/wordpress\/plugins\/seo\/ -->\n<title>San Vicente de Pa\u00fal, maestro de oraci\u00f3n (09) - Somos Vicencianos<\/title>\n<meta name=\"robots\" content=\"index, follow, max-snippet:-1, max-image-preview:large, max-video-preview:-1\" \/>\n<link rel=\"canonical\" href=\"https:\/\/vincentians.com\/es\/san-vicente-de-paul-maestro-de-oracion-09\/\" \/>\n<meta property=\"og:locale\" content=\"es_ES\" \/>\n<meta property=\"og:type\" content=\"article\" \/>\n<meta property=\"og:title\" content=\"San Vicente de Pa\u00fal, maestro de oraci\u00f3n (09) - Somos Vicencianos\" \/>\n<meta property=\"og:description\" content=\"Cap\u00edtulo IX: Parte e importancia de los sentimientos sobrenaturales en la oraci\u00f3n San Vicente hace, en la oraci\u00f3n, una parte muy amplia al sentimiento o, para decirlo mejor,\u00a0 a la vida afectiva. Sin\u00a0 ella -piensa ... Read More\" \/>\n<meta property=\"og:url\" content=\"https:\/\/vincentians.com\/es\/san-vicente-de-paul-maestro-de-oracion-09\/\" \/>\n<meta property=\"og:site_name\" content=\"Somos Vicencianos\" \/>\n<meta property=\"article:publisher\" content=\"https:\/\/www.facebook.com\/WeAreVincentians\/\" \/>\n<meta property=\"article:author\" content=\"https:\/\/www.facebook.com\/JavierChento\" \/>\n<meta property=\"article:published_time\" content=\"2015-06-23T05:10:34+00:00\" \/>\n<meta name=\"author\" content=\"Francisco Javier Fern\u00e1ndez Chento\" \/>\n<meta name=\"twitter:card\" content=\"summary_large_image\" \/>\n<meta name=\"twitter:creator\" content=\"@https:\/\/twitter.com\/javierchento\" \/>\n<meta name=\"twitter:site\" content=\"@WeVincentians\" \/>\n<meta name=\"twitter:label1\" content=\"Escrito por\" \/>\n\t<meta name=\"twitter:data1\" content=\"Francisco Javier Fern\u00e1ndez Chento\" \/>\n\t<meta name=\"twitter:label2\" content=\"Tiempo de lectura\" \/>\n\t<meta name=\"twitter:data2\" content=\"14 minutos\" \/>\n<script type=\"application\/ld+json\" class=\"yoast-schema-graph\">{\"@context\":\"https:\/\/schema.org\",\"@graph\":[{\"@type\":\"Article\",\"@id\":\"https:\/\/vincentians.com\/es\/san-vicente-de-paul-maestro-de-oracion-09\/#article\",\"isPartOf\":{\"@id\":\"https:\/\/vincentians.com\/es\/san-vicente-de-paul-maestro-de-oracion-09\/\"},\"author\":{\"name\":\"Francisco Javier Fern\u00e1ndez Chento\",\"@id\":\"http:\/\/vincentians.com\/es\/#\/schema\/person\/9623ef4d9aa3b2dfb8c061f1499288f2\"},\"headline\":\"San Vicente de Pa\u00fal, maestro de oraci\u00f3n (09)\",\"datePublished\":\"2015-06-23T05:10:34+00:00\",\"mainEntityOfPage\":{\"@id\":\"https:\/\/vincentians.com\/es\/san-vicente-de-paul-maestro-de-oracion-09\/\"},\"wordCount\":2868,\"commentCount\":0,\"publisher\":{\"@id\":\"http:\/\/vincentians.com\/es\/#organization\"},\"image\":{\"@id\":\"https:\/\/vincentians.com\/es\/san-vicente-de-paul-maestro-de-oracion-09\/#primaryimage\"},\"thumbnailUrl\":\"\",\"keywords\":[\"San Juan de la Cruz\"],\"articleSection\":[\"Espiritualidad vicenciana\"],\"inLanguage\":\"es\",\"potentialAction\":[{\"@type\":\"CommentAction\",\"name\":\"Comment\",\"target\":[\"https:\/\/vincentians.com\/es\/san-vicente-de-paul-maestro-de-oracion-09\/#respond\"]}]},{\"@type\":\"WebPage\",\"@id\":\"https:\/\/vincentians.com\/es\/san-vicente-de-paul-maestro-de-oracion-09\/\",\"url\":\"https:\/\/vincentians.com\/es\/san-vicente-de-paul-maestro-de-oracion-09\/\",\"name\":\"San Vicente de Pa\u00fal, maestro de oraci\u00f3n (09) - Somos Vicencianos\",\"isPartOf\":{\"@id\":\"http:\/\/vincentians.com\/es\/#website\"},\"primaryImageOfPage\":{\"@id\":\"https:\/\/vincentians.com\/es\/san-vicente-de-paul-maestro-de-oracion-09\/#primaryimage\"},\"image\":{\"@id\":\"https:\/\/vincentians.com\/es\/san-vicente-de-paul-maestro-de-oracion-09\/#primaryimage\"},\"thumbnailUrl\":\"\",\"datePublished\":\"2015-06-23T05:10:34+00:00\",\"breadcrumb\":{\"@id\":\"https:\/\/vincentians.com\/es\/san-vicente-de-paul-maestro-de-oracion-09\/#breadcrumb\"},\"inLanguage\":\"es\",\"potentialAction\":[{\"@type\":\"ReadAction\",\"target\":[\"https:\/\/vincentians.com\/es\/san-vicente-de-paul-maestro-de-oracion-09\/\"]}]},{\"@type\":\"ImageObject\",\"inLanguage\":\"es\",\"@id\":\"https:\/\/vincentians.com\/es\/san-vicente-de-paul-maestro-de-oracion-09\/#primaryimage\",\"url\":\"\",\"contentUrl\":\"\"},{\"@type\":\"BreadcrumbList\",\"@id\":\"https:\/\/vincentians.com\/es\/san-vicente-de-paul-maestro-de-oracion-09\/#breadcrumb\",\"itemListElement\":[{\"@type\":\"ListItem\",\"position\":1,\"name\":\"Portada\",\"item\":\"http:\/\/vincentians.com\/es\/\"},{\"@type\":\"ListItem\",\"position\":2,\"name\":\"San Vicente de Pa\u00fal, maestro de oraci\u00f3n (09)\"}]},{\"@type\":\"WebSite\",\"@id\":\"http:\/\/vincentians.com\/es\/#website\",\"url\":\"http:\/\/vincentians.com\/es\/\",\"name\":\"Somos Vicencianos\",\"description\":\"Know more to serve more\",\"publisher\":{\"@id\":\"http:\/\/vincentians.com\/es\/#organization\"},\"potentialAction\":[{\"@type\":\"SearchAction\",\"target\":{\"@type\":\"EntryPoint\",\"urlTemplate\":\"http:\/\/vincentians.com\/es\/?s={search_term_string}\"},\"query-input\":{\"@type\":\"PropertyValueSpecification\",\"valueRequired\":true,\"valueName\":\"search_term_string\"}}],\"inLanguage\":\"es\"},{\"@type\":\"Organization\",\"@id\":\"http:\/\/vincentians.com\/es\/#organization\",\"name\":\"The Vincentian Network\",\"url\":\"http:\/\/vincentians.com\/es\/\",\"logo\":{\"@type\":\"ImageObject\",\"inLanguage\":\"es\",\"@id\":\"http:\/\/vincentians.com\/es\/#\/schema\/logo\/image\/\",\"url\":\"https:\/\/i1.wp.com\/vincentians.com\/es\/wp-content\/uploads\/sites\/11\/2016\/06\/Vincentian-Network-logo-big.png?fit=778%2C778\",\"contentUrl\":\"https:\/\/i1.wp.com\/vincentians.com\/es\/wp-content\/uploads\/sites\/11\/2016\/06\/Vincentian-Network-logo-big.png?fit=778%2C778\",\"width\":778,\"height\":778,\"caption\":\"The Vincentian Network\"},\"image\":{\"@id\":\"http:\/\/vincentians.com\/es\/#\/schema\/logo\/image\/\"},\"sameAs\":[\"https:\/\/www.facebook.com\/WeAreVincentians\/\",\"https:\/\/x.com\/WeVincentians\"]},{\"@type\":\"Person\",\"@id\":\"http:\/\/vincentians.com\/es\/#\/schema\/person\/9623ef4d9aa3b2dfb8c061f1499288f2\",\"name\":\"Francisco Javier Fern\u00e1ndez Chento\",\"image\":{\"@type\":\"ImageObject\",\"inLanguage\":\"es\",\"@id\":\"http:\/\/vincentians.com\/es\/#\/schema\/person\/image\/\",\"url\":\"https:\/\/secure.gravatar.com\/avatar\/497d5cde87b4c3d097d0315953521681ba2cd523ee66e5077c3711f7021e65de?s=96&d=mm&r=g\",\"contentUrl\":\"https:\/\/secure.gravatar.com\/avatar\/497d5cde87b4c3d097d0315953521681ba2cd523ee66e5077c3711f7021e65de?s=96&d=mm&r=g\",\"caption\":\"Francisco Javier Fern\u00e1ndez Chento\"},\"description\":\"Director General y cofundador de La Red de Formaci\u00f3n Vicenciana. Javier es laico vicenciano, afiliado a la Congregaci\u00f3n de la Misi\u00f3n y miembro del Equipo de Misiones Populares de la provincia can\u00f3nica de Zaragoza (Espa\u00f1a) de la Congregaci\u00f3n de la Misi\u00f3n. Graduado en la Universidad Oberta de Catalunya con cuatro grados (Asistente de direcci\u00f3n, Gesti\u00f3n Administrativa, Recursos Humanos y Contabilidad Avanzada). Bil\u00edng\u00fce Espa\u00f1ol\/Ingl\u00e9s. gestiona y mantiene varias p\u00e1ginas web cristianas y vicencianas, incluida including La Red de Formaci\u00f3n Vicenciana, de la que es cofundador. Actualmente es responsable del \u00e1rea de Espa\u00f1ol de .famvin, la Red de Noticias de la Familia Vicenciana. Tambi\u00e9n es m\u00fasico cat\u00f3lico y ha editado varios discos. Es Director General y cofundador de Trovador, una reconocida compa\u00f1\u00eda discogr\u00e1fica critiana de Espa\u00f1a. Trabaja en las Tecnolog\u00edas de la Informaci\u00f3n, ofreciendo servicios de alojamiento, dise\u00f1o y mantenimiento Web, as\u00ed como asesoramiento, formaci\u00f3n y soluciones inform\u00e1ticas, gesti\u00f3n documental y digitalizaci\u00f3n de textos, edici\u00f3n y maquetaci\u00f3n de libros, revistas, flyers, etc.\",\"sameAs\":[\"http:\/\/chento.org\",\"https:\/\/www.facebook.com\/JavierChento\",\"https:\/\/x.com\/https:\/\/twitter.com\/javierchento\"],\"url\":\"https:\/\/vincentians.com\/es\/author\/chento\/\"}]}<\/script>\n<!-- \/ Yoast SEO plugin. -->","yoast_head_json":{"title":"San Vicente de Pa\u00fal, maestro de oraci\u00f3n (09) - Somos Vicencianos","robots":{"index":"index","follow":"follow","max-snippet":"max-snippet:-1","max-image-preview":"max-image-preview:large","max-video-preview":"max-video-preview:-1"},"canonical":"https:\/\/vincentians.com\/es\/san-vicente-de-paul-maestro-de-oracion-09\/","og_locale":"es_ES","og_type":"article","og_title":"San Vicente de Pa\u00fal, maestro de oraci\u00f3n (09) - Somos Vicencianos","og_description":"Cap\u00edtulo IX: Parte e importancia de los sentimientos sobrenaturales en la oraci\u00f3n San Vicente hace, en la oraci\u00f3n, una parte muy amplia al sentimiento o, para decirlo mejor,\u00a0 a la vida afectiva. Sin\u00a0 ella -piensa ... Read More","og_url":"https:\/\/vincentians.com\/es\/san-vicente-de-paul-maestro-de-oracion-09\/","og_site_name":"Somos Vicencianos","article_publisher":"https:\/\/www.facebook.com\/WeAreVincentians\/","article_author":"https:\/\/www.facebook.com\/JavierChento","article_published_time":"2015-06-23T05:10:34+00:00","author":"Francisco Javier Fern\u00e1ndez Chento","twitter_card":"summary_large_image","twitter_creator":"@https:\/\/twitter.com\/javierchento","twitter_site":"@WeVincentians","twitter_misc":{"Escrito por":"Francisco Javier Fern\u00e1ndez Chento","Tiempo de lectura":"14 minutos"},"schema":{"@context":"https:\/\/schema.org","@graph":[{"@type":"Article","@id":"https:\/\/vincentians.com\/es\/san-vicente-de-paul-maestro-de-oracion-09\/#article","isPartOf":{"@id":"https:\/\/vincentians.com\/es\/san-vicente-de-paul-maestro-de-oracion-09\/"},"author":{"name":"Francisco Javier Fern\u00e1ndez Chento","@id":"http:\/\/vincentians.com\/es\/#\/schema\/person\/9623ef4d9aa3b2dfb8c061f1499288f2"},"headline":"San Vicente de Pa\u00fal, maestro de oraci\u00f3n (09)","datePublished":"2015-06-23T05:10:34+00:00","mainEntityOfPage":{"@id":"https:\/\/vincentians.com\/es\/san-vicente-de-paul-maestro-de-oracion-09\/"},"wordCount":2868,"commentCount":0,"publisher":{"@id":"http:\/\/vincentians.com\/es\/#organization"},"image":{"@id":"https:\/\/vincentians.com\/es\/san-vicente-de-paul-maestro-de-oracion-09\/#primaryimage"},"thumbnailUrl":"","keywords":["San Juan de la Cruz"],"articleSection":["Espiritualidad vicenciana"],"inLanguage":"es","potentialAction":[{"@type":"CommentAction","name":"Comment","target":["https:\/\/vincentians.com\/es\/san-vicente-de-paul-maestro-de-oracion-09\/#respond"]}]},{"@type":"WebPage","@id":"https:\/\/vincentians.com\/es\/san-vicente-de-paul-maestro-de-oracion-09\/","url":"https:\/\/vincentians.com\/es\/san-vicente-de-paul-maestro-de-oracion-09\/","name":"San Vicente de Pa\u00fal, maestro de oraci\u00f3n (09) - Somos Vicencianos","isPartOf":{"@id":"http:\/\/vincentians.com\/es\/#website"},"primaryImageOfPage":{"@id":"https:\/\/vincentians.com\/es\/san-vicente-de-paul-maestro-de-oracion-09\/#primaryimage"},"image":{"@id":"https:\/\/vincentians.com\/es\/san-vicente-de-paul-maestro-de-oracion-09\/#primaryimage"},"thumbnailUrl":"","datePublished":"2015-06-23T05:10:34+00:00","breadcrumb":{"@id":"https:\/\/vincentians.com\/es\/san-vicente-de-paul-maestro-de-oracion-09\/#breadcrumb"},"inLanguage":"es","potentialAction":[{"@type":"ReadAction","target":["https:\/\/vincentians.com\/es\/san-vicente-de-paul-maestro-de-oracion-09\/"]}]},{"@type":"ImageObject","inLanguage":"es","@id":"https:\/\/vincentians.com\/es\/san-vicente-de-paul-maestro-de-oracion-09\/#primaryimage","url":"","contentUrl":""},{"@type":"BreadcrumbList","@id":"https:\/\/vincentians.com\/es\/san-vicente-de-paul-maestro-de-oracion-09\/#breadcrumb","itemListElement":[{"@type":"ListItem","position":1,"name":"Portada","item":"http:\/\/vincentians.com\/es\/"},{"@type":"ListItem","position":2,"name":"San Vicente de Pa\u00fal, maestro de oraci\u00f3n (09)"}]},{"@type":"WebSite","@id":"http:\/\/vincentians.com\/es\/#website","url":"http:\/\/vincentians.com\/es\/","name":"Somos Vicencianos","description":"Know more to serve more","publisher":{"@id":"http:\/\/vincentians.com\/es\/#organization"},"potentialAction":[{"@type":"SearchAction","target":{"@type":"EntryPoint","urlTemplate":"http:\/\/vincentians.com\/es\/?s={search_term_string}"},"query-input":{"@type":"PropertyValueSpecification","valueRequired":true,"valueName":"search_term_string"}}],"inLanguage":"es"},{"@type":"Organization","@id":"http:\/\/vincentians.com\/es\/#organization","name":"The Vincentian Network","url":"http:\/\/vincentians.com\/es\/","logo":{"@type":"ImageObject","inLanguage":"es","@id":"http:\/\/vincentians.com\/es\/#\/schema\/logo\/image\/","url":"https:\/\/i1.wp.com\/vincentians.com\/es\/wp-content\/uploads\/sites\/11\/2016\/06\/Vincentian-Network-logo-big.png?fit=778%2C778","contentUrl":"https:\/\/i1.wp.com\/vincentians.com\/es\/wp-content\/uploads\/sites\/11\/2016\/06\/Vincentian-Network-logo-big.png?fit=778%2C778","width":778,"height":778,"caption":"The Vincentian Network"},"image":{"@id":"http:\/\/vincentians.com\/es\/#\/schema\/logo\/image\/"},"sameAs":["https:\/\/www.facebook.com\/WeAreVincentians\/","https:\/\/x.com\/WeVincentians"]},{"@type":"Person","@id":"http:\/\/vincentians.com\/es\/#\/schema\/person\/9623ef4d9aa3b2dfb8c061f1499288f2","name":"Francisco Javier Fern\u00e1ndez Chento","image":{"@type":"ImageObject","inLanguage":"es","@id":"http:\/\/vincentians.com\/es\/#\/schema\/person\/image\/","url":"https:\/\/secure.gravatar.com\/avatar\/497d5cde87b4c3d097d0315953521681ba2cd523ee66e5077c3711f7021e65de?s=96&d=mm&r=g","contentUrl":"https:\/\/secure.gravatar.com\/avatar\/497d5cde87b4c3d097d0315953521681ba2cd523ee66e5077c3711f7021e65de?s=96&d=mm&r=g","caption":"Francisco Javier Fern\u00e1ndez Chento"},"description":"Director General y cofundador de La Red de Formaci\u00f3n Vicenciana. Javier es laico vicenciano, afiliado a la Congregaci\u00f3n de la Misi\u00f3n y miembro del Equipo de Misiones Populares de la provincia can\u00f3nica de Zaragoza (Espa\u00f1a) de la Congregaci\u00f3n de la Misi\u00f3n. Graduado en la Universidad Oberta de Catalunya con cuatro grados (Asistente de direcci\u00f3n, Gesti\u00f3n Administrativa, Recursos Humanos y Contabilidad Avanzada). Bil\u00edng\u00fce Espa\u00f1ol\/Ingl\u00e9s. gestiona y mantiene varias p\u00e1ginas web cristianas y vicencianas, incluida including La Red de Formaci\u00f3n Vicenciana, de la que es cofundador. Actualmente es responsable del \u00e1rea de Espa\u00f1ol de .famvin, la Red de Noticias de la Familia Vicenciana. Tambi\u00e9n es m\u00fasico cat\u00f3lico y ha editado varios discos. Es Director General y cofundador de Trovador, una reconocida compa\u00f1\u00eda discogr\u00e1fica critiana de Espa\u00f1a. Trabaja en las Tecnolog\u00edas de la Informaci\u00f3n, ofreciendo servicios de alojamiento, dise\u00f1o y mantenimiento Web, as\u00ed como asesoramiento, formaci\u00f3n y soluciones inform\u00e1ticas, gesti\u00f3n documental y digitalizaci\u00f3n de textos, edici\u00f3n y maquetaci\u00f3n de libros, revistas, flyers, etc.","sameAs":["http:\/\/chento.org","https:\/\/www.facebook.com\/JavierChento","https:\/\/x.com\/https:\/\/twitter.com\/javierchento"],"url":"https:\/\/vincentians.com\/es\/author\/chento\/"}]}},"jetpack_publicize_connections":[],"jetpack_featured_media_url":"","jetpack_sharing_enabled":true,"jetpack_shortlink":"https:\/\/wp.me\/p7ETMF-emy","jetpack-related-posts":[{"id":119750,"url":"https:\/\/vincentians.com\/es\/el-senor-vicente-relee-su-vida-hombres-de-oracion\/","url_meta":{"origin":55214,"position":0},"title":"El Se\u00f1or Vicente relee su vida: Hombres de oraci\u00f3n","author":"Francisco Javier Fern\u00e1ndez Chento","date":"06\/05\/2013","format":false,"excerpt":"En medio de tantas ocupaciones, he puesto todo el inter\u00e9s en seguir fiel al estudio, especialmente en teolog\u00eda. Hubo en particular que hacer frente a las teor\u00edas de Ba\u00efus despu\u00e9s de Jansenio y Arnaud. En efecto, en 1637 yo hab\u00eda tenido que adoptar postura, pero fue sobre todo a partir\u2026","rel":"","context":"En \u00abVicente de Pa\u00fal\u00bb","block_context":{"text":"Vicente de Pa\u00fal","link":"https:\/\/vincentians.com\/es\/category\/la-familia-vicenciana\/fundadores\/vicente-de-paul\/"},"img":{"alt_text":"","src":"","width":0,"height":0},"classes":[]},{"id":129151,"url":"https:\/\/vincentians.com\/es\/vida-contemplativa\/","url_meta":{"origin":55214,"position":1},"title":"Vida contemplativa","author":"Francisco Javier Fern\u00e1ndez Chento","date":"02\/03\/2014","format":false,"excerpt":"Aunque parezca extra\u00f1o, la exorbitante actividad de Luisa no destruy\u00f3 su experiencia de Dios, al contrario, la complet\u00f3. Luisa aparece en la historia de la espiritualidad como una de las mujeres m\u00e1s contemplativas; tan contemplativa como San Pablo, Santa Teresa o San Vicente de Pa\u00fal y tan activa como ellos.\u2026","rel":"","context":"En \u00abFormaci\u00f3n Vicenciana\u00bb","block_context":{"text":"Formaci\u00f3n Vicenciana","link":"https:\/\/vincentians.com\/es\/category\/formacion-vicenciana\/"},"img":{"alt_text":"cartel","src":"https:\/\/i0.wp.com\/vicencianos.org\/wp-content\/2014\/01\/cartel.jpg?resize=350%2C200","width":350,"height":200},"classes":[]},{"id":387803,"url":"https:\/\/vincentians.com\/es\/jesus-ora-al-padre-movido-por-el-espiritu\/","url_meta":{"origin":55214,"position":2},"title":"Jes\u00fas ora al Padre, movido por el Esp\u00edritu","author":"Mitxel Olabu\u00e9naga","date":"08\/09\/2016","format":false,"excerpt":"Jes\u00fas de Nazaret es un trabajador fiel que hace de su vida oraci\u00f3n, y de la oraci\u00f3n compromiso de salvaci\u00f3n para los hombres. Trabajo y oraci\u00f3n se funden indisolublemente en su persona. Es inconcebible un Jes\u00fas que no ora expresamente al Padre y que no ense\u00f1a a sus disc\u00edpulos a\u2026","rel":"","context":"En \u00abOraci\u00f3n\u00bb","block_context":{"text":"Oraci\u00f3n","link":"https:\/\/vincentians.com\/es\/category\/espiritualidad\/oracion\/"},"img":{"alt_text":"","src":"https:\/\/i0.wp.com\/vincentians.com\/es\/wp-content\/uploads\/sites\/11\/2016\/09\/jesus-ora-al-padre.jpg?fit=1200%2C630&ssl=1&resize=350%2C200","width":350,"height":200,"srcset":"https:\/\/i0.wp.com\/vincentians.com\/es\/wp-content\/uploads\/sites\/11\/2016\/09\/jesus-ora-al-padre.jpg?fit=1200%2C630&ssl=1&resize=350%2C200 1x, https:\/\/i0.wp.com\/vincentians.com\/es\/wp-content\/uploads\/sites\/11\/2016\/09\/jesus-ora-al-padre.jpg?fit=1200%2C630&ssl=1&resize=525%2C300 1.5x, https:\/\/i0.wp.com\/vincentians.com\/es\/wp-content\/uploads\/sites\/11\/2016\/09\/jesus-ora-al-padre.jpg?fit=1200%2C630&ssl=1&resize=700%2C400 2x, https:\/\/i0.wp.com\/vincentians.com\/es\/wp-content\/uploads\/sites\/11\/2016\/09\/jesus-ora-al-padre.jpg?fit=1200%2C630&ssl=1&resize=1050%2C600 3x"},"classes":[]},{"id":120300,"url":"https:\/\/vincentians.com\/es\/vicente-de-paul-la-fe-que-dio-sentido-a-su-vida-iv-amemos-a-dios-hermanos-mios-amemos-a-dios\/","url_meta":{"origin":55214,"position":3},"title":"Vicente de Pa\u00fal: la fe que dio sentido a su vida. IV. \u00a1Amemos a Dios, hermanos m\u00edos, amemos a Dios!","author":"Francisco Javier Fern\u00e1ndez Chento","date":"03\/01\/2015","format":false,"excerpt":"IV. \u00a1Amemos a Dios, hermanos m\u00edos, amemos a Dios! El descubrimiento de la bondad de Dios no deja a Vi\u00adcente maravillado e inactivo; est\u00e1 en el origen de un dina\u00admismo asombroso que da impulso a toda su vida. Vi\u00e9ndole recomendar la disponibilidad para con la divina Providen\u00adcia, podr\u00edan imaginarse algunos\u2026","rel":"","context":"En \u00abEspiritualidad vicenciana\u00bb","block_context":{"text":"Espiritualidad vicenciana","link":"https:\/\/vincentians.com\/es\/category\/espiritualidad\/espiritualidad-vicenciana\/"},"img":{"alt_text":"Vincent-de-Paul-and-bible-alternate","src":"https:\/\/i0.wp.com\/vicencianos.org\/wp-content\/2013\/04\/Vincent-de-Paul-and-bible-alternate-216x300.jpg?resize=350%2C200","width":350,"height":200},"classes":[]},{"id":131671,"url":"https:\/\/vincentians.com\/es\/participes-del-espiritu-de-cristo\/","url_meta":{"origin":55214,"position":4},"title":"Part\u00edcipes del Esp\u00edritu de Cristo","author":"Francisco Javier Fern\u00e1ndez Chento","date":"09\/02\/2015","format":false,"excerpt":"\"Pedimos a Dios que os d\u00e9 pleno conocimiento de su designio, con todo el saber e inteligencia que procura el Esp\u00edritu. As\u00ed vivir\u00e9is como el Se\u00f1or se merece, agrad\u00e1ndole en todo: dando fruto\u00a0 creciente en toda actividad, gracias al conocimiento de Dios; fortalecidos en todo aspecto por el poder que\u2026","rel":"","context":"En \u00abEspiritualidad vicenciana\u00bb","block_context":{"text":"Espiritualidad vicenciana","link":"https:\/\/vincentians.com\/es\/category\/espiritualidad\/espiritualidad-vicenciana\/"},"img":{"alt_text":"OXYGEN Volume 8","src":"https:\/\/i0.wp.com\/vicencianos.org\/wp-content\/2014\/11\/thespirit-300x225.jpg?resize=350%2C200","width":350,"height":200},"classes":[]},{"id":126866,"url":"https:\/\/vincentians.com\/es\/vicente-de-paul-carta-1204-esteban-blatiron-superior-de-genova-a-san-vicente\/","url_meta":{"origin":55214,"position":5},"title":"Vicente de Pa\u00fal, Carta 1204: Esteban Blatiron, Superior De Genova, A San Vicente","author":"Francisco Javier Fern\u00e1ndez Chento","date":"14\/01\/2014","format":false,"excerpt":"G\u00e9nova, noviembre 1649. El se\u00f1or cardenal ha pasado ocho d\u00edas con nosotros haciendo los ejercicios espirituales con los misioneros, en n\u00famero de diez. Es un gran siervo de Dios. Es imposible creer con cu\u00e1nta exactitud y puntualidad ha observado el orden de los ejercicios, a pesar de ser de una\u2026","rel":"","context":"En \u00abEscritos de Vicente de Pa\u00fal\u00bb","block_context":{"text":"Escritos de Vicente de Pa\u00fal","link":"https:\/\/vincentians.com\/es\/category\/escritos\/escritos-de-vicente-de-paul\/"},"img":{"alt_text":"","src":"https:\/\/i0.wp.com\/vincentians.com\/es\/wp-content\/uploads\/sites\/11\/2016\/07\/escritos-vicente-de-paul.jpg?fit=1200%2C630&ssl=1&resize=350%2C200","width":350,"height":200,"srcset":"https:\/\/i0.wp.com\/vincentians.com\/es\/wp-content\/uploads\/sites\/11\/2016\/07\/escritos-vicente-de-paul.jpg?fit=1200%2C630&ssl=1&resize=350%2C200 1x, https:\/\/i0.wp.com\/vincentians.com\/es\/wp-content\/uploads\/sites\/11\/2016\/07\/escritos-vicente-de-paul.jpg?fit=1200%2C630&ssl=1&resize=525%2C300 1.5x, https:\/\/i0.wp.com\/vincentians.com\/es\/wp-content\/uploads\/sites\/11\/2016\/07\/escritos-vicente-de-paul.jpg?fit=1200%2C630&ssl=1&resize=700%2C400 2x, https:\/\/i0.wp.com\/vincentians.com\/es\/wp-content\/uploads\/sites\/11\/2016\/07\/escritos-vicente-de-paul.jpg?fit=1200%2C630&ssl=1&resize=1050%2C600 3x"},"classes":[]}],"_links":{"self":[{"href":"https:\/\/vincentians.com\/es\/wp-json\/wp\/v2\/posts\/55214","targetHints":{"allow":["GET"]}}],"collection":[{"href":"https:\/\/vincentians.com\/es\/wp-json\/wp\/v2\/posts"}],"about":[{"href":"https:\/\/vincentians.com\/es\/wp-json\/wp\/v2\/types\/post"}],"author":[{"embeddable":true,"href":"https:\/\/vincentians.com\/es\/wp-json\/wp\/v2\/users\/4"}],"replies":[{"embeddable":true,"href":"https:\/\/vincentians.com\/es\/wp-json\/wp\/v2\/comments?post=55214"}],"version-history":[{"count":0,"href":"https:\/\/vincentians.com\/es\/wp-json\/wp\/v2\/posts\/55214\/revisions"}],"wp:featuredmedia":[{"embeddable":true,"href":"https:\/\/vincentians.com\/es\/wp-json\/"}],"wp:attachment":[{"href":"https:\/\/vincentians.com\/es\/wp-json\/wp\/v2\/media?parent=55214"}],"wp:term":[{"taxonomy":"category","embeddable":true,"href":"https:\/\/vincentians.com\/es\/wp-json\/wp\/v2\/categories?post=55214"},{"taxonomy":"post_tag","embeddable":true,"href":"https:\/\/vincentians.com\/es\/wp-json\/wp\/v2\/tags?post=55214"}],"curies":[{"name":"wp","href":"https:\/\/api.w.org\/{rel}","templated":true}]}}