{"id":54488,"date":"2019-06-29T08:00:07","date_gmt":"2019-06-29T06:00:07","guid":{"rendered":"http:\/\/somos.vicencianos.org\/?p=54488"},"modified":"2019-06-02T18:19:37","modified_gmt":"2019-06-02T16:19:37","slug":"el-espiritu-modela","status":"publish","type":"post","link":"https:\/\/vincentians.com\/es\/el-espiritu-modela\/","title":{"rendered":"El esp\u00edritu modela&#8230;"},"content":{"rendered":"<div>\n<p>Las primeras Hijas de la Caridad llegan a las parroquias de Par\u00eds para estar al servicio de las Cofrad\u00edas de la Caridad. Muy pronto las piden de lejos: Richelieu, Angers, Sedan&#8230; Cada a\u00f1o las llamadas son m\u00e1s numerosas. Vienen tambi\u00e9n j\u00f3venes de todas las regiones.<\/p>\n<p>El servicio de las Hijas de la Caridad se va a ampliar. Despu\u00e9s del servicio a los enfermos en sus domicilios y a los ni\u00f1os en las escuelitas, sirven a los galeotes, a los ni\u00f1os exp\u00f3sitos, a los enfermos de los hospitales, a los refugia\u00addos, hu\u00e9rfanos, heridos&#8230; a todos los que sufren y est\u00e1n abandonados.<\/p>\n<p>\u00bfVa a provocar la extensi\u00f3n de la Compa\u00f1\u00eda un debilitamiento, o por el contrario, va a ser la ocasi\u00f3n para consolidar la obra de Dios?<\/p>\n<p>En esta reflexi\u00f3n se propone ayudar a ver c\u00f3mo San Vicente y Santa Luisa caminaron al paso de Dios para permitir la maduraci\u00f3n de la Compa\u00ad\u00f1\u00eda en fidelidad a la intuici\u00f3n primitiva.<\/p>\n<p><strong>LA ELECCION DE LAS IMPLANTACIONES<\/strong><\/p>\n<\/div>\n<div>\n<p>San Vicente y Santa Luisa reciben numeros\u00edsimas peticiones, procedentes de diferentes personas y lugares, para servicios variados. \u00bfC\u00f3mo respondieron?<\/p>\n<p><strong>LAS LLAMADAS <\/strong><strong>SON NUMEROSAS<\/strong><\/p>\n<ul>\n<li><em>1647: \u00abTenemos <\/em><em>gran necesidad de Hermanas, porque nos piden mu\u00ad<\/em><em>chas de todas partes\u00bb <\/em>L. M. p. 202.<\/li>\n<li><em>1654: \u00abNos piden de tantos lugares que es imposible atender las pe\u00ad<\/em><em>ticiones\u00bb <\/em>L. M. p. 439.<\/li>\n<li><em>1656: \u00abNos vemos obligados a rechazar establecimientos, de lo que <\/em><em>tenemos que humillarnos <\/em><em>mucho <\/em>L. M. p. 525.<\/li>\n<\/ul>\n<p>Ver tambi\u00e9n \u00abTextos complementarios\u00bb y S\u00edgueme V, p. 596; Sis) XI 3, p. 252.<\/p>\n<ul>\n<li><em>\u00bfPara qu\u00e9 piden Hijas de la Caridad?<\/em><\/li>\n<li><em>\u00bfQui\u00e9n transmite la petici\u00f3n?<\/em><\/li>\n<\/ul>\n<p><strong>LAS PETICIONES SE ESTUDIAN DETENIDAMENTE<\/strong><\/p>\n<p><em>\u00abHa sido necesario dejar pasar cierto tiempo para probar esta llamada\u00bb <\/em>L. M. p. 783.<\/p>\n<ul>\n<li><em>\u00bfEn qu\u00e9 fecha recibieron los <\/em><em>Fundadores las <\/em><em>peticiones? <\/em>Para:\n<ul>\n<li>Montreuil<\/li>\n<li>San Dionisio<\/li>\n<li>Beaufort<\/li>\n<li>Hospital de Recluidos de Angers<\/li>\n<li>Chfiteaudun<\/li>\n<\/ul>\n<\/li>\n<\/ul>\n<p>Ver textos complementarios\u00bb Saint Mulo \u2013 Ver s\u00edgueme VI, p. 67.<\/p>\n<\/div>\n<ul>\n<li><em>\u00bfC\u00f3mo y cu\u00e1ndo respondieron? <\/em>Para:\n<ul>\n<li>Beaufort<\/li>\n<li>San Dionisio<\/li>\n<li>Montreui I<\/li>\n<li>Hospital de Recluidos<\/li>\n<\/ul>\n<\/li>\n<\/ul>\n<p>Ver \u00abTextos complementarios\u00bb Ch\u00e1teaudun \u2014 Ver S\u00edgueme X, p. 807 Saint Malo \u2014 Ver S\u00edgueme VI, p. 67<\/p>\n<p>Podr\u00eda ser interesante estudiar del mismo modo el conjunto de los estable\u00adcimientos.<\/p>\n<p><strong>LAS RESPUESTAS ESTAN MOTIVADAS<\/strong><\/p>\n<p>A lo largo de su reflexi\u00f3n, los Fundadores quieren asegurar:<\/p>\n<ul>\n<li><em>\u00abQue todas las cosas se hagan para la gloria de Dios y para el bien <\/em><em>de los Pobres.\u00bb<\/em><\/li>\n<li>\u00bfCu\u00e1les son las razones que movieron a los Fundadores a dar una respuesta afirmativa a la petici\u00f3n que se les hab\u00eda hecho?<\/li>\n<\/ul>\n<p><strong>C\u00d3MO SE \u00abACOMPA\u00d1A\u00bb A LAS HERMANAS<\/strong><\/p>\n<p>San Vicente y Santa Luisa, respondiendo a las llamadas de su tiempo, env\u00edan Hijas de la Caridad al encuentro de los Pobres. Saben que:<\/p>\n<ul>\n<li><em>se puede \u00abgozar de la dulzura y suavidad que hay en servir a los <\/em><em>Pobres\u00bb <\/em>L. M. p. 364. Tambi\u00e9n que:<\/li>\n<li><em>\u00abel ejercicio que Dios ha tenido la bondad de encomendarle es muy <\/em><em>penoso y en apariencia sin consuelo\u00bb <\/em>L. M. 357.<\/li>\n<\/ul>\n<p><strong>EL ENV\u00cdO A MISI\u00d3N<\/strong><\/p>\n<p>En el momento de la partida, los Fundadores vuelven a recordar a las Her\u00admanas lo que es una Hija de la Caridad, su esp\u00edritu, c\u00f3mo deber\u00e1 vivir su servicio en el lugar al que son enviadas.<\/p>\n<ul>\n<li><em>\u00bfC\u00f3mo presentan los Fundadores el Carisma de la Compa\u00f1\u00eda\u00bb a <\/em><em>las Hermanas que son enviadas a misi\u00f3n?<\/em><\/li>\n<li><em>\u00bfQu\u00e9 diferencias se encuentran entre esta presentaci\u00f3n y lo que <\/em><em>el se\u00f1or Vicente expuso en su primera Conferencia a las Hijas <\/em><em>de la Caridad el 30 de julio de y la Se\u00f1orita en su carta <\/em><em>a la Superiora de las Benedictinas de Argenteuil el 16 de mayo <\/em><em>de 1639?<\/em><em><br \/>\n<\/em><\/li>\n<\/ul>\n<p>Ver los diferentes env\u00edos a misi\u00f3n. A: Le Mans, Montreuil, Polonia. Ver \u00abTextos complementarlos. Hennebont y Montinirall &#8211; Ver \u00abConferencias Espirituales a las Hijas de la Caridad p. 398. Nantes \u2014 Id. p 472 Sedan \u2014 Id. p 509 La Fere \u2014 Id. p. 637 Arras \u2014 Id. p. 654 Ussel \u2014 Id. p. 820 Calais \u2014 Id. p. 869 Metz \u2014 Id. p. 875 Cahors \u2014 Id. p. 890 Narbona \u2014 Id. p. 949<\/p>\n<p><strong>COMUNICACION CON LOS SUPERIORES<\/strong><\/p>\n<p>En el momento de la partida, los Fundadores piden las Hermanas que es\u00adcriban con regularidad para dar noticias suyas.<\/p>\n<ul>\n<li><em>\u00bfCu\u00e1les son las alegr\u00edas que encuentran las Hermanas en su ser\u00ad<\/em><em>vicio a los Pobres?<\/em><\/li>\n<li><em>\u00bfQu\u00e9 dificultades tienen que afrontar?<\/em><\/li>\n<li><em>\u00bfQu\u00e9 consejos piden a los Fundadores?<\/em><\/li>\n<\/ul>\n<p>Escoger las cartas de una u otra casa para hacer este es\u00adtudio (Ver Textos Complementarios\u00bb).<\/p>\n<p>En determinados lugares, los administradores se ven obligados por dificultades importantes a decidir <em>la <\/em>retirada de las Hermanas.<\/p>\n<ul>\n<li><em>\u00bfCu\u00e1les son <\/em><em>las razones <\/em><em>de tal decisi\u00f3n?<\/em><\/li>\n<\/ul>\n<p>Ver Le Mans, S\u00edgueme II, p. 513 y Textos Complementarios Montreuil, S\u00edgueme IV, p. 24. Chars,\u00a0 Chantilly. Ver Textos Complementarios.<\/p>\n<p><strong>UNA INTERPRETACI\u00d3N PARA HOY<\/strong><\/p>\n<p style=\"padding-left: 30px\"><em>\u00abDios sea bendito por todo y d\u00e9 fortaleza y generosidad a la Com\u00ad<\/em><em>pa\u00f1\u00eda para mantenerse en el esp\u00edritu primitivo que Jes\u00fas puso en <\/em><em>ella, por el suyo y sus santas m\u00e1ximas. D\u00e9monos a Dios frecuentemente para obtener de su Bondad esa gene\u00ad<\/em><em>rosidad que necesitamos para gloria de sus designios sobre la Com\u00ad<\/em><em>pa\u00f1\u00eda.\u00bb<\/em> Luisa de Marillac a Margarita Ch\u00e9tif, el 10 de enero de 1660, L. M. p. 668.<\/p>\n<p>Como las primeras Hermanas, yo he sido enviada a misi\u00f3n. Integrada en una Comunidad local, me esfuerzo por vivir esta misi\u00f3n en fidelidad a las Constitu\u00adciones.<\/p>\n<ul>\n<li><em>\u00bfEncuento en mi servicio las caracter\u00edsticas del esp\u00edritu vicen<\/em><em>ciano?<\/em><\/li>\n<li><em>\u00bfS\u00e9 compartir mis alegr\u00edas y mis dificultades con los que han <\/em><em>recibido una misi\u00f3n de autoridad en la Compa\u00f1\u00eda?<\/em><\/li>\n<li><em>\u00bfSoy fiel en transmitir las nuevas llamadas de los nuevos Pobres?<\/em><\/li>\n<li><em>\u00bfS\u00e9 aceptar un tiempo de espera entre una petici\u00f3n y una res\u00ad<\/em><em>puesta?<\/em><\/li>\n<li><em>\u00bfMe tomo el tiempo para dar cuenta de mi servicio? \u00bfA qui\u00e9n? <\/em><em>\u00bfC\u00f3mo?<\/em><\/li>\n<\/ul>\n<p style=\"padding-left: 30px\"><em>\u00a0Pido a Dios les conceda la gracia de perse\u00ad<\/em><em>verar en su vocaci\u00f3n para servirle de la ma\u00ad<\/em><em>nera que les pide de ustedes.<\/em> Testamento de Santa Luisa, L. M. p. 823<\/p>\n","protected":false},"excerpt":{"rendered":"<p>Las primeras Hijas de la Caridad llegan a las parroquias de Par\u00eds para estar al servicio de las Cofrad\u00edas de la Caridad. Muy pronto las piden de lejos: Richelieu, Angers, Sedan&#8230; Cada a\u00f1o las llamadas &#8230; <a href=\"https:\/\/vincentians.com\/es\/el-espiritu-modela\/\" class=\"more-link\">Read More<\/a><\/p>\n","protected":false},"author":5,"featured_media":401146,"comment_status":"open","ping_status":"open","sticky":false,"template":"","format":"standard","meta":{"jetpack_post_was_ever_published":false,"_jetpack_newsletter_access":"","_jetpack_dont_email_post_to_subs":false,"_jetpack_newsletter_tier_id":0,"_jetpack_memberships_contains_paywalled_content":false,"_jetpack_memberships_contains_paid_content":false,"footnotes":"","jetpack_publicize_message":"","jetpack_publicize_feature_enabled":true,"jetpack_social_post_already_shared":true,"jetpack_social_options":{"image_generator_settings":{"template":"highway","default_image_id":0,"font":"","enabled":false},"version":2}},"categories":[237],"tags":[146,138],"class_list":["post-54488","post","type-post","status-publish","format-standard","has-post-thumbnail","hentry","category-historia-de-las-hijas-de-la-caridad","tag-argente","tag-montreuil"],"yoast_head":"<!-- This site is optimized with the Yoast SEO plugin v26.3 - https:\/\/yoast.com\/wordpress\/plugins\/seo\/ -->\n<title>El esp\u00edritu modela... - Somos Vicencianos<\/title>\n<meta name=\"robots\" content=\"index, follow, max-snippet:-1, max-image-preview:large, max-video-preview:-1\" \/>\n<link rel=\"canonical\" href=\"https:\/\/vincentians.com\/es\/el-espiritu-modela\/\" \/>\n<meta property=\"og:locale\" content=\"es_ES\" \/>\n<meta property=\"og:type\" content=\"article\" \/>\n<meta property=\"og:title\" content=\"El esp\u00edritu modela... - Somos Vicencianos\" \/>\n<meta property=\"og:description\" content=\"Las primeras Hijas de la Caridad llegan a las parroquias de Par\u00eds para estar al servicio de las Cofrad\u00edas de la Caridad. Muy pronto las piden de lejos: Richelieu, Angers, Sedan&#8230; Cada a\u00f1o las llamadas ... Read More\" \/>\n<meta property=\"og:url\" content=\"https:\/\/vincentians.com\/es\/el-espiritu-modela\/\" \/>\n<meta property=\"og:site_name\" content=\"Somos Vicencianos\" \/>\n<meta property=\"article:publisher\" content=\"https:\/\/www.facebook.com\/WeAreVincentians\/\" \/>\n<meta property=\"article:published_time\" content=\"2019-06-29T06:00:07+00:00\" \/>\n<meta property=\"og:image\" content=\"https:\/\/i0.wp.com\/vincentians.com\/es\/wp-content\/uploads\/sites\/11\/2017\/07\/San-Vicente-7.jpg?fit=600%2C416&ssl=1\" \/>\n\t<meta property=\"og:image:width\" content=\"600\" \/>\n\t<meta property=\"og:image:height\" content=\"416\" \/>\n\t<meta property=\"og:image:type\" content=\"image\/jpeg\" \/>\n<meta name=\"author\" content=\"Mitxel Olabu\u00e9naga\" \/>\n<meta name=\"twitter:card\" content=\"summary_large_image\" \/>\n<meta name=\"twitter:creator\" content=\"@WeVincentians\" \/>\n<meta name=\"twitter:site\" content=\"@WeVincentians\" \/>\n<meta name=\"twitter:label1\" content=\"Escrito por\" \/>\n\t<meta name=\"twitter:data1\" content=\"Mitxel Olabu\u00e9naga\" \/>\n\t<meta name=\"twitter:label2\" content=\"Tiempo de lectura\" \/>\n\t<meta name=\"twitter:data2\" content=\"5 minutos\" \/>\n<script type=\"application\/ld+json\" class=\"yoast-schema-graph\">{\"@context\":\"https:\/\/schema.org\",\"@graph\":[{\"@type\":\"Article\",\"@id\":\"https:\/\/vincentians.com\/es\/el-espiritu-modela\/#article\",\"isPartOf\":{\"@id\":\"https:\/\/vincentians.com\/es\/el-espiritu-modela\/\"},\"author\":{\"name\":\"Mitxel Olabu\u00e9naga\",\"@id\":\"http:\/\/vincentians.com\/es\/#\/schema\/person\/7c2670b4445a7ca9d164ea6acdb31859\"},\"headline\":\"El esp\u00edritu modela&#8230;\",\"datePublished\":\"2019-06-29T06:00:07+00:00\",\"mainEntityOfPage\":{\"@id\":\"https:\/\/vincentians.com\/es\/el-espiritu-modela\/\"},\"wordCount\":1013,\"commentCount\":0,\"publisher\":{\"@id\":\"http:\/\/vincentians.com\/es\/#organization\"},\"image\":{\"@id\":\"https:\/\/vincentians.com\/es\/el-espiritu-modela\/#primaryimage\"},\"thumbnailUrl\":\"https:\/\/i0.wp.com\/vincentians.com\/es\/wp-content\/uploads\/sites\/11\/2017\/07\/San-Vicente-7.jpg?fit=600%2C416&ssl=1\",\"keywords\":[\"Argente\",\"Montreuil\"],\"articleSection\":[\"Historia de las Hijas de la Caridad\"],\"inLanguage\":\"es\",\"potentialAction\":[{\"@type\":\"CommentAction\",\"name\":\"Comment\",\"target\":[\"https:\/\/vincentians.com\/es\/el-espiritu-modela\/#respond\"]}]},{\"@type\":\"WebPage\",\"@id\":\"https:\/\/vincentians.com\/es\/el-espiritu-modela\/\",\"url\":\"https:\/\/vincentians.com\/es\/el-espiritu-modela\/\",\"name\":\"El esp\u00edritu modela... - Somos Vicencianos\",\"isPartOf\":{\"@id\":\"http:\/\/vincentians.com\/es\/#website\"},\"primaryImageOfPage\":{\"@id\":\"https:\/\/vincentians.com\/es\/el-espiritu-modela\/#primaryimage\"},\"image\":{\"@id\":\"https:\/\/vincentians.com\/es\/el-espiritu-modela\/#primaryimage\"},\"thumbnailUrl\":\"https:\/\/i0.wp.com\/vincentians.com\/es\/wp-content\/uploads\/sites\/11\/2017\/07\/San-Vicente-7.jpg?fit=600%2C416&ssl=1\",\"datePublished\":\"2019-06-29T06:00:07+00:00\",\"breadcrumb\":{\"@id\":\"https:\/\/vincentians.com\/es\/el-espiritu-modela\/#breadcrumb\"},\"inLanguage\":\"es\",\"potentialAction\":[{\"@type\":\"ReadAction\",\"target\":[\"https:\/\/vincentians.com\/es\/el-espiritu-modela\/\"]}]},{\"@type\":\"ImageObject\",\"inLanguage\":\"es\",\"@id\":\"https:\/\/vincentians.com\/es\/el-espiritu-modela\/#primaryimage\",\"url\":\"https:\/\/i0.wp.com\/vincentians.com\/es\/wp-content\/uploads\/sites\/11\/2017\/07\/San-Vicente-7.jpg?fit=600%2C416&ssl=1\",\"contentUrl\":\"https:\/\/i0.wp.com\/vincentians.com\/es\/wp-content\/uploads\/sites\/11\/2017\/07\/San-Vicente-7.jpg?fit=600%2C416&ssl=1\",\"width\":600,\"height\":416},{\"@type\":\"BreadcrumbList\",\"@id\":\"https:\/\/vincentians.com\/es\/el-espiritu-modela\/#breadcrumb\",\"itemListElement\":[{\"@type\":\"ListItem\",\"position\":1,\"name\":\"Portada\",\"item\":\"http:\/\/vincentians.com\/es\/\"},{\"@type\":\"ListItem\",\"position\":2,\"name\":\"El esp\u00edritu modela&#8230;\"}]},{\"@type\":\"WebSite\",\"@id\":\"http:\/\/vincentians.com\/es\/#website\",\"url\":\"http:\/\/vincentians.com\/es\/\",\"name\":\"Somos Vicencianos\",\"description\":\"Know more to serve more\",\"publisher\":{\"@id\":\"http:\/\/vincentians.com\/es\/#organization\"},\"potentialAction\":[{\"@type\":\"SearchAction\",\"target\":{\"@type\":\"EntryPoint\",\"urlTemplate\":\"http:\/\/vincentians.com\/es\/?s={search_term_string}\"},\"query-input\":{\"@type\":\"PropertyValueSpecification\",\"valueRequired\":true,\"valueName\":\"search_term_string\"}}],\"inLanguage\":\"es\"},{\"@type\":\"Organization\",\"@id\":\"http:\/\/vincentians.com\/es\/#organization\",\"name\":\"The Vincentian Network\",\"url\":\"http:\/\/vincentians.com\/es\/\",\"logo\":{\"@type\":\"ImageObject\",\"inLanguage\":\"es\",\"@id\":\"http:\/\/vincentians.com\/es\/#\/schema\/logo\/image\/\",\"url\":\"https:\/\/i1.wp.com\/vincentians.com\/es\/wp-content\/uploads\/sites\/11\/2016\/06\/Vincentian-Network-logo-big.png?fit=778%2C778\",\"contentUrl\":\"https:\/\/i1.wp.com\/vincentians.com\/es\/wp-content\/uploads\/sites\/11\/2016\/06\/Vincentian-Network-logo-big.png?fit=778%2C778\",\"width\":778,\"height\":778,\"caption\":\"The Vincentian Network\"},\"image\":{\"@id\":\"http:\/\/vincentians.com\/es\/#\/schema\/logo\/image\/\"},\"sameAs\":[\"https:\/\/www.facebook.com\/WeAreVincentians\/\",\"https:\/\/x.com\/WeVincentians\"]},{\"@type\":\"Person\",\"@id\":\"http:\/\/vincentians.com\/es\/#\/schema\/person\/7c2670b4445a7ca9d164ea6acdb31859\",\"name\":\"Mitxel Olabu\u00e9naga\",\"image\":{\"@type\":\"ImageObject\",\"inLanguage\":\"es\",\"@id\":\"http:\/\/vincentians.com\/es\/#\/schema\/person\/image\/\",\"url\":\"https:\/\/secure.gravatar.com\/avatar\/34137ec2e2b8939cbbed975731e71f3f4f1defc7266ded337a5ce0f925426877?s=96&d=mm&r=g\",\"contentUrl\":\"https:\/\/secure.gravatar.com\/avatar\/34137ec2e2b8939cbbed975731e71f3f4f1defc7266ded337a5ce0f925426877?s=96&d=mm&r=g\",\"caption\":\"Mitxel Olabu\u00e9naga\"},\"url\":\"https:\/\/vincentians.com\/es\/author\/mitxel\/\"}]}<\/script>\n<!-- \/ Yoast SEO plugin. -->","yoast_head_json":{"title":"El esp\u00edritu modela... - Somos Vicencianos","robots":{"index":"index","follow":"follow","max-snippet":"max-snippet:-1","max-image-preview":"max-image-preview:large","max-video-preview":"max-video-preview:-1"},"canonical":"https:\/\/vincentians.com\/es\/el-espiritu-modela\/","og_locale":"es_ES","og_type":"article","og_title":"El esp\u00edritu modela... - Somos Vicencianos","og_description":"Las primeras Hijas de la Caridad llegan a las parroquias de Par\u00eds para estar al servicio de las Cofrad\u00edas de la Caridad. Muy pronto las piden de lejos: Richelieu, Angers, Sedan&#8230; Cada a\u00f1o las llamadas ... Read More","og_url":"https:\/\/vincentians.com\/es\/el-espiritu-modela\/","og_site_name":"Somos Vicencianos","article_publisher":"https:\/\/www.facebook.com\/WeAreVincentians\/","article_published_time":"2019-06-29T06:00:07+00:00","og_image":[{"width":600,"height":416,"url":"https:\/\/i0.wp.com\/vincentians.com\/es\/wp-content\/uploads\/sites\/11\/2017\/07\/San-Vicente-7.jpg?fit=600%2C416&ssl=1","type":"image\/jpeg"}],"author":"Mitxel Olabu\u00e9naga","twitter_card":"summary_large_image","twitter_creator":"@WeVincentians","twitter_site":"@WeVincentians","twitter_misc":{"Escrito por":"Mitxel Olabu\u00e9naga","Tiempo de lectura":"5 minutos"},"schema":{"@context":"https:\/\/schema.org","@graph":[{"@type":"Article","@id":"https:\/\/vincentians.com\/es\/el-espiritu-modela\/#article","isPartOf":{"@id":"https:\/\/vincentians.com\/es\/el-espiritu-modela\/"},"author":{"name":"Mitxel Olabu\u00e9naga","@id":"http:\/\/vincentians.com\/es\/#\/schema\/person\/7c2670b4445a7ca9d164ea6acdb31859"},"headline":"El esp\u00edritu modela&#8230;","datePublished":"2019-06-29T06:00:07+00:00","mainEntityOfPage":{"@id":"https:\/\/vincentians.com\/es\/el-espiritu-modela\/"},"wordCount":1013,"commentCount":0,"publisher":{"@id":"http:\/\/vincentians.com\/es\/#organization"},"image":{"@id":"https:\/\/vincentians.com\/es\/el-espiritu-modela\/#primaryimage"},"thumbnailUrl":"https:\/\/i0.wp.com\/vincentians.com\/es\/wp-content\/uploads\/sites\/11\/2017\/07\/San-Vicente-7.jpg?fit=600%2C416&ssl=1","keywords":["Argente","Montreuil"],"articleSection":["Historia de las Hijas de la Caridad"],"inLanguage":"es","potentialAction":[{"@type":"CommentAction","name":"Comment","target":["https:\/\/vincentians.com\/es\/el-espiritu-modela\/#respond"]}]},{"@type":"WebPage","@id":"https:\/\/vincentians.com\/es\/el-espiritu-modela\/","url":"https:\/\/vincentians.com\/es\/el-espiritu-modela\/","name":"El esp\u00edritu modela... - Somos Vicencianos","isPartOf":{"@id":"http:\/\/vincentians.com\/es\/#website"},"primaryImageOfPage":{"@id":"https:\/\/vincentians.com\/es\/el-espiritu-modela\/#primaryimage"},"image":{"@id":"https:\/\/vincentians.com\/es\/el-espiritu-modela\/#primaryimage"},"thumbnailUrl":"https:\/\/i0.wp.com\/vincentians.com\/es\/wp-content\/uploads\/sites\/11\/2017\/07\/San-Vicente-7.jpg?fit=600%2C416&ssl=1","datePublished":"2019-06-29T06:00:07+00:00","breadcrumb":{"@id":"https:\/\/vincentians.com\/es\/el-espiritu-modela\/#breadcrumb"},"inLanguage":"es","potentialAction":[{"@type":"ReadAction","target":["https:\/\/vincentians.com\/es\/el-espiritu-modela\/"]}]},{"@type":"ImageObject","inLanguage":"es","@id":"https:\/\/vincentians.com\/es\/el-espiritu-modela\/#primaryimage","url":"https:\/\/i0.wp.com\/vincentians.com\/es\/wp-content\/uploads\/sites\/11\/2017\/07\/San-Vicente-7.jpg?fit=600%2C416&ssl=1","contentUrl":"https:\/\/i0.wp.com\/vincentians.com\/es\/wp-content\/uploads\/sites\/11\/2017\/07\/San-Vicente-7.jpg?fit=600%2C416&ssl=1","width":600,"height":416},{"@type":"BreadcrumbList","@id":"https:\/\/vincentians.com\/es\/el-espiritu-modela\/#breadcrumb","itemListElement":[{"@type":"ListItem","position":1,"name":"Portada","item":"http:\/\/vincentians.com\/es\/"},{"@type":"ListItem","position":2,"name":"El esp\u00edritu modela&#8230;"}]},{"@type":"WebSite","@id":"http:\/\/vincentians.com\/es\/#website","url":"http:\/\/vincentians.com\/es\/","name":"Somos Vicencianos","description":"Know more to serve more","publisher":{"@id":"http:\/\/vincentians.com\/es\/#organization"},"potentialAction":[{"@type":"SearchAction","target":{"@type":"EntryPoint","urlTemplate":"http:\/\/vincentians.com\/es\/?s={search_term_string}"},"query-input":{"@type":"PropertyValueSpecification","valueRequired":true,"valueName":"search_term_string"}}],"inLanguage":"es"},{"@type":"Organization","@id":"http:\/\/vincentians.com\/es\/#organization","name":"The Vincentian Network","url":"http:\/\/vincentians.com\/es\/","logo":{"@type":"ImageObject","inLanguage":"es","@id":"http:\/\/vincentians.com\/es\/#\/schema\/logo\/image\/","url":"https:\/\/i1.wp.com\/vincentians.com\/es\/wp-content\/uploads\/sites\/11\/2016\/06\/Vincentian-Network-logo-big.png?fit=778%2C778","contentUrl":"https:\/\/i1.wp.com\/vincentians.com\/es\/wp-content\/uploads\/sites\/11\/2016\/06\/Vincentian-Network-logo-big.png?fit=778%2C778","width":778,"height":778,"caption":"The Vincentian Network"},"image":{"@id":"http:\/\/vincentians.com\/es\/#\/schema\/logo\/image\/"},"sameAs":["https:\/\/www.facebook.com\/WeAreVincentians\/","https:\/\/x.com\/WeVincentians"]},{"@type":"Person","@id":"http:\/\/vincentians.com\/es\/#\/schema\/person\/7c2670b4445a7ca9d164ea6acdb31859","name":"Mitxel Olabu\u00e9naga","image":{"@type":"ImageObject","inLanguage":"es","@id":"http:\/\/vincentians.com\/es\/#\/schema\/person\/image\/","url":"https:\/\/secure.gravatar.com\/avatar\/34137ec2e2b8939cbbed975731e71f3f4f1defc7266ded337a5ce0f925426877?s=96&d=mm&r=g","contentUrl":"https:\/\/secure.gravatar.com\/avatar\/34137ec2e2b8939cbbed975731e71f3f4f1defc7266ded337a5ce0f925426877?s=96&d=mm&r=g","caption":"Mitxel Olabu\u00e9naga"},"url":"https:\/\/vincentians.com\/es\/author\/mitxel\/"}]}},"jetpack_publicize_connections":[],"jetpack_featured_media_url":"https:\/\/i0.wp.com\/vincentians.com\/es\/wp-content\/uploads\/sites\/11\/2017\/07\/San-Vicente-7.jpg?fit=600%2C416&ssl=1","jetpack_sharing_enabled":true,"jetpack_shortlink":"https:\/\/wp.me\/p7ETMF-eaQ","jetpack-related-posts":[{"id":143274,"url":"https:\/\/vincentians.com\/es\/la-hija-de-la-caridad-docente-segun-san-vicente\/","url_meta":{"origin":54488,"position":0},"title":"La Hija de la Caridad docente, seg\u00fan san Vicente","author":"Francisco Javier Fern\u00e1ndez Chento","date":"17\/04\/2015","format":false,"excerpt":"Antes de reflexionar sobre el tema \u201cLa Hija de la Caridad docente\u201d, convendr\u00eda evocar la experiencia de estudiante y de docente de san Vicente, al menos por dos razones: Vicente de Pa\u00fal siempre dio una importancia capital a la experiencia; y todo lo que vivi\u00f3 como estudiante, luego como docente,\u2026","rel":"","context":"En \u00abHijas de la Caridad\u00bb","block_context":{"text":"Hijas de la Caridad","link":"https:\/\/vincentians.com\/es\/category\/la-familia-vicenciana\/ramas\/hijas-de-la-caridad\/"},"img":{"alt_text":"cochoapa+practica+prof+108","src":"https:\/\/i0.wp.com\/vicencianos.org\/wp-content\/2015\/04\/cochoapa-practica-prof-108-300x225.jpg?resize=350%2C200","width":350,"height":200},"classes":[]},{"id":134894,"url":"https:\/\/vincentians.com\/es\/apostoles-de-la-caridad\/","url_meta":{"origin":54488,"position":1},"title":"\u00abAp\u00f3stoles de la Caridad\u00bb","author":"Francisco Javier Fern\u00e1ndez Chento","date":"16\/01\/2015","format":false,"excerpt":"\"Los pobres en el centro\", \"volver a partir desde los \u00faltimos\": son algunos de los dichos en uso en la Iglesia durante los a\u00f1os del Concilio Ecum\u00e9nico Vaticano II y despu\u00e9s. Partiendo del presupuesto de que la pobreza es el signo de la Encarnaci\u00f3n y lo debe ser, por consiguiente,\u2026","rel":"","context":"En \u00abHijas de la Caridad\u00bb","block_context":{"text":"Hijas de la Caridad","link":"https:\/\/vincentians.com\/es\/category\/la-familia-vicenciana\/ramas\/hijas-de-la-caridad\/"},"img":{"alt_text":"apostoles caridad","src":"https:\/\/i0.wp.com\/vicencianos.org\/wp-content\/2015\/01\/apostoles-caridad-300x196.jpg?resize=350%2C200","width":350,"height":200},"classes":[]},{"id":101783,"url":"https:\/\/vincentians.com\/es\/servir-como-hija-de-la-caridad\/","url_meta":{"origin":54488,"position":2},"title":"Servir como Hija de la Caridad","author":"Francisco Javier Fern\u00e1ndez Chento","date":"12\/10\/2018","format":false,"excerpt":"\"El fin principal para el que Dios ha llamado y reunido a las Hijas de la Caridad es para honrar a Nuestro Se\u00ad\u00f1or Jesucristo como Manantial y Modelo de toda Ca\u00adridad, sirvi\u00e9ndole corporal y espiritualmente en la per\u00adsona de los pobres...\" San Vicente coment\u00f3 con frecuencia este texto de las\u2026","rel":"","context":"En \u00abHijas de la Caridad\u00bb","block_context":{"text":"Hijas de la Caridad","link":"https:\/\/vincentians.com\/es\/category\/la-familia-vicenciana\/ramas\/hijas-de-la-caridad\/"},"img":{"alt_text":"","src":"https:\/\/i0.wp.com\/vincentians.com\/es\/wp-content\/uploads\/sites\/11\/2016\/09\/vincentian-missionarie.jpg?fit=846%2C444&ssl=1&resize=350%2C200","width":350,"height":200,"srcset":"https:\/\/i0.wp.com\/vincentians.com\/es\/wp-content\/uploads\/sites\/11\/2016\/09\/vincentian-missionarie.jpg?fit=846%2C444&ssl=1&resize=350%2C200 1x, https:\/\/i0.wp.com\/vincentians.com\/es\/wp-content\/uploads\/sites\/11\/2016\/09\/vincentian-missionarie.jpg?fit=846%2C444&ssl=1&resize=525%2C300 1.5x, https:\/\/i0.wp.com\/vincentians.com\/es\/wp-content\/uploads\/sites\/11\/2016\/09\/vincentian-missionarie.jpg?fit=846%2C444&ssl=1&resize=700%2C400 2x"},"classes":[]},{"id":125283,"url":"https:\/\/vincentians.com\/es\/un-enamorado-de-los-pobres-san-vicente-de-paul-1581-1660\/","url_meta":{"origin":54488,"position":3},"title":"Un enamorado de los pobres: San Vicente de Pa\u00fal (1581-1660)","author":"Francisco Javier Fern\u00e1ndez Chento","date":"15\/11\/2013","format":false,"excerpt":"Fundador de la Congregaci\u00f3n de la Misi\u00f3n (Misioneros Pa\u00fales) en 1625 y de las Hijas de la Caridad en 1633 Pocos hombres en la Historia y pocos corazones en el mundo han tenido el amor a los pobres que manifest\u00f3 S. Vicente de Pa\u00fal. Su figura resulta esencialmente inseparable del\u2026","rel":"","context":"En \u00abVicente de Pa\u00fal\u00bb","block_context":{"text":"Vicente de Pa\u00fal","link":"https:\/\/vincentians.com\/es\/category\/la-familia-vicenciana\/fundadores\/vicente-de-paul\/"},"img":{"alt_text":"08DIV","src":"https:\/\/i0.wp.com\/vicencianos.org\/wp-content\/2013\/11\/08DIV-300x190.jpg?resize=350%2C200","width":350,"height":200},"classes":[]},{"id":126682,"url":"https:\/\/vincentians.com\/es\/al-servicio-de-los-pobres-ii\/","url_meta":{"origin":54488,"position":4},"title":"Al servicio de los pobres (II)","author":"Francisco Javier Fern\u00e1ndez Chento","date":"05\/02\/2024","format":false,"excerpt":"Informes juiciosos En Sannois, por ejemplo, es la tesorera la encargada de preparar el alimento de los pobres enfermos; si est\u00e1 muy cansada puede ser reemplazada de este servicio aportando una cantidad de dinero. Pero \u00e9sta no es la caridad del con\u00adtacto personal... Luisa lo deplora con raz\u00f3n, como tambi\u00e9n\u2026","rel":"","context":"En \u00abFormaci\u00f3n Vicenciana\u00bb","block_context":{"text":"Formaci\u00f3n Vicenciana","link":"https:\/\/vincentians.com\/es\/category\/formacion-vicenciana\/"},"img":{"alt_text":"","src":"https:\/\/i0.wp.com\/vincentians.com\/es\/wp-content\/uploads\/sites\/11\/2013\/04\/n-1.jpg?fit=823%2C564&ssl=1&resize=350%2C200","width":350,"height":200,"srcset":"https:\/\/i0.wp.com\/vincentians.com\/es\/wp-content\/uploads\/sites\/11\/2013\/04\/n-1.jpg?fit=823%2C564&ssl=1&resize=350%2C200 1x, https:\/\/i0.wp.com\/vincentians.com\/es\/wp-content\/uploads\/sites\/11\/2013\/04\/n-1.jpg?fit=823%2C564&ssl=1&resize=525%2C300 1.5x, https:\/\/i0.wp.com\/vincentians.com\/es\/wp-content\/uploads\/sites\/11\/2013\/04\/n-1.jpg?fit=823%2C564&ssl=1&resize=700%2C400 2x"},"classes":[]},{"id":387367,"url":"https:\/\/vincentians.com\/es\/la-provincia-espanola-de-las-hijas-de-la-caridad-preambulo\/","url_meta":{"origin":54488,"position":5},"title":"La Provincia espa\u00f1ola de las Hijas de la Caridad (Pre\u00e1mbulo)","author":"Mitxel Olabu\u00e9naga","date":"25\/04\/2016","format":false,"excerpt":"Or\u00edgenes de las Hijas de la Caridad. Corr\u00eda el primer tercio del siglo XVII y San Vicente de Pa\u00fal, cual otro Mois\u00e9s, hab\u00eda querido ya con la vara m\u00e1gica de su caridad, la fr\u00eda roca del egoismo de aquella sociedad tan olvidada de los pobres. Un r\u00edo de misericordia se\u2026","rel":"","context":"En \u00abHistoria de las Hijas de la Caridad\u00bb","block_context":{"text":"Historia de las Hijas de la Caridad","link":"https:\/\/vincentians.com\/es\/category\/historia-de-la-familia-vicenciana\/historia-de-las-hijas-de-la-caridad\/"},"img":{"alt_text":"","src":"https:\/\/i0.wp.com\/vincentians.com\/es\/wp-content\/uploads\/sites\/11\/2016\/07\/hijas-caridad-espanya.jpg?fit=1200%2C630&ssl=1&resize=350%2C200","width":350,"height":200,"srcset":"https:\/\/i0.wp.com\/vincentians.com\/es\/wp-content\/uploads\/sites\/11\/2016\/07\/hijas-caridad-espanya.jpg?fit=1200%2C630&ssl=1&resize=350%2C200 1x, https:\/\/i0.wp.com\/vincentians.com\/es\/wp-content\/uploads\/sites\/11\/2016\/07\/hijas-caridad-espanya.jpg?fit=1200%2C630&ssl=1&resize=525%2C300 1.5x, https:\/\/i0.wp.com\/vincentians.com\/es\/wp-content\/uploads\/sites\/11\/2016\/07\/hijas-caridad-espanya.jpg?fit=1200%2C630&ssl=1&resize=700%2C400 2x, https:\/\/i0.wp.com\/vincentians.com\/es\/wp-content\/uploads\/sites\/11\/2016\/07\/hijas-caridad-espanya.jpg?fit=1200%2C630&ssl=1&resize=1050%2C600 3x"},"classes":[]}],"_links":{"self":[{"href":"https:\/\/vincentians.com\/es\/wp-json\/wp\/v2\/posts\/54488","targetHints":{"allow":["GET"]}}],"collection":[{"href":"https:\/\/vincentians.com\/es\/wp-json\/wp\/v2\/posts"}],"about":[{"href":"https:\/\/vincentians.com\/es\/wp-json\/wp\/v2\/types\/post"}],"author":[{"embeddable":true,"href":"https:\/\/vincentians.com\/es\/wp-json\/wp\/v2\/users\/5"}],"replies":[{"embeddable":true,"href":"https:\/\/vincentians.com\/es\/wp-json\/wp\/v2\/comments?post=54488"}],"version-history":[{"count":1,"href":"https:\/\/vincentians.com\/es\/wp-json\/wp\/v2\/posts\/54488\/revisions"}],"predecessor-version":[{"id":402332,"href":"https:\/\/vincentians.com\/es\/wp-json\/wp\/v2\/posts\/54488\/revisions\/402332"}],"wp:featuredmedia":[{"embeddable":true,"href":"https:\/\/vincentians.com\/es\/wp-json\/wp\/v2\/media\/401146"}],"wp:attachment":[{"href":"https:\/\/vincentians.com\/es\/wp-json\/wp\/v2\/media?parent=54488"}],"wp:term":[{"taxonomy":"category","embeddable":true,"href":"https:\/\/vincentians.com\/es\/wp-json\/wp\/v2\/categories?post=54488"},{"taxonomy":"post_tag","embeddable":true,"href":"https:\/\/vincentians.com\/es\/wp-json\/wp\/v2\/tags?post=54488"}],"curies":[{"name":"wp","href":"https:\/\/api.w.org\/{rel}","templated":true}]}}