{"id":5409,"date":"2023-07-07T08:11:47","date_gmt":"2023-07-07T06:11:47","guid":{"rendered":"http:\/\/somos.vicencianos.org\/blog\/?p=5409"},"modified":"2023-04-15T12:33:14","modified_gmt":"2023-04-15T10:33:14","slug":"la-empatia-en-san-vicente","status":"publish","type":"post","link":"https:\/\/vincentians.com\/es\/la-empatia-en-san-vicente\/","title":{"rendered":"La empat\u00eda en San Vicente"},"content":{"rendered":"<p>El t\u00edtulo de la tesis doctoral (1916) de Edith Stein es <em>El Problema de la empat\u00eda<\/em>, que consagra su pen\u00faltimo ep\u00edgrafe a la significaci\u00f3n del referido sentimiento para la constituci\u00f3n de la propia persona. Tratar al semejante lleva a tomar conciencia de s\u00ed propio, a hacer balance de lo que uno tiene y de lo que le falta en el orden de la personalidad. Tratando a caracteres afines, despiertan en uno poderes adormecidos; tratando a caracteres que nos son extra\u00f1os y aun opuestos, \u00abchocamos contra la esfera de unos valores sustra\u00eddos a nosotros\u00bb. Tal vez lo formul\u00f3 con justeza A. Machado<span id='easy-footnote-1-5409' class='easy-footnote-margin-adjust'><\/span><span class='easy-footnote'><a href='https:\/\/vincentians.com\/es\/la-empatia-en-san-vicente\/#easy-footnote-bottom-1-5409' title='&lt;em&gt;Proverbios y cantares XV&lt;\/em&gt;'><sup>1<\/sup><\/a><\/span>:<\/p>\n<p style=\"text-align: center\"><em>Busca a tu complementario,<br \/>\nque marcha siempre contigo,<br \/>\ny suele ser tu contrario.<\/em><\/p>\n<p>O tambi\u00e9n<span id='easy-footnote-2-5409' class='easy-footnote-margin-adjust'><\/span><span class='easy-footnote'><a href='https:\/\/vincentians.com\/es\/la-empatia-en-san-vicente\/#easy-footnote-bottom-2-5409' title='&lt;em&gt;Proverbios y cantares XLII&lt;\/em&gt;'><sup>2<\/sup><\/a><\/span>:<\/p>\n<p style=\"text-align: center\"><em>Ense\u00f1a el Cristo: a tu pr\u00f3jimo<br \/>\namar\u00e1s como a ti mismo.<br \/>\nMas nunca olvides que es otro.<\/em><\/p>\n<p>Pues bien, a esa precisa <em>alteridad<\/em> tiene que ser el vicenciano t\u00edpicamente <em>sensible<\/em>. San Vicente glosa cierta vez un pasaje del Eclesi\u00e1stico que ponen hoy las biblias cr\u00edticas en 17,14: \u00aba cada uno dio preceptos sobre su pr\u00f3jimo\u00bb, referencia a \u00c9xodo 20,1-17, que Eclesi\u00e1stico compendia: \u00abGuardaos de toda injusticia\u00bb<span id='easy-footnote-3-5409' class='easy-footnote-margin-adjust'><\/span><span class='easy-footnote'><a href='https:\/\/vincentians.com\/es\/la-empatia-en-san-vicente\/#easy-footnote-bottom-3-5409' title='Cantera-Iglesias'><sup>3<\/sup><\/a><\/span>. El pragm\u00e1tico que san Vicente es<span id='easy-footnote-4-5409' class='easy-footnote-margin-adjust'><\/span><span class='easy-footnote'><a href='https:\/\/vincentians.com\/es\/la-empatia-en-san-vicente\/#easy-footnote-bottom-4-5409' title='SVP XI 229ss; cfr. RC II 17'><sup>4<\/sup><\/a><\/span> lo aplica all\u00ed a la <em>correcci\u00f3n fraterna<\/em>; pero, por ejemplo, las <strong><em>RC II 12 &amp; VIII 1 <\/em><\/strong>trasuntan sobradamente su cala en el Nuevo Testamento<span id='easy-footnote-5-5409' class='easy-footnote-margin-adjust'><\/span><span class='easy-footnote'><a href='https:\/\/vincentians.com\/es\/la-empatia-en-san-vicente\/#easy-footnote-bottom-5-5409' title='Mc 7,12; Lc 6,31; Rom 12, 10 &amp;amp; 15; 1Cor 9,22; Ef 4,2; Col 2:13; Flp 2,14; 1P 4,8'><sup>5<\/sup><\/a><\/span>: \u00ab\u2026 1\u00ba Hacer a otros lo que querr\u00edamos que ellos nos hicieran&#8230; 2\u00ba Conformarnos con su parecer y aprobarlo en el Se\u00f1or&#8230; 3\u00ba Sufrirnos mutuamente sin murmurar. 4\u00ba Llorar con los que lloran. 5\u00ba Alegrarse con los que se alegran. 6\u00ba Adelantarnos en las muestras de cortes\u00eda y respeto. 7\u00ba Mostrarse de coraz\u00f3n amables y cumplidos\u2026 8\u00ba \u2026 hacerse todo a todos\u2026\u00bb<\/p>\n<p>Mt 5, 45<span id='easy-footnote-6-5409' class='easy-footnote-margin-adjust'><\/span><span class='easy-footnote'><a href='https:\/\/vincentians.com\/es\/la-empatia-en-san-vicente\/#easy-footnote-bottom-6-5409' title='referencia en SVP XI, 426'><sup>6<\/sup><\/a><\/span> urge a ser hijos del Padre celestial \u00abque hace salir el sol sobre malos y buenos, y llover sobre justos e injustos\u00bb<span id='easy-footnote-7-5409' class='easy-footnote-margin-adjust'><\/span><span class='easy-footnote'><a href='https:\/\/vincentians.com\/es\/la-empatia-en-san-vicente\/#easy-footnote-bottom-7-5409' title='N\u00e1car-Colunga'><sup>7<\/sup><\/a><\/span>; todo lo opuesto al \u00abDios aut\u00edstico\u00bb, ficci\u00f3n de la que un maestro espiritual moderno (el jesuita P. Varillon) culpabiliza a Malebranche. Cuadra aqu\u00ed la menci\u00f3n de La\u00edn Entralgo, quien en <em>Teor\u00eda y realidad del otro <\/em>(1961) estudiaba \u00abel problema antropol\u00f3gico vigente en el pensamiento occidental desde que Descartes lo formul\u00f3\u00bb: c\u00f3mo saber con certidumbre que alguien es a la vez \u00abotro como yo\u00bb y \u00abotro que yo\u00bb.<span id='easy-footnote-8-5409' class='easy-footnote-margin-adjust'><\/span><span class='easy-footnote'><a href='https:\/\/vincentians.com\/es\/la-empatia-en-san-vicente\/#easy-footnote-bottom-8-5409' title='As\u00ed en &lt;em&gt;El problema de ser cristiano&lt;\/em&gt;, 1997, V'><sup>8<\/sup><\/a><\/span>.<\/p>\n<p>He aqu\u00ed una escueta selecci\u00f3n, cuyo criterio sem\u00e1ntico subrayo:<\/p>\n<ol>\n<li>\u2026 evocar con el recuerdo de \u00c9l los hermosos actos de la vida de los santos, estudiar sus virtudes, <span style=\"text-decoration: underline\">entrar en los sentimientos<\/span> de su piedad\u2026<span id='easy-footnote-9-5409' class='easy-footnote-margin-adjust'><\/span><span class='easy-footnote'><a href='https:\/\/vincentians.com\/es\/la-empatia-en-san-vicente\/#easy-footnote-bottom-9-5409' title='Abelly, 243'><sup>9<\/sup><\/a><\/span>.<\/li>\n<li>\u2026 ser fieles a la lectura del cap\u00edtulo del Nuevo Testamento, haciendo al comenzar los actos:\n<ol>\n<li>de adoraci\u00f3n, adorando la palabra de Dios y su verdad;<\/li>\n<li><span style=\"text-decoration: underline\">entrar en los sentimientos<\/span> con que las pronunci\u00f3 nuestro Se\u00f1or y aceptar esas verdades;<\/li>\n<li>resolverse a la pr\u00e1ctica de esas mismas verdades.<span id='easy-footnote-10-5409' class='easy-footnote-margin-adjust'><\/span><span class='easy-footnote'><a href='https:\/\/vincentians.com\/es\/la-empatia-en-san-vicente\/#easy-footnote-bottom-10-5409' title='SVP, XI, 37'><sup>10<\/sup><\/a><\/span>.<\/li>\n<\/ol>\n<\/li>\n<li>\u2026 <span style=\"text-decoration: underline\">entrar en sus sentimientos<\/span> y creer que, si su coraz\u00f3n no llega a estar despechado, al menos estar\u00e1 afligido<span id='easy-footnote-11-5409' class='easy-footnote-margin-adjust'><\/span><span class='easy-footnote'><a href='https:\/\/vincentians.com\/es\/la-empatia-en-san-vicente\/#easy-footnote-bottom-11-5409' title='SVP, X ,770 [1647, 20 de junio].'><sup>11<\/sup><\/a><\/span><\/li>\n<li>\u2026 vean las razones que he tenido para <span style=\"text-decoration: underline\">entrar en los sentimientos<\/span> antiguos de la iglesia y declararme contra los nuevos <em>[el jansenismo]<\/em><span id='easy-footnote-12-5409' class='easy-footnote-margin-adjust'><\/span><span class='easy-footnote'><a href='https:\/\/vincentians.com\/es\/la-empatia-en-san-vicente\/#easy-footnote-bottom-12-5409' title='III 304 [1648, 25 de junio].'><sup>12<\/sup><\/a><\/span><\/li>\n<li>\u2026 tenga paciencia; procure <span style=\"text-decoration: underline\">entrar en los sentimientos<\/span> que le digo en esta carta\u2026<span id='easy-footnote-13-5409' class='easy-footnote-margin-adjust'><\/span><span class='easy-footnote'><a href='https:\/\/vincentians.com\/es\/la-empatia-en-san-vicente\/#easy-footnote-bottom-13-5409' title='III 371 [1649, 4 de febrero].'><sup>13<\/sup><\/a><\/span><\/li>\n<li>\u2026 con los esp\u00edritus vivos, nebulosos y cr\u00edticos\u2026 es la prudencia la que tiene que regularlo, y que en ciertas cosas es conveniente <span style=\"text-decoration: underline\">entrar en sus sentimientos<\/span>, para hacerse todo para todos<span id='easy-footnote-14-5409' class='easy-footnote-margin-adjust'><\/span><span class='easy-footnote'><a href='https:\/\/vincentians.com\/es\/la-empatia-en-san-vicente\/#easy-footnote-bottom-14-5409' title='[1Cor 9,2] IV 91 [1650, 6 de octubre].'><sup>14<\/sup><\/a><\/span><\/li>\n<li>\u2026 tener el esp\u00edritu de Dios, que no es otra cosa m\u00e1s que tener los mismos deseos y afectos que Dios, <span style=\"text-decoration: underline\">entrar en los sentimientos<\/span> de Dios.<span id='easy-footnote-15-5409' class='easy-footnote-margin-adjust'><\/span><span class='easy-footnote'><a href='https:\/\/vincentians.com\/es\/la-empatia-en-san-vicente\/#easy-footnote-bottom-15-5409' title='XI 140 [1655, 6 de octubre].'><sup>15<\/sup><\/a><\/span><\/li>\n<li>Cuando vayamos a ver a los pobres, hemos de <span style=\"text-decoration: underline\">entrar en sus sentimientos<\/span> para sufrir con ellos\u2026<span id='easy-footnote-16-5409' class='easy-footnote-margin-adjust'><\/span><span class='easy-footnote'><a href='https:\/\/vincentians.com\/es\/la-empatia-en-san-vicente\/#easy-footnote-bottom-16-5409' title='XI 233 [1656, 6 de agosto].'><sup>16<\/sup><\/a><\/span><\/li>\n<li>\u2026 es para [Nuestro Se\u00f1or] un honor <span style=\"text-decoration: underline\">entrar <\/span><em>[nosotros] <\/em><span style=\"text-decoration: underline\">en sus sentimientos<\/span>\u2026<span id='easy-footnote-17-5409' class='easy-footnote-margin-adjust'><\/span><span class='easy-footnote'><a href='https:\/\/vincentians.com\/es\/la-empatia-en-san-vicente\/#easy-footnote-bottom-17-5409' title='X 954 cfr. Abelly 460 [1657, 11 de julio].'><sup>17<\/sup><\/a><\/span><\/li>\n<li>\u2026las personas que han sido llamadas a continuar la misi\u00f3n del mismo Salvador (y que consiste principalmente en evangelizar a los pobres) tienen que <span style=\"text-decoration: underline\">entrar en sus sentimientos<\/span> y en sus m\u00e1ximas\u2026<span id='easy-footnote-18-5409' class='easy-footnote-margin-adjust'><\/span><span class='easy-footnote'><a href='https:\/\/vincentians.com\/es\/la-empatia-en-san-vicente\/#easy-footnote-bottom-18-5409' title='VII 135 [1658, mayo].'><sup>18<\/sup><\/a><\/span><\/li>\n<li>\u2026 elev\u00e9monos a Dios con frecuencia, y sobre todo cuando tengamos ocasi\u00f3n de <span style=\"text-decoration: underline\">entrar en los sentimientos<\/span> del otro\u2026<span id='easy-footnote-19-5409' class='easy-footnote-margin-adjust'><\/span><span class='easy-footnote'><a href='https:\/\/vincentians.com\/es\/la-empatia-en-san-vicente\/#easy-footnote-bottom-19-5409' title='XI 557 [1659, 30 de mayo].'><sup>19<\/sup><\/a><\/span><\/li>\n<\/ol>\n<p style=\"text-align: right\"><em>Autor: L. H., cm<\/em><\/p>\n","protected":false},"excerpt":{"rendered":"<p>El t\u00edtulo de la tesis doctoral (1916) de Edith Stein es El Problema de la empat\u00eda, que consagra su pen\u00faltimo ep\u00edgrafe a la significaci\u00f3n del referido sentimiento para la constituci\u00f3n de la propia persona. Tratar &#8230; <a href=\"https:\/\/vincentians.com\/es\/la-empatia-en-san-vicente\/\" class=\"more-link\">Read More<\/a><\/p>\n","protected":false},"author":4,"featured_media":404146,"comment_status":"open","ping_status":"open","sticky":false,"template":"","format":"standard","meta":{"jetpack_post_was_ever_published":false,"_jetpack_newsletter_access":"","_jetpack_dont_email_post_to_subs":false,"_jetpack_newsletter_tier_id":0,"_jetpack_memberships_contains_paywalled_content":false,"_jetpack_memberships_contains_paid_content":false,"footnotes":"","jetpack_publicize_message":"","jetpack_publicize_feature_enabled":true,"jetpack_social_post_already_shared":true,"jetpack_social_options":{"image_generator_settings":{"template":"highway","default_image_id":0,"font":"","enabled":false},"version":2}},"categories":[5],"tags":[218],"class_list":["post-5409","post","type-post","status-publish","format-standard","has-post-thumbnail","hentry","category-vicente-de-paul","tag-abelly"],"yoast_head":"<!-- This site is optimized with the Yoast SEO plugin v26.3 - https:\/\/yoast.com\/wordpress\/plugins\/seo\/ -->\n<title>La empat\u00eda en San Vicente - Somos Vicencianos<\/title>\n<meta name=\"robots\" content=\"index, follow, max-snippet:-1, max-image-preview:large, max-video-preview:-1\" \/>\n<link rel=\"canonical\" href=\"https:\/\/vincentians.com\/es\/la-empatia-en-san-vicente\/\" \/>\n<meta property=\"og:locale\" content=\"es_ES\" \/>\n<meta property=\"og:type\" content=\"article\" \/>\n<meta property=\"og:title\" content=\"La empat\u00eda en San Vicente - Somos Vicencianos\" \/>\n<meta property=\"og:description\" content=\"El t\u00edtulo de la tesis doctoral (1916) de Edith Stein es El Problema de la empat\u00eda, que consagra su pen\u00faltimo ep\u00edgrafe a la significaci\u00f3n del referido sentimiento para la constituci\u00f3n de la propia persona. Tratar ... Read More\" \/>\n<meta property=\"og:url\" content=\"https:\/\/vincentians.com\/es\/la-empatia-en-san-vicente\/\" \/>\n<meta property=\"og:site_name\" content=\"Somos Vicencianos\" \/>\n<meta property=\"article:publisher\" content=\"https:\/\/www.facebook.com\/WeAreVincentians\/\" \/>\n<meta property=\"article:author\" content=\"https:\/\/www.facebook.com\/JavierChento\" \/>\n<meta property=\"article:published_time\" content=\"2023-07-07T06:11:47+00:00\" \/>\n<meta property=\"og:image\" content=\"https:\/\/i0.wp.com\/vincentians.com\/es\/wp-content\/uploads\/sites\/11\/2013\/04\/f-8-scaled.jpg?fit=2560%2C1216&ssl=1\" \/>\n\t<meta property=\"og:image:width\" content=\"2560\" \/>\n\t<meta property=\"og:image:height\" content=\"1216\" \/>\n\t<meta property=\"og:image:type\" content=\"image\/jpeg\" \/>\n<meta name=\"author\" content=\"Francisco Javier Fern\u00e1ndez Chento\" \/>\n<meta name=\"twitter:card\" content=\"summary_large_image\" \/>\n<meta name=\"twitter:creator\" content=\"@https:\/\/twitter.com\/javierchento\" \/>\n<meta name=\"twitter:site\" content=\"@WeVincentians\" \/>\n<meta name=\"twitter:label1\" content=\"Escrito por\" \/>\n\t<meta name=\"twitter:data1\" content=\"Francisco Javier Fern\u00e1ndez Chento\" \/>\n\t<meta name=\"twitter:label2\" content=\"Tiempo de lectura\" \/>\n\t<meta name=\"twitter:data2\" content=\"4 minutos\" \/>\n<script type=\"application\/ld+json\" class=\"yoast-schema-graph\">{\"@context\":\"https:\/\/schema.org\",\"@graph\":[{\"@type\":\"Article\",\"@id\":\"https:\/\/vincentians.com\/es\/la-empatia-en-san-vicente\/#article\",\"isPartOf\":{\"@id\":\"https:\/\/vincentians.com\/es\/la-empatia-en-san-vicente\/\"},\"author\":{\"name\":\"Francisco Javier Fern\u00e1ndez Chento\",\"@id\":\"https:\/\/vincentians.com\/es\/#\/schema\/person\/9623ef4d9aa3b2dfb8c061f1499288f2\"},\"headline\":\"La empat\u00eda en San Vicente\",\"datePublished\":\"2023-07-07T06:11:47+00:00\",\"mainEntityOfPage\":{\"@id\":\"https:\/\/vincentians.com\/es\/la-empatia-en-san-vicente\/\"},\"wordCount\":785,\"commentCount\":0,\"publisher\":{\"@id\":\"https:\/\/vincentians.com\/es\/#organization\"},\"image\":{\"@id\":\"https:\/\/vincentians.com\/es\/la-empatia-en-san-vicente\/#primaryimage\"},\"thumbnailUrl\":\"https:\/\/i0.wp.com\/vincentians.com\/es\/wp-content\/uploads\/sites\/11\/2013\/04\/f-8-scaled.jpg?fit=2560%2C1216&ssl=1\",\"keywords\":[\"Abelly\"],\"articleSection\":[\"Vicente de Pa\u00fal\"],\"inLanguage\":\"es\",\"potentialAction\":[{\"@type\":\"CommentAction\",\"name\":\"Comment\",\"target\":[\"https:\/\/vincentians.com\/es\/la-empatia-en-san-vicente\/#respond\"]}]},{\"@type\":\"WebPage\",\"@id\":\"https:\/\/vincentians.com\/es\/la-empatia-en-san-vicente\/\",\"url\":\"https:\/\/vincentians.com\/es\/la-empatia-en-san-vicente\/\",\"name\":\"La empat\u00eda en San Vicente - Somos Vicencianos\",\"isPartOf\":{\"@id\":\"https:\/\/vincentians.com\/es\/#website\"},\"primaryImageOfPage\":{\"@id\":\"https:\/\/vincentians.com\/es\/la-empatia-en-san-vicente\/#primaryimage\"},\"image\":{\"@id\":\"https:\/\/vincentians.com\/es\/la-empatia-en-san-vicente\/#primaryimage\"},\"thumbnailUrl\":\"https:\/\/i0.wp.com\/vincentians.com\/es\/wp-content\/uploads\/sites\/11\/2013\/04\/f-8-scaled.jpg?fit=2560%2C1216&ssl=1\",\"datePublished\":\"2023-07-07T06:11:47+00:00\",\"breadcrumb\":{\"@id\":\"https:\/\/vincentians.com\/es\/la-empatia-en-san-vicente\/#breadcrumb\"},\"inLanguage\":\"es\",\"potentialAction\":[{\"@type\":\"ReadAction\",\"target\":[\"https:\/\/vincentians.com\/es\/la-empatia-en-san-vicente\/\"]}]},{\"@type\":\"ImageObject\",\"inLanguage\":\"es\",\"@id\":\"https:\/\/vincentians.com\/es\/la-empatia-en-san-vicente\/#primaryimage\",\"url\":\"https:\/\/i0.wp.com\/vincentians.com\/es\/wp-content\/uploads\/sites\/11\/2013\/04\/f-8-scaled.jpg?fit=2560%2C1216&ssl=1\",\"contentUrl\":\"https:\/\/i0.wp.com\/vincentians.com\/es\/wp-content\/uploads\/sites\/11\/2013\/04\/f-8-scaled.jpg?fit=2560%2C1216&ssl=1\",\"width\":2560,\"height\":1216},{\"@type\":\"BreadcrumbList\",\"@id\":\"https:\/\/vincentians.com\/es\/la-empatia-en-san-vicente\/#breadcrumb\",\"itemListElement\":[{\"@type\":\"ListItem\",\"position\":1,\"name\":\"Portada\",\"item\":\"https:\/\/vincentians.com\/es\/\"},{\"@type\":\"ListItem\",\"position\":2,\"name\":\"La empat\u00eda en San Vicente\"}]},{\"@type\":\"WebSite\",\"@id\":\"https:\/\/vincentians.com\/es\/#website\",\"url\":\"https:\/\/vincentians.com\/es\/\",\"name\":\"Somos Vicencianos\",\"description\":\"Know more to serve more\",\"publisher\":{\"@id\":\"https:\/\/vincentians.com\/es\/#organization\"},\"potentialAction\":[{\"@type\":\"SearchAction\",\"target\":{\"@type\":\"EntryPoint\",\"urlTemplate\":\"https:\/\/vincentians.com\/es\/?s={search_term_string}\"},\"query-input\":{\"@type\":\"PropertyValueSpecification\",\"valueRequired\":true,\"valueName\":\"search_term_string\"}}],\"inLanguage\":\"es\"},{\"@type\":\"Organization\",\"@id\":\"https:\/\/vincentians.com\/es\/#organization\",\"name\":\"The Vincentian Network\",\"url\":\"https:\/\/vincentians.com\/es\/\",\"logo\":{\"@type\":\"ImageObject\",\"inLanguage\":\"es\",\"@id\":\"https:\/\/vincentians.com\/es\/#\/schema\/logo\/image\/\",\"url\":\"https:\/\/i1.wp.com\/vincentians.com\/es\/wp-content\/uploads\/sites\/11\/2016\/06\/Vincentian-Network-logo-big.png?fit=778%2C778\",\"contentUrl\":\"https:\/\/i1.wp.com\/vincentians.com\/es\/wp-content\/uploads\/sites\/11\/2016\/06\/Vincentian-Network-logo-big.png?fit=778%2C778\",\"width\":778,\"height\":778,\"caption\":\"The Vincentian Network\"},\"image\":{\"@id\":\"https:\/\/vincentians.com\/es\/#\/schema\/logo\/image\/\"},\"sameAs\":[\"https:\/\/www.facebook.com\/WeAreVincentians\/\",\"https:\/\/x.com\/WeVincentians\"]},{\"@type\":\"Person\",\"@id\":\"https:\/\/vincentians.com\/es\/#\/schema\/person\/9623ef4d9aa3b2dfb8c061f1499288f2\",\"name\":\"Francisco Javier Fern\u00e1ndez Chento\",\"image\":{\"@type\":\"ImageObject\",\"inLanguage\":\"es\",\"@id\":\"https:\/\/vincentians.com\/es\/#\/schema\/person\/image\/\",\"url\":\"https:\/\/secure.gravatar.com\/avatar\/497d5cde87b4c3d097d0315953521681ba2cd523ee66e5077c3711f7021e65de?s=96&d=mm&r=g\",\"contentUrl\":\"https:\/\/secure.gravatar.com\/avatar\/497d5cde87b4c3d097d0315953521681ba2cd523ee66e5077c3711f7021e65de?s=96&d=mm&r=g\",\"caption\":\"Francisco Javier Fern\u00e1ndez Chento\"},\"description\":\"Director General y cofundador de La Red de Formaci\u00f3n Vicenciana. Javier es laico vicenciano, afiliado a la Congregaci\u00f3n de la Misi\u00f3n y miembro del Equipo de Misiones Populares de la provincia can\u00f3nica de Zaragoza (Espa\u00f1a) de la Congregaci\u00f3n de la Misi\u00f3n. Graduado en la Universidad Oberta de Catalunya con cuatro grados (Asistente de direcci\u00f3n, Gesti\u00f3n Administrativa, Recursos Humanos y Contabilidad Avanzada). Bil\u00edng\u00fce Espa\u00f1ol\/Ingl\u00e9s. gestiona y mantiene varias p\u00e1ginas web cristianas y vicencianas, incluida including La Red de Formaci\u00f3n Vicenciana, de la que es cofundador. Actualmente es responsable del \u00e1rea de Espa\u00f1ol de .famvin, la Red de Noticias de la Familia Vicenciana. Tambi\u00e9n es m\u00fasico cat\u00f3lico y ha editado varios discos. Es Director General y cofundador de Trovador, una reconocida compa\u00f1\u00eda discogr\u00e1fica critiana de Espa\u00f1a. Trabaja en las Tecnolog\u00edas de la Informaci\u00f3n, ofreciendo servicios de alojamiento, dise\u00f1o y mantenimiento Web, as\u00ed como asesoramiento, formaci\u00f3n y soluciones inform\u00e1ticas, gesti\u00f3n documental y digitalizaci\u00f3n de textos, edici\u00f3n y maquetaci\u00f3n de libros, revistas, flyers, etc.\",\"sameAs\":[\"http:\/\/chento.org\",\"https:\/\/www.facebook.com\/JavierChento\",\"https:\/\/x.com\/https:\/\/twitter.com\/javierchento\"],\"url\":\"https:\/\/vincentians.com\/es\/author\/chento\/\"}]}<\/script>\n<!-- \/ Yoast SEO plugin. -->","yoast_head_json":{"title":"La empat\u00eda en San Vicente - Somos Vicencianos","robots":{"index":"index","follow":"follow","max-snippet":"max-snippet:-1","max-image-preview":"max-image-preview:large","max-video-preview":"max-video-preview:-1"},"canonical":"https:\/\/vincentians.com\/es\/la-empatia-en-san-vicente\/","og_locale":"es_ES","og_type":"article","og_title":"La empat\u00eda en San Vicente - Somos Vicencianos","og_description":"El t\u00edtulo de la tesis doctoral (1916) de Edith Stein es El Problema de la empat\u00eda, que consagra su pen\u00faltimo ep\u00edgrafe a la significaci\u00f3n del referido sentimiento para la constituci\u00f3n de la propia persona. Tratar ... Read More","og_url":"https:\/\/vincentians.com\/es\/la-empatia-en-san-vicente\/","og_site_name":"Somos Vicencianos","article_publisher":"https:\/\/www.facebook.com\/WeAreVincentians\/","article_author":"https:\/\/www.facebook.com\/JavierChento","article_published_time":"2023-07-07T06:11:47+00:00","og_image":[{"width":2560,"height":1216,"url":"https:\/\/i0.wp.com\/vincentians.com\/es\/wp-content\/uploads\/sites\/11\/2013\/04\/f-8-scaled.jpg?fit=2560%2C1216&ssl=1","type":"image\/jpeg"}],"author":"Francisco Javier Fern\u00e1ndez Chento","twitter_card":"summary_large_image","twitter_creator":"@https:\/\/twitter.com\/javierchento","twitter_site":"@WeVincentians","twitter_misc":{"Escrito por":"Francisco Javier Fern\u00e1ndez Chento","Tiempo de lectura":"4 minutos"},"schema":{"@context":"https:\/\/schema.org","@graph":[{"@type":"Article","@id":"https:\/\/vincentians.com\/es\/la-empatia-en-san-vicente\/#article","isPartOf":{"@id":"https:\/\/vincentians.com\/es\/la-empatia-en-san-vicente\/"},"author":{"name":"Francisco Javier Fern\u00e1ndez Chento","@id":"https:\/\/vincentians.com\/es\/#\/schema\/person\/9623ef4d9aa3b2dfb8c061f1499288f2"},"headline":"La empat\u00eda en San Vicente","datePublished":"2023-07-07T06:11:47+00:00","mainEntityOfPage":{"@id":"https:\/\/vincentians.com\/es\/la-empatia-en-san-vicente\/"},"wordCount":785,"commentCount":0,"publisher":{"@id":"https:\/\/vincentians.com\/es\/#organization"},"image":{"@id":"https:\/\/vincentians.com\/es\/la-empatia-en-san-vicente\/#primaryimage"},"thumbnailUrl":"https:\/\/i0.wp.com\/vincentians.com\/es\/wp-content\/uploads\/sites\/11\/2013\/04\/f-8-scaled.jpg?fit=2560%2C1216&ssl=1","keywords":["Abelly"],"articleSection":["Vicente de Pa\u00fal"],"inLanguage":"es","potentialAction":[{"@type":"CommentAction","name":"Comment","target":["https:\/\/vincentians.com\/es\/la-empatia-en-san-vicente\/#respond"]}]},{"@type":"WebPage","@id":"https:\/\/vincentians.com\/es\/la-empatia-en-san-vicente\/","url":"https:\/\/vincentians.com\/es\/la-empatia-en-san-vicente\/","name":"La empat\u00eda en San Vicente - Somos Vicencianos","isPartOf":{"@id":"https:\/\/vincentians.com\/es\/#website"},"primaryImageOfPage":{"@id":"https:\/\/vincentians.com\/es\/la-empatia-en-san-vicente\/#primaryimage"},"image":{"@id":"https:\/\/vincentians.com\/es\/la-empatia-en-san-vicente\/#primaryimage"},"thumbnailUrl":"https:\/\/i0.wp.com\/vincentians.com\/es\/wp-content\/uploads\/sites\/11\/2013\/04\/f-8-scaled.jpg?fit=2560%2C1216&ssl=1","datePublished":"2023-07-07T06:11:47+00:00","breadcrumb":{"@id":"https:\/\/vincentians.com\/es\/la-empatia-en-san-vicente\/#breadcrumb"},"inLanguage":"es","potentialAction":[{"@type":"ReadAction","target":["https:\/\/vincentians.com\/es\/la-empatia-en-san-vicente\/"]}]},{"@type":"ImageObject","inLanguage":"es","@id":"https:\/\/vincentians.com\/es\/la-empatia-en-san-vicente\/#primaryimage","url":"https:\/\/i0.wp.com\/vincentians.com\/es\/wp-content\/uploads\/sites\/11\/2013\/04\/f-8-scaled.jpg?fit=2560%2C1216&ssl=1","contentUrl":"https:\/\/i0.wp.com\/vincentians.com\/es\/wp-content\/uploads\/sites\/11\/2013\/04\/f-8-scaled.jpg?fit=2560%2C1216&ssl=1","width":2560,"height":1216},{"@type":"BreadcrumbList","@id":"https:\/\/vincentians.com\/es\/la-empatia-en-san-vicente\/#breadcrumb","itemListElement":[{"@type":"ListItem","position":1,"name":"Portada","item":"https:\/\/vincentians.com\/es\/"},{"@type":"ListItem","position":2,"name":"La empat\u00eda en San Vicente"}]},{"@type":"WebSite","@id":"https:\/\/vincentians.com\/es\/#website","url":"https:\/\/vincentians.com\/es\/","name":"Somos Vicencianos","description":"Know more to serve more","publisher":{"@id":"https:\/\/vincentians.com\/es\/#organization"},"potentialAction":[{"@type":"SearchAction","target":{"@type":"EntryPoint","urlTemplate":"https:\/\/vincentians.com\/es\/?s={search_term_string}"},"query-input":{"@type":"PropertyValueSpecification","valueRequired":true,"valueName":"search_term_string"}}],"inLanguage":"es"},{"@type":"Organization","@id":"https:\/\/vincentians.com\/es\/#organization","name":"The Vincentian Network","url":"https:\/\/vincentians.com\/es\/","logo":{"@type":"ImageObject","inLanguage":"es","@id":"https:\/\/vincentians.com\/es\/#\/schema\/logo\/image\/","url":"https:\/\/i1.wp.com\/vincentians.com\/es\/wp-content\/uploads\/sites\/11\/2016\/06\/Vincentian-Network-logo-big.png?fit=778%2C778","contentUrl":"https:\/\/i1.wp.com\/vincentians.com\/es\/wp-content\/uploads\/sites\/11\/2016\/06\/Vincentian-Network-logo-big.png?fit=778%2C778","width":778,"height":778,"caption":"The Vincentian Network"},"image":{"@id":"https:\/\/vincentians.com\/es\/#\/schema\/logo\/image\/"},"sameAs":["https:\/\/www.facebook.com\/WeAreVincentians\/","https:\/\/x.com\/WeVincentians"]},{"@type":"Person","@id":"https:\/\/vincentians.com\/es\/#\/schema\/person\/9623ef4d9aa3b2dfb8c061f1499288f2","name":"Francisco Javier Fern\u00e1ndez Chento","image":{"@type":"ImageObject","inLanguage":"es","@id":"https:\/\/vincentians.com\/es\/#\/schema\/person\/image\/","url":"https:\/\/secure.gravatar.com\/avatar\/497d5cde87b4c3d097d0315953521681ba2cd523ee66e5077c3711f7021e65de?s=96&d=mm&r=g","contentUrl":"https:\/\/secure.gravatar.com\/avatar\/497d5cde87b4c3d097d0315953521681ba2cd523ee66e5077c3711f7021e65de?s=96&d=mm&r=g","caption":"Francisco Javier Fern\u00e1ndez Chento"},"description":"Director General y cofundador de La Red de Formaci\u00f3n Vicenciana. Javier es laico vicenciano, afiliado a la Congregaci\u00f3n de la Misi\u00f3n y miembro del Equipo de Misiones Populares de la provincia can\u00f3nica de Zaragoza (Espa\u00f1a) de la Congregaci\u00f3n de la Misi\u00f3n. Graduado en la Universidad Oberta de Catalunya con cuatro grados (Asistente de direcci\u00f3n, Gesti\u00f3n Administrativa, Recursos Humanos y Contabilidad Avanzada). Bil\u00edng\u00fce Espa\u00f1ol\/Ingl\u00e9s. gestiona y mantiene varias p\u00e1ginas web cristianas y vicencianas, incluida including La Red de Formaci\u00f3n Vicenciana, de la que es cofundador. Actualmente es responsable del \u00e1rea de Espa\u00f1ol de .famvin, la Red de Noticias de la Familia Vicenciana. Tambi\u00e9n es m\u00fasico cat\u00f3lico y ha editado varios discos. Es Director General y cofundador de Trovador, una reconocida compa\u00f1\u00eda discogr\u00e1fica critiana de Espa\u00f1a. Trabaja en las Tecnolog\u00edas de la Informaci\u00f3n, ofreciendo servicios de alojamiento, dise\u00f1o y mantenimiento Web, as\u00ed como asesoramiento, formaci\u00f3n y soluciones inform\u00e1ticas, gesti\u00f3n documental y digitalizaci\u00f3n de textos, edici\u00f3n y maquetaci\u00f3n de libros, revistas, flyers, etc.","sameAs":["http:\/\/chento.org","https:\/\/www.facebook.com\/JavierChento","https:\/\/x.com\/https:\/\/twitter.com\/javierchento"],"url":"https:\/\/vincentians.com\/es\/author\/chento\/"}]}},"jetpack_publicize_connections":[],"jetpack_featured_media_url":"https:\/\/i0.wp.com\/vincentians.com\/es\/wp-content\/uploads\/sites\/11\/2013\/04\/f-8-scaled.jpg?fit=2560%2C1216&ssl=1","jetpack_sharing_enabled":true,"jetpack_shortlink":"https:\/\/wp.me\/p7ETMF-1pf","jetpack-related-posts":[{"id":119674,"url":"https:\/\/vincentians.com\/es\/el-senor-vicente-relee-su-vida-notas-preliminares\/","url_meta":{"origin":5409,"position":0},"title":"El Se\u00f1or Vicente relee su vida: Notas preliminares","author":"Francisco Javier Fern\u00e1ndez Chento","date":"12\/01\/2022","format":false,"excerpt":"Car\u00e1cter e Intenci\u00f3n de este Librito. Los escritos de San Vicente, su correspondencia, sus conferencias y documentos diversos contienen suficientes elementos para sacar de todo ello SU VIDA CONTADA POR S\u00cd MISMO, al menos en cuanto a un gran n\u00famero de acontecimientos o de aspecto de su vida. Basta con\u2026","rel":"","context":"En \u00abVicente de Pa\u00fal\u00bb","block_context":{"text":"Vicente de Pa\u00fal","link":"https:\/\/vincentians.com\/es\/category\/la-familia-vicenciana\/fundadores\/vicente-de-paul\/"},"img":{"alt_text":"","src":"https:\/\/i0.wp.com\/vincentians.com\/es\/wp-content\/uploads\/sites\/11\/2013\/04\/g-1.jpg?fit=1170%2C692&ssl=1&resize=350%2C200","width":350,"height":200,"srcset":"https:\/\/i0.wp.com\/vincentians.com\/es\/wp-content\/uploads\/sites\/11\/2013\/04\/g-1.jpg?fit=1170%2C692&ssl=1&resize=350%2C200 1x, https:\/\/i0.wp.com\/vincentians.com\/es\/wp-content\/uploads\/sites\/11\/2013\/04\/g-1.jpg?fit=1170%2C692&ssl=1&resize=525%2C300 1.5x, https:\/\/i0.wp.com\/vincentians.com\/es\/wp-content\/uploads\/sites\/11\/2013\/04\/g-1.jpg?fit=1170%2C692&ssl=1&resize=700%2C400 2x, https:\/\/i0.wp.com\/vincentians.com\/es\/wp-content\/uploads\/sites\/11\/2013\/04\/g-1.jpg?fit=1170%2C692&ssl=1&resize=1050%2C600 3x"},"classes":[]},{"id":131888,"url":"https:\/\/vincentians.com\/es\/el-senor-vicente-relee-su-vida-i\/","url_meta":{"origin":5409,"position":1},"title":"El se\u00f1or Vicente relee su vida (I)","author":"Francisco Javier Fern\u00e1ndez Chento","date":"01\/12\/2014","format":false,"excerpt":"Car\u00e1cter e Intenci\u00f3n de este Librito Los escritos de San Vicente, su correspondencia, sus conferencias y documentos diversos contienen suficientes elementos para sacar de todo ello SU VIDA CONTADA POR S\u00cd MISMO, al menos en cuanto a un gran n\u00famero de acontecimientos o de aspecto de su vida. Basta con\u2026","rel":"","context":"En \u00abVicente de Pa\u00fal\u00bb","block_context":{"text":"Vicente de Pa\u00fal","link":"https:\/\/vincentians.com\/es\/category\/la-familia-vicenciana\/fundadores\/vicente-de-paul\/"},"img":{"alt_text":"corazon","src":"https:\/\/i0.wp.com\/vicencianos.org\/wp-content\/2014\/12\/corazon-289x300.jpg?resize=350%2C200","width":350,"height":200},"classes":[]},{"id":120085,"url":"https:\/\/vincentians.com\/es\/luisa-de-marillac-carta-0691-al-senor-vicente\/","url_meta":{"origin":5409,"position":2},"title":"Luisa de Marillac, Carta 0691: Al se\u00f1or Vicente","author":"Francisco Javier Fern\u00e1ndez Chento","date":"18\/04\/2013","format":false,"excerpt":"Hoy, mi\u00e9rcoles [septiembre 1659] Mi muy Honorable Padre: Creo es necesario mandar a buscar a\u00a0 Sor Mar\u00eda Marta hoy mismo. Una de nuestras Hermanas me ha hecho recordar que\u00a0las Hermanas nombradas, excepto\u00a0Sor Carcireux, no desempe\u00f1an mucho trabajo. Es cierto que las otras dos son de un temperamento calmoso por dem\u00e1s,\u2026","rel":"","context":"En \u00abEscritos de Luisa de Marillac\u00bb","block_context":{"text":"Escritos de Luisa de Marillac","link":"https:\/\/vincentians.com\/es\/category\/escritos\/escritos-de-luisa-de-marillac\/"},"img":{"alt_text":"","src":"https:\/\/i0.wp.com\/vincentians.com\/es\/wp-content\/uploads\/sites\/11\/2016\/07\/escritos-luisa-de-marillac.jpg?fit=1200%2C630&ssl=1&resize=350%2C200","width":350,"height":200,"srcset":"https:\/\/i0.wp.com\/vincentians.com\/es\/wp-content\/uploads\/sites\/11\/2016\/07\/escritos-luisa-de-marillac.jpg?fit=1200%2C630&ssl=1&resize=350%2C200 1x, https:\/\/i0.wp.com\/vincentians.com\/es\/wp-content\/uploads\/sites\/11\/2016\/07\/escritos-luisa-de-marillac.jpg?fit=1200%2C630&ssl=1&resize=525%2C300 1.5x, https:\/\/i0.wp.com\/vincentians.com\/es\/wp-content\/uploads\/sites\/11\/2016\/07\/escritos-luisa-de-marillac.jpg?fit=1200%2C630&ssl=1&resize=700%2C400 2x, https:\/\/i0.wp.com\/vincentians.com\/es\/wp-content\/uploads\/sites\/11\/2016\/07\/escritos-luisa-de-marillac.jpg?fit=1200%2C630&ssl=1&resize=1050%2C600 3x"},"classes":[]},{"id":63706,"url":"https:\/\/vincentians.com\/es\/vida-de-san-vicente-de-paul-de-fray-juan-del-santisimo-sacramento-libro-segundo-capitulo-12\/","url_meta":{"origin":5409,"position":3},"title":"Vida de San Vicente de Pa\u00fal, de Fray Juan del Sant\u00edsimo Sacramento. Libro segundo, cap\u00edtulo 12","author":"Francisco Javier Fern\u00e1ndez Chento","date":"31\/01\/2012","format":false,"excerpt":"Cap\u00edtulo XII. Sencillez de Vicente de Pa\u00fal. La sencillez, que es tenida de muchas personas por un defecto, o a lo menos por propiedad de esp\u00edritus d\u00e9biles, es sin embargo, virtud propia de las almas grandes. Estas son solamente las que dicen las cosas del mismo modo que las piensan;\u2026","rel":"","context":"En \u00abVicente de Pa\u00fal\u00bb","block_context":{"text":"Vicente de Pa\u00fal","link":"https:\/\/vincentians.com\/es\/category\/la-familia-vicenciana\/fundadores\/vicente-de-paul\/"},"img":{"alt_text":"","src":"https:\/\/i0.wp.com\/vincentians.com\/es\/wp-content\/uploads\/sites\/11\/2016\/07\/san-vicente-de-fray-juan-del-santisimo-sacramento.jpg?fit=1200%2C630&ssl=1&resize=350%2C200","width":350,"height":200,"srcset":"https:\/\/i0.wp.com\/vincentians.com\/es\/wp-content\/uploads\/sites\/11\/2016\/07\/san-vicente-de-fray-juan-del-santisimo-sacramento.jpg?fit=1200%2C630&ssl=1&resize=350%2C200 1x, https:\/\/i0.wp.com\/vincentians.com\/es\/wp-content\/uploads\/sites\/11\/2016\/07\/san-vicente-de-fray-juan-del-santisimo-sacramento.jpg?fit=1200%2C630&ssl=1&resize=525%2C300 1.5x, https:\/\/i0.wp.com\/vincentians.com\/es\/wp-content\/uploads\/sites\/11\/2016\/07\/san-vicente-de-fray-juan-del-santisimo-sacramento.jpg?fit=1200%2C630&ssl=1&resize=700%2C400 2x, https:\/\/i0.wp.com\/vincentians.com\/es\/wp-content\/uploads\/sites\/11\/2016\/07\/san-vicente-de-fray-juan-del-santisimo-sacramento.jpg?fit=1200%2C630&ssl=1&resize=1050%2C600 3x"},"classes":[]},{"id":130903,"url":"https:\/\/vincentians.com\/es\/joaquin-mariano-maller\/","url_meta":{"origin":5409,"position":4},"title":"Joaqu\u00edn Mariano Maller","author":"Mitxel Olabu\u00e9naga","date":"22\/07\/2014","format":false,"excerpt":"Acerca de este Misionero, uno de los miembros m\u00e1s ilustres que ha tenido la Congregaci\u00f3n y quiz\u00e1 a quien m\u00e1s deben las familias de S. Vicente en Espa\u00f1a, estamos reuniendo materiales para escribir por extenso su biograf\u00eda, y por eso aqu\u00ed no insertamos m\u00e1s que unas cuantas notas. Naci\u00f3 en\u2026","rel":"","context":"En \u00abBiograf\u00edas de Misioneros Pa\u00fales\u00bb","block_context":{"text":"Biograf\u00edas de Misioneros Pa\u00fales","link":"https:\/\/vincentians.com\/es\/category\/la-familia-vicenciana\/biografias-vicencianas\/biografias-de-misioneros-paules\/"},"img":{"alt_text":"","src":"https:\/\/i0.wp.com\/vincentians.com\/es\/wp-content\/uploads\/sites\/11\/2016\/07\/bio-cm.jpg?fit=1200%2C630&ssl=1&resize=350%2C200","width":350,"height":200,"srcset":"https:\/\/i0.wp.com\/vincentians.com\/es\/wp-content\/uploads\/sites\/11\/2016\/07\/bio-cm.jpg?fit=1200%2C630&ssl=1&resize=350%2C200 1x, https:\/\/i0.wp.com\/vincentians.com\/es\/wp-content\/uploads\/sites\/11\/2016\/07\/bio-cm.jpg?fit=1200%2C630&ssl=1&resize=525%2C300 1.5x, https:\/\/i0.wp.com\/vincentians.com\/es\/wp-content\/uploads\/sites\/11\/2016\/07\/bio-cm.jpg?fit=1200%2C630&ssl=1&resize=700%2C400 2x, https:\/\/i0.wp.com\/vincentians.com\/es\/wp-content\/uploads\/sites\/11\/2016\/07\/bio-cm.jpg?fit=1200%2C630&ssl=1&resize=1050%2C600 3x"},"classes":[]},{"id":24557,"url":"https:\/\/vincentians.com\/es\/estudio-vicente-de-paul-en-zaragoza-segunda-parte\/","url_meta":{"origin":5409,"position":5},"title":"\u00bfEstudi\u00f3 Vicente de Pa\u00fal en Zaragoza? (Segunda parte)","author":"Francisco Javier Fern\u00e1ndez Chento","date":"20\/08\/2013","format":false,"excerpt":"A \u2013 Los estudios de Vicente 1. Antes de la Universidad Destruidos los archivos con las incursiones de tropas protestantes en las Landas y en los alrededores de Dax, ignoramos si hubo una \"escuela menor\" en Pouy, o si la que tal vez exist\u00eda en Dax fue frecuentada por Vicente.\u2026","rel":"","context":"En \u00abVicente de Pa\u00fal\u00bb","block_context":{"text":"Vicente de Pa\u00fal","link":"https:\/\/vincentians.com\/es\/category\/la-familia-vicenciana\/fundadores\/vicente-de-paul\/"},"img":{"alt_text":"","src":"https:\/\/i0.wp.com\/vicencianos.org\/wp-content\/2010\/12\/el_pilar_zaragoza-300x202.jpg?resize=350%2C200","width":350,"height":200},"classes":[]}],"_links":{"self":[{"href":"https:\/\/vincentians.com\/es\/wp-json\/wp\/v2\/posts\/5409","targetHints":{"allow":["GET"]}}],"collection":[{"href":"https:\/\/vincentians.com\/es\/wp-json\/wp\/v2\/posts"}],"about":[{"href":"https:\/\/vincentians.com\/es\/wp-json\/wp\/v2\/types\/post"}],"author":[{"embeddable":true,"href":"https:\/\/vincentians.com\/es\/wp-json\/wp\/v2\/users\/4"}],"replies":[{"embeddable":true,"href":"https:\/\/vincentians.com\/es\/wp-json\/wp\/v2\/comments?post=5409"}],"version-history":[{"count":1,"href":"https:\/\/vincentians.com\/es\/wp-json\/wp\/v2\/posts\/5409\/revisions"}],"predecessor-version":[{"id":404817,"href":"https:\/\/vincentians.com\/es\/wp-json\/wp\/v2\/posts\/5409\/revisions\/404817"}],"wp:featuredmedia":[{"embeddable":true,"href":"https:\/\/vincentians.com\/es\/wp-json\/wp\/v2\/media\/404146"}],"wp:attachment":[{"href":"https:\/\/vincentians.com\/es\/wp-json\/wp\/v2\/media?parent=5409"}],"wp:term":[{"taxonomy":"category","embeddable":true,"href":"https:\/\/vincentians.com\/es\/wp-json\/wp\/v2\/categories?post=5409"},{"taxonomy":"post_tag","embeddable":true,"href":"https:\/\/vincentians.com\/es\/wp-json\/wp\/v2\/tags?post=5409"}],"curies":[{"name":"wp","href":"https:\/\/api.w.org\/{rel}","templated":true}]}}