{"id":53847,"date":"2011-10-19T04:45:46","date_gmt":"2011-10-19T02:45:46","guid":{"rendered":"http:\/\/somos.vicencianos.org\/blog\/2011\/10\/el-proyecto-mindoro-en-filipinas-para-participar-plenamente-en-la-vida-construyendo-comunidades-de-base\/"},"modified":"2016-07-26T10:45:32","modified_gmt":"2016-07-26T08:45:32","slug":"el-proyecto-mindoro-en-filipinas-para-participar-plenamente-en-la-vida-construyendo-comunidades-de-base","status":"publish","type":"post","link":"https:\/\/vincentians.com\/es\/el-proyecto-mindoro-en-filipinas-para-participar-plenamente-en-la-vida-construyendo-comunidades-de-base\/","title":{"rendered":"El proyecto \u00abMindoro\u00bb en Filipinas"},"content":{"rendered":"<p>\u00c9sta es la historia de campesinos \u2014hombres y mujeres, j\u00f3venes y mayores\u2014 que, despertando y haci\u00e9ndose conscientes de su potencial humano, vieron la oportunidad de usar sus capacidades, exigieron la responsabilidad sobre sus vidas, y trajeron el cambio a sus comunidades. \u00bfC\u00f3mo podemos ayudar a un pueblo que tanto promete y que tiene tanta sabidur\u00eda pr\u00e1ctica para creer no s\u00f3lo en s\u00ed mismos, sino tambi\u00e9n en lo que pueden hacer para dar forma a sus vidas sobre el modelo de sus sue\u00f1os? \u00bfC\u00f3mo podemos ofrecer formaci\u00f3n a campesinos y a familias campesinas de modo que pue\u00addan hacer que las virtudes de paciencia, creatividad, fortaleza y capacidad de aguante, un sentido profundo de comunidad, y una fe sencilla que conf\u00eda en Dios, influyan en su lucha por la justicia y por una vida m\u00e1s humana? \u00bfC\u00f3mo puede un pueblo excluido de participar en la vida social por causa de su pobreza reclamar sus derechos como seres humanos? Este es el itinerario de ocho comu\u00adnidades campesinas en la isla de Mindoro, no lejos de la costa de Luz\u00f3n, en Filipinas. Lograron elevarse, por usar las palabras de sor Suzanne Guillemin, \u00abdesde un complejo de inferioridad humana hasta una plena participaci\u00f3n en la vida social.\u00bb<a href=\"https:\/\/i0.wp.com\/vicencianos.org\/wp-content\/2011\/10\/mindoro_01.jpg\"><img data-recalc-dims=\"1\" loading=\"lazy\" decoding=\"async\" class=\"aligncenter size-large wp-image-53850\" title=\"Semillas de Esperanza\" alt=\"\" src=\"https:\/\/i0.wp.com\/vicencianos.org\/wp-content\/2011\/10\/mindoro_01-1024x491.jpg?resize=574%2C275\" width=\"574\" height=\"275\" \/><\/a><\/p>\n<h2><strong><em>El contexto: Mindoro occidental: \u00abla mitad olvidada&#8230;\u00bb<\/em><\/strong><\/h2>\n<p><a href=\"https:\/\/i0.wp.com\/vicencianos.org\/wp-content\/2011\/10\/mindoro_08.jpg\"><img data-recalc-dims=\"1\" loading=\"lazy\" decoding=\"async\" class=\"alignright size-medium wp-image-53857\" title=\"Semillas de Esperanza\" alt=\"\" src=\"https:\/\/i0.wp.com\/vicencianos.org\/wp-content\/2011\/10\/mindoro_08-300x159.jpg?resize=300%2C159\" width=\"300\" height=\"159\" \/><\/a>La isla de Mindoro, cerca de la punta suro\u00adeste de Luz\u00f3n, est\u00e1 dividida en dos partes por una cordillera que se extiende de norte a sur, que sirve de l\u00edmite entre las dos provincias de la isla. A la provin\u00adcia de la parte oeste, Mindoro Occidental, pobre y menos desarro\u00adllada que la parte oriental, se le conoce frecuentemente como \u00abla parte olvidada de la isla olvidada.\u00bb Geogr\u00e1ficamente es menos accessible por tierra o por el aire que el otro lado de la isla.<\/p>\n<p>Las comunicaciones, el comercio y el viajar son muy dif\u00edciles porque los medios de transporte est\u00e1n poco desarrollados y depen\u00adden con mucha frecuencia de la meteorolog\u00eda. Durante la \u00e9poca de las lluvias la provincia entera est\u00e1 separada totalmente a veces del resto del pa\u00eds.<\/p>\n<p><a href=\"https:\/\/i0.wp.com\/vicencianos.org\/wp-content\/2011\/10\/mindoro_10.jpg\"><img data-recalc-dims=\"1\" loading=\"lazy\" decoding=\"async\" class=\"alignleft size-medium wp-image-53859\" title=\"Semillas de Esperanza\" alt=\"\" src=\"https:\/\/i0.wp.com\/vicencianos.org\/wp-content\/2011\/10\/mindoro_10-300x279.jpg?resize=300%2C279\" width=\"300\" height=\"279\" \/><\/a>La provincia occidental est\u00e1 dotada de una gran extensi\u00f3n de tierra de cultivo, y por eso la econom\u00eda de Mindoro Occidental depende grandemente de los productos agr\u00edcolas, sobre todo del ma\u00edz. La mayor parte de la poblaci\u00f3n y de la fuerza de trabajo es campesina, pero menos del uno por cierto son propie\u00adtarios de la tierra que traba\u00adjan. Grandes extensions de terreno est\u00e1n a\u00fan en manos de terratenientes absentis\u00adtas. La situaci\u00f3n de los campesinos ha permaneci\u00addo miserable a lo largo de los a\u00f1os, porque est\u00e1n opri\u00admidos por rentas abusivas, y por los sistemas de pr\u00e9s\u00adtamos. Muchos de los cam\u00adpesinos son v\u00edctimas de usureros que se aprovechan de la necesi\u00addad de capital que tienen los campesinos.<\/p>\n<p>La provincia tiene una tasa de alfabetizaci\u00f3n 81.6%, pero s\u00f3lo el 5.4% llegan al nivel de la ense\u00f1anza superior, y s\u00f3lo el 2.6% tie\u00adnen alg\u00fan t\u00edtulo. Esto es as\u00ed sobre todo porque los hijos de familias campesinas tienen que ayudar en el trabajo familiar en cuanto tie\u00adnen edad para poder hacerlo.<\/p>\n<p>Las comunidades campesinas no tienen acceso a los servicios b\u00e1sicos de salud. La combinaci\u00f3n de una alimentaci\u00f3n pobre, con\u00addiciones sanitarias deficientes, aislamiento e ignorancia tiene como resultado que la poblaci\u00f3n rural sea muy sensible a enfermedades que ser\u00edan f\u00e1ciles de curar. Esta situaci\u00f3n fr\u00e1gil de la salud est\u00e1 a\u00fan m\u00e1s deteriorada por raz\u00f3n del corte ilegal de \u00e1rboles, que no se pre\u00adocupa para nada de sus efectos sobre la poblaci\u00f3n y sobre la ecolo\u00adg\u00eda<\/p>\n<p>El poder, la riqueza, y las conexiones sociales est\u00e1n en manos de dinast\u00edas pol\u00edticas y de los terratenientes. Rural en su mayor parte (el 85% vive en el campo) la poblaci\u00f3n incluye tambi\u00e9n inmi\u00adgrantes de otras provincias en busca de una vida major.<\/p>\n<p>La fe de la gente, marcada por una confianza profunda en la divina providencia, se expresa con preferencia por medio de los sacramentos, las fiestas de los santos patronos, y las devociones religiosas populares.<\/p>\n<h2><strong><em>La situaci\u00f3n: excluidos de la vida social<\/em><\/strong><\/h2>\n<p><a href=\"https:\/\/i0.wp.com\/vicencianos.org\/wp-content\/2011\/10\/mindoro_11.jpg\"><img data-recalc-dims=\"1\" loading=\"lazy\" decoding=\"async\" class=\"alignleft size-medium wp-image-53860\" title=\"Semillas de Esperanza\" alt=\"\" src=\"https:\/\/i0.wp.com\/vicencianos.org\/wp-content\/2011\/10\/mindoro_11-300x198.jpg?resize=300%2C198\" width=\"300\" height=\"198\" \/><\/a>Los campesinos de esa regi\u00f3n est\u00e1n atrapados en un ciclo de pobreza y de todas sus consecuencias, no tienen voz en cuestiones pol\u00edticas, tienen una educaci\u00f3n escolar pobre, una salud pobre, y condiciones injustas en renta de tierras. Son con frecuencia v\u00edcti\u00admas de agencias de pr\u00e9stamos, sobre todo en los tiempos de cose\u00adcha y de siembra. Las comunidades campesi\u00adnas encuentran fuerza en las pr\u00e1cticas de su fe, pero dif\u00edcilmente se dan cuenta de su propio potencial para ser agentes de su propio desarrollo. Atados por una \u00abcultura de gratitud\u00bb hacia patronos y bienhechores, son f\u00e1ciles v\u00edctimas de intimidaci\u00f3n pol\u00edtica y de manipulaci\u00f3n.<\/p>\n<p>Por otro lado, est\u00e1n agraciados con los h\u00e1bitos de ser directos, sencillos, realistas, abiertos, y con la bendici\u00f3n de la sabidur\u00eda pro\u00adpia de los que viven cercanos a la tierra y que han aprendido a res\u00adpetar el paso de las estaciones. Tienen un sentido pac\u00edfico de la dig\u00adnidad y una gran capacidad de aguante que les ha permitido sobre\u00adllevar su pobreza sin ser derrotados por ella.<\/p>\n<h2><strong><em>Una respuesta hol\u00edstica: construyendo comunidades eclesiales de base<\/em><\/strong><\/h2>\n<p>En 1990 el obispo del vicariato apost\u00f3lico de San Jos\u00e9 invit\u00f3 a las Hijas de la Caridad a trabajar con los pobres en el campo, en concreto en la parroquia de San Jos\u00e9. Por aquellos a\u00f1os una de las principales l\u00edneas de acci\u00f3n pastoral de la provincia de Filipinas era la formaci\u00f3n de comunidades eclesiales de base. Esto implicaba el construir comunidades,.formar al pueblo en la fe y formarles para trabajar por el cambio social. El proceso de formaci\u00f3n era hol\u00edsti\u00adco, participativo, y enraizado en una espiritualidad de transforma\u00adci\u00f3n social. Como la Iglesia en Filipinas se ha declarado Iglesia de los pobres, la construcci\u00f3n de comunidades eclesiales de base (CEB) es un elemento fundamental.<\/p>\n<p><a href=\"https:\/\/i0.wp.com\/vicencianos.org\/wp-content\/2011\/10\/mindoro_09.jpg\"><img data-recalc-dims=\"1\" loading=\"lazy\" decoding=\"async\" class=\"aligncenter size-large wp-image-53858\" title=\"Semillas de Esperanza\" alt=\"\" src=\"https:\/\/i0.wp.com\/vicencianos.org\/wp-content\/2011\/10\/mindoro_09-1024x439.jpg?resize=579%2C248\" width=\"579\" height=\"248\" \/><\/a>Las comunidades cristianas de base son comunidades planifi\u00adcadas \u00abconstruidas\u00bb con paciencia por medio de programas que usan m\u00e9todos espec\u00edficos, procesos y estructuras , e intentan trans\u00adformar a las personas, a las comunidades y a la sociedad, dot\u00e1ndo\u00adles de la capacidad de pasar de ser impotentes y pasivas a ser capa\u00adces de mantenerse a s\u00ed mismas y de gobernarse a s\u00ed mismas.<strong><\/strong><\/p>\n<h3><strong>A. <\/strong><strong>El m\u00e9todo<\/strong><\/h3>\n<p>Desde el comienzo mismo los organizadores originales de esas comunidades usaron una metodolog\u00eda espec\u00edfica que se aplicaba de manera consistente en sesiones de formaci\u00f3n en Mindoro Occidental y en todas las otras actividades que eran parte del pro\u00adgrama de las CEB. El m\u00e9todo, conocido como \u00abAcci\u00f3n-Reflexi\u00f3n sobre la Fe-Acci\u00f3n\u00bb (ARFA), es conocido m\u00e1s com\u00fanmente como el m\u00e9todo de \u00abver-juzgar-actuar\u00bb.<strong><\/strong><\/p>\n<h3><strong>B. <\/strong><strong>El proceso<\/strong><\/h3>\n<p><a href=\"https:\/\/i0.wp.com\/vicencianos.org\/wp-content\/2011\/10\/mindoro_06.jpg\"><img data-recalc-dims=\"1\" loading=\"lazy\" decoding=\"async\" class=\"alignright size-medium wp-image-53855\" title=\"Semillas de Esperanza\" alt=\"\" src=\"https:\/\/i0.wp.com\/vicencianos.org\/wp-content\/2011\/10\/mindoro_06-300x214.jpg?resize=300%2C214\" width=\"300\" height=\"214\" \/><\/a>La construcci\u00f3n de comunidades eclesiales de base es un pro\u00adceso que por su naturaleza misma es formativo. Re\u00fane a la gente para dialogar en varios niveles: relaciones de trabajo y de comuni\u00addad, vida privada y realidades sociales, fe y acci\u00f3n. Capacita a la gente para pensar cr\u00edticamente, asumir la responsabilidad de sus decisiones y ser due\u00f1os de sus propias vidas.<\/p>\n<p>Despu\u00e9s de alguna preparaci\u00f3n inicial, la construcci\u00f3n de CEB en San Jos\u00e9, Mindoro Occidental, pas\u00f3 por cinco fases:<\/p>\n<p><strong><em>Preparaci\u00f3n<\/em><\/strong><\/p>\n<p>Despu\u00e9s de estar visitando durante tres meses familias y comu\u00adnidades en el campo, las hermanas que dirig\u00edan el proceso se reu\u00adnieron con el p\u00e1rroco y sus asistentes. La reuni\u00f3n ten\u00eda los sigu\u00adientes fines importantes:<\/p>\n<ul>\n<li>compartir sus experiencias y la informaci\u00f3n que hab\u00edan reco\u00adgido en relaci\u00f3n a las comunidades<\/li>\n<li>tratar de llegar a una idea com\u00fan acerca de lo que son las CEB y dise\u00f1ar el Programa CEB en coincidencia con las necesidades de los pobres que se hab\u00edan descubierto<\/li>\n<li>dejar claros los varios roles en la puesta en marcha del Programa (al rol del p\u00e1rroco como animador siempre se lo considera de importancia vital: nadie puede sustituirle en ese rol, ni siquiera las hermanas que dirigen el proyecto)<\/li>\n<li>llegar a un acuerdo sobre los procesos y los m\u00e9todos que se hab\u00edan de usar; en cuanto a las hermanas, actuar\u00edan como agentes pastorales del programa durante la fase inicial<\/li>\n<li>confirmar la decisi\u00f3n de comenzar por la periferia m\u00e1s bien que por el centro de la parroquia<\/li>\n<li>confirmar la elecci\u00f3n de \u00abzonas piloto\u00bb, y revisar los crite\u00adrios para hacer la elecci\u00f3n: la poblaci\u00f3n, la disponibilidad para el cambio, la accesibilidad geogr\u00e1fica, y la presencia de posibles l\u00edderes.<\/li>\n<\/ul>\n<p><strong>FASE 1: Organizaci\u00f3n <em>(de 5 meses a un a\u00f1o)<\/em><\/strong><\/p>\n<p>Los agentes pastorales de CEB recib\u00edan una preparaci\u00f3n mien\u00adtras que casi a la vez comenzaron a visitar de una manera sistem\u00e1\u00adtica viviendas en las aldeas. Su preparaci\u00f3n hizo m\u00e1s fructuosas las visitas, y viceversa. El visitar las comunidades capacit\u00f3 a los agen\u00adtes de pastoral para adquirir un conocimiento mejor de la vida de la gente, establecer amistades, conocer mejor los hogares, seleccio\u00adnar posibles l\u00edderes, organizar las aldeas en grupos de 10-15 fami\u00adlias, acostumbrar a la gente a tener reuniones de comunidad, aseso\u00adrarles en tomar decisiones comunitarias, y animarles a que dieran los primeros pasos para formar comunidades eclesiales de base. Hacia el final de esta fase se ofreci\u00f3 un cursillo de orientaci\u00f3n b\u00e1si\u00adca que concluy\u00f3 con la elecci\u00f3n de l\u00edderes de comunidad.<a href=\"https:\/\/i0.wp.com\/vicencianos.org\/wp-content\/2011\/10\/mindoro_07.jpg\"><img data-recalc-dims=\"1\" loading=\"lazy\" decoding=\"async\" class=\"aligncenter size-large wp-image-53856\" title=\"Semillas de Esperanza\" alt=\"\" src=\"https:\/\/i0.wp.com\/vicencianos.org\/wp-content\/2011\/10\/mindoro_07-1024x544.jpg?resize=578%2C307\" width=\"578\" height=\"307\" \/><\/a><\/p>\n<p><strong>FASE 2: Mantenimiento <em>(a partir del <\/em><em>octavo mes, y luego de una manera permanente)<\/em><\/strong><\/p>\n<p><a href=\"https:\/\/i0.wp.com\/vicencianos.org\/wp-content\/2011\/10\/mindoro_05.jpg\"><img data-recalc-dims=\"1\" loading=\"lazy\" decoding=\"async\" class=\"alignright size-medium wp-image-53854\" title=\"mindoro_05\" alt=\"\" src=\"https:\/\/i0.wp.com\/vicencianos.org\/wp-content\/2011\/10\/mindoro_05-300x278.jpg?resize=300%2C278\" width=\"300\" height=\"278\" \/><\/a>Una fase crucial en el proceso de la construcci\u00f3n de comunida\u00addes eclesiales de base se centr\u00f3 en la formaci\u00f3n e interiorizaci\u00f3n de la fe, de los valores, del conocimiento y la capacidad necesarias sobre los que se funda una comunidad tipo. Por medio de reunio\u00adnes regulares de comunidad semanales y mensuales, sesiones de formaci\u00f3n y de di\u00e1logo, la comunidad, y sobre todo los l\u00edderes, comenzaron a comprender la visi\u00f3n, la misi\u00f3n, los procesos y las estructuras de una comuni\u00addad eclesial de base.<\/p>\n<p>Tambi\u00e9n comenzaron durante esta fase las activi\u00addades regulares que son caracter\u00edsticas de una co\u00admunidad eclesial de base: di\u00e1logos compartidos sobre la biblia y la fe, celebraciones de la liturgia de la palabra, incluyen\u00addo la comuni\u00f3n, en servicios dirigidos por ministros laicos cuando no hab\u00eda un sacerdote disponible para celebrar la eucarist\u00eda, reunio\u00adnes de comunidad y di\u00e1logos moderados por el presidente de la comunidad para resolver conflictos o para planificar las activida\u00addes.<\/p>\n<p>Esta fase se carac\u00adteriz\u00f3 por una profundi\u00adzaci\u00f3n en las relaciones dentro de la comuni\u00addad, un mayor compro\u00admiso con Iglesia y su misi\u00f3n, oraci\u00f3n, culto, y por una mayor parti\u00adcipaci\u00f3n en la vida y las actividades de la aldea. Todo esto llev\u00f3 a un sentido profundo de pertenencia a una comunidad, disponibilidad para asumir respon\u00adsabilidades, un equipo s\u00f3lido de l\u00edderes, y la capacidad de hablar por s\u00ed mismos y de tomar decisiones, todo lo cual indicaba qu\u00e9 comunidad estaba preparada para pasar a la siguiente fase. Las actividades de esta segunda fase siguieron d\u00e1ndose mientras la comunidad progresaba hacia la tercera fase.<\/p>\n<p><strong><a href=\"https:\/\/i0.wp.com\/vicencianos.org\/wp-content\/2011\/10\/mindoro_03.jpg\"><img data-recalc-dims=\"1\" loading=\"lazy\" decoding=\"async\" class=\"alignleft size-medium wp-image-53852\" title=\"mindoro_03\" alt=\"\" src=\"https:\/\/i0.wp.com\/vicencianos.org\/wp-content\/2011\/10\/mindoro_03-300x217.jpg?resize=300%2C217\" width=\"300\" height=\"217\" \/><\/a>FASE 3: Integraci\u00f3n <em>(despu\u00e9s del primer a\u00f1o y luego de manera permanente)<\/em><\/strong><\/p>\n<p>En esta fase la comunidad identifi\u00adca sus necesidades sociales, pol\u00edticas, econ\u00f3micas, cultu\u00adrales y ecol\u00f3gicas por medio de una b\u00fasqueda participa\u00adda y de sesiones de reflexi\u00f3n comunita\u00adria. Entre sus mu\u00adchos intereses, eli\u00adgieron como priori\u00adtarios los que creyeron m\u00e1s necesarios y estaban m\u00e1s preparados para manejar. Se dise\u00f1aron programas para responder a esas nece\u00adsidades. Se incluyeron programas para producir ingresos, coopera\u00adtivas, ayuda de pr\u00e9stamos, programas de agricultura y un programa de salud basado en los recursos de la comunidad. Se escogieron l\u00edderes para esos programas de entre los habitantes de las aldeas, a los que se prepar\u00f3 para desempe\u00f1ar esas responsabilidades nuevas.<\/p>\n<p>El paso a esta fase exigi\u00f3 una formaci\u00f3n m\u00e1s prolongada y regular, no s\u00f3lo en la visi\u00f3n y en los valores sobre los que se cons\u00adtruye una CEB sino tambi\u00e9n en las t\u00e9cnicas y el conocimiento de los medios necesarios para ganarse la vida, manejar problemas socioecon\u00f3micos y de salud, y para dise\u00f1ar otros programas. Surgi\u00f3 tambi\u00e9n un grupo m\u00e1s peque\u00f1o de l\u00edderes, formado por el presidente de la CEB, el ministro laico, el tesorero, los l\u00edderes de grupos, y los representantes de los programas (labradores, j\u00f3venes, trabajadores de la salud, y otros). Esta fase se caracteriz\u00f3 por una mayor autonom\u00eda por parte de los l\u00edderes y de la comunidad. Los agentes pastorales siguieron acompa\u00f1\u00e1ndolos, pero cada vez m\u00e1s la animaci\u00f3n y la direcci\u00f3n de la comunidad fue dej\u00e1ndose en manos del grupo m\u00e1s peque\u00f1o de l\u00edderes.<a href=\"https:\/\/i0.wp.com\/vicencianos.org\/wp-content\/2011\/10\/mindoro_04.jpg\"><img data-recalc-dims=\"1\" loading=\"lazy\" decoding=\"async\" class=\"aligncenter size-large wp-image-53853\" title=\"Semillas de Esperanza\" alt=\"\" src=\"https:\/\/i0.wp.com\/vicencianos.org\/wp-content\/2011\/10\/mindoro_04-1024x454.jpg?resize=576%2C255\" width=\"576\" height=\"255\" \/><\/a><\/p>\n<p><strong>FASE 4: Coordinaci\u00f3n <em>(despu\u00e9s del tercer a\u00f1o, y luego de manera permanente)<\/em><\/strong><\/p>\n<p>Caracter\u00edstica de esta fase fue la disposici\u00f3n de la comunidad para \u00abmirar hacia fuera\u00bb. Las comunidades empezaron a compartir sus recursos, lo mismo humanos que materiales, con otras CEB y con la parroquia. Algunas CEB m\u00e1s desarrolladas se ofrec\u00edan para ayudar en los programas de formaci\u00f3n en aldeas cercanas que que\u00adr\u00edan convertirse en comunidades de base. Empezaron tambi\u00e9n a formar redes de colaboraci\u00f3n con agencias del gobierno y privadas cuando empezaron a crecer sus programas socioecon\u00f3micos, eco\u00adl\u00f3gicos, y de salud.<a href=\"https:\/\/i0.wp.com\/vicencianos.org\/wp-content\/2011\/10\/mindoro_02.jpg\"><img data-recalc-dims=\"1\" loading=\"lazy\" decoding=\"async\" class=\"aligncenter size-large wp-image-53851\" title=\"Semillas de Esperanza\" alt=\"\" src=\"https:\/\/i0.wp.com\/vicencianos.org\/wp-content\/2011\/10\/mindoro_02-1024x505.jpg?resize=578%2C285\" width=\"578\" height=\"285\" \/><\/a><\/p>\n<p><strong>FASE 5: Evaluaci\u00f3n <em>(despu\u00e9s del primer a\u00f1o, y luego de manera permanente)<\/em><\/strong><\/p>\n<p>La evaluaci\u00f3n se hac\u00eda y se sigue haciendo de manera regular por parte de cada CEB y por el conjunto de ellas.<\/p>\n<h3><strong>C. Componentes en el funcionamiento actual del programa<\/strong><\/h3>\n<p><strong>1. <\/strong><strong>Organizaci\u00f3n de la comunidad<\/strong><\/p>\n<p>El componente del programa de organizaci\u00f3n de la comunidad ayuda a los participantes a formar un todo cohesionado. El trabajo de organizaci\u00f3n comenz\u00f3 cuando el equipo de las CEB lleg\u00f3 por vez primera a la aldea y comenz\u00f3 sus visitas regulares a los hoga\u00adres, reuniones y sesiones de formaci\u00f3n. La meta era crear estructu\u00adras por las que la comunidad se gobernar\u00eda a s\u00ed misma. Este com\u00adponente fue de importancia crucial durante la primera fase de la puesta en marcha del programa.<a href=\"https:\/\/i0.wp.com\/vicencianos.org\/wp-content\/2011\/10\/mindoro_12.jpg\"><img data-recalc-dims=\"1\" loading=\"lazy\" decoding=\"async\" class=\"aligncenter size-large wp-image-53861\" title=\"Semillas de Esperanza\" alt=\"\" src=\"https:\/\/i0.wp.com\/vicencianos.org\/wp-content\/2011\/10\/mindoro_12-1024x532.jpg?resize=578%2C300\" width=\"578\" height=\"300\" \/><\/a><strong><\/strong><\/p>\n<p><strong>2. <\/strong><strong>Formaci\u00f3n<\/strong><\/p>\n<p>La formaci\u00f3n es un componente indispensable de las CEB; sin \u00e9l no puede durar una comunidad. Orientado hacia la formaci\u00f3n en la fe, concienciaci\u00f3n social, crecimiento en esp\u00edritu de comunidad y la capacidad de mantener otros programas en marcha, el compo\u00adnente de formaci\u00f3n en Mindoro Occidental se dirig\u00eda a todos los aspectos de la vida de la comunidad, y ten\u00eda en consideraci\u00f3n su contexto y su cultura. Al comienzo del programa la formaci\u00f3n era competencia de los coordinadores de las CEB y de los agentes de pastoral, pero con el tiempo pas\u00f3 a ser competencia de una Equipo de Formaci\u00f3n de la Comunidad. El programa de formaci\u00f3n inclu\u00eda temas como espiritualidad, liderazgo, la biblia, formaci\u00f3n humana y ecolog\u00eda, y ofrec\u00eda cursillos especiales sobre las nuevas t\u00e9cnicas en agricultura, cooperativas, y educaci\u00f3n del votante. Se imparti\u00f3 una formaci\u00f3n especial a ministros laicos con el fin de prepararlos para su papel de dirigentes en las celebraciones comunitarias de la liturgia de la palabra. Se ofrecieron cursos en direcci\u00f3n y comuni\u00adcaci\u00f3n a los presidentes de CEB y a otros l\u00edderes. Tambi\u00e9n se tuvo en cuenta la formaci\u00f3n permanente de todos los otros miembros de las comunidades.<\/p>\n<p>Este componente fue el b\u00e1sico de la Fase 2, y se tuvo corno tema prioritario a lo largo de todas las fases siguientes.<a href=\"https:\/\/i0.wp.com\/vicencianos.org\/wp-content\/2011\/10\/mindoro_13.jpg\"><img data-recalc-dims=\"1\" loading=\"lazy\" decoding=\"async\" class=\"aligncenter size-large wp-image-53862\" title=\"Semillas de Esperanza\" alt=\"\" src=\"https:\/\/i0.wp.com\/vicencianos.org\/wp-content\/2011\/10\/mindoro_13-1024x436.jpg?resize=578%2C246\" width=\"578\" height=\"246\" \/><\/a><\/p>\n<p><strong>3. Componente agricultural<\/strong><\/p>\n<p>Este componente se refer\u00eda directamente a las necesidades de los campesinos, y les ofrec\u00eda la informaci\u00f3n sobre las t\u00e9cnicas rela\u00adcionadas con las corrientes de la agricultura moderna y a tecnolo\u00adg\u00eda que en circunstancias ordinarias habr\u00edan estado muy lejos de su alcance. Se les anim\u00f3 tambi\u00e9n a intentar otros cultivos alternativos. Los cursos que se ofrecieron inclu\u00edan administraci\u00f3n de granjas, propagaci\u00f3n de plantas, an\u00e1lisis de tierras, cr\u00eda de cerdos. Se intro\u00addujeron otras iniciativas tales como formas alternativas de control de las pestes que pudieran usarse en lugar de los pesticidas comer\u00adciales, agricultura communal y la formaci\u00f3n de asociaciones de agricultores y de cooperativas.<\/p>\n<p><strong>4. Proyectos para generar ingresos (PGI)<\/strong><\/p>\n<p>Este componente condujo a los miembros a centrarse en el aspecto socioecon\u00f3mico de la vida de la comunidad cristiana. Por el compromiso de iniciar proyectos que generaran ingresos, inicia\u00adron un movimiento hacia una actitud de confianza en s\u00ed mismos en cuanto comunidad. Se emprendieron los <strong>PGI <\/strong>por grupos o por comunidades enteras m\u00e1s bien que por individuos aislados, de modo que el proceso produjo por su misma naturaleza sentido de la corresponsabilidad, toma de decisiones participada y solidari\u00addad. Reuniones entre las CEB, junto con sesiones de formaci\u00f3n permanente, hicieron que los miembros compartieran t\u00e9cnicas, estrategias, experiencias y asesoramiento de gran valor.<\/p>\n<p><strong>5- Cooperativas<\/strong><\/p>\n<p>Este componente se centr\u00f3 tambi\u00e9n en capacitar a los miem\u00adbros de la comunidad para crecer en autoconfianza econ\u00f3mica por el medio de trabajar juntos. Se ofrecieron cursillos pr\u00e1cticos sobre cooperativas, y se reforzaron a\u00fan m\u00e1s los PGI de la comunidad. Como las cooperativas de las CEB son intrumentos a la vez de mejora socioecon\u00f3mica y de un mayor poder pol\u00edtico, se hicieron portavoces ante las agencias del gobierno y las privadas a favor de las comunidades y de los individuos oprimidos por sistemas de pr\u00e9stamos injustos.<\/p>\n<p><strong>6. Proyectos de salud<\/strong><\/p>\n<p>Este componente se orient\u00f3 hacia la familia y a las relaciones afectivas que promueven el bienestar. Entren\u00f3 a parejas como l\u00edde\u00adres para el apostolado de la vida de familia. Se dio formaci\u00f3n en temas b\u00e1sicos de salud a voluntarios, en su mayor parte mujeres procedentes de la comunidad, formaci\u00f3n tambi\u00e9n en la promoci\u00f3n de las condiciones sanitarias, medicina de hierbas y reflexiolog\u00eda.<\/p>\n<p>Los componentes centrados en la agricultura, proyectos para generar ingresos, cooperativas y salud formaron parte de las Fases 3 y 4.<\/p>\n<h3><strong>D. La lucha por ser&#8230;<\/strong><\/h3>\n<p><a href=\"https:\/\/i0.wp.com\/vicencianos.org\/wp-content\/2011\/10\/mindoro_14.jpg\"><img data-recalc-dims=\"1\" loading=\"lazy\" decoding=\"async\" class=\"alignright size-medium wp-image-53863\" title=\"Semillas de Esperanza\" alt=\"\" src=\"https:\/\/i0.wp.com\/vicencianos.org\/wp-content\/2011\/10\/mindoro_14-300x267.jpg?resize=300%2C267\" width=\"300\" height=\"267\" \/><\/a>El compromiso activo de la gente en el programa de las CEB fue un elemento esencial en todo el proceso. La gente del campo es bien conocida por su sentido c\u00e1lido de la hospitalidad, pero sus pre\u00advenciones iniciales hacia el programa brotaban de experiencias anteriores en las que hab\u00edan traicionado su confianza grupos sin escr\u00fapulos que les manipularon para sus propios fines. Pero una vez que la gente entendi\u00f3 qu\u00e9 es lo que pretend\u00eda el programa, abrieron sus casas y sus vidas a los agentes pastorales sin ninguna reserva. Durante la fase de organizaci\u00f3n se unieron a los agentes pastorales y les acompa\u00f1aron durante sus visitas domiciliarias, les proporcionaban informaci\u00f3n importante acerca de sus aldeas, de la gente y de su manera de vivir. Y convencieron a sus paisanos para que participaran en el programa.<\/p>\n<p>Su respuesta a la formaci\u00f3n durante la fase de mantenimiento (Fase 2) fue tremenda. Se instruyeron acerca de su fe, acerca de las realidades sociales que afectaban a sus vidas, y acerca de otros muchos temas, y todo ello con una profundidad que era a la vez inspiraci\u00f3n y desafio. Se mostraron muy abiertos al proceso ARFA (ver-juzgar-actuar), pues les capacitaba para mirar a su situaci\u00f3n y reflexionar sobre ella desde la perspectiva de la fe. Esto les hac\u00eda capaces de encontrar sentido a sus luchas, y as\u00ed comenzaron a enfrentarse a problemas antiguos con respuestas nuevas.<\/p>\n<p><strong>Dos ejemplos:<\/strong><\/p>\n<ol>\n<li>Una comunidad necesitaba una cancha de baloncesto que sirvie\u00adra para dos cosas: la primera, como lugar para juegos y celebra\u00adciones sociales de la comunidad, y la segunda, como superficie de cemento en la que secar el arroz y el ma\u00edz. En tiempo de elec\u00adciones un pol\u00edtico les prometi\u00f3 hacerles la cancha de balonces\u00adto. Despu\u00e9s de una seria y larga discusi\u00f3n la comunidad decidi\u00f3 no aceptar ninguna donaci\u00f3n que tuviera implicaciones pol\u00edti\u00adcas. Ahorraron el dinero necesario para construir su propia can\u00adcha de cemento. Hoy esa comunidad usa su cancha con toda libertad, orgullo e integridad.<\/li>\n<li>Otra comunidad se enter\u00f3 de que el concejo municipal local hab\u00eda decidido usar parte de su tierra como basurero. Despu\u00e9s de informar a toda la comunidad acerca de este \u00abdesastre\u00bb, empezaron a reunir m\u00e1s informaci\u00f3n acerca de c\u00f3mo ese plan afectar\u00eda a su tierra y a su salud. Movilizaron a otras CEB para que les apoyaran en sus quejas, se dirigieron a personas impor\u00adtantes y presentaron su caso. No se llev\u00f3 a cabo la decision municipal. Los miembros de la comunidad han seguido siendo labradores que viven unas vidas sencillas y a veces duras, pero hoy pueden vivir con confianza en s\u00ed mismos, pues saben que tienen la capacidad de presenter sus quejas en voz alta y de defender sus derechos.<\/li>\n<\/ol>\n<p>El paso a la <strong>fase de integraci\u00f3n <\/strong>(fase 3) puso a prueba a las comunidades, no s\u00f3lo por las exigencias del programa de for\u00admaci\u00f3n, sino tambi\u00e9n por las relaciones de confianza y de cola\u00adboraci\u00f3n que hab\u00eda que desarrollar. El esfuerzo por coordinar las necesidades personales y familiares con los intereses comu\u00adnes apareci\u00f3 en primer plano en esta fase. Esto puso a prueba varias veces la confianza de los l\u00edderes en la Providencia, la generosidad de sus familias y la idea de lo que debe ser una comunidad.<\/p>\n<p><strong><a href=\"https:\/\/i0.wp.com\/vicencianos.org\/wp-content\/2011\/10\/mindoro_20.jpg\"><img data-recalc-dims=\"1\" loading=\"lazy\" decoding=\"async\" class=\"size-medium wp-image-53869 alignright\" title=\"mindoro_20\" alt=\"\" src=\"https:\/\/i0.wp.com\/vicencianos.org\/wp-content\/2011\/10\/mindoro_20-300x192.jpg?resize=300%2C192\" width=\"300\" height=\"192\" \/><\/a>Dos experiencias:<\/strong><\/p>\n<ol>\n<li>Era la ma\u00f1ana del d\u00eda de Navidad y uno de los ministros laicos de una comunidad de base se puso enfermo. La comunidad envi\u00f3 un mensaje al ministro laico de una comunidad cercana para que viniera y celebrara con ellos la liturgia de la palabra y diera la communi\u00f3n. El ministro laico dudaba entre quedarse con su esposa, que estaba a punto de dar a luz, o ir a la comuni\u00addad cercana a actuar como ministro en la ma\u00f1ana de Navidad. Las mujeres de su comunidad intervinieron para decirle que ellas se ocupar\u00edan de su esposa y le asistir\u00edan en el parto, mien\u00adtras que los hombres se encargar\u00edan de preparar el agua calien\u00adte necesaria. Le aseguraron tambi\u00e9n que Dios se cuidar\u00eda de que estar\u00eda presente cuando llegara el momento del nacimiento de su primer hijo. Fue deprisa a la comunidad cercana, celebr\u00f3 la liturgia de la palabra del d\u00eda de Navidad con ellos; las oraciones de estos y sus buenos deseos le acompa\u00f1aron en el viaje de vuelta. Lleg\u00f3 a su casa justo en el momento en que nac\u00eda su hijo.<\/li>\n<li>Las \u00e9pocas de plantar y de recoger la cosecha afectan de mane\u00adra muy adversa a los bolsillos de los campesinos. Necesitan mano de obra extra para ayudarles a terminar sus labores de plantar y de recoger la cosecha de sus tierras. Eso quiere decir que tienen que buscar dinero y comida para pagar a los trabaja\u00addores. En tiempos pasados se trataba de \u00abs\u00e1lvese el que pueda\u00bb, y se daba un grado muy alto de competici\u00f3n entre ellos. Pero una vez que se organizaron en comunidad, los hombres pensa\u00adron en un plan que les permitir\u00eda hacer el trabajo r\u00e1pidamente y a la vez ahorrar dinero. Elaboraron un orden para ir plantando las tierras sucesivamente, y as\u00ed podian todos ayudarse unos a otros, esperando que se les proveyera en cada caso s\u00f3lo con la alimentaci\u00f3n del d\u00eda. Descubrieron que esto significaba no s\u00f3lo que el trabajo se hac\u00eda realmente, sino que adem\u00e1s reforzaba sus relaciones personales. Mientras esperaban el tiempo de cose\u00adchar, visitaban las tierras de los dem\u00e1s. Por raz\u00f3n de la amena\u00adza siempre presente de tifones, se ofrec\u00edan unos a otros sugeren\u00adcias sobre c\u00f3mo guardar seguras sus cosechas de arroz.<\/li>\n<\/ol>\n<p><strong><a href=\"https:\/\/i0.wp.com\/vicencianos.org\/wp-content\/2011\/10\/mindoro_21.jpg\"><img data-recalc-dims=\"1\" loading=\"lazy\" decoding=\"async\" class=\"alignleft size-medium wp-image-53870\" title=\"Semillas de Esperanza\" alt=\"\" src=\"https:\/\/i0.wp.com\/vicencianos.org\/wp-content\/2011\/10\/mindoro_21-300x232.jpg?resize=300%2C232\" width=\"300\" height=\"232\" \/><\/a>Al reflexionar sobre estas experiencias, se dieron cuenta de que ah\u00ed ten\u00edan una prueba concreta de que se hab\u00edan convertido de verdad en una comunidad.<\/strong><\/p>\n<p>Un indicador de que una CEB est\u00e1 \u00abmadura\u00bb es su capacidad para compartir sus recursos materiales y humanos para ayudar a otras CEB y para participar m\u00e1s activamente en la vida de la parro\u00adquia. Esto tuvo lugar concretamente durante la fase de coordina\u00adci\u00f3n. Los presidentes de BEC representaban a sus comunidades en el consejo de pastoral de la parroquia; los ministros laicos no s\u00f3lo serv\u00edan a sus comunidades, sino que se pon\u00edan a disposici\u00f3n de otras comunidades a las que no pod\u00edan llegar otros ministros; los oficiales de las CEB coordinaban las actividades con el p\u00e1rroco y junto con \u00e9l planificaban las fiestas de sus santos patronos. En el pasado los oficiales hubieran pedido a los agentes pastorales que les acompa\u00f1aran y hablaran en su lugar, pero ahora iban por su cuenta a agencias p\u00fablicas y privadas para enterarse de nuevos m\u00e9todos de trabajo agr\u00edcola, las normas nuevas acerca de pr\u00e9sta\u00admos para la agricultura, programas de capacitaci\u00f3n para formar cooperativas, etc.<\/p>\n<p>Peri\u00f3dicamente, con la asistencia de los coordinadores de CEB y de los agentes de pastoral, hac\u00edan evaluaciones.<\/p>\n<h3><strong>E. Socios en la construccion de CEB<\/strong><\/h3>\n<p>Muchas personas y grupos han participado en diversos grados en la puesta en marcha del conjunto del programa y de sus varios componentes:<\/p>\n<ul>\n<li>El vicariato apost\u00f3lico de San Jos\u00e9: el obispo y los sacerdo\u00adtes de la parroquia de San Jos\u00e9<\/li>\n<li>La oficina de econom\u00eda del vicariato<\/li>\n<li>Las Hijas de la Caridad<\/li>\n<li>La Fundaci\u00f3n Louise de Marillac, Inc. de la provincia filipi\u00adna de las Hijas de la Caridad<\/li>\n<li>El padre Paul Krutak, SVD<\/li>\n<li>Cooperativas Vicencianas, dirigidas por el padre Mario Castillo, CM<\/li>\n<li>Agencias del gobierno, incluyendo la Cooperative Development Authority, Technological Education Services and Development Authority, Department of Trade and Industry, Bureau of Interna! Revenue y la oficina del alcalde.<strong><\/strong><\/li>\n<\/ul>\n<h3><strong>F. Formaci\u00f3n de l\u00edderes<\/strong><\/h3>\n<p><a href=\"https:\/\/i0.wp.com\/vicencianos.org\/wp-content\/2011\/10\/mindoro_15.jpg\"><img data-recalc-dims=\"1\" loading=\"lazy\" decoding=\"async\" class=\"alignright size-medium wp-image-53864\" title=\"Semillas de Esperanza\" alt=\"\" src=\"https:\/\/i0.wp.com\/vicencianos.org\/wp-content\/2011\/10\/mindoro_15-300x220.jpg?resize=300%2C220\" width=\"300\" height=\"220\" \/><\/a>Dos a\u00f1os de formaci\u00f3n comunitaria intensiva fueron necesa\u00adrios para que surgieran l\u00edderes. Los programas semanales de forma\u00adci\u00f3n usaron m\u00f3dulos que siguieron el m\u00e9todo ARFA (ver-juzgar\u00adactuar). Los l\u00edderes recibieron la siguiente formaci\u00f3n:<\/p>\n<ul>\n<li>Un cursillo b\u00e1sico de orientaci\u00f3n de CEB<\/li>\n<li>Formaci\u00f3n b\u00e1sica en liderazgo<\/li>\n<li>Entrenamiento avanzado en liderazgo<\/li>\n<li>Organizaci\u00f3n de comunidades<\/li>\n<li>Direcci\u00f3n de proyectos<\/li>\n<li>Entrenamiento en m\u00f3dulos de formaci\u00f3n<\/li>\n<li>Entrenamiento en formadores de comunidad.<\/li>\n<\/ul>\n<p>Segu\u00edan siempre a cada m\u00f3dulo sesiones para reflexionar sobre su experiencia y para integrar las cosas diversas que hab\u00edan apren\u00addido . Asambleas intercomunitarias y generales daban a los l\u00edderes una experiencia pr\u00e1ctica en planificar, movilizar comunidades, facilitar reuniones y evaluar las actividades.<\/p>\n<h3><strong>G. Financiaci\u00f3n del programa<\/strong><\/h3>\n<ol>\n<li><a href=\"https:\/\/i0.wp.com\/vicencianos.org\/wp-content\/2011\/10\/mindoro_16.jpg\"><img data-recalc-dims=\"1\" loading=\"lazy\" decoding=\"async\" class=\"alignright size-medium wp-image-53865\" title=\"mindoro_16\" alt=\"\" src=\"https:\/\/i0.wp.com\/vicencianos.org\/wp-content\/2011\/10\/mindoro_16-300x220.jpg?resize=300%2C220\" width=\"300\" height=\"220\" \/><\/a>Para los tres primeros a\u00f1os (1993-1996), un grupo de Holanda, llamado Adviescommissie Missionnaire Activiteiten (AMA), apoy\u00f3 el programa. El a\u00f1o 2001, la parroquia local dio el dine\u00adro (4.300 pesos Filipinos, alrededor de 85 d\u00f3lares) para la for\u00admaci\u00f3n de l\u00edderes en el nivel local. Todos los dem\u00e1s gastos son hoy pagados por las comunidades mismas a trav\u00e9s de su Community Resource Mobilization.<br \/>\nSe construyeron capillas en terrenos donados, usando contribuciones por parte de las comunidades de bamb\u00fa, tablas de nipa, madera para bancos y clavos. Los hombres alter\u00adnaban el trabajo de carpinteros con el trabajo en los campos. Llegaron a un acuerdo con los sacerdotes del lugar para que se a\u00f1adieran a sus fondos comunitarios lo procedente de algunas colectas, y organizaron varias actividades para recoger fondos para poder enviar a sus l\u00edderes a los cursillos de capacitaci\u00f3n.<br \/>\nDurante las sesiones de formaci\u00f3n y en las reuniones interco\u00admunitarias los miembros tra\u00edan comida (arroz, verduras, tallari\u00adnes, fruta, tub\u00e9rculos, y otros productos) que preparaban y com\u00edan juntos.<\/li>\n<li>Creaci\u00f3n de capital para las cooperativas: el capital inicial pro\u00adced\u00eda de fondos ahorrados por los mismos miembros, mientras que el capital adicional proced\u00eda de la Louise de Marillac Foundation Inc. (LMFI) de las Hijas de la Caridad.<\/li>\n<li>Peque\u00f1os proyectos para la generaci\u00f3n de ingresos recibieron capital de los fondos creados ahorrados por los mismos miem\u00adbros.<\/li>\n<li>El Alternative Learning System de las CEB fue financiado ente\u00adramente por una donaci\u00f3n del padre Paul Krutak, SVD. La con\u00adtribuci\u00f3n de las comunidades a este proyecto fue el establecer un centro local de aprendizaje.<\/li>\n<li>El programa de becas de las CEB recibi\u00f3 tambi\u00e9n la ayuda de una donaci\u00f3n del padre Krutak. Los padres de los ni\u00f1os cubren otras necesidades no incluidas en la donaci\u00f3n.<\/li>\n<\/ol>\n<h3><strong>H. Las CEB de la parroquia de san Jos\u00e9: \u00abParticipaci\u00f3n en la vida\u00bb<\/strong><\/h3>\n<p><a href=\"https:\/\/i0.wp.com\/vicencianos.org\/wp-content\/2011\/10\/mindoro_17.jpg\"><img data-recalc-dims=\"1\" loading=\"lazy\" decoding=\"async\" class=\"alignright size-medium wp-image-53866\" title=\"mindoro_17\" alt=\"\" src=\"https:\/\/i0.wp.com\/vicencianos.org\/wp-content\/2011\/10\/mindoro_17-300x265.jpg?resize=300%2C265\" width=\"300\" height=\"265\" \/><\/a>Hoy, 13 a\u00f1os despu\u00e9s de que se iniciara el programa de las CEB, las ocho comunidades eclesiales de base han pasado <em>\u00ab&#8230;de un complejo de inferioridad humana a&#8230; una participaci\u00f3n en la vida\u00bb, y <\/em>su caminar sigue adelante. Los indicadores muestran que se han convertido en \u00abagentes activos y responsables de su propia promoci\u00f3n.\u00bb Algunos de estos indicadores son:<\/p>\n<p>Como pueblo de Dios:<\/p>\n<ul>\n<li>Dan testimonio de una fe vibrante; son conscientes de ser disc\u00edpulos y de que son la Iglesia de los pobres.<\/li>\n<li>Sus ministros laicos siguen celebrando la liturgia dominical y sirviendo a sus comunidades como voluntarios, sabedores de que sus dones vienen de Dios.<\/li>\n<li>En el aspecto comunitario: tienen 21 grupos s\u00f3lidos de l\u00edde\u00adres y 15 organizadores de comunidades. Asumen la respon\u00adsabilidad de gobernarse a s\u00ed mismos junto con los sacerdotes de la parroquia; resuelven los conflictos a trav\u00e9s del di\u00e1logo y de modos no violentos; tienen planes concretos de desarro\u00adllo y unas di\u00e1fanas estructuras organizativas.<\/li>\n<li>Tres de sus representantes han sido elegidos para puestos importantes del consejo de pastoral de la parroquia; han con\u00adseguido tener influencia y credibilidad en el gobierno de la parroquia; tienen tambi\u00e9n una voz fuerte y respetada en sus comunidades, sobre todo en los planes de educaci\u00f3n. Participan activamente en la vida pol\u00edtica de sus aldeas, ofre\u00adci\u00e9ndose como voluntarios para supervisar las votaciones, y hablando contra la compra de votos en las elecciones.<\/li>\n<\/ul>\n<p><a href=\"https:\/\/i0.wp.com\/vicencianos.org\/wp-content\/2011\/10\/mindoro_18.jpg\"><img data-recalc-dims=\"1\" loading=\"lazy\" decoding=\"async\" class=\"alignright size-medium wp-image-53867\" title=\"Semillas de Esperanza\" alt=\"\" src=\"https:\/\/i0.wp.com\/vicencianos.org\/wp-content\/2011\/10\/mindoro_18-300x267.jpg?resize=300%2C267\" width=\"300\" height=\"267\" \/><\/a>En su vida como comunidad:<\/p>\n<ul>\n<li>Se gu\u00edan por un proceso comunitario de toma de decisiones, y tienen l\u00edderes responsables que fueron formados en el inte\u00adrior de la comunidad, a quienes dan su ayuda.<\/li>\n<li>En su situaci\u00f3n socioeconomica y cultural:<\/li>\n<li>Aunque siguen siendo renteros de la tierra que trabajan, ahora tienen ante los terratenientes un gran poder para llegar a convenios. Proyectos econ\u00f3micos alternati\u00advos tales como las coo\u00adperativas y peque\u00f1os IPG disminuyen su vulnerabilidad ante la manipulaci\u00f3n pol\u00edtica y la explotaci\u00f3n.<\/li>\n<li>Tienen tambi\u00e9n varios proyectos alternativos de negocios. La Multi-Purpose Cooperative de las CEB, con un fondo fijo de 130.000 pesos, ha sido administrada por miembros de las CEB desde el a\u00f1o 2004 como cooperativa registrada oficial\u00admente y certificada legalmente como entidad comercial. La Imbarasan Community Store se administra como una tienda cooperativa; fue financiada por el programa de ahorros de los miembros.<\/li>\n<\/ul>\n<p>El <strong>BEC Alternative Learning System <\/strong>tiene dos centros de ense\u00f1anza con cinco grupos, 81 estudiantes, dos instructores y un director. Todos proceden de las comunidades. El programa de becas de las CEB ayuda a 38 estudiantes de grado b\u00e1sico proceden\u00adtes de las ocho comunidades de base.<\/p>\n<p><a href=\"https:\/\/i0.wp.com\/vicencianos.org\/wp-content\/2011\/10\/mindoro_19.jpg\"><img data-recalc-dims=\"1\" loading=\"lazy\" decoding=\"async\" class=\"alignleft size-medium wp-image-53868\" title=\"mindoro_19\" alt=\"\" src=\"https:\/\/i0.wp.com\/vicencianos.org\/wp-content\/2011\/10\/mindoro_19-300x192.jpg?resize=300%2C192\" width=\"300\" height=\"192\" \/><\/a>El Alternative Learning System es un programa especial de educaci\u00f3n para adultos y j\u00f3venes que no pueden participar del pro\u00adgrama tradicional de educaci\u00f3n. Las clases se tienen en capillas de la comunidad y centros de ense\u00f1anza. Este programa ha hecho que la educaci\u00f3n estuviera al alcance de esposas y de madres, labrado\u00adres y j\u00f3venes que trabajan. Su plan de estudios est\u00e1 basado en la experiencia y se ofrece en m\u00f3dulos cortos que terminan ellos mis\u00admos en sus casas. Todas las comunidades tienen ahora carreteras rurales. Algunos de los trabajadores de la salud que recibieron una formaci\u00f3n en las comunidades trabajan ahora con contrato del Ministerio de Salud como trabajadores sanitarios de barrio porque estaban bien preparados para ese trabajo. En algunas comunidades el programa de Defensa de la Ecolog\u00eda de las CEB ha conseguido detener del todo el corte ilegal de \u00e1rboles. Se han plantado \u00e1rboles en las orillas de los r\u00edos y alrededor de las fuentes para aumentar la cantidad de agua disponible, sobre todo durante los meses de verano.<\/p>\n<h2><strong><em>Terminando y empezando de nuevo<\/em><\/strong><\/h2>\n<p>En el a\u00f1o 2005 las Hijas de la Caridad entregaron al vicariato apost\u00f3lico de San Jos\u00e9 el Programa de Comunidades Eclesiales de Base del que se hab\u00edan encargado durante 12 a\u00f1os. En esa ocasi\u00f3n celebraron con un rito formal un \u00abviaje terminado y un viaje que comenzaba.\u00bb Para las hermanas que tuvieron la gracia de tantos momentos de vida y de servicio entre los campesinos y sus fami\u00adlias de San Jos\u00e9, segu\u00eda en pie la amistad construida a lo largo de los a\u00f1os. Las lecciones que hemos aprendido de ellos, un amor de Dios firme, fortaleza en las pruebas, generosidad en medio de la pobreza, un compromiso que no mira lo que cuesta, una sabidur\u00eda conseguida con perseverancia, una valent\u00eda aprendida a fuerza de tomarse sus riesgos, todo eso nos ha hecho mejores hijas de la cari\u00addad, mejores servidoras. Siempre estaremos agradecidas por todo ello.<a href=\"https:\/\/i0.wp.com\/vicencianos.org\/wp-content\/2011\/10\/mindoro_22.jpg\"><img data-recalc-dims=\"1\" loading=\"lazy\" decoding=\"async\" class=\"aligncenter size-large wp-image-53871\" title=\"Semillas de Esperanza\" alt=\"\" src=\"https:\/\/i0.wp.com\/vicencianos.org\/wp-content\/2011\/10\/mindoro_22-1024x575.jpg?resize=578%2C324\" width=\"578\" height=\"324\" \/><\/a><\/p>\n","protected":false},"excerpt":{"rendered":"<p>\u00c9sta es la historia de campesinos \u2014hombres y mujeres, j\u00f3venes y mayores\u2014 que, despertando y haci\u00e9ndose conscientes de su potencial humano, vieron la oportunidad de usar sus capacidades, exigieron la responsabilidad sobre sus vidas, y &#8230; <a href=\"https:\/\/vincentians.com\/es\/el-proyecto-mindoro-en-filipinas-para-participar-plenamente-en-la-vida-construyendo-comunidades-de-base\/\" class=\"more-link\">Read More<\/a><\/p>\n","protected":false},"author":4,"featured_media":53856,"comment_status":"open","ping_status":"open","sticky":false,"template":"","format":"standard","meta":{"jetpack_post_was_ever_published":false,"_jetpack_newsletter_access":"","_jetpack_dont_email_post_to_subs":false,"_jetpack_newsletter_tier_id":0,"_jetpack_memberships_contains_paywalled_content":false,"_jetpack_memberships_contains_paid_content":false,"footnotes":"","jetpack_publicize_message":"","jetpack_publicize_feature_enabled":true,"jetpack_social_post_already_shared":true,"jetpack_social_options":{"image_generator_settings":{"template":"highway","default_image_id":0,"font":"","enabled":false},"version":2}},"categories":[102],"tags":[172],"class_list":["post-53847","post","type-post","status-publish","format-standard","has-post-thumbnail","hentry","category-cambio-sistemico","tag-pobreza"],"yoast_head":"<!-- This site is optimized with the Yoast SEO plugin v26.3 - https:\/\/yoast.com\/wordpress\/plugins\/seo\/ -->\n<title>El proyecto &quot;Mindoro&quot; en Filipinas - Somos Vicencianos<\/title>\n<meta name=\"robots\" content=\"index, follow, max-snippet:-1, max-image-preview:large, max-video-preview:-1\" \/>\n<link rel=\"canonical\" href=\"https:\/\/vincentians.com\/es\/el-proyecto-mindoro-en-filipinas-para-participar-plenamente-en-la-vida-construyendo-comunidades-de-base\/\" \/>\n<meta property=\"og:locale\" content=\"es_ES\" \/>\n<meta property=\"og:type\" content=\"article\" \/>\n<meta property=\"og:title\" content=\"El proyecto &quot;Mindoro&quot; en Filipinas - Somos Vicencianos\" \/>\n<meta property=\"og:description\" content=\"\u00c9sta es la historia de campesinos \u2014hombres y mujeres, j\u00f3venes y mayores\u2014 que, despertando y haci\u00e9ndose conscientes de su potencial humano, vieron la oportunidad de usar sus capacidades, exigieron la responsabilidad sobre sus vidas, y ... Read More\" \/>\n<meta property=\"og:url\" content=\"https:\/\/vincentians.com\/es\/el-proyecto-mindoro-en-filipinas-para-participar-plenamente-en-la-vida-construyendo-comunidades-de-base\/\" \/>\n<meta property=\"og:site_name\" content=\"Somos Vicencianos\" \/>\n<meta property=\"article:publisher\" content=\"https:\/\/www.facebook.com\/WeAreVincentians\/\" \/>\n<meta property=\"article:author\" content=\"https:\/\/www.facebook.com\/JavierChento\" \/>\n<meta property=\"article:published_time\" content=\"2011-10-19T02:45:46+00:00\" \/>\n<meta property=\"article:modified_time\" content=\"2016-07-26T08:45:32+00:00\" \/>\n<meta name=\"author\" content=\"Francisco Javier Fern\u00e1ndez Chento\" \/>\n<meta name=\"twitter:card\" content=\"summary_large_image\" \/>\n<meta name=\"twitter:creator\" content=\"@https:\/\/twitter.com\/javierchento\" \/>\n<meta name=\"twitter:site\" content=\"@WeVincentians\" \/>\n<meta name=\"twitter:label1\" content=\"Escrito por\" \/>\n\t<meta name=\"twitter:data1\" content=\"Francisco Javier Fern\u00e1ndez Chento\" \/>\n\t<meta name=\"twitter:label2\" content=\"Tiempo de lectura\" \/>\n\t<meta name=\"twitter:data2\" content=\"29 minutos\" \/>\n<script type=\"application\/ld+json\" class=\"yoast-schema-graph\">{\"@context\":\"https:\/\/schema.org\",\"@graph\":[{\"@type\":\"Article\",\"@id\":\"https:\/\/vincentians.com\/es\/el-proyecto-mindoro-en-filipinas-para-participar-plenamente-en-la-vida-construyendo-comunidades-de-base\/#article\",\"isPartOf\":{\"@id\":\"https:\/\/vincentians.com\/es\/el-proyecto-mindoro-en-filipinas-para-participar-plenamente-en-la-vida-construyendo-comunidades-de-base\/\"},\"author\":{\"name\":\"Francisco Javier Fern\u00e1ndez Chento\",\"@id\":\"https:\/\/vincentians.com\/es\/#\/schema\/person\/9623ef4d9aa3b2dfb8c061f1499288f2\"},\"headline\":\"El proyecto \u00abMindoro\u00bb en Filipinas\",\"datePublished\":\"2011-10-19T02:45:46+00:00\",\"dateModified\":\"2016-07-26T08:45:32+00:00\",\"mainEntityOfPage\":{\"@id\":\"https:\/\/vincentians.com\/es\/el-proyecto-mindoro-en-filipinas-para-participar-plenamente-en-la-vida-construyendo-comunidades-de-base\/\"},\"wordCount\":5769,\"commentCount\":0,\"publisher\":{\"@id\":\"https:\/\/vincentians.com\/es\/#organization\"},\"image\":{\"@id\":\"https:\/\/vincentians.com\/es\/el-proyecto-mindoro-en-filipinas-para-participar-plenamente-en-la-vida-construyendo-comunidades-de-base\/#primaryimage\"},\"thumbnailUrl\":\"\",\"keywords\":[\"Pobreza\"],\"articleSection\":[\"Cambio sist\u00e9mico\"],\"inLanguage\":\"es\",\"potentialAction\":[{\"@type\":\"CommentAction\",\"name\":\"Comment\",\"target\":[\"https:\/\/vincentians.com\/es\/el-proyecto-mindoro-en-filipinas-para-participar-plenamente-en-la-vida-construyendo-comunidades-de-base\/#respond\"]}]},{\"@type\":\"WebPage\",\"@id\":\"https:\/\/vincentians.com\/es\/el-proyecto-mindoro-en-filipinas-para-participar-plenamente-en-la-vida-construyendo-comunidades-de-base\/\",\"url\":\"https:\/\/vincentians.com\/es\/el-proyecto-mindoro-en-filipinas-para-participar-plenamente-en-la-vida-construyendo-comunidades-de-base\/\",\"name\":\"El proyecto \\\"Mindoro\\\" en Filipinas - Somos Vicencianos\",\"isPartOf\":{\"@id\":\"https:\/\/vincentians.com\/es\/#website\"},\"primaryImageOfPage\":{\"@id\":\"https:\/\/vincentians.com\/es\/el-proyecto-mindoro-en-filipinas-para-participar-plenamente-en-la-vida-construyendo-comunidades-de-base\/#primaryimage\"},\"image\":{\"@id\":\"https:\/\/vincentians.com\/es\/el-proyecto-mindoro-en-filipinas-para-participar-plenamente-en-la-vida-construyendo-comunidades-de-base\/#primaryimage\"},\"thumbnailUrl\":\"\",\"datePublished\":\"2011-10-19T02:45:46+00:00\",\"dateModified\":\"2016-07-26T08:45:32+00:00\",\"breadcrumb\":{\"@id\":\"https:\/\/vincentians.com\/es\/el-proyecto-mindoro-en-filipinas-para-participar-plenamente-en-la-vida-construyendo-comunidades-de-base\/#breadcrumb\"},\"inLanguage\":\"es\",\"potentialAction\":[{\"@type\":\"ReadAction\",\"target\":[\"https:\/\/vincentians.com\/es\/el-proyecto-mindoro-en-filipinas-para-participar-plenamente-en-la-vida-construyendo-comunidades-de-base\/\"]}]},{\"@type\":\"ImageObject\",\"inLanguage\":\"es\",\"@id\":\"https:\/\/vincentians.com\/es\/el-proyecto-mindoro-en-filipinas-para-participar-plenamente-en-la-vida-construyendo-comunidades-de-base\/#primaryimage\",\"url\":\"\",\"contentUrl\":\"\"},{\"@type\":\"BreadcrumbList\",\"@id\":\"https:\/\/vincentians.com\/es\/el-proyecto-mindoro-en-filipinas-para-participar-plenamente-en-la-vida-construyendo-comunidades-de-base\/#breadcrumb\",\"itemListElement\":[{\"@type\":\"ListItem\",\"position\":1,\"name\":\"Portada\",\"item\":\"https:\/\/vincentians.com\/es\/\"},{\"@type\":\"ListItem\",\"position\":2,\"name\":\"El proyecto \u00abMindoro\u00bb en Filipinas\"}]},{\"@type\":\"WebSite\",\"@id\":\"https:\/\/vincentians.com\/es\/#website\",\"url\":\"https:\/\/vincentians.com\/es\/\",\"name\":\"Somos Vicencianos\",\"description\":\"Know more to serve more\",\"publisher\":{\"@id\":\"https:\/\/vincentians.com\/es\/#organization\"},\"potentialAction\":[{\"@type\":\"SearchAction\",\"target\":{\"@type\":\"EntryPoint\",\"urlTemplate\":\"https:\/\/vincentians.com\/es\/?s={search_term_string}\"},\"query-input\":{\"@type\":\"PropertyValueSpecification\",\"valueRequired\":true,\"valueName\":\"search_term_string\"}}],\"inLanguage\":\"es\"},{\"@type\":\"Organization\",\"@id\":\"https:\/\/vincentians.com\/es\/#organization\",\"name\":\"The Vincentian Network\",\"url\":\"https:\/\/vincentians.com\/es\/\",\"logo\":{\"@type\":\"ImageObject\",\"inLanguage\":\"es\",\"@id\":\"https:\/\/vincentians.com\/es\/#\/schema\/logo\/image\/\",\"url\":\"https:\/\/i1.wp.com\/vincentians.com\/es\/wp-content\/uploads\/sites\/11\/2016\/06\/Vincentian-Network-logo-big.png?fit=778%2C778\",\"contentUrl\":\"https:\/\/i1.wp.com\/vincentians.com\/es\/wp-content\/uploads\/sites\/11\/2016\/06\/Vincentian-Network-logo-big.png?fit=778%2C778\",\"width\":778,\"height\":778,\"caption\":\"The Vincentian Network\"},\"image\":{\"@id\":\"https:\/\/vincentians.com\/es\/#\/schema\/logo\/image\/\"},\"sameAs\":[\"https:\/\/www.facebook.com\/WeAreVincentians\/\",\"https:\/\/x.com\/WeVincentians\"]},{\"@type\":\"Person\",\"@id\":\"https:\/\/vincentians.com\/es\/#\/schema\/person\/9623ef4d9aa3b2dfb8c061f1499288f2\",\"name\":\"Francisco Javier Fern\u00e1ndez Chento\",\"image\":{\"@type\":\"ImageObject\",\"inLanguage\":\"es\",\"@id\":\"https:\/\/vincentians.com\/es\/#\/schema\/person\/image\/\",\"url\":\"https:\/\/secure.gravatar.com\/avatar\/497d5cde87b4c3d097d0315953521681ba2cd523ee66e5077c3711f7021e65de?s=96&d=mm&r=g\",\"contentUrl\":\"https:\/\/secure.gravatar.com\/avatar\/497d5cde87b4c3d097d0315953521681ba2cd523ee66e5077c3711f7021e65de?s=96&d=mm&r=g\",\"caption\":\"Francisco Javier Fern\u00e1ndez Chento\"},\"description\":\"Director General y cofundador de La Red de Formaci\u00f3n Vicenciana. Javier es laico vicenciano, afiliado a la Congregaci\u00f3n de la Misi\u00f3n y miembro del Equipo de Misiones Populares de la provincia can\u00f3nica de Zaragoza (Espa\u00f1a) de la Congregaci\u00f3n de la Misi\u00f3n. Graduado en la Universidad Oberta de Catalunya con cuatro grados (Asistente de direcci\u00f3n, Gesti\u00f3n Administrativa, Recursos Humanos y Contabilidad Avanzada). Bil\u00edng\u00fce Espa\u00f1ol\/Ingl\u00e9s. gestiona y mantiene varias p\u00e1ginas web cristianas y vicencianas, incluida including La Red de Formaci\u00f3n Vicenciana, de la que es cofundador. Actualmente es responsable del \u00e1rea de Espa\u00f1ol de .famvin, la Red de Noticias de la Familia Vicenciana. Tambi\u00e9n es m\u00fasico cat\u00f3lico y ha editado varios discos. Es Director General y cofundador de Trovador, una reconocida compa\u00f1\u00eda discogr\u00e1fica critiana de Espa\u00f1a. Trabaja en las Tecnolog\u00edas de la Informaci\u00f3n, ofreciendo servicios de alojamiento, dise\u00f1o y mantenimiento Web, as\u00ed como asesoramiento, formaci\u00f3n y soluciones inform\u00e1ticas, gesti\u00f3n documental y digitalizaci\u00f3n de textos, edici\u00f3n y maquetaci\u00f3n de libros, revistas, flyers, etc.\",\"sameAs\":[\"http:\/\/chento.org\",\"https:\/\/www.facebook.com\/JavierChento\",\"https:\/\/x.com\/https:\/\/twitter.com\/javierchento\"],\"url\":\"https:\/\/vincentians.com\/es\/author\/chento\/\"}]}<\/script>\n<!-- \/ Yoast SEO plugin. -->","yoast_head_json":{"title":"El proyecto \"Mindoro\" en Filipinas - Somos Vicencianos","robots":{"index":"index","follow":"follow","max-snippet":"max-snippet:-1","max-image-preview":"max-image-preview:large","max-video-preview":"max-video-preview:-1"},"canonical":"https:\/\/vincentians.com\/es\/el-proyecto-mindoro-en-filipinas-para-participar-plenamente-en-la-vida-construyendo-comunidades-de-base\/","og_locale":"es_ES","og_type":"article","og_title":"El proyecto \"Mindoro\" en Filipinas - Somos Vicencianos","og_description":"\u00c9sta es la historia de campesinos \u2014hombres y mujeres, j\u00f3venes y mayores\u2014 que, despertando y haci\u00e9ndose conscientes de su potencial humano, vieron la oportunidad de usar sus capacidades, exigieron la responsabilidad sobre sus vidas, y ... Read More","og_url":"https:\/\/vincentians.com\/es\/el-proyecto-mindoro-en-filipinas-para-participar-plenamente-en-la-vida-construyendo-comunidades-de-base\/","og_site_name":"Somos Vicencianos","article_publisher":"https:\/\/www.facebook.com\/WeAreVincentians\/","article_author":"https:\/\/www.facebook.com\/JavierChento","article_published_time":"2011-10-19T02:45:46+00:00","article_modified_time":"2016-07-26T08:45:32+00:00","author":"Francisco Javier Fern\u00e1ndez Chento","twitter_card":"summary_large_image","twitter_creator":"@https:\/\/twitter.com\/javierchento","twitter_site":"@WeVincentians","twitter_misc":{"Escrito por":"Francisco Javier Fern\u00e1ndez Chento","Tiempo de lectura":"29 minutos"},"schema":{"@context":"https:\/\/schema.org","@graph":[{"@type":"Article","@id":"https:\/\/vincentians.com\/es\/el-proyecto-mindoro-en-filipinas-para-participar-plenamente-en-la-vida-construyendo-comunidades-de-base\/#article","isPartOf":{"@id":"https:\/\/vincentians.com\/es\/el-proyecto-mindoro-en-filipinas-para-participar-plenamente-en-la-vida-construyendo-comunidades-de-base\/"},"author":{"name":"Francisco Javier Fern\u00e1ndez Chento","@id":"https:\/\/vincentians.com\/es\/#\/schema\/person\/9623ef4d9aa3b2dfb8c061f1499288f2"},"headline":"El proyecto \u00abMindoro\u00bb en Filipinas","datePublished":"2011-10-19T02:45:46+00:00","dateModified":"2016-07-26T08:45:32+00:00","mainEntityOfPage":{"@id":"https:\/\/vincentians.com\/es\/el-proyecto-mindoro-en-filipinas-para-participar-plenamente-en-la-vida-construyendo-comunidades-de-base\/"},"wordCount":5769,"commentCount":0,"publisher":{"@id":"https:\/\/vincentians.com\/es\/#organization"},"image":{"@id":"https:\/\/vincentians.com\/es\/el-proyecto-mindoro-en-filipinas-para-participar-plenamente-en-la-vida-construyendo-comunidades-de-base\/#primaryimage"},"thumbnailUrl":"","keywords":["Pobreza"],"articleSection":["Cambio sist\u00e9mico"],"inLanguage":"es","potentialAction":[{"@type":"CommentAction","name":"Comment","target":["https:\/\/vincentians.com\/es\/el-proyecto-mindoro-en-filipinas-para-participar-plenamente-en-la-vida-construyendo-comunidades-de-base\/#respond"]}]},{"@type":"WebPage","@id":"https:\/\/vincentians.com\/es\/el-proyecto-mindoro-en-filipinas-para-participar-plenamente-en-la-vida-construyendo-comunidades-de-base\/","url":"https:\/\/vincentians.com\/es\/el-proyecto-mindoro-en-filipinas-para-participar-plenamente-en-la-vida-construyendo-comunidades-de-base\/","name":"El proyecto \"Mindoro\" en Filipinas - Somos Vicencianos","isPartOf":{"@id":"https:\/\/vincentians.com\/es\/#website"},"primaryImageOfPage":{"@id":"https:\/\/vincentians.com\/es\/el-proyecto-mindoro-en-filipinas-para-participar-plenamente-en-la-vida-construyendo-comunidades-de-base\/#primaryimage"},"image":{"@id":"https:\/\/vincentians.com\/es\/el-proyecto-mindoro-en-filipinas-para-participar-plenamente-en-la-vida-construyendo-comunidades-de-base\/#primaryimage"},"thumbnailUrl":"","datePublished":"2011-10-19T02:45:46+00:00","dateModified":"2016-07-26T08:45:32+00:00","breadcrumb":{"@id":"https:\/\/vincentians.com\/es\/el-proyecto-mindoro-en-filipinas-para-participar-plenamente-en-la-vida-construyendo-comunidades-de-base\/#breadcrumb"},"inLanguage":"es","potentialAction":[{"@type":"ReadAction","target":["https:\/\/vincentians.com\/es\/el-proyecto-mindoro-en-filipinas-para-participar-plenamente-en-la-vida-construyendo-comunidades-de-base\/"]}]},{"@type":"ImageObject","inLanguage":"es","@id":"https:\/\/vincentians.com\/es\/el-proyecto-mindoro-en-filipinas-para-participar-plenamente-en-la-vida-construyendo-comunidades-de-base\/#primaryimage","url":"","contentUrl":""},{"@type":"BreadcrumbList","@id":"https:\/\/vincentians.com\/es\/el-proyecto-mindoro-en-filipinas-para-participar-plenamente-en-la-vida-construyendo-comunidades-de-base\/#breadcrumb","itemListElement":[{"@type":"ListItem","position":1,"name":"Portada","item":"https:\/\/vincentians.com\/es\/"},{"@type":"ListItem","position":2,"name":"El proyecto \u00abMindoro\u00bb en Filipinas"}]},{"@type":"WebSite","@id":"https:\/\/vincentians.com\/es\/#website","url":"https:\/\/vincentians.com\/es\/","name":"Somos Vicencianos","description":"Know more to serve more","publisher":{"@id":"https:\/\/vincentians.com\/es\/#organization"},"potentialAction":[{"@type":"SearchAction","target":{"@type":"EntryPoint","urlTemplate":"https:\/\/vincentians.com\/es\/?s={search_term_string}"},"query-input":{"@type":"PropertyValueSpecification","valueRequired":true,"valueName":"search_term_string"}}],"inLanguage":"es"},{"@type":"Organization","@id":"https:\/\/vincentians.com\/es\/#organization","name":"The Vincentian Network","url":"https:\/\/vincentians.com\/es\/","logo":{"@type":"ImageObject","inLanguage":"es","@id":"https:\/\/vincentians.com\/es\/#\/schema\/logo\/image\/","url":"https:\/\/i1.wp.com\/vincentians.com\/es\/wp-content\/uploads\/sites\/11\/2016\/06\/Vincentian-Network-logo-big.png?fit=778%2C778","contentUrl":"https:\/\/i1.wp.com\/vincentians.com\/es\/wp-content\/uploads\/sites\/11\/2016\/06\/Vincentian-Network-logo-big.png?fit=778%2C778","width":778,"height":778,"caption":"The Vincentian Network"},"image":{"@id":"https:\/\/vincentians.com\/es\/#\/schema\/logo\/image\/"},"sameAs":["https:\/\/www.facebook.com\/WeAreVincentians\/","https:\/\/x.com\/WeVincentians"]},{"@type":"Person","@id":"https:\/\/vincentians.com\/es\/#\/schema\/person\/9623ef4d9aa3b2dfb8c061f1499288f2","name":"Francisco Javier Fern\u00e1ndez Chento","image":{"@type":"ImageObject","inLanguage":"es","@id":"https:\/\/vincentians.com\/es\/#\/schema\/person\/image\/","url":"https:\/\/secure.gravatar.com\/avatar\/497d5cde87b4c3d097d0315953521681ba2cd523ee66e5077c3711f7021e65de?s=96&d=mm&r=g","contentUrl":"https:\/\/secure.gravatar.com\/avatar\/497d5cde87b4c3d097d0315953521681ba2cd523ee66e5077c3711f7021e65de?s=96&d=mm&r=g","caption":"Francisco Javier Fern\u00e1ndez Chento"},"description":"Director General y cofundador de La Red de Formaci\u00f3n Vicenciana. Javier es laico vicenciano, afiliado a la Congregaci\u00f3n de la Misi\u00f3n y miembro del Equipo de Misiones Populares de la provincia can\u00f3nica de Zaragoza (Espa\u00f1a) de la Congregaci\u00f3n de la Misi\u00f3n. Graduado en la Universidad Oberta de Catalunya con cuatro grados (Asistente de direcci\u00f3n, Gesti\u00f3n Administrativa, Recursos Humanos y Contabilidad Avanzada). Bil\u00edng\u00fce Espa\u00f1ol\/Ingl\u00e9s. gestiona y mantiene varias p\u00e1ginas web cristianas y vicencianas, incluida including La Red de Formaci\u00f3n Vicenciana, de la que es cofundador. Actualmente es responsable del \u00e1rea de Espa\u00f1ol de .famvin, la Red de Noticias de la Familia Vicenciana. Tambi\u00e9n es m\u00fasico cat\u00f3lico y ha editado varios discos. Es Director General y cofundador de Trovador, una reconocida compa\u00f1\u00eda discogr\u00e1fica critiana de Espa\u00f1a. Trabaja en las Tecnolog\u00edas de la Informaci\u00f3n, ofreciendo servicios de alojamiento, dise\u00f1o y mantenimiento Web, as\u00ed como asesoramiento, formaci\u00f3n y soluciones inform\u00e1ticas, gesti\u00f3n documental y digitalizaci\u00f3n de textos, edici\u00f3n y maquetaci\u00f3n de libros, revistas, flyers, etc.","sameAs":["http:\/\/chento.org","https:\/\/www.facebook.com\/JavierChento","https:\/\/x.com\/https:\/\/twitter.com\/javierchento"],"url":"https:\/\/vincentians.com\/es\/author\/chento\/"}]}},"jetpack_publicize_connections":[],"jetpack_featured_media_url":"","jetpack_sharing_enabled":true,"jetpack_shortlink":"https:\/\/wp.me\/p7ETMF-e0v","jetpack-related-posts":[{"id":43811,"url":"https:\/\/vincentians.com\/es\/cinco-anos-con-los-indios-aymaras-en-bolivia\/","url_meta":{"origin":53847,"position":0},"title":"Cinco a\u00f1os con los indios aymaras en Bolivia","author":"Francisco Javier Fern\u00e1ndez Chento","date":"28\/06\/2011","format":false,"excerpt":"Me encuentro sin pueblo y sin una verdadera relaci\u00f3n pasto\u00adral con un grupo humano. En este momento me siento perdido y sin ra\u00edces en ninguna parte; y s\u00f3lo vengo a hablar de recuerdos. Esta charla podr\u00eda titularla: \"Memorias de mi pasado reciente\". Supone, pues, a\u00f1oranza y nostalgia de una etapa\u2026","rel":"","context":"En \u00abMisiones \u00abAd gentes\u00bb\u00bb","block_context":{"text":"Misiones \u00abAd gentes\u00bb","link":"https:\/\/vincentians.com\/es\/category\/servicios-y-ministerios\/misiones-ad-gentes\/"},"img":{"alt_text":"","src":"https:\/\/i0.wp.com\/vicencianos.org\/wp-content\/2011\/06\/Mujeres_aymara-225x300.jpg?resize=350%2C200","width":350,"height":200},"classes":[]},{"id":73035,"url":"https:\/\/vincentians.com\/es\/la-inculturacion-del-carisma-de-las-hijas-de-la-caridad-en-el-siglo-xvii\/","url_meta":{"origin":53847,"position":1},"title":"La inculturaci\u00f3n del carisma de las Hijas de la Caridad en el siglo XVII","author":"Francisco Javier Fern\u00e1ndez Chento","date":"19\/05\/2015","format":false,"excerpt":"Luisa de Marillac, al igual que Vicente de Pa\u00fal, no habl\u00f3 de inculturaci\u00f3n. Esta palabra no exist\u00eda en su tiempo. Sin embargo, su trato con Margarita Naseau y las dem\u00e1s campesinas que llegaban a servir a los enfermos de las Cofrad\u00edas van a hacerle descubrir r\u00e1pidamente un modo de vida,\u2026","rel":"","context":"En \u00abHijas de la Caridad\u00bb","block_context":{"text":"Hijas de la Caridad","link":"https:\/\/vincentians.com\/es\/category\/la-familia-vicenciana\/ramas\/hijas-de-la-caridad\/"},"img":{"alt_text":"hhccenfermera","src":"https:\/\/i0.wp.com\/vicencianos.org\/wp-content\/2011\/07\/hhccenfermera-300x279.jpg?resize=350%2C200","width":350,"height":200},"classes":[]},{"id":387338,"url":"https:\/\/vincentians.com\/es\/resena-biografica-de-santa-luisa-de-marillac\/","url_meta":{"origin":53847,"position":2},"title":"Rese\u00f1a biogr\u00e1fica de Santa Luisa de Marillac","author":"Francisco Javier Fern\u00e1ndez Chento","date":"09\/05\/2025","format":false,"excerpt":"Una preocupaci\u00f3n y un cambio Luisa de Marillac vivi\u00f3 en Par\u00eds en los a\u00f1os de Enrique IV, Luis XIII y Luis XIV, reyes de Francia en el siglo XVII, mientras en Espa\u00f1a reinaban Felipe III y Felipe IV. Presenci\u00f3, por lo mismo, la Guerra de los Treinta A\u00f1os entre Francia\u2026","rel":"","context":"En \u00abLuisa de Marillac\u00bb","block_context":{"text":"Luisa de Marillac","link":"https:\/\/vincentians.com\/es\/category\/la-familia-vicenciana\/fundadores\/luisa-de-marillac\/"},"img":{"alt_text":"","src":"https:\/\/i0.wp.com\/vincentians.com\/es\/wp-content\/uploads\/sites\/11\/2013\/04\/n-1.jpg?fit=823%2C564&ssl=1&resize=350%2C200","width":350,"height":200,"srcset":"https:\/\/i0.wp.com\/vincentians.com\/es\/wp-content\/uploads\/sites\/11\/2013\/04\/n-1.jpg?fit=823%2C564&ssl=1&resize=350%2C200 1x, https:\/\/i0.wp.com\/vincentians.com\/es\/wp-content\/uploads\/sites\/11\/2013\/04\/n-1.jpg?fit=823%2C564&ssl=1&resize=525%2C300 1.5x, https:\/\/i0.wp.com\/vincentians.com\/es\/wp-content\/uploads\/sites\/11\/2013\/04\/n-1.jpg?fit=823%2C564&ssl=1&resize=700%2C400 2x"},"classes":[]},{"id":109305,"url":"https:\/\/vincentians.com\/es\/aspectos-del-siglo-xvii-frances-iii\/","url_meta":{"origin":53847,"position":3},"title":"Aspectos del siglo XVII franc\u00e9s (III)","author":"Francisco Javier Fern\u00e1ndez Chento","date":"13\/05\/2016","format":false,"excerpt":"III. SITUACION SOCIAL Para un somero conocimiento de la situaci\u00f3n social en Francia en este siglo tenemos que dividirlo en dos partes: hasta la llegada del Colbertis\u00admo y a partir del Colbertismo. Aunque todo est\u00e1 enmarcado dentro de la llamada sociedad antigua, ser\u00e1 a partir de 1664 cuando comienzan a\u2026","rel":"","context":"En \u00abFormaci\u00f3n Vicenciana\u00bb","block_context":{"text":"Formaci\u00f3n Vicenciana","link":"https:\/\/vincentians.com\/es\/category\/formacion-vicenciana\/"},"img":{"alt_text":"Hijas de la Caridad","src":"https:\/\/i0.wp.com\/vicencianos.org\/wp-content\/uploads\/2016\/04\/Hijas-de-la-Caridad-300x225.jpg?resize=350%2C200","width":350,"height":200},"classes":[]},{"id":49238,"url":"https:\/\/vincentians.com\/es\/la-mision-popular-itinerante-y-la-inculturacion\/","url_meta":{"origin":53847,"position":4},"title":"La Misi\u00f3n Popular itinerante y la inculturaci\u00f3n","author":"Francisco Javier Fern\u00e1ndez Chento","date":"04\/09\/2011","format":false,"excerpt":"Introducci\u00f3n Voy a iniciar esta charla narrando un cuento que bien puede ilustrar nuestro tema e introducirnos a \u00e9l. Un borracho del pueblo, muy conocido, atravez\u00f3 la aldea tambale\u00e1ndose. Con su hablar enredado iba anunciando: \"He visto un le\u00f3n...he visto un enorme le\u00f3n... he visto un le\u00f3n, hip, muy horrible...\".\u2026","rel":"","context":"En \u00abMisiones \u00abAd gentes\u00bb\u00bb","block_context":{"text":"Misiones \u00abAd gentes\u00bb","link":"https:\/\/vincentians.com\/es\/category\/servicios-y-ministerios\/misiones-ad-gentes\/"},"img":{"alt_text":"","src":"https:\/\/i0.wp.com\/vicencianos.org\/wp-content\/2011\/06\/espiritualidad_misiones_populares-286x300.jpg?resize=350%2C200","width":350,"height":200},"classes":[]},{"id":403853,"url":"https:\/\/vincentians.com\/es\/vicente-de-paul-en-gannes-folleville-vi\/","url_meta":{"origin":53847,"position":5},"title":"VICENTE DE PAUL EN GANNES-FOLLEVILLE (VI)","author":"Mitxel Olabu\u00e9naga","date":"06\/12\/2021","format":false,"excerpt":"GANNES-FOLLEVILLE, \u00bfNACIMIENTO DE LA MISI\u00d3N POPULAR? En el apartado anterior hemos analizado el hecho hist\u00f3rico de Gannes y Folleville, su impacto en Vicente de Pa\u00fal y las inter\u00adpretaciones que, hasta el d\u00eda de hoy, ha habido al respecto. Pien\u00adso que ha quedado suficientemente claro que lo sucedido en Gannes y\u2026","rel":"","context":"En \u00abFormaci\u00f3n Vicenciana\u00bb","block_context":{"text":"Formaci\u00f3n Vicenciana","link":"https:\/\/vincentians.com\/es\/category\/formacion-vicenciana\/"},"img":{"alt_text":"","src":"https:\/\/i0.wp.com\/vincentians.com\/es\/wp-content\/uploads\/sites\/11\/2017\/04\/vicente-y-eucaristia.jpg?fit=1200%2C630&ssl=1&resize=350%2C200","width":350,"height":200,"srcset":"https:\/\/i0.wp.com\/vincentians.com\/es\/wp-content\/uploads\/sites\/11\/2017\/04\/vicente-y-eucaristia.jpg?fit=1200%2C630&ssl=1&resize=350%2C200 1x, https:\/\/i0.wp.com\/vincentians.com\/es\/wp-content\/uploads\/sites\/11\/2017\/04\/vicente-y-eucaristia.jpg?fit=1200%2C630&ssl=1&resize=525%2C300 1.5x, https:\/\/i0.wp.com\/vincentians.com\/es\/wp-content\/uploads\/sites\/11\/2017\/04\/vicente-y-eucaristia.jpg?fit=1200%2C630&ssl=1&resize=700%2C400 2x, https:\/\/i0.wp.com\/vincentians.com\/es\/wp-content\/uploads\/sites\/11\/2017\/04\/vicente-y-eucaristia.jpg?fit=1200%2C630&ssl=1&resize=1050%2C600 3x"},"classes":[]}],"_links":{"self":[{"href":"https:\/\/vincentians.com\/es\/wp-json\/wp\/v2\/posts\/53847","targetHints":{"allow":["GET"]}}],"collection":[{"href":"https:\/\/vincentians.com\/es\/wp-json\/wp\/v2\/posts"}],"about":[{"href":"https:\/\/vincentians.com\/es\/wp-json\/wp\/v2\/types\/post"}],"author":[{"embeddable":true,"href":"https:\/\/vincentians.com\/es\/wp-json\/wp\/v2\/users\/4"}],"replies":[{"embeddable":true,"href":"https:\/\/vincentians.com\/es\/wp-json\/wp\/v2\/comments?post=53847"}],"version-history":[{"count":0,"href":"https:\/\/vincentians.com\/es\/wp-json\/wp\/v2\/posts\/53847\/revisions"}],"wp:featuredmedia":[{"embeddable":true,"href":"https:\/\/vincentians.com\/es\/wp-json\/"}],"wp:attachment":[{"href":"https:\/\/vincentians.com\/es\/wp-json\/wp\/v2\/media?parent=53847"}],"wp:term":[{"taxonomy":"category","embeddable":true,"href":"https:\/\/vincentians.com\/es\/wp-json\/wp\/v2\/categories?post=53847"},{"taxonomy":"post_tag","embeddable":true,"href":"https:\/\/vincentians.com\/es\/wp-json\/wp\/v2\/tags?post=53847"}],"curies":[{"name":"wp","href":"https:\/\/api.w.org\/{rel}","templated":true}]}}