{"id":53417,"date":"2019-05-05T08:00:22","date_gmt":"2019-05-05T06:00:22","guid":{"rendered":"http:\/\/somos.vicencianos.org\/blog\/2011\/10\/estatutos-de-la-asociacion-internacional-de-la-juventud-mariana-vicenciana\/"},"modified":"2019-03-15T08:51:00","modified_gmt":"2019-03-15T07:51:00","slug":"estatutos-de-la-asociacion-internacional-de-la-juventud-mariana-vicenciana","status":"publish","type":"post","link":"https:\/\/vincentians.com\/es\/estatutos-de-la-asociacion-internacional-de-la-juventud-mariana-vicenciana\/","title":{"rendered":"Estatutos de la Asociaci\u00f3n Internacional de la Juventud Mariana Vicenciana"},"content":{"rendered":"<h2><strong>Identidad<\/strong><\/h2>\n<p><strong>1.<\/strong> La Asociaci\u00f3n Internacional de la Juventud Mariana Vicenciana es la renovaci\u00f3n de la Asociaci\u00f3n de Hijas e Hijos de Mar\u00eda Inmaculada que tuvo su origen en las Apariciones de la Virgen Mar\u00eda a Santa Catalina Labour\u00e9 en 1830.<\/p>\n<p><strong>2.<\/strong> La Asociaci\u00f3n de Hijas e Hijos de Mar\u00eda fue aprobada por el Romano Pont\u00edfice el Papa P\u00edo IX mediante los rescriptos de 20 de Junio de 1847 y de 19 de Julio de 1850, y posteriormente confirmada por otras disposiciones de la Santa Sede.<\/p>\n<p><strong>3.<\/strong> En virtud de dichos rescriptos, la Direcci\u00f3n General de la Asociaci\u00f3n corresponde al Superior General de la Congregaci\u00f3n de la Misi\u00f3n y de las Hijas de la Caridad y a sus leg\u00edtimos sucesores en el Superiorato de ambas Congregaciones.<\/p>\n<h2><strong>Sede<\/strong><\/h2>\n<p><strong>4. <\/strong> La Asociaci\u00f3n Internacional de la Juventud Mariana Vicenciana tiene como centro hist\u00f3rico la capilla de la Medalla Milagrosa en Par\u00eds, Francia, donde se dieron las apariciones a santa Catalina Labour\u00e9. Esta capilla es un centro de oraci\u00f3n y de peregrinaci\u00f3n para los miembros de la Asociaci\u00f3n.<\/p>\n<p>La sede de su Secretariado Internacional (descrito m\u00e1s abajo en los art\u00edculos 21-23 ) est\u00e1 situada en Madrid, Espa\u00f1a.<\/p>\n<h2><strong>Naturaleza<\/strong><\/h2>\n<p><strong>5.<\/strong> La Asociaci\u00f3n es ECLESIAL, LAICA, MARIANA y VICENCIANA<\/p>\n<ul>\n<li>ECLESIAL. Los miembros de la Asociaci\u00f3n se comprometen a vivir y trabajar activa y responsablemente en comuni\u00f3n con los miembros de la Iglesia y sus pastores en el \u00e1mbito mundial y local.<\/li>\n<li>LAICA. Es una asociaci\u00f3n formada principalmente por j\u00f3venes laicos, dentro del marco de las Asociaciones Laicas Internacionales de fieles (cf. Can. 298-329).<\/li>\n<li>MARIANA. Los miembros de la Asociaci\u00f3n se comprometen al seguimiento de Cristo. Descubren en el Evangelio a Mar\u00eda como modelo de todos los creyentes, acogen en la fe la presencia de Dios en su Hijo Jes\u00fas, escuchan su Palabra y viven de acuerdo con ella.<br \/>\nIgualmente, ven en Mar\u00eda, Madre del Se\u00f1or, la inspiraci\u00f3n que les ayuda, con la fuerza del Esp\u00edritu Santo, a caminar a lo largo de su vida en la fe y en la caridad efectiva generadora de justicia.<\/li>\n<li>VICENCIANA. Por su nacimiento en el seno de la Familia de San Vicente de Pa\u00fal, se inspira en el carisma Vicenciano y hace de la evangelizaci\u00f3n y el servicio de los pobres una de las caracter\u00edsticas distintivas de su presencia en la Iglesia. Sus miembros se comprometen a ser misioneros, dando testimonio de su amor a Cristo con la palabra y con su trabajo.<\/li>\n<\/ul>\n<h2><strong>Miembros<\/strong><\/h2>\n<p><strong>6.<\/strong> La Asociaci\u00f3n se compone de j\u00f3venes y adultos, con atenci\u00f3n especial a los j\u00f3venes seg\u00fan la petici\u00f3n de la Sant\u00edsima Virgen. Los miembros, solteros o casados, se comprometen a vivir seg\u00fan la espiritualidad mariana propia de la Asociaci\u00f3n, a trabajar apost\u00f3licamente en el esp\u00edritu Vicenciano, de acuerdo con los planes y proyectos pastorales de la Asociaci\u00f3n, y a observar sus propios Estatutos.<\/p>\n<p><strong>7.<\/strong> La Asociaci\u00f3n Internacional est\u00e1 constituida por las Asociaciones Nacionales, Regionales, Diocesanas y Locales.<\/p>\n<p><strong>8.<\/strong> Las Asociaciones Nacionales tienen sus propios Estatutos, de acuerdo con el Derecho Can\u00f3nico universal y con los presentes Estatutos Internacionales. Los Estatutos Nacionales deben ser aprobados por el Director General.<\/p>\n<h2><strong>Finalidad<\/strong><\/h2>\n<p><strong>9.<\/strong> La contemplaci\u00f3n de Cristo y la mirada atenta al ejemplo de Mar\u00eda ser\u00e1n la fuente de animaci\u00f3n y la fuerza que permitir\u00e1 a la Asociaci\u00f3n obtener los siguientes fines:<\/p>\n<ol>\n<li>Formar a sus miembros para la vivencia de una fe s\u00f3lida en el seguimiento de Jesucristo evangelizador de los pobres.<\/li>\n<li>Vivir y orar, como Mar\u00eda, en sencillez y humildad asumiendo la espiritualidad del Magn\u00edficat.<\/li>\n<li>Suscitar, animar, y mantener el esp\u00edritu misionero en la Asociaci\u00f3n, sobre todo a trav\u00e9s de las experiencias misioneras, especialmente entre los m\u00e1s pobres y los j\u00f3venes.<\/li>\n<li>Preparar a los miembros de la Asociaci\u00f3n individual y comunitariamente, a colaborar, en la Iglesia y la sociedad, con los otros agentes de pastoral, siguiendo las orientaciones de la jerarqu\u00eda de la iglesia universal y local.<\/li>\n<\/ol>\n<h2><strong>Acto de consagraci\u00f3n<\/strong><\/h2>\n<p><strong>10.<\/strong><\/p>\n<ol>\n<li>La Asociaci\u00f3n ofrece a los j\u00f3venes la Consagraci\u00f3n a Cristo por Mar\u00eda como una manera de explicitar su consagraci\u00f3n bautismal y hacer de su vida un don total a Cristo, desde el servicio y la evangelizaci\u00f3n de los pobres, eligiendo a Mar\u00eda como Madre y modelo de vida.<\/li>\n<li>La Consagraci\u00f3n a Cristo por Mar\u00eda ser\u00e1 fruto del conocimiento profundo de la Asociaci\u00f3n, de la formaci\u00f3n en la fe y de un discernimiento serio en el Esp\u00edritu.<\/li>\n<\/ol>\n<h2><strong>Medios<\/strong><\/h2>\n<p><strong>11.<\/strong> Para conseguir sus objetivos, la Asociaci\u00f3n pone a disposici\u00f3n de sus miembros todos los medios que considera aptos:<\/p>\n<ol>\n<li>Desarrolla la interiorizaci\u00f3n de la Palabra del Se\u00f1or y la celebra. Valora la oraci\u00f3n de grupo y la liturgia, porque Cristo se hace presente en La Palabra, la Eucarist\u00eda y entre los que oran unidos.<\/li>\n<li>Ofrece un proceso catequ\u00e9tico formativo de maduraci\u00f3n en la fe: de inspiraci\u00f3n catecumenal, con sus etapas, sus objetivos y actividades.<\/li>\n<li>Da a conocer a los miembros lo que dice la Sagrada Escritura y la Iglesia sobre la Virgen.<\/li>\n<li>Propone el conocimiento de San Vicente, Santa Luisa, de Santa Catalina y de otros testigos de la Iglesia que han vivido el Evangelio entreg\u00e1ndose a la caridad.<\/li>\n<li>Ofrece a los miembros la posibilidad de servir a los pobres en su propio pa\u00eds y de actuar en solidaridad con los dem\u00e1s en el \u00e1mbito internacional.<\/li>\n<li>Promueve sesiones de formaci\u00f3n integral, escuelas de catequesis, congresos, asambleas, publicaciones, medios de pastoral y de comunicaci\u00f3n social.<\/li>\n<\/ol>\n<h2><strong>Gobierno<\/strong><\/h2>\n<h3><strong>I. Nivel Internacional<\/strong><\/h3>\n<p><strong>12.<\/strong> La Asociaci\u00f3n es una Asociaci\u00f3n laica en la Iglesia. Se gobierna a tenor de las disposiciones del Derecho Can\u00f3nico universal y de los propios Estatutos.<\/p>\n<p>En virtud de una concesi\u00f3n Pontificia, el Superior General de la Congregaci\u00f3n de la Misi\u00f3n y de las Hijas de la Caridad es el Director General de la Asociaci\u00f3n.<\/p>\n<p>A \u00e9l le compete:<\/p>\n<ol>\n<li>Representar a la Asociaci\u00f3n ante los organismos internacionales de la Iglesia y, con el Presidente Internacional, en las reuniones de laicos.<\/li>\n<li>Nombrar al Subdirector General y a la Consejera General, despu\u00e9s de consultar a los respectivos Consejos Generales.<\/li>\n<li>Nombrar los miembros del Secretariado Internacional despu\u00e9s de haber consultado al Consejo Internacional.<\/li>\n<li>Confirmar los nombramientos Nacionales del Presidente, del Director y de la Hermana Consejera.<\/li>\n<li>Erigir las Asociaciones Nacionales y aprobar sus Estatutos.<\/li>\n<li>Convocar en caso excepcional al Consejo Internacional.<\/li>\n<li>Remover al Presidente, a un miembro de Consejo Internacional, o del Secretariado Internacional seg\u00fan las condiciones del canon 318 (2).<\/li>\n<\/ol>\n<p><strong>14.<\/strong> Para su dinamismo y direcci\u00f3n la Asociaci\u00f3n Internacional de la Juventud Mariana Vicenciana tiene, adem\u00e1s del Director General, una Asamblea General, un Consejo Internacional y un Secretariado Internacional.<\/p>\n<p><strong>1\u00ba &#8211; Asamblea General<\/strong><\/p>\n<p><strong>15. <\/strong>Se convocar\u00e1, al menos cada cinco a\u00f1os, una Asamblea General con participaci\u00f3n del Consejo Internacional, del Secretariado Internacional y de dos laicos por Asociaci\u00f3n Nacional. Cada Asociaci\u00f3n Nacional puede tambi\u00e9n contar con la participaci\u00f3n de su Director Nacional y la Hermana Delegada Nacional, quienes pueden participar en los debates pero sin derecho a voto.<\/p>\n<p><strong>16. <\/strong>Los objetivos de la Asamblea General son:<\/p>\n<ol>\n<li>Elegir al Presidente Internacional y a los miembros laicos del Consejo Internacional seg\u00fan las condiciones del canon 119.<\/li>\n<li>Proponer la revisi\u00f3n de Estatutos aprobados por 2\/3 de los miembros de la Asamblea.<\/li>\n<li>Estudiar la situaci\u00f3n de la Asociaci\u00f3n: espiritual, pastoral, econ\u00f3mica, fijaci\u00f3n de cuotas, etc.<\/li>\n<li>Estudiar temas relacionados con el esp\u00edritu y desarrollo de la Asociaci\u00f3n.<\/li>\n<li>Aprobar los planes pastorales.<\/li>\n<\/ol>\n<p>Excepto en lo concerniente a la revisi\u00f3n de Estatutos, todas las dem\u00e1s decisiones son hechas por mayor\u00eda absoluta. Si despu\u00e9s de dos escrutinios la votaci\u00f3n permanece en condici\u00f3n de igualdad, el Director General por su voto puede dirimir dicha igualdad.<\/p>\n<p><strong>2\u00ba &#8211; El Consejo Internacional<\/strong><\/p>\n<p><strong>17.<\/strong> Est\u00e1 compuesto por: el Director General, el Subdirector General, una Consejera General de las Hijas de la Caridad, un Presidente\/a laico Internacional y cuatro miembros laicos de la Asociaci\u00f3n elegidos por la Asamblea General. Son los \u00abResponsable mayores\u00bb (Cf. Canon 318) de la Asociaci\u00f3n. El Consejo Internacional se reunir\u00e1, al menos, 1 vez al a\u00f1o.<\/p>\n<p>Para que exista qu\u00f3rum son necesarios al menos cinco miembros. Se necesita mayor\u00eda absoluta para llegar a la toma de decisiones.<\/p>\n<p>Es convocado y presidido por el Presidente seglar, o, en casos excepcionales, por el Director General.<\/p>\n<p>Sus funciones son:<\/p>\n<ol>\n<li>Proponer temas importantes de reflexi\u00f3n sobre aspectos importantes de la vida y actividad de la Asociaci\u00f3n.<\/li>\n<li>Asegurar la comunicaci\u00f3n con y entre las Asociaciones Nacionales a trav\u00e9s de correspondencia, visitas y otros medios posibles.<\/li>\n<li>Evaluar la realizaci\u00f3n de los proyectos aprobados por la Asamblea General precedente.<\/li>\n<li>Preparar la Asamblea General siguiente.<\/li>\n<li>Estudiar y aprobar el presupuesto provisional y el balance final de a\u00f1o presentados por el Secretariado Internacional.<\/li>\n<li>Velar por el cumplimiento de los Estatutos Internacionales.<\/li>\n<li>Con el consentimiento del Director General, solicitar a la Santa Sede la disoluci\u00f3n de la Asociaci\u00f3n.<\/li>\n<li>Designar a los liquidadores de bienes, seg\u00fan las normas que establecer\u00e1 el mismo Consejo Internacional.<\/li>\n<\/ol>\n<p><strong>18. <\/strong>Elecci\u00f3n de los miembros:<\/p>\n<p>El Subdirector General y la Consejera General de las Hijas de la Caridad son nombrados por el Director General de la Asociaci\u00f3n, despu\u00e9s de haber o\u00eddo a los respectivos Consejos Generales.<\/p>\n<p>Los miembros laicos son elegidos por la Asamblea General, prestando la debida atenci\u00f3n a la representatividad geogr\u00e1fica<\/p>\n<p><strong>19.<\/strong> Duraci\u00f3n de los cargos<strong>: <\/strong><\/p>\n<p>El mandato del Subdirector General y la Consejera General ser\u00e1 de cinco a\u00f1os, podr\u00e1n ser nombrados para un segundo mandato de cinco a\u00f1os no renovable.<\/p>\n<p>El Presidente y los otros cuatro miembros laicos ejercer\u00e1n su oficio cinco a\u00f1os, y podr\u00e1n ser reelegidos para un segundo mandato de cinco a\u00f1os no renovable.<\/p>\n<p><strong>20.<\/strong> Es competencia del Presidente Internacional, adem\u00e1s de su funci\u00f3n espec\u00edfica en el Consejo Internacional y Asamblea General Internacional:<\/p>\n<ol>\n<li>Convocar, de acuerdo con el Director General, las reuniones de la Asamblea General.<\/li>\n<li>Representar a la Asociaci\u00f3n Internacional, juntamente con el Director General, o su Delegado, en las reuniones nacionales y regionales de la Asociaci\u00f3n.<\/li>\n<li>Mantener relaciones con otras ramas de la Familia Vicenciana y otros movimientos laicos.<\/li>\n<li>Organizar sus actividades con el Secretariado Internacional y con el Consejo Internacional.<\/li>\n<\/ol>\n<p><strong>3\u00ba &#8211; Secretariado Internacional<\/strong><\/p>\n<p><strong>21.<\/strong> Estar\u00e1 compuesto, al menos, por dos personas con dedicaci\u00f3n preferente que se encargar\u00e1n de dinamizar los programas fijados por Consejo Internacional y la Asamblea General. Son nombrados por el Director General, despu\u00e9s de consultar con el Consejo Internacional.<\/p>\n<p><strong>22.<\/strong> La duraci\u00f3n en el cargo es de cinco a\u00f1os, pudiendo ser nombrados para otro mandato.<\/p>\n<p><strong>23.<\/strong> Las Funciones del Secretariado Internacional son:<\/p>\n<ol>\n<li>Promover la vitalidad de la Asociaci\u00f3n.<\/li>\n<li>Favorecer medios de uni\u00f3n entre las diferentes Asociaciones a nivel Internacional.<\/li>\n<li>Informar sobre la vida de la Asociaci\u00f3n.<\/li>\n<li>Recibir las notificaciones de nombramientos en el \u00e1mbito nacional, as\u00ed como las de la creaci\u00f3n de nuevas Asociaciones.<\/li>\n<li>Organizar y llevar a cabo en el \u00e1mbito internacional los encuentros y otras iniciativas que el Director General o el Consejo Internacional juzguen convenientes para promover espiritual y apost\u00f3licamente la vida de la Asociaci\u00f3n.<\/li>\n<li>Mantener al d\u00eda los archivos de la Asociaci\u00f3n.<\/li>\n<li>Presentar al Consejo Internacional un presupuesto provisional al inicio del a\u00f1o y un balance al final del mismo.<\/li>\n<\/ol>\n<h3><strong>II. Nivel Nacional<\/strong><\/h3>\n<p><strong>24.<\/strong> Para erigir una Asociaci\u00f3n Nacional se requiere la aprobaci\u00f3n de dicha Asociaci\u00f3n y sus Estatutos por el Director General.<\/p>\n<p><strong>25.<\/strong> La Asociaci\u00f3n Nacional tiene sus propios Estatutos conforme al Derecho Can\u00f3nico universal y a los presentes Estatutos Internacionales.<\/p>\n<p><strong>26.<\/strong> En los Estatutos Nacionales se establecen las normas particulares que se consideran convenientes en la propia naci\u00f3n sobre la organizaci\u00f3n de los miembros, derechos y obligaciones de los mismos y el trabajo apost\u00f3lico que la Asociaci\u00f3n se propone realizar.<\/p>\n<p><strong>27.<\/strong> El Presidente Nacional, el Director Nacional y la Consejera Nacional (o Delegada Nacional) ser\u00e1n nombrados seg\u00fan lo determinen los propios Estatutos. Sus nombramientos deber\u00e1n ser confirmados por el Director General.<\/p>\n<p><strong>28.<\/strong> Los dem\u00e1s nombramientos para los diferentes oficios de la Asociaci\u00f3n se hacen conforme al Derecho Com\u00fan de la Iglesia universal y a los Estatutos propios. La duraci\u00f3n de dichos oficios en el cargo se determina en los Estatutos propios.<\/p>\n<p><strong>29.<\/strong> El Director Nacional informa al Secretariado Internacional de los nombramientos habidos en su pa\u00eds.<\/p>\n<h3><strong>III. Nivel Local<\/strong><\/h3>\n<p><strong>30.<\/strong> Para comenzar un nuevo grupo o centro de la Asociaci\u00f3n, es necesario la aprobaci\u00f3n del Director Nacional, y el consentimiento por escrito de la autoridad eclesi\u00e1stica competente, en virtud del derecho com\u00fan y del propio.<\/p>\n<p><strong>31<\/strong>. El Director Nacional notificar\u00e1 al Secretariado Internacional la creaci\u00f3n de toda nueva Asociaci\u00f3n.<\/p>\n<h2><strong>Distintivo<\/strong><\/h2>\n<p><strong>32<\/strong>. El distintivo de la Asociaci\u00f3n Internacional de la Juventud Mariana Vicenciana es la Medalla Milagrosa.<\/p>\n<p><strong>33.<\/strong> Cada Asociaci\u00f3n Nacional es libre para adoptar en su propio pa\u00eds otros distintivos, sin suprimir la Medalla Milagrosa.<\/p>\n<h2><strong>Aspectos econ\u00f3micos<\/strong><\/h2>\n<p><strong>34.<\/strong> La Asociaci\u00f3n Internacional de la Juventud Mariana Vicenciana no tiene car\u00e1cter lucrativo.<\/p>\n<p><strong>35.<\/strong> El Secretariado Internacional dar\u00e1 cuenta anual de sus ingresos y gastos al Consejo Internacional.<\/p>\n<p><strong>36.<\/strong> Para el funcionamiento del Secretariado Internacional, cada Asociaci\u00f3n Nacional abonar\u00e1 una cuota fijada por la Asamblea General.<\/p>\n<h2><strong>Disoluci\u00f3n de la Asociaci\u00f3n<\/strong><\/h2>\n<p><strong>37.<\/strong> El Consejo Internacional, con el consentimiento del Director General, puede pedir a la Santa Sede la disoluci\u00f3n de la Asociaci\u00f3n.<\/p>\n<p><strong>38.<\/strong> El Consejo Internacional designar\u00e1 los liquidadores de los bienes que existan, seg\u00fan las normas que les dicte el mismo Consejo Internacional.<\/p>\n<p><strong>39.<\/strong> Los bienes que resten, una vez saldadas las deudas, se emplear\u00e1n en favor de los pobres de aquellos lugares en donde ha estado presente la Asociaci\u00f3n.<\/p>\n<h2><strong>Aprobaci\u00f3n y enmienda de estos Estatutos<\/strong><\/h2>\n<p><strong>40.<\/strong> La Asamblea General puede hacer propuestas de enmiendas o cambios en estos Estatutos y presentarlos para su aprobaci\u00f3n a la Santa Sede.<\/p>\n","protected":false},"excerpt":{"rendered":"<p>Identidad 1. La Asociaci\u00f3n Internacional de la Juventud Mariana Vicenciana es la renovaci\u00f3n de la Asociaci\u00f3n de Hijas e Hijos de Mar\u00eda Inmaculada que tuvo su origen en las Apariciones de la Virgen Mar\u00eda a &#8230; <a href=\"https:\/\/vincentians.com\/es\/estatutos-de-la-asociacion-internacional-de-la-juventud-mariana-vicenciana\/\" class=\"more-link\">Read More<\/a><\/p>\n","protected":false},"author":4,"featured_media":399750,"comment_status":"open","ping_status":"open","sticky":false,"template":"","format":"standard","meta":{"jetpack_post_was_ever_published":false,"_jetpack_newsletter_access":"","_jetpack_dont_email_post_to_subs":false,"_jetpack_newsletter_tier_id":0,"_jetpack_memberships_contains_paywalled_content":false,"_jetpack_memberships_contains_paid_content":false,"footnotes":"","jetpack_publicize_message":"","jetpack_publicize_feature_enabled":true,"jetpack_social_post_already_shared":true,"jetpack_social_options":{"image_generator_settings":{"template":"highway","default_image_id":0,"font":"","enabled":false},"version":2}},"categories":[292],"tags":[176],"class_list":["post-53417","post","type-post","status-publish","format-standard","has-post-thumbnail","hentry","category-documentos-de-juventudes-marianas-vicencianas","tag-misiones-populares"],"yoast_head":"<!-- This site is optimized with the Yoast SEO plugin v26.3 - https:\/\/yoast.com\/wordpress\/plugins\/seo\/ -->\n<title>Estatutos de la Asociaci\u00f3n Internacional de la Juventud Mariana Vicenciana - Somos Vicencianos<\/title>\n<meta name=\"robots\" content=\"index, follow, max-snippet:-1, max-image-preview:large, max-video-preview:-1\" \/>\n<link rel=\"canonical\" href=\"https:\/\/vincentians.com\/es\/estatutos-de-la-asociacion-internacional-de-la-juventud-mariana-vicenciana\/\" \/>\n<meta property=\"og:locale\" content=\"es_ES\" \/>\n<meta property=\"og:type\" content=\"article\" \/>\n<meta property=\"og:title\" content=\"Estatutos de la Asociaci\u00f3n Internacional de la Juventud Mariana Vicenciana - Somos Vicencianos\" \/>\n<meta property=\"og:description\" content=\"Identidad 1. La Asociaci\u00f3n Internacional de la Juventud Mariana Vicenciana es la renovaci\u00f3n de la Asociaci\u00f3n de Hijas e Hijos de Mar\u00eda Inmaculada que tuvo su origen en las Apariciones de la Virgen Mar\u00eda a ... Read More\" \/>\n<meta property=\"og:url\" content=\"https:\/\/vincentians.com\/es\/estatutos-de-la-asociacion-internacional-de-la-juventud-mariana-vicenciana\/\" \/>\n<meta property=\"og:site_name\" content=\"Somos Vicencianos\" \/>\n<meta property=\"article:publisher\" content=\"https:\/\/www.facebook.com\/WeAreVincentians\/\" \/>\n<meta property=\"article:author\" content=\"https:\/\/www.facebook.com\/JavierChento\" \/>\n<meta property=\"article:published_time\" content=\"2019-05-05T06:00:22+00:00\" \/>\n<meta property=\"og:image\" content=\"https:\/\/i0.wp.com\/vincentians.com\/es\/wp-content\/uploads\/sites\/11\/2016\/08\/luisa-y-vicente-con-ninyos.jpg?fit=1200%2C630&ssl=1\" \/>\n\t<meta property=\"og:image:width\" content=\"1200\" \/>\n\t<meta property=\"og:image:height\" content=\"630\" \/>\n\t<meta property=\"og:image:type\" content=\"image\/jpeg\" \/>\n<meta name=\"author\" content=\"Francisco Javier Fern\u00e1ndez Chento\" \/>\n<meta name=\"twitter:card\" content=\"summary_large_image\" \/>\n<meta name=\"twitter:creator\" content=\"@https:\/\/twitter.com\/javierchento\" \/>\n<meta name=\"twitter:site\" content=\"@WeVincentians\" \/>\n<meta name=\"twitter:label1\" content=\"Escrito por\" \/>\n\t<meta name=\"twitter:data1\" content=\"Francisco Javier Fern\u00e1ndez Chento\" \/>\n\t<meta name=\"twitter:label2\" content=\"Tiempo de lectura\" \/>\n\t<meta name=\"twitter:data2\" content=\"12 minutos\" \/>\n<script type=\"application\/ld+json\" class=\"yoast-schema-graph\">{\"@context\":\"https:\/\/schema.org\",\"@graph\":[{\"@type\":\"Article\",\"@id\":\"https:\/\/vincentians.com\/es\/estatutos-de-la-asociacion-internacional-de-la-juventud-mariana-vicenciana\/#article\",\"isPartOf\":{\"@id\":\"https:\/\/vincentians.com\/es\/estatutos-de-la-asociacion-internacional-de-la-juventud-mariana-vicenciana\/\"},\"author\":{\"name\":\"Francisco Javier Fern\u00e1ndez Chento\",\"@id\":\"http:\/\/vincentians.com\/es\/#\/schema\/person\/9623ef4d9aa3b2dfb8c061f1499288f2\"},\"headline\":\"Estatutos de la Asociaci\u00f3n Internacional de la Juventud Mariana Vicenciana\",\"datePublished\":\"2019-05-05T06:00:22+00:00\",\"mainEntityOfPage\":{\"@id\":\"https:\/\/vincentians.com\/es\/estatutos-de-la-asociacion-internacional-de-la-juventud-mariana-vicenciana\/\"},\"wordCount\":2385,\"commentCount\":0,\"publisher\":{\"@id\":\"http:\/\/vincentians.com\/es\/#organization\"},\"image\":{\"@id\":\"https:\/\/vincentians.com\/es\/estatutos-de-la-asociacion-internacional-de-la-juventud-mariana-vicenciana\/#primaryimage\"},\"thumbnailUrl\":\"https:\/\/i0.wp.com\/vincentians.com\/es\/wp-content\/uploads\/sites\/11\/2016\/08\/luisa-y-vicente-con-ninyos.jpg?fit=1200%2C630&ssl=1\",\"keywords\":[\"Misiones Populares\"],\"articleSection\":[\"Documentos de Juventudes Marianas Vicencianas\"],\"inLanguage\":\"es\",\"potentialAction\":[{\"@type\":\"CommentAction\",\"name\":\"Comment\",\"target\":[\"https:\/\/vincentians.com\/es\/estatutos-de-la-asociacion-internacional-de-la-juventud-mariana-vicenciana\/#respond\"]}]},{\"@type\":\"WebPage\",\"@id\":\"https:\/\/vincentians.com\/es\/estatutos-de-la-asociacion-internacional-de-la-juventud-mariana-vicenciana\/\",\"url\":\"https:\/\/vincentians.com\/es\/estatutos-de-la-asociacion-internacional-de-la-juventud-mariana-vicenciana\/\",\"name\":\"Estatutos de la Asociaci\u00f3n Internacional de la Juventud Mariana Vicenciana - Somos Vicencianos\",\"isPartOf\":{\"@id\":\"http:\/\/vincentians.com\/es\/#website\"},\"primaryImageOfPage\":{\"@id\":\"https:\/\/vincentians.com\/es\/estatutos-de-la-asociacion-internacional-de-la-juventud-mariana-vicenciana\/#primaryimage\"},\"image\":{\"@id\":\"https:\/\/vincentians.com\/es\/estatutos-de-la-asociacion-internacional-de-la-juventud-mariana-vicenciana\/#primaryimage\"},\"thumbnailUrl\":\"https:\/\/i0.wp.com\/vincentians.com\/es\/wp-content\/uploads\/sites\/11\/2016\/08\/luisa-y-vicente-con-ninyos.jpg?fit=1200%2C630&ssl=1\",\"datePublished\":\"2019-05-05T06:00:22+00:00\",\"breadcrumb\":{\"@id\":\"https:\/\/vincentians.com\/es\/estatutos-de-la-asociacion-internacional-de-la-juventud-mariana-vicenciana\/#breadcrumb\"},\"inLanguage\":\"es\",\"potentialAction\":[{\"@type\":\"ReadAction\",\"target\":[\"https:\/\/vincentians.com\/es\/estatutos-de-la-asociacion-internacional-de-la-juventud-mariana-vicenciana\/\"]}]},{\"@type\":\"ImageObject\",\"inLanguage\":\"es\",\"@id\":\"https:\/\/vincentians.com\/es\/estatutos-de-la-asociacion-internacional-de-la-juventud-mariana-vicenciana\/#primaryimage\",\"url\":\"https:\/\/i0.wp.com\/vincentians.com\/es\/wp-content\/uploads\/sites\/11\/2016\/08\/luisa-y-vicente-con-ninyos.jpg?fit=1200%2C630&ssl=1\",\"contentUrl\":\"https:\/\/i0.wp.com\/vincentians.com\/es\/wp-content\/uploads\/sites\/11\/2016\/08\/luisa-y-vicente-con-ninyos.jpg?fit=1200%2C630&ssl=1\",\"width\":1200,\"height\":630},{\"@type\":\"BreadcrumbList\",\"@id\":\"https:\/\/vincentians.com\/es\/estatutos-de-la-asociacion-internacional-de-la-juventud-mariana-vicenciana\/#breadcrumb\",\"itemListElement\":[{\"@type\":\"ListItem\",\"position\":1,\"name\":\"Portada\",\"item\":\"http:\/\/vincentians.com\/es\/\"},{\"@type\":\"ListItem\",\"position\":2,\"name\":\"Estatutos de la Asociaci\u00f3n Internacional de la Juventud Mariana Vicenciana\"}]},{\"@type\":\"WebSite\",\"@id\":\"http:\/\/vincentians.com\/es\/#website\",\"url\":\"http:\/\/vincentians.com\/es\/\",\"name\":\"Somos Vicencianos\",\"description\":\"Know more to serve more\",\"publisher\":{\"@id\":\"http:\/\/vincentians.com\/es\/#organization\"},\"potentialAction\":[{\"@type\":\"SearchAction\",\"target\":{\"@type\":\"EntryPoint\",\"urlTemplate\":\"http:\/\/vincentians.com\/es\/?s={search_term_string}\"},\"query-input\":{\"@type\":\"PropertyValueSpecification\",\"valueRequired\":true,\"valueName\":\"search_term_string\"}}],\"inLanguage\":\"es\"},{\"@type\":\"Organization\",\"@id\":\"http:\/\/vincentians.com\/es\/#organization\",\"name\":\"The Vincentian Network\",\"url\":\"http:\/\/vincentians.com\/es\/\",\"logo\":{\"@type\":\"ImageObject\",\"inLanguage\":\"es\",\"@id\":\"http:\/\/vincentians.com\/es\/#\/schema\/logo\/image\/\",\"url\":\"https:\/\/i1.wp.com\/vincentians.com\/es\/wp-content\/uploads\/sites\/11\/2016\/06\/Vincentian-Network-logo-big.png?fit=778%2C778\",\"contentUrl\":\"https:\/\/i1.wp.com\/vincentians.com\/es\/wp-content\/uploads\/sites\/11\/2016\/06\/Vincentian-Network-logo-big.png?fit=778%2C778\",\"width\":778,\"height\":778,\"caption\":\"The Vincentian Network\"},\"image\":{\"@id\":\"http:\/\/vincentians.com\/es\/#\/schema\/logo\/image\/\"},\"sameAs\":[\"https:\/\/www.facebook.com\/WeAreVincentians\/\",\"https:\/\/x.com\/WeVincentians\"]},{\"@type\":\"Person\",\"@id\":\"http:\/\/vincentians.com\/es\/#\/schema\/person\/9623ef4d9aa3b2dfb8c061f1499288f2\",\"name\":\"Francisco Javier Fern\u00e1ndez Chento\",\"image\":{\"@type\":\"ImageObject\",\"inLanguage\":\"es\",\"@id\":\"http:\/\/vincentians.com\/es\/#\/schema\/person\/image\/\",\"url\":\"https:\/\/secure.gravatar.com\/avatar\/497d5cde87b4c3d097d0315953521681ba2cd523ee66e5077c3711f7021e65de?s=96&d=mm&r=g\",\"contentUrl\":\"https:\/\/secure.gravatar.com\/avatar\/497d5cde87b4c3d097d0315953521681ba2cd523ee66e5077c3711f7021e65de?s=96&d=mm&r=g\",\"caption\":\"Francisco Javier Fern\u00e1ndez Chento\"},\"description\":\"Director General y cofundador de La Red de Formaci\u00f3n Vicenciana. Javier es laico vicenciano, afiliado a la Congregaci\u00f3n de la Misi\u00f3n y miembro del Equipo de Misiones Populares de la provincia can\u00f3nica de Zaragoza (Espa\u00f1a) de la Congregaci\u00f3n de la Misi\u00f3n. Graduado en la Universidad Oberta de Catalunya con cuatro grados (Asistente de direcci\u00f3n, Gesti\u00f3n Administrativa, Recursos Humanos y Contabilidad Avanzada). Bil\u00edng\u00fce Espa\u00f1ol\/Ingl\u00e9s. gestiona y mantiene varias p\u00e1ginas web cristianas y vicencianas, incluida including La Red de Formaci\u00f3n Vicenciana, de la que es cofundador. Actualmente es responsable del \u00e1rea de Espa\u00f1ol de .famvin, la Red de Noticias de la Familia Vicenciana. Tambi\u00e9n es m\u00fasico cat\u00f3lico y ha editado varios discos. Es Director General y cofundador de Trovador, una reconocida compa\u00f1\u00eda discogr\u00e1fica critiana de Espa\u00f1a. Trabaja en las Tecnolog\u00edas de la Informaci\u00f3n, ofreciendo servicios de alojamiento, dise\u00f1o y mantenimiento Web, as\u00ed como asesoramiento, formaci\u00f3n y soluciones inform\u00e1ticas, gesti\u00f3n documental y digitalizaci\u00f3n de textos, edici\u00f3n y maquetaci\u00f3n de libros, revistas, flyers, etc.\",\"sameAs\":[\"http:\/\/chento.org\",\"https:\/\/www.facebook.com\/JavierChento\",\"https:\/\/x.com\/https:\/\/twitter.com\/javierchento\"],\"url\":\"https:\/\/vincentians.com\/es\/author\/chento\/\"}]}<\/script>\n<!-- \/ Yoast SEO plugin. -->","yoast_head_json":{"title":"Estatutos de la Asociaci\u00f3n Internacional de la Juventud Mariana Vicenciana - Somos Vicencianos","robots":{"index":"index","follow":"follow","max-snippet":"max-snippet:-1","max-image-preview":"max-image-preview:large","max-video-preview":"max-video-preview:-1"},"canonical":"https:\/\/vincentians.com\/es\/estatutos-de-la-asociacion-internacional-de-la-juventud-mariana-vicenciana\/","og_locale":"es_ES","og_type":"article","og_title":"Estatutos de la Asociaci\u00f3n Internacional de la Juventud Mariana Vicenciana - Somos Vicencianos","og_description":"Identidad 1. La Asociaci\u00f3n Internacional de la Juventud Mariana Vicenciana es la renovaci\u00f3n de la Asociaci\u00f3n de Hijas e Hijos de Mar\u00eda Inmaculada que tuvo su origen en las Apariciones de la Virgen Mar\u00eda a ... Read More","og_url":"https:\/\/vincentians.com\/es\/estatutos-de-la-asociacion-internacional-de-la-juventud-mariana-vicenciana\/","og_site_name":"Somos Vicencianos","article_publisher":"https:\/\/www.facebook.com\/WeAreVincentians\/","article_author":"https:\/\/www.facebook.com\/JavierChento","article_published_time":"2019-05-05T06:00:22+00:00","og_image":[{"width":1200,"height":630,"url":"https:\/\/i0.wp.com\/vincentians.com\/es\/wp-content\/uploads\/sites\/11\/2016\/08\/luisa-y-vicente-con-ninyos.jpg?fit=1200%2C630&ssl=1","type":"image\/jpeg"}],"author":"Francisco Javier Fern\u00e1ndez Chento","twitter_card":"summary_large_image","twitter_creator":"@https:\/\/twitter.com\/javierchento","twitter_site":"@WeVincentians","twitter_misc":{"Escrito por":"Francisco Javier Fern\u00e1ndez Chento","Tiempo de lectura":"12 minutos"},"schema":{"@context":"https:\/\/schema.org","@graph":[{"@type":"Article","@id":"https:\/\/vincentians.com\/es\/estatutos-de-la-asociacion-internacional-de-la-juventud-mariana-vicenciana\/#article","isPartOf":{"@id":"https:\/\/vincentians.com\/es\/estatutos-de-la-asociacion-internacional-de-la-juventud-mariana-vicenciana\/"},"author":{"name":"Francisco Javier Fern\u00e1ndez Chento","@id":"http:\/\/vincentians.com\/es\/#\/schema\/person\/9623ef4d9aa3b2dfb8c061f1499288f2"},"headline":"Estatutos de la Asociaci\u00f3n Internacional de la Juventud Mariana Vicenciana","datePublished":"2019-05-05T06:00:22+00:00","mainEntityOfPage":{"@id":"https:\/\/vincentians.com\/es\/estatutos-de-la-asociacion-internacional-de-la-juventud-mariana-vicenciana\/"},"wordCount":2385,"commentCount":0,"publisher":{"@id":"http:\/\/vincentians.com\/es\/#organization"},"image":{"@id":"https:\/\/vincentians.com\/es\/estatutos-de-la-asociacion-internacional-de-la-juventud-mariana-vicenciana\/#primaryimage"},"thumbnailUrl":"https:\/\/i0.wp.com\/vincentians.com\/es\/wp-content\/uploads\/sites\/11\/2016\/08\/luisa-y-vicente-con-ninyos.jpg?fit=1200%2C630&ssl=1","keywords":["Misiones Populares"],"articleSection":["Documentos de Juventudes Marianas Vicencianas"],"inLanguage":"es","potentialAction":[{"@type":"CommentAction","name":"Comment","target":["https:\/\/vincentians.com\/es\/estatutos-de-la-asociacion-internacional-de-la-juventud-mariana-vicenciana\/#respond"]}]},{"@type":"WebPage","@id":"https:\/\/vincentians.com\/es\/estatutos-de-la-asociacion-internacional-de-la-juventud-mariana-vicenciana\/","url":"https:\/\/vincentians.com\/es\/estatutos-de-la-asociacion-internacional-de-la-juventud-mariana-vicenciana\/","name":"Estatutos de la Asociaci\u00f3n Internacional de la Juventud Mariana Vicenciana - Somos Vicencianos","isPartOf":{"@id":"http:\/\/vincentians.com\/es\/#website"},"primaryImageOfPage":{"@id":"https:\/\/vincentians.com\/es\/estatutos-de-la-asociacion-internacional-de-la-juventud-mariana-vicenciana\/#primaryimage"},"image":{"@id":"https:\/\/vincentians.com\/es\/estatutos-de-la-asociacion-internacional-de-la-juventud-mariana-vicenciana\/#primaryimage"},"thumbnailUrl":"https:\/\/i0.wp.com\/vincentians.com\/es\/wp-content\/uploads\/sites\/11\/2016\/08\/luisa-y-vicente-con-ninyos.jpg?fit=1200%2C630&ssl=1","datePublished":"2019-05-05T06:00:22+00:00","breadcrumb":{"@id":"https:\/\/vincentians.com\/es\/estatutos-de-la-asociacion-internacional-de-la-juventud-mariana-vicenciana\/#breadcrumb"},"inLanguage":"es","potentialAction":[{"@type":"ReadAction","target":["https:\/\/vincentians.com\/es\/estatutos-de-la-asociacion-internacional-de-la-juventud-mariana-vicenciana\/"]}]},{"@type":"ImageObject","inLanguage":"es","@id":"https:\/\/vincentians.com\/es\/estatutos-de-la-asociacion-internacional-de-la-juventud-mariana-vicenciana\/#primaryimage","url":"https:\/\/i0.wp.com\/vincentians.com\/es\/wp-content\/uploads\/sites\/11\/2016\/08\/luisa-y-vicente-con-ninyos.jpg?fit=1200%2C630&ssl=1","contentUrl":"https:\/\/i0.wp.com\/vincentians.com\/es\/wp-content\/uploads\/sites\/11\/2016\/08\/luisa-y-vicente-con-ninyos.jpg?fit=1200%2C630&ssl=1","width":1200,"height":630},{"@type":"BreadcrumbList","@id":"https:\/\/vincentians.com\/es\/estatutos-de-la-asociacion-internacional-de-la-juventud-mariana-vicenciana\/#breadcrumb","itemListElement":[{"@type":"ListItem","position":1,"name":"Portada","item":"http:\/\/vincentians.com\/es\/"},{"@type":"ListItem","position":2,"name":"Estatutos de la Asociaci\u00f3n Internacional de la Juventud Mariana Vicenciana"}]},{"@type":"WebSite","@id":"http:\/\/vincentians.com\/es\/#website","url":"http:\/\/vincentians.com\/es\/","name":"Somos Vicencianos","description":"Know more to serve more","publisher":{"@id":"http:\/\/vincentians.com\/es\/#organization"},"potentialAction":[{"@type":"SearchAction","target":{"@type":"EntryPoint","urlTemplate":"http:\/\/vincentians.com\/es\/?s={search_term_string}"},"query-input":{"@type":"PropertyValueSpecification","valueRequired":true,"valueName":"search_term_string"}}],"inLanguage":"es"},{"@type":"Organization","@id":"http:\/\/vincentians.com\/es\/#organization","name":"The Vincentian Network","url":"http:\/\/vincentians.com\/es\/","logo":{"@type":"ImageObject","inLanguage":"es","@id":"http:\/\/vincentians.com\/es\/#\/schema\/logo\/image\/","url":"https:\/\/i1.wp.com\/vincentians.com\/es\/wp-content\/uploads\/sites\/11\/2016\/06\/Vincentian-Network-logo-big.png?fit=778%2C778","contentUrl":"https:\/\/i1.wp.com\/vincentians.com\/es\/wp-content\/uploads\/sites\/11\/2016\/06\/Vincentian-Network-logo-big.png?fit=778%2C778","width":778,"height":778,"caption":"The Vincentian Network"},"image":{"@id":"http:\/\/vincentians.com\/es\/#\/schema\/logo\/image\/"},"sameAs":["https:\/\/www.facebook.com\/WeAreVincentians\/","https:\/\/x.com\/WeVincentians"]},{"@type":"Person","@id":"http:\/\/vincentians.com\/es\/#\/schema\/person\/9623ef4d9aa3b2dfb8c061f1499288f2","name":"Francisco Javier Fern\u00e1ndez Chento","image":{"@type":"ImageObject","inLanguage":"es","@id":"http:\/\/vincentians.com\/es\/#\/schema\/person\/image\/","url":"https:\/\/secure.gravatar.com\/avatar\/497d5cde87b4c3d097d0315953521681ba2cd523ee66e5077c3711f7021e65de?s=96&d=mm&r=g","contentUrl":"https:\/\/secure.gravatar.com\/avatar\/497d5cde87b4c3d097d0315953521681ba2cd523ee66e5077c3711f7021e65de?s=96&d=mm&r=g","caption":"Francisco Javier Fern\u00e1ndez Chento"},"description":"Director General y cofundador de La Red de Formaci\u00f3n Vicenciana. Javier es laico vicenciano, afiliado a la Congregaci\u00f3n de la Misi\u00f3n y miembro del Equipo de Misiones Populares de la provincia can\u00f3nica de Zaragoza (Espa\u00f1a) de la Congregaci\u00f3n de la Misi\u00f3n. Graduado en la Universidad Oberta de Catalunya con cuatro grados (Asistente de direcci\u00f3n, Gesti\u00f3n Administrativa, Recursos Humanos y Contabilidad Avanzada). Bil\u00edng\u00fce Espa\u00f1ol\/Ingl\u00e9s. gestiona y mantiene varias p\u00e1ginas web cristianas y vicencianas, incluida including La Red de Formaci\u00f3n Vicenciana, de la que es cofundador. Actualmente es responsable del \u00e1rea de Espa\u00f1ol de .famvin, la Red de Noticias de la Familia Vicenciana. Tambi\u00e9n es m\u00fasico cat\u00f3lico y ha editado varios discos. Es Director General y cofundador de Trovador, una reconocida compa\u00f1\u00eda discogr\u00e1fica critiana de Espa\u00f1a. Trabaja en las Tecnolog\u00edas de la Informaci\u00f3n, ofreciendo servicios de alojamiento, dise\u00f1o y mantenimiento Web, as\u00ed como asesoramiento, formaci\u00f3n y soluciones inform\u00e1ticas, gesti\u00f3n documental y digitalizaci\u00f3n de textos, edici\u00f3n y maquetaci\u00f3n de libros, revistas, flyers, etc.","sameAs":["http:\/\/chento.org","https:\/\/www.facebook.com\/JavierChento","https:\/\/x.com\/https:\/\/twitter.com\/javierchento"],"url":"https:\/\/vincentians.com\/es\/author\/chento\/"}]}},"jetpack_publicize_connections":[],"jetpack_featured_media_url":"https:\/\/i0.wp.com\/vincentians.com\/es\/wp-content\/uploads\/sites\/11\/2016\/08\/luisa-y-vicente-con-ninyos.jpg?fit=1200%2C630&ssl=1","jetpack_sharing_enabled":true,"jetpack_shortlink":"https:\/\/wp.me\/p7ETMF-dTz","jetpack-related-posts":[{"id":115978,"url":"https:\/\/vincentians.com\/es\/familia-vicenciana-y-medalla-milagrosa\/","url_meta":{"origin":53417,"position":0},"title":"Familia Vicenciana y Medalla Milagrosa","author":"Francisco Javier Fern\u00e1ndez Chento","date":"27\/11\/2022","format":false,"excerpt":"Lo que ha sido este legado desde 1830 El testimonio de la Historia nos dice que, si bien la Virgen se aparece a Santa Catalina Labour\u00e9, \u00e9sta, cumpliendo los deseos manifestados por la Madre de Dios, permanece oculta, desconocida, en el silencio m\u00e1s incomprensible; un silencio que a veces se\u2026","rel":"","context":"En \u00abVirgen Mar\u00eda\u00bb","block_context":{"text":"Virgen Mar\u00eda","link":"https:\/\/vincentians.com\/es\/category\/espiritualidad\/virgen-maria\/"},"img":{"alt_text":"","src":"https:\/\/i0.wp.com\/vincentians.com\/es\/wp-content\/uploads\/sites\/11\/2016\/08\/hijas-caridad.jpg?fit=1200%2C630&ssl=1&resize=350%2C200","width":350,"height":200,"srcset":"https:\/\/i0.wp.com\/vincentians.com\/es\/wp-content\/uploads\/sites\/11\/2016\/08\/hijas-caridad.jpg?fit=1200%2C630&ssl=1&resize=350%2C200 1x, https:\/\/i0.wp.com\/vincentians.com\/es\/wp-content\/uploads\/sites\/11\/2016\/08\/hijas-caridad.jpg?fit=1200%2C630&ssl=1&resize=525%2C300 1.5x, https:\/\/i0.wp.com\/vincentians.com\/es\/wp-content\/uploads\/sites\/11\/2016\/08\/hijas-caridad.jpg?fit=1200%2C630&ssl=1&resize=700%2C400 2x, https:\/\/i0.wp.com\/vincentians.com\/es\/wp-content\/uploads\/sites\/11\/2016\/08\/hijas-caridad.jpg?fit=1200%2C630&ssl=1&resize=1050%2C600 3x"},"classes":[]},{"id":122918,"url":"https:\/\/vincentians.com\/es\/animacion-de-la-formacion\/","url_meta":{"origin":53417,"position":1},"title":"Animaci\u00f3n de la formaci\u00f3n","author":"Francisco Javier Fern\u00e1ndez Chento","date":"21\/09\/2022","format":false,"excerpt":"1. Introducci\u00f3n Cuando se me encomend\u00f3 presentar esta Comunicaci\u00f3n se me dijo que lo hiciera desde mi experiencia pastoral en el campo de la Familia Vicenciana. Lo voy a intentar. Quiero empezar afir\u00admando que considero una gracia muy grande el haber podido trabajar como Consiliario o Asesor o simplemente como\u2026","rel":"","context":"En \u00abFormaci\u00f3n Cristiana\u00bb","block_context":{"text":"Formaci\u00f3n Cristiana","link":"https:\/\/vincentians.com\/es\/category\/formacion-cristiana\/"},"img":{"alt_text":"","src":"https:\/\/i0.wp.com\/vincentians.com\/es\/wp-content\/uploads\/sites\/11\/2013\/04\/formacion_permanente.jpg?fit=303%2C303&ssl=1&resize=350%2C200","width":350,"height":200},"classes":[]},{"id":132806,"url":"https:\/\/vincentians.com\/es\/estatutos-de-los-hijos-de-maria-inmaculada-en-colombia\/","url_meta":{"origin":53417,"position":2},"title":"Estatutos de los Hijos de Mar\u00eda Inmaculada en Colombia","author":"Francisco Javier Fern\u00e1ndez Chento","date":"16\/12\/2014","format":false,"excerpt":"Identidad: La asociaci\u00f3n de los Hijos de Mar\u00eda Inmaculada tuvo su origen en las apariciones de la Virgen Mar\u00eda a Santa Catalina Labour\u00e9 en 1830. Cuatro notas caracter\u00edsticas le hacen vivir su identidad: Eclesial: fue aprobada por P\u00edo IX en 1850 y est\u00e1 invitada expl\u00edcitamente a colaborar con la jerarqu\u00eda.\u2026","rel":"","context":"En \u00abDocumentos de otras Ramas e Instituciones vicencianas\u00bb","block_context":{"text":"Documentos de otras Ramas e Instituciones vicencianas","link":"https:\/\/vincentians.com\/es\/category\/formacion-vicenciana\/documentos-oficiales-de-la-familia-vicenciana\/documentos-de-otras-ramas-e-instituciones-vicencianas\/"},"img":{"alt_text":"Hijos de Maria Inmaculada en Colombia","src":"https:\/\/i0.wp.com\/vicencianos.org\/wp-content\/2014\/12\/Hijos-de-Maria-Inmaculada-en-Colombia-598x1024.jpg?resize=350%2C200","width":350,"height":200},"classes":[]},{"id":29225,"url":"https:\/\/vincentians.com\/es\/circular-del-padre-gregory-gay-c-m-director-general-de-jmv\/","url_meta":{"origin":53417,"position":3},"title":"Circular del padre Gregory Gay, C.M., Director General de JMV","author":"Francisco Javier Fern\u00e1ndez Chento","date":"09\/02\/2011","format":false,"excerpt":"Roma, 2 de febrero 2011 Fiesta de la Presentaci\u00f3n del Se\u00f1or en el Templo Queridos hermanos y hermanas de la Familia Vicenciana, \u00a1Que la Gracia y la Paz de Nuestro Se\u00f1or Jesucristo llenen sus corazones ahora y siempre! Les escribo como Director General de la Juventud Mariana Vicenciana. La Asociaci\u00f3n\u2026","rel":"","context":"En \u00abJuventudes Marianas Vicencianas\u00bb","block_context":{"text":"Juventudes Marianas Vicencianas","link":"https:\/\/vincentians.com\/es\/category\/la-familia-vicenciana\/ramas\/juventudes-marianas-vicencianas\/"},"img":{"alt_text":"Logo JMV","src":"https:\/\/i0.wp.com\/vicencianos.org\/wp-content\/2011\/02\/JMV_logo-225x300.jpg?resize=350%2C200","width":350,"height":200},"classes":[]},{"id":125932,"url":"https:\/\/vincentians.com\/es\/la-medalla-milagrosa-un-signo-para-nuestro-tiempo\/","url_meta":{"origin":53417,"position":4},"title":"La Medalla Milagrosa, un signo para nuestro tiempo","author":"Francisco Javier Fern\u00e1ndez Chento","date":"27\/11\/2020","format":false,"excerpt":"El hombre y los signos Desde siempre el hombre se ha enfrentado a su propia limitaci\u00f3n de expresi\u00f3n. Siente, en lo m\u00e1s \u00edntimo de su ser, la necesidad imperiosa de relacionarse, de comunicarse con una especie de lenguaje universal que haga comprensible a los dem\u00e1s sus m\u00e1s hondos sentimientos\u2026; y\u2026","rel":"","context":"En \u00abVirgen Mar\u00eda\u00bb","block_context":{"text":"Virgen Mar\u00eda","link":"https:\/\/vincentians.com\/es\/category\/espiritualidad\/virgen-maria\/"},"img":{"alt_text":"","src":"","width":0,"height":0},"classes":[]},{"id":387703,"url":"https:\/\/vincentians.com\/es\/maria-la-madre-de-jesus\/","url_meta":{"origin":53417,"position":5},"title":"Mar\u00eda, la Madre de Jes\u00fas","author":"Mitxel Olabu\u00e9naga","date":"25\/08\/2016","format":false,"excerpt":"Si tratamos aqu\u00ed y ahora el tema de Mar\u00eda, en el misterio de Cristo y de la Iglesia, se debe a que la Sant\u00edsima Virgen Mar\u00eda es la primera cristiana, la disc\u00edpula m\u00e1s aventajada del seguimiento de Jes\u00fas, la Madre de la Caridad, el tipo y modelo de la Iglesia\u2026","rel":"","context":"En \u00abEspiritualidad\u00bb","block_context":{"text":"Espiritualidad","link":"https:\/\/vincentians.com\/es\/category\/espiritualidad\/"},"img":{"alt_text":"","src":"https:\/\/i0.wp.com\/vincentians.com\/es\/wp-content\/uploads\/sites\/11\/2016\/08\/virgen-maria.jpg?fit=1200%2C630&ssl=1&resize=350%2C200","width":350,"height":200,"srcset":"https:\/\/i0.wp.com\/vincentians.com\/es\/wp-content\/uploads\/sites\/11\/2016\/08\/virgen-maria.jpg?fit=1200%2C630&ssl=1&resize=350%2C200 1x, https:\/\/i0.wp.com\/vincentians.com\/es\/wp-content\/uploads\/sites\/11\/2016\/08\/virgen-maria.jpg?fit=1200%2C630&ssl=1&resize=525%2C300 1.5x, https:\/\/i0.wp.com\/vincentians.com\/es\/wp-content\/uploads\/sites\/11\/2016\/08\/virgen-maria.jpg?fit=1200%2C630&ssl=1&resize=700%2C400 2x, https:\/\/i0.wp.com\/vincentians.com\/es\/wp-content\/uploads\/sites\/11\/2016\/08\/virgen-maria.jpg?fit=1200%2C630&ssl=1&resize=1050%2C600 3x"},"classes":[]}],"_links":{"self":[{"href":"https:\/\/vincentians.com\/es\/wp-json\/wp\/v2\/posts\/53417","targetHints":{"allow":["GET"]}}],"collection":[{"href":"https:\/\/vincentians.com\/es\/wp-json\/wp\/v2\/posts"}],"about":[{"href":"https:\/\/vincentians.com\/es\/wp-json\/wp\/v2\/types\/post"}],"author":[{"embeddable":true,"href":"https:\/\/vincentians.com\/es\/wp-json\/wp\/v2\/users\/4"}],"replies":[{"embeddable":true,"href":"https:\/\/vincentians.com\/es\/wp-json\/wp\/v2\/comments?post=53417"}],"version-history":[{"count":1,"href":"https:\/\/vincentians.com\/es\/wp-json\/wp\/v2\/posts\/53417\/revisions"}],"predecessor-version":[{"id":402181,"href":"https:\/\/vincentians.com\/es\/wp-json\/wp\/v2\/posts\/53417\/revisions\/402181"}],"wp:featuredmedia":[{"embeddable":true,"href":"https:\/\/vincentians.com\/es\/wp-json\/wp\/v2\/media\/399750"}],"wp:attachment":[{"href":"https:\/\/vincentians.com\/es\/wp-json\/wp\/v2\/media?parent=53417"}],"wp:term":[{"taxonomy":"category","embeddable":true,"href":"https:\/\/vincentians.com\/es\/wp-json\/wp\/v2\/categories?post=53417"},{"taxonomy":"post_tag","embeddable":true,"href":"https:\/\/vincentians.com\/es\/wp-json\/wp\/v2\/tags?post=53417"}],"curies":[{"name":"wp","href":"https:\/\/api.w.org\/{rel}","templated":true}]}}