{"id":53389,"date":"2011-11-24T07:20:52","date_gmt":"2011-11-24T06:20:52","guid":{"rendered":"http:\/\/somos.vicencianos.org\/blog\/2011\/11\/virgen-de-la-medalla-milagrosa\/"},"modified":"2016-07-26T17:29:19","modified_gmt":"2016-07-26T15:29:19","slug":"virgen-de-la-medalla-milagrosa","status":"publish","type":"post","link":"https:\/\/vincentians.com\/es\/virgen-de-la-medalla-milagrosa\/","title":{"rendered":"Virgen de la Medalla Milagrosa"},"content":{"rendered":"<p><a href=\"https:\/\/i0.wp.com\/vicencianos.org\/wp-content\/2010\/06\/medalla_milagrosa_2corazones.jpg\"><img data-recalc-dims=\"1\" loading=\"lazy\" decoding=\"async\" class=\"alignright size-medium wp-image-53146\" title=\"medalla_milagrosa_2corazones\" src=\"https:\/\/i0.wp.com\/vicencianos.org\/wp-content\/2010\/06\/medalla_milagrosa_2corazones-204x300.jpg?resize=204%2C300\" alt=\"\" width=\"204\" height=\"300\" \/><\/a>Se aparece a Catalina Labour\u00e9, hermana de la Caridad, en el convento de la calle Du Bac de Par\u00eds, el 18 de julio de 1830. Ella cuenta que a las 11:30 de la noche, se despert\u00f3, porque alguien la llamaba. Descorre las cortinas de su cama y ve a un ni\u00f1o, que le dice: \u00abVen a la capilla, la Sant\u00edsima Virgen te espera. No tengas miedo. Todas duermen profundamente\u00bb. Sor Catalina se viste r\u00e1pidamente y sigue al ni\u00f1o que la conduce a la capilla. Despu\u00e9s de una breve espera, el ni\u00f1o le anuncia: \u00abLa Sant\u00edsima Virgen\u00bb. Y aparece una Se\u00f1ora hermosa que, DESPUES DE HABERSE POSTRADO ANTE EL SAGRARIO, va a sentarse en el sill\u00f3n. Catalina, entonces, de un salto se pone de rodillas a su lado con las manos apoyadas en su regazo. Y ella misma escribe: \u00abFue el momento m\u00e1s dulce de mi vida. Me es imposible expresar lo que entonces experiment\u00e9&#8230; Ella me explic\u00f3 c\u00f3mo deb\u00eda comportarme en las pruebas de la vida. Luego con la mano me indic\u00f3 el altar (sagrario) y me dijo que deb\u00eda arrodillarme y abrir all\u00ed mi coraz\u00f3n, que en ese lugar encontrar\u00eda todo el consuelo que necesitaba&#8230; Al terminar la aparici\u00f3n, volvimos a recorrer el mismo camino, todav\u00eda iluminado con el ni\u00f1o a mi izquierda. Creo que era mi \u00e1ngel guardi\u00e1n, que se hab\u00eda hecho visible para mostrarme a la Santa Virgen. Iba vestido de blanco y aparentaba una edad de cuatro o cinco a\u00f1os\u00bb.<\/p>\n<p>De nuevo, el 27 de noviembre del mismo a\u00f1o se le aparece la Virgen, estando en la capilla con las dem\u00e1s hermanas en la oraci\u00f3n de la tarde. \u00abEntonces, nos dice, me pareci\u00f3 o\u00edr el roce de un vestido de seda, mir\u00e9 hacia aquel lado y vi a la Sant\u00edsima Virgen a la misma altura del cuadro de San Jos\u00e9. La Virgen estaba de pie, llevando un vestido blanco aurora con un velo blanco que descend\u00eda hasta el borde, a sus pies ten\u00eda una esfera y una serpiente a la que aplastaba la cabeza. En sus manos ten\u00eda otro globo m\u00e1s peque\u00f1o y los ojos levantados al cielo. De pronto, la Virgen abri\u00f3 las manos, desapareci\u00f3 el globo, y de sus manos sal\u00edan brillantes rayos luminosos. Los ojos de la Virgen se posaron sobre m\u00ed y me miraron largamente. Una voz interior me explic\u00f3 el sentido de la visi\u00f3n. El globo representaba el mundo. El brillo de sus manos, eran las gracias que Mar\u00eda concede a los que se las piden. Entonces, comprend\u00ed cu\u00e1nto agradaba a la Sant\u00edsima Virgen que la invocasen, cu\u00e1n generosa era con los que a Ella acud\u00edan, cu\u00e1ntas gracias conced\u00eda a quienes se las ped\u00edan y la alegr\u00eda que experimentaba al concederlas&#8230; Alrededor de la Virgen, se form\u00f3 un \u00f3valo luminoso que ten\u00eda en letras de oro la invocaci\u00f3n: <strong>Oh Mar\u00eda, sin pecado concebida, rogad por nosotros que recurrimos a Vos. <\/strong>Enseguida, desapareci\u00f3 la Virgen y apareci\u00f3 un \u00f3valo grande con una M, coronada por una cruz, y debajo dos corazones, el de Jes\u00fas rodeado de espinas y el de Mar\u00eda atravesado por una espada. Doce estrellas rodeaban el conjunto. La Virgen dijo: <strong>Haz acu\u00f1ar una medalla como la de este modelo, todos los que la lleven recibir\u00e1n grandes favores, ser\u00e1n muy abundantes las gracias para quienes la lleven con confianza\u00bb.<\/strong><\/p>\n<p>He aqu\u00ed el origen de la famosa medalla, a trav\u00e9s de la cual Dios ha hecho y sigue haciendo tantos milagros. El 30 de junio de 1832, mientras en Par\u00eds se extend\u00eda una epidemia de c\u00f3lera, que caus\u00f3 20.000 muertos, se distribuyeron 1.500 medallas. En pocas semanas se empezaron a recibir informes de centenares de curaciones milagrosas. Por eso, el pueblo la llam\u00f3 \u00abmedalla milagrosa\u00bb. En 1839 se hab\u00edan distribuido ya 10 millones de medallas.<\/p>\n<p>El cuerpo de Santa Catalina Labour\u00e9 est\u00e1 incorrupto en una urna de cristal en la capilla de las apariciones. Hoy d\u00eda el convento de las hijas de la Caridad de la calle Du Bac de Par\u00eds es un centro de peregrinaci\u00f3n. La medalla milagrosa, al igual que el escapulario de la Virgen del Carmen, es una fuente de gracias y una se\u00f1al de nuestro amor a Mar\u00eda. Ella, como dice la medalla, es concebida sin pecado, es decir, inmaculada, y aplasta la cabeza de la serpiente infernal, como aparece tambi\u00e9n en la medalla. Ella es la dispensadora de las gracias de Dios, tal como lo manifiesta a trav\u00e9s de los rayos de bendiciones que salen de sus manos. Ella es nuestra Madre, que siempre nos ama y siempre nos espera y nos lleva al amor de Jes\u00fas.<\/p>\n<p>Entre los hechos m\u00e1s notables de la medalla milagrosa, anotemos la conversi\u00f3n del jud\u00edo Alfonso de Ratisbona (1812-1884), abogado y banquero muy hostil al cristianismo, que se encontraba en Roma por motivos de salud. El 20 de enero de 1842, su amigo Teodoro de Bussiers, convertido del protestantismo, iba a la Iglesia de Sant\u2019Andrea delle Fratte y le invit\u00f3 a entrar.<\/p>\n<p>Previamente, le hab\u00eda dado una \u00abmedalla milagrosa\u00bb y una copia de la oraci\u00f3n \u00abAcordaos\u00bb de San Bernardo para que la rezara todos los d\u00edas. Y all\u00ed se le apareci\u00f3 Mar\u00eda. Al salir, le cont\u00f3 a su amigo, besando la medalla que ten\u00eda en su bolsillo: \u00abLa he visto, la he visto. Todo el edificio desapareci\u00f3 de mi vista, vi un gran resplandor y en medio de aquel resplandor, sobre el altar, se me apareci\u00f3 erguida, espl\u00e9ndida, llena de majestad y de dulzura la Virgen Mar\u00eda, tal como est\u00e1 pintada en la medalla, y me sonri\u00f3, no me dijo nada, pero yo lo comprend\u00ed todo\u00bb. En esa misma Iglesia, en la capilla de la Virgen, se leen estas palabras: \u00abEl 20 de enero de 1842, Alfonso de Ratisbona de Estrasburgo, vino aqu\u00ed jud\u00edo empedernido. La Virgen se le apareci\u00f3 como la ves. Cay\u00f3 jud\u00edo y se levant\u00f3 cristiano. Extranjero, lleva contigo este precioso recuerdo de la misericordia de Dios y de la Sant\u00edsima Virgen\u00bb. Alfonso se hizo sacerdote y ahora es reconocido como un santo, San Alfonso de Ratisbona.<\/p>\n<p>En 1840 se aparece tambi\u00e9n Mar\u00eda a Justina Bisqueyburu, religiosa del mismo convento de Catalina Labour\u00e9 y en la misma casa de la calle Du Bac de Par\u00eds. Durante seis apariciones le muestra su Coraz\u00f3n Inmaculado y le invita a usar el escapulario verde en su honor. Este escapulario muestra una imagen de la Virgen y otra de su Coraz\u00f3n Inmaculado. La tela que sostiene las dos im\u00e1genes representa el manto protector de Mar\u00eda y el color verde simboliza la esperanza. Este escapulario verde fue aprobado por P\u00edo IX y ha producido muchas conversiones y curaciones.<\/p>\n","protected":false},"excerpt":{"rendered":"<p>Se aparece a Catalina Labour\u00e9, hermana de la Caridad, en el convento de la calle Du Bac de Par\u00eds, el 18 de julio de 1830. Ella cuenta que a las 11:30 de la noche, se &#8230; <a href=\"https:\/\/vincentians.com\/es\/virgen-de-la-medalla-milagrosa\/\" class=\"more-link\">Read More<\/a><\/p>\n","protected":false},"author":4,"featured_media":53146,"comment_status":"open","ping_status":"open","sticky":false,"template":"","format":"standard","meta":{"jetpack_post_was_ever_published":false,"_jetpack_newsletter_access":"","_jetpack_dont_email_post_to_subs":false,"_jetpack_newsletter_tier_id":0,"_jetpack_memberships_contains_paywalled_content":false,"_jetpack_memberships_contains_paid_content":false,"footnotes":"","jetpack_publicize_message":"","jetpack_publicize_feature_enabled":true,"jetpack_social_post_already_shared":true,"jetpack_social_options":{"image_generator_settings":{"template":"highway","default_image_id":0,"font":"","enabled":false},"version":2}},"categories":[8],"tags":[182,190],"class_list":["post-53389","post","type-post","status-publish","format-standard","has-post-thumbnail","hentry","category-virgen-maria","tag-ratisbona","tag-rue-du-bac"],"yoast_head":"<!-- This site is optimized with the Yoast SEO plugin v26.3 - https:\/\/yoast.com\/wordpress\/plugins\/seo\/ -->\n<title>Virgen de la Medalla Milagrosa - Somos Vicencianos<\/title>\n<meta name=\"robots\" content=\"index, follow, max-snippet:-1, max-image-preview:large, max-video-preview:-1\" \/>\n<link rel=\"canonical\" href=\"https:\/\/vincentians.com\/es\/virgen-de-la-medalla-milagrosa\/\" \/>\n<meta property=\"og:locale\" content=\"es_ES\" \/>\n<meta property=\"og:type\" content=\"article\" \/>\n<meta property=\"og:title\" content=\"Virgen de la Medalla Milagrosa - Somos Vicencianos\" \/>\n<meta property=\"og:description\" content=\"Se aparece a Catalina Labour\u00e9, hermana de la Caridad, en el convento de la calle Du Bac de Par\u00eds, el 18 de julio de 1830. Ella cuenta que a las 11:30 de la noche, se ... Read More\" \/>\n<meta property=\"og:url\" content=\"https:\/\/vincentians.com\/es\/virgen-de-la-medalla-milagrosa\/\" \/>\n<meta property=\"og:site_name\" content=\"Somos Vicencianos\" \/>\n<meta property=\"article:publisher\" content=\"https:\/\/www.facebook.com\/WeAreVincentians\/\" \/>\n<meta property=\"article:author\" content=\"https:\/\/www.facebook.com\/JavierChento\" \/>\n<meta property=\"article:published_time\" content=\"2011-11-24T06:20:52+00:00\" \/>\n<meta property=\"article:modified_time\" content=\"2016-07-26T15:29:19+00:00\" \/>\n<meta name=\"author\" content=\"Francisco Javier Fern\u00e1ndez Chento\" \/>\n<meta name=\"twitter:card\" content=\"summary_large_image\" \/>\n<meta name=\"twitter:creator\" content=\"@https:\/\/twitter.com\/javierchento\" \/>\n<meta name=\"twitter:site\" content=\"@WeVincentians\" \/>\n<meta name=\"twitter:label1\" content=\"Escrito por\" \/>\n\t<meta name=\"twitter:data1\" content=\"Francisco Javier Fern\u00e1ndez Chento\" \/>\n\t<meta name=\"twitter:label2\" content=\"Tiempo de lectura\" \/>\n\t<meta name=\"twitter:data2\" content=\"6 minutos\" \/>\n<script type=\"application\/ld+json\" class=\"yoast-schema-graph\">{\"@context\":\"https:\/\/schema.org\",\"@graph\":[{\"@type\":\"Article\",\"@id\":\"https:\/\/vincentians.com\/es\/virgen-de-la-medalla-milagrosa\/#article\",\"isPartOf\":{\"@id\":\"https:\/\/vincentians.com\/es\/virgen-de-la-medalla-milagrosa\/\"},\"author\":{\"name\":\"Francisco Javier Fern\u00e1ndez Chento\",\"@id\":\"http:\/\/vincentians.com\/es\/#\/schema\/person\/9623ef4d9aa3b2dfb8c061f1499288f2\"},\"headline\":\"Virgen de la Medalla Milagrosa\",\"datePublished\":\"2011-11-24T06:20:52+00:00\",\"dateModified\":\"2016-07-26T15:29:19+00:00\",\"mainEntityOfPage\":{\"@id\":\"https:\/\/vincentians.com\/es\/virgen-de-la-medalla-milagrosa\/\"},\"wordCount\":1172,\"commentCount\":0,\"publisher\":{\"@id\":\"http:\/\/vincentians.com\/es\/#organization\"},\"image\":{\"@id\":\"https:\/\/vincentians.com\/es\/virgen-de-la-medalla-milagrosa\/#primaryimage\"},\"thumbnailUrl\":\"\",\"keywords\":[\"Ratisbona\",\"Rue du Bac\"],\"articleSection\":[\"Virgen Mar\u00eda\"],\"inLanguage\":\"es\",\"potentialAction\":[{\"@type\":\"CommentAction\",\"name\":\"Comment\",\"target\":[\"https:\/\/vincentians.com\/es\/virgen-de-la-medalla-milagrosa\/#respond\"]}]},{\"@type\":\"WebPage\",\"@id\":\"https:\/\/vincentians.com\/es\/virgen-de-la-medalla-milagrosa\/\",\"url\":\"https:\/\/vincentians.com\/es\/virgen-de-la-medalla-milagrosa\/\",\"name\":\"Virgen de la Medalla Milagrosa - Somos Vicencianos\",\"isPartOf\":{\"@id\":\"http:\/\/vincentians.com\/es\/#website\"},\"primaryImageOfPage\":{\"@id\":\"https:\/\/vincentians.com\/es\/virgen-de-la-medalla-milagrosa\/#primaryimage\"},\"image\":{\"@id\":\"https:\/\/vincentians.com\/es\/virgen-de-la-medalla-milagrosa\/#primaryimage\"},\"thumbnailUrl\":\"\",\"datePublished\":\"2011-11-24T06:20:52+00:00\",\"dateModified\":\"2016-07-26T15:29:19+00:00\",\"breadcrumb\":{\"@id\":\"https:\/\/vincentians.com\/es\/virgen-de-la-medalla-milagrosa\/#breadcrumb\"},\"inLanguage\":\"es\",\"potentialAction\":[{\"@type\":\"ReadAction\",\"target\":[\"https:\/\/vincentians.com\/es\/virgen-de-la-medalla-milagrosa\/\"]}]},{\"@type\":\"ImageObject\",\"inLanguage\":\"es\",\"@id\":\"https:\/\/vincentians.com\/es\/virgen-de-la-medalla-milagrosa\/#primaryimage\",\"url\":\"\",\"contentUrl\":\"\"},{\"@type\":\"BreadcrumbList\",\"@id\":\"https:\/\/vincentians.com\/es\/virgen-de-la-medalla-milagrosa\/#breadcrumb\",\"itemListElement\":[{\"@type\":\"ListItem\",\"position\":1,\"name\":\"Portada\",\"item\":\"http:\/\/vincentians.com\/es\/\"},{\"@type\":\"ListItem\",\"position\":2,\"name\":\"Virgen de la Medalla Milagrosa\"}]},{\"@type\":\"WebSite\",\"@id\":\"http:\/\/vincentians.com\/es\/#website\",\"url\":\"http:\/\/vincentians.com\/es\/\",\"name\":\"Somos Vicencianos\",\"description\":\"Know more to serve more\",\"publisher\":{\"@id\":\"http:\/\/vincentians.com\/es\/#organization\"},\"potentialAction\":[{\"@type\":\"SearchAction\",\"target\":{\"@type\":\"EntryPoint\",\"urlTemplate\":\"http:\/\/vincentians.com\/es\/?s={search_term_string}\"},\"query-input\":{\"@type\":\"PropertyValueSpecification\",\"valueRequired\":true,\"valueName\":\"search_term_string\"}}],\"inLanguage\":\"es\"},{\"@type\":\"Organization\",\"@id\":\"http:\/\/vincentians.com\/es\/#organization\",\"name\":\"The Vincentian Network\",\"url\":\"http:\/\/vincentians.com\/es\/\",\"logo\":{\"@type\":\"ImageObject\",\"inLanguage\":\"es\",\"@id\":\"http:\/\/vincentians.com\/es\/#\/schema\/logo\/image\/\",\"url\":\"https:\/\/i1.wp.com\/vincentians.com\/es\/wp-content\/uploads\/sites\/11\/2016\/06\/Vincentian-Network-logo-big.png?fit=778%2C778\",\"contentUrl\":\"https:\/\/i1.wp.com\/vincentians.com\/es\/wp-content\/uploads\/sites\/11\/2016\/06\/Vincentian-Network-logo-big.png?fit=778%2C778\",\"width\":778,\"height\":778,\"caption\":\"The Vincentian Network\"},\"image\":{\"@id\":\"http:\/\/vincentians.com\/es\/#\/schema\/logo\/image\/\"},\"sameAs\":[\"https:\/\/www.facebook.com\/WeAreVincentians\/\",\"https:\/\/x.com\/WeVincentians\"]},{\"@type\":\"Person\",\"@id\":\"http:\/\/vincentians.com\/es\/#\/schema\/person\/9623ef4d9aa3b2dfb8c061f1499288f2\",\"name\":\"Francisco Javier Fern\u00e1ndez Chento\",\"image\":{\"@type\":\"ImageObject\",\"inLanguage\":\"es\",\"@id\":\"http:\/\/vincentians.com\/es\/#\/schema\/person\/image\/\",\"url\":\"https:\/\/secure.gravatar.com\/avatar\/497d5cde87b4c3d097d0315953521681ba2cd523ee66e5077c3711f7021e65de?s=96&d=mm&r=g\",\"contentUrl\":\"https:\/\/secure.gravatar.com\/avatar\/497d5cde87b4c3d097d0315953521681ba2cd523ee66e5077c3711f7021e65de?s=96&d=mm&r=g\",\"caption\":\"Francisco Javier Fern\u00e1ndez Chento\"},\"description\":\"Director General y cofundador de La Red de Formaci\u00f3n Vicenciana. Javier es laico vicenciano, afiliado a la Congregaci\u00f3n de la Misi\u00f3n y miembro del Equipo de Misiones Populares de la provincia can\u00f3nica de Zaragoza (Espa\u00f1a) de la Congregaci\u00f3n de la Misi\u00f3n. Graduado en la Universidad Oberta de Catalunya con cuatro grados (Asistente de direcci\u00f3n, Gesti\u00f3n Administrativa, Recursos Humanos y Contabilidad Avanzada). Bil\u00edng\u00fce Espa\u00f1ol\/Ingl\u00e9s. gestiona y mantiene varias p\u00e1ginas web cristianas y vicencianas, incluida including La Red de Formaci\u00f3n Vicenciana, de la que es cofundador. Actualmente es responsable del \u00e1rea de Espa\u00f1ol de .famvin, la Red de Noticias de la Familia Vicenciana. Tambi\u00e9n es m\u00fasico cat\u00f3lico y ha editado varios discos. Es Director General y cofundador de Trovador, una reconocida compa\u00f1\u00eda discogr\u00e1fica critiana de Espa\u00f1a. Trabaja en las Tecnolog\u00edas de la Informaci\u00f3n, ofreciendo servicios de alojamiento, dise\u00f1o y mantenimiento Web, as\u00ed como asesoramiento, formaci\u00f3n y soluciones inform\u00e1ticas, gesti\u00f3n documental y digitalizaci\u00f3n de textos, edici\u00f3n y maquetaci\u00f3n de libros, revistas, flyers, etc.\",\"sameAs\":[\"http:\/\/chento.org\",\"https:\/\/www.facebook.com\/JavierChento\",\"https:\/\/x.com\/https:\/\/twitter.com\/javierchento\"],\"url\":\"https:\/\/vincentians.com\/es\/author\/chento\/\"}]}<\/script>\n<!-- \/ Yoast SEO plugin. -->","yoast_head_json":{"title":"Virgen de la Medalla Milagrosa - Somos Vicencianos","robots":{"index":"index","follow":"follow","max-snippet":"max-snippet:-1","max-image-preview":"max-image-preview:large","max-video-preview":"max-video-preview:-1"},"canonical":"https:\/\/vincentians.com\/es\/virgen-de-la-medalla-milagrosa\/","og_locale":"es_ES","og_type":"article","og_title":"Virgen de la Medalla Milagrosa - Somos Vicencianos","og_description":"Se aparece a Catalina Labour\u00e9, hermana de la Caridad, en el convento de la calle Du Bac de Par\u00eds, el 18 de julio de 1830. Ella cuenta que a las 11:30 de la noche, se ... Read More","og_url":"https:\/\/vincentians.com\/es\/virgen-de-la-medalla-milagrosa\/","og_site_name":"Somos Vicencianos","article_publisher":"https:\/\/www.facebook.com\/WeAreVincentians\/","article_author":"https:\/\/www.facebook.com\/JavierChento","article_published_time":"2011-11-24T06:20:52+00:00","article_modified_time":"2016-07-26T15:29:19+00:00","author":"Francisco Javier Fern\u00e1ndez Chento","twitter_card":"summary_large_image","twitter_creator":"@https:\/\/twitter.com\/javierchento","twitter_site":"@WeVincentians","twitter_misc":{"Escrito por":"Francisco Javier Fern\u00e1ndez Chento","Tiempo de lectura":"6 minutos"},"schema":{"@context":"https:\/\/schema.org","@graph":[{"@type":"Article","@id":"https:\/\/vincentians.com\/es\/virgen-de-la-medalla-milagrosa\/#article","isPartOf":{"@id":"https:\/\/vincentians.com\/es\/virgen-de-la-medalla-milagrosa\/"},"author":{"name":"Francisco Javier Fern\u00e1ndez Chento","@id":"http:\/\/vincentians.com\/es\/#\/schema\/person\/9623ef4d9aa3b2dfb8c061f1499288f2"},"headline":"Virgen de la Medalla Milagrosa","datePublished":"2011-11-24T06:20:52+00:00","dateModified":"2016-07-26T15:29:19+00:00","mainEntityOfPage":{"@id":"https:\/\/vincentians.com\/es\/virgen-de-la-medalla-milagrosa\/"},"wordCount":1172,"commentCount":0,"publisher":{"@id":"http:\/\/vincentians.com\/es\/#organization"},"image":{"@id":"https:\/\/vincentians.com\/es\/virgen-de-la-medalla-milagrosa\/#primaryimage"},"thumbnailUrl":"","keywords":["Ratisbona","Rue du Bac"],"articleSection":["Virgen Mar\u00eda"],"inLanguage":"es","potentialAction":[{"@type":"CommentAction","name":"Comment","target":["https:\/\/vincentians.com\/es\/virgen-de-la-medalla-milagrosa\/#respond"]}]},{"@type":"WebPage","@id":"https:\/\/vincentians.com\/es\/virgen-de-la-medalla-milagrosa\/","url":"https:\/\/vincentians.com\/es\/virgen-de-la-medalla-milagrosa\/","name":"Virgen de la Medalla Milagrosa - Somos Vicencianos","isPartOf":{"@id":"http:\/\/vincentians.com\/es\/#website"},"primaryImageOfPage":{"@id":"https:\/\/vincentians.com\/es\/virgen-de-la-medalla-milagrosa\/#primaryimage"},"image":{"@id":"https:\/\/vincentians.com\/es\/virgen-de-la-medalla-milagrosa\/#primaryimage"},"thumbnailUrl":"","datePublished":"2011-11-24T06:20:52+00:00","dateModified":"2016-07-26T15:29:19+00:00","breadcrumb":{"@id":"https:\/\/vincentians.com\/es\/virgen-de-la-medalla-milagrosa\/#breadcrumb"},"inLanguage":"es","potentialAction":[{"@type":"ReadAction","target":["https:\/\/vincentians.com\/es\/virgen-de-la-medalla-milagrosa\/"]}]},{"@type":"ImageObject","inLanguage":"es","@id":"https:\/\/vincentians.com\/es\/virgen-de-la-medalla-milagrosa\/#primaryimage","url":"","contentUrl":""},{"@type":"BreadcrumbList","@id":"https:\/\/vincentians.com\/es\/virgen-de-la-medalla-milagrosa\/#breadcrumb","itemListElement":[{"@type":"ListItem","position":1,"name":"Portada","item":"http:\/\/vincentians.com\/es\/"},{"@type":"ListItem","position":2,"name":"Virgen de la Medalla Milagrosa"}]},{"@type":"WebSite","@id":"http:\/\/vincentians.com\/es\/#website","url":"http:\/\/vincentians.com\/es\/","name":"Somos Vicencianos","description":"Know more to serve more","publisher":{"@id":"http:\/\/vincentians.com\/es\/#organization"},"potentialAction":[{"@type":"SearchAction","target":{"@type":"EntryPoint","urlTemplate":"http:\/\/vincentians.com\/es\/?s={search_term_string}"},"query-input":{"@type":"PropertyValueSpecification","valueRequired":true,"valueName":"search_term_string"}}],"inLanguage":"es"},{"@type":"Organization","@id":"http:\/\/vincentians.com\/es\/#organization","name":"The Vincentian Network","url":"http:\/\/vincentians.com\/es\/","logo":{"@type":"ImageObject","inLanguage":"es","@id":"http:\/\/vincentians.com\/es\/#\/schema\/logo\/image\/","url":"https:\/\/i1.wp.com\/vincentians.com\/es\/wp-content\/uploads\/sites\/11\/2016\/06\/Vincentian-Network-logo-big.png?fit=778%2C778","contentUrl":"https:\/\/i1.wp.com\/vincentians.com\/es\/wp-content\/uploads\/sites\/11\/2016\/06\/Vincentian-Network-logo-big.png?fit=778%2C778","width":778,"height":778,"caption":"The Vincentian Network"},"image":{"@id":"http:\/\/vincentians.com\/es\/#\/schema\/logo\/image\/"},"sameAs":["https:\/\/www.facebook.com\/WeAreVincentians\/","https:\/\/x.com\/WeVincentians"]},{"@type":"Person","@id":"http:\/\/vincentians.com\/es\/#\/schema\/person\/9623ef4d9aa3b2dfb8c061f1499288f2","name":"Francisco Javier Fern\u00e1ndez Chento","image":{"@type":"ImageObject","inLanguage":"es","@id":"http:\/\/vincentians.com\/es\/#\/schema\/person\/image\/","url":"https:\/\/secure.gravatar.com\/avatar\/497d5cde87b4c3d097d0315953521681ba2cd523ee66e5077c3711f7021e65de?s=96&d=mm&r=g","contentUrl":"https:\/\/secure.gravatar.com\/avatar\/497d5cde87b4c3d097d0315953521681ba2cd523ee66e5077c3711f7021e65de?s=96&d=mm&r=g","caption":"Francisco Javier Fern\u00e1ndez Chento"},"description":"Director General y cofundador de La Red de Formaci\u00f3n Vicenciana. Javier es laico vicenciano, afiliado a la Congregaci\u00f3n de la Misi\u00f3n y miembro del Equipo de Misiones Populares de la provincia can\u00f3nica de Zaragoza (Espa\u00f1a) de la Congregaci\u00f3n de la Misi\u00f3n. Graduado en la Universidad Oberta de Catalunya con cuatro grados (Asistente de direcci\u00f3n, Gesti\u00f3n Administrativa, Recursos Humanos y Contabilidad Avanzada). Bil\u00edng\u00fce Espa\u00f1ol\/Ingl\u00e9s. gestiona y mantiene varias p\u00e1ginas web cristianas y vicencianas, incluida including La Red de Formaci\u00f3n Vicenciana, de la que es cofundador. Actualmente es responsable del \u00e1rea de Espa\u00f1ol de .famvin, la Red de Noticias de la Familia Vicenciana. Tambi\u00e9n es m\u00fasico cat\u00f3lico y ha editado varios discos. Es Director General y cofundador de Trovador, una reconocida compa\u00f1\u00eda discogr\u00e1fica critiana de Espa\u00f1a. Trabaja en las Tecnolog\u00edas de la Informaci\u00f3n, ofreciendo servicios de alojamiento, dise\u00f1o y mantenimiento Web, as\u00ed como asesoramiento, formaci\u00f3n y soluciones inform\u00e1ticas, gesti\u00f3n documental y digitalizaci\u00f3n de textos, edici\u00f3n y maquetaci\u00f3n de libros, revistas, flyers, etc.","sameAs":["http:\/\/chento.org","https:\/\/www.facebook.com\/JavierChento","https:\/\/x.com\/https:\/\/twitter.com\/javierchento"],"url":"https:\/\/vincentians.com\/es\/author\/chento\/"}]}},"jetpack_publicize_connections":[],"jetpack_featured_media_url":"","jetpack_sharing_enabled":true,"jetpack_shortlink":"https:\/\/wp.me\/p7ETMF-dT7","jetpack-related-posts":[{"id":22876,"url":"https:\/\/vincentians.com\/es\/vida-de-santa-catalina-laboure-13\/","url_meta":{"origin":53389,"position":0},"title":"Vida de santa Catalina Labour\u00e9 1\/3","author":"Francisco Javier Fern\u00e1ndez Chento","date":"28\/11\/2013","format":false,"excerpt":"Video \"El paso de Dios en una vida: Catalina Labour\u00e9, mensajera de la Inmaculada\" (Primera parte) http:\/\/www.youtube.com\/watch?v=9xiCfE0Gm9E Santa Catalina Labour\u00e9 (en franc\u00e9s: Catherine Labour\u00e9; Fain-l\u00e8s-Moutiers, 2 de mayo de 1806 - 31 de diciembre de 1876) fue una Hija de la Caridad, que transmiti\u00f3 el pedido de la Virgen Mar\u00eda\u2026","rel":"","context":"En \u00abCatalina Labour\u00e9\u00bb","block_context":{"text":"Catalina Labour\u00e9","link":"https:\/\/vincentians.com\/es\/category\/la-familia-vicenciana\/la-familia-vicenciana-en-los-altares\/santos\/catalina-laboure\/"},"img":{"alt_text":"","src":"https:\/\/i0.wp.com\/img.youtube.com\/vi\/9xiCfE0Gm9E\/0.jpg?resize=350%2C200","width":350,"height":200},"classes":[]},{"id":22877,"url":"https:\/\/vincentians.com\/es\/vida-de-santa-catalina-laboure-23\/","url_meta":{"origin":53389,"position":1},"title":"Vida de santa Catalina Labour\u00e9 2\/3","author":"Francisco Javier Fern\u00e1ndez Chento","date":"29\/11\/2013","format":false,"excerpt":"Video \"El paso de Dios en una vida: Catalina Labour\u00e9, mensajera de la Inmaculada\" (Segunda parte) http:\/\/www.youtube.com\/watch?v=cJG3t1DcHvU Santa Catalina Labour\u00e9 (en franc\u00e9s: Catherine Labour\u00e9; Fain-l\u00e8s-Moutiers, 2 de mayo de 1806 - 31 de diciembre de 1876) fue una Hija de la Caridad, que transmiti\u00f3 el pedido de la Virgen Mar\u00eda\u2026","rel":"","context":"En \u00abCatalina Labour\u00e9\u00bb","block_context":{"text":"Catalina Labour\u00e9","link":"https:\/\/vincentians.com\/es\/category\/la-familia-vicenciana\/la-familia-vicenciana-en-los-altares\/santos\/catalina-laboure\/"},"img":{"alt_text":"","src":"https:\/\/i0.wp.com\/img.youtube.com\/vi\/cJG3t1DcHvU\/0.jpg?resize=350%2C200","width":350,"height":200},"classes":[]},{"id":22878,"url":"https:\/\/vincentians.com\/es\/vida-de-santa-catalina-laboure-33\/","url_meta":{"origin":53389,"position":2},"title":"Vida de santa Catalina Labour\u00e9 3\/3","author":"Francisco Javier Fern\u00e1ndez Chento","date":"30\/11\/2013","format":false,"excerpt":"Video \"El paso de Dios en una vida: Catalina Labour\u00e9, mensajera de la Inmaculada\" (Tercera y \u00faltima parte) http:\/\/www.youtube.com\/watch?v=v4JSrvjzhm8 Santa Catalina Labour\u00e9 (en franc\u00e9s: Catherine Labour\u00e9; Fain-l\u00e8s-Moutiers, 2 de mayo de 1806 - 31 de diciembre de 1876) fue una Hija de la Caridad, que transmiti\u00f3 el pedido de la\u2026","rel":"","context":"En \u00abCatalina Labour\u00e9\u00bb","block_context":{"text":"Catalina Labour\u00e9","link":"https:\/\/vincentians.com\/es\/category\/la-familia-vicenciana\/la-familia-vicenciana-en-los-altares\/santos\/catalina-laboure\/"},"img":{"alt_text":"","src":"https:\/\/i0.wp.com\/img.youtube.com\/vi\/v4JSrvjzhm8\/0.jpg?resize=350%2C200","width":350,"height":200},"classes":[]},{"id":144780,"url":"https:\/\/vincentians.com\/es\/en-1830-la-virgen-maria-y-catalina-laboure\/","url_meta":{"origin":53389,"position":3},"title":"En 1830: la Virgen Mar\u00eda y Catalina Labour\u00e9","author":"Francisco Javier Fern\u00e1ndez Chento","date":"28\/11\/2020","format":false,"excerpt":"Introducci\u00f3n Hemos visto lo misteriosamente que necesitamos de la presencia de Mar\u00eda, no como una compensaci\u00f3n en nuestra aridez espiritual, sino porque Jes\u00fas nos la ha dado como Madre para hacernos nacer a la vida divina. En esta segunda intervenci\u00f3n, en primer lugar, seguiremos los pasos de santa Catalina para\u2026","rel":"","context":"En \u00abVirgen Mar\u00eda\u00bb","block_context":{"text":"Virgen Mar\u00eda","link":"https:\/\/vincentians.com\/es\/category\/espiritualidad\/virgen-maria\/"},"img":{"alt_text":"","src":"https:\/\/i0.wp.com\/vincentians.com\/es\/wp-content\/uploads\/sites\/11\/2015\/05\/catalina4.jpg?fit=867%2C508&ssl=1&resize=350%2C200","width":350,"height":200,"srcset":"https:\/\/i0.wp.com\/vincentians.com\/es\/wp-content\/uploads\/sites\/11\/2015\/05\/catalina4.jpg?fit=867%2C508&ssl=1&resize=350%2C200 1x, https:\/\/i0.wp.com\/vincentians.com\/es\/wp-content\/uploads\/sites\/11\/2015\/05\/catalina4.jpg?fit=867%2C508&ssl=1&resize=525%2C300 1.5x, https:\/\/i0.wp.com\/vincentians.com\/es\/wp-content\/uploads\/sites\/11\/2015\/05\/catalina4.jpg?fit=867%2C508&ssl=1&resize=700%2C400 2x"},"classes":[]},{"id":125879,"url":"https:\/\/vincentians.com\/es\/la-medalla-de-la-madre-2-el-relato-de-las-apariciones\/","url_meta":{"origin":53389,"position":4},"title":"La medalla de la Madre: 2. El relato de las apariciones","author":"Francisco Javier Fern\u00e1ndez Chento","date":"28\/11\/2013","format":false,"excerpt":"2. El relato de las apariciones Entraremos ahora en la relaci\u00f3n de las principales apariciones con que fue favorecida santa Catalina, sobre todo el texto de la aparici\u00f3n del 27 de noviembre de 1830. Pues desde el tiempo, en que hac\u00eda el seminario. Catalina tuvo numerosas apariciones, algunas de las\u2026","rel":"","context":"En \u00abCatalina Labour\u00e9\u00bb","block_context":{"text":"Catalina Labour\u00e9","link":"https:\/\/vincentians.com\/es\/category\/la-familia-vicenciana\/la-familia-vicenciana-en-los-altares\/santos\/catalina-laboure\/"},"img":{"alt_text":"","src":"https:\/\/i0.wp.com\/vicencianos.org\/wp-content\/2011\/11\/peregrinacion_paris_2-201x300.jpg?resize=350%2C200","width":350,"height":200},"classes":[]},{"id":37523,"url":"https:\/\/vincentians.com\/es\/apariciones-de-la-virgen-maria-a-sor-catalina-laboure\/","url_meta":{"origin":53389,"position":5},"title":"Apariciones de la Virgen Mar\u00eda a sor Catalina Labour\u00e9","author":"Francisco Javier Fern\u00e1ndez Chento","date":"27\/11\/2013","format":false,"excerpt":"Apariciones de la Virgen Mar\u00eda. \"La Virgen de la Medalla Milagrosa\" La Virgen Mar\u00eda se aparece en 1830 a una joven postulante a noviciado en el convento de la Rue de Bac, iniciando una era de apariciones que permiten catalogar a los tiempos desde all\u00ed en adelante como una verdadera\u2026","rel":"","context":"En \u00abCatalina Labour\u00e9\u00bb","block_context":{"text":"Catalina Labour\u00e9","link":"https:\/\/vincentians.com\/es\/category\/la-familia-vicenciana\/la-familia-vicenciana-en-los-altares\/santos\/catalina-laboure\/"},"img":{"alt_text":"","src":"https:\/\/i0.wp.com\/vicencianos.org\/wp-content\/2011\/05\/medalla_milagrosa-269x300.jpg?resize=350%2C200","width":350,"height":200},"classes":[]}],"_links":{"self":[{"href":"https:\/\/vincentians.com\/es\/wp-json\/wp\/v2\/posts\/53389","targetHints":{"allow":["GET"]}}],"collection":[{"href":"https:\/\/vincentians.com\/es\/wp-json\/wp\/v2\/posts"}],"about":[{"href":"https:\/\/vincentians.com\/es\/wp-json\/wp\/v2\/types\/post"}],"author":[{"embeddable":true,"href":"https:\/\/vincentians.com\/es\/wp-json\/wp\/v2\/users\/4"}],"replies":[{"embeddable":true,"href":"https:\/\/vincentians.com\/es\/wp-json\/wp\/v2\/comments?post=53389"}],"version-history":[{"count":0,"href":"https:\/\/vincentians.com\/es\/wp-json\/wp\/v2\/posts\/53389\/revisions"}],"wp:featuredmedia":[{"embeddable":true,"href":"https:\/\/vincentians.com\/es\/wp-json\/"}],"wp:attachment":[{"href":"https:\/\/vincentians.com\/es\/wp-json\/wp\/v2\/media?parent=53389"}],"wp:term":[{"taxonomy":"category","embeddable":true,"href":"https:\/\/vincentians.com\/es\/wp-json\/wp\/v2\/categories?post=53389"},{"taxonomy":"post_tag","embeddable":true,"href":"https:\/\/vincentians.com\/es\/wp-json\/wp\/v2\/tags?post=53389"}],"curies":[{"name":"wp","href":"https:\/\/api.w.org\/{rel}","templated":true}]}}