{"id":53381,"date":"2019-11-27T08:30:52","date_gmt":"2019-11-27T07:30:52","guid":{"rendered":"http:\/\/somos.vicencianos.org\/?p=53381"},"modified":"2019-09-09T10:04:38","modified_gmt":"2019-09-09T08:04:38","slug":"la-medalla-milagrosa","status":"publish","type":"post","link":"https:\/\/vincentians.com\/es\/la-medalla-milagrosa\/","title":{"rendered":"La Medalla Milagrosa"},"content":{"rendered":"<p>Nuestra Madre la Virgen se apareci\u00f3 el 18 de julio de 1830 a Sor Catalina Labour\u00e9, y volvi\u00f3 a aparec\u00e9rsele el 27 de noviembre del mismo a\u00f1o con las manos extendidas, irradiando mucha luz y con una serpiente a sus pies, teniendo a su alrededor escritas las palabras: Oh Mar\u00eda, sin pecado concebida, rogad por nosotros que recurrimos a Vos. Despu\u00e9s, desapareci\u00f3 la Virgen y apareci\u00f3 un \u00f3valo grande con una M, coronada por una cruz y debajo dos corazones: el de Jes\u00fas, rodeado de espinas, y el de Mar\u00eda, atravesado por una espada. Doce estrellas rodeaban el conjunto. La Virgen dijo: Haz acu\u00f1ar una medalla como la de este modelo; todos los que la lleven recibir\u00e1n grandes favores; ser\u00e1n abundantes las gracias para quienes la lleven con confianza.<\/p>\n<p>He aqu\u00ed el origen de esta medalla, a trav\u00e9s de la cual Dios ha hecho tantos milagros, que el pueblo la ha llamado con raz\u00f3n medalla milagrosa. En esta medalla, se proclama ya el dogma de la Inmaculada concepci\u00f3n, que fue definido el a\u00f1o 1854, 24 a\u00f1os m\u00e1s tarde. Las palabras de la medalla dicen: Oh Mar\u00eda, sin pecado concebida, es decir, inmaculada, sin mancha de pecado original. Adem\u00e1s, tiene a la serpiente a sus pies, para indicar que ella, como dice el G\u00e9n 3, 15, aplasta la cabeza de la serpiente infernal, el diablo. Y en ella aparecen unidos, como inseparables, los corazones de Jes\u00fas y de Mar\u00eda. Y todo rodeado de doce estrellas, en el reverso de la medalla, como la mujer rodeada de doce estrellas del Apocalipsis 12.<\/p>\n<p>Es interesante, al respecto, conocer que la bandera oficial del Parlamento europeo tiene doce estrellas sobre un fondo azul. Muchos no conocen su origen. Cuando en 1950 se convoc\u00f3 a un concurso abierto a todos los artistas del viejo continente para escoger la bandera de la futura Europa unida, el joven artista alem\u00e1n Arsene Heitz hizo el boceto escogido, que ahora es la bandera oficial de Europa. La bandera fue elegida oficialmente el 8 de diciembre de 1955, un d\u00eda mariano por excelencia, fiesta de la Inmaculada Concepci\u00f3n. El artista aclar\u00f3 por qu\u00e9 hab\u00eda escogido las doce estrellas con fondo azul como bandera: Inspirado por Dios, tuve la idea de hacer una bandera azul sobre la que se destacaran las doce estrellas de la medalla milagrosa de Rue du Bac de Par\u00eds.<span id='easy-footnote-1-53381' class='easy-footnote-margin-adjust'><\/span><span class='easy-footnote'><a href='https:\/\/vincentians.com\/es\/la-medalla-milagrosa\/#easy-footnote-bottom-1-53381' title='Citado por De Fiores Stefano, &lt;em&gt;Los caminos del esp\u00edritu con Mar\u00eda&lt;\/em&gt;, Ed. San Pablo, Madrid, 1997.'><sup>1<\/sup><\/a><\/span> Arsene Heitz dijo tambi\u00e9n que era muy devoto de Mar\u00eda, que rezaba el rosario todos los d\u00edas y que, cuando se convoc\u00f3 al concurso, \u00e9l estaba leyendo la historia de santa Catalina Laboure y se dio cuenta de que, en la medalla milagrosa, la Virgen mand\u00f3 grabar su imagen, rodeada de doce estrellas como la Virgen del Apocalipsis.<\/p>\n<p>Cuando alguien le hizo notar al responsable de la Comisi\u00f3n de calificaci\u00f3n Paul M.G. Levy, un jud\u00edo, que no eran doce los miembros de la Uni\u00f3n europea en ese momento, \u00e9l dijo que doce era el s\u00edmbolo de plenitud como aparece en la Biblia. Por tanto, fue escogida por un jud\u00edo sin motivos confesionales, pero podemos decir que no fue una casualidad que la bandera de la Uni\u00f3n europea, basada en la medalla milagrosa, sea la bandera de Mar\u00eda, porque ella vela sobre Europa como una madre. Y aunque no todos la reconozcan como Madre, Ella s\u00ed los reconoce a todos como hijos.<\/p>\n<p>Uno de los milagros m\u00e1s espectaculares realizados por medio de la medalla milagrosa es la conversi\u00f3n de Alfonso de Ratisbona. Era un banquero jud\u00edo muy rico, que estaba a punto de casarse. Su amigo Teodoro de Bussiers, convertido del protestantismo, le hab\u00eda dado una medalla milagrosa para que la llevara consigo y le hab\u00eda recomendado que rezara la oraci\u00f3n Acordaos de san Bernardo. \u00c9l acept\u00f3 por unos d\u00edas por complacerle, y el 20 de enero de 1842, entrando en la iglesia de san Andr\u00e9s de Roma, de pronto, se le apareci\u00f3 la Virgen. No le dijo nada, pero \u00e9l lo entendi\u00f3 todo. Dice:<\/p>\n<p title=\"\">Si alguien me hubiera dicho en la ma\u00f1ana de aquel d\u00eda: te has levantado jud\u00edo y te acostar\u00e1s cristiano; si alguien me hubiera dicho eso, lo habr\u00eda mirado como al m\u00e1s loco de los hombres. Si al mediod\u00eda, un tercer interlocutor se hubiese acercado y me hubiera dicho: Alfonso, dentro de un cuarto de hora adorar\u00e1s a Jesucristo, tu Dios y Salvador y estar\u00e1s prosternado en una pobre iglesia; y te golpear\u00e1s el pecho a los pies de un sacerdote, en un convento de jesuitas donde pasar\u00e1s el carnaval, prepar\u00e1ndote para el bautismo, dispuesto a inmolarte por la fe cat\u00f3lica; y renunciar\u00e1s al mundo, a sus pompas, a sus placeres, a tu fortuna, a tus esperanzas, a tu porvenir; y, si es preciso, renunciar\u00e1s a tu novia, al afecto de tu familia, a la estima de tus amigos, al apego de los jud\u00edos. \u00a1Y s\u00f3lo aspirar\u00e1s a servir a Jesucristo y a llevar tu cruz hasta la muerte! Si alg\u00fan profeta me hubiera hecho una predicci\u00f3n semejante, s\u00f3lo habr\u00eda juzgado a un hombre m\u00e1s insensato que \u00e9se: \u00a1al hombre que hubiera cre\u00eddo en la posibilidad de tama\u00f1a locura! Y, sin embargo, \u00e9sta es hoy la locura, causa de mi sabidur\u00eda y de mi dicha.<span id='easy-footnote-2-53381' class='easy-footnote-margin-adjust'><\/span><span class='easy-footnote'><a href='https:\/\/vincentians.com\/es\/la-medalla-milagrosa\/#easy-footnote-bottom-2-53381' title='Andr\u00e9 Frossard, &lt;em&gt;\u00bfHay otro mundo?&lt;\/em&gt;, Ed. Rialp, Madrid, 1981, pp. 32-36.'><sup>2<\/sup><\/a><\/span>\n<p>Y Alfonso de Ratisbona lo dej\u00f3 todo y se hizo sacerdote y lleg\u00f3 a ser un santo: san Alfonso de Ratisbona. Hoy, en la iglesia de san Andr\u00e9s de Roma puede leerse: El 20 de enero de 1842, Alfonso de Ratisbona de Estrasburgo, vino aqu\u00ed jud\u00edo empedernido. La Virgen se le apareci\u00f3 como la ves. Cay\u00f3 jud\u00edo y se levant\u00f3 cristiano. Extranjero, lleva contigo este precioso recuerdo de la misericordia de Dios y de la Sant\u00edsima Virgen.<\/p>\n<p>Veamos un caso reciente. El se\u00f1or Patrick Neger, su esposa Elisabeth y sus dos hijos, Pathy de tres a\u00f1os y Ludovic de veintitr\u00e9s meses, visitaron el santuario de la Virgen de la medalla milagrosa en la calle Du Bac de Par\u00eds, donde compraron unas medallas milagrosas, que se pusieron al cuello. All\u00ed mismo encomendaron a Dios y a Mar\u00eda su viaje a Espa\u00f1a, que realizar\u00edan al d\u00eda siguiente, 26 de noviembre de 1983, en la aerol\u00ednea colombiana Avianca.<\/p>\n<p>A la ma\u00f1ana siguiente, se levantaron felices para emprender el viaje y se dirigieron al aeropuerto Charles de Gaulle de Paris. Tomaron el avi\u00f3n de Avianca con destino a Madrid; pero, cuando el avi\u00f3n se encontraba muy cerca del aeropuerto de Barajas, en Madrid, perdi\u00f3 altura y cay\u00f3 incendi\u00e1ndose. Murieron 183 pasajeros; solamente hubo 8 sobrevivientes. Entre ellos, toda la familia Neger. Patrick sali\u00f3 por los aires al caer el avi\u00f3n a tierra y se desmay\u00f3. Dice: Cuando volv\u00ed en m\u00ed, me encontr\u00e9 en medio del campo rodeado de trozos del avi\u00f3n. Parec\u00eda una pesadilla, pero no lo era. En esto, pude ver la silueta de una mujer con dos ni\u00f1os. Era mi esposa con mis dos hijos. Todos est\u00e1bamos vivos. Ciertamente, la Virgen Mar\u00eda no defraud\u00f3 nuestra confianza en ella y nuestra familia siempre considerar\u00e1 el estar vivos como un milagro de Mar\u00eda.<\/p>\n<p>Veamos otros casos en que el amor a Mar\u00eda, manifestado a trav\u00e9s de una simple medalla, puede hacer aut\u00e9nticos milagros.<\/p>\n<p>Cuenta el padre Trilles, misionero de la Congregaci\u00f3n del Esp\u00edritu Santo en Gab\u00f3n, que un d\u00eda de 1907, acompa\u00f1ado de unos catequistas, se dirigi\u00f3 a Abal; pero, no conociendo el camino, llegaron a Ufanga, en direcci\u00f3n opuesta a Abal. Como ya era tarde, pidieron alojamiento en casa de una anciana pagana, llamada Ethu. Ella les sirvi\u00f3 pl\u00e1tanos cocidos y ellos, despu\u00e9s de la frugal cena, se pusieron a rezar el rosario, mientras Ethu escuchaba acurrucada junto al fuego. Terminado el rosario, la anciana pregunt\u00f3 al sacerdote:<\/p>\n<p>&#8211; \u00bfT\u00fa has rezado el avemar\u00eda, verdad?<\/p>\n<p>&#8211; S\u00ed, abuela.<\/p>\n<p>Entonces, ella rompi\u00f3 a llorar y a decir:<\/p>\n<p>&#8211; \u00a1Ah, hijo m\u00edo, pobre hijo m\u00edo!<\/p>\n<p>Y les cont\u00f3 que hac\u00eda veinte a\u00f1os hab\u00eda regresado su hijo muy enfermo de un pa\u00eds lejano. Antes de morir, le dijo:<\/p>\n<p>&#8211; Mam\u00e1, yo me voy al cielo; pero quiero que un d\u00eda vengas t\u00fa tambi\u00e9n conmigo. Yo no puedo ense\u00f1arte lo que debes hacer y lo que he aprendido de los blancos. Toma esta medalla que llevo al cuello, y di todos los d\u00edas: Ave Mar\u00eda.<\/p>\n<p>Mostr\u00f3 la medalla de la Virgen, a quien todos los d\u00edas, como le hab\u00eda dicho su hijo, le dec\u00eda: Ave Mar\u00eda.<\/p>\n<p>Entonces, el padre Trilles le explic\u00f3 qui\u00e9n era Mar\u00eda y las principales verdades de nuestra fe cat\u00f3lica. A la ma\u00f1ana siguiente, ella asisti\u00f3 a misa y rez\u00f3 con ellos el rosario. Y, despu\u00e9s de unos d\u00edas de preparaci\u00f3n, se bautiz\u00f3 con el nombre de Mar\u00eda. Ese mismo d\u00eda, ella se fue a la tumba de su hijo a rezar el avemar\u00eda repetidas veces. A la ma\u00f1ana siguiente, muri\u00f3, apretando entre los dedos la medalla de la Virgen y repitiendo el avemar\u00eda.<\/p>\n<p>Dios hab\u00eda permitido que se equivocaran de camino para poder ir a evangelizar y bautizar a aquella anciana, que pudo as\u00ed morir como cristiana.<span id='easy-footnote-3-53381' class='easy-footnote-margin-adjust'><\/span><span class='easy-footnote'><a href='https:\/\/vincentians.com\/es\/la-medalla-milagrosa\/#easy-footnote-bottom-3-53381' title='Padre Trilles en Anales de la Propagaci\u00f3n de la fe, enero de 1908.'><sup>3<\/sup><\/a><\/span>\n<p>En 1866, el volc\u00e1n Etna de Italia estall\u00f3 y lanz\u00f3 r\u00edos de lava ardiente. El pueblo de Nicolosi estaba en grave peligro. Enviaron un mensaje a san Juan Bosco, pidiendo consejo, y \u00e9l les dijo: Colocad medallas de Mar\u00eda Auxiliadora alrededor del pueblo y rezad. Yo tambi\u00e9n rezo por vosotros.<\/p>\n<p>La lava se qued\u00f3 a las afueras del pueblo. Faltaban 300 metros para que arrasara el pueblo y se detuvo. Hoy se puede ver todav\u00eda la masa acumulada y seca que ha quedado all\u00ed para el recuerdo de las generaciones venideras. Este hecho fue publicado por el peri\u00f3dico anticlerical de la \u00e9poca llamado Gazzetta di Catania.<\/p>\n","protected":false},"excerpt":{"rendered":"<p>Nuestra Madre la Virgen se apareci\u00f3 el 18 de julio de 1830 a Sor Catalina Labour\u00e9, y volvi\u00f3 a aparec\u00e9rsele el 27 de noviembre del mismo a\u00f1o con las manos extendidas, irradiando mucha luz y &#8230; <a href=\"https:\/\/vincentians.com\/es\/la-medalla-milagrosa\/\" class=\"more-link\">Read More<\/a><\/p>\n","protected":false},"author":4,"featured_media":402655,"comment_status":"open","ping_status":"open","sticky":false,"template":"","format":"standard","meta":{"jetpack_post_was_ever_published":false,"_jetpack_newsletter_access":"","_jetpack_dont_email_post_to_subs":false,"_jetpack_newsletter_tier_id":0,"_jetpack_memberships_contains_paywalled_content":false,"_jetpack_memberships_contains_paid_content":false,"footnotes":"","jetpack_publicize_message":"","jetpack_publicize_feature_enabled":true,"jetpack_social_post_already_shared":true,"jetpack_social_options":{"image_generator_settings":{"template":"highway","default_image_id":0,"font":"","enabled":false},"version":2}},"categories":[8],"tags":[182,190],"class_list":["post-53381","post","type-post","status-publish","format-standard","has-post-thumbnail","hentry","category-virgen-maria","tag-ratisbona","tag-rue-du-bac"],"yoast_head":"<!-- This site is optimized with the Yoast SEO plugin v26.3 - https:\/\/yoast.com\/wordpress\/plugins\/seo\/ -->\n<title>La Medalla Milagrosa - Somos Vicencianos<\/title>\n<meta name=\"robots\" content=\"index, follow, max-snippet:-1, max-image-preview:large, max-video-preview:-1\" \/>\n<link rel=\"canonical\" href=\"https:\/\/vincentians.com\/es\/la-medalla-milagrosa\/\" \/>\n<meta property=\"og:locale\" content=\"es_ES\" \/>\n<meta property=\"og:type\" content=\"article\" \/>\n<meta property=\"og:title\" content=\"La Medalla Milagrosa - Somos Vicencianos\" \/>\n<meta property=\"og:description\" content=\"Nuestra Madre la Virgen se apareci\u00f3 el 18 de julio de 1830 a Sor Catalina Labour\u00e9, y volvi\u00f3 a aparec\u00e9rsele el 27 de noviembre del mismo a\u00f1o con las manos extendidas, irradiando mucha luz y ... Read More\" \/>\n<meta property=\"og:url\" content=\"https:\/\/vincentians.com\/es\/la-medalla-milagrosa\/\" \/>\n<meta property=\"og:site_name\" content=\"Somos Vicencianos\" \/>\n<meta property=\"article:publisher\" content=\"https:\/\/www.facebook.com\/WeAreVincentians\/\" \/>\n<meta property=\"article:author\" content=\"https:\/\/www.facebook.com\/JavierChento\" \/>\n<meta property=\"article:published_time\" content=\"2019-11-27T07:30:52+00:00\" \/>\n<meta property=\"og:image\" content=\"https:\/\/i0.wp.com\/vincentians.com\/es\/wp-content\/uploads\/sites\/11\/2016\/11\/La-Milagrosa5.jpg?fit=1200%2C630&ssl=1\" \/>\n\t<meta property=\"og:image:width\" content=\"1200\" \/>\n\t<meta property=\"og:image:height\" content=\"630\" \/>\n\t<meta property=\"og:image:type\" content=\"image\/jpeg\" \/>\n<meta name=\"author\" content=\"Francisco Javier Fern\u00e1ndez Chento\" \/>\n<meta name=\"twitter:card\" content=\"summary_large_image\" \/>\n<meta name=\"twitter:creator\" content=\"@https:\/\/twitter.com\/javierchento\" \/>\n<meta name=\"twitter:site\" content=\"@WeVincentians\" \/>\n<meta name=\"twitter:label1\" content=\"Escrito por\" \/>\n\t<meta name=\"twitter:data1\" content=\"Francisco Javier Fern\u00e1ndez Chento\" \/>\n\t<meta name=\"twitter:label2\" content=\"Tiempo de lectura\" \/>\n\t<meta name=\"twitter:data2\" content=\"9 minutos\" \/>\n<script type=\"application\/ld+json\" class=\"yoast-schema-graph\">{\"@context\":\"https:\/\/schema.org\",\"@graph\":[{\"@type\":\"Article\",\"@id\":\"https:\/\/vincentians.com\/es\/la-medalla-milagrosa\/#article\",\"isPartOf\":{\"@id\":\"https:\/\/vincentians.com\/es\/la-medalla-milagrosa\/\"},\"author\":{\"name\":\"Francisco Javier Fern\u00e1ndez Chento\",\"@id\":\"http:\/\/vincentians.com\/es\/#\/schema\/person\/9623ef4d9aa3b2dfb8c061f1499288f2\"},\"headline\":\"La Medalla Milagrosa\",\"datePublished\":\"2019-11-27T07:30:52+00:00\",\"mainEntityOfPage\":{\"@id\":\"https:\/\/vincentians.com\/es\/la-medalla-milagrosa\/\"},\"wordCount\":1758,\"commentCount\":0,\"publisher\":{\"@id\":\"http:\/\/vincentians.com\/es\/#organization\"},\"image\":{\"@id\":\"https:\/\/vincentians.com\/es\/la-medalla-milagrosa\/#primaryimage\"},\"thumbnailUrl\":\"https:\/\/i0.wp.com\/vincentians.com\/es\/wp-content\/uploads\/sites\/11\/2016\/11\/La-Milagrosa5.jpg?fit=1200%2C630&ssl=1\",\"keywords\":[\"Ratisbona\",\"Rue du Bac\"],\"articleSection\":[\"Virgen Mar\u00eda\"],\"inLanguage\":\"es\",\"potentialAction\":[{\"@type\":\"CommentAction\",\"name\":\"Comment\",\"target\":[\"https:\/\/vincentians.com\/es\/la-medalla-milagrosa\/#respond\"]}]},{\"@type\":\"WebPage\",\"@id\":\"https:\/\/vincentians.com\/es\/la-medalla-milagrosa\/\",\"url\":\"https:\/\/vincentians.com\/es\/la-medalla-milagrosa\/\",\"name\":\"La Medalla Milagrosa - Somos Vicencianos\",\"isPartOf\":{\"@id\":\"http:\/\/vincentians.com\/es\/#website\"},\"primaryImageOfPage\":{\"@id\":\"https:\/\/vincentians.com\/es\/la-medalla-milagrosa\/#primaryimage\"},\"image\":{\"@id\":\"https:\/\/vincentians.com\/es\/la-medalla-milagrosa\/#primaryimage\"},\"thumbnailUrl\":\"https:\/\/i0.wp.com\/vincentians.com\/es\/wp-content\/uploads\/sites\/11\/2016\/11\/La-Milagrosa5.jpg?fit=1200%2C630&ssl=1\",\"datePublished\":\"2019-11-27T07:30:52+00:00\",\"breadcrumb\":{\"@id\":\"https:\/\/vincentians.com\/es\/la-medalla-milagrosa\/#breadcrumb\"},\"inLanguage\":\"es\",\"potentialAction\":[{\"@type\":\"ReadAction\",\"target\":[\"https:\/\/vincentians.com\/es\/la-medalla-milagrosa\/\"]}]},{\"@type\":\"ImageObject\",\"inLanguage\":\"es\",\"@id\":\"https:\/\/vincentians.com\/es\/la-medalla-milagrosa\/#primaryimage\",\"url\":\"https:\/\/i0.wp.com\/vincentians.com\/es\/wp-content\/uploads\/sites\/11\/2016\/11\/La-Milagrosa5.jpg?fit=1200%2C630&ssl=1\",\"contentUrl\":\"https:\/\/i0.wp.com\/vincentians.com\/es\/wp-content\/uploads\/sites\/11\/2016\/11\/La-Milagrosa5.jpg?fit=1200%2C630&ssl=1\",\"width\":1200,\"height\":630},{\"@type\":\"BreadcrumbList\",\"@id\":\"https:\/\/vincentians.com\/es\/la-medalla-milagrosa\/#breadcrumb\",\"itemListElement\":[{\"@type\":\"ListItem\",\"position\":1,\"name\":\"Portada\",\"item\":\"http:\/\/vincentians.com\/es\/\"},{\"@type\":\"ListItem\",\"position\":2,\"name\":\"La Medalla Milagrosa\"}]},{\"@type\":\"WebSite\",\"@id\":\"http:\/\/vincentians.com\/es\/#website\",\"url\":\"http:\/\/vincentians.com\/es\/\",\"name\":\"Somos Vicencianos\",\"description\":\"Know more to serve more\",\"publisher\":{\"@id\":\"http:\/\/vincentians.com\/es\/#organization\"},\"potentialAction\":[{\"@type\":\"SearchAction\",\"target\":{\"@type\":\"EntryPoint\",\"urlTemplate\":\"http:\/\/vincentians.com\/es\/?s={search_term_string}\"},\"query-input\":{\"@type\":\"PropertyValueSpecification\",\"valueRequired\":true,\"valueName\":\"search_term_string\"}}],\"inLanguage\":\"es\"},{\"@type\":\"Organization\",\"@id\":\"http:\/\/vincentians.com\/es\/#organization\",\"name\":\"The Vincentian Network\",\"url\":\"http:\/\/vincentians.com\/es\/\",\"logo\":{\"@type\":\"ImageObject\",\"inLanguage\":\"es\",\"@id\":\"http:\/\/vincentians.com\/es\/#\/schema\/logo\/image\/\",\"url\":\"https:\/\/i1.wp.com\/vincentians.com\/es\/wp-content\/uploads\/sites\/11\/2016\/06\/Vincentian-Network-logo-big.png?fit=778%2C778\",\"contentUrl\":\"https:\/\/i1.wp.com\/vincentians.com\/es\/wp-content\/uploads\/sites\/11\/2016\/06\/Vincentian-Network-logo-big.png?fit=778%2C778\",\"width\":778,\"height\":778,\"caption\":\"The Vincentian Network\"},\"image\":{\"@id\":\"http:\/\/vincentians.com\/es\/#\/schema\/logo\/image\/\"},\"sameAs\":[\"https:\/\/www.facebook.com\/WeAreVincentians\/\",\"https:\/\/x.com\/WeVincentians\"]},{\"@type\":\"Person\",\"@id\":\"http:\/\/vincentians.com\/es\/#\/schema\/person\/9623ef4d9aa3b2dfb8c061f1499288f2\",\"name\":\"Francisco Javier Fern\u00e1ndez Chento\",\"image\":{\"@type\":\"ImageObject\",\"inLanguage\":\"es\",\"@id\":\"http:\/\/vincentians.com\/es\/#\/schema\/person\/image\/\",\"url\":\"https:\/\/secure.gravatar.com\/avatar\/497d5cde87b4c3d097d0315953521681ba2cd523ee66e5077c3711f7021e65de?s=96&d=mm&r=g\",\"contentUrl\":\"https:\/\/secure.gravatar.com\/avatar\/497d5cde87b4c3d097d0315953521681ba2cd523ee66e5077c3711f7021e65de?s=96&d=mm&r=g\",\"caption\":\"Francisco Javier Fern\u00e1ndez Chento\"},\"description\":\"Director General y cofundador de La Red de Formaci\u00f3n Vicenciana. Javier es laico vicenciano, afiliado a la Congregaci\u00f3n de la Misi\u00f3n y miembro del Equipo de Misiones Populares de la provincia can\u00f3nica de Zaragoza (Espa\u00f1a) de la Congregaci\u00f3n de la Misi\u00f3n. Graduado en la Universidad Oberta de Catalunya con cuatro grados (Asistente de direcci\u00f3n, Gesti\u00f3n Administrativa, Recursos Humanos y Contabilidad Avanzada). Bil\u00edng\u00fce Espa\u00f1ol\/Ingl\u00e9s. gestiona y mantiene varias p\u00e1ginas web cristianas y vicencianas, incluida including La Red de Formaci\u00f3n Vicenciana, de la que es cofundador. Actualmente es responsable del \u00e1rea de Espa\u00f1ol de .famvin, la Red de Noticias de la Familia Vicenciana. Tambi\u00e9n es m\u00fasico cat\u00f3lico y ha editado varios discos. Es Director General y cofundador de Trovador, una reconocida compa\u00f1\u00eda discogr\u00e1fica critiana de Espa\u00f1a. Trabaja en las Tecnolog\u00edas de la Informaci\u00f3n, ofreciendo servicios de alojamiento, dise\u00f1o y mantenimiento Web, as\u00ed como asesoramiento, formaci\u00f3n y soluciones inform\u00e1ticas, gesti\u00f3n documental y digitalizaci\u00f3n de textos, edici\u00f3n y maquetaci\u00f3n de libros, revistas, flyers, etc.\",\"sameAs\":[\"http:\/\/chento.org\",\"https:\/\/www.facebook.com\/JavierChento\",\"https:\/\/x.com\/https:\/\/twitter.com\/javierchento\"],\"url\":\"https:\/\/vincentians.com\/es\/author\/chento\/\"}]}<\/script>\n<!-- \/ Yoast SEO plugin. -->","yoast_head_json":{"title":"La Medalla Milagrosa - Somos Vicencianos","robots":{"index":"index","follow":"follow","max-snippet":"max-snippet:-1","max-image-preview":"max-image-preview:large","max-video-preview":"max-video-preview:-1"},"canonical":"https:\/\/vincentians.com\/es\/la-medalla-milagrosa\/","og_locale":"es_ES","og_type":"article","og_title":"La Medalla Milagrosa - Somos Vicencianos","og_description":"Nuestra Madre la Virgen se apareci\u00f3 el 18 de julio de 1830 a Sor Catalina Labour\u00e9, y volvi\u00f3 a aparec\u00e9rsele el 27 de noviembre del mismo a\u00f1o con las manos extendidas, irradiando mucha luz y ... Read More","og_url":"https:\/\/vincentians.com\/es\/la-medalla-milagrosa\/","og_site_name":"Somos Vicencianos","article_publisher":"https:\/\/www.facebook.com\/WeAreVincentians\/","article_author":"https:\/\/www.facebook.com\/JavierChento","article_published_time":"2019-11-27T07:30:52+00:00","og_image":[{"width":1200,"height":630,"url":"https:\/\/i0.wp.com\/vincentians.com\/es\/wp-content\/uploads\/sites\/11\/2016\/11\/La-Milagrosa5.jpg?fit=1200%2C630&ssl=1","type":"image\/jpeg"}],"author":"Francisco Javier Fern\u00e1ndez Chento","twitter_card":"summary_large_image","twitter_creator":"@https:\/\/twitter.com\/javierchento","twitter_site":"@WeVincentians","twitter_misc":{"Escrito por":"Francisco Javier Fern\u00e1ndez Chento","Tiempo de lectura":"9 minutos"},"schema":{"@context":"https:\/\/schema.org","@graph":[{"@type":"Article","@id":"https:\/\/vincentians.com\/es\/la-medalla-milagrosa\/#article","isPartOf":{"@id":"https:\/\/vincentians.com\/es\/la-medalla-milagrosa\/"},"author":{"name":"Francisco Javier Fern\u00e1ndez Chento","@id":"http:\/\/vincentians.com\/es\/#\/schema\/person\/9623ef4d9aa3b2dfb8c061f1499288f2"},"headline":"La Medalla Milagrosa","datePublished":"2019-11-27T07:30:52+00:00","mainEntityOfPage":{"@id":"https:\/\/vincentians.com\/es\/la-medalla-milagrosa\/"},"wordCount":1758,"commentCount":0,"publisher":{"@id":"http:\/\/vincentians.com\/es\/#organization"},"image":{"@id":"https:\/\/vincentians.com\/es\/la-medalla-milagrosa\/#primaryimage"},"thumbnailUrl":"https:\/\/i0.wp.com\/vincentians.com\/es\/wp-content\/uploads\/sites\/11\/2016\/11\/La-Milagrosa5.jpg?fit=1200%2C630&ssl=1","keywords":["Ratisbona","Rue du Bac"],"articleSection":["Virgen Mar\u00eda"],"inLanguage":"es","potentialAction":[{"@type":"CommentAction","name":"Comment","target":["https:\/\/vincentians.com\/es\/la-medalla-milagrosa\/#respond"]}]},{"@type":"WebPage","@id":"https:\/\/vincentians.com\/es\/la-medalla-milagrosa\/","url":"https:\/\/vincentians.com\/es\/la-medalla-milagrosa\/","name":"La Medalla Milagrosa - Somos Vicencianos","isPartOf":{"@id":"http:\/\/vincentians.com\/es\/#website"},"primaryImageOfPage":{"@id":"https:\/\/vincentians.com\/es\/la-medalla-milagrosa\/#primaryimage"},"image":{"@id":"https:\/\/vincentians.com\/es\/la-medalla-milagrosa\/#primaryimage"},"thumbnailUrl":"https:\/\/i0.wp.com\/vincentians.com\/es\/wp-content\/uploads\/sites\/11\/2016\/11\/La-Milagrosa5.jpg?fit=1200%2C630&ssl=1","datePublished":"2019-11-27T07:30:52+00:00","breadcrumb":{"@id":"https:\/\/vincentians.com\/es\/la-medalla-milagrosa\/#breadcrumb"},"inLanguage":"es","potentialAction":[{"@type":"ReadAction","target":["https:\/\/vincentians.com\/es\/la-medalla-milagrosa\/"]}]},{"@type":"ImageObject","inLanguage":"es","@id":"https:\/\/vincentians.com\/es\/la-medalla-milagrosa\/#primaryimage","url":"https:\/\/i0.wp.com\/vincentians.com\/es\/wp-content\/uploads\/sites\/11\/2016\/11\/La-Milagrosa5.jpg?fit=1200%2C630&ssl=1","contentUrl":"https:\/\/i0.wp.com\/vincentians.com\/es\/wp-content\/uploads\/sites\/11\/2016\/11\/La-Milagrosa5.jpg?fit=1200%2C630&ssl=1","width":1200,"height":630},{"@type":"BreadcrumbList","@id":"https:\/\/vincentians.com\/es\/la-medalla-milagrosa\/#breadcrumb","itemListElement":[{"@type":"ListItem","position":1,"name":"Portada","item":"http:\/\/vincentians.com\/es\/"},{"@type":"ListItem","position":2,"name":"La Medalla Milagrosa"}]},{"@type":"WebSite","@id":"http:\/\/vincentians.com\/es\/#website","url":"http:\/\/vincentians.com\/es\/","name":"Somos Vicencianos","description":"Know more to serve more","publisher":{"@id":"http:\/\/vincentians.com\/es\/#organization"},"potentialAction":[{"@type":"SearchAction","target":{"@type":"EntryPoint","urlTemplate":"http:\/\/vincentians.com\/es\/?s={search_term_string}"},"query-input":{"@type":"PropertyValueSpecification","valueRequired":true,"valueName":"search_term_string"}}],"inLanguage":"es"},{"@type":"Organization","@id":"http:\/\/vincentians.com\/es\/#organization","name":"The Vincentian Network","url":"http:\/\/vincentians.com\/es\/","logo":{"@type":"ImageObject","inLanguage":"es","@id":"http:\/\/vincentians.com\/es\/#\/schema\/logo\/image\/","url":"https:\/\/i1.wp.com\/vincentians.com\/es\/wp-content\/uploads\/sites\/11\/2016\/06\/Vincentian-Network-logo-big.png?fit=778%2C778","contentUrl":"https:\/\/i1.wp.com\/vincentians.com\/es\/wp-content\/uploads\/sites\/11\/2016\/06\/Vincentian-Network-logo-big.png?fit=778%2C778","width":778,"height":778,"caption":"The Vincentian Network"},"image":{"@id":"http:\/\/vincentians.com\/es\/#\/schema\/logo\/image\/"},"sameAs":["https:\/\/www.facebook.com\/WeAreVincentians\/","https:\/\/x.com\/WeVincentians"]},{"@type":"Person","@id":"http:\/\/vincentians.com\/es\/#\/schema\/person\/9623ef4d9aa3b2dfb8c061f1499288f2","name":"Francisco Javier Fern\u00e1ndez Chento","image":{"@type":"ImageObject","inLanguage":"es","@id":"http:\/\/vincentians.com\/es\/#\/schema\/person\/image\/","url":"https:\/\/secure.gravatar.com\/avatar\/497d5cde87b4c3d097d0315953521681ba2cd523ee66e5077c3711f7021e65de?s=96&d=mm&r=g","contentUrl":"https:\/\/secure.gravatar.com\/avatar\/497d5cde87b4c3d097d0315953521681ba2cd523ee66e5077c3711f7021e65de?s=96&d=mm&r=g","caption":"Francisco Javier Fern\u00e1ndez Chento"},"description":"Director General y cofundador de La Red de Formaci\u00f3n Vicenciana. Javier es laico vicenciano, afiliado a la Congregaci\u00f3n de la Misi\u00f3n y miembro del Equipo de Misiones Populares de la provincia can\u00f3nica de Zaragoza (Espa\u00f1a) de la Congregaci\u00f3n de la Misi\u00f3n. Graduado en la Universidad Oberta de Catalunya con cuatro grados (Asistente de direcci\u00f3n, Gesti\u00f3n Administrativa, Recursos Humanos y Contabilidad Avanzada). Bil\u00edng\u00fce Espa\u00f1ol\/Ingl\u00e9s. gestiona y mantiene varias p\u00e1ginas web cristianas y vicencianas, incluida including La Red de Formaci\u00f3n Vicenciana, de la que es cofundador. Actualmente es responsable del \u00e1rea de Espa\u00f1ol de .famvin, la Red de Noticias de la Familia Vicenciana. Tambi\u00e9n es m\u00fasico cat\u00f3lico y ha editado varios discos. Es Director General y cofundador de Trovador, una reconocida compa\u00f1\u00eda discogr\u00e1fica critiana de Espa\u00f1a. Trabaja en las Tecnolog\u00edas de la Informaci\u00f3n, ofreciendo servicios de alojamiento, dise\u00f1o y mantenimiento Web, as\u00ed como asesoramiento, formaci\u00f3n y soluciones inform\u00e1ticas, gesti\u00f3n documental y digitalizaci\u00f3n de textos, edici\u00f3n y maquetaci\u00f3n de libros, revistas, flyers, etc.","sameAs":["http:\/\/chento.org","https:\/\/www.facebook.com\/JavierChento","https:\/\/x.com\/https:\/\/twitter.com\/javierchento"],"url":"https:\/\/vincentians.com\/es\/author\/chento\/"}]}},"jetpack_publicize_connections":[],"jetpack_featured_media_url":"https:\/\/i0.wp.com\/vincentians.com\/es\/wp-content\/uploads\/sites\/11\/2016\/11\/La-Milagrosa5.jpg?fit=1200%2C630&ssl=1","jetpack_sharing_enabled":true,"jetpack_shortlink":"https:\/\/wp.me\/p7ETMF-dSZ","jetpack-related-posts":[{"id":117125,"url":"https:\/\/vincentians.com\/es\/cartas-para-la-historia-de-la-milagrosa\/","url_meta":{"origin":53381,"position":0},"title":"Cartas para la historia de la Milagrosa","author":"Francisco Javier Fern\u00e1ndez Chento","date":"17\/08\/2021","format":false,"excerpt":"En mi fichero particular conservo cartas que pueden ser intere\u00adsantes para los lectores de ANALES y que son indudablemente fuentes de luz para los estudiosos. De ellas selecciono las tres que siguen: 1. Carta de Sor Mar\u00eda Margolari, franciscana misionera, supe\u00adriora en el convento de Tagaytay (Filipinas). \"Reverendo Padre: Pensando\u2026","rel":"","context":"En \u00abAsociaci\u00f3n de la Medalla Milagrosa\u00bb","block_context":{"text":"Asociaci\u00f3n de la Medalla Milagrosa","link":"https:\/\/vincentians.com\/es\/category\/la-familia-vicenciana\/ramas\/asociacion-de-la-medalla-milagrosa\/"},"img":{"alt_text":"","src":"https:\/\/i0.wp.com\/vincentians.com\/es\/wp-content\/uploads\/sites\/11\/2018\/12\/Catalina-1.jpg?fit=900%2C500&ssl=1&resize=350%2C200","width":350,"height":200,"srcset":"https:\/\/i0.wp.com\/vincentians.com\/es\/wp-content\/uploads\/sites\/11\/2018\/12\/Catalina-1.jpg?fit=900%2C500&ssl=1&resize=350%2C200 1x, https:\/\/i0.wp.com\/vincentians.com\/es\/wp-content\/uploads\/sites\/11\/2018\/12\/Catalina-1.jpg?fit=900%2C500&ssl=1&resize=525%2C300 1.5x, https:\/\/i0.wp.com\/vincentians.com\/es\/wp-content\/uploads\/sites\/11\/2018\/12\/Catalina-1.jpg?fit=900%2C500&ssl=1&resize=700%2C400 2x"},"classes":[]},{"id":125544,"url":"https:\/\/vincentians.com\/es\/novena-a-la-virgen-milagrosa-2013-dia-noveno\/","url_meta":{"origin":53381,"position":1},"title":"Novena a la Virgen Milagrosa 2013: D\u00eda noveno","author":"Francisco Javier Fern\u00e1ndez Chento","date":"27\/11\/2013","format":false,"excerpt":"Y que esta luz de la fe CREZCA CONTINUAMENTE EN NOSOTROS, hasta que llegue el d\u00eda sin ocaso, que es el mismo Cristo, tu Hijo, nuestro Se\u00f1or. MONICI\u00d3N DE ENTRADA Bienvenidos. Llegamos al d\u00eda de la fiesta. Nuestra fe ha ido clarific\u00e1ndose y creciendo a lo largo de estos d\u00edas.\u2026","rel":"","context":"En \u00abVirgen Mar\u00eda\u00bb","block_context":{"text":"Virgen Mar\u00eda","link":"https:\/\/vincentians.com\/es\/category\/espiritualidad\/virgen-maria\/"},"img":{"alt_text":"Milagrosa_Pamplona_2013","src":"https:\/\/i0.wp.com\/vicencianos.org\/wp-content\/2012\/11\/Milagrosa_Pamplona_2013-201x300.jpg?resize=350%2C200","width":350,"height":200},"classes":[]},{"id":109333,"url":"https:\/\/vincentians.com\/es\/mision-historica-de-la-milagrosa\/","url_meta":{"origin":53381,"position":2},"title":"Misi\u00f3n hist\u00f3rica de La Milagrosa","author":"Francisco Javier Fern\u00e1ndez Chento","date":"27\/11\/2022","format":false,"excerpt":"Amadas Hermanas, se\u00f1ores y amados sacerdotes: El t\u00edtulo de la conferencia quiz\u00e1 pueda parecer a algunos ex\u00adcesivamente ambicioso: LA MISION HISTORICA DE LA MILA\u00adGROSA. En realidad a m\u00ed tambi\u00e9n me lo parece, sobre todo una vez que lo vi estampado en letras de molde; porque mi prop\u00f3sito es muy sencillo.\u2026","rel":"","context":"En \u00abVirgen Mar\u00eda\u00bb","block_context":{"text":"Virgen Mar\u00eda","link":"https:\/\/vincentians.com\/es\/category\/espiritualidad\/virgen-maria\/"},"img":{"alt_text":"","src":"https:\/\/i0.wp.com\/vincentians.com\/es\/wp-content\/uploads\/sites\/11\/2018\/11\/La-milagrosa3.jpg?fit=670%2C430&ssl=1&resize=350%2C200","width":350,"height":200,"srcset":"https:\/\/i0.wp.com\/vincentians.com\/es\/wp-content\/uploads\/sites\/11\/2018\/11\/La-milagrosa3.jpg?fit=670%2C430&ssl=1&resize=350%2C200 1x, https:\/\/i0.wp.com\/vincentians.com\/es\/wp-content\/uploads\/sites\/11\/2018\/11\/La-milagrosa3.jpg?fit=670%2C430&ssl=1&resize=525%2C300 1.5x"},"classes":[]},{"id":125879,"url":"https:\/\/vincentians.com\/es\/la-medalla-de-la-madre-2-el-relato-de-las-apariciones\/","url_meta":{"origin":53381,"position":3},"title":"La medalla de la Madre: 2. El relato de las apariciones","author":"Francisco Javier Fern\u00e1ndez Chento","date":"28\/11\/2013","format":false,"excerpt":"2. El relato de las apariciones Entraremos ahora en la relaci\u00f3n de las principales apariciones con que fue favorecida santa Catalina, sobre todo el texto de la aparici\u00f3n del 27 de noviembre de 1830. Pues desde el tiempo, en que hac\u00eda el seminario. Catalina tuvo numerosas apariciones, algunas de las\u2026","rel":"","context":"En \u00abCatalina Labour\u00e9\u00bb","block_context":{"text":"Catalina Labour\u00e9","link":"https:\/\/vincentians.com\/es\/category\/la-familia-vicenciana\/la-familia-vicenciana-en-los-altares\/santos\/catalina-laboure\/"},"img":{"alt_text":"","src":"https:\/\/i0.wp.com\/vicencianos.org\/wp-content\/2011\/11\/peregrinacion_paris_2-201x300.jpg?resize=350%2C200","width":350,"height":200},"classes":[]},{"id":115978,"url":"https:\/\/vincentians.com\/es\/familia-vicenciana-y-medalla-milagrosa\/","url_meta":{"origin":53381,"position":4},"title":"Familia Vicenciana y Medalla Milagrosa","author":"Francisco Javier Fern\u00e1ndez Chento","date":"27\/11\/2022","format":false,"excerpt":"Lo que ha sido este legado desde 1830 El testimonio de la Historia nos dice que, si bien la Virgen se aparece a Santa Catalina Labour\u00e9, \u00e9sta, cumpliendo los deseos manifestados por la Madre de Dios, permanece oculta, desconocida, en el silencio m\u00e1s incomprensible; un silencio que a veces se\u2026","rel":"","context":"En \u00abVirgen Mar\u00eda\u00bb","block_context":{"text":"Virgen Mar\u00eda","link":"https:\/\/vincentians.com\/es\/category\/espiritualidad\/virgen-maria\/"},"img":{"alt_text":"","src":"https:\/\/i0.wp.com\/vincentians.com\/es\/wp-content\/uploads\/sites\/11\/2016\/08\/hijas-caridad.jpg?fit=1200%2C630&ssl=1&resize=350%2C200","width":350,"height":200,"srcset":"https:\/\/i0.wp.com\/vincentians.com\/es\/wp-content\/uploads\/sites\/11\/2016\/08\/hijas-caridad.jpg?fit=1200%2C630&ssl=1&resize=350%2C200 1x, https:\/\/i0.wp.com\/vincentians.com\/es\/wp-content\/uploads\/sites\/11\/2016\/08\/hijas-caridad.jpg?fit=1200%2C630&ssl=1&resize=525%2C300 1.5x, https:\/\/i0.wp.com\/vincentians.com\/es\/wp-content\/uploads\/sites\/11\/2016\/08\/hijas-caridad.jpg?fit=1200%2C630&ssl=1&resize=700%2C400 2x, https:\/\/i0.wp.com\/vincentians.com\/es\/wp-content\/uploads\/sites\/11\/2016\/08\/hijas-caridad.jpg?fit=1200%2C630&ssl=1&resize=1050%2C600 3x"},"classes":[]},{"id":125932,"url":"https:\/\/vincentians.com\/es\/la-medalla-milagrosa-un-signo-para-nuestro-tiempo\/","url_meta":{"origin":53381,"position":5},"title":"La Medalla Milagrosa, un signo para nuestro tiempo","author":"Francisco Javier Fern\u00e1ndez Chento","date":"27\/11\/2020","format":false,"excerpt":"El hombre y los signos Desde siempre el hombre se ha enfrentado a su propia limitaci\u00f3n de expresi\u00f3n. Siente, en lo m\u00e1s \u00edntimo de su ser, la necesidad imperiosa de relacionarse, de comunicarse con una especie de lenguaje universal que haga comprensible a los dem\u00e1s sus m\u00e1s hondos sentimientos\u2026; y\u2026","rel":"","context":"En \u00abVirgen Mar\u00eda\u00bb","block_context":{"text":"Virgen Mar\u00eda","link":"https:\/\/vincentians.com\/es\/category\/espiritualidad\/virgen-maria\/"},"img":{"alt_text":"","src":"","width":0,"height":0},"classes":[]}],"_links":{"self":[{"href":"https:\/\/vincentians.com\/es\/wp-json\/wp\/v2\/posts\/53381","targetHints":{"allow":["GET"]}}],"collection":[{"href":"https:\/\/vincentians.com\/es\/wp-json\/wp\/v2\/posts"}],"about":[{"href":"https:\/\/vincentians.com\/es\/wp-json\/wp\/v2\/types\/post"}],"author":[{"embeddable":true,"href":"https:\/\/vincentians.com\/es\/wp-json\/wp\/v2\/users\/4"}],"replies":[{"embeddable":true,"href":"https:\/\/vincentians.com\/es\/wp-json\/wp\/v2\/comments?post=53381"}],"version-history":[{"count":3,"href":"https:\/\/vincentians.com\/es\/wp-json\/wp\/v2\/posts\/53381\/revisions"}],"predecessor-version":[{"id":402656,"href":"https:\/\/vincentians.com\/es\/wp-json\/wp\/v2\/posts\/53381\/revisions\/402656"}],"wp:featuredmedia":[{"embeddable":true,"href":"https:\/\/vincentians.com\/es\/wp-json\/wp\/v2\/media\/402655"}],"wp:attachment":[{"href":"https:\/\/vincentians.com\/es\/wp-json\/wp\/v2\/media?parent=53381"}],"wp:term":[{"taxonomy":"category","embeddable":true,"href":"https:\/\/vincentians.com\/es\/wp-json\/wp\/v2\/categories?post=53381"},{"taxonomy":"post_tag","embeddable":true,"href":"https:\/\/vincentians.com\/es\/wp-json\/wp\/v2\/tags?post=53381"}],"curies":[{"name":"wp","href":"https:\/\/api.w.org\/{rel}","templated":true}]}}